{"id":84698,"date":"2026-04-27T14:26:03","date_gmt":"2026-04-27T14:26:03","guid":{"rendered":"https:\/\/www.cofb.org\/?p=84698"},"modified":"2026-04-29T14:27:31","modified_gmt":"2026-04-29T14:27:31","slug":"un-nou-forum-cofbserveis-aborda-la-desconnexio-digital-a-loficina-de-farmacia","status":"publish","type":"post","link":"https:\/\/www.cofb.org\/es\/2026\/04\/27\/un-nou-forum-cofbserveis-aborda-la-desconnexio-digital-a-loficina-de-farmacia\/","title":{"rendered":"Un nuevo Foro COFBServeis aborda la desconexi\u00f3n digital en la oficina de farmacia"},"content":{"rendered":"<p>El pasado 14 de abril, el <strong>Col\u00b7legi de Farmac\u00e8utics de Barcelona (COFB)<\/strong> organiz\u00f3 el <strong>Foro COFBServicios \u201cDesconexi\u00f3n digital en la oficina de farmacia\u201d<\/strong>, con la colaboraci\u00f3n de <a href=\"https:\/\/www.cofbserveis.net\/\" target=\"_blank\" rel=\"noreferrer noopener\">COFBServicios<\/a>. La conferencia fue impartida por las abogadas del equipo de protecci\u00f3n de datos de COFBServeis, <strong>Maria Company<\/strong> y <strong>Laura Cisar<\/strong>. La vicetesorera del Colegio, <strong>Elena Palau<\/strong>, present\u00f3 y coordin\u00f3 la sesi\u00f3n.<\/p>\n\n\n\n<p><strong>El objetivo<\/strong> del Foro COFBServeis fue ofrecer el <strong>conocimiento para implantar correctamente la pol\u00edtica de desconexi\u00f3n digital<\/strong>, garantizando el cumplimiento normativo, explicando el protocolo de desconexi\u00f3n digital y detallando el procedimiento de implementaci\u00f3n.<\/p>\n\n\n\n<figure class=\"wp-block-image size-large\"><a href=\"https:\/\/www.cofb.org\/es\/?attachment_id=84703\" target=\"_blank\" rel=\" noreferrer noopener\"><img fetchpriority=\"high\" decoding=\"async\" width=\"1024\" height=\"576\" src=\"https:\/\/www.cofb.org\/wp-content\/uploads\/2026\/04\/COFB_COFBSERVEIS-DESCONNEXIO-DIGITAL_0-1-1024x576.jpg\" alt=\"\" class=\"wp-image-84703\" srcset=\"https:\/\/www.cofb.org\/wp-content\/uploads\/2026\/04\/COFB_COFBSERVEIS-DESCONNEXIO-DIGITAL_0-1-1024x576.jpg 1024w, https:\/\/www.cofb.org\/wp-content\/uploads\/2026\/04\/COFB_COFBSERVEIS-DESCONNEXIO-DIGITAL_0-1-300x169.jpg 300w, https:\/\/www.cofb.org\/wp-content\/uploads\/2026\/04\/COFB_COFBSERVEIS-DESCONNEXIO-DIGITAL_0-1-768x432.jpg 768w, https:\/\/www.cofb.org\/wp-content\/uploads\/2026\/04\/COFB_COFBSERVEIS-DESCONNEXIO-DIGITAL_0-1-1536x864.jpg 1536w, https:\/\/www.cofb.org\/wp-content\/uploads\/2026\/04\/COFB_COFBSERVEIS-DESCONNEXIO-DIGITAL_0-1-2048x1152.jpg 2048w, https:\/\/www.cofb.org\/wp-content\/uploads\/2026\/04\/COFB_COFBSERVEIS-DESCONNEXIO-DIGITAL_0-1-18x10.jpg 18w\" sizes=\"(max-width: 1024px) 100vw, 1024px\" \/><\/a><figcaption class=\"wp-element-caption\">Elena Palau en un momento de su exposici\u00f3n sobre COFBServeis.<\/figcaption><\/figure>\n\n\n\n<p>Antes de iniciar la conferencia, la vicetesorera del COFB, <strong>Elena Palau<\/strong>, present\u00f3 las \u00faltimas <strong>novedades de la empresa de servicios<\/strong>. En su intervenci\u00f3n, destac\u00f3 <strong>la entrega de luces V16<\/strong> para <strong>asegurados de motor<\/strong>, as\u00ed como la nueva cobertura <strong>de acompa\u00f1amiento contra el empleo ilegal<\/strong> en las <strong>p\u00f3lizas de hogar<\/strong>. Asimismo, record\u00f3 la amplia oferta de COFBServeis en <strong>seguros personales<\/strong>, que incluye seguros de vida, salud, decesos y mascotas.<\/p>\n\n\n\n<p>La abogada, Maria Company, empez\u00f3 la conferencia contando <strong>qu\u00e9 es un dato personal<\/strong>, que es <strong>\u201ctoda informaci\u00f3n sobre una persona f\u00edsica identificada o identificable\u201d<\/strong>, y repas\u00f3 todas las <strong>datos personales que tiene una oficina de farmacia <\/strong>en \u00e1mbitos como: la receta m\u00e9dica privada, el libro recetario oficial, el libro de contabilidad de estupefacientes, los clientes, las f\u00f3rmulas magistrales, el sistema personalizado de dosificaci\u00f3n, los recursos humanos, la ortopedia, la videovigilancia, la promoci\u00f3n de la salud y la receta m\u00e9dica del Sistema Nacional de Salud. Sin embargo, coment\u00f3 cu\u00e1les <strong>figuras intervienen en el tratamiento de los datos<\/strong>, as\u00ed como los <strong>derechos de los interesados<\/strong> al acceso, rectificaci\u00f3n, supresi\u00f3n, oposici\u00f3n, portabilidad, limitaci\u00f3n, a no ser objeto de decisiones individualizadas ya presentar reclamaci\u00f3n ante autoridad de control.<\/p>\n\n\n\n<figure class=\"wp-block-image size-large\"><a href=\"https:\/\/www.cofb.org\/wp-content\/uploads\/2026\/04\/COFB_COFBSERVEIS-DESCONNEXIO-DIGITAL_3.jpeg\" target=\"_blank\" rel=\" noreferrer noopener\"><img decoding=\"async\" width=\"1024\" height=\"576\" src=\"https:\/\/www.cofb.org\/wp-content\/uploads\/2026\/04\/COFB_COFBSERVEIS-DESCONNEXIO-DIGITAL_3-1024x576.jpeg\" alt=\"\" class=\"wp-image-84706\" srcset=\"https:\/\/www.cofb.org\/wp-content\/uploads\/2026\/04\/COFB_COFBSERVEIS-DESCONNEXIO-DIGITAL_3-1024x576.jpeg 1024w, https:\/\/www.cofb.org\/wp-content\/uploads\/2026\/04\/COFB_COFBSERVEIS-DESCONNEXIO-DIGITAL_3-300x169.jpeg 300w, https:\/\/www.cofb.org\/wp-content\/uploads\/2026\/04\/COFB_COFBSERVEIS-DESCONNEXIO-DIGITAL_3-768x432.jpeg 768w, https:\/\/www.cofb.org\/wp-content\/uploads\/2026\/04\/COFB_COFBSERVEIS-DESCONNEXIO-DIGITAL_3-1536x864.jpeg 1536w, https:\/\/www.cofb.org\/wp-content\/uploads\/2026\/04\/COFB_COFBSERVEIS-DESCONNEXIO-DIGITAL_3-18x10.jpeg 18w, https:\/\/www.cofb.org\/wp-content\/uploads\/2026\/04\/COFB_COFBSERVEIS-DESCONNEXIO-DIGITAL_3.jpeg 2000w\" sizes=\"(max-width: 1024px) 100vw, 1024px\" \/><\/a><figcaption class=\"wp-element-caption\">Maria Company durante su presentaci\u00f3n. <\/figcaption><\/figure>\n\n\n\n<p>Company explic\u00f3 que el responsable del tratamiento <strong>\u201ctiene la obligaci\u00f3n legal de informar a las personas sobre c\u00f3mo y por qu\u00e9 se recogen y utilizan sus datos personales\u201d<\/strong>. Durante su presentaci\u00f3n, tambi\u00e9n expuso las <strong>diferentes medidas de seguridad<\/strong>, el <strong>protocolo de actuaci\u00f3n<\/strong> y las <strong>obligaciones del titular y los empleados<\/strong>.<\/p>\n\n\n\n<h2 class=\"wp-block-heading\"><strong>El derecho a la desconexi\u00f3n digital<\/strong><\/h2>\n\n\n\n<p><strong>&quot;La desconexi\u00f3n digital tiene como finalidad garantizar el derecho de todas las personas trabajadoras a la aplicaci\u00f3n de los derechos digitales relativos al entorno laboral&quot;<\/strong>, apunt\u00f3 Laura Cisar al inicio de su exposici\u00f3n. Por su parte, la abogada remarc\u00f3 la importancia de proteger el tiempo de descanso, permisos y vacaciones, evitar la disponibilidad permanente y promover un uso saludable y razonable de las tecnolog\u00edas digitales de los trabajadores.<\/p>\n\n\n\n<figure class=\"wp-block-image size-large\"><a href=\"https:\/\/www.cofb.org\/wp-content\/uploads\/2026\/04\/COFB_COFBSERVEIS-DESCONNEXIO-DIGITAL_4-scaled.jpg\" target=\"_blank\" rel=\" noreferrer noopener\"><img decoding=\"async\" width=\"1024\" height=\"576\" src=\"https:\/\/www.cofb.org\/wp-content\/uploads\/2026\/04\/COFB_COFBSERVEIS-DESCONNEXIO-DIGITAL_4-1024x576.jpg\" alt=\"\" class=\"wp-image-84707\" srcset=\"https:\/\/www.cofb.org\/wp-content\/uploads\/2026\/04\/COFB_COFBSERVEIS-DESCONNEXIO-DIGITAL_4-1024x576.jpg 1024w, https:\/\/www.cofb.org\/wp-content\/uploads\/2026\/04\/COFB_COFBSERVEIS-DESCONNEXIO-DIGITAL_4-300x169.jpg 300w, https:\/\/www.cofb.org\/wp-content\/uploads\/2026\/04\/COFB_COFBSERVEIS-DESCONNEXIO-DIGITAL_4-768x432.jpg 768w, https:\/\/www.cofb.org\/wp-content\/uploads\/2026\/04\/COFB_COFBSERVEIS-DESCONNEXIO-DIGITAL_4-1536x864.jpg 1536w, https:\/\/www.cofb.org\/wp-content\/uploads\/2026\/04\/COFB_COFBSERVEIS-DESCONNEXIO-DIGITAL_4-2048x1152.jpg 2048w, https:\/\/www.cofb.org\/wp-content\/uploads\/2026\/04\/COFB_COFBSERVEIS-DESCONNEXIO-DIGITAL_4-18x10.jpg 18w\" sizes=\"(max-width: 1024px) 100vw, 1024px\" \/><\/a><figcaption class=\"wp-element-caption\">Laura Cisar durante su exposici\u00f3n sobre la desconexi\u00f3n digital. <\/figcaption><\/figure>\n\n\n\n<p>En referencia a la <strong>legislaci\u00f3n aplicable<\/strong>, Cisar coment\u00f3 que el <strong>derecho a la desconexi\u00f3n digital<\/strong> se enmarca en el <strong>derecho a la intimidad personal y familiar<\/strong> recogido en el art\u00edculo 18.4 de la Constituci\u00f3n Espa\u00f1ola, en el uso de dispositivos digitales en el \u00e1mbito laboral. Asimismo, a\u00f1adi\u00f3 que tambi\u00e9n se contempla en el T\u00edtulo X de la <strong>Ley Org\u00e1nica 3\/2018, de 5 de diciembre, de protecci\u00f3n de datos personales y garant\u00eda de los derechos digitales<\/strong>; y en el art\u00edculo 20 bis y 34 de <strong>el Estatuto de los Trabajadores<\/strong>. La abogada repas\u00f3 los conceptos b\u00e1sicos de los derechos personales aplicables y los procedimientos recomendados en la oficina de farmacia y por parte del personal.<\/p>\n\n\n\n<p>Por \u00faltimo, explic\u00f3 que se pueden aplicar <strong>excepciones a la desconexi\u00f3n digital<\/strong> cuando el trabajador haya firmado un plus de disponibilidad, concurran causas de emergencia justificadas o causas de fuerza mayor. <strong>&quot;El responsable debe poner a disposici\u00f3n de los trabajadores un canal interno de comunicaci\u00f3n con el fin de que cualquier trabajador que considere vulnerado el derecho a la desconexi\u00f3n lo pueda comunicar de forma interna&quot;<\/strong>, dijo. As\u00ed pues, es necesario designar una <strong>persona responsable y un correo electr\u00f3nico de contacto<\/strong> en el <strong>Protocolo de desconexi\u00f3n digital<\/strong> y debe garantizarse <strong>confidencialidad de la comunicaci\u00f3n<\/strong> y <strong>ausencia de ning\u00fan tipo de penalizaci\u00f3n<\/strong> al trabajador que ha realizado la comunicaci\u00f3n.<\/p>\n\n\n\n<p class=\"has-text-align-right\"><strong>Con el patrocinio de: <\/strong><\/p>\n\n\n\n<figure class=\"wp-block-image alignright size-full is-resized\"><a href=\"https:\/\/www.cofbserveis.net\/\" target=\"_blank\" rel=\" noreferrer noopener\"><img loading=\"lazy\" decoding=\"async\" width=\"411\" height=\"77\" src=\"https:\/\/www.cofb.org\/wp-content\/uploads\/2025\/01\/COFBServeis.png\" alt=\"\" class=\"wp-image-80302\" style=\"width:288px;height:auto\" srcset=\"https:\/\/www.cofb.org\/wp-content\/uploads\/2025\/01\/COFBServeis.png 411w, https:\/\/www.cofb.org\/wp-content\/uploads\/2025\/01\/COFBServeis-300x56.png 300w, https:\/\/www.cofb.org\/wp-content\/uploads\/2025\/01\/COFBServeis-18x3.png 18w\" sizes=\"(max-width: 411px) 100vw, 411px\" \/><\/a><\/figure>","protected":false},"excerpt":{"rendered":"<p>El pasado 14 de abril, el Colegio de Farmac\u00e9uticos de Barcelona (COFB) organiz\u00f3 el Foro COFBServeis \u201cDesconexi\u00f3n digital en la oficina de farmacia\u201d, con la colaboraci\u00f3n de COFBServeis. La conferencia fue impartida por las abogadas del equipo de protecci\u00f3n de datos de COFBServeis, Maria Company y Laura Cisar. La vicetesorera [\u2026]<\/p>","protected":false},"author":3,"featured_media":84703,"comment_status":"closed","ping_status":"closed","sticky":false,"template":"","format":"standard","meta":{"_uag_custom_page_level_css":"","site-sidebar-layout":"default","site-content-layout":"","ast-site-content-layout":"default","site-content-style":"default","site-sidebar-style":"default","ast-global-header-display":"","ast-banner-title-visibility":"","ast-main-header-display":"","ast-hfb-above-header-display":"","ast-hfb-below-header-display":"","ast-hfb-mobile-header-display":"","site-post-title":"","ast-breadcrumbs-content":"","ast-featured-img":"disabled","footer-sml-layout":"","theme-transparent-header-meta":"","adv-header-id-meta":"","stick-header-meta":"","header-above-stick-meta":"","header-main-stick-meta":"","header-below-stick-meta":"","astra-migrate-meta-layouts":"set","ast-page-background-enabled":"default","ast-page-background-meta":{"desktop":{"background-color":"var(--ast-global-color-4)","background-image":"","background-repeat":"repeat","background-position":"center center","background-size":"auto","background-attachment":"scroll","background-type":"","background-media":"","overlay-type":"","overlay-color":"","overlay-opacity":"","overlay-gradient":""},"tablet":{"background-color":"","background-image":"","background-repeat":"repeat","background-position":"center center","background-size":"auto","background-attachment":"scroll","background-type":"","background-media":"","overlay-type":"","overlay-color":"","overlay-opacity":"","overlay-gradient":""},"mobile":{"background-color":"","background-image":"","background-repeat":"repeat","background-position":"center center","background-size":"auto","background-attachment":"scroll","background-type":"","background-media":"","overlay-type":"","overlay-color":"","overlay-opacity":"","overlay-gradient":""}},"ast-content-background-meta":{"desktop":{"background-color":"var(--ast-global-color-5)","background-image":"","background-repeat":"repeat","background-position":"center center","background-size":"auto","background-attachment":"scroll","background-type":"","background-media":"","overlay-type":"","overlay-color":"","overlay-opacity":"","overlay-gradient":""},"tablet":{"background-color":"var(--ast-global-color-5)","background-image":"","background-repeat":"repeat","background-position":"center center","background-size":"auto","background-attachment":"scroll","background-type":"","background-media":"","overlay-type":"","overlay-color":"","overlay-opacity":"","overlay-gradient":""},"mobile":{"background-color":"var(--ast-global-color-5)","background-image":"","background-repeat":"repeat","background-position":"center center","background-size":"auto","background-attachment":"scroll","background-type":"","background-media":"","overlay-type":"","overlay-color":"","overlay-opacity":"","overlay-gradient":""}},"footnotes":""},"categories":[23,57],"tags":[18,434,19,5527,5528,53,68,69,70],"class_list":["post-84698","post","type-post","status-publish","format-standard","has-post-thumbnail","hentry","category-destacats","category-mon-collegial","tag-cofb","tag-cofbserveis","tag-collegi-de-farmaceutics-de-barcelona","tag-desconnexio-digital","tag-empresa-de-serveis","tag-farmaceutics","tag-farmacia","tag-farmacia-comunitaria","tag-formacio"],"yoast_head":"<!-- This site is optimized with the Yoast SEO plugin v22.4 - https:\/\/yoast.com\/wordpress\/plugins\/seo\/ -->\n<title>Un nou F\u00f2rum COFBServeis aborda la desconnexi\u00f3 digital a l&#039;oficina de farm\u00e0cia - Col\u00b7legi de Farmac\u00e8utics de Barcelona<\/title>\n<meta name=\"description\" content=\"El passat 14 d\u2019abril, el Col\u00b7legi de Farmac\u00e8utics de Barcelona (COFB) va organitzar el F\u00f2rum COFBServeis \u201cDesconnexi\u00f3 digital a l\u2019oficina de farm\u00e0cia\u201d.\" \/>\n<meta name=\"robots\" content=\"index, follow, max-snippet:-1, max-image-preview:large, max-video-preview:-1\" \/>\n<link rel=\"canonical\" href=\"https:\/\/www.cofb.org\/es\/2026\/04\/27\/un-nou-forum-cofbserveis-aborda-la-desconnexio-digital-a-loficina-de-farmacia\/\" \/>\n<meta property=\"og:locale\" content=\"es_ES\" \/>\n<meta property=\"og:type\" content=\"article\" \/>\n<meta property=\"og:title\" content=\"Un nou F\u00f2rum COFBServeis aborda la desconnexi\u00f3 digital a l&#039;oficina de farm\u00e0cia - Col\u00b7legi de Farmac\u00e8utics de Barcelona\" \/>\n<meta property=\"og:description\" content=\"El passat 14 d\u2019abril, el Col\u00b7legi de Farmac\u00e8utics de Barcelona (COFB) va organitzar el F\u00f2rum COFBServeis \u201cDesconnexi\u00f3 digital a l\u2019oficina de farm\u00e0cia\u201d.\" \/>\n<meta property=\"og:url\" content=\"https:\/\/www.cofb.org\/es\/2026\/04\/27\/un-nou-forum-cofbserveis-aborda-la-desconnexio-digital-a-loficina-de-farmacia\/\" \/>\n<meta property=\"og:site_name\" content=\"Col\u00b7legi de Farmac\u00e8utics de Barcelona\" \/>\n<meta property=\"article:publisher\" content=\"https:\/\/www.facebook.com\/farmaceuticsbcn\/\" \/>\n<meta property=\"article:published_time\" content=\"2026-04-27T14:26:03+00:00\" \/>\n<meta property=\"article:modified_time\" content=\"2026-04-29T14:27:31+00:00\" \/>\n<meta property=\"og:image\" content=\"https:\/\/www.cofb.org\/wp-content\/uploads\/2026\/04\/COFB_COFBSERVEIS-DESCONNEXIO-DIGITAL_0-1-scaled.jpg\" \/>\n\t<meta property=\"og:image:width\" content=\"2560\" \/>\n\t<meta property=\"og:image:height\" content=\"1440\" \/>\n\t<meta property=\"og:image:type\" content=\"image\/jpeg\" \/>\n<meta name=\"author\" content=\"Berta Mart\u00ednez\" \/>\n<meta name=\"twitter:card\" content=\"summary_large_image\" \/>\n<meta name=\"twitter:creator\" content=\"@farmaceuticsbcn\" \/>\n<meta name=\"twitter:site\" content=\"@farmaceuticsbcn\" \/>\n<meta name=\"twitter:label1\" content=\"Escrito por\" \/>\n\t<meta name=\"twitter:data1\" content=\"Berta Mart\u00ednez\" \/>\n\t<meta name=\"twitter:label2\" content=\"Tiempo de lectura\" \/>\n\t<meta name=\"twitter:data2\" content=\"5 minutos\" \/>\n<script type=\"application\/ld+json\" class=\"yoast-schema-graph\">{\"@context\":\"https:\/\/schema.org\",\"@graph\":[{\"@type\":\"Article\",\"@id\":\"https:\/\/www.cofb.org\/2026\/04\/27\/un-nou-forum-cofbserveis-aborda-la-desconnexio-digital-a-loficina-de-farmacia\/#article\",\"isPartOf\":{\"@id\":\"https:\/\/www.cofb.org\/2026\/04\/27\/un-nou-forum-cofbserveis-aborda-la-desconnexio-digital-a-loficina-de-farmacia\/\"},\"author\":{\"name\":\"Berta Mart\u00ednez\",\"@id\":\"https:\/\/www.cofb.org\/#\/schema\/person\/f32de3b41b812c85ff923cb4cc849063\"},\"headline\":\"Un nou F\u00f2rum COFBServeis aborda la desconnexi\u00f3 digital a l&#8217;oficina de farm\u00e0cia\",\"datePublished\":\"2026-04-27T14:26:03+00:00\",\"dateModified\":\"2026-04-29T14:27:31+00:00\",\"mainEntityOfPage\":{\"@id\":\"https:\/\/www.cofb.org\/2026\/04\/27\/un-nou-forum-cofbserveis-aborda-la-desconnexio-digital-a-loficina-de-farmacia\/\"},\"wordCount\":730,\"publisher\":{\"@id\":\"https:\/\/www.cofb.org\/#organization\"},\"image\":{\"@id\":\"https:\/\/www.cofb.org\/2026\/04\/27\/un-nou-forum-cofbserveis-aborda-la-desconnexio-digital-a-loficina-de-farmacia\/#primaryimage\"},\"thumbnailUrl\":\"https:\/\/www.cofb.org\/wp-content\/uploads\/2026\/04\/COFB_COFBSERVEIS-DESCONNEXIO-DIGITAL_0-1-scaled.jpg\",\"keywords\":[\"COFB\",\"COFBServeis\",\"Col\u00b7legi de Farmac\u00e8utics de Barcelona\",\"desconnexi\u00f3 digital\",\"empresa de serveis\",\"farmac\u00e8utics\",\"Farm\u00e0cia\",\"farm\u00e0cia comunit\u00e0ria\",\"Formaci\u00f3\"],\"articleSection\":[\"Destacats\",\"M\u00f3n col\u00b7legial\"],\"inLanguage\":\"es\"},{\"@type\":\"WebPage\",\"@id\":\"https:\/\/www.cofb.org\/2026\/04\/27\/un-nou-forum-cofbserveis-aborda-la-desconnexio-digital-a-loficina-de-farmacia\/\",\"url\":\"https:\/\/www.cofb.org\/2026\/04\/27\/un-nou-forum-cofbserveis-aborda-la-desconnexio-digital-a-loficina-de-farmacia\/\",\"name\":\"Un nou F\u00f2rum COFBServeis aborda la desconnexi\u00f3 digital a l'oficina de farm\u00e0cia - Col\u00b7legi de Farmac\u00e8utics de Barcelona\",\"isPartOf\":{\"@id\":\"https:\/\/www.cofb.org\/#website\"},\"primaryImageOfPage\":{\"@id\":\"https:\/\/www.cofb.org\/2026\/04\/27\/un-nou-forum-cofbserveis-aborda-la-desconnexio-digital-a-loficina-de-farmacia\/#primaryimage\"},\"image\":{\"@id\":\"https:\/\/www.cofb.org\/2026\/04\/27\/un-nou-forum-cofbserveis-aborda-la-desconnexio-digital-a-loficina-de-farmacia\/#primaryimage\"},\"thumbnailUrl\":\"https:\/\/www.cofb.org\/wp-content\/uploads\/2026\/04\/COFB_COFBSERVEIS-DESCONNEXIO-DIGITAL_0-1-scaled.jpg\",\"datePublished\":\"2026-04-27T14:26:03+00:00\",\"dateModified\":\"2026-04-29T14:27:31+00:00\",\"description\":\"El passat 14 d\u2019abril, el Col\u00b7legi de Farmac\u00e8utics de Barcelona (COFB) va organitzar el F\u00f2rum COFBServeis \u201cDesconnexi\u00f3 digital a l\u2019oficina de farm\u00e0cia\u201d.\",\"breadcrumb\":{\"@id\":\"https:\/\/www.cofb.org\/2026\/04\/27\/un-nou-forum-cofbserveis-aborda-la-desconnexio-digital-a-loficina-de-farmacia\/#breadcrumb\"},\"inLanguage\":\"es\",\"potentialAction\":[{\"@type\":\"ReadAction\",\"target\":[\"https:\/\/www.cofb.org\/2026\/04\/27\/un-nou-forum-cofbserveis-aborda-la-desconnexio-digital-a-loficina-de-farmacia\/\"]}]},{\"@type\":\"ImageObject\",\"inLanguage\":\"es\",\"@id\":\"https:\/\/www.cofb.org\/2026\/04\/27\/un-nou-forum-cofbserveis-aborda-la-desconnexio-digital-a-loficina-de-farmacia\/#primaryimage\",\"url\":\"https:\/\/www.cofb.org\/wp-content\/uploads\/2026\/04\/COFB_COFBSERVEIS-DESCONNEXIO-DIGITAL_0-1-scaled.jpg\",\"contentUrl\":\"https:\/\/www.cofb.org\/wp-content\/uploads\/2026\/04\/COFB_COFBSERVEIS-DESCONNEXIO-DIGITAL_0-1-scaled.jpg\",\"width\":2560,\"height\":1440,\"caption\":\"Elena Palau en un moment de la seva exposici\u00f3 sobre COFBServeis.\"},{\"@type\":\"BreadcrumbList\",\"@id\":\"https:\/\/www.cofb.org\/2026\/04\/27\/un-nou-forum-cofbserveis-aborda-la-desconnexio-digital-a-loficina-de-farmacia\/#breadcrumb\",\"itemListElement\":[{\"@type\":\"ListItem\",\"position\":1,\"name\":\"Inici\",\"item\":\"https:\/\/novaorg.cofb.net\/\"},{\"@type\":\"ListItem\",\"position\":2,\"name\":\"Un nou F\u00f2rum COFBServeis aborda la desconnexi\u00f3 digital a l&#8217;oficina de farm\u00e0cia\"}]},{\"@type\":\"WebSite\",\"@id\":\"https:\/\/www.cofb.org\/#website\",\"url\":\"https:\/\/www.cofb.org\/\",\"name\":\"Col\u00b7legi de Farmac\u00e8utics de Barcelona\",\"description\":\"\",\"publisher\":{\"@id\":\"https:\/\/www.cofb.org\/#organization\"},\"potentialAction\":[{\"@type\":\"SearchAction\",\"target\":{\"@type\":\"EntryPoint\",\"urlTemplate\":\"https:\/\/www.cofb.org\/?s={search_term_string}\"},\"query-input\":\"required name=search_term_string\"}],\"inLanguage\":\"es\"},{\"@type\":\"Organization\",\"@id\":\"https:\/\/www.cofb.org\/#organization\",\"name\":\"Col\u00b7legi de Farmac\u00e8utics de Barcelona\",\"url\":\"https:\/\/www.cofb.org\/\",\"logo\":{\"@type\":\"ImageObject\",\"inLanguage\":\"es\",\"@id\":\"https:\/\/www.cofb.org\/#\/schema\/logo\/image\/\",\"url\":\"https:\/\/www.cofb.org\/wp-content\/uploads\/2023\/11\/cropped-Logotip-COFB.png\",\"contentUrl\":\"https:\/\/www.cofb.org\/wp-content\/uploads\/2023\/11\/cropped-Logotip-COFB.png\",\"width\":500,\"height\":105,\"caption\":\"Col\u00b7legi de Farmac\u00e8utics de Barcelona\"},\"image\":{\"@id\":\"https:\/\/www.cofb.org\/#\/schema\/logo\/image\/\"},\"sameAs\":[\"https:\/\/www.facebook.com\/farmaceuticsbcn\/\",\"https:\/\/twitter.com\/farmaceuticsbcn\",\"https:\/\/www.instagram.com\/farmaceuticsbcn\/\",\"https:\/\/www.linkedin.com\/company\/farmaceuticsbcn\/\"]},{\"@type\":\"Person\",\"@id\":\"https:\/\/www.cofb.org\/#\/schema\/person\/f32de3b41b812c85ff923cb4cc849063\",\"name\":\"Berta Mart\u00ednez\",\"image\":{\"@type\":\"ImageObject\",\"inLanguage\":\"es\",\"@id\":\"https:\/\/www.cofb.org\/#\/schema\/person\/image\/\",\"url\":\"https:\/\/secure.gravatar.com\/avatar\/d4c584dab5da1ee9e3c3df161c0aabec7075cc8211cd46ffc79bfe177aa78b01?s=96&d=mm&r=g\",\"contentUrl\":\"https:\/\/secure.gravatar.com\/avatar\/d4c584dab5da1ee9e3c3df161c0aabec7075cc8211cd46ffc79bfe177aa78b01?s=96&d=mm&r=g\",\"caption\":\"Berta Mart\u00ednez\"},\"url\":\"https:\/\/www.cofb.org\/es\/author\/bmartinez\/\"}]}<\/script>\n<!-- \/ Yoast SEO plugin. -->","yoast_head_json":{"title":"Un nou F\u00f2rum COFBServeis aborda la desconnexi\u00f3 digital a l'oficina de farm\u00e0cia - Col\u00b7legi de Farmac\u00e8utics de Barcelona","description":"El passat 14 d\u2019abril, el Col\u00b7legi de Farmac\u00e8utics de Barcelona (COFB) va organitzar el F\u00f2rum COFBServeis \u201cDesconnexi\u00f3 digital a l\u2019oficina de farm\u00e0cia\u201d.","robots":{"index":"index","follow":"follow","max-snippet":"max-snippet:-1","max-image-preview":"max-image-preview:large","max-video-preview":"max-video-preview:-1"},"canonical":"https:\/\/www.cofb.org\/es\/2026\/04\/27\/un-nou-forum-cofbserveis-aborda-la-desconnexio-digital-a-loficina-de-farmacia\/","og_locale":"es_ES","og_type":"article","og_title":"Un nou F\u00f2rum COFBServeis aborda la desconnexi\u00f3 digital a l'oficina de farm\u00e0cia - Col\u00b7legi de Farmac\u00e8utics de Barcelona","og_description":"El passat 14 d\u2019abril, el Col\u00b7legi de Farmac\u00e8utics de Barcelona (COFB) va organitzar el F\u00f2rum COFBServeis \u201cDesconnexi\u00f3 digital a l\u2019oficina de farm\u00e0cia\u201d.","og_url":"https:\/\/www.cofb.org\/es\/2026\/04\/27\/un-nou-forum-cofbserveis-aborda-la-desconnexio-digital-a-loficina-de-farmacia\/","og_site_name":"Col\u00b7legi de Farmac\u00e8utics de Barcelona","article_publisher":"https:\/\/www.facebook.com\/farmaceuticsbcn\/","article_published_time":"2026-04-27T14:26:03+00:00","article_modified_time":"2026-04-29T14:27:31+00:00","og_image":[{"width":2560,"height":1440,"url":"https:\/\/www.cofb.org\/wp-content\/uploads\/2026\/04\/COFB_COFBSERVEIS-DESCONNEXIO-DIGITAL_0-1-scaled.jpg","type":"image\/jpeg"}],"author":"Berta Mart\u00ednez","twitter_card":"summary_large_image","twitter_creator":"@farmaceuticsbcn","twitter_site":"@farmaceuticsbcn","twitter_misc":{"Escrito por":"Berta Mart\u00ednez","Tiempo de lectura":"5 minutos"},"schema":{"@context":"https:\/\/schema.org","@graph":[{"@type":"Article","@id":"https:\/\/www.cofb.org\/2026\/04\/27\/un-nou-forum-cofbserveis-aborda-la-desconnexio-digital-a-loficina-de-farmacia\/#article","isPartOf":{"@id":"https:\/\/www.cofb.org\/2026\/04\/27\/un-nou-forum-cofbserveis-aborda-la-desconnexio-digital-a-loficina-de-farmacia\/"},"author":{"name":"Berta Mart\u00ednez","@id":"https:\/\/www.cofb.org\/#\/schema\/person\/f32de3b41b812c85ff923cb4cc849063"},"headline":"Un nou F\u00f2rum COFBServeis aborda la desconnexi\u00f3 digital a l&#8217;oficina de farm\u00e0cia","datePublished":"2026-04-27T14:26:03+00:00","dateModified":"2026-04-29T14:27:31+00:00","mainEntityOfPage":{"@id":"https:\/\/www.cofb.org\/2026\/04\/27\/un-nou-forum-cofbserveis-aborda-la-desconnexio-digital-a-loficina-de-farmacia\/"},"wordCount":730,"publisher":{"@id":"https:\/\/www.cofb.org\/#organization"},"image":{"@id":"https:\/\/www.cofb.org\/2026\/04\/27\/un-nou-forum-cofbserveis-aborda-la-desconnexio-digital-a-loficina-de-farmacia\/#primaryimage"},"thumbnailUrl":"https:\/\/www.cofb.org\/wp-content\/uploads\/2026\/04\/COFB_COFBSERVEIS-DESCONNEXIO-DIGITAL_0-1-scaled.jpg","keywords":["COFB","COFBServeis","Col\u00b7legi de Farmac\u00e8utics de Barcelona","desconnexi\u00f3 digital","empresa de serveis","farmac\u00e8utics","Farm\u00e0cia","farm\u00e0cia comunit\u00e0ria","Formaci\u00f3"],"articleSection":["Destacats","M\u00f3n col\u00b7legial"],"inLanguage":"es"},{"@type":"WebPage","@id":"https:\/\/www.cofb.org\/2026\/04\/27\/un-nou-forum-cofbserveis-aborda-la-desconnexio-digital-a-loficina-de-farmacia\/","url":"https:\/\/www.cofb.org\/2026\/04\/27\/un-nou-forum-cofbserveis-aborda-la-desconnexio-digital-a-loficina-de-farmacia\/","name":"Un nou F\u00f2rum COFBServeis aborda la desconnexi\u00f3 digital a l'oficina de farm\u00e0cia - Col\u00b7legi de Farmac\u00e8utics de Barcelona","isPartOf":{"@id":"https:\/\/www.cofb.org\/#website"},"primaryImageOfPage":{"@id":"https:\/\/www.cofb.org\/2026\/04\/27\/un-nou-forum-cofbserveis-aborda-la-desconnexio-digital-a-loficina-de-farmacia\/#primaryimage"},"image":{"@id":"https:\/\/www.cofb.org\/2026\/04\/27\/un-nou-forum-cofbserveis-aborda-la-desconnexio-digital-a-loficina-de-farmacia\/#primaryimage"},"thumbnailUrl":"https:\/\/www.cofb.org\/wp-content\/uploads\/2026\/04\/COFB_COFBSERVEIS-DESCONNEXIO-DIGITAL_0-1-scaled.jpg","datePublished":"2026-04-27T14:26:03+00:00","dateModified":"2026-04-29T14:27:31+00:00","description":"El passat 14 d\u2019abril, el Col\u00b7legi de Farmac\u00e8utics de Barcelona (COFB) va organitzar el F\u00f2rum COFBServeis \u201cDesconnexi\u00f3 digital a l\u2019oficina de farm\u00e0cia\u201d.","breadcrumb":{"@id":"https:\/\/www.cofb.org\/2026\/04\/27\/un-nou-forum-cofbserveis-aborda-la-desconnexio-digital-a-loficina-de-farmacia\/#breadcrumb"},"inLanguage":"es","potentialAction":[{"@type":"ReadAction","target":["https:\/\/www.cofb.org\/2026\/04\/27\/un-nou-forum-cofbserveis-aborda-la-desconnexio-digital-a-loficina-de-farmacia\/"]}]},{"@type":"ImageObject","inLanguage":"es","@id":"https:\/\/www.cofb.org\/2026\/04\/27\/un-nou-forum-cofbserveis-aborda-la-desconnexio-digital-a-loficina-de-farmacia\/#primaryimage","url":"https:\/\/www.cofb.org\/wp-content\/uploads\/2026\/04\/COFB_COFBSERVEIS-DESCONNEXIO-DIGITAL_0-1-scaled.jpg","contentUrl":"https:\/\/www.cofb.org\/wp-content\/uploads\/2026\/04\/COFB_COFBSERVEIS-DESCONNEXIO-DIGITAL_0-1-scaled.jpg","width":2560,"height":1440,"caption":"Elena Palau en un moment de la seva exposici\u00f3 sobre COFBServeis."},{"@type":"BreadcrumbList","@id":"https:\/\/www.cofb.org\/2026\/04\/27\/un-nou-forum-cofbserveis-aborda-la-desconnexio-digital-a-loficina-de-farmacia\/#breadcrumb","itemListElement":[{"@type":"ListItem","position":1,"name":"Inici","item":"https:\/\/novaorg.cofb.net\/"},{"@type":"ListItem","position":2,"name":"Un nou F\u00f2rum COFBServeis aborda la desconnexi\u00f3 digital a l&#8217;oficina de farm\u00e0cia"}]},{"@type":"WebSite","@id":"https:\/\/www.cofb.org\/#website","url":"https:\/\/www.cofb.org\/","name":"Col\u00b7legi de Farmac\u00e8utics de Barcelona","description":"","publisher":{"@id":"https:\/\/www.cofb.org\/#organization"},"potentialAction":[{"@type":"SearchAction","target":{"@type":"EntryPoint","urlTemplate":"https:\/\/www.cofb.org\/?s={search_term_string}"},"query-input":"required name=search_term_string"}],"inLanguage":"es"},{"@type":"Organization","@id":"https:\/\/www.cofb.org\/#organization","name":"Col\u00b7legi de Farmac\u00e8utics de Barcelona","url":"https:\/\/www.cofb.org\/","logo":{"@type":"ImageObject","inLanguage":"es","@id":"https:\/\/www.cofb.org\/#\/schema\/logo\/image\/","url":"https:\/\/www.cofb.org\/wp-content\/uploads\/2023\/11\/cropped-Logotip-COFB.png","contentUrl":"https:\/\/www.cofb.org\/wp-content\/uploads\/2023\/11\/cropped-Logotip-COFB.png","width":500,"height":105,"caption":"Col\u00b7legi de Farmac\u00e8utics de Barcelona"},"image":{"@id":"https:\/\/www.cofb.org\/#\/schema\/logo\/image\/"},"sameAs":["https:\/\/www.facebook.com\/farmaceuticsbcn\/","https:\/\/twitter.com\/farmaceuticsbcn","https:\/\/www.instagram.com\/farmaceuticsbcn\/","https:\/\/www.linkedin.com\/company\/farmaceuticsbcn\/"]},{"@type":"Person","@id":"https:\/\/www.cofb.org\/#\/schema\/person\/f32de3b41b812c85ff923cb4cc849063","name":"Berta Mart\u00ednez","image":{"@type":"ImageObject","inLanguage":"es","@id":"https:\/\/www.cofb.org\/#\/schema\/person\/image\/","url":"https:\/\/secure.gravatar.com\/avatar\/d4c584dab5da1ee9e3c3df161c0aabec7075cc8211cd46ffc79bfe177aa78b01?s=96&d=mm&r=g","contentUrl":"https:\/\/secure.gravatar.com\/avatar\/d4c584dab5da1ee9e3c3df161c0aabec7075cc8211cd46ffc79bfe177aa78b01?s=96&d=mm&r=g","caption":"Berta Mart\u00ednez"},"url":"https:\/\/www.cofb.org\/es\/author\/bmartinez\/"}]}},"uagb_featured_image_src":{"full":["https:\/\/www.cofb.org\/wp-content\/uploads\/2026\/04\/COFB_COFBSERVEIS-DESCONNEXIO-DIGITAL_0-1-scaled.jpg",2560,1440,false],"thumbnail":["https:\/\/www.cofb.org\/wp-content\/uploads\/2026\/04\/COFB_COFBSERVEIS-DESCONNEXIO-DIGITAL_0-1-150x150.jpg",150,150,true],"medium":["https:\/\/www.cofb.org\/wp-content\/uploads\/2026\/04\/COFB_COFBSERVEIS-DESCONNEXIO-DIGITAL_0-1-300x169.jpg",300,169,true],"medium_large":["https:\/\/www.cofb.org\/wp-content\/uploads\/2026\/04\/COFB_COFBSERVEIS-DESCONNEXIO-DIGITAL_0-1-768x432.jpg",768,432,true],"large":["https:\/\/www.cofb.org\/wp-content\/uploads\/2026\/04\/COFB_COFBSERVEIS-DESCONNEXIO-DIGITAL_0-1-1024x576.jpg",1024,576,true],"1536x1536":["https:\/\/www.cofb.org\/wp-content\/uploads\/2026\/04\/COFB_COFBSERVEIS-DESCONNEXIO-DIGITAL_0-1-1536x864.jpg",1536,864,true],"2048x2048":["https:\/\/www.cofb.org\/wp-content\/uploads\/2026\/04\/COFB_COFBSERVEIS-DESCONNEXIO-DIGITAL_0-1-2048x1152.jpg",2048,1152,true],"trp-custom-language-flag":["https:\/\/www.cofb.org\/wp-content\/uploads\/2026\/04\/COFB_COFBSERVEIS-DESCONNEXIO-DIGITAL_0-1-18x10.jpg",18,10,true]},"uagb_author_info":{"display_name":"Berta Mart\u00ednez","author_link":"https:\/\/www.cofb.org\/es\/author\/bmartinez\/"},"uagb_comment_info":0,"uagb_excerpt":"El passat 14 d\u2019abril, el Col\u00b7legi de Farmac\u00e8utics de Barcelona (COFB) va organitzar el F\u00f2rum COFBServeis \u201cDesconnexi\u00f3 digital a l\u2019oficina de farm\u00e0cia\u201d, amb la col\u00b7laboraci\u00f3 de COFBServeis. La confer\u00e8ncia va ser impartida per les advocades de l\u2019equip de protecci\u00f3 de dades de COFBServeis, Maria Company i Laura Cisar. La vicetresorera [&hellip;]","_links":{"self":[{"href":"https:\/\/www.cofb.org\/es\/wp-json\/wp\/v2\/posts\/84698","targetHints":{"allow":["GET"]}}],"collection":[{"href":"https:\/\/www.cofb.org\/es\/wp-json\/wp\/v2\/posts"}],"about":[{"href":"https:\/\/www.cofb.org\/es\/wp-json\/wp\/v2\/types\/post"}],"author":[{"embeddable":true,"href":"https:\/\/www.cofb.org\/es\/wp-json\/wp\/v2\/users\/3"}],"replies":[{"embeddable":true,"href":"https:\/\/www.cofb.org\/es\/wp-json\/wp\/v2\/comments?post=84698"}],"version-history":[{"count":17,"href":"https:\/\/www.cofb.org\/es\/wp-json\/wp\/v2\/posts\/84698\/revisions"}],"predecessor-version":[{"id":84749,"href":"https:\/\/www.cofb.org\/es\/wp-json\/wp\/v2\/posts\/84698\/revisions\/84749"}],"wp:featuredmedia":[{"embeddable":true,"href":"https:\/\/www.cofb.org\/es\/wp-json\/wp\/v2\/media\/84703"}],"wp:attachment":[{"href":"https:\/\/www.cofb.org\/es\/wp-json\/wp\/v2\/media?parent=84698"}],"wp:term":[{"taxonomy":"category","embeddable":true,"href":"https:\/\/www.cofb.org\/es\/wp-json\/wp\/v2\/categories?post=84698"},{"taxonomy":"post_tag","embeddable":true,"href":"https:\/\/www.cofb.org\/es\/wp-json\/wp\/v2\/tags?post=84698"}],"curies":[{"name":"wp","href":"https:\/\/api.w.org\/{rel}","templated":true}]}}