{"id":84674,"date":"2026-04-20T10:29:41","date_gmt":"2026-04-20T10:29:41","guid":{"rendered":"https:\/\/www.cofb.org\/?p=84674"},"modified":"2026-04-27T12:02:21","modified_gmt":"2026-04-27T12:02:21","slug":"farmaceutics-comunitaris-i-datencio-primaria-aprofundeixen-en-el-maneig-dels-dispositius-dinhalacio","status":"publish","type":"post","link":"https:\/\/www.cofb.org\/es\/2026\/04\/20\/farmaceutics-comunitaris-i-datencio-primaria-aprofundeixen-en-el-maneig-dels-dispositius-dinhalacio\/","title":{"rendered":"Farmac\u00e9uticos comunitarios y de atenci\u00f3n primaria profundizan en el manejo de los dispositivos de inhalaci\u00f3n"},"content":{"rendered":"<p>El pasado 9 de abril, el Colegio de Farmac\u00e9uticos de Barcelona (COFB) organiz\u00f3 la formaci\u00f3n <strong>&quot;Dispositivos de inhalaci\u00f3n&quot;<\/strong>, con el patrocinio de<a href=\"https:\/\/www.astrazeneca.es\/\" target=\"_blank\" rel=\"noreferrer noopener\">AstraZeneca<\/a>. La formaci\u00f3n, dirigida a <strong>farmac\u00e9uticos de farmacia comunitaria y de atenci\u00f3n primaria,<\/strong> fue impartida por <strong>Cristina Lucas<\/strong>, farmac\u00e9utica comunitaria, experta en atenci\u00f3n farmac\u00e9utica y farmacia asistencial y fundadora de Farmaval. La sesi\u00f3n fue coordinada por la farmac\u00e9utica y vocal de Oficina de Farmacia del COFB, <strong>Merc\u00e8 Barau<\/strong>.<\/p>\n\n\n\n<figure class=\"wp-block-image size-large\"><a href=\"https:\/\/www.cofb.org\/wp-content\/uploads\/2026\/04\/COFB_INHALADORS_21042026_2-scaled.jpg\" target=\"_blank\" rel=\" noreferrer noopener\"><img fetchpriority=\"high\" decoding=\"async\" width=\"1024\" height=\"576\" src=\"https:\/\/www.cofb.org\/wp-content\/uploads\/2026\/04\/COFB_INHALADORS_21042026_2-1024x576.jpg\" alt=\"\" class=\"wp-image-84676\" srcset=\"https:\/\/www.cofb.org\/wp-content\/uploads\/2026\/04\/COFB_INHALADORS_21042026_2-1024x576.jpg 1024w, https:\/\/www.cofb.org\/wp-content\/uploads\/2026\/04\/COFB_INHALADORS_21042026_2-300x169.jpg 300w, https:\/\/www.cofb.org\/wp-content\/uploads\/2026\/04\/COFB_INHALADORS_21042026_2-768x432.jpg 768w, https:\/\/www.cofb.org\/wp-content\/uploads\/2026\/04\/COFB_INHALADORS_21042026_2-1536x864.jpg 1536w, https:\/\/www.cofb.org\/wp-content\/uploads\/2026\/04\/COFB_INHALADORS_21042026_2-2048x1152.jpg 2048w, https:\/\/www.cofb.org\/wp-content\/uploads\/2026\/04\/COFB_INHALADORS_21042026_2-18x10.jpg 18w\" sizes=\"(max-width: 1024px) 100vw, 1024px\" \/><\/a><figcaption class=\"wp-element-caption\">Cristina Lucas en un momento de su presentaci\u00f3n. <\/figcaption><\/figure>\n\n\n\n<p>Los <strong>objetivos<\/strong> de la formaci\u00f3n fueron revisar los diferentes <strong>tipos de inhaladores disponibles<\/strong>, conocer las <strong>diferentes t\u00e9cnicas de manipulaci\u00f3n<\/strong> para conseguir una atenci\u00f3n farmac\u00e9utica correcta, <strong>saber c\u00f3mo funciona cada dispositivo<\/strong> y c\u00f3mo hacer un buen uso<strong>, adquirir seguridad y confianza para conseguir una atenci\u00f3n farmac\u00e9utica de calidad<\/strong> y saber intervenir adecuadamente cada dispensaci\u00f3n.<\/p>\n\n\n\n<p><strong>\u201cLa mitad de los asm\u00e1ticos y el 70% de los pacientes con EPOC tienen un fracaso terap\u00e9utico<\/strong>, es decir, est\u00e1n diagnosticados, tienen un tratamiento pautado, van a la farmacia y lo retiran, se lo toman y siguen igual\u201d, expuso la farmac\u00e9utica al inicio de su exposici\u00f3n. <strong>&quot;74% de las personas con enfermedad pulmonar obstructiva cr\u00f3nica (EPOC) sin diagnosticar son pacientes mayores de 40 a\u00f1os, fumadores, exfumadores o fumadores pasivos con tos recurrente y mocos y 9 de cada 10 con una mala t\u00e9cnica inhalada&quot;<\/strong>. Por formaci\u00f3n, vocaci\u00f3n, responsabilidad profesional y moral y como expertos de los medicamentos, los farmac\u00e9uticos son los profesionales que pueden cubrir esa necesidad, asegur\u00f3. &nbsp;<\/p>\n\n\n\n<h2 class=\"wp-block-heading\"><strong>Clasificaci\u00f3n de los sistemas de inhalaci\u00f3n<\/strong><\/h2>\n\n\n\n<p>A continuaci\u00f3n, Lucas va <strong>clasificar los sistemas de inhalaci\u00f3n<\/strong> en: los <strong>presurizados (pMDI)<\/strong>, convencional (suspensi\u00f3n), parte extrafina (disoluci\u00f3n) y de niebla fina; y los de <strong>polvo seco (DPI)<\/strong>, los multidosis. En este sentido, present\u00f3 de forma detallada los diferentes dispositivos disponibles y describi\u00f3 sus principales t\u00e9cnicas de manipulaci\u00f3n.<\/p>\n\n\n\n<figure class=\"wp-block-image size-large\"><a href=\"https:\/\/www.cofb.org\/wp-content\/uploads\/2026\/04\/COFB_INHALADORS_21042026_3-scaled.jpg\" target=\"_blank\" rel=\" noreferrer noopener\"><img decoding=\"async\" width=\"1024\" height=\"576\" src=\"https:\/\/www.cofb.org\/wp-content\/uploads\/2026\/04\/COFB_INHALADORS_21042026_3-1024x576.jpg\" alt=\"\" class=\"wp-image-84677\" srcset=\"https:\/\/www.cofb.org\/wp-content\/uploads\/2026\/04\/COFB_INHALADORS_21042026_3-1024x576.jpg 1024w, https:\/\/www.cofb.org\/wp-content\/uploads\/2026\/04\/COFB_INHALADORS_21042026_3-300x169.jpg 300w, https:\/\/www.cofb.org\/wp-content\/uploads\/2026\/04\/COFB_INHALADORS_21042026_3-768x432.jpg 768w, https:\/\/www.cofb.org\/wp-content\/uploads\/2026\/04\/COFB_INHALADORS_21042026_3-1536x864.jpg 1536w, https:\/\/www.cofb.org\/wp-content\/uploads\/2026\/04\/COFB_INHALADORS_21042026_3-2048x1152.jpg 2048w, https:\/\/www.cofb.org\/wp-content\/uploads\/2026\/04\/COFB_INHALADORS_21042026_3-18x10.jpg 18w\" sizes=\"(max-width: 1024px) 100vw, 1024px\" \/><\/a><figcaption class=\"wp-element-caption\">La farmac\u00e9utica durante su exposici\u00f3n sobre dispositivos de inhalaci\u00f3n. <\/figcaption><\/figure>\n\n\n\n<p>Por otra parte, comparti\u00f3 <strong>conceptos de aerosolterapia<\/strong> y los <strong>principales beneficios de las c\u00e1maras de inhalaci\u00f3n<\/strong> recomendadas para personas mayores, lactantes y ni\u00f1os con presurizados. Por \u00faltimo, la farmac\u00e9utica expuso diferentes <strong>casos reales de manipulaci\u00f3n incorrecta del inhalador<\/strong>.<\/p>\n\n\n\n<p class=\"has-text-align-right\"><strong>Con el patrocinio de:<\/strong><\/p>\n\n\n\n<figure class=\"wp-block-image alignright size-large is-resized\"><a href=\"https:\/\/www.astrazeneca.es\/\" target=\"_blank\" rel=\" noreferrer noopener\"><img decoding=\"async\" width=\"1024\" height=\"278\" src=\"https:\/\/www.cofb.org\/wp-content\/uploads\/2026\/04\/ASTRAZENECA_transparent_2025-1024x278.png\" alt=\"\" class=\"wp-image-84678\" style=\"width:250px;height:auto\" srcset=\"https:\/\/www.cofb.org\/wp-content\/uploads\/2026\/04\/ASTRAZENECA_transparent_2025-1024x278.png 1024w, https:\/\/www.cofb.org\/wp-content\/uploads\/2026\/04\/ASTRAZENECA_transparent_2025-300x81.png 300w, https:\/\/www.cofb.org\/wp-content\/uploads\/2026\/04\/ASTRAZENECA_transparent_2025-768x208.png 768w, https:\/\/www.cofb.org\/wp-content\/uploads\/2026\/04\/ASTRAZENECA_transparent_2025-1536x416.png 1536w, https:\/\/www.cofb.org\/wp-content\/uploads\/2026\/04\/ASTRAZENECA_transparent_2025-2048x555.png 2048w, https:\/\/www.cofb.org\/wp-content\/uploads\/2026\/04\/ASTRAZENECA_transparent_2025-18x5.png 18w\" sizes=\"(max-width: 1024px) 100vw, 1024px\" \/><\/a><\/figure>\n\n\n\n<p><\/p>","protected":false},"excerpt":{"rendered":"<p>El pasado 9 de abril, el Colegio de Farmac\u00e9uticos de Barcelona (COFB) organiz\u00f3 la formaci\u00f3n &quot;Dispositivos de inhalaci\u00f3n&quot;, con el patrocinio de AstraZeneca. La formaci\u00f3n, dirigida a farmac\u00e9uticos de farmacia comunitaria y de atenci\u00f3n primaria, fue impartida por Cristina Lucas, farmac\u00e9utica comunitaria, experta en atenci\u00f3n farmac\u00e9utica y farmacia asistencial y fundadora de [\u2026]<\/p>","protected":false},"author":3,"featured_media":84677,"comment_status":"closed","ping_status":"closed","sticky":false,"template":"","format":"standard","meta":{"_uag_custom_page_level_css":"","site-sidebar-layout":"default","site-content-layout":"","ast-site-content-layout":"default","site-content-style":"default","site-sidebar-style":"default","ast-global-header-display":"","ast-banner-title-visibility":"","ast-main-header-display":"","ast-hfb-above-header-display":"","ast-hfb-below-header-display":"","ast-hfb-mobile-header-display":"","site-post-title":"","ast-breadcrumbs-content":"","ast-featured-img":"disabled","footer-sml-layout":"","theme-transparent-header-meta":"","adv-header-id-meta":"","stick-header-meta":"","header-above-stick-meta":"","header-main-stick-meta":"","header-below-stick-meta":"","astra-migrate-meta-layouts":"set","ast-page-background-enabled":"default","ast-page-background-meta":{"desktop":{"background-color":"var(--ast-global-color-4)","background-image":"","background-repeat":"repeat","background-position":"center center","background-size":"auto","background-attachment":"scroll","background-type":"","background-media":"","overlay-type":"","overlay-color":"","overlay-opacity":"","overlay-gradient":""},"tablet":{"background-color":"","background-image":"","background-repeat":"repeat","background-position":"center center","background-size":"auto","background-attachment":"scroll","background-type":"","background-media":"","overlay-type":"","overlay-color":"","overlay-opacity":"","overlay-gradient":""},"mobile":{"background-color":"","background-image":"","background-repeat":"repeat","background-position":"center center","background-size":"auto","background-attachment":"scroll","background-type":"","background-media":"","overlay-type":"","overlay-color":"","overlay-opacity":"","overlay-gradient":""}},"ast-content-background-meta":{"desktop":{"background-color":"var(--ast-global-color-5)","background-image":"","background-repeat":"repeat","background-position":"center center","background-size":"auto","background-attachment":"scroll","background-type":"","background-media":"","overlay-type":"","overlay-color":"","overlay-opacity":"","overlay-gradient":""},"tablet":{"background-color":"var(--ast-global-color-5)","background-image":"","background-repeat":"repeat","background-position":"center center","background-size":"auto","background-attachment":"scroll","background-type":"","background-media":"","overlay-type":"","overlay-color":"","overlay-opacity":"","overlay-gradient":""},"mobile":{"background-color":"var(--ast-global-color-5)","background-image":"","background-repeat":"repeat","background-position":"center center","background-size":"auto","background-attachment":"scroll","background-type":"","background-media":"","overlay-type":"","overlay-color":"","overlay-opacity":"","overlay-gradient":""}},"footnotes":""},"categories":[23,57],"tags":[64,18,4924,53,68,69,1001,5521,1003],"class_list":["post-84674","post","type-post","status-publish","format-standard","has-post-thumbnail","hentry","category-destacats","category-mon-collegial","tag-atencio-farmaceutica","tag-cofb","tag-collegi-de-farmaceutics-de-barcelona-cofb","tag-farmaceutics","tag-farmacia","tag-farmacia-comunitaria","tag-inhaladors","tag-inhaladors-de-pols-seca","tag-inhaladors-pressuritzats"],"yoast_head":"<!-- This site is optimized with the Yoast SEO plugin v22.4 - https:\/\/yoast.com\/wordpress\/plugins\/seo\/ -->\n<title>Farmac\u00e8utics comunitaris i d\u2019atenci\u00f3 prim\u00e0ria aprofundeixen en el maneig dels dispositius d\u2019inhalaci\u00f3 - Col\u00b7legi de Farmac\u00e8utics de Barcelona<\/title>\n<meta name=\"description\" content=\"El passat 9 d\u2019abril, el Col\u00b7legi de Farmac\u00e8utics de Barcelona (COFB) va organitzar la formaci\u00f3 \u201cDispositius d\u2019inhalaci\u00f3\u201d, amb el patrocini d\u2019AstraZeneca.\" \/>\n<meta name=\"robots\" content=\"index, follow, max-snippet:-1, max-image-preview:large, max-video-preview:-1\" \/>\n<link rel=\"canonical\" href=\"https:\/\/www.cofb.org\/es\/2026\/04\/20\/farmaceutics-comunitaris-i-datencio-primaria-aprofundeixen-en-el-maneig-dels-dispositius-dinhalacio\/\" \/>\n<meta property=\"og:locale\" content=\"es_ES\" \/>\n<meta property=\"og:type\" content=\"article\" \/>\n<meta property=\"og:title\" content=\"Farmac\u00e8utics comunitaris i d\u2019atenci\u00f3 prim\u00e0ria aprofundeixen en el maneig dels dispositius d\u2019inhalaci\u00f3 - Col\u00b7legi de Farmac\u00e8utics de Barcelona\" \/>\n<meta property=\"og:description\" content=\"El passat 9 d\u2019abril, el Col\u00b7legi de Farmac\u00e8utics de Barcelona (COFB) va organitzar la formaci\u00f3 \u201cDispositius d\u2019inhalaci\u00f3\u201d, amb el patrocini d\u2019AstraZeneca.\" \/>\n<meta property=\"og:url\" content=\"https:\/\/www.cofb.org\/es\/2026\/04\/20\/farmaceutics-comunitaris-i-datencio-primaria-aprofundeixen-en-el-maneig-dels-dispositius-dinhalacio\/\" \/>\n<meta property=\"og:site_name\" content=\"Col\u00b7legi de Farmac\u00e8utics de Barcelona\" \/>\n<meta property=\"article:publisher\" content=\"https:\/\/www.facebook.com\/farmaceuticsbcn\/\" \/>\n<meta property=\"article:published_time\" content=\"2026-04-20T10:29:41+00:00\" \/>\n<meta property=\"article:modified_time\" content=\"2026-04-27T12:02:21+00:00\" \/>\n<meta property=\"og:image\" content=\"https:\/\/www.cofb.org\/wp-content\/uploads\/2026\/04\/COFB_INHALADORS_21042026_3-scaled.jpg\" \/>\n\t<meta property=\"og:image:width\" content=\"2560\" \/>\n\t<meta property=\"og:image:height\" content=\"1440\" \/>\n\t<meta property=\"og:image:type\" content=\"image\/jpeg\" \/>\n<meta name=\"author\" content=\"Berta Mart\u00ednez\" \/>\n<meta name=\"twitter:card\" content=\"summary_large_image\" \/>\n<meta name=\"twitter:creator\" content=\"@farmaceuticsbcn\" \/>\n<meta name=\"twitter:site\" content=\"@farmaceuticsbcn\" \/>\n<meta name=\"twitter:label1\" content=\"Escrito por\" \/>\n\t<meta name=\"twitter:data1\" content=\"Berta Mart\u00ednez\" \/>\n\t<meta name=\"twitter:label2\" content=\"Tiempo de lectura\" \/>\n\t<meta name=\"twitter:data2\" content=\"3 minutos\" \/>\n<script type=\"application\/ld+json\" class=\"yoast-schema-graph\">{\"@context\":\"https:\/\/schema.org\",\"@graph\":[{\"@type\":\"Article\",\"@id\":\"https:\/\/www.cofb.org\/2026\/04\/20\/farmaceutics-comunitaris-i-datencio-primaria-aprofundeixen-en-el-maneig-dels-dispositius-dinhalacio\/#article\",\"isPartOf\":{\"@id\":\"https:\/\/www.cofb.org\/2026\/04\/20\/farmaceutics-comunitaris-i-datencio-primaria-aprofundeixen-en-el-maneig-dels-dispositius-dinhalacio\/\"},\"author\":{\"name\":\"Berta Mart\u00ednez\",\"@id\":\"https:\/\/www.cofb.org\/#\/schema\/person\/f32de3b41b812c85ff923cb4cc849063\"},\"headline\":\"Farmac\u00e8utics comunitaris i d\u2019atenci\u00f3 prim\u00e0ria aprofundeixen en el maneig dels dispositius d\u2019inhalaci\u00f3\",\"datePublished\":\"2026-04-20T10:29:41+00:00\",\"dateModified\":\"2026-04-27T12:02:21+00:00\",\"mainEntityOfPage\":{\"@id\":\"https:\/\/www.cofb.org\/2026\/04\/20\/farmaceutics-comunitaris-i-datencio-primaria-aprofundeixen-en-el-maneig-dels-dispositius-dinhalacio\/\"},\"wordCount\":411,\"publisher\":{\"@id\":\"https:\/\/www.cofb.org\/#organization\"},\"image\":{\"@id\":\"https:\/\/www.cofb.org\/2026\/04\/20\/farmaceutics-comunitaris-i-datencio-primaria-aprofundeixen-en-el-maneig-dels-dispositius-dinhalacio\/#primaryimage\"},\"thumbnailUrl\":\"https:\/\/www.cofb.org\/wp-content\/uploads\/2026\/04\/COFB_INHALADORS_21042026_3-scaled.jpg\",\"keywords\":[\"Atenci\u00f3 farmac\u00e8utica\",\"COFB\",\"Col\u00b7legi de Farmac\u00e8utics de Barcelona (COFB)\",\"farmac\u00e8utics\",\"Farm\u00e0cia\",\"farm\u00e0cia comunit\u00e0ria\",\"inhaladors\",\"inhaladors de pols seca\",\"inhaladors pressuritzats\"],\"articleSection\":[\"Destacats\",\"M\u00f3n col\u00b7legial\"],\"inLanguage\":\"es\"},{\"@type\":\"WebPage\",\"@id\":\"https:\/\/www.cofb.org\/2026\/04\/20\/farmaceutics-comunitaris-i-datencio-primaria-aprofundeixen-en-el-maneig-dels-dispositius-dinhalacio\/\",\"url\":\"https:\/\/www.cofb.org\/2026\/04\/20\/farmaceutics-comunitaris-i-datencio-primaria-aprofundeixen-en-el-maneig-dels-dispositius-dinhalacio\/\",\"name\":\"Farmac\u00e8utics comunitaris i d\u2019atenci\u00f3 prim\u00e0ria aprofundeixen en el maneig dels dispositius d\u2019inhalaci\u00f3 - Col\u00b7legi de Farmac\u00e8utics de Barcelona\",\"isPartOf\":{\"@id\":\"https:\/\/www.cofb.org\/#website\"},\"primaryImageOfPage\":{\"@id\":\"https:\/\/www.cofb.org\/2026\/04\/20\/farmaceutics-comunitaris-i-datencio-primaria-aprofundeixen-en-el-maneig-dels-dispositius-dinhalacio\/#primaryimage\"},\"image\":{\"@id\":\"https:\/\/www.cofb.org\/2026\/04\/20\/farmaceutics-comunitaris-i-datencio-primaria-aprofundeixen-en-el-maneig-dels-dispositius-dinhalacio\/#primaryimage\"},\"thumbnailUrl\":\"https:\/\/www.cofb.org\/wp-content\/uploads\/2026\/04\/COFB_INHALADORS_21042026_3-scaled.jpg\",\"datePublished\":\"2026-04-20T10:29:41+00:00\",\"dateModified\":\"2026-04-27T12:02:21+00:00\",\"description\":\"El passat 9 d\u2019abril, el Col\u00b7legi de Farmac\u00e8utics de Barcelona (COFB) va organitzar la formaci\u00f3 \u201cDispositius d\u2019inhalaci\u00f3\u201d, amb el patrocini d\u2019AstraZeneca.\",\"breadcrumb\":{\"@id\":\"https:\/\/www.cofb.org\/2026\/04\/20\/farmaceutics-comunitaris-i-datencio-primaria-aprofundeixen-en-el-maneig-dels-dispositius-dinhalacio\/#breadcrumb\"},\"inLanguage\":\"es\",\"potentialAction\":[{\"@type\":\"ReadAction\",\"target\":[\"https:\/\/www.cofb.org\/2026\/04\/20\/farmaceutics-comunitaris-i-datencio-primaria-aprofundeixen-en-el-maneig-dels-dispositius-dinhalacio\/\"]}]},{\"@type\":\"ImageObject\",\"inLanguage\":\"es\",\"@id\":\"https:\/\/www.cofb.org\/2026\/04\/20\/farmaceutics-comunitaris-i-datencio-primaria-aprofundeixen-en-el-maneig-dels-dispositius-dinhalacio\/#primaryimage\",\"url\":\"https:\/\/www.cofb.org\/wp-content\/uploads\/2026\/04\/COFB_INHALADORS_21042026_3-scaled.jpg\",\"contentUrl\":\"https:\/\/www.cofb.org\/wp-content\/uploads\/2026\/04\/COFB_INHALADORS_21042026_3-scaled.jpg\",\"width\":2560,\"height\":1440,\"caption\":\"La farmac\u00e8utica durant la seva exposici\u00f3.\"},{\"@type\":\"BreadcrumbList\",\"@id\":\"https:\/\/www.cofb.org\/2026\/04\/20\/farmaceutics-comunitaris-i-datencio-primaria-aprofundeixen-en-el-maneig-dels-dispositius-dinhalacio\/#breadcrumb\",\"itemListElement\":[{\"@type\":\"ListItem\",\"position\":1,\"name\":\"Inici\",\"item\":\"https:\/\/novaorg.cofb.net\/\"},{\"@type\":\"ListItem\",\"position\":2,\"name\":\"Farmac\u00e8utics comunitaris i d\u2019atenci\u00f3 prim\u00e0ria aprofundeixen en el maneig dels dispositius d\u2019inhalaci\u00f3\"}]},{\"@type\":\"WebSite\",\"@id\":\"https:\/\/www.cofb.org\/#website\",\"url\":\"https:\/\/www.cofb.org\/\",\"name\":\"Col\u00b7legi de Farmac\u00e8utics de Barcelona\",\"description\":\"\",\"publisher\":{\"@id\":\"https:\/\/www.cofb.org\/#organization\"},\"potentialAction\":[{\"@type\":\"SearchAction\",\"target\":{\"@type\":\"EntryPoint\",\"urlTemplate\":\"https:\/\/www.cofb.org\/?s={search_term_string}\"},\"query-input\":\"required name=search_term_string\"}],\"inLanguage\":\"es\"},{\"@type\":\"Organization\",\"@id\":\"https:\/\/www.cofb.org\/#organization\",\"name\":\"Col\u00b7legi de Farmac\u00e8utics de Barcelona\",\"url\":\"https:\/\/www.cofb.org\/\",\"logo\":{\"@type\":\"ImageObject\",\"inLanguage\":\"es\",\"@id\":\"https:\/\/www.cofb.org\/#\/schema\/logo\/image\/\",\"url\":\"https:\/\/www.cofb.org\/wp-content\/uploads\/2023\/11\/cropped-Logotip-COFB.png\",\"contentUrl\":\"https:\/\/www.cofb.org\/wp-content\/uploads\/2023\/11\/cropped-Logotip-COFB.png\",\"width\":500,\"height\":105,\"caption\":\"Col\u00b7legi de Farmac\u00e8utics de Barcelona\"},\"image\":{\"@id\":\"https:\/\/www.cofb.org\/#\/schema\/logo\/image\/\"},\"sameAs\":[\"https:\/\/www.facebook.com\/farmaceuticsbcn\/\",\"https:\/\/twitter.com\/farmaceuticsbcn\",\"https:\/\/www.instagram.com\/farmaceuticsbcn\/\",\"https:\/\/www.linkedin.com\/company\/farmaceuticsbcn\/\"]},{\"@type\":\"Person\",\"@id\":\"https:\/\/www.cofb.org\/#\/schema\/person\/f32de3b41b812c85ff923cb4cc849063\",\"name\":\"Berta Mart\u00ednez\",\"image\":{\"@type\":\"ImageObject\",\"inLanguage\":\"es\",\"@id\":\"https:\/\/www.cofb.org\/#\/schema\/person\/image\/\",\"url\":\"https:\/\/secure.gravatar.com\/avatar\/d4c584dab5da1ee9e3c3df161c0aabec7075cc8211cd46ffc79bfe177aa78b01?s=96&d=mm&r=g\",\"contentUrl\":\"https:\/\/secure.gravatar.com\/avatar\/d4c584dab5da1ee9e3c3df161c0aabec7075cc8211cd46ffc79bfe177aa78b01?s=96&d=mm&r=g\",\"caption\":\"Berta Mart\u00ednez\"},\"url\":\"https:\/\/www.cofb.org\/es\/author\/bmartinez\/\"}]}<\/script>\n<!-- \/ Yoast SEO plugin. -->","yoast_head_json":{"title":"Farmac\u00e8utics comunitaris i d\u2019atenci\u00f3 prim\u00e0ria aprofundeixen en el maneig dels dispositius d\u2019inhalaci\u00f3 - Col\u00b7legi de Farmac\u00e8utics de Barcelona","description":"El passat 9 d\u2019abril, el Col\u00b7legi de Farmac\u00e8utics de Barcelona (COFB) va organitzar la formaci\u00f3 \u201cDispositius d\u2019inhalaci\u00f3\u201d, amb el patrocini d\u2019AstraZeneca.","robots":{"index":"index","follow":"follow","max-snippet":"max-snippet:-1","max-image-preview":"max-image-preview:large","max-video-preview":"max-video-preview:-1"},"canonical":"https:\/\/www.cofb.org\/es\/2026\/04\/20\/farmaceutics-comunitaris-i-datencio-primaria-aprofundeixen-en-el-maneig-dels-dispositius-dinhalacio\/","og_locale":"es_ES","og_type":"article","og_title":"Farmac\u00e8utics comunitaris i d\u2019atenci\u00f3 prim\u00e0ria aprofundeixen en el maneig dels dispositius d\u2019inhalaci\u00f3 - Col\u00b7legi de Farmac\u00e8utics de Barcelona","og_description":"El passat 9 d\u2019abril, el Col\u00b7legi de Farmac\u00e8utics de Barcelona (COFB) va organitzar la formaci\u00f3 \u201cDispositius d\u2019inhalaci\u00f3\u201d, amb el patrocini d\u2019AstraZeneca.","og_url":"https:\/\/www.cofb.org\/es\/2026\/04\/20\/farmaceutics-comunitaris-i-datencio-primaria-aprofundeixen-en-el-maneig-dels-dispositius-dinhalacio\/","og_site_name":"Col\u00b7legi de Farmac\u00e8utics de Barcelona","article_publisher":"https:\/\/www.facebook.com\/farmaceuticsbcn\/","article_published_time":"2026-04-20T10:29:41+00:00","article_modified_time":"2026-04-27T12:02:21+00:00","og_image":[{"width":2560,"height":1440,"url":"https:\/\/www.cofb.org\/wp-content\/uploads\/2026\/04\/COFB_INHALADORS_21042026_3-scaled.jpg","type":"image\/jpeg"}],"author":"Berta Mart\u00ednez","twitter_card":"summary_large_image","twitter_creator":"@farmaceuticsbcn","twitter_site":"@farmaceuticsbcn","twitter_misc":{"Escrito por":"Berta Mart\u00ednez","Tiempo de lectura":"3 minutos"},"schema":{"@context":"https:\/\/schema.org","@graph":[{"@type":"Article","@id":"https:\/\/www.cofb.org\/2026\/04\/20\/farmaceutics-comunitaris-i-datencio-primaria-aprofundeixen-en-el-maneig-dels-dispositius-dinhalacio\/#article","isPartOf":{"@id":"https:\/\/www.cofb.org\/2026\/04\/20\/farmaceutics-comunitaris-i-datencio-primaria-aprofundeixen-en-el-maneig-dels-dispositius-dinhalacio\/"},"author":{"name":"Berta Mart\u00ednez","@id":"https:\/\/www.cofb.org\/#\/schema\/person\/f32de3b41b812c85ff923cb4cc849063"},"headline":"Farmac\u00e8utics comunitaris i d\u2019atenci\u00f3 prim\u00e0ria aprofundeixen en el maneig dels dispositius d\u2019inhalaci\u00f3","datePublished":"2026-04-20T10:29:41+00:00","dateModified":"2026-04-27T12:02:21+00:00","mainEntityOfPage":{"@id":"https:\/\/www.cofb.org\/2026\/04\/20\/farmaceutics-comunitaris-i-datencio-primaria-aprofundeixen-en-el-maneig-dels-dispositius-dinhalacio\/"},"wordCount":411,"publisher":{"@id":"https:\/\/www.cofb.org\/#organization"},"image":{"@id":"https:\/\/www.cofb.org\/2026\/04\/20\/farmaceutics-comunitaris-i-datencio-primaria-aprofundeixen-en-el-maneig-dels-dispositius-dinhalacio\/#primaryimage"},"thumbnailUrl":"https:\/\/www.cofb.org\/wp-content\/uploads\/2026\/04\/COFB_INHALADORS_21042026_3-scaled.jpg","keywords":["Atenci\u00f3 farmac\u00e8utica","COFB","Col\u00b7legi de Farmac\u00e8utics de Barcelona (COFB)","farmac\u00e8utics","Farm\u00e0cia","farm\u00e0cia comunit\u00e0ria","inhaladors","inhaladors de pols seca","inhaladors pressuritzats"],"articleSection":["Destacats","M\u00f3n col\u00b7legial"],"inLanguage":"es"},{"@type":"WebPage","@id":"https:\/\/www.cofb.org\/2026\/04\/20\/farmaceutics-comunitaris-i-datencio-primaria-aprofundeixen-en-el-maneig-dels-dispositius-dinhalacio\/","url":"https:\/\/www.cofb.org\/2026\/04\/20\/farmaceutics-comunitaris-i-datencio-primaria-aprofundeixen-en-el-maneig-dels-dispositius-dinhalacio\/","name":"Farmac\u00e8utics comunitaris i d\u2019atenci\u00f3 prim\u00e0ria aprofundeixen en el maneig dels dispositius d\u2019inhalaci\u00f3 - Col\u00b7legi de Farmac\u00e8utics de Barcelona","isPartOf":{"@id":"https:\/\/www.cofb.org\/#website"},"primaryImageOfPage":{"@id":"https:\/\/www.cofb.org\/2026\/04\/20\/farmaceutics-comunitaris-i-datencio-primaria-aprofundeixen-en-el-maneig-dels-dispositius-dinhalacio\/#primaryimage"},"image":{"@id":"https:\/\/www.cofb.org\/2026\/04\/20\/farmaceutics-comunitaris-i-datencio-primaria-aprofundeixen-en-el-maneig-dels-dispositius-dinhalacio\/#primaryimage"},"thumbnailUrl":"https:\/\/www.cofb.org\/wp-content\/uploads\/2026\/04\/COFB_INHALADORS_21042026_3-scaled.jpg","datePublished":"2026-04-20T10:29:41+00:00","dateModified":"2026-04-27T12:02:21+00:00","description":"El passat 9 d\u2019abril, el Col\u00b7legi de Farmac\u00e8utics de Barcelona (COFB) va organitzar la formaci\u00f3 \u201cDispositius d\u2019inhalaci\u00f3\u201d, amb el patrocini d\u2019AstraZeneca.","breadcrumb":{"@id":"https:\/\/www.cofb.org\/2026\/04\/20\/farmaceutics-comunitaris-i-datencio-primaria-aprofundeixen-en-el-maneig-dels-dispositius-dinhalacio\/#breadcrumb"},"inLanguage":"es","potentialAction":[{"@type":"ReadAction","target":["https:\/\/www.cofb.org\/2026\/04\/20\/farmaceutics-comunitaris-i-datencio-primaria-aprofundeixen-en-el-maneig-dels-dispositius-dinhalacio\/"]}]},{"@type":"ImageObject","inLanguage":"es","@id":"https:\/\/www.cofb.org\/2026\/04\/20\/farmaceutics-comunitaris-i-datencio-primaria-aprofundeixen-en-el-maneig-dels-dispositius-dinhalacio\/#primaryimage","url":"https:\/\/www.cofb.org\/wp-content\/uploads\/2026\/04\/COFB_INHALADORS_21042026_3-scaled.jpg","contentUrl":"https:\/\/www.cofb.org\/wp-content\/uploads\/2026\/04\/COFB_INHALADORS_21042026_3-scaled.jpg","width":2560,"height":1440,"caption":"La farmac\u00e8utica durant la seva exposici\u00f3."},{"@type":"BreadcrumbList","@id":"https:\/\/www.cofb.org\/2026\/04\/20\/farmaceutics-comunitaris-i-datencio-primaria-aprofundeixen-en-el-maneig-dels-dispositius-dinhalacio\/#breadcrumb","itemListElement":[{"@type":"ListItem","position":1,"name":"Inici","item":"https:\/\/novaorg.cofb.net\/"},{"@type":"ListItem","position":2,"name":"Farmac\u00e8utics comunitaris i d\u2019atenci\u00f3 prim\u00e0ria aprofundeixen en el maneig dels dispositius d\u2019inhalaci\u00f3"}]},{"@type":"WebSite","@id":"https:\/\/www.cofb.org\/#website","url":"https:\/\/www.cofb.org\/","name":"Col\u00b7legi de Farmac\u00e8utics de Barcelona","description":"","publisher":{"@id":"https:\/\/www.cofb.org\/#organization"},"potentialAction":[{"@type":"SearchAction","target":{"@type":"EntryPoint","urlTemplate":"https:\/\/www.cofb.org\/?s={search_term_string}"},"query-input":"required name=search_term_string"}],"inLanguage":"es"},{"@type":"Organization","@id":"https:\/\/www.cofb.org\/#organization","name":"Col\u00b7legi de Farmac\u00e8utics de Barcelona","url":"https:\/\/www.cofb.org\/","logo":{"@type":"ImageObject","inLanguage":"es","@id":"https:\/\/www.cofb.org\/#\/schema\/logo\/image\/","url":"https:\/\/www.cofb.org\/wp-content\/uploads\/2023\/11\/cropped-Logotip-COFB.png","contentUrl":"https:\/\/www.cofb.org\/wp-content\/uploads\/2023\/11\/cropped-Logotip-COFB.png","width":500,"height":105,"caption":"Col\u00b7legi de Farmac\u00e8utics de Barcelona"},"image":{"@id":"https:\/\/www.cofb.org\/#\/schema\/logo\/image\/"},"sameAs":["https:\/\/www.facebook.com\/farmaceuticsbcn\/","https:\/\/twitter.com\/farmaceuticsbcn","https:\/\/www.instagram.com\/farmaceuticsbcn\/","https:\/\/www.linkedin.com\/company\/farmaceuticsbcn\/"]},{"@type":"Person","@id":"https:\/\/www.cofb.org\/#\/schema\/person\/f32de3b41b812c85ff923cb4cc849063","name":"Berta Mart\u00ednez","image":{"@type":"ImageObject","inLanguage":"es","@id":"https:\/\/www.cofb.org\/#\/schema\/person\/image\/","url":"https:\/\/secure.gravatar.com\/avatar\/d4c584dab5da1ee9e3c3df161c0aabec7075cc8211cd46ffc79bfe177aa78b01?s=96&d=mm&r=g","contentUrl":"https:\/\/secure.gravatar.com\/avatar\/d4c584dab5da1ee9e3c3df161c0aabec7075cc8211cd46ffc79bfe177aa78b01?s=96&d=mm&r=g","caption":"Berta Mart\u00ednez"},"url":"https:\/\/www.cofb.org\/es\/author\/bmartinez\/"}]}},"uagb_featured_image_src":{"full":["https:\/\/www.cofb.org\/wp-content\/uploads\/2026\/04\/COFB_INHALADORS_21042026_3-scaled.jpg",2560,1440,false],"thumbnail":["https:\/\/www.cofb.org\/wp-content\/uploads\/2026\/04\/COFB_INHALADORS_21042026_3-150x150.jpg",150,150,true],"medium":["https:\/\/www.cofb.org\/wp-content\/uploads\/2026\/04\/COFB_INHALADORS_21042026_3-300x169.jpg",300,169,true],"medium_large":["https:\/\/www.cofb.org\/wp-content\/uploads\/2026\/04\/COFB_INHALADORS_21042026_3-768x432.jpg",768,432,true],"large":["https:\/\/www.cofb.org\/wp-content\/uploads\/2026\/04\/COFB_INHALADORS_21042026_3-1024x576.jpg",1024,576,true],"1536x1536":["https:\/\/www.cofb.org\/wp-content\/uploads\/2026\/04\/COFB_INHALADORS_21042026_3-1536x864.jpg",1536,864,true],"2048x2048":["https:\/\/www.cofb.org\/wp-content\/uploads\/2026\/04\/COFB_INHALADORS_21042026_3-2048x1152.jpg",2048,1152,true],"trp-custom-language-flag":["https:\/\/www.cofb.org\/wp-content\/uploads\/2026\/04\/COFB_INHALADORS_21042026_3-18x10.jpg",18,10,true]},"uagb_author_info":{"display_name":"Berta Mart\u00ednez","author_link":"https:\/\/www.cofb.org\/es\/author\/bmartinez\/"},"uagb_comment_info":0,"uagb_excerpt":"El passat 9 d\u2019abril, el Col\u00b7legi de Farmac\u00e8utics de Barcelona (COFB) va organitzar la formaci\u00f3 \u201cDispositius d\u2019inhalaci\u00f3\u201d, amb el patrocini d\u2019AstraZeneca. La formaci\u00f3, adre\u00e7ada a farmac\u00e8utics de farm\u00e0cia comunit\u00e0ria i d\u2019atenci\u00f3 prim\u00e0ria, va ser impartida per Cristina Lucas, farmac\u00e8utica comunit\u00e0ria, experta en atenci\u00f3 farmac\u00e8utica i farm\u00e0cia assistencial i fundadora de [&hellip;]","_links":{"self":[{"href":"https:\/\/www.cofb.org\/es\/wp-json\/wp\/v2\/posts\/84674","targetHints":{"allow":["GET"]}}],"collection":[{"href":"https:\/\/www.cofb.org\/es\/wp-json\/wp\/v2\/posts"}],"about":[{"href":"https:\/\/www.cofb.org\/es\/wp-json\/wp\/v2\/types\/post"}],"author":[{"embeddable":true,"href":"https:\/\/www.cofb.org\/es\/wp-json\/wp\/v2\/users\/3"}],"replies":[{"embeddable":true,"href":"https:\/\/www.cofb.org\/es\/wp-json\/wp\/v2\/comments?post=84674"}],"version-history":[{"count":11,"href":"https:\/\/www.cofb.org\/es\/wp-json\/wp\/v2\/posts\/84674\/revisions"}],"predecessor-version":[{"id":84734,"href":"https:\/\/www.cofb.org\/es\/wp-json\/wp\/v2\/posts\/84674\/revisions\/84734"}],"wp:featuredmedia":[{"embeddable":true,"href":"https:\/\/www.cofb.org\/es\/wp-json\/wp\/v2\/media\/84677"}],"wp:attachment":[{"href":"https:\/\/www.cofb.org\/es\/wp-json\/wp\/v2\/media?parent=84674"}],"wp:term":[{"taxonomy":"category","embeddable":true,"href":"https:\/\/www.cofb.org\/es\/wp-json\/wp\/v2\/categories?post=84674"},{"taxonomy":"post_tag","embeddable":true,"href":"https:\/\/www.cofb.org\/es\/wp-json\/wp\/v2\/tags?post=84674"}],"curies":[{"name":"wp","href":"https:\/\/api.w.org\/{rel}","templated":true}]}}