{"id":84345,"date":"2026-03-17T16:30:43","date_gmt":"2026-03-17T16:30:43","guid":{"rendered":"https:\/\/www.cofb.org\/?p=84345"},"modified":"2026-03-17T16:34:18","modified_gmt":"2026-03-17T16:34:18","slug":"la-farmacia-comunitaria-sintegra-en-el-circuit-assistencial-del-nou-mapa-de-salut-de-catalunya","status":"publish","type":"post","link":"https:\/\/www.cofb.org\/es\/2026\/03\/17\/la-farmacia-comunitaria-sintegra-en-el-circuit-assistencial-del-nou-mapa-de-salut-de-catalunya\/","title":{"rendered":"La farmacia comunitaria se integra en el circuito asistencial del nuevo Mapa de Salud de Catalunya"},"content":{"rendered":"<h4 class=\"wp-block-heading\"><strong>Art\u00edculo de Jordi Casas, presidente del Colegio de Farmac\u00e9uticos de Barcelona (COFB) y del Consejo de Colegios Farmac\u00e9uticos de Catalu\u00f1a (CCFC)<\/strong><\/h4>\n\n\n\n<div class=\"destacat-blog\">\n\n\n\n<blockquote class=\"wp-block-quote is-layout-flow wp-block-quote-is-layout-flow\">\n<p>&#8220;<strong>La inclusi\u00f3n de la farmacia comunitaria en el Mapa de Salud de Catalu\u00f1a representa un reconocimiento expl\u00edcito del papel sanitario que desempe\u00f1an los farmac\u00e9uticos, que forman parte de la estrategia de atenci\u00f3n de la salud de la poblaci\u00f3n como recurso m\u00e1s accesible, cercano a la ciudadan\u00eda y la primera puerta de entrada al sistema sanitario\u201d.<\/strong><\/p>\n<\/blockquote>\n\n\n\n<\/div>\n\n\n\n<p><\/p>\n\n\n\n<p>El <strong>nuevo Mapa de salud de Catalu\u00f1a<\/strong>, presentado el pasado mes de febrero por el Departamento de Salud de la Generalitat de Catalunya, <strong>incorpora las farmacias comunitarias en las \u00c1reas Integradas de Salud (AIS)<\/strong>. Este nuevo modelo configura un ecosistema para dar respuesta, desde el \u00e1mbito sanitario, a las necesidades actuales que tiene la poblaci\u00f3n a lo largo de su ciclo de vida y su territorio. Asimismo, con esta reorganizaci\u00f3n el Sistema Catal\u00e1n de Salud articula de forma m\u00e1s coordinada e integrada todos sus servicios -incluidas las farmacias comunitarias- para ofrecer una atenci\u00f3n basada en criterios de proximidad, coordinaci\u00f3n e integraci\u00f3n, continuidad asistencial, coproducci\u00f3n con el mundo local, equidad territorial y eficiencia y valor.<\/p>\n\n\n\n<figure class=\"wp-block-image size-full is-resized\"><a href=\"https:\/\/www.cofb.org\/wp-content\/uploads\/2026\/03\/COFB_NOU-MAPA-SANITARI_17032026.png\" target=\"_blank\" rel=\" noreferrer noopener\"><img fetchpriority=\"high\" decoding=\"async\" width=\"552\" height=\"328\" src=\"https:\/\/www.cofb.org\/wp-content\/uploads\/2026\/03\/COFB_NOU-MAPA-SANITARI_17032026.png\" alt=\"\" class=\"wp-image-84348\" style=\"width:778px;height:auto\" srcset=\"https:\/\/www.cofb.org\/wp-content\/uploads\/2026\/03\/COFB_NOU-MAPA-SANITARI_17032026.png 552w, https:\/\/www.cofb.org\/wp-content\/uploads\/2026\/03\/COFB_NOU-MAPA-SANITARI_17032026-300x178.png 300w, https:\/\/www.cofb.org\/wp-content\/uploads\/2026\/03\/COFB_NOU-MAPA-SANITARI_17032026-18x12.png 18w\" sizes=\"(max-width: 552px) 100vw, 552px\" \/><\/a><figcaption class=\"wp-element-caption\">Nuevo Mapa de salud de Catalu\u00f1a.<\/figcaption><\/figure>\n\n\n\n<p>La inclusi\u00f3n de la farmacia comunitaria en el Mapa de Salud de Catalunya representa un <strong>reconocimiento expl\u00edcito del papel sanitario que desempe\u00f1an los farmac\u00e9uticos<\/strong>, que forman parte de la estrategia de atenci\u00f3n de la salud de la poblaci\u00f3n<strong> como recurso m\u00e1s accesible, cercano a la ciudadan\u00eda<\/strong> y la <strong>primera puerta de entrada al sistema sanitario<\/strong>.<\/p>\n\n\n\n<h2 class=\"wp-block-heading\"><strong>Un recurso sanitario de confianza para la ciudadan\u00eda: prestaci\u00f3n farmac\u00e9utica, promoci\u00f3n de la salud y prevenci\u00f3n de la enfermedad<\/strong><\/h2>\n\n\n\n<p>\u00c9sta <strong>nueva planificaci\u00f3n de la red sanitaria refuerza el rol asistencial de los farmac\u00e9uticos comunitarios<\/strong> y acercar\u00e1, a\u00fan m\u00e1s, los recursos sanitarios al conjunto de la poblaci\u00f3n. La <strong>proximidad de las farmacias mejora la adherencia a los tratamientos<\/strong>, facilita la <strong>promoci\u00f3n de h\u00e1bitos de vida saludables<\/strong> y el desarrollo de <strong>programas de prevenci\u00f3n<\/strong>.<\/p>\n\n\n\n<p>Una de las funciones principales que llevamos a cabo es <strong>garantizar la prestaci\u00f3n farmac\u00e9utica<\/strong>, para que la poblaci\u00f3n pueda acceder a su medicaci\u00f3n y, sobre todo, que la tome adecuadamente. En este sentido, trabajamos para implementar la <strong>comunicaci\u00f3n entre profesionales sanitarios <\/strong>y hemos impulsado <strong>proyectos <\/strong>como la llamada <strong>Atenci\u00f3n farmac\u00e9utica en primeras dispensaciones<\/strong>, en cuyo marco el farmac\u00e9utico ofrece <strong>consejo personalizado <\/strong>cuando el usuario inicia un tratamiento en formas farmac\u00e9uticas complejas (inhaladores, anticoagulantes y antiagregantes plaquetarios, insulinas y Glucag\u00f3) para conseguir un uso m\u00e1ximo de seguro y efectivo.<\/p>\n\n\n\n<p>Por otro lado, a trav\u00e9s del <strong>seguimiento farmacoterap\u00e9utico<\/strong> con el <strong>Sistema Personalizado de Dosificiaci\u00f3n (SPD)<\/strong>, velamos por la adherencia y continuidad del tratamiento, especialmente en pacientes cr\u00f3nicos y polimedicados. Esto se ha regulado recientemente en Catalu\u00f1a con la publicaci\u00f3n del <strong>Decreto 15\/2025<\/strong>, gracias al cual se dota de contenido al servicio y representa un reconocimiento normativo en el trabajo que hacemos.<\/p>\n\n\n\n<p>Tambi\u00e9n reafirma el nuestro <strong>compromiso con la salud<\/strong> a trav\u00e9s de programas como el <strong>Programa de educaci\u00f3n sanitaria para el buen uso de los medicamentos (PESBUM)<\/strong>, el <strong>Programa de Mantenimiento con Metadona<\/strong> oa trav\u00e9s de la<strong> red de farmacias centinela<\/strong>. Sin olvidar los <strong>servicios <\/strong>y el <strong>consejo farmac\u00e9utico <\/strong>que ofrecemos a diario y que contribuyen a fomentar <strong>h\u00e1bitos de vida saludable<\/strong>; a la vez que damos respuesta a <strong>consultas frecuentes sobre s\u00edntomas menores<\/strong>.<\/p>\n\n\n\n<p>Y tambi\u00e9n tenemos un importante papel en la promoci\u00f3n de la salud y la <strong>prevenci\u00f3n de enfermedad<\/strong>. Son un ejemplo las <strong>campa\u00f1as <\/strong>en las que participamos coordinadas con la estrategia de salud p\u00fablica, como es el caso de la <strong>vacunaci\u00f3n contra la gripe y la COVID-19<\/strong>, as\u00ed como el <strong>Programa de detecci\u00f3n precoz del c\u00e1ncer de cuello uterino<\/strong>. Asimismo es importante destacar iniciativas como la <strong>unidad m\u00f3vil \u201cLa meva farm\u00e0cia, la meva salut\u201d<\/strong>. Esta campa\u00f1a ha sido clave para acercar a la ciudadan\u00eda los <strong>servicios profesionales <\/strong>que realizamos en la farmacia para cuidar su salud, y reforzar nuestra contribuci\u00f3n al buen funcionamiento y sostenibilidad del sistema sanitario y mejorar la calidad de vida de la poblaci\u00f3n.<\/p>\n\n\n\n<h2 class=\"wp-block-heading\"><strong>Una oportunidad para la profesi\u00f3n farmac\u00e9utica<\/strong><\/h2>\n\n\n\n<p>La representaci\u00f3n de la farmacia comunitaria en el Mapa de salud de Catalunya<strong> consolida el camino recorrido<\/strong> hasta ahora y <strong>reafirma su integraci\u00f3n en la red sanitaria de Catalu\u00f1a<\/strong>. As\u00ed pues, <strong>se nos reconoce como agentes sanitarios implicados en la promoci\u00f3n de la salud y la prevenci\u00f3n de la enfermedad<\/strong>. Y se <strong>refuerza el papel clave de los profesionales farmac\u00e9uticos para dar respuesta a los retos de salud presentes y futuros<\/strong>.<\/p>\n\n\n\n<p>Adem\u00e1s, desde las \u00c1reas Integradas de Salud <strong>se promover\u00e1 una mayor comunicaci\u00f3n y coordinaci\u00f3n asistencial<\/strong>, y tambi\u00e9n una <strong>participaci\u00f3n m\u00e1s activa en proyectos comunitarios y decisiones estrat\u00e9gicas de salud<\/strong>, ayudando a garantizar el acceso equitativo a los servicios sanitarios.<\/p>\n\n\n\n<p>En definitiva, la integraci\u00f3n de la farmacia comunitaria en el nuevo Mapa de Salud de Catalunya representa una <strong>oportunidad para seguir avanzando hacia un modelo de farmacia asistencial plenamente integrada en el sistema de salud.<\/strong><\/p>\n\n\n\n<p><\/p>","protected":false},"excerpt":{"rendered":"<p>Art\u00edculo de Jordi Casas, presidente del Colegio de Farmac\u00e9uticos de Barcelona (COFB) y del Consejo de Colegios Farmac\u00e9uticos de Catalu\u00f1a (CCFC) \u201cLa inclusi\u00f3n de la farmacia comunitaria en el Mapa de Salud de Catalu\u00f1a representa un reconocimiento expl\u00edcito del papel sanitario que desempe\u00f1an los farmac\u00e9uticos, que forman parte de la estrategia<\/p>","protected":false},"author":3,"featured_media":84348,"comment_status":"closed","ping_status":"closed","sticky":false,"template":"","format":"standard","meta":{"_uag_custom_page_level_css":"","site-sidebar-layout":"default","site-content-layout":"","ast-site-content-layout":"default","site-content-style":"default","site-sidebar-style":"default","ast-global-header-display":"","ast-banner-title-visibility":"","ast-main-header-display":"","ast-hfb-above-header-display":"","ast-hfb-below-header-display":"","ast-hfb-mobile-header-display":"","site-post-title":"","ast-breadcrumbs-content":"","ast-featured-img":"disabled","footer-sml-layout":"","theme-transparent-header-meta":"","adv-header-id-meta":"","stick-header-meta":"","header-above-stick-meta":"","header-main-stick-meta":"","header-below-stick-meta":"","astra-migrate-meta-layouts":"set","ast-page-background-enabled":"default","ast-page-background-meta":{"desktop":{"background-color":"var(--ast-global-color-4)","background-image":"","background-repeat":"repeat","background-position":"center center","background-size":"auto","background-attachment":"scroll","background-type":"","background-media":"","overlay-type":"","overlay-color":"","overlay-opacity":"","overlay-gradient":""},"tablet":{"background-color":"","background-image":"","background-repeat":"repeat","background-position":"center center","background-size":"auto","background-attachment":"scroll","background-type":"","background-media":"","overlay-type":"","overlay-color":"","overlay-opacity":"","overlay-gradient":""},"mobile":{"background-color":"","background-image":"","background-repeat":"repeat","background-position":"center center","background-size":"auto","background-attachment":"scroll","background-type":"","background-media":"","overlay-type":"","overlay-color":"","overlay-opacity":"","overlay-gradient":""}},"ast-content-background-meta":{"desktop":{"background-color":"var(--ast-global-color-5)","background-image":"","background-repeat":"repeat","background-position":"center center","background-size":"auto","background-attachment":"scroll","background-type":"","background-media":"","overlay-type":"","overlay-color":"","overlay-opacity":"","overlay-gradient":""},"tablet":{"background-color":"var(--ast-global-color-5)","background-image":"","background-repeat":"repeat","background-position":"center center","background-size":"auto","background-attachment":"scroll","background-type":"","background-media":"","overlay-type":"","overlay-color":"","overlay-opacity":"","overlay-gradient":""},"mobile":{"background-color":"var(--ast-global-color-5)","background-image":"","background-repeat":"repeat","background-position":"center center","background-size":"auto","background-attachment":"scroll","background-type":"","background-media":"","overlay-type":"","overlay-color":"","overlay-opacity":"","overlay-gradient":""}},"footnotes":""},"categories":[23,489],"tags":[5484,5485,5486,18,5482,5483,4852,316,318,5386],"class_list":["post-84345","post","type-post","status-publish","format-standard","has-post-thumbnail","hentry","category-destacats","category-opinions-del-collegi","tag-ais","tag-arees-integrades-de-salut","tag-arees-integrades-de-salut-ais","tag-cofb","tag-mapa-de-salut","tag-nou-mapa-de-salut-de-catalunya","tag-prestacio-farmaceutica","tag-prevencio-de-la-malaltia","tag-promocio-de-la-salut","tag-promocio-salut"],"yoast_head":"<!-- This site is optimized with the Yoast SEO plugin v22.4 - https:\/\/yoast.com\/wordpress\/plugins\/seo\/ -->\n<title>La farm\u00e0cia comunit\u00e0ria s\u2019integra en el circuit assistencial del nou Mapa de Salut de Catalunya - Col\u00b7legi de Farmac\u00e8utics de Barcelona<\/title>\n<meta name=\"description\" content=\"El nou Mapa de salut de Catalunya incorpora les farm\u00e0cies comunit\u00e0ries en les \u00c0rees Integrades de Salut (AIS).\" \/>\n<meta name=\"robots\" content=\"index, follow, max-snippet:-1, max-image-preview:large, max-video-preview:-1\" \/>\n<link rel=\"canonical\" href=\"https:\/\/www.cofb.org\/es\/2026\/03\/17\/la-farmacia-comunitaria-sintegra-en-el-circuit-assistencial-del-nou-mapa-de-salut-de-catalunya\/\" \/>\n<meta property=\"og:locale\" content=\"es_ES\" \/>\n<meta property=\"og:type\" content=\"article\" \/>\n<meta property=\"og:title\" content=\"La farm\u00e0cia comunit\u00e0ria s\u2019integra en el circuit assistencial del nou Mapa de Salut de Catalunya - Col\u00b7legi de Farmac\u00e8utics de Barcelona\" \/>\n<meta property=\"og:description\" content=\"El nou Mapa de salut de Catalunya incorpora les farm\u00e0cies comunit\u00e0ries en les \u00c0rees Integrades de Salut (AIS).\" \/>\n<meta property=\"og:url\" content=\"https:\/\/www.cofb.org\/es\/2026\/03\/17\/la-farmacia-comunitaria-sintegra-en-el-circuit-assistencial-del-nou-mapa-de-salut-de-catalunya\/\" \/>\n<meta property=\"og:site_name\" content=\"Col\u00b7legi de Farmac\u00e8utics de Barcelona\" \/>\n<meta property=\"article:publisher\" content=\"https:\/\/www.facebook.com\/farmaceuticsbcn\/\" \/>\n<meta property=\"article:published_time\" content=\"2026-03-17T16:30:43+00:00\" \/>\n<meta property=\"article:modified_time\" content=\"2026-03-17T16:34:18+00:00\" \/>\n<meta property=\"og:image\" content=\"https:\/\/www.cofb.org\/wp-content\/uploads\/2026\/03\/COFB_NOU-MAPA-SANITARI_17032026.png\" \/>\n\t<meta property=\"og:image:width\" content=\"552\" \/>\n\t<meta property=\"og:image:height\" content=\"328\" \/>\n\t<meta property=\"og:image:type\" content=\"image\/png\" \/>\n<meta name=\"author\" content=\"Berta Mart\u00ednez\" \/>\n<meta name=\"twitter:card\" content=\"summary_large_image\" \/>\n<meta name=\"twitter:creator\" content=\"@farmaceuticsbcn\" \/>\n<meta name=\"twitter:site\" content=\"@farmaceuticsbcn\" \/>\n<meta name=\"twitter:label1\" content=\"Escrito por\" \/>\n\t<meta name=\"twitter:data1\" content=\"Berta Mart\u00ednez\" \/>\n\t<meta name=\"twitter:label2\" content=\"Tiempo de lectura\" \/>\n\t<meta name=\"twitter:data2\" content=\"5 minutos\" \/>\n<script type=\"application\/ld+json\" class=\"yoast-schema-graph\">{\"@context\":\"https:\/\/schema.org\",\"@graph\":[{\"@type\":\"Article\",\"@id\":\"https:\/\/www.cofb.org\/2026\/03\/17\/la-farmacia-comunitaria-sintegra-en-el-circuit-assistencial-del-nou-mapa-de-salut-de-catalunya\/#article\",\"isPartOf\":{\"@id\":\"https:\/\/www.cofb.org\/2026\/03\/17\/la-farmacia-comunitaria-sintegra-en-el-circuit-assistencial-del-nou-mapa-de-salut-de-catalunya\/\"},\"author\":{\"name\":\"Berta Mart\u00ednez\",\"@id\":\"https:\/\/www.cofb.org\/#\/schema\/person\/f32de3b41b812c85ff923cb4cc849063\"},\"headline\":\"La farm\u00e0cia comunit\u00e0ria s\u2019integra en el circuit assistencial del nou Mapa de Salut de Catalunya\",\"datePublished\":\"2026-03-17T16:30:43+00:00\",\"dateModified\":\"2026-03-17T16:34:18+00:00\",\"mainEntityOfPage\":{\"@id\":\"https:\/\/www.cofb.org\/2026\/03\/17\/la-farmacia-comunitaria-sintegra-en-el-circuit-assistencial-del-nou-mapa-de-salut-de-catalunya\/\"},\"wordCount\":914,\"publisher\":{\"@id\":\"https:\/\/www.cofb.org\/#organization\"},\"image\":{\"@id\":\"https:\/\/www.cofb.org\/2026\/03\/17\/la-farmacia-comunitaria-sintegra-en-el-circuit-assistencial-del-nou-mapa-de-salut-de-catalunya\/#primaryimage\"},\"thumbnailUrl\":\"https:\/\/www.cofb.org\/wp-content\/uploads\/2026\/03\/COFB_NOU-MAPA-SANITARI_17032026.png\",\"keywords\":[\"AIS\",\"\u00c0rees Integrades de Salut\",\"\u00c0rees Integrades de Salut (AIS)\",\"COFB\",\"Mapa de salut\",\"nou Mapa de salut de Catalunya\",\"prestaci\u00f3 farmac\u00e8utica\",\"prevenci\u00f3 de la malaltia\",\"promoci\u00f3 de la salut\",\"promoci\u00f3 salut\"],\"articleSection\":[\"Destacats\",\"Opinions del Col\u00b7legi\"],\"inLanguage\":\"es\"},{\"@type\":\"WebPage\",\"@id\":\"https:\/\/www.cofb.org\/2026\/03\/17\/la-farmacia-comunitaria-sintegra-en-el-circuit-assistencial-del-nou-mapa-de-salut-de-catalunya\/\",\"url\":\"https:\/\/www.cofb.org\/2026\/03\/17\/la-farmacia-comunitaria-sintegra-en-el-circuit-assistencial-del-nou-mapa-de-salut-de-catalunya\/\",\"name\":\"La farm\u00e0cia comunit\u00e0ria s\u2019integra en el circuit assistencial del nou Mapa de Salut de Catalunya - Col\u00b7legi de Farmac\u00e8utics de Barcelona\",\"isPartOf\":{\"@id\":\"https:\/\/www.cofb.org\/#website\"},\"primaryImageOfPage\":{\"@id\":\"https:\/\/www.cofb.org\/2026\/03\/17\/la-farmacia-comunitaria-sintegra-en-el-circuit-assistencial-del-nou-mapa-de-salut-de-catalunya\/#primaryimage\"},\"image\":{\"@id\":\"https:\/\/www.cofb.org\/2026\/03\/17\/la-farmacia-comunitaria-sintegra-en-el-circuit-assistencial-del-nou-mapa-de-salut-de-catalunya\/#primaryimage\"},\"thumbnailUrl\":\"https:\/\/www.cofb.org\/wp-content\/uploads\/2026\/03\/COFB_NOU-MAPA-SANITARI_17032026.png\",\"datePublished\":\"2026-03-17T16:30:43+00:00\",\"dateModified\":\"2026-03-17T16:34:18+00:00\",\"description\":\"El nou Mapa de salut de Catalunya incorpora les farm\u00e0cies comunit\u00e0ries en les \u00c0rees Integrades de Salut (AIS).\",\"breadcrumb\":{\"@id\":\"https:\/\/www.cofb.org\/2026\/03\/17\/la-farmacia-comunitaria-sintegra-en-el-circuit-assistencial-del-nou-mapa-de-salut-de-catalunya\/#breadcrumb\"},\"inLanguage\":\"es\",\"potentialAction\":[{\"@type\":\"ReadAction\",\"target\":[\"https:\/\/www.cofb.org\/2026\/03\/17\/la-farmacia-comunitaria-sintegra-en-el-circuit-assistencial-del-nou-mapa-de-salut-de-catalunya\/\"]}]},{\"@type\":\"ImageObject\",\"inLanguage\":\"es\",\"@id\":\"https:\/\/www.cofb.org\/2026\/03\/17\/la-farmacia-comunitaria-sintegra-en-el-circuit-assistencial-del-nou-mapa-de-salut-de-catalunya\/#primaryimage\",\"url\":\"https:\/\/www.cofb.org\/wp-content\/uploads\/2026\/03\/COFB_NOU-MAPA-SANITARI_17032026.png\",\"contentUrl\":\"https:\/\/www.cofb.org\/wp-content\/uploads\/2026\/03\/COFB_NOU-MAPA-SANITARI_17032026.png\",\"width\":552,\"height\":328,\"caption\":\"Nou Mapa de salut de Catalunya.\"},{\"@type\":\"BreadcrumbList\",\"@id\":\"https:\/\/www.cofb.org\/2026\/03\/17\/la-farmacia-comunitaria-sintegra-en-el-circuit-assistencial-del-nou-mapa-de-salut-de-catalunya\/#breadcrumb\",\"itemListElement\":[{\"@type\":\"ListItem\",\"position\":1,\"name\":\"Inici\",\"item\":\"https:\/\/novaorg.cofb.net\/\"},{\"@type\":\"ListItem\",\"position\":2,\"name\":\"La farm\u00e0cia comunit\u00e0ria s\u2019integra en el circuit assistencial del nou Mapa de Salut de Catalunya\"}]},{\"@type\":\"WebSite\",\"@id\":\"https:\/\/www.cofb.org\/#website\",\"url\":\"https:\/\/www.cofb.org\/\",\"name\":\"Col\u00b7legi de Farmac\u00e8utics de Barcelona\",\"description\":\"\",\"publisher\":{\"@id\":\"https:\/\/www.cofb.org\/#organization\"},\"potentialAction\":[{\"@type\":\"SearchAction\",\"target\":{\"@type\":\"EntryPoint\",\"urlTemplate\":\"https:\/\/www.cofb.org\/?s={search_term_string}\"},\"query-input\":\"required name=search_term_string\"}],\"inLanguage\":\"es\"},{\"@type\":\"Organization\",\"@id\":\"https:\/\/www.cofb.org\/#organization\",\"name\":\"Col\u00b7legi de Farmac\u00e8utics de Barcelona\",\"url\":\"https:\/\/www.cofb.org\/\",\"logo\":{\"@type\":\"ImageObject\",\"inLanguage\":\"es\",\"@id\":\"https:\/\/www.cofb.org\/#\/schema\/logo\/image\/\",\"url\":\"https:\/\/www.cofb.org\/wp-content\/uploads\/2023\/11\/cropped-Logotip-COFB.png\",\"contentUrl\":\"https:\/\/www.cofb.org\/wp-content\/uploads\/2023\/11\/cropped-Logotip-COFB.png\",\"width\":500,\"height\":105,\"caption\":\"Col\u00b7legi de Farmac\u00e8utics de Barcelona\"},\"image\":{\"@id\":\"https:\/\/www.cofb.org\/#\/schema\/logo\/image\/\"},\"sameAs\":[\"https:\/\/www.facebook.com\/farmaceuticsbcn\/\",\"https:\/\/twitter.com\/farmaceuticsbcn\",\"https:\/\/www.instagram.com\/farmaceuticsbcn\/\",\"https:\/\/www.linkedin.com\/company\/farmaceuticsbcn\/\"]},{\"@type\":\"Person\",\"@id\":\"https:\/\/www.cofb.org\/#\/schema\/person\/f32de3b41b812c85ff923cb4cc849063\",\"name\":\"Berta Mart\u00ednez\",\"image\":{\"@type\":\"ImageObject\",\"inLanguage\":\"es\",\"@id\":\"https:\/\/www.cofb.org\/#\/schema\/person\/image\/\",\"url\":\"https:\/\/secure.gravatar.com\/avatar\/d4c584dab5da1ee9e3c3df161c0aabec7075cc8211cd46ffc79bfe177aa78b01?s=96&d=mm&r=g\",\"contentUrl\":\"https:\/\/secure.gravatar.com\/avatar\/d4c584dab5da1ee9e3c3df161c0aabec7075cc8211cd46ffc79bfe177aa78b01?s=96&d=mm&r=g\",\"caption\":\"Berta Mart\u00ednez\"},\"url\":\"https:\/\/www.cofb.org\/es\/author\/bmartinez\/\"}]}<\/script>\n<!-- \/ Yoast SEO plugin. -->","yoast_head_json":{"title":"La farm\u00e0cia comunit\u00e0ria s\u2019integra en el circuit assistencial del nou Mapa de Salut de Catalunya - Col\u00b7legi de Farmac\u00e8utics de Barcelona","description":"El nou Mapa de salut de Catalunya incorpora les farm\u00e0cies comunit\u00e0ries en les \u00c0rees Integrades de Salut (AIS).","robots":{"index":"index","follow":"follow","max-snippet":"max-snippet:-1","max-image-preview":"max-image-preview:large","max-video-preview":"max-video-preview:-1"},"canonical":"https:\/\/www.cofb.org\/es\/2026\/03\/17\/la-farmacia-comunitaria-sintegra-en-el-circuit-assistencial-del-nou-mapa-de-salut-de-catalunya\/","og_locale":"es_ES","og_type":"article","og_title":"La farm\u00e0cia comunit\u00e0ria s\u2019integra en el circuit assistencial del nou Mapa de Salut de Catalunya - Col\u00b7legi de Farmac\u00e8utics de Barcelona","og_description":"El nou Mapa de salut de Catalunya incorpora les farm\u00e0cies comunit\u00e0ries en les \u00c0rees Integrades de Salut (AIS).","og_url":"https:\/\/www.cofb.org\/es\/2026\/03\/17\/la-farmacia-comunitaria-sintegra-en-el-circuit-assistencial-del-nou-mapa-de-salut-de-catalunya\/","og_site_name":"Col\u00b7legi de Farmac\u00e8utics de Barcelona","article_publisher":"https:\/\/www.facebook.com\/farmaceuticsbcn\/","article_published_time":"2026-03-17T16:30:43+00:00","article_modified_time":"2026-03-17T16:34:18+00:00","og_image":[{"width":552,"height":328,"url":"https:\/\/www.cofb.org\/wp-content\/uploads\/2026\/03\/COFB_NOU-MAPA-SANITARI_17032026.png","type":"image\/png"}],"author":"Berta Mart\u00ednez","twitter_card":"summary_large_image","twitter_creator":"@farmaceuticsbcn","twitter_site":"@farmaceuticsbcn","twitter_misc":{"Escrito por":"Berta Mart\u00ednez","Tiempo de lectura":"5 minutos"},"schema":{"@context":"https:\/\/schema.org","@graph":[{"@type":"Article","@id":"https:\/\/www.cofb.org\/2026\/03\/17\/la-farmacia-comunitaria-sintegra-en-el-circuit-assistencial-del-nou-mapa-de-salut-de-catalunya\/#article","isPartOf":{"@id":"https:\/\/www.cofb.org\/2026\/03\/17\/la-farmacia-comunitaria-sintegra-en-el-circuit-assistencial-del-nou-mapa-de-salut-de-catalunya\/"},"author":{"name":"Berta Mart\u00ednez","@id":"https:\/\/www.cofb.org\/#\/schema\/person\/f32de3b41b812c85ff923cb4cc849063"},"headline":"La farm\u00e0cia comunit\u00e0ria s\u2019integra en el circuit assistencial del nou Mapa de Salut de Catalunya","datePublished":"2026-03-17T16:30:43+00:00","dateModified":"2026-03-17T16:34:18+00:00","mainEntityOfPage":{"@id":"https:\/\/www.cofb.org\/2026\/03\/17\/la-farmacia-comunitaria-sintegra-en-el-circuit-assistencial-del-nou-mapa-de-salut-de-catalunya\/"},"wordCount":914,"publisher":{"@id":"https:\/\/www.cofb.org\/#organization"},"image":{"@id":"https:\/\/www.cofb.org\/2026\/03\/17\/la-farmacia-comunitaria-sintegra-en-el-circuit-assistencial-del-nou-mapa-de-salut-de-catalunya\/#primaryimage"},"thumbnailUrl":"https:\/\/www.cofb.org\/wp-content\/uploads\/2026\/03\/COFB_NOU-MAPA-SANITARI_17032026.png","keywords":["AIS","\u00c0rees Integrades de Salut","\u00c0rees Integrades de Salut (AIS)","COFB","Mapa de salut","nou Mapa de salut de Catalunya","prestaci\u00f3 farmac\u00e8utica","prevenci\u00f3 de la malaltia","promoci\u00f3 de la salut","promoci\u00f3 salut"],"articleSection":["Destacats","Opinions del Col\u00b7legi"],"inLanguage":"es"},{"@type":"WebPage","@id":"https:\/\/www.cofb.org\/2026\/03\/17\/la-farmacia-comunitaria-sintegra-en-el-circuit-assistencial-del-nou-mapa-de-salut-de-catalunya\/","url":"https:\/\/www.cofb.org\/2026\/03\/17\/la-farmacia-comunitaria-sintegra-en-el-circuit-assistencial-del-nou-mapa-de-salut-de-catalunya\/","name":"La farm\u00e0cia comunit\u00e0ria s\u2019integra en el circuit assistencial del nou Mapa de Salut de Catalunya - Col\u00b7legi de Farmac\u00e8utics de Barcelona","isPartOf":{"@id":"https:\/\/www.cofb.org\/#website"},"primaryImageOfPage":{"@id":"https:\/\/www.cofb.org\/2026\/03\/17\/la-farmacia-comunitaria-sintegra-en-el-circuit-assistencial-del-nou-mapa-de-salut-de-catalunya\/#primaryimage"},"image":{"@id":"https:\/\/www.cofb.org\/2026\/03\/17\/la-farmacia-comunitaria-sintegra-en-el-circuit-assistencial-del-nou-mapa-de-salut-de-catalunya\/#primaryimage"},"thumbnailUrl":"https:\/\/www.cofb.org\/wp-content\/uploads\/2026\/03\/COFB_NOU-MAPA-SANITARI_17032026.png","datePublished":"2026-03-17T16:30:43+00:00","dateModified":"2026-03-17T16:34:18+00:00","description":"El nou Mapa de salut de Catalunya incorpora les farm\u00e0cies comunit\u00e0ries en les \u00c0rees Integrades de Salut (AIS).","breadcrumb":{"@id":"https:\/\/www.cofb.org\/2026\/03\/17\/la-farmacia-comunitaria-sintegra-en-el-circuit-assistencial-del-nou-mapa-de-salut-de-catalunya\/#breadcrumb"},"inLanguage":"es","potentialAction":[{"@type":"ReadAction","target":["https:\/\/www.cofb.org\/2026\/03\/17\/la-farmacia-comunitaria-sintegra-en-el-circuit-assistencial-del-nou-mapa-de-salut-de-catalunya\/"]}]},{"@type":"ImageObject","inLanguage":"es","@id":"https:\/\/www.cofb.org\/2026\/03\/17\/la-farmacia-comunitaria-sintegra-en-el-circuit-assistencial-del-nou-mapa-de-salut-de-catalunya\/#primaryimage","url":"https:\/\/www.cofb.org\/wp-content\/uploads\/2026\/03\/COFB_NOU-MAPA-SANITARI_17032026.png","contentUrl":"https:\/\/www.cofb.org\/wp-content\/uploads\/2026\/03\/COFB_NOU-MAPA-SANITARI_17032026.png","width":552,"height":328,"caption":"Nou Mapa de salut de Catalunya."},{"@type":"BreadcrumbList","@id":"https:\/\/www.cofb.org\/2026\/03\/17\/la-farmacia-comunitaria-sintegra-en-el-circuit-assistencial-del-nou-mapa-de-salut-de-catalunya\/#breadcrumb","itemListElement":[{"@type":"ListItem","position":1,"name":"Inici","item":"https:\/\/novaorg.cofb.net\/"},{"@type":"ListItem","position":2,"name":"La farm\u00e0cia comunit\u00e0ria s\u2019integra en el circuit assistencial del nou Mapa de Salut de Catalunya"}]},{"@type":"WebSite","@id":"https:\/\/www.cofb.org\/#website","url":"https:\/\/www.cofb.org\/","name":"Col\u00b7legi de Farmac\u00e8utics de Barcelona","description":"","publisher":{"@id":"https:\/\/www.cofb.org\/#organization"},"potentialAction":[{"@type":"SearchAction","target":{"@type":"EntryPoint","urlTemplate":"https:\/\/www.cofb.org\/?s={search_term_string}"},"query-input":"required name=search_term_string"}],"inLanguage":"es"},{"@type":"Organization","@id":"https:\/\/www.cofb.org\/#organization","name":"Col\u00b7legi de Farmac\u00e8utics de Barcelona","url":"https:\/\/www.cofb.org\/","logo":{"@type":"ImageObject","inLanguage":"es","@id":"https:\/\/www.cofb.org\/#\/schema\/logo\/image\/","url":"https:\/\/www.cofb.org\/wp-content\/uploads\/2023\/11\/cropped-Logotip-COFB.png","contentUrl":"https:\/\/www.cofb.org\/wp-content\/uploads\/2023\/11\/cropped-Logotip-COFB.png","width":500,"height":105,"caption":"Col\u00b7legi de Farmac\u00e8utics de Barcelona"},"image":{"@id":"https:\/\/www.cofb.org\/#\/schema\/logo\/image\/"},"sameAs":["https:\/\/www.facebook.com\/farmaceuticsbcn\/","https:\/\/twitter.com\/farmaceuticsbcn","https:\/\/www.instagram.com\/farmaceuticsbcn\/","https:\/\/www.linkedin.com\/company\/farmaceuticsbcn\/"]},{"@type":"Person","@id":"https:\/\/www.cofb.org\/#\/schema\/person\/f32de3b41b812c85ff923cb4cc849063","name":"Berta Mart\u00ednez","image":{"@type":"ImageObject","inLanguage":"es","@id":"https:\/\/www.cofb.org\/#\/schema\/person\/image\/","url":"https:\/\/secure.gravatar.com\/avatar\/d4c584dab5da1ee9e3c3df161c0aabec7075cc8211cd46ffc79bfe177aa78b01?s=96&d=mm&r=g","contentUrl":"https:\/\/secure.gravatar.com\/avatar\/d4c584dab5da1ee9e3c3df161c0aabec7075cc8211cd46ffc79bfe177aa78b01?s=96&d=mm&r=g","caption":"Berta Mart\u00ednez"},"url":"https:\/\/www.cofb.org\/es\/author\/bmartinez\/"}]}},"uagb_featured_image_src":{"full":["https:\/\/www.cofb.org\/wp-content\/uploads\/2026\/03\/COFB_NOU-MAPA-SANITARI_17032026.png",552,328,false],"thumbnail":["https:\/\/www.cofb.org\/wp-content\/uploads\/2026\/03\/COFB_NOU-MAPA-SANITARI_17032026-150x150.png",150,150,true],"medium":["https:\/\/www.cofb.org\/wp-content\/uploads\/2026\/03\/COFB_NOU-MAPA-SANITARI_17032026-300x178.png",300,178,true],"medium_large":["https:\/\/www.cofb.org\/wp-content\/uploads\/2026\/03\/COFB_NOU-MAPA-SANITARI_17032026.png",552,328,false],"large":["https:\/\/www.cofb.org\/wp-content\/uploads\/2026\/03\/COFB_NOU-MAPA-SANITARI_17032026.png",552,328,false],"1536x1536":["https:\/\/www.cofb.org\/wp-content\/uploads\/2026\/03\/COFB_NOU-MAPA-SANITARI_17032026.png",552,328,false],"2048x2048":["https:\/\/www.cofb.org\/wp-content\/uploads\/2026\/03\/COFB_NOU-MAPA-SANITARI_17032026.png",552,328,false],"trp-custom-language-flag":["https:\/\/www.cofb.org\/wp-content\/uploads\/2026\/03\/COFB_NOU-MAPA-SANITARI_17032026-18x12.png",18,12,true]},"uagb_author_info":{"display_name":"Berta Mart\u00ednez","author_link":"https:\/\/www.cofb.org\/es\/author\/bmartinez\/"},"uagb_comment_info":0,"uagb_excerpt":"Article de Jordi Casas, president del Col\u00b7legi de Farmac\u00e8utics de Barcelona (COFB) i del Consell de Col\u00b7legis Farmac\u00e8utics de Catalunya (CCFC) &#8220;La inclusi\u00f3 de la farm\u00e0cia comunit\u00e0ria en el Mapa de Salut de Catalunya representa un reconeixement expl\u00edcit del paper sanitari que exerceixen els farmac\u00e8utics, que formen part de l\u2019estrat\u00e8gia [&hellip;]","_links":{"self":[{"href":"https:\/\/www.cofb.org\/es\/wp-json\/wp\/v2\/posts\/84345","targetHints":{"allow":["GET"]}}],"collection":[{"href":"https:\/\/www.cofb.org\/es\/wp-json\/wp\/v2\/posts"}],"about":[{"href":"https:\/\/www.cofb.org\/es\/wp-json\/wp\/v2\/types\/post"}],"author":[{"embeddable":true,"href":"https:\/\/www.cofb.org\/es\/wp-json\/wp\/v2\/users\/3"}],"replies":[{"embeddable":true,"href":"https:\/\/www.cofb.org\/es\/wp-json\/wp\/v2\/comments?post=84345"}],"version-history":[{"count":4,"href":"https:\/\/www.cofb.org\/es\/wp-json\/wp\/v2\/posts\/84345\/revisions"}],"predecessor-version":[{"id":84350,"href":"https:\/\/www.cofb.org\/es\/wp-json\/wp\/v2\/posts\/84345\/revisions\/84350"}],"wp:featuredmedia":[{"embeddable":true,"href":"https:\/\/www.cofb.org\/es\/wp-json\/wp\/v2\/media\/84348"}],"wp:attachment":[{"href":"https:\/\/www.cofb.org\/es\/wp-json\/wp\/v2\/media?parent=84345"}],"wp:term":[{"taxonomy":"category","embeddable":true,"href":"https:\/\/www.cofb.org\/es\/wp-json\/wp\/v2\/categories?post=84345"},{"taxonomy":"post_tag","embeddable":true,"href":"https:\/\/www.cofb.org\/es\/wp-json\/wp\/v2\/tags?post=84345"}],"curies":[{"name":"wp","href":"https:\/\/api.w.org\/{rel}","templated":true}]}}