{"id":84248,"date":"2026-03-10T17:20:58","date_gmt":"2026-03-10T17:20:58","guid":{"rendered":"https:\/\/www.cofb.org\/?p=84248"},"modified":"2026-03-10T17:20:59","modified_gmt":"2026-03-10T17:20:59","slug":"lus-de-dermoanalitzadors-en-el-consell-farmaceutic","status":"publish","type":"post","link":"https:\/\/www.cofb.org\/es\/2026\/03\/10\/lus-de-dermoanalitzadors-en-el-consell-farmaceutic\/","title":{"rendered":"El uso de dermoanalizadores en el consejo farmac\u00e9utico"},"content":{"rendered":"<p>El <strong>Col\u00b7legi de Farmac\u00e8utics de Barcelona (COFB)<\/strong> celebr\u00f3 el 25 de febrero la formaci\u00f3n \u201c<strong>Dermonalizadores en el consejo farmac\u00e9utico<\/strong>\u201d, con la colaboraci\u00f3n de <a href=\"https:\/\/www.microcaya.com\/\" target=\"_blank\" rel=\"noreferrer noopener\">Microcaya<\/a>. La sesi\u00f3n fue impartida por <strong>Blanca L\u00e1cer<\/strong>, farmac\u00e9utica y vocal de Dermofarmacia y Formulaci\u00f3n Magistral del Colegio Oficial de Farmac\u00e9uticos de Alicante, y <strong>Marta S\u00e1nchez<\/strong>, licenciada en Farmacia y con m\u00e1ster en dermocosm\u00e9tica y formulaci\u00f3n. La vocal de Dermofarmacia y Productos Sanitarios del COFB, <strong>Marta Alcalde<\/strong>, coordin\u00f3 la formaci\u00f3n.<\/p>\n\n\n\n<figure class=\"wp-block-image size-large\"><a href=\"https:\/\/www.cofb.org\/wp-content\/uploads\/2026\/02\/COFB_DERMOANALITZADORS_26022026_01-scaled.jpg\" target=\"_blank\" rel=\" noreferrer noopener\"><img fetchpriority=\"high\" decoding=\"async\" width=\"1024\" height=\"576\" src=\"https:\/\/www.cofb.org\/wp-content\/uploads\/2026\/02\/COFB_DERMOANALITZADORS_26022026_01-1024x576.jpg\" alt=\"Marta Alcalde, vocal de Dermofarm\u00e0cia i Productes Sanitaris del COFB, va coordinar la formaci\u00f3.\" class=\"wp-image-84260\" srcset=\"https:\/\/www.cofb.org\/wp-content\/uploads\/2026\/02\/COFB_DERMOANALITZADORS_26022026_01-1024x576.jpg 1024w, https:\/\/www.cofb.org\/wp-content\/uploads\/2026\/02\/COFB_DERMOANALITZADORS_26022026_01-300x169.jpg 300w, https:\/\/www.cofb.org\/wp-content\/uploads\/2026\/02\/COFB_DERMOANALITZADORS_26022026_01-768x432.jpg 768w, https:\/\/www.cofb.org\/wp-content\/uploads\/2026\/02\/COFB_DERMOANALITZADORS_26022026_01-1536x864.jpg 1536w, https:\/\/www.cofb.org\/wp-content\/uploads\/2026\/02\/COFB_DERMOANALITZADORS_26022026_01-2048x1152.jpg 2048w, https:\/\/www.cofb.org\/wp-content\/uploads\/2026\/02\/COFB_DERMOANALITZADORS_26022026_01-18x10.jpg 18w\" sizes=\"(max-width: 1024px) 100vw, 1024px\" \/><\/a><figcaption class=\"wp-element-caption\">Marta Alcalde, vocal de Dermofarmacia y Productos Sanitarios del COFB, coordin\u00f3 la formaci\u00f3n.<\/figcaption><\/figure>\n\n\n\n<p>Los <strong>objetivos <\/strong>de la actividad formativa fueron establecer las<strong> bases de los protocolos<\/strong> del consejo dermofarmac\u00e9utico, revisar las<strong> herramientas para implementarlos<\/strong>, conocer el <strong>funcionamiento y uso de los dermoanalizadores<\/strong> y ofrecer la mejor recomendaci\u00f3n dermofarmac\u00e9utica. En su presentaci\u00f3n de la actividad, Marta Alcalde comparti\u00f3 que \u201cla idea es salir de aqu\u00ed con nuevas ideas y aprender a usar a los dermoanalizadores para ofrecer consejos m\u00e1s completos a la farmacia\u201d.<\/p>\n\n\n\n<h2 class=\"wp-block-heading\">La indicaci\u00f3n farmac\u00e9utica en patolog\u00edas dermatol\u00f3gicas<\/h2>\n\n\n\n<p>Blanca Ll\u00e1cer arranc\u00f3 su presentaci\u00f3n recordando la importancia<strong> de usar correctamente los dermoanalizadores<\/strong> para profesionalizar el consejo farmac\u00e9utico: &quot;la cosm\u00e9tica nos ayuda siempre a obtener nuestra mejor versi\u00f3n. En los \u00faltimos a\u00f1os, el mercado cosm\u00e9tico espa\u00f1ol ha ido aumentando, consiguiendo un gran volumen de facturaci\u00f3n. Los dermonalizadores tienen un papel muy importante en este aspecto&quot;.<\/p>\n\n\n\n<figure class=\"wp-block-image size-large\"><a href=\"https:\/\/www.cofb.org\/wp-content\/uploads\/2026\/02\/COFB_DERMOANALITZADORS_26022026_02-scaled.jpg\" target=\"_blank\" rel=\" noreferrer noopener\"><img decoding=\"async\" width=\"1024\" height=\"576\" src=\"https:\/\/www.cofb.org\/wp-content\/uploads\/2026\/02\/COFB_DERMOANALITZADORS_26022026_02-1024x576.jpg\" alt=\"Blanca Ll\u00e1cer, en un moment de la seva presentaci\u00f3.\" class=\"wp-image-84258\" srcset=\"https:\/\/www.cofb.org\/wp-content\/uploads\/2026\/02\/COFB_DERMOANALITZADORS_26022026_02-1024x576.jpg 1024w, https:\/\/www.cofb.org\/wp-content\/uploads\/2026\/02\/COFB_DERMOANALITZADORS_26022026_02-300x169.jpg 300w, https:\/\/www.cofb.org\/wp-content\/uploads\/2026\/02\/COFB_DERMOANALITZADORS_26022026_02-768x432.jpg 768w, https:\/\/www.cofb.org\/wp-content\/uploads\/2026\/02\/COFB_DERMOANALITZADORS_26022026_02-1536x864.jpg 1536w, https:\/\/www.cofb.org\/wp-content\/uploads\/2026\/02\/COFB_DERMOANALITZADORS_26022026_02-2048x1152.jpg 2048w, https:\/\/www.cofb.org\/wp-content\/uploads\/2026\/02\/COFB_DERMOANALITZADORS_26022026_02-18x10.jpg 18w\" sizes=\"(max-width: 1024px) 100vw, 1024px\" \/><\/a><figcaption class=\"wp-element-caption\">Blanca Ll\u00e1cer, en un momento de su presentaci\u00f3n.<\/figcaption><\/figure>\n\n\n\n<p>La vocal de Dermofarmacia del COF de Alicante comparti\u00f3 que \u201cen 2023 cada persona en Espa\u00f1a se <strong>gastaba de media 180 euros al a\u00f1o<\/strong> en <strong>cosm\u00e9tica<\/strong>. En 2024, ya se lleg\u00f3 a <strong>221\u20ac<\/strong>. La farmacia es actualmente el tercer canal que la poblaci\u00f3n tiene en la cabeza a la hora <strong>de adquirir productos cosm\u00e9ticos<\/strong>&quot;. Haciendo referencia a estudios realizados por <strong>diferentes sociedades cient\u00edficas<\/strong>, \u201clas <strong>erosiones cut\u00e1neas <\/strong>son la segunda causa del problema de salud m\u00e1s consultado entre los usuarios. En cuanto a la<strong> indicaci\u00f3n farmac\u00e9utica<\/strong> en patolog\u00edas dermatol\u00f3gicas, el 75% de los pacientes eligen al <strong>farmac\u00e9utico comunitario<\/strong>. Por \u00faltimo, hay que remarcar que el<strong> 70% de las consultas no necesita derivaci\u00f3n<\/strong> al especialista\u201d.<\/p>\n\n\n\n<h2 class=\"wp-block-heading\">Practicando con los dermoanalizadores<\/h2>\n\n\n\n<p>Durante la parte pr\u00e1ctica de la formaci\u00f3n, <strong>Marta S\u00e1nchez<\/strong> ense\u00f1\u00f3 c\u00f3mo<strong> usar correctamente los dermoanalizadores<\/strong>, describir las diferentes funciones del aparato y ofrecer al usuario<strong> diferentes alternativas <\/strong>seg\u00fan los resultados obtenidos: \u201ces importante decidir d\u00f3nde se querr\u00e1 <strong>medir la grasa con el aparato<\/strong>, que puede ser la piel facial o la capilar. El dermoanalizador nos permite estudiar diversas problem\u00e1ticas de la piel, como las <strong>arrugas <\/strong>o uno <strong>eritema<\/strong>\u201d.<\/p>\n\n\n\n<figure class=\"wp-block-image size-large\"><a href=\"https:\/\/www.cofb.org\/wp-content\/uploads\/2026\/02\/COFB_DERMOANALITZADORS_26022026_03-scaled.jpg\" target=\"_blank\" rel=\" noreferrer noopener\"><img decoding=\"async\" width=\"1024\" height=\"576\" src=\"https:\/\/www.cofb.org\/wp-content\/uploads\/2026\/02\/COFB_DERMOANALITZADORS_26022026_03-1024x576.jpg\" alt=\"L'\u00fas dels dermoanalitzadors va ser explicat per Marta S\u00e1nchez.\" class=\"wp-image-84259\" srcset=\"https:\/\/www.cofb.org\/wp-content\/uploads\/2026\/02\/COFB_DERMOANALITZADORS_26022026_03-1024x576.jpg 1024w, https:\/\/www.cofb.org\/wp-content\/uploads\/2026\/02\/COFB_DERMOANALITZADORS_26022026_03-300x169.jpg 300w, https:\/\/www.cofb.org\/wp-content\/uploads\/2026\/02\/COFB_DERMOANALITZADORS_26022026_03-768x432.jpg 768w, https:\/\/www.cofb.org\/wp-content\/uploads\/2026\/02\/COFB_DERMOANALITZADORS_26022026_03-1536x864.jpg 1536w, https:\/\/www.cofb.org\/wp-content\/uploads\/2026\/02\/COFB_DERMOANALITZADORS_26022026_03-2048x1152.jpg 2048w, https:\/\/www.cofb.org\/wp-content\/uploads\/2026\/02\/COFB_DERMOANALITZADORS_26022026_03-18x10.jpg 18w\" sizes=\"(max-width: 1024px) 100vw, 1024px\" \/><\/a><figcaption class=\"wp-element-caption\">El uso de los dermoanalizadores fue explicado por Marta S\u00e1nchez.<\/figcaption><\/figure>\n\n\n\n<p>La farmac\u00e9utica explic\u00f3 <strong>diferentes protocolos de actuaci\u00f3n farmac\u00e9utica<\/strong>, destacando &quot;la entrevista cl\u00ednica donde el farmac\u00e9utico recopila la informaci\u00f3n necesaria para guiar el diagn\u00f3stico y tratamiento. Se analiza la dieta, si se toma alcohol, el nivel de estr\u00e9s, la actividad f\u00edsica, la rutina cosm\u00e9tica actual, la suplementaci\u00f3n y los tratamientos de medicina est\u00e9tica&quot;.<\/p>\n\n\n\n<p>Para conseguir que el farmac\u00e9utico <strong>se especialice en dermofarmacia<\/strong>, S\u00e1nchez remarc\u00f3 \u201cel hecho de tomar conciencia cuando la piel afecta a la calidad de vida, saber escoger los productos cient\u00edficos, conocer la rentabilidad y, finalmente, proporcionar consejos que aporten valor referente en el cuidado de la piel\u201d.<\/p>\n\n\n\n<p class=\"has-text-align-right\"><strong>Con la colaboraci\u00f3n de:<\/strong><\/p>\n\n\n\n<figure class=\"wp-block-image alignright size-large is-resized\"><a href=\"https:\/\/www.microcaya.com\/\" target=\"_blank\" rel=\"noreferrer noopener\"><img loading=\"lazy\" decoding=\"async\" width=\"1024\" height=\"448\" src=\"https:\/\/www.cofb.org\/wp-content\/uploads\/2025\/12\/MICROCAYA_logo_transparent-1024x448.png\" alt=\"\" class=\"wp-image-83247\" style=\"width:197px;height:auto\" srcset=\"https:\/\/www.cofb.org\/wp-content\/uploads\/2025\/12\/MICROCAYA_logo_transparent-1024x448.png 1024w, https:\/\/www.cofb.org\/wp-content\/uploads\/2025\/12\/MICROCAYA_logo_transparent-300x131.png 300w, https:\/\/www.cofb.org\/wp-content\/uploads\/2025\/12\/MICROCAYA_logo_transparent-768x336.png 768w, https:\/\/www.cofb.org\/wp-content\/uploads\/2025\/12\/MICROCAYA_logo_transparent-1536x672.png 1536w, https:\/\/www.cofb.org\/wp-content\/uploads\/2025\/12\/MICROCAYA_logo_transparent-18x8.png 18w, https:\/\/www.cofb.org\/wp-content\/uploads\/2025\/12\/MICROCAYA_logo_transparent.png 1600w\" sizes=\"(max-width: 1024px) 100vw, 1024px\" \/><\/a><\/figure>\n\n\n\n<p><\/p>","protected":false},"excerpt":{"rendered":"<p>El Colegio de Farmac\u00e9uticos de Barcelona (COFB) celebr\u00f3 el 25 de febrero la formaci\u00f3n \u201cDermoanalizadores en el consejo farmac\u00e9utico\u201d, con la colaboraci\u00f3n de Microcaya. La sesi\u00f3n fue impartida por Blanca Ll\u00e1cer, farmac\u00e9utica y vocal de Dermofarmacia y Formulaci\u00f3n Magistral del Colegio Oficial de Farmac\u00e9uticos de Alicante, y Marta S\u00e1nchez, [\u2026]<\/p>","protected":false},"author":10,"featured_media":84261,"comment_status":"closed","ping_status":"closed","sticky":false,"template":"","format":"standard","meta":{"_uag_custom_page_level_css":"","site-sidebar-layout":"default","site-content-layout":"","ast-site-content-layout":"default","site-content-style":"default","site-sidebar-style":"default","ast-global-header-display":"","ast-banner-title-visibility":"","ast-main-header-display":"","ast-hfb-above-header-display":"","ast-hfb-below-header-display":"","ast-hfb-mobile-header-display":"","site-post-title":"","ast-breadcrumbs-content":"","ast-featured-img":"disabled","footer-sml-layout":"","theme-transparent-header-meta":"","adv-header-id-meta":"","stick-header-meta":"","header-above-stick-meta":"","header-main-stick-meta":"","header-below-stick-meta":"","astra-migrate-meta-layouts":"set","ast-page-background-enabled":"default","ast-page-background-meta":{"desktop":{"background-color":"var(--ast-global-color-4)","background-image":"","background-repeat":"repeat","background-position":"center center","background-size":"auto","background-attachment":"scroll","background-type":"","background-media":"","overlay-type":"","overlay-color":"","overlay-opacity":"","overlay-gradient":""},"tablet":{"background-color":"","background-image":"","background-repeat":"repeat","background-position":"center center","background-size":"auto","background-attachment":"scroll","background-type":"","background-media":"","overlay-type":"","overlay-color":"","overlay-opacity":"","overlay-gradient":""},"mobile":{"background-color":"","background-image":"","background-repeat":"repeat","background-position":"center center","background-size":"auto","background-attachment":"scroll","background-type":"","background-media":"","overlay-type":"","overlay-color":"","overlay-opacity":"","overlay-gradient":""}},"ast-content-background-meta":{"desktop":{"background-color":"var(--ast-global-color-5)","background-image":"","background-repeat":"repeat","background-position":"center center","background-size":"auto","background-attachment":"scroll","background-type":"","background-media":"","overlay-type":"","overlay-color":"","overlay-opacity":"","overlay-gradient":""},"tablet":{"background-color":"var(--ast-global-color-5)","background-image":"","background-repeat":"repeat","background-position":"center center","background-size":"auto","background-attachment":"scroll","background-type":"","background-media":"","overlay-type":"","overlay-color":"","overlay-opacity":"","overlay-gradient":""},"mobile":{"background-color":"var(--ast-global-color-5)","background-image":"","background-repeat":"repeat","background-position":"center center","background-size":"auto","background-attachment":"scroll","background-type":"","background-media":"","overlay-type":"","overlay-color":"","overlay-opacity":"","overlay-gradient":""}},"footnotes":""},"categories":[23,57],"tags":[64,18,19,37,5469,5470,70,76,710,5449],"class_list":["post-84248","post","type-post","status-publish","format-standard","has-post-thumbnail","hentry","category-destacats","category-mon-collegial","tag-atencio-farmaceutica","tag-cofb","tag-collegi-de-farmaceutics-de-barcelona","tag-consell-farmaceutic","tag-dermoanalitzadors","tag-erosions-cutanies","tag-formacio","tag-oficina-de-farmacia","tag-pell","tag-protocols"],"yoast_head":"<!-- This site is optimized with the Yoast SEO plugin v22.4 - https:\/\/yoast.com\/wordpress\/plugins\/seo\/ -->\n<title>L&#039;\u00fas de dermoanalitzadors en el consell farmac\u00e8utic - Col\u00b7legi de Farmac\u00e8utics de Barcelona<\/title>\n<meta name=\"description\" content=\"El passat 25 de febrer, el COFB va organitzar la formaci\u00f3 \u201cDermoanalitzadors en el consell farmac\u00e8utic\u201d, amb la col\u00b7laboraci\u00f3 de Microcaya\" \/>\n<meta name=\"robots\" content=\"index, follow, max-snippet:-1, max-image-preview:large, max-video-preview:-1\" \/>\n<link rel=\"canonical\" href=\"https:\/\/www.cofb.org\/es\/2026\/03\/10\/lus-de-dermoanalitzadors-en-el-consell-farmaceutic\/\" \/>\n<meta property=\"og:locale\" content=\"es_ES\" \/>\n<meta property=\"og:type\" content=\"article\" \/>\n<meta property=\"og:title\" content=\"L&#039;\u00fas de dermoanalitzadors en el consell farmac\u00e8utic - Col\u00b7legi de Farmac\u00e8utics de Barcelona\" \/>\n<meta property=\"og:description\" content=\"El passat 25 de febrer, el COFB va organitzar la formaci\u00f3 \u201cDermoanalitzadors en el consell farmac\u00e8utic\u201d, amb la col\u00b7laboraci\u00f3 de Microcaya\" \/>\n<meta property=\"og:url\" content=\"https:\/\/www.cofb.org\/es\/2026\/03\/10\/lus-de-dermoanalitzadors-en-el-consell-farmaceutic\/\" \/>\n<meta property=\"og:site_name\" content=\"Col\u00b7legi de Farmac\u00e8utics de Barcelona\" \/>\n<meta property=\"article:publisher\" content=\"https:\/\/www.facebook.com\/farmaceuticsbcn\/\" \/>\n<meta property=\"article:published_time\" content=\"2026-03-10T17:20:58+00:00\" \/>\n<meta property=\"article:modified_time\" content=\"2026-03-10T17:20:59+00:00\" \/>\n<meta property=\"og:image\" content=\"https:\/\/www.cofb.org\/wp-content\/uploads\/2026\/02\/COFB_DERMOANALITZADORS_26022026_04-scaled.jpg\" \/>\n\t<meta property=\"og:image:width\" content=\"2560\" \/>\n\t<meta property=\"og:image:height\" content=\"1440\" \/>\n\t<meta property=\"og:image:type\" content=\"image\/jpeg\" \/>\n<meta name=\"author\" content=\"Xavier Magraner\" \/>\n<meta name=\"twitter:card\" content=\"summary_large_image\" \/>\n<meta name=\"twitter:creator\" content=\"@farmaceuticsbcn\" \/>\n<meta name=\"twitter:site\" content=\"@farmaceuticsbcn\" \/>\n<meta name=\"twitter:label1\" content=\"Escrito por\" \/>\n\t<meta name=\"twitter:data1\" content=\"Xavier Magraner\" \/>\n\t<meta name=\"twitter:label2\" content=\"Tiempo de lectura\" \/>\n\t<meta name=\"twitter:data2\" content=\"4 minutos\" \/>\n<script type=\"application\/ld+json\" class=\"yoast-schema-graph\">{\"@context\":\"https:\/\/schema.org\",\"@graph\":[{\"@type\":\"Article\",\"@id\":\"https:\/\/www.cofb.org\/2026\/03\/10\/lus-de-dermoanalitzadors-en-el-consell-farmaceutic\/#article\",\"isPartOf\":{\"@id\":\"https:\/\/www.cofb.org\/2026\/03\/10\/lus-de-dermoanalitzadors-en-el-consell-farmaceutic\/\"},\"author\":{\"name\":\"Xavier Magraner\",\"@id\":\"https:\/\/www.cofb.org\/#\/schema\/person\/e46d741cfb92c985a083d163d8270ae4\"},\"headline\":\"L&#8217;\u00fas de dermoanalitzadors en el consell farmac\u00e8utic\",\"datePublished\":\"2026-03-10T17:20:58+00:00\",\"dateModified\":\"2026-03-10T17:20:59+00:00\",\"mainEntityOfPage\":{\"@id\":\"https:\/\/www.cofb.org\/2026\/03\/10\/lus-de-dermoanalitzadors-en-el-consell-farmaceutic\/\"},\"wordCount\":601,\"publisher\":{\"@id\":\"https:\/\/www.cofb.org\/#organization\"},\"image\":{\"@id\":\"https:\/\/www.cofb.org\/2026\/03\/10\/lus-de-dermoanalitzadors-en-el-consell-farmaceutic\/#primaryimage\"},\"thumbnailUrl\":\"https:\/\/www.cofb.org\/wp-content\/uploads\/2026\/02\/COFB_DERMOANALITZADORS_26022026_04-scaled.jpg\",\"keywords\":[\"Atenci\u00f3 farmac\u00e8utica\",\"COFB\",\"Col\u00b7legi de Farmac\u00e8utics de Barcelona\",\"consell farmac\u00e8utic\",\"dermoanalitzadors\",\"erosions cut\u00e0nies\",\"Formaci\u00f3\",\"Oficina de farm\u00e0cia\",\"pell\",\"protocols\"],\"articleSection\":[\"Destacats\",\"M\u00f3n col\u00b7legial\"],\"inLanguage\":\"es\"},{\"@type\":\"WebPage\",\"@id\":\"https:\/\/www.cofb.org\/2026\/03\/10\/lus-de-dermoanalitzadors-en-el-consell-farmaceutic\/\",\"url\":\"https:\/\/www.cofb.org\/2026\/03\/10\/lus-de-dermoanalitzadors-en-el-consell-farmaceutic\/\",\"name\":\"L'\u00fas de dermoanalitzadors en el consell farmac\u00e8utic - Col\u00b7legi de Farmac\u00e8utics de Barcelona\",\"isPartOf\":{\"@id\":\"https:\/\/www.cofb.org\/#website\"},\"primaryImageOfPage\":{\"@id\":\"https:\/\/www.cofb.org\/2026\/03\/10\/lus-de-dermoanalitzadors-en-el-consell-farmaceutic\/#primaryimage\"},\"image\":{\"@id\":\"https:\/\/www.cofb.org\/2026\/03\/10\/lus-de-dermoanalitzadors-en-el-consell-farmaceutic\/#primaryimage\"},\"thumbnailUrl\":\"https:\/\/www.cofb.org\/wp-content\/uploads\/2026\/02\/COFB_DERMOANALITZADORS_26022026_04-scaled.jpg\",\"datePublished\":\"2026-03-10T17:20:58+00:00\",\"dateModified\":\"2026-03-10T17:20:59+00:00\",\"description\":\"El passat 25 de febrer, el COFB va organitzar la formaci\u00f3 \u201cDermoanalitzadors en el consell farmac\u00e8utic\u201d, amb la col\u00b7laboraci\u00f3 de Microcaya\",\"breadcrumb\":{\"@id\":\"https:\/\/www.cofb.org\/2026\/03\/10\/lus-de-dermoanalitzadors-en-el-consell-farmaceutic\/#breadcrumb\"},\"inLanguage\":\"es\",\"potentialAction\":[{\"@type\":\"ReadAction\",\"target\":[\"https:\/\/www.cofb.org\/2026\/03\/10\/lus-de-dermoanalitzadors-en-el-consell-farmaceutic\/\"]}]},{\"@type\":\"ImageObject\",\"inLanguage\":\"es\",\"@id\":\"https:\/\/www.cofb.org\/2026\/03\/10\/lus-de-dermoanalitzadors-en-el-consell-farmaceutic\/#primaryimage\",\"url\":\"https:\/\/www.cofb.org\/wp-content\/uploads\/2026\/02\/COFB_DERMOANALITZADORS_26022026_04-scaled.jpg\",\"contentUrl\":\"https:\/\/www.cofb.org\/wp-content\/uploads\/2026\/02\/COFB_DERMOANALITZADORS_26022026_04-scaled.jpg\",\"width\":2560,\"height\":1440},{\"@type\":\"BreadcrumbList\",\"@id\":\"https:\/\/www.cofb.org\/2026\/03\/10\/lus-de-dermoanalitzadors-en-el-consell-farmaceutic\/#breadcrumb\",\"itemListElement\":[{\"@type\":\"ListItem\",\"position\":1,\"name\":\"Inici\",\"item\":\"https:\/\/novaorg.cofb.net\/\"},{\"@type\":\"ListItem\",\"position\":2,\"name\":\"L&#8217;\u00fas de dermoanalitzadors en el consell farmac\u00e8utic\"}]},{\"@type\":\"WebSite\",\"@id\":\"https:\/\/www.cofb.org\/#website\",\"url\":\"https:\/\/www.cofb.org\/\",\"name\":\"Col\u00b7legi de Farmac\u00e8utics de Barcelona\",\"description\":\"\",\"publisher\":{\"@id\":\"https:\/\/www.cofb.org\/#organization\"},\"potentialAction\":[{\"@type\":\"SearchAction\",\"target\":{\"@type\":\"EntryPoint\",\"urlTemplate\":\"https:\/\/www.cofb.org\/?s={search_term_string}\"},\"query-input\":\"required name=search_term_string\"}],\"inLanguage\":\"es\"},{\"@type\":\"Organization\",\"@id\":\"https:\/\/www.cofb.org\/#organization\",\"name\":\"Col\u00b7legi de Farmac\u00e8utics de Barcelona\",\"url\":\"https:\/\/www.cofb.org\/\",\"logo\":{\"@type\":\"ImageObject\",\"inLanguage\":\"es\",\"@id\":\"https:\/\/www.cofb.org\/#\/schema\/logo\/image\/\",\"url\":\"https:\/\/www.cofb.org\/wp-content\/uploads\/2023\/11\/cropped-Logotip-COFB.png\",\"contentUrl\":\"https:\/\/www.cofb.org\/wp-content\/uploads\/2023\/11\/cropped-Logotip-COFB.png\",\"width\":500,\"height\":105,\"caption\":\"Col\u00b7legi de Farmac\u00e8utics de Barcelona\"},\"image\":{\"@id\":\"https:\/\/www.cofb.org\/#\/schema\/logo\/image\/\"},\"sameAs\":[\"https:\/\/www.facebook.com\/farmaceuticsbcn\/\",\"https:\/\/twitter.com\/farmaceuticsbcn\",\"https:\/\/www.instagram.com\/farmaceuticsbcn\/\",\"https:\/\/www.linkedin.com\/company\/farmaceuticsbcn\/\"]},{\"@type\":\"Person\",\"@id\":\"https:\/\/www.cofb.org\/#\/schema\/person\/e46d741cfb92c985a083d163d8270ae4\",\"name\":\"Xavier Magraner\",\"image\":{\"@type\":\"ImageObject\",\"inLanguage\":\"es\",\"@id\":\"https:\/\/www.cofb.org\/#\/schema\/person\/image\/\",\"url\":\"https:\/\/secure.gravatar.com\/avatar\/aa0d1d4df59f71f88eebd5796c5388ff41c58d83c5301eb6e1d65646a289c37d?s=96&d=mm&r=g\",\"contentUrl\":\"https:\/\/secure.gravatar.com\/avatar\/aa0d1d4df59f71f88eebd5796c5388ff41c58d83c5301eb6e1d65646a289c37d?s=96&d=mm&r=g\",\"caption\":\"Xavier Magraner\"},\"url\":\"https:\/\/www.cofb.org\/es\/author\/xmagraner\/\"}]}<\/script>\n<!-- \/ Yoast SEO plugin. -->","yoast_head_json":{"title":"L'\u00fas de dermoanalitzadors en el consell farmac\u00e8utic - Col\u00b7legi de Farmac\u00e8utics de Barcelona","description":"El passat 25 de febrer, el COFB va organitzar la formaci\u00f3 \u201cDermoanalitzadors en el consell farmac\u00e8utic\u201d, amb la col\u00b7laboraci\u00f3 de Microcaya","robots":{"index":"index","follow":"follow","max-snippet":"max-snippet:-1","max-image-preview":"max-image-preview:large","max-video-preview":"max-video-preview:-1"},"canonical":"https:\/\/www.cofb.org\/es\/2026\/03\/10\/lus-de-dermoanalitzadors-en-el-consell-farmaceutic\/","og_locale":"es_ES","og_type":"article","og_title":"L'\u00fas de dermoanalitzadors en el consell farmac\u00e8utic - Col\u00b7legi de Farmac\u00e8utics de Barcelona","og_description":"El passat 25 de febrer, el COFB va organitzar la formaci\u00f3 \u201cDermoanalitzadors en el consell farmac\u00e8utic\u201d, amb la col\u00b7laboraci\u00f3 de Microcaya","og_url":"https:\/\/www.cofb.org\/es\/2026\/03\/10\/lus-de-dermoanalitzadors-en-el-consell-farmaceutic\/","og_site_name":"Col\u00b7legi de Farmac\u00e8utics de Barcelona","article_publisher":"https:\/\/www.facebook.com\/farmaceuticsbcn\/","article_published_time":"2026-03-10T17:20:58+00:00","article_modified_time":"2026-03-10T17:20:59+00:00","og_image":[{"width":2560,"height":1440,"url":"https:\/\/www.cofb.org\/wp-content\/uploads\/2026\/02\/COFB_DERMOANALITZADORS_26022026_04-scaled.jpg","type":"image\/jpeg"}],"author":"Xavier Magraner","twitter_card":"summary_large_image","twitter_creator":"@farmaceuticsbcn","twitter_site":"@farmaceuticsbcn","twitter_misc":{"Escrito por":"Xavier Magraner","Tiempo de lectura":"4 minutos"},"schema":{"@context":"https:\/\/schema.org","@graph":[{"@type":"Article","@id":"https:\/\/www.cofb.org\/2026\/03\/10\/lus-de-dermoanalitzadors-en-el-consell-farmaceutic\/#article","isPartOf":{"@id":"https:\/\/www.cofb.org\/2026\/03\/10\/lus-de-dermoanalitzadors-en-el-consell-farmaceutic\/"},"author":{"name":"Xavier Magraner","@id":"https:\/\/www.cofb.org\/#\/schema\/person\/e46d741cfb92c985a083d163d8270ae4"},"headline":"L&#8217;\u00fas de dermoanalitzadors en el consell farmac\u00e8utic","datePublished":"2026-03-10T17:20:58+00:00","dateModified":"2026-03-10T17:20:59+00:00","mainEntityOfPage":{"@id":"https:\/\/www.cofb.org\/2026\/03\/10\/lus-de-dermoanalitzadors-en-el-consell-farmaceutic\/"},"wordCount":601,"publisher":{"@id":"https:\/\/www.cofb.org\/#organization"},"image":{"@id":"https:\/\/www.cofb.org\/2026\/03\/10\/lus-de-dermoanalitzadors-en-el-consell-farmaceutic\/#primaryimage"},"thumbnailUrl":"https:\/\/www.cofb.org\/wp-content\/uploads\/2026\/02\/COFB_DERMOANALITZADORS_26022026_04-scaled.jpg","keywords":["Atenci\u00f3 farmac\u00e8utica","COFB","Col\u00b7legi de Farmac\u00e8utics de Barcelona","consell farmac\u00e8utic","dermoanalitzadors","erosions cut\u00e0nies","Formaci\u00f3","Oficina de farm\u00e0cia","pell","protocols"],"articleSection":["Destacats","M\u00f3n col\u00b7legial"],"inLanguage":"es"},{"@type":"WebPage","@id":"https:\/\/www.cofb.org\/2026\/03\/10\/lus-de-dermoanalitzadors-en-el-consell-farmaceutic\/","url":"https:\/\/www.cofb.org\/2026\/03\/10\/lus-de-dermoanalitzadors-en-el-consell-farmaceutic\/","name":"L'\u00fas de dermoanalitzadors en el consell farmac\u00e8utic - Col\u00b7legi de Farmac\u00e8utics de Barcelona","isPartOf":{"@id":"https:\/\/www.cofb.org\/#website"},"primaryImageOfPage":{"@id":"https:\/\/www.cofb.org\/2026\/03\/10\/lus-de-dermoanalitzadors-en-el-consell-farmaceutic\/#primaryimage"},"image":{"@id":"https:\/\/www.cofb.org\/2026\/03\/10\/lus-de-dermoanalitzadors-en-el-consell-farmaceutic\/#primaryimage"},"thumbnailUrl":"https:\/\/www.cofb.org\/wp-content\/uploads\/2026\/02\/COFB_DERMOANALITZADORS_26022026_04-scaled.jpg","datePublished":"2026-03-10T17:20:58+00:00","dateModified":"2026-03-10T17:20:59+00:00","description":"El passat 25 de febrer, el COFB va organitzar la formaci\u00f3 \u201cDermoanalitzadors en el consell farmac\u00e8utic\u201d, amb la col\u00b7laboraci\u00f3 de Microcaya","breadcrumb":{"@id":"https:\/\/www.cofb.org\/2026\/03\/10\/lus-de-dermoanalitzadors-en-el-consell-farmaceutic\/#breadcrumb"},"inLanguage":"es","potentialAction":[{"@type":"ReadAction","target":["https:\/\/www.cofb.org\/2026\/03\/10\/lus-de-dermoanalitzadors-en-el-consell-farmaceutic\/"]}]},{"@type":"ImageObject","inLanguage":"es","@id":"https:\/\/www.cofb.org\/2026\/03\/10\/lus-de-dermoanalitzadors-en-el-consell-farmaceutic\/#primaryimage","url":"https:\/\/www.cofb.org\/wp-content\/uploads\/2026\/02\/COFB_DERMOANALITZADORS_26022026_04-scaled.jpg","contentUrl":"https:\/\/www.cofb.org\/wp-content\/uploads\/2026\/02\/COFB_DERMOANALITZADORS_26022026_04-scaled.jpg","width":2560,"height":1440},{"@type":"BreadcrumbList","@id":"https:\/\/www.cofb.org\/2026\/03\/10\/lus-de-dermoanalitzadors-en-el-consell-farmaceutic\/#breadcrumb","itemListElement":[{"@type":"ListItem","position":1,"name":"Inici","item":"https:\/\/novaorg.cofb.net\/"},{"@type":"ListItem","position":2,"name":"L&#8217;\u00fas de dermoanalitzadors en el consell farmac\u00e8utic"}]},{"@type":"WebSite","@id":"https:\/\/www.cofb.org\/#website","url":"https:\/\/www.cofb.org\/","name":"Col\u00b7legi de Farmac\u00e8utics de Barcelona","description":"","publisher":{"@id":"https:\/\/www.cofb.org\/#organization"},"potentialAction":[{"@type":"SearchAction","target":{"@type":"EntryPoint","urlTemplate":"https:\/\/www.cofb.org\/?s={search_term_string}"},"query-input":"required name=search_term_string"}],"inLanguage":"es"},{"@type":"Organization","@id":"https:\/\/www.cofb.org\/#organization","name":"Col\u00b7legi de Farmac\u00e8utics de Barcelona","url":"https:\/\/www.cofb.org\/","logo":{"@type":"ImageObject","inLanguage":"es","@id":"https:\/\/www.cofb.org\/#\/schema\/logo\/image\/","url":"https:\/\/www.cofb.org\/wp-content\/uploads\/2023\/11\/cropped-Logotip-COFB.png","contentUrl":"https:\/\/www.cofb.org\/wp-content\/uploads\/2023\/11\/cropped-Logotip-COFB.png","width":500,"height":105,"caption":"Col\u00b7legi de Farmac\u00e8utics de Barcelona"},"image":{"@id":"https:\/\/www.cofb.org\/#\/schema\/logo\/image\/"},"sameAs":["https:\/\/www.facebook.com\/farmaceuticsbcn\/","https:\/\/twitter.com\/farmaceuticsbcn","https:\/\/www.instagram.com\/farmaceuticsbcn\/","https:\/\/www.linkedin.com\/company\/farmaceuticsbcn\/"]},{"@type":"Person","@id":"https:\/\/www.cofb.org\/#\/schema\/person\/e46d741cfb92c985a083d163d8270ae4","name":"Xavier Magraner","image":{"@type":"ImageObject","inLanguage":"es","@id":"https:\/\/www.cofb.org\/#\/schema\/person\/image\/","url":"https:\/\/secure.gravatar.com\/avatar\/aa0d1d4df59f71f88eebd5796c5388ff41c58d83c5301eb6e1d65646a289c37d?s=96&d=mm&r=g","contentUrl":"https:\/\/secure.gravatar.com\/avatar\/aa0d1d4df59f71f88eebd5796c5388ff41c58d83c5301eb6e1d65646a289c37d?s=96&d=mm&r=g","caption":"Xavier Magraner"},"url":"https:\/\/www.cofb.org\/es\/author\/xmagraner\/"}]}},"uagb_featured_image_src":{"full":["https:\/\/www.cofb.org\/wp-content\/uploads\/2026\/02\/COFB_DERMOANALITZADORS_26022026_04-scaled.jpg",2560,1440,false],"thumbnail":["https:\/\/www.cofb.org\/wp-content\/uploads\/2026\/02\/COFB_DERMOANALITZADORS_26022026_04-150x150.jpg",150,150,true],"medium":["https:\/\/www.cofb.org\/wp-content\/uploads\/2026\/02\/COFB_DERMOANALITZADORS_26022026_04-300x169.jpg",300,169,true],"medium_large":["https:\/\/www.cofb.org\/wp-content\/uploads\/2026\/02\/COFB_DERMOANALITZADORS_26022026_04-768x432.jpg",768,432,true],"large":["https:\/\/www.cofb.org\/wp-content\/uploads\/2026\/02\/COFB_DERMOANALITZADORS_26022026_04-1024x576.jpg",1024,576,true],"1536x1536":["https:\/\/www.cofb.org\/wp-content\/uploads\/2026\/02\/COFB_DERMOANALITZADORS_26022026_04-1536x864.jpg",1536,864,true],"2048x2048":["https:\/\/www.cofb.org\/wp-content\/uploads\/2026\/02\/COFB_DERMOANALITZADORS_26022026_04-2048x1152.jpg",2048,1152,true],"trp-custom-language-flag":["https:\/\/www.cofb.org\/wp-content\/uploads\/2026\/02\/COFB_DERMOANALITZADORS_26022026_04-18x10.jpg",18,10,true]},"uagb_author_info":{"display_name":"Xavier Magraner","author_link":"https:\/\/www.cofb.org\/es\/author\/xmagraner\/"},"uagb_comment_info":0,"uagb_excerpt":"El Col\u00b7legi de Farmac\u00e8utics de Barcelona (COFB) va celebrar el 25 de febrer la formaci\u00f3 \u201cDermoanalitzadors en el consell farmac\u00e8utic\u201d, amb la col\u00b7laboraci\u00f3 de Microcaya. La sessi\u00f3 va ser impartida per Blanca Ll\u00e1cer, farmac\u00e8utica i vocal de Dermofarm\u00e0cia i Formulaci\u00f3 Magistral del Col\u00b7legi Oficial de Farmac\u00e8utics d\u2019Alacant, i Marta S\u00e1nchez, [&hellip;]","_links":{"self":[{"href":"https:\/\/www.cofb.org\/es\/wp-json\/wp\/v2\/posts\/84248","targetHints":{"allow":["GET"]}}],"collection":[{"href":"https:\/\/www.cofb.org\/es\/wp-json\/wp\/v2\/posts"}],"about":[{"href":"https:\/\/www.cofb.org\/es\/wp-json\/wp\/v2\/types\/post"}],"author":[{"embeddable":true,"href":"https:\/\/www.cofb.org\/es\/wp-json\/wp\/v2\/users\/10"}],"replies":[{"embeddable":true,"href":"https:\/\/www.cofb.org\/es\/wp-json\/wp\/v2\/comments?post=84248"}],"version-history":[{"count":17,"href":"https:\/\/www.cofb.org\/es\/wp-json\/wp\/v2\/posts\/84248\/revisions"}],"predecessor-version":[{"id":84301,"href":"https:\/\/www.cofb.org\/es\/wp-json\/wp\/v2\/posts\/84248\/revisions\/84301"}],"wp:featuredmedia":[{"embeddable":true,"href":"https:\/\/www.cofb.org\/es\/wp-json\/wp\/v2\/media\/84261"}],"wp:attachment":[{"href":"https:\/\/www.cofb.org\/es\/wp-json\/wp\/v2\/media?parent=84248"}],"wp:term":[{"taxonomy":"category","embeddable":true,"href":"https:\/\/www.cofb.org\/es\/wp-json\/wp\/v2\/categories?post=84248"},{"taxonomy":"post_tag","embeddable":true,"href":"https:\/\/www.cofb.org\/es\/wp-json\/wp\/v2\/tags?post=84248"}],"curies":[{"name":"wp","href":"https:\/\/api.w.org\/{rel}","templated":true}]}}