{"id":83363,"date":"2025-12-15T12:17:27","date_gmt":"2025-12-15T12:17:27","guid":{"rendered":"https:\/\/www.cofb.org\/?p=83363"},"modified":"2026-03-19T15:16:51","modified_gmt":"2026-03-19T15:16:51","slug":"la-unitat-mobil-la-meva-farmacia-la-meva-salut-finalitza-amb-exit-el-seu-recorregut-realitzant-mes-de-6-000-proves","status":"publish","type":"post","link":"https:\/\/www.cofb.org\/es\/2025\/12\/15\/la-unitat-mobil-la-meva-farmacia-la-meva-salut-finalitza-amb-exit-el-seu-recorregut-realitzant-mes-de-6-000-proves\/","title":{"rendered":"La unidad m\u00f3vil \u201cLa meva farm\u00e0cia, la meva salut\u201d finaliza con \u00e9xito su recorrido realizando m\u00e1s de 6.000 pruebas"},"content":{"rendered":"<ul class=\"wp-block-list\">\n<li>La farmacia m\u00f3vil ha hecho parada en 12 ciudades de la provincia de Barcelona, consiguiendo una muy buena acogida por parte de la ciudadan\u00eda<\/li>\n\n\n\n<li>Casi 1.500 usuarios han tenido acceso gratuito a pruebas relacionadas con la medida de la presi\u00f3n arterial, control de peso y composici\u00f3n corporal, medida del colesterol y glicemia, y estudio de la piel<\/li>\n\n\n\n<li>La campa\u00f1a pone de relieve el papel del farmac\u00e9utico como agente sanitario de confianza y de proximidad, que contribuye a la sostenibilidad del sistema de salud<\/li>\n<\/ul>\n\n\n\n<p><\/p>\n\n\n\n<p><em>Barcelona, 15 de diciembre de 2025.-<\/em> Despu\u00e9s de m\u00e1s de dos meses recorriendo la provincia de Barcelona, la unidad m\u00f3vil de la campa\u00f1a <strong>\u201c<a href=\"https:\/\/www.cofb.org\/es\/que-oferim\/ciutadans\/serveis-a-la-poblacio\/campanya-la-meva-farmacia-la-meva-salut\/\" target=\"_blank\" rel=\"noreferrer noopener\">La meva farm\u00e0cia, la meva salut\" (\"Mi farmacia, mi salud\")<\/a>\u201d<\/strong> ha finalizado su trayecto. A lo largo de este per\u00edodo, casi 260 farmac\u00e9uticos voluntarios han llevado a cabo m\u00e1s de <strong>6.000 pruebas de salud<\/strong> cerca de <strong>1.500 personas<\/strong>.<\/p>\n\n\n\n<p>Esta campa\u00f1a, impulsada por el <strong>Col\u00b7legi de Farmac\u00e8utics de Barcelona (COFB)<\/strong> y la farmac\u00e9utica <strong>Sandoz<\/strong>, con la colaboraci\u00f3n de <strong>CaixaBank<\/strong> y el apoyo de los <strong>ayuntamientos<\/strong> implicados, ha llegado a las ciudades de <strong>Matar\u00f3, Manresa, Igualada, Cornell\u00e0, Vilafranca, Terrassa, Sabadell, Hospitalet, Badalona, Granollers, Pineda de Mar <\/strong>y <strong>Vic.<\/strong><\/p>\n\n\n\n<figure class=\"wp-block-image size-large\"><img fetchpriority=\"high\" decoding=\"async\" width=\"1024\" height=\"576\" src=\"https:\/\/www.cofb.org\/wp-content\/uploads\/2025\/12\/UM_gracies_1920x1080-1024x576.png\" alt=\"\" class=\"wp-image-83365\" srcset=\"https:\/\/www.cofb.org\/wp-content\/uploads\/2025\/12\/UM_gracies_1920x1080-1024x576.png 1024w, https:\/\/www.cofb.org\/wp-content\/uploads\/2025\/12\/UM_gracies_1920x1080-300x169.png 300w, https:\/\/www.cofb.org\/wp-content\/uploads\/2025\/12\/UM_gracies_1920x1080-768x432.png 768w, https:\/\/www.cofb.org\/wp-content\/uploads\/2025\/12\/UM_gracies_1920x1080-1536x864.png 1536w, https:\/\/www.cofb.org\/wp-content\/uploads\/2025\/12\/UM_gracies_1920x1080-18x10.png 18w, https:\/\/www.cofb.org\/wp-content\/uploads\/2025\/12\/UM_gracies_1920x1080.png 1920w\" sizes=\"(max-width: 1024px) 100vw, 1024px\" \/><\/figure>\n\n\n\n<h2 class=\"wp-block-heading\">Comprometidos con la salud de las personas<\/h2>\n\n\n\n<p><strong>Jordi Casas<\/strong>, presidente del COFB, valora la campa\u00f1a como \u201c<strong>un \u00e9xito en todos los niveles. Un \u00e9xito de participaci\u00f3n, de divulgaci\u00f3n, de promoci\u00f3n\u201d,<\/strong> ya que la iniciativa ha permitido llegar a numerosos municipios de toda la provincia de Barcelona, reforzando la <strong>presencia de la instituci\u00f3n en el territorio <\/strong>y <strong>acercando los servicios farmac\u00e9uticos a miles de personas<\/strong>. Asimismo, destaca que &quot;la campa\u00f1a ha puesto de relieve el rol del farmac\u00e9utico como agente sanitario de confianza y de proximidad, implicado en la prevenci\u00f3n de la enfermedad y la promoci\u00f3n de la salud&quot;.<\/p>\n\n\n\n<p>Por su parte, <strong>Fenia Makrydaki<\/strong>, directora comercial de Sandoz Iberia, pone en valor que \u201ccon esta campa\u00f1a, centrada en la prevenci\u00f3n de la salud, hemos querido dar <strong>visibilidad en el papel asistencial del farmac\u00e9utico como agente clave en nuestro sistema sanitario.<\/strong> Su labor contribuye a un <strong>mejor abordaje de desaf\u00edos como la cronicidad y la polimedicaci\u00f3n,<\/strong> y es fundamental para <strong>construir la farmacia del futuro\u201d.<\/strong><\/p>\n\n\n\n<p>&quot;Gracias al compromiso de los farmac\u00e9uticos voluntarios, hemos acercado servicios profesionales a la poblaci\u00f3n de 12 localidades. Desde Sandoz, este proyecto nos permite cumplir con nuestro prop\u00f3sito: ser pioneros en facilitar el acceso a la salud de los pacientes, trabajando de la mano de la farmacia comunitaria. Gracias al COFB por acompa\u00f1arnos en esta misi\u00f3n&quot;.<\/p>\n\n\n\n<h2 class=\"wp-block-heading\">Casi 1.500 usuarios acceden de forma gratuita a diferentes pruebas de salud<\/h2>\n\n\n\n<p>En total, se han atendido <strong>1.483 usuarios<\/strong> y se han <strong>realizado 6.052 pruebas gratuitas<\/strong> relacionadas con la <strong>medida de la presi\u00f3n arterial,<\/strong> <strong>control de peso y composici\u00f3n corporal, medida del colesterol y glicemia, y estudio de la piel. &nbsp;<\/strong><\/p>\n\n\n\n<p>Cada usuario ha recibido un <strong>informe impreso<\/strong> con los resultados y uno <strong>consejo farmac\u00e9utico personalizado<\/strong>, adaptado a su situaci\u00f3n. Adem\u00e1s, se les ha dado a conocer el uso de la aplicaci\u00f3n digital <strong>\u201cLa Meva Farm\u00e0cia\u201d<\/strong>, que facilita la consulta segura y accesible de los datos de salud.<\/p>\n\n\n\n<p>Uno de los aspectos m\u00e1s destacados por los vecinos que se han acercado a la unidad m\u00f3vil es que estos servicios que realizan los farmac\u00e9uticos son la <strong>puerta de entrada a prevenir problemas de salud. <\/strong>En concreto, desde Vic, la <strong>Lia<\/strong> opina que la farmacia \u201ces un <strong>punto de proximidad y confianza, <\/strong>y soluciona problemas que permite <strong>descongestionar los CAP\u201d.<\/strong><\/p>\n\n\n\n<p>&nbsp;El<strong>Helena<\/strong>, de Sabadell, destaca que no es s\u00f3lo una iniciativa para personas mayores. \u201c<strong>Los j\u00f3venes deber\u00edamos movernos <\/strong>a realizar este tipo de estudios y as\u00ed <strong>prever enfermedades de cara a un futuro\u201d<\/strong>, explica. En la <strong>To\u00f1i<\/strong>, de Granollers, le ha parecido muy interesante \u201cconocer estos servicios por <strong>acercarte a tu farmacia de referencia<\/strong>\u201d.Por \u00faltimo, <strong>Antoni<\/strong>, de Matar\u00f3, hace una <strong>valoraci\u00f3n muy positiva<\/strong> de la iniciativa: \u201cLa experiencia ha sido fabulosa porque <strong>no conoc\u00eda todo lo que hace la farmacia por nuestra salud\u201d.<\/strong><\/p>\n\n\n\n<h2 class=\"wp-block-heading\">El papel de los farmac\u00e9uticos voluntarios<\/h2>\n\n\n\n<p>La colaboraci\u00f3n de todos los <strong>farmac\u00e9uticos voluntarios<\/strong> de las ciudades visitadas han sido imprescindibles para el \u00e9xito de \u201c<strong>La meva farm\u00e0cia, la meva salut\" (\"Mi farmacia, mi salud\")<\/strong>\u201d, permitiendo atender a una gran cantidad de personas y dando un consejo farmac\u00e9utico individualizado en torno a los resultados obtenidos. <strong>258 profesionales han participado en la iniciativa<\/strong>, demostrando el compromiso con la salud de las personas.<\/p>\n\n\n\n<h2 class=\"wp-block-heading\">Beneficios para los usuarios que han participado en \u201cMi farmacia, mi salud\u201d<\/h2>\n\n\n\n<p>Gracias a esta campa\u00f1a itinerante de salud, la ciudadan\u00eda ha recibido <strong>orientaci\u00f3n personalizada <\/strong>por parte de los farmac\u00e9uticos para ayudar a <strong>mejorar sus h\u00e1bitos de salud<\/strong> en su d\u00eda a d\u00eda.<\/p>\n\n\n\n<p>Adem\u00e1s, la iniciativa ha permitido <strong>fomentar la promoci\u00f3n de salud y la prevenci\u00f3n de la enfermedad.<\/strong> A trav\u00e9s de informaci\u00f3n sencilla y comprensible, los participantes han recibido las gu\u00edas para cuidarse mejor y prevenir enfermedades, como pueden ser la diabetes o la hipertensi\u00f3n.<\/p>\n\n\n\n<p>Con todo ello, se muestra el potencial de la farmacia para contribuir al&nbsp;<strong>buen funcionamiento y sostenibilidad del sistema sanitario, mejorar la calidad de vida de la poblaci\u00f3n y hacer frente a los principales retos de salud p\u00fablica<\/strong>: el envejecimiento de la poblaci\u00f3n, la presencia de enfermedades cr\u00f3nicas y la polimedicaci\u00f3n.<a href=\"https:\/\/www.facebook.com\/sharer.php?u=https%3A%2F%2Fwww.cofb.org%2Fca%2F2025%2F09%2F18%2Fla-farmacia-surt-al-carrer-per-donar-a-coneixer-a-15-milions-de-persones-que-pot-fer-per-la-seva-salut%2F\" target=\"_blank\" rel=\"noreferrer noopener\"><\/a><\/p>\n\n\n\n<figure class=\"wp-block-embed is-type-video is-provider-vimeo wp-block-embed-vimeo\"><div class=\"wp-block-embed__wrapper\">\n<div class=\"ast-oembed-container\" style=\"height: 100%;\"><iframe src=\"https:\/\/player.vimeo.com\/video\/1146500841?dnt=1&amp;app_id=122963\" width=\"500\" height=\"281\" frameborder=\"0\" allow=\"autoplay; fullscreen; picture-in-picture; clipboard-write; encrypted-media; web-share\" referrerpolicy=\"strict-origin-when-cross-origin\"><\/iframe><\/div>\n<\/div><\/figure>","protected":false},"excerpt":{"rendered":"<p>Barcelona, 15 de diciembre de 2025.- Despu\u00e9s de m\u00e1s de dos meses recorriendo la provincia de Barcelona, la unidad m\u00f3vil de la campa\u00f1a \u201cMi farmacia, mi salud\u201d ha finalizado su trayecto. A lo largo de este per\u00edodo, casi 260 farmac\u00e9uticos voluntarios han llevado a cabo m\u00e1s de 6.000 pruebas [\u2026]<\/p>","protected":false},"author":4,"featured_media":83365,"comment_status":"closed","ping_status":"closed","sticky":false,"template":"","format":"aside","meta":{"_uag_custom_page_level_css":"","site-sidebar-layout":"default","site-content-layout":"","ast-site-content-layout":"default","site-content-style":"default","site-sidebar-style":"default","ast-global-header-display":"","ast-banner-title-visibility":"","ast-main-header-display":"","ast-hfb-above-header-display":"","ast-hfb-below-header-display":"","ast-hfb-mobile-header-display":"","site-post-title":"","ast-breadcrumbs-content":"","ast-featured-img":"disabled","footer-sml-layout":"","theme-transparent-header-meta":"","adv-header-id-meta":"","stick-header-meta":"","header-above-stick-meta":"","header-main-stick-meta":"","header-below-stick-meta":"","astra-migrate-meta-layouts":"set","ast-page-background-enabled":"default","ast-page-background-meta":{"desktop":{"background-color":"var(--ast-global-color-4)","background-image":"","background-repeat":"repeat","background-position":"center center","background-size":"auto","background-attachment":"scroll","background-type":"","background-media":"","overlay-type":"","overlay-color":"","overlay-opacity":"","overlay-gradient":""},"tablet":{"background-color":"","background-image":"","background-repeat":"repeat","background-position":"center center","background-size":"auto","background-attachment":"scroll","background-type":"","background-media":"","overlay-type":"","overlay-color":"","overlay-opacity":"","overlay-gradient":""},"mobile":{"background-color":"","background-image":"","background-repeat":"repeat","background-position":"center center","background-size":"auto","background-attachment":"scroll","background-type":"","background-media":"","overlay-type":"","overlay-color":"","overlay-opacity":"","overlay-gradient":""}},"ast-content-background-meta":{"desktop":{"background-color":"var(--ast-global-color-5)","background-image":"","background-repeat":"repeat","background-position":"center center","background-size":"auto","background-attachment":"scroll","background-type":"","background-media":"","overlay-type":"","overlay-color":"","overlay-opacity":"","overlay-gradient":""},"tablet":{"background-color":"var(--ast-global-color-5)","background-image":"","background-repeat":"repeat","background-position":"center center","background-size":"auto","background-attachment":"scroll","background-type":"","background-media":"","overlay-type":"","overlay-color":"","overlay-opacity":"","overlay-gradient":""},"mobile":{"background-color":"var(--ast-global-color-5)","background-image":"","background-repeat":"repeat","background-position":"center center","background-size":"auto","background-attachment":"scroll","background-type":"","background-media":"","overlay-type":"","overlay-color":"","overlay-opacity":"","overlay-gradient":""}},"footnotes":""},"categories":[23,1060],"tags":[5426,53,69,5428,5427,117,5429,4509],"class_list":["post-83363","post","type-post","status-publish","format-aside","has-post-thumbnail","hentry","category-destacats","category-notes-premsa","tag-cofb-la-meva-farmacia","tag-farmaceutics","tag-farmacia-comunitaria","tag-farmacia-mobil","tag-la-meva-salut","tag-salut","tag-unitat-mobil","tag-voluntaris","post_format-post-format-aside"],"yoast_head":"<!-- This site is optimized with the Yoast SEO plugin v22.4 - https:\/\/yoast.com\/wordpress\/plugins\/seo\/ -->\n<title>La unitat m\u00f2bil \u201cLa meva farm\u00e0cia, la meva salut\u201d finalitza amb \u00e8xit el seu recorregut \u00a0realitzant m\u00e9s de 6.000 proves - Col\u00b7legi de Farmac\u00e8utics de Barcelona<\/title>\n<meta name=\"robots\" content=\"index, follow, max-snippet:-1, max-image-preview:large, max-video-preview:-1\" \/>\n<link rel=\"canonical\" href=\"https:\/\/www.cofb.org\/es\/2025\/12\/15\/la-unitat-mobil-la-meva-farmacia-la-meva-salut-finalitza-amb-exit-el-seu-recorregut-realitzant-mes-de-6-000-proves\/\" \/>\n<meta property=\"og:locale\" content=\"es_ES\" \/>\n<meta property=\"og:type\" content=\"article\" \/>\n<meta property=\"og:title\" content=\"La unitat m\u00f2bil \u201cLa meva farm\u00e0cia, la meva salut\u201d finalitza amb \u00e8xit el seu recorregut \u00a0realitzant m\u00e9s de 6.000 proves - Col\u00b7legi de Farmac\u00e8utics de Barcelona\" \/>\n<meta property=\"og:description\" content=\"Barcelona, 15 de desembre de 2025.- Despr\u00e9s de m\u00e9s de dos mesos recorrent la prov\u00edncia de Barcelona, la unitat m\u00f2bil de la campanya \u201cLa meva farm\u00e0cia, la meva salut\u201d ha finalitzat el seu trajecte. Al llarg d\u2019aquest per\u00edode, gaireb\u00e9 260 farmac\u00e8utics voluntaris han dut a terme m\u00e9s de 6.000 proves [&hellip;]\" \/>\n<meta property=\"og:url\" content=\"https:\/\/www.cofb.org\/es\/2025\/12\/15\/la-unitat-mobil-la-meva-farmacia-la-meva-salut-finalitza-amb-exit-el-seu-recorregut-realitzant-mes-de-6-000-proves\/\" \/>\n<meta property=\"og:site_name\" content=\"Col\u00b7legi de Farmac\u00e8utics de Barcelona\" \/>\n<meta property=\"article:publisher\" content=\"https:\/\/www.facebook.com\/farmaceuticsbcn\/\" \/>\n<meta property=\"article:published_time\" content=\"2025-12-15T12:17:27+00:00\" \/>\n<meta property=\"article:modified_time\" content=\"2026-03-19T15:16:51+00:00\" \/>\n<meta property=\"og:image\" content=\"https:\/\/www.cofb.org\/wp-content\/uploads\/2025\/12\/UM_gracies_1920x1080-1024x576.png\" \/>\n\t<meta property=\"og:image:width\" content=\"1024\" \/>\n\t<meta property=\"og:image:height\" content=\"576\" \/>\n\t<meta property=\"og:image:type\" content=\"image\/png\" \/>\n<meta name=\"author\" content=\"Laia Dorca\" \/>\n<meta name=\"twitter:card\" content=\"summary_large_image\" \/>\n<meta name=\"twitter:creator\" content=\"@farmaceuticsbcn\" \/>\n<meta name=\"twitter:site\" content=\"@farmaceuticsbcn\" \/>\n<meta name=\"twitter:label1\" content=\"Escrito por\" \/>\n\t<meta name=\"twitter:data1\" content=\"Laia Dorca\" \/>\n\t<meta name=\"twitter:label2\" content=\"Tiempo de lectura\" \/>\n\t<meta name=\"twitter:data2\" content=\"1 minuto\" \/>\n<script type=\"application\/ld+json\" class=\"yoast-schema-graph\">{\"@context\":\"https:\/\/schema.org\",\"@graph\":[{\"@type\":\"Article\",\"@id\":\"https:\/\/www.cofb.org\/2025\/12\/15\/la-unitat-mobil-la-meva-farmacia-la-meva-salut-finalitza-amb-exit-el-seu-recorregut-realitzant-mes-de-6-000-proves\/#article\",\"isPartOf\":{\"@id\":\"https:\/\/www.cofb.org\/2025\/12\/15\/la-unitat-mobil-la-meva-farmacia-la-meva-salut-finalitza-amb-exit-el-seu-recorregut-realitzant-mes-de-6-000-proves\/\"},\"author\":{\"name\":\"Laia Dorca\",\"@id\":\"https:\/\/www.cofb.org\/#\/schema\/person\/3e3d51af661057bfb21343a3455c9890\"},\"headline\":\"La unitat m\u00f2bil \u201cLa meva farm\u00e0cia, la meva salut\u201d finalitza amb \u00e8xit el seu recorregut \u00a0realitzant m\u00e9s de 6.000 proves\",\"datePublished\":\"2025-12-15T12:17:27+00:00\",\"dateModified\":\"2026-03-19T15:16:51+00:00\",\"mainEntityOfPage\":{\"@id\":\"https:\/\/www.cofb.org\/2025\/12\/15\/la-unitat-mobil-la-meva-farmacia-la-meva-salut-finalitza-amb-exit-el-seu-recorregut-realitzant-mes-de-6-000-proves\/\"},\"wordCount\":973,\"publisher\":{\"@id\":\"https:\/\/www.cofb.org\/#organization\"},\"image\":{\"@id\":\"https:\/\/www.cofb.org\/2025\/12\/15\/la-unitat-mobil-la-meva-farmacia-la-meva-salut-finalitza-amb-exit-el-seu-recorregut-realitzant-mes-de-6-000-proves\/#primaryimage\"},\"thumbnailUrl\":\"https:\/\/www.cofb.org\/wp-content\/uploads\/2025\/12\/UM_gracies_1920x1080.png\",\"keywords\":[\"COFB; la meva farm\u00e0cia\",\"farmac\u00e8utics\",\"farm\u00e0cia comunit\u00e0ria\",\"farm\u00e0cia m\u00f2bil\",\"la meva salut\",\"salut\",\"unitat m\u00f2bil\",\"voluntaris\"],\"articleSection\":[\"Destacats\",\"Notes de premsa\"],\"inLanguage\":\"es\"},{\"@type\":\"WebPage\",\"@id\":\"https:\/\/www.cofb.org\/2025\/12\/15\/la-unitat-mobil-la-meva-farmacia-la-meva-salut-finalitza-amb-exit-el-seu-recorregut-realitzant-mes-de-6-000-proves\/\",\"url\":\"https:\/\/www.cofb.org\/2025\/12\/15\/la-unitat-mobil-la-meva-farmacia-la-meva-salut-finalitza-amb-exit-el-seu-recorregut-realitzant-mes-de-6-000-proves\/\",\"name\":\"La unitat m\u00f2bil \u201cLa meva farm\u00e0cia, la meva salut\u201d finalitza amb \u00e8xit el seu recorregut \u00a0realitzant m\u00e9s de 6.000 proves - Col\u00b7legi de Farmac\u00e8utics de Barcelona\",\"isPartOf\":{\"@id\":\"https:\/\/www.cofb.org\/#website\"},\"primaryImageOfPage\":{\"@id\":\"https:\/\/www.cofb.org\/2025\/12\/15\/la-unitat-mobil-la-meva-farmacia-la-meva-salut-finalitza-amb-exit-el-seu-recorregut-realitzant-mes-de-6-000-proves\/#primaryimage\"},\"image\":{\"@id\":\"https:\/\/www.cofb.org\/2025\/12\/15\/la-unitat-mobil-la-meva-farmacia-la-meva-salut-finalitza-amb-exit-el-seu-recorregut-realitzant-mes-de-6-000-proves\/#primaryimage\"},\"thumbnailUrl\":\"https:\/\/www.cofb.org\/wp-content\/uploads\/2025\/12\/UM_gracies_1920x1080.png\",\"datePublished\":\"2025-12-15T12:17:27+00:00\",\"dateModified\":\"2026-03-19T15:16:51+00:00\",\"breadcrumb\":{\"@id\":\"https:\/\/www.cofb.org\/2025\/12\/15\/la-unitat-mobil-la-meva-farmacia-la-meva-salut-finalitza-amb-exit-el-seu-recorregut-realitzant-mes-de-6-000-proves\/#breadcrumb\"},\"inLanguage\":\"es\",\"potentialAction\":[{\"@type\":\"ReadAction\",\"target\":[\"https:\/\/www.cofb.org\/2025\/12\/15\/la-unitat-mobil-la-meva-farmacia-la-meva-salut-finalitza-amb-exit-el-seu-recorregut-realitzant-mes-de-6-000-proves\/\"]}]},{\"@type\":\"ImageObject\",\"inLanguage\":\"es\",\"@id\":\"https:\/\/www.cofb.org\/2025\/12\/15\/la-unitat-mobil-la-meva-farmacia-la-meva-salut-finalitza-amb-exit-el-seu-recorregut-realitzant-mes-de-6-000-proves\/#primaryimage\",\"url\":\"https:\/\/www.cofb.org\/wp-content\/uploads\/2025\/12\/UM_gracies_1920x1080.png\",\"contentUrl\":\"https:\/\/www.cofb.org\/wp-content\/uploads\/2025\/12\/UM_gracies_1920x1080.png\",\"width\":1920,\"height\":1080},{\"@type\":\"BreadcrumbList\",\"@id\":\"https:\/\/www.cofb.org\/2025\/12\/15\/la-unitat-mobil-la-meva-farmacia-la-meva-salut-finalitza-amb-exit-el-seu-recorregut-realitzant-mes-de-6-000-proves\/#breadcrumb\",\"itemListElement\":[{\"@type\":\"ListItem\",\"position\":1,\"name\":\"Inici\",\"item\":\"https:\/\/novaorg.cofb.net\/\"},{\"@type\":\"ListItem\",\"position\":2,\"name\":\"La unitat m\u00f2bil \u201cLa meva farm\u00e0cia, la meva salut\u201d finalitza amb \u00e8xit el seu recorregut \u00a0realitzant m\u00e9s de 6.000 proves\"}]},{\"@type\":\"WebSite\",\"@id\":\"https:\/\/www.cofb.org\/#website\",\"url\":\"https:\/\/www.cofb.org\/\",\"name\":\"Col\u00b7legi de Farmac\u00e8utics de Barcelona\",\"description\":\"\",\"publisher\":{\"@id\":\"https:\/\/www.cofb.org\/#organization\"},\"potentialAction\":[{\"@type\":\"SearchAction\",\"target\":{\"@type\":\"EntryPoint\",\"urlTemplate\":\"https:\/\/www.cofb.org\/?s={search_term_string}\"},\"query-input\":\"required name=search_term_string\"}],\"inLanguage\":\"es\"},{\"@type\":\"Organization\",\"@id\":\"https:\/\/www.cofb.org\/#organization\",\"name\":\"Col\u00b7legi de Farmac\u00e8utics de Barcelona\",\"url\":\"https:\/\/www.cofb.org\/\",\"logo\":{\"@type\":\"ImageObject\",\"inLanguage\":\"es\",\"@id\":\"https:\/\/www.cofb.org\/#\/schema\/logo\/image\/\",\"url\":\"https:\/\/www.cofb.org\/wp-content\/uploads\/2023\/11\/cropped-Logotip-COFB.png\",\"contentUrl\":\"https:\/\/www.cofb.org\/wp-content\/uploads\/2023\/11\/cropped-Logotip-COFB.png\",\"width\":500,\"height\":105,\"caption\":\"Col\u00b7legi de Farmac\u00e8utics de Barcelona\"},\"image\":{\"@id\":\"https:\/\/www.cofb.org\/#\/schema\/logo\/image\/\"},\"sameAs\":[\"https:\/\/www.facebook.com\/farmaceuticsbcn\/\",\"https:\/\/twitter.com\/farmaceuticsbcn\",\"https:\/\/www.instagram.com\/farmaceuticsbcn\/\",\"https:\/\/www.linkedin.com\/company\/farmaceuticsbcn\/\"]},{\"@type\":\"Person\",\"@id\":\"https:\/\/www.cofb.org\/#\/schema\/person\/3e3d51af661057bfb21343a3455c9890\",\"name\":\"Laia Dorca\",\"image\":{\"@type\":\"ImageObject\",\"inLanguage\":\"es\",\"@id\":\"https:\/\/www.cofb.org\/#\/schema\/person\/image\/\",\"url\":\"https:\/\/secure.gravatar.com\/avatar\/0e1efb9f07f39395ad9f3d04a45a75878b238e88f56b95f2c02ead3253917134?s=96&d=mm&r=g\",\"contentUrl\":\"https:\/\/secure.gravatar.com\/avatar\/0e1efb9f07f39395ad9f3d04a45a75878b238e88f56b95f2c02ead3253917134?s=96&d=mm&r=g\",\"caption\":\"Laia Dorca\"},\"url\":\"https:\/\/www.cofb.org\/es\/author\/ldorca\/\"}]}<\/script>\n<!-- \/ Yoast SEO plugin. -->","yoast_head_json":{"title":"La unitat m\u00f2bil \u201cLa meva farm\u00e0cia, la meva salut\u201d finalitza amb \u00e8xit el seu recorregut \u00a0realitzant m\u00e9s de 6.000 proves - Col\u00b7legi de Farmac\u00e8utics de Barcelona","robots":{"index":"index","follow":"follow","max-snippet":"max-snippet:-1","max-image-preview":"max-image-preview:large","max-video-preview":"max-video-preview:-1"},"canonical":"https:\/\/www.cofb.org\/es\/2025\/12\/15\/la-unitat-mobil-la-meva-farmacia-la-meva-salut-finalitza-amb-exit-el-seu-recorregut-realitzant-mes-de-6-000-proves\/","og_locale":"es_ES","og_type":"article","og_title":"La unitat m\u00f2bil \u201cLa meva farm\u00e0cia, la meva salut\u201d finalitza amb \u00e8xit el seu recorregut \u00a0realitzant m\u00e9s de 6.000 proves - Col\u00b7legi de Farmac\u00e8utics de Barcelona","og_description":"Barcelona, 15 de desembre de 2025.- Despr\u00e9s de m\u00e9s de dos mesos recorrent la prov\u00edncia de Barcelona, la unitat m\u00f2bil de la campanya \u201cLa meva farm\u00e0cia, la meva salut\u201d ha finalitzat el seu trajecte. Al llarg d\u2019aquest per\u00edode, gaireb\u00e9 260 farmac\u00e8utics voluntaris han dut a terme m\u00e9s de 6.000 proves [&hellip;]","og_url":"https:\/\/www.cofb.org\/es\/2025\/12\/15\/la-unitat-mobil-la-meva-farmacia-la-meva-salut-finalitza-amb-exit-el-seu-recorregut-realitzant-mes-de-6-000-proves\/","og_site_name":"Col\u00b7legi de Farmac\u00e8utics de Barcelona","article_publisher":"https:\/\/www.facebook.com\/farmaceuticsbcn\/","article_published_time":"2025-12-15T12:17:27+00:00","article_modified_time":"2026-03-19T15:16:51+00:00","og_image":[{"width":1024,"height":576,"url":"https:\/\/www.cofb.org\/wp-content\/uploads\/2025\/12\/UM_gracies_1920x1080-1024x576.png","type":"image\/png"}],"author":"Laia Dorca","twitter_card":"summary_large_image","twitter_creator":"@farmaceuticsbcn","twitter_site":"@farmaceuticsbcn","twitter_misc":{"Escrito por":"Laia Dorca","Tiempo de lectura":"1 minuto"},"schema":{"@context":"https:\/\/schema.org","@graph":[{"@type":"Article","@id":"https:\/\/www.cofb.org\/2025\/12\/15\/la-unitat-mobil-la-meva-farmacia-la-meva-salut-finalitza-amb-exit-el-seu-recorregut-realitzant-mes-de-6-000-proves\/#article","isPartOf":{"@id":"https:\/\/www.cofb.org\/2025\/12\/15\/la-unitat-mobil-la-meva-farmacia-la-meva-salut-finalitza-amb-exit-el-seu-recorregut-realitzant-mes-de-6-000-proves\/"},"author":{"name":"Laia Dorca","@id":"https:\/\/www.cofb.org\/#\/schema\/person\/3e3d51af661057bfb21343a3455c9890"},"headline":"La unitat m\u00f2bil \u201cLa meva farm\u00e0cia, la meva salut\u201d finalitza amb \u00e8xit el seu recorregut \u00a0realitzant m\u00e9s de 6.000 proves","datePublished":"2025-12-15T12:17:27+00:00","dateModified":"2026-03-19T15:16:51+00:00","mainEntityOfPage":{"@id":"https:\/\/www.cofb.org\/2025\/12\/15\/la-unitat-mobil-la-meva-farmacia-la-meva-salut-finalitza-amb-exit-el-seu-recorregut-realitzant-mes-de-6-000-proves\/"},"wordCount":973,"publisher":{"@id":"https:\/\/www.cofb.org\/#organization"},"image":{"@id":"https:\/\/www.cofb.org\/2025\/12\/15\/la-unitat-mobil-la-meva-farmacia-la-meva-salut-finalitza-amb-exit-el-seu-recorregut-realitzant-mes-de-6-000-proves\/#primaryimage"},"thumbnailUrl":"https:\/\/www.cofb.org\/wp-content\/uploads\/2025\/12\/UM_gracies_1920x1080.png","keywords":["COFB; la meva farm\u00e0cia","farmac\u00e8utics","farm\u00e0cia comunit\u00e0ria","farm\u00e0cia m\u00f2bil","la meva salut","salut","unitat m\u00f2bil","voluntaris"],"articleSection":["Destacats","Notes de premsa"],"inLanguage":"es"},{"@type":"WebPage","@id":"https:\/\/www.cofb.org\/2025\/12\/15\/la-unitat-mobil-la-meva-farmacia-la-meva-salut-finalitza-amb-exit-el-seu-recorregut-realitzant-mes-de-6-000-proves\/","url":"https:\/\/www.cofb.org\/2025\/12\/15\/la-unitat-mobil-la-meva-farmacia-la-meva-salut-finalitza-amb-exit-el-seu-recorregut-realitzant-mes-de-6-000-proves\/","name":"La unitat m\u00f2bil \u201cLa meva farm\u00e0cia, la meva salut\u201d finalitza amb \u00e8xit el seu recorregut \u00a0realitzant m\u00e9s de 6.000 proves - Col\u00b7legi de Farmac\u00e8utics de Barcelona","isPartOf":{"@id":"https:\/\/www.cofb.org\/#website"},"primaryImageOfPage":{"@id":"https:\/\/www.cofb.org\/2025\/12\/15\/la-unitat-mobil-la-meva-farmacia-la-meva-salut-finalitza-amb-exit-el-seu-recorregut-realitzant-mes-de-6-000-proves\/#primaryimage"},"image":{"@id":"https:\/\/www.cofb.org\/2025\/12\/15\/la-unitat-mobil-la-meva-farmacia-la-meva-salut-finalitza-amb-exit-el-seu-recorregut-realitzant-mes-de-6-000-proves\/#primaryimage"},"thumbnailUrl":"https:\/\/www.cofb.org\/wp-content\/uploads\/2025\/12\/UM_gracies_1920x1080.png","datePublished":"2025-12-15T12:17:27+00:00","dateModified":"2026-03-19T15:16:51+00:00","breadcrumb":{"@id":"https:\/\/www.cofb.org\/2025\/12\/15\/la-unitat-mobil-la-meva-farmacia-la-meva-salut-finalitza-amb-exit-el-seu-recorregut-realitzant-mes-de-6-000-proves\/#breadcrumb"},"inLanguage":"es","potentialAction":[{"@type":"ReadAction","target":["https:\/\/www.cofb.org\/2025\/12\/15\/la-unitat-mobil-la-meva-farmacia-la-meva-salut-finalitza-amb-exit-el-seu-recorregut-realitzant-mes-de-6-000-proves\/"]}]},{"@type":"ImageObject","inLanguage":"es","@id":"https:\/\/www.cofb.org\/2025\/12\/15\/la-unitat-mobil-la-meva-farmacia-la-meva-salut-finalitza-amb-exit-el-seu-recorregut-realitzant-mes-de-6-000-proves\/#primaryimage","url":"https:\/\/www.cofb.org\/wp-content\/uploads\/2025\/12\/UM_gracies_1920x1080.png","contentUrl":"https:\/\/www.cofb.org\/wp-content\/uploads\/2025\/12\/UM_gracies_1920x1080.png","width":1920,"height":1080},{"@type":"BreadcrumbList","@id":"https:\/\/www.cofb.org\/2025\/12\/15\/la-unitat-mobil-la-meva-farmacia-la-meva-salut-finalitza-amb-exit-el-seu-recorregut-realitzant-mes-de-6-000-proves\/#breadcrumb","itemListElement":[{"@type":"ListItem","position":1,"name":"Inici","item":"https:\/\/novaorg.cofb.net\/"},{"@type":"ListItem","position":2,"name":"La unitat m\u00f2bil \u201cLa meva farm\u00e0cia, la meva salut\u201d finalitza amb \u00e8xit el seu recorregut \u00a0realitzant m\u00e9s de 6.000 proves"}]},{"@type":"WebSite","@id":"https:\/\/www.cofb.org\/#website","url":"https:\/\/www.cofb.org\/","name":"Col\u00b7legi de Farmac\u00e8utics de Barcelona","description":"","publisher":{"@id":"https:\/\/www.cofb.org\/#organization"},"potentialAction":[{"@type":"SearchAction","target":{"@type":"EntryPoint","urlTemplate":"https:\/\/www.cofb.org\/?s={search_term_string}"},"query-input":"required name=search_term_string"}],"inLanguage":"es"},{"@type":"Organization","@id":"https:\/\/www.cofb.org\/#organization","name":"Col\u00b7legi de Farmac\u00e8utics de Barcelona","url":"https:\/\/www.cofb.org\/","logo":{"@type":"ImageObject","inLanguage":"es","@id":"https:\/\/www.cofb.org\/#\/schema\/logo\/image\/","url":"https:\/\/www.cofb.org\/wp-content\/uploads\/2023\/11\/cropped-Logotip-COFB.png","contentUrl":"https:\/\/www.cofb.org\/wp-content\/uploads\/2023\/11\/cropped-Logotip-COFB.png","width":500,"height":105,"caption":"Col\u00b7legi de Farmac\u00e8utics de Barcelona"},"image":{"@id":"https:\/\/www.cofb.org\/#\/schema\/logo\/image\/"},"sameAs":["https:\/\/www.facebook.com\/farmaceuticsbcn\/","https:\/\/twitter.com\/farmaceuticsbcn","https:\/\/www.instagram.com\/farmaceuticsbcn\/","https:\/\/www.linkedin.com\/company\/farmaceuticsbcn\/"]},{"@type":"Person","@id":"https:\/\/www.cofb.org\/#\/schema\/person\/3e3d51af661057bfb21343a3455c9890","name":"Laia Dorca","image":{"@type":"ImageObject","inLanguage":"es","@id":"https:\/\/www.cofb.org\/#\/schema\/person\/image\/","url":"https:\/\/secure.gravatar.com\/avatar\/0e1efb9f07f39395ad9f3d04a45a75878b238e88f56b95f2c02ead3253917134?s=96&d=mm&r=g","contentUrl":"https:\/\/secure.gravatar.com\/avatar\/0e1efb9f07f39395ad9f3d04a45a75878b238e88f56b95f2c02ead3253917134?s=96&d=mm&r=g","caption":"Laia Dorca"},"url":"https:\/\/www.cofb.org\/es\/author\/ldorca\/"}]}},"uagb_featured_image_src":{"full":["https:\/\/www.cofb.org\/wp-content\/uploads\/2025\/12\/UM_gracies_1920x1080.png",1920,1080,false],"thumbnail":["https:\/\/www.cofb.org\/wp-content\/uploads\/2025\/12\/UM_gracies_1920x1080-150x150.png",150,150,true],"medium":["https:\/\/www.cofb.org\/wp-content\/uploads\/2025\/12\/UM_gracies_1920x1080-300x169.png",300,169,true],"medium_large":["https:\/\/www.cofb.org\/wp-content\/uploads\/2025\/12\/UM_gracies_1920x1080-768x432.png",768,432,true],"large":["https:\/\/www.cofb.org\/wp-content\/uploads\/2025\/12\/UM_gracies_1920x1080-1024x576.png",1024,576,true],"1536x1536":["https:\/\/www.cofb.org\/wp-content\/uploads\/2025\/12\/UM_gracies_1920x1080-1536x864.png",1536,864,true],"2048x2048":["https:\/\/www.cofb.org\/wp-content\/uploads\/2025\/12\/UM_gracies_1920x1080.png",1920,1080,false],"trp-custom-language-flag":["https:\/\/www.cofb.org\/wp-content\/uploads\/2025\/12\/UM_gracies_1920x1080-18x10.png",18,10,true]},"uagb_author_info":{"display_name":"Laia Dorca","author_link":"https:\/\/www.cofb.org\/es\/author\/ldorca\/"},"uagb_comment_info":0,"uagb_excerpt":"Barcelona, 15 de desembre de 2025.- Despr\u00e9s de m\u00e9s de dos mesos recorrent la prov\u00edncia de Barcelona, la unitat m\u00f2bil de la campanya \u201cLa meva farm\u00e0cia, la meva salut\u201d ha finalitzat el seu trajecte. Al llarg d\u2019aquest per\u00edode, gaireb\u00e9 260 farmac\u00e8utics voluntaris han dut a terme m\u00e9s de 6.000 proves [&hellip;]","_links":{"self":[{"href":"https:\/\/www.cofb.org\/es\/wp-json\/wp\/v2\/posts\/83363","targetHints":{"allow":["GET"]}}],"collection":[{"href":"https:\/\/www.cofb.org\/es\/wp-json\/wp\/v2\/posts"}],"about":[{"href":"https:\/\/www.cofb.org\/es\/wp-json\/wp\/v2\/types\/post"}],"author":[{"embeddable":true,"href":"https:\/\/www.cofb.org\/es\/wp-json\/wp\/v2\/users\/4"}],"replies":[{"embeddable":true,"href":"https:\/\/www.cofb.org\/es\/wp-json\/wp\/v2\/comments?post=83363"}],"version-history":[{"count":6,"href":"https:\/\/www.cofb.org\/es\/wp-json\/wp\/v2\/posts\/83363\/revisions"}],"predecessor-version":[{"id":83372,"href":"https:\/\/www.cofb.org\/es\/wp-json\/wp\/v2\/posts\/83363\/revisions\/83372"}],"wp:featuredmedia":[{"embeddable":true,"href":"https:\/\/www.cofb.org\/es\/wp-json\/wp\/v2\/media\/83365"}],"wp:attachment":[{"href":"https:\/\/www.cofb.org\/es\/wp-json\/wp\/v2\/media?parent=83363"}],"wp:term":[{"taxonomy":"category","embeddable":true,"href":"https:\/\/www.cofb.org\/es\/wp-json\/wp\/v2\/categories?post=83363"},{"taxonomy":"post_tag","embeddable":true,"href":"https:\/\/www.cofb.org\/es\/wp-json\/wp\/v2\/tags?post=83363"}],"curies":[{"name":"wp","href":"https:\/\/api.w.org\/{rel}","templated":true}]}}