{"id":83185,"date":"2025-12-04T15:27:39","date_gmt":"2025-12-04T15:27:39","guid":{"rendered":"https:\/\/www.cofb.org\/?p=83185"},"modified":"2026-03-19T15:16:38","modified_gmt":"2026-03-19T15:16:38","slug":"la-campanya-la-meva-farmacia-la-meva-salut-fa-mes-de-470-proves-de-salut-en-la-seva-darrera-parada-a-vic","status":"publish","type":"post","link":"https:\/\/www.cofb.org\/es\/2025\/12\/04\/la-campanya-la-meva-farmacia-la-meva-salut-fa-mes-de-470-proves-de-salut-en-la-seva-darrera-parada-a-vic\/","title":{"rendered":"La campa\u00f1a \u201cMi farmacia, mi salud\u201d realiza m\u00e1s de 470 pruebas de salud en su \u00faltima parada en Vic"},"content":{"rendered":"<ul class=\"wp-block-list\">\n<li>Una treintena de farmac\u00e9uticos y farmac\u00e9uticas voluntarias han atendido a 121 vecinos y vecinas de Vic &nbsp;<\/li>\n\n\n\n<li>Gracias a esta iniciativa, la poblaci\u00f3n ha conocido diferentes servicios que ofrecen las farmacias por el cuidado de su salud<\/li>\n\n\n\n<li>Lo han hecho en el marco de la campa\u00f1a \u201cMi farmacia, mi salud\u201d, impulsada por el Colegio de Farmac\u00e9uticos de Barcelona (COFB) y la farmac\u00e9utica Sandoz, con la colaboraci\u00f3n de CaixaBank y el apoyo del Ayuntamiento de Vic<\/li>\n<\/ul>\n\n\n\n<p><\/p>\n\n\n\n<p><em>Barcelona, 4 de diciembre de 2025.-<\/em> Una treintena de <strong>farmac\u00e9uticos\/as voluntarios<\/strong> de la <strong>unidad m\u00f3vil \u201c<\/strong><a href=\"https:\/\/www.cofb.org\/es\/que-oferim\/ciutadans\/serveis-a-la-poblacio\/campanya-la-meva-farmacia-la-meva-salut\/\" target=\"_blank\" rel=\"noreferrer noopener\">La meva farm\u00e0cia, la meva salut\" (\"Mi farmacia, mi salud\")<\/a><strong>\u201d<\/strong> han realizado <strong>m\u00e1s de 470 pruebas de salud<\/strong> a los vecinos y vecinas de <strong>Vic<\/strong>. En concreto, un total de <strong>121 <\/strong>personas se han acercado a la farmacia m\u00f3vil para conocer y vivir, en primera persona, una <strong>muestra de los servicios<\/strong> que ofrecen los farmac\u00e9uticos por <strong>cuidar su salud. <\/strong>Vic ha sido la duod\u00e9cima y \u00faltima ciudad en la que la unidad m\u00f3vil ha hecho parada, poniendo punto final a la iniciativa \u201cMi farmacia, mi salud\u201d.<\/p>\n\n\n\n<p>Lo han hecho en el marco de la campa\u00f1a impulsada por el <strong>Col\u00b7legi de Farmac\u00e8utics de Barcelona<\/strong> (COFB) y la farmac\u00e9utica <strong>Sandoz, <\/strong>con la colaboraci\u00f3n de <strong>CaixaBank <\/strong>&nbsp;y el apoyo de <strong>el Ayuntamiento de Vic.<\/strong><\/p>\n\n\n\n<p>Durante los dos d\u00edas que el trailer ha visitado la ciudad de Vic (2 y 3 de diciembre), se han realizado pruebas relacionadas con la <strong>medida de la presi\u00f3n arterial, control de peso y composici\u00f3n corporal, medida del colesterol y glicemia y estudio de la piel. <\/strong>De cada prueba, los farmac\u00e9uticos entregan un informe impreso a los usuarios y se ofrece consejo farmac\u00e9utico personalizado, de acuerdo con los resultados obtenidos y su situaci\u00f3n. Al mismo tiempo, se les informa sobre c\u00f3mo funciona la aplicaci\u00f3n digital \u201c<strong>La meva farm\u00e0cia<\/strong>\u201d, que permite a los pacientes consultar sus resultados de salud de forma segura y accesible.<\/p>\n\n\n\n<figure class=\"wp-block-image size-large\"><a href=\"https:\/\/www.cofb.org\/wp-content\/uploads\/2025\/12\/Exterior-de-la-unitat-movil.jpg\" target=\"_blank\" rel=\" noreferrer noopener\"><img fetchpriority=\"high\" decoding=\"async\" width=\"1024\" height=\"683\" src=\"https:\/\/www.cofb.org\/wp-content\/uploads\/2025\/12\/Exterior-de-la-unitat-movil-1024x683.jpg\" alt=\"Exterior de la farm\u00e0cia m\u00f2bil al carrer del Bisbe Morgades (La Farinera).\" class=\"wp-image-83187\" srcset=\"https:\/\/www.cofb.org\/wp-content\/uploads\/2025\/12\/Exterior-de-la-unitat-movil-1024x683.jpg 1024w, https:\/\/www.cofb.org\/wp-content\/uploads\/2025\/12\/Exterior-de-la-unitat-movil-300x200.jpg 300w, https:\/\/www.cofb.org\/wp-content\/uploads\/2025\/12\/Exterior-de-la-unitat-movil-768x512.jpg 768w, https:\/\/www.cofb.org\/wp-content\/uploads\/2025\/12\/Exterior-de-la-unitat-movil-1536x1024.jpg 1536w, https:\/\/www.cofb.org\/wp-content\/uploads\/2025\/12\/Exterior-de-la-unitat-movil-18x12.jpg 18w, https:\/\/www.cofb.org\/wp-content\/uploads\/2025\/12\/Exterior-de-la-unitat-movil.jpg 1920w\" sizes=\"(max-width: 1024px) 100vw, 1024px\" \/><\/a><figcaption class=\"wp-element-caption\">Exterior de la farmacia m\u00f3vil en la calle del Obispo Morgades (La Farinera).<\/figcaption><\/figure>\n\n\n\n<h2 class=\"wp-block-heading\">Los objetivos de la campa\u00f1a &quot;Mi farmacia, mi salud&quot;<\/h2>\n\n\n\n<p><strong>N\u00faria Bosch<\/strong>, vicepresidenta del COFB, ha explicado que \u201cdesde septiembre estamos recorriendo diferentes ciudades de la provincia de Barcelona para poner en valor el rol del farmac\u00e9utico como agente sanitario de proximidad, comprometido con la promoci\u00f3n de la salud y la prevenci\u00f3n de la enfermedad. <strong>Vic es la duod\u00e9cima parada<\/strong>, la \u00faltima ciudad que visitamos, y estamos muy satisfechos de la acogida que ha tenido\u201d.<\/p>\n\n\n\n<p>Adem\u00e1s, Bosch ha destacado que &quot;cada ciudad que hemos visitado nos ha permitido demostrar que la farmacia es mucho m\u00e1s que un espacio donde se dispensan medicamentos. Es un espacio de confianza, de prevenci\u00f3n, de cuidado&quot;.<\/p>\n\n\n\n<p>Durante la celebraci\u00f3n de la campa\u00f1a en Vic, el trailer ha recibido la visita del concejal de Salud P\u00fablica del Ayuntamiento de Vic, <strong>Xavier Farr\u00e9s<\/strong>, que ha afirmado que &quot;los proyectos tienen \u00e9xito si los trabajamos conjuntamente y un ejemplo de esto es &#039;<strong>La meva farm\u00e0cia, la meva salut\" (\"Mi farmacia, mi salud\")<\/strong>&#039;. La confianza que tienen las personas en el farmac\u00e9utico es muy importante, puesto que les asesoran en muchos temas ligados a la promoci\u00f3n de la salud\u201d.<\/p>\n\n\n\n<p>Por su parte, <strong>Fenia Makrydaki<\/strong>, directora comercial de Sandoz Iberia, ha afirmado que \u201c<strong>Vic se ha convertido en la \u00faltima parada<\/strong> de esta iniciativa que refleja nuestro prop\u00f3sito: ser pioneros en facilitar el acceso a la salud de los pacientes. Con &#039;Mi Farmacia, Mi Salud&#039;, hemos querido reforzar y poner en valor el papel asistencial de la farmacia comunitaria en nuestros sistemas de salud\u201d.<\/p>\n\n\n\n<p>Por \u00faltimo, ha querido agradecer al &quot;Colegio de Farmac\u00e9uticos de Barcelona ya todas las farmacias que nos han acompa\u00f1ado por su compromiso en esta campa\u00f1a. Gracias tambi\u00e9n a todos aquellos que se han acercado a visitarnos en la unidad m\u00f3vil.&quot;<\/p>\n\n\n\n<h2 class=\"wp-block-heading\">La farmacia ha recorrido 12 municipios de la provincia de Barcelona<\/h2>\n\n\n\n<p>Vic ha sido la duod\u00e9cima y \u00faltima parada de la unidad m\u00f3vil, despu\u00e9s de Matar\u00f3 (23 y 24 de septiembre), Manresa (1 y 2 de octubre), Igualada (7 y 8 de octubre), Cornell\u00e0 (14 y 15 de octubre), Vilafranca (20 y 21 de octubre), Sabadell (29 y 30) L&#039;Hospitalet de Llobregat (5 y 6 de noviembre), Badalona (11 y 12 de noviembre), Granollers (18 y 19 de noviembre) y Pineda de Mar (25 y 26 de noviembre).<\/p>\n\n\n\n<p>A lo largo de este recorrido, la farmacia se ha acercado a los vecinos de las diferentes ciudades para ofrecerles servicios asistenciales de forma gratuita, m\u00e1s all\u00e1 de la dispensaci\u00f3n de medicamentos.<\/p>\n\n\n\n<figure class=\"wp-block-image size-large\"><a href=\"https:\/\/www.cofb.org\/wp-content\/uploads\/2025\/12\/Farmaceutics-voluntaris.jpg\" target=\"_blank\" rel=\" noreferrer noopener\"><img decoding=\"async\" width=\"1024\" height=\"683\" src=\"https:\/\/www.cofb.org\/wp-content\/uploads\/2025\/12\/Farmaceutics-voluntaris-1024x683.jpg\" alt=\"Les farmac\u00e8utiques i farmac\u00e8utics voluntaris a la farm\u00e0coa m\u00f2bil de Vic.\" class=\"wp-image-83188\" srcset=\"https:\/\/www.cofb.org\/wp-content\/uploads\/2025\/12\/Farmaceutics-voluntaris-1024x683.jpg 1024w, https:\/\/www.cofb.org\/wp-content\/uploads\/2025\/12\/Farmaceutics-voluntaris-300x200.jpg 300w, https:\/\/www.cofb.org\/wp-content\/uploads\/2025\/12\/Farmaceutics-voluntaris-768x512.jpg 768w, https:\/\/www.cofb.org\/wp-content\/uploads\/2025\/12\/Farmaceutics-voluntaris-1536x1024.jpg 1536w, https:\/\/www.cofb.org\/wp-content\/uploads\/2025\/12\/Farmaceutics-voluntaris-18x12.jpg 18w, https:\/\/www.cofb.org\/wp-content\/uploads\/2025\/12\/Farmaceutics-voluntaris.jpg 1920w\" sizes=\"(max-width: 1024px) 100vw, 1024px\" \/><\/a><figcaption class=\"wp-element-caption\">Las farmac\u00e9uticas y farmac\u00e9uticos voluntarios en la farmacia m\u00f3vil de Vic.<\/figcaption><\/figure>","protected":false},"excerpt":{"rendered":"<p>Barcelona, 4 de diciembre de 2025.- Una treintena de farmac\u00e9uticos\/as voluntarios de la unidad m\u00f3vil &quot;Mi farmacia, mi salud&quot; han realizado m\u00e1s de 470 pruebas de salud a los vecinos y vecinas de Vic. En concreto, un total de 121 personas se han acercado a la farmacia m\u00f3vil para conocer [\u2026]<\/p>","protected":false},"author":10,"featured_media":83188,"comment_status":"closed","ping_status":"closed","sticky":false,"template":"","format":"aside","meta":{"_uag_custom_page_level_css":"","site-sidebar-layout":"default","site-content-layout":"","ast-site-content-layout":"default","site-content-style":"default","site-sidebar-style":"default","ast-global-header-display":"","ast-banner-title-visibility":"","ast-main-header-display":"","ast-hfb-above-header-display":"","ast-hfb-below-header-display":"","ast-hfb-mobile-header-display":"","site-post-title":"","ast-breadcrumbs-content":"","ast-featured-img":"disabled","footer-sml-layout":"","theme-transparent-header-meta":"","adv-header-id-meta":"","stick-header-meta":"","header-above-stick-meta":"","header-main-stick-meta":"","header-below-stick-meta":"","astra-migrate-meta-layouts":"set","ast-page-background-enabled":"default","ast-page-background-meta":{"desktop":{"background-color":"var(--ast-global-color-4)","background-image":"","background-repeat":"repeat","background-position":"center center","background-size":"auto","background-attachment":"scroll","background-type":"","background-media":"","overlay-type":"","overlay-color":"","overlay-opacity":"","overlay-gradient":""},"tablet":{"background-color":"","background-image":"","background-repeat":"repeat","background-position":"center center","background-size":"auto","background-attachment":"scroll","background-type":"","background-media":"","overlay-type":"","overlay-color":"","overlay-opacity":"","overlay-gradient":""},"mobile":{"background-color":"","background-image":"","background-repeat":"repeat","background-position":"center center","background-size":"auto","background-attachment":"scroll","background-type":"","background-media":"","overlay-type":"","overlay-color":"","overlay-opacity":"","overlay-gradient":""}},"ast-content-background-meta":{"desktop":{"background-color":"var(--ast-global-color-5)","background-image":"","background-repeat":"repeat","background-position":"center center","background-size":"auto","background-attachment":"scroll","background-type":"","background-media":"","overlay-type":"","overlay-color":"","overlay-opacity":"","overlay-gradient":""},"tablet":{"background-color":"var(--ast-global-color-5)","background-image":"","background-repeat":"repeat","background-position":"center center","background-size":"auto","background-attachment":"scroll","background-type":"","background-media":"","overlay-type":"","overlay-color":"","overlay-opacity":"","overlay-gradient":""},"mobile":{"background-color":"var(--ast-global-color-5)","background-image":"","background-repeat":"repeat","background-position":"center center","background-size":"auto","background-attachment":"scroll","background-type":"","background-media":"","overlay-type":"","overlay-color":"","overlay-opacity":"","overlay-gradient":""}},"footnotes":""},"categories":[23,1060],"tags":[18,19,53,76,3692,5387,4509],"class_list":["post-83185","post","type-post","status-publish","format-aside","has-post-thumbnail","hentry","category-destacats","category-notes-premsa","tag-cofb","tag-collegi-de-farmaceutics-de-barcelona","tag-farmaceutics","tag-oficina-de-farmacia","tag-usuaris","tag-vic","tag-voluntaris","post_format-post-format-aside"],"yoast_head":"<!-- This site is optimized with the Yoast SEO plugin v22.4 - https:\/\/yoast.com\/wordpress\/plugins\/seo\/ -->\n<title>La campanya \u201cLa meva farm\u00e0cia, la meva salut\u201d fa m\u00e9s de 470 proves de salut en la seva darrera parada a Vic - Col\u00b7legi de Farmac\u00e8utics de Barcelona<\/title>\n<meta name=\"description\" content=\"La unitat m\u00f2bil de &quot;La meva farm\u00e0cia, la meva salut&quot; arriba a realitzar prop de 470 proves als ve\u00efns de Vic\" \/>\n<meta name=\"robots\" content=\"index, follow, max-snippet:-1, max-image-preview:large, max-video-preview:-1\" \/>\n<link rel=\"canonical\" href=\"https:\/\/www.cofb.org\/es\/2025\/12\/04\/la-campanya-la-meva-farmacia-la-meva-salut-fa-mes-de-470-proves-de-salut-en-la-seva-darrera-parada-a-vic\/\" \/>\n<meta property=\"og:locale\" content=\"es_ES\" \/>\n<meta property=\"og:type\" content=\"article\" \/>\n<meta property=\"og:title\" content=\"La campanya \u201cLa meva farm\u00e0cia, la meva salut\u201d fa m\u00e9s de 470 proves de salut en la seva darrera parada a Vic - Col\u00b7legi de Farmac\u00e8utics de Barcelona\" \/>\n<meta property=\"og:description\" content=\"La unitat m\u00f2bil de &quot;La meva farm\u00e0cia, la meva salut&quot; arriba a realitzar prop de 470 proves als ve\u00efns de Vic\" \/>\n<meta property=\"og:url\" content=\"https:\/\/www.cofb.org\/es\/2025\/12\/04\/la-campanya-la-meva-farmacia-la-meva-salut-fa-mes-de-470-proves-de-salut-en-la-seva-darrera-parada-a-vic\/\" \/>\n<meta property=\"og:site_name\" content=\"Col\u00b7legi de Farmac\u00e8utics de Barcelona\" \/>\n<meta property=\"article:publisher\" content=\"https:\/\/www.facebook.com\/farmaceuticsbcn\/\" \/>\n<meta property=\"article:published_time\" content=\"2025-12-04T15:27:39+00:00\" \/>\n<meta property=\"article:modified_time\" content=\"2026-03-19T15:16:38+00:00\" \/>\n<meta property=\"og:image\" content=\"https:\/\/www.cofb.org\/wp-content\/uploads\/2025\/12\/Farmaceutics-voluntaris.jpg\" \/>\n\t<meta property=\"og:image:width\" content=\"1920\" \/>\n\t<meta property=\"og:image:height\" content=\"1280\" \/>\n\t<meta property=\"og:image:type\" content=\"image\/jpeg\" \/>\n<meta name=\"author\" content=\"Xavier Magraner\" \/>\n<meta name=\"twitter:card\" content=\"summary_large_image\" \/>\n<meta name=\"twitter:creator\" content=\"@farmaceuticsbcn\" \/>\n<meta name=\"twitter:site\" content=\"@farmaceuticsbcn\" \/>\n<meta name=\"twitter:label1\" content=\"Escrito por\" \/>\n\t<meta name=\"twitter:data1\" content=\"Xavier Magraner\" \/>\n\t<meta name=\"twitter:label2\" content=\"Tiempo de lectura\" \/>\n\t<meta name=\"twitter:data2\" content=\"1 minuto\" \/>\n<script type=\"application\/ld+json\" class=\"yoast-schema-graph\">{\"@context\":\"https:\/\/schema.org\",\"@graph\":[{\"@type\":\"Article\",\"@id\":\"https:\/\/www.cofb.org\/2025\/12\/04\/la-campanya-la-meva-farmacia-la-meva-salut-fa-mes-de-470-proves-de-salut-en-la-seva-darrera-parada-a-vic\/#article\",\"isPartOf\":{\"@id\":\"https:\/\/www.cofb.org\/2025\/12\/04\/la-campanya-la-meva-farmacia-la-meva-salut-fa-mes-de-470-proves-de-salut-en-la-seva-darrera-parada-a-vic\/\"},\"author\":{\"name\":\"Xavier Magraner\",\"@id\":\"https:\/\/www.cofb.org\/#\/schema\/person\/e46d741cfb92c985a083d163d8270ae4\"},\"headline\":\"La campanya \u201cLa meva farm\u00e0cia, la meva salut\u201d fa m\u00e9s de 470 proves de salut en la seva darrera parada a Vic\",\"datePublished\":\"2025-12-04T15:27:39+00:00\",\"dateModified\":\"2026-03-19T15:16:38+00:00\",\"mainEntityOfPage\":{\"@id\":\"https:\/\/www.cofb.org\/2025\/12\/04\/la-campanya-la-meva-farmacia-la-meva-salut-fa-mes-de-470-proves-de-salut-en-la-seva-darrera-parada-a-vic\/\"},\"wordCount\":834,\"publisher\":{\"@id\":\"https:\/\/www.cofb.org\/#organization\"},\"image\":{\"@id\":\"https:\/\/www.cofb.org\/2025\/12\/04\/la-campanya-la-meva-farmacia-la-meva-salut-fa-mes-de-470-proves-de-salut-en-la-seva-darrera-parada-a-vic\/#primaryimage\"},\"thumbnailUrl\":\"https:\/\/www.cofb.org\/wp-content\/uploads\/2025\/12\/Farmaceutics-voluntaris.jpg\",\"keywords\":[\"COFB\",\"Col\u00b7legi de Farmac\u00e8utics de Barcelona\",\"farmac\u00e8utics\",\"Oficina de farm\u00e0cia\",\"usuaris\",\"Vic\",\"voluntaris\"],\"articleSection\":[\"Destacats\",\"Notes de premsa\"],\"inLanguage\":\"es\"},{\"@type\":\"WebPage\",\"@id\":\"https:\/\/www.cofb.org\/2025\/12\/04\/la-campanya-la-meva-farmacia-la-meva-salut-fa-mes-de-470-proves-de-salut-en-la-seva-darrera-parada-a-vic\/\",\"url\":\"https:\/\/www.cofb.org\/2025\/12\/04\/la-campanya-la-meva-farmacia-la-meva-salut-fa-mes-de-470-proves-de-salut-en-la-seva-darrera-parada-a-vic\/\",\"name\":\"La campanya \u201cLa meva farm\u00e0cia, la meva salut\u201d fa m\u00e9s de 470 proves de salut en la seva darrera parada a Vic - Col\u00b7legi de Farmac\u00e8utics de Barcelona\",\"isPartOf\":{\"@id\":\"https:\/\/www.cofb.org\/#website\"},\"primaryImageOfPage\":{\"@id\":\"https:\/\/www.cofb.org\/2025\/12\/04\/la-campanya-la-meva-farmacia-la-meva-salut-fa-mes-de-470-proves-de-salut-en-la-seva-darrera-parada-a-vic\/#primaryimage\"},\"image\":{\"@id\":\"https:\/\/www.cofb.org\/2025\/12\/04\/la-campanya-la-meva-farmacia-la-meva-salut-fa-mes-de-470-proves-de-salut-en-la-seva-darrera-parada-a-vic\/#primaryimage\"},\"thumbnailUrl\":\"https:\/\/www.cofb.org\/wp-content\/uploads\/2025\/12\/Farmaceutics-voluntaris.jpg\",\"datePublished\":\"2025-12-04T15:27:39+00:00\",\"dateModified\":\"2026-03-19T15:16:38+00:00\",\"description\":\"La unitat m\u00f2bil de \\\"La meva farm\u00e0cia, la meva salut\\\" arriba a realitzar prop de 470 proves als ve\u00efns de Vic\",\"breadcrumb\":{\"@id\":\"https:\/\/www.cofb.org\/2025\/12\/04\/la-campanya-la-meva-farmacia-la-meva-salut-fa-mes-de-470-proves-de-salut-en-la-seva-darrera-parada-a-vic\/#breadcrumb\"},\"inLanguage\":\"es\",\"potentialAction\":[{\"@type\":\"ReadAction\",\"target\":[\"https:\/\/www.cofb.org\/2025\/12\/04\/la-campanya-la-meva-farmacia-la-meva-salut-fa-mes-de-470-proves-de-salut-en-la-seva-darrera-parada-a-vic\/\"]}]},{\"@type\":\"ImageObject\",\"inLanguage\":\"es\",\"@id\":\"https:\/\/www.cofb.org\/2025\/12\/04\/la-campanya-la-meva-farmacia-la-meva-salut-fa-mes-de-470-proves-de-salut-en-la-seva-darrera-parada-a-vic\/#primaryimage\",\"url\":\"https:\/\/www.cofb.org\/wp-content\/uploads\/2025\/12\/Farmaceutics-voluntaris.jpg\",\"contentUrl\":\"https:\/\/www.cofb.org\/wp-content\/uploads\/2025\/12\/Farmaceutics-voluntaris.jpg\",\"width\":1920,\"height\":1280},{\"@type\":\"BreadcrumbList\",\"@id\":\"https:\/\/www.cofb.org\/2025\/12\/04\/la-campanya-la-meva-farmacia-la-meva-salut-fa-mes-de-470-proves-de-salut-en-la-seva-darrera-parada-a-vic\/#breadcrumb\",\"itemListElement\":[{\"@type\":\"ListItem\",\"position\":1,\"name\":\"Inici\",\"item\":\"https:\/\/novaorg.cofb.net\/\"},{\"@type\":\"ListItem\",\"position\":2,\"name\":\"La campanya \u201cLa meva farm\u00e0cia, la meva salut\u201d fa m\u00e9s de 470 proves de salut en la seva darrera parada a Vic\"}]},{\"@type\":\"WebSite\",\"@id\":\"https:\/\/www.cofb.org\/#website\",\"url\":\"https:\/\/www.cofb.org\/\",\"name\":\"Col\u00b7legi de Farmac\u00e8utics de Barcelona\",\"description\":\"\",\"publisher\":{\"@id\":\"https:\/\/www.cofb.org\/#organization\"},\"potentialAction\":[{\"@type\":\"SearchAction\",\"target\":{\"@type\":\"EntryPoint\",\"urlTemplate\":\"https:\/\/www.cofb.org\/?s={search_term_string}\"},\"query-input\":\"required name=search_term_string\"}],\"inLanguage\":\"es\"},{\"@type\":\"Organization\",\"@id\":\"https:\/\/www.cofb.org\/#organization\",\"name\":\"Col\u00b7legi de Farmac\u00e8utics de Barcelona\",\"url\":\"https:\/\/www.cofb.org\/\",\"logo\":{\"@type\":\"ImageObject\",\"inLanguage\":\"es\",\"@id\":\"https:\/\/www.cofb.org\/#\/schema\/logo\/image\/\",\"url\":\"https:\/\/www.cofb.org\/wp-content\/uploads\/2023\/11\/cropped-Logotip-COFB.png\",\"contentUrl\":\"https:\/\/www.cofb.org\/wp-content\/uploads\/2023\/11\/cropped-Logotip-COFB.png\",\"width\":500,\"height\":105,\"caption\":\"Col\u00b7legi de Farmac\u00e8utics de Barcelona\"},\"image\":{\"@id\":\"https:\/\/www.cofb.org\/#\/schema\/logo\/image\/\"},\"sameAs\":[\"https:\/\/www.facebook.com\/farmaceuticsbcn\/\",\"https:\/\/twitter.com\/farmaceuticsbcn\",\"https:\/\/www.instagram.com\/farmaceuticsbcn\/\",\"https:\/\/www.linkedin.com\/company\/farmaceuticsbcn\/\"]},{\"@type\":\"Person\",\"@id\":\"https:\/\/www.cofb.org\/#\/schema\/person\/e46d741cfb92c985a083d163d8270ae4\",\"name\":\"Xavier Magraner\",\"image\":{\"@type\":\"ImageObject\",\"inLanguage\":\"es\",\"@id\":\"https:\/\/www.cofb.org\/#\/schema\/person\/image\/\",\"url\":\"https:\/\/secure.gravatar.com\/avatar\/aa0d1d4df59f71f88eebd5796c5388ff41c58d83c5301eb6e1d65646a289c37d?s=96&d=mm&r=g\",\"contentUrl\":\"https:\/\/secure.gravatar.com\/avatar\/aa0d1d4df59f71f88eebd5796c5388ff41c58d83c5301eb6e1d65646a289c37d?s=96&d=mm&r=g\",\"caption\":\"Xavier Magraner\"},\"url\":\"https:\/\/www.cofb.org\/es\/author\/xmagraner\/\"}]}<\/script>\n<!-- \/ Yoast SEO plugin. -->","yoast_head_json":{"title":"La campanya \u201cLa meva farm\u00e0cia, la meva salut\u201d fa m\u00e9s de 470 proves de salut en la seva darrera parada a Vic - Col\u00b7legi de Farmac\u00e8utics de Barcelona","description":"La unitat m\u00f2bil de \"La meva farm\u00e0cia, la meva salut\" arriba a realitzar prop de 470 proves als ve\u00efns de Vic","robots":{"index":"index","follow":"follow","max-snippet":"max-snippet:-1","max-image-preview":"max-image-preview:large","max-video-preview":"max-video-preview:-1"},"canonical":"https:\/\/www.cofb.org\/es\/2025\/12\/04\/la-campanya-la-meva-farmacia-la-meva-salut-fa-mes-de-470-proves-de-salut-en-la-seva-darrera-parada-a-vic\/","og_locale":"es_ES","og_type":"article","og_title":"La campanya \u201cLa meva farm\u00e0cia, la meva salut\u201d fa m\u00e9s de 470 proves de salut en la seva darrera parada a Vic - Col\u00b7legi de Farmac\u00e8utics de Barcelona","og_description":"La unitat m\u00f2bil de \"La meva farm\u00e0cia, la meva salut\" arriba a realitzar prop de 470 proves als ve\u00efns de Vic","og_url":"https:\/\/www.cofb.org\/es\/2025\/12\/04\/la-campanya-la-meva-farmacia-la-meva-salut-fa-mes-de-470-proves-de-salut-en-la-seva-darrera-parada-a-vic\/","og_site_name":"Col\u00b7legi de Farmac\u00e8utics de Barcelona","article_publisher":"https:\/\/www.facebook.com\/farmaceuticsbcn\/","article_published_time":"2025-12-04T15:27:39+00:00","article_modified_time":"2026-03-19T15:16:38+00:00","og_image":[{"width":1920,"height":1280,"url":"https:\/\/www.cofb.org\/wp-content\/uploads\/2025\/12\/Farmaceutics-voluntaris.jpg","type":"image\/jpeg"}],"author":"Xavier Magraner","twitter_card":"summary_large_image","twitter_creator":"@farmaceuticsbcn","twitter_site":"@farmaceuticsbcn","twitter_misc":{"Escrito por":"Xavier Magraner","Tiempo de lectura":"1 minuto"},"schema":{"@context":"https:\/\/schema.org","@graph":[{"@type":"Article","@id":"https:\/\/www.cofb.org\/2025\/12\/04\/la-campanya-la-meva-farmacia-la-meva-salut-fa-mes-de-470-proves-de-salut-en-la-seva-darrera-parada-a-vic\/#article","isPartOf":{"@id":"https:\/\/www.cofb.org\/2025\/12\/04\/la-campanya-la-meva-farmacia-la-meva-salut-fa-mes-de-470-proves-de-salut-en-la-seva-darrera-parada-a-vic\/"},"author":{"name":"Xavier Magraner","@id":"https:\/\/www.cofb.org\/#\/schema\/person\/e46d741cfb92c985a083d163d8270ae4"},"headline":"La campanya \u201cLa meva farm\u00e0cia, la meva salut\u201d fa m\u00e9s de 470 proves de salut en la seva darrera parada a Vic","datePublished":"2025-12-04T15:27:39+00:00","dateModified":"2026-03-19T15:16:38+00:00","mainEntityOfPage":{"@id":"https:\/\/www.cofb.org\/2025\/12\/04\/la-campanya-la-meva-farmacia-la-meva-salut-fa-mes-de-470-proves-de-salut-en-la-seva-darrera-parada-a-vic\/"},"wordCount":834,"publisher":{"@id":"https:\/\/www.cofb.org\/#organization"},"image":{"@id":"https:\/\/www.cofb.org\/2025\/12\/04\/la-campanya-la-meva-farmacia-la-meva-salut-fa-mes-de-470-proves-de-salut-en-la-seva-darrera-parada-a-vic\/#primaryimage"},"thumbnailUrl":"https:\/\/www.cofb.org\/wp-content\/uploads\/2025\/12\/Farmaceutics-voluntaris.jpg","keywords":["COFB","Col\u00b7legi de Farmac\u00e8utics de Barcelona","farmac\u00e8utics","Oficina de farm\u00e0cia","usuaris","Vic","voluntaris"],"articleSection":["Destacats","Notes de premsa"],"inLanguage":"es"},{"@type":"WebPage","@id":"https:\/\/www.cofb.org\/2025\/12\/04\/la-campanya-la-meva-farmacia-la-meva-salut-fa-mes-de-470-proves-de-salut-en-la-seva-darrera-parada-a-vic\/","url":"https:\/\/www.cofb.org\/2025\/12\/04\/la-campanya-la-meva-farmacia-la-meva-salut-fa-mes-de-470-proves-de-salut-en-la-seva-darrera-parada-a-vic\/","name":"La campanya \u201cLa meva farm\u00e0cia, la meva salut\u201d fa m\u00e9s de 470 proves de salut en la seva darrera parada a Vic - Col\u00b7legi de Farmac\u00e8utics de Barcelona","isPartOf":{"@id":"https:\/\/www.cofb.org\/#website"},"primaryImageOfPage":{"@id":"https:\/\/www.cofb.org\/2025\/12\/04\/la-campanya-la-meva-farmacia-la-meva-salut-fa-mes-de-470-proves-de-salut-en-la-seva-darrera-parada-a-vic\/#primaryimage"},"image":{"@id":"https:\/\/www.cofb.org\/2025\/12\/04\/la-campanya-la-meva-farmacia-la-meva-salut-fa-mes-de-470-proves-de-salut-en-la-seva-darrera-parada-a-vic\/#primaryimage"},"thumbnailUrl":"https:\/\/www.cofb.org\/wp-content\/uploads\/2025\/12\/Farmaceutics-voluntaris.jpg","datePublished":"2025-12-04T15:27:39+00:00","dateModified":"2026-03-19T15:16:38+00:00","description":"La unitat m\u00f2bil de \"La meva farm\u00e0cia, la meva salut\" arriba a realitzar prop de 470 proves als ve\u00efns de Vic","breadcrumb":{"@id":"https:\/\/www.cofb.org\/2025\/12\/04\/la-campanya-la-meva-farmacia-la-meva-salut-fa-mes-de-470-proves-de-salut-en-la-seva-darrera-parada-a-vic\/#breadcrumb"},"inLanguage":"es","potentialAction":[{"@type":"ReadAction","target":["https:\/\/www.cofb.org\/2025\/12\/04\/la-campanya-la-meva-farmacia-la-meva-salut-fa-mes-de-470-proves-de-salut-en-la-seva-darrera-parada-a-vic\/"]}]},{"@type":"ImageObject","inLanguage":"es","@id":"https:\/\/www.cofb.org\/2025\/12\/04\/la-campanya-la-meva-farmacia-la-meva-salut-fa-mes-de-470-proves-de-salut-en-la-seva-darrera-parada-a-vic\/#primaryimage","url":"https:\/\/www.cofb.org\/wp-content\/uploads\/2025\/12\/Farmaceutics-voluntaris.jpg","contentUrl":"https:\/\/www.cofb.org\/wp-content\/uploads\/2025\/12\/Farmaceutics-voluntaris.jpg","width":1920,"height":1280},{"@type":"BreadcrumbList","@id":"https:\/\/www.cofb.org\/2025\/12\/04\/la-campanya-la-meva-farmacia-la-meva-salut-fa-mes-de-470-proves-de-salut-en-la-seva-darrera-parada-a-vic\/#breadcrumb","itemListElement":[{"@type":"ListItem","position":1,"name":"Inici","item":"https:\/\/novaorg.cofb.net\/"},{"@type":"ListItem","position":2,"name":"La campanya \u201cLa meva farm\u00e0cia, la meva salut\u201d fa m\u00e9s de 470 proves de salut en la seva darrera parada a Vic"}]},{"@type":"WebSite","@id":"https:\/\/www.cofb.org\/#website","url":"https:\/\/www.cofb.org\/","name":"Col\u00b7legi de Farmac\u00e8utics de Barcelona","description":"","publisher":{"@id":"https:\/\/www.cofb.org\/#organization"},"potentialAction":[{"@type":"SearchAction","target":{"@type":"EntryPoint","urlTemplate":"https:\/\/www.cofb.org\/?s={search_term_string}"},"query-input":"required name=search_term_string"}],"inLanguage":"es"},{"@type":"Organization","@id":"https:\/\/www.cofb.org\/#organization","name":"Col\u00b7legi de Farmac\u00e8utics de Barcelona","url":"https:\/\/www.cofb.org\/","logo":{"@type":"ImageObject","inLanguage":"es","@id":"https:\/\/www.cofb.org\/#\/schema\/logo\/image\/","url":"https:\/\/www.cofb.org\/wp-content\/uploads\/2023\/11\/cropped-Logotip-COFB.png","contentUrl":"https:\/\/www.cofb.org\/wp-content\/uploads\/2023\/11\/cropped-Logotip-COFB.png","width":500,"height":105,"caption":"Col\u00b7legi de Farmac\u00e8utics de Barcelona"},"image":{"@id":"https:\/\/www.cofb.org\/#\/schema\/logo\/image\/"},"sameAs":["https:\/\/www.facebook.com\/farmaceuticsbcn\/","https:\/\/twitter.com\/farmaceuticsbcn","https:\/\/www.instagram.com\/farmaceuticsbcn\/","https:\/\/www.linkedin.com\/company\/farmaceuticsbcn\/"]},{"@type":"Person","@id":"https:\/\/www.cofb.org\/#\/schema\/person\/e46d741cfb92c985a083d163d8270ae4","name":"Xavier Magraner","image":{"@type":"ImageObject","inLanguage":"es","@id":"https:\/\/www.cofb.org\/#\/schema\/person\/image\/","url":"https:\/\/secure.gravatar.com\/avatar\/aa0d1d4df59f71f88eebd5796c5388ff41c58d83c5301eb6e1d65646a289c37d?s=96&d=mm&r=g","contentUrl":"https:\/\/secure.gravatar.com\/avatar\/aa0d1d4df59f71f88eebd5796c5388ff41c58d83c5301eb6e1d65646a289c37d?s=96&d=mm&r=g","caption":"Xavier Magraner"},"url":"https:\/\/www.cofb.org\/es\/author\/xmagraner\/"}]}},"uagb_featured_image_src":{"full":["https:\/\/www.cofb.org\/wp-content\/uploads\/2025\/12\/Farmaceutics-voluntaris.jpg",1920,1280,false],"thumbnail":["https:\/\/www.cofb.org\/wp-content\/uploads\/2025\/12\/Farmaceutics-voluntaris-150x150.jpg",150,150,true],"medium":["https:\/\/www.cofb.org\/wp-content\/uploads\/2025\/12\/Farmaceutics-voluntaris-300x200.jpg",300,200,true],"medium_large":["https:\/\/www.cofb.org\/wp-content\/uploads\/2025\/12\/Farmaceutics-voluntaris-768x512.jpg",768,512,true],"large":["https:\/\/www.cofb.org\/wp-content\/uploads\/2025\/12\/Farmaceutics-voluntaris-1024x683.jpg",1024,683,true],"1536x1536":["https:\/\/www.cofb.org\/wp-content\/uploads\/2025\/12\/Farmaceutics-voluntaris-1536x1024.jpg",1536,1024,true],"2048x2048":["https:\/\/www.cofb.org\/wp-content\/uploads\/2025\/12\/Farmaceutics-voluntaris.jpg",1920,1280,false],"trp-custom-language-flag":["https:\/\/www.cofb.org\/wp-content\/uploads\/2025\/12\/Farmaceutics-voluntaris-18x12.jpg",18,12,true]},"uagb_author_info":{"display_name":"Xavier Magraner","author_link":"https:\/\/www.cofb.org\/es\/author\/xmagraner\/"},"uagb_comment_info":0,"uagb_excerpt":"Barcelona, 4 de desembre de 2025.- Una trentena de farmac\u00e8utics\/ques voluntaris de la unitat m\u00f2bil \u201cLa meva farm\u00e0cia, la meva salut\u201d han realitzat m\u00e9s de 470 proves de salut als ve\u00efns i ve\u00efnes de Vic. En concret, un total de 121 persones s\u2019han apropat a la farm\u00e0cia m\u00f2bil per con\u00e8ixer [&hellip;]","_links":{"self":[{"href":"https:\/\/www.cofb.org\/es\/wp-json\/wp\/v2\/posts\/83185","targetHints":{"allow":["GET"]}}],"collection":[{"href":"https:\/\/www.cofb.org\/es\/wp-json\/wp\/v2\/posts"}],"about":[{"href":"https:\/\/www.cofb.org\/es\/wp-json\/wp\/v2\/types\/post"}],"author":[{"embeddable":true,"href":"https:\/\/www.cofb.org\/es\/wp-json\/wp\/v2\/users\/10"}],"replies":[{"embeddable":true,"href":"https:\/\/www.cofb.org\/es\/wp-json\/wp\/v2\/comments?post=83185"}],"version-history":[{"count":6,"href":"https:\/\/www.cofb.org\/es\/wp-json\/wp\/v2\/posts\/83185\/revisions"}],"predecessor-version":[{"id":83201,"href":"https:\/\/www.cofb.org\/es\/wp-json\/wp\/v2\/posts\/83185\/revisions\/83201"}],"wp:featuredmedia":[{"embeddable":true,"href":"https:\/\/www.cofb.org\/es\/wp-json\/wp\/v2\/media\/83188"}],"wp:attachment":[{"href":"https:\/\/www.cofb.org\/es\/wp-json\/wp\/v2\/media?parent=83185"}],"wp:term":[{"taxonomy":"category","embeddable":true,"href":"https:\/\/www.cofb.org\/es\/wp-json\/wp\/v2\/categories?post=83185"},{"taxonomy":"post_tag","embeddable":true,"href":"https:\/\/www.cofb.org\/es\/wp-json\/wp\/v2\/tags?post=83185"}],"curies":[{"name":"wp","href":"https:\/\/api.w.org\/{rel}","templated":true}]}}