{"id":83070,"date":"2025-12-05T15:48:41","date_gmt":"2025-12-05T15:48:41","guid":{"rendered":"https:\/\/www.cofb.org\/?p=83070"},"modified":"2025-12-15T16:19:32","modified_gmt":"2025-12-15T16:19:32","slug":"el-x-concurs-de-fotografia-del-cofb-ja-te-guanyadors","status":"publish","type":"post","link":"https:\/\/www.cofb.org\/es\/2025\/12\/05\/el-x-concurs-de-fotografia-del-cofb-ja-te-guanyadors\/","title":{"rendered":"El X concurso de fotograf\u00eda del COFB ya tiene ganadores"},"content":{"rendered":"<p>El jurado de la <strong>X edici\u00f3n del Concurso de Fotograf\u00eda del Colegio de Farmac\u00e9uticos de Barcelona (COFB) <\/strong>dio a conocer a los ganadores de esta edici\u00f3n del concurso, bajo la tem\u00e1tica \u201cPuertas, ventanas\u201d.<\/p>\n\n\n\n<h2 class=\"wp-block-heading\"><strong>Categor\u00eda de fotograf\u00eda en color<\/strong><\/h2>\n\n\n\n<p>En la categor\u00eda de <strong>fotograf\u00eda en color<\/strong>, <strong>Montserrat Cucarull <\/strong>result\u00f3 ganadora con la fotograf\u00eda titulada \u201c<strong>Vida cotidiana nocturna<\/strong>&#8220;.<\/p>\n\n\n\n<figure class=\"wp-block-image size-full is-resized\"><a href=\"https:\/\/www.cofb.org\/wp-content\/uploads\/2025\/12\/Vida-quotidiana-nocturna.jpg\" target=\"_blank\" rel=\"noreferrer noopener\"><img fetchpriority=\"high\" decoding=\"async\" width=\"1040\" height=\"1266\" src=\"https:\/\/www.cofb.org\/wp-content\/uploads\/2025\/12\/Vida-quotidiana-nocturna.jpg\" alt=\"\" class=\"wp-image-83076\" style=\"width:673px;height:auto\" srcset=\"https:\/\/www.cofb.org\/wp-content\/uploads\/2025\/12\/Vida-quotidiana-nocturna.jpg 1040w, https:\/\/www.cofb.org\/wp-content\/uploads\/2025\/12\/Vida-quotidiana-nocturna-246x300.jpg 246w, https:\/\/www.cofb.org\/wp-content\/uploads\/2025\/12\/Vida-quotidiana-nocturna-841x1024.jpg 841w, https:\/\/www.cofb.org\/wp-content\/uploads\/2025\/12\/Vida-quotidiana-nocturna-768x935.jpg 768w, https:\/\/www.cofb.org\/wp-content\/uploads\/2025\/12\/Vida-quotidiana-nocturna-10x12.jpg 10w\" sizes=\"(max-width: 1040px) 100vw, 1040px\" \/><\/a><\/figure>\n\n\n\n<p><\/p>\n\n\n\n<h2 class=\"wp-block-heading\"><strong>Categor\u00eda de fotograf\u00eda en blanco y negro<\/strong><\/h2>\n\n\n\n<p>El premio en la<strong> categor\u00eda en blanco y negro<\/strong> fue otorgado a <strong>Oscar Capel<\/strong>, con la fotograf\u00eda titulada \u201c<strong>Opciones\u201d<\/strong>.<\/p>\n\n\n\n<figure class=\"wp-block-image size-large is-resized\"><a href=\"https:\/\/www.cofb.org\/wp-content\/uploads\/2025\/12\/Opcions-scaled.jpeg\" target=\"_blank\" rel=\"noreferrer noopener\"><img decoding=\"async\" width=\"768\" height=\"1024\" src=\"https:\/\/www.cofb.org\/wp-content\/uploads\/2025\/12\/Opcions-768x1024.jpeg\" alt=\"\" class=\"wp-image-83077\" style=\"width:665px;height:auto\" srcset=\"https:\/\/www.cofb.org\/wp-content\/uploads\/2025\/12\/Opcions-768x1024.jpeg 768w, https:\/\/www.cofb.org\/wp-content\/uploads\/2025\/12\/Opcions-225x300.jpeg 225w, https:\/\/www.cofb.org\/wp-content\/uploads\/2025\/12\/Opcions-1152x1536.jpeg 1152w, https:\/\/www.cofb.org\/wp-content\/uploads\/2025\/12\/Opcions-1536x2048.jpeg 1536w, https:\/\/www.cofb.org\/wp-content\/uploads\/2025\/12\/Opcions-9x12.jpeg 9w, https:\/\/www.cofb.org\/wp-content\/uploads\/2025\/12\/Opcions-scaled.jpeg 1920w\" sizes=\"(max-width: 768px) 100vw, 768px\" \/><\/a><\/figure>\n\n\n\n<h3 class=\"wp-block-heading\"><strong>Participantes de fotograf\u00eda en color<\/strong><\/h3>\n\n\n\n<figure class=\"wp-block-gallery has-nested-images columns-5 is-cropped uag-masonry uagb-block-3e99a413 wp-block-gallery-1 is-layout-flex wp-block-gallery-is-layout-flex\">\n<figure class=\"wp-block-image size-large\"><a href=\"https:\/\/www.cofb.org\/wp-content\/uploads\/2025\/12\/Balcons-a-la-finestra-scaled.jpg\" target=\"_blank\" rel=\"noreferrer noopener\"><img decoding=\"async\" width=\"1024\" height=\"1024\" data-id=\"83118\" src=\"https:\/\/www.cofb.org\/wp-content\/uploads\/2025\/12\/Balcons-a-la-finestra-1024x1024.jpg\" alt=\"&quot;Balcons a la finestra&quot;\" class=\"wp-image-83118\" srcset=\"https:\/\/www.cofb.org\/wp-content\/uploads\/2025\/12\/Balcons-a-la-finestra-1024x1024.jpg 1024w, https:\/\/www.cofb.org\/wp-content\/uploads\/2025\/12\/Balcons-a-la-finestra-300x300.jpg 300w, https:\/\/www.cofb.org\/wp-content\/uploads\/2025\/12\/Balcons-a-la-finestra-150x150.jpg 150w, https:\/\/www.cofb.org\/wp-content\/uploads\/2025\/12\/Balcons-a-la-finestra-768x768.jpg 768w, https:\/\/www.cofb.org\/wp-content\/uploads\/2025\/12\/Balcons-a-la-finestra-1536x1536.jpg 1536w, https:\/\/www.cofb.org\/wp-content\/uploads\/2025\/12\/Balcons-a-la-finestra-2048x2048.jpg 2048w, https:\/\/www.cofb.org\/wp-content\/uploads\/2025\/12\/Balcons-a-la-finestra-12x12.jpg 12w\" sizes=\"(max-width: 1024px) 100vw, 1024px\" \/><\/a><figcaption class=\"wp-element-caption\">\u201cBalcones en la ventana\u201d<\/figcaption><\/figure>\n\n\n\n<figure class=\"wp-block-image size-large\"><a href=\"https:\/\/www.cofb.org\/wp-content\/uploads\/2025\/12\/Dagabas-scaled.jpg\" target=\"_blank\" rel=\"noreferrer noopener\"><img loading=\"lazy\" decoding=\"async\" width=\"898\" height=\"1024\" data-id=\"83127\" src=\"https:\/\/www.cofb.org\/wp-content\/uploads\/2025\/12\/Dagabas-898x1024.jpg\" alt=\"\" class=\"wp-image-83127\" srcset=\"https:\/\/www.cofb.org\/wp-content\/uploads\/2025\/12\/Dagabas-898x1024.jpg 898w, https:\/\/www.cofb.org\/wp-content\/uploads\/2025\/12\/Dagabas-263x300.jpg 263w, https:\/\/www.cofb.org\/wp-content\/uploads\/2025\/12\/Dagabas-768x876.jpg 768w, https:\/\/www.cofb.org\/wp-content\/uploads\/2025\/12\/Dagabas-1347x1536.jpg 1347w, https:\/\/www.cofb.org\/wp-content\/uploads\/2025\/12\/Dagabas-1796x2048.jpg 1796w, https:\/\/www.cofb.org\/wp-content\/uploads\/2025\/12\/Dagabas-11x12.jpg 11w\" sizes=\"(max-width: 898px) 100vw, 898px\" \/><\/a><figcaption class=\"wp-element-caption\">&quot;Dagabas&quot;<\/figcaption><\/figure>\n\n\n\n<figure class=\"wp-block-image size-large\"><a href=\"https:\/\/www.cofb.org\/wp-content\/uploads\/2025\/12\/Filigrana-scaled.jpg\" target=\"_blank\" rel=\"noreferrer noopener\"><img loading=\"lazy\" decoding=\"async\" width=\"768\" height=\"1024\" data-id=\"83144\" src=\"https:\/\/www.cofb.org\/wp-content\/uploads\/2025\/12\/Filigrana-768x1024.jpg\" alt=\"Filigrana\" class=\"wp-image-83144\" srcset=\"https:\/\/www.cofb.org\/wp-content\/uploads\/2025\/12\/Filigrana-768x1024.jpg 768w, https:\/\/www.cofb.org\/wp-content\/uploads\/2025\/12\/Filigrana-225x300.jpg 225w, https:\/\/www.cofb.org\/wp-content\/uploads\/2025\/12\/Filigrana-1152x1536.jpg 1152w, https:\/\/www.cofb.org\/wp-content\/uploads\/2025\/12\/Filigrana-1536x2048.jpg 1536w, https:\/\/www.cofb.org\/wp-content\/uploads\/2025\/12\/Filigrana-9x12.jpg 9w, https:\/\/www.cofb.org\/wp-content\/uploads\/2025\/12\/Filigrana-scaled.jpg 1920w\" sizes=\"(max-width: 768px) 100vw, 768px\" \/><\/a><figcaption class=\"wp-element-caption\">&quot;Filigrana&quot;<\/figcaption><\/figure>\n\n\n\n<figure class=\"wp-block-image size-large is-style-default\"><a href=\"https:\/\/www.cofb.org\/wp-content\/uploads\/2025\/12\/Finestra-vermella-scaled.jpeg\" target=\"_blank\" rel=\"noreferrer noopener\"><img loading=\"lazy\" decoding=\"async\" width=\"920\" height=\"1024\" data-id=\"83150\" src=\"https:\/\/www.cofb.org\/wp-content\/uploads\/2025\/12\/Finestra-vermella-920x1024.jpeg\" alt=\"Finestra vermella\" class=\"wp-image-83150\" srcset=\"https:\/\/www.cofb.org\/wp-content\/uploads\/2025\/12\/Finestra-vermella-920x1024.jpeg 920w, https:\/\/www.cofb.org\/wp-content\/uploads\/2025\/12\/Finestra-vermella-270x300.jpeg 270w, https:\/\/www.cofb.org\/wp-content\/uploads\/2025\/12\/Finestra-vermella-768x855.jpeg 768w, https:\/\/www.cofb.org\/wp-content\/uploads\/2025\/12\/Finestra-vermella-1380x1536.jpeg 1380w, https:\/\/www.cofb.org\/wp-content\/uploads\/2025\/12\/Finestra-vermella-1840x2048.jpeg 1840w, https:\/\/www.cofb.org\/wp-content\/uploads\/2025\/12\/Finestra-vermella-11x12.jpeg 11w\" sizes=\"(max-width: 920px) 100vw, 920px\" \/><\/a><figcaption class=\"wp-element-caption\">Ventana roja<\/figcaption><\/figure>\n\n\n\n<figure class=\"wp-block-image size-large\"><a href=\"https:\/\/www.cofb.org\/wp-content\/uploads\/2025\/12\/La-finestra-duna-amiga-es-la-teva-finestra-scaled.jpg\" target=\"_blank\" rel=\"noreferrer noopener\"><img loading=\"lazy\" decoding=\"async\" width=\"683\" height=\"1024\" data-id=\"83157\" src=\"https:\/\/www.cofb.org\/wp-content\/uploads\/2025\/12\/La-finestra-duna-amiga-es-la-teva-finestra-683x1024.jpg\" alt=\"&quot;La finestra d'una amiga, \u00e9s la teva finestra&quot;\" class=\"wp-image-83157\" srcset=\"https:\/\/www.cofb.org\/wp-content\/uploads\/2025\/12\/La-finestra-duna-amiga-es-la-teva-finestra-683x1024.jpg 683w, https:\/\/www.cofb.org\/wp-content\/uploads\/2025\/12\/La-finestra-duna-amiga-es-la-teva-finestra-200x300.jpg 200w, https:\/\/www.cofb.org\/wp-content\/uploads\/2025\/12\/La-finestra-duna-amiga-es-la-teva-finestra-768x1152.jpg 768w, https:\/\/www.cofb.org\/wp-content\/uploads\/2025\/12\/La-finestra-duna-amiga-es-la-teva-finestra-1024x1536.jpg 1024w, https:\/\/www.cofb.org\/wp-content\/uploads\/2025\/12\/La-finestra-duna-amiga-es-la-teva-finestra-1365x2048.jpg 1365w, https:\/\/www.cofb.org\/wp-content\/uploads\/2025\/12\/La-finestra-duna-amiga-es-la-teva-finestra-8x12.jpg 8w, https:\/\/www.cofb.org\/wp-content\/uploads\/2025\/12\/La-finestra-duna-amiga-es-la-teva-finestra-scaled.jpg 1707w\" sizes=\"(max-width: 683px) 100vw, 683px\" \/><\/a><figcaption class=\"wp-element-caption\">&quot;La ventana de una amiga, es tu ventana&quot;<\/figcaption><\/figure>\n\n\n\n<figure class=\"wp-block-image size-large\"><a href=\"https:\/\/www.cofb.org\/wp-content\/uploads\/2025\/12\/ModernBCN.jpeg\" target=\"_blank\" rel=\"noreferrer noopener\"><img loading=\"lazy\" decoding=\"async\" width=\"682\" height=\"1024\" data-id=\"83168\" src=\"https:\/\/www.cofb.org\/wp-content\/uploads\/2025\/12\/ModernBCN-682x1024.jpeg\" alt=\"&quot;Modern Barcelona&quot;\" class=\"wp-image-83168\" srcset=\"https:\/\/www.cofb.org\/wp-content\/uploads\/2025\/12\/ModernBCN-682x1024.jpeg 682w, https:\/\/www.cofb.org\/wp-content\/uploads\/2025\/12\/ModernBCN-200x300.jpeg 200w, https:\/\/www.cofb.org\/wp-content\/uploads\/2025\/12\/ModernBCN-768x1154.jpeg 768w, https:\/\/www.cofb.org\/wp-content\/uploads\/2025\/12\/ModernBCN-1022x1536.jpeg 1022w, https:\/\/www.cofb.org\/wp-content\/uploads\/2025\/12\/ModernBCN-8x12.jpeg 8w, https:\/\/www.cofb.org\/wp-content\/uploads\/2025\/12\/ModernBCN.jpeg 1049w\" sizes=\"(max-width: 682px) 100vw, 682px\" \/><\/a><figcaption class=\"wp-element-caption\">&quot;Moderno Barcelona&quot;<\/figcaption><\/figure>\n\n\n\n<figure class=\"wp-block-image size-large\"><a href=\"https:\/\/www.cofb.org\/wp-content\/uploads\/2025\/12\/PORTAALCAMP-scaled.jpg\" target=\"_blank\" rel=\"noreferrer noopener\"><img loading=\"lazy\" decoding=\"async\" width=\"1024\" height=\"683\" data-id=\"83173\" src=\"https:\/\/www.cofb.org\/wp-content\/uploads\/2025\/12\/PORTAALCAMP-1024x683.jpg\" alt=\"&quot;Porta al camp&quot;\" class=\"wp-image-83173\" srcset=\"https:\/\/www.cofb.org\/wp-content\/uploads\/2025\/12\/PORTAALCAMP-1024x683.jpg 1024w, https:\/\/www.cofb.org\/wp-content\/uploads\/2025\/12\/PORTAALCAMP-300x200.jpg 300w, https:\/\/www.cofb.org\/wp-content\/uploads\/2025\/12\/PORTAALCAMP-768x512.jpg 768w, https:\/\/www.cofb.org\/wp-content\/uploads\/2025\/12\/PORTAALCAMP-1536x1024.jpg 1536w, https:\/\/www.cofb.org\/wp-content\/uploads\/2025\/12\/PORTAALCAMP-2048x1365.jpg 2048w, https:\/\/www.cofb.org\/wp-content\/uploads\/2025\/12\/PORTAALCAMP-18x12.jpg 18w\" sizes=\"(max-width: 1024px) 100vw, 1024px\" \/><\/a><figcaption class=\"wp-element-caption\">\u201cPuerta al campo\u201d<\/figcaption><\/figure>\n\n\n\n<figure class=\"wp-block-image size-large\"><a href=\"https:\/\/www.cofb.org\/wp-content\/uploads\/2025\/12\/Puertaastur-BBC-scaled.jpg\" target=\"_blank\" rel=\"noreferrer noopener\"><img loading=\"lazy\" decoding=\"async\" width=\"576\" height=\"1024\" data-id=\"83181\" src=\"https:\/\/www.cofb.org\/wp-content\/uploads\/2025\/12\/Puertaastur-BBC-576x1024.jpg\" alt=\"&quot;Puerta astur BBC&quot;\" class=\"wp-image-83181\" srcset=\"https:\/\/www.cofb.org\/wp-content\/uploads\/2025\/12\/Puertaastur-BBC-576x1024.jpg 576w, https:\/\/www.cofb.org\/wp-content\/uploads\/2025\/12\/Puertaastur-BBC-169x300.jpg 169w, https:\/\/www.cofb.org\/wp-content\/uploads\/2025\/12\/Puertaastur-BBC-768x1365.jpg 768w, https:\/\/www.cofb.org\/wp-content\/uploads\/2025\/12\/Puertaastur-BBC-864x1536.jpg 864w, https:\/\/www.cofb.org\/wp-content\/uploads\/2025\/12\/Puertaastur-BBC-1152x2048.jpg 1152w, https:\/\/www.cofb.org\/wp-content\/uploads\/2025\/12\/Puertaastur-BBC-7x12.jpg 7w, https:\/\/www.cofb.org\/wp-content\/uploads\/2025\/12\/Puertaastur-BBC-scaled.jpg 1440w\" sizes=\"(max-width: 576px) 100vw, 576px\" \/><\/a><figcaption class=\"wp-element-caption\">\u201cPuerta astur BBC\u201d<\/figcaption><\/figure>\n\n\n\n<figure class=\"wp-block-image size-large\"><a href=\"https:\/\/www.cofb.org\/wp-content\/uploads\/2025\/12\/Tancadaalmonobertaalabellesa-scaled.jpg\" target=\"_blank\" rel=\"noreferrer noopener\"><img loading=\"lazy\" decoding=\"async\" width=\"1024\" height=\"683\" data-id=\"83203\" src=\"https:\/\/www.cofb.org\/wp-content\/uploads\/2025\/12\/Tancadaalmonobertaalabellesa-1024x683.jpg\" alt=\"&quot;Tancada al mon obert a la bellesa&quot;\" class=\"wp-image-83203\" srcset=\"https:\/\/www.cofb.org\/wp-content\/uploads\/2025\/12\/Tancadaalmonobertaalabellesa-1024x683.jpg 1024w, https:\/\/www.cofb.org\/wp-content\/uploads\/2025\/12\/Tancadaalmonobertaalabellesa-300x200.jpg 300w, https:\/\/www.cofb.org\/wp-content\/uploads\/2025\/12\/Tancadaalmonobertaalabellesa-768x512.jpg 768w, https:\/\/www.cofb.org\/wp-content\/uploads\/2025\/12\/Tancadaalmonobertaalabellesa-1536x1024.jpg 1536w, https:\/\/www.cofb.org\/wp-content\/uploads\/2025\/12\/Tancadaalmonobertaalabellesa-2048x1365.jpg 2048w, https:\/\/www.cofb.org\/wp-content\/uploads\/2025\/12\/Tancadaalmonobertaalabellesa-18x12.jpg 18w\" sizes=\"(max-width: 1024px) 100vw, 1024px\" \/><\/a><figcaption class=\"wp-element-caption\">\u201cCerrada en el mundo abierto a la belleza\u201d<\/figcaption><\/figure>\n\n\n\n<figure class=\"wp-block-image size-large\"><a href=\"https:\/\/www.cofb.org\/wp-content\/uploads\/2025\/12\/Sense-nom-color1-scaled.jpeg\" target=\"_blank\" rel=\"noreferrer noopener\"><img loading=\"lazy\" decoding=\"async\" width=\"768\" height=\"1024\" data-id=\"83197\" src=\"https:\/\/www.cofb.org\/wp-content\/uploads\/2025\/12\/Sense-nom-color1-768x1024.jpeg\" alt=\"Sense t\u00edtol\" class=\"wp-image-83197\" srcset=\"https:\/\/www.cofb.org\/wp-content\/uploads\/2025\/12\/Sense-nom-color1-768x1024.jpeg 768w, https:\/\/www.cofb.org\/wp-content\/uploads\/2025\/12\/Sense-nom-color1-225x300.jpeg 225w, https:\/\/www.cofb.org\/wp-content\/uploads\/2025\/12\/Sense-nom-color1-1152x1536.jpeg 1152w, https:\/\/www.cofb.org\/wp-content\/uploads\/2025\/12\/Sense-nom-color1-1536x2048.jpeg 1536w, https:\/\/www.cofb.org\/wp-content\/uploads\/2025\/12\/Sense-nom-color1-9x12.jpeg 9w, https:\/\/www.cofb.org\/wp-content\/uploads\/2025\/12\/Sense-nom-color1-scaled.jpeg 1920w\" sizes=\"(max-width: 768px) 100vw, 768px\" \/><\/a><figcaption class=\"wp-element-caption\">Sin t\u00edtulo<\/figcaption><\/figure>\n\n\n\n<figure class=\"wp-block-image size-large\"><a href=\"https:\/\/www.cofb.org\/wp-content\/uploads\/2025\/12\/VentanacastilloGallego.jpg\" target=\"_blank\" rel=\"noreferrer noopener\"><img loading=\"lazy\" decoding=\"async\" width=\"576\" height=\"1024\" data-id=\"83208\" src=\"https:\/\/www.cofb.org\/wp-content\/uploads\/2025\/12\/VentanacastilloGallego-576x1024.jpg\" alt=\"\" class=\"wp-image-83208\" srcset=\"https:\/\/www.cofb.org\/wp-content\/uploads\/2025\/12\/VentanacastilloGallego-576x1024.jpg 576w, https:\/\/www.cofb.org\/wp-content\/uploads\/2025\/12\/VentanacastilloGallego-169x300.jpg 169w, https:\/\/www.cofb.org\/wp-content\/uploads\/2025\/12\/VentanacastilloGallego-768x1365.jpg 768w, https:\/\/www.cofb.org\/wp-content\/uploads\/2025\/12\/VentanacastilloGallego-864x1536.jpg 864w, https:\/\/www.cofb.org\/wp-content\/uploads\/2025\/12\/VentanacastilloGallego-7x12.jpg 7w, https:\/\/www.cofb.org\/wp-content\/uploads\/2025\/12\/VentanacastilloGallego.jpg 1134w\" sizes=\"(max-width: 576px) 100vw, 576px\" \/><\/a><figcaption class=\"wp-element-caption\">\u201cVentana castillo gallego\u201d<\/figcaption><\/figure>\n\n\n\n<figure class=\"wp-block-image size-large\"><a href=\"https:\/\/www.cofb.org\/wp-content\/uploads\/2025\/12\/Berlin-scaled.jpeg\" target=\"_blank\" rel=\"noreferrer noopener\"><img loading=\"lazy\" decoding=\"async\" width=\"768\" height=\"1024\" data-id=\"83119\" src=\"https:\/\/www.cofb.org\/wp-content\/uploads\/2025\/12\/Berlin-768x1024.jpeg\" alt=\"&quot;Berl\u00edn&quot;\" class=\"wp-image-83119\" srcset=\"https:\/\/www.cofb.org\/wp-content\/uploads\/2025\/12\/Berlin-768x1024.jpeg 768w, https:\/\/www.cofb.org\/wp-content\/uploads\/2025\/12\/Berlin-225x300.jpeg 225w, https:\/\/www.cofb.org\/wp-content\/uploads\/2025\/12\/Berlin-1152x1536.jpeg 1152w, https:\/\/www.cofb.org\/wp-content\/uploads\/2025\/12\/Berlin-1536x2048.jpeg 1536w, https:\/\/www.cofb.org\/wp-content\/uploads\/2025\/12\/Berlin-9x12.jpeg 9w, https:\/\/www.cofb.org\/wp-content\/uploads\/2025\/12\/Berlin-scaled.jpeg 1920w\" sizes=\"(max-width: 768px) 100vw, 768px\" \/><\/a><figcaption class=\"wp-element-caption\">\u201cBerl\u00edn\u201d<\/figcaption><\/figure>\n\n\n\n<figure class=\"wp-block-image size-large\"><a href=\"https:\/\/www.cofb.org\/wp-content\/uploads\/2025\/12\/Discreta-scaled.jpg\" target=\"_blank\" rel=\"noreferrer noopener\"><img loading=\"lazy\" decoding=\"async\" width=\"768\" height=\"1024\" data-id=\"83140\" src=\"https:\/\/www.cofb.org\/wp-content\/uploads\/2025\/12\/Discreta-768x1024.jpg\" alt=\"&quot;Discreta&quot;\" class=\"wp-image-83140\" srcset=\"https:\/\/www.cofb.org\/wp-content\/uploads\/2025\/12\/Discreta-768x1024.jpg 768w, https:\/\/www.cofb.org\/wp-content\/uploads\/2025\/12\/Discreta-225x300.jpg 225w, https:\/\/www.cofb.org\/wp-content\/uploads\/2025\/12\/Discreta-1152x1536.jpg 1152w, https:\/\/www.cofb.org\/wp-content\/uploads\/2025\/12\/Discreta-1536x2048.jpg 1536w, https:\/\/www.cofb.org\/wp-content\/uploads\/2025\/12\/Discreta-9x12.jpg 9w, https:\/\/www.cofb.org\/wp-content\/uploads\/2025\/12\/Discreta-scaled.jpg 1920w\" sizes=\"(max-width: 768px) 100vw, 768px\" \/><\/a><figcaption class=\"wp-element-caption\">&quot;Discreta&quot;<\/figcaption><\/figure>\n\n\n\n<figure class=\"wp-block-image size-large\"><a href=\"https:\/\/www.cofb.org\/wp-content\/uploads\/2025\/12\/Finestra-parlant-scaled.jpeg\" target=\"_blank\" rel=\"noreferrer noopener\"><img loading=\"lazy\" decoding=\"async\" width=\"768\" height=\"1024\" data-id=\"83149\" src=\"https:\/\/www.cofb.org\/wp-content\/uploads\/2025\/12\/Finestra-parlant-768x1024.jpeg\" alt=\"&quot;Finestra parlant&quot;\" class=\"wp-image-83149\" srcset=\"https:\/\/www.cofb.org\/wp-content\/uploads\/2025\/12\/Finestra-parlant-768x1024.jpeg 768w, https:\/\/www.cofb.org\/wp-content\/uploads\/2025\/12\/Finestra-parlant-225x300.jpeg 225w, https:\/\/www.cofb.org\/wp-content\/uploads\/2025\/12\/Finestra-parlant-1152x1536.jpeg 1152w, https:\/\/www.cofb.org\/wp-content\/uploads\/2025\/12\/Finestra-parlant-1536x2048.jpeg 1536w, https:\/\/www.cofb.org\/wp-content\/uploads\/2025\/12\/Finestra-parlant-9x12.jpeg 9w, https:\/\/www.cofb.org\/wp-content\/uploads\/2025\/12\/Finestra-parlant-scaled.jpeg 1920w\" sizes=\"(max-width: 768px) 100vw, 768px\" \/><\/a><figcaption class=\"wp-element-caption\">\u201cVentana hablando\u201d<\/figcaption><\/figure>\n\n\n\n<figure class=\"wp-block-image size-large\"><a href=\"https:\/\/www.cofb.org\/wp-content\/uploads\/2025\/12\/Finestresveientelpasdelsanys-scaled.jpg\" target=\"_blank\" rel=\"noreferrer noopener\"><img loading=\"lazy\" decoding=\"async\" width=\"706\" height=\"1024\" data-id=\"83151\" src=\"https:\/\/www.cofb.org\/wp-content\/uploads\/2025\/12\/Finestresveientelpasdelsanys-706x1024.jpg\" alt=\"&quot;Finestres veient el pas dels anys&quot;\" class=\"wp-image-83151\" srcset=\"https:\/\/www.cofb.org\/wp-content\/uploads\/2025\/12\/Finestresveientelpasdelsanys-706x1024.jpg 706w, https:\/\/www.cofb.org\/wp-content\/uploads\/2025\/12\/Finestresveientelpasdelsanys-207x300.jpg 207w, https:\/\/www.cofb.org\/wp-content\/uploads\/2025\/12\/Finestresveientelpasdelsanys-768x1114.jpg 768w, https:\/\/www.cofb.org\/wp-content\/uploads\/2025\/12\/Finestresveientelpasdelsanys-1059x1536.jpg 1059w, https:\/\/www.cofb.org\/wp-content\/uploads\/2025\/12\/Finestresveientelpasdelsanys-1412x2048.jpg 1412w, https:\/\/www.cofb.org\/wp-content\/uploads\/2025\/12\/Finestresveientelpasdelsanys-8x12.jpg 8w, https:\/\/www.cofb.org\/wp-content\/uploads\/2025\/12\/Finestresveientelpasdelsanys-scaled.jpg 1765w\" sizes=\"(max-width: 706px) 100vw, 706px\" \/><\/a><figcaption class=\"wp-element-caption\">\u201cVentanas viendo el paso de los a\u00f1os\u201d<\/figcaption><\/figure>\n\n\n\n<figure class=\"wp-block-image size-large\"><a href=\"https:\/\/www.cofb.org\/wp-content\/uploads\/2025\/12\/La-finestra-en-forma-de-creu-La-mirada-de-lemperadriu-Cixi.jpg\" target=\"_blank\" rel=\"noreferrer noopener\"><img loading=\"lazy\" decoding=\"async\" width=\"1024\" height=\"768\" data-id=\"83158\" src=\"https:\/\/www.cofb.org\/wp-content\/uploads\/2025\/12\/La-finestra-en-forma-de-creu-La-mirada-de-lemperadriu-Cixi-1024x768.jpg\" alt=\"&quot;La finestra en forma de creu La mirada de l'emperadriu Cixi&quot;\" class=\"wp-image-83158\" srcset=\"https:\/\/www.cofb.org\/wp-content\/uploads\/2025\/12\/La-finestra-en-forma-de-creu-La-mirada-de-lemperadriu-Cixi-1024x768.jpg 1024w, https:\/\/www.cofb.org\/wp-content\/uploads\/2025\/12\/La-finestra-en-forma-de-creu-La-mirada-de-lemperadriu-Cixi-300x225.jpg 300w, https:\/\/www.cofb.org\/wp-content\/uploads\/2025\/12\/La-finestra-en-forma-de-creu-La-mirada-de-lemperadriu-Cixi-768x576.jpg 768w, https:\/\/www.cofb.org\/wp-content\/uploads\/2025\/12\/La-finestra-en-forma-de-creu-La-mirada-de-lemperadriu-Cixi-1536x1152.jpg 1536w, https:\/\/www.cofb.org\/wp-content\/uploads\/2025\/12\/La-finestra-en-forma-de-creu-La-mirada-de-lemperadriu-Cixi-16x12.jpg 16w, https:\/\/www.cofb.org\/wp-content\/uploads\/2025\/12\/La-finestra-en-forma-de-creu-La-mirada-de-lemperadriu-Cixi.jpg 1600w\" sizes=\"(max-width: 1024px) 100vw, 1024px\" \/><\/a><figcaption class=\"wp-element-caption\">\u201cLa ventana en forma de cruz La mirada de la emperatriz Cixi\u201d<\/figcaption><\/figure>\n\n\n\n<figure class=\"wp-block-image size-large\"><a href=\"https:\/\/www.cofb.org\/wp-content\/uploads\/2025\/12\/Morocco-scaled.jpg\" target=\"_blank\" rel=\"noreferrer noopener\"><img loading=\"lazy\" decoding=\"async\" width=\"768\" height=\"1024\" data-id=\"83169\" src=\"https:\/\/www.cofb.org\/wp-content\/uploads\/2025\/12\/Morocco-768x1024.jpg\" alt=\"&quot;Morocco&quot;\" class=\"wp-image-83169\" srcset=\"https:\/\/www.cofb.org\/wp-content\/uploads\/2025\/12\/Morocco-768x1024.jpg 768w, https:\/\/www.cofb.org\/wp-content\/uploads\/2025\/12\/Morocco-225x300.jpg 225w, https:\/\/www.cofb.org\/wp-content\/uploads\/2025\/12\/Morocco-1152x1536.jpg 1152w, https:\/\/www.cofb.org\/wp-content\/uploads\/2025\/12\/Morocco-1536x2048.jpg 1536w, https:\/\/www.cofb.org\/wp-content\/uploads\/2025\/12\/Morocco-9x12.jpg 9w, https:\/\/www.cofb.org\/wp-content\/uploads\/2025\/12\/Morocco-scaled.jpg 1920w\" sizes=\"(max-width: 768px) 100vw, 768px\" \/><\/a><figcaption class=\"wp-element-caption\">&quot;Morocco&quot;<\/figcaption><\/figure>\n\n\n\n<figure class=\"wp-block-image size-large\"><a href=\"https:\/\/www.cofb.org\/wp-content\/uploads\/2025\/12\/Portaalsilenci.jpg\" target=\"_blank\" rel=\"noreferrer noopener\"><img loading=\"lazy\" decoding=\"async\" width=\"768\" height=\"1024\" data-id=\"83174\" src=\"https:\/\/www.cofb.org\/wp-content\/uploads\/2025\/12\/Portaalsilenci-768x1024.jpg\" alt=\"&quot;Porta al silenci&quot;\" class=\"wp-image-83174\" srcset=\"https:\/\/www.cofb.org\/wp-content\/uploads\/2025\/12\/Portaalsilenci-768x1024.jpg 768w, https:\/\/www.cofb.org\/wp-content\/uploads\/2025\/12\/Portaalsilenci-225x300.jpg 225w, https:\/\/www.cofb.org\/wp-content\/uploads\/2025\/12\/Portaalsilenci-9x12.jpg 9w, https:\/\/www.cofb.org\/wp-content\/uploads\/2025\/12\/Portaalsilenci.jpg 1058w\" sizes=\"(max-width: 768px) 100vw, 768px\" \/><\/a><figcaption class=\"wp-element-caption\">\u201cPuerta al silencio\u201d<\/figcaption><\/figure>\n\n\n\n<figure class=\"wp-block-image size-large\"><a href=\"https:\/\/www.cofb.org\/wp-content\/uploads\/2025\/12\/Respirdemarinada-scaled.jpg\" target=\"_blank\" rel=\"noreferrer noopener\"><img loading=\"lazy\" decoding=\"async\" width=\"768\" height=\"1024\" data-id=\"83195\" src=\"https:\/\/www.cofb.org\/wp-content\/uploads\/2025\/12\/Respirdemarinada-768x1024.jpg\" alt=\"&quot;Respir de marinada&quot;\" class=\"wp-image-83195\" srcset=\"https:\/\/www.cofb.org\/wp-content\/uploads\/2025\/12\/Respirdemarinada-768x1024.jpg 768w, https:\/\/www.cofb.org\/wp-content\/uploads\/2025\/12\/Respirdemarinada-225x300.jpg 225w, https:\/\/www.cofb.org\/wp-content\/uploads\/2025\/12\/Respirdemarinada-1152x1536.jpg 1152w, https:\/\/www.cofb.org\/wp-content\/uploads\/2025\/12\/Respirdemarinada-1536x2048.jpg 1536w, https:\/\/www.cofb.org\/wp-content\/uploads\/2025\/12\/Respirdemarinada-9x12.jpg 9w, https:\/\/www.cofb.org\/wp-content\/uploads\/2025\/12\/Respirdemarinada-scaled.jpg 1920w\" sizes=\"(max-width: 768px) 100vw, 768px\" \/><\/a><figcaption class=\"wp-element-caption\">&quot;Respiro de marinada&quot;<\/figcaption><\/figure>\n\n\n\n<figure class=\"wp-block-image size-large\"><a href=\"https:\/\/www.cofb.org\/wp-content\/uploads\/2025\/12\/Tandem.jpg\" target=\"_blank\" rel=\"noreferrer noopener\"><img loading=\"lazy\" decoding=\"async\" width=\"768\" height=\"1024\" data-id=\"83205\" src=\"https:\/\/www.cofb.org\/wp-content\/uploads\/2025\/12\/Tandem-768x1024.jpg\" alt=\"\" class=\"wp-image-83205\" srcset=\"https:\/\/www.cofb.org\/wp-content\/uploads\/2025\/12\/Tandem-768x1024.jpg 768w, https:\/\/www.cofb.org\/wp-content\/uploads\/2025\/12\/Tandem-225x300.jpg 225w, https:\/\/www.cofb.org\/wp-content\/uploads\/2025\/12\/Tandem-9x12.jpg 9w, https:\/\/www.cofb.org\/wp-content\/uploads\/2025\/12\/Tandem.jpg 1080w\" sizes=\"(max-width: 768px) 100vw, 768px\" \/><\/a><figcaption class=\"wp-element-caption\">&quot;T\u00e1ndem&quot;<\/figcaption><\/figure>\n\n\n\n<figure class=\"wp-block-image size-large\"><a href=\"https:\/\/www.cofb.org\/wp-content\/uploads\/2025\/12\/Rovell-dou.jpg\" target=\"_blank\" rel=\"noreferrer noopener\"><img loading=\"lazy\" decoding=\"async\" width=\"768\" height=\"1024\" data-id=\"83196\" src=\"https:\/\/www.cofb.org\/wp-content\/uploads\/2025\/12\/Rovell-dou-768x1024.jpg\" alt=\"&quot;Rovell d'ou&quot;\" class=\"wp-image-83196\" srcset=\"https:\/\/www.cofb.org\/wp-content\/uploads\/2025\/12\/Rovell-dou-768x1024.jpg 768w, https:\/\/www.cofb.org\/wp-content\/uploads\/2025\/12\/Rovell-dou-225x300.jpg 225w, https:\/\/www.cofb.org\/wp-content\/uploads\/2025\/12\/Rovell-dou-1152x1536.jpg 1152w, https:\/\/www.cofb.org\/wp-content\/uploads\/2025\/12\/Rovell-dou-9x12.jpg 9w, https:\/\/www.cofb.org\/wp-content\/uploads\/2025\/12\/Rovell-dou.jpg 1200w\" sizes=\"(max-width: 768px) 100vw, 768px\" \/><\/a><figcaption class=\"wp-element-caption\">\u201cYema de huevo\u201d<\/figcaption><\/figure>\n\n\n\n<figure class=\"wp-block-image size-large\"><a href=\"https:\/\/www.cofb.org\/wp-content\/uploads\/2025\/12\/Blauet-scaled.jpg\" target=\"_blank\" rel=\"noreferrer noopener\"><img loading=\"lazy\" decoding=\"async\" width=\"1024\" height=\"576\" data-id=\"83120\" src=\"https:\/\/www.cofb.org\/wp-content\/uploads\/2025\/12\/Blauet-1024x576.jpg\" alt=\"&quot;Blauet&quot;\" class=\"wp-image-83120\" srcset=\"https:\/\/www.cofb.org\/wp-content\/uploads\/2025\/12\/Blauet-1024x576.jpg 1024w, https:\/\/www.cofb.org\/wp-content\/uploads\/2025\/12\/Blauet-300x169.jpg 300w, https:\/\/www.cofb.org\/wp-content\/uploads\/2025\/12\/Blauet-768x432.jpg 768w, https:\/\/www.cofb.org\/wp-content\/uploads\/2025\/12\/Blauet-1536x865.jpg 1536w, https:\/\/www.cofb.org\/wp-content\/uploads\/2025\/12\/Blauet-2048x1153.jpg 2048w, https:\/\/www.cofb.org\/wp-content\/uploads\/2025\/12\/Blauet-18x10.jpg 18w\" sizes=\"(max-width: 1024px) 100vw, 1024px\" \/><\/a><figcaption class=\"wp-element-caption\">\u201cBlauet\u201d<\/figcaption><\/figure>\n\n\n\n<figure class=\"wp-block-image size-large\"><a href=\"https:\/\/www.cofb.org\/wp-content\/uploads\/2025\/12\/Calles-perdidas-de-Copenhague-scaled.jpeg\" target=\"_blank\" rel=\"noreferrer noopener\"><img loading=\"lazy\" decoding=\"async\" width=\"768\" height=\"1024\" data-id=\"83122\" src=\"https:\/\/www.cofb.org\/wp-content\/uploads\/2025\/12\/Calles-perdidas-de-Copenhague-768x1024.jpeg\" alt=\"&quot;Calles perdida de Cophenage&quot;\" class=\"wp-image-83122\" srcset=\"https:\/\/www.cofb.org\/wp-content\/uploads\/2025\/12\/Calles-perdidas-de-Copenhague-768x1024.jpeg 768w, https:\/\/www.cofb.org\/wp-content\/uploads\/2025\/12\/Calles-perdidas-de-Copenhague-225x300.jpeg 225w, https:\/\/www.cofb.org\/wp-content\/uploads\/2025\/12\/Calles-perdidas-de-Copenhague-1152x1536.jpeg 1152w, https:\/\/www.cofb.org\/wp-content\/uploads\/2025\/12\/Calles-perdidas-de-Copenhague-1536x2048.jpeg 1536w, https:\/\/www.cofb.org\/wp-content\/uploads\/2025\/12\/Calles-perdidas-de-Copenhague-9x12.jpeg 9w, https:\/\/www.cofb.org\/wp-content\/uploads\/2025\/12\/Calles-perdidas-de-Copenhague-scaled.jpeg 1920w\" sizes=\"(max-width: 768px) 100vw, 768px\" \/><\/a><figcaption class=\"wp-element-caption\">\u201cCallas perdidas de Copenhage\u201d<\/figcaption><\/figure>\n\n\n\n<figure class=\"wp-block-image size-large\"><a href=\"https:\/\/www.cofb.org\/wp-content\/uploads\/2025\/12\/Feroe-scaled.jpg\" target=\"_blank\" rel=\"noreferrer noopener\"><img loading=\"lazy\" decoding=\"async\" width=\"1024\" height=\"985\" data-id=\"83143\" src=\"https:\/\/www.cofb.org\/wp-content\/uploads\/2025\/12\/Feroe-1024x985.jpg\" alt=\"&quot;Feroe&quot;\" class=\"wp-image-83143\" srcset=\"https:\/\/www.cofb.org\/wp-content\/uploads\/2025\/12\/Feroe-1024x985.jpg 1024w, https:\/\/www.cofb.org\/wp-content\/uploads\/2025\/12\/Feroe-300x289.jpg 300w, https:\/\/www.cofb.org\/wp-content\/uploads\/2025\/12\/Feroe-768x739.jpg 768w, https:\/\/www.cofb.org\/wp-content\/uploads\/2025\/12\/Feroe-1536x1477.jpg 1536w, https:\/\/www.cofb.org\/wp-content\/uploads\/2025\/12\/Feroe-2048x1970.jpg 2048w, https:\/\/www.cofb.org\/wp-content\/uploads\/2025\/12\/Feroe-12x12.jpg 12w\" sizes=\"(max-width: 1024px) 100vw, 1024px\" \/><\/a><figcaption class=\"wp-element-caption\">\u201cFeroe\u201d<\/figcaption><\/figure>\n\n\n\n<figure class=\"wp-block-image size-large\"><a href=\"https:\/\/www.cofb.org\/wp-content\/uploads\/2025\/12\/Finestra-al-mar-i-les-paraules-scaled.jpg\" target=\"_blank\" rel=\"noreferrer noopener\"><img loading=\"lazy\" decoding=\"async\" width=\"1024\" height=\"577\" data-id=\"83145\" src=\"https:\/\/www.cofb.org\/wp-content\/uploads\/2025\/12\/Finestra-al-mar-i-les-paraules-1024x577.jpg\" alt=\"\" class=\"wp-image-83145\" srcset=\"https:\/\/www.cofb.org\/wp-content\/uploads\/2025\/12\/Finestra-al-mar-i-les-paraules-1024x577.jpg 1024w, https:\/\/www.cofb.org\/wp-content\/uploads\/2025\/12\/Finestra-al-mar-i-les-paraules-300x169.jpg 300w, https:\/\/www.cofb.org\/wp-content\/uploads\/2025\/12\/Finestra-al-mar-i-les-paraules-768x433.jpg 768w, https:\/\/www.cofb.org\/wp-content\/uploads\/2025\/12\/Finestra-al-mar-i-les-paraules-1536x866.jpg 1536w, https:\/\/www.cofb.org\/wp-content\/uploads\/2025\/12\/Finestra-al-mar-i-les-paraules-2048x1154.jpg 2048w, https:\/\/www.cofb.org\/wp-content\/uploads\/2025\/12\/Finestra-al-mar-i-les-paraules-18x10.jpg 18w\" sizes=\"(max-width: 1024px) 100vw, 1024px\" \/><\/a><figcaption class=\"wp-element-caption\">\u201cVentana al mar ya las palabras\u201d<\/figcaption><\/figure>\n\n\n\n<figure class=\"wp-block-image size-large\"><a href=\"https:\/\/www.cofb.org\/wp-content\/uploads\/2025\/12\/FREDDIEMERCURYHOTEL-scaled.jpg\" target=\"_blank\" rel=\"noreferrer noopener\"><img loading=\"lazy\" decoding=\"async\" width=\"892\" height=\"1024\" data-id=\"83154\" src=\"https:\/\/www.cofb.org\/wp-content\/uploads\/2025\/12\/FREDDIEMERCURYHOTEL-892x1024.jpg\" alt=\"&quot;Freddie Mercury Hotel&quot;\" class=\"wp-image-83154\" srcset=\"https:\/\/www.cofb.org\/wp-content\/uploads\/2025\/12\/FREDDIEMERCURYHOTEL-892x1024.jpg 892w, https:\/\/www.cofb.org\/wp-content\/uploads\/2025\/12\/FREDDIEMERCURYHOTEL-261x300.jpg 261w, https:\/\/www.cofb.org\/wp-content\/uploads\/2025\/12\/FREDDIEMERCURYHOTEL-768x882.jpg 768w, https:\/\/www.cofb.org\/wp-content\/uploads\/2025\/12\/FREDDIEMERCURYHOTEL-1338x1536.jpg 1338w, https:\/\/www.cofb.org\/wp-content\/uploads\/2025\/12\/FREDDIEMERCURYHOTEL-1784x2048.jpg 1784w, https:\/\/www.cofb.org\/wp-content\/uploads\/2025\/12\/FREDDIEMERCURYHOTEL-10x12.jpg 10w\" sizes=\"(max-width: 892px) 100vw, 892px\" \/><\/a><figcaption class=\"wp-element-caption\">\u201cFreddie Mercury Hotel\u201d<\/figcaption><\/figure>\n\n\n\n<figure class=\"wp-block-image size-large\"><a href=\"https:\/\/www.cofb.org\/wp-content\/uploads\/2025\/12\/La-finestra-rodona-i-fons-groc-Lull-a-leternitat.jpg\" target=\"_blank\" rel=\"noreferrer noopener\"><img loading=\"lazy\" decoding=\"async\" width=\"1024\" height=\"682\" data-id=\"83159\" src=\"https:\/\/www.cofb.org\/wp-content\/uploads\/2025\/12\/La-finestra-rodona-i-fons-groc-Lull-a-leternitat-1024x682.jpg\" alt=\"&quot;La finestra rodona i fons groc L'ull de la eternitat&quot;\" class=\"wp-image-83159\" srcset=\"https:\/\/www.cofb.org\/wp-content\/uploads\/2025\/12\/La-finestra-rodona-i-fons-groc-Lull-a-leternitat-1024x682.jpg 1024w, https:\/\/www.cofb.org\/wp-content\/uploads\/2025\/12\/La-finestra-rodona-i-fons-groc-Lull-a-leternitat-300x200.jpg 300w, https:\/\/www.cofb.org\/wp-content\/uploads\/2025\/12\/La-finestra-rodona-i-fons-groc-Lull-a-leternitat-768x512.jpg 768w, https:\/\/www.cofb.org\/wp-content\/uploads\/2025\/12\/La-finestra-rodona-i-fons-groc-Lull-a-leternitat-18x12.jpg 18w, https:\/\/www.cofb.org\/wp-content\/uploads\/2025\/12\/La-finestra-rodona-i-fons-groc-Lull-a-leternitat.jpg 1535w\" sizes=\"(max-width: 1024px) 100vw, 1024px\" \/><\/a><figcaption class=\"wp-element-caption\">&quot;La ventana redonda y fondo amarillo El ojo de la eternidad&quot;<\/figcaption><\/figure>\n\n\n\n<figure class=\"wp-block-image size-large\"><a href=\"https:\/\/www.cofb.org\/wp-content\/uploads\/2025\/12\/Lajuntamentmirantalcel-scaled.jpg\" target=\"_blank\" rel=\"noreferrer noopener\"><img loading=\"lazy\" decoding=\"async\" width=\"541\" height=\"1024\" data-id=\"83164\" src=\"https:\/\/www.cofb.org\/wp-content\/uploads\/2025\/12\/Lajuntamentmirantalcel-541x1024.jpg\" alt=\"&quot;L'ajuntament mirant el cel&quot;\" class=\"wp-image-83164\" srcset=\"https:\/\/www.cofb.org\/wp-content\/uploads\/2025\/12\/Lajuntamentmirantalcel-541x1024.jpg 541w, https:\/\/www.cofb.org\/wp-content\/uploads\/2025\/12\/Lajuntamentmirantalcel-159x300.jpg 159w, https:\/\/www.cofb.org\/wp-content\/uploads\/2025\/12\/Lajuntamentmirantalcel-768x1454.jpg 768w, https:\/\/www.cofb.org\/wp-content\/uploads\/2025\/12\/Lajuntamentmirantalcel-812x1536.jpg 812w, https:\/\/www.cofb.org\/wp-content\/uploads\/2025\/12\/Lajuntamentmirantalcel-1082x2048.jpg 1082w, https:\/\/www.cofb.org\/wp-content\/uploads\/2025\/12\/Lajuntamentmirantalcel-6x12.jpg 6w, https:\/\/www.cofb.org\/wp-content\/uploads\/2025\/12\/Lajuntamentmirantalcel-scaled.jpg 1353w\" sizes=\"(max-width: 541px) 100vw, 541px\" \/><\/a><figcaption class=\"wp-element-caption\">&quot;El ayuntamiento mirando el cielo&quot;<\/figcaption><\/figure>\n\n\n\n<figure class=\"wp-block-image size-large\"><a href=\"https:\/\/www.cofb.org\/wp-content\/uploads\/2025\/12\/No-nomes-los-hiverna-scaled.jpg\" target=\"_blank\" rel=\"noreferrer noopener\"><img loading=\"lazy\" decoding=\"async\" width=\"1024\" height=\"683\" data-id=\"83170\" src=\"https:\/\/www.cofb.org\/wp-content\/uploads\/2025\/12\/No-nomes-los-hiverna-1024x683.jpg\" alt=\"&quot;No nom\u00e9s l'\u00f3s hiverna&quot;\" class=\"wp-image-83170\" srcset=\"https:\/\/www.cofb.org\/wp-content\/uploads\/2025\/12\/No-nomes-los-hiverna-1024x683.jpg 1024w, https:\/\/www.cofb.org\/wp-content\/uploads\/2025\/12\/No-nomes-los-hiverna-300x200.jpg 300w, https:\/\/www.cofb.org\/wp-content\/uploads\/2025\/12\/No-nomes-los-hiverna-768x512.jpg 768w, https:\/\/www.cofb.org\/wp-content\/uploads\/2025\/12\/No-nomes-los-hiverna-1536x1024.jpg 1536w, https:\/\/www.cofb.org\/wp-content\/uploads\/2025\/12\/No-nomes-los-hiverna-2048x1365.jpg 2048w, https:\/\/www.cofb.org\/wp-content\/uploads\/2025\/12\/No-nomes-los-hiverna-18x12.jpg 18w\" sizes=\"(max-width: 1024px) 100vw, 1024px\" \/><\/a><figcaption class=\"wp-element-caption\">&quot;No s\u00f3lo el oso inverna&quot;<\/figcaption><\/figure>\n\n\n\n<figure class=\"wp-block-image size-large\"><a href=\"https:\/\/www.cofb.org\/wp-content\/uploads\/2025\/12\/PortalClaror.jpg\" target=\"_blank\" rel=\"noreferrer noopener\"><img loading=\"lazy\" decoding=\"async\" width=\"1024\" height=\"683\" data-id=\"83178\" src=\"https:\/\/www.cofb.org\/wp-content\/uploads\/2025\/12\/PortalClaror-1024x683.jpg\" alt=\"&quot;Portal claror&quot;\" class=\"wp-image-83178\" srcset=\"https:\/\/www.cofb.org\/wp-content\/uploads\/2025\/12\/PortalClaror-1024x683.jpg 1024w, https:\/\/www.cofb.org\/wp-content\/uploads\/2025\/12\/PortalClaror-300x200.jpg 300w, https:\/\/www.cofb.org\/wp-content\/uploads\/2025\/12\/PortalClaror-768x512.jpg 768w, https:\/\/www.cofb.org\/wp-content\/uploads\/2025\/12\/PortalClaror-1536x1024.jpg 1536w, https:\/\/www.cofb.org\/wp-content\/uploads\/2025\/12\/PortalClaror-2048x1366.jpg 2048w, https:\/\/www.cofb.org\/wp-content\/uploads\/2025\/12\/PortalClaror-18x12.jpg 18w\" sizes=\"(max-width: 1024px) 100vw, 1024px\" \/><\/a><figcaption class=\"wp-element-caption\">\u201cPortal claridad\u201d<\/figcaption><\/figure>\n\n\n\n<figure class=\"wp-block-image size-large\"><a href=\"https:\/\/www.cofb.org\/wp-content\/uploads\/2025\/12\/PXL20250822-scaled.jpg\" target=\"_blank\" rel=\"noreferrer noopener\"><img loading=\"lazy\" decoding=\"async\" width=\"1024\" height=\"771\" data-id=\"83182\" src=\"https:\/\/www.cofb.org\/wp-content\/uploads\/2025\/12\/PXL20250822-1024x771.jpg\" alt=\"Sense t\u00edtol\" class=\"wp-image-83182\" srcset=\"https:\/\/www.cofb.org\/wp-content\/uploads\/2025\/12\/PXL20250822-1024x771.jpg 1024w, https:\/\/www.cofb.org\/wp-content\/uploads\/2025\/12\/PXL20250822-300x226.jpg 300w, https:\/\/www.cofb.org\/wp-content\/uploads\/2025\/12\/PXL20250822-768x578.jpg 768w, https:\/\/www.cofb.org\/wp-content\/uploads\/2025\/12\/PXL20250822-1536x1157.jpg 1536w, https:\/\/www.cofb.org\/wp-content\/uploads\/2025\/12\/PXL20250822-2048x1542.jpg 2048w, https:\/\/www.cofb.org\/wp-content\/uploads\/2025\/12\/PXL20250822-16x12.jpg 16w\" sizes=\"(max-width: 1024px) 100vw, 1024px\" \/><\/a><figcaption class=\"wp-element-caption\">Sin t\u00edtulo<\/figcaption><\/figure>\n\n\n\n<figure class=\"wp-block-image size-large\"><a href=\"https:\/\/www.cofb.org\/wp-content\/uploads\/2025\/12\/Reflexes.jpg\" target=\"_blank\" rel=\"noreferrer noopener\"><img loading=\"lazy\" decoding=\"async\" width=\"768\" height=\"1024\" data-id=\"83194\" src=\"https:\/\/www.cofb.org\/wp-content\/uploads\/2025\/12\/Reflexes-768x1024.jpg\" alt=\"&quot;Reflexes&quot;\" class=\"wp-image-83194\" srcset=\"https:\/\/www.cofb.org\/wp-content\/uploads\/2025\/12\/Reflexes-768x1024.jpg 768w, https:\/\/www.cofb.org\/wp-content\/uploads\/2025\/12\/Reflexes-225x300.jpg 225w, https:\/\/www.cofb.org\/wp-content\/uploads\/2025\/12\/Reflexes-1152x1536.jpg 1152w, https:\/\/www.cofb.org\/wp-content\/uploads\/2025\/12\/Reflexes-9x12.jpg 9w, https:\/\/www.cofb.org\/wp-content\/uploads\/2025\/12\/Reflexes.jpg 1200w\" sizes=\"(max-width: 768px) 100vw, 768px\" \/><\/a><figcaption class=\"wp-element-caption\">&quot;Reflejos&quot;<\/figcaption><\/figure>\n\n\n\n<figure class=\"wp-block-image size-large\"><a href=\"https:\/\/www.cofb.org\/wp-content\/uploads\/2025\/12\/Llums-i-ombres-scaled.jpg\" target=\"_blank\" rel=\"noreferrer noopener\"><img loading=\"lazy\" decoding=\"async\" width=\"577\" height=\"1024\" data-id=\"83165\" src=\"https:\/\/www.cofb.org\/wp-content\/uploads\/2025\/12\/Llums-i-ombres-577x1024.jpg\" alt=\"\" class=\"wp-image-83165\" srcset=\"https:\/\/www.cofb.org\/wp-content\/uploads\/2025\/12\/Llums-i-ombres-577x1024.jpg 577w, https:\/\/www.cofb.org\/wp-content\/uploads\/2025\/12\/Llums-i-ombres-169x300.jpg 169w, https:\/\/www.cofb.org\/wp-content\/uploads\/2025\/12\/Llums-i-ombres-768x1364.jpg 768w, https:\/\/www.cofb.org\/wp-content\/uploads\/2025\/12\/Llums-i-ombres-865x1536.jpg 865w, https:\/\/www.cofb.org\/wp-content\/uploads\/2025\/12\/Llums-i-ombres-1153x2048.jpg 1153w, https:\/\/www.cofb.org\/wp-content\/uploads\/2025\/12\/Llums-i-ombres-7x12.jpg 7w, https:\/\/www.cofb.org\/wp-content\/uploads\/2025\/12\/Llums-i-ombres-scaled.jpg 1442w\" sizes=\"(max-width: 577px) 100vw, 577px\" \/><\/a><figcaption class=\"wp-element-caption\">\u201cLuces y sombras\u201d<\/figcaption><\/figure>\n\n\n\n<figure class=\"wp-block-image size-large\"><a href=\"https:\/\/www.cofb.org\/wp-content\/uploads\/2025\/12\/Bodegoimprovisat-scaled.jpeg\" target=\"_blank\" rel=\"noreferrer noopener\"><img loading=\"lazy\" decoding=\"async\" width=\"768\" height=\"1024\" data-id=\"83121\" src=\"https:\/\/www.cofb.org\/wp-content\/uploads\/2025\/12\/Bodegoimprovisat-768x1024.jpeg\" alt=\"&quot;Bodeg\u00f3 improvitzat&quot;\" class=\"wp-image-83121\" srcset=\"https:\/\/www.cofb.org\/wp-content\/uploads\/2025\/12\/Bodegoimprovisat-768x1024.jpeg 768w, https:\/\/www.cofb.org\/wp-content\/uploads\/2025\/12\/Bodegoimprovisat-225x300.jpeg 225w, https:\/\/www.cofb.org\/wp-content\/uploads\/2025\/12\/Bodegoimprovisat-1152x1536.jpeg 1152w, https:\/\/www.cofb.org\/wp-content\/uploads\/2025\/12\/Bodegoimprovisat-1536x2048.jpeg 1536w, https:\/\/www.cofb.org\/wp-content\/uploads\/2025\/12\/Bodegoimprovisat-9x12.jpeg 9w, https:\/\/www.cofb.org\/wp-content\/uploads\/2025\/12\/Bodegoimprovisat-scaled.jpeg 1920w\" sizes=\"(max-width: 768px) 100vw, 768px\" \/><\/a><figcaption class=\"wp-element-caption\">\u201cBodeg\u00f3n improvisado\u201d<\/figcaption><\/figure>\n\n\n\n<figure class=\"wp-block-image size-large\"><a href=\"https:\/\/www.cofb.org\/wp-content\/uploads\/2025\/12\/Entra-scaled.jpg\" target=\"_blank\" rel=\"noreferrer noopener\"><img loading=\"lazy\" decoding=\"async\" width=\"807\" height=\"1024\" data-id=\"83141\" src=\"https:\/\/www.cofb.org\/wp-content\/uploads\/2025\/12\/Entra-807x1024.jpg\" alt=\"&quot;Entra&quot;\" class=\"wp-image-83141\" srcset=\"https:\/\/www.cofb.org\/wp-content\/uploads\/2025\/12\/Entra-807x1024.jpg 807w, https:\/\/www.cofb.org\/wp-content\/uploads\/2025\/12\/Entra-236x300.jpg 236w, https:\/\/www.cofb.org\/wp-content\/uploads\/2025\/12\/Entra-768x974.jpg 768w, https:\/\/www.cofb.org\/wp-content\/uploads\/2025\/12\/Entra-1211x1536.jpg 1211w, https:\/\/www.cofb.org\/wp-content\/uploads\/2025\/12\/Entra-1614x2048.jpg 1614w, https:\/\/www.cofb.org\/wp-content\/uploads\/2025\/12\/Entra-9x12.jpg 9w, https:\/\/www.cofb.org\/wp-content\/uploads\/2025\/12\/Entra-scaled.jpg 2018w\" sizes=\"(max-width: 807px) 100vw, 807px\" \/><\/a><figcaption class=\"wp-element-caption\">&quot;Entra&quot;<\/figcaption><\/figure>\n\n\n\n<figure class=\"wp-block-image size-large\"><a href=\"https:\/\/www.cofb.org\/wp-content\/uploads\/2025\/12\/Flowers.jpg\" target=\"_blank\" rel=\"noreferrer noopener\"><img loading=\"lazy\" decoding=\"async\" width=\"768\" height=\"1024\" data-id=\"83152\" src=\"https:\/\/www.cofb.org\/wp-content\/uploads\/2025\/12\/Flowers-768x1024.jpg\" alt=\"&quot;Flowers&quot;\" class=\"wp-image-83152\" srcset=\"https:\/\/www.cofb.org\/wp-content\/uploads\/2025\/12\/Flowers-768x1024.jpg 768w, https:\/\/www.cofb.org\/wp-content\/uploads\/2025\/12\/Flowers-225x300.jpg 225w, https:\/\/www.cofb.org\/wp-content\/uploads\/2025\/12\/Flowers-1152x1536.jpg 1152w, https:\/\/www.cofb.org\/wp-content\/uploads\/2025\/12\/Flowers-9x12.jpg 9w, https:\/\/www.cofb.org\/wp-content\/uploads\/2025\/12\/Flowers.jpg 1200w\" sizes=\"(max-width: 768px) 100vw, 768px\" \/><\/a><figcaption class=\"wp-element-caption\">\u201cFlowers\u201d<\/figcaption><\/figure>\n\n\n\n<figure class=\"wp-block-image size-large\"><a href=\"https:\/\/www.cofb.org\/wp-content\/uploads\/2025\/12\/HAMAMNI-STREET-scaled.jpg\" target=\"_blank\" rel=\"noreferrer noopener\"><img loading=\"lazy\" decoding=\"async\" width=\"1024\" height=\"1024\" data-id=\"83156\" src=\"https:\/\/www.cofb.org\/wp-content\/uploads\/2025\/12\/HAMAMNI-STREET-1024x1024.jpg\" alt=\"&quot;Hamamni street&quot;\" class=\"wp-image-83156\" srcset=\"https:\/\/www.cofb.org\/wp-content\/uploads\/2025\/12\/HAMAMNI-STREET-1024x1024.jpg 1024w, https:\/\/www.cofb.org\/wp-content\/uploads\/2025\/12\/HAMAMNI-STREET-300x300.jpg 300w, https:\/\/www.cofb.org\/wp-content\/uploads\/2025\/12\/HAMAMNI-STREET-150x150.jpg 150w, https:\/\/www.cofb.org\/wp-content\/uploads\/2025\/12\/HAMAMNI-STREET-768x768.jpg 768w, https:\/\/www.cofb.org\/wp-content\/uploads\/2025\/12\/HAMAMNI-STREET-1536x1536.jpg 1536w, https:\/\/www.cofb.org\/wp-content\/uploads\/2025\/12\/HAMAMNI-STREET-2048x2048.jpg 2048w, https:\/\/www.cofb.org\/wp-content\/uploads\/2025\/12\/HAMAMNI-STREET-12x12.jpg 12w\" sizes=\"(max-width: 1024px) 100vw, 1024px\" \/><\/a><figcaption class=\"wp-element-caption\">&quot;Hamamni street&quot;<\/figcaption><\/figure>\n\n\n\n<figure class=\"wp-block-image size-large\"><a href=\"https:\/\/www.cofb.org\/wp-content\/uploads\/2025\/12\/Memoria-scaled.jpeg\" target=\"_blank\" rel=\"noreferrer noopener\"><img loading=\"lazy\" decoding=\"async\" width=\"768\" height=\"1024\" data-id=\"83167\" src=\"https:\/\/www.cofb.org\/wp-content\/uploads\/2025\/12\/Memoria-768x1024.jpeg\" alt=\"&quot;Mem\u00f2ria&quot;\" class=\"wp-image-83167\" srcset=\"https:\/\/www.cofb.org\/wp-content\/uploads\/2025\/12\/Memoria-768x1024.jpeg 768w, https:\/\/www.cofb.org\/wp-content\/uploads\/2025\/12\/Memoria-225x300.jpeg 225w, https:\/\/www.cofb.org\/wp-content\/uploads\/2025\/12\/Memoria-1152x1536.jpeg 1152w, https:\/\/www.cofb.org\/wp-content\/uploads\/2025\/12\/Memoria-1536x2048.jpeg 1536w, https:\/\/www.cofb.org\/wp-content\/uploads\/2025\/12\/Memoria-9x12.jpeg 9w, https:\/\/www.cofb.org\/wp-content\/uploads\/2025\/12\/Memoria-scaled.jpeg 1920w\" sizes=\"(max-width: 768px) 100vw, 768px\" \/><\/a><figcaption class=\"wp-element-caption\">&quot;Memoria&quot;<\/figcaption><\/figure>\n\n\n\n<figure class=\"wp-block-image size-large\"><a href=\"https:\/\/www.cofb.org\/wp-content\/uploads\/2025\/12\/Porta-de-poble-rotated.jpg\" target=\"_blank\" rel=\"noreferrer noopener\"><img loading=\"lazy\" decoding=\"async\" width=\"684\" height=\"1024\" data-id=\"83172\" src=\"https:\/\/www.cofb.org\/wp-content\/uploads\/2025\/12\/Porta-de-poble-684x1024.jpg\" alt=\"&quot;Porta de poble&quot;\" class=\"wp-image-83172\" srcset=\"https:\/\/www.cofb.org\/wp-content\/uploads\/2025\/12\/Porta-de-poble-684x1024.jpg 684w, https:\/\/www.cofb.org\/wp-content\/uploads\/2025\/12\/Porta-de-poble-200x300.jpg 200w, https:\/\/www.cofb.org\/wp-content\/uploads\/2025\/12\/Porta-de-poble-768x1149.jpg 768w, https:\/\/www.cofb.org\/wp-content\/uploads\/2025\/12\/Porta-de-poble-1027x1536.jpg 1027w, https:\/\/www.cofb.org\/wp-content\/uploads\/2025\/12\/Porta-de-poble-8x12.jpg 8w, https:\/\/www.cofb.org\/wp-content\/uploads\/2025\/12\/Porta-de-poble-rotated.jpg 1080w\" sizes=\"(max-width: 684px) 100vw, 684px\" \/><\/a><figcaption class=\"wp-element-caption\">&quot;Puerta de pueblo&quot;<\/figcaption><\/figure>\n\n\n\n<figure class=\"wp-block-image size-large\"><img loading=\"lazy\" decoding=\"async\" width=\"576\" height=\"1024\" data-id=\"83193\" src=\"https:\/\/www.cofb.org\/wp-content\/uploads\/2025\/12\/RareWindow-576x1024.jpeg\" alt=\"&quot;Rare window&quot;\" class=\"wp-image-83193\" srcset=\"https:\/\/www.cofb.org\/wp-content\/uploads\/2025\/12\/RareWindow-576x1024.jpeg 576w, https:\/\/www.cofb.org\/wp-content\/uploads\/2025\/12\/RareWindow-169x300.jpeg 169w, https:\/\/www.cofb.org\/wp-content\/uploads\/2025\/12\/RareWindow-768x1364.jpeg 768w, https:\/\/www.cofb.org\/wp-content\/uploads\/2025\/12\/RareWindow-865x1536.jpeg 865w, https:\/\/www.cofb.org\/wp-content\/uploads\/2025\/12\/RareWindow-1153x2048.jpeg 1153w, https:\/\/www.cofb.org\/wp-content\/uploads\/2025\/12\/RareWindow-7x12.jpeg 7w, https:\/\/www.cofb.org\/wp-content\/uploads\/2025\/12\/RareWindow-scaled.jpeg 1441w\" sizes=\"(max-width: 576px) 100vw, 576px\" \/><figcaption class=\"wp-element-caption\">\u201cRare window\u201d<\/figcaption><\/figure>\n\n\n\n<figure class=\"wp-block-image size-large\"><a href=\"https:\/\/www.cofb.org\/wp-content\/uploads\/2025\/12\/Marctardorencambolorapluja-scaled.jpg\" target=\"_blank\" rel=\"noreferrer noopener\"><img loading=\"lazy\" decoding=\"async\" width=\"680\" height=\"1024\" data-id=\"83166\" src=\"https:\/\/www.cofb.org\/wp-content\/uploads\/2025\/12\/Marctardorencambolorapluja-680x1024.jpg\" alt=\"&quot;Marc tardor en camp olor a pluja&quot;\" class=\"wp-image-83166\" srcset=\"https:\/\/www.cofb.org\/wp-content\/uploads\/2025\/12\/Marctardorencambolorapluja-680x1024.jpg 680w, https:\/\/www.cofb.org\/wp-content\/uploads\/2025\/12\/Marctardorencambolorapluja-199x300.jpg 199w, https:\/\/www.cofb.org\/wp-content\/uploads\/2025\/12\/Marctardorencambolorapluja-768x1157.jpg 768w, https:\/\/www.cofb.org\/wp-content\/uploads\/2025\/12\/Marctardorencambolorapluja-1019x1536.jpg 1019w, https:\/\/www.cofb.org\/wp-content\/uploads\/2025\/12\/Marctardorencambolorapluja-1359x2048.jpg 1359w, https:\/\/www.cofb.org\/wp-content\/uploads\/2025\/12\/Marctardorencambolorapluja-8x12.jpg 8w, https:\/\/www.cofb.org\/wp-content\/uploads\/2025\/12\/Marctardorencambolorapluja-scaled.jpg 1699w\" sizes=\"(max-width: 680px) 100vw, 680px\" \/><\/a><figcaption class=\"wp-element-caption\">&quot;Marco oto\u00f1o en campo olor a lluvia&quot;<\/figcaption><\/figure>\n\n\n\n<figure class=\"wp-block-image size-large\"><a href=\"https:\/\/www.cofb.org\/wp-content\/uploads\/2025\/12\/Unesportesestanquenialtressobren-scaled.jpg\" target=\"_blank\" rel=\"noreferrer noopener\"><img loading=\"lazy\" decoding=\"async\" width=\"819\" height=\"1024\" data-id=\"83206\" src=\"https:\/\/www.cofb.org\/wp-content\/uploads\/2025\/12\/Unesportesestanquenialtressobren-819x1024.jpg\" alt=\"\" class=\"wp-image-83206\" srcset=\"https:\/\/www.cofb.org\/wp-content\/uploads\/2025\/12\/Unesportesestanquenialtressobren-819x1024.jpg 819w, https:\/\/www.cofb.org\/wp-content\/uploads\/2025\/12\/Unesportesestanquenialtressobren-240x300.jpg 240w, https:\/\/www.cofb.org\/wp-content\/uploads\/2025\/12\/Unesportesestanquenialtressobren-768x960.jpg 768w, https:\/\/www.cofb.org\/wp-content\/uploads\/2025\/12\/Unesportesestanquenialtressobren-1229x1536.jpg 1229w, https:\/\/www.cofb.org\/wp-content\/uploads\/2025\/12\/Unesportesestanquenialtressobren-1638x2048.jpg 1638w, https:\/\/www.cofb.org\/wp-content\/uploads\/2025\/12\/Unesportesestanquenialtressobren-10x12.jpg 10w, https:\/\/www.cofb.org\/wp-content\/uploads\/2025\/12\/Unesportesestanquenialtressobren-scaled.jpg 2048w\" sizes=\"(max-width: 819px) 100vw, 819px\" \/><\/a><figcaption class=\"wp-element-caption\">&quot;Unas puertas se cierran y otras se abren&quot;<\/figcaption><\/figure>\n\n\n\n<figure class=\"wp-block-image size-large\"><a href=\"https:\/\/www.cofb.org\/wp-content\/uploads\/2025\/12\/Concurs25-2-scaled.jpg\" target=\"_blank\" rel=\"noreferrer noopener\"><img loading=\"lazy\" decoding=\"async\" width=\"1024\" height=\"576\" data-id=\"83124\" src=\"https:\/\/www.cofb.org\/wp-content\/uploads\/2025\/12\/Concurs25-2-1024x576.jpg\" alt=\"\" class=\"wp-image-83124\" srcset=\"https:\/\/www.cofb.org\/wp-content\/uploads\/2025\/12\/Concurs25-2-1024x576.jpg 1024w, https:\/\/www.cofb.org\/wp-content\/uploads\/2025\/12\/Concurs25-2-300x169.jpg 300w, https:\/\/www.cofb.org\/wp-content\/uploads\/2025\/12\/Concurs25-2-768x432.jpg 768w, https:\/\/www.cofb.org\/wp-content\/uploads\/2025\/12\/Concurs25-2-1536x864.jpg 1536w, https:\/\/www.cofb.org\/wp-content\/uploads\/2025\/12\/Concurs25-2-2048x1152.jpg 2048w, https:\/\/www.cofb.org\/wp-content\/uploads\/2025\/12\/Concurs25-2-18x10.jpg 18w\" sizes=\"(max-width: 1024px) 100vw, 1024px\" \/><\/a><figcaption class=\"wp-element-caption\">Sin t\u00edtulo<\/figcaption><\/figure>\n\n\n\n<figure class=\"wp-block-image size-large\"><a href=\"https:\/\/www.cofb.org\/wp-content\/uploads\/2025\/12\/Concurs25-3-scaled.jpg\" target=\"_blank\" rel=\"noreferrer noopener\"><img loading=\"lazy\" decoding=\"async\" width=\"1024\" height=\"576\" data-id=\"83125\" src=\"https:\/\/www.cofb.org\/wp-content\/uploads\/2025\/12\/Concurs25-3-1024x576.jpg\" alt=\"\" class=\"wp-image-83125\" srcset=\"https:\/\/www.cofb.org\/wp-content\/uploads\/2025\/12\/Concurs25-3-1024x576.jpg 1024w, https:\/\/www.cofb.org\/wp-content\/uploads\/2025\/12\/Concurs25-3-300x169.jpg 300w, https:\/\/www.cofb.org\/wp-content\/uploads\/2025\/12\/Concurs25-3-768x432.jpg 768w, https:\/\/www.cofb.org\/wp-content\/uploads\/2025\/12\/Concurs25-3-1536x864.jpg 1536w, https:\/\/www.cofb.org\/wp-content\/uploads\/2025\/12\/Concurs25-3-2048x1152.jpg 2048w, https:\/\/www.cofb.org\/wp-content\/uploads\/2025\/12\/Concurs25-3-18x10.jpg 18w\" sizes=\"(max-width: 1024px) 100vw, 1024px\" \/><\/a><figcaption class=\"wp-element-caption\">Sin t\u00edtulo<\/figcaption><\/figure>\n\n\n\n<figure class=\"wp-block-image size-large\"><a href=\"https:\/\/www.cofb.org\/wp-content\/uploads\/2025\/12\/Exposicioauncuadreduncastellescoces-scaled.jpeg\" target=\"_blank\" rel=\"noreferrer noopener\"><img loading=\"lazy\" decoding=\"async\" width=\"768\" height=\"1024\" data-id=\"83142\" src=\"https:\/\/www.cofb.org\/wp-content\/uploads\/2025\/12\/Exposicioauncuadreduncastellescoces-768x1024.jpeg\" alt=\"&quot;Exposici\u00f3 a un quadre d'un castell escoc\u00e8s&quot;\" class=\"wp-image-83142\" srcset=\"https:\/\/www.cofb.org\/wp-content\/uploads\/2025\/12\/Exposicioauncuadreduncastellescoces-768x1024.jpeg 768w, https:\/\/www.cofb.org\/wp-content\/uploads\/2025\/12\/Exposicioauncuadreduncastellescoces-225x300.jpeg 225w, https:\/\/www.cofb.org\/wp-content\/uploads\/2025\/12\/Exposicioauncuadreduncastellescoces-1152x1536.jpeg 1152w, https:\/\/www.cofb.org\/wp-content\/uploads\/2025\/12\/Exposicioauncuadreduncastellescoces-1536x2048.jpeg 1536w, https:\/\/www.cofb.org\/wp-content\/uploads\/2025\/12\/Exposicioauncuadreduncastellescoces-9x12.jpeg 9w, https:\/\/www.cofb.org\/wp-content\/uploads\/2025\/12\/Exposicioauncuadreduncastellescoces-scaled.jpeg 1920w\" sizes=\"(max-width: 768px) 100vw, 768px\" \/><\/a><figcaption class=\"wp-element-caption\">&quot;Exposici\u00f3n a un cuadro de un castillo escoc\u00e9s&quot;<\/figcaption><\/figure>\n\n\n\n<figure class=\"wp-block-image size-large\"><a href=\"https:\/\/www.cofb.org\/wp-content\/uploads\/2025\/12\/Finestra-anonima-rotated.jpg\" target=\"_blank\" rel=\"noreferrer noopener\"><img loading=\"lazy\" decoding=\"async\" width=\"768\" height=\"1024\" data-id=\"83147\" src=\"https:\/\/www.cofb.org\/wp-content\/uploads\/2025\/12\/Finestra-anonima-768x1024.jpg\" alt=\"\" class=\"wp-image-83147\" srcset=\"https:\/\/www.cofb.org\/wp-content\/uploads\/2025\/12\/Finestra-anonima-768x1024.jpg 768w, https:\/\/www.cofb.org\/wp-content\/uploads\/2025\/12\/Finestra-anonima-225x300.jpg 225w, https:\/\/www.cofb.org\/wp-content\/uploads\/2025\/12\/Finestra-anonima-9x12.jpg 9w, https:\/\/www.cofb.org\/wp-content\/uploads\/2025\/12\/Finestra-anonima-rotated.jpg 960w\" sizes=\"(max-width: 768px) 100vw, 768px\" \/><\/a><figcaption class=\"wp-element-caption\">\u201cVentanas an\u00f3nimas\u201d<\/figcaption><\/figure>\n\n\n\n<figure class=\"wp-block-image size-large\"><a href=\"https:\/\/www.cofb.org\/wp-content\/uploads\/2025\/12\/Fotoventana-scaled.jpg\" target=\"_blank\" rel=\"noreferrer noopener\"><img loading=\"lazy\" decoding=\"async\" width=\"771\" height=\"1024\" data-id=\"83153\" src=\"https:\/\/www.cofb.org\/wp-content\/uploads\/2025\/12\/Fotoventana-771x1024.jpg\" alt=\"&quot;Foto ventana&quot;\" class=\"wp-image-83153\" srcset=\"https:\/\/www.cofb.org\/wp-content\/uploads\/2025\/12\/Fotoventana-771x1024.jpg 771w, https:\/\/www.cofb.org\/wp-content\/uploads\/2025\/12\/Fotoventana-226x300.jpg 226w, https:\/\/www.cofb.org\/wp-content\/uploads\/2025\/12\/Fotoventana-768x1020.jpg 768w, https:\/\/www.cofb.org\/wp-content\/uploads\/2025\/12\/Fotoventana-1157x1536.jpg 1157w, https:\/\/www.cofb.org\/wp-content\/uploads\/2025\/12\/Fotoventana-1542x2048.jpg 1542w, https:\/\/www.cofb.org\/wp-content\/uploads\/2025\/12\/Fotoventana-9x12.jpg 9w, https:\/\/www.cofb.org\/wp-content\/uploads\/2025\/12\/Fotoventana-scaled.jpg 1928w\" sizes=\"(max-width: 771px) 100vw, 771px\" \/><\/a><figcaption class=\"wp-element-caption\">\u201cFoto ventana\u201d<\/figcaption><\/figure>\n\n\n\n<figure class=\"wp-block-image size-large\"><a href=\"https:\/\/www.cofb.org\/wp-content\/uploads\/2025\/12\/Grimpant-scaled.jpg\" target=\"_blank\" rel=\"noreferrer noopener\"><img loading=\"lazy\" decoding=\"async\" width=\"1024\" height=\"576\" data-id=\"83155\" src=\"https:\/\/www.cofb.org\/wp-content\/uploads\/2025\/12\/Grimpant-1024x576.jpg\" alt=\"&quot;Grimpant&quot;\" class=\"wp-image-83155\" srcset=\"https:\/\/www.cofb.org\/wp-content\/uploads\/2025\/12\/Grimpant-1024x576.jpg 1024w, https:\/\/www.cofb.org\/wp-content\/uploads\/2025\/12\/Grimpant-300x169.jpg 300w, https:\/\/www.cofb.org\/wp-content\/uploads\/2025\/12\/Grimpant-768x432.jpg 768w, https:\/\/www.cofb.org\/wp-content\/uploads\/2025\/12\/Grimpant-1536x864.jpg 1536w, https:\/\/www.cofb.org\/wp-content\/uploads\/2025\/12\/Grimpant-2048x1152.jpg 2048w, https:\/\/www.cofb.org\/wp-content\/uploads\/2025\/12\/Grimpant-18x10.jpg 18w\" sizes=\"(max-width: 1024px) 100vw, 1024px\" \/><\/a><figcaption class=\"wp-element-caption\">\u201cGrimpante\u201d<\/figcaption><\/figure>\n\n\n\n<figure class=\"wp-block-image size-large\"><a href=\"https:\/\/www.cofb.org\/wp-content\/uploads\/2025\/12\/Peaky-blinders-Hamburg-scaled.jpeg\" target=\"_blank\" rel=\"noreferrer noopener\"><img loading=\"lazy\" decoding=\"async\" width=\"718\" height=\"1024\" data-id=\"83171\" src=\"https:\/\/www.cofb.org\/wp-content\/uploads\/2025\/12\/Peaky-blinders-Hamburg-718x1024.jpeg\" alt=\"&quot;Peaki blinders Hamburg&quot;\" class=\"wp-image-83171\" srcset=\"https:\/\/www.cofb.org\/wp-content\/uploads\/2025\/12\/Peaky-blinders-Hamburg-718x1024.jpeg 718w, https:\/\/www.cofb.org\/wp-content\/uploads\/2025\/12\/Peaky-blinders-Hamburg-210x300.jpeg 210w, https:\/\/www.cofb.org\/wp-content\/uploads\/2025\/12\/Peaky-blinders-Hamburg-768x1096.jpeg 768w, https:\/\/www.cofb.org\/wp-content\/uploads\/2025\/12\/Peaky-blinders-Hamburg-1076x1536.jpeg 1076w, https:\/\/www.cofb.org\/wp-content\/uploads\/2025\/12\/Peaky-blinders-Hamburg-1435x2048.jpeg 1435w, https:\/\/www.cofb.org\/wp-content\/uploads\/2025\/12\/Peaky-blinders-Hamburg-8x12.jpeg 8w, https:\/\/www.cofb.org\/wp-content\/uploads\/2025\/12\/Peaky-blinders-Hamburg-scaled.jpeg 1794w\" sizes=\"(max-width: 718px) 100vw, 718px\" \/><\/a><figcaption class=\"wp-element-caption\">&quot;Peaki blinders Hamburgo&quot;<\/figcaption><\/figure>\n\n\n\n<figure class=\"wp-block-image size-large\"><a href=\"https:\/\/www.cofb.org\/wp-content\/uploads\/2025\/12\/Portamalteupassat-scaled.jpg\" target=\"_blank\" rel=\"noreferrer noopener\"><img loading=\"lazy\" decoding=\"async\" width=\"1024\" height=\"819\" data-id=\"83179\" src=\"https:\/\/www.cofb.org\/wp-content\/uploads\/2025\/12\/Portamalteupassat-1024x819.jpg\" alt=\"&quot;Portam al teu passat&quot;\" class=\"wp-image-83179\" srcset=\"https:\/\/www.cofb.org\/wp-content\/uploads\/2025\/12\/Portamalteupassat-1024x819.jpg 1024w, https:\/\/www.cofb.org\/wp-content\/uploads\/2025\/12\/Portamalteupassat-300x240.jpg 300w, https:\/\/www.cofb.org\/wp-content\/uploads\/2025\/12\/Portamalteupassat-768x614.jpg 768w, https:\/\/www.cofb.org\/wp-content\/uploads\/2025\/12\/Portamalteupassat-1536x1229.jpg 1536w, https:\/\/www.cofb.org\/wp-content\/uploads\/2025\/12\/Portamalteupassat-2048x1638.jpg 2048w, https:\/\/www.cofb.org\/wp-content\/uploads\/2025\/12\/Portamalteupassat-15x12.jpg 15w\" sizes=\"(max-width: 1024px) 100vw, 1024px\" \/><\/a><figcaption class=\"wp-element-caption\">&quot;Llevamos a tu pasado&quot;<\/figcaption><\/figure>\n\n\n\n<figure class=\"wp-block-image size-large\"><a href=\"https:\/\/www.cofb.org\/wp-content\/uploads\/2025\/12\/Racodeleshistoriesdelavi-scaled.jpg\" target=\"_blank\" rel=\"noreferrer noopener\"><img loading=\"lazy\" decoding=\"async\" width=\"768\" height=\"1024\" data-id=\"83183\" src=\"https:\/\/www.cofb.org\/wp-content\/uploads\/2025\/12\/Racodeleshistoriesdelavi-768x1024.jpg\" alt=\"&quot;Rac\u00f3 de les hist\u00f2ries de l'avi&quot;\" class=\"wp-image-83183\" srcset=\"https:\/\/www.cofb.org\/wp-content\/uploads\/2025\/12\/Racodeleshistoriesdelavi-768x1024.jpg 768w, https:\/\/www.cofb.org\/wp-content\/uploads\/2025\/12\/Racodeleshistoriesdelavi-225x300.jpg 225w, https:\/\/www.cofb.org\/wp-content\/uploads\/2025\/12\/Racodeleshistoriesdelavi-1152x1536.jpg 1152w, https:\/\/www.cofb.org\/wp-content\/uploads\/2025\/12\/Racodeleshistoriesdelavi-1536x2048.jpg 1536w, https:\/\/www.cofb.org\/wp-content\/uploads\/2025\/12\/Racodeleshistoriesdelavi-9x12.jpg 9w, https:\/\/www.cofb.org\/wp-content\/uploads\/2025\/12\/Racodeleshistoriesdelavi-scaled.jpg 1920w\" sizes=\"(max-width: 768px) 100vw, 768px\" \/><\/a><figcaption class=\"wp-element-caption\">&quot;Rinc\u00f3n de las historias del abuelo&quot;<\/figcaption><\/figure>\n\n\n\n<figure class=\"wp-block-image size-large\"><a href=\"https:\/\/www.cofb.org\/wp-content\/uploads\/2025\/12\/SISTEMA-ANTI-ELEFANTS-scaled.jpg\" target=\"_blank\" rel=\"noreferrer noopener\"><img loading=\"lazy\" decoding=\"async\" width=\"1024\" height=\"1024\" data-id=\"83198\" src=\"https:\/\/www.cofb.org\/wp-content\/uploads\/2025\/12\/SISTEMA-ANTI-ELEFANTS-1024x1024.jpg\" alt=\"&quot;Sistema anti-elefants&quot;\" class=\"wp-image-83198\" srcset=\"https:\/\/www.cofb.org\/wp-content\/uploads\/2025\/12\/SISTEMA-ANTI-ELEFANTS-1024x1024.jpg 1024w, https:\/\/www.cofb.org\/wp-content\/uploads\/2025\/12\/SISTEMA-ANTI-ELEFANTS-300x300.jpg 300w, https:\/\/www.cofb.org\/wp-content\/uploads\/2025\/12\/SISTEMA-ANTI-ELEFANTS-150x150.jpg 150w, https:\/\/www.cofb.org\/wp-content\/uploads\/2025\/12\/SISTEMA-ANTI-ELEFANTS-768x768.jpg 768w, https:\/\/www.cofb.org\/wp-content\/uploads\/2025\/12\/SISTEMA-ANTI-ELEFANTS-1536x1536.jpg 1536w, https:\/\/www.cofb.org\/wp-content\/uploads\/2025\/12\/SISTEMA-ANTI-ELEFANTS-2048x2048.jpg 2048w, https:\/\/www.cofb.org\/wp-content\/uploads\/2025\/12\/SISTEMA-ANTI-ELEFANTS-12x12.jpg 12w\" sizes=\"(max-width: 1024px) 100vw, 1024px\" \/><\/a><figcaption class=\"wp-element-caption\">&quot;Sistema anti-elefantes&quot;<\/figcaption><\/figure>\n\n\n\n<figure class=\"wp-block-image size-large\"><a href=\"https:\/\/www.cofb.org\/wp-content\/uploads\/2025\/12\/Sonata-de-verano-en-Copenhague-scaled.jpeg\" target=\"_blank\" rel=\"noreferrer noopener\"><img loading=\"lazy\" decoding=\"async\" width=\"1024\" height=\"657\" data-id=\"83199\" src=\"https:\/\/www.cofb.org\/wp-content\/uploads\/2025\/12\/Sonata-de-verano-en-Copenhague-1024x657.jpeg\" alt=\"&quot;Sonata de verano en Copenhague&quot;\" class=\"wp-image-83199\" srcset=\"https:\/\/www.cofb.org\/wp-content\/uploads\/2025\/12\/Sonata-de-verano-en-Copenhague-1024x657.jpeg 1024w, https:\/\/www.cofb.org\/wp-content\/uploads\/2025\/12\/Sonata-de-verano-en-Copenhague-300x192.jpeg 300w, https:\/\/www.cofb.org\/wp-content\/uploads\/2025\/12\/Sonata-de-verano-en-Copenhague-768x493.jpeg 768w, https:\/\/www.cofb.org\/wp-content\/uploads\/2025\/12\/Sonata-de-verano-en-Copenhague-1536x985.jpeg 1536w, https:\/\/www.cofb.org\/wp-content\/uploads\/2025\/12\/Sonata-de-verano-en-Copenhague-2048x1314.jpeg 2048w, https:\/\/www.cofb.org\/wp-content\/uploads\/2025\/12\/Sonata-de-verano-en-Copenhague-18x12.jpeg 18w\" sizes=\"(max-width: 1024px) 100vw, 1024px\" \/><\/a><figcaption class=\"wp-element-caption\">\u201cSonata de verano en Copenhague\u201d<\/figcaption><\/figure>\n\n\n\n<figure class=\"wp-block-image size-large\"><img loading=\"lazy\" decoding=\"async\" width=\"1024\" height=\"1024\" data-id=\"83202\" src=\"https:\/\/www.cofb.org\/wp-content\/uploads\/2025\/12\/SOUVENIRSDEZANZIBAR-1024x1024.jpg\" alt=\"&quot;Souvenirs de Zanzibar&quot;\" class=\"wp-image-83202\" srcset=\"https:\/\/www.cofb.org\/wp-content\/uploads\/2025\/12\/SOUVENIRSDEZANZIBAR-1024x1024.jpg 1024w, https:\/\/www.cofb.org\/wp-content\/uploads\/2025\/12\/SOUVENIRSDEZANZIBAR-300x300.jpg 300w, https:\/\/www.cofb.org\/wp-content\/uploads\/2025\/12\/SOUVENIRSDEZANZIBAR-150x150.jpg 150w, https:\/\/www.cofb.org\/wp-content\/uploads\/2025\/12\/SOUVENIRSDEZANZIBAR-768x768.jpg 768w, https:\/\/www.cofb.org\/wp-content\/uploads\/2025\/12\/SOUVENIRSDEZANZIBAR-1536x1536.jpg 1536w, https:\/\/www.cofb.org\/wp-content\/uploads\/2025\/12\/SOUVENIRSDEZANZIBAR-2048x2048.jpg 2048w, https:\/\/www.cofb.org\/wp-content\/uploads\/2025\/12\/SOUVENIRSDEZANZIBAR-12x12.jpg 12w\" sizes=\"(max-width: 1024px) 100vw, 1024px\" \/><figcaption class=\"wp-element-caption\">\u201cSouvenirs de Zanzibar\u201d<\/figcaption><\/figure>\n<\/figure>\n\n\n\n<h3 class=\"wp-block-heading\"><strong>Participantes de fotograf\u00eda en blanco y negro<\/strong><\/h3>\n\n\n\n<figure class=\"wp-block-gallery has-nested-images columns-5 is-cropped uag-masonry uagb-block-fba7dbfb wp-block-gallery-2 is-layout-flex wp-block-gallery-is-layout-flex\">\n<figure class=\"wp-block-image size-large\"><a href=\"https:\/\/www.cofb.org\/wp-content\/uploads\/2025\/12\/Concurs25-1-scaled.jpg\" target=\"_blank\" rel=\"noreferrer noopener\"><img loading=\"lazy\" decoding=\"async\" width=\"1024\" height=\"575\" data-id=\"83081\" src=\"https:\/\/www.cofb.org\/wp-content\/uploads\/2025\/12\/Concurs25-1-1024x575.jpg\" alt=\"Sense t\u00edtol\" class=\"wp-image-83081\" srcset=\"https:\/\/www.cofb.org\/wp-content\/uploads\/2025\/12\/Concurs25-1-1024x575.jpg 1024w, https:\/\/www.cofb.org\/wp-content\/uploads\/2025\/12\/Concurs25-1-300x169.jpg 300w, https:\/\/www.cofb.org\/wp-content\/uploads\/2025\/12\/Concurs25-1-768x431.jpg 768w, https:\/\/www.cofb.org\/wp-content\/uploads\/2025\/12\/Concurs25-1-1536x863.jpg 1536w, https:\/\/www.cofb.org\/wp-content\/uploads\/2025\/12\/Concurs25-1-2048x1151.jpg 2048w, https:\/\/www.cofb.org\/wp-content\/uploads\/2025\/12\/Concurs25-1-18x10.jpg 18w\" sizes=\"(max-width: 1024px) 100vw, 1024px\" \/><\/a><figcaption class=\"wp-element-caption\">Sin t\u00edtulo<\/figcaption><\/figure>\n\n\n\n<figure class=\"wp-block-image size-large\"><a href=\"https:\/\/www.cofb.org\/wp-content\/uploads\/2025\/12\/Concurs25-4-scaled.jpg\" target=\"_blank\" rel=\"noreferrer noopener\"><img loading=\"lazy\" decoding=\"async\" width=\"1024\" height=\"576\" data-id=\"83082\" src=\"https:\/\/www.cofb.org\/wp-content\/uploads\/2025\/12\/Concurs25-4-1024x576.jpg\" alt=\"Sense t\u00edtol\" class=\"wp-image-83082\" srcset=\"https:\/\/www.cofb.org\/wp-content\/uploads\/2025\/12\/Concurs25-4-1024x576.jpg 1024w, https:\/\/www.cofb.org\/wp-content\/uploads\/2025\/12\/Concurs25-4-300x169.jpg 300w, https:\/\/www.cofb.org\/wp-content\/uploads\/2025\/12\/Concurs25-4-768x432.jpg 768w, https:\/\/www.cofb.org\/wp-content\/uploads\/2025\/12\/Concurs25-4-1536x865.jpg 1536w, https:\/\/www.cofb.org\/wp-content\/uploads\/2025\/12\/Concurs25-4-2048x1153.jpg 2048w, https:\/\/www.cofb.org\/wp-content\/uploads\/2025\/12\/Concurs25-4-18x10.jpg 18w\" sizes=\"(max-width: 1024px) 100vw, 1024px\" \/><\/a><figcaption class=\"wp-element-caption\">Sin t\u00edtulo<\/figcaption><\/figure>\n\n\n\n<figure class=\"wp-block-image size-large\"><a href=\"https:\/\/www.cofb.org\/wp-content\/uploads\/2025\/12\/Entrara-scaled.jpeg\" target=\"_blank\" rel=\"noreferrer noopener\"><img loading=\"lazy\" decoding=\"async\" width=\"768\" height=\"1024\" data-id=\"83087\" src=\"https:\/\/www.cofb.org\/wp-content\/uploads\/2025\/12\/Entrara-768x1024.jpeg\" alt=\"&quot;Entrara&quot;\" class=\"wp-image-83087\" srcset=\"https:\/\/www.cofb.org\/wp-content\/uploads\/2025\/12\/Entrara-768x1024.jpeg 768w, https:\/\/www.cofb.org\/wp-content\/uploads\/2025\/12\/Entrara-225x300.jpeg 225w, https:\/\/www.cofb.org\/wp-content\/uploads\/2025\/12\/Entrara-1152x1536.jpeg 1152w, https:\/\/www.cofb.org\/wp-content\/uploads\/2025\/12\/Entrara-1536x2048.jpeg 1536w, https:\/\/www.cofb.org\/wp-content\/uploads\/2025\/12\/Entrara-9x12.jpeg 9w, https:\/\/www.cofb.org\/wp-content\/uploads\/2025\/12\/Entrara-scaled.jpeg 1920w\" sizes=\"(max-width: 768px) 100vw, 768px\" \/><\/a><figcaption class=\"wp-element-caption\">&quot;Entrara&quot;<\/figcaption><\/figure>\n\n\n\n<figure class=\"wp-block-image size-large\"><a href=\"https:\/\/www.cofb.org\/wp-content\/uploads\/2025\/12\/La-porta-Xinesis.jpg\" target=\"_blank\" rel=\"noreferrer noopener\"><img loading=\"lazy\" decoding=\"async\" width=\"1024\" height=\"682\" data-id=\"83093\" src=\"https:\/\/www.cofb.org\/wp-content\/uploads\/2025\/12\/La-porta-Xinesis-1024x682.jpg\" alt=\"&quot;La porta Xinesis&quot;\" class=\"wp-image-83093\" srcset=\"https:\/\/www.cofb.org\/wp-content\/uploads\/2025\/12\/La-porta-Xinesis-1024x682.jpg 1024w, https:\/\/www.cofb.org\/wp-content\/uploads\/2025\/12\/La-porta-Xinesis-300x200.jpg 300w, https:\/\/www.cofb.org\/wp-content\/uploads\/2025\/12\/La-porta-Xinesis-768x512.jpg 768w, https:\/\/www.cofb.org\/wp-content\/uploads\/2025\/12\/La-porta-Xinesis-1536x1023.jpg 1536w, https:\/\/www.cofb.org\/wp-content\/uploads\/2025\/12\/La-porta-Xinesis-18x12.jpg 18w, https:\/\/www.cofb.org\/wp-content\/uploads\/2025\/12\/La-porta-Xinesis.jpg 1600w\" sizes=\"(max-width: 1024px) 100vw, 1024px\" \/><\/a><figcaption class=\"wp-element-caption\">&quot;La puerta Xinesis&quot;<\/figcaption><\/figure>\n\n\n\n<figure class=\"wp-block-image size-large\"><a href=\"https:\/\/www.cofb.org\/wp-content\/uploads\/2025\/12\/MIGDIADA-scaled.jpg\" target=\"_blank\" rel=\"noreferrer noopener\"><img loading=\"lazy\" decoding=\"async\" width=\"1024\" height=\"1024\" data-id=\"83098\" src=\"https:\/\/www.cofb.org\/wp-content\/uploads\/2025\/12\/MIGDIADA-1024x1024.jpg\" alt=\"&quot;Migdiada&quot;\" class=\"wp-image-83098\" srcset=\"https:\/\/www.cofb.org\/wp-content\/uploads\/2025\/12\/MIGDIADA-1024x1024.jpg 1024w, https:\/\/www.cofb.org\/wp-content\/uploads\/2025\/12\/MIGDIADA-300x300.jpg 300w, https:\/\/www.cofb.org\/wp-content\/uploads\/2025\/12\/MIGDIADA-150x150.jpg 150w, https:\/\/www.cofb.org\/wp-content\/uploads\/2025\/12\/MIGDIADA-768x768.jpg 768w, https:\/\/www.cofb.org\/wp-content\/uploads\/2025\/12\/MIGDIADA-1536x1536.jpg 1536w, https:\/\/www.cofb.org\/wp-content\/uploads\/2025\/12\/MIGDIADA-2048x2048.jpg 2048w, https:\/\/www.cofb.org\/wp-content\/uploads\/2025\/12\/MIGDIADA-12x12.jpg 12w\" sizes=\"(max-width: 1024px) 100vw, 1024px\" \/><\/a><figcaption class=\"wp-element-caption\">\u201cSiesta\u201d<\/figcaption><\/figure>\n\n\n\n<figure class=\"wp-block-image size-large\"><a href=\"https:\/\/www.cofb.org\/wp-content\/uploads\/2025\/12\/Porta-ferida-scaled.jpeg\" target=\"_blank\" rel=\"noreferrer noopener\"><img loading=\"lazy\" decoding=\"async\" width=\"1024\" height=\"768\" data-id=\"83104\" src=\"https:\/\/www.cofb.org\/wp-content\/uploads\/2025\/12\/Porta-ferida-1024x768.jpeg\" alt=\"Porta Ferida\" class=\"wp-image-83104\" srcset=\"https:\/\/www.cofb.org\/wp-content\/uploads\/2025\/12\/Porta-ferida-1024x768.jpeg 1024w, https:\/\/www.cofb.org\/wp-content\/uploads\/2025\/12\/Porta-ferida-300x225.jpeg 300w, https:\/\/www.cofb.org\/wp-content\/uploads\/2025\/12\/Porta-ferida-768x576.jpeg 768w, https:\/\/www.cofb.org\/wp-content\/uploads\/2025\/12\/Porta-ferida-1536x1152.jpeg 1536w, https:\/\/www.cofb.org\/wp-content\/uploads\/2025\/12\/Porta-ferida-2048x1536.jpeg 2048w, https:\/\/www.cofb.org\/wp-content\/uploads\/2025\/12\/Porta-ferida-16x12.jpeg 16w\" sizes=\"(max-width: 1024px) 100vw, 1024px\" \/><\/a><figcaption class=\"wp-element-caption\">Puerta Herida<\/figcaption><\/figure>\n\n\n\n<figure class=\"wp-block-image size-large\"><a href=\"https:\/\/www.cofb.org\/wp-content\/uploads\/2025\/12\/PORTAARABNUMERO1457-scaled.jpg\" target=\"_blank\" rel=\"noreferrer noopener\"><img loading=\"lazy\" decoding=\"async\" width=\"1024\" height=\"1024\" data-id=\"83107\" src=\"https:\/\/www.cofb.org\/wp-content\/uploads\/2025\/12\/PORTAARABNUMERO1457-1024x1024.jpg\" alt=\"&quot;Porta \u00e0rab n\u00famero 1457&quot;\" class=\"wp-image-83107\" srcset=\"https:\/\/www.cofb.org\/wp-content\/uploads\/2025\/12\/PORTAARABNUMERO1457-1024x1024.jpg 1024w, https:\/\/www.cofb.org\/wp-content\/uploads\/2025\/12\/PORTAARABNUMERO1457-300x300.jpg 300w, https:\/\/www.cofb.org\/wp-content\/uploads\/2025\/12\/PORTAARABNUMERO1457-150x150.jpg 150w, https:\/\/www.cofb.org\/wp-content\/uploads\/2025\/12\/PORTAARABNUMERO1457-768x768.jpg 768w, https:\/\/www.cofb.org\/wp-content\/uploads\/2025\/12\/PORTAARABNUMERO1457-1536x1536.jpg 1536w, https:\/\/www.cofb.org\/wp-content\/uploads\/2025\/12\/PORTAARABNUMERO1457-2048x2048.jpg 2048w, https:\/\/www.cofb.org\/wp-content\/uploads\/2025\/12\/PORTAARABNUMERO1457-12x12.jpg 12w\" sizes=\"(max-width: 1024px) 100vw, 1024px\" \/><\/a><figcaption class=\"wp-element-caption\">\u201cPuerta \u00e1rabe n\u00famero 1457\u201d<\/figcaption><\/figure>\n\n\n\n<figure class=\"wp-block-image size-large\"><a href=\"https:\/\/www.cofb.org\/wp-content\/uploads\/2025\/12\/Ventanasdelarua-scaled.jpg\" target=\"_blank\" rel=\"noreferrer noopener\"><img loading=\"lazy\" decoding=\"async\" width=\"490\" height=\"1024\" data-id=\"83112\" src=\"https:\/\/www.cofb.org\/wp-content\/uploads\/2025\/12\/Ventanasdelarua-490x1024.jpg\" alt=\"&quot;Ventanas de la rua&quot;\" class=\"wp-image-83112\" srcset=\"https:\/\/www.cofb.org\/wp-content\/uploads\/2025\/12\/Ventanasdelarua-490x1024.jpg 490w, https:\/\/www.cofb.org\/wp-content\/uploads\/2025\/12\/Ventanasdelarua-144x300.jpg 144w, https:\/\/www.cofb.org\/wp-content\/uploads\/2025\/12\/Ventanasdelarua-768x1605.jpg 768w, https:\/\/www.cofb.org\/wp-content\/uploads\/2025\/12\/Ventanasdelarua-735x1536.jpg 735w, https:\/\/www.cofb.org\/wp-content\/uploads\/2025\/12\/Ventanasdelarua-980x2048.jpg 980w, https:\/\/www.cofb.org\/wp-content\/uploads\/2025\/12\/Ventanasdelarua-6x12.jpg 6w, https:\/\/www.cofb.org\/wp-content\/uploads\/2025\/12\/Ventanasdelarua-scaled.jpg 1225w\" sizes=\"(max-width: 490px) 100vw, 490px\" \/><\/a><figcaption class=\"wp-element-caption\">\u201cVentanas de la r\u00faa\u201d<\/figcaption><\/figure>\n\n\n\n<figure class=\"wp-block-image size-large\"><a href=\"https:\/\/www.cofb.org\/wp-content\/uploads\/2025\/12\/ANY-1975-scaled.jpg\" target=\"_blank\" rel=\"noreferrer noopener\"><img loading=\"lazy\" decoding=\"async\" width=\"1024\" height=\"1024\" data-id=\"83078\" src=\"https:\/\/www.cofb.org\/wp-content\/uploads\/2025\/12\/ANY-1975-1024x1024.jpg\" alt=\"&quot;Any 1975&quot;\" class=\"wp-image-83078\" srcset=\"https:\/\/www.cofb.org\/wp-content\/uploads\/2025\/12\/ANY-1975-1024x1024.jpg 1024w, https:\/\/www.cofb.org\/wp-content\/uploads\/2025\/12\/ANY-1975-300x300.jpg 300w, https:\/\/www.cofb.org\/wp-content\/uploads\/2025\/12\/ANY-1975-150x150.jpg 150w, https:\/\/www.cofb.org\/wp-content\/uploads\/2025\/12\/ANY-1975-768x768.jpg 768w, https:\/\/www.cofb.org\/wp-content\/uploads\/2025\/12\/ANY-1975-1536x1536.jpg 1536w, https:\/\/www.cofb.org\/wp-content\/uploads\/2025\/12\/ANY-1975-2048x2048.jpg 2048w, https:\/\/www.cofb.org\/wp-content\/uploads\/2025\/12\/ANY-1975-12x12.jpg 12w\" sizes=\"(max-width: 1024px) 100vw, 1024px\" \/><\/a><figcaption class=\"wp-element-caption\">&quot;A\u00f1o 1975&quot;<\/figcaption><\/figure>\n\n\n\n<figure class=\"wp-block-image size-large\"><a href=\"https:\/\/www.cofb.org\/wp-content\/uploads\/2025\/12\/Escapantdeltempsalatorredelrellotje-scaled.jpg\" target=\"_blank\" rel=\"noreferrer noopener\"><img loading=\"lazy\" decoding=\"async\" width=\"768\" height=\"1024\" data-id=\"83088\" src=\"https:\/\/www.cofb.org\/wp-content\/uploads\/2025\/12\/Escapantdeltempsalatorredelrellotje-768x1024.jpg\" alt=\"&quot;Escapant del temps a la torre del rellotge&quot;\" class=\"wp-image-83088\" srcset=\"https:\/\/www.cofb.org\/wp-content\/uploads\/2025\/12\/Escapantdeltempsalatorredelrellotje-768x1024.jpg 768w, https:\/\/www.cofb.org\/wp-content\/uploads\/2025\/12\/Escapantdeltempsalatorredelrellotje-225x300.jpg 225w, https:\/\/www.cofb.org\/wp-content\/uploads\/2025\/12\/Escapantdeltempsalatorredelrellotje-1152x1536.jpg 1152w, https:\/\/www.cofb.org\/wp-content\/uploads\/2025\/12\/Escapantdeltempsalatorredelrellotje-1536x2048.jpg 1536w, https:\/\/www.cofb.org\/wp-content\/uploads\/2025\/12\/Escapantdeltempsalatorredelrellotje-9x12.jpg 9w, https:\/\/www.cofb.org\/wp-content\/uploads\/2025\/12\/Escapantdeltempsalatorredelrellotje-scaled.jpg 1920w\" sizes=\"(max-width: 768px) 100vw, 768px\" \/><\/a><figcaption class=\"wp-element-caption\">\u201cEscapando del tiempo en la torre del reloj\u201d<\/figcaption><\/figure>\n\n\n\n<figure class=\"wp-block-image size-large\"><a href=\"https:\/\/www.cofb.org\/wp-content\/uploads\/2025\/12\/Milfinestresiunfinestral-scaled.jpg\" target=\"_blank\" rel=\"noreferrer noopener\"><img loading=\"lazy\" decoding=\"async\" width=\"733\" height=\"1024\" data-id=\"83099\" src=\"https:\/\/www.cofb.org\/wp-content\/uploads\/2025\/12\/Milfinestresiunfinestral-733x1024.jpg\" alt=\"&quot;Mil finestres i un finestral&quot;\" class=\"wp-image-83099\" srcset=\"https:\/\/www.cofb.org\/wp-content\/uploads\/2025\/12\/Milfinestresiunfinestral-733x1024.jpg 733w, https:\/\/www.cofb.org\/wp-content\/uploads\/2025\/12\/Milfinestresiunfinestral-215x300.jpg 215w, https:\/\/www.cofb.org\/wp-content\/uploads\/2025\/12\/Milfinestresiunfinestral-768x1073.jpg 768w, https:\/\/www.cofb.org\/wp-content\/uploads\/2025\/12\/Milfinestresiunfinestral-1099x1536.jpg 1099w, https:\/\/www.cofb.org\/wp-content\/uploads\/2025\/12\/Milfinestresiunfinestral-1465x2048.jpg 1465w, https:\/\/www.cofb.org\/wp-content\/uploads\/2025\/12\/Milfinestresiunfinestral-9x12.jpg 9w, https:\/\/www.cofb.org\/wp-content\/uploads\/2025\/12\/Milfinestresiunfinestral-scaled.jpg 1832w\" sizes=\"(max-width: 733px) 100vw, 733px\" \/><\/a><figcaption class=\"wp-element-caption\">\u201cMil ventanas y un ventanal\u201d<\/figcaption><\/figure>\n\n\n\n<figure class=\"wp-block-image size-large\"><a href=\"https:\/\/www.cofb.org\/wp-content\/uploads\/2025\/12\/Les-finestre-indiscretes-scaled.jpg\" target=\"_blank\" rel=\"noreferrer noopener\"><img loading=\"lazy\" decoding=\"async\" width=\"578\" height=\"1024\" data-id=\"83094\" src=\"https:\/\/www.cofb.org\/wp-content\/uploads\/2025\/12\/Les-finestre-indiscretes-578x1024.jpg\" alt=\"&quot;Les finestre indiscretes&quot;\" class=\"wp-image-83094\" srcset=\"https:\/\/www.cofb.org\/wp-content\/uploads\/2025\/12\/Les-finestre-indiscretes-578x1024.jpg 578w, https:\/\/www.cofb.org\/wp-content\/uploads\/2025\/12\/Les-finestre-indiscretes-169x300.jpg 169w, https:\/\/www.cofb.org\/wp-content\/uploads\/2025\/12\/Les-finestre-indiscretes-768x1361.jpg 768w, https:\/\/www.cofb.org\/wp-content\/uploads\/2025\/12\/Les-finestre-indiscretes-867x1536.jpg 867w, https:\/\/www.cofb.org\/wp-content\/uploads\/2025\/12\/Les-finestre-indiscretes-1156x2048.jpg 1156w, https:\/\/www.cofb.org\/wp-content\/uploads\/2025\/12\/Les-finestre-indiscretes-7x12.jpg 7w, https:\/\/www.cofb.org\/wp-content\/uploads\/2025\/12\/Les-finestre-indiscretes-scaled.jpg 1445w\" sizes=\"(max-width: 578px) 100vw, 578px\" \/><\/a><figcaption class=\"wp-element-caption\">&quot;Las ventanas indiscretas&quot;<\/figcaption><\/figure>\n\n\n\n<figure class=\"wp-block-image size-large\"><a href=\"https:\/\/www.cofb.org\/wp-content\/uploads\/2025\/12\/PortesobertesaAlcatraz-scaled.jpg\" target=\"_blank\" rel=\"noreferrer noopener\"><img loading=\"lazy\" decoding=\"async\" width=\"1024\" height=\"683\" data-id=\"83108\" src=\"https:\/\/www.cofb.org\/wp-content\/uploads\/2025\/12\/PortesobertesaAlcatraz-1024x683.jpg\" alt=\"&quot;Portes obertes Alcatraz&quot;\" class=\"wp-image-83108\" srcset=\"https:\/\/www.cofb.org\/wp-content\/uploads\/2025\/12\/PortesobertesaAlcatraz-1024x683.jpg 1024w, https:\/\/www.cofb.org\/wp-content\/uploads\/2025\/12\/PortesobertesaAlcatraz-300x200.jpg 300w, https:\/\/www.cofb.org\/wp-content\/uploads\/2025\/12\/PortesobertesaAlcatraz-768x512.jpg 768w, https:\/\/www.cofb.org\/wp-content\/uploads\/2025\/12\/PortesobertesaAlcatraz-1536x1024.jpg 1536w, https:\/\/www.cofb.org\/wp-content\/uploads\/2025\/12\/PortesobertesaAlcatraz-2048x1365.jpg 2048w, https:\/\/www.cofb.org\/wp-content\/uploads\/2025\/12\/PortesobertesaAlcatraz-18x12.jpg 18w\" sizes=\"(max-width: 1024px) 100vw, 1024px\" \/><\/a><figcaption class=\"wp-element-caption\">&quot;Puertas abiertas Alcatraz&quot;<\/figcaption><\/figure>\n\n\n\n<figure class=\"wp-block-image size-large\"><a href=\"https:\/\/www.cofb.org\/wp-content\/uploads\/2025\/12\/BnW-scaled.jpeg\" target=\"_blank\" rel=\"noreferrer noopener\"><img loading=\"lazy\" decoding=\"async\" width=\"577\" height=\"1024\" data-id=\"83079\" src=\"https:\/\/www.cofb.org\/wp-content\/uploads\/2025\/12\/BnW-577x1024.jpeg\" alt=\"&quot;BnW&quot;\" class=\"wp-image-83079\" srcset=\"https:\/\/www.cofb.org\/wp-content\/uploads\/2025\/12\/BnW-577x1024.jpeg 577w, https:\/\/www.cofb.org\/wp-content\/uploads\/2025\/12\/BnW-169x300.jpeg 169w, https:\/\/www.cofb.org\/wp-content\/uploads\/2025\/12\/BnW-768x1364.jpeg 768w, https:\/\/www.cofb.org\/wp-content\/uploads\/2025\/12\/BnW-865x1536.jpeg 865w, https:\/\/www.cofb.org\/wp-content\/uploads\/2025\/12\/BnW-1153x2048.jpeg 1153w, https:\/\/www.cofb.org\/wp-content\/uploads\/2025\/12\/BnW-7x12.jpeg 7w, https:\/\/www.cofb.org\/wp-content\/uploads\/2025\/12\/BnW-scaled.jpeg 1441w\" sizes=\"(max-width: 577px) 100vw, 577px\" \/><\/a><figcaption class=\"wp-element-caption\">&quot;BnW&quot;<\/figcaption><\/figure>\n\n\n\n<figure class=\"wp-block-image size-large\"><a href=\"https:\/\/www.cofb.org\/wp-content\/uploads\/2025\/12\/EnglishPub-scaled.jpeg\" target=\"_blank\" rel=\"noreferrer noopener\"><img loading=\"lazy\" decoding=\"async\" width=\"1024\" height=\"577\" data-id=\"83086\" src=\"https:\/\/www.cofb.org\/wp-content\/uploads\/2025\/12\/EnglishPub-1024x577.jpeg\" alt=\"&quot;English Pub&quot;\" class=\"wp-image-83086\" srcset=\"https:\/\/www.cofb.org\/wp-content\/uploads\/2025\/12\/EnglishPub-1024x577.jpeg 1024w, https:\/\/www.cofb.org\/wp-content\/uploads\/2025\/12\/EnglishPub-300x169.jpeg 300w, https:\/\/www.cofb.org\/wp-content\/uploads\/2025\/12\/EnglishPub-768x432.jpeg 768w, https:\/\/www.cofb.org\/wp-content\/uploads\/2025\/12\/EnglishPub-1536x865.jpeg 1536w, https:\/\/www.cofb.org\/wp-content\/uploads\/2025\/12\/EnglishPub-2048x1153.jpeg 2048w, https:\/\/www.cofb.org\/wp-content\/uploads\/2025\/12\/EnglishPub-18x10.jpeg 18w\" sizes=\"(max-width: 1024px) 100vw, 1024px\" \/><\/a><figcaption class=\"wp-element-caption\">&quot;English Pub&quot;<\/figcaption><\/figure>\n\n\n\n<figure class=\"wp-block-image size-large\"><a href=\"https:\/\/www.cofb.org\/wp-content\/uploads\/2025\/12\/Lliure-scaled.jpg\" target=\"_blank\" rel=\"noreferrer noopener\"><img loading=\"lazy\" decoding=\"async\" width=\"1024\" height=\"731\" data-id=\"83095\" src=\"https:\/\/www.cofb.org\/wp-content\/uploads\/2025\/12\/Lliure-1024x731.jpg\" alt=\"&quot;Lliure&quot;\" class=\"wp-image-83095\" srcset=\"https:\/\/www.cofb.org\/wp-content\/uploads\/2025\/12\/Lliure-1024x731.jpg 1024w, https:\/\/www.cofb.org\/wp-content\/uploads\/2025\/12\/Lliure-300x214.jpg 300w, https:\/\/www.cofb.org\/wp-content\/uploads\/2025\/12\/Lliure-768x549.jpg 768w, https:\/\/www.cofb.org\/wp-content\/uploads\/2025\/12\/Lliure-1536x1097.jpg 1536w, https:\/\/www.cofb.org\/wp-content\/uploads\/2025\/12\/Lliure-2048x1463.jpg 2048w, https:\/\/www.cofb.org\/wp-content\/uploads\/2025\/12\/Lliure-18x12.jpg 18w\" sizes=\"(max-width: 1024px) 100vw, 1024px\" \/><\/a><figcaption class=\"wp-element-caption\">&quot;Libre&quot;<\/figcaption><\/figure>\n\n\n\n<figure class=\"wp-block-image size-large\"><a href=\"https:\/\/www.cofb.org\/wp-content\/uploads\/2025\/12\/Finestra-scaled.jpg\" target=\"_blank\" rel=\" noreferrer noopener\"><img loading=\"lazy\" decoding=\"async\" width=\"1024\" height=\"768\" data-id=\"83089\" src=\"https:\/\/www.cofb.org\/wp-content\/uploads\/2025\/12\/Finestra-1024x768.jpg\" alt=\"&quot;Finestres&quot;\" class=\"wp-image-83089\" srcset=\"https:\/\/www.cofb.org\/wp-content\/uploads\/2025\/12\/Finestra-1024x768.jpg 1024w, https:\/\/www.cofb.org\/wp-content\/uploads\/2025\/12\/Finestra-300x225.jpg 300w, https:\/\/www.cofb.org\/wp-content\/uploads\/2025\/12\/Finestra-768x576.jpg 768w, https:\/\/www.cofb.org\/wp-content\/uploads\/2025\/12\/Finestra-1536x1152.jpg 1536w, https:\/\/www.cofb.org\/wp-content\/uploads\/2025\/12\/Finestra-2048x1536.jpg 2048w, https:\/\/www.cofb.org\/wp-content\/uploads\/2025\/12\/Finestra-16x12.jpg 16w\" sizes=\"(max-width: 1024px) 100vw, 1024px\" \/><\/a><figcaption class=\"wp-element-caption\">\u201cVentanas\u201d<\/figcaption><\/figure>\n\n\n\n<figure class=\"wp-block-image size-large\"><img loading=\"lazy\" decoding=\"async\" width=\"1024\" height=\"683\" data-id=\"83100\" src=\"https:\/\/www.cofb.org\/wp-content\/uploads\/2025\/12\/OnlaPedraAbracalaFusta-1024x683.jpg\" alt=\"\" class=\"wp-image-83100\" srcset=\"https:\/\/www.cofb.org\/wp-content\/uploads\/2025\/12\/OnlaPedraAbracalaFusta-1024x683.jpg 1024w, https:\/\/www.cofb.org\/wp-content\/uploads\/2025\/12\/OnlaPedraAbracalaFusta-300x200.jpg 300w, https:\/\/www.cofb.org\/wp-content\/uploads\/2025\/12\/OnlaPedraAbracalaFusta-768x512.jpg 768w, https:\/\/www.cofb.org\/wp-content\/uploads\/2025\/12\/OnlaPedraAbracalaFusta-1536x1024.jpg 1536w, https:\/\/www.cofb.org\/wp-content\/uploads\/2025\/12\/OnlaPedraAbracalaFusta-2048x1365.jpg 2048w, https:\/\/www.cofb.org\/wp-content\/uploads\/2025\/12\/OnlaPedraAbracalaFusta-18x12.jpg 18w\" sizes=\"(max-width: 1024px) 100vw, 1024px\" \/><figcaption class=\"wp-element-caption\">\u201cD\u00f3nde la piedra abraza la madera\u201d<\/figcaption><\/figure>\n\n\n\n<figure class=\"wp-block-image size-large\"><a href=\"https:\/\/www.cofb.org\/wp-content\/uploads\/2025\/12\/PORTAARABNUMERO1400-scaled.jpg\" target=\"_blank\" rel=\"noreferrer noopener\"><img loading=\"lazy\" decoding=\"async\" width=\"1024\" height=\"894\" data-id=\"83105\" src=\"https:\/\/www.cofb.org\/wp-content\/uploads\/2025\/12\/PORTAARABNUMERO1400-1024x894.jpg\" alt=\"&quot;Porta \u00e0rab n\u00famero 1400&quot;\" class=\"wp-image-83105\" srcset=\"https:\/\/www.cofb.org\/wp-content\/uploads\/2025\/12\/PORTAARABNUMERO1400-1024x894.jpg 1024w, https:\/\/www.cofb.org\/wp-content\/uploads\/2025\/12\/PORTAARABNUMERO1400-300x262.jpg 300w, https:\/\/www.cofb.org\/wp-content\/uploads\/2025\/12\/PORTAARABNUMERO1400-768x671.jpg 768w, https:\/\/www.cofb.org\/wp-content\/uploads\/2025\/12\/PORTAARABNUMERO1400-1536x1341.jpg 1536w, https:\/\/www.cofb.org\/wp-content\/uploads\/2025\/12\/PORTAARABNUMERO1400-2048x1789.jpg 2048w, https:\/\/www.cofb.org\/wp-content\/uploads\/2025\/12\/PORTAARABNUMERO1400-14x12.jpg 14w\" sizes=\"(max-width: 1024px) 100vw, 1024px\" \/><\/a><figcaption class=\"wp-element-caption\">&quot;Puerta \u00e1rabe n\u00famero 1400&quot; <\/figcaption><\/figure>\n\n\n\n<figure class=\"wp-block-image size-large\"><a href=\"https:\/\/www.cofb.org\/wp-content\/uploads\/2025\/12\/Quemires-scaled.jpg\" target=\"_blank\" rel=\"noreferrer noopener\"><img loading=\"lazy\" decoding=\"async\" width=\"1024\" height=\"819\" data-id=\"83110\" src=\"https:\/\/www.cofb.org\/wp-content\/uploads\/2025\/12\/Quemires-1024x819.jpg\" alt=\"&quot;Qu\u00e8 mires&quot;\" class=\"wp-image-83110\" srcset=\"https:\/\/www.cofb.org\/wp-content\/uploads\/2025\/12\/Quemires-1024x819.jpg 1024w, https:\/\/www.cofb.org\/wp-content\/uploads\/2025\/12\/Quemires-300x240.jpg 300w, https:\/\/www.cofb.org\/wp-content\/uploads\/2025\/12\/Quemires-768x614.jpg 768w, https:\/\/www.cofb.org\/wp-content\/uploads\/2025\/12\/Quemires-1536x1228.jpg 1536w, https:\/\/www.cofb.org\/wp-content\/uploads\/2025\/12\/Quemires-2048x1638.jpg 2048w, https:\/\/www.cofb.org\/wp-content\/uploads\/2025\/12\/Quemires-15x12.jpg 15w\" sizes=\"(max-width: 1024px) 100vw, 1024px\" \/><\/a><figcaption class=\"wp-element-caption\">&quot;Qu\u00e9 miras&quot;<\/figcaption><\/figure>\n\n\n\n<figure class=\"wp-block-image size-large\"><a href=\"https:\/\/www.cofb.org\/wp-content\/uploads\/2025\/12\/Xamfra-scaled.jpg\" target=\"_blank\" rel=\"noreferrer noopener\"><img loading=\"lazy\" decoding=\"async\" width=\"1024\" height=\"576\" data-id=\"83115\" src=\"https:\/\/www.cofb.org\/wp-content\/uploads\/2025\/12\/Xamfra-1024x576.jpg\" alt=\"&quot;Xamfr\u00e0&quot;\" class=\"wp-image-83115\" srcset=\"https:\/\/www.cofb.org\/wp-content\/uploads\/2025\/12\/Xamfra-1024x576.jpg 1024w, https:\/\/www.cofb.org\/wp-content\/uploads\/2025\/12\/Xamfra-300x169.jpg 300w, https:\/\/www.cofb.org\/wp-content\/uploads\/2025\/12\/Xamfra-768x432.jpg 768w, https:\/\/www.cofb.org\/wp-content\/uploads\/2025\/12\/Xamfra-1536x864.jpg 1536w, https:\/\/www.cofb.org\/wp-content\/uploads\/2025\/12\/Xamfra-2048x1152.jpg 2048w, https:\/\/www.cofb.org\/wp-content\/uploads\/2025\/12\/Xamfra-18x10.jpg 18w\" sizes=\"(max-width: 1024px) 100vw, 1024px\" \/><\/a><figcaption class=\"wp-element-caption\">\u201cChamfr\u00e1n\u201d<\/figcaption><\/figure>\n\n\n\n<figure class=\"wp-block-image size-large\"><img loading=\"lazy\" decoding=\"async\" width=\"683\" height=\"1024\" data-id=\"83085\" src=\"https:\/\/www.cofb.org\/wp-content\/uploads\/2025\/12\/Eltempspassaicorreadmirant-683x1024.jpeg\" alt=\"&quot;El temps passa i corre admirant&quot;\" class=\"wp-image-83085\" srcset=\"https:\/\/www.cofb.org\/wp-content\/uploads\/2025\/12\/Eltempspassaicorreadmirant-683x1024.jpeg 683w, https:\/\/www.cofb.org\/wp-content\/uploads\/2025\/12\/Eltempspassaicorreadmirant-200x300.jpeg 200w, https:\/\/www.cofb.org\/wp-content\/uploads\/2025\/12\/Eltempspassaicorreadmirant-768x1152.jpeg 768w, https:\/\/www.cofb.org\/wp-content\/uploads\/2025\/12\/Eltempspassaicorreadmirant-1024x1536.jpeg 1024w, https:\/\/www.cofb.org\/wp-content\/uploads\/2025\/12\/Eltempspassaicorreadmirant-1365x2048.jpeg 1365w, https:\/\/www.cofb.org\/wp-content\/uploads\/2025\/12\/Eltempspassaicorreadmirant-8x12.jpeg 8w, https:\/\/www.cofb.org\/wp-content\/uploads\/2025\/12\/Eltempspassaicorreadmirant-scaled.jpeg 1707w\" sizes=\"(max-width: 683px) 100vw, 683px\" \/><figcaption class=\"wp-element-caption\">&quot;El tiempo pasa y corre admirando&quot;<\/figcaption><\/figure>\n\n\n\n<figure class=\"wp-block-image size-large\"><a href=\"https:\/\/www.cofb.org\/wp-content\/uploads\/2025\/12\/la-porta-a-lArtic.jpg\" target=\"_blank\" rel=\"noreferrer noopener\"><img loading=\"lazy\" decoding=\"async\" width=\"1024\" height=\"723\" data-id=\"83092\" src=\"https:\/\/www.cofb.org\/wp-content\/uploads\/2025\/12\/la-porta-a-lArtic-1024x723.jpg\" alt=\"&quot;La porta a l'\u00e0rtic&quot;\" class=\"wp-image-83092\" srcset=\"https:\/\/www.cofb.org\/wp-content\/uploads\/2025\/12\/la-porta-a-lArtic-1024x723.jpg 1024w, https:\/\/www.cofb.org\/wp-content\/uploads\/2025\/12\/la-porta-a-lArtic-300x212.jpg 300w, https:\/\/www.cofb.org\/wp-content\/uploads\/2025\/12\/la-porta-a-lArtic-768x543.jpg 768w, https:\/\/www.cofb.org\/wp-content\/uploads\/2025\/12\/la-porta-a-lArtic-18x12.jpg 18w, https:\/\/www.cofb.org\/wp-content\/uploads\/2025\/12\/la-porta-a-lArtic.jpg 1049w\" sizes=\"(max-width: 1024px) 100vw, 1024px\" \/><\/a><figcaption class=\"wp-element-caption\">&quot;La puerta al \u00e1rtico&quot;<\/figcaption><\/figure>\n\n\n\n<figure class=\"wp-block-image size-large\"><a href=\"https:\/\/www.cofb.org\/wp-content\/uploads\/2025\/12\/Llumsiombres-scaled.jpeg\" target=\"_blank\" rel=\"noreferrer noopener\"><img loading=\"lazy\" decoding=\"async\" width=\"768\" height=\"1024\" data-id=\"83096\" src=\"https:\/\/www.cofb.org\/wp-content\/uploads\/2025\/12\/Llumsiombres-768x1024.jpeg\" alt=\"&quot;Llums i ombres&quot;\" class=\"wp-image-83096\" srcset=\"https:\/\/www.cofb.org\/wp-content\/uploads\/2025\/12\/Llumsiombres-768x1024.jpeg 768w, https:\/\/www.cofb.org\/wp-content\/uploads\/2025\/12\/Llumsiombres-225x300.jpeg 225w, https:\/\/www.cofb.org\/wp-content\/uploads\/2025\/12\/Llumsiombres-1152x1536.jpeg 1152w, https:\/\/www.cofb.org\/wp-content\/uploads\/2025\/12\/Llumsiombres-1536x2048.jpeg 1536w, https:\/\/www.cofb.org\/wp-content\/uploads\/2025\/12\/Llumsiombres-9x12.jpeg 9w, https:\/\/www.cofb.org\/wp-content\/uploads\/2025\/12\/Llumsiombres-scaled.jpeg 1920w\" sizes=\"(max-width: 768px) 100vw, 768px\" \/><\/a><figcaption class=\"wp-element-caption\">\u201cLuces y sombras\u201d<\/figcaption><\/figure>\n\n\n\n<figure class=\"wp-block-image size-large\"><a href=\"https:\/\/www.cofb.org\/wp-content\/uploads\/2025\/12\/PASSATINDUSTRIAL-scaled.jpg\" target=\"_blank\" rel=\"noreferrer noopener\"><img loading=\"lazy\" decoding=\"async\" width=\"1024\" height=\"683\" data-id=\"83101\" src=\"https:\/\/www.cofb.org\/wp-content\/uploads\/2025\/12\/PASSATINDUSTRIAL-1024x683.jpg\" alt=\"\" class=\"wp-image-83101\" srcset=\"https:\/\/www.cofb.org\/wp-content\/uploads\/2025\/12\/PASSATINDUSTRIAL-1024x683.jpg 1024w, https:\/\/www.cofb.org\/wp-content\/uploads\/2025\/12\/PASSATINDUSTRIAL-300x200.jpg 300w, https:\/\/www.cofb.org\/wp-content\/uploads\/2025\/12\/PASSATINDUSTRIAL-768x512.jpg 768w, https:\/\/www.cofb.org\/wp-content\/uploads\/2025\/12\/PASSATINDUSTRIAL-1536x1024.jpg 1536w, https:\/\/www.cofb.org\/wp-content\/uploads\/2025\/12\/PASSATINDUSTRIAL-2048x1365.jpg 2048w, https:\/\/www.cofb.org\/wp-content\/uploads\/2025\/12\/PASSATINDUSTRIAL-18x12.jpg 18w\" sizes=\"(max-width: 1024px) 100vw, 1024px\" \/><\/a><figcaption class=\"wp-element-caption\">&quot;Pasado industrial&quot;<\/figcaption><\/figure>\n\n\n\n<figure class=\"wp-block-image size-large\"><a href=\"https:\/\/www.cofb.org\/wp-content\/uploads\/2025\/12\/Porta-gourmet-scaled.jpg\" target=\"_blank\" rel=\"noreferrer noopener\"><img loading=\"lazy\" decoding=\"async\" width=\"578\" height=\"1024\" data-id=\"83106\" src=\"https:\/\/www.cofb.org\/wp-content\/uploads\/2025\/12\/Porta-gourmet-578x1024.jpg\" alt=\"&quot;Porta Gourmet&quot;\" class=\"wp-image-83106\" srcset=\"https:\/\/www.cofb.org\/wp-content\/uploads\/2025\/12\/Porta-gourmet-578x1024.jpg 578w, https:\/\/www.cofb.org\/wp-content\/uploads\/2025\/12\/Porta-gourmet-169x300.jpg 169w, https:\/\/www.cofb.org\/wp-content\/uploads\/2025\/12\/Porta-gourmet-768x1361.jpg 768w, https:\/\/www.cofb.org\/wp-content\/uploads\/2025\/12\/Porta-gourmet-867x1536.jpg 867w, https:\/\/www.cofb.org\/wp-content\/uploads\/2025\/12\/Porta-gourmet-1156x2048.jpg 1156w, https:\/\/www.cofb.org\/wp-content\/uploads\/2025\/12\/Porta-gourmet-7x12.jpg 7w, https:\/\/www.cofb.org\/wp-content\/uploads\/2025\/12\/Porta-gourmet-scaled.jpg 1445w\" sizes=\"(max-width: 578px) 100vw, 578px\" \/><\/a><figcaption class=\"wp-element-caption\">&quot;Puerta Gourmet&quot;<\/figcaption><\/figure>\n\n\n\n<figure class=\"wp-block-image size-large\"><a href=\"https:\/\/www.cofb.org\/wp-content\/uploads\/2025\/12\/Ventanaseuskeras.jpg\" target=\"_blank\" rel=\"noreferrer noopener\"><img loading=\"lazy\" decoding=\"async\" width=\"542\" height=\"1024\" data-id=\"83113\" src=\"https:\/\/www.cofb.org\/wp-content\/uploads\/2025\/12\/Ventanaseuskeras-542x1024.jpg\" alt=\"&quot;Ventanas euskeras&quot;\" class=\"wp-image-83113\" srcset=\"https:\/\/www.cofb.org\/wp-content\/uploads\/2025\/12\/Ventanaseuskeras-542x1024.jpg 542w, https:\/\/www.cofb.org\/wp-content\/uploads\/2025\/12\/Ventanaseuskeras-159x300.jpg 159w, https:\/\/www.cofb.org\/wp-content\/uploads\/2025\/12\/Ventanaseuskeras-768x1450.jpg 768w, https:\/\/www.cofb.org\/wp-content\/uploads\/2025\/12\/Ventanaseuskeras-813x1536.jpg 813w, https:\/\/www.cofb.org\/wp-content\/uploads\/2025\/12\/Ventanaseuskeras-6x12.jpg 6w, https:\/\/www.cofb.org\/wp-content\/uploads\/2025\/12\/Ventanaseuskeras.jpg 966w\" sizes=\"(max-width: 542px) 100vw, 542px\" \/><\/a><figcaption class=\"wp-element-caption\">\u201cVentanas euskeras\u201d<\/figcaption><\/figure>\n\n\n\n<figure class=\"wp-block-image size-large\"><a href=\"https:\/\/www.cofb.org\/wp-content\/uploads\/2025\/12\/Dues-portes-i-una-creu-scaled.jpg\" target=\"_blank\" rel=\" noreferrer noopener\"><img loading=\"lazy\" decoding=\"async\" width=\"1024\" height=\"768\" data-id=\"83083\" src=\"https:\/\/www.cofb.org\/wp-content\/uploads\/2025\/12\/Dues-portes-i-una-creu-1024x768.jpg\" alt=\"&quot;Dues portes i una creu&quot;\" class=\"wp-image-83083\" srcset=\"https:\/\/www.cofb.org\/wp-content\/uploads\/2025\/12\/Dues-portes-i-una-creu-1024x768.jpg 1024w, https:\/\/www.cofb.org\/wp-content\/uploads\/2025\/12\/Dues-portes-i-una-creu-300x225.jpg 300w, https:\/\/www.cofb.org\/wp-content\/uploads\/2025\/12\/Dues-portes-i-una-creu-768x576.jpg 768w, https:\/\/www.cofb.org\/wp-content\/uploads\/2025\/12\/Dues-portes-i-una-creu-1536x1152.jpg 1536w, https:\/\/www.cofb.org\/wp-content\/uploads\/2025\/12\/Dues-portes-i-una-creu-2048x1536.jpg 2048w, https:\/\/www.cofb.org\/wp-content\/uploads\/2025\/12\/Dues-portes-i-una-creu-16x12.jpg 16w\" sizes=\"(max-width: 1024px) 100vw, 1024px\" \/><\/a><figcaption class=\"wp-element-caption\">&quot;Dos puertas y una cruz&quot;<\/figcaption><\/figure>\n\n\n\n<figure class=\"wp-block-image size-large\"><a href=\"https:\/\/www.cofb.org\/wp-content\/uploads\/2025\/12\/Finestraauntempspassatipresent-scaled.jpeg\" target=\"_blank\" rel=\" noreferrer noopener\"><img loading=\"lazy\" decoding=\"async\" width=\"768\" height=\"1024\" data-id=\"83090\" src=\"https:\/\/www.cofb.org\/wp-content\/uploads\/2025\/12\/Finestraauntempspassatipresent-768x1024.jpeg\" alt=\"&quot;Finestra a un temps passat i present&quot;\" class=\"wp-image-83090\" srcset=\"https:\/\/www.cofb.org\/wp-content\/uploads\/2025\/12\/Finestraauntempspassatipresent-768x1024.jpeg 768w, https:\/\/www.cofb.org\/wp-content\/uploads\/2025\/12\/Finestraauntempspassatipresent-225x300.jpeg 225w, https:\/\/www.cofb.org\/wp-content\/uploads\/2025\/12\/Finestraauntempspassatipresent-1152x1536.jpeg 1152w, https:\/\/www.cofb.org\/wp-content\/uploads\/2025\/12\/Finestraauntempspassatipresent-1536x2048.jpeg 1536w, https:\/\/www.cofb.org\/wp-content\/uploads\/2025\/12\/Finestraauntempspassatipresent-9x12.jpeg 9w, https:\/\/www.cofb.org\/wp-content\/uploads\/2025\/12\/Finestraauntempspassatipresent-scaled.jpeg 1920w\" sizes=\"(max-width: 768px) 100vw, 768px\" \/><\/a><figcaption class=\"wp-element-caption\">\u201cVentana a un tiempo pasado y presente\u201d<\/figcaption><\/figure>\n\n\n\n<figure class=\"wp-block-image size-large\"><a href=\"https:\/\/www.cofb.org\/wp-content\/uploads\/2025\/12\/Lombra-duna-finestra-scaled.jpg\" target=\"_blank\" rel=\"noreferrer noopener\"><img loading=\"lazy\" decoding=\"async\" width=\"768\" height=\"1024\" data-id=\"83097\" src=\"https:\/\/www.cofb.org\/wp-content\/uploads\/2025\/12\/Lombra-duna-finestra-768x1024.jpg\" alt=\"&quot;L'ombra d'una finestra&quot;\" class=\"wp-image-83097\" srcset=\"https:\/\/www.cofb.org\/wp-content\/uploads\/2025\/12\/Lombra-duna-finestra-768x1024.jpg 768w, https:\/\/www.cofb.org\/wp-content\/uploads\/2025\/12\/Lombra-duna-finestra-225x300.jpg 225w, https:\/\/www.cofb.org\/wp-content\/uploads\/2025\/12\/Lombra-duna-finestra-1152x1536.jpg 1152w, https:\/\/www.cofb.org\/wp-content\/uploads\/2025\/12\/Lombra-duna-finestra-1536x2048.jpg 1536w, https:\/\/www.cofb.org\/wp-content\/uploads\/2025\/12\/Lombra-duna-finestra-9x12.jpg 9w, https:\/\/www.cofb.org\/wp-content\/uploads\/2025\/12\/Lombra-duna-finestra-scaled.jpg 1920w\" sizes=\"(max-width: 768px) 100vw, 768px\" \/><\/a><figcaption class=\"wp-element-caption\">&quot;La sombra de una ventana&quot; <\/figcaption><\/figure>\n\n\n\n<figure class=\"wp-block-image size-large\"><a href=\"https:\/\/www.cofb.org\/wp-content\/uploads\/2025\/12\/Porta-damor-scaled.jpeg\" target=\"_blank\" rel=\"noreferrer noopener\"><img loading=\"lazy\" decoding=\"async\" width=\"589\" height=\"1024\" data-id=\"83103\" src=\"https:\/\/www.cofb.org\/wp-content\/uploads\/2025\/12\/Porta-damor-589x1024.jpeg\" alt=\"Porta d\u2019Amor\" class=\"wp-image-83103\" srcset=\"https:\/\/www.cofb.org\/wp-content\/uploads\/2025\/12\/Porta-damor-589x1024.jpeg 589w, https:\/\/www.cofb.org\/wp-content\/uploads\/2025\/12\/Porta-damor-172x300.jpeg 172w, https:\/\/www.cofb.org\/wp-content\/uploads\/2025\/12\/Porta-damor-768x1336.jpeg 768w, https:\/\/www.cofb.org\/wp-content\/uploads\/2025\/12\/Porta-damor-883x1536.jpeg 883w, https:\/\/www.cofb.org\/wp-content\/uploads\/2025\/12\/Porta-damor-1178x2048.jpeg 1178w, https:\/\/www.cofb.org\/wp-content\/uploads\/2025\/12\/Porta-damor-7x12.jpeg 7w, https:\/\/www.cofb.org\/wp-content\/uploads\/2025\/12\/Porta-damor-scaled.jpeg 1472w\" sizes=\"(max-width: 589px) 100vw, 589px\" \/><\/a><figcaption class=\"wp-element-caption\">Puerta de Amor<\/figcaption><\/figure>\n\n\n\n<figure class=\"wp-block-image size-large\"><a href=\"https:\/\/www.cofb.org\/wp-content\/uploads\/2025\/12\/QuanelfocobrelaportaLosAngeles-scaled.jpg\" target=\"_blank\" rel=\" noreferrer noopener\"><img loading=\"lazy\" decoding=\"async\" width=\"768\" height=\"1024\" data-id=\"83109\" src=\"https:\/\/www.cofb.org\/wp-content\/uploads\/2025\/12\/QuanelfocobrelaportaLosAngeles-768x1024.jpg\" alt=\"&quot;Quan el foc obre la porta Los \u00c1ngeles&quot;\" class=\"wp-image-83109\" srcset=\"https:\/\/www.cofb.org\/wp-content\/uploads\/2025\/12\/QuanelfocobrelaportaLosAngeles-768x1024.jpg 768w, https:\/\/www.cofb.org\/wp-content\/uploads\/2025\/12\/QuanelfocobrelaportaLosAngeles-225x300.jpg 225w, https:\/\/www.cofb.org\/wp-content\/uploads\/2025\/12\/QuanelfocobrelaportaLosAngeles-1152x1536.jpg 1152w, https:\/\/www.cofb.org\/wp-content\/uploads\/2025\/12\/QuanelfocobrelaportaLosAngeles-1536x2048.jpg 1536w, https:\/\/www.cofb.org\/wp-content\/uploads\/2025\/12\/QuanelfocobrelaportaLosAngeles-9x12.jpg 9w, https:\/\/www.cofb.org\/wp-content\/uploads\/2025\/12\/QuanelfocobrelaportaLosAngeles-scaled.jpg 1920w\" sizes=\"(max-width: 768px) 100vw, 768px\" \/><\/a><figcaption class=\"wp-element-caption\">&quot;Cuando el fuego abre la puerta Los \u00c1ngeles&quot;<\/figcaption><\/figure>\n\n\n\n<figure class=\"wp-block-image size-large\"><a href=\"https:\/\/www.cofb.org\/wp-content\/uploads\/2025\/12\/Troballa-scaled.jpg\" target=\"_blank\" rel=\" noreferrer noopener\"><img loading=\"lazy\" decoding=\"async\" width=\"1024\" height=\"576\" data-id=\"83111\" src=\"https:\/\/www.cofb.org\/wp-content\/uploads\/2025\/12\/Troballa-1024x576.jpg\" alt=\"&quot;Troballa&quot;\" class=\"wp-image-83111\" srcset=\"https:\/\/www.cofb.org\/wp-content\/uploads\/2025\/12\/Troballa-1024x576.jpg 1024w, https:\/\/www.cofb.org\/wp-content\/uploads\/2025\/12\/Troballa-300x169.jpg 300w, https:\/\/www.cofb.org\/wp-content\/uploads\/2025\/12\/Troballa-768x432.jpg 768w, https:\/\/www.cofb.org\/wp-content\/uploads\/2025\/12\/Troballa-1536x864.jpg 1536w, https:\/\/www.cofb.org\/wp-content\/uploads\/2025\/12\/Troballa-2048x1152.jpg 2048w, https:\/\/www.cofb.org\/wp-content\/uploads\/2025\/12\/Troballa-18x10.jpg 18w\" sizes=\"(max-width: 1024px) 100vw, 1024px\" \/><\/a><figcaption class=\"wp-element-caption\">\u201cEncuentro\u201d<\/figcaption><\/figure>\n<\/figure>","protected":false},"excerpt":{"rendered":"<p>El jurado de la X edici\u00f3n del Concurso de Fotograf\u00eda del Colegio de Farmac\u00e9uticos de Barcelona (COFB) dio a conocer a los ganadores de esta edici\u00f3n del concurso, bajo la tem\u00e1tica \u201cPuertas, ventanas\u201d. Categor\u00eda de fotograf\u00eda en color En la categor\u00eda de fotograf\u00eda en color, Montserrat Cucarull result\u00f3 ganadora con [\u2026]<\/p>","protected":false},"author":10,"featured_media":83338,"comment_status":"closed","ping_status":"closed","sticky":false,"template":"","format":"standard","meta":{"_uag_custom_page_level_css":"","site-sidebar-layout":"default","site-content-layout":"","ast-site-content-layout":"default","site-content-style":"default","site-sidebar-style":"default","ast-global-header-display":"","ast-banner-title-visibility":"","ast-main-header-display":"","ast-hfb-above-header-display":"","ast-hfb-below-header-display":"","ast-hfb-mobile-header-display":"","site-post-title":"","ast-breadcrumbs-content":"","ast-featured-img":"disabled","footer-sml-layout":"","theme-transparent-header-meta":"","adv-header-id-meta":"","stick-header-meta":"","header-above-stick-meta":"","header-main-stick-meta":"","header-below-stick-meta":"","astra-migrate-meta-layouts":"set","ast-page-background-enabled":"default","ast-page-background-meta":{"desktop":{"background-color":"var(--ast-global-color-4)","background-image":"","background-repeat":"repeat","background-position":"center center","background-size":"auto","background-attachment":"scroll","background-type":"","background-media":"","overlay-type":"","overlay-color":"","overlay-opacity":"","overlay-gradient":""},"tablet":{"background-color":"","background-image":"","background-repeat":"repeat","background-position":"center center","background-size":"auto","background-attachment":"scroll","background-type":"","background-media":"","overlay-type":"","overlay-color":"","overlay-opacity":"","overlay-gradient":""},"mobile":{"background-color":"","background-image":"","background-repeat":"repeat","background-position":"center center","background-size":"auto","background-attachment":"scroll","background-type":"","background-media":"","overlay-type":"","overlay-color":"","overlay-opacity":"","overlay-gradient":""}},"ast-content-background-meta":{"desktop":{"background-color":"var(--ast-global-color-5)","background-image":"","background-repeat":"repeat","background-position":"center center","background-size":"auto","background-attachment":"scroll","background-type":"","background-media":"","overlay-type":"","overlay-color":"","overlay-opacity":"","overlay-gradient":""},"tablet":{"background-color":"var(--ast-global-color-5)","background-image":"","background-repeat":"repeat","background-position":"center center","background-size":"auto","background-attachment":"scroll","background-type":"","background-media":"","overlay-type":"","overlay-color":"","overlay-opacity":"","overlay-gradient":""},"mobile":{"background-color":"var(--ast-global-color-5)","background-image":"","background-repeat":"repeat","background-position":"center center","background-size":"auto","background-attachment":"scroll","background-type":"","background-media":"","overlay-type":"","overlay-color":"","overlay-opacity":"","overlay-gradient":""}},"footnotes":""},"categories":[23,535],"tags":[18,895,888,530,536],"class_list":["post-83070","post","type-post","status-publish","format-standard","has-post-thumbnail","hentry","category-destacats","category-seccio-de-fotografia-del-cofb","tag-cofb","tag-concurs-fotografia","tag-concurs-fotografic","tag-fotografia","tag-seccio-de-fotografia-del-collegi-de-farmaceutics-de-barcelona"],"yoast_head":"<!-- This site is optimized with the Yoast SEO plugin v22.4 - https:\/\/yoast.com\/wordpress\/plugins\/seo\/ -->\n<title>El X concurs de fotografia del COFB ja t\u00e9 guanyadors - Col\u00b7legi de Farmac\u00e8utics de Barcelona<\/title>\n<meta name=\"robots\" content=\"index, follow, max-snippet:-1, max-image-preview:large, max-video-preview:-1\" \/>\n<link rel=\"canonical\" href=\"https:\/\/www.cofb.org\/es\/2025\/12\/05\/el-x-concurs-de-fotografia-del-cofb-ja-te-guanyadors\/\" \/>\n<meta property=\"og:locale\" content=\"es_ES\" \/>\n<meta property=\"og:type\" content=\"article\" \/>\n<meta property=\"og:title\" content=\"El X concurs de fotografia del COFB ja t\u00e9 guanyadors - Col\u00b7legi de Farmac\u00e8utics de Barcelona\" \/>\n<meta property=\"og:description\" content=\"El jurat de la X edici\u00f3 del Concurs de Fotografia del Col\u00b7legi de Farmac\u00e8utics de Barcelona (COFB) va donar a con\u00e8ixer els guanyadors d&#8217;aquesta edici\u00f3 del concurs, sota la tem\u00e0tica &#8220;Portes, finestres&#8221;. Categoria de fotografia en color En la categoria de fotografia en color, Montserrat Cucarull va resultar guanyadora amb [&hellip;]\" \/>\n<meta property=\"og:url\" content=\"https:\/\/www.cofb.org\/es\/2025\/12\/05\/el-x-concurs-de-fotografia-del-cofb-ja-te-guanyadors\/\" \/>\n<meta property=\"og:site_name\" content=\"Col\u00b7legi de Farmac\u00e8utics de Barcelona\" \/>\n<meta property=\"article:publisher\" content=\"https:\/\/www.facebook.com\/farmaceuticsbcn\/\" \/>\n<meta property=\"article:published_time\" content=\"2025-12-05T15:48:41+00:00\" \/>\n<meta property=\"article:modified_time\" content=\"2025-12-15T16:19:32+00:00\" \/>\n<meta property=\"og:image\" content=\"https:\/\/www.cofb.org\/wp-content\/uploads\/2025\/12\/DESTACADA-IMG_20251211_123405_edited-scaled.jpg\" \/>\n\t<meta property=\"og:image:width\" content=\"2560\" \/>\n\t<meta property=\"og:image:height\" content=\"1441\" \/>\n\t<meta property=\"og:image:type\" content=\"image\/jpeg\" \/>\n<meta name=\"author\" content=\"Xavier Magraner\" \/>\n<meta name=\"twitter:card\" content=\"summary_large_image\" \/>\n<meta name=\"twitter:creator\" content=\"@farmaceuticsbcn\" \/>\n<meta name=\"twitter:site\" content=\"@farmaceuticsbcn\" \/>\n<meta name=\"twitter:label1\" content=\"Escrito por\" \/>\n\t<meta name=\"twitter:data1\" content=\"Xavier Magraner\" \/>\n\t<meta name=\"twitter:label2\" content=\"Tiempo de lectura\" \/>\n\t<meta name=\"twitter:data2\" content=\"21 minutos\" \/>\n<script type=\"application\/ld+json\" class=\"yoast-schema-graph\">{\"@context\":\"https:\/\/schema.org\",\"@graph\":[{\"@type\":\"Article\",\"@id\":\"https:\/\/www.cofb.org\/2025\/12\/05\/el-x-concurs-de-fotografia-del-cofb-ja-te-guanyadors\/#article\",\"isPartOf\":{\"@id\":\"https:\/\/www.cofb.org\/2025\/12\/05\/el-x-concurs-de-fotografia-del-cofb-ja-te-guanyadors\/\"},\"author\":{\"name\":\"Xavier Magraner\",\"@id\":\"https:\/\/www.cofb.org\/#\/schema\/person\/e46d741cfb92c985a083d163d8270ae4\"},\"headline\":\"El X concurs de fotografia del COFB ja t\u00e9 guanyadors\",\"datePublished\":\"2025-12-05T15:48:41+00:00\",\"dateModified\":\"2025-12-15T16:19:32+00:00\",\"mainEntityOfPage\":{\"@id\":\"https:\/\/www.cofb.org\/2025\/12\/05\/el-x-concurs-de-fotografia-del-cofb-ja-te-guanyadors\/\"},\"wordCount\":413,\"publisher\":{\"@id\":\"https:\/\/www.cofb.org\/#organization\"},\"image\":{\"@id\":\"https:\/\/www.cofb.org\/2025\/12\/05\/el-x-concurs-de-fotografia-del-cofb-ja-te-guanyadors\/#primaryimage\"},\"thumbnailUrl\":\"https:\/\/www.cofb.org\/wp-content\/uploads\/2025\/12\/DESTACADA-IMG_20251211_123405_edited-scaled.jpg\",\"keywords\":[\"COFB\",\"concurs fotografia\",\"concurs fotogr\u00e0fic\",\"fotografia\",\"Secci\u00f3 de Fotografia del Col\u00b7legi de Farmac\u00e8utics de Barcelona\"],\"articleSection\":[\"Destacats\",\"Secci\u00f3 de fotografia del COFB\"],\"inLanguage\":\"es\"},{\"@type\":\"WebPage\",\"@id\":\"https:\/\/www.cofb.org\/2025\/12\/05\/el-x-concurs-de-fotografia-del-cofb-ja-te-guanyadors\/\",\"url\":\"https:\/\/www.cofb.org\/2025\/12\/05\/el-x-concurs-de-fotografia-del-cofb-ja-te-guanyadors\/\",\"name\":\"El X concurs de fotografia del COFB ja t\u00e9 guanyadors - Col\u00b7legi de Farmac\u00e8utics de Barcelona\",\"isPartOf\":{\"@id\":\"https:\/\/www.cofb.org\/#website\"},\"primaryImageOfPage\":{\"@id\":\"https:\/\/www.cofb.org\/2025\/12\/05\/el-x-concurs-de-fotografia-del-cofb-ja-te-guanyadors\/#primaryimage\"},\"image\":{\"@id\":\"https:\/\/www.cofb.org\/2025\/12\/05\/el-x-concurs-de-fotografia-del-cofb-ja-te-guanyadors\/#primaryimage\"},\"thumbnailUrl\":\"https:\/\/www.cofb.org\/wp-content\/uploads\/2025\/12\/DESTACADA-IMG_20251211_123405_edited-scaled.jpg\",\"datePublished\":\"2025-12-05T15:48:41+00:00\",\"dateModified\":\"2025-12-15T16:19:32+00:00\",\"breadcrumb\":{\"@id\":\"https:\/\/www.cofb.org\/2025\/12\/05\/el-x-concurs-de-fotografia-del-cofb-ja-te-guanyadors\/#breadcrumb\"},\"inLanguage\":\"es\",\"potentialAction\":[{\"@type\":\"ReadAction\",\"target\":[\"https:\/\/www.cofb.org\/2025\/12\/05\/el-x-concurs-de-fotografia-del-cofb-ja-te-guanyadors\/\"]}]},{\"@type\":\"ImageObject\",\"inLanguage\":\"es\",\"@id\":\"https:\/\/www.cofb.org\/2025\/12\/05\/el-x-concurs-de-fotografia-del-cofb-ja-te-guanyadors\/#primaryimage\",\"url\":\"https:\/\/www.cofb.org\/wp-content\/uploads\/2025\/12\/DESTACADA-IMG_20251211_123405_edited-scaled.jpg\",\"contentUrl\":\"https:\/\/www.cofb.org\/wp-content\/uploads\/2025\/12\/DESTACADA-IMG_20251211_123405_edited-scaled.jpg\",\"width\":2560,\"height\":1441},{\"@type\":\"BreadcrumbList\",\"@id\":\"https:\/\/www.cofb.org\/2025\/12\/05\/el-x-concurs-de-fotografia-del-cofb-ja-te-guanyadors\/#breadcrumb\",\"itemListElement\":[{\"@type\":\"ListItem\",\"position\":1,\"name\":\"Inici\",\"item\":\"https:\/\/novaorg.cofb.net\/\"},{\"@type\":\"ListItem\",\"position\":2,\"name\":\"El X concurs de fotografia del COFB ja t\u00e9 guanyadors\"}]},{\"@type\":\"WebSite\",\"@id\":\"https:\/\/www.cofb.org\/#website\",\"url\":\"https:\/\/www.cofb.org\/\",\"name\":\"Col\u00b7legi de Farmac\u00e8utics de Barcelona\",\"description\":\"\",\"publisher\":{\"@id\":\"https:\/\/www.cofb.org\/#organization\"},\"potentialAction\":[{\"@type\":\"SearchAction\",\"target\":{\"@type\":\"EntryPoint\",\"urlTemplate\":\"https:\/\/www.cofb.org\/?s={search_term_string}\"},\"query-input\":\"required name=search_term_string\"}],\"inLanguage\":\"es\"},{\"@type\":\"Organization\",\"@id\":\"https:\/\/www.cofb.org\/#organization\",\"name\":\"Col\u00b7legi de Farmac\u00e8utics de Barcelona\",\"url\":\"https:\/\/www.cofb.org\/\",\"logo\":{\"@type\":\"ImageObject\",\"inLanguage\":\"es\",\"@id\":\"https:\/\/www.cofb.org\/#\/schema\/logo\/image\/\",\"url\":\"https:\/\/www.cofb.org\/wp-content\/uploads\/2023\/11\/cropped-Logotip-COFB.png\",\"contentUrl\":\"https:\/\/www.cofb.org\/wp-content\/uploads\/2023\/11\/cropped-Logotip-COFB.png\",\"width\":500,\"height\":105,\"caption\":\"Col\u00b7legi de Farmac\u00e8utics de Barcelona\"},\"image\":{\"@id\":\"https:\/\/www.cofb.org\/#\/schema\/logo\/image\/\"},\"sameAs\":[\"https:\/\/www.facebook.com\/farmaceuticsbcn\/\",\"https:\/\/twitter.com\/farmaceuticsbcn\",\"https:\/\/www.instagram.com\/farmaceuticsbcn\/\",\"https:\/\/www.linkedin.com\/company\/farmaceuticsbcn\/\"]},{\"@type\":\"Person\",\"@id\":\"https:\/\/www.cofb.org\/#\/schema\/person\/e46d741cfb92c985a083d163d8270ae4\",\"name\":\"Xavier Magraner\",\"image\":{\"@type\":\"ImageObject\",\"inLanguage\":\"es\",\"@id\":\"https:\/\/www.cofb.org\/#\/schema\/person\/image\/\",\"url\":\"https:\/\/secure.gravatar.com\/avatar\/aa0d1d4df59f71f88eebd5796c5388ff41c58d83c5301eb6e1d65646a289c37d?s=96&d=mm&r=g\",\"contentUrl\":\"https:\/\/secure.gravatar.com\/avatar\/aa0d1d4df59f71f88eebd5796c5388ff41c58d83c5301eb6e1d65646a289c37d?s=96&d=mm&r=g\",\"caption\":\"Xavier Magraner\"},\"url\":\"https:\/\/www.cofb.org\/es\/author\/xmagraner\/\"}]}<\/script>\n<!-- \/ Yoast SEO plugin. -->","yoast_head_json":{"title":"El X concurs de fotografia del COFB ja t\u00e9 guanyadors - Col\u00b7legi de Farmac\u00e8utics de Barcelona","robots":{"index":"index","follow":"follow","max-snippet":"max-snippet:-1","max-image-preview":"max-image-preview:large","max-video-preview":"max-video-preview:-1"},"canonical":"https:\/\/www.cofb.org\/es\/2025\/12\/05\/el-x-concurs-de-fotografia-del-cofb-ja-te-guanyadors\/","og_locale":"es_ES","og_type":"article","og_title":"El X concurs de fotografia del COFB ja t\u00e9 guanyadors - Col\u00b7legi de Farmac\u00e8utics de Barcelona","og_description":"El jurat de la X edici\u00f3 del Concurs de Fotografia del Col\u00b7legi de Farmac\u00e8utics de Barcelona (COFB) va donar a con\u00e8ixer els guanyadors d&#8217;aquesta edici\u00f3 del concurs, sota la tem\u00e0tica &#8220;Portes, finestres&#8221;. Categoria de fotografia en color En la categoria de fotografia en color, Montserrat Cucarull va resultar guanyadora amb [&hellip;]","og_url":"https:\/\/www.cofb.org\/es\/2025\/12\/05\/el-x-concurs-de-fotografia-del-cofb-ja-te-guanyadors\/","og_site_name":"Col\u00b7legi de Farmac\u00e8utics de Barcelona","article_publisher":"https:\/\/www.facebook.com\/farmaceuticsbcn\/","article_published_time":"2025-12-05T15:48:41+00:00","article_modified_time":"2025-12-15T16:19:32+00:00","og_image":[{"width":2560,"height":1441,"url":"https:\/\/www.cofb.org\/wp-content\/uploads\/2025\/12\/DESTACADA-IMG_20251211_123405_edited-scaled.jpg","type":"image\/jpeg"}],"author":"Xavier Magraner","twitter_card":"summary_large_image","twitter_creator":"@farmaceuticsbcn","twitter_site":"@farmaceuticsbcn","twitter_misc":{"Escrito por":"Xavier Magraner","Tiempo de lectura":"21 minutos"},"schema":{"@context":"https:\/\/schema.org","@graph":[{"@type":"Article","@id":"https:\/\/www.cofb.org\/2025\/12\/05\/el-x-concurs-de-fotografia-del-cofb-ja-te-guanyadors\/#article","isPartOf":{"@id":"https:\/\/www.cofb.org\/2025\/12\/05\/el-x-concurs-de-fotografia-del-cofb-ja-te-guanyadors\/"},"author":{"name":"Xavier Magraner","@id":"https:\/\/www.cofb.org\/#\/schema\/person\/e46d741cfb92c985a083d163d8270ae4"},"headline":"El X concurs de fotografia del COFB ja t\u00e9 guanyadors","datePublished":"2025-12-05T15:48:41+00:00","dateModified":"2025-12-15T16:19:32+00:00","mainEntityOfPage":{"@id":"https:\/\/www.cofb.org\/2025\/12\/05\/el-x-concurs-de-fotografia-del-cofb-ja-te-guanyadors\/"},"wordCount":413,"publisher":{"@id":"https:\/\/www.cofb.org\/#organization"},"image":{"@id":"https:\/\/www.cofb.org\/2025\/12\/05\/el-x-concurs-de-fotografia-del-cofb-ja-te-guanyadors\/#primaryimage"},"thumbnailUrl":"https:\/\/www.cofb.org\/wp-content\/uploads\/2025\/12\/DESTACADA-IMG_20251211_123405_edited-scaled.jpg","keywords":["COFB","concurs fotografia","concurs fotogr\u00e0fic","fotografia","Secci\u00f3 de Fotografia del Col\u00b7legi de Farmac\u00e8utics de Barcelona"],"articleSection":["Destacats","Secci\u00f3 de fotografia del COFB"],"inLanguage":"es"},{"@type":"WebPage","@id":"https:\/\/www.cofb.org\/2025\/12\/05\/el-x-concurs-de-fotografia-del-cofb-ja-te-guanyadors\/","url":"https:\/\/www.cofb.org\/2025\/12\/05\/el-x-concurs-de-fotografia-del-cofb-ja-te-guanyadors\/","name":"El X concurs de fotografia del COFB ja t\u00e9 guanyadors - Col\u00b7legi de Farmac\u00e8utics de Barcelona","isPartOf":{"@id":"https:\/\/www.cofb.org\/#website"},"primaryImageOfPage":{"@id":"https:\/\/www.cofb.org\/2025\/12\/05\/el-x-concurs-de-fotografia-del-cofb-ja-te-guanyadors\/#primaryimage"},"image":{"@id":"https:\/\/www.cofb.org\/2025\/12\/05\/el-x-concurs-de-fotografia-del-cofb-ja-te-guanyadors\/#primaryimage"},"thumbnailUrl":"https:\/\/www.cofb.org\/wp-content\/uploads\/2025\/12\/DESTACADA-IMG_20251211_123405_edited-scaled.jpg","datePublished":"2025-12-05T15:48:41+00:00","dateModified":"2025-12-15T16:19:32+00:00","breadcrumb":{"@id":"https:\/\/www.cofb.org\/2025\/12\/05\/el-x-concurs-de-fotografia-del-cofb-ja-te-guanyadors\/#breadcrumb"},"inLanguage":"es","potentialAction":[{"@type":"ReadAction","target":["https:\/\/www.cofb.org\/2025\/12\/05\/el-x-concurs-de-fotografia-del-cofb-ja-te-guanyadors\/"]}]},{"@type":"ImageObject","inLanguage":"es","@id":"https:\/\/www.cofb.org\/2025\/12\/05\/el-x-concurs-de-fotografia-del-cofb-ja-te-guanyadors\/#primaryimage","url":"https:\/\/www.cofb.org\/wp-content\/uploads\/2025\/12\/DESTACADA-IMG_20251211_123405_edited-scaled.jpg","contentUrl":"https:\/\/www.cofb.org\/wp-content\/uploads\/2025\/12\/DESTACADA-IMG_20251211_123405_edited-scaled.jpg","width":2560,"height":1441},{"@type":"BreadcrumbList","@id":"https:\/\/www.cofb.org\/2025\/12\/05\/el-x-concurs-de-fotografia-del-cofb-ja-te-guanyadors\/#breadcrumb","itemListElement":[{"@type":"ListItem","position":1,"name":"Inici","item":"https:\/\/novaorg.cofb.net\/"},{"@type":"ListItem","position":2,"name":"El X concurs de fotografia del COFB ja t\u00e9 guanyadors"}]},{"@type":"WebSite","@id":"https:\/\/www.cofb.org\/#website","url":"https:\/\/www.cofb.org\/","name":"Col\u00b7legi de Farmac\u00e8utics de Barcelona","description":"","publisher":{"@id":"https:\/\/www.cofb.org\/#organization"},"potentialAction":[{"@type":"SearchAction","target":{"@type":"EntryPoint","urlTemplate":"https:\/\/www.cofb.org\/?s={search_term_string}"},"query-input":"required name=search_term_string"}],"inLanguage":"es"},{"@type":"Organization","@id":"https:\/\/www.cofb.org\/#organization","name":"Col\u00b7legi de Farmac\u00e8utics de Barcelona","url":"https:\/\/www.cofb.org\/","logo":{"@type":"ImageObject","inLanguage":"es","@id":"https:\/\/www.cofb.org\/#\/schema\/logo\/image\/","url":"https:\/\/www.cofb.org\/wp-content\/uploads\/2023\/11\/cropped-Logotip-COFB.png","contentUrl":"https:\/\/www.cofb.org\/wp-content\/uploads\/2023\/11\/cropped-Logotip-COFB.png","width":500,"height":105,"caption":"Col\u00b7legi de Farmac\u00e8utics de Barcelona"},"image":{"@id":"https:\/\/www.cofb.org\/#\/schema\/logo\/image\/"},"sameAs":["https:\/\/www.facebook.com\/farmaceuticsbcn\/","https:\/\/twitter.com\/farmaceuticsbcn","https:\/\/www.instagram.com\/farmaceuticsbcn\/","https:\/\/www.linkedin.com\/company\/farmaceuticsbcn\/"]},{"@type":"Person","@id":"https:\/\/www.cofb.org\/#\/schema\/person\/e46d741cfb92c985a083d163d8270ae4","name":"Xavier Magraner","image":{"@type":"ImageObject","inLanguage":"es","@id":"https:\/\/www.cofb.org\/#\/schema\/person\/image\/","url":"https:\/\/secure.gravatar.com\/avatar\/aa0d1d4df59f71f88eebd5796c5388ff41c58d83c5301eb6e1d65646a289c37d?s=96&d=mm&r=g","contentUrl":"https:\/\/secure.gravatar.com\/avatar\/aa0d1d4df59f71f88eebd5796c5388ff41c58d83c5301eb6e1d65646a289c37d?s=96&d=mm&r=g","caption":"Xavier Magraner"},"url":"https:\/\/www.cofb.org\/es\/author\/xmagraner\/"}]}},"uagb_featured_image_src":{"full":["https:\/\/www.cofb.org\/wp-content\/uploads\/2025\/12\/DESTACADA-IMG_20251211_123405_edited-scaled.jpg",2560,1441,false],"thumbnail":["https:\/\/www.cofb.org\/wp-content\/uploads\/2025\/12\/DESTACADA-IMG_20251211_123405_edited-150x150.jpg",150,150,true],"medium":["https:\/\/www.cofb.org\/wp-content\/uploads\/2025\/12\/DESTACADA-IMG_20251211_123405_edited-300x169.jpg",300,169,true],"medium_large":["https:\/\/www.cofb.org\/wp-content\/uploads\/2025\/12\/DESTACADA-IMG_20251211_123405_edited-768x432.jpg",768,432,true],"large":["https:\/\/www.cofb.org\/wp-content\/uploads\/2025\/12\/DESTACADA-IMG_20251211_123405_edited-1024x576.jpg",1024,576,true],"1536x1536":["https:\/\/www.cofb.org\/wp-content\/uploads\/2025\/12\/DESTACADA-IMG_20251211_123405_edited-1536x864.jpg",1536,864,true],"2048x2048":["https:\/\/www.cofb.org\/wp-content\/uploads\/2025\/12\/DESTACADA-IMG_20251211_123405_edited-2048x1153.jpg",2048,1153,true],"trp-custom-language-flag":["https:\/\/www.cofb.org\/wp-content\/uploads\/2025\/12\/DESTACADA-IMG_20251211_123405_edited-18x10.jpg",18,10,true]},"uagb_author_info":{"display_name":"Xavier Magraner","author_link":"https:\/\/www.cofb.org\/es\/author\/xmagraner\/"},"uagb_comment_info":0,"uagb_excerpt":"El jurat de la X edici\u00f3 del Concurs de Fotografia del Col\u00b7legi de Farmac\u00e8utics de Barcelona (COFB) va donar a con\u00e8ixer els guanyadors d&#8217;aquesta edici\u00f3 del concurs, sota la tem\u00e0tica &#8220;Portes, finestres&#8221;. Categoria de fotografia en color En la categoria de fotografia en color, Montserrat Cucarull va resultar guanyadora amb [&hellip;]","_links":{"self":[{"href":"https:\/\/www.cofb.org\/es\/wp-json\/wp\/v2\/posts\/83070","targetHints":{"allow":["GET"]}}],"collection":[{"href":"https:\/\/www.cofb.org\/es\/wp-json\/wp\/v2\/posts"}],"about":[{"href":"https:\/\/www.cofb.org\/es\/wp-json\/wp\/v2\/types\/post"}],"author":[{"embeddable":true,"href":"https:\/\/www.cofb.org\/es\/wp-json\/wp\/v2\/users\/10"}],"replies":[{"embeddable":true,"href":"https:\/\/www.cofb.org\/es\/wp-json\/wp\/v2\/comments?post=83070"}],"version-history":[{"count":27,"href":"https:\/\/www.cofb.org\/es\/wp-json\/wp\/v2\/posts\/83070\/revisions"}],"predecessor-version":[{"id":83362,"href":"https:\/\/www.cofb.org\/es\/wp-json\/wp\/v2\/posts\/83070\/revisions\/83362"}],"wp:featuredmedia":[{"embeddable":true,"href":"https:\/\/www.cofb.org\/es\/wp-json\/wp\/v2\/media\/83338"}],"wp:attachment":[{"href":"https:\/\/www.cofb.org\/es\/wp-json\/wp\/v2\/media?parent=83070"}],"wp:term":[{"taxonomy":"category","embeddable":true,"href":"https:\/\/www.cofb.org\/es\/wp-json\/wp\/v2\/categories?post=83070"},{"taxonomy":"post_tag","embeddable":true,"href":"https:\/\/www.cofb.org\/es\/wp-json\/wp\/v2\/tags?post=83070"}],"curies":[{"name":"wp","href":"https:\/\/api.w.org\/{rel}","templated":true}]}}