{"id":82954,"date":"2025-12-03T12:48:47","date_gmt":"2025-12-03T12:48:47","guid":{"rendered":"https:\/\/www.cofb.org\/?p=82954"},"modified":"2025-12-12T13:03:14","modified_gmt":"2025-12-12T13:03:14","slug":"manresa-acull-una-nova-edicio-del-taller-de-productes-de-suport-dautonomia-personal","status":"publish","type":"post","link":"https:\/\/www.cofb.org\/es\/2025\/12\/03\/manresa-acull-una-nova-edicio-del-taller-de-productes-de-suport-dautonomia-personal\/","title":{"rendered":"Manresa acoge una nueva edici\u00f3n del taller de productos de soporte de autonom\u00eda personal"},"content":{"rendered":"<p>El pasado 20 de noviembre, el <strong>Col\u00b7legi de Farmac\u00e8utics de Barcelona <\/strong>(COFB) organiz\u00f3 en la ciudad de <strong>Manresa <\/strong>el \u201c<strong>Taller de productos de soporte de autonom\u00eda personal<\/strong>\u201d, con el patrocinio de <a href=\"https:\/\/www.prim.es\/\" target=\"_blank\" rel=\"noreferrer noopener\">DELGADO<\/a>. La sesi\u00f3n corri\u00f3 a cargo de la terapeuta ocupacional y especialista en productos de movilidad Prim-Teyder,<strong> Ana Bonilla<\/strong>. El taller fue coordinado por <strong>Luis Garc\u00eda<\/strong>, vocal de Ortopedia del COFB.<\/p>\n\n\n\n<figure class=\"wp-block-image size-large\"><a href=\"https:\/\/www.cofb.org\/wp-content\/uploads\/2025\/11\/TALLERS_AUTONOMIA_COFB_25112025_01-scaled.jpg\" target=\"_blank\" rel=\" noreferrer noopener\"><img fetchpriority=\"high\" decoding=\"async\" width=\"1024\" height=\"577\" src=\"https:\/\/www.cofb.org\/wp-content\/uploads\/2025\/11\/TALLERS_AUTONOMIA_COFB_25112025_01-1024x577.jpg\" alt=\"\" class=\"wp-image-82972\" srcset=\"https:\/\/www.cofb.org\/wp-content\/uploads\/2025\/11\/TALLERS_AUTONOMIA_COFB_25112025_01-1024x577.jpg 1024w, https:\/\/www.cofb.org\/wp-content\/uploads\/2025\/11\/TALLERS_AUTONOMIA_COFB_25112025_01-300x169.jpg 300w, https:\/\/www.cofb.org\/wp-content\/uploads\/2025\/11\/TALLERS_AUTONOMIA_COFB_25112025_01-768x432.jpg 768w, https:\/\/www.cofb.org\/wp-content\/uploads\/2025\/11\/TALLERS_AUTONOMIA_COFB_25112025_01-1536x865.jpg 1536w, https:\/\/www.cofb.org\/wp-content\/uploads\/2025\/11\/TALLERS_AUTONOMIA_COFB_25112025_01-2048x1153.jpg 2048w, https:\/\/www.cofb.org\/wp-content\/uploads\/2025\/11\/TALLERS_AUTONOMIA_COFB_25112025_01-18x10.jpg 18w\" sizes=\"(max-width: 1024px) 100vw, 1024px\" \/><\/a><figcaption class=\"wp-element-caption\">Manresa acogi\u00f3 una nueva edici\u00f3n de la formaci\u00f3n &quot;Taller de productos de apoyo de autonom\u00eda personal&quot;<\/figcaption><\/figure>\n\n\n\n<p>Los principales objetivos de la sesi\u00f3n formativa fueron que el farmac\u00e9utico\/a<strong> identifique las necesidades de los pacientes<\/strong>, <strong>conocer las caracter\u00edsticas<\/strong> y funcionalidades de los diferentes productos de soporte para la autonom\u00eda personal, saber <strong>recomendar y aconsejar <\/strong>lo correcto <strong>uso de estos productos<\/strong> y conocer las <strong>claves para gestionar la categor\u00eda<\/strong>.<\/p>\n\n\n\n<h2 class=\"wp-block-heading\">Grados de discapacidad y productos de apoyo<\/h2>\n\n\n\n<p>Bonilla comenz\u00f3 la sesi\u00f3n diferenciando una <strong>persona con discapacidad<\/strong> y otro con <strong>dependencia<\/strong>: \u201cEl primer caso se entiende como el d\u00e9ficit en el <strong>funcionamiento corporal o mental<\/strong>, o el funcionamiento diferente de una persona respecto a otros con las mismas caracter\u00edsticas o responsabilidades&quot;. En cuanto a la dependencia, &quot;es<strong> el estado en el que las personas<\/strong>, debido a la <strong>p\u00e9rdida de autonom\u00eda f\u00edsica<\/strong>, <strong>psicol\u00f3gica <\/strong>o <strong>intelectual<\/strong>, necesitan ayuda importante y asistencia para poder llevar a cabo las<strong> sus actividades diarias<\/strong>\u201d.<\/p>\n\n\n\n<p>Despu\u00e9s de valorar los <strong>diferentes grados de discapacidad<\/strong>, desde el 0 hasta el 4, la <strong>terapeuta ocupacional<\/strong> dej\u00f3 claro que \u201cla <strong>dependencia <\/strong>puede aparecer en cualquier momento de la vida, aunque <strong>la evidencia emp\u00edrica disponible <\/strong>muestra una estrecha <strong>relaci\u00f3n <\/strong>entre la <strong>dependencia y el avance de la edad<\/strong>&quot;. Dependiendo del grado que el paciente sufra, se especificaron los diferentes productos de apoyo que se pueden usar en acciones diarias como es andar: &quot;Existen los bastones, andadores, la silla de ruedas o la silla de ruedas el\u00e9ctrica&quot;. En cuanto a la elecci\u00f3n del material, &quot;la principal diferencia se basa en el peso. Cuanto m\u00e1s activo es un usuario, m\u00e1s ligera debe ser la silla. Cuanto mayor peso tenga el usuario, m\u00e1s resistente deber\u00e1 ser el material\u201d.<\/p>\n\n\n\n<figure class=\"wp-block-image size-large\"><a href=\"https:\/\/www.cofb.org\/wp-content\/uploads\/2025\/11\/TALLERS_AUTONOMIA_COFB_25112025_02-scaled.jpg\" target=\"_blank\" rel=\" noreferrer noopener\"><img decoding=\"async\" width=\"1024\" height=\"577\" src=\"https:\/\/www.cofb.org\/wp-content\/uploads\/2025\/11\/TALLERS_AUTONOMIA_COFB_25112025_02-1024x577.jpg\" alt=\"\" class=\"wp-image-82973\" srcset=\"https:\/\/www.cofb.org\/wp-content\/uploads\/2025\/11\/TALLERS_AUTONOMIA_COFB_25112025_02-1024x577.jpg 1024w, https:\/\/www.cofb.org\/wp-content\/uploads\/2025\/11\/TALLERS_AUTONOMIA_COFB_25112025_02-300x169.jpg 300w, https:\/\/www.cofb.org\/wp-content\/uploads\/2025\/11\/TALLERS_AUTONOMIA_COFB_25112025_02-768x432.jpg 768w, https:\/\/www.cofb.org\/wp-content\/uploads\/2025\/11\/TALLERS_AUTONOMIA_COFB_25112025_02-1536x865.jpg 1536w, https:\/\/www.cofb.org\/wp-content\/uploads\/2025\/11\/TALLERS_AUTONOMIA_COFB_25112025_02-2048x1153.jpg 2048w, https:\/\/www.cofb.org\/wp-content\/uploads\/2025\/11\/TALLERS_AUTONOMIA_COFB_25112025_02-18x10.jpg 18w\" sizes=\"(max-width: 1024px) 100vw, 1024px\" \/><\/a><figcaption class=\"wp-element-caption\">Ana Bonilla ense\u00f1ando de forma pr\u00e1ctica c\u00f3mo funcionan los diferentes dispositivos<\/figcaption><\/figure>\n\n\n\n<p>A la hora de <strong>recomendar diferentes productos de apoyo<\/strong>, Bonilla explic\u00f3 una gu\u00eda pr\u00e1ctica para tener en cuenta entre los farmac\u00e9uticos: \u201cPrimero se lleva a cabo una <strong>evaluaci\u00f3n inicial <\/strong>que permite identificar la necesidad y el objeto<strong>, la evaluaci\u00f3n de la persona <\/strong>y <strong>el an\u00e1lisis de su entorno<\/strong>\u201d. <strong>selecci\u00f3n del producto<\/strong> es el siguiente paso, donde \u201cse analiza la <strong>seguridad<\/strong>, <strong>efectividad<\/strong>, <strong>flexibilidad<\/strong>, la <strong>simplicidad <\/strong>de su uso, los <strong>materiales <\/strong>y <strong>mantenimiento<\/strong>&quot;. Finalmente, &quot;la prueba y el ajuste del producto permite testarlo y llevar a cabo<strong> ajustes necesarios<\/strong> para optimizar su uso\u201d.<\/p>\n\n\n\n<h2 class=\"wp-block-heading\">Ayudas y subvenciones<\/h2>\n\n\n\n<p>Para concluir, Bonilla abord\u00f3 las distintas<strong> ayudas y subvenciones <\/strong>que pueden pedir las personas afectadas: \u201cTodos los usuarios del <strong>Sistema Nacional de Salud (SNS)<\/strong> tendr\u00e1n acceso al <strong>cat\u00e1logo com\u00fan<\/strong>, siempre que exista una indicaci\u00f3n cl\u00ednica y sanitaria para ello, con independencia del \u00e1mbito geogr\u00e1fico en el que se encuentren. Esta prestaci\u00f3n se facilitar\u00e1 por los servicios de salud o dar\u00e1 lugar a ayudas econ\u00f3micas&quot;. En esta \u00faltima parte de la sesi\u00f3n, comparti\u00f3 que &quot;las comunidades aut\u00f3nomas ofrecen de forma anual convocatorias para<strong> la adquisici\u00f3n y cesi\u00f3n de productos de soporte<\/strong>, que incluyen subvenciones individuales con el fin de facilitar y promover la autonom\u00eda de personas con problemas motores o sensoriales\u201d.<\/p>\n\n\n\n<p class=\"has-text-align-right\"><strong>Con el patrocinio de:<\/strong><\/p>\n\n\n\n<figure class=\"wp-block-image alignright size-full\"><a href=\"https:\/\/www.prim.es\/\" target=\"_blank\" rel=\"noreferrer noopener\"><img decoding=\"async\" width=\"150\" height=\"71\" src=\"https:\/\/www.cofb.org\/wp-content\/uploads\/2025\/06\/logo-prim.png\" alt=\"\" class=\"wp-image-81456\" srcset=\"https:\/\/www.cofb.org\/wp-content\/uploads\/2025\/06\/logo-prim.png 150w, https:\/\/www.cofb.org\/wp-content\/uploads\/2025\/06\/logo-prim-18x9.png 18w\" sizes=\"(max-width: 150px) 100vw, 150px\" \/><\/a><\/figure>","protected":false},"excerpt":{"rendered":"<p>El pasado 20 de noviembre, el Colegio de Farmac\u00e9uticos de Barcelona (COFB) organiz\u00f3 en la ciudad de Manresa el \u201cTaller de productos de soporte de autonom\u00eda personal\u201d, con el patrocinio de PRIM. La sesi\u00f3n corri\u00f3 a cargo de la terapeuta ocupacional y especialista en productos de movilidad Prim-Teyder, Ana [\u2026]<\/p>","protected":false},"author":10,"featured_media":82975,"comment_status":"closed","ping_status":"closed","sticky":false,"template":"","format":"standard","meta":{"_uag_custom_page_level_css":"","site-sidebar-layout":"default","site-content-layout":"","ast-site-content-layout":"default","site-content-style":"default","site-sidebar-style":"default","ast-global-header-display":"","ast-banner-title-visibility":"","ast-main-header-display":"","ast-hfb-above-header-display":"","ast-hfb-below-header-display":"","ast-hfb-mobile-header-display":"","site-post-title":"","ast-breadcrumbs-content":"","ast-featured-img":"disabled","footer-sml-layout":"","theme-transparent-header-meta":"","adv-header-id-meta":"","stick-header-meta":"","header-above-stick-meta":"","header-main-stick-meta":"","header-below-stick-meta":"","astra-migrate-meta-layouts":"set","ast-page-background-enabled":"default","ast-page-background-meta":{"desktop":{"background-color":"var(--ast-global-color-4)","background-image":"","background-repeat":"repeat","background-position":"center center","background-size":"auto","background-attachment":"scroll","background-type":"","background-media":"","overlay-type":"","overlay-color":"","overlay-opacity":"","overlay-gradient":""},"tablet":{"background-color":"","background-image":"","background-repeat":"repeat","background-position":"center center","background-size":"auto","background-attachment":"scroll","background-type":"","background-media":"","overlay-type":"","overlay-color":"","overlay-opacity":"","overlay-gradient":""},"mobile":{"background-color":"","background-image":"","background-repeat":"repeat","background-position":"center center","background-size":"auto","background-attachment":"scroll","background-type":"","background-media":"","overlay-type":"","overlay-color":"","overlay-opacity":"","overlay-gradient":""}},"ast-content-background-meta":{"desktop":{"background-color":"var(--ast-global-color-5)","background-image":"","background-repeat":"repeat","background-position":"center center","background-size":"auto","background-attachment":"scroll","background-type":"","background-media":"","overlay-type":"","overlay-color":"","overlay-opacity":"","overlay-gradient":""},"tablet":{"background-color":"var(--ast-global-color-5)","background-image":"","background-repeat":"repeat","background-position":"center center","background-size":"auto","background-attachment":"scroll","background-type":"","background-media":"","overlay-type":"","overlay-color":"","overlay-opacity":"","overlay-gradient":""},"mobile":{"background-color":"var(--ast-global-color-5)","background-image":"","background-repeat":"repeat","background-position":"center center","background-size":"auto","background-attachment":"scroll","background-type":"","background-media":"","overlay-type":"","overlay-color":"","overlay-opacity":"","overlay-gradient":""}},"footnotes":""},"categories":[23,57],"tags":[5410,18,19,70,5409,103,5385,318,206],"class_list":["post-82954","post","type-post","status-publish","format-standard","has-post-thumbnail","hentry","category-destacats","category-mon-collegial","tag-autonomia-personal","tag-cofb","tag-collegi-de-farmaceutics-de-barcelona","tag-formacio","tag-manresa","tag-ortopedia","tag-productes-de-suport","tag-promocio-de-la-salut","tag-taller"],"yoast_head":"<!-- This site is optimized with the Yoast SEO plugin v22.4 - https:\/\/yoast.com\/wordpress\/plugins\/seo\/ -->\n<title>Manresa acull una nova edici\u00f3 del taller de productes de suport d\u2019autonomia personal - Col\u00b7legi de Farmac\u00e8utics de Barcelona<\/title>\n<meta name=\"description\" content=\"El COFB organitza a Manresa el &quot;Taller de productes de suport d\u2019autonomia personal\u201d, amb el patrocini de Prim\" \/>\n<meta name=\"robots\" content=\"index, follow, max-snippet:-1, max-image-preview:large, max-video-preview:-1\" \/>\n<link rel=\"canonical\" href=\"https:\/\/www.cofb.org\/es\/2025\/12\/03\/manresa-acull-una-nova-edicio-del-taller-de-productes-de-suport-dautonomia-personal\/\" \/>\n<meta property=\"og:locale\" content=\"es_ES\" \/>\n<meta property=\"og:type\" content=\"article\" \/>\n<meta property=\"og:title\" content=\"Manresa acull una nova edici\u00f3 del taller de productes de suport d\u2019autonomia personal - Col\u00b7legi de Farmac\u00e8utics de Barcelona\" \/>\n<meta property=\"og:description\" content=\"El COFB organitza a Manresa el &quot;Taller de productes de suport d\u2019autonomia personal\u201d, amb el patrocini de Prim\" \/>\n<meta property=\"og:url\" content=\"https:\/\/www.cofb.org\/es\/2025\/12\/03\/manresa-acull-una-nova-edicio-del-taller-de-productes-de-suport-dautonomia-personal\/\" \/>\n<meta property=\"og:site_name\" content=\"Col\u00b7legi de Farmac\u00e8utics de Barcelona\" \/>\n<meta property=\"article:publisher\" content=\"https:\/\/www.facebook.com\/farmaceuticsbcn\/\" \/>\n<meta property=\"article:published_time\" content=\"2025-12-03T12:48:47+00:00\" \/>\n<meta property=\"article:modified_time\" content=\"2025-12-12T13:03:14+00:00\" \/>\n<meta property=\"og:image\" content=\"https:\/\/www.cofb.org\/wp-content\/uploads\/2025\/11\/TALLERS_AUTONOMIA_COFB_25112025_03-scaled.jpg\" \/>\n\t<meta property=\"og:image:width\" content=\"2560\" \/>\n\t<meta property=\"og:image:height\" content=\"1442\" \/>\n\t<meta property=\"og:image:type\" content=\"image\/jpeg\" \/>\n<meta name=\"author\" content=\"Xavier Magraner\" \/>\n<meta name=\"twitter:card\" content=\"summary_large_image\" \/>\n<meta name=\"twitter:creator\" content=\"@farmaceuticsbcn\" \/>\n<meta name=\"twitter:site\" content=\"@farmaceuticsbcn\" \/>\n<meta name=\"twitter:label1\" content=\"Escrito por\" \/>\n\t<meta name=\"twitter:data1\" content=\"Xavier Magraner\" \/>\n\t<meta name=\"twitter:label2\" content=\"Tiempo de lectura\" \/>\n\t<meta name=\"twitter:data2\" content=\"4 minutos\" \/>\n<script type=\"application\/ld+json\" class=\"yoast-schema-graph\">{\"@context\":\"https:\/\/schema.org\",\"@graph\":[{\"@type\":\"Article\",\"@id\":\"https:\/\/www.cofb.org\/2025\/12\/03\/manresa-acull-una-nova-edicio-del-taller-de-productes-de-suport-dautonomia-personal\/#article\",\"isPartOf\":{\"@id\":\"https:\/\/www.cofb.org\/2025\/12\/03\/manresa-acull-una-nova-edicio-del-taller-de-productes-de-suport-dautonomia-personal\/\"},\"author\":{\"name\":\"Xavier Magraner\",\"@id\":\"https:\/\/www.cofb.org\/#\/schema\/person\/e46d741cfb92c985a083d163d8270ae4\"},\"headline\":\"Manresa acull una nova edici\u00f3 del taller de productes de suport d\u2019autonomia personal\",\"datePublished\":\"2025-12-03T12:48:47+00:00\",\"dateModified\":\"2025-12-12T13:03:14+00:00\",\"mainEntityOfPage\":{\"@id\":\"https:\/\/www.cofb.org\/2025\/12\/03\/manresa-acull-una-nova-edicio-del-taller-de-productes-de-suport-dautonomia-personal\/\"},\"wordCount\":643,\"publisher\":{\"@id\":\"https:\/\/www.cofb.org\/#organization\"},\"image\":{\"@id\":\"https:\/\/www.cofb.org\/2025\/12\/03\/manresa-acull-una-nova-edicio-del-taller-de-productes-de-suport-dautonomia-personal\/#primaryimage\"},\"thumbnailUrl\":\"https:\/\/www.cofb.org\/wp-content\/uploads\/2025\/11\/TALLERS_AUTONOMIA_COFB_25112025_03-scaled.jpg\",\"keywords\":[\"autonomia personal\",\"COFB\",\"Col\u00b7legi de Farmac\u00e8utics de Barcelona\",\"Formaci\u00f3\",\"manresa\",\"Ortop\u00e8dia\",\"productes de suport\",\"promoci\u00f3 de la salut\",\"taller\"],\"articleSection\":[\"Destacats\",\"M\u00f3n col\u00b7legial\"],\"inLanguage\":\"es\"},{\"@type\":\"WebPage\",\"@id\":\"https:\/\/www.cofb.org\/2025\/12\/03\/manresa-acull-una-nova-edicio-del-taller-de-productes-de-suport-dautonomia-personal\/\",\"url\":\"https:\/\/www.cofb.org\/2025\/12\/03\/manresa-acull-una-nova-edicio-del-taller-de-productes-de-suport-dautonomia-personal\/\",\"name\":\"Manresa acull una nova edici\u00f3 del taller de productes de suport d\u2019autonomia personal - Col\u00b7legi de Farmac\u00e8utics de Barcelona\",\"isPartOf\":{\"@id\":\"https:\/\/www.cofb.org\/#website\"},\"primaryImageOfPage\":{\"@id\":\"https:\/\/www.cofb.org\/2025\/12\/03\/manresa-acull-una-nova-edicio-del-taller-de-productes-de-suport-dautonomia-personal\/#primaryimage\"},\"image\":{\"@id\":\"https:\/\/www.cofb.org\/2025\/12\/03\/manresa-acull-una-nova-edicio-del-taller-de-productes-de-suport-dautonomia-personal\/#primaryimage\"},\"thumbnailUrl\":\"https:\/\/www.cofb.org\/wp-content\/uploads\/2025\/11\/TALLERS_AUTONOMIA_COFB_25112025_03-scaled.jpg\",\"datePublished\":\"2025-12-03T12:48:47+00:00\",\"dateModified\":\"2025-12-12T13:03:14+00:00\",\"description\":\"El COFB organitza a Manresa el \\\"Taller de productes de suport d\u2019autonomia personal\u201d, amb el patrocini de Prim\",\"breadcrumb\":{\"@id\":\"https:\/\/www.cofb.org\/2025\/12\/03\/manresa-acull-una-nova-edicio-del-taller-de-productes-de-suport-dautonomia-personal\/#breadcrumb\"},\"inLanguage\":\"es\",\"potentialAction\":[{\"@type\":\"ReadAction\",\"target\":[\"https:\/\/www.cofb.org\/2025\/12\/03\/manresa-acull-una-nova-edicio-del-taller-de-productes-de-suport-dautonomia-personal\/\"]}]},{\"@type\":\"ImageObject\",\"inLanguage\":\"es\",\"@id\":\"https:\/\/www.cofb.org\/2025\/12\/03\/manresa-acull-una-nova-edicio-del-taller-de-productes-de-suport-dautonomia-personal\/#primaryimage\",\"url\":\"https:\/\/www.cofb.org\/wp-content\/uploads\/2025\/11\/TALLERS_AUTONOMIA_COFB_25112025_03-scaled.jpg\",\"contentUrl\":\"https:\/\/www.cofb.org\/wp-content\/uploads\/2025\/11\/TALLERS_AUTONOMIA_COFB_25112025_03-scaled.jpg\",\"width\":2560,\"height\":1442},{\"@type\":\"BreadcrumbList\",\"@id\":\"https:\/\/www.cofb.org\/2025\/12\/03\/manresa-acull-una-nova-edicio-del-taller-de-productes-de-suport-dautonomia-personal\/#breadcrumb\",\"itemListElement\":[{\"@type\":\"ListItem\",\"position\":1,\"name\":\"Inici\",\"item\":\"https:\/\/novaorg.cofb.net\/\"},{\"@type\":\"ListItem\",\"position\":2,\"name\":\"Manresa acull una nova edici\u00f3 del taller de productes de suport d\u2019autonomia personal\"}]},{\"@type\":\"WebSite\",\"@id\":\"https:\/\/www.cofb.org\/#website\",\"url\":\"https:\/\/www.cofb.org\/\",\"name\":\"Col\u00b7legi de Farmac\u00e8utics de Barcelona\",\"description\":\"\",\"publisher\":{\"@id\":\"https:\/\/www.cofb.org\/#organization\"},\"potentialAction\":[{\"@type\":\"SearchAction\",\"target\":{\"@type\":\"EntryPoint\",\"urlTemplate\":\"https:\/\/www.cofb.org\/?s={search_term_string}\"},\"query-input\":\"required name=search_term_string\"}],\"inLanguage\":\"es\"},{\"@type\":\"Organization\",\"@id\":\"https:\/\/www.cofb.org\/#organization\",\"name\":\"Col\u00b7legi de Farmac\u00e8utics de Barcelona\",\"url\":\"https:\/\/www.cofb.org\/\",\"logo\":{\"@type\":\"ImageObject\",\"inLanguage\":\"es\",\"@id\":\"https:\/\/www.cofb.org\/#\/schema\/logo\/image\/\",\"url\":\"https:\/\/www.cofb.org\/wp-content\/uploads\/2023\/11\/cropped-Logotip-COFB.png\",\"contentUrl\":\"https:\/\/www.cofb.org\/wp-content\/uploads\/2023\/11\/cropped-Logotip-COFB.png\",\"width\":500,\"height\":105,\"caption\":\"Col\u00b7legi de Farmac\u00e8utics de Barcelona\"},\"image\":{\"@id\":\"https:\/\/www.cofb.org\/#\/schema\/logo\/image\/\"},\"sameAs\":[\"https:\/\/www.facebook.com\/farmaceuticsbcn\/\",\"https:\/\/twitter.com\/farmaceuticsbcn\",\"https:\/\/www.instagram.com\/farmaceuticsbcn\/\",\"https:\/\/www.linkedin.com\/company\/farmaceuticsbcn\/\"]},{\"@type\":\"Person\",\"@id\":\"https:\/\/www.cofb.org\/#\/schema\/person\/e46d741cfb92c985a083d163d8270ae4\",\"name\":\"Xavier Magraner\",\"image\":{\"@type\":\"ImageObject\",\"inLanguage\":\"es\",\"@id\":\"https:\/\/www.cofb.org\/#\/schema\/person\/image\/\",\"url\":\"https:\/\/secure.gravatar.com\/avatar\/aa0d1d4df59f71f88eebd5796c5388ff41c58d83c5301eb6e1d65646a289c37d?s=96&d=mm&r=g\",\"contentUrl\":\"https:\/\/secure.gravatar.com\/avatar\/aa0d1d4df59f71f88eebd5796c5388ff41c58d83c5301eb6e1d65646a289c37d?s=96&d=mm&r=g\",\"caption\":\"Xavier Magraner\"},\"url\":\"https:\/\/www.cofb.org\/es\/author\/xmagraner\/\"}]}<\/script>\n<!-- \/ Yoast SEO plugin. -->","yoast_head_json":{"title":"Manresa acull una nova edici\u00f3 del taller de productes de suport d\u2019autonomia personal - Col\u00b7legi de Farmac\u00e8utics de Barcelona","description":"El COFB organitza a Manresa el \"Taller de productes de suport d\u2019autonomia personal\u201d, amb el patrocini de Prim","robots":{"index":"index","follow":"follow","max-snippet":"max-snippet:-1","max-image-preview":"max-image-preview:large","max-video-preview":"max-video-preview:-1"},"canonical":"https:\/\/www.cofb.org\/es\/2025\/12\/03\/manresa-acull-una-nova-edicio-del-taller-de-productes-de-suport-dautonomia-personal\/","og_locale":"es_ES","og_type":"article","og_title":"Manresa acull una nova edici\u00f3 del taller de productes de suport d\u2019autonomia personal - Col\u00b7legi de Farmac\u00e8utics de Barcelona","og_description":"El COFB organitza a Manresa el \"Taller de productes de suport d\u2019autonomia personal\u201d, amb el patrocini de Prim","og_url":"https:\/\/www.cofb.org\/es\/2025\/12\/03\/manresa-acull-una-nova-edicio-del-taller-de-productes-de-suport-dautonomia-personal\/","og_site_name":"Col\u00b7legi de Farmac\u00e8utics de Barcelona","article_publisher":"https:\/\/www.facebook.com\/farmaceuticsbcn\/","article_published_time":"2025-12-03T12:48:47+00:00","article_modified_time":"2025-12-12T13:03:14+00:00","og_image":[{"width":2560,"height":1442,"url":"https:\/\/www.cofb.org\/wp-content\/uploads\/2025\/11\/TALLERS_AUTONOMIA_COFB_25112025_03-scaled.jpg","type":"image\/jpeg"}],"author":"Xavier Magraner","twitter_card":"summary_large_image","twitter_creator":"@farmaceuticsbcn","twitter_site":"@farmaceuticsbcn","twitter_misc":{"Escrito por":"Xavier Magraner","Tiempo de lectura":"4 minutos"},"schema":{"@context":"https:\/\/schema.org","@graph":[{"@type":"Article","@id":"https:\/\/www.cofb.org\/2025\/12\/03\/manresa-acull-una-nova-edicio-del-taller-de-productes-de-suport-dautonomia-personal\/#article","isPartOf":{"@id":"https:\/\/www.cofb.org\/2025\/12\/03\/manresa-acull-una-nova-edicio-del-taller-de-productes-de-suport-dautonomia-personal\/"},"author":{"name":"Xavier Magraner","@id":"https:\/\/www.cofb.org\/#\/schema\/person\/e46d741cfb92c985a083d163d8270ae4"},"headline":"Manresa acull una nova edici\u00f3 del taller de productes de suport d\u2019autonomia personal","datePublished":"2025-12-03T12:48:47+00:00","dateModified":"2025-12-12T13:03:14+00:00","mainEntityOfPage":{"@id":"https:\/\/www.cofb.org\/2025\/12\/03\/manresa-acull-una-nova-edicio-del-taller-de-productes-de-suport-dautonomia-personal\/"},"wordCount":643,"publisher":{"@id":"https:\/\/www.cofb.org\/#organization"},"image":{"@id":"https:\/\/www.cofb.org\/2025\/12\/03\/manresa-acull-una-nova-edicio-del-taller-de-productes-de-suport-dautonomia-personal\/#primaryimage"},"thumbnailUrl":"https:\/\/www.cofb.org\/wp-content\/uploads\/2025\/11\/TALLERS_AUTONOMIA_COFB_25112025_03-scaled.jpg","keywords":["autonomia personal","COFB","Col\u00b7legi de Farmac\u00e8utics de Barcelona","Formaci\u00f3","manresa","Ortop\u00e8dia","productes de suport","promoci\u00f3 de la salut","taller"],"articleSection":["Destacats","M\u00f3n col\u00b7legial"],"inLanguage":"es"},{"@type":"WebPage","@id":"https:\/\/www.cofb.org\/2025\/12\/03\/manresa-acull-una-nova-edicio-del-taller-de-productes-de-suport-dautonomia-personal\/","url":"https:\/\/www.cofb.org\/2025\/12\/03\/manresa-acull-una-nova-edicio-del-taller-de-productes-de-suport-dautonomia-personal\/","name":"Manresa acull una nova edici\u00f3 del taller de productes de suport d\u2019autonomia personal - Col\u00b7legi de Farmac\u00e8utics de Barcelona","isPartOf":{"@id":"https:\/\/www.cofb.org\/#website"},"primaryImageOfPage":{"@id":"https:\/\/www.cofb.org\/2025\/12\/03\/manresa-acull-una-nova-edicio-del-taller-de-productes-de-suport-dautonomia-personal\/#primaryimage"},"image":{"@id":"https:\/\/www.cofb.org\/2025\/12\/03\/manresa-acull-una-nova-edicio-del-taller-de-productes-de-suport-dautonomia-personal\/#primaryimage"},"thumbnailUrl":"https:\/\/www.cofb.org\/wp-content\/uploads\/2025\/11\/TALLERS_AUTONOMIA_COFB_25112025_03-scaled.jpg","datePublished":"2025-12-03T12:48:47+00:00","dateModified":"2025-12-12T13:03:14+00:00","description":"El COFB organitza a Manresa el \"Taller de productes de suport d\u2019autonomia personal\u201d, amb el patrocini de Prim","breadcrumb":{"@id":"https:\/\/www.cofb.org\/2025\/12\/03\/manresa-acull-una-nova-edicio-del-taller-de-productes-de-suport-dautonomia-personal\/#breadcrumb"},"inLanguage":"es","potentialAction":[{"@type":"ReadAction","target":["https:\/\/www.cofb.org\/2025\/12\/03\/manresa-acull-una-nova-edicio-del-taller-de-productes-de-suport-dautonomia-personal\/"]}]},{"@type":"ImageObject","inLanguage":"es","@id":"https:\/\/www.cofb.org\/2025\/12\/03\/manresa-acull-una-nova-edicio-del-taller-de-productes-de-suport-dautonomia-personal\/#primaryimage","url":"https:\/\/www.cofb.org\/wp-content\/uploads\/2025\/11\/TALLERS_AUTONOMIA_COFB_25112025_03-scaled.jpg","contentUrl":"https:\/\/www.cofb.org\/wp-content\/uploads\/2025\/11\/TALLERS_AUTONOMIA_COFB_25112025_03-scaled.jpg","width":2560,"height":1442},{"@type":"BreadcrumbList","@id":"https:\/\/www.cofb.org\/2025\/12\/03\/manresa-acull-una-nova-edicio-del-taller-de-productes-de-suport-dautonomia-personal\/#breadcrumb","itemListElement":[{"@type":"ListItem","position":1,"name":"Inici","item":"https:\/\/novaorg.cofb.net\/"},{"@type":"ListItem","position":2,"name":"Manresa acull una nova edici\u00f3 del taller de productes de suport d\u2019autonomia personal"}]},{"@type":"WebSite","@id":"https:\/\/www.cofb.org\/#website","url":"https:\/\/www.cofb.org\/","name":"Col\u00b7legi de Farmac\u00e8utics de Barcelona","description":"","publisher":{"@id":"https:\/\/www.cofb.org\/#organization"},"potentialAction":[{"@type":"SearchAction","target":{"@type":"EntryPoint","urlTemplate":"https:\/\/www.cofb.org\/?s={search_term_string}"},"query-input":"required name=search_term_string"}],"inLanguage":"es"},{"@type":"Organization","@id":"https:\/\/www.cofb.org\/#organization","name":"Col\u00b7legi de Farmac\u00e8utics de Barcelona","url":"https:\/\/www.cofb.org\/","logo":{"@type":"ImageObject","inLanguage":"es","@id":"https:\/\/www.cofb.org\/#\/schema\/logo\/image\/","url":"https:\/\/www.cofb.org\/wp-content\/uploads\/2023\/11\/cropped-Logotip-COFB.png","contentUrl":"https:\/\/www.cofb.org\/wp-content\/uploads\/2023\/11\/cropped-Logotip-COFB.png","width":500,"height":105,"caption":"Col\u00b7legi de Farmac\u00e8utics de Barcelona"},"image":{"@id":"https:\/\/www.cofb.org\/#\/schema\/logo\/image\/"},"sameAs":["https:\/\/www.facebook.com\/farmaceuticsbcn\/","https:\/\/twitter.com\/farmaceuticsbcn","https:\/\/www.instagram.com\/farmaceuticsbcn\/","https:\/\/www.linkedin.com\/company\/farmaceuticsbcn\/"]},{"@type":"Person","@id":"https:\/\/www.cofb.org\/#\/schema\/person\/e46d741cfb92c985a083d163d8270ae4","name":"Xavier Magraner","image":{"@type":"ImageObject","inLanguage":"es","@id":"https:\/\/www.cofb.org\/#\/schema\/person\/image\/","url":"https:\/\/secure.gravatar.com\/avatar\/aa0d1d4df59f71f88eebd5796c5388ff41c58d83c5301eb6e1d65646a289c37d?s=96&d=mm&r=g","contentUrl":"https:\/\/secure.gravatar.com\/avatar\/aa0d1d4df59f71f88eebd5796c5388ff41c58d83c5301eb6e1d65646a289c37d?s=96&d=mm&r=g","caption":"Xavier Magraner"},"url":"https:\/\/www.cofb.org\/es\/author\/xmagraner\/"}]}},"uagb_featured_image_src":{"full":["https:\/\/www.cofb.org\/wp-content\/uploads\/2025\/11\/TALLERS_AUTONOMIA_COFB_25112025_03-scaled.jpg",2560,1442,false],"thumbnail":["https:\/\/www.cofb.org\/wp-content\/uploads\/2025\/11\/TALLERS_AUTONOMIA_COFB_25112025_03-150x150.jpg",150,150,true],"medium":["https:\/\/www.cofb.org\/wp-content\/uploads\/2025\/11\/TALLERS_AUTONOMIA_COFB_25112025_03-300x169.jpg",300,169,true],"medium_large":["https:\/\/www.cofb.org\/wp-content\/uploads\/2025\/11\/TALLERS_AUTONOMIA_COFB_25112025_03-768x432.jpg",768,432,true],"large":["https:\/\/www.cofb.org\/wp-content\/uploads\/2025\/11\/TALLERS_AUTONOMIA_COFB_25112025_03-1024x577.jpg",1024,577,true],"1536x1536":["https:\/\/www.cofb.org\/wp-content\/uploads\/2025\/11\/TALLERS_AUTONOMIA_COFB_25112025_03-1536x865.jpg",1536,865,true],"2048x2048":["https:\/\/www.cofb.org\/wp-content\/uploads\/2025\/11\/TALLERS_AUTONOMIA_COFB_25112025_03-2048x1153.jpg",2048,1153,true],"trp-custom-language-flag":["https:\/\/www.cofb.org\/wp-content\/uploads\/2025\/11\/TALLERS_AUTONOMIA_COFB_25112025_03-18x10.jpg",18,10,true]},"uagb_author_info":{"display_name":"Xavier Magraner","author_link":"https:\/\/www.cofb.org\/es\/author\/xmagraner\/"},"uagb_comment_info":0,"uagb_excerpt":"El passat 20 de novembre, el Col\u00b7legi de Farmac\u00e8utics de Barcelona (COFB) va organitzar a la ciutat de Manresa el \u201cTaller de productes de suport d\u2019autonomia personal\u201d, amb el patrocini de PRIM. La sessi\u00f3 va anar a c\u00e0rrec de la terapeuta ocupacional i especialista en productes de mobilitat Prim-Teyder, Ana [&hellip;]","_links":{"self":[{"href":"https:\/\/www.cofb.org\/es\/wp-json\/wp\/v2\/posts\/82954","targetHints":{"allow":["GET"]}}],"collection":[{"href":"https:\/\/www.cofb.org\/es\/wp-json\/wp\/v2\/posts"}],"about":[{"href":"https:\/\/www.cofb.org\/es\/wp-json\/wp\/v2\/types\/post"}],"author":[{"embeddable":true,"href":"https:\/\/www.cofb.org\/es\/wp-json\/wp\/v2\/users\/10"}],"replies":[{"embeddable":true,"href":"https:\/\/www.cofb.org\/es\/wp-json\/wp\/v2\/comments?post=82954"}],"version-history":[{"count":14,"href":"https:\/\/www.cofb.org\/es\/wp-json\/wp\/v2\/posts\/82954\/revisions"}],"predecessor-version":[{"id":83353,"href":"https:\/\/www.cofb.org\/es\/wp-json\/wp\/v2\/posts\/82954\/revisions\/83353"}],"wp:featuredmedia":[{"embeddable":true,"href":"https:\/\/www.cofb.org\/es\/wp-json\/wp\/v2\/media\/82975"}],"wp:attachment":[{"href":"https:\/\/www.cofb.org\/es\/wp-json\/wp\/v2\/media?parent=82954"}],"wp:term":[{"taxonomy":"category","embeddable":true,"href":"https:\/\/www.cofb.org\/es\/wp-json\/wp\/v2\/categories?post=82954"},{"taxonomy":"post_tag","embeddable":true,"href":"https:\/\/www.cofb.org\/es\/wp-json\/wp\/v2\/tags?post=82954"}],"curies":[{"name":"wp","href":"https:\/\/api.w.org\/{rel}","templated":true}]}}