{"id":82763,"date":"2025-11-26T13:27:20","date_gmt":"2025-11-26T13:27:20","guid":{"rendered":"https:\/\/www.cofb.org\/?p=82763"},"modified":"2025-12-04T14:17:25","modified_gmt":"2025-12-04T14:17:25","slug":"tendencies-i-oportunitats-en-dermocosmetica-per-a-la-farmacia-en-una-nova-edicio-del-forum-dermoexpert","status":"publish","type":"post","link":"https:\/\/www.cofb.org\/es\/2025\/11\/26\/tendencies-i-oportunitats-en-dermocosmetica-per-a-la-farmacia-en-una-nova-edicio-del-forum-dermoexpert\/","title":{"rendered":"Tendencias y oportunidades en dermocosm\u00e9tica para la farmacia en una nueva edici\u00f3n del F\u00f3rum Dermoexpert"},"content":{"rendered":"<p>El <strong>Col\u00b7legi de Farmac\u00e8utics de Barcelona (COFB)<\/strong> present\u00f3, el pasado 11 de noviembre, el Foro Dermoexpert \u201c<strong>Tendencias en el mercado de la dermocosm\u00e9tica y oportunidades para la farmacia<\/strong>\u201d, con el patrocinio de <a href=\"https:\/\/www.lorealdermatologicalbeauty.com\/es-es\" target=\"_blank\" rel=\"noreferrer noopener\">El Oro<\/a><a href=\"https:\/\/www.loreal.com\/es-es\/espana\/\" target=\"_blank\" rel=\"noreferrer noopener\">\u00e9al<\/a>. La formaci\u00f3n, que fue coordinada por <strong>Marta Alcalde<\/strong>, vocal de Dermofarmacia y Productos Sanitarios del COFB, y cont\u00f3 con la presentaci\u00f3n de <strong>Mar\u00eda Fern\u00e1ndez<\/strong>, m\u00e1nager de desarrollo de negocio en canal farmacia de L&#039;Or\u00e9al Dermatological Beauty.<\/p>\n\n\n\n<p>Los <strong>objetivos <\/strong>de la formaci\u00f3n fueron identificar las<strong> principales tendencias del mercado de dermocosm\u00e9tica<\/strong>, analizar las<strong> oportunidades de negocio <\/strong>que ofrece la dermocosm\u00e9tica en la oficina de farmacia,<strong> dotar al farmac\u00e9utico de herramientas pr\u00e1cticas<\/strong> para integrar la <strong>dermocosm\u00e9tica <\/strong>en su estrategia comercial e interpretar las<strong> din\u00e1micas de compraventa <\/strong>y el <strong>comportamiento del consumidor en dermocosm\u00e9tica<\/strong>.<\/p>\n\n\n\n<figure class=\"wp-block-image size-large\"><a href=\"https:\/\/www.cofb.org\/wp-content\/uploads\/2025\/12\/COFB_TENDENCIES_MERCAT_13112025_01_edited-scaled.jpg\" target=\"_blank\" rel=\" noreferrer noopener\"><img fetchpriority=\"high\" decoding=\"async\" width=\"1024\" height=\"576\" src=\"https:\/\/www.cofb.org\/wp-content\/uploads\/2025\/12\/COFB_TENDENCIES_MERCAT_13112025_01_edited-1024x576.jpg\" alt=\"La vocal de Dermofarm\u00e0cia i Productes Sanitaris del COFB, Marta Alcalde, va ser l\u2019encarregada de presentar el f\u00f2rum.\" class=\"wp-image-83134\" srcset=\"https:\/\/www.cofb.org\/wp-content\/uploads\/2025\/12\/COFB_TENDENCIES_MERCAT_13112025_01_edited-1024x576.jpg 1024w, https:\/\/www.cofb.org\/wp-content\/uploads\/2025\/12\/COFB_TENDENCIES_MERCAT_13112025_01_edited-300x169.jpg 300w, https:\/\/www.cofb.org\/wp-content\/uploads\/2025\/12\/COFB_TENDENCIES_MERCAT_13112025_01_edited-768x432.jpg 768w, https:\/\/www.cofb.org\/wp-content\/uploads\/2025\/12\/COFB_TENDENCIES_MERCAT_13112025_01_edited-1536x864.jpg 1536w, https:\/\/www.cofb.org\/wp-content\/uploads\/2025\/12\/COFB_TENDENCIES_MERCAT_13112025_01_edited-2048x1152.jpg 2048w, https:\/\/www.cofb.org\/wp-content\/uploads\/2025\/12\/COFB_TENDENCIES_MERCAT_13112025_01_edited-18x10.jpg 18w\" sizes=\"(max-width: 1024px) 100vw, 1024px\" \/><\/a><figcaption class=\"wp-element-caption\">La vocal de Dermofarmacia y Productos Sanitarios del COFB, Marta Alcalde, fue la encargada de presentar el foro.<br><\/figcaption><\/figure>\n\n\n\n<p>La vocal de Dermofarmacia y Productos Sanitarios del COFB, <strong>Marta Alcalde<\/strong>, present\u00f3 la sesi\u00f3n remarcando que \u201clos farmac\u00e9uticos deben saber <strong>c\u00f3mo preparar sus respectivas farmacias<\/strong> y conocer c\u00f3mo son los consumidores de hoy en d\u00eda ligados a la dermocosm\u00e9tica. Este campo ofrece productos de mucha innovaci\u00f3n que satisfacen necesidades, pero los farmac\u00e9uticos no est\u00e1n solos. La <strong>cosm\u00e9tica es multicanal<\/strong>, y por eso se deben conocer hacia d\u00f3nde van las tendencias del mercado global&quot;. Alcalde confirm\u00f3 que, &quot;aunque las farmacias tienen el punto fuerte de contar con el <strong>consejo farmac\u00e9utico para los clientes<\/strong>, a veces no es suficiente y debe seguir siendo competitivos\u201d.<\/p>\n\n\n\n<h2 class=\"wp-block-heading\">La dermocosm\u00e9tica en la farmacia<\/h2>\n\n\n\n<p><strong>Mar\u00eda Fern\u00e1ndez<\/strong> arranc\u00f3 su presentaci\u00f3n realizando un <strong>estudio comparativo a escala europea<\/strong> en cuanto a la <strong>penetraci\u00f3n de compradores de dermocosm\u00e9tica<\/strong>, comparando el a\u00f1o 2023 con el 2024: \u201cExiste en Espa\u00f1a una gran oportunidad de compradores que ahora mismo <strong>ni se han planteado comprar un solo producto<\/strong> de ese campo. El pa\u00eds puede llegar lejos en este aspecto y los farmac\u00e9uticos tienen una categor\u00eda en sus manos que todav\u00eda no ha llegado al Everest\u201d.<\/p>\n\n\n\n<figure class=\"wp-block-image size-large\"><a href=\"https:\/\/www.cofb.org\/wp-content\/uploads\/2025\/12\/COFB_TENDENCIES_MERCAT_13112025_02_edited-scaled.jpg\" target=\"_blank\" rel=\" noreferrer noopener\"><img decoding=\"async\" width=\"1024\" height=\"576\" src=\"https:\/\/www.cofb.org\/wp-content\/uploads\/2025\/12\/COFB_TENDENCIES_MERCAT_13112025_02_edited-1024x576.jpg\" alt=\"Mar\u00eda Fern\u00e1ndez va explicar les oportunitats que ofereix la dermocosm\u00e8tica a les oficines de farm\u00e0cia.\" class=\"wp-image-83135\" srcset=\"https:\/\/www.cofb.org\/wp-content\/uploads\/2025\/12\/COFB_TENDENCIES_MERCAT_13112025_02_edited-1024x576.jpg 1024w, https:\/\/www.cofb.org\/wp-content\/uploads\/2025\/12\/COFB_TENDENCIES_MERCAT_13112025_02_edited-300x169.jpg 300w, https:\/\/www.cofb.org\/wp-content\/uploads\/2025\/12\/COFB_TENDENCIES_MERCAT_13112025_02_edited-768x432.jpg 768w, https:\/\/www.cofb.org\/wp-content\/uploads\/2025\/12\/COFB_TENDENCIES_MERCAT_13112025_02_edited-1536x864.jpg 1536w, https:\/\/www.cofb.org\/wp-content\/uploads\/2025\/12\/COFB_TENDENCIES_MERCAT_13112025_02_edited-2048x1152.jpg 2048w, https:\/\/www.cofb.org\/wp-content\/uploads\/2025\/12\/COFB_TENDENCIES_MERCAT_13112025_02_edited-18x10.jpg 18w\" sizes=\"(max-width: 1024px) 100vw, 1024px\" \/><\/a><figcaption class=\"wp-element-caption\">Mar\u00eda Fern\u00e1ndez explic\u00f3 las oportunidades que ofrece la dermocosm\u00e9tica en las oficinas de farmacia. <\/figcaption><\/figure>\n\n\n\n<p>A continuaci\u00f3n, Fern\u00e1ndez explic\u00f3 que \u201cen la ciudad de Barcelona, las farmacias acabaron muy bien en 2024 en comparaci\u00f3n con Catalu\u00f1a y con unas <strong>datos casi iguales que la media nacional<\/strong>. Siguen habiendo muchas oportunidades en Barcelona que los farmac\u00e9uticos pueden aprovechar en el campo de la dermocosm\u00e9tica\u201d.<\/p>\n\n\n\n<h2 class=\"wp-block-heading\">Oportunidades y crecimiento de la categor\u00eda en la farmacia<\/h2>\n\n\n\n<p><strong>El arsenal <\/strong>con el que cuenta la <strong>dermocosm\u00e9tica <\/strong>fue destacado a lo largo la sesi\u00f3n, con el objetivo de que la farmacia pueda identificar <strong>qu\u00e9 oportunidades hay<\/strong> y c\u00f3mo les puede captar: \u201caunque el medicamento es el coraz\u00f3n de las farmacias, dentro de la categor\u00eda de cuidados por el consumidor la dermocosm\u00e9tica ha llegado a crecer dos veces por encima del <strong>campo de los productos de belleza<\/strong> en los \u00faltimos a\u00f1os.\u201d Fern\u00e1ndez, adem\u00e1s, asegur\u00f3 que <strong>las farmacias han contribuido al crecimiento de este campo<\/strong>: \u201cel <strong>sector de la salud<\/strong>, desde hace ocho a\u00f1os, se han convertido en una de las <strong>principales tendencias<\/strong>, ya se ha consolidado y cada vez va a m\u00e1s. Se est\u00e1 expandiendo la salud integrativa y la preventiva, y por eso se debe tomar esta din\u00e1mica para dinamizar el campo y que <strong>la farmacia sea el primer canal <\/strong>de <strong>destino por el p\u00fablico<\/strong>. Si un cliente piensa en cuidarse la piel, pelo o u\u00f1as, el circuito de las farmacias debe ser el primer destino\u201d.<\/p>\n\n\n\n<figure class=\"wp-block-image size-large\"><a href=\"https:\/\/www.cofb.org\/wp-content\/uploads\/2025\/12\/COFB_TENDENCIES_MERCAT_13112025_03_edited-scaled.jpg\" target=\"_blank\" rel=\" noreferrer noopener\"><img decoding=\"async\" width=\"1024\" height=\"576\" src=\"https:\/\/www.cofb.org\/wp-content\/uploads\/2025\/12\/COFB_TENDENCIES_MERCAT_13112025_03_edited-1024x576.jpg\" alt=\"Mar\u00eda Fern\u00e1ndez en un moment de la seva presentaci\u00f3.\" class=\"wp-image-83136\" srcset=\"https:\/\/www.cofb.org\/wp-content\/uploads\/2025\/12\/COFB_TENDENCIES_MERCAT_13112025_03_edited-1024x576.jpg 1024w, https:\/\/www.cofb.org\/wp-content\/uploads\/2025\/12\/COFB_TENDENCIES_MERCAT_13112025_03_edited-300x169.jpg 300w, https:\/\/www.cofb.org\/wp-content\/uploads\/2025\/12\/COFB_TENDENCIES_MERCAT_13112025_03_edited-768x432.jpg 768w, https:\/\/www.cofb.org\/wp-content\/uploads\/2025\/12\/COFB_TENDENCIES_MERCAT_13112025_03_edited-1536x864.jpg 1536w, https:\/\/www.cofb.org\/wp-content\/uploads\/2025\/12\/COFB_TENDENCIES_MERCAT_13112025_03_edited-2048x1152.jpg 2048w, https:\/\/www.cofb.org\/wp-content\/uploads\/2025\/12\/COFB_TENDENCIES_MERCAT_13112025_03_edited-18x10.jpg 18w\" sizes=\"(max-width: 1024px) 100vw, 1024px\" \/><\/a><figcaption class=\"wp-element-caption\">Mar\u00eda Fern\u00e1ndez en un momento de su presentaci\u00f3n.<\/figcaption><\/figure>\n\n\n\n<p>Seguidamente, se han analizado las <strong>diferentes categor\u00edas de dermocosm\u00e9tica<\/strong> donde las farmacias barcelonesas tienen margen de mejora: \u201cEn cuanto a los <strong>productos ligados al rostro<\/strong>, <strong>Barcelona pesa m\u00e1s que la media a nivel nacional<\/strong>, aunque si el mercado no es muy din\u00e1mico, las farmacias se resentir\u00e1n.\u201d En relaci\u00f3n con la <strong>categor\u00eda solar<\/strong>, \u201clas estad\u00edsticas marcan que el volumen de ventas pesa menos que el total nacional, por lo que se sufre una ralentizaci\u00f3n en este segmento\u201d.<\/p>\n\n\n\n<p>Por \u00faltimo, Fern\u00e1ndez habl\u00f3 de la <strong>categor\u00eda capilar<\/strong> contra la ca\u00edda del cabello: \u201caunque en Barcelona crece la venta de este producto, lo hace <strong>a la mitad que el resto del territorio espa\u00f1ol<\/strong>. Se trata de la indicaci\u00f3n principal a la hora de acudir a la farmacia, que se debe a una problem\u00e1tica de pelo&quot;. A la hora de responder a lo que busca el consumidor cuando necesita encontrar un producto en la farmacia, los motivos principales son &quot;<strong>la eficacia<\/strong>, los <strong>ingredientes<\/strong> y el <strong>consejo<\/strong>. La <strong>tercera pata est\u00e1 muy trabajada por los farmac\u00e9uticos<\/strong> y bien valorada por los usuarios, aunque es necesario establecer una comunicaci\u00f3n clara de los otros dos caminos\u201d, concluy\u00f3 la ponente.<\/p>\n\n\n\n<p class=\"has-text-align-right\"><strong>Con el patrocinio de:<\/strong><\/p>\n\n\n\n<figure class=\"wp-block-image alignright size-full is-resized\"><a href=\"https:\/\/www.lorealdermatologicalbeauty.com\/es-es\" target=\"_blank\" rel=\" noreferrer noopener\"><img loading=\"lazy\" decoding=\"async\" width=\"153\" height=\"47\" src=\"https:\/\/www.cofb.org\/wp-content\/uploads\/2025\/11\/LOreal.jpg\" alt=\"\" class=\"wp-image-82766\" style=\"width:156px;height:auto\" srcset=\"https:\/\/www.cofb.org\/wp-content\/uploads\/2025\/11\/LOreal.jpg 153w, https:\/\/www.cofb.org\/wp-content\/uploads\/2025\/11\/LOreal-150x47.jpg 150w, https:\/\/www.cofb.org\/wp-content\/uploads\/2025\/11\/LOreal-18x6.jpg 18w\" sizes=\"(max-width: 153px) 100vw, 153px\" \/><\/a><\/figure>\n\n\n\n<p><\/p>","protected":false},"excerpt":{"rendered":"<p>El Colegio de Farmac\u00e9uticos de Barcelona (COFB) present\u00f3, el pasado 11 de noviembre, el Foro Dermoexpert \u201cTendencias en el mercado de la dermocosm\u00e9tica y oportunidades para la farmacia\u201d, con el patrocinio de L&#039;Or\u00e9al. La formaci\u00f3n, que fue coordinada por Marta Alcalde, vocal de Dermofarmacia y Productos Sanitarios [\u2026]<\/p>","protected":false},"author":10,"featured_media":83137,"comment_status":"closed","ping_status":"closed","sticky":false,"template":"","format":"standard","meta":{"_uag_custom_page_level_css":"","site-sidebar-layout":"default","site-content-layout":"","ast-site-content-layout":"default","site-content-style":"default","site-sidebar-style":"default","ast-global-header-display":"","ast-banner-title-visibility":"","ast-main-header-display":"","ast-hfb-above-header-display":"","ast-hfb-below-header-display":"","ast-hfb-mobile-header-display":"","site-post-title":"","ast-breadcrumbs-content":"","ast-featured-img":"disabled","footer-sml-layout":"","theme-transparent-header-meta":"","adv-header-id-meta":"","stick-header-meta":"","header-above-stick-meta":"","header-main-stick-meta":"","header-below-stick-meta":"","astra-migrate-meta-layouts":"set","ast-page-background-enabled":"default","ast-page-background-meta":{"desktop":{"background-color":"var(--ast-global-color-4)","background-image":"","background-repeat":"repeat","background-position":"center center","background-size":"auto","background-attachment":"scroll","background-type":"","background-media":"","overlay-type":"","overlay-color":"","overlay-opacity":"","overlay-gradient":""},"tablet":{"background-color":"","background-image":"","background-repeat":"repeat","background-position":"center center","background-size":"auto","background-attachment":"scroll","background-type":"","background-media":"","overlay-type":"","overlay-color":"","overlay-opacity":"","overlay-gradient":""},"mobile":{"background-color":"","background-image":"","background-repeat":"repeat","background-position":"center center","background-size":"auto","background-attachment":"scroll","background-type":"","background-media":"","overlay-type":"","overlay-color":"","overlay-opacity":"","overlay-gradient":""}},"ast-content-background-meta":{"desktop":{"background-color":"var(--ast-global-color-5)","background-image":"","background-repeat":"repeat","background-position":"center center","background-size":"auto","background-attachment":"scroll","background-type":"","background-media":"","overlay-type":"","overlay-color":"","overlay-opacity":"","overlay-gradient":""},"tablet":{"background-color":"var(--ast-global-color-5)","background-image":"","background-repeat":"repeat","background-position":"center center","background-size":"auto","background-attachment":"scroll","background-type":"","background-media":"","overlay-type":"","overlay-color":"","overlay-opacity":"","overlay-gradient":""},"mobile":{"background-color":"var(--ast-global-color-5)","background-image":"","background-repeat":"repeat","background-position":"center center","background-size":"auto","background-attachment":"scroll","background-type":"","background-media":"","overlay-type":"","overlay-color":"","overlay-opacity":"","overlay-gradient":""}},"footnotes":""},"categories":[23,57],"tags":[18,19,53,68,70,711],"class_list":["post-82763","post","type-post","status-publish","format-standard","has-post-thumbnail","hentry","category-destacats","category-mon-collegial","tag-cofb","tag-collegi-de-farmaceutics-de-barcelona","tag-farmaceutics","tag-farmacia","tag-formacio","tag-procediments-dermoestetics"],"yoast_head":"<!-- This site is optimized with the Yoast SEO plugin v22.4 - https:\/\/yoast.com\/wordpress\/plugins\/seo\/ -->\n<title>Tend\u00e8ncies i oportunitats en dermocosm\u00e8tica per a la farm\u00e0cia en una nova edici\u00f3 del F\u00f2rum Dermoexpert - Col\u00b7legi de Farmac\u00e8utics de Barcelona<\/title>\n<meta name=\"description\" content=\"El COFB va organitzar la confer\u00e8ncia \u201cTend\u00e8ncies en el mercat de la dermocosm\u00e8tica i oportunitats per a la farm\u00e0cia\u201d\" \/>\n<meta name=\"robots\" content=\"index, follow, max-snippet:-1, max-image-preview:large, max-video-preview:-1\" \/>\n<link rel=\"canonical\" href=\"https:\/\/www.cofb.org\/es\/2025\/11\/26\/tendencies-i-oportunitats-en-dermocosmetica-per-a-la-farmacia-en-una-nova-edicio-del-forum-dermoexpert\/\" \/>\n<meta property=\"og:locale\" content=\"es_ES\" \/>\n<meta property=\"og:type\" content=\"article\" \/>\n<meta property=\"og:title\" content=\"Tend\u00e8ncies i oportunitats en dermocosm\u00e8tica per a la farm\u00e0cia en una nova edici\u00f3 del F\u00f2rum Dermoexpert - Col\u00b7legi de Farmac\u00e8utics de Barcelona\" \/>\n<meta property=\"og:description\" content=\"El COFB va organitzar la confer\u00e8ncia \u201cTend\u00e8ncies en el mercat de la dermocosm\u00e8tica i oportunitats per a la farm\u00e0cia\u201d\" \/>\n<meta property=\"og:url\" content=\"https:\/\/www.cofb.org\/es\/2025\/11\/26\/tendencies-i-oportunitats-en-dermocosmetica-per-a-la-farmacia-en-una-nova-edicio-del-forum-dermoexpert\/\" \/>\n<meta property=\"og:site_name\" content=\"Col\u00b7legi de Farmac\u00e8utics de Barcelona\" \/>\n<meta property=\"article:publisher\" content=\"https:\/\/www.facebook.com\/farmaceuticsbcn\/\" \/>\n<meta property=\"article:published_time\" content=\"2025-11-26T13:27:20+00:00\" \/>\n<meta property=\"article:modified_time\" content=\"2025-12-04T14:17:25+00:00\" \/>\n<meta property=\"og:image\" content=\"https:\/\/www.cofb.org\/wp-content\/uploads\/2025\/12\/COFB_TENDENCIES_MERCAT_13112025_03_edited-1-scaled.jpg\" \/>\n\t<meta property=\"og:image:width\" content=\"2560\" \/>\n\t<meta property=\"og:image:height\" content=\"1440\" \/>\n\t<meta property=\"og:image:type\" content=\"image\/jpeg\" \/>\n<meta name=\"author\" content=\"Xavier Magraner\" \/>\n<meta name=\"twitter:card\" content=\"summary_large_image\" \/>\n<meta name=\"twitter:creator\" content=\"@farmaceuticsbcn\" \/>\n<meta name=\"twitter:site\" content=\"@farmaceuticsbcn\" \/>\n<meta name=\"twitter:label1\" content=\"Escrito por\" \/>\n\t<meta name=\"twitter:data1\" content=\"Xavier Magraner\" \/>\n\t<meta name=\"twitter:label2\" content=\"Tiempo de lectura\" \/>\n\t<meta name=\"twitter:data2\" content=\"6 minutos\" \/>\n<script type=\"application\/ld+json\" class=\"yoast-schema-graph\">{\"@context\":\"https:\/\/schema.org\",\"@graph\":[{\"@type\":\"Article\",\"@id\":\"https:\/\/www.cofb.org\/2025\/11\/26\/tendencies-i-oportunitats-en-dermocosmetica-per-a-la-farmacia-en-una-nova-edicio-del-forum-dermoexpert\/#article\",\"isPartOf\":{\"@id\":\"https:\/\/www.cofb.org\/2025\/11\/26\/tendencies-i-oportunitats-en-dermocosmetica-per-a-la-farmacia-en-una-nova-edicio-del-forum-dermoexpert\/\"},\"author\":{\"name\":\"Xavier Magraner\",\"@id\":\"https:\/\/www.cofb.org\/#\/schema\/person\/e46d741cfb92c985a083d163d8270ae4\"},\"headline\":\"Tend\u00e8ncies i oportunitats en dermocosm\u00e8tica per a la farm\u00e0cia en una nova edici\u00f3 del F\u00f2rum Dermoexpert\",\"datePublished\":\"2025-11-26T13:27:20+00:00\",\"dateModified\":\"2025-12-04T14:17:25+00:00\",\"mainEntityOfPage\":{\"@id\":\"https:\/\/www.cofb.org\/2025\/11\/26\/tendencies-i-oportunitats-en-dermocosmetica-per-a-la-farmacia-en-una-nova-edicio-del-forum-dermoexpert\/\"},\"wordCount\":897,\"publisher\":{\"@id\":\"https:\/\/www.cofb.org\/#organization\"},\"image\":{\"@id\":\"https:\/\/www.cofb.org\/2025\/11\/26\/tendencies-i-oportunitats-en-dermocosmetica-per-a-la-farmacia-en-una-nova-edicio-del-forum-dermoexpert\/#primaryimage\"},\"thumbnailUrl\":\"https:\/\/www.cofb.org\/wp-content\/uploads\/2025\/12\/COFB_TENDENCIES_MERCAT_13112025_03_edited-1-scaled.jpg\",\"keywords\":[\"COFB\",\"Col\u00b7legi de Farmac\u00e8utics de Barcelona\",\"farmac\u00e8utics\",\"Farm\u00e0cia\",\"Formaci\u00f3\",\"procediments dermoest\u00e8tics\"],\"articleSection\":[\"Destacats\",\"M\u00f3n col\u00b7legial\"],\"inLanguage\":\"es\"},{\"@type\":\"WebPage\",\"@id\":\"https:\/\/www.cofb.org\/2025\/11\/26\/tendencies-i-oportunitats-en-dermocosmetica-per-a-la-farmacia-en-una-nova-edicio-del-forum-dermoexpert\/\",\"url\":\"https:\/\/www.cofb.org\/2025\/11\/26\/tendencies-i-oportunitats-en-dermocosmetica-per-a-la-farmacia-en-una-nova-edicio-del-forum-dermoexpert\/\",\"name\":\"Tend\u00e8ncies i oportunitats en dermocosm\u00e8tica per a la farm\u00e0cia en una nova edici\u00f3 del F\u00f2rum Dermoexpert - Col\u00b7legi de Farmac\u00e8utics de Barcelona\",\"isPartOf\":{\"@id\":\"https:\/\/www.cofb.org\/#website\"},\"primaryImageOfPage\":{\"@id\":\"https:\/\/www.cofb.org\/2025\/11\/26\/tendencies-i-oportunitats-en-dermocosmetica-per-a-la-farmacia-en-una-nova-edicio-del-forum-dermoexpert\/#primaryimage\"},\"image\":{\"@id\":\"https:\/\/www.cofb.org\/2025\/11\/26\/tendencies-i-oportunitats-en-dermocosmetica-per-a-la-farmacia-en-una-nova-edicio-del-forum-dermoexpert\/#primaryimage\"},\"thumbnailUrl\":\"https:\/\/www.cofb.org\/wp-content\/uploads\/2025\/12\/COFB_TENDENCIES_MERCAT_13112025_03_edited-1-scaled.jpg\",\"datePublished\":\"2025-11-26T13:27:20+00:00\",\"dateModified\":\"2025-12-04T14:17:25+00:00\",\"description\":\"El COFB va organitzar la confer\u00e8ncia \u201cTend\u00e8ncies en el mercat de la dermocosm\u00e8tica i oportunitats per a la farm\u00e0cia\u201d\",\"breadcrumb\":{\"@id\":\"https:\/\/www.cofb.org\/2025\/11\/26\/tendencies-i-oportunitats-en-dermocosmetica-per-a-la-farmacia-en-una-nova-edicio-del-forum-dermoexpert\/#breadcrumb\"},\"inLanguage\":\"es\",\"potentialAction\":[{\"@type\":\"ReadAction\",\"target\":[\"https:\/\/www.cofb.org\/2025\/11\/26\/tendencies-i-oportunitats-en-dermocosmetica-per-a-la-farmacia-en-una-nova-edicio-del-forum-dermoexpert\/\"]}]},{\"@type\":\"ImageObject\",\"inLanguage\":\"es\",\"@id\":\"https:\/\/www.cofb.org\/2025\/11\/26\/tendencies-i-oportunitats-en-dermocosmetica-per-a-la-farmacia-en-una-nova-edicio-del-forum-dermoexpert\/#primaryimage\",\"url\":\"https:\/\/www.cofb.org\/wp-content\/uploads\/2025\/12\/COFB_TENDENCIES_MERCAT_13112025_03_edited-1-scaled.jpg\",\"contentUrl\":\"https:\/\/www.cofb.org\/wp-content\/uploads\/2025\/12\/COFB_TENDENCIES_MERCAT_13112025_03_edited-1-scaled.jpg\",\"width\":2560,\"height\":1440},{\"@type\":\"BreadcrumbList\",\"@id\":\"https:\/\/www.cofb.org\/2025\/11\/26\/tendencies-i-oportunitats-en-dermocosmetica-per-a-la-farmacia-en-una-nova-edicio-del-forum-dermoexpert\/#breadcrumb\",\"itemListElement\":[{\"@type\":\"ListItem\",\"position\":1,\"name\":\"Inici\",\"item\":\"https:\/\/novaorg.cofb.net\/\"},{\"@type\":\"ListItem\",\"position\":2,\"name\":\"Tend\u00e8ncies i oportunitats en dermocosm\u00e8tica per a la farm\u00e0cia en una nova edici\u00f3 del F\u00f2rum Dermoexpert\"}]},{\"@type\":\"WebSite\",\"@id\":\"https:\/\/www.cofb.org\/#website\",\"url\":\"https:\/\/www.cofb.org\/\",\"name\":\"Col\u00b7legi de Farmac\u00e8utics de Barcelona\",\"description\":\"\",\"publisher\":{\"@id\":\"https:\/\/www.cofb.org\/#organization\"},\"potentialAction\":[{\"@type\":\"SearchAction\",\"target\":{\"@type\":\"EntryPoint\",\"urlTemplate\":\"https:\/\/www.cofb.org\/?s={search_term_string}\"},\"query-input\":\"required name=search_term_string\"}],\"inLanguage\":\"es\"},{\"@type\":\"Organization\",\"@id\":\"https:\/\/www.cofb.org\/#organization\",\"name\":\"Col\u00b7legi de Farmac\u00e8utics de Barcelona\",\"url\":\"https:\/\/www.cofb.org\/\",\"logo\":{\"@type\":\"ImageObject\",\"inLanguage\":\"es\",\"@id\":\"https:\/\/www.cofb.org\/#\/schema\/logo\/image\/\",\"url\":\"https:\/\/www.cofb.org\/wp-content\/uploads\/2023\/11\/cropped-Logotip-COFB.png\",\"contentUrl\":\"https:\/\/www.cofb.org\/wp-content\/uploads\/2023\/11\/cropped-Logotip-COFB.png\",\"width\":500,\"height\":105,\"caption\":\"Col\u00b7legi de Farmac\u00e8utics de Barcelona\"},\"image\":{\"@id\":\"https:\/\/www.cofb.org\/#\/schema\/logo\/image\/\"},\"sameAs\":[\"https:\/\/www.facebook.com\/farmaceuticsbcn\/\",\"https:\/\/twitter.com\/farmaceuticsbcn\",\"https:\/\/www.instagram.com\/farmaceuticsbcn\/\",\"https:\/\/www.linkedin.com\/company\/farmaceuticsbcn\/\"]},{\"@type\":\"Person\",\"@id\":\"https:\/\/www.cofb.org\/#\/schema\/person\/e46d741cfb92c985a083d163d8270ae4\",\"name\":\"Xavier Magraner\",\"image\":{\"@type\":\"ImageObject\",\"inLanguage\":\"es\",\"@id\":\"https:\/\/www.cofb.org\/#\/schema\/person\/image\/\",\"url\":\"https:\/\/secure.gravatar.com\/avatar\/aa0d1d4df59f71f88eebd5796c5388ff41c58d83c5301eb6e1d65646a289c37d?s=96&d=mm&r=g\",\"contentUrl\":\"https:\/\/secure.gravatar.com\/avatar\/aa0d1d4df59f71f88eebd5796c5388ff41c58d83c5301eb6e1d65646a289c37d?s=96&d=mm&r=g\",\"caption\":\"Xavier Magraner\"},\"url\":\"https:\/\/www.cofb.org\/es\/author\/xmagraner\/\"}]}<\/script>\n<!-- \/ Yoast SEO plugin. -->","yoast_head_json":{"title":"Tend\u00e8ncies i oportunitats en dermocosm\u00e8tica per a la farm\u00e0cia en una nova edici\u00f3 del F\u00f2rum Dermoexpert - Col\u00b7legi de Farmac\u00e8utics de Barcelona","description":"El COFB va organitzar la confer\u00e8ncia \u201cTend\u00e8ncies en el mercat de la dermocosm\u00e8tica i oportunitats per a la farm\u00e0cia\u201d","robots":{"index":"index","follow":"follow","max-snippet":"max-snippet:-1","max-image-preview":"max-image-preview:large","max-video-preview":"max-video-preview:-1"},"canonical":"https:\/\/www.cofb.org\/es\/2025\/11\/26\/tendencies-i-oportunitats-en-dermocosmetica-per-a-la-farmacia-en-una-nova-edicio-del-forum-dermoexpert\/","og_locale":"es_ES","og_type":"article","og_title":"Tend\u00e8ncies i oportunitats en dermocosm\u00e8tica per a la farm\u00e0cia en una nova edici\u00f3 del F\u00f2rum Dermoexpert - Col\u00b7legi de Farmac\u00e8utics de Barcelona","og_description":"El COFB va organitzar la confer\u00e8ncia \u201cTend\u00e8ncies en el mercat de la dermocosm\u00e8tica i oportunitats per a la farm\u00e0cia\u201d","og_url":"https:\/\/www.cofb.org\/es\/2025\/11\/26\/tendencies-i-oportunitats-en-dermocosmetica-per-a-la-farmacia-en-una-nova-edicio-del-forum-dermoexpert\/","og_site_name":"Col\u00b7legi de Farmac\u00e8utics de Barcelona","article_publisher":"https:\/\/www.facebook.com\/farmaceuticsbcn\/","article_published_time":"2025-11-26T13:27:20+00:00","article_modified_time":"2025-12-04T14:17:25+00:00","og_image":[{"width":2560,"height":1440,"url":"https:\/\/www.cofb.org\/wp-content\/uploads\/2025\/12\/COFB_TENDENCIES_MERCAT_13112025_03_edited-1-scaled.jpg","type":"image\/jpeg"}],"author":"Xavier Magraner","twitter_card":"summary_large_image","twitter_creator":"@farmaceuticsbcn","twitter_site":"@farmaceuticsbcn","twitter_misc":{"Escrito por":"Xavier Magraner","Tiempo de lectura":"6 minutos"},"schema":{"@context":"https:\/\/schema.org","@graph":[{"@type":"Article","@id":"https:\/\/www.cofb.org\/2025\/11\/26\/tendencies-i-oportunitats-en-dermocosmetica-per-a-la-farmacia-en-una-nova-edicio-del-forum-dermoexpert\/#article","isPartOf":{"@id":"https:\/\/www.cofb.org\/2025\/11\/26\/tendencies-i-oportunitats-en-dermocosmetica-per-a-la-farmacia-en-una-nova-edicio-del-forum-dermoexpert\/"},"author":{"name":"Xavier Magraner","@id":"https:\/\/www.cofb.org\/#\/schema\/person\/e46d741cfb92c985a083d163d8270ae4"},"headline":"Tend\u00e8ncies i oportunitats en dermocosm\u00e8tica per a la farm\u00e0cia en una nova edici\u00f3 del F\u00f2rum Dermoexpert","datePublished":"2025-11-26T13:27:20+00:00","dateModified":"2025-12-04T14:17:25+00:00","mainEntityOfPage":{"@id":"https:\/\/www.cofb.org\/2025\/11\/26\/tendencies-i-oportunitats-en-dermocosmetica-per-a-la-farmacia-en-una-nova-edicio-del-forum-dermoexpert\/"},"wordCount":897,"publisher":{"@id":"https:\/\/www.cofb.org\/#organization"},"image":{"@id":"https:\/\/www.cofb.org\/2025\/11\/26\/tendencies-i-oportunitats-en-dermocosmetica-per-a-la-farmacia-en-una-nova-edicio-del-forum-dermoexpert\/#primaryimage"},"thumbnailUrl":"https:\/\/www.cofb.org\/wp-content\/uploads\/2025\/12\/COFB_TENDENCIES_MERCAT_13112025_03_edited-1-scaled.jpg","keywords":["COFB","Col\u00b7legi de Farmac\u00e8utics de Barcelona","farmac\u00e8utics","Farm\u00e0cia","Formaci\u00f3","procediments dermoest\u00e8tics"],"articleSection":["Destacats","M\u00f3n col\u00b7legial"],"inLanguage":"es"},{"@type":"WebPage","@id":"https:\/\/www.cofb.org\/2025\/11\/26\/tendencies-i-oportunitats-en-dermocosmetica-per-a-la-farmacia-en-una-nova-edicio-del-forum-dermoexpert\/","url":"https:\/\/www.cofb.org\/2025\/11\/26\/tendencies-i-oportunitats-en-dermocosmetica-per-a-la-farmacia-en-una-nova-edicio-del-forum-dermoexpert\/","name":"Tend\u00e8ncies i oportunitats en dermocosm\u00e8tica per a la farm\u00e0cia en una nova edici\u00f3 del F\u00f2rum Dermoexpert - Col\u00b7legi de Farmac\u00e8utics de Barcelona","isPartOf":{"@id":"https:\/\/www.cofb.org\/#website"},"primaryImageOfPage":{"@id":"https:\/\/www.cofb.org\/2025\/11\/26\/tendencies-i-oportunitats-en-dermocosmetica-per-a-la-farmacia-en-una-nova-edicio-del-forum-dermoexpert\/#primaryimage"},"image":{"@id":"https:\/\/www.cofb.org\/2025\/11\/26\/tendencies-i-oportunitats-en-dermocosmetica-per-a-la-farmacia-en-una-nova-edicio-del-forum-dermoexpert\/#primaryimage"},"thumbnailUrl":"https:\/\/www.cofb.org\/wp-content\/uploads\/2025\/12\/COFB_TENDENCIES_MERCAT_13112025_03_edited-1-scaled.jpg","datePublished":"2025-11-26T13:27:20+00:00","dateModified":"2025-12-04T14:17:25+00:00","description":"El COFB va organitzar la confer\u00e8ncia \u201cTend\u00e8ncies en el mercat de la dermocosm\u00e8tica i oportunitats per a la farm\u00e0cia\u201d","breadcrumb":{"@id":"https:\/\/www.cofb.org\/2025\/11\/26\/tendencies-i-oportunitats-en-dermocosmetica-per-a-la-farmacia-en-una-nova-edicio-del-forum-dermoexpert\/#breadcrumb"},"inLanguage":"es","potentialAction":[{"@type":"ReadAction","target":["https:\/\/www.cofb.org\/2025\/11\/26\/tendencies-i-oportunitats-en-dermocosmetica-per-a-la-farmacia-en-una-nova-edicio-del-forum-dermoexpert\/"]}]},{"@type":"ImageObject","inLanguage":"es","@id":"https:\/\/www.cofb.org\/2025\/11\/26\/tendencies-i-oportunitats-en-dermocosmetica-per-a-la-farmacia-en-una-nova-edicio-del-forum-dermoexpert\/#primaryimage","url":"https:\/\/www.cofb.org\/wp-content\/uploads\/2025\/12\/COFB_TENDENCIES_MERCAT_13112025_03_edited-1-scaled.jpg","contentUrl":"https:\/\/www.cofb.org\/wp-content\/uploads\/2025\/12\/COFB_TENDENCIES_MERCAT_13112025_03_edited-1-scaled.jpg","width":2560,"height":1440},{"@type":"BreadcrumbList","@id":"https:\/\/www.cofb.org\/2025\/11\/26\/tendencies-i-oportunitats-en-dermocosmetica-per-a-la-farmacia-en-una-nova-edicio-del-forum-dermoexpert\/#breadcrumb","itemListElement":[{"@type":"ListItem","position":1,"name":"Inici","item":"https:\/\/novaorg.cofb.net\/"},{"@type":"ListItem","position":2,"name":"Tend\u00e8ncies i oportunitats en dermocosm\u00e8tica per a la farm\u00e0cia en una nova edici\u00f3 del F\u00f2rum Dermoexpert"}]},{"@type":"WebSite","@id":"https:\/\/www.cofb.org\/#website","url":"https:\/\/www.cofb.org\/","name":"Col\u00b7legi de Farmac\u00e8utics de Barcelona","description":"","publisher":{"@id":"https:\/\/www.cofb.org\/#organization"},"potentialAction":[{"@type":"SearchAction","target":{"@type":"EntryPoint","urlTemplate":"https:\/\/www.cofb.org\/?s={search_term_string}"},"query-input":"required name=search_term_string"}],"inLanguage":"es"},{"@type":"Organization","@id":"https:\/\/www.cofb.org\/#organization","name":"Col\u00b7legi de Farmac\u00e8utics de Barcelona","url":"https:\/\/www.cofb.org\/","logo":{"@type":"ImageObject","inLanguage":"es","@id":"https:\/\/www.cofb.org\/#\/schema\/logo\/image\/","url":"https:\/\/www.cofb.org\/wp-content\/uploads\/2023\/11\/cropped-Logotip-COFB.png","contentUrl":"https:\/\/www.cofb.org\/wp-content\/uploads\/2023\/11\/cropped-Logotip-COFB.png","width":500,"height":105,"caption":"Col\u00b7legi de Farmac\u00e8utics de Barcelona"},"image":{"@id":"https:\/\/www.cofb.org\/#\/schema\/logo\/image\/"},"sameAs":["https:\/\/www.facebook.com\/farmaceuticsbcn\/","https:\/\/twitter.com\/farmaceuticsbcn","https:\/\/www.instagram.com\/farmaceuticsbcn\/","https:\/\/www.linkedin.com\/company\/farmaceuticsbcn\/"]},{"@type":"Person","@id":"https:\/\/www.cofb.org\/#\/schema\/person\/e46d741cfb92c985a083d163d8270ae4","name":"Xavier Magraner","image":{"@type":"ImageObject","inLanguage":"es","@id":"https:\/\/www.cofb.org\/#\/schema\/person\/image\/","url":"https:\/\/secure.gravatar.com\/avatar\/aa0d1d4df59f71f88eebd5796c5388ff41c58d83c5301eb6e1d65646a289c37d?s=96&d=mm&r=g","contentUrl":"https:\/\/secure.gravatar.com\/avatar\/aa0d1d4df59f71f88eebd5796c5388ff41c58d83c5301eb6e1d65646a289c37d?s=96&d=mm&r=g","caption":"Xavier Magraner"},"url":"https:\/\/www.cofb.org\/es\/author\/xmagraner\/"}]}},"uagb_featured_image_src":{"full":["https:\/\/www.cofb.org\/wp-content\/uploads\/2025\/12\/COFB_TENDENCIES_MERCAT_13112025_03_edited-1-scaled.jpg",2560,1440,false],"thumbnail":["https:\/\/www.cofb.org\/wp-content\/uploads\/2025\/12\/COFB_TENDENCIES_MERCAT_13112025_03_edited-1-150x150.jpg",150,150,true],"medium":["https:\/\/www.cofb.org\/wp-content\/uploads\/2025\/12\/COFB_TENDENCIES_MERCAT_13112025_03_edited-1-300x169.jpg",300,169,true],"medium_large":["https:\/\/www.cofb.org\/wp-content\/uploads\/2025\/12\/COFB_TENDENCIES_MERCAT_13112025_03_edited-1-768x432.jpg",768,432,true],"large":["https:\/\/www.cofb.org\/wp-content\/uploads\/2025\/12\/COFB_TENDENCIES_MERCAT_13112025_03_edited-1-1024x576.jpg",1024,576,true],"1536x1536":["https:\/\/www.cofb.org\/wp-content\/uploads\/2025\/12\/COFB_TENDENCIES_MERCAT_13112025_03_edited-1-1536x864.jpg",1536,864,true],"2048x2048":["https:\/\/www.cofb.org\/wp-content\/uploads\/2025\/12\/COFB_TENDENCIES_MERCAT_13112025_03_edited-1-2048x1152.jpg",2048,1152,true],"trp-custom-language-flag":["https:\/\/www.cofb.org\/wp-content\/uploads\/2025\/12\/COFB_TENDENCIES_MERCAT_13112025_03_edited-1-18x10.jpg",18,10,true]},"uagb_author_info":{"display_name":"Xavier Magraner","author_link":"https:\/\/www.cofb.org\/es\/author\/xmagraner\/"},"uagb_comment_info":0,"uagb_excerpt":"El Col\u00b7legi de Farmac\u00e8utics de Barcelona (COFB) va presentar, el passat 11 de novembre, el F\u00f2rum Dermoexpert \u201cTend\u00e8ncies en el mercat de la dermocosm\u00e8tica i oportunitats per a la farm\u00e0cia\u201d, amb el patrocini de L\u2019Or\u00e9al. La formaci\u00f3, que va ser coordinada per Marta Alcalde, vocal de Dermofarm\u00e0cia i Productes Sanitaris [&hellip;]","_links":{"self":[{"href":"https:\/\/www.cofb.org\/es\/wp-json\/wp\/v2\/posts\/82763","targetHints":{"allow":["GET"]}}],"collection":[{"href":"https:\/\/www.cofb.org\/es\/wp-json\/wp\/v2\/posts"}],"about":[{"href":"https:\/\/www.cofb.org\/es\/wp-json\/wp\/v2\/types\/post"}],"author":[{"embeddable":true,"href":"https:\/\/www.cofb.org\/es\/wp-json\/wp\/v2\/users\/10"}],"replies":[{"embeddable":true,"href":"https:\/\/www.cofb.org\/es\/wp-json\/wp\/v2\/comments?post=82763"}],"version-history":[{"count":25,"href":"https:\/\/www.cofb.org\/es\/wp-json\/wp\/v2\/posts\/82763\/revisions"}],"predecessor-version":[{"id":83163,"href":"https:\/\/www.cofb.org\/es\/wp-json\/wp\/v2\/posts\/82763\/revisions\/83163"}],"wp:featuredmedia":[{"embeddable":true,"href":"https:\/\/www.cofb.org\/es\/wp-json\/wp\/v2\/media\/83137"}],"wp:attachment":[{"href":"https:\/\/www.cofb.org\/es\/wp-json\/wp\/v2\/media?parent=82763"}],"wp:term":[{"taxonomy":"category","embeddable":true,"href":"https:\/\/www.cofb.org\/es\/wp-json\/wp\/v2\/categories?post=82763"},{"taxonomy":"post_tag","embeddable":true,"href":"https:\/\/www.cofb.org\/es\/wp-json\/wp\/v2\/tags?post=82763"}],"curies":[{"name":"wp","href":"https:\/\/api.w.org\/{rel}","templated":true}]}}