{"id":82736,"date":"2025-11-24T12:36:00","date_gmt":"2025-11-24T12:36:00","guid":{"rendered":"https:\/\/www.cofb.org\/?p=82736"},"modified":"2025-11-27T12:40:16","modified_gmt":"2025-11-27T12:40:16","slug":"nova-actualitzacio-al-cofb-sobre-la-perforacio-del-lobul-de-lorella-a-loficina-de-farmacia","status":"publish","type":"post","link":"https:\/\/www.cofb.org\/es\/2025\/11\/24\/nova-actualitzacio-al-cofb-sobre-la-perforacio-del-lobul-de-lorella-a-loficina-de-farmacia\/","title":{"rendered":"Nueva actualizaci\u00f3n en el COFB sobre la perforaci\u00f3n del l\u00f3bulo de la oreja en la oficina de farmacia"},"content":{"rendered":"<p>El pasado 7 de noviembre, el <strong>Col\u00b7legi de Farmac\u00e8utics de Barcelona (COFB) <\/strong>organiz\u00f3 una nueva edici\u00f3n de la formaci\u00f3n \u201c<strong>La perforaci\u00f3n del l\u00f3bulo de la oreja<\/strong>\u201d con la colaboraci\u00f3n de <a href=\"https:\/\/www.prim.es\/\" target=\"_blank\" rel=\"noreferrer noopener\">DELGADO<\/a>. La sesi\u00f3n fue realizada por<strong> Gema Garrig\u00f3s<\/strong>, farmac\u00e9utica y bioqu\u00edmica y responsable de negocio de PRIM. La vocal de Dermofarmacia y Productos Sanitarios del COFB, <strong>Marta Alcade<\/strong>, coordin\u00f3 la formaci\u00f3n <strong>dirigida a farmac\u00e9uticos y farmac\u00e9uticas de farmacia comunitaria y t\u00e9cnicos y t\u00e9cnicas y auxiliares en farmacia y parafarmacia<\/strong>.<\/p>\n\n\n\n<figure class=\"wp-block-image size-large\"><a href=\"https:\/\/www.cofb.org\/wp-content\/uploads\/2025\/11\/PERFORACIO_LOBUL_COFB_10112025_01-scaled.jpg\" target=\"_blank\" rel=\" noreferrer noopener\"><img fetchpriority=\"high\" decoding=\"async\" width=\"1024\" height=\"576\" src=\"https:\/\/www.cofb.org\/wp-content\/uploads\/2025\/11\/PERFORACIO_LOBUL_COFB_10112025_01-1024x576.jpg\" alt=\"Marta Alcalde, vocal de Dermofarm\u00e0cia i Productes Sanitaris del COFB, va presentar la formaci\u00f3.\" class=\"wp-image-82748\" srcset=\"https:\/\/www.cofb.org\/wp-content\/uploads\/2025\/11\/PERFORACIO_LOBUL_COFB_10112025_01-1024x576.jpg 1024w, https:\/\/www.cofb.org\/wp-content\/uploads\/2025\/11\/PERFORACIO_LOBUL_COFB_10112025_01-300x169.jpg 300w, https:\/\/www.cofb.org\/wp-content\/uploads\/2025\/11\/PERFORACIO_LOBUL_COFB_10112025_01-768x432.jpg 768w, https:\/\/www.cofb.org\/wp-content\/uploads\/2025\/11\/PERFORACIO_LOBUL_COFB_10112025_01-1536x864.jpg 1536w, https:\/\/www.cofb.org\/wp-content\/uploads\/2025\/11\/PERFORACIO_LOBUL_COFB_10112025_01-2048x1152.jpg 2048w, https:\/\/www.cofb.org\/wp-content\/uploads\/2025\/11\/PERFORACIO_LOBUL_COFB_10112025_01-18x10.jpg 18w\" sizes=\"(max-width: 1024px) 100vw, 1024px\" \/><\/a><figcaption class=\"wp-element-caption\">Marta Alcalde, vocal de Dermofarmacia y Productos Sanitarios del COFB, present\u00f3 la formaci\u00f3n.<br><\/figcaption><\/figure>\n\n\n\n<p>Los <strong>objetivos <\/strong>de la formaci\u00f3n fueron <strong>saber c\u00f3mo hacer una perforaci\u00f3n del l\u00f3bulo de la oreja<\/strong> y c\u00f3mo <strong>aplicar las medidas higi\u00e9nicas y sanitarias<\/strong> posteriores para prevenir riesgos tanto del paciente como del personal que la realiza, entender las <strong>cuidados posteriores a realizar para prevenir reacciones adversas e identificar los posibles riesgos asociados<\/strong> que tiene el paciente.<\/p>\n\n\n\n<p>La vocal de Dermofarmacia y Productos Sanitarios del COFB, record\u00f3 que \u201ccada a\u00f1o se realiza esta formaci\u00f3n, ya que es un tema que interesa y uno <strong>servicio que muchas farmacias est\u00e1n realizando<\/strong>. El taller ha sido dividido en una <strong>parte te\u00f3rica<\/strong>, donde se explicar\u00e1 toda la informaci\u00f3n necesaria del l\u00f3bulo de la oreja, y una <strong>parte t\u00e9cnica<\/strong>, donde se enumerar\u00e1n los <strong>diferentes pasos para llevarlo a cabo<\/strong>&quot;Alcalde tambi\u00e9n explic\u00f3 los\u00a0<strong>aspectos legales y legislativos<\/strong>\u00a0a tener presentes en relaci\u00f3n con la perforaci\u00f3n del l\u00f3bulo de la oreja.<\/p>\n\n\n\n<p><\/p>\n\n\n\n<h2 class=\"wp-block-heading\">Alta demanda del servicio<\/h2>\n\n\n\n<p><strong>Gema Garrig\u00f3s<\/strong>, farmac\u00e9utica y bioqu\u00edmica y responsable de negocio de PRIM, inici\u00f3 la sesi\u00f3n explicando que \u201cla perforaci\u00f3n del l\u00f3bulo de la oreja cuenta con una gran demanda hoy en d\u00eda, puesto que <strong>todo tipo de personas piden este servicio<\/strong>. Lo m\u00e1s importante es que este servicio, que antes era para beb\u00e9s y ahora para todos, <strong>no se vaya de la farmacia<\/strong>\u201d.<\/p>\n\n\n\n<figure class=\"wp-block-image size-large\"><a href=\"https:\/\/www.cofb.org\/wp-content\/uploads\/2025\/11\/PERFORACIO_LOBUL_COFB_10112025_02-scaled.jpg\" target=\"_blank\" rel=\" noreferrer noopener\"><img decoding=\"async\" width=\"1024\" height=\"576\" src=\"https:\/\/www.cofb.org\/wp-content\/uploads\/2025\/11\/PERFORACIO_LOBUL_COFB_10112025_02-1024x576.jpg\" alt=\"Gema Garrig\u00f3s en un moment de la seva presentaci\u00f3.\" class=\"wp-image-82750\" srcset=\"https:\/\/www.cofb.org\/wp-content\/uploads\/2025\/11\/PERFORACIO_LOBUL_COFB_10112025_02-1024x576.jpg 1024w, https:\/\/www.cofb.org\/wp-content\/uploads\/2025\/11\/PERFORACIO_LOBUL_COFB_10112025_02-300x169.jpg 300w, https:\/\/www.cofb.org\/wp-content\/uploads\/2025\/11\/PERFORACIO_LOBUL_COFB_10112025_02-768x432.jpg 768w, https:\/\/www.cofb.org\/wp-content\/uploads\/2025\/11\/PERFORACIO_LOBUL_COFB_10112025_02-1536x864.jpg 1536w, https:\/\/www.cofb.org\/wp-content\/uploads\/2025\/11\/PERFORACIO_LOBUL_COFB_10112025_02-2048x1152.jpg 2048w, https:\/\/www.cofb.org\/wp-content\/uploads\/2025\/11\/PERFORACIO_LOBUL_COFB_10112025_02-18x10.jpg 18w\" sizes=\"(max-width: 1024px) 100vw, 1024px\" \/><\/a><figcaption class=\"wp-element-caption\">Gema Garrig\u00f3s en un momento de su presentaci\u00f3n.<\/figcaption><\/figure>\n\n\n\n<p>Garrig\u00f3s traslad\u00f3 que \u201centre uno <strong>50 y 90% de la poblaci\u00f3n <\/strong>cuenta actualmente con<strong> una o m\u00e1s perforaciones<\/strong>. Una vez te haces una y se tiene una buena experiencia, normalmente vas a buscar otra m\u00e1s.\u201d En relaci\u00f3n con la <strong>perforaci\u00f3n del l\u00f3bulo en la oficina de farmacia<\/strong>, la farmac\u00e9utica dej\u00f3 claro que \u201cse debe realizar mediante <strong>sistemas de clavado y abrochado <\/strong>de forma autom\u00e1tica, con material est\u00e9ril y desechable\u201d, recordando que \u201cen las farmacias nunca se podr\u00e1 perforar el cart\u00edlago de la oreja\u201d.<\/p>\n\n\n\n<h2 class=\"wp-block-heading\">Materiales y procedimientos para la perforaci\u00f3n del l\u00f3bulo de la oreja<\/h2>\n\n\n\n<p>Seguidamente, la farmac\u00e9utica repas\u00f3<strong> la anatom\u00eda y la fisiolog\u00eda de la oreja y<\/strong> las diferentes <strong>tipolog\u00edas de piercings m\u00e1s comunes en la oreja <\/strong>(l\u00f3bulo, tragus, antitragus, c\u00f3clea, snug, daith, rook, industrial, h\u00e9lice). En cuanto a los <strong>materiales necesarios para la perforaci\u00f3n del l\u00f3bulo de la oreja<\/strong>, especific\u00f3 que es necesario utilizar un<strong> instrumento perforador de uso manual<\/strong>, <strong>casetes est\u00e9riles desechables <\/strong>y que su esterilidad est\u00e9 garantizada, <strong>marcadores de uso t\u00f3pico<\/strong> y <strong>pendientes de perforaci\u00f3n<\/strong>. En cuanto a los pasos a seguir, indic\u00f3 que primero es necesario limpiar, despu\u00e9s marcar y, finalmente, perforar.<\/p>\n\n\n\n<figure class=\"wp-block-image size-large\"><a href=\"https:\/\/www.cofb.org\/wp-content\/uploads\/2025\/11\/PERFORACIO_LOBUL_COFB_10112025_03-scaled.jpg\" target=\"_blank\" rel=\" noreferrer noopener\"><img decoding=\"async\" width=\"1024\" height=\"576\" src=\"https:\/\/www.cofb.org\/wp-content\/uploads\/2025\/11\/PERFORACIO_LOBUL_COFB_10112025_03-1024x576.jpg\" alt=\"Durant la formaci\u00f3, es va dur a terme una part pr\u00e0ctica per aprendre com s'ha de perforar correctament el l\u00f2bul de l'orella\" class=\"wp-image-82745\" srcset=\"https:\/\/www.cofb.org\/wp-content\/uploads\/2025\/11\/PERFORACIO_LOBUL_COFB_10112025_03-1024x576.jpg 1024w, https:\/\/www.cofb.org\/wp-content\/uploads\/2025\/11\/PERFORACIO_LOBUL_COFB_10112025_03-300x169.jpg 300w, https:\/\/www.cofb.org\/wp-content\/uploads\/2025\/11\/PERFORACIO_LOBUL_COFB_10112025_03-768x432.jpg 768w, https:\/\/www.cofb.org\/wp-content\/uploads\/2025\/11\/PERFORACIO_LOBUL_COFB_10112025_03-1536x864.jpg 1536w, https:\/\/www.cofb.org\/wp-content\/uploads\/2025\/11\/PERFORACIO_LOBUL_COFB_10112025_03-2048x1152.jpg 2048w, https:\/\/www.cofb.org\/wp-content\/uploads\/2025\/11\/PERFORACIO_LOBUL_COFB_10112025_03-18x10.jpg 18w\" sizes=\"(max-width: 1024px) 100vw, 1024px\" \/><\/a><figcaption class=\"wp-element-caption\">Durante la formaci\u00f3n, se llev\u00f3 a cabo una parte pr\u00e1ctica para aprender c\u00f3mo perforar correctamente el l\u00f3bulo de la oreja.<\/figcaption><\/figure>\n\n\n\n<p>En el caso de la <strong>perforaci\u00f3n a ni\u00f1os<\/strong>, Garrig\u00f3s aconsej\u00f3 \u201cesperar a que el beb\u00e9 tenga<strong> tres o cuatro meses<\/strong> para que la oreja est\u00e9 bien formada antes de <strong>perforar y evitar futuras repeticiones<\/strong>. La perforaci\u00f3n debe ser lo antes posible, principalmente en la segunda oreja, para evitar que <strong>el beb\u00e9 se mueva y no generarle estr\u00e9s<\/strong>&quot;. En cuanto a la cicatrizaci\u00f3n, para que se produzca de manera r\u00e1pida y sin complicaciones, la farmac\u00e9utica dej\u00f3 claro que se deben tener una serie de precauciones: &quot;Se deben mantener los pendientes en la oreja durante seis semanas, cuidar la perforaci\u00f3n tres veces al d\u00eda, manteniendo la zona limpia y aireada y mantener la zona limpia y aireada&quot;.<\/p>\n\n\n\n<p class=\"has-text-align-right\"><strong>Con la colaboraci\u00f3n de:<\/strong><\/p>\n\n\n\n<figure class=\"wp-block-image alignright size-large is-resized\"><a href=\"https:\/\/www.prim.es\/\" target=\"_blank\" rel=\"noreferrer noopener\"><img loading=\"lazy\" decoding=\"async\" width=\"1024\" height=\"484\" src=\"https:\/\/www.cofb.org\/wp-content\/uploads\/2025\/06\/PRIM_logo_transparent-1024x484.png\" alt=\"\" class=\"wp-image-81358\" style=\"width:243px;height:auto\" srcset=\"https:\/\/www.cofb.org\/wp-content\/uploads\/2025\/06\/PRIM_logo_transparent-1024x484.png 1024w, https:\/\/www.cofb.org\/wp-content\/uploads\/2025\/06\/PRIM_logo_transparent-300x142.png 300w, https:\/\/www.cofb.org\/wp-content\/uploads\/2025\/06\/PRIM_logo_transparent-768x363.png 768w, https:\/\/www.cofb.org\/wp-content\/uploads\/2025\/06\/PRIM_logo_transparent-1536x725.png 1536w, https:\/\/www.cofb.org\/wp-content\/uploads\/2025\/06\/PRIM_logo_transparent-18x9.png 18w, https:\/\/www.cofb.org\/wp-content\/uploads\/2025\/06\/PRIM_logo_transparent.png 1800w\" sizes=\"(max-width: 1024px) 100vw, 1024px\" \/><\/a><\/figure>","protected":false},"excerpt":{"rendered":"<p>El pasado 7 de noviembre, el Colegio de Farmac\u00e9uticos de Barcelona (COFB) organiz\u00f3 una nueva edici\u00f3n de la formaci\u00f3n &quot;La perforaci\u00f3n del l\u00f3bulo de la oreja&quot; con la colaboraci\u00f3n de PRIM. La sesi\u00f3n fue realizada por Gema Garrig\u00f3s, farmac\u00e9utica y bioqu\u00edmica y responsable de negocio de PRIM. La vocal [\u2026]<\/p>","protected":false},"author":10,"featured_media":82745,"comment_status":"closed","ping_status":"closed","sticky":false,"template":"","format":"standard","meta":{"_uag_custom_page_level_css":"","site-sidebar-layout":"default","site-content-layout":"","ast-site-content-layout":"default","site-content-style":"default","site-sidebar-style":"default","ast-global-header-display":"","ast-banner-title-visibility":"","ast-main-header-display":"","ast-hfb-above-header-display":"","ast-hfb-below-header-display":"","ast-hfb-mobile-header-display":"","site-post-title":"","ast-breadcrumbs-content":"","ast-featured-img":"disabled","footer-sml-layout":"","theme-transparent-header-meta":"","adv-header-id-meta":"","stick-header-meta":"","header-above-stick-meta":"","header-main-stick-meta":"","header-below-stick-meta":"","astra-migrate-meta-layouts":"set","ast-page-background-enabled":"default","ast-page-background-meta":{"desktop":{"background-color":"var(--ast-global-color-4)","background-image":"","background-repeat":"repeat","background-position":"center center","background-size":"auto","background-attachment":"scroll","background-type":"","background-media":"","overlay-type":"","overlay-color":"","overlay-opacity":"","overlay-gradient":""},"tablet":{"background-color":"","background-image":"","background-repeat":"repeat","background-position":"center center","background-size":"auto","background-attachment":"scroll","background-type":"","background-media":"","overlay-type":"","overlay-color":"","overlay-opacity":"","overlay-gradient":""},"mobile":{"background-color":"","background-image":"","background-repeat":"repeat","background-position":"center center","background-size":"auto","background-attachment":"scroll","background-type":"","background-media":"","overlay-type":"","overlay-color":"","overlay-opacity":"","overlay-gradient":""}},"ast-content-background-meta":{"desktop":{"background-color":"var(--ast-global-color-5)","background-image":"","background-repeat":"repeat","background-position":"center center","background-size":"auto","background-attachment":"scroll","background-type":"","background-media":"","overlay-type":"","overlay-color":"","overlay-opacity":"","overlay-gradient":""},"tablet":{"background-color":"var(--ast-global-color-5)","background-image":"","background-repeat":"repeat","background-position":"center center","background-size":"auto","background-attachment":"scroll","background-type":"","background-media":"","overlay-type":"","overlay-color":"","overlay-opacity":"","overlay-gradient":""},"mobile":{"background-color":"var(--ast-global-color-5)","background-image":"","background-repeat":"repeat","background-position":"center center","background-size":"auto","background-attachment":"scroll","background-type":"","background-media":"","overlay-type":"","overlay-color":"","overlay-opacity":"","overlay-gradient":""}},"footnotes":""},"categories":[23,57],"tags":[2902,18,19,53,69,70,680,341,343],"class_list":["post-82736","post","type-post","status-publish","format-standard","has-post-thumbnail","hentry","category-destacats","category-mon-collegial","tag-bebes","tag-cofb","tag-collegi-de-farmaceutics-de-barcelona","tag-farmaceutics","tag-farmacia-comunitaria","tag-formacio","tag-lobul-orella","tag-perforacio-lobul-orella","tag-servei-de-perforacio-del-lobul-de-lorella"],"yoast_head":"<!-- This site is optimized with the Yoast SEO plugin v22.4 - https:\/\/yoast.com\/wordpress\/plugins\/seo\/ -->\n<title>Nova actualitzaci\u00f3 al COFB sobre la perforaci\u00f3 del l\u00f2bul de l&#039;orella a l&#039;oficina de farm\u00e0cia - Col\u00b7legi de Farmac\u00e8utics de Barcelona<\/title>\n<meta name=\"description\" content=\"El passat 7 de novembre, el COFB va organitzar la formaci\u00f3 \u201cLa perforaci\u00f3 del l\u00f2bul de l\u2019orella\u201d amb la col\u00b7laboraci\u00f3 de PRIM.\" \/>\n<meta name=\"robots\" content=\"index, follow, max-snippet:-1, max-image-preview:large, max-video-preview:-1\" \/>\n<link rel=\"canonical\" href=\"https:\/\/www.cofb.org\/es\/2025\/11\/24\/nova-actualitzacio-al-cofb-sobre-la-perforacio-del-lobul-de-lorella-a-loficina-de-farmacia\/\" \/>\n<meta property=\"og:locale\" content=\"es_ES\" \/>\n<meta property=\"og:type\" content=\"article\" \/>\n<meta property=\"og:title\" content=\"Nova actualitzaci\u00f3 al COFB sobre la perforaci\u00f3 del l\u00f2bul de l&#039;orella a l&#039;oficina de farm\u00e0cia - Col\u00b7legi de Farmac\u00e8utics de Barcelona\" \/>\n<meta property=\"og:description\" content=\"El passat 7 de novembre, el COFB va organitzar la formaci\u00f3 \u201cLa perforaci\u00f3 del l\u00f2bul de l\u2019orella\u201d amb la col\u00b7laboraci\u00f3 de PRIM.\" \/>\n<meta property=\"og:url\" content=\"https:\/\/www.cofb.org\/es\/2025\/11\/24\/nova-actualitzacio-al-cofb-sobre-la-perforacio-del-lobul-de-lorella-a-loficina-de-farmacia\/\" \/>\n<meta property=\"og:site_name\" content=\"Col\u00b7legi de Farmac\u00e8utics de Barcelona\" \/>\n<meta property=\"article:publisher\" content=\"https:\/\/www.facebook.com\/farmaceuticsbcn\/\" \/>\n<meta property=\"article:published_time\" content=\"2025-11-24T12:36:00+00:00\" \/>\n<meta property=\"article:modified_time\" content=\"2025-11-27T12:40:16+00:00\" \/>\n<meta property=\"og:image\" content=\"https:\/\/www.cofb.org\/wp-content\/uploads\/2025\/11\/PERFORACIO_LOBUL_COFB_10112025_03-scaled.jpg\" \/>\n\t<meta property=\"og:image:width\" content=\"2560\" \/>\n\t<meta property=\"og:image:height\" content=\"1440\" \/>\n\t<meta property=\"og:image:type\" content=\"image\/jpeg\" \/>\n<meta name=\"author\" content=\"Xavier Magraner\" \/>\n<meta name=\"twitter:card\" content=\"summary_large_image\" \/>\n<meta name=\"twitter:creator\" content=\"@farmaceuticsbcn\" \/>\n<meta name=\"twitter:site\" content=\"@farmaceuticsbcn\" \/>\n<meta name=\"twitter:label1\" content=\"Escrito por\" \/>\n\t<meta name=\"twitter:data1\" content=\"Xavier Magraner\" \/>\n\t<meta name=\"twitter:label2\" content=\"Tiempo de lectura\" \/>\n\t<meta name=\"twitter:data2\" content=\"5 minutos\" \/>\n<script type=\"application\/ld+json\" class=\"yoast-schema-graph\">{\"@context\":\"https:\/\/schema.org\",\"@graph\":[{\"@type\":\"Article\",\"@id\":\"https:\/\/www.cofb.org\/2025\/11\/24\/nova-actualitzacio-al-cofb-sobre-la-perforacio-del-lobul-de-lorella-a-loficina-de-farmacia\/#article\",\"isPartOf\":{\"@id\":\"https:\/\/www.cofb.org\/2025\/11\/24\/nova-actualitzacio-al-cofb-sobre-la-perforacio-del-lobul-de-lorella-a-loficina-de-farmacia\/\"},\"author\":{\"name\":\"Xavier Magraner\",\"@id\":\"https:\/\/www.cofb.org\/#\/schema\/person\/e46d741cfb92c985a083d163d8270ae4\"},\"headline\":\"Nova actualitzaci\u00f3 al COFB sobre la perforaci\u00f3 del l\u00f2bul de l&#8217;orella a l&#8217;oficina de farm\u00e0cia\",\"datePublished\":\"2025-11-24T12:36:00+00:00\",\"dateModified\":\"2025-11-27T12:40:16+00:00\",\"mainEntityOfPage\":{\"@id\":\"https:\/\/www.cofb.org\/2025\/11\/24\/nova-actualitzacio-al-cofb-sobre-la-perforacio-del-lobul-de-lorella-a-loficina-de-farmacia\/\"},\"wordCount\":754,\"publisher\":{\"@id\":\"https:\/\/www.cofb.org\/#organization\"},\"image\":{\"@id\":\"https:\/\/www.cofb.org\/2025\/11\/24\/nova-actualitzacio-al-cofb-sobre-la-perforacio-del-lobul-de-lorella-a-loficina-de-farmacia\/#primaryimage\"},\"thumbnailUrl\":\"https:\/\/www.cofb.org\/wp-content\/uploads\/2025\/11\/PERFORACIO_LOBUL_COFB_10112025_03-scaled.jpg\",\"keywords\":[\"beb\u00e8s\",\"COFB\",\"Col\u00b7legi de Farmac\u00e8utics de Barcelona\",\"farmac\u00e8utics\",\"farm\u00e0cia comunit\u00e0ria\",\"Formaci\u00f3\",\"l\u00f2bul orella\",\"Perforaci\u00f3 l\u00f2bul orella\",\"Servei de perforaci\u00f3 del l\u00f2bul de l&#039;orella\"],\"articleSection\":[\"Destacats\",\"M\u00f3n col\u00b7legial\"],\"inLanguage\":\"es\"},{\"@type\":\"WebPage\",\"@id\":\"https:\/\/www.cofb.org\/2025\/11\/24\/nova-actualitzacio-al-cofb-sobre-la-perforacio-del-lobul-de-lorella-a-loficina-de-farmacia\/\",\"url\":\"https:\/\/www.cofb.org\/2025\/11\/24\/nova-actualitzacio-al-cofb-sobre-la-perforacio-del-lobul-de-lorella-a-loficina-de-farmacia\/\",\"name\":\"Nova actualitzaci\u00f3 al COFB sobre la perforaci\u00f3 del l\u00f2bul de l'orella a l'oficina de farm\u00e0cia - Col\u00b7legi de Farmac\u00e8utics de Barcelona\",\"isPartOf\":{\"@id\":\"https:\/\/www.cofb.org\/#website\"},\"primaryImageOfPage\":{\"@id\":\"https:\/\/www.cofb.org\/2025\/11\/24\/nova-actualitzacio-al-cofb-sobre-la-perforacio-del-lobul-de-lorella-a-loficina-de-farmacia\/#primaryimage\"},\"image\":{\"@id\":\"https:\/\/www.cofb.org\/2025\/11\/24\/nova-actualitzacio-al-cofb-sobre-la-perforacio-del-lobul-de-lorella-a-loficina-de-farmacia\/#primaryimage\"},\"thumbnailUrl\":\"https:\/\/www.cofb.org\/wp-content\/uploads\/2025\/11\/PERFORACIO_LOBUL_COFB_10112025_03-scaled.jpg\",\"datePublished\":\"2025-11-24T12:36:00+00:00\",\"dateModified\":\"2025-11-27T12:40:16+00:00\",\"description\":\"El passat 7 de novembre, el COFB va organitzar la formaci\u00f3 \u201cLa perforaci\u00f3 del l\u00f2bul de l\u2019orella\u201d amb la col\u00b7laboraci\u00f3 de PRIM.\",\"breadcrumb\":{\"@id\":\"https:\/\/www.cofb.org\/2025\/11\/24\/nova-actualitzacio-al-cofb-sobre-la-perforacio-del-lobul-de-lorella-a-loficina-de-farmacia\/#breadcrumb\"},\"inLanguage\":\"es\",\"potentialAction\":[{\"@type\":\"ReadAction\",\"target\":[\"https:\/\/www.cofb.org\/2025\/11\/24\/nova-actualitzacio-al-cofb-sobre-la-perforacio-del-lobul-de-lorella-a-loficina-de-farmacia\/\"]}]},{\"@type\":\"ImageObject\",\"inLanguage\":\"es\",\"@id\":\"https:\/\/www.cofb.org\/2025\/11\/24\/nova-actualitzacio-al-cofb-sobre-la-perforacio-del-lobul-de-lorella-a-loficina-de-farmacia\/#primaryimage\",\"url\":\"https:\/\/www.cofb.org\/wp-content\/uploads\/2025\/11\/PERFORACIO_LOBUL_COFB_10112025_03-scaled.jpg\",\"contentUrl\":\"https:\/\/www.cofb.org\/wp-content\/uploads\/2025\/11\/PERFORACIO_LOBUL_COFB_10112025_03-scaled.jpg\",\"width\":2560,\"height\":1440},{\"@type\":\"BreadcrumbList\",\"@id\":\"https:\/\/www.cofb.org\/2025\/11\/24\/nova-actualitzacio-al-cofb-sobre-la-perforacio-del-lobul-de-lorella-a-loficina-de-farmacia\/#breadcrumb\",\"itemListElement\":[{\"@type\":\"ListItem\",\"position\":1,\"name\":\"Inici\",\"item\":\"https:\/\/novaorg.cofb.net\/\"},{\"@type\":\"ListItem\",\"position\":2,\"name\":\"Nova actualitzaci\u00f3 al COFB sobre la perforaci\u00f3 del l\u00f2bul de l&#8217;orella a l&#8217;oficina de farm\u00e0cia\"}]},{\"@type\":\"WebSite\",\"@id\":\"https:\/\/www.cofb.org\/#website\",\"url\":\"https:\/\/www.cofb.org\/\",\"name\":\"Col\u00b7legi de Farmac\u00e8utics de Barcelona\",\"description\":\"\",\"publisher\":{\"@id\":\"https:\/\/www.cofb.org\/#organization\"},\"potentialAction\":[{\"@type\":\"SearchAction\",\"target\":{\"@type\":\"EntryPoint\",\"urlTemplate\":\"https:\/\/www.cofb.org\/?s={search_term_string}\"},\"query-input\":\"required name=search_term_string\"}],\"inLanguage\":\"es\"},{\"@type\":\"Organization\",\"@id\":\"https:\/\/www.cofb.org\/#organization\",\"name\":\"Col\u00b7legi de Farmac\u00e8utics de Barcelona\",\"url\":\"https:\/\/www.cofb.org\/\",\"logo\":{\"@type\":\"ImageObject\",\"inLanguage\":\"es\",\"@id\":\"https:\/\/www.cofb.org\/#\/schema\/logo\/image\/\",\"url\":\"https:\/\/www.cofb.org\/wp-content\/uploads\/2023\/11\/cropped-Logotip-COFB.png\",\"contentUrl\":\"https:\/\/www.cofb.org\/wp-content\/uploads\/2023\/11\/cropped-Logotip-COFB.png\",\"width\":500,\"height\":105,\"caption\":\"Col\u00b7legi de Farmac\u00e8utics de Barcelona\"},\"image\":{\"@id\":\"https:\/\/www.cofb.org\/#\/schema\/logo\/image\/\"},\"sameAs\":[\"https:\/\/www.facebook.com\/farmaceuticsbcn\/\",\"https:\/\/twitter.com\/farmaceuticsbcn\",\"https:\/\/www.instagram.com\/farmaceuticsbcn\/\",\"https:\/\/www.linkedin.com\/company\/farmaceuticsbcn\/\"]},{\"@type\":\"Person\",\"@id\":\"https:\/\/www.cofb.org\/#\/schema\/person\/e46d741cfb92c985a083d163d8270ae4\",\"name\":\"Xavier Magraner\",\"image\":{\"@type\":\"ImageObject\",\"inLanguage\":\"es\",\"@id\":\"https:\/\/www.cofb.org\/#\/schema\/person\/image\/\",\"url\":\"https:\/\/secure.gravatar.com\/avatar\/aa0d1d4df59f71f88eebd5796c5388ff41c58d83c5301eb6e1d65646a289c37d?s=96&d=mm&r=g\",\"contentUrl\":\"https:\/\/secure.gravatar.com\/avatar\/aa0d1d4df59f71f88eebd5796c5388ff41c58d83c5301eb6e1d65646a289c37d?s=96&d=mm&r=g\",\"caption\":\"Xavier Magraner\"},\"url\":\"https:\/\/www.cofb.org\/es\/author\/xmagraner\/\"}]}<\/script>\n<!-- \/ Yoast SEO plugin. -->","yoast_head_json":{"title":"Nova actualitzaci\u00f3 al COFB sobre la perforaci\u00f3 del l\u00f2bul de l'orella a l'oficina de farm\u00e0cia - Col\u00b7legi de Farmac\u00e8utics de Barcelona","description":"El passat 7 de novembre, el COFB va organitzar la formaci\u00f3 \u201cLa perforaci\u00f3 del l\u00f2bul de l\u2019orella\u201d amb la col\u00b7laboraci\u00f3 de PRIM.","robots":{"index":"index","follow":"follow","max-snippet":"max-snippet:-1","max-image-preview":"max-image-preview:large","max-video-preview":"max-video-preview:-1"},"canonical":"https:\/\/www.cofb.org\/es\/2025\/11\/24\/nova-actualitzacio-al-cofb-sobre-la-perforacio-del-lobul-de-lorella-a-loficina-de-farmacia\/","og_locale":"es_ES","og_type":"article","og_title":"Nova actualitzaci\u00f3 al COFB sobre la perforaci\u00f3 del l\u00f2bul de l'orella a l'oficina de farm\u00e0cia - Col\u00b7legi de Farmac\u00e8utics de Barcelona","og_description":"El passat 7 de novembre, el COFB va organitzar la formaci\u00f3 \u201cLa perforaci\u00f3 del l\u00f2bul de l\u2019orella\u201d amb la col\u00b7laboraci\u00f3 de PRIM.","og_url":"https:\/\/www.cofb.org\/es\/2025\/11\/24\/nova-actualitzacio-al-cofb-sobre-la-perforacio-del-lobul-de-lorella-a-loficina-de-farmacia\/","og_site_name":"Col\u00b7legi de Farmac\u00e8utics de Barcelona","article_publisher":"https:\/\/www.facebook.com\/farmaceuticsbcn\/","article_published_time":"2025-11-24T12:36:00+00:00","article_modified_time":"2025-11-27T12:40:16+00:00","og_image":[{"width":2560,"height":1440,"url":"https:\/\/www.cofb.org\/wp-content\/uploads\/2025\/11\/PERFORACIO_LOBUL_COFB_10112025_03-scaled.jpg","type":"image\/jpeg"}],"author":"Xavier Magraner","twitter_card":"summary_large_image","twitter_creator":"@farmaceuticsbcn","twitter_site":"@farmaceuticsbcn","twitter_misc":{"Escrito por":"Xavier Magraner","Tiempo de lectura":"5 minutos"},"schema":{"@context":"https:\/\/schema.org","@graph":[{"@type":"Article","@id":"https:\/\/www.cofb.org\/2025\/11\/24\/nova-actualitzacio-al-cofb-sobre-la-perforacio-del-lobul-de-lorella-a-loficina-de-farmacia\/#article","isPartOf":{"@id":"https:\/\/www.cofb.org\/2025\/11\/24\/nova-actualitzacio-al-cofb-sobre-la-perforacio-del-lobul-de-lorella-a-loficina-de-farmacia\/"},"author":{"name":"Xavier Magraner","@id":"https:\/\/www.cofb.org\/#\/schema\/person\/e46d741cfb92c985a083d163d8270ae4"},"headline":"Nova actualitzaci\u00f3 al COFB sobre la perforaci\u00f3 del l\u00f2bul de l&#8217;orella a l&#8217;oficina de farm\u00e0cia","datePublished":"2025-11-24T12:36:00+00:00","dateModified":"2025-11-27T12:40:16+00:00","mainEntityOfPage":{"@id":"https:\/\/www.cofb.org\/2025\/11\/24\/nova-actualitzacio-al-cofb-sobre-la-perforacio-del-lobul-de-lorella-a-loficina-de-farmacia\/"},"wordCount":754,"publisher":{"@id":"https:\/\/www.cofb.org\/#organization"},"image":{"@id":"https:\/\/www.cofb.org\/2025\/11\/24\/nova-actualitzacio-al-cofb-sobre-la-perforacio-del-lobul-de-lorella-a-loficina-de-farmacia\/#primaryimage"},"thumbnailUrl":"https:\/\/www.cofb.org\/wp-content\/uploads\/2025\/11\/PERFORACIO_LOBUL_COFB_10112025_03-scaled.jpg","keywords":["beb\u00e8s","COFB","Col\u00b7legi de Farmac\u00e8utics de Barcelona","farmac\u00e8utics","farm\u00e0cia comunit\u00e0ria","Formaci\u00f3","l\u00f2bul orella","Perforaci\u00f3 l\u00f2bul orella","Servei de perforaci\u00f3 del l\u00f2bul de l&#039;orella"],"articleSection":["Destacats","M\u00f3n col\u00b7legial"],"inLanguage":"es"},{"@type":"WebPage","@id":"https:\/\/www.cofb.org\/2025\/11\/24\/nova-actualitzacio-al-cofb-sobre-la-perforacio-del-lobul-de-lorella-a-loficina-de-farmacia\/","url":"https:\/\/www.cofb.org\/2025\/11\/24\/nova-actualitzacio-al-cofb-sobre-la-perforacio-del-lobul-de-lorella-a-loficina-de-farmacia\/","name":"Nova actualitzaci\u00f3 al COFB sobre la perforaci\u00f3 del l\u00f2bul de l'orella a l'oficina de farm\u00e0cia - Col\u00b7legi de Farmac\u00e8utics de Barcelona","isPartOf":{"@id":"https:\/\/www.cofb.org\/#website"},"primaryImageOfPage":{"@id":"https:\/\/www.cofb.org\/2025\/11\/24\/nova-actualitzacio-al-cofb-sobre-la-perforacio-del-lobul-de-lorella-a-loficina-de-farmacia\/#primaryimage"},"image":{"@id":"https:\/\/www.cofb.org\/2025\/11\/24\/nova-actualitzacio-al-cofb-sobre-la-perforacio-del-lobul-de-lorella-a-loficina-de-farmacia\/#primaryimage"},"thumbnailUrl":"https:\/\/www.cofb.org\/wp-content\/uploads\/2025\/11\/PERFORACIO_LOBUL_COFB_10112025_03-scaled.jpg","datePublished":"2025-11-24T12:36:00+00:00","dateModified":"2025-11-27T12:40:16+00:00","description":"El passat 7 de novembre, el COFB va organitzar la formaci\u00f3 \u201cLa perforaci\u00f3 del l\u00f2bul de l\u2019orella\u201d amb la col\u00b7laboraci\u00f3 de PRIM.","breadcrumb":{"@id":"https:\/\/www.cofb.org\/2025\/11\/24\/nova-actualitzacio-al-cofb-sobre-la-perforacio-del-lobul-de-lorella-a-loficina-de-farmacia\/#breadcrumb"},"inLanguage":"es","potentialAction":[{"@type":"ReadAction","target":["https:\/\/www.cofb.org\/2025\/11\/24\/nova-actualitzacio-al-cofb-sobre-la-perforacio-del-lobul-de-lorella-a-loficina-de-farmacia\/"]}]},{"@type":"ImageObject","inLanguage":"es","@id":"https:\/\/www.cofb.org\/2025\/11\/24\/nova-actualitzacio-al-cofb-sobre-la-perforacio-del-lobul-de-lorella-a-loficina-de-farmacia\/#primaryimage","url":"https:\/\/www.cofb.org\/wp-content\/uploads\/2025\/11\/PERFORACIO_LOBUL_COFB_10112025_03-scaled.jpg","contentUrl":"https:\/\/www.cofb.org\/wp-content\/uploads\/2025\/11\/PERFORACIO_LOBUL_COFB_10112025_03-scaled.jpg","width":2560,"height":1440},{"@type":"BreadcrumbList","@id":"https:\/\/www.cofb.org\/2025\/11\/24\/nova-actualitzacio-al-cofb-sobre-la-perforacio-del-lobul-de-lorella-a-loficina-de-farmacia\/#breadcrumb","itemListElement":[{"@type":"ListItem","position":1,"name":"Inici","item":"https:\/\/novaorg.cofb.net\/"},{"@type":"ListItem","position":2,"name":"Nova actualitzaci\u00f3 al COFB sobre la perforaci\u00f3 del l\u00f2bul de l&#8217;orella a l&#8217;oficina de farm\u00e0cia"}]},{"@type":"WebSite","@id":"https:\/\/www.cofb.org\/#website","url":"https:\/\/www.cofb.org\/","name":"Col\u00b7legi de Farmac\u00e8utics de Barcelona","description":"","publisher":{"@id":"https:\/\/www.cofb.org\/#organization"},"potentialAction":[{"@type":"SearchAction","target":{"@type":"EntryPoint","urlTemplate":"https:\/\/www.cofb.org\/?s={search_term_string}"},"query-input":"required name=search_term_string"}],"inLanguage":"es"},{"@type":"Organization","@id":"https:\/\/www.cofb.org\/#organization","name":"Col\u00b7legi de Farmac\u00e8utics de Barcelona","url":"https:\/\/www.cofb.org\/","logo":{"@type":"ImageObject","inLanguage":"es","@id":"https:\/\/www.cofb.org\/#\/schema\/logo\/image\/","url":"https:\/\/www.cofb.org\/wp-content\/uploads\/2023\/11\/cropped-Logotip-COFB.png","contentUrl":"https:\/\/www.cofb.org\/wp-content\/uploads\/2023\/11\/cropped-Logotip-COFB.png","width":500,"height":105,"caption":"Col\u00b7legi de Farmac\u00e8utics de Barcelona"},"image":{"@id":"https:\/\/www.cofb.org\/#\/schema\/logo\/image\/"},"sameAs":["https:\/\/www.facebook.com\/farmaceuticsbcn\/","https:\/\/twitter.com\/farmaceuticsbcn","https:\/\/www.instagram.com\/farmaceuticsbcn\/","https:\/\/www.linkedin.com\/company\/farmaceuticsbcn\/"]},{"@type":"Person","@id":"https:\/\/www.cofb.org\/#\/schema\/person\/e46d741cfb92c985a083d163d8270ae4","name":"Xavier Magraner","image":{"@type":"ImageObject","inLanguage":"es","@id":"https:\/\/www.cofb.org\/#\/schema\/person\/image\/","url":"https:\/\/secure.gravatar.com\/avatar\/aa0d1d4df59f71f88eebd5796c5388ff41c58d83c5301eb6e1d65646a289c37d?s=96&d=mm&r=g","contentUrl":"https:\/\/secure.gravatar.com\/avatar\/aa0d1d4df59f71f88eebd5796c5388ff41c58d83c5301eb6e1d65646a289c37d?s=96&d=mm&r=g","caption":"Xavier Magraner"},"url":"https:\/\/www.cofb.org\/es\/author\/xmagraner\/"}]}},"uagb_featured_image_src":{"full":["https:\/\/www.cofb.org\/wp-content\/uploads\/2025\/11\/PERFORACIO_LOBUL_COFB_10112025_03-scaled.jpg",2560,1440,false],"thumbnail":["https:\/\/www.cofb.org\/wp-content\/uploads\/2025\/11\/PERFORACIO_LOBUL_COFB_10112025_03-150x150.jpg",150,150,true],"medium":["https:\/\/www.cofb.org\/wp-content\/uploads\/2025\/11\/PERFORACIO_LOBUL_COFB_10112025_03-300x169.jpg",300,169,true],"medium_large":["https:\/\/www.cofb.org\/wp-content\/uploads\/2025\/11\/PERFORACIO_LOBUL_COFB_10112025_03-768x432.jpg",768,432,true],"large":["https:\/\/www.cofb.org\/wp-content\/uploads\/2025\/11\/PERFORACIO_LOBUL_COFB_10112025_03-1024x576.jpg",1024,576,true],"1536x1536":["https:\/\/www.cofb.org\/wp-content\/uploads\/2025\/11\/PERFORACIO_LOBUL_COFB_10112025_03-1536x864.jpg",1536,864,true],"2048x2048":["https:\/\/www.cofb.org\/wp-content\/uploads\/2025\/11\/PERFORACIO_LOBUL_COFB_10112025_03-2048x1152.jpg",2048,1152,true],"trp-custom-language-flag":["https:\/\/www.cofb.org\/wp-content\/uploads\/2025\/11\/PERFORACIO_LOBUL_COFB_10112025_03-18x10.jpg",18,10,true]},"uagb_author_info":{"display_name":"Xavier Magraner","author_link":"https:\/\/www.cofb.org\/es\/author\/xmagraner\/"},"uagb_comment_info":0,"uagb_excerpt":"El passat 7 de novembre, el Col\u00b7legi de Farmac\u00e8utics de Barcelona (COFB) va organitzar una nova edici\u00f3 de la formaci\u00f3 \u201cLa perforaci\u00f3 del l\u00f2bul de l\u2019orella\u201d amb la col\u00b7laboraci\u00f3 de PRIM. La sessi\u00f3 va ser realitzada per Gema Garrig\u00f3s, farmac\u00e8utica i bioqu\u00edmica i responsable de negoci de PRIM. La vocal [&hellip;]","_links":{"self":[{"href":"https:\/\/www.cofb.org\/es\/wp-json\/wp\/v2\/posts\/82736","targetHints":{"allow":["GET"]}}],"collection":[{"href":"https:\/\/www.cofb.org\/es\/wp-json\/wp\/v2\/posts"}],"about":[{"href":"https:\/\/www.cofb.org\/es\/wp-json\/wp\/v2\/types\/post"}],"author":[{"embeddable":true,"href":"https:\/\/www.cofb.org\/es\/wp-json\/wp\/v2\/users\/10"}],"replies":[{"embeddable":true,"href":"https:\/\/www.cofb.org\/es\/wp-json\/wp\/v2\/comments?post=82736"}],"version-history":[{"count":19,"href":"https:\/\/www.cofb.org\/es\/wp-json\/wp\/v2\/posts\/82736\/revisions"}],"predecessor-version":[{"id":82999,"href":"https:\/\/www.cofb.org\/es\/wp-json\/wp\/v2\/posts\/82736\/revisions\/82999"}],"wp:featuredmedia":[{"embeddable":true,"href":"https:\/\/www.cofb.org\/es\/wp-json\/wp\/v2\/media\/82745"}],"wp:attachment":[{"href":"https:\/\/www.cofb.org\/es\/wp-json\/wp\/v2\/media?parent=82736"}],"wp:term":[{"taxonomy":"category","embeddable":true,"href":"https:\/\/www.cofb.org\/es\/wp-json\/wp\/v2\/categories?post=82736"},{"taxonomy":"post_tag","embeddable":true,"href":"https:\/\/www.cofb.org\/es\/wp-json\/wp\/v2\/tags?post=82736"}],"curies":[{"name":"wp","href":"https:\/\/api.w.org\/{rel}","templated":true}]}}