{"id":82697,"date":"2025-11-25T16:59:34","date_gmt":"2025-11-25T16:59:34","guid":{"rendered":"https:\/\/www.cofb.org\/?p=82697"},"modified":"2025-12-01T17:08:34","modified_gmt":"2025-12-01T17:08:34","slug":"com-afecta-la-llei-denvasos-i-residus-a-les-farmacies","status":"publish","type":"post","link":"https:\/\/www.cofb.org\/es\/2025\/11\/25\/com-afecta-la-llei-denvasos-i-residus-a-les-farmacies\/","title":{"rendered":"\u00bfC\u00f3mo afecta la ley de envases y residuos en las farmacias?"},"content":{"rendered":"<p>Este mes de noviembre ha tenido lugar en el <strong>Col\u00b7legi de Farmac\u00e8utics de Barcelona (COFB)<\/strong> la tertulia de actualidad \u201c<strong>Ley de envases y residuos<\/strong>\u201d, con relaci\u00f3n al <strong>Real decreto 1055\/2022<\/strong> que regula <strong>la gesti\u00f3n de envases y residuos de envases<\/strong> con el objetivo de reducir su impacto ambiental y fomentar la econom\u00eda circular. La sesi\u00f3n fue impartida por <strong>Jordi Picas<\/strong>, jefe del departamento de Gesti\u00f3n de Infraestructuras de la Agencia de Residuos de Catalu\u00f1a; y <strong>Lorena Rivera<\/strong>, responsable del Centro de Informaci\u00f3n del Medicamento (CIM) del COFB.<\/p>\n\n\n\n<figure class=\"wp-block-image size-large\"><a href=\"https:\/\/www.cofb.org\/wp-content\/uploads\/2025\/11\/ENVASOS_RESIDUS_COFB_5112025_03-scaled.jpg\" target=\"_blank\" rel=\" noreferrer noopener\"><img fetchpriority=\"high\" decoding=\"async\" width=\"1024\" height=\"576\" src=\"https:\/\/www.cofb.org\/wp-content\/uploads\/2025\/11\/ENVASOS_RESIDUS_COFB_5112025_03-1024x576.jpg\" alt=\"\" class=\"wp-image-82706\" srcset=\"https:\/\/www.cofb.org\/wp-content\/uploads\/2025\/11\/ENVASOS_RESIDUS_COFB_5112025_03-1024x576.jpg 1024w, https:\/\/www.cofb.org\/wp-content\/uploads\/2025\/11\/ENVASOS_RESIDUS_COFB_5112025_03-300x169.jpg 300w, https:\/\/www.cofb.org\/wp-content\/uploads\/2025\/11\/ENVASOS_RESIDUS_COFB_5112025_03-768x432.jpg 768w, https:\/\/www.cofb.org\/wp-content\/uploads\/2025\/11\/ENVASOS_RESIDUS_COFB_5112025_03-1536x864.jpg 1536w, https:\/\/www.cofb.org\/wp-content\/uploads\/2025\/11\/ENVASOS_RESIDUS_COFB_5112025_03-2048x1152.jpg 2048w, https:\/\/www.cofb.org\/wp-content\/uploads\/2025\/11\/ENVASOS_RESIDUS_COFB_5112025_03-18x10.jpg 18w\" sizes=\"(max-width: 1024px) 100vw, 1024px\" \/><\/a><\/figure>\n\n\n\n<p><strong>Elena Palau<\/strong>, vicetesorera del COFB, moder\u00f3 la tertulia de actualidad que ten\u00eda como objetivos identificar <strong>a quien afecta la normativa<\/strong>, conocer las obligaciones del <strong>productor de producto<\/strong> (PdP), <strong>registrarse como PdP<\/strong>, <strong>informar anualmente de los envases puestos en el mercado<\/strong> y <strong>saber implantar el RD 1055\/2022<\/strong> en la oficina de farmacia.<\/p>\n\n\n\n<h2 class=\"wp-block-heading\">Evoluci\u00f3n de la normativa ligada a la gesti\u00f3n de residuos<\/h2>\n\n\n\n<p>En su exposici\u00f3n, Jordi Picas empez\u00f3 recordando que la <strong>gesti\u00f3n de residuos<\/strong> \u201ctiene una <strong>gran implicaci\u00f3n en lo que respecta a las farmacias<\/strong>, ya que se usan productos que pueden convertirse en residuos. Es relevante generar un <strong>debate<\/strong> sobre cu\u00e1l debe ser <strong>el papel que juegan las farmacias<\/strong> en cuanto a la <strong>gesti\u00f3n de residuos<\/strong>\u201d.<\/p>\n\n\n\n<p>Picas dej\u00f3 claro que los residuos tienen, actualmente, &quot;una relevancia importante. Cada vez se habla m\u00e1s de <strong>cambio clim\u00e1tico<\/strong>, llegando a un punto que les <strong>residuos<\/strong> que la sociedad genera <strong>impactan en nuestro d\u00eda a d\u00eda<\/strong>&quot;. Debido a esta situaci\u00f3n, &quot;la <strong>Generalidad de Catalu\u00f1a<\/strong> cre\u00f3 el <strong>1993<\/strong> una <strong>primera normativa<\/strong> sobre su correcta gesti\u00f3n. Posteriormente, el <strong>1994<\/strong> y ante la problem\u00e1tica de los envases, la <strong>Uni\u00f3n Europea<\/strong> elabor\u00f3 una <strong>primera directiva<\/strong>. Han pasado m\u00e1s de 30 a\u00f1os desde entonces, por lo que los gobiernos fueron adapt\u00e1ndose a las nuevas realidades\u201d.<\/p>\n\n\n\n<figure class=\"wp-block-image size-large\"><a href=\"https:\/\/www.cofb.org\/wp-content\/uploads\/2025\/11\/ENVASOS_RESIDUS_COFB_5112025_01-scaled.jpg\" target=\"_blank\" rel=\" noreferrer noopener\"><img decoding=\"async\" width=\"1024\" height=\"576\" src=\"https:\/\/www.cofb.org\/wp-content\/uploads\/2025\/11\/ENVASOS_RESIDUS_COFB_5112025_01-1024x576.jpg\" alt=\"Jordi Picas va descriure l'evoluci\u00f3 de les lleis de Residus a nivell europeu, espanyol i catal\u00e0.\" class=\"wp-image-82702\" srcset=\"https:\/\/www.cofb.org\/wp-content\/uploads\/2025\/11\/ENVASOS_RESIDUS_COFB_5112025_01-1024x576.jpg 1024w, https:\/\/www.cofb.org\/wp-content\/uploads\/2025\/11\/ENVASOS_RESIDUS_COFB_5112025_01-300x169.jpg 300w, https:\/\/www.cofb.org\/wp-content\/uploads\/2025\/11\/ENVASOS_RESIDUS_COFB_5112025_01-768x432.jpg 768w, https:\/\/www.cofb.org\/wp-content\/uploads\/2025\/11\/ENVASOS_RESIDUS_COFB_5112025_01-1536x864.jpg 1536w, https:\/\/www.cofb.org\/wp-content\/uploads\/2025\/11\/ENVASOS_RESIDUS_COFB_5112025_01-2048x1152.jpg 2048w, https:\/\/www.cofb.org\/wp-content\/uploads\/2025\/11\/ENVASOS_RESIDUS_COFB_5112025_01-18x10.jpg 18w\" sizes=\"(max-width: 1024px) 100vw, 1024px\" \/><\/a><figcaption class=\"wp-element-caption\">Jordi Picas describi\u00f3 la evoluci\u00f3n de las leyes de Residuos a nivel europeo, espa\u00f1ol y catal\u00e1n.<\/figcaption><\/figure>\n\n\n\n<p>Siguiendo cronol\u00f3gicamente los avances en cuanto a <strong>las leyes de Residuos<\/strong>, el jefe del departamento de Gesti\u00f3n de Infraestructuras de la Agencia de Residuos de Catalu\u00f1a record\u00f3 que la <strong>directiva europea<\/strong> fue traspasada a <strong>el ordenamiento jur\u00eddico espa\u00f1ol en 1997<\/strong>: \u201cEsta ley regulaba la <strong>gesti\u00f3n de los envases dom\u00e9sticos<\/strong> susceptibles de generarse en las <strong>hogares de los ciudadanos<\/strong>, mientras que dejaba los <strong>envases comerciales e industriales<\/strong> a expensas de que fuera el que compraba el producto quien lo regulara.\u201d As\u00ed pues, Picas aclar\u00f3 que en el caso de los <strong>envases dom\u00e9sticos<\/strong>, \u201cobligaba a que fuera <strong>el envasador<\/strong> lo que deb\u00eda tener las <strong>obligaciones con los envases<\/strong> que se convert\u00edan en residuos, financiando su coste y procurando una gesti\u00f3n correcta\u201d.<\/p>\n\n\n\n<h2 class=\"wp-block-heading\">Las farmacias y el Real decreto 1055\/2022. Afectaciones y pasos a seguir<\/h2>\n\n\n\n<p> <strong>Lorena Rivera<\/strong> empez\u00f3 su presentaci\u00f3n recordando c\u00f3mo afectar\u00eda al actual <strong>Real decreto 1055\/2022<\/strong> de <strong>regulaci\u00f3n de envases y residuos<\/strong>: \u201cLas oficinas de farmacia afectadas son las que elaboran o tienen pensado elaborar <strong>formas magistrales<\/strong> o <strong>preparados originales<\/strong> (FM\/PO). Las farmacias que s\u00f3lo dispensan f\u00f3rmulas para que las elabora un tercero, <strong>no est\u00e1n afectadas<\/strong> por esta normativa.\u201d Frente a qu\u00e9 hay que hacer por <strong>cumplir con las obligaciones<\/strong> si una oficina de farmacia s\u00ed que prev\u00e9 elaborar <strong>f\u00f3rmulas magistrales o preparados oficinales en 2025<\/strong>, Rivera remarc\u00f3 \u201cla necesidad <strong>de adherirse al SCRAP de SIGRE<\/strong> y la inscripci\u00f3n al <strong>Registro de Productores de Producto<\/strong> del Ministerio por la Transici\u00f3n Ecol\u00f3gica y el Reto Demogr\u00e1fico (<strong>MITECO<\/strong>)&quot;. Adem\u00e1s, &quot;ser\u00e1 necesario la declaraci\u00f3n estimada del n\u00famero de envases que previsiblemente se pondr\u00e1n al mercado el primer a\u00f1o de adhesi\u00f3n&quot;.<\/p>\n\n\n\n<figure class=\"wp-block-image size-large\"><a href=\"https:\/\/www.cofb.org\/wp-content\/uploads\/2025\/11\/ENVASOS_RESIDUS_COFB_5112025_02-scaled.jpg\" target=\"_blank\" rel=\" noreferrer noopener\"><img decoding=\"async\" width=\"1024\" height=\"576\" src=\"https:\/\/www.cofb.org\/wp-content\/uploads\/2025\/11\/ENVASOS_RESIDUS_COFB_5112025_02-1024x576.jpg\" alt=\"Els passos a seguir per les farm\u00e0cies en relaci\u00f3 al Reial decret 1055\/2022 van ser descrits per Lorena Rivera.\" class=\"wp-image-82703\" srcset=\"https:\/\/www.cofb.org\/wp-content\/uploads\/2025\/11\/ENVASOS_RESIDUS_COFB_5112025_02-1024x576.jpg 1024w, https:\/\/www.cofb.org\/wp-content\/uploads\/2025\/11\/ENVASOS_RESIDUS_COFB_5112025_02-300x169.jpg 300w, https:\/\/www.cofb.org\/wp-content\/uploads\/2025\/11\/ENVASOS_RESIDUS_COFB_5112025_02-768x432.jpg 768w, https:\/\/www.cofb.org\/wp-content\/uploads\/2025\/11\/ENVASOS_RESIDUS_COFB_5112025_02-1536x864.jpg 1536w, https:\/\/www.cofb.org\/wp-content\/uploads\/2025\/11\/ENVASOS_RESIDUS_COFB_5112025_02-2048x1152.jpg 2048w, https:\/\/www.cofb.org\/wp-content\/uploads\/2025\/11\/ENVASOS_RESIDUS_COFB_5112025_02-18x10.jpg 18w\" sizes=\"(max-width: 1024px) 100vw, 1024px\" \/><\/a><figcaption class=\"wp-element-caption\">Los pasos a seguir por las farmacias en relaci\u00f3n con el Real Decreto 1055\/2022 fueron descritos por Lorena Rivera.<\/figcaption><\/figure>\n\n\n\n<p>El \u00faltimo paso obligado ser\u00e1 \u201ca\u00f1adir el <strong>certificado de adhesi\u00f3n a SIGRE<\/strong> en el Registro de Productores de Producto del MITECO, cuando el <strong>COFB lo facilite<\/strong>&quot;, remarc\u00f3 la responsable del CIM del COFB. En caso de que una oficina de farmacia haya<strong> elaborado f\u00f3rmulas magistrales o preparados originales durante el 2025<\/strong>, deber\u00e1 declararles <strong>primer trimestre de 2026<\/strong>. Tal y como mencion\u00f3 Rivera, \u201ces necesaria la <strong>declaraci\u00f3n de la empresa en SIGRE<\/strong> y la <strong>declaraci\u00f3n anual en el MITECO<\/strong>. Esta gesti\u00f3n tiene un coste, tanto por <strong>la adhesi\u00f3n al SCRAP del SIGRE<\/strong> como el <strong>coste del envase<\/strong>\u201d.<\/p>\n\n\n\n<p>Por \u00faltimo, las <strong>pasos a seguir en 2026<\/strong> en cuanto a la <strong>declaraci\u00f3n anual del MITECO<\/strong> fueron explicadas con detalle por Rivera: &quot;Se debe declarar la informaci\u00f3n relativa a los envases puestos en el mercado durante un a\u00f1o natural, indicando su peso y materiales. Adem\u00e1s, el ministerio permite 2 tipos de declaraci\u00f3n seg\u00fan el peso. Las instrucciones del <strong>Consejo General de Colegios Farmac\u00e9uticos<\/strong> (CGCOF) est\u00e1n elaboradas para presentar la declaraci\u00f3n simplificada, situaci\u00f3n en la que se prev\u00e9 que est\u00e9n todas las oficinas de farmacias elaboradoras de FM\/PO\u201d.<\/p>","protected":false},"excerpt":{"rendered":"<p>Este mes de noviembre ha tenido lugar en el Colegio de Farmac\u00e9uticos de Barcelona (COFB) la tertulia de actualidad &quot;Ley de envases y residuos&quot;, en relaci\u00f3n con el Real decreto 1055\/2022 que regula la gesti\u00f3n de envases y residuos de envases con el objetivo de reducir su impacto ambiental y fomentar la econom\u00eda circular. La sesi\u00f3n va [\u2026]<\/p>","protected":false},"author":10,"featured_media":82706,"comment_status":"closed","ping_status":"closed","sticky":false,"template":"","format":"standard","meta":{"_uag_custom_page_level_css":"","site-sidebar-layout":"default","site-content-layout":"","ast-site-content-layout":"default","site-content-style":"default","site-sidebar-style":"default","ast-global-header-display":"","ast-banner-title-visibility":"","ast-main-header-display":"","ast-hfb-above-header-display":"","ast-hfb-below-header-display":"","ast-hfb-mobile-header-display":"","site-post-title":"","ast-breadcrumbs-content":"","ast-featured-img":"disabled","footer-sml-layout":"","theme-transparent-header-meta":"","adv-header-id-meta":"","stick-header-meta":"","header-above-stick-meta":"","header-main-stick-meta":"","header-below-stick-meta":"","astra-migrate-meta-layouts":"set","ast-page-background-enabled":"default","ast-page-background-meta":{"desktop":{"background-color":"var(--ast-global-color-4)","background-image":"","background-repeat":"repeat","background-position":"center center","background-size":"auto","background-attachment":"scroll","background-type":"","background-media":"","overlay-type":"","overlay-color":"","overlay-opacity":"","overlay-gradient":""},"tablet":{"background-color":"","background-image":"","background-repeat":"repeat","background-position":"center center","background-size":"auto","background-attachment":"scroll","background-type":"","background-media":"","overlay-type":"","overlay-color":"","overlay-opacity":"","overlay-gradient":""},"mobile":{"background-color":"","background-image":"","background-repeat":"repeat","background-position":"center center","background-size":"auto","background-attachment":"scroll","background-type":"","background-media":"","overlay-type":"","overlay-color":"","overlay-opacity":"","overlay-gradient":""}},"ast-content-background-meta":{"desktop":{"background-color":"var(--ast-global-color-5)","background-image":"","background-repeat":"repeat","background-position":"center center","background-size":"auto","background-attachment":"scroll","background-type":"","background-media":"","overlay-type":"","overlay-color":"","overlay-opacity":"","overlay-gradient":""},"tablet":{"background-color":"var(--ast-global-color-5)","background-image":"","background-repeat":"repeat","background-position":"center center","background-size":"auto","background-attachment":"scroll","background-type":"","background-media":"","overlay-type":"","overlay-color":"","overlay-opacity":"","overlay-gradient":""},"mobile":{"background-color":"var(--ast-global-color-5)","background-image":"","background-repeat":"repeat","background-position":"center center","background-size":"auto","background-attachment":"scroll","background-type":"","background-media":"","overlay-type":"","overlay-color":"","overlay-opacity":"","overlay-gradient":""}},"footnotes":""},"categories":[23,57],"tags":[240,18,19,53,69],"class_list":["post-82697","post","type-post","status-publish","format-standard","has-post-thumbnail","hentry","category-destacats","category-mon-collegial","tag-cgcof","tag-cofb","tag-collegi-de-farmaceutics-de-barcelona","tag-farmaceutics","tag-farmacia-comunitaria"],"yoast_head":"<!-- This site is optimized with the Yoast SEO plugin v22.4 - https:\/\/yoast.com\/wordpress\/plugins\/seo\/ -->\n<title>Com afecta la llei d&#039;envasos i residus a les farm\u00e0cies? - Col\u00b7legi de Farmac\u00e8utics de Barcelona<\/title>\n<meta name=\"description\" content=\"El COFB acull la tert\u00falia \u201cLlei d\u2019envasos i residus\u201d per con\u00e8ixer quins passos han de fer les farm\u00e0cies a partir d&#039;ara\" \/>\n<meta name=\"robots\" content=\"index, follow, max-snippet:-1, max-image-preview:large, max-video-preview:-1\" \/>\n<link rel=\"canonical\" href=\"https:\/\/www.cofb.org\/es\/2025\/11\/25\/com-afecta-la-llei-denvasos-i-residus-a-les-farmacies\/\" \/>\n<meta property=\"og:locale\" content=\"es_ES\" \/>\n<meta property=\"og:type\" content=\"article\" \/>\n<meta property=\"og:title\" content=\"Com afecta la llei d&#039;envasos i residus a les farm\u00e0cies? - Col\u00b7legi de Farmac\u00e8utics de Barcelona\" \/>\n<meta property=\"og:description\" content=\"El COFB acull la tert\u00falia \u201cLlei d\u2019envasos i residus\u201d per con\u00e8ixer quins passos han de fer les farm\u00e0cies a partir d&#039;ara\" \/>\n<meta property=\"og:url\" content=\"https:\/\/www.cofb.org\/es\/2025\/11\/25\/com-afecta-la-llei-denvasos-i-residus-a-les-farmacies\/\" \/>\n<meta property=\"og:site_name\" content=\"Col\u00b7legi de Farmac\u00e8utics de Barcelona\" \/>\n<meta property=\"article:publisher\" content=\"https:\/\/www.facebook.com\/farmaceuticsbcn\/\" \/>\n<meta property=\"article:published_time\" content=\"2025-11-25T16:59:34+00:00\" \/>\n<meta property=\"article:modified_time\" content=\"2025-12-01T17:08:34+00:00\" \/>\n<meta property=\"og:image\" content=\"https:\/\/www.cofb.org\/wp-content\/uploads\/2025\/11\/ENVASOS_RESIDUS_COFB_5112025_03-scaled.jpg\" \/>\n\t<meta property=\"og:image:width\" content=\"2560\" \/>\n\t<meta property=\"og:image:height\" content=\"1440\" \/>\n\t<meta property=\"og:image:type\" content=\"image\/jpeg\" \/>\n<meta name=\"author\" content=\"Xavier Magraner\" \/>\n<meta name=\"twitter:card\" content=\"summary_large_image\" \/>\n<meta name=\"twitter:creator\" content=\"@farmaceuticsbcn\" \/>\n<meta name=\"twitter:site\" content=\"@farmaceuticsbcn\" \/>\n<meta name=\"twitter:label1\" content=\"Escrito por\" \/>\n\t<meta name=\"twitter:data1\" content=\"Xavier Magraner\" \/>\n\t<meta name=\"twitter:label2\" content=\"Tiempo de lectura\" \/>\n\t<meta name=\"twitter:data2\" content=\"5 minutos\" \/>\n<script type=\"application\/ld+json\" class=\"yoast-schema-graph\">{\"@context\":\"https:\/\/schema.org\",\"@graph\":[{\"@type\":\"Article\",\"@id\":\"https:\/\/www.cofb.org\/2025\/11\/25\/com-afecta-la-llei-denvasos-i-residus-a-les-farmacies\/#article\",\"isPartOf\":{\"@id\":\"https:\/\/www.cofb.org\/2025\/11\/25\/com-afecta-la-llei-denvasos-i-residus-a-les-farmacies\/\"},\"author\":{\"name\":\"Xavier Magraner\",\"@id\":\"https:\/\/www.cofb.org\/#\/schema\/person\/e46d741cfb92c985a083d163d8270ae4\"},\"headline\":\"Com afecta la llei d&#8217;envasos i residus a les farm\u00e0cies?\",\"datePublished\":\"2025-11-25T16:59:34+00:00\",\"dateModified\":\"2025-12-01T17:08:34+00:00\",\"mainEntityOfPage\":{\"@id\":\"https:\/\/www.cofb.org\/2025\/11\/25\/com-afecta-la-llei-denvasos-i-residus-a-les-farmacies\/\"},\"wordCount\":840,\"publisher\":{\"@id\":\"https:\/\/www.cofb.org\/#organization\"},\"image\":{\"@id\":\"https:\/\/www.cofb.org\/2025\/11\/25\/com-afecta-la-llei-denvasos-i-residus-a-les-farmacies\/#primaryimage\"},\"thumbnailUrl\":\"https:\/\/www.cofb.org\/wp-content\/uploads\/2025\/11\/ENVASOS_RESIDUS_COFB_5112025_03-scaled.jpg\",\"keywords\":[\"CGCOF\",\"COFB\",\"Col\u00b7legi de Farmac\u00e8utics de Barcelona\",\"farmac\u00e8utics\",\"farm\u00e0cia comunit\u00e0ria\"],\"articleSection\":[\"Destacats\",\"M\u00f3n col\u00b7legial\"],\"inLanguage\":\"es\"},{\"@type\":\"WebPage\",\"@id\":\"https:\/\/www.cofb.org\/2025\/11\/25\/com-afecta-la-llei-denvasos-i-residus-a-les-farmacies\/\",\"url\":\"https:\/\/www.cofb.org\/2025\/11\/25\/com-afecta-la-llei-denvasos-i-residus-a-les-farmacies\/\",\"name\":\"Com afecta la llei d'envasos i residus a les farm\u00e0cies? - Col\u00b7legi de Farmac\u00e8utics de Barcelona\",\"isPartOf\":{\"@id\":\"https:\/\/www.cofb.org\/#website\"},\"primaryImageOfPage\":{\"@id\":\"https:\/\/www.cofb.org\/2025\/11\/25\/com-afecta-la-llei-denvasos-i-residus-a-les-farmacies\/#primaryimage\"},\"image\":{\"@id\":\"https:\/\/www.cofb.org\/2025\/11\/25\/com-afecta-la-llei-denvasos-i-residus-a-les-farmacies\/#primaryimage\"},\"thumbnailUrl\":\"https:\/\/www.cofb.org\/wp-content\/uploads\/2025\/11\/ENVASOS_RESIDUS_COFB_5112025_03-scaled.jpg\",\"datePublished\":\"2025-11-25T16:59:34+00:00\",\"dateModified\":\"2025-12-01T17:08:34+00:00\",\"description\":\"El COFB acull la tert\u00falia \u201cLlei d\u2019envasos i residus\u201d per con\u00e8ixer quins passos han de fer les farm\u00e0cies a partir d'ara\",\"breadcrumb\":{\"@id\":\"https:\/\/www.cofb.org\/2025\/11\/25\/com-afecta-la-llei-denvasos-i-residus-a-les-farmacies\/#breadcrumb\"},\"inLanguage\":\"es\",\"potentialAction\":[{\"@type\":\"ReadAction\",\"target\":[\"https:\/\/www.cofb.org\/2025\/11\/25\/com-afecta-la-llei-denvasos-i-residus-a-les-farmacies\/\"]}]},{\"@type\":\"ImageObject\",\"inLanguage\":\"es\",\"@id\":\"https:\/\/www.cofb.org\/2025\/11\/25\/com-afecta-la-llei-denvasos-i-residus-a-les-farmacies\/#primaryimage\",\"url\":\"https:\/\/www.cofb.org\/wp-content\/uploads\/2025\/11\/ENVASOS_RESIDUS_COFB_5112025_03-scaled.jpg\",\"contentUrl\":\"https:\/\/www.cofb.org\/wp-content\/uploads\/2025\/11\/ENVASOS_RESIDUS_COFB_5112025_03-scaled.jpg\",\"width\":2560,\"height\":1440},{\"@type\":\"BreadcrumbList\",\"@id\":\"https:\/\/www.cofb.org\/2025\/11\/25\/com-afecta-la-llei-denvasos-i-residus-a-les-farmacies\/#breadcrumb\",\"itemListElement\":[{\"@type\":\"ListItem\",\"position\":1,\"name\":\"Inici\",\"item\":\"https:\/\/novaorg.cofb.net\/\"},{\"@type\":\"ListItem\",\"position\":2,\"name\":\"Com afecta la llei d&#8217;envasos i residus a les farm\u00e0cies?\"}]},{\"@type\":\"WebSite\",\"@id\":\"https:\/\/www.cofb.org\/#website\",\"url\":\"https:\/\/www.cofb.org\/\",\"name\":\"Col\u00b7legi de Farmac\u00e8utics de Barcelona\",\"description\":\"\",\"publisher\":{\"@id\":\"https:\/\/www.cofb.org\/#organization\"},\"potentialAction\":[{\"@type\":\"SearchAction\",\"target\":{\"@type\":\"EntryPoint\",\"urlTemplate\":\"https:\/\/www.cofb.org\/?s={search_term_string}\"},\"query-input\":\"required name=search_term_string\"}],\"inLanguage\":\"es\"},{\"@type\":\"Organization\",\"@id\":\"https:\/\/www.cofb.org\/#organization\",\"name\":\"Col\u00b7legi de Farmac\u00e8utics de Barcelona\",\"url\":\"https:\/\/www.cofb.org\/\",\"logo\":{\"@type\":\"ImageObject\",\"inLanguage\":\"es\",\"@id\":\"https:\/\/www.cofb.org\/#\/schema\/logo\/image\/\",\"url\":\"https:\/\/www.cofb.org\/wp-content\/uploads\/2023\/11\/cropped-Logotip-COFB.png\",\"contentUrl\":\"https:\/\/www.cofb.org\/wp-content\/uploads\/2023\/11\/cropped-Logotip-COFB.png\",\"width\":500,\"height\":105,\"caption\":\"Col\u00b7legi de Farmac\u00e8utics de Barcelona\"},\"image\":{\"@id\":\"https:\/\/www.cofb.org\/#\/schema\/logo\/image\/\"},\"sameAs\":[\"https:\/\/www.facebook.com\/farmaceuticsbcn\/\",\"https:\/\/twitter.com\/farmaceuticsbcn\",\"https:\/\/www.instagram.com\/farmaceuticsbcn\/\",\"https:\/\/www.linkedin.com\/company\/farmaceuticsbcn\/\"]},{\"@type\":\"Person\",\"@id\":\"https:\/\/www.cofb.org\/#\/schema\/person\/e46d741cfb92c985a083d163d8270ae4\",\"name\":\"Xavier Magraner\",\"image\":{\"@type\":\"ImageObject\",\"inLanguage\":\"es\",\"@id\":\"https:\/\/www.cofb.org\/#\/schema\/person\/image\/\",\"url\":\"https:\/\/secure.gravatar.com\/avatar\/aa0d1d4df59f71f88eebd5796c5388ff41c58d83c5301eb6e1d65646a289c37d?s=96&d=mm&r=g\",\"contentUrl\":\"https:\/\/secure.gravatar.com\/avatar\/aa0d1d4df59f71f88eebd5796c5388ff41c58d83c5301eb6e1d65646a289c37d?s=96&d=mm&r=g\",\"caption\":\"Xavier Magraner\"},\"url\":\"https:\/\/www.cofb.org\/es\/author\/xmagraner\/\"}]}<\/script>\n<!-- \/ Yoast SEO plugin. -->","yoast_head_json":{"title":"Com afecta la llei d'envasos i residus a les farm\u00e0cies? - Col\u00b7legi de Farmac\u00e8utics de Barcelona","description":"El COFB acull la tert\u00falia \u201cLlei d\u2019envasos i residus\u201d per con\u00e8ixer quins passos han de fer les farm\u00e0cies a partir d'ara","robots":{"index":"index","follow":"follow","max-snippet":"max-snippet:-1","max-image-preview":"max-image-preview:large","max-video-preview":"max-video-preview:-1"},"canonical":"https:\/\/www.cofb.org\/es\/2025\/11\/25\/com-afecta-la-llei-denvasos-i-residus-a-les-farmacies\/","og_locale":"es_ES","og_type":"article","og_title":"Com afecta la llei d'envasos i residus a les farm\u00e0cies? - Col\u00b7legi de Farmac\u00e8utics de Barcelona","og_description":"El COFB acull la tert\u00falia \u201cLlei d\u2019envasos i residus\u201d per con\u00e8ixer quins passos han de fer les farm\u00e0cies a partir d'ara","og_url":"https:\/\/www.cofb.org\/es\/2025\/11\/25\/com-afecta-la-llei-denvasos-i-residus-a-les-farmacies\/","og_site_name":"Col\u00b7legi de Farmac\u00e8utics de Barcelona","article_publisher":"https:\/\/www.facebook.com\/farmaceuticsbcn\/","article_published_time":"2025-11-25T16:59:34+00:00","article_modified_time":"2025-12-01T17:08:34+00:00","og_image":[{"width":2560,"height":1440,"url":"https:\/\/www.cofb.org\/wp-content\/uploads\/2025\/11\/ENVASOS_RESIDUS_COFB_5112025_03-scaled.jpg","type":"image\/jpeg"}],"author":"Xavier Magraner","twitter_card":"summary_large_image","twitter_creator":"@farmaceuticsbcn","twitter_site":"@farmaceuticsbcn","twitter_misc":{"Escrito por":"Xavier Magraner","Tiempo de lectura":"5 minutos"},"schema":{"@context":"https:\/\/schema.org","@graph":[{"@type":"Article","@id":"https:\/\/www.cofb.org\/2025\/11\/25\/com-afecta-la-llei-denvasos-i-residus-a-les-farmacies\/#article","isPartOf":{"@id":"https:\/\/www.cofb.org\/2025\/11\/25\/com-afecta-la-llei-denvasos-i-residus-a-les-farmacies\/"},"author":{"name":"Xavier Magraner","@id":"https:\/\/www.cofb.org\/#\/schema\/person\/e46d741cfb92c985a083d163d8270ae4"},"headline":"Com afecta la llei d&#8217;envasos i residus a les farm\u00e0cies?","datePublished":"2025-11-25T16:59:34+00:00","dateModified":"2025-12-01T17:08:34+00:00","mainEntityOfPage":{"@id":"https:\/\/www.cofb.org\/2025\/11\/25\/com-afecta-la-llei-denvasos-i-residus-a-les-farmacies\/"},"wordCount":840,"publisher":{"@id":"https:\/\/www.cofb.org\/#organization"},"image":{"@id":"https:\/\/www.cofb.org\/2025\/11\/25\/com-afecta-la-llei-denvasos-i-residus-a-les-farmacies\/#primaryimage"},"thumbnailUrl":"https:\/\/www.cofb.org\/wp-content\/uploads\/2025\/11\/ENVASOS_RESIDUS_COFB_5112025_03-scaled.jpg","keywords":["CGCOF","COFB","Col\u00b7legi de Farmac\u00e8utics de Barcelona","farmac\u00e8utics","farm\u00e0cia comunit\u00e0ria"],"articleSection":["Destacats","M\u00f3n col\u00b7legial"],"inLanguage":"es"},{"@type":"WebPage","@id":"https:\/\/www.cofb.org\/2025\/11\/25\/com-afecta-la-llei-denvasos-i-residus-a-les-farmacies\/","url":"https:\/\/www.cofb.org\/2025\/11\/25\/com-afecta-la-llei-denvasos-i-residus-a-les-farmacies\/","name":"Com afecta la llei d'envasos i residus a les farm\u00e0cies? - Col\u00b7legi de Farmac\u00e8utics de Barcelona","isPartOf":{"@id":"https:\/\/www.cofb.org\/#website"},"primaryImageOfPage":{"@id":"https:\/\/www.cofb.org\/2025\/11\/25\/com-afecta-la-llei-denvasos-i-residus-a-les-farmacies\/#primaryimage"},"image":{"@id":"https:\/\/www.cofb.org\/2025\/11\/25\/com-afecta-la-llei-denvasos-i-residus-a-les-farmacies\/#primaryimage"},"thumbnailUrl":"https:\/\/www.cofb.org\/wp-content\/uploads\/2025\/11\/ENVASOS_RESIDUS_COFB_5112025_03-scaled.jpg","datePublished":"2025-11-25T16:59:34+00:00","dateModified":"2025-12-01T17:08:34+00:00","description":"El COFB acull la tert\u00falia \u201cLlei d\u2019envasos i residus\u201d per con\u00e8ixer quins passos han de fer les farm\u00e0cies a partir d'ara","breadcrumb":{"@id":"https:\/\/www.cofb.org\/2025\/11\/25\/com-afecta-la-llei-denvasos-i-residus-a-les-farmacies\/#breadcrumb"},"inLanguage":"es","potentialAction":[{"@type":"ReadAction","target":["https:\/\/www.cofb.org\/2025\/11\/25\/com-afecta-la-llei-denvasos-i-residus-a-les-farmacies\/"]}]},{"@type":"ImageObject","inLanguage":"es","@id":"https:\/\/www.cofb.org\/2025\/11\/25\/com-afecta-la-llei-denvasos-i-residus-a-les-farmacies\/#primaryimage","url":"https:\/\/www.cofb.org\/wp-content\/uploads\/2025\/11\/ENVASOS_RESIDUS_COFB_5112025_03-scaled.jpg","contentUrl":"https:\/\/www.cofb.org\/wp-content\/uploads\/2025\/11\/ENVASOS_RESIDUS_COFB_5112025_03-scaled.jpg","width":2560,"height":1440},{"@type":"BreadcrumbList","@id":"https:\/\/www.cofb.org\/2025\/11\/25\/com-afecta-la-llei-denvasos-i-residus-a-les-farmacies\/#breadcrumb","itemListElement":[{"@type":"ListItem","position":1,"name":"Inici","item":"https:\/\/novaorg.cofb.net\/"},{"@type":"ListItem","position":2,"name":"Com afecta la llei d&#8217;envasos i residus a les farm\u00e0cies?"}]},{"@type":"WebSite","@id":"https:\/\/www.cofb.org\/#website","url":"https:\/\/www.cofb.org\/","name":"Col\u00b7legi de Farmac\u00e8utics de Barcelona","description":"","publisher":{"@id":"https:\/\/www.cofb.org\/#organization"},"potentialAction":[{"@type":"SearchAction","target":{"@type":"EntryPoint","urlTemplate":"https:\/\/www.cofb.org\/?s={search_term_string}"},"query-input":"required name=search_term_string"}],"inLanguage":"es"},{"@type":"Organization","@id":"https:\/\/www.cofb.org\/#organization","name":"Col\u00b7legi de Farmac\u00e8utics de Barcelona","url":"https:\/\/www.cofb.org\/","logo":{"@type":"ImageObject","inLanguage":"es","@id":"https:\/\/www.cofb.org\/#\/schema\/logo\/image\/","url":"https:\/\/www.cofb.org\/wp-content\/uploads\/2023\/11\/cropped-Logotip-COFB.png","contentUrl":"https:\/\/www.cofb.org\/wp-content\/uploads\/2023\/11\/cropped-Logotip-COFB.png","width":500,"height":105,"caption":"Col\u00b7legi de Farmac\u00e8utics de Barcelona"},"image":{"@id":"https:\/\/www.cofb.org\/#\/schema\/logo\/image\/"},"sameAs":["https:\/\/www.facebook.com\/farmaceuticsbcn\/","https:\/\/twitter.com\/farmaceuticsbcn","https:\/\/www.instagram.com\/farmaceuticsbcn\/","https:\/\/www.linkedin.com\/company\/farmaceuticsbcn\/"]},{"@type":"Person","@id":"https:\/\/www.cofb.org\/#\/schema\/person\/e46d741cfb92c985a083d163d8270ae4","name":"Xavier Magraner","image":{"@type":"ImageObject","inLanguage":"es","@id":"https:\/\/www.cofb.org\/#\/schema\/person\/image\/","url":"https:\/\/secure.gravatar.com\/avatar\/aa0d1d4df59f71f88eebd5796c5388ff41c58d83c5301eb6e1d65646a289c37d?s=96&d=mm&r=g","contentUrl":"https:\/\/secure.gravatar.com\/avatar\/aa0d1d4df59f71f88eebd5796c5388ff41c58d83c5301eb6e1d65646a289c37d?s=96&d=mm&r=g","caption":"Xavier Magraner"},"url":"https:\/\/www.cofb.org\/es\/author\/xmagraner\/"}]}},"uagb_featured_image_src":{"full":["https:\/\/www.cofb.org\/wp-content\/uploads\/2025\/11\/ENVASOS_RESIDUS_COFB_5112025_03-scaled.jpg",2560,1440,false],"thumbnail":["https:\/\/www.cofb.org\/wp-content\/uploads\/2025\/11\/ENVASOS_RESIDUS_COFB_5112025_03-150x150.jpg",150,150,true],"medium":["https:\/\/www.cofb.org\/wp-content\/uploads\/2025\/11\/ENVASOS_RESIDUS_COFB_5112025_03-300x169.jpg",300,169,true],"medium_large":["https:\/\/www.cofb.org\/wp-content\/uploads\/2025\/11\/ENVASOS_RESIDUS_COFB_5112025_03-768x432.jpg",768,432,true],"large":["https:\/\/www.cofb.org\/wp-content\/uploads\/2025\/11\/ENVASOS_RESIDUS_COFB_5112025_03-1024x576.jpg",1024,576,true],"1536x1536":["https:\/\/www.cofb.org\/wp-content\/uploads\/2025\/11\/ENVASOS_RESIDUS_COFB_5112025_03-1536x864.jpg",1536,864,true],"2048x2048":["https:\/\/www.cofb.org\/wp-content\/uploads\/2025\/11\/ENVASOS_RESIDUS_COFB_5112025_03-2048x1152.jpg",2048,1152,true],"trp-custom-language-flag":["https:\/\/www.cofb.org\/wp-content\/uploads\/2025\/11\/ENVASOS_RESIDUS_COFB_5112025_03-18x10.jpg",18,10,true]},"uagb_author_info":{"display_name":"Xavier Magraner","author_link":"https:\/\/www.cofb.org\/es\/author\/xmagraner\/"},"uagb_comment_info":0,"uagb_excerpt":"Aquest mes de novembre ha tingut lloc al Col\u00b7legi de Farmac\u00e8utics de Barcelona (COFB) la tert\u00falia d\u2019actualitat \u201cLlei d\u2019envasos i residus\u201d, amb relaci\u00f3 al Reial decret 1055\/2022 que regula la gesti\u00f3 d\u2019envasos i residus d\u2019envasos amb l\u2019objectiu de reduir el seu impacte ambiental i fomentar l\u2019economia circular. La sessi\u00f3 va [&hellip;]","_links":{"self":[{"href":"https:\/\/www.cofb.org\/es\/wp-json\/wp\/v2\/posts\/82697","targetHints":{"allow":["GET"]}}],"collection":[{"href":"https:\/\/www.cofb.org\/es\/wp-json\/wp\/v2\/posts"}],"about":[{"href":"https:\/\/www.cofb.org\/es\/wp-json\/wp\/v2\/types\/post"}],"author":[{"embeddable":true,"href":"https:\/\/www.cofb.org\/es\/wp-json\/wp\/v2\/users\/10"}],"replies":[{"embeddable":true,"href":"https:\/\/www.cofb.org\/es\/wp-json\/wp\/v2\/comments?post=82697"}],"version-history":[{"count":15,"href":"https:\/\/www.cofb.org\/es\/wp-json\/wp\/v2\/posts\/82697\/revisions"}],"predecessor-version":[{"id":83049,"href":"https:\/\/www.cofb.org\/es\/wp-json\/wp\/v2\/posts\/82697\/revisions\/83049"}],"wp:featuredmedia":[{"embeddable":true,"href":"https:\/\/www.cofb.org\/es\/wp-json\/wp\/v2\/media\/82706"}],"wp:attachment":[{"href":"https:\/\/www.cofb.org\/es\/wp-json\/wp\/v2\/media?parent=82697"}],"wp:term":[{"taxonomy":"category","embeddable":true,"href":"https:\/\/www.cofb.org\/es\/wp-json\/wp\/v2\/categories?post=82697"},{"taxonomy":"post_tag","embeddable":true,"href":"https:\/\/www.cofb.org\/es\/wp-json\/wp\/v2\/tags?post=82697"}],"curies":[{"name":"wp","href":"https:\/\/api.w.org\/{rel}","templated":true}]}}