{"id":82591,"date":"2025-11-17T11:23:00","date_gmt":"2025-11-17T11:23:00","guid":{"rendered":"https:\/\/www.cofb.org\/?p=82591"},"modified":"2025-11-20T14:26:12","modified_gmt":"2025-11-20T14:26:12","slug":"el-paper-de-la-farmacia-en-la-cura-de-la-pell-en-el-cancer-de-mama","status":"publish","type":"post","link":"https:\/\/www.cofb.org\/es\/2025\/11\/17\/el-paper-de-la-farmacia-en-la-cura-de-la-pell-en-el-cancer-de-mama\/","title":{"rendered":"El papel de la farmacia en el cuidado de la piel en el c\u00e1ncer de mama"},"content":{"rendered":"<p>El pasado 24 de octubre, en <strong>Col\u00b7legi de Farmac\u00e8utics de Barcelona (COFB)<\/strong> se celebr\u00f3 la conferencia \u201c<strong>Cuidado de la piel en el c\u00e1ncer de mama<\/strong>\u201d, con la colaboraci\u00f3n de <a href=\"https:\/\/www.laroche-posay.es\/\" target=\"_blank\" rel=\"noreferrer noopener\">La Roche Posay<\/a>. La sesi\u00f3n cont\u00f3 con la participaci\u00f3n de <strong>Milana Bergamino<\/strong>, onc\u00f3loga del Hospital Cl\u00ednico de Barcelona e integrante del Translational Genomics and Target Therapies in Solid Tumours Lab en Idibaps; <strong>Jes\u00fas P\u00e9rez,<\/strong>&nbsp;diplomado en tecnolog\u00eda cardiopulmonar y corresponsable del Departamento de Oncolog\u00eda de La Roche Posay; <strong>Marta de la Fuente<\/strong>, psic\u00f3loga sanitaria, psicoonc\u00f3loga, especialista en ansiedad y estr\u00e9s y directora del Centro Sanitario MFL Psicolog\u00eda y Formaci\u00f3n en Coru\u00f1a; y<strong> Clara Ros\u00e1s<\/strong>, gerente de la Federaci\u00f3n Catalana de Entidades Contra el C\u00e1ncer. <strong>Marta Alcalde<\/strong>, vocal de Dermofarmacia y Productos Sanitarios del COFB, moder\u00f3 la formaci\u00f3n.<\/p>\n\n\n\n<figure class=\"wp-block-image size-large\"><a href=\"https:\/\/www.cofb.org\/wp-content\/uploads\/2025\/10\/COFB_CANCER_MAMA_27102025_01-scaled.jpg\" target=\"_blank\" rel=\" noreferrer noopener\"><img fetchpriority=\"high\" decoding=\"async\" width=\"1024\" height=\"576\" src=\"https:\/\/www.cofb.org\/wp-content\/uploads\/2025\/10\/COFB_CANCER_MAMA_27102025_01-1024x576.jpg\" alt=\"Marta Alcalde, vocal del COFB, va presentar la formaci\u00f3 \u201cCura de la pell en el c\u00e0ncer de mama\u201d.\" class=\"wp-image-82599\" srcset=\"https:\/\/www.cofb.org\/wp-content\/uploads\/2025\/10\/COFB_CANCER_MAMA_27102025_01-1024x576.jpg 1024w, https:\/\/www.cofb.org\/wp-content\/uploads\/2025\/10\/COFB_CANCER_MAMA_27102025_01-300x169.jpg 300w, https:\/\/www.cofb.org\/wp-content\/uploads\/2025\/10\/COFB_CANCER_MAMA_27102025_01-768x432.jpg 768w, https:\/\/www.cofb.org\/wp-content\/uploads\/2025\/10\/COFB_CANCER_MAMA_27102025_01-1536x864.jpg 1536w, https:\/\/www.cofb.org\/wp-content\/uploads\/2025\/10\/COFB_CANCER_MAMA_27102025_01-2048x1152.jpg 2048w, https:\/\/www.cofb.org\/wp-content\/uploads\/2025\/10\/COFB_CANCER_MAMA_27102025_01-18x10.jpg 18w\" sizes=\"(max-width: 1024px) 100vw, 1024px\" \/><\/a><figcaption class=\"wp-element-caption\">Marta Alcalde, vocal del COFB, present\u00f3 la formaci\u00f3n \u201cCuidado de la piel en el c\u00e1ncer de mama\u201d.<\/figcaption><\/figure>\n\n\n\n<p>Los <strong>objetivos <\/strong>de la conferencia, dirigida a farmac\u00e9uticos y farmac\u00e9uticas comunitarias, fueron<strong> actualizar conocimientos en c\u00e1ncer de mama<\/strong>, dar a conocer los t<strong>rasgos de primera elecci\u00f3n <\/strong>en patolog\u00edas d\u00e9rmicas frecuentes en pacientes oncol\u00f3gicos, revisar<strong> el algoritmo de recomendaciones cosm\u00e9ticas<\/strong> en pacientes oncol\u00f3gicos, dotar<strong> de herramientas de comunicaci\u00f3n para atender al paciente <\/strong>o su cuidador y asimilar de forma pr\u00e1ctica y did\u00e1ctica los<strong> diferentes conceptos aprendidos<\/strong> que facilitan una indicaci\u00f3n sencilla y eficaz.<\/p>\n\n\n\n<p>En la presentaci\u00f3n de la formaci\u00f3n, <strong>Marta Alcalde<\/strong>, vocal de Dermofarmacia y Productos Sanitarios del COFB,<strong> <\/strong>explic\u00f3 que \u201cen la farmacia se tienen consultas relacionadas con el<strong> c\u00e1ncer de mama<\/strong>. Los <strong>efectos secundarios en el \u00e1mbito cut\u00e1neo <\/strong>son habituales en los tratamientos contra esta enfermedad y durante la jornada se analizar\u00e1n con qu\u00e9 abordajes se cuentan hoy d\u00eda&quot;. Adem\u00e1s, Alcalde record\u00f3 que &quot;se trata de una <strong>patolog\u00eda muy heterog\u00e9nea<\/strong>, pueden tenerla muchos pacientes y los efectos secundarios ser bastante diversos\u201d.<\/p>\n\n\n\n<h2 class=\"wp-block-heading\">Factores de riesgo y tipos de c\u00e1ncer de mama<\/h2>\n\n\n\n<p>En la primera de las presentaciones, <strong>Milana Bergamino<\/strong> la arranc\u00f3 recordando que \u201ctener una<strong> farmacia de confianza <\/strong>es fundamental para aquellos pacientes que padecen de la piel debido a que padecen c\u00e1ncer de mama&quot;. Esta enfermedad &quot;es la m\u00e1s frecuente del mundo y en la mujer es la que provoca un mayor empeoramiento de la calidad de vida&quot;.<strong> factores de riesgo<\/strong>, la onc\u00f3loga del Hospital Cl\u00ednic destac\u00f3 que \u201cson m\u00faltiples, dif\u00edciles de distinguir y no est\u00e1 claro qu\u00e9 peso puede tener cada uno, y por eso es multicausal\u201d.<\/p>\n\n\n\n<figure class=\"wp-block-image size-large\"><a href=\"https:\/\/www.cofb.org\/wp-content\/uploads\/2025\/10\/COFB_CANCER_MAMA_27102025_02-scaled.jpg\" target=\"_blank\" rel=\" noreferrer noopener\"><img decoding=\"async\" width=\"1024\" height=\"576\" src=\"https:\/\/www.cofb.org\/wp-content\/uploads\/2025\/10\/COFB_CANCER_MAMA_27102025_02-1024x576.jpg\" alt=\"Milana Bergamino, durant un moment de la seva presentaci\u00f3.\" class=\"wp-image-82600\" srcset=\"https:\/\/www.cofb.org\/wp-content\/uploads\/2025\/10\/COFB_CANCER_MAMA_27102025_02-1024x576.jpg 1024w, https:\/\/www.cofb.org\/wp-content\/uploads\/2025\/10\/COFB_CANCER_MAMA_27102025_02-300x169.jpg 300w, https:\/\/www.cofb.org\/wp-content\/uploads\/2025\/10\/COFB_CANCER_MAMA_27102025_02-768x432.jpg 768w, https:\/\/www.cofb.org\/wp-content\/uploads\/2025\/10\/COFB_CANCER_MAMA_27102025_02-1536x864.jpg 1536w, https:\/\/www.cofb.org\/wp-content\/uploads\/2025\/10\/COFB_CANCER_MAMA_27102025_02-2048x1152.jpg 2048w, https:\/\/www.cofb.org\/wp-content\/uploads\/2025\/10\/COFB_CANCER_MAMA_27102025_02-18x10.jpg 18w\" sizes=\"(max-width: 1024px) 100vw, 1024px\" \/><\/a><figcaption class=\"wp-element-caption\">Milana Bergamino, durante un momento de su presentaci\u00f3n.<\/figcaption><\/figure>\n\n\n\n<p>En cuanto a los<strong> tipos de c\u00e1ncer de mama<\/strong>, \u201cestos se dividen en <strong>localizados y avanzados<\/strong>, donde la cirug\u00eda, radioterapia o los tratamientos sist\u00e9micos desempe\u00f1an un papel importante. Adem\u00e1s, necesitan un<strong> diagn\u00f3stico multidisciplinar<\/strong> y una clasificaci\u00f3n patol\u00f3gica o molecular que permite a los expertos distinguirlos mejor\u201d, describi\u00f3 el especialista.<\/p>\n\n\n\n<h2 class=\"wp-block-heading\">La toxicidad cut\u00e1nea en pacientes oncol\u00f3gicos<\/h2>\n\n\n\n<p>Analizar si los <strong>productos cosm\u00e9ticos<\/strong> son seguros para tratar la piel de pacientes con c\u00e1ncer de mama fue analizado por <strong>Jes\u00fas P\u00e9rez<\/strong>: \u201cMuchas <strong>cremas <\/strong>que se venden en las farmacias han sido <strong>analizadas en pieles sanas<\/strong>, pero no han sido<strong> testadas en pacientes oncol\u00f3gicos<\/strong>. Dependiendo del tipo de hormonas o del tratamiento que reciba el paciente, existe una gran cantidad de elementos adversos\u201d.<\/p>\n\n\n\n<figure class=\"wp-block-image size-large\"><a href=\"https:\/\/www.cofb.org\/wp-content\/uploads\/2025\/10\/COFB_CANCER_MAMA_27102025_03-scaled.jpg\" target=\"_blank\" rel=\" noreferrer noopener\"><img decoding=\"async\" width=\"1024\" height=\"576\" src=\"https:\/\/www.cofb.org\/wp-content\/uploads\/2025\/10\/COFB_CANCER_MAMA_27102025_03-1024x576.jpg\" alt=\"Jes\u00fas P\u00e9rez va destacar la incompatibilitat entre alguns tractaments oncol\u00f2gics i productes naturals per la pell.\" class=\"wp-image-82602\" srcset=\"https:\/\/www.cofb.org\/wp-content\/uploads\/2025\/10\/COFB_CANCER_MAMA_27102025_03-1024x576.jpg 1024w, https:\/\/www.cofb.org\/wp-content\/uploads\/2025\/10\/COFB_CANCER_MAMA_27102025_03-300x169.jpg 300w, https:\/\/www.cofb.org\/wp-content\/uploads\/2025\/10\/COFB_CANCER_MAMA_27102025_03-768x432.jpg 768w, https:\/\/www.cofb.org\/wp-content\/uploads\/2025\/10\/COFB_CANCER_MAMA_27102025_03-1536x864.jpg 1536w, https:\/\/www.cofb.org\/wp-content\/uploads\/2025\/10\/COFB_CANCER_MAMA_27102025_03-2048x1152.jpg 2048w, https:\/\/www.cofb.org\/wp-content\/uploads\/2025\/10\/COFB_CANCER_MAMA_27102025_03-18x10.jpg 18w\" sizes=\"(max-width: 1024px) 100vw, 1024px\" \/><\/a><figcaption class=\"wp-element-caption\">Jes\u00fas P\u00e9rez, en un momento de su exposici\u00f3n.<\/figcaption><\/figure>\n\n\n\n<p>Adem\u00e1s, el corresponsable del Departamento de Oncolog\u00eda de La Roche Posay recalc\u00f3 que \u201cm\u00e1s del <strong>70% de estos pacientes<\/strong> han tenido que <strong>reducir las dosis de tratamiento o pararlo <\/strong>debido a la toxicidad cut\u00e1nea que sufr\u00edan. Los elementos adversos que sufre la piel del paciente son importantes en su d\u00eda a d\u00eda, junto con los que no reciben <strong>recomendaciones dermatol\u00f3gicas<\/strong> para estas situaciones&quot;. Para finalizar, el especialista advirti\u00f3 que &quot;hay que tener cuidado con los<strong> productos naturales y ecol\u00f3gicos<\/strong> como los remedios de hierbas si se est\u00e1 llevando a cabo un tratamiento contra el c\u00e1ncer, puesto que muchos son perjudiciales para la piel\u201d.<\/p>\n\n\n\n<h2 class=\"wp-block-heading\">Gesti\u00f3n emocional de los pacientes con c\u00e1ncer de mama<\/h2>\n\n\n\n<p><strong>Marta de la Fuente<\/strong> explic\u00f3 en su ponencia la importancia de llevar una<strong> gesti\u00f3n emocional de los pacientes con c\u00e1ncer de mama<\/strong>: \u201cSe conocen los <strong>efectos secundarios de los pacientes<\/strong>pero se desconoce la magnitud o incapacidad que puede llegar a tener. Los <strong>tratamientos <\/strong>pueden llegar a <strong>perdurar hasta diez a\u00f1os<\/strong> y si no se cuida la calidad de vida, el paciente acaba abandon\u00e1ndola, ya que no hay una buena gesti\u00f3n emocional\u201d.<\/p>\n\n\n\n<figure class=\"wp-block-image size-large\"><a href=\"https:\/\/www.cofb.org\/wp-content\/uploads\/2025\/10\/COFB_CANCER_MAMA_27102025_04-scaled.jpg\" target=\"_blank\" rel=\" noreferrer noopener\"><img loading=\"lazy\" decoding=\"async\" width=\"1024\" height=\"576\" src=\"https:\/\/www.cofb.org\/wp-content\/uploads\/2025\/10\/COFB_CANCER_MAMA_27102025_04-1024x576.jpg\" alt=\"La gesti\u00f3 emocional dels pacients amb c\u00e0ncer de mama va ser analitzada per Marta de la Fuente.\" class=\"wp-image-82603\" srcset=\"https:\/\/www.cofb.org\/wp-content\/uploads\/2025\/10\/COFB_CANCER_MAMA_27102025_04-1024x576.jpg 1024w, https:\/\/www.cofb.org\/wp-content\/uploads\/2025\/10\/COFB_CANCER_MAMA_27102025_04-300x169.jpg 300w, https:\/\/www.cofb.org\/wp-content\/uploads\/2025\/10\/COFB_CANCER_MAMA_27102025_04-768x432.jpg 768w, https:\/\/www.cofb.org\/wp-content\/uploads\/2025\/10\/COFB_CANCER_MAMA_27102025_04-1536x864.jpg 1536w, https:\/\/www.cofb.org\/wp-content\/uploads\/2025\/10\/COFB_CANCER_MAMA_27102025_04-2048x1152.jpg 2048w, https:\/\/www.cofb.org\/wp-content\/uploads\/2025\/10\/COFB_CANCER_MAMA_27102025_04-18x10.jpg 18w\" sizes=\"(max-width: 1024px) 100vw, 1024px\" \/><\/a><figcaption class=\"wp-element-caption\">La gesti\u00f3n emocional de los pacientes con c\u00e1ncer de mama fue analizada por Marta de la Fuente.<\/figcaption><\/figure>\n\n\n\n<p>La salud emocional de la mujer gira en torno a \u201c<strong>la autoexigencia creada <\/strong>por aspectos aprendidos desde la <strong>infancia<\/strong>. Nos persiguen determinadas creencias que durante un proceso oncol\u00f3gico acaban afectando al hecho de no pedir ayuda, <strong>querer agradar a nuestro entorno<\/strong> o se pasa incluso por la <strong>incomprensi\u00f3n <\/strong>en cuanto a la <strong>sexualidad<\/strong>\u201d, explic\u00f3 la psic\u00f3loga sanitaria, recordando que \u201chay que desmontar estas percepciones a los pacientes que vienen a las farmacias\u201d.<\/p>\n\n\n\n<h2 class=\"wp-block-heading\">El papel de los pacientes<\/h2>\n\n\n\n<p>\u201cEl <strong>c\u00e1ncer tiene una alta incidencia <\/strong>y llega a generar 24.000 nuevos casos al a\u00f1o entre los hombres y 18.000 entre las mujeres\u201d, afirm\u00f3<strong> Clara Ros\u00e1s <\/strong>durante su intervenci\u00f3n. En este contexto, indic\u00f3 que \u201cla irrupci\u00f3n de nuevas <strong>herramientas terap\u00e9uticas<\/strong> ha provocado que las tasas de <strong>supervivencia <\/strong>hayan <strong>aumentado <\/strong>de forma considerable. Ahora bien, una vez superado el c\u00e1ncer, los tratamientos pueden dejar<strong> secuelas a gestionar<\/strong>\u201d.<\/p>\n\n\n\n<figure class=\"wp-block-image size-large\"><a href=\"https:\/\/www.cofb.org\/wp-content\/uploads\/2025\/10\/COFB_CANCER_MAMA_27102025_05-scaled.jpg\" target=\"_blank\" rel=\" noreferrer noopener\"><img loading=\"lazy\" decoding=\"async\" width=\"1024\" height=\"576\" src=\"https:\/\/www.cofb.org\/wp-content\/uploads\/2025\/10\/COFB_CANCER_MAMA_27102025_05-1024x576.jpg\" alt=\"Clara Ros\u00e1s va descriure les funcions que duu a terme la Federaci\u00f3 Catalana d'Entitats Contra el C\u00e0ncer.\" class=\"wp-image-82605\" srcset=\"https:\/\/www.cofb.org\/wp-content\/uploads\/2025\/10\/COFB_CANCER_MAMA_27102025_05-1024x576.jpg 1024w, https:\/\/www.cofb.org\/wp-content\/uploads\/2025\/10\/COFB_CANCER_MAMA_27102025_05-300x169.jpg 300w, https:\/\/www.cofb.org\/wp-content\/uploads\/2025\/10\/COFB_CANCER_MAMA_27102025_05-768x432.jpg 768w, https:\/\/www.cofb.org\/wp-content\/uploads\/2025\/10\/COFB_CANCER_MAMA_27102025_05-1536x864.jpg 1536w, https:\/\/www.cofb.org\/wp-content\/uploads\/2025\/10\/COFB_CANCER_MAMA_27102025_05-2048x1152.jpg 2048w, https:\/\/www.cofb.org\/wp-content\/uploads\/2025\/10\/COFB_CANCER_MAMA_27102025_05-18x10.jpg 18w\" sizes=\"(max-width: 1024px) 100vw, 1024px\" \/><\/a><figcaption class=\"wp-element-caption\">Clara Ros\u00e1s describi\u00f3 las funciones que realiza la Federaci\u00f3n Catalana de Entidades Contra el C\u00e1ncer.<\/figcaption><\/figure>\n\n\n\n<p>En este sentido, la gerente de la FECEC contextualiz\u00f3 la <strong>Federaci\u00f3n Catalana de Entidades Contra el C\u00e1ncer<\/strong>, recordando que \u201cagrupa<strong> 16 entidades<\/strong> de pacientes en toda Catalu\u00f1a y todas ellas nacieron despu\u00e9s de identificar que la<strong> parte emocional y social<\/strong> de los pacientes oncol\u00f3gicos <strong>quedaba desatendida<\/strong>. Desde la sociedad civil han surgido iniciativas como \u00e9sta para ayudar al bienestar de todos este proceso&quot;. Para finalizar, record\u00f3 que la instituci\u00f3n &quot;est\u00e1 presente durante todo el proceso, empezando por el tratamiento y acabando con los cuidados paliativos&quot;.<\/p>\n\n\n\n<p class=\"has-text-align-right\"><strong>Con la colaboraci\u00f3n de:<\/strong><\/p>\n\n\n\n<figure class=\"wp-block-image alignright size-full is-resized\"><a href=\"https:\/\/www.laroche-posay.es\/\" target=\"_blank\" rel=\" noreferrer noopener\"><img loading=\"lazy\" decoding=\"async\" width=\"224\" height=\"62\" src=\"https:\/\/www.cofb.org\/wp-content\/uploads\/2025\/10\/la-roche-logo.jpg\" alt=\"\" class=\"wp-image-82597\" style=\"width:200px;height:auto\" srcset=\"https:\/\/www.cofb.org\/wp-content\/uploads\/2025\/10\/la-roche-logo.jpg 224w, https:\/\/www.cofb.org\/wp-content\/uploads\/2025\/10\/la-roche-logo-18x5.jpg 18w\" sizes=\"(max-width: 224px) 100vw, 224px\" \/><\/a><\/figure>","protected":false},"excerpt":{"rendered":"<p>El pasado 24 de octubre, en el Colegio de Farmac\u00e9uticos de Barcelona (COFB) se celebr\u00f3 la conferencia \u201cCuidado de la piel en el c\u00e1ncer de mama\u201d, con la colaboraci\u00f3n de La Roche Posay. La sesi\u00f3n cont\u00f3 con la participaci\u00f3n de Milana Bergamino, onc\u00f3loga del Hospital Cl\u00ednic de Barcelona e integrante [\u2026]<\/p>","protected":false},"author":10,"featured_media":82608,"comment_status":"closed","ping_status":"closed","sticky":false,"template":"","format":"standard","meta":{"_uag_custom_page_level_css":"","site-sidebar-layout":"default","site-content-layout":"","ast-site-content-layout":"default","site-content-style":"default","site-sidebar-style":"default","ast-global-header-display":"","ast-banner-title-visibility":"","ast-main-header-display":"","ast-hfb-above-header-display":"","ast-hfb-below-header-display":"","ast-hfb-mobile-header-display":"","site-post-title":"","ast-breadcrumbs-content":"","ast-featured-img":"disabled","footer-sml-layout":"","theme-transparent-header-meta":"","adv-header-id-meta":"","stick-header-meta":"","header-above-stick-meta":"","header-main-stick-meta":"","header-below-stick-meta":"","astra-migrate-meta-layouts":"set","ast-page-background-enabled":"default","ast-page-background-meta":{"desktop":{"background-color":"var(--ast-global-color-4)","background-image":"","background-repeat":"repeat","background-position":"center center","background-size":"auto","background-attachment":"scroll","background-type":"","background-media":"","overlay-type":"","overlay-color":"","overlay-opacity":"","overlay-gradient":""},"tablet":{"background-color":"","background-image":"","background-repeat":"repeat","background-position":"center center","background-size":"auto","background-attachment":"scroll","background-type":"","background-media":"","overlay-type":"","overlay-color":"","overlay-opacity":"","overlay-gradient":""},"mobile":{"background-color":"","background-image":"","background-repeat":"repeat","background-position":"center center","background-size":"auto","background-attachment":"scroll","background-type":"","background-media":"","overlay-type":"","overlay-color":"","overlay-opacity":"","overlay-gradient":""}},"ast-content-background-meta":{"desktop":{"background-color":"var(--ast-global-color-5)","background-image":"","background-repeat":"repeat","background-position":"center center","background-size":"auto","background-attachment":"scroll","background-type":"","background-media":"","overlay-type":"","overlay-color":"","overlay-opacity":"","overlay-gradient":""},"tablet":{"background-color":"var(--ast-global-color-5)","background-image":"","background-repeat":"repeat","background-position":"center center","background-size":"auto","background-attachment":"scroll","background-type":"","background-media":"","overlay-type":"","overlay-color":"","overlay-opacity":"","overlay-gradient":""},"mobile":{"background-color":"var(--ast-global-color-5)","background-image":"","background-repeat":"repeat","background-position":"center center","background-size":"auto","background-attachment":"scroll","background-type":"","background-media":"","overlay-type":"","overlay-color":"","overlay-opacity":"","overlay-gradient":""}},"footnotes":""},"categories":[23,57],"tags":[753,18,19,169,70,982,710,3658,63],"class_list":["post-82591","post","type-post","status-publish","format-standard","has-post-thumbnail","hentry","category-destacats","category-mon-collegial","tag-cancer-de-mama","tag-cofb","tag-collegi-de-farmaceutics-de-barcelona","tag-cures-palliatives","tag-formacio","tag-pacient-amb-cancer","tag-pell","tag-riscos","tag-tractament"],"yoast_head":"<!-- This site is optimized with the Yoast SEO plugin v22.4 - https:\/\/yoast.com\/wordpress\/plugins\/seo\/ -->\n<title>El paper de la farm\u00e0cia en la cura de la pell en el c\u00e0ncer de mama - Col\u00b7legi de Farmac\u00e8utics de Barcelona<\/title>\n<meta name=\"description\" content=\"El COFB va organitzar la formaci\u00f3 \u201cCura de la pell en el c\u00e0ncer de mama\u201d, amb la col\u00b7laboraci\u00f3 de La Roche Posay\" \/>\n<meta name=\"robots\" content=\"index, follow, max-snippet:-1, max-image-preview:large, max-video-preview:-1\" \/>\n<link rel=\"canonical\" href=\"https:\/\/www.cofb.org\/es\/2025\/11\/17\/el-paper-de-la-farmacia-en-la-cura-de-la-pell-en-el-cancer-de-mama\/\" \/>\n<meta property=\"og:locale\" content=\"es_ES\" \/>\n<meta property=\"og:type\" content=\"article\" \/>\n<meta property=\"og:title\" content=\"El paper de la farm\u00e0cia en la cura de la pell en el c\u00e0ncer de mama - Col\u00b7legi de Farmac\u00e8utics de Barcelona\" \/>\n<meta property=\"og:description\" content=\"El COFB va organitzar la formaci\u00f3 \u201cCura de la pell en el c\u00e0ncer de mama\u201d, amb la col\u00b7laboraci\u00f3 de La Roche Posay\" \/>\n<meta property=\"og:url\" content=\"https:\/\/www.cofb.org\/es\/2025\/11\/17\/el-paper-de-la-farmacia-en-la-cura-de-la-pell-en-el-cancer-de-mama\/\" \/>\n<meta property=\"og:site_name\" content=\"Col\u00b7legi de Farmac\u00e8utics de Barcelona\" \/>\n<meta property=\"article:publisher\" content=\"https:\/\/www.facebook.com\/farmaceuticsbcn\/\" \/>\n<meta property=\"article:published_time\" content=\"2025-11-17T11:23:00+00:00\" \/>\n<meta property=\"article:modified_time\" content=\"2025-11-20T14:26:12+00:00\" \/>\n<meta property=\"og:image\" content=\"https:\/\/www.cofb.org\/wp-content\/uploads\/2025\/10\/COFB_CANCER_MAMA_27102025_00-scaled.jpg\" \/>\n\t<meta property=\"og:image:width\" content=\"2560\" \/>\n\t<meta property=\"og:image:height\" content=\"1440\" \/>\n\t<meta property=\"og:image:type\" content=\"image\/jpeg\" \/>\n<meta name=\"author\" content=\"Xavier Magraner\" \/>\n<meta name=\"twitter:card\" content=\"summary_large_image\" \/>\n<meta name=\"twitter:creator\" content=\"@farmaceuticsbcn\" \/>\n<meta name=\"twitter:site\" content=\"@farmaceuticsbcn\" \/>\n<meta name=\"twitter:label1\" content=\"Escrito por\" \/>\n\t<meta name=\"twitter:data1\" content=\"Xavier Magraner\" \/>\n\t<meta name=\"twitter:label2\" content=\"Tiempo de lectura\" \/>\n\t<meta name=\"twitter:data2\" content=\"7 minutos\" \/>\n<script type=\"application\/ld+json\" class=\"yoast-schema-graph\">{\"@context\":\"https:\/\/schema.org\",\"@graph\":[{\"@type\":\"Article\",\"@id\":\"https:\/\/www.cofb.org\/2025\/11\/17\/el-paper-de-la-farmacia-en-la-cura-de-la-pell-en-el-cancer-de-mama\/#article\",\"isPartOf\":{\"@id\":\"https:\/\/www.cofb.org\/2025\/11\/17\/el-paper-de-la-farmacia-en-la-cura-de-la-pell-en-el-cancer-de-mama\/\"},\"author\":{\"name\":\"Xavier Magraner\",\"@id\":\"https:\/\/www.cofb.org\/#\/schema\/person\/e46d741cfb92c985a083d163d8270ae4\"},\"headline\":\"El paper de la farm\u00e0cia en la cura de la pell en el c\u00e0ncer de mama\",\"datePublished\":\"2025-11-17T11:23:00+00:00\",\"dateModified\":\"2025-11-20T14:26:12+00:00\",\"mainEntityOfPage\":{\"@id\":\"https:\/\/www.cofb.org\/2025\/11\/17\/el-paper-de-la-farmacia-en-la-cura-de-la-pell-en-el-cancer-de-mama\/\"},\"wordCount\":1144,\"publisher\":{\"@id\":\"https:\/\/www.cofb.org\/#organization\"},\"image\":{\"@id\":\"https:\/\/www.cofb.org\/2025\/11\/17\/el-paper-de-la-farmacia-en-la-cura-de-la-pell-en-el-cancer-de-mama\/#primaryimage\"},\"thumbnailUrl\":\"https:\/\/www.cofb.org\/wp-content\/uploads\/2025\/10\/COFB_CANCER_MAMA_27102025_00-scaled.jpg\",\"keywords\":[\"c\u00e0ncer de mama\",\"COFB\",\"Col\u00b7legi de Farmac\u00e8utics de Barcelona\",\"cures pal\u00b7liatives\",\"Formaci\u00f3\",\"pacient amb c\u00e0ncer\",\"pell\",\"riscos\",\"tractament\"],\"articleSection\":[\"Destacats\",\"M\u00f3n col\u00b7legial\"],\"inLanguage\":\"es\"},{\"@type\":\"WebPage\",\"@id\":\"https:\/\/www.cofb.org\/2025\/11\/17\/el-paper-de-la-farmacia-en-la-cura-de-la-pell-en-el-cancer-de-mama\/\",\"url\":\"https:\/\/www.cofb.org\/2025\/11\/17\/el-paper-de-la-farmacia-en-la-cura-de-la-pell-en-el-cancer-de-mama\/\",\"name\":\"El paper de la farm\u00e0cia en la cura de la pell en el c\u00e0ncer de mama - Col\u00b7legi de Farmac\u00e8utics de Barcelona\",\"isPartOf\":{\"@id\":\"https:\/\/www.cofb.org\/#website\"},\"primaryImageOfPage\":{\"@id\":\"https:\/\/www.cofb.org\/2025\/11\/17\/el-paper-de-la-farmacia-en-la-cura-de-la-pell-en-el-cancer-de-mama\/#primaryimage\"},\"image\":{\"@id\":\"https:\/\/www.cofb.org\/2025\/11\/17\/el-paper-de-la-farmacia-en-la-cura-de-la-pell-en-el-cancer-de-mama\/#primaryimage\"},\"thumbnailUrl\":\"https:\/\/www.cofb.org\/wp-content\/uploads\/2025\/10\/COFB_CANCER_MAMA_27102025_00-scaled.jpg\",\"datePublished\":\"2025-11-17T11:23:00+00:00\",\"dateModified\":\"2025-11-20T14:26:12+00:00\",\"description\":\"El COFB va organitzar la formaci\u00f3 \u201cCura de la pell en el c\u00e0ncer de mama\u201d, amb la col\u00b7laboraci\u00f3 de La Roche Posay\",\"breadcrumb\":{\"@id\":\"https:\/\/www.cofb.org\/2025\/11\/17\/el-paper-de-la-farmacia-en-la-cura-de-la-pell-en-el-cancer-de-mama\/#breadcrumb\"},\"inLanguage\":\"es\",\"potentialAction\":[{\"@type\":\"ReadAction\",\"target\":[\"https:\/\/www.cofb.org\/2025\/11\/17\/el-paper-de-la-farmacia-en-la-cura-de-la-pell-en-el-cancer-de-mama\/\"]}]},{\"@type\":\"ImageObject\",\"inLanguage\":\"es\",\"@id\":\"https:\/\/www.cofb.org\/2025\/11\/17\/el-paper-de-la-farmacia-en-la-cura-de-la-pell-en-el-cancer-de-mama\/#primaryimage\",\"url\":\"https:\/\/www.cofb.org\/wp-content\/uploads\/2025\/10\/COFB_CANCER_MAMA_27102025_00-scaled.jpg\",\"contentUrl\":\"https:\/\/www.cofb.org\/wp-content\/uploads\/2025\/10\/COFB_CANCER_MAMA_27102025_00-scaled.jpg\",\"width\":2560,\"height\":1440},{\"@type\":\"BreadcrumbList\",\"@id\":\"https:\/\/www.cofb.org\/2025\/11\/17\/el-paper-de-la-farmacia-en-la-cura-de-la-pell-en-el-cancer-de-mama\/#breadcrumb\",\"itemListElement\":[{\"@type\":\"ListItem\",\"position\":1,\"name\":\"Inici\",\"item\":\"https:\/\/novaorg.cofb.net\/\"},{\"@type\":\"ListItem\",\"position\":2,\"name\":\"El paper de la farm\u00e0cia en la cura de la pell en el c\u00e0ncer de mama\"}]},{\"@type\":\"WebSite\",\"@id\":\"https:\/\/www.cofb.org\/#website\",\"url\":\"https:\/\/www.cofb.org\/\",\"name\":\"Col\u00b7legi de Farmac\u00e8utics de Barcelona\",\"description\":\"\",\"publisher\":{\"@id\":\"https:\/\/www.cofb.org\/#organization\"},\"potentialAction\":[{\"@type\":\"SearchAction\",\"target\":{\"@type\":\"EntryPoint\",\"urlTemplate\":\"https:\/\/www.cofb.org\/?s={search_term_string}\"},\"query-input\":\"required name=search_term_string\"}],\"inLanguage\":\"es\"},{\"@type\":\"Organization\",\"@id\":\"https:\/\/www.cofb.org\/#organization\",\"name\":\"Col\u00b7legi de Farmac\u00e8utics de Barcelona\",\"url\":\"https:\/\/www.cofb.org\/\",\"logo\":{\"@type\":\"ImageObject\",\"inLanguage\":\"es\",\"@id\":\"https:\/\/www.cofb.org\/#\/schema\/logo\/image\/\",\"url\":\"https:\/\/www.cofb.org\/wp-content\/uploads\/2023\/11\/cropped-Logotip-COFB.png\",\"contentUrl\":\"https:\/\/www.cofb.org\/wp-content\/uploads\/2023\/11\/cropped-Logotip-COFB.png\",\"width\":500,\"height\":105,\"caption\":\"Col\u00b7legi de Farmac\u00e8utics de Barcelona\"},\"image\":{\"@id\":\"https:\/\/www.cofb.org\/#\/schema\/logo\/image\/\"},\"sameAs\":[\"https:\/\/www.facebook.com\/farmaceuticsbcn\/\",\"https:\/\/twitter.com\/farmaceuticsbcn\",\"https:\/\/www.instagram.com\/farmaceuticsbcn\/\",\"https:\/\/www.linkedin.com\/company\/farmaceuticsbcn\/\"]},{\"@type\":\"Person\",\"@id\":\"https:\/\/www.cofb.org\/#\/schema\/person\/e46d741cfb92c985a083d163d8270ae4\",\"name\":\"Xavier Magraner\",\"image\":{\"@type\":\"ImageObject\",\"inLanguage\":\"es\",\"@id\":\"https:\/\/www.cofb.org\/#\/schema\/person\/image\/\",\"url\":\"https:\/\/secure.gravatar.com\/avatar\/aa0d1d4df59f71f88eebd5796c5388ff41c58d83c5301eb6e1d65646a289c37d?s=96&d=mm&r=g\",\"contentUrl\":\"https:\/\/secure.gravatar.com\/avatar\/aa0d1d4df59f71f88eebd5796c5388ff41c58d83c5301eb6e1d65646a289c37d?s=96&d=mm&r=g\",\"caption\":\"Xavier Magraner\"},\"url\":\"https:\/\/www.cofb.org\/es\/author\/xmagraner\/\"}]}<\/script>\n<!-- \/ Yoast SEO plugin. -->","yoast_head_json":{"title":"El paper de la farm\u00e0cia en la cura de la pell en el c\u00e0ncer de mama - Col\u00b7legi de Farmac\u00e8utics de Barcelona","description":"El COFB va organitzar la formaci\u00f3 \u201cCura de la pell en el c\u00e0ncer de mama\u201d, amb la col\u00b7laboraci\u00f3 de La Roche Posay","robots":{"index":"index","follow":"follow","max-snippet":"max-snippet:-1","max-image-preview":"max-image-preview:large","max-video-preview":"max-video-preview:-1"},"canonical":"https:\/\/www.cofb.org\/es\/2025\/11\/17\/el-paper-de-la-farmacia-en-la-cura-de-la-pell-en-el-cancer-de-mama\/","og_locale":"es_ES","og_type":"article","og_title":"El paper de la farm\u00e0cia en la cura de la pell en el c\u00e0ncer de mama - Col\u00b7legi de Farmac\u00e8utics de Barcelona","og_description":"El COFB va organitzar la formaci\u00f3 \u201cCura de la pell en el c\u00e0ncer de mama\u201d, amb la col\u00b7laboraci\u00f3 de La Roche Posay","og_url":"https:\/\/www.cofb.org\/es\/2025\/11\/17\/el-paper-de-la-farmacia-en-la-cura-de-la-pell-en-el-cancer-de-mama\/","og_site_name":"Col\u00b7legi de Farmac\u00e8utics de Barcelona","article_publisher":"https:\/\/www.facebook.com\/farmaceuticsbcn\/","article_published_time":"2025-11-17T11:23:00+00:00","article_modified_time":"2025-11-20T14:26:12+00:00","og_image":[{"width":2560,"height":1440,"url":"https:\/\/www.cofb.org\/wp-content\/uploads\/2025\/10\/COFB_CANCER_MAMA_27102025_00-scaled.jpg","type":"image\/jpeg"}],"author":"Xavier Magraner","twitter_card":"summary_large_image","twitter_creator":"@farmaceuticsbcn","twitter_site":"@farmaceuticsbcn","twitter_misc":{"Escrito por":"Xavier Magraner","Tiempo de lectura":"7 minutos"},"schema":{"@context":"https:\/\/schema.org","@graph":[{"@type":"Article","@id":"https:\/\/www.cofb.org\/2025\/11\/17\/el-paper-de-la-farmacia-en-la-cura-de-la-pell-en-el-cancer-de-mama\/#article","isPartOf":{"@id":"https:\/\/www.cofb.org\/2025\/11\/17\/el-paper-de-la-farmacia-en-la-cura-de-la-pell-en-el-cancer-de-mama\/"},"author":{"name":"Xavier Magraner","@id":"https:\/\/www.cofb.org\/#\/schema\/person\/e46d741cfb92c985a083d163d8270ae4"},"headline":"El paper de la farm\u00e0cia en la cura de la pell en el c\u00e0ncer de mama","datePublished":"2025-11-17T11:23:00+00:00","dateModified":"2025-11-20T14:26:12+00:00","mainEntityOfPage":{"@id":"https:\/\/www.cofb.org\/2025\/11\/17\/el-paper-de-la-farmacia-en-la-cura-de-la-pell-en-el-cancer-de-mama\/"},"wordCount":1144,"publisher":{"@id":"https:\/\/www.cofb.org\/#organization"},"image":{"@id":"https:\/\/www.cofb.org\/2025\/11\/17\/el-paper-de-la-farmacia-en-la-cura-de-la-pell-en-el-cancer-de-mama\/#primaryimage"},"thumbnailUrl":"https:\/\/www.cofb.org\/wp-content\/uploads\/2025\/10\/COFB_CANCER_MAMA_27102025_00-scaled.jpg","keywords":["c\u00e0ncer de mama","COFB","Col\u00b7legi de Farmac\u00e8utics de Barcelona","cures pal\u00b7liatives","Formaci\u00f3","pacient amb c\u00e0ncer","pell","riscos","tractament"],"articleSection":["Destacats","M\u00f3n col\u00b7legial"],"inLanguage":"es"},{"@type":"WebPage","@id":"https:\/\/www.cofb.org\/2025\/11\/17\/el-paper-de-la-farmacia-en-la-cura-de-la-pell-en-el-cancer-de-mama\/","url":"https:\/\/www.cofb.org\/2025\/11\/17\/el-paper-de-la-farmacia-en-la-cura-de-la-pell-en-el-cancer-de-mama\/","name":"El paper de la farm\u00e0cia en la cura de la pell en el c\u00e0ncer de mama - Col\u00b7legi de Farmac\u00e8utics de Barcelona","isPartOf":{"@id":"https:\/\/www.cofb.org\/#website"},"primaryImageOfPage":{"@id":"https:\/\/www.cofb.org\/2025\/11\/17\/el-paper-de-la-farmacia-en-la-cura-de-la-pell-en-el-cancer-de-mama\/#primaryimage"},"image":{"@id":"https:\/\/www.cofb.org\/2025\/11\/17\/el-paper-de-la-farmacia-en-la-cura-de-la-pell-en-el-cancer-de-mama\/#primaryimage"},"thumbnailUrl":"https:\/\/www.cofb.org\/wp-content\/uploads\/2025\/10\/COFB_CANCER_MAMA_27102025_00-scaled.jpg","datePublished":"2025-11-17T11:23:00+00:00","dateModified":"2025-11-20T14:26:12+00:00","description":"El COFB va organitzar la formaci\u00f3 \u201cCura de la pell en el c\u00e0ncer de mama\u201d, amb la col\u00b7laboraci\u00f3 de La Roche Posay","breadcrumb":{"@id":"https:\/\/www.cofb.org\/2025\/11\/17\/el-paper-de-la-farmacia-en-la-cura-de-la-pell-en-el-cancer-de-mama\/#breadcrumb"},"inLanguage":"es","potentialAction":[{"@type":"ReadAction","target":["https:\/\/www.cofb.org\/2025\/11\/17\/el-paper-de-la-farmacia-en-la-cura-de-la-pell-en-el-cancer-de-mama\/"]}]},{"@type":"ImageObject","inLanguage":"es","@id":"https:\/\/www.cofb.org\/2025\/11\/17\/el-paper-de-la-farmacia-en-la-cura-de-la-pell-en-el-cancer-de-mama\/#primaryimage","url":"https:\/\/www.cofb.org\/wp-content\/uploads\/2025\/10\/COFB_CANCER_MAMA_27102025_00-scaled.jpg","contentUrl":"https:\/\/www.cofb.org\/wp-content\/uploads\/2025\/10\/COFB_CANCER_MAMA_27102025_00-scaled.jpg","width":2560,"height":1440},{"@type":"BreadcrumbList","@id":"https:\/\/www.cofb.org\/2025\/11\/17\/el-paper-de-la-farmacia-en-la-cura-de-la-pell-en-el-cancer-de-mama\/#breadcrumb","itemListElement":[{"@type":"ListItem","position":1,"name":"Inici","item":"https:\/\/novaorg.cofb.net\/"},{"@type":"ListItem","position":2,"name":"El paper de la farm\u00e0cia en la cura de la pell en el c\u00e0ncer de mama"}]},{"@type":"WebSite","@id":"https:\/\/www.cofb.org\/#website","url":"https:\/\/www.cofb.org\/","name":"Col\u00b7legi de Farmac\u00e8utics de Barcelona","description":"","publisher":{"@id":"https:\/\/www.cofb.org\/#organization"},"potentialAction":[{"@type":"SearchAction","target":{"@type":"EntryPoint","urlTemplate":"https:\/\/www.cofb.org\/?s={search_term_string}"},"query-input":"required name=search_term_string"}],"inLanguage":"es"},{"@type":"Organization","@id":"https:\/\/www.cofb.org\/#organization","name":"Col\u00b7legi de Farmac\u00e8utics de Barcelona","url":"https:\/\/www.cofb.org\/","logo":{"@type":"ImageObject","inLanguage":"es","@id":"https:\/\/www.cofb.org\/#\/schema\/logo\/image\/","url":"https:\/\/www.cofb.org\/wp-content\/uploads\/2023\/11\/cropped-Logotip-COFB.png","contentUrl":"https:\/\/www.cofb.org\/wp-content\/uploads\/2023\/11\/cropped-Logotip-COFB.png","width":500,"height":105,"caption":"Col\u00b7legi de Farmac\u00e8utics de Barcelona"},"image":{"@id":"https:\/\/www.cofb.org\/#\/schema\/logo\/image\/"},"sameAs":["https:\/\/www.facebook.com\/farmaceuticsbcn\/","https:\/\/twitter.com\/farmaceuticsbcn","https:\/\/www.instagram.com\/farmaceuticsbcn\/","https:\/\/www.linkedin.com\/company\/farmaceuticsbcn\/"]},{"@type":"Person","@id":"https:\/\/www.cofb.org\/#\/schema\/person\/e46d741cfb92c985a083d163d8270ae4","name":"Xavier Magraner","image":{"@type":"ImageObject","inLanguage":"es","@id":"https:\/\/www.cofb.org\/#\/schema\/person\/image\/","url":"https:\/\/secure.gravatar.com\/avatar\/aa0d1d4df59f71f88eebd5796c5388ff41c58d83c5301eb6e1d65646a289c37d?s=96&d=mm&r=g","contentUrl":"https:\/\/secure.gravatar.com\/avatar\/aa0d1d4df59f71f88eebd5796c5388ff41c58d83c5301eb6e1d65646a289c37d?s=96&d=mm&r=g","caption":"Xavier Magraner"},"url":"https:\/\/www.cofb.org\/es\/author\/xmagraner\/"}]}},"uagb_featured_image_src":{"full":["https:\/\/www.cofb.org\/wp-content\/uploads\/2025\/10\/COFB_CANCER_MAMA_27102025_00-scaled.jpg",2560,1440,false],"thumbnail":["https:\/\/www.cofb.org\/wp-content\/uploads\/2025\/10\/COFB_CANCER_MAMA_27102025_00-150x150.jpg",150,150,true],"medium":["https:\/\/www.cofb.org\/wp-content\/uploads\/2025\/10\/COFB_CANCER_MAMA_27102025_00-300x169.jpg",300,169,true],"medium_large":["https:\/\/www.cofb.org\/wp-content\/uploads\/2025\/10\/COFB_CANCER_MAMA_27102025_00-768x432.jpg",768,432,true],"large":["https:\/\/www.cofb.org\/wp-content\/uploads\/2025\/10\/COFB_CANCER_MAMA_27102025_00-1024x576.jpg",1024,576,true],"1536x1536":["https:\/\/www.cofb.org\/wp-content\/uploads\/2025\/10\/COFB_CANCER_MAMA_27102025_00-1536x864.jpg",1536,864,true],"2048x2048":["https:\/\/www.cofb.org\/wp-content\/uploads\/2025\/10\/COFB_CANCER_MAMA_27102025_00-2048x1152.jpg",2048,1152,true],"trp-custom-language-flag":["https:\/\/www.cofb.org\/wp-content\/uploads\/2025\/10\/COFB_CANCER_MAMA_27102025_00-18x10.jpg",18,10,true]},"uagb_author_info":{"display_name":"Xavier Magraner","author_link":"https:\/\/www.cofb.org\/es\/author\/xmagraner\/"},"uagb_comment_info":0,"uagb_excerpt":"El passat 24 d\u2019octubre, al Col\u00b7legi de Farmac\u00e8utics de Barcelona (COFB) es va celebrar la confer\u00e8ncia \u201cCura de la pell en el c\u00e0ncer de mama\u201d, amb la col\u00b7laboraci\u00f3 de La Roche Posay. La sessi\u00f3 va comptar amb la participaci\u00f3 de Milana Bergamino, onc\u00f2loga de l\u2019Hospital Cl\u00ednic de Barcelona i integrant [&hellip;]","_links":{"self":[{"href":"https:\/\/www.cofb.org\/es\/wp-json\/wp\/v2\/posts\/82591","targetHints":{"allow":["GET"]}}],"collection":[{"href":"https:\/\/www.cofb.org\/es\/wp-json\/wp\/v2\/posts"}],"about":[{"href":"https:\/\/www.cofb.org\/es\/wp-json\/wp\/v2\/types\/post"}],"author":[{"embeddable":true,"href":"https:\/\/www.cofb.org\/es\/wp-json\/wp\/v2\/users\/10"}],"replies":[{"embeddable":true,"href":"https:\/\/www.cofb.org\/es\/wp-json\/wp\/v2\/comments?post=82591"}],"version-history":[{"count":16,"href":"https:\/\/www.cofb.org\/es\/wp-json\/wp\/v2\/posts\/82591\/revisions"}],"predecessor-version":[{"id":82920,"href":"https:\/\/www.cofb.org\/es\/wp-json\/wp\/v2\/posts\/82591\/revisions\/82920"}],"wp:featuredmedia":[{"embeddable":true,"href":"https:\/\/www.cofb.org\/es\/wp-json\/wp\/v2\/media\/82608"}],"wp:attachment":[{"href":"https:\/\/www.cofb.org\/es\/wp-json\/wp\/v2\/media?parent=82591"}],"wp:term":[{"taxonomy":"category","embeddable":true,"href":"https:\/\/www.cofb.org\/es\/wp-json\/wp\/v2\/categories?post=82591"},{"taxonomy":"post_tag","embeddable":true,"href":"https:\/\/www.cofb.org\/es\/wp-json\/wp\/v2\/tags?post=82591"}],"curies":[{"name":"wp","href":"https:\/\/api.w.org\/{rel}","templated":true}]}}