{"id":82545,"date":"2025-10-22T11:57:21","date_gmt":"2025-10-22T11:57:21","guid":{"rendered":"https:\/\/www.cofb.org\/?p=82545"},"modified":"2026-03-19T14:30:38","modified_gmt":"2026-03-19T14:30:38","slug":"record-de-participacio-a-la-farmacia-mobil-de-vilafranca-amb-mes-de-140-veins-i-630-proves","status":"publish","type":"post","link":"https:\/\/www.cofb.org\/es\/2025\/10\/22\/record-de-participacio-a-la-farmacia-mobil-de-vilafranca-amb-mes-de-140-veins-i-630-proves\/","title":{"rendered":"R\u00e9cord de participaci\u00f3n en la farmacia m\u00f3vil de Vilafranca, con m\u00e1s de 140 vecinos y 630 pruebas"},"content":{"rendered":"<ul class=\"wp-block-list\">\n<li>La campa\u00f1a ha sido impulsada por el Colegio de Farmac\u00e9uticos de Barcelona (COFB) y la farmac\u00e9utica Sandoz, con la colaboraci\u00f3n de CaixaBank y el apoyo del Ayuntamiento de Vilafranca<\/li>\n\n\n\n<li>Gracias a esta iniciativa, la poblaci\u00f3n ha conocido diferentes servicios que ofrecen las farmacias por el cuidado de su salud: medida de la presi\u00f3n arterial, control de peso y composici\u00f3n corporal, medida del colesterol y glicemia y estudio de la piel<\/li>\n<\/ul>\n\n\n\n<p><\/p>\n\n\n\n<p><em>Barcelona, 22 de octubre de 2025.-<\/em> Hasta el momento, <strong>Vilafranca<\/strong> se ha convertido en la <strong>ciudad con m\u00e1s personas atendidas y pruebas realizadas<\/strong> en la <strong>unidad m\u00f3vil<\/strong> de <strong>\"La meva farm\u00e0cia, la meva salut\" <\/strong>En total, <strong>146<\/strong> <strong>usuarios y usuarias<\/strong> se han acercado a la farmacia m\u00f3vil para conocer y vivir, en primera persona, una <a href=\"https:\/\/www.cofb.org\/es\/que-oferim\/ciutadans\/serveis-a-la-poblacio\/campanya-la-meva-farmacia-la-meva-salut\/\" target=\"_blank\" rel=\"noreferrer noopener\">muestra de los servicios que ofrecen los farmac\u00e9uticos<\/a> por <strong>cuidar su salud. <\/strong>Al mismo tiempo, una <strong>quincena de<\/strong> <strong>farmac\u00e9uticos\/as voluntarios <\/strong>han realizado <strong>632 pruebas de salud a los vecinos y vecinas<\/strong> de Vilafranca, quinta ciudad en la que la unidad m\u00f3vil ha hecho parada.<\/p>\n\n\n\n<p>Lo han hecho en el marco de la campa\u00f1a impulsada por el <strong>Col\u00b7legi de Farmac\u00e8utics de Barcelona<\/strong> (COFB) y la farmac\u00e9utica <strong>Sandoz, <\/strong>con la colaboraci\u00f3n de <strong>CaixaBank <\/strong>&nbsp;y el apoyo de <strong>el Ayuntamiento de Vilafranca.<\/strong><\/p>\n\n\n\n<p>Durante los dos d\u00edas que el trailer ha visitado la capital del Alt Pened\u00e8s (20 y 21 de octubre) en la Rambla de Sant Francesc, se han realizado pruebas relacionadas con la <strong>medida de la presi\u00f3n arterial, control de peso y composici\u00f3n corporal, medida del colesterol y glicemia y estudio de la piel. <\/strong>De cada prueba, los farmac\u00e9uticos entregan un informe impreso a los usuarios y se ofrece <strong>consejo farmac\u00e9utico personalizado<\/strong>, de acuerdo con los resultados obtenidos y su situaci\u00f3n. Al mismo tiempo, se les informa sobre c\u00f3mo funciona la aplicaci\u00f3n digital \u201c<strong>La meva farm\u00e0cia<\/strong>\u201d, que permite a los pacientes consultar sus resultados de salud de forma segura y accesible.<\/p>\n\n\n\n<figure class=\"wp-block-image size-large\"><a href=\"https:\/\/www.cofb.org\/wp-content\/uploads\/2025\/10\/Exterior-de-la-unitat-mobil-2.jpg\" target=\"_blank\" rel=\" noreferrer noopener\"><img fetchpriority=\"high\" decoding=\"async\" width=\"1024\" height=\"683\" src=\"https:\/\/www.cofb.org\/wp-content\/uploads\/2025\/10\/Exterior-de-la-unitat-mobil-2-1024x683.jpg\" alt=\"\" class=\"wp-image-82547\" srcset=\"https:\/\/www.cofb.org\/wp-content\/uploads\/2025\/10\/Exterior-de-la-unitat-mobil-2-1024x683.jpg 1024w, https:\/\/www.cofb.org\/wp-content\/uploads\/2025\/10\/Exterior-de-la-unitat-mobil-2-300x200.jpg 300w, https:\/\/www.cofb.org\/wp-content\/uploads\/2025\/10\/Exterior-de-la-unitat-mobil-2-768x512.jpg 768w, https:\/\/www.cofb.org\/wp-content\/uploads\/2025\/10\/Exterior-de-la-unitat-mobil-2-18x12.jpg 18w, https:\/\/www.cofb.org\/wp-content\/uploads\/2025\/10\/Exterior-de-la-unitat-mobil-2.jpg 1500w\" sizes=\"(max-width: 1024px) 100vw, 1024px\" \/><\/a><figcaption class=\"wp-element-caption\">Exterior de la farmacia m\u00f3vil en la Rambla de San Francisco, en Vilafranca.<\/figcaption><\/figure>\n\n\n\n<h2 class=\"wp-block-heading\"><strong>La farmacia, presente todos los d\u00edas para hacer frente a los retos de salud p\u00fablica<\/strong><\/h2>\n\n\n\n<p><strong>Marta Gento<\/strong>, <strong>secretaria del COFB<\/strong>, ha destacado que \u201cvivimos en un momento en que el <strong>sistema de salud afronta grandes retos<\/strong>: <strong>envejecimiento de la poblaci\u00f3n, enfermedades cr\u00f3nicas, polimedicaci\u00f3n, dependencia<\/strong>\u2026 Y ante estos retos, <strong>la farmacia comunitaria est\u00e1 ah\u00ed<\/strong>. Est\u00e1 ah\u00ed cada d\u00eda, a pie de calle, abierta, accesible, cercana &quot;. Gento tambi\u00e9n ha remarcado que &quot;con esta campa\u00f1a, precisamente, demostramos que los farmac\u00e9uticos somos profesionales sanitarios con vocaci\u00f3n de servicio y con una mirada integral hacia el bienestar de las personas&quot;.<\/p>\n\n\n\n<p>Durante la celebraci\u00f3n de la campa\u00f1a en Vilafranca, el trailer ha recibido la visita de <strong>Ramon Zaballa, segundo teniente de alcalde de Seguridad y Convivencia del Ayuntamiento de Vilafranca<\/strong>, que ha defendido la necesidad de <strong>\u201cponer en valor la figura del farmac\u00e9utico<\/strong> como persona cercana a la ciudadan\u00eda y que, con sus consejos y recomendaciones, nos ayuda mucho a hacer una prevenci\u00f3n de la salud\u201d.<\/p>\n\n\n\n<p>Por su parte, <strong>Fenia Makrydaki, directora comercial de Sandoz Iberia<\/strong>, ha subrayado que, con esta nueva parada en Vilafranca, \u201cseguimos avanzando en nuestro prop\u00f3sito de <strong>facilitar el acceso a la salud de los pacientes de forma cercana y directa<\/strong>. Esta campa\u00f1a pone en valor el rol del farmac\u00e9utico m\u00e1s all\u00e1 de la dispensaci\u00f3n, acercando a la poblaci\u00f3n servicios profesionales que impactan directamente en su bienestar&quot;. Para Sandoz, &quot;es una forma de seguir potenciando su papel como motor de prevenci\u00f3n y de cuidado a la comunidad&quot;.<\/p>\n\n\n\n<h2 class=\"wp-block-heading\"><strong>La farmacia recorrer\u00e1 12 municipios de la provincia de Barcelona<\/strong><\/h2>\n\n\n\n<p>Vilafranca ha sido la quinta parada de la unidad m\u00f3vil, despu\u00e9s de Matar\u00f3 (23 y 24 de septiembre), Manresa (1 y 2 de octubre), Igualada (7 y 8 de octubre) y Cornell\u00e0 (14 y 15 de octubre). En los pr\u00f3ximos d\u00edas, esta campa\u00f1a itinerante de salud tambi\u00e9n visitar\u00e1 Terrassa (27 y 28 octubre), Sabadell (29 y 30 octubre), L&#039;Hospitalet (5 y 6 noviembre), Badalona (11 y 12 noviembre), Granollers (18 y 19 noviembre), Pineda de Mar (25 y 26 noviembre) y Vic (2).<\/p>\n\n\n\n<p>A lo largo de este recorrido, la farmacia se acercar\u00e1 a los vecinos de las diferentes ciudades para ofrecerles servicios asistenciales de forma gratuita, m\u00e1s all\u00e1 de la dispensaci\u00f3n de medicamentos.<\/p>\n\n\n\n<figure class=\"wp-block-image size-large\"><a href=\"https:\/\/www.cofb.org\/wp-content\/uploads\/2025\/10\/Farmaceutics-voluntaris-1.jpg\" target=\"_blank\" rel=\" noreferrer noopener\"><img decoding=\"async\" width=\"1024\" height=\"683\" src=\"https:\/\/www.cofb.org\/wp-content\/uploads\/2025\/10\/Farmaceutics-voluntaris-1-1024x683.jpg\" alt=\"Les farmac\u00e8utiques i farmac\u00e8utic voluntaris a la farm\u00e0cia m\u00f2bil de Vilafranca.\" class=\"wp-image-82548\" srcset=\"https:\/\/www.cofb.org\/wp-content\/uploads\/2025\/10\/Farmaceutics-voluntaris-1-1024x683.jpg 1024w, https:\/\/www.cofb.org\/wp-content\/uploads\/2025\/10\/Farmaceutics-voluntaris-1-300x200.jpg 300w, https:\/\/www.cofb.org\/wp-content\/uploads\/2025\/10\/Farmaceutics-voluntaris-1-768x512.jpg 768w, https:\/\/www.cofb.org\/wp-content\/uploads\/2025\/10\/Farmaceutics-voluntaris-1-18x12.jpg 18w, https:\/\/www.cofb.org\/wp-content\/uploads\/2025\/10\/Farmaceutics-voluntaris-1.jpg 1500w\" sizes=\"(max-width: 1024px) 100vw, 1024px\" \/><\/a><figcaption class=\"wp-element-caption\">Las farmac\u00e9uticas y farmac\u00e9utico voluntarios en la farmacia m\u00f3vil de Vilafranca.<\/figcaption><\/figure>\n\n\n\n<p><\/p>","protected":false},"excerpt":{"rendered":"<p>Barcelona, 22 de octubre de 2025.- Hasta el momento, Vilafranca se ha convertido en la ciudad con m\u00e1s personas atendidas y pruebas realizadas en la unidad m\u00f3vil de \u201cMi farmacia, mi salud\u201d. En total, 146 usuarios y usuarias se han acercado a la farmacia m\u00f3vil para conocer y vivir, [\u2026]<\/p>","protected":false},"author":10,"featured_media":82547,"comment_status":"closed","ping_status":"closed","sticky":false,"template":"","format":"aside","meta":{"_uag_custom_page_level_css":"","site-sidebar-layout":"default","site-content-layout":"","ast-site-content-layout":"default","site-content-style":"default","site-sidebar-style":"default","ast-global-header-display":"","ast-banner-title-visibility":"","ast-main-header-display":"","ast-hfb-above-header-display":"","ast-hfb-below-header-display":"","ast-hfb-mobile-header-display":"","site-post-title":"","ast-breadcrumbs-content":"","ast-featured-img":"disabled","footer-sml-layout":"","theme-transparent-header-meta":"","adv-header-id-meta":"","stick-header-meta":"","header-above-stick-meta":"","header-main-stick-meta":"","header-below-stick-meta":"","astra-migrate-meta-layouts":"set","ast-page-background-enabled":"default","ast-page-background-meta":{"desktop":{"background-color":"var(--ast-global-color-4)","background-image":"","background-repeat":"repeat","background-position":"center center","background-size":"auto","background-attachment":"scroll","background-type":"","background-media":"","overlay-type":"","overlay-color":"","overlay-opacity":"","overlay-gradient":""},"tablet":{"background-color":"","background-image":"","background-repeat":"repeat","background-position":"center center","background-size":"auto","background-attachment":"scroll","background-type":"","background-media":"","overlay-type":"","overlay-color":"","overlay-opacity":"","overlay-gradient":""},"mobile":{"background-color":"","background-image":"","background-repeat":"repeat","background-position":"center center","background-size":"auto","background-attachment":"scroll","background-type":"","background-media":"","overlay-type":"","overlay-color":"","overlay-opacity":"","overlay-gradient":""}},"ast-content-background-meta":{"desktop":{"background-color":"var(--ast-global-color-5)","background-image":"","background-repeat":"repeat","background-position":"center center","background-size":"auto","background-attachment":"scroll","background-type":"","background-media":"","overlay-type":"","overlay-color":"","overlay-opacity":"","overlay-gradient":""},"tablet":{"background-color":"var(--ast-global-color-5)","background-image":"","background-repeat":"repeat","background-position":"center center","background-size":"auto","background-attachment":"scroll","background-type":"","background-media":"","overlay-type":"","overlay-color":"","overlay-opacity":"","overlay-gradient":""},"mobile":{"background-color":"var(--ast-global-color-5)","background-image":"","background-repeat":"repeat","background-position":"center center","background-size":"auto","background-attachment":"scroll","background-type":"","background-media":"","overlay-type":"","overlay-color":"","overlay-opacity":"","overlay-gradient":""}},"footnotes":""},"categories":[23,1060],"tags":[884,18,19,4668,705],"class_list":["post-82545","post","type-post","status-publish","format-aside","has-post-thumbnail","hentry","category-destacats","category-notes-premsa","tag-campanya","tag-cofb","tag-collegi-de-farmaceutics-de-barcelona","tag-farmacia-comunitaria-2","tag-usuari","post_format-post-format-aside"],"yoast_head":"<!-- This site is optimized with the Yoast SEO plugin v22.4 - https:\/\/yoast.com\/wordpress\/plugins\/seo\/ -->\n<title>R\u00e8cord de participaci\u00f3 a la farm\u00e0cia m\u00f2bil de Vilafranca, amb m\u00e9s de 140 ve\u00efns i 630 proves - Col\u00b7legi de Farmac\u00e8utics de Barcelona<\/title>\n<meta name=\"description\" content=\"R\u00e8cord de participaci\u00f3 a la farm\u00e0cia m\u00f2bil de Vilafranca, aconseguint m\u00e9s de 140 ve\u00efns i 630 proves fetes\" \/>\n<meta name=\"robots\" content=\"index, follow, max-snippet:-1, max-image-preview:large, max-video-preview:-1\" \/>\n<link rel=\"canonical\" href=\"https:\/\/www.cofb.org\/es\/2025\/10\/22\/record-de-participacio-a-la-farmacia-mobil-de-vilafranca-amb-mes-de-140-veins-i-630-proves\/\" \/>\n<meta property=\"og:locale\" content=\"es_ES\" \/>\n<meta property=\"og:type\" content=\"article\" \/>\n<meta property=\"og:title\" content=\"R\u00e8cord de participaci\u00f3 a la farm\u00e0cia m\u00f2bil de Vilafranca, amb m\u00e9s de 140 ve\u00efns i 630 proves - Col\u00b7legi de Farmac\u00e8utics de Barcelona\" \/>\n<meta property=\"og:description\" content=\"R\u00e8cord de participaci\u00f3 a la farm\u00e0cia m\u00f2bil de Vilafranca, aconseguint m\u00e9s de 140 ve\u00efns i 630 proves fetes\" \/>\n<meta property=\"og:url\" content=\"https:\/\/www.cofb.org\/es\/2025\/10\/22\/record-de-participacio-a-la-farmacia-mobil-de-vilafranca-amb-mes-de-140-veins-i-630-proves\/\" \/>\n<meta property=\"og:site_name\" content=\"Col\u00b7legi de Farmac\u00e8utics de Barcelona\" \/>\n<meta property=\"article:publisher\" content=\"https:\/\/www.facebook.com\/farmaceuticsbcn\/\" \/>\n<meta property=\"article:published_time\" content=\"2025-10-22T11:57:21+00:00\" \/>\n<meta property=\"article:modified_time\" content=\"2026-03-19T14:30:38+00:00\" \/>\n<meta property=\"og:image\" content=\"https:\/\/www.cofb.org\/wp-content\/uploads\/2025\/10\/Exterior-de-la-unitat-mobil-2.jpg\" \/>\n\t<meta property=\"og:image:width\" content=\"1500\" \/>\n\t<meta property=\"og:image:height\" content=\"1000\" \/>\n\t<meta property=\"og:image:type\" content=\"image\/jpeg\" \/>\n<meta name=\"author\" content=\"Xavier Magraner\" \/>\n<meta name=\"twitter:card\" content=\"summary_large_image\" \/>\n<meta name=\"twitter:creator\" content=\"@farmaceuticsbcn\" \/>\n<meta name=\"twitter:site\" content=\"@farmaceuticsbcn\" \/>\n<meta name=\"twitter:label1\" content=\"Escrito por\" \/>\n\t<meta name=\"twitter:data1\" content=\"Xavier Magraner\" \/>\n\t<meta name=\"twitter:label2\" content=\"Tiempo de lectura\" \/>\n\t<meta name=\"twitter:data2\" content=\"5 minutos\" \/>\n<script type=\"application\/ld+json\" class=\"yoast-schema-graph\">{\"@context\":\"https:\/\/schema.org\",\"@graph\":[{\"@type\":\"Article\",\"@id\":\"https:\/\/www.cofb.org\/2025\/10\/22\/record-de-participacio-a-la-farmacia-mobil-de-vilafranca-amb-mes-de-140-veins-i-630-proves\/#article\",\"isPartOf\":{\"@id\":\"https:\/\/www.cofb.org\/2025\/10\/22\/record-de-participacio-a-la-farmacia-mobil-de-vilafranca-amb-mes-de-140-veins-i-630-proves\/\"},\"author\":{\"name\":\"Xavier Magraner\",\"@id\":\"https:\/\/www.cofb.org\/#\/schema\/person\/e46d741cfb92c985a083d163d8270ae4\"},\"headline\":\"R\u00e8cord de participaci\u00f3 a la farm\u00e0cia m\u00f2bil de Vilafranca, amb m\u00e9s de 140 ve\u00efns i 630 proves\",\"datePublished\":\"2025-10-22T11:57:21+00:00\",\"dateModified\":\"2026-03-19T14:30:38+00:00\",\"mainEntityOfPage\":{\"@id\":\"https:\/\/www.cofb.org\/2025\/10\/22\/record-de-participacio-a-la-farmacia-mobil-de-vilafranca-amb-mes-de-140-veins-i-630-proves\/\"},\"wordCount\":769,\"publisher\":{\"@id\":\"https:\/\/www.cofb.org\/#organization\"},\"image\":{\"@id\":\"https:\/\/www.cofb.org\/2025\/10\/22\/record-de-participacio-a-la-farmacia-mobil-de-vilafranca-amb-mes-de-140-veins-i-630-proves\/#primaryimage\"},\"thumbnailUrl\":\"https:\/\/www.cofb.org\/wp-content\/uploads\/2025\/10\/Exterior-de-la-unitat-mobil-2.jpg\",\"keywords\":[\"campanya\",\"COFB\",\"Col\u00b7legi de Farmac\u00e8utics de Barcelona\",\"farm\u00e0cia comunitaria\",\"usuari\"],\"articleSection\":[\"Destacats\",\"Notes de premsa\"],\"inLanguage\":\"es\"},{\"@type\":\"WebPage\",\"@id\":\"https:\/\/www.cofb.org\/2025\/10\/22\/record-de-participacio-a-la-farmacia-mobil-de-vilafranca-amb-mes-de-140-veins-i-630-proves\/\",\"url\":\"https:\/\/www.cofb.org\/2025\/10\/22\/record-de-participacio-a-la-farmacia-mobil-de-vilafranca-amb-mes-de-140-veins-i-630-proves\/\",\"name\":\"R\u00e8cord de participaci\u00f3 a la farm\u00e0cia m\u00f2bil de Vilafranca, amb m\u00e9s de 140 ve\u00efns i 630 proves - Col\u00b7legi de Farmac\u00e8utics de Barcelona\",\"isPartOf\":{\"@id\":\"https:\/\/www.cofb.org\/#website\"},\"primaryImageOfPage\":{\"@id\":\"https:\/\/www.cofb.org\/2025\/10\/22\/record-de-participacio-a-la-farmacia-mobil-de-vilafranca-amb-mes-de-140-veins-i-630-proves\/#primaryimage\"},\"image\":{\"@id\":\"https:\/\/www.cofb.org\/2025\/10\/22\/record-de-participacio-a-la-farmacia-mobil-de-vilafranca-amb-mes-de-140-veins-i-630-proves\/#primaryimage\"},\"thumbnailUrl\":\"https:\/\/www.cofb.org\/wp-content\/uploads\/2025\/10\/Exterior-de-la-unitat-mobil-2.jpg\",\"datePublished\":\"2025-10-22T11:57:21+00:00\",\"dateModified\":\"2026-03-19T14:30:38+00:00\",\"description\":\"R\u00e8cord de participaci\u00f3 a la farm\u00e0cia m\u00f2bil de Vilafranca, aconseguint m\u00e9s de 140 ve\u00efns i 630 proves fetes\",\"breadcrumb\":{\"@id\":\"https:\/\/www.cofb.org\/2025\/10\/22\/record-de-participacio-a-la-farmacia-mobil-de-vilafranca-amb-mes-de-140-veins-i-630-proves\/#breadcrumb\"},\"inLanguage\":\"es\",\"potentialAction\":[{\"@type\":\"ReadAction\",\"target\":[\"https:\/\/www.cofb.org\/2025\/10\/22\/record-de-participacio-a-la-farmacia-mobil-de-vilafranca-amb-mes-de-140-veins-i-630-proves\/\"]}]},{\"@type\":\"ImageObject\",\"inLanguage\":\"es\",\"@id\":\"https:\/\/www.cofb.org\/2025\/10\/22\/record-de-participacio-a-la-farmacia-mobil-de-vilafranca-amb-mes-de-140-veins-i-630-proves\/#primaryimage\",\"url\":\"https:\/\/www.cofb.org\/wp-content\/uploads\/2025\/10\/Exterior-de-la-unitat-mobil-2.jpg\",\"contentUrl\":\"https:\/\/www.cofb.org\/wp-content\/uploads\/2025\/10\/Exterior-de-la-unitat-mobil-2.jpg\",\"width\":1500,\"height\":1000},{\"@type\":\"BreadcrumbList\",\"@id\":\"https:\/\/www.cofb.org\/2025\/10\/22\/record-de-participacio-a-la-farmacia-mobil-de-vilafranca-amb-mes-de-140-veins-i-630-proves\/#breadcrumb\",\"itemListElement\":[{\"@type\":\"ListItem\",\"position\":1,\"name\":\"Inici\",\"item\":\"https:\/\/novaorg.cofb.net\/\"},{\"@type\":\"ListItem\",\"position\":2,\"name\":\"R\u00e8cord de participaci\u00f3 a la farm\u00e0cia m\u00f2bil de Vilafranca, amb m\u00e9s de 140 ve\u00efns i 630 proves\"}]},{\"@type\":\"WebSite\",\"@id\":\"https:\/\/www.cofb.org\/#website\",\"url\":\"https:\/\/www.cofb.org\/\",\"name\":\"Col\u00b7legi de Farmac\u00e8utics de Barcelona\",\"description\":\"\",\"publisher\":{\"@id\":\"https:\/\/www.cofb.org\/#organization\"},\"potentialAction\":[{\"@type\":\"SearchAction\",\"target\":{\"@type\":\"EntryPoint\",\"urlTemplate\":\"https:\/\/www.cofb.org\/?s={search_term_string}\"},\"query-input\":\"required name=search_term_string\"}],\"inLanguage\":\"es\"},{\"@type\":\"Organization\",\"@id\":\"https:\/\/www.cofb.org\/#organization\",\"name\":\"Col\u00b7legi de Farmac\u00e8utics de Barcelona\",\"url\":\"https:\/\/www.cofb.org\/\",\"logo\":{\"@type\":\"ImageObject\",\"inLanguage\":\"es\",\"@id\":\"https:\/\/www.cofb.org\/#\/schema\/logo\/image\/\",\"url\":\"https:\/\/www.cofb.org\/wp-content\/uploads\/2023\/11\/cropped-Logotip-COFB.png\",\"contentUrl\":\"https:\/\/www.cofb.org\/wp-content\/uploads\/2023\/11\/cropped-Logotip-COFB.png\",\"width\":500,\"height\":105,\"caption\":\"Col\u00b7legi de Farmac\u00e8utics de Barcelona\"},\"image\":{\"@id\":\"https:\/\/www.cofb.org\/#\/schema\/logo\/image\/\"},\"sameAs\":[\"https:\/\/www.facebook.com\/farmaceuticsbcn\/\",\"https:\/\/twitter.com\/farmaceuticsbcn\",\"https:\/\/www.instagram.com\/farmaceuticsbcn\/\",\"https:\/\/www.linkedin.com\/company\/farmaceuticsbcn\/\"]},{\"@type\":\"Person\",\"@id\":\"https:\/\/www.cofb.org\/#\/schema\/person\/e46d741cfb92c985a083d163d8270ae4\",\"name\":\"Xavier Magraner\",\"image\":{\"@type\":\"ImageObject\",\"inLanguage\":\"es\",\"@id\":\"https:\/\/www.cofb.org\/#\/schema\/person\/image\/\",\"url\":\"https:\/\/secure.gravatar.com\/avatar\/aa0d1d4df59f71f88eebd5796c5388ff41c58d83c5301eb6e1d65646a289c37d?s=96&d=mm&r=g\",\"contentUrl\":\"https:\/\/secure.gravatar.com\/avatar\/aa0d1d4df59f71f88eebd5796c5388ff41c58d83c5301eb6e1d65646a289c37d?s=96&d=mm&r=g\",\"caption\":\"Xavier Magraner\"},\"url\":\"https:\/\/www.cofb.org\/es\/author\/xmagraner\/\"}]}<\/script>\n<!-- \/ Yoast SEO plugin. -->","yoast_head_json":{"title":"R\u00e8cord de participaci\u00f3 a la farm\u00e0cia m\u00f2bil de Vilafranca, amb m\u00e9s de 140 ve\u00efns i 630 proves - Col\u00b7legi de Farmac\u00e8utics de Barcelona","description":"R\u00e8cord de participaci\u00f3 a la farm\u00e0cia m\u00f2bil de Vilafranca, aconseguint m\u00e9s de 140 ve\u00efns i 630 proves fetes","robots":{"index":"index","follow":"follow","max-snippet":"max-snippet:-1","max-image-preview":"max-image-preview:large","max-video-preview":"max-video-preview:-1"},"canonical":"https:\/\/www.cofb.org\/es\/2025\/10\/22\/record-de-participacio-a-la-farmacia-mobil-de-vilafranca-amb-mes-de-140-veins-i-630-proves\/","og_locale":"es_ES","og_type":"article","og_title":"R\u00e8cord de participaci\u00f3 a la farm\u00e0cia m\u00f2bil de Vilafranca, amb m\u00e9s de 140 ve\u00efns i 630 proves - Col\u00b7legi de Farmac\u00e8utics de Barcelona","og_description":"R\u00e8cord de participaci\u00f3 a la farm\u00e0cia m\u00f2bil de Vilafranca, aconseguint m\u00e9s de 140 ve\u00efns i 630 proves fetes","og_url":"https:\/\/www.cofb.org\/es\/2025\/10\/22\/record-de-participacio-a-la-farmacia-mobil-de-vilafranca-amb-mes-de-140-veins-i-630-proves\/","og_site_name":"Col\u00b7legi de Farmac\u00e8utics de Barcelona","article_publisher":"https:\/\/www.facebook.com\/farmaceuticsbcn\/","article_published_time":"2025-10-22T11:57:21+00:00","article_modified_time":"2026-03-19T14:30:38+00:00","og_image":[{"width":1500,"height":1000,"url":"https:\/\/www.cofb.org\/wp-content\/uploads\/2025\/10\/Exterior-de-la-unitat-mobil-2.jpg","type":"image\/jpeg"}],"author":"Xavier Magraner","twitter_card":"summary_large_image","twitter_creator":"@farmaceuticsbcn","twitter_site":"@farmaceuticsbcn","twitter_misc":{"Escrito por":"Xavier Magraner","Tiempo de lectura":"5 minutos"},"schema":{"@context":"https:\/\/schema.org","@graph":[{"@type":"Article","@id":"https:\/\/www.cofb.org\/2025\/10\/22\/record-de-participacio-a-la-farmacia-mobil-de-vilafranca-amb-mes-de-140-veins-i-630-proves\/#article","isPartOf":{"@id":"https:\/\/www.cofb.org\/2025\/10\/22\/record-de-participacio-a-la-farmacia-mobil-de-vilafranca-amb-mes-de-140-veins-i-630-proves\/"},"author":{"name":"Xavier Magraner","@id":"https:\/\/www.cofb.org\/#\/schema\/person\/e46d741cfb92c985a083d163d8270ae4"},"headline":"R\u00e8cord de participaci\u00f3 a la farm\u00e0cia m\u00f2bil de Vilafranca, amb m\u00e9s de 140 ve\u00efns i 630 proves","datePublished":"2025-10-22T11:57:21+00:00","dateModified":"2026-03-19T14:30:38+00:00","mainEntityOfPage":{"@id":"https:\/\/www.cofb.org\/2025\/10\/22\/record-de-participacio-a-la-farmacia-mobil-de-vilafranca-amb-mes-de-140-veins-i-630-proves\/"},"wordCount":769,"publisher":{"@id":"https:\/\/www.cofb.org\/#organization"},"image":{"@id":"https:\/\/www.cofb.org\/2025\/10\/22\/record-de-participacio-a-la-farmacia-mobil-de-vilafranca-amb-mes-de-140-veins-i-630-proves\/#primaryimage"},"thumbnailUrl":"https:\/\/www.cofb.org\/wp-content\/uploads\/2025\/10\/Exterior-de-la-unitat-mobil-2.jpg","keywords":["campanya","COFB","Col\u00b7legi de Farmac\u00e8utics de Barcelona","farm\u00e0cia comunitaria","usuari"],"articleSection":["Destacats","Notes de premsa"],"inLanguage":"es"},{"@type":"WebPage","@id":"https:\/\/www.cofb.org\/2025\/10\/22\/record-de-participacio-a-la-farmacia-mobil-de-vilafranca-amb-mes-de-140-veins-i-630-proves\/","url":"https:\/\/www.cofb.org\/2025\/10\/22\/record-de-participacio-a-la-farmacia-mobil-de-vilafranca-amb-mes-de-140-veins-i-630-proves\/","name":"R\u00e8cord de participaci\u00f3 a la farm\u00e0cia m\u00f2bil de Vilafranca, amb m\u00e9s de 140 ve\u00efns i 630 proves - Col\u00b7legi de Farmac\u00e8utics de Barcelona","isPartOf":{"@id":"https:\/\/www.cofb.org\/#website"},"primaryImageOfPage":{"@id":"https:\/\/www.cofb.org\/2025\/10\/22\/record-de-participacio-a-la-farmacia-mobil-de-vilafranca-amb-mes-de-140-veins-i-630-proves\/#primaryimage"},"image":{"@id":"https:\/\/www.cofb.org\/2025\/10\/22\/record-de-participacio-a-la-farmacia-mobil-de-vilafranca-amb-mes-de-140-veins-i-630-proves\/#primaryimage"},"thumbnailUrl":"https:\/\/www.cofb.org\/wp-content\/uploads\/2025\/10\/Exterior-de-la-unitat-mobil-2.jpg","datePublished":"2025-10-22T11:57:21+00:00","dateModified":"2026-03-19T14:30:38+00:00","description":"R\u00e8cord de participaci\u00f3 a la farm\u00e0cia m\u00f2bil de Vilafranca, aconseguint m\u00e9s de 140 ve\u00efns i 630 proves fetes","breadcrumb":{"@id":"https:\/\/www.cofb.org\/2025\/10\/22\/record-de-participacio-a-la-farmacia-mobil-de-vilafranca-amb-mes-de-140-veins-i-630-proves\/#breadcrumb"},"inLanguage":"es","potentialAction":[{"@type":"ReadAction","target":["https:\/\/www.cofb.org\/2025\/10\/22\/record-de-participacio-a-la-farmacia-mobil-de-vilafranca-amb-mes-de-140-veins-i-630-proves\/"]}]},{"@type":"ImageObject","inLanguage":"es","@id":"https:\/\/www.cofb.org\/2025\/10\/22\/record-de-participacio-a-la-farmacia-mobil-de-vilafranca-amb-mes-de-140-veins-i-630-proves\/#primaryimage","url":"https:\/\/www.cofb.org\/wp-content\/uploads\/2025\/10\/Exterior-de-la-unitat-mobil-2.jpg","contentUrl":"https:\/\/www.cofb.org\/wp-content\/uploads\/2025\/10\/Exterior-de-la-unitat-mobil-2.jpg","width":1500,"height":1000},{"@type":"BreadcrumbList","@id":"https:\/\/www.cofb.org\/2025\/10\/22\/record-de-participacio-a-la-farmacia-mobil-de-vilafranca-amb-mes-de-140-veins-i-630-proves\/#breadcrumb","itemListElement":[{"@type":"ListItem","position":1,"name":"Inici","item":"https:\/\/novaorg.cofb.net\/"},{"@type":"ListItem","position":2,"name":"R\u00e8cord de participaci\u00f3 a la farm\u00e0cia m\u00f2bil de Vilafranca, amb m\u00e9s de 140 ve\u00efns i 630 proves"}]},{"@type":"WebSite","@id":"https:\/\/www.cofb.org\/#website","url":"https:\/\/www.cofb.org\/","name":"Col\u00b7legi de Farmac\u00e8utics de Barcelona","description":"","publisher":{"@id":"https:\/\/www.cofb.org\/#organization"},"potentialAction":[{"@type":"SearchAction","target":{"@type":"EntryPoint","urlTemplate":"https:\/\/www.cofb.org\/?s={search_term_string}"},"query-input":"required name=search_term_string"}],"inLanguage":"es"},{"@type":"Organization","@id":"https:\/\/www.cofb.org\/#organization","name":"Col\u00b7legi de Farmac\u00e8utics de Barcelona","url":"https:\/\/www.cofb.org\/","logo":{"@type":"ImageObject","inLanguage":"es","@id":"https:\/\/www.cofb.org\/#\/schema\/logo\/image\/","url":"https:\/\/www.cofb.org\/wp-content\/uploads\/2023\/11\/cropped-Logotip-COFB.png","contentUrl":"https:\/\/www.cofb.org\/wp-content\/uploads\/2023\/11\/cropped-Logotip-COFB.png","width":500,"height":105,"caption":"Col\u00b7legi de Farmac\u00e8utics de Barcelona"},"image":{"@id":"https:\/\/www.cofb.org\/#\/schema\/logo\/image\/"},"sameAs":["https:\/\/www.facebook.com\/farmaceuticsbcn\/","https:\/\/twitter.com\/farmaceuticsbcn","https:\/\/www.instagram.com\/farmaceuticsbcn\/","https:\/\/www.linkedin.com\/company\/farmaceuticsbcn\/"]},{"@type":"Person","@id":"https:\/\/www.cofb.org\/#\/schema\/person\/e46d741cfb92c985a083d163d8270ae4","name":"Xavier Magraner","image":{"@type":"ImageObject","inLanguage":"es","@id":"https:\/\/www.cofb.org\/#\/schema\/person\/image\/","url":"https:\/\/secure.gravatar.com\/avatar\/aa0d1d4df59f71f88eebd5796c5388ff41c58d83c5301eb6e1d65646a289c37d?s=96&d=mm&r=g","contentUrl":"https:\/\/secure.gravatar.com\/avatar\/aa0d1d4df59f71f88eebd5796c5388ff41c58d83c5301eb6e1d65646a289c37d?s=96&d=mm&r=g","caption":"Xavier Magraner"},"url":"https:\/\/www.cofb.org\/es\/author\/xmagraner\/"}]}},"uagb_featured_image_src":{"full":["https:\/\/www.cofb.org\/wp-content\/uploads\/2025\/10\/Exterior-de-la-unitat-mobil-2.jpg",1500,1000,false],"thumbnail":["https:\/\/www.cofb.org\/wp-content\/uploads\/2025\/10\/Exterior-de-la-unitat-mobil-2-150x150.jpg",150,150,true],"medium":["https:\/\/www.cofb.org\/wp-content\/uploads\/2025\/10\/Exterior-de-la-unitat-mobil-2-300x200.jpg",300,200,true],"medium_large":["https:\/\/www.cofb.org\/wp-content\/uploads\/2025\/10\/Exterior-de-la-unitat-mobil-2-768x512.jpg",768,512,true],"large":["https:\/\/www.cofb.org\/wp-content\/uploads\/2025\/10\/Exterior-de-la-unitat-mobil-2-1024x683.jpg",1024,683,true],"1536x1536":["https:\/\/www.cofb.org\/wp-content\/uploads\/2025\/10\/Exterior-de-la-unitat-mobil-2.jpg",1500,1000,false],"2048x2048":["https:\/\/www.cofb.org\/wp-content\/uploads\/2025\/10\/Exterior-de-la-unitat-mobil-2.jpg",1500,1000,false],"trp-custom-language-flag":["https:\/\/www.cofb.org\/wp-content\/uploads\/2025\/10\/Exterior-de-la-unitat-mobil-2-18x12.jpg",18,12,true]},"uagb_author_info":{"display_name":"Xavier Magraner","author_link":"https:\/\/www.cofb.org\/es\/author\/xmagraner\/"},"uagb_comment_info":0,"uagb_excerpt":"Barcelona, 22 d\u2019octubre de 2025.- Fins al moment, Vilafranca s\u2019ha convertit en la ciutat amb m\u00e9s persones ateses i proves realitzades a la unitat m\u00f2bil de \u201cLa meva farm\u00e0cia, la meva salut\u201d. En total, 146 usuaris i usu\u00e0ries s\u2019han apropat a la farm\u00e0cia m\u00f2bil per con\u00e8ixer i viure, en primera [&hellip;]","_links":{"self":[{"href":"https:\/\/www.cofb.org\/es\/wp-json\/wp\/v2\/posts\/82545","targetHints":{"allow":["GET"]}}],"collection":[{"href":"https:\/\/www.cofb.org\/es\/wp-json\/wp\/v2\/posts"}],"about":[{"href":"https:\/\/www.cofb.org\/es\/wp-json\/wp\/v2\/types\/post"}],"author":[{"embeddable":true,"href":"https:\/\/www.cofb.org\/es\/wp-json\/wp\/v2\/users\/10"}],"replies":[{"embeddable":true,"href":"https:\/\/www.cofb.org\/es\/wp-json\/wp\/v2\/comments?post=82545"}],"version-history":[{"count":3,"href":"https:\/\/www.cofb.org\/es\/wp-json\/wp\/v2\/posts\/82545\/revisions"}],"predecessor-version":[{"id":82551,"href":"https:\/\/www.cofb.org\/es\/wp-json\/wp\/v2\/posts\/82545\/revisions\/82551"}],"wp:featuredmedia":[{"embeddable":true,"href":"https:\/\/www.cofb.org\/es\/wp-json\/wp\/v2\/media\/82547"}],"wp:attachment":[{"href":"https:\/\/www.cofb.org\/es\/wp-json\/wp\/v2\/media?parent=82545"}],"wp:term":[{"taxonomy":"category","embeddable":true,"href":"https:\/\/www.cofb.org\/es\/wp-json\/wp\/v2\/categories?post=82545"},{"taxonomy":"post_tag","embeddable":true,"href":"https:\/\/www.cofb.org\/es\/wp-json\/wp\/v2\/tags?post=82545"}],"curies":[{"name":"wp","href":"https:\/\/api.w.org\/{rel}","templated":true}]}}