{"id":82495,"date":"2025-10-16T16:34:28","date_gmt":"2025-10-16T16:34:28","guid":{"rendered":"https:\/\/www.cofb.org\/?p=82495"},"modified":"2026-03-19T14:31:00","modified_gmt":"2026-03-19T14:31:00","slug":"mes-de-3-200-farmacies-catalanes-simpliquen-per-augmentar-la-cobertura-vacunal-i-protegir-la-poblacio-de-risc","status":"publish","type":"post","link":"https:\/\/www.cofb.org\/es\/2025\/10\/16\/mes-de-3-200-farmacies-catalanes-simpliquen-per-augmentar-la-cobertura-vacunal-i-protegir-la-poblacio-de-risc\/","title":{"rendered":"M\u00e1s de 3.200 farmacias catalanas se implican para aumentar la cobertura vacunal y proteger a la poblaci\u00f3n de riesgo"},"content":{"rendered":"<ul class=\"wp-block-list\">\n<li>Lo har\u00e1n en el marco de la campa\u00f1a impulsada por el Departament de Salut y el Consell de Col\u00b7legis Farmac\u00e8utics de Catalunya (CCFC)<\/li>\n\n\n\n<li>La intervenci\u00f3n farmac\u00e9utica iniciada este lunes 13 de octubre se llevar\u00e1 a cabo hasta el 5 de diciembre. Como novedad, las farmacias dispondr\u00e1n de material informativo f\u00edsico para la ciudadan\u00eda, adaptado en funci\u00f3n de si la vacunaci\u00f3n es para adultos o ni\u00f1os<\/li>\n\n\n\n<li>El objetivo es aumentar la cobertura vacunal en personas de 60 a\u00f1os o m\u00e1s, con mayor riesgo de complicaciones por gripe o COVID-19<\/li>\n<\/ul>\n\n\n\n<p><\/p>\n\n\n\n<figure class=\"wp-block-image size-large\"><img fetchpriority=\"high\" decoding=\"async\" width=\"1024\" height=\"674\" src=\"https:\/\/www.cofb.org\/wp-content\/uploads\/2025\/10\/Campanya-vacunacio-grip-2025-2026-1024x674.jpg\" alt=\"\" class=\"wp-image-82501\" srcset=\"https:\/\/www.cofb.org\/wp-content\/uploads\/2025\/10\/Campanya-vacunacio-grip-2025-2026-1024x674.jpg 1024w, https:\/\/www.cofb.org\/wp-content\/uploads\/2025\/10\/Campanya-vacunacio-grip-2025-2026-300x197.jpg 300w, https:\/\/www.cofb.org\/wp-content\/uploads\/2025\/10\/Campanya-vacunacio-grip-2025-2026-768x505.jpg 768w, https:\/\/www.cofb.org\/wp-content\/uploads\/2025\/10\/Campanya-vacunacio-grip-2025-2026-18x12.jpg 18w, https:\/\/www.cofb.org\/wp-content\/uploads\/2025\/10\/Campanya-vacunacio-grip-2025-2026.jpg 1430w\" sizes=\"(max-width: 1024px) 100vw, 1024px\" \/><\/figure>\n\n\n\n<p><em>Barcelona, 16 de octubre de 2025<\/em>.- A <strong>Catalu\u00f1a<\/strong>, <strong>m\u00e1s de la mitad de las personas mayores de 60 a\u00f1os ingresadas en la UCI por gripe<\/strong> <strong>no estaban vacunadas<\/strong>. Para contribuir a revertir esta situaci\u00f3n, las m\u00e1s de <strong>3.200 farmacias catalanas<\/strong> participan desde este lunes, 13 de octubre, y por<a href=\"https:\/\/www.cofb.org\/es\/2024\/10\/28\/les-farmacies-catalanes-inicien-la-seva-collaboracio-amb-salut-per-fomentar-la-vacunacio-de-la-grip-i-la-covid-19-entre-els-majors-de-60-anys\/\" target=\"_blank\" rel=\"noreferrer noopener\"> segundo a\u00f1o consecutivo<\/a>, en la <strong>campa\u00f1a poblacional de vacunaci\u00f3n contra la gripe y la COVID-19<\/strong>.<\/p>\n\n\n\n<p>En concreto, esta campa\u00f1a impulsada por el<strong> Departament de Salut<\/strong> y el <strong>Consell de Col\u00b7legis Farmac\u00e8utics de Catalunya (CCFC)<\/strong> tiene como objetivo aumentar la <strong>cobertura vacunal en personas de 60 a\u00f1os o m\u00e1s<\/strong>, con <strong>mayor riesgo de complicaciones por gripe o COVID-19<\/strong>.<\/p>\n\n\n\n<p>En el caso de la <strong>gripe<\/strong>, los casos m\u00e1s graves afectan principalmente a las personas de m\u00e1s de 60 a\u00f1os. En cuanto a la <strong>COVID-19<\/strong>, una gran mayor\u00eda de casos se dan en la poblaci\u00f3n de mayor edad y tambi\u00e9n son los que presentan mayor gravedad.<\/p>\n\n\n\n<h2 class=\"wp-block-heading\">\u00bfEn qu\u00e9 consiste la intervenci\u00f3n farmac\u00e9utica?<\/h2>\n\n\n\n<p>Como novedad, <strong>las farmacias dispondr\u00e1n de material informativo f\u00edsico<\/strong> por la <strong>ciudadan\u00eda<\/strong>, adaptado en funci\u00f3n de si la <strong>vacunaci\u00f3n es para adultos o ni\u00f1os<\/strong>.<\/p>\n\n\n\n<p>La actuaci\u00f3n farmac\u00e9utica se llevar\u00e1 a cabo hasta el 5 de diciembre y sigue tres pasos. En primer lugar, el <strong>farmac\u00e9utico informa al usuario sobre la campa\u00f1a de vacunaci\u00f3n<\/strong>. A continuaci\u00f3n explica medidas de prevenci\u00f3n, tanto personales como del entorno. Por \u00faltimo, pregunta a la persona si <strong>ya se ha vacunado y\/o si tiene inter\u00e9s en hacerlo<\/strong>. Si no quiere vacunarse, se da un consejo breve para intentar reconducir la situaci\u00f3n; y en caso de que s\u00ed se quiera vacunar, se <strong>proporciona informaci\u00f3n de d\u00f3nde y c\u00f3mo vacunarse<\/strong> y se ayuda con la cita, en caso de que sea necesario.<\/p>\n\n\n\n<p>&quot;La participaci\u00f3n de las farmacias en las campa\u00f1as de vacunaci\u00f3n es fundamental porque son puntos de salud cercanos, accesibles y presentes en todo el territorio&quot;, explica <strong>Elena Palau<\/strong>, <strong>vocal del Consell de Col\u00b7legis Farmac\u00e8utics de Catalunya<\/strong>. \u201cEl farmac\u00e9utico, gracias a su rol activo en la promoci\u00f3n de la salud, puede identificar y motivar a personas que se encuentran <strong>dentro de grupos de riesgo<\/strong> y contribuir a que se cumplan los objetivos de vacunaci\u00f3n\u201d.<\/p>\n\n\n\n<h2 class=\"wp-block-heading\">\u00bfPor qu\u00e9 es importante vacunarse de la gripe y la COVID-19?<\/h2>\n\n\n\n<p>La vacunaci\u00f3n evit\u00f3 el <strong>26% de hospitalizaciones<\/strong>, el <strong>40% de ingresos en UCI<\/strong> y el <strong>37% de defunciones<\/strong> <strong>en las personas de 65 o m\u00e1s a\u00f1os atribuibles a la gripe<\/strong>, durante la temporada 2019-2020. Asimismo, tanto la gripe como la COVID-19 van cambiando con el tiempo y las vacunas se adaptan cada temporada a las nuevas variantes.<\/p>\n\n\n\n<p>Dado que las previsiones es que habr\u00e1 un <strong>posible avance de las infecciones gripales<\/strong>, se insiste en que el momento de vacunaci\u00f3n es ahora para que la poblaci\u00f3n est\u00e9 protegida antes de que se produzcan el pico de contagios.<\/p>\n\n\n\n<h2 class=\"wp-block-heading\">Campa\u00f1a de vacunaci\u00f3n 2025-2026<\/h2>\n\n\n\n<p>Una de las novedades de la campa\u00f1a de vacunaci\u00f3n de oto\u00f1o de este a\u00f1o es que establece recomendaciones de cobertura vacunal de gripe y c\u00f3vido por separado. Esto permite adaptar mejor la estrategia a la situaci\u00f3n epidemiol\u00f3gica de cada uno de los virus. Sin embargo, durante la campa\u00f1a, los grupos de riesgo que tienen indicadas ambas vacunas las recibir\u00e1n de forma simult\u00e1nea.<\/p>\n\n\n\n<p>La <strong>campa\u00f1a<\/strong> se dirige especialmente a las <strong>personas que tienen un alto riesgo de complicaciones si sufren la gripe o la COVID-19<\/strong>, especialmente las <strong>personas mayores<\/strong> y las <strong>embarazadas<\/strong>. Asimismo, tambi\u00e9n se recomienda a las personas o grupos que pueden transmitir la gripe a personas en situaci\u00f3n de alto riesgo, sobre todo a los profesionales de la salud.<\/p>\n\n\n\n<h2 class=\"wp-block-heading\">2 d\u00edpticos:<\/h2>\n\n\n\n<p><a href=\"https:\/\/scientiasalut.gencat.cat\/bitstream\/handle\/11351\/13637\/vacunat-contra-grip-covid-19-2025.pdf?sequence=1&amp;isAllowed=y\">Vac\u00fanate contra la gripe y la COVID-19<\/a><\/p>\n\n\n\n<p><a href=\"https:\/\/scientiasalut.gencat.cat\/bitstream\/handle\/11351\/13685\/vacuna-infant-contra-grip-2025.pdf?sequence=1&amp;isAllowed=y\">Vacuna a tu ni\u00f1o contra la Gripe<\/a><\/p>","protected":false},"excerpt":{"rendered":"<p>Barcelona, 16 de octubre de 2025.- En Catalu\u00f1a, m\u00e1s de la mitad de las personas mayores de 60 a\u00f1os ingresadas en la UCI por gripe no estaban vacunadas. Para contribuir a revertir esta situaci\u00f3n, las m\u00e1s de 3.200 farmacias catalanas participan desde este lunes, 13 de octubre, y por segundo [\u2026]<\/p>","protected":false},"author":10,"featured_media":82501,"comment_status":"closed","ping_status":"closed","sticky":false,"template":"","format":"aside","meta":{"_uag_custom_page_level_css":"","site-sidebar-layout":"default","site-content-layout":"","ast-site-content-layout":"default","site-content-style":"default","site-sidebar-style":"default","ast-global-header-display":"","ast-banner-title-visibility":"","ast-main-header-display":"","ast-hfb-above-header-display":"","ast-hfb-below-header-display":"","ast-hfb-mobile-header-display":"","site-post-title":"","ast-breadcrumbs-content":"","ast-featured-img":"disabled","footer-sml-layout":"","theme-transparent-header-meta":"","adv-header-id-meta":"","stick-header-meta":"","header-above-stick-meta":"","header-main-stick-meta":"","header-below-stick-meta":"","astra-migrate-meta-layouts":"set","ast-page-background-enabled":"default","ast-page-background-meta":{"desktop":{"background-color":"var(--ast-global-color-4)","background-image":"","background-repeat":"repeat","background-position":"center center","background-size":"auto","background-attachment":"scroll","background-type":"","background-media":"","overlay-type":"","overlay-color":"","overlay-opacity":"","overlay-gradient":""},"tablet":{"background-color":"","background-image":"","background-repeat":"repeat","background-position":"center center","background-size":"auto","background-attachment":"scroll","background-type":"","background-media":"","overlay-type":"","overlay-color":"","overlay-opacity":"","overlay-gradient":""},"mobile":{"background-color":"","background-image":"","background-repeat":"repeat","background-position":"center center","background-size":"auto","background-attachment":"scroll","background-type":"","background-media":"","overlay-type":"","overlay-color":"","overlay-opacity":"","overlay-gradient":""}},"ast-content-background-meta":{"desktop":{"background-color":"var(--ast-global-color-5)","background-image":"","background-repeat":"repeat","background-position":"center center","background-size":"auto","background-attachment":"scroll","background-type":"","background-media":"","overlay-type":"","overlay-color":"","overlay-opacity":"","overlay-gradient":""},"tablet":{"background-color":"var(--ast-global-color-5)","background-image":"","background-repeat":"repeat","background-position":"center center","background-size":"auto","background-attachment":"scroll","background-type":"","background-media":"","overlay-type":"","overlay-color":"","overlay-opacity":"","overlay-gradient":""},"mobile":{"background-color":"var(--ast-global-color-5)","background-image":"","background-repeat":"repeat","background-position":"center center","background-size":"auto","background-attachment":"scroll","background-type":"","background-media":"","overlay-type":"","overlay-color":"","overlay-opacity":"","overlay-gradient":""}},"footnotes":""},"categories":[23,1060],"tags":[4500,5126,18,19,3316,90,311,964],"class_list":["post-82495","post","type-post","status-publish","format-aside","has-post-thumbnail","hentry","category-destacats","category-notes-premsa","tag-campanya-de-vacunacio","tag-campanya-de-vacunacio-de-grip-i-covid-19","tag-cofb","tag-collegi-de-farmaceutics-de-barcelona","tag-consell-de-collegis-de-farmaceutics-de-catalunya","tag-covid-19","tag-departament-de-salut","tag-grip","post_format-post-format-aside"],"yoast_head":"<!-- This site is optimized with the Yoast SEO plugin v22.4 - https:\/\/yoast.com\/wordpress\/plugins\/seo\/ -->\n<title>M\u00e9s de 3.200 farm\u00e0cies catalanes s\u2019impliquen per augmentar la cobertura vacunal i protegir la poblaci\u00f3 de risc - Col\u00b7legi de Farmac\u00e8utics de Barcelona<\/title>\n<meta name=\"description\" content=\"El Consell de Col\u00b7legis Farmac\u00e8utics de Catalunya s&#039;implica per augmentar la cobertura vacunal de grip i Covid-19\" \/>\n<meta name=\"robots\" content=\"index, follow, max-snippet:-1, max-image-preview:large, max-video-preview:-1\" \/>\n<link rel=\"canonical\" href=\"https:\/\/www.cofb.org\/es\/2025\/10\/16\/mes-de-3-200-farmacies-catalanes-simpliquen-per-augmentar-la-cobertura-vacunal-i-protegir-la-poblacio-de-risc\/\" \/>\n<meta property=\"og:locale\" content=\"es_ES\" \/>\n<meta property=\"og:type\" content=\"article\" \/>\n<meta property=\"og:title\" content=\"M\u00e9s de 3.200 farm\u00e0cies catalanes s\u2019impliquen per augmentar la cobertura vacunal i protegir la poblaci\u00f3 de risc - Col\u00b7legi de Farmac\u00e8utics de Barcelona\" \/>\n<meta property=\"og:description\" content=\"El Consell de Col\u00b7legis Farmac\u00e8utics de Catalunya s&#039;implica per augmentar la cobertura vacunal de grip i Covid-19\" \/>\n<meta property=\"og:url\" content=\"https:\/\/www.cofb.org\/es\/2025\/10\/16\/mes-de-3-200-farmacies-catalanes-simpliquen-per-augmentar-la-cobertura-vacunal-i-protegir-la-poblacio-de-risc\/\" \/>\n<meta property=\"og:site_name\" content=\"Col\u00b7legi de Farmac\u00e8utics de Barcelona\" \/>\n<meta property=\"article:publisher\" content=\"https:\/\/www.facebook.com\/farmaceuticsbcn\/\" \/>\n<meta property=\"article:published_time\" content=\"2025-10-16T16:34:28+00:00\" \/>\n<meta property=\"article:modified_time\" content=\"2026-03-19T14:31:00+00:00\" \/>\n<meta property=\"og:image\" content=\"https:\/\/www.cofb.org\/wp-content\/uploads\/2025\/10\/Campanya-vacunacio-grip-2025-2026.jpg\" \/>\n\t<meta property=\"og:image:width\" content=\"1430\" \/>\n\t<meta property=\"og:image:height\" content=\"941\" \/>\n\t<meta property=\"og:image:type\" content=\"image\/jpeg\" \/>\n<meta name=\"author\" content=\"Xavier Magraner\" \/>\n<meta name=\"twitter:card\" content=\"summary_large_image\" \/>\n<meta name=\"twitter:creator\" content=\"@farmaceuticsbcn\" \/>\n<meta name=\"twitter:site\" content=\"@farmaceuticsbcn\" \/>\n<meta name=\"twitter:label1\" content=\"Escrito por\" \/>\n\t<meta name=\"twitter:data1\" content=\"Xavier Magraner\" \/>\n\t<meta name=\"twitter:label2\" content=\"Tiempo de lectura\" \/>\n\t<meta name=\"twitter:data2\" content=\"5 minutos\" \/>\n<script type=\"application\/ld+json\" class=\"yoast-schema-graph\">{\"@context\":\"https:\/\/schema.org\",\"@graph\":[{\"@type\":\"Article\",\"@id\":\"https:\/\/www.cofb.org\/2025\/10\/16\/mes-de-3-200-farmacies-catalanes-simpliquen-per-augmentar-la-cobertura-vacunal-i-protegir-la-poblacio-de-risc\/#article\",\"isPartOf\":{\"@id\":\"https:\/\/www.cofb.org\/2025\/10\/16\/mes-de-3-200-farmacies-catalanes-simpliquen-per-augmentar-la-cobertura-vacunal-i-protegir-la-poblacio-de-risc\/\"},\"author\":{\"name\":\"Xavier Magraner\",\"@id\":\"https:\/\/www.cofb.org\/#\/schema\/person\/e46d741cfb92c985a083d163d8270ae4\"},\"headline\":\"M\u00e9s de 3.200 farm\u00e0cies catalanes s\u2019impliquen per augmentar la cobertura vacunal i protegir la poblaci\u00f3 de risc\",\"datePublished\":\"2025-10-16T16:34:28+00:00\",\"dateModified\":\"2026-03-19T14:31:00+00:00\",\"mainEntityOfPage\":{\"@id\":\"https:\/\/www.cofb.org\/2025\/10\/16\/mes-de-3-200-farmacies-catalanes-simpliquen-per-augmentar-la-cobertura-vacunal-i-protegir-la-poblacio-de-risc\/\"},\"wordCount\":735,\"publisher\":{\"@id\":\"https:\/\/www.cofb.org\/#organization\"},\"image\":{\"@id\":\"https:\/\/www.cofb.org\/2025\/10\/16\/mes-de-3-200-farmacies-catalanes-simpliquen-per-augmentar-la-cobertura-vacunal-i-protegir-la-poblacio-de-risc\/#primaryimage\"},\"thumbnailUrl\":\"https:\/\/www.cofb.org\/wp-content\/uploads\/2025\/10\/Campanya-vacunacio-grip-2025-2026.jpg\",\"keywords\":[\"campanya de vacunaci\u00f3\",\"campanya de vacunaci\u00f3 de grip i COVID-19\",\"COFB\",\"Col\u00b7legi de Farmac\u00e8utics de Barcelona\",\"Consell de Col\u00b7legis de Farmac\u00e8utics de Catalunya\",\"COVID-19\",\"Departament de Salut\",\"Grip\"],\"articleSection\":[\"Destacats\",\"Notes de premsa\"],\"inLanguage\":\"es\"},{\"@type\":\"WebPage\",\"@id\":\"https:\/\/www.cofb.org\/2025\/10\/16\/mes-de-3-200-farmacies-catalanes-simpliquen-per-augmentar-la-cobertura-vacunal-i-protegir-la-poblacio-de-risc\/\",\"url\":\"https:\/\/www.cofb.org\/2025\/10\/16\/mes-de-3-200-farmacies-catalanes-simpliquen-per-augmentar-la-cobertura-vacunal-i-protegir-la-poblacio-de-risc\/\",\"name\":\"M\u00e9s de 3.200 farm\u00e0cies catalanes s\u2019impliquen per augmentar la cobertura vacunal i protegir la poblaci\u00f3 de risc - Col\u00b7legi de Farmac\u00e8utics de Barcelona\",\"isPartOf\":{\"@id\":\"https:\/\/www.cofb.org\/#website\"},\"primaryImageOfPage\":{\"@id\":\"https:\/\/www.cofb.org\/2025\/10\/16\/mes-de-3-200-farmacies-catalanes-simpliquen-per-augmentar-la-cobertura-vacunal-i-protegir-la-poblacio-de-risc\/#primaryimage\"},\"image\":{\"@id\":\"https:\/\/www.cofb.org\/2025\/10\/16\/mes-de-3-200-farmacies-catalanes-simpliquen-per-augmentar-la-cobertura-vacunal-i-protegir-la-poblacio-de-risc\/#primaryimage\"},\"thumbnailUrl\":\"https:\/\/www.cofb.org\/wp-content\/uploads\/2025\/10\/Campanya-vacunacio-grip-2025-2026.jpg\",\"datePublished\":\"2025-10-16T16:34:28+00:00\",\"dateModified\":\"2026-03-19T14:31:00+00:00\",\"description\":\"El Consell de Col\u00b7legis Farmac\u00e8utics de Catalunya s'implica per augmentar la cobertura vacunal de grip i Covid-19\",\"breadcrumb\":{\"@id\":\"https:\/\/www.cofb.org\/2025\/10\/16\/mes-de-3-200-farmacies-catalanes-simpliquen-per-augmentar-la-cobertura-vacunal-i-protegir-la-poblacio-de-risc\/#breadcrumb\"},\"inLanguage\":\"es\",\"potentialAction\":[{\"@type\":\"ReadAction\",\"target\":[\"https:\/\/www.cofb.org\/2025\/10\/16\/mes-de-3-200-farmacies-catalanes-simpliquen-per-augmentar-la-cobertura-vacunal-i-protegir-la-poblacio-de-risc\/\"]}]},{\"@type\":\"ImageObject\",\"inLanguage\":\"es\",\"@id\":\"https:\/\/www.cofb.org\/2025\/10\/16\/mes-de-3-200-farmacies-catalanes-simpliquen-per-augmentar-la-cobertura-vacunal-i-protegir-la-poblacio-de-risc\/#primaryimage\",\"url\":\"https:\/\/www.cofb.org\/wp-content\/uploads\/2025\/10\/Campanya-vacunacio-grip-2025-2026.jpg\",\"contentUrl\":\"https:\/\/www.cofb.org\/wp-content\/uploads\/2025\/10\/Campanya-vacunacio-grip-2025-2026.jpg\",\"width\":1430,\"height\":941},{\"@type\":\"BreadcrumbList\",\"@id\":\"https:\/\/www.cofb.org\/2025\/10\/16\/mes-de-3-200-farmacies-catalanes-simpliquen-per-augmentar-la-cobertura-vacunal-i-protegir-la-poblacio-de-risc\/#breadcrumb\",\"itemListElement\":[{\"@type\":\"ListItem\",\"position\":1,\"name\":\"Inici\",\"item\":\"https:\/\/novaorg.cofb.net\/\"},{\"@type\":\"ListItem\",\"position\":2,\"name\":\"M\u00e9s de 3.200 farm\u00e0cies catalanes s\u2019impliquen per augmentar la cobertura vacunal i protegir la poblaci\u00f3 de risc\"}]},{\"@type\":\"WebSite\",\"@id\":\"https:\/\/www.cofb.org\/#website\",\"url\":\"https:\/\/www.cofb.org\/\",\"name\":\"Col\u00b7legi de Farmac\u00e8utics de Barcelona\",\"description\":\"\",\"publisher\":{\"@id\":\"https:\/\/www.cofb.org\/#organization\"},\"potentialAction\":[{\"@type\":\"SearchAction\",\"target\":{\"@type\":\"EntryPoint\",\"urlTemplate\":\"https:\/\/www.cofb.org\/?s={search_term_string}\"},\"query-input\":\"required name=search_term_string\"}],\"inLanguage\":\"es\"},{\"@type\":\"Organization\",\"@id\":\"https:\/\/www.cofb.org\/#organization\",\"name\":\"Col\u00b7legi de Farmac\u00e8utics de Barcelona\",\"url\":\"https:\/\/www.cofb.org\/\",\"logo\":{\"@type\":\"ImageObject\",\"inLanguage\":\"es\",\"@id\":\"https:\/\/www.cofb.org\/#\/schema\/logo\/image\/\",\"url\":\"https:\/\/www.cofb.org\/wp-content\/uploads\/2023\/11\/cropped-Logotip-COFB.png\",\"contentUrl\":\"https:\/\/www.cofb.org\/wp-content\/uploads\/2023\/11\/cropped-Logotip-COFB.png\",\"width\":500,\"height\":105,\"caption\":\"Col\u00b7legi de Farmac\u00e8utics de Barcelona\"},\"image\":{\"@id\":\"https:\/\/www.cofb.org\/#\/schema\/logo\/image\/\"},\"sameAs\":[\"https:\/\/www.facebook.com\/farmaceuticsbcn\/\",\"https:\/\/twitter.com\/farmaceuticsbcn\",\"https:\/\/www.instagram.com\/farmaceuticsbcn\/\",\"https:\/\/www.linkedin.com\/company\/farmaceuticsbcn\/\"]},{\"@type\":\"Person\",\"@id\":\"https:\/\/www.cofb.org\/#\/schema\/person\/e46d741cfb92c985a083d163d8270ae4\",\"name\":\"Xavier Magraner\",\"image\":{\"@type\":\"ImageObject\",\"inLanguage\":\"es\",\"@id\":\"https:\/\/www.cofb.org\/#\/schema\/person\/image\/\",\"url\":\"https:\/\/secure.gravatar.com\/avatar\/aa0d1d4df59f71f88eebd5796c5388ff41c58d83c5301eb6e1d65646a289c37d?s=96&d=mm&r=g\",\"contentUrl\":\"https:\/\/secure.gravatar.com\/avatar\/aa0d1d4df59f71f88eebd5796c5388ff41c58d83c5301eb6e1d65646a289c37d?s=96&d=mm&r=g\",\"caption\":\"Xavier Magraner\"},\"url\":\"https:\/\/www.cofb.org\/es\/author\/xmagraner\/\"}]}<\/script>\n<!-- \/ Yoast SEO plugin. -->","yoast_head_json":{"title":"M\u00e9s de 3.200 farm\u00e0cies catalanes s\u2019impliquen per augmentar la cobertura vacunal i protegir la poblaci\u00f3 de risc - Col\u00b7legi de Farmac\u00e8utics de Barcelona","description":"El Consell de Col\u00b7legis Farmac\u00e8utics de Catalunya s'implica per augmentar la cobertura vacunal de grip i Covid-19","robots":{"index":"index","follow":"follow","max-snippet":"max-snippet:-1","max-image-preview":"max-image-preview:large","max-video-preview":"max-video-preview:-1"},"canonical":"https:\/\/www.cofb.org\/es\/2025\/10\/16\/mes-de-3-200-farmacies-catalanes-simpliquen-per-augmentar-la-cobertura-vacunal-i-protegir-la-poblacio-de-risc\/","og_locale":"es_ES","og_type":"article","og_title":"M\u00e9s de 3.200 farm\u00e0cies catalanes s\u2019impliquen per augmentar la cobertura vacunal i protegir la poblaci\u00f3 de risc - Col\u00b7legi de Farmac\u00e8utics de Barcelona","og_description":"El Consell de Col\u00b7legis Farmac\u00e8utics de Catalunya s'implica per augmentar la cobertura vacunal de grip i Covid-19","og_url":"https:\/\/www.cofb.org\/es\/2025\/10\/16\/mes-de-3-200-farmacies-catalanes-simpliquen-per-augmentar-la-cobertura-vacunal-i-protegir-la-poblacio-de-risc\/","og_site_name":"Col\u00b7legi de Farmac\u00e8utics de Barcelona","article_publisher":"https:\/\/www.facebook.com\/farmaceuticsbcn\/","article_published_time":"2025-10-16T16:34:28+00:00","article_modified_time":"2026-03-19T14:31:00+00:00","og_image":[{"width":1430,"height":941,"url":"https:\/\/www.cofb.org\/wp-content\/uploads\/2025\/10\/Campanya-vacunacio-grip-2025-2026.jpg","type":"image\/jpeg"}],"author":"Xavier Magraner","twitter_card":"summary_large_image","twitter_creator":"@farmaceuticsbcn","twitter_site":"@farmaceuticsbcn","twitter_misc":{"Escrito por":"Xavier Magraner","Tiempo de lectura":"5 minutos"},"schema":{"@context":"https:\/\/schema.org","@graph":[{"@type":"Article","@id":"https:\/\/www.cofb.org\/2025\/10\/16\/mes-de-3-200-farmacies-catalanes-simpliquen-per-augmentar-la-cobertura-vacunal-i-protegir-la-poblacio-de-risc\/#article","isPartOf":{"@id":"https:\/\/www.cofb.org\/2025\/10\/16\/mes-de-3-200-farmacies-catalanes-simpliquen-per-augmentar-la-cobertura-vacunal-i-protegir-la-poblacio-de-risc\/"},"author":{"name":"Xavier Magraner","@id":"https:\/\/www.cofb.org\/#\/schema\/person\/e46d741cfb92c985a083d163d8270ae4"},"headline":"M\u00e9s de 3.200 farm\u00e0cies catalanes s\u2019impliquen per augmentar la cobertura vacunal i protegir la poblaci\u00f3 de risc","datePublished":"2025-10-16T16:34:28+00:00","dateModified":"2026-03-19T14:31:00+00:00","mainEntityOfPage":{"@id":"https:\/\/www.cofb.org\/2025\/10\/16\/mes-de-3-200-farmacies-catalanes-simpliquen-per-augmentar-la-cobertura-vacunal-i-protegir-la-poblacio-de-risc\/"},"wordCount":735,"publisher":{"@id":"https:\/\/www.cofb.org\/#organization"},"image":{"@id":"https:\/\/www.cofb.org\/2025\/10\/16\/mes-de-3-200-farmacies-catalanes-simpliquen-per-augmentar-la-cobertura-vacunal-i-protegir-la-poblacio-de-risc\/#primaryimage"},"thumbnailUrl":"https:\/\/www.cofb.org\/wp-content\/uploads\/2025\/10\/Campanya-vacunacio-grip-2025-2026.jpg","keywords":["campanya de vacunaci\u00f3","campanya de vacunaci\u00f3 de grip i COVID-19","COFB","Col\u00b7legi de Farmac\u00e8utics de Barcelona","Consell de Col\u00b7legis de Farmac\u00e8utics de Catalunya","COVID-19","Departament de Salut","Grip"],"articleSection":["Destacats","Notes de premsa"],"inLanguage":"es"},{"@type":"WebPage","@id":"https:\/\/www.cofb.org\/2025\/10\/16\/mes-de-3-200-farmacies-catalanes-simpliquen-per-augmentar-la-cobertura-vacunal-i-protegir-la-poblacio-de-risc\/","url":"https:\/\/www.cofb.org\/2025\/10\/16\/mes-de-3-200-farmacies-catalanes-simpliquen-per-augmentar-la-cobertura-vacunal-i-protegir-la-poblacio-de-risc\/","name":"M\u00e9s de 3.200 farm\u00e0cies catalanes s\u2019impliquen per augmentar la cobertura vacunal i protegir la poblaci\u00f3 de risc - Col\u00b7legi de Farmac\u00e8utics de Barcelona","isPartOf":{"@id":"https:\/\/www.cofb.org\/#website"},"primaryImageOfPage":{"@id":"https:\/\/www.cofb.org\/2025\/10\/16\/mes-de-3-200-farmacies-catalanes-simpliquen-per-augmentar-la-cobertura-vacunal-i-protegir-la-poblacio-de-risc\/#primaryimage"},"image":{"@id":"https:\/\/www.cofb.org\/2025\/10\/16\/mes-de-3-200-farmacies-catalanes-simpliquen-per-augmentar-la-cobertura-vacunal-i-protegir-la-poblacio-de-risc\/#primaryimage"},"thumbnailUrl":"https:\/\/www.cofb.org\/wp-content\/uploads\/2025\/10\/Campanya-vacunacio-grip-2025-2026.jpg","datePublished":"2025-10-16T16:34:28+00:00","dateModified":"2026-03-19T14:31:00+00:00","description":"El Consell de Col\u00b7legis Farmac\u00e8utics de Catalunya s'implica per augmentar la cobertura vacunal de grip i Covid-19","breadcrumb":{"@id":"https:\/\/www.cofb.org\/2025\/10\/16\/mes-de-3-200-farmacies-catalanes-simpliquen-per-augmentar-la-cobertura-vacunal-i-protegir-la-poblacio-de-risc\/#breadcrumb"},"inLanguage":"es","potentialAction":[{"@type":"ReadAction","target":["https:\/\/www.cofb.org\/2025\/10\/16\/mes-de-3-200-farmacies-catalanes-simpliquen-per-augmentar-la-cobertura-vacunal-i-protegir-la-poblacio-de-risc\/"]}]},{"@type":"ImageObject","inLanguage":"es","@id":"https:\/\/www.cofb.org\/2025\/10\/16\/mes-de-3-200-farmacies-catalanes-simpliquen-per-augmentar-la-cobertura-vacunal-i-protegir-la-poblacio-de-risc\/#primaryimage","url":"https:\/\/www.cofb.org\/wp-content\/uploads\/2025\/10\/Campanya-vacunacio-grip-2025-2026.jpg","contentUrl":"https:\/\/www.cofb.org\/wp-content\/uploads\/2025\/10\/Campanya-vacunacio-grip-2025-2026.jpg","width":1430,"height":941},{"@type":"BreadcrumbList","@id":"https:\/\/www.cofb.org\/2025\/10\/16\/mes-de-3-200-farmacies-catalanes-simpliquen-per-augmentar-la-cobertura-vacunal-i-protegir-la-poblacio-de-risc\/#breadcrumb","itemListElement":[{"@type":"ListItem","position":1,"name":"Inici","item":"https:\/\/novaorg.cofb.net\/"},{"@type":"ListItem","position":2,"name":"M\u00e9s de 3.200 farm\u00e0cies catalanes s\u2019impliquen per augmentar la cobertura vacunal i protegir la poblaci\u00f3 de risc"}]},{"@type":"WebSite","@id":"https:\/\/www.cofb.org\/#website","url":"https:\/\/www.cofb.org\/","name":"Col\u00b7legi de Farmac\u00e8utics de Barcelona","description":"","publisher":{"@id":"https:\/\/www.cofb.org\/#organization"},"potentialAction":[{"@type":"SearchAction","target":{"@type":"EntryPoint","urlTemplate":"https:\/\/www.cofb.org\/?s={search_term_string}"},"query-input":"required name=search_term_string"}],"inLanguage":"es"},{"@type":"Organization","@id":"https:\/\/www.cofb.org\/#organization","name":"Col\u00b7legi de Farmac\u00e8utics de Barcelona","url":"https:\/\/www.cofb.org\/","logo":{"@type":"ImageObject","inLanguage":"es","@id":"https:\/\/www.cofb.org\/#\/schema\/logo\/image\/","url":"https:\/\/www.cofb.org\/wp-content\/uploads\/2023\/11\/cropped-Logotip-COFB.png","contentUrl":"https:\/\/www.cofb.org\/wp-content\/uploads\/2023\/11\/cropped-Logotip-COFB.png","width":500,"height":105,"caption":"Col\u00b7legi de Farmac\u00e8utics de Barcelona"},"image":{"@id":"https:\/\/www.cofb.org\/#\/schema\/logo\/image\/"},"sameAs":["https:\/\/www.facebook.com\/farmaceuticsbcn\/","https:\/\/twitter.com\/farmaceuticsbcn","https:\/\/www.instagram.com\/farmaceuticsbcn\/","https:\/\/www.linkedin.com\/company\/farmaceuticsbcn\/"]},{"@type":"Person","@id":"https:\/\/www.cofb.org\/#\/schema\/person\/e46d741cfb92c985a083d163d8270ae4","name":"Xavier Magraner","image":{"@type":"ImageObject","inLanguage":"es","@id":"https:\/\/www.cofb.org\/#\/schema\/person\/image\/","url":"https:\/\/secure.gravatar.com\/avatar\/aa0d1d4df59f71f88eebd5796c5388ff41c58d83c5301eb6e1d65646a289c37d?s=96&d=mm&r=g","contentUrl":"https:\/\/secure.gravatar.com\/avatar\/aa0d1d4df59f71f88eebd5796c5388ff41c58d83c5301eb6e1d65646a289c37d?s=96&d=mm&r=g","caption":"Xavier Magraner"},"url":"https:\/\/www.cofb.org\/es\/author\/xmagraner\/"}]}},"uagb_featured_image_src":{"full":["https:\/\/www.cofb.org\/wp-content\/uploads\/2025\/10\/Campanya-vacunacio-grip-2025-2026.jpg",1430,941,false],"thumbnail":["https:\/\/www.cofb.org\/wp-content\/uploads\/2025\/10\/Campanya-vacunacio-grip-2025-2026-150x150.jpg",150,150,true],"medium":["https:\/\/www.cofb.org\/wp-content\/uploads\/2025\/10\/Campanya-vacunacio-grip-2025-2026-300x197.jpg",300,197,true],"medium_large":["https:\/\/www.cofb.org\/wp-content\/uploads\/2025\/10\/Campanya-vacunacio-grip-2025-2026-768x505.jpg",768,505,true],"large":["https:\/\/www.cofb.org\/wp-content\/uploads\/2025\/10\/Campanya-vacunacio-grip-2025-2026-1024x674.jpg",1024,674,true],"1536x1536":["https:\/\/www.cofb.org\/wp-content\/uploads\/2025\/10\/Campanya-vacunacio-grip-2025-2026.jpg",1430,941,false],"2048x2048":["https:\/\/www.cofb.org\/wp-content\/uploads\/2025\/10\/Campanya-vacunacio-grip-2025-2026.jpg",1430,941,false],"trp-custom-language-flag":["https:\/\/www.cofb.org\/wp-content\/uploads\/2025\/10\/Campanya-vacunacio-grip-2025-2026-18x12.jpg",18,12,true]},"uagb_author_info":{"display_name":"Xavier Magraner","author_link":"https:\/\/www.cofb.org\/es\/author\/xmagraner\/"},"uagb_comment_info":0,"uagb_excerpt":"Barcelona, 16 d\u2019octubre de 2025.- A Catalunya, m\u00e9s de la meitat de les persones m\u00e9s grans de 60 anys ingressades a l&#8217;UCI per grip no estaven vacunades. Per tal de contribuir a revertir aquesta situaci\u00f3, les m\u00e9s de 3.200 farm\u00e0cies catalanes participen des d\u2019aquest dilluns, 13 d\u2019octubre, i per segon [&hellip;]","_links":{"self":[{"href":"https:\/\/www.cofb.org\/es\/wp-json\/wp\/v2\/posts\/82495","targetHints":{"allow":["GET"]}}],"collection":[{"href":"https:\/\/www.cofb.org\/es\/wp-json\/wp\/v2\/posts"}],"about":[{"href":"https:\/\/www.cofb.org\/es\/wp-json\/wp\/v2\/types\/post"}],"author":[{"embeddable":true,"href":"https:\/\/www.cofb.org\/es\/wp-json\/wp\/v2\/users\/10"}],"replies":[{"embeddable":true,"href":"https:\/\/www.cofb.org\/es\/wp-json\/wp\/v2\/comments?post=82495"}],"version-history":[{"count":4,"href":"https:\/\/www.cofb.org\/es\/wp-json\/wp\/v2\/posts\/82495\/revisions"}],"predecessor-version":[{"id":82568,"href":"https:\/\/www.cofb.org\/es\/wp-json\/wp\/v2\/posts\/82495\/revisions\/82568"}],"wp:featuredmedia":[{"embeddable":true,"href":"https:\/\/www.cofb.org\/es\/wp-json\/wp\/v2\/media\/82501"}],"wp:attachment":[{"href":"https:\/\/www.cofb.org\/es\/wp-json\/wp\/v2\/media?parent=82495"}],"wp:term":[{"taxonomy":"category","embeddable":true,"href":"https:\/\/www.cofb.org\/es\/wp-json\/wp\/v2\/categories?post=82495"},{"taxonomy":"post_tag","embeddable":true,"href":"https:\/\/www.cofb.org\/es\/wp-json\/wp\/v2\/tags?post=82495"}],"curies":[{"name":"wp","href":"https:\/\/api.w.org\/{rel}","templated":true}]}}