{"id":82335,"date":"2025-09-29T13:08:12","date_gmt":"2025-09-29T13:08:12","guid":{"rendered":"https:\/\/www.cofb.org\/?p=82335"},"modified":"2026-03-19T15:22:49","modified_gmt":"2026-03-19T15:22:49","slug":"els-farmaceutics-atenen-un-centenar-de-mataronins-a-la-unitat-mobil-de-la-meva-farmacia-la-meva-salut","status":"publish","type":"post","link":"https:\/\/www.cofb.org\/es\/2025\/09\/29\/els-farmaceutics-atenen-un-centenar-de-mataronins-a-la-unitat-mobil-de-la-meva-farmacia-la-meva-salut\/","title":{"rendered":"Farmac\u00e9uticos y farmac\u00e9uticas atienden a un centenar de mataronenses en la unidad m\u00f3vil de \u201cMi farmacia, mi salud\u201d"},"content":{"rendered":"<ul class=\"wp-block-list\">\n<li>Una treintena de farmac\u00e9uticos y farmac\u00e9uticas voluntarias han realizado m\u00e1s de 400 pruebas en dos d\u00edas<\/li>\n\n\n\n<li>Gracias a esta iniciativa, los vecinos y vecinas han accedido, de forma gratuita, a diferentes servicios que ofrecen las farmacias por el cuidado de su salud<\/li>\n\n\n\n<li>Lo han hecho en el marco de la campa\u00f1a \u201cMi farmacia, mi salud\u201d, impulsada por el Colegio de Farmac\u00e9uticos de Barcelona (COFB) y la farmac\u00e9utica Sandoz, con la colaboraci\u00f3n de CaixaBank y el apoyo del Ayuntamiento de Matar\u00f3<\/li>\n<\/ul>\n\n\n\n<p><\/p>\n\n\n\n<p><em>Barcelona, 29 de septiembre de 2025.-<\/em> Uno <strong>centenar de mataronense<\/strong> se han acercado a la <strong>unidad m\u00f3vil<\/strong> de \u201c<strong>La meva farm\u00e0cia, la meva salut\" (\"Mi farmacia, mi salud\")<\/strong>\u201d para conocer y vivir, en primera persona, una <strong>muestra de los<\/strong><a href=\"https:\/\/www.cofb.org\/es\/que-oferim\/ciutadans\/serveis-a-la-poblacio\/campanya-la-meva-farmacia-la-meva-salut\/\" target=\"_blank\" rel=\"noreferrer noopener\"> servicios que ofrecen las farmacias<\/a> por <strong>cuidar su salud.<\/strong><\/p>\n\n\n\n<p>Lo han hecho en el marco de la campa\u00f1a impulsada por el <strong>Col\u00b7legi de Farmac\u00e8utics de Barcelona<\/strong> (COFB) y la farmac\u00e9utica <strong>Sandoz, <\/strong>con la colaboraci\u00f3n de <strong>CaixaBank <\/strong>&nbsp;y el apoyo de <strong>el Ayuntamiento de Matar\u00f3.<\/strong> Durante los dos d\u00edas que el trailer ha visitado la ciudad de Matar\u00f3 (23 y 24 de septiembre), los farmac\u00e9uticos\/as voluntarios han realizado <strong>m\u00e1s de 400 pruebas<\/strong> a los vecinos y vecinas centradas en la <strong>medida de la presi\u00f3n arterial, control de peso y composici\u00f3n corporal, medida del colesterol y glicemia y estudio de la piel.<\/strong><\/p>\n\n\n\n<figure class=\"wp-block-image aligncenter size-large\"><a href=\"https:\/\/www.cofb.org\/es\/que-oferim\/ciutadans\/serveis-a-la-poblacio\/campanya-la-meva-farmacia-la-meva-salut\/\" target=\"_blank\" rel=\" noreferrer noopener\"><img fetchpriority=\"high\" decoding=\"async\" width=\"1024\" height=\"683\" src=\"https:\/\/www.cofb.org\/wp-content\/uploads\/2025\/09\/La-meva-farmacia-Mataro-farmaceutiques-voluntaries_Alta-1-1024x683.png\" alt=\"Farmac\u00e8utiques volunt\u00e0ries participen a la campanya &quot;La meva farm\u00e0cia, la meva salut&quot;\" class=\"wp-image-82341\" srcset=\"https:\/\/www.cofb.org\/wp-content\/uploads\/2025\/09\/La-meva-farmacia-Mataro-farmaceutiques-voluntaries_Alta-1-1024x683.png 1024w, https:\/\/www.cofb.org\/wp-content\/uploads\/2025\/09\/La-meva-farmacia-Mataro-farmaceutiques-voluntaries_Alta-1-300x200.png 300w, https:\/\/www.cofb.org\/wp-content\/uploads\/2025\/09\/La-meva-farmacia-Mataro-farmaceutiques-voluntaries_Alta-1-768x512.png 768w, https:\/\/www.cofb.org\/wp-content\/uploads\/2025\/09\/La-meva-farmacia-Mataro-farmaceutiques-voluntaries_Alta-1-1536x1024.png 1536w, https:\/\/www.cofb.org\/wp-content\/uploads\/2025\/09\/La-meva-farmacia-Mataro-farmaceutiques-voluntaries_Alta-1-2048x1365.png 2048w, https:\/\/www.cofb.org\/wp-content\/uploads\/2025\/09\/La-meva-farmacia-Mataro-farmaceutiques-voluntaries_Alta-1-18x12.png 18w\" sizes=\"(max-width: 1024px) 100vw, 1024px\" \/><\/a><figcaption class=\"wp-element-caption\">Las farmac\u00e9uticas voluntarias atienden a un centenar de maratoninos dentro de la campa\u00f1a \u201cMi farmacia, mi salud\u201d.<\/figcaption><\/figure>\n\n\n\n<h2 class=\"wp-block-heading\"><strong>Los farmac\u00e9uticos, agentes de salud clave del sistema sanitario<\/strong><\/h2>\n\n\n\n<p><strong>Jordi Casas<\/strong>, presidente del COFB, ha destacado que \u201c<strong>la campa\u00f1a se ha iniciado con gran \u00e9xito<\/strong> y se est\u00e1 <strong>consiguiendo acercar a la poblaci\u00f3n <\/strong>el papel de los <strong>farmac\u00e9uticos<\/strong> c\u00f3mo <strong>a profesionales sanitarios<\/strong> de proximidad y confianza&quot;. Asimismo, ha puesto en valor que este tipo de iniciativas permiten demostrar &quot;el enorme <strong>potencial<\/strong> que tiene la <strong>farmacia<\/strong> para contribuir a la <strong>sostenibilidad<\/strong> del <strong>sistema sanitario<\/strong> y mejorar la <strong>calidad de vida de la poblaci\u00f3n<\/strong>\u201d.<\/p>\n\n\n\n<p>Por su parte, <strong>Fenia Makrydaki<\/strong>, directora comercial de Sandoz Iberia, ha subrayado que est\u00e1n \u201cmuy contentos de estar en Matar\u00f3 acercando los servicios asistenciales a la ciudadan\u00eda, <strong>reforzando el papel del farmac\u00e9utico como agente clave en el acceso temprano, directo y personalizado a la salud<\/strong>\u201d.<\/p>\n\n\n\n<p>Asimismo, Makrydaki ha remarcado que, en Sandoz, \u201ccreemos que la <strong>farmacia<\/strong> es <strong>mucho m\u00e1s que un punto de dispensaci\u00f3n:<\/strong> es un espacio de prevenci\u00f3n, orientaci\u00f3n y confianza, y esta campa\u00f1a es una muestra de c\u00f3mo estamos impulsando este modelo asistencial\u201d.<\/p>\n\n\n\n<p>Durante la celebraci\u00f3n de la campa\u00f1a en Matar\u00f3, la unidad m\u00f3vil ha recibido la visita del alcalde de Matar\u00f3, <strong>David Bote<\/strong>, quien ha puesto en valor las farmacias como \u201cagentes indispensables en la estrategia de <strong>Matar\u00f3 Ciudad Cuidadora<\/strong>, las farmacias hacen una gran labor de acompa\u00f1amiento a las personas, aconsejan, dan a conocer e informan. Con esta iniciativa se hace muy visible esta funci\u00f3n de todos los y las farmac\u00e9uticas\u201d.<\/p>\n\n\n\n<h2 class=\"wp-block-heading\"><strong>La farmacia recorrer\u00e1 12 municipios de la provincia de Barcelona<\/strong><\/h2>\n\n\n\n<p>Despu\u00e9s de Matar\u00f3, la unidad m\u00f3vil de grandes dimensiones ir\u00e1 a Manresa (1 y 2 octubre), Igualada (7 y 8 octubre), Cornell\u00e0 (14 y 15 octubre), Vilafranca (20 y 21 octubre), Terrassa (27 y 28 octubre), Sabadell (29 y 30 octubre), L&#039;Hospitalet (5 y 6 noviembre) (18 y 19 noviembre), Pineda de Mar (25 y 26 noviembre) y Vic (2 y 3 de diciembre).<\/p>\n\n\n\n<p>A lo largo de este recorrido, la farmacia se acercar\u00e1 a los vecinos de las diferentes ciudades para ofrecerles servicios asistenciales de forma gratuita, m\u00e1s all\u00e1 de la dispensaci\u00f3n de medicamentos. De cada prueba, los farmac\u00e9uticos entregan un informe impreso a los usuarios y se ofrece consejo farmac\u00e9utico personalizado, de acuerdo con los resultados obtenidos y su situaci\u00f3n. Asimismo, se les informa sobre c\u00f3mo funciona<a href=\"https:\/\/www.cofb.org\/es\/2025\/03\/27\/es-presenta-a-infarma-la-meva-farmacia-la-nova-app-per-connectar-als-pacients-amb-la-farmacia\/\" target=\"_blank\" rel=\"noreferrer noopener\"> la aplicaci\u00f3n digital \u201c<strong>La meva farm\u00e0cia<\/strong>\u201d<\/a>, que permite a los pacientes consultar sus resultados de salud de forma segura y accesible.<\/p>\n\n\n\n<p><\/p>","protected":false},"excerpt":{"rendered":"<p>Barcelona, 29 de septiembre de 2025.- Un centenar de mataronenses se han acercado a la unidad m\u00f3vil de \u201cMi farmacia, mi salud\u201d para conocer y vivir, en primera persona, una muestra de los servicios que ofrecen las farmacias para cuidar su salud. Lo han hecho en el marco de [\u2026]<\/p>","protected":false},"author":10,"featured_media":82341,"comment_status":"closed","ping_status":"closed","sticky":false,"template":"","format":"aside","meta":{"_uag_custom_page_level_css":"","site-sidebar-layout":"default","site-content-layout":"","ast-site-content-layout":"default","site-content-style":"default","site-sidebar-style":"default","ast-global-header-display":"","ast-banner-title-visibility":"","ast-main-header-display":"","ast-hfb-above-header-display":"","ast-hfb-below-header-display":"","ast-hfb-mobile-header-display":"","site-post-title":"","ast-breadcrumbs-content":"","ast-featured-img":"disabled","footer-sml-layout":"","theme-transparent-header-meta":"","adv-header-id-meta":"","stick-header-meta":"","header-above-stick-meta":"","header-main-stick-meta":"","header-below-stick-meta":"","astra-migrate-meta-layouts":"set","ast-page-background-enabled":"default","ast-page-background-meta":{"desktop":{"background-color":"var(--ast-global-color-4)","background-image":"","background-repeat":"repeat","background-position":"center center","background-size":"auto","background-attachment":"scroll","background-type":"","background-media":"","overlay-type":"","overlay-color":"","overlay-opacity":"","overlay-gradient":""},"tablet":{"background-color":"","background-image":"","background-repeat":"repeat","background-position":"center center","background-size":"auto","background-attachment":"scroll","background-type":"","background-media":"","overlay-type":"","overlay-color":"","overlay-opacity":"","overlay-gradient":""},"mobile":{"background-color":"","background-image":"","background-repeat":"repeat","background-position":"center center","background-size":"auto","background-attachment":"scroll","background-type":"","background-media":"","overlay-type":"","overlay-color":"","overlay-opacity":"","overlay-gradient":""}},"ast-content-background-meta":{"desktop":{"background-color":"var(--ast-global-color-5)","background-image":"","background-repeat":"repeat","background-position":"center center","background-size":"auto","background-attachment":"scroll","background-type":"","background-media":"","overlay-type":"","overlay-color":"","overlay-opacity":"","overlay-gradient":""},"tablet":{"background-color":"var(--ast-global-color-5)","background-image":"","background-repeat":"repeat","background-position":"center center","background-size":"auto","background-attachment":"scroll","background-type":"","background-media":"","overlay-type":"","overlay-color":"","overlay-opacity":"","overlay-gradient":""},"mobile":{"background-color":"var(--ast-global-color-5)","background-image":"","background-repeat":"repeat","background-position":"center center","background-size":"auto","background-attachment":"scroll","background-type":"","background-media":"","overlay-type":"","overlay-color":"","overlay-opacity":"","overlay-gradient":""}},"footnotes":""},"categories":[23,1060],"tags":[884,18,68,69,4718,3692],"class_list":["post-82335","post","type-post","status-publish","format-aside","has-post-thumbnail","hentry","category-destacats","category-notes-premsa","tag-campanya","tag-cofb","tag-farmacia","tag-farmacia-comunitaria","tag-la-meva-farmacia","tag-usuaris","post_format-post-format-aside"],"yoast_head":"<!-- This site is optimized with the Yoast SEO plugin v22.4 - https:\/\/yoast.com\/wordpress\/plugins\/seo\/ -->\n<title>Farmac\u00e8utics i farmac\u00e8utiques atenen un centenar de mataronins a la unitat m\u00f2bil de \u201cLa meva farm\u00e0cia, la meva salut\u201d - Col\u00b7legi de Farmac\u00e8utics de Barcelona<\/title>\n<meta name=\"description\" content=\"Un total de 100 ciutadans de Matar\u00f3 participen a la campanya La meva farm\u00e0cia, la meva salut, on es van realitzar m\u00e9s de 400 proves\" \/>\n<meta name=\"robots\" content=\"index, follow, max-snippet:-1, max-image-preview:large, max-video-preview:-1\" \/>\n<link rel=\"canonical\" href=\"https:\/\/www.cofb.org\/es\/2025\/09\/29\/els-farmaceutics-atenen-un-centenar-de-mataronins-a-la-unitat-mobil-de-la-meva-farmacia-la-meva-salut\/\" \/>\n<meta property=\"og:locale\" content=\"es_ES\" \/>\n<meta property=\"og:type\" content=\"article\" \/>\n<meta property=\"og:title\" content=\"Farmac\u00e8utics i farmac\u00e8utiques atenen un centenar de mataronins a la unitat m\u00f2bil de \u201cLa meva farm\u00e0cia, la meva salut\u201d - Col\u00b7legi de Farmac\u00e8utics de Barcelona\" \/>\n<meta property=\"og:description\" content=\"Un total de 100 ciutadans de Matar\u00f3 participen a la campanya La meva farm\u00e0cia, la meva salut, on es van realitzar m\u00e9s de 400 proves\" \/>\n<meta property=\"og:url\" content=\"https:\/\/www.cofb.org\/es\/2025\/09\/29\/els-farmaceutics-atenen-un-centenar-de-mataronins-a-la-unitat-mobil-de-la-meva-farmacia-la-meva-salut\/\" \/>\n<meta property=\"og:site_name\" content=\"Col\u00b7legi de Farmac\u00e8utics de Barcelona\" \/>\n<meta property=\"article:publisher\" content=\"https:\/\/www.facebook.com\/farmaceuticsbcn\/\" \/>\n<meta property=\"article:published_time\" content=\"2025-09-29T13:08:12+00:00\" \/>\n<meta property=\"article:modified_time\" content=\"2026-03-19T15:22:49+00:00\" \/>\n<meta property=\"og:image\" content=\"https:\/\/www.cofb.org\/wp-content\/uploads\/2025\/09\/La-meva-farmacia-Mataro-farmaceutiques-voluntaries_Alta-1-scaled.png\" \/>\n\t<meta property=\"og:image:width\" content=\"2560\" \/>\n\t<meta property=\"og:image:height\" content=\"1707\" \/>\n\t<meta property=\"og:image:type\" content=\"image\/png\" \/>\n<meta name=\"author\" content=\"Xavier Magraner\" \/>\n<meta name=\"twitter:card\" content=\"summary_large_image\" \/>\n<meta name=\"twitter:creator\" content=\"@farmaceuticsbcn\" \/>\n<meta name=\"twitter:site\" content=\"@farmaceuticsbcn\" \/>\n<meta name=\"twitter:label1\" content=\"Escrito por\" \/>\n\t<meta name=\"twitter:data1\" content=\"Xavier Magraner\" \/>\n\t<meta name=\"twitter:label2\" content=\"Tiempo de lectura\" \/>\n\t<meta name=\"twitter:data2\" content=\"1 minuto\" \/>\n<script type=\"application\/ld+json\" class=\"yoast-schema-graph\">{\"@context\":\"https:\/\/schema.org\",\"@graph\":[{\"@type\":\"Article\",\"@id\":\"https:\/\/www.cofb.org\/2025\/09\/29\/els-farmaceutics-atenen-un-centenar-de-mataronins-a-la-unitat-mobil-de-la-meva-farmacia-la-meva-salut\/#article\",\"isPartOf\":{\"@id\":\"https:\/\/www.cofb.org\/2025\/09\/29\/els-farmaceutics-atenen-un-centenar-de-mataronins-a-la-unitat-mobil-de-la-meva-farmacia-la-meva-salut\/\"},\"author\":{\"name\":\"Xavier Magraner\",\"@id\":\"https:\/\/www.cofb.org\/#\/schema\/person\/e46d741cfb92c985a083d163d8270ae4\"},\"headline\":\"Farmac\u00e8utics i farmac\u00e8utiques atenen un centenar de mataronins a la unitat m\u00f2bil de \u201cLa meva farm\u00e0cia, la meva salut\u201d\",\"datePublished\":\"2025-09-29T13:08:12+00:00\",\"dateModified\":\"2026-03-19T15:22:49+00:00\",\"mainEntityOfPage\":{\"@id\":\"https:\/\/www.cofb.org\/2025\/09\/29\/els-farmaceutics-atenen-un-centenar-de-mataronins-a-la-unitat-mobil-de-la-meva-farmacia-la-meva-salut\/\"},\"wordCount\":697,\"publisher\":{\"@id\":\"https:\/\/www.cofb.org\/#organization\"},\"image\":{\"@id\":\"https:\/\/www.cofb.org\/2025\/09\/29\/els-farmaceutics-atenen-un-centenar-de-mataronins-a-la-unitat-mobil-de-la-meva-farmacia-la-meva-salut\/#primaryimage\"},\"thumbnailUrl\":\"https:\/\/www.cofb.org\/wp-content\/uploads\/2025\/09\/La-meva-farmacia-Mataro-farmaceutiques-voluntaries_Alta-1-scaled.png\",\"keywords\":[\"campanya\",\"COFB\",\"Farm\u00e0cia\",\"farm\u00e0cia comunit\u00e0ria\",\"La Meva Farm\u00e0cia\",\"usuaris\"],\"articleSection\":[\"Destacats\",\"Notes de premsa\"],\"inLanguage\":\"es\"},{\"@type\":\"WebPage\",\"@id\":\"https:\/\/www.cofb.org\/2025\/09\/29\/els-farmaceutics-atenen-un-centenar-de-mataronins-a-la-unitat-mobil-de-la-meva-farmacia-la-meva-salut\/\",\"url\":\"https:\/\/www.cofb.org\/2025\/09\/29\/els-farmaceutics-atenen-un-centenar-de-mataronins-a-la-unitat-mobil-de-la-meva-farmacia-la-meva-salut\/\",\"name\":\"Farmac\u00e8utics i farmac\u00e8utiques atenen un centenar de mataronins a la unitat m\u00f2bil de \u201cLa meva farm\u00e0cia, la meva salut\u201d - Col\u00b7legi de Farmac\u00e8utics de Barcelona\",\"isPartOf\":{\"@id\":\"https:\/\/www.cofb.org\/#website\"},\"primaryImageOfPage\":{\"@id\":\"https:\/\/www.cofb.org\/2025\/09\/29\/els-farmaceutics-atenen-un-centenar-de-mataronins-a-la-unitat-mobil-de-la-meva-farmacia-la-meva-salut\/#primaryimage\"},\"image\":{\"@id\":\"https:\/\/www.cofb.org\/2025\/09\/29\/els-farmaceutics-atenen-un-centenar-de-mataronins-a-la-unitat-mobil-de-la-meva-farmacia-la-meva-salut\/#primaryimage\"},\"thumbnailUrl\":\"https:\/\/www.cofb.org\/wp-content\/uploads\/2025\/09\/La-meva-farmacia-Mataro-farmaceutiques-voluntaries_Alta-1-scaled.png\",\"datePublished\":\"2025-09-29T13:08:12+00:00\",\"dateModified\":\"2026-03-19T15:22:49+00:00\",\"description\":\"Un total de 100 ciutadans de Matar\u00f3 participen a la campanya La meva farm\u00e0cia, la meva salut, on es van realitzar m\u00e9s de 400 proves\",\"breadcrumb\":{\"@id\":\"https:\/\/www.cofb.org\/2025\/09\/29\/els-farmaceutics-atenen-un-centenar-de-mataronins-a-la-unitat-mobil-de-la-meva-farmacia-la-meva-salut\/#breadcrumb\"},\"inLanguage\":\"es\",\"potentialAction\":[{\"@type\":\"ReadAction\",\"target\":[\"https:\/\/www.cofb.org\/2025\/09\/29\/els-farmaceutics-atenen-un-centenar-de-mataronins-a-la-unitat-mobil-de-la-meva-farmacia-la-meva-salut\/\"]}]},{\"@type\":\"ImageObject\",\"inLanguage\":\"es\",\"@id\":\"https:\/\/www.cofb.org\/2025\/09\/29\/els-farmaceutics-atenen-un-centenar-de-mataronins-a-la-unitat-mobil-de-la-meva-farmacia-la-meva-salut\/#primaryimage\",\"url\":\"https:\/\/www.cofb.org\/wp-content\/uploads\/2025\/09\/La-meva-farmacia-Mataro-farmaceutiques-voluntaries_Alta-1-scaled.png\",\"contentUrl\":\"https:\/\/www.cofb.org\/wp-content\/uploads\/2025\/09\/La-meva-farmacia-Mataro-farmaceutiques-voluntaries_Alta-1-scaled.png\",\"width\":2560,\"height\":1707},{\"@type\":\"BreadcrumbList\",\"@id\":\"https:\/\/www.cofb.org\/2025\/09\/29\/els-farmaceutics-atenen-un-centenar-de-mataronins-a-la-unitat-mobil-de-la-meva-farmacia-la-meva-salut\/#breadcrumb\",\"itemListElement\":[{\"@type\":\"ListItem\",\"position\":1,\"name\":\"Inici\",\"item\":\"https:\/\/novaorg.cofb.net\/\"},{\"@type\":\"ListItem\",\"position\":2,\"name\":\"Farmac\u00e8utics i farmac\u00e8utiques atenen un centenar de mataronins a la unitat m\u00f2bil de \u201cLa meva farm\u00e0cia, la meva salut\u201d\"}]},{\"@type\":\"WebSite\",\"@id\":\"https:\/\/www.cofb.org\/#website\",\"url\":\"https:\/\/www.cofb.org\/\",\"name\":\"Col\u00b7legi de Farmac\u00e8utics de Barcelona\",\"description\":\"\",\"publisher\":{\"@id\":\"https:\/\/www.cofb.org\/#organization\"},\"potentialAction\":[{\"@type\":\"SearchAction\",\"target\":{\"@type\":\"EntryPoint\",\"urlTemplate\":\"https:\/\/www.cofb.org\/?s={search_term_string}\"},\"query-input\":\"required name=search_term_string\"}],\"inLanguage\":\"es\"},{\"@type\":\"Organization\",\"@id\":\"https:\/\/www.cofb.org\/#organization\",\"name\":\"Col\u00b7legi de Farmac\u00e8utics de Barcelona\",\"url\":\"https:\/\/www.cofb.org\/\",\"logo\":{\"@type\":\"ImageObject\",\"inLanguage\":\"es\",\"@id\":\"https:\/\/www.cofb.org\/#\/schema\/logo\/image\/\",\"url\":\"https:\/\/www.cofb.org\/wp-content\/uploads\/2023\/11\/cropped-Logotip-COFB.png\",\"contentUrl\":\"https:\/\/www.cofb.org\/wp-content\/uploads\/2023\/11\/cropped-Logotip-COFB.png\",\"width\":500,\"height\":105,\"caption\":\"Col\u00b7legi de Farmac\u00e8utics de Barcelona\"},\"image\":{\"@id\":\"https:\/\/www.cofb.org\/#\/schema\/logo\/image\/\"},\"sameAs\":[\"https:\/\/www.facebook.com\/farmaceuticsbcn\/\",\"https:\/\/twitter.com\/farmaceuticsbcn\",\"https:\/\/www.instagram.com\/farmaceuticsbcn\/\",\"https:\/\/www.linkedin.com\/company\/farmaceuticsbcn\/\"]},{\"@type\":\"Person\",\"@id\":\"https:\/\/www.cofb.org\/#\/schema\/person\/e46d741cfb92c985a083d163d8270ae4\",\"name\":\"Xavier Magraner\",\"image\":{\"@type\":\"ImageObject\",\"inLanguage\":\"es\",\"@id\":\"https:\/\/www.cofb.org\/#\/schema\/person\/image\/\",\"url\":\"https:\/\/secure.gravatar.com\/avatar\/aa0d1d4df59f71f88eebd5796c5388ff41c58d83c5301eb6e1d65646a289c37d?s=96&d=mm&r=g\",\"contentUrl\":\"https:\/\/secure.gravatar.com\/avatar\/aa0d1d4df59f71f88eebd5796c5388ff41c58d83c5301eb6e1d65646a289c37d?s=96&d=mm&r=g\",\"caption\":\"Xavier Magraner\"},\"url\":\"https:\/\/www.cofb.org\/es\/author\/xmagraner\/\"}]}<\/script>\n<!-- \/ Yoast SEO plugin. -->","yoast_head_json":{"title":"Farmac\u00e8utics i farmac\u00e8utiques atenen un centenar de mataronins a la unitat m\u00f2bil de \u201cLa meva farm\u00e0cia, la meva salut\u201d - Col\u00b7legi de Farmac\u00e8utics de Barcelona","description":"Un total de 100 ciutadans de Matar\u00f3 participen a la campanya La meva farm\u00e0cia, la meva salut, on es van realitzar m\u00e9s de 400 proves","robots":{"index":"index","follow":"follow","max-snippet":"max-snippet:-1","max-image-preview":"max-image-preview:large","max-video-preview":"max-video-preview:-1"},"canonical":"https:\/\/www.cofb.org\/es\/2025\/09\/29\/els-farmaceutics-atenen-un-centenar-de-mataronins-a-la-unitat-mobil-de-la-meva-farmacia-la-meva-salut\/","og_locale":"es_ES","og_type":"article","og_title":"Farmac\u00e8utics i farmac\u00e8utiques atenen un centenar de mataronins a la unitat m\u00f2bil de \u201cLa meva farm\u00e0cia, la meva salut\u201d - Col\u00b7legi de Farmac\u00e8utics de Barcelona","og_description":"Un total de 100 ciutadans de Matar\u00f3 participen a la campanya La meva farm\u00e0cia, la meva salut, on es van realitzar m\u00e9s de 400 proves","og_url":"https:\/\/www.cofb.org\/es\/2025\/09\/29\/els-farmaceutics-atenen-un-centenar-de-mataronins-a-la-unitat-mobil-de-la-meva-farmacia-la-meva-salut\/","og_site_name":"Col\u00b7legi de Farmac\u00e8utics de Barcelona","article_publisher":"https:\/\/www.facebook.com\/farmaceuticsbcn\/","article_published_time":"2025-09-29T13:08:12+00:00","article_modified_time":"2026-03-19T15:22:49+00:00","og_image":[{"width":2560,"height":1707,"url":"https:\/\/www.cofb.org\/wp-content\/uploads\/2025\/09\/La-meva-farmacia-Mataro-farmaceutiques-voluntaries_Alta-1-scaled.png","type":"image\/png"}],"author":"Xavier Magraner","twitter_card":"summary_large_image","twitter_creator":"@farmaceuticsbcn","twitter_site":"@farmaceuticsbcn","twitter_misc":{"Escrito por":"Xavier Magraner","Tiempo de lectura":"1 minuto"},"schema":{"@context":"https:\/\/schema.org","@graph":[{"@type":"Article","@id":"https:\/\/www.cofb.org\/2025\/09\/29\/els-farmaceutics-atenen-un-centenar-de-mataronins-a-la-unitat-mobil-de-la-meva-farmacia-la-meva-salut\/#article","isPartOf":{"@id":"https:\/\/www.cofb.org\/2025\/09\/29\/els-farmaceutics-atenen-un-centenar-de-mataronins-a-la-unitat-mobil-de-la-meva-farmacia-la-meva-salut\/"},"author":{"name":"Xavier Magraner","@id":"https:\/\/www.cofb.org\/#\/schema\/person\/e46d741cfb92c985a083d163d8270ae4"},"headline":"Farmac\u00e8utics i farmac\u00e8utiques atenen un centenar de mataronins a la unitat m\u00f2bil de \u201cLa meva farm\u00e0cia, la meva salut\u201d","datePublished":"2025-09-29T13:08:12+00:00","dateModified":"2026-03-19T15:22:49+00:00","mainEntityOfPage":{"@id":"https:\/\/www.cofb.org\/2025\/09\/29\/els-farmaceutics-atenen-un-centenar-de-mataronins-a-la-unitat-mobil-de-la-meva-farmacia-la-meva-salut\/"},"wordCount":697,"publisher":{"@id":"https:\/\/www.cofb.org\/#organization"},"image":{"@id":"https:\/\/www.cofb.org\/2025\/09\/29\/els-farmaceutics-atenen-un-centenar-de-mataronins-a-la-unitat-mobil-de-la-meva-farmacia-la-meva-salut\/#primaryimage"},"thumbnailUrl":"https:\/\/www.cofb.org\/wp-content\/uploads\/2025\/09\/La-meva-farmacia-Mataro-farmaceutiques-voluntaries_Alta-1-scaled.png","keywords":["campanya","COFB","Farm\u00e0cia","farm\u00e0cia comunit\u00e0ria","La Meva Farm\u00e0cia","usuaris"],"articleSection":["Destacats","Notes de premsa"],"inLanguage":"es"},{"@type":"WebPage","@id":"https:\/\/www.cofb.org\/2025\/09\/29\/els-farmaceutics-atenen-un-centenar-de-mataronins-a-la-unitat-mobil-de-la-meva-farmacia-la-meva-salut\/","url":"https:\/\/www.cofb.org\/2025\/09\/29\/els-farmaceutics-atenen-un-centenar-de-mataronins-a-la-unitat-mobil-de-la-meva-farmacia-la-meva-salut\/","name":"Farmac\u00e8utics i farmac\u00e8utiques atenen un centenar de mataronins a la unitat m\u00f2bil de \u201cLa meva farm\u00e0cia, la meva salut\u201d - Col\u00b7legi de Farmac\u00e8utics de Barcelona","isPartOf":{"@id":"https:\/\/www.cofb.org\/#website"},"primaryImageOfPage":{"@id":"https:\/\/www.cofb.org\/2025\/09\/29\/els-farmaceutics-atenen-un-centenar-de-mataronins-a-la-unitat-mobil-de-la-meva-farmacia-la-meva-salut\/#primaryimage"},"image":{"@id":"https:\/\/www.cofb.org\/2025\/09\/29\/els-farmaceutics-atenen-un-centenar-de-mataronins-a-la-unitat-mobil-de-la-meva-farmacia-la-meva-salut\/#primaryimage"},"thumbnailUrl":"https:\/\/www.cofb.org\/wp-content\/uploads\/2025\/09\/La-meva-farmacia-Mataro-farmaceutiques-voluntaries_Alta-1-scaled.png","datePublished":"2025-09-29T13:08:12+00:00","dateModified":"2026-03-19T15:22:49+00:00","description":"Un total de 100 ciutadans de Matar\u00f3 participen a la campanya La meva farm\u00e0cia, la meva salut, on es van realitzar m\u00e9s de 400 proves","breadcrumb":{"@id":"https:\/\/www.cofb.org\/2025\/09\/29\/els-farmaceutics-atenen-un-centenar-de-mataronins-a-la-unitat-mobil-de-la-meva-farmacia-la-meva-salut\/#breadcrumb"},"inLanguage":"es","potentialAction":[{"@type":"ReadAction","target":["https:\/\/www.cofb.org\/2025\/09\/29\/els-farmaceutics-atenen-un-centenar-de-mataronins-a-la-unitat-mobil-de-la-meva-farmacia-la-meva-salut\/"]}]},{"@type":"ImageObject","inLanguage":"es","@id":"https:\/\/www.cofb.org\/2025\/09\/29\/els-farmaceutics-atenen-un-centenar-de-mataronins-a-la-unitat-mobil-de-la-meva-farmacia-la-meva-salut\/#primaryimage","url":"https:\/\/www.cofb.org\/wp-content\/uploads\/2025\/09\/La-meva-farmacia-Mataro-farmaceutiques-voluntaries_Alta-1-scaled.png","contentUrl":"https:\/\/www.cofb.org\/wp-content\/uploads\/2025\/09\/La-meva-farmacia-Mataro-farmaceutiques-voluntaries_Alta-1-scaled.png","width":2560,"height":1707},{"@type":"BreadcrumbList","@id":"https:\/\/www.cofb.org\/2025\/09\/29\/els-farmaceutics-atenen-un-centenar-de-mataronins-a-la-unitat-mobil-de-la-meva-farmacia-la-meva-salut\/#breadcrumb","itemListElement":[{"@type":"ListItem","position":1,"name":"Inici","item":"https:\/\/novaorg.cofb.net\/"},{"@type":"ListItem","position":2,"name":"Farmac\u00e8utics i farmac\u00e8utiques atenen un centenar de mataronins a la unitat m\u00f2bil de \u201cLa meva farm\u00e0cia, la meva salut\u201d"}]},{"@type":"WebSite","@id":"https:\/\/www.cofb.org\/#website","url":"https:\/\/www.cofb.org\/","name":"Col\u00b7legi de Farmac\u00e8utics de Barcelona","description":"","publisher":{"@id":"https:\/\/www.cofb.org\/#organization"},"potentialAction":[{"@type":"SearchAction","target":{"@type":"EntryPoint","urlTemplate":"https:\/\/www.cofb.org\/?s={search_term_string}"},"query-input":"required name=search_term_string"}],"inLanguage":"es"},{"@type":"Organization","@id":"https:\/\/www.cofb.org\/#organization","name":"Col\u00b7legi de Farmac\u00e8utics de Barcelona","url":"https:\/\/www.cofb.org\/","logo":{"@type":"ImageObject","inLanguage":"es","@id":"https:\/\/www.cofb.org\/#\/schema\/logo\/image\/","url":"https:\/\/www.cofb.org\/wp-content\/uploads\/2023\/11\/cropped-Logotip-COFB.png","contentUrl":"https:\/\/www.cofb.org\/wp-content\/uploads\/2023\/11\/cropped-Logotip-COFB.png","width":500,"height":105,"caption":"Col\u00b7legi de Farmac\u00e8utics de Barcelona"},"image":{"@id":"https:\/\/www.cofb.org\/#\/schema\/logo\/image\/"},"sameAs":["https:\/\/www.facebook.com\/farmaceuticsbcn\/","https:\/\/twitter.com\/farmaceuticsbcn","https:\/\/www.instagram.com\/farmaceuticsbcn\/","https:\/\/www.linkedin.com\/company\/farmaceuticsbcn\/"]},{"@type":"Person","@id":"https:\/\/www.cofb.org\/#\/schema\/person\/e46d741cfb92c985a083d163d8270ae4","name":"Xavier Magraner","image":{"@type":"ImageObject","inLanguage":"es","@id":"https:\/\/www.cofb.org\/#\/schema\/person\/image\/","url":"https:\/\/secure.gravatar.com\/avatar\/aa0d1d4df59f71f88eebd5796c5388ff41c58d83c5301eb6e1d65646a289c37d?s=96&d=mm&r=g","contentUrl":"https:\/\/secure.gravatar.com\/avatar\/aa0d1d4df59f71f88eebd5796c5388ff41c58d83c5301eb6e1d65646a289c37d?s=96&d=mm&r=g","caption":"Xavier Magraner"},"url":"https:\/\/www.cofb.org\/es\/author\/xmagraner\/"}]}},"uagb_featured_image_src":{"full":["https:\/\/www.cofb.org\/wp-content\/uploads\/2025\/09\/La-meva-farmacia-Mataro-farmaceutiques-voluntaries_Alta-1-scaled.png",2560,1707,false],"thumbnail":["https:\/\/www.cofb.org\/wp-content\/uploads\/2025\/09\/La-meva-farmacia-Mataro-farmaceutiques-voluntaries_Alta-1-150x150.png",150,150,true],"medium":["https:\/\/www.cofb.org\/wp-content\/uploads\/2025\/09\/La-meva-farmacia-Mataro-farmaceutiques-voluntaries_Alta-1-300x200.png",300,200,true],"medium_large":["https:\/\/www.cofb.org\/wp-content\/uploads\/2025\/09\/La-meva-farmacia-Mataro-farmaceutiques-voluntaries_Alta-1-768x512.png",768,512,true],"large":["https:\/\/www.cofb.org\/wp-content\/uploads\/2025\/09\/La-meva-farmacia-Mataro-farmaceutiques-voluntaries_Alta-1-1024x683.png",1024,683,true],"1536x1536":["https:\/\/www.cofb.org\/wp-content\/uploads\/2025\/09\/La-meva-farmacia-Mataro-farmaceutiques-voluntaries_Alta-1-1536x1024.png",1536,1024,true],"2048x2048":["https:\/\/www.cofb.org\/wp-content\/uploads\/2025\/09\/La-meva-farmacia-Mataro-farmaceutiques-voluntaries_Alta-1-2048x1365.png",2048,1365,true],"trp-custom-language-flag":["https:\/\/www.cofb.org\/wp-content\/uploads\/2025\/09\/La-meva-farmacia-Mataro-farmaceutiques-voluntaries_Alta-1-18x12.png",18,12,true]},"uagb_author_info":{"display_name":"Xavier Magraner","author_link":"https:\/\/www.cofb.org\/es\/author\/xmagraner\/"},"uagb_comment_info":0,"uagb_excerpt":"Barcelona, 29 de setembre de 2025.- Un centenar de mataronins s\u2019han apropat a la unitat m\u00f2bil de \u201cLa meva farm\u00e0cia, la meva salut\u201d per con\u00e8ixer i viure, en primera persona, una mostra dels serveis que ofereixen les farm\u00e0cies per cuidar la seva salut. Ho han fet en el marc de [&hellip;]","_links":{"self":[{"href":"https:\/\/www.cofb.org\/es\/wp-json\/wp\/v2\/posts\/82335","targetHints":{"allow":["GET"]}}],"collection":[{"href":"https:\/\/www.cofb.org\/es\/wp-json\/wp\/v2\/posts"}],"about":[{"href":"https:\/\/www.cofb.org\/es\/wp-json\/wp\/v2\/types\/post"}],"author":[{"embeddable":true,"href":"https:\/\/www.cofb.org\/es\/wp-json\/wp\/v2\/users\/10"}],"replies":[{"embeddable":true,"href":"https:\/\/www.cofb.org\/es\/wp-json\/wp\/v2\/comments?post=82335"}],"version-history":[{"count":13,"href":"https:\/\/www.cofb.org\/es\/wp-json\/wp\/v2\/posts\/82335\/revisions"}],"predecessor-version":[{"id":82353,"href":"https:\/\/www.cofb.org\/es\/wp-json\/wp\/v2\/posts\/82335\/revisions\/82353"}],"wp:featuredmedia":[{"embeddable":true,"href":"https:\/\/www.cofb.org\/es\/wp-json\/wp\/v2\/media\/82341"}],"wp:attachment":[{"href":"https:\/\/www.cofb.org\/es\/wp-json\/wp\/v2\/media?parent=82335"}],"wp:term":[{"taxonomy":"category","embeddable":true,"href":"https:\/\/www.cofb.org\/es\/wp-json\/wp\/v2\/categories?post=82335"},{"taxonomy":"post_tag","embeddable":true,"href":"https:\/\/www.cofb.org\/es\/wp-json\/wp\/v2\/tags?post=82335"}],"curies":[{"name":"wp","href":"https:\/\/api.w.org\/{rel}","templated":true}]}}