{"id":82102,"date":"2025-07-31T10:22:56","date_gmt":"2025-07-31T10:22:56","guid":{"rendered":"https:\/\/www.cofb.org\/?p=82102"},"modified":"2025-07-31T10:44:42","modified_gmt":"2025-07-31T10:44:42","slug":"la-professio-farmaceutica-a-la-provincia-de-barcelona-lany-2024","status":"publish","type":"post","link":"https:\/\/www.cofb.org\/es\/2025\/07\/31\/la-professio-farmaceutica-a-la-provincia-de-barcelona-lany-2024\/","title":{"rendered":"La profesi\u00f3n farmac\u00e9utica en la provincia de Barcelona en 2024"},"content":{"rendered":"<p>El <strong>Consejo General de Colegios Oficiales de Farmac\u00e9uticos (CGCOF)<\/strong> ha publicado el informe \u201c<strong>Estad\u00edsticas de Colegiados y Farmacias Comunitarias<\/strong>\u201d, correspondiente al a\u00f1o 2024. De periodicidad anual, el documento analiza con profundidad la profesi\u00f3n farmac\u00e9utica, ya que recoge de forma anual las<strong> cifras m\u00e1s importantes <\/strong>relacionadas con los <strong>farmac\u00e9uticos <\/strong>y en las <strong>farmacias <\/strong>a nivel estatal, auton\u00f3mico y provincial.<\/p>\n\n\n\n<p>A continuaci\u00f3n, destacamos las cifras m\u00e1s relevantes del documento relacionadas en la provincia de <strong>Barcelona <\/strong>y al global de <strong>Catalu\u00f1a<\/strong>.<\/p>\n\n\n\n<h2 class=\"wp-block-heading\"><strong>M\u00e1s de 9.340 colegiados en la provincia de Barcelona<\/strong><\/h2>\n\n\n\n<p>En 2024 termin\u00f3 con un total de <strong>81.081<\/strong>&nbsp;<strong>farmac\u00e9uticos colegiados<\/strong>&nbsp;en Espa\u00f1a, 786 m\u00e1s que en 2023. A nivel auton\u00f3mico, <strong>Catalu\u00f1a<\/strong> se sit\u00faa como la tercera comunidad aut\u00f3noma con mayor n\u00famero de colegiados con un total de<strong>11.806<\/strong>, representando un 14,6% sobre el total. En el \u00e1mbito provincial,&nbsp;<strong>Barcelona<\/strong>&nbsp;termina el a\u00f1o con un total de&nbsp;<strong>9.344<\/strong>&nbsp;colegiados, 19 m\u00e1s que en 2023 y situ\u00e1ndose, con un 11,5% sobre el total, como en&nbsp;<strong>segunda provincia con m\u00e1s colegiados<\/strong>, s\u00f3lo por detr\u00e1s de Madrid (14.024).<\/p>\n\n\n\n<figure class=\"wp-block-image aligncenter size-large is-resized\"><a href=\"https:\/\/www.cofb.org\/wp-content\/uploads\/2025\/07\/2024-Estadisticas-Colegiados-Farmacias.pdf\" target=\"_blank\" rel=\" noreferrer noopener\"><img fetchpriority=\"high\" decoding=\"async\" width=\"1024\" height=\"1024\" src=\"https:\/\/www.cofb.org\/wp-content\/uploads\/2025\/07\/Dades-farmacia-2024-1080-x-1080-1024x1024.png\" alt=\"La professi\u00f3 farmac\u00e8utica a la prov\u00edncia de Barceloan 2024\" class=\"wp-image-82136\" style=\"width:635px\" srcset=\"https:\/\/www.cofb.org\/wp-content\/uploads\/2025\/07\/Dades-farmacia-2024-1080-x-1080-1024x1024.png 1024w, https:\/\/www.cofb.org\/wp-content\/uploads\/2025\/07\/Dades-farmacia-2024-1080-x-1080-300x300.png 300w, https:\/\/www.cofb.org\/wp-content\/uploads\/2025\/07\/Dades-farmacia-2024-1080-x-1080-150x150.png 150w, https:\/\/www.cofb.org\/wp-content\/uploads\/2025\/07\/Dades-farmacia-2024-1080-x-1080-768x768.png 768w, https:\/\/www.cofb.org\/wp-content\/uploads\/2025\/07\/Dades-farmacia-2024-1080-x-1080-12x12.png 12w, https:\/\/www.cofb.org\/wp-content\/uploads\/2025\/07\/Dades-farmacia-2024-1080-x-1080.png 1080w\" sizes=\"(max-width: 1024px) 100vw, 1024px\" \/><\/a><\/figure>\n\n\n\n<p>La <strong>tercera profesi\u00f3n sanitaria<\/strong> con <strong>mayor n\u00famero de colegiados<\/strong> sigue siendo <strong>Farmacia<\/strong>, por detr\u00e1s <strong>de enfermeros <\/strong>y <strong>m\u00e9dicos<\/strong>, representando un<strong> 8% de los 81.081 profesionales sanitarios del estado<\/strong>. El n\u00famero de profesionales colegiados en Espa\u00f1a ha aumentado un <strong>1% m\u00e1s respecto a 2023<\/strong>54.972 colegiados\/as ejercen en la farmacia comunitaria, que suponen un 68% del total.<\/p>\n\n\n\n<h2 class=\"wp-block-heading\"><strong>Las farmac\u00e9uticas ya suponen el 74% del total de colegiados\/as<\/strong><\/h2>\n\n\n\n<p>El colectivo farmac\u00e9utico se posiciona entre las profesiones sanitarias con <strong>mayor presencia de mujeres colegiadas<\/strong>, 58.322 en total. En el caso de <strong>Catalu\u00f1a<\/strong>, suponen un<strong> 74% del total de farmac\u00e9uticos colegiados<\/strong>, una cifra que supera la media espa\u00f1ola, que es de un<strong> 71,9%<\/strong>. En cuanto a la provincia de <strong>Barcelona<\/strong>, de los<strong> 9.344 colegiados<\/strong>, el<strong> 73,98% son farmac\u00e9uticas<\/strong>, en l\u00ednea con las cifras de toda Catalu\u00f1a. <strong>franjas de edad<\/strong>, en Catalu\u00f1a predomina la situada entre los 45 y 54 a\u00f1os, con un 25,6% del total, <strong>superando la media espa\u00f1ola<\/strong> (24%). Por lo que respecta al<strong> promedio de edad<\/strong>, la edad media se sit\u00faa en los 51,2 a\u00f1os, respecto al 50 del resto del estado. <\/p>\n\n\n\n<p>El <strong>n\u00famero total de farmacias comunitarias<\/strong> en Espa\u00f1a a finales de 2024 fue de <strong>22.231<\/strong>. <strong>Andaluc\u00eda <\/strong>(3.870), <strong>Catalu\u00f1a <\/strong>(3.290), la <strong>Comunidad de Madrid <\/strong>(2.934) y la<strong> Comunidad Valenciana <\/strong>(2.345) lideran el ranking de<strong> n\u00famero de oficinas de farmacia<\/strong> por autonom\u00eda, llegando a sumar el 56% del total. La provincia de Barcelona cuenta con un total de<strong> 2.379 farmacias,<\/strong> que suponen el 72,31 TP3T de las abiertas en Catalu\u00f1a. De esa cifra, 1.017 se encuentran en la ciudad de Barcelona, mientras que las 1.362 restantes son del resto de la provincia. En relaci\u00f3n con la <strong>media de farmac\u00e9uticos por farmacia&nbsp;<\/strong>en el estado es de 2,5 y en Catalu\u00f1a de 2,2. En cuanto al<strong> porcentaje de habitantes por farmacia<\/strong>, el ratio&nbsp;<strong>en Barcelona es de 2.471 habitantes por farmacia<\/strong>, superior a <strong>Catalu\u00f1a <\/strong>donde encontramos una media de <strong>2.435 habitantes por farmacia<\/strong>.<\/p>\n\n\n\n<p>Fuentes y m\u00e1s informaci\u00f3n: <a href=\"https:\/\/www.cofb.org\/wp-content\/uploads\/2025\/07\/2024-Estadisticas-Colegiados-Farmacias.pdf\" target=\"_blank\" rel=\"noreferrer noopener\">Estad\u00edsticas de Colegiados y Farmacias Comunitarias 2024 (v\u00eda Farmac\u00e9uticos)<\/a><\/p>\n\n\n\n<p><strong>Otras publicaciones de inter\u00e9s: <\/strong><\/p>\n\n\n\n<p><a href=\"https:\/\/blog.cofb.cat\/blog\/2022\/08\/04\/la-professio-farmaceutica-a-la-provincia-de-barcelona-lany-2021\/\" target=\"_blank\" rel=\"noreferrer noopener\">La profesi\u00f3n farmac\u00e9utica en la provincia de Barcelona en 2021<\/a><\/p>\n\n\n\n<p><a href=\"https:\/\/www.cofb.org\/es\/2024\/08\/02\/la-professio-farmaceutica-a-la-provincia-de-barcelona-lany-2023\/\" target=\"_blank\" rel=\"noreferrer noopener\">La profesi\u00f3n farmac\u00e9utica en la provincia de Barcelona en 2023<\/a><\/p>\n\n\n\n<p><a href=\"https:\/\/blog.cofb.cat\/blog\/2023\/08\/04\/dades-de-la-professio-farmaceutica-el-2022\/\" target=\"_blank\" rel=\"noreferrer noopener\">La profesi\u00f3n farmac\u00e9utica en la provincia de Barcelona en 2022<\/a><\/p>","protected":false},"excerpt":{"rendered":"<p>El Consejo General de Colegios Oficiales de Farmac\u00e9uticos (CGCOF) ha publicado el informe \u201cEstad\u00edsticas de Colegiados y Farmacias Comunitarias\u201d, correspondiente al a\u00f1o 2024. De periodicidad anual, el documento analiza con profundidad la profesi\u00f3n farmac\u00e9utica, ya que recoge de forma anual las cifras m\u00e1s importantes relacionadas con los farmac\u00e9uticos<\/p>","protected":false},"author":10,"featured_media":82142,"comment_status":"closed","ping_status":"closed","sticky":false,"template":"","format":"standard","meta":{"_uag_custom_page_level_css":"","site-sidebar-layout":"default","site-content-layout":"","ast-site-content-layout":"default","site-content-style":"default","site-sidebar-style":"default","ast-global-header-display":"","ast-banner-title-visibility":"","ast-main-header-display":"","ast-hfb-above-header-display":"","ast-hfb-below-header-display":"","ast-hfb-mobile-header-display":"","site-post-title":"","ast-breadcrumbs-content":"","ast-featured-img":"disabled","footer-sml-layout":"","theme-transparent-header-meta":"","adv-header-id-meta":"","stick-header-meta":"","header-above-stick-meta":"","header-main-stick-meta":"","header-below-stick-meta":"","astra-migrate-meta-layouts":"set","ast-page-background-enabled":"default","ast-page-background-meta":{"desktop":{"background-color":"var(--ast-global-color-4)","background-image":"","background-repeat":"repeat","background-position":"center center","background-size":"auto","background-attachment":"scroll","background-type":"","background-media":"","overlay-type":"","overlay-color":"","overlay-opacity":"","overlay-gradient":""},"tablet":{"background-color":"","background-image":"","background-repeat":"repeat","background-position":"center center","background-size":"auto","background-attachment":"scroll","background-type":"","background-media":"","overlay-type":"","overlay-color":"","overlay-opacity":"","overlay-gradient":""},"mobile":{"background-color":"","background-image":"","background-repeat":"repeat","background-position":"center center","background-size":"auto","background-attachment":"scroll","background-type":"","background-media":"","overlay-type":"","overlay-color":"","overlay-opacity":"","overlay-gradient":""}},"ast-content-background-meta":{"desktop":{"background-color":"var(--ast-global-color-5)","background-image":"","background-repeat":"repeat","background-position":"center center","background-size":"auto","background-attachment":"scroll","background-type":"","background-media":"","overlay-type":"","overlay-color":"","overlay-opacity":"","overlay-gradient":""},"tablet":{"background-color":"var(--ast-global-color-5)","background-image":"","background-repeat":"repeat","background-position":"center center","background-size":"auto","background-attachment":"scroll","background-type":"","background-media":"","overlay-type":"","overlay-color":"","overlay-opacity":"","overlay-gradient":""},"mobile":{"background-color":"var(--ast-global-color-5)","background-image":"","background-repeat":"repeat","background-position":"center center","background-size":"auto","background-attachment":"scroll","background-type":"","background-media":"","overlay-type":"","overlay-color":"","overlay-opacity":"","overlay-gradient":""}},"footnotes":""},"categories":[23,32],"tags":[64,18,19,692,901,3224,52,68,4668,76,906],"class_list":["post-82102","post","type-post","status-publish","format-standard","has-post-thumbnail","hentry","category-destacats","category-noticies-farmacia","tag-atencio-farmaceutica","tag-cofb","tag-collegi-de-farmaceutics-de-barcelona","tag-collegiats","tag-estadistiques-collegiats","tag-estadistiques-collegiats-i-oficines-de-farmacia","tag-farmaceutic","tag-farmacia","tag-farmacia-comunitaria-2","tag-oficina-de-farmacia","tag-professio-farmaceutica"],"yoast_head":"<!-- This site is optimized with the Yoast SEO plugin v22.4 - https:\/\/yoast.com\/wordpress\/plugins\/seo\/ -->\n<title>La professi\u00f3 farmac\u00e8utica a la prov\u00edncia de Barcelona l\u2019any\u00a02024 - Col\u00b7legi de Farmac\u00e8utics de Barcelona<\/title>\n<meta name=\"description\" content=\"El\u00a0CGCOF ha publicat, un any m\u00e9s, l\u2019informe\u00a0&quot;Estad\u00edsticas de Colegiados Farmac\u00e9uticos y Farmacias Comunitarias&quot;, corresponent al\u00a02024.\" \/>\n<meta name=\"robots\" content=\"index, follow, max-snippet:-1, max-image-preview:large, max-video-preview:-1\" \/>\n<link rel=\"canonical\" href=\"https:\/\/www.cofb.org\/es\/2025\/07\/31\/la-professio-farmaceutica-a-la-provincia-de-barcelona-lany-2024\/\" \/>\n<meta property=\"og:locale\" content=\"es_ES\" \/>\n<meta property=\"og:type\" content=\"article\" \/>\n<meta property=\"og:title\" content=\"La professi\u00f3 farmac\u00e8utica a la prov\u00edncia de Barcelona l\u2019any\u00a02024 - Col\u00b7legi de Farmac\u00e8utics de Barcelona\" \/>\n<meta property=\"og:description\" content=\"El\u00a0CGCOF ha publicat, un any m\u00e9s, l\u2019informe\u00a0&quot;Estad\u00edsticas de Colegiados Farmac\u00e9uticos y Farmacias Comunitarias&quot;, corresponent al\u00a02024.\" \/>\n<meta property=\"og:url\" content=\"https:\/\/www.cofb.org\/es\/2025\/07\/31\/la-professio-farmaceutica-a-la-provincia-de-barcelona-lany-2024\/\" \/>\n<meta property=\"og:site_name\" content=\"Col\u00b7legi de Farmac\u00e8utics de Barcelona\" \/>\n<meta property=\"article:publisher\" content=\"https:\/\/www.facebook.com\/farmaceuticsbcn\/\" \/>\n<meta property=\"article:published_time\" content=\"2025-07-31T10:22:56+00:00\" \/>\n<meta property=\"article:modified_time\" content=\"2025-07-31T10:44:42+00:00\" \/>\n<meta property=\"og:image\" content=\"https:\/\/www.cofb.org\/wp-content\/uploads\/2025\/07\/COFB.240925-03_IG_edited_horizontal.jpg\" \/>\n\t<meta property=\"og:image:width\" content=\"2002\" \/>\n\t<meta property=\"og:image:height\" content=\"1125\" \/>\n\t<meta property=\"og:image:type\" content=\"image\/jpeg\" \/>\n<meta name=\"author\" content=\"Xavier Magraner\" \/>\n<meta name=\"twitter:card\" content=\"summary_large_image\" \/>\n<meta name=\"twitter:creator\" content=\"@farmaceuticsbcn\" \/>\n<meta name=\"twitter:site\" content=\"@farmaceuticsbcn\" \/>\n<meta name=\"twitter:label1\" content=\"Escrito por\" \/>\n\t<meta name=\"twitter:data1\" content=\"Xavier Magraner\" \/>\n\t<meta name=\"twitter:label2\" content=\"Tiempo de lectura\" \/>\n\t<meta name=\"twitter:data2\" content=\"4 minutos\" \/>\n<script type=\"application\/ld+json\" class=\"yoast-schema-graph\">{\"@context\":\"https:\/\/schema.org\",\"@graph\":[{\"@type\":\"Article\",\"@id\":\"https:\/\/www.cofb.org\/2025\/07\/31\/la-professio-farmaceutica-a-la-provincia-de-barcelona-lany-2024\/#article\",\"isPartOf\":{\"@id\":\"https:\/\/www.cofb.org\/2025\/07\/31\/la-professio-farmaceutica-a-la-provincia-de-barcelona-lany-2024\/\"},\"author\":{\"name\":\"Xavier Magraner\",\"@id\":\"https:\/\/www.cofb.org\/#\/schema\/person\/e46d741cfb92c985a083d163d8270ae4\"},\"headline\":\"La professi\u00f3 farmac\u00e8utica a la prov\u00edncia de Barcelona l\u2019any\u00a02024\",\"datePublished\":\"2025-07-31T10:22:56+00:00\",\"dateModified\":\"2025-07-31T10:44:42+00:00\",\"mainEntityOfPage\":{\"@id\":\"https:\/\/www.cofb.org\/2025\/07\/31\/la-professio-farmaceutica-a-la-provincia-de-barcelona-lany-2024\/\"},\"wordCount\":598,\"publisher\":{\"@id\":\"https:\/\/www.cofb.org\/#organization\"},\"image\":{\"@id\":\"https:\/\/www.cofb.org\/2025\/07\/31\/la-professio-farmaceutica-a-la-provincia-de-barcelona-lany-2024\/#primaryimage\"},\"thumbnailUrl\":\"https:\/\/www.cofb.org\/wp-content\/uploads\/2025\/07\/COFB.240925-03_IG_edited_horizontal.jpg\",\"keywords\":[\"Atenci\u00f3 farmac\u00e8utica\",\"COFB\",\"Col\u00b7legi de Farmac\u00e8utics de Barcelona\",\"col\u00b7legiats\",\"estad\u00edstiques col\u00b7legiats\",\"estad\u00edstiques col\u00b7legiats i oficines de farm\u00e0cia\",\"farmac\u00e8utic\",\"Farm\u00e0cia\",\"farm\u00e0cia comunitaria\",\"Oficina de farm\u00e0cia\",\"professi\u00f3 farmac\u00e8utica\"],\"articleSection\":[\"Destacats\",\"Not\u00edcies farm\u00e0cia\"],\"inLanguage\":\"es\"},{\"@type\":\"WebPage\",\"@id\":\"https:\/\/www.cofb.org\/2025\/07\/31\/la-professio-farmaceutica-a-la-provincia-de-barcelona-lany-2024\/\",\"url\":\"https:\/\/www.cofb.org\/2025\/07\/31\/la-professio-farmaceutica-a-la-provincia-de-barcelona-lany-2024\/\",\"name\":\"La professi\u00f3 farmac\u00e8utica a la prov\u00edncia de Barcelona l\u2019any\u00a02024 - Col\u00b7legi de Farmac\u00e8utics de Barcelona\",\"isPartOf\":{\"@id\":\"https:\/\/www.cofb.org\/#website\"},\"primaryImageOfPage\":{\"@id\":\"https:\/\/www.cofb.org\/2025\/07\/31\/la-professio-farmaceutica-a-la-provincia-de-barcelona-lany-2024\/#primaryimage\"},\"image\":{\"@id\":\"https:\/\/www.cofb.org\/2025\/07\/31\/la-professio-farmaceutica-a-la-provincia-de-barcelona-lany-2024\/#primaryimage\"},\"thumbnailUrl\":\"https:\/\/www.cofb.org\/wp-content\/uploads\/2025\/07\/COFB.240925-03_IG_edited_horizontal.jpg\",\"datePublished\":\"2025-07-31T10:22:56+00:00\",\"dateModified\":\"2025-07-31T10:44:42+00:00\",\"description\":\"El\u00a0CGCOF ha publicat, un any m\u00e9s, l\u2019informe\u00a0\\\"Estad\u00edsticas de Colegiados Farmac\u00e9uticos y Farmacias Comunitarias\\\", corresponent al\u00a02024.\",\"breadcrumb\":{\"@id\":\"https:\/\/www.cofb.org\/2025\/07\/31\/la-professio-farmaceutica-a-la-provincia-de-barcelona-lany-2024\/#breadcrumb\"},\"inLanguage\":\"es\",\"potentialAction\":[{\"@type\":\"ReadAction\",\"target\":[\"https:\/\/www.cofb.org\/2025\/07\/31\/la-professio-farmaceutica-a-la-provincia-de-barcelona-lany-2024\/\"]}]},{\"@type\":\"ImageObject\",\"inLanguage\":\"es\",\"@id\":\"https:\/\/www.cofb.org\/2025\/07\/31\/la-professio-farmaceutica-a-la-provincia-de-barcelona-lany-2024\/#primaryimage\",\"url\":\"https:\/\/www.cofb.org\/wp-content\/uploads\/2025\/07\/COFB.240925-03_IG_edited_horizontal.jpg\",\"contentUrl\":\"https:\/\/www.cofb.org\/wp-content\/uploads\/2025\/07\/COFB.240925-03_IG_edited_horizontal.jpg\",\"width\":2002,\"height\":1125},{\"@type\":\"BreadcrumbList\",\"@id\":\"https:\/\/www.cofb.org\/2025\/07\/31\/la-professio-farmaceutica-a-la-provincia-de-barcelona-lany-2024\/#breadcrumb\",\"itemListElement\":[{\"@type\":\"ListItem\",\"position\":1,\"name\":\"Inici\",\"item\":\"https:\/\/novaorg.cofb.net\/\"},{\"@type\":\"ListItem\",\"position\":2,\"name\":\"La professi\u00f3 farmac\u00e8utica a la prov\u00edncia de Barcelona l\u2019any\u00a02024\"}]},{\"@type\":\"WebSite\",\"@id\":\"https:\/\/www.cofb.org\/#website\",\"url\":\"https:\/\/www.cofb.org\/\",\"name\":\"Col\u00b7legi de Farmac\u00e8utics de Barcelona\",\"description\":\"\",\"publisher\":{\"@id\":\"https:\/\/www.cofb.org\/#organization\"},\"potentialAction\":[{\"@type\":\"SearchAction\",\"target\":{\"@type\":\"EntryPoint\",\"urlTemplate\":\"https:\/\/www.cofb.org\/?s={search_term_string}\"},\"query-input\":\"required name=search_term_string\"}],\"inLanguage\":\"es\"},{\"@type\":\"Organization\",\"@id\":\"https:\/\/www.cofb.org\/#organization\",\"name\":\"Col\u00b7legi de Farmac\u00e8utics de Barcelona\",\"url\":\"https:\/\/www.cofb.org\/\",\"logo\":{\"@type\":\"ImageObject\",\"inLanguage\":\"es\",\"@id\":\"https:\/\/www.cofb.org\/#\/schema\/logo\/image\/\",\"url\":\"https:\/\/www.cofb.org\/wp-content\/uploads\/2023\/11\/cropped-Logotip-COFB.png\",\"contentUrl\":\"https:\/\/www.cofb.org\/wp-content\/uploads\/2023\/11\/cropped-Logotip-COFB.png\",\"width\":500,\"height\":105,\"caption\":\"Col\u00b7legi de Farmac\u00e8utics de Barcelona\"},\"image\":{\"@id\":\"https:\/\/www.cofb.org\/#\/schema\/logo\/image\/\"},\"sameAs\":[\"https:\/\/www.facebook.com\/farmaceuticsbcn\/\",\"https:\/\/twitter.com\/farmaceuticsbcn\",\"https:\/\/www.instagram.com\/farmaceuticsbcn\/\",\"https:\/\/www.linkedin.com\/company\/farmaceuticsbcn\/\"]},{\"@type\":\"Person\",\"@id\":\"https:\/\/www.cofb.org\/#\/schema\/person\/e46d741cfb92c985a083d163d8270ae4\",\"name\":\"Xavier Magraner\",\"image\":{\"@type\":\"ImageObject\",\"inLanguage\":\"es\",\"@id\":\"https:\/\/www.cofb.org\/#\/schema\/person\/image\/\",\"url\":\"https:\/\/secure.gravatar.com\/avatar\/aa0d1d4df59f71f88eebd5796c5388ff41c58d83c5301eb6e1d65646a289c37d?s=96&d=mm&r=g\",\"contentUrl\":\"https:\/\/secure.gravatar.com\/avatar\/aa0d1d4df59f71f88eebd5796c5388ff41c58d83c5301eb6e1d65646a289c37d?s=96&d=mm&r=g\",\"caption\":\"Xavier Magraner\"},\"url\":\"https:\/\/www.cofb.org\/es\/author\/xmagraner\/\"}]}<\/script>\n<!-- \/ Yoast SEO plugin. -->","yoast_head_json":{"title":"La professi\u00f3 farmac\u00e8utica a la prov\u00edncia de Barcelona l\u2019any\u00a02024 - Col\u00b7legi de Farmac\u00e8utics de Barcelona","description":"El\u00a0CGCOF ha publicat, un any m\u00e9s, l\u2019informe\u00a0\"Estad\u00edsticas de Colegiados Farmac\u00e9uticos y Farmacias Comunitarias\", corresponent al\u00a02024.","robots":{"index":"index","follow":"follow","max-snippet":"max-snippet:-1","max-image-preview":"max-image-preview:large","max-video-preview":"max-video-preview:-1"},"canonical":"https:\/\/www.cofb.org\/es\/2025\/07\/31\/la-professio-farmaceutica-a-la-provincia-de-barcelona-lany-2024\/","og_locale":"es_ES","og_type":"article","og_title":"La professi\u00f3 farmac\u00e8utica a la prov\u00edncia de Barcelona l\u2019any\u00a02024 - Col\u00b7legi de Farmac\u00e8utics de Barcelona","og_description":"El\u00a0CGCOF ha publicat, un any m\u00e9s, l\u2019informe\u00a0\"Estad\u00edsticas de Colegiados Farmac\u00e9uticos y Farmacias Comunitarias\", corresponent al\u00a02024.","og_url":"https:\/\/www.cofb.org\/es\/2025\/07\/31\/la-professio-farmaceutica-a-la-provincia-de-barcelona-lany-2024\/","og_site_name":"Col\u00b7legi de Farmac\u00e8utics de Barcelona","article_publisher":"https:\/\/www.facebook.com\/farmaceuticsbcn\/","article_published_time":"2025-07-31T10:22:56+00:00","article_modified_time":"2025-07-31T10:44:42+00:00","og_image":[{"width":2002,"height":1125,"url":"https:\/\/www.cofb.org\/wp-content\/uploads\/2025\/07\/COFB.240925-03_IG_edited_horizontal.jpg","type":"image\/jpeg"}],"author":"Xavier Magraner","twitter_card":"summary_large_image","twitter_creator":"@farmaceuticsbcn","twitter_site":"@farmaceuticsbcn","twitter_misc":{"Escrito por":"Xavier Magraner","Tiempo de lectura":"4 minutos"},"schema":{"@context":"https:\/\/schema.org","@graph":[{"@type":"Article","@id":"https:\/\/www.cofb.org\/2025\/07\/31\/la-professio-farmaceutica-a-la-provincia-de-barcelona-lany-2024\/#article","isPartOf":{"@id":"https:\/\/www.cofb.org\/2025\/07\/31\/la-professio-farmaceutica-a-la-provincia-de-barcelona-lany-2024\/"},"author":{"name":"Xavier Magraner","@id":"https:\/\/www.cofb.org\/#\/schema\/person\/e46d741cfb92c985a083d163d8270ae4"},"headline":"La professi\u00f3 farmac\u00e8utica a la prov\u00edncia de Barcelona l\u2019any\u00a02024","datePublished":"2025-07-31T10:22:56+00:00","dateModified":"2025-07-31T10:44:42+00:00","mainEntityOfPage":{"@id":"https:\/\/www.cofb.org\/2025\/07\/31\/la-professio-farmaceutica-a-la-provincia-de-barcelona-lany-2024\/"},"wordCount":598,"publisher":{"@id":"https:\/\/www.cofb.org\/#organization"},"image":{"@id":"https:\/\/www.cofb.org\/2025\/07\/31\/la-professio-farmaceutica-a-la-provincia-de-barcelona-lany-2024\/#primaryimage"},"thumbnailUrl":"https:\/\/www.cofb.org\/wp-content\/uploads\/2025\/07\/COFB.240925-03_IG_edited_horizontal.jpg","keywords":["Atenci\u00f3 farmac\u00e8utica","COFB","Col\u00b7legi de Farmac\u00e8utics de Barcelona","col\u00b7legiats","estad\u00edstiques col\u00b7legiats","estad\u00edstiques col\u00b7legiats i oficines de farm\u00e0cia","farmac\u00e8utic","Farm\u00e0cia","farm\u00e0cia comunitaria","Oficina de farm\u00e0cia","professi\u00f3 farmac\u00e8utica"],"articleSection":["Destacats","Not\u00edcies farm\u00e0cia"],"inLanguage":"es"},{"@type":"WebPage","@id":"https:\/\/www.cofb.org\/2025\/07\/31\/la-professio-farmaceutica-a-la-provincia-de-barcelona-lany-2024\/","url":"https:\/\/www.cofb.org\/2025\/07\/31\/la-professio-farmaceutica-a-la-provincia-de-barcelona-lany-2024\/","name":"La professi\u00f3 farmac\u00e8utica a la prov\u00edncia de Barcelona l\u2019any\u00a02024 - Col\u00b7legi de Farmac\u00e8utics de Barcelona","isPartOf":{"@id":"https:\/\/www.cofb.org\/#website"},"primaryImageOfPage":{"@id":"https:\/\/www.cofb.org\/2025\/07\/31\/la-professio-farmaceutica-a-la-provincia-de-barcelona-lany-2024\/#primaryimage"},"image":{"@id":"https:\/\/www.cofb.org\/2025\/07\/31\/la-professio-farmaceutica-a-la-provincia-de-barcelona-lany-2024\/#primaryimage"},"thumbnailUrl":"https:\/\/www.cofb.org\/wp-content\/uploads\/2025\/07\/COFB.240925-03_IG_edited_horizontal.jpg","datePublished":"2025-07-31T10:22:56+00:00","dateModified":"2025-07-31T10:44:42+00:00","description":"El\u00a0CGCOF ha publicat, un any m\u00e9s, l\u2019informe\u00a0\"Estad\u00edsticas de Colegiados Farmac\u00e9uticos y Farmacias Comunitarias\", corresponent al\u00a02024.","breadcrumb":{"@id":"https:\/\/www.cofb.org\/2025\/07\/31\/la-professio-farmaceutica-a-la-provincia-de-barcelona-lany-2024\/#breadcrumb"},"inLanguage":"es","potentialAction":[{"@type":"ReadAction","target":["https:\/\/www.cofb.org\/2025\/07\/31\/la-professio-farmaceutica-a-la-provincia-de-barcelona-lany-2024\/"]}]},{"@type":"ImageObject","inLanguage":"es","@id":"https:\/\/www.cofb.org\/2025\/07\/31\/la-professio-farmaceutica-a-la-provincia-de-barcelona-lany-2024\/#primaryimage","url":"https:\/\/www.cofb.org\/wp-content\/uploads\/2025\/07\/COFB.240925-03_IG_edited_horizontal.jpg","contentUrl":"https:\/\/www.cofb.org\/wp-content\/uploads\/2025\/07\/COFB.240925-03_IG_edited_horizontal.jpg","width":2002,"height":1125},{"@type":"BreadcrumbList","@id":"https:\/\/www.cofb.org\/2025\/07\/31\/la-professio-farmaceutica-a-la-provincia-de-barcelona-lany-2024\/#breadcrumb","itemListElement":[{"@type":"ListItem","position":1,"name":"Inici","item":"https:\/\/novaorg.cofb.net\/"},{"@type":"ListItem","position":2,"name":"La professi\u00f3 farmac\u00e8utica a la prov\u00edncia de Barcelona l\u2019any\u00a02024"}]},{"@type":"WebSite","@id":"https:\/\/www.cofb.org\/#website","url":"https:\/\/www.cofb.org\/","name":"Col\u00b7legi de Farmac\u00e8utics de Barcelona","description":"","publisher":{"@id":"https:\/\/www.cofb.org\/#organization"},"potentialAction":[{"@type":"SearchAction","target":{"@type":"EntryPoint","urlTemplate":"https:\/\/www.cofb.org\/?s={search_term_string}"},"query-input":"required name=search_term_string"}],"inLanguage":"es"},{"@type":"Organization","@id":"https:\/\/www.cofb.org\/#organization","name":"Col\u00b7legi de Farmac\u00e8utics de Barcelona","url":"https:\/\/www.cofb.org\/","logo":{"@type":"ImageObject","inLanguage":"es","@id":"https:\/\/www.cofb.org\/#\/schema\/logo\/image\/","url":"https:\/\/www.cofb.org\/wp-content\/uploads\/2023\/11\/cropped-Logotip-COFB.png","contentUrl":"https:\/\/www.cofb.org\/wp-content\/uploads\/2023\/11\/cropped-Logotip-COFB.png","width":500,"height":105,"caption":"Col\u00b7legi de Farmac\u00e8utics de Barcelona"},"image":{"@id":"https:\/\/www.cofb.org\/#\/schema\/logo\/image\/"},"sameAs":["https:\/\/www.facebook.com\/farmaceuticsbcn\/","https:\/\/twitter.com\/farmaceuticsbcn","https:\/\/www.instagram.com\/farmaceuticsbcn\/","https:\/\/www.linkedin.com\/company\/farmaceuticsbcn\/"]},{"@type":"Person","@id":"https:\/\/www.cofb.org\/#\/schema\/person\/e46d741cfb92c985a083d163d8270ae4","name":"Xavier Magraner","image":{"@type":"ImageObject","inLanguage":"es","@id":"https:\/\/www.cofb.org\/#\/schema\/person\/image\/","url":"https:\/\/secure.gravatar.com\/avatar\/aa0d1d4df59f71f88eebd5796c5388ff41c58d83c5301eb6e1d65646a289c37d?s=96&d=mm&r=g","contentUrl":"https:\/\/secure.gravatar.com\/avatar\/aa0d1d4df59f71f88eebd5796c5388ff41c58d83c5301eb6e1d65646a289c37d?s=96&d=mm&r=g","caption":"Xavier Magraner"},"url":"https:\/\/www.cofb.org\/es\/author\/xmagraner\/"}]}},"uagb_featured_image_src":{"full":["https:\/\/www.cofb.org\/wp-content\/uploads\/2025\/07\/COFB.240925-03_IG_edited_horizontal.jpg",2002,1125,false],"thumbnail":["https:\/\/www.cofb.org\/wp-content\/uploads\/2025\/07\/COFB.240925-03_IG_edited_horizontal-150x150.jpg",150,150,true],"medium":["https:\/\/www.cofb.org\/wp-content\/uploads\/2025\/07\/COFB.240925-03_IG_edited_horizontal-300x169.jpg",300,169,true],"medium_large":["https:\/\/www.cofb.org\/wp-content\/uploads\/2025\/07\/COFB.240925-03_IG_edited_horizontal-768x432.jpg",768,432,true],"large":["https:\/\/www.cofb.org\/wp-content\/uploads\/2025\/07\/COFB.240925-03_IG_edited_horizontal-1024x575.jpg",1024,575,true],"1536x1536":["https:\/\/www.cofb.org\/wp-content\/uploads\/2025\/07\/COFB.240925-03_IG_edited_horizontal-1536x863.jpg",1536,863,true],"2048x2048":["https:\/\/www.cofb.org\/wp-content\/uploads\/2025\/07\/COFB.240925-03_IG_edited_horizontal.jpg",2002,1125,false],"trp-custom-language-flag":["https:\/\/www.cofb.org\/wp-content\/uploads\/2025\/07\/COFB.240925-03_IG_edited_horizontal-18x10.jpg",18,10,true]},"uagb_author_info":{"display_name":"Xavier Magraner","author_link":"https:\/\/www.cofb.org\/es\/author\/xmagraner\/"},"uagb_comment_info":0,"uagb_excerpt":"El Consejo General de Colegios Oficiales de Farmac\u00e9uticos (CGCOF) ha publicat l\u2019informe \u201cEstad\u00edsticas de Colegiados y Farmacias Comunitarias\u201d, corresponent a l\u2019any 2024. De periodicitat anual, el document analitza amb profunditat la professi\u00f3 farmac\u00e8utica, ja que recull de forma anual les xifres m\u00e9s importants relacionades amb els farmac\u00e8utics i a les [&hellip;]","_links":{"self":[{"href":"https:\/\/www.cofb.org\/es\/wp-json\/wp\/v2\/posts\/82102","targetHints":{"allow":["GET"]}}],"collection":[{"href":"https:\/\/www.cofb.org\/es\/wp-json\/wp\/v2\/posts"}],"about":[{"href":"https:\/\/www.cofb.org\/es\/wp-json\/wp\/v2\/types\/post"}],"author":[{"embeddable":true,"href":"https:\/\/www.cofb.org\/es\/wp-json\/wp\/v2\/users\/10"}],"replies":[{"embeddable":true,"href":"https:\/\/www.cofb.org\/es\/wp-json\/wp\/v2\/comments?post=82102"}],"version-history":[{"count":19,"href":"https:\/\/www.cofb.org\/es\/wp-json\/wp\/v2\/posts\/82102\/revisions"}],"predecessor-version":[{"id":82140,"href":"https:\/\/www.cofb.org\/es\/wp-json\/wp\/v2\/posts\/82102\/revisions\/82140"}],"wp:featuredmedia":[{"embeddable":true,"href":"https:\/\/www.cofb.org\/es\/wp-json\/wp\/v2\/media\/82142"}],"wp:attachment":[{"href":"https:\/\/www.cofb.org\/es\/wp-json\/wp\/v2\/media?parent=82102"}],"wp:term":[{"taxonomy":"category","embeddable":true,"href":"https:\/\/www.cofb.org\/es\/wp-json\/wp\/v2\/categories?post=82102"},{"taxonomy":"post_tag","embeddable":true,"href":"https:\/\/www.cofb.org\/es\/wp-json\/wp\/v2\/tags?post=82102"}],"curies":[{"name":"wp","href":"https:\/\/api.w.org\/{rel}","templated":true}]}}