{"id":81898,"date":"2025-07-15T11:18:33","date_gmt":"2025-07-15T11:18:33","guid":{"rendered":"https:\/\/www.cofb.org\/?p=81898"},"modified":"2025-07-17T11:19:50","modified_gmt":"2025-07-17T11:19:50","slug":"lestres-i-lansietat-dels-animals-de-companyia-solucions-des-de-la-farmacia","status":"publish","type":"post","link":"https:\/\/www.cofb.org\/es\/2025\/07\/15\/lestres-i-lansietat-dels-animals-de-companyia-solucions-des-de-la-farmacia\/","title":{"rendered":"El estr\u00e9s y la ansiedad de los animales de compa\u00f1\u00eda: soluciones desde la farmacia"},"content":{"rendered":"<p>El pasado 11 de junio, en<strong> Col\u00b7legi de Farmac\u00e8utics de Barcelona (COFB)<\/strong> se celebr\u00f3 la conferencia \u201c<strong>Estr\u00e9s y ansiedad en animales de compa\u00f1\u00eda<\/strong>\u201d, con el patrocinio de <a href=\"https:\/\/www.heel.es\/\" target=\"_blank\" rel=\"noreferrer noopener\">Heel<\/a>. La sesi\u00f3n cont\u00f3 con la participaci\u00f3n de<strong>Alberto P\u00e9rez<\/strong>, gerente de Veterinaria de Laboratorios Heel, y de <strong>Joan Pujadas<\/strong>, titular de la farmacia Arimany, en Granollers. <strong>Josep Allu\u00e9<\/strong>, vocal de Plantas Medicinales y Homeopat\u00eda del COFB, moder\u00f3 la formaci\u00f3n.<\/p>\n\n\n\n<p>Los <strong>objetivos <\/strong>de la conferencia, dirigida a farmac\u00e9uticos y farmac\u00e9uticas comunitarias, fueron entender <strong>el impacto de la ansiedad y el estr\u00e9s en los animales<\/strong> de <strong>compa\u00f1\u00eda<\/strong>, reconocer los<strong> factores desencadenantes del estr\u00e9s <\/strong>y <strong>la ansiedad <\/strong>en las mascotas, dar a conocer las <strong>diferentes soluciones<\/strong> para<strong> cuadros de estr\u00e9s y ansiedad en perros y gatos<\/strong> y aportar los conocimientos para trabajar correctamente la categor\u00eda de productos veterinarios en la oficina de farmacia.<\/p>\n\n\n\n<figure class=\"wp-block-image size-large\"><a href=\"https:\/\/www.cofb.org\/wp-content\/uploads\/2025\/07\/COFB_ESTRES_ANIMALS_17072025_01-scaled.jpg\" target=\"_blank\" rel=\" noreferrer noopener\"><img fetchpriority=\"high\" decoding=\"async\" width=\"1024\" height=\"576\" src=\"https:\/\/www.cofb.org\/wp-content\/uploads\/2025\/07\/COFB_ESTRES_ANIMALS_17072025_01-1024x576.jpg\" alt=\"\" class=\"wp-image-81984\" srcset=\"https:\/\/www.cofb.org\/wp-content\/uploads\/2025\/07\/COFB_ESTRES_ANIMALS_17072025_01-1024x576.jpg 1024w, https:\/\/www.cofb.org\/wp-content\/uploads\/2025\/07\/COFB_ESTRES_ANIMALS_17072025_01-300x169.jpg 300w, https:\/\/www.cofb.org\/wp-content\/uploads\/2025\/07\/COFB_ESTRES_ANIMALS_17072025_01-768x432.jpg 768w, https:\/\/www.cofb.org\/wp-content\/uploads\/2025\/07\/COFB_ESTRES_ANIMALS_17072025_01-1536x864.jpg 1536w, https:\/\/www.cofb.org\/wp-content\/uploads\/2025\/07\/COFB_ESTRES_ANIMALS_17072025_01-2048x1152.jpg 2048w, https:\/\/www.cofb.org\/wp-content\/uploads\/2025\/07\/COFB_ESTRES_ANIMALS_17072025_01-18x10.jpg 18w\" sizes=\"(max-width: 1024px) 100vw, 1024px\" \/><\/a><figcaption class=\"wp-element-caption\">Josep Allu\u00e9 moder\u00f3 su conferencia en la sede del COFB.<\/figcaption><\/figure>\n\n\n\n<p>En la presentaci\u00f3n de la formaci\u00f3n, <strong>Josep Allu\u00e9<\/strong> explic\u00f3 \u201cc\u00f3mo las <strong>farmacias <\/strong>pueden <strong>afrontar las necesidades de las mascotas<\/strong>, unos nuevos pacientes que deben recibir los mismos criterios farmac\u00e9uticos que las personas, con el objetivo de buscar el producto m\u00e1s adecuado&quot;. A\u00f1adi\u00f3 que &quot;el <strong>mercado <\/strong>marca claro que cada vez <strong>hay m\u00e1s largos con perros y gatos<\/strong>, y por eso es especialmente importante que el farmac\u00e9utico conozca <strong>c\u00f3mo poder ayudar a los clientes que tengan mascotas<\/strong>. La categor\u00eda veterinaria apenas se ha explotado en la farmacia y tiene mucho potencial\u201d.<\/p>\n\n\n\n<h2 class=\"wp-block-heading\">Causas de estr\u00e9s en las mascotas<\/h2>\n\n\n\n<p>En la primera de las presentaciones,<strong> Alberto P\u00e9rez<\/strong> la arranc\u00f3 con las causas y situaciones que pueden generar estr\u00e9s en las mascotas, las cuales son muy <strong>diferentes <\/strong>de las que <strong>sufren las personas<\/strong>. Destac\u00f3 tres:<strong> ruido<\/strong>, <strong>separaci\u00f3n <\/strong>y <strong>cambio de h\u00e1bitos<\/strong>. En primer lugar, \u201ccualquiera <strong>ruido fuerte<\/strong>, como pueden ser los petardos o las tormentas, pueden <strong>generar <\/strong>uno <strong>estr\u00e9s <\/strong>enorme tanto en <strong>perros <\/strong>c\u00f3mo <strong>gatos<\/strong>. Estos ruidos les generan miedo y les despierta una <strong>respuesta inmediata de protecci\u00f3n<\/strong>\u201d, recordando que \u201cl<strong>agudeza auditiva<\/strong> de estos animales es muy diferente a la humana debido a su constituci\u00f3n\u201d.<\/p>\n\n\n\n<figure class=\"wp-block-image size-large\"><a href=\"https:\/\/www.cofb.org\/wp-content\/uploads\/2025\/07\/COFB_ESTRES_ANIMALS_17072025_02-scaled.jpg\" target=\"_blank\" rel=\" noreferrer noopener\"><img decoding=\"async\" width=\"1024\" height=\"576\" src=\"https:\/\/www.cofb.org\/wp-content\/uploads\/2025\/07\/COFB_ESTRES_ANIMALS_17072025_02-1024x576.jpg\" alt=\"\" class=\"wp-image-81986\" srcset=\"https:\/\/www.cofb.org\/wp-content\/uploads\/2025\/07\/COFB_ESTRES_ANIMALS_17072025_02-1024x576.jpg 1024w, https:\/\/www.cofb.org\/wp-content\/uploads\/2025\/07\/COFB_ESTRES_ANIMALS_17072025_02-300x169.jpg 300w, https:\/\/www.cofb.org\/wp-content\/uploads\/2025\/07\/COFB_ESTRES_ANIMALS_17072025_02-768x432.jpg 768w, https:\/\/www.cofb.org\/wp-content\/uploads\/2025\/07\/COFB_ESTRES_ANIMALS_17072025_02-1536x864.jpg 1536w, https:\/\/www.cofb.org\/wp-content\/uploads\/2025\/07\/COFB_ESTRES_ANIMALS_17072025_02-2048x1152.jpg 2048w, https:\/\/www.cofb.org\/wp-content\/uploads\/2025\/07\/COFB_ESTRES_ANIMALS_17072025_02-18x10.jpg 18w\" sizes=\"(max-width: 1024px) 100vw, 1024px\" \/><\/a><figcaption class=\"wp-element-caption\">Alberto P\u00e9rez, en un momento de su presentaci\u00f3n.<\/figcaption><\/figure>\n\n\n\n<p>En segundo lugar, <strong>la ansiedad por separaci\u00f3n<\/strong> es otro caso <strong>muy complejo de resolver<\/strong>, ya que si \u201cla persona se va un mes de viaje o se van a trabajar fuera, el animal le echa de menos\u201d. Por \u00faltimo, P\u00e9rez habl\u00f3 del<strong> cambio de h\u00e1bitos<\/strong>: \u201cLos<strong> gatos son muy met\u00f3dicos<\/strong> y cualquiera <strong>modificaci\u00f3n en la rutina <\/strong>puede afectarles. Llegan a sufrir alteraciones muy frecuentes\u201d.<\/p>\n\n\n\n<p>Para finalizar su presentaci\u00f3n, se refiri\u00f3 a los<strong> trastornos <strong>obsesivocompulsivos<\/strong><\/strong> de los animales: \u201cCuando un perro se come prendas o se persigue la cola es sin\u00f3nimo de que <strong>necesita quemar la energ\u00eda que tiene<\/strong>. Se puede recomendar el ejercicio f\u00edsico para evitar que los animales sufran estos trastornos\u201d.<\/p>\n\n\n\n<h2 class=\"wp-block-heading\">El mundo de la veterinaria en la farmacia <\/h2>\n\n\n\n<p>\u201cEl mundo de la <strong>veterinaria <\/strong>dentro de la oficina de <strong>farmacia <\/strong>es una nueva <strong>oportunidad <\/strong>que no se puede desperdiciar&quot;, afirm\u00f3 Joan Pujadas durante la segunda parte de la conferencia. En este contexto, indic\u00f3 que &quot;los <strong>perros <\/strong>y los <strong>gatos<\/strong>, con sus gustos<strong>, <\/strong>man\u00edas y necesidades, se han <strong>integrado <\/strong>dentro de las <strong>familias<\/strong>. <strong>Una de cada dos <\/strong>personas que entran en la farmacia tienen <strong>mascota <\/strong>a <strong>casa<\/strong>\u201d.<\/p>\n\n\n\n<p>Adem\u00e1s, se puso de manifiesto<strong> el cambio de alimentaci\u00f3n <\/strong>que han sufrido los animales en los \u00faltimos a\u00f1os: \u201cAntes se daban<strong> las sobres<\/strong>, pero ahora se ha avanzado dentro de la alimentaci\u00f3n animal&quot;. Frente a este escenario y ante las noticias falsas que hay en internet, &quot;muchos clientes piden consejo a las farmacias&quot;. El trabajo de los farmac\u00e9uticos\/cas es ofrecer<strong> esta informaci\u00f3n<\/strong> <strong>veraz <\/strong>y guiar a sus pacientes para que tengan <strong>criterio <\/strong>en este escenario\u201d.<\/p>\n\n\n\n<figure class=\"wp-block-image size-large\"><a href=\"https:\/\/www.cofb.org\/wp-content\/uploads\/2025\/07\/COFB_ESTRES_ANIMALS_17072025_00-scaled.jpg\" target=\"_blank\" rel=\" noreferrer noopener\"><img decoding=\"async\" width=\"1024\" height=\"576\" src=\"https:\/\/www.cofb.org\/wp-content\/uploads\/2025\/07\/COFB_ESTRES_ANIMALS_17072025_00-1024x576.jpg\" alt=\"\" class=\"wp-image-81983\" srcset=\"https:\/\/www.cofb.org\/wp-content\/uploads\/2025\/07\/COFB_ESTRES_ANIMALS_17072025_00-1024x576.jpg 1024w, https:\/\/www.cofb.org\/wp-content\/uploads\/2025\/07\/COFB_ESTRES_ANIMALS_17072025_00-300x169.jpg 300w, https:\/\/www.cofb.org\/wp-content\/uploads\/2025\/07\/COFB_ESTRES_ANIMALS_17072025_00-768x432.jpg 768w, https:\/\/www.cofb.org\/wp-content\/uploads\/2025\/07\/COFB_ESTRES_ANIMALS_17072025_00-1536x864.jpg 1536w, https:\/\/www.cofb.org\/wp-content\/uploads\/2025\/07\/COFB_ESTRES_ANIMALS_17072025_00-2048x1152.jpg 2048w, https:\/\/www.cofb.org\/wp-content\/uploads\/2025\/07\/COFB_ESTRES_ANIMALS_17072025_00-18x10.jpg 18w\" sizes=\"(max-width: 1024px) 100vw, 1024px\" \/><\/a><figcaption class=\"wp-element-caption\">Joan Pujadas explic\u00f3 el cambio de alimentaci\u00f3n que ha afectado a los animales en los \u00faltimos a\u00f1os.<\/figcaption><\/figure>\n\n\n\n<p>Por \u00faltimo, Pujades entr\u00f3 m\u00e1s en detalle en los <strong>diferentes tipos de pienso<\/strong> que comen los animales hoy en d\u00eda: \u201cLo m\u00e1s com\u00fan es el<strong> pienso completo,<\/strong> que permite mantener los <strong>niveles nutricionales adecuados<\/strong> por los animales. Tambi\u00e9n existe el<strong> pienso compuesto<\/strong> y otros que tienen<strong> objetivos espec\u00edficos<\/strong>, c\u00f3mo es el <strong>de adelgazar o engordar<\/strong>\u201d.<\/p>\n\n\n\n<p class=\"has-text-align-right\"><strong>Con el patrocinio de:<\/strong><\/p>\n\n\n\n<figure class=\"wp-block-image alignright size-large is-resized\"><a href=\"https:\/\/www.heel.es\/\" target=\"_blank\" rel=\" noreferrer noopener\"><img loading=\"lazy\" decoding=\"async\" width=\"1024\" height=\"301\" src=\"https:\/\/www.cofb.org\/wp-content\/uploads\/2025\/07\/HEEL_2025_transparent-1024x301.png\" alt=\"\" class=\"wp-image-81918\" style=\"width:204px;height:auto\" srcset=\"https:\/\/www.cofb.org\/wp-content\/uploads\/2025\/07\/HEEL_2025_transparent-1024x301.png 1024w, https:\/\/www.cofb.org\/wp-content\/uploads\/2025\/07\/HEEL_2025_transparent-300x88.png 300w, https:\/\/www.cofb.org\/wp-content\/uploads\/2025\/07\/HEEL_2025_transparent-768x226.png 768w, https:\/\/www.cofb.org\/wp-content\/uploads\/2025\/07\/HEEL_2025_transparent-1536x451.png 1536w, https:\/\/www.cofb.org\/wp-content\/uploads\/2025\/07\/HEEL_2025_transparent-2048x601.png 2048w, https:\/\/www.cofb.org\/wp-content\/uploads\/2025\/07\/HEEL_2025_transparent-18x5.png 18w\" sizes=\"(max-width: 1024px) 100vw, 1024px\" \/><\/a><\/figure>\n\n\n\n<p><\/p>","protected":false},"excerpt":{"rendered":"<p>El pasado 11 de junio, en el Colegio de Farmac\u00e9uticos de Barcelona (COFB) se celebr\u00f3 la conferencia &quot;Estr\u00e9s y ansiedad en animales de compa\u00f1\u00eda&quot;, con el patrocinio de Heel. La sesi\u00f3n cont\u00f3 con la participaci\u00f3n de Alberto P\u00e9rez, gerente de Veterinaria de Laboratorios Heel, y de Joan Pujadas, titular de [\u2026]<\/p>","protected":false},"author":10,"featured_media":81985,"comment_status":"closed","ping_status":"closed","sticky":false,"template":"","format":"standard","meta":{"_uag_custom_page_level_css":"","site-sidebar-layout":"default","site-content-layout":"","ast-site-content-layout":"default","site-content-style":"default","site-sidebar-style":"default","ast-global-header-display":"","ast-banner-title-visibility":"","ast-main-header-display":"","ast-hfb-above-header-display":"","ast-hfb-below-header-display":"","ast-hfb-mobile-header-display":"","site-post-title":"","ast-breadcrumbs-content":"","ast-featured-img":"disabled","footer-sml-layout":"","theme-transparent-header-meta":"","adv-header-id-meta":"","stick-header-meta":"","header-above-stick-meta":"","header-main-stick-meta":"","header-below-stick-meta":"","astra-migrate-meta-layouts":"set","ast-page-background-enabled":"default","ast-page-background-meta":{"desktop":{"background-color":"var(--ast-global-color-4)","background-image":"","background-repeat":"repeat","background-position":"center center","background-size":"auto","background-attachment":"scroll","background-type":"","background-media":"","overlay-type":"","overlay-color":"","overlay-opacity":"","overlay-gradient":""},"tablet":{"background-color":"","background-image":"","background-repeat":"repeat","background-position":"center center","background-size":"auto","background-attachment":"scroll","background-type":"","background-media":"","overlay-type":"","overlay-color":"","overlay-opacity":"","overlay-gradient":""},"mobile":{"background-color":"","background-image":"","background-repeat":"repeat","background-position":"center center","background-size":"auto","background-attachment":"scroll","background-type":"","background-media":"","overlay-type":"","overlay-color":"","overlay-opacity":"","overlay-gradient":""}},"ast-content-background-meta":{"desktop":{"background-color":"var(--ast-global-color-5)","background-image":"","background-repeat":"repeat","background-position":"center center","background-size":"auto","background-attachment":"scroll","background-type":"","background-media":"","overlay-type":"","overlay-color":"","overlay-opacity":"","overlay-gradient":""},"tablet":{"background-color":"var(--ast-global-color-5)","background-image":"","background-repeat":"repeat","background-position":"center center","background-size":"auto","background-attachment":"scroll","background-type":"","background-media":"","overlay-type":"","overlay-color":"","overlay-opacity":"","overlay-gradient":""},"mobile":{"background-color":"var(--ast-global-color-5)","background-image":"","background-repeat":"repeat","background-position":"center center","background-size":"auto","background-attachment":"scroll","background-type":"","background-media":"","overlay-type":"","overlay-color":"","overlay-opacity":"","overlay-gradient":""}},"footnotes":""},"categories":[23,57],"tags":[5315,468,689,18,19,53,70,5064,5068],"class_list":["post-81898","post","type-post","status-publish","format-standard","has-post-thumbnail","hentry","category-destacats","category-mon-collegial","tag-animals","tag-ansietat","tag-barcelona","tag-cofb","tag-collegi-de-farmaceutics-de-barcelona","tag-farmaceutics","tag-formacio","tag-medicaments-veterinaris","tag-veterinaria"],"yoast_head":"<!-- This site is optimized with the Yoast SEO plugin v22.4 - https:\/\/yoast.com\/wordpress\/plugins\/seo\/ -->\n<title>L&#039;estr\u00e8s i l&#039;ansietat dels animals de companyia: solucions des de la farm\u00e0cia - Col\u00b7legi de Farmac\u00e8utics de Barcelona<\/title>\n<meta name=\"description\" content=\"El passat 11 de juny, el COFB va realitzar la confer\u00e8ncia lligad a \u201cEstr\u00e8s i ansietat en animals de companyia\u201d\" \/>\n<meta name=\"robots\" content=\"index, follow, max-snippet:-1, max-image-preview:large, max-video-preview:-1\" \/>\n<link rel=\"canonical\" href=\"https:\/\/www.cofb.org\/es\/2025\/07\/15\/lestres-i-lansietat-dels-animals-de-companyia-solucions-des-de-la-farmacia\/\" \/>\n<meta property=\"og:locale\" content=\"es_ES\" \/>\n<meta property=\"og:type\" content=\"article\" \/>\n<meta property=\"og:title\" content=\"L&#039;estr\u00e8s i l&#039;ansietat dels animals de companyia: solucions des de la farm\u00e0cia - Col\u00b7legi de Farmac\u00e8utics de Barcelona\" \/>\n<meta property=\"og:description\" content=\"El passat 11 de juny, el COFB va realitzar la confer\u00e8ncia lligad a \u201cEstr\u00e8s i ansietat en animals de companyia\u201d\" \/>\n<meta property=\"og:url\" content=\"https:\/\/www.cofb.org\/es\/2025\/07\/15\/lestres-i-lansietat-dels-animals-de-companyia-solucions-des-de-la-farmacia\/\" \/>\n<meta property=\"og:site_name\" content=\"Col\u00b7legi de Farmac\u00e8utics de Barcelona\" \/>\n<meta property=\"article:publisher\" content=\"https:\/\/www.facebook.com\/farmaceuticsbcn\/\" \/>\n<meta property=\"article:published_time\" content=\"2025-07-15T11:18:33+00:00\" \/>\n<meta property=\"article:modified_time\" content=\"2025-07-17T11:19:50+00:00\" \/>\n<meta property=\"og:image\" content=\"https:\/\/www.cofb.org\/wp-content\/uploads\/2025\/07\/COFB_ESTRES_ANIMALS_17072025_00-1-scaled.jpg\" \/>\n\t<meta property=\"og:image:width\" content=\"2560\" \/>\n\t<meta property=\"og:image:height\" content=\"1440\" \/>\n\t<meta property=\"og:image:type\" content=\"image\/jpeg\" \/>\n<meta name=\"author\" content=\"Xavier Magraner\" \/>\n<meta name=\"twitter:card\" content=\"summary_large_image\" \/>\n<meta name=\"twitter:creator\" content=\"@farmaceuticsbcn\" \/>\n<meta name=\"twitter:site\" content=\"@farmaceuticsbcn\" \/>\n<meta name=\"twitter:label1\" content=\"Escrito por\" \/>\n\t<meta name=\"twitter:data1\" content=\"Xavier Magraner\" \/>\n\t<meta name=\"twitter:label2\" content=\"Tiempo de lectura\" \/>\n\t<meta name=\"twitter:data2\" content=\"5 minutos\" \/>\n<script type=\"application\/ld+json\" class=\"yoast-schema-graph\">{\"@context\":\"https:\/\/schema.org\",\"@graph\":[{\"@type\":\"Article\",\"@id\":\"https:\/\/www.cofb.org\/2025\/07\/15\/lestres-i-lansietat-dels-animals-de-companyia-solucions-des-de-la-farmacia\/#article\",\"isPartOf\":{\"@id\":\"https:\/\/www.cofb.org\/2025\/07\/15\/lestres-i-lansietat-dels-animals-de-companyia-solucions-des-de-la-farmacia\/\"},\"author\":{\"name\":\"Xavier Magraner\",\"@id\":\"https:\/\/www.cofb.org\/#\/schema\/person\/e46d741cfb92c985a083d163d8270ae4\"},\"headline\":\"L&#8217;estr\u00e8s i l&#8217;ansietat dels animals de companyia: solucions des de la farm\u00e0cia\",\"datePublished\":\"2025-07-15T11:18:33+00:00\",\"dateModified\":\"2025-07-17T11:19:50+00:00\",\"mainEntityOfPage\":{\"@id\":\"https:\/\/www.cofb.org\/2025\/07\/15\/lestres-i-lansietat-dels-animals-de-companyia-solucions-des-de-la-farmacia\/\"},\"wordCount\":782,\"publisher\":{\"@id\":\"https:\/\/www.cofb.org\/#organization\"},\"image\":{\"@id\":\"https:\/\/www.cofb.org\/2025\/07\/15\/lestres-i-lansietat-dels-animals-de-companyia-solucions-des-de-la-farmacia\/#primaryimage\"},\"thumbnailUrl\":\"https:\/\/www.cofb.org\/wp-content\/uploads\/2025\/07\/COFB_ESTRES_ANIMALS_17072025_00-1-scaled.jpg\",\"keywords\":[\"animals\",\"ansietat\",\"Barcelona\",\"COFB\",\"Col\u00b7legi de Farmac\u00e8utics de Barcelona\",\"farmac\u00e8utics\",\"Formaci\u00f3\",\"medicaments veterinaris\",\"veterin\u00e0ria\"],\"articleSection\":[\"Destacats\",\"M\u00f3n col\u00b7legial\"],\"inLanguage\":\"es\"},{\"@type\":\"WebPage\",\"@id\":\"https:\/\/www.cofb.org\/2025\/07\/15\/lestres-i-lansietat-dels-animals-de-companyia-solucions-des-de-la-farmacia\/\",\"url\":\"https:\/\/www.cofb.org\/2025\/07\/15\/lestres-i-lansietat-dels-animals-de-companyia-solucions-des-de-la-farmacia\/\",\"name\":\"L'estr\u00e8s i l'ansietat dels animals de companyia: solucions des de la farm\u00e0cia - Col\u00b7legi de Farmac\u00e8utics de Barcelona\",\"isPartOf\":{\"@id\":\"https:\/\/www.cofb.org\/#website\"},\"primaryImageOfPage\":{\"@id\":\"https:\/\/www.cofb.org\/2025\/07\/15\/lestres-i-lansietat-dels-animals-de-companyia-solucions-des-de-la-farmacia\/#primaryimage\"},\"image\":{\"@id\":\"https:\/\/www.cofb.org\/2025\/07\/15\/lestres-i-lansietat-dels-animals-de-companyia-solucions-des-de-la-farmacia\/#primaryimage\"},\"thumbnailUrl\":\"https:\/\/www.cofb.org\/wp-content\/uploads\/2025\/07\/COFB_ESTRES_ANIMALS_17072025_00-1-scaled.jpg\",\"datePublished\":\"2025-07-15T11:18:33+00:00\",\"dateModified\":\"2025-07-17T11:19:50+00:00\",\"description\":\"El passat 11 de juny, el COFB va realitzar la confer\u00e8ncia lligad a \u201cEstr\u00e8s i ansietat en animals de companyia\u201d\",\"breadcrumb\":{\"@id\":\"https:\/\/www.cofb.org\/2025\/07\/15\/lestres-i-lansietat-dels-animals-de-companyia-solucions-des-de-la-farmacia\/#breadcrumb\"},\"inLanguage\":\"es\",\"potentialAction\":[{\"@type\":\"ReadAction\",\"target\":[\"https:\/\/www.cofb.org\/2025\/07\/15\/lestres-i-lansietat-dels-animals-de-companyia-solucions-des-de-la-farmacia\/\"]}]},{\"@type\":\"ImageObject\",\"inLanguage\":\"es\",\"@id\":\"https:\/\/www.cofb.org\/2025\/07\/15\/lestres-i-lansietat-dels-animals-de-companyia-solucions-des-de-la-farmacia\/#primaryimage\",\"url\":\"https:\/\/www.cofb.org\/wp-content\/uploads\/2025\/07\/COFB_ESTRES_ANIMALS_17072025_00-1-scaled.jpg\",\"contentUrl\":\"https:\/\/www.cofb.org\/wp-content\/uploads\/2025\/07\/COFB_ESTRES_ANIMALS_17072025_00-1-scaled.jpg\",\"width\":2560,\"height\":1440},{\"@type\":\"BreadcrumbList\",\"@id\":\"https:\/\/www.cofb.org\/2025\/07\/15\/lestres-i-lansietat-dels-animals-de-companyia-solucions-des-de-la-farmacia\/#breadcrumb\",\"itemListElement\":[{\"@type\":\"ListItem\",\"position\":1,\"name\":\"Inici\",\"item\":\"https:\/\/novaorg.cofb.net\/\"},{\"@type\":\"ListItem\",\"position\":2,\"name\":\"L&#8217;estr\u00e8s i l&#8217;ansietat dels animals de companyia: solucions des de la farm\u00e0cia\"}]},{\"@type\":\"WebSite\",\"@id\":\"https:\/\/www.cofb.org\/#website\",\"url\":\"https:\/\/www.cofb.org\/\",\"name\":\"Col\u00b7legi de Farmac\u00e8utics de Barcelona\",\"description\":\"\",\"publisher\":{\"@id\":\"https:\/\/www.cofb.org\/#organization\"},\"potentialAction\":[{\"@type\":\"SearchAction\",\"target\":{\"@type\":\"EntryPoint\",\"urlTemplate\":\"https:\/\/www.cofb.org\/?s={search_term_string}\"},\"query-input\":\"required name=search_term_string\"}],\"inLanguage\":\"es\"},{\"@type\":\"Organization\",\"@id\":\"https:\/\/www.cofb.org\/#organization\",\"name\":\"Col\u00b7legi de Farmac\u00e8utics de Barcelona\",\"url\":\"https:\/\/www.cofb.org\/\",\"logo\":{\"@type\":\"ImageObject\",\"inLanguage\":\"es\",\"@id\":\"https:\/\/www.cofb.org\/#\/schema\/logo\/image\/\",\"url\":\"https:\/\/www.cofb.org\/wp-content\/uploads\/2023\/11\/cropped-Logotip-COFB.png\",\"contentUrl\":\"https:\/\/www.cofb.org\/wp-content\/uploads\/2023\/11\/cropped-Logotip-COFB.png\",\"width\":500,\"height\":105,\"caption\":\"Col\u00b7legi de Farmac\u00e8utics de Barcelona\"},\"image\":{\"@id\":\"https:\/\/www.cofb.org\/#\/schema\/logo\/image\/\"},\"sameAs\":[\"https:\/\/www.facebook.com\/farmaceuticsbcn\/\",\"https:\/\/twitter.com\/farmaceuticsbcn\",\"https:\/\/www.instagram.com\/farmaceuticsbcn\/\",\"https:\/\/www.linkedin.com\/company\/farmaceuticsbcn\/\"]},{\"@type\":\"Person\",\"@id\":\"https:\/\/www.cofb.org\/#\/schema\/person\/e46d741cfb92c985a083d163d8270ae4\",\"name\":\"Xavier Magraner\",\"image\":{\"@type\":\"ImageObject\",\"inLanguage\":\"es\",\"@id\":\"https:\/\/www.cofb.org\/#\/schema\/person\/image\/\",\"url\":\"https:\/\/secure.gravatar.com\/avatar\/aa0d1d4df59f71f88eebd5796c5388ff41c58d83c5301eb6e1d65646a289c37d?s=96&d=mm&r=g\",\"contentUrl\":\"https:\/\/secure.gravatar.com\/avatar\/aa0d1d4df59f71f88eebd5796c5388ff41c58d83c5301eb6e1d65646a289c37d?s=96&d=mm&r=g\",\"caption\":\"Xavier Magraner\"},\"url\":\"https:\/\/www.cofb.org\/es\/author\/xmagraner\/\"}]}<\/script>\n<!-- \/ Yoast SEO plugin. -->","yoast_head_json":{"title":"L'estr\u00e8s i l'ansietat dels animals de companyia: solucions des de la farm\u00e0cia - Col\u00b7legi de Farmac\u00e8utics de Barcelona","description":"El passat 11 de juny, el COFB va realitzar la confer\u00e8ncia lligad a \u201cEstr\u00e8s i ansietat en animals de companyia\u201d","robots":{"index":"index","follow":"follow","max-snippet":"max-snippet:-1","max-image-preview":"max-image-preview:large","max-video-preview":"max-video-preview:-1"},"canonical":"https:\/\/www.cofb.org\/es\/2025\/07\/15\/lestres-i-lansietat-dels-animals-de-companyia-solucions-des-de-la-farmacia\/","og_locale":"es_ES","og_type":"article","og_title":"L'estr\u00e8s i l'ansietat dels animals de companyia: solucions des de la farm\u00e0cia - Col\u00b7legi de Farmac\u00e8utics de Barcelona","og_description":"El passat 11 de juny, el COFB va realitzar la confer\u00e8ncia lligad a \u201cEstr\u00e8s i ansietat en animals de companyia\u201d","og_url":"https:\/\/www.cofb.org\/es\/2025\/07\/15\/lestres-i-lansietat-dels-animals-de-companyia-solucions-des-de-la-farmacia\/","og_site_name":"Col\u00b7legi de Farmac\u00e8utics de Barcelona","article_publisher":"https:\/\/www.facebook.com\/farmaceuticsbcn\/","article_published_time":"2025-07-15T11:18:33+00:00","article_modified_time":"2025-07-17T11:19:50+00:00","og_image":[{"width":2560,"height":1440,"url":"https:\/\/www.cofb.org\/wp-content\/uploads\/2025\/07\/COFB_ESTRES_ANIMALS_17072025_00-1-scaled.jpg","type":"image\/jpeg"}],"author":"Xavier Magraner","twitter_card":"summary_large_image","twitter_creator":"@farmaceuticsbcn","twitter_site":"@farmaceuticsbcn","twitter_misc":{"Escrito por":"Xavier Magraner","Tiempo de lectura":"5 minutos"},"schema":{"@context":"https:\/\/schema.org","@graph":[{"@type":"Article","@id":"https:\/\/www.cofb.org\/2025\/07\/15\/lestres-i-lansietat-dels-animals-de-companyia-solucions-des-de-la-farmacia\/#article","isPartOf":{"@id":"https:\/\/www.cofb.org\/2025\/07\/15\/lestres-i-lansietat-dels-animals-de-companyia-solucions-des-de-la-farmacia\/"},"author":{"name":"Xavier Magraner","@id":"https:\/\/www.cofb.org\/#\/schema\/person\/e46d741cfb92c985a083d163d8270ae4"},"headline":"L&#8217;estr\u00e8s i l&#8217;ansietat dels animals de companyia: solucions des de la farm\u00e0cia","datePublished":"2025-07-15T11:18:33+00:00","dateModified":"2025-07-17T11:19:50+00:00","mainEntityOfPage":{"@id":"https:\/\/www.cofb.org\/2025\/07\/15\/lestres-i-lansietat-dels-animals-de-companyia-solucions-des-de-la-farmacia\/"},"wordCount":782,"publisher":{"@id":"https:\/\/www.cofb.org\/#organization"},"image":{"@id":"https:\/\/www.cofb.org\/2025\/07\/15\/lestres-i-lansietat-dels-animals-de-companyia-solucions-des-de-la-farmacia\/#primaryimage"},"thumbnailUrl":"https:\/\/www.cofb.org\/wp-content\/uploads\/2025\/07\/COFB_ESTRES_ANIMALS_17072025_00-1-scaled.jpg","keywords":["animals","ansietat","Barcelona","COFB","Col\u00b7legi de Farmac\u00e8utics de Barcelona","farmac\u00e8utics","Formaci\u00f3","medicaments veterinaris","veterin\u00e0ria"],"articleSection":["Destacats","M\u00f3n col\u00b7legial"],"inLanguage":"es"},{"@type":"WebPage","@id":"https:\/\/www.cofb.org\/2025\/07\/15\/lestres-i-lansietat-dels-animals-de-companyia-solucions-des-de-la-farmacia\/","url":"https:\/\/www.cofb.org\/2025\/07\/15\/lestres-i-lansietat-dels-animals-de-companyia-solucions-des-de-la-farmacia\/","name":"L'estr\u00e8s i l'ansietat dels animals de companyia: solucions des de la farm\u00e0cia - Col\u00b7legi de Farmac\u00e8utics de Barcelona","isPartOf":{"@id":"https:\/\/www.cofb.org\/#website"},"primaryImageOfPage":{"@id":"https:\/\/www.cofb.org\/2025\/07\/15\/lestres-i-lansietat-dels-animals-de-companyia-solucions-des-de-la-farmacia\/#primaryimage"},"image":{"@id":"https:\/\/www.cofb.org\/2025\/07\/15\/lestres-i-lansietat-dels-animals-de-companyia-solucions-des-de-la-farmacia\/#primaryimage"},"thumbnailUrl":"https:\/\/www.cofb.org\/wp-content\/uploads\/2025\/07\/COFB_ESTRES_ANIMALS_17072025_00-1-scaled.jpg","datePublished":"2025-07-15T11:18:33+00:00","dateModified":"2025-07-17T11:19:50+00:00","description":"El passat 11 de juny, el COFB va realitzar la confer\u00e8ncia lligad a \u201cEstr\u00e8s i ansietat en animals de companyia\u201d","breadcrumb":{"@id":"https:\/\/www.cofb.org\/2025\/07\/15\/lestres-i-lansietat-dels-animals-de-companyia-solucions-des-de-la-farmacia\/#breadcrumb"},"inLanguage":"es","potentialAction":[{"@type":"ReadAction","target":["https:\/\/www.cofb.org\/2025\/07\/15\/lestres-i-lansietat-dels-animals-de-companyia-solucions-des-de-la-farmacia\/"]}]},{"@type":"ImageObject","inLanguage":"es","@id":"https:\/\/www.cofb.org\/2025\/07\/15\/lestres-i-lansietat-dels-animals-de-companyia-solucions-des-de-la-farmacia\/#primaryimage","url":"https:\/\/www.cofb.org\/wp-content\/uploads\/2025\/07\/COFB_ESTRES_ANIMALS_17072025_00-1-scaled.jpg","contentUrl":"https:\/\/www.cofb.org\/wp-content\/uploads\/2025\/07\/COFB_ESTRES_ANIMALS_17072025_00-1-scaled.jpg","width":2560,"height":1440},{"@type":"BreadcrumbList","@id":"https:\/\/www.cofb.org\/2025\/07\/15\/lestres-i-lansietat-dels-animals-de-companyia-solucions-des-de-la-farmacia\/#breadcrumb","itemListElement":[{"@type":"ListItem","position":1,"name":"Inici","item":"https:\/\/novaorg.cofb.net\/"},{"@type":"ListItem","position":2,"name":"L&#8217;estr\u00e8s i l&#8217;ansietat dels animals de companyia: solucions des de la farm\u00e0cia"}]},{"@type":"WebSite","@id":"https:\/\/www.cofb.org\/#website","url":"https:\/\/www.cofb.org\/","name":"Col\u00b7legi de Farmac\u00e8utics de Barcelona","description":"","publisher":{"@id":"https:\/\/www.cofb.org\/#organization"},"potentialAction":[{"@type":"SearchAction","target":{"@type":"EntryPoint","urlTemplate":"https:\/\/www.cofb.org\/?s={search_term_string}"},"query-input":"required name=search_term_string"}],"inLanguage":"es"},{"@type":"Organization","@id":"https:\/\/www.cofb.org\/#organization","name":"Col\u00b7legi de Farmac\u00e8utics de Barcelona","url":"https:\/\/www.cofb.org\/","logo":{"@type":"ImageObject","inLanguage":"es","@id":"https:\/\/www.cofb.org\/#\/schema\/logo\/image\/","url":"https:\/\/www.cofb.org\/wp-content\/uploads\/2023\/11\/cropped-Logotip-COFB.png","contentUrl":"https:\/\/www.cofb.org\/wp-content\/uploads\/2023\/11\/cropped-Logotip-COFB.png","width":500,"height":105,"caption":"Col\u00b7legi de Farmac\u00e8utics de Barcelona"},"image":{"@id":"https:\/\/www.cofb.org\/#\/schema\/logo\/image\/"},"sameAs":["https:\/\/www.facebook.com\/farmaceuticsbcn\/","https:\/\/twitter.com\/farmaceuticsbcn","https:\/\/www.instagram.com\/farmaceuticsbcn\/","https:\/\/www.linkedin.com\/company\/farmaceuticsbcn\/"]},{"@type":"Person","@id":"https:\/\/www.cofb.org\/#\/schema\/person\/e46d741cfb92c985a083d163d8270ae4","name":"Xavier Magraner","image":{"@type":"ImageObject","inLanguage":"es","@id":"https:\/\/www.cofb.org\/#\/schema\/person\/image\/","url":"https:\/\/secure.gravatar.com\/avatar\/aa0d1d4df59f71f88eebd5796c5388ff41c58d83c5301eb6e1d65646a289c37d?s=96&d=mm&r=g","contentUrl":"https:\/\/secure.gravatar.com\/avatar\/aa0d1d4df59f71f88eebd5796c5388ff41c58d83c5301eb6e1d65646a289c37d?s=96&d=mm&r=g","caption":"Xavier Magraner"},"url":"https:\/\/www.cofb.org\/es\/author\/xmagraner\/"}]}},"uagb_featured_image_src":{"full":["https:\/\/www.cofb.org\/wp-content\/uploads\/2025\/07\/COFB_ESTRES_ANIMALS_17072025_00-1-scaled.jpg",2560,1440,false],"thumbnail":["https:\/\/www.cofb.org\/wp-content\/uploads\/2025\/07\/COFB_ESTRES_ANIMALS_17072025_00-1-150x150.jpg",150,150,true],"medium":["https:\/\/www.cofb.org\/wp-content\/uploads\/2025\/07\/COFB_ESTRES_ANIMALS_17072025_00-1-300x169.jpg",300,169,true],"medium_large":["https:\/\/www.cofb.org\/wp-content\/uploads\/2025\/07\/COFB_ESTRES_ANIMALS_17072025_00-1-768x432.jpg",768,432,true],"large":["https:\/\/www.cofb.org\/wp-content\/uploads\/2025\/07\/COFB_ESTRES_ANIMALS_17072025_00-1-1024x576.jpg",1024,576,true],"1536x1536":["https:\/\/www.cofb.org\/wp-content\/uploads\/2025\/07\/COFB_ESTRES_ANIMALS_17072025_00-1-1536x864.jpg",1536,864,true],"2048x2048":["https:\/\/www.cofb.org\/wp-content\/uploads\/2025\/07\/COFB_ESTRES_ANIMALS_17072025_00-1-2048x1152.jpg",2048,1152,true],"trp-custom-language-flag":["https:\/\/www.cofb.org\/wp-content\/uploads\/2025\/07\/COFB_ESTRES_ANIMALS_17072025_00-1-18x10.jpg",18,10,true]},"uagb_author_info":{"display_name":"Xavier Magraner","author_link":"https:\/\/www.cofb.org\/es\/author\/xmagraner\/"},"uagb_comment_info":0,"uagb_excerpt":"El passat 11 de juny, al Col\u00b7legi de Farmac\u00e8utics de Barcelona (COFB) es va celebrar la confer\u00e8ncia \u201cEstr\u00e8s i ansietat en animals de companyia\u201d, amb el patrocini de Heel. La sessi\u00f3 va comptar amb la participaci\u00f3 d&#8217;Alberto P\u00e9rez, gerent de Veterin\u00e0ria de Laboratoris Heel, i de Joan Pujadas, titular de [&hellip;]","_links":{"self":[{"href":"https:\/\/www.cofb.org\/es\/wp-json\/wp\/v2\/posts\/81898","targetHints":{"allow":["GET"]}}],"collection":[{"href":"https:\/\/www.cofb.org\/es\/wp-json\/wp\/v2\/posts"}],"about":[{"href":"https:\/\/www.cofb.org\/es\/wp-json\/wp\/v2\/types\/post"}],"author":[{"embeddable":true,"href":"https:\/\/www.cofb.org\/es\/wp-json\/wp\/v2\/users\/10"}],"replies":[{"embeddable":true,"href":"https:\/\/www.cofb.org\/es\/wp-json\/wp\/v2\/comments?post=81898"}],"version-history":[{"count":33,"href":"https:\/\/www.cofb.org\/es\/wp-json\/wp\/v2\/posts\/81898\/revisions"}],"predecessor-version":[{"id":82005,"href":"https:\/\/www.cofb.org\/es\/wp-json\/wp\/v2\/posts\/81898\/revisions\/82005"}],"wp:featuredmedia":[{"embeddable":true,"href":"https:\/\/www.cofb.org\/es\/wp-json\/wp\/v2\/media\/81985"}],"wp:attachment":[{"href":"https:\/\/www.cofb.org\/es\/wp-json\/wp\/v2\/media?parent=81898"}],"wp:term":[{"taxonomy":"category","embeddable":true,"href":"https:\/\/www.cofb.org\/es\/wp-json\/wp\/v2\/categories?post=81898"},{"taxonomy":"post_tag","embeddable":true,"href":"https:\/\/www.cofb.org\/es\/wp-json\/wp\/v2\/tags?post=81898"}],"curies":[{"name":"wp","href":"https:\/\/api.w.org\/{rel}","templated":true}]}}