{"id":81885,"date":"2025-07-09T15:57:46","date_gmt":"2025-07-09T15:57:46","guid":{"rendered":"https:\/\/www.cofb.org\/?p=81885"},"modified":"2025-10-23T10:18:04","modified_gmt":"2025-10-23T10:18:04","slug":"el-cofb-clausura-la-18a-edicio-del-programa-gestio-farmacia-pgf-i-obre-inscripcions-per-a-la-seguent-en-format-hibrid","status":"publish","type":"post","link":"https:\/\/www.cofb.org\/es\/2025\/07\/09\/el-cofb-clausura-la-18a-edicio-del-programa-gestio-farmacia-pgf-i-obre-inscripcions-per-a-la-seguent-en-format-hibrid\/","title":{"rendered":"El COFB clausura la 18\u00aa edici\u00f3n del Programa Gesti\u00f3n Farmacia (PGF) y abre inscripciones para la siguiente, en formato h\u00edbrido"},"content":{"rendered":"<ul class=\"wp-block-list\">\n<li>En el acto han estado presentes Jordi Casas, presidente del COFB; Oscar Llans\u00f3, responsable de la Comisi\u00f3n de Formaci\u00f3n y vocal de Alimentaci\u00f3n y Nutrici\u00f3n del COFB; Cristina Rodr\u00edguez, directora t\u00e9cnica del COFB; y Juan Carlos Serra, director del PGF<\/li>\n\n\n\n<li>El pr\u00f3ximo octubre se llevar\u00e1 a cabo la 19\u00aa edici\u00f3n del Programa de Gesti\u00f3n de Farmacia 2025-2026 y las inscripciones ya est\u00e1n abiertas en www.programagestiofarmacia.cat<\/li>\n\n\n\n<li>El nuevo programa continuar\u00e1 contando con tres m\u00f3dulos, poniendo el foco en finanzas y fiscalidad, gesti\u00f3n de personas y marketing, y se podr\u00e1n cursar en modalidad h\u00edbrida<\/li>\n<\/ul>\n\n\n\n<figure class=\"wp-block-image size-large\"><img fetchpriority=\"high\" decoding=\"async\" width=\"1024\" height=\"576\" src=\"https:\/\/www.cofb.org\/wp-content\/uploads\/2025\/07\/De-izquierda-a-derecha-Oscar-Llanso-Jordi-Casas-Cristina-Rodriguez-y-Juan-Carlos-Serra-1024x576.jpg\" alt=\"\u00d3scar Llans\u00f3, Jordi Casas, Cristina Rodr\u00edguez i Juan Carlos Serra, presents a l'acte del Programa de Gesti\u00f3 Farm\u00e0cia\" class=\"wp-image-81886\" srcset=\"https:\/\/www.cofb.org\/wp-content\/uploads\/2025\/07\/De-izquierda-a-derecha-Oscar-Llanso-Jordi-Casas-Cristina-Rodriguez-y-Juan-Carlos-Serra-1024x576.jpg 1024w, https:\/\/www.cofb.org\/wp-content\/uploads\/2025\/07\/De-izquierda-a-derecha-Oscar-Llanso-Jordi-Casas-Cristina-Rodriguez-y-Juan-Carlos-Serra-300x169.jpg 300w, https:\/\/www.cofb.org\/wp-content\/uploads\/2025\/07\/De-izquierda-a-derecha-Oscar-Llanso-Jordi-Casas-Cristina-Rodriguez-y-Juan-Carlos-Serra-768x432.jpg 768w, https:\/\/www.cofb.org\/wp-content\/uploads\/2025\/07\/De-izquierda-a-derecha-Oscar-Llanso-Jordi-Casas-Cristina-Rodriguez-y-Juan-Carlos-Serra-1536x864.jpg 1536w, https:\/\/www.cofb.org\/wp-content\/uploads\/2025\/07\/De-izquierda-a-derecha-Oscar-Llanso-Jordi-Casas-Cristina-Rodriguez-y-Juan-Carlos-Serra-2048x1152.jpg 2048w, https:\/\/www.cofb.org\/wp-content\/uploads\/2025\/07\/De-izquierda-a-derecha-Oscar-Llanso-Jordi-Casas-Cristina-Rodriguez-y-Juan-Carlos-Serra-18x10.jpg 18w\" sizes=\"(max-width: 1024px) 100vw, 1024px\" \/><figcaption class=\"wp-element-caption\">\u00d3scar Llans\u00f3, Jordi Casas, Cristina Rodr\u00edguez y Juan Carlos Serra, presentes en el acto del Programa de Gesti\u00f3n Farmacia<\/figcaption><\/figure>\n\n\n\n<p><em>Barcelona, 9 de julio de 2025<\/em>.- <strong>El Programa Gesti\u00f3n Farmacia (PGF)&nbsp;<\/strong>del<strong> Col\u00b7legi\u00a0de\u00a0Farmac\u00e8utics\u00a0de Barcelona (COFB)<\/strong>&nbsp;ha clausurado la <strong>su 18\u00aa edici\u00f3n<\/strong>, demostrando que es una <strong>formaci\u00f3n consolidada y esencial <\/strong>entre los farmac\u00e9uticos comunitarios que quieren adquirir las<strong> competencias para la gesti\u00f3n de una farmacia<\/strong>.<\/p>\n\n\n\n<h2 class=\"wp-block-heading\">La importancia de la gesti\u00f3n de la farmacia y la modalidad h\u00edbrida, aspectos m\u00e1s destacados<\/h2>\n\n\n\n<p><br>Durante el acto, el presidente de COFB, <strong>Jordi Casas<\/strong>, se\u00f1al\u00f3 que, aunque los <strong>profesionales salen muy bien formados de la carrera<\/strong>, \u201ces necesario ampliar conocimientos en el \u00e1rea de la gesti\u00f3n para optimizar diferentes aspectos del d\u00eda a d\u00eda de las farmacias\u201d. En esta misma l\u00ednea, Casas record\u00f3 que, en m\u00faltiples ocasiones, \u201c<strong>el farmac\u00e9utico comunitario <\/strong>tiene el <strong>riesgo de encerrarse en sus cuatro paredes<\/strong> y pensarse que \u00e9ste es el \u00fanico universo que existe. Nada m\u00e1s lejos de la realidad, puesto que <strong>existen 3.200 mundos farmac\u00e9uticos en Catalu\u00f1a <\/strong>formados por todas y cada una de las<strong> farmacias existentes<\/strong>, y es por eso que es imprescindible saber c\u00f3mo adaptar la gesti\u00f3n a cada una de las realidades\u201d.<\/p>\n\n\n\n<p>En la clausura tambi\u00e9n estuvieron presentes <strong>Oscar Llans\u00f3<\/strong>, responsable de la Comisi\u00f3n de Formaci\u00f3n y vocal de Alimentaci\u00f3n y Nutrici\u00f3n del COFB; <strong>Cristina Rodr\u00edguez<\/strong>, directora t\u00e9cnica del COFB; y<strong> Juan Carlos Serra<\/strong>, Director del PGF.<\/p>\n\n\n\n<p><strong>La modalidad h\u00edbrida<\/strong> con la que se estren\u00f3 la <strong>18a edici\u00f3n fue resaltada por la directora t\u00e9cnica del COFB<\/strong>: &quot;Este formato no ha impedido que todos los participantes mantuvieran el contacto&quot;. Y tambi\u00e9n puso en valor la importancia de la actualizaci\u00f3n constante. &quot;Con el PGF se han sentado unas bases, y todav\u00eda hay muchas novedades que pueden afectar a la profesi\u00f3n, inmersa en un constante cambio y con nuevos escenarios futuros&quot;.<\/p>\n\n\n\n<p>Por su parte, <strong>Juan Carlos Serra<\/strong>, director del PGF, mostr\u00f3 su satisfacci\u00f3n despu\u00e9s de finalizar el curso, recordando que \u201cir a la <strong>b\u00fasqueda de nuevos retos<\/strong> permite mejorar la<strong> gesti\u00f3n de la farmacia<\/strong> por parte de los profesionales\u201d.<\/p>\n\n\n\n<p>Llans\u00f3<strong>&nbsp;felicit\u00f3 a los inscritos en el Programa<\/strong> por los conocimientos adquiridos, recordando que la gesti\u00f3n \u201c<strong>resultar\u00e1 clave entre los colegiados<\/strong> para poder <strong>desarrollar correctamente su trabajo <\/strong>en el futuro. No s\u00f3lo se adquieren habilidades, sino que tambi\u00e9n afectar\u00e1 a la visi\u00f3n de todas y cada una de las farmacias\u201d.<\/p>\n\n\n\n<h2 class=\"wp-block-heading\">Abiertas las inscripciones del Programa Gesti\u00f3n Farmacia (PGF) 2025-2026<\/h2>\n\n\n\n<p>La pr\u00f3xima edici\u00f3n del <strong>Programa Gesti\u00f3n Farmacia se inicia el 14 de octubre<\/strong> y las inscripciones ya est\u00e1n <strong>abiertas <\/strong>en la web programagestiofarmacia.cat. El programa cuenta con m\u00e1s de 40 expertos y ofrece una visi\u00f3n integral de la <strong>pr\u00e1ctica de la gesti\u00f3n<\/strong>, con <strong>herramientas para liderar equipos<\/strong>, <strong>optimizar las finanzas<\/strong> y desarrollar estrategias de marketing efectivas.<\/p>\n\n\n\n<p>Adem\u00e1s, el Programa se complementa con<strong> talleres de habilidades directivas<\/strong>,<strong> seminarios profesionales <\/strong>de las diferentes \u00e1reas tem\u00e1ticas y<strong> conferencias sobre casos de \u00e9xito <\/strong>dentro de la misma farmacia.<\/p>\n\n\n\n<p>Actualmente ya se han realizado un total de <strong>18 ediciones del Programa de Gesti\u00f3n de Farmacia<\/strong>, a\u00f1adiendo con el paso del tiempo novedades y cambios dentro de la metodolog\u00eda y poniendo en valor toda una<strong> dilatada trayectoria dentro de la gesti\u00f3n <\/strong>en <strong>farmacias<\/strong>. Tal y como ya se realiz\u00f3 en la anterior edici\u00f3n, la modalidad h\u00edbrida volver\u00e1 a ser protagonista en el futuro programa.<\/p>\n\n\n\n<p>Las sesiones est\u00e1n dinamizadas con <strong>el uso de medios inform\u00e1ticos y audiovisuales<\/strong>. \u00c9stos permiten visualizar y comprender los contenidos e interaccionar con el profesorado, tanto presencialmente en el aula como en seminario <em>webinar <\/em>a tiempo real.<\/p>","protected":false},"excerpt":{"rendered":"<p>Barcelona, 9 de julio de 2025.- El Programa Gesti\u00f3n Farmacia (PGF) del Colegio de Farmac\u00e9uticos de Barcelona (COFB) ha clausurado su 18 edici\u00f3n, demostrando que es una formaci\u00f3n consolidada y esencial entre los farmac\u00e9uticos comunitarios que quieren adquirir las competencias para la gesti\u00f3n de una farmacia. La importancia de la gesti\u00f3n de la farmacia [\u2026]<\/p>","protected":false},"author":10,"featured_media":81886,"comment_status":"closed","ping_status":"closed","sticky":false,"template":"","format":"aside","meta":{"_uag_custom_page_level_css":"","site-sidebar-layout":"default","site-content-layout":"","ast-site-content-layout":"default","site-content-style":"default","site-sidebar-style":"default","ast-global-header-display":"","ast-banner-title-visibility":"","ast-main-header-display":"","ast-hfb-above-header-display":"","ast-hfb-below-header-display":"","ast-hfb-mobile-header-display":"","site-post-title":"","ast-breadcrumbs-content":"","ast-featured-img":"disabled","footer-sml-layout":"","theme-transparent-header-meta":"","adv-header-id-meta":"","stick-header-meta":"","header-above-stick-meta":"","header-main-stick-meta":"","header-below-stick-meta":"","astra-migrate-meta-layouts":"set","ast-page-background-enabled":"default","ast-page-background-meta":{"desktop":{"background-color":"var(--ast-global-color-4)","background-image":"","background-repeat":"repeat","background-position":"center center","background-size":"auto","background-attachment":"scroll","background-type":"","background-media":"","overlay-type":"","overlay-color":"","overlay-opacity":"","overlay-gradient":""},"tablet":{"background-color":"","background-image":"","background-repeat":"repeat","background-position":"center center","background-size":"auto","background-attachment":"scroll","background-type":"","background-media":"","overlay-type":"","overlay-color":"","overlay-opacity":"","overlay-gradient":""},"mobile":{"background-color":"","background-image":"","background-repeat":"repeat","background-position":"center center","background-size":"auto","background-attachment":"scroll","background-type":"","background-media":"","overlay-type":"","overlay-color":"","overlay-opacity":"","overlay-gradient":""}},"ast-content-background-meta":{"desktop":{"background-color":"var(--ast-global-color-5)","background-image":"","background-repeat":"repeat","background-position":"center center","background-size":"auto","background-attachment":"scroll","background-type":"","background-media":"","overlay-type":"","overlay-color":"","overlay-opacity":"","overlay-gradient":""},"tablet":{"background-color":"var(--ast-global-color-5)","background-image":"","background-repeat":"repeat","background-position":"center center","background-size":"auto","background-attachment":"scroll","background-type":"","background-media":"","overlay-type":"","overlay-color":"","overlay-opacity":"","overlay-gradient":""},"mobile":{"background-color":"var(--ast-global-color-5)","background-image":"","background-repeat":"repeat","background-position":"center center","background-size":"auto","background-attachment":"scroll","background-type":"","background-media":"","overlay-type":"","overlay-color":"","overlay-opacity":"","overlay-gradient":""}},"footnotes":""},"categories":[23,1060],"tags":[5143,5089,18,19,4586,5091],"class_list":["post-81885","post","type-post","status-publish","format-aside","has-post-thumbnail","hentry","category-destacats","category-notes-premsa","tag-18a-edicio-del-programa-gestio-de-farmacia-pgf-2024-2025","tag-18a-edicio-pgf","tag-cofb","tag-collegi-de-farmaceutics-de-barcelona","tag-formacio-hibrida","tag-programa-gestio-farmacia","post_format-post-format-aside"],"yoast_head":"<!-- This site is optimized with the Yoast SEO plugin v22.4 - https:\/\/yoast.com\/wordpress\/plugins\/seo\/ -->\n<title>El\u00a0COFB\u00a0clausura la 18a edici\u00f3 del Programa Gesti\u00f3 Farm\u00e0cia (PGF)\u00a0i obre inscripcions per a la seg\u00fcent, en format h\u00edbrid - Col\u00b7legi de Farmac\u00e8utics de Barcelona<\/title>\n<meta name=\"description\" content=\"El\u00a0COFB\u00a0clausura la 18a edici\u00f3 del Programa Gesti\u00f3 Farm\u00e0cia (PGF)\u00a0i obre inscripcions per a la seg\u00fcent, en format h\u00edbrid\" \/>\n<meta name=\"robots\" content=\"index, follow, max-snippet:-1, max-image-preview:large, max-video-preview:-1\" \/>\n<link rel=\"canonical\" href=\"https:\/\/www.cofb.org\/es\/2025\/07\/09\/el-cofb-clausura-la-18a-edicio-del-programa-gestio-farmacia-pgf-i-obre-inscripcions-per-a-la-seguent-en-format-hibrid\/\" \/>\n<meta property=\"og:locale\" content=\"es_ES\" \/>\n<meta property=\"og:type\" content=\"article\" \/>\n<meta property=\"og:title\" content=\"El\u00a0COFB\u00a0clausura la 18a edici\u00f3 del Programa Gesti\u00f3 Farm\u00e0cia (PGF)\u00a0i obre inscripcions per a la seg\u00fcent, en format h\u00edbrid - Col\u00b7legi de Farmac\u00e8utics de Barcelona\" \/>\n<meta property=\"og:description\" content=\"El\u00a0COFB\u00a0clausura la 18a edici\u00f3 del Programa Gesti\u00f3 Farm\u00e0cia (PGF)\u00a0i obre inscripcions per a la seg\u00fcent, en format h\u00edbrid\" \/>\n<meta property=\"og:url\" content=\"https:\/\/www.cofb.org\/es\/2025\/07\/09\/el-cofb-clausura-la-18a-edicio-del-programa-gestio-farmacia-pgf-i-obre-inscripcions-per-a-la-seguent-en-format-hibrid\/\" \/>\n<meta property=\"og:site_name\" content=\"Col\u00b7legi de Farmac\u00e8utics de Barcelona\" \/>\n<meta property=\"article:publisher\" content=\"https:\/\/www.facebook.com\/farmaceuticsbcn\/\" \/>\n<meta property=\"article:published_time\" content=\"2025-07-09T15:57:46+00:00\" \/>\n<meta property=\"article:modified_time\" content=\"2025-10-23T10:18:04+00:00\" \/>\n<meta property=\"og:image\" content=\"https:\/\/www.cofb.org\/wp-content\/uploads\/2025\/07\/De-izquierda-a-derecha-Oscar-Llanso-Jordi-Casas-Cristina-Rodriguez-y-Juan-Carlos-Serra-scaled.jpg\" \/>\n\t<meta property=\"og:image:width\" content=\"2560\" \/>\n\t<meta property=\"og:image:height\" content=\"1440\" \/>\n\t<meta property=\"og:image:type\" content=\"image\/jpeg\" \/>\n<meta name=\"author\" content=\"Xavier Magraner\" \/>\n<meta name=\"twitter:card\" content=\"summary_large_image\" \/>\n<meta name=\"twitter:creator\" content=\"@farmaceuticsbcn\" \/>\n<meta name=\"twitter:site\" content=\"@farmaceuticsbcn\" \/>\n<meta name=\"twitter:label1\" content=\"Escrito por\" \/>\n\t<meta name=\"twitter:data1\" content=\"Xavier Magraner\" \/>\n\t<meta name=\"twitter:label2\" content=\"Tiempo de lectura\" \/>\n\t<meta name=\"twitter:data2\" content=\"1 minuto\" \/>\n<script type=\"application\/ld+json\" class=\"yoast-schema-graph\">{\"@context\":\"https:\/\/schema.org\",\"@graph\":[{\"@type\":\"Article\",\"@id\":\"https:\/\/www.cofb.org\/2025\/07\/09\/el-cofb-clausura-la-18a-edicio-del-programa-gestio-farmacia-pgf-i-obre-inscripcions-per-a-la-seguent-en-format-hibrid\/#article\",\"isPartOf\":{\"@id\":\"https:\/\/www.cofb.org\/2025\/07\/09\/el-cofb-clausura-la-18a-edicio-del-programa-gestio-farmacia-pgf-i-obre-inscripcions-per-a-la-seguent-en-format-hibrid\/\"},\"author\":{\"name\":\"Xavier Magraner\",\"@id\":\"https:\/\/www.cofb.org\/#\/schema\/person\/e46d741cfb92c985a083d163d8270ae4\"},\"headline\":\"El\u00a0COFB\u00a0clausura la 18a edici\u00f3 del Programa Gesti\u00f3 Farm\u00e0cia (PGF)\u00a0i obre inscripcions per a la seg\u00fcent, en format h\u00edbrid\",\"datePublished\":\"2025-07-09T15:57:46+00:00\",\"dateModified\":\"2025-10-23T10:18:04+00:00\",\"mainEntityOfPage\":{\"@id\":\"https:\/\/www.cofb.org\/2025\/07\/09\/el-cofb-clausura-la-18a-edicio-del-programa-gestio-farmacia-pgf-i-obre-inscripcions-per-a-la-seguent-en-format-hibrid\/\"},\"wordCount\":779,\"publisher\":{\"@id\":\"https:\/\/www.cofb.org\/#organization\"},\"image\":{\"@id\":\"https:\/\/www.cofb.org\/2025\/07\/09\/el-cofb-clausura-la-18a-edicio-del-programa-gestio-farmacia-pgf-i-obre-inscripcions-per-a-la-seguent-en-format-hibrid\/#primaryimage\"},\"thumbnailUrl\":\"https:\/\/www.cofb.org\/wp-content\/uploads\/2025\/07\/De-izquierda-a-derecha-Oscar-Llanso-Jordi-Casas-Cristina-Rodriguez-y-Juan-Carlos-Serra-scaled.jpg\",\"keywords\":[\"18a edici\u00f3 del Programa Gesti\u00f3 de Farm\u00e0cia (PGF) 2024-2025\",\"18a edici\u00f3 PGF\",\"COFB\",\"Col\u00b7legi de Farmac\u00e8utics de Barcelona\",\"formaci\u00f3 h\u00edbrida\",\"Programa Gesti\u00f3 Farm\u00e0cia\"],\"articleSection\":[\"Destacats\",\"Notes de premsa\"],\"inLanguage\":\"es\"},{\"@type\":\"WebPage\",\"@id\":\"https:\/\/www.cofb.org\/2025\/07\/09\/el-cofb-clausura-la-18a-edicio-del-programa-gestio-farmacia-pgf-i-obre-inscripcions-per-a-la-seguent-en-format-hibrid\/\",\"url\":\"https:\/\/www.cofb.org\/2025\/07\/09\/el-cofb-clausura-la-18a-edicio-del-programa-gestio-farmacia-pgf-i-obre-inscripcions-per-a-la-seguent-en-format-hibrid\/\",\"name\":\"El\u00a0COFB\u00a0clausura la 18a edici\u00f3 del Programa Gesti\u00f3 Farm\u00e0cia (PGF)\u00a0i obre inscripcions per a la seg\u00fcent, en format h\u00edbrid - Col\u00b7legi de Farmac\u00e8utics de Barcelona\",\"isPartOf\":{\"@id\":\"https:\/\/www.cofb.org\/#website\"},\"primaryImageOfPage\":{\"@id\":\"https:\/\/www.cofb.org\/2025\/07\/09\/el-cofb-clausura-la-18a-edicio-del-programa-gestio-farmacia-pgf-i-obre-inscripcions-per-a-la-seguent-en-format-hibrid\/#primaryimage\"},\"image\":{\"@id\":\"https:\/\/www.cofb.org\/2025\/07\/09\/el-cofb-clausura-la-18a-edicio-del-programa-gestio-farmacia-pgf-i-obre-inscripcions-per-a-la-seguent-en-format-hibrid\/#primaryimage\"},\"thumbnailUrl\":\"https:\/\/www.cofb.org\/wp-content\/uploads\/2025\/07\/De-izquierda-a-derecha-Oscar-Llanso-Jordi-Casas-Cristina-Rodriguez-y-Juan-Carlos-Serra-scaled.jpg\",\"datePublished\":\"2025-07-09T15:57:46+00:00\",\"dateModified\":\"2025-10-23T10:18:04+00:00\",\"description\":\"El\u00a0COFB\u00a0clausura la 18a edici\u00f3 del Programa Gesti\u00f3 Farm\u00e0cia (PGF)\u00a0i obre inscripcions per a la seg\u00fcent, en format h\u00edbrid\",\"breadcrumb\":{\"@id\":\"https:\/\/www.cofb.org\/2025\/07\/09\/el-cofb-clausura-la-18a-edicio-del-programa-gestio-farmacia-pgf-i-obre-inscripcions-per-a-la-seguent-en-format-hibrid\/#breadcrumb\"},\"inLanguage\":\"es\",\"potentialAction\":[{\"@type\":\"ReadAction\",\"target\":[\"https:\/\/www.cofb.org\/2025\/07\/09\/el-cofb-clausura-la-18a-edicio-del-programa-gestio-farmacia-pgf-i-obre-inscripcions-per-a-la-seguent-en-format-hibrid\/\"]}]},{\"@type\":\"ImageObject\",\"inLanguage\":\"es\",\"@id\":\"https:\/\/www.cofb.org\/2025\/07\/09\/el-cofb-clausura-la-18a-edicio-del-programa-gestio-farmacia-pgf-i-obre-inscripcions-per-a-la-seguent-en-format-hibrid\/#primaryimage\",\"url\":\"https:\/\/www.cofb.org\/wp-content\/uploads\/2025\/07\/De-izquierda-a-derecha-Oscar-Llanso-Jordi-Casas-Cristina-Rodriguez-y-Juan-Carlos-Serra-scaled.jpg\",\"contentUrl\":\"https:\/\/www.cofb.org\/wp-content\/uploads\/2025\/07\/De-izquierda-a-derecha-Oscar-Llanso-Jordi-Casas-Cristina-Rodriguez-y-Juan-Carlos-Serra-scaled.jpg\",\"width\":2560,\"height\":1440},{\"@type\":\"BreadcrumbList\",\"@id\":\"https:\/\/www.cofb.org\/2025\/07\/09\/el-cofb-clausura-la-18a-edicio-del-programa-gestio-farmacia-pgf-i-obre-inscripcions-per-a-la-seguent-en-format-hibrid\/#breadcrumb\",\"itemListElement\":[{\"@type\":\"ListItem\",\"position\":1,\"name\":\"Inici\",\"item\":\"https:\/\/novaorg.cofb.net\/\"},{\"@type\":\"ListItem\",\"position\":2,\"name\":\"El\u00a0COFB\u00a0clausura la 18a edici\u00f3 del Programa Gesti\u00f3 Farm\u00e0cia (PGF)\u00a0i obre inscripcions per a la seg\u00fcent, en format h\u00edbrid\"}]},{\"@type\":\"WebSite\",\"@id\":\"https:\/\/www.cofb.org\/#website\",\"url\":\"https:\/\/www.cofb.org\/\",\"name\":\"Col\u00b7legi de Farmac\u00e8utics de Barcelona\",\"description\":\"\",\"publisher\":{\"@id\":\"https:\/\/www.cofb.org\/#organization\"},\"potentialAction\":[{\"@type\":\"SearchAction\",\"target\":{\"@type\":\"EntryPoint\",\"urlTemplate\":\"https:\/\/www.cofb.org\/?s={search_term_string}\"},\"query-input\":\"required name=search_term_string\"}],\"inLanguage\":\"es\"},{\"@type\":\"Organization\",\"@id\":\"https:\/\/www.cofb.org\/#organization\",\"name\":\"Col\u00b7legi de Farmac\u00e8utics de Barcelona\",\"url\":\"https:\/\/www.cofb.org\/\",\"logo\":{\"@type\":\"ImageObject\",\"inLanguage\":\"es\",\"@id\":\"https:\/\/www.cofb.org\/#\/schema\/logo\/image\/\",\"url\":\"https:\/\/www.cofb.org\/wp-content\/uploads\/2023\/11\/cropped-Logotip-COFB.png\",\"contentUrl\":\"https:\/\/www.cofb.org\/wp-content\/uploads\/2023\/11\/cropped-Logotip-COFB.png\",\"width\":500,\"height\":105,\"caption\":\"Col\u00b7legi de Farmac\u00e8utics de Barcelona\"},\"image\":{\"@id\":\"https:\/\/www.cofb.org\/#\/schema\/logo\/image\/\"},\"sameAs\":[\"https:\/\/www.facebook.com\/farmaceuticsbcn\/\",\"https:\/\/twitter.com\/farmaceuticsbcn\",\"https:\/\/www.instagram.com\/farmaceuticsbcn\/\",\"https:\/\/www.linkedin.com\/company\/farmaceuticsbcn\/\"]},{\"@type\":\"Person\",\"@id\":\"https:\/\/www.cofb.org\/#\/schema\/person\/e46d741cfb92c985a083d163d8270ae4\",\"name\":\"Xavier Magraner\",\"image\":{\"@type\":\"ImageObject\",\"inLanguage\":\"es\",\"@id\":\"https:\/\/www.cofb.org\/#\/schema\/person\/image\/\",\"url\":\"https:\/\/secure.gravatar.com\/avatar\/aa0d1d4df59f71f88eebd5796c5388ff41c58d83c5301eb6e1d65646a289c37d?s=96&d=mm&r=g\",\"contentUrl\":\"https:\/\/secure.gravatar.com\/avatar\/aa0d1d4df59f71f88eebd5796c5388ff41c58d83c5301eb6e1d65646a289c37d?s=96&d=mm&r=g\",\"caption\":\"Xavier Magraner\"},\"url\":\"https:\/\/www.cofb.org\/es\/author\/xmagraner\/\"}]}<\/script>\n<!-- \/ Yoast SEO plugin. -->","yoast_head_json":{"title":"El\u00a0COFB\u00a0clausura la 18a edici\u00f3 del Programa Gesti\u00f3 Farm\u00e0cia (PGF)\u00a0i obre inscripcions per a la seg\u00fcent, en format h\u00edbrid - Col\u00b7legi de Farmac\u00e8utics de Barcelona","description":"El\u00a0COFB\u00a0clausura la 18a edici\u00f3 del Programa Gesti\u00f3 Farm\u00e0cia (PGF)\u00a0i obre inscripcions per a la seg\u00fcent, en format h\u00edbrid","robots":{"index":"index","follow":"follow","max-snippet":"max-snippet:-1","max-image-preview":"max-image-preview:large","max-video-preview":"max-video-preview:-1"},"canonical":"https:\/\/www.cofb.org\/es\/2025\/07\/09\/el-cofb-clausura-la-18a-edicio-del-programa-gestio-farmacia-pgf-i-obre-inscripcions-per-a-la-seguent-en-format-hibrid\/","og_locale":"es_ES","og_type":"article","og_title":"El\u00a0COFB\u00a0clausura la 18a edici\u00f3 del Programa Gesti\u00f3 Farm\u00e0cia (PGF)\u00a0i obre inscripcions per a la seg\u00fcent, en format h\u00edbrid - Col\u00b7legi de Farmac\u00e8utics de Barcelona","og_description":"El\u00a0COFB\u00a0clausura la 18a edici\u00f3 del Programa Gesti\u00f3 Farm\u00e0cia (PGF)\u00a0i obre inscripcions per a la seg\u00fcent, en format h\u00edbrid","og_url":"https:\/\/www.cofb.org\/es\/2025\/07\/09\/el-cofb-clausura-la-18a-edicio-del-programa-gestio-farmacia-pgf-i-obre-inscripcions-per-a-la-seguent-en-format-hibrid\/","og_site_name":"Col\u00b7legi de Farmac\u00e8utics de Barcelona","article_publisher":"https:\/\/www.facebook.com\/farmaceuticsbcn\/","article_published_time":"2025-07-09T15:57:46+00:00","article_modified_time":"2025-10-23T10:18:04+00:00","og_image":[{"width":2560,"height":1440,"url":"https:\/\/www.cofb.org\/wp-content\/uploads\/2025\/07\/De-izquierda-a-derecha-Oscar-Llanso-Jordi-Casas-Cristina-Rodriguez-y-Juan-Carlos-Serra-scaled.jpg","type":"image\/jpeg"}],"author":"Xavier Magraner","twitter_card":"summary_large_image","twitter_creator":"@farmaceuticsbcn","twitter_site":"@farmaceuticsbcn","twitter_misc":{"Escrito por":"Xavier Magraner","Tiempo de lectura":"1 minuto"},"schema":{"@context":"https:\/\/schema.org","@graph":[{"@type":"Article","@id":"https:\/\/www.cofb.org\/2025\/07\/09\/el-cofb-clausura-la-18a-edicio-del-programa-gestio-farmacia-pgf-i-obre-inscripcions-per-a-la-seguent-en-format-hibrid\/#article","isPartOf":{"@id":"https:\/\/www.cofb.org\/2025\/07\/09\/el-cofb-clausura-la-18a-edicio-del-programa-gestio-farmacia-pgf-i-obre-inscripcions-per-a-la-seguent-en-format-hibrid\/"},"author":{"name":"Xavier Magraner","@id":"https:\/\/www.cofb.org\/#\/schema\/person\/e46d741cfb92c985a083d163d8270ae4"},"headline":"El\u00a0COFB\u00a0clausura la 18a edici\u00f3 del Programa Gesti\u00f3 Farm\u00e0cia (PGF)\u00a0i obre inscripcions per a la seg\u00fcent, en format h\u00edbrid","datePublished":"2025-07-09T15:57:46+00:00","dateModified":"2025-10-23T10:18:04+00:00","mainEntityOfPage":{"@id":"https:\/\/www.cofb.org\/2025\/07\/09\/el-cofb-clausura-la-18a-edicio-del-programa-gestio-farmacia-pgf-i-obre-inscripcions-per-a-la-seguent-en-format-hibrid\/"},"wordCount":779,"publisher":{"@id":"https:\/\/www.cofb.org\/#organization"},"image":{"@id":"https:\/\/www.cofb.org\/2025\/07\/09\/el-cofb-clausura-la-18a-edicio-del-programa-gestio-farmacia-pgf-i-obre-inscripcions-per-a-la-seguent-en-format-hibrid\/#primaryimage"},"thumbnailUrl":"https:\/\/www.cofb.org\/wp-content\/uploads\/2025\/07\/De-izquierda-a-derecha-Oscar-Llanso-Jordi-Casas-Cristina-Rodriguez-y-Juan-Carlos-Serra-scaled.jpg","keywords":["18a edici\u00f3 del Programa Gesti\u00f3 de Farm\u00e0cia (PGF) 2024-2025","18a edici\u00f3 PGF","COFB","Col\u00b7legi de Farmac\u00e8utics de Barcelona","formaci\u00f3 h\u00edbrida","Programa Gesti\u00f3 Farm\u00e0cia"],"articleSection":["Destacats","Notes de premsa"],"inLanguage":"es"},{"@type":"WebPage","@id":"https:\/\/www.cofb.org\/2025\/07\/09\/el-cofb-clausura-la-18a-edicio-del-programa-gestio-farmacia-pgf-i-obre-inscripcions-per-a-la-seguent-en-format-hibrid\/","url":"https:\/\/www.cofb.org\/2025\/07\/09\/el-cofb-clausura-la-18a-edicio-del-programa-gestio-farmacia-pgf-i-obre-inscripcions-per-a-la-seguent-en-format-hibrid\/","name":"El\u00a0COFB\u00a0clausura la 18a edici\u00f3 del Programa Gesti\u00f3 Farm\u00e0cia (PGF)\u00a0i obre inscripcions per a la seg\u00fcent, en format h\u00edbrid - Col\u00b7legi de Farmac\u00e8utics de Barcelona","isPartOf":{"@id":"https:\/\/www.cofb.org\/#website"},"primaryImageOfPage":{"@id":"https:\/\/www.cofb.org\/2025\/07\/09\/el-cofb-clausura-la-18a-edicio-del-programa-gestio-farmacia-pgf-i-obre-inscripcions-per-a-la-seguent-en-format-hibrid\/#primaryimage"},"image":{"@id":"https:\/\/www.cofb.org\/2025\/07\/09\/el-cofb-clausura-la-18a-edicio-del-programa-gestio-farmacia-pgf-i-obre-inscripcions-per-a-la-seguent-en-format-hibrid\/#primaryimage"},"thumbnailUrl":"https:\/\/www.cofb.org\/wp-content\/uploads\/2025\/07\/De-izquierda-a-derecha-Oscar-Llanso-Jordi-Casas-Cristina-Rodriguez-y-Juan-Carlos-Serra-scaled.jpg","datePublished":"2025-07-09T15:57:46+00:00","dateModified":"2025-10-23T10:18:04+00:00","description":"El\u00a0COFB\u00a0clausura la 18a edici\u00f3 del Programa Gesti\u00f3 Farm\u00e0cia (PGF)\u00a0i obre inscripcions per a la seg\u00fcent, en format h\u00edbrid","breadcrumb":{"@id":"https:\/\/www.cofb.org\/2025\/07\/09\/el-cofb-clausura-la-18a-edicio-del-programa-gestio-farmacia-pgf-i-obre-inscripcions-per-a-la-seguent-en-format-hibrid\/#breadcrumb"},"inLanguage":"es","potentialAction":[{"@type":"ReadAction","target":["https:\/\/www.cofb.org\/2025\/07\/09\/el-cofb-clausura-la-18a-edicio-del-programa-gestio-farmacia-pgf-i-obre-inscripcions-per-a-la-seguent-en-format-hibrid\/"]}]},{"@type":"ImageObject","inLanguage":"es","@id":"https:\/\/www.cofb.org\/2025\/07\/09\/el-cofb-clausura-la-18a-edicio-del-programa-gestio-farmacia-pgf-i-obre-inscripcions-per-a-la-seguent-en-format-hibrid\/#primaryimage","url":"https:\/\/www.cofb.org\/wp-content\/uploads\/2025\/07\/De-izquierda-a-derecha-Oscar-Llanso-Jordi-Casas-Cristina-Rodriguez-y-Juan-Carlos-Serra-scaled.jpg","contentUrl":"https:\/\/www.cofb.org\/wp-content\/uploads\/2025\/07\/De-izquierda-a-derecha-Oscar-Llanso-Jordi-Casas-Cristina-Rodriguez-y-Juan-Carlos-Serra-scaled.jpg","width":2560,"height":1440},{"@type":"BreadcrumbList","@id":"https:\/\/www.cofb.org\/2025\/07\/09\/el-cofb-clausura-la-18a-edicio-del-programa-gestio-farmacia-pgf-i-obre-inscripcions-per-a-la-seguent-en-format-hibrid\/#breadcrumb","itemListElement":[{"@type":"ListItem","position":1,"name":"Inici","item":"https:\/\/novaorg.cofb.net\/"},{"@type":"ListItem","position":2,"name":"El\u00a0COFB\u00a0clausura la 18a edici\u00f3 del Programa Gesti\u00f3 Farm\u00e0cia (PGF)\u00a0i obre inscripcions per a la seg\u00fcent, en format h\u00edbrid"}]},{"@type":"WebSite","@id":"https:\/\/www.cofb.org\/#website","url":"https:\/\/www.cofb.org\/","name":"Col\u00b7legi de Farmac\u00e8utics de Barcelona","description":"","publisher":{"@id":"https:\/\/www.cofb.org\/#organization"},"potentialAction":[{"@type":"SearchAction","target":{"@type":"EntryPoint","urlTemplate":"https:\/\/www.cofb.org\/?s={search_term_string}"},"query-input":"required name=search_term_string"}],"inLanguage":"es"},{"@type":"Organization","@id":"https:\/\/www.cofb.org\/#organization","name":"Col\u00b7legi de Farmac\u00e8utics de Barcelona","url":"https:\/\/www.cofb.org\/","logo":{"@type":"ImageObject","inLanguage":"es","@id":"https:\/\/www.cofb.org\/#\/schema\/logo\/image\/","url":"https:\/\/www.cofb.org\/wp-content\/uploads\/2023\/11\/cropped-Logotip-COFB.png","contentUrl":"https:\/\/www.cofb.org\/wp-content\/uploads\/2023\/11\/cropped-Logotip-COFB.png","width":500,"height":105,"caption":"Col\u00b7legi de Farmac\u00e8utics de Barcelona"},"image":{"@id":"https:\/\/www.cofb.org\/#\/schema\/logo\/image\/"},"sameAs":["https:\/\/www.facebook.com\/farmaceuticsbcn\/","https:\/\/twitter.com\/farmaceuticsbcn","https:\/\/www.instagram.com\/farmaceuticsbcn\/","https:\/\/www.linkedin.com\/company\/farmaceuticsbcn\/"]},{"@type":"Person","@id":"https:\/\/www.cofb.org\/#\/schema\/person\/e46d741cfb92c985a083d163d8270ae4","name":"Xavier Magraner","image":{"@type":"ImageObject","inLanguage":"es","@id":"https:\/\/www.cofb.org\/#\/schema\/person\/image\/","url":"https:\/\/secure.gravatar.com\/avatar\/aa0d1d4df59f71f88eebd5796c5388ff41c58d83c5301eb6e1d65646a289c37d?s=96&d=mm&r=g","contentUrl":"https:\/\/secure.gravatar.com\/avatar\/aa0d1d4df59f71f88eebd5796c5388ff41c58d83c5301eb6e1d65646a289c37d?s=96&d=mm&r=g","caption":"Xavier Magraner"},"url":"https:\/\/www.cofb.org\/es\/author\/xmagraner\/"}]}},"uagb_featured_image_src":{"full":["https:\/\/www.cofb.org\/wp-content\/uploads\/2025\/07\/De-izquierda-a-derecha-Oscar-Llanso-Jordi-Casas-Cristina-Rodriguez-y-Juan-Carlos-Serra-scaled.jpg",2560,1440,false],"thumbnail":["https:\/\/www.cofb.org\/wp-content\/uploads\/2025\/07\/De-izquierda-a-derecha-Oscar-Llanso-Jordi-Casas-Cristina-Rodriguez-y-Juan-Carlos-Serra-150x150.jpg",150,150,true],"medium":["https:\/\/www.cofb.org\/wp-content\/uploads\/2025\/07\/De-izquierda-a-derecha-Oscar-Llanso-Jordi-Casas-Cristina-Rodriguez-y-Juan-Carlos-Serra-300x169.jpg",300,169,true],"medium_large":["https:\/\/www.cofb.org\/wp-content\/uploads\/2025\/07\/De-izquierda-a-derecha-Oscar-Llanso-Jordi-Casas-Cristina-Rodriguez-y-Juan-Carlos-Serra-768x432.jpg",768,432,true],"large":["https:\/\/www.cofb.org\/wp-content\/uploads\/2025\/07\/De-izquierda-a-derecha-Oscar-Llanso-Jordi-Casas-Cristina-Rodriguez-y-Juan-Carlos-Serra-1024x576.jpg",1024,576,true],"1536x1536":["https:\/\/www.cofb.org\/wp-content\/uploads\/2025\/07\/De-izquierda-a-derecha-Oscar-Llanso-Jordi-Casas-Cristina-Rodriguez-y-Juan-Carlos-Serra-1536x864.jpg",1536,864,true],"2048x2048":["https:\/\/www.cofb.org\/wp-content\/uploads\/2025\/07\/De-izquierda-a-derecha-Oscar-Llanso-Jordi-Casas-Cristina-Rodriguez-y-Juan-Carlos-Serra-2048x1152.jpg",2048,1152,true],"trp-custom-language-flag":["https:\/\/www.cofb.org\/wp-content\/uploads\/2025\/07\/De-izquierda-a-derecha-Oscar-Llanso-Jordi-Casas-Cristina-Rodriguez-y-Juan-Carlos-Serra-18x10.jpg",18,10,true]},"uagb_author_info":{"display_name":"Xavier Magraner","author_link":"https:\/\/www.cofb.org\/es\/author\/xmagraner\/"},"uagb_comment_info":0,"uagb_excerpt":"Barcelona, 9 de juliol de 2025.- El Programa Gesti\u00f3 Farm\u00e0cia (PGF)&nbsp;del Col\u00b7legi&nbsp;de&nbsp;Farmac\u00e8utics&nbsp;de Barcelona (COFB)&nbsp;ha clausurat la seva 18a edici\u00f3, demostrant que \u00e9s una formaci\u00f3 consolidada i essencial entre els farmac\u00e8utics comunitaris que volen adquirir les compet\u00e8ncies per a la gesti\u00f3 d&#8217;una farm\u00e0cia. La import\u00e0ncia de la gesti\u00f3 de la farm\u00e0cia [&hellip;]","_links":{"self":[{"href":"https:\/\/www.cofb.org\/es\/wp-json\/wp\/v2\/posts\/81885","targetHints":{"allow":["GET"]}}],"collection":[{"href":"https:\/\/www.cofb.org\/es\/wp-json\/wp\/v2\/posts"}],"about":[{"href":"https:\/\/www.cofb.org\/es\/wp-json\/wp\/v2\/types\/post"}],"author":[{"embeddable":true,"href":"https:\/\/www.cofb.org\/es\/wp-json\/wp\/v2\/users\/10"}],"replies":[{"embeddable":true,"href":"https:\/\/www.cofb.org\/es\/wp-json\/wp\/v2\/comments?post=81885"}],"version-history":[{"count":6,"href":"https:\/\/www.cofb.org\/es\/wp-json\/wp\/v2\/posts\/81885\/revisions"}],"predecessor-version":[{"id":82567,"href":"https:\/\/www.cofb.org\/es\/wp-json\/wp\/v2\/posts\/81885\/revisions\/82567"}],"wp:featuredmedia":[{"embeddable":true,"href":"https:\/\/www.cofb.org\/es\/wp-json\/wp\/v2\/media\/81886"}],"wp:attachment":[{"href":"https:\/\/www.cofb.org\/es\/wp-json\/wp\/v2\/media?parent=81885"}],"wp:term":[{"taxonomy":"category","embeddable":true,"href":"https:\/\/www.cofb.org\/es\/wp-json\/wp\/v2\/categories?post=81885"},{"taxonomy":"post_tag","embeddable":true,"href":"https:\/\/www.cofb.org\/es\/wp-json\/wp\/v2\/tags?post=81885"}],"curies":[{"name":"wp","href":"https:\/\/api.w.org\/{rel}","templated":true}]}}