{"id":81869,"date":"2025-07-10T15:26:24","date_gmt":"2025-07-10T15:26:24","guid":{"rendered":"https:\/\/www.cofb.org\/?p=81869"},"modified":"2025-07-17T09:26:18","modified_gmt":"2025-07-17T09:26:18","slug":"actualitzacio-al-cofb-sobre-labordatge-de-les-infeccions-del-tracte-urinari-a-loficina-de-farmacia","status":"publish","type":"post","link":"https:\/\/www.cofb.org\/es\/2025\/07\/10\/actualitzacio-al-cofb-sobre-labordatge-de-les-infeccions-del-tracte-urinari-a-loficina-de-farmacia\/","title":{"rendered":"Actualizaci\u00f3n en el COFB sobre el abordaje de las infecciones del trato urinario en la oficina de farmacia"},"content":{"rendered":"<p>El <strong>Col\u00b7legi de Farmac\u00e8utics de Barcelona (COFB) <\/strong>celebr\u00f3 el 29 de mayo la conferencia \u201c<strong>Actualizaci\u00f3n en el abordaje de las infecciones del trato urinario en la oficina de farmacia<\/strong>\u201d, con el patrocinio de <a href=\"https:\/\/www.bionorica.es\/\" target=\"_blank\" rel=\"noreferrer noopener\">Bionorica<\/a>. La sesi\u00f3n fue impartida por <strong>Rodrigo Orozco<\/strong>, jefe del servicio de Obstetricia y ginecolog\u00eda en <strong>el Hospital Quir\u00f3n Salud M\u00e1laga<\/strong>. El vocal de Plantas Medicinales y Homeopat\u00eda del COFB, <strong>Josep Allu\u00e9<\/strong>, present\u00f3 la formaci\u00f3n, dirigida a farmac\u00e9uticos y farmac\u00e9uticas colegiados\/as.<\/p>\n\n\n\n<p>Los objetivos de la conferencia fueron <strong>comprender la epidemiolog\u00eda de las infecciones de trato urinario (ITU)<\/strong>,<strong> identificar el perfil del paciente<\/strong> con ITU no complicada, <strong>diferenciar entre tratamientos de prescripci\u00f3n<\/strong>, <strong>medicamentos de venta libre <\/strong>y complementos alimenticios, <strong>conocer alternativas fito terap\u00e9uticas<\/strong> con evidencia cient\u00edfica, revisar las estrategias de prevenci\u00f3n y las<strong> medidas higi\u00e9nico-diet\u00e9ticas <\/strong>a recomendar y fomentar la<strong> colaboraci\u00f3n interdisciplinaria<\/strong> para mejorar la atenci\u00f3n al paciente.<\/p>\n\n\n\n<figure class=\"wp-block-image size-large\"><a href=\"https:\/\/www.cofb.org\/wp-content\/uploads\/2025\/07\/COFB_TRACTE_URINARI_14072025_01-scaled.jpg\" target=\"_blank\" rel=\" noreferrer noopener\"><img fetchpriority=\"high\" decoding=\"async\" width=\"1024\" height=\"576\" src=\"https:\/\/www.cofb.org\/wp-content\/uploads\/2025\/07\/COFB_TRACTE_URINARI_14072025_01-1024x576.jpg\" alt=\"Josep Allu\u00e9 va moderar la confer\u00e8ncia a la seu del COFB.\" class=\"wp-image-81930\" srcset=\"https:\/\/www.cofb.org\/wp-content\/uploads\/2025\/07\/COFB_TRACTE_URINARI_14072025_01-1024x576.jpg 1024w, https:\/\/www.cofb.org\/wp-content\/uploads\/2025\/07\/COFB_TRACTE_URINARI_14072025_01-300x169.jpg 300w, https:\/\/www.cofb.org\/wp-content\/uploads\/2025\/07\/COFB_TRACTE_URINARI_14072025_01-768x432.jpg 768w, https:\/\/www.cofb.org\/wp-content\/uploads\/2025\/07\/COFB_TRACTE_URINARI_14072025_01-1536x864.jpg 1536w, https:\/\/www.cofb.org\/wp-content\/uploads\/2025\/07\/COFB_TRACTE_URINARI_14072025_01-2048x1152.jpg 2048w, https:\/\/www.cofb.org\/wp-content\/uploads\/2025\/07\/COFB_TRACTE_URINARI_14072025_01-18x10.jpg 18w\" sizes=\"(max-width: 1024px) 100vw, 1024px\" \/><\/a><figcaption class=\"wp-element-caption\">Josep Allu\u00e9 moder\u00f3 su conferencia en la sede del COFB.<\/figcaption><\/figure>\n\n\n\n<p>En su presentaci\u00f3n de la actividad, Josep Allu\u00e9 habl\u00f3 sobre <strong>el origen <\/strong>de los <strong>medicamentos a base de plantas<\/strong>, recordando que \u201cexisten unas<strong> normas europeas<\/strong> y de <strong>la Organizaci\u00f3n Mundial de la Salud<\/strong> (OMS) que comienzan a aplicarse desde que se cultiva cada planta. En este punto es donde comienza el control de calidad\u201d.<\/p>\n\n\n\n<p>En este sentido, record\u00f3 la importancia \u201c<strong>de elegir siempre las plantas correctas<\/strong> y la parte que interesa a la hora de <strong>realizar una droga vegetal<\/strong>, aunque lo m\u00e1s habitual es <strong>utilizar extractos<\/strong>. Una planta es un material vivo y <strong>el control de calidad siempre es m\u00e1s complicado<\/strong>. Esto provoca que los analistas de plantas tengan m\u00e1s trabajo que los que analizan mono componentes&quot;. Si se sigue todo el camino de forma correcta, Allu\u00e9 concluy\u00f3 que, al final, &quot;se consigue un medicamento que dar\u00e1 el efecto deseado&quot;.<\/p>\n\n\n\n<h2 class=\"wp-block-heading\">Evidencia cient\u00edfica en las plantas medicinales<\/h2>\n\n\n\n<p>Durante su ponencia, <strong>Rodrigo Orozco <\/strong>afirm\u00f3 que los <strong>farmac\u00e9uticos <\/strong>\u201cson los <strong>primeros profesionales<\/strong> sanitarios que reciben en <strong>paciente que va buscando ayuda<\/strong> por motivos de salud. Antes de ir a urgencias oa un centro de salud acuden a la farmacia, confiando siempre en los farmac\u00e9uticos\u201d.<\/p>\n\n\n\n<figure class=\"wp-block-image size-large\"><a href=\"https:\/\/www.cofb.org\/wp-content\/uploads\/2025\/07\/COFB_TRACTE_URINARI_14072025_02-scaled.jpg\" target=\"_blank\" rel=\" noreferrer noopener\"><img decoding=\"async\" width=\"1024\" height=\"576\" src=\"https:\/\/www.cofb.org\/wp-content\/uploads\/2025\/07\/COFB_TRACTE_URINARI_14072025_02-1024x576.jpg\" alt=\"Rodrigo Orozco, en un moment de la seva presentaci\u00f3.\" class=\"wp-image-81931\" srcset=\"https:\/\/www.cofb.org\/wp-content\/uploads\/2025\/07\/COFB_TRACTE_URINARI_14072025_02-1024x576.jpg 1024w, https:\/\/www.cofb.org\/wp-content\/uploads\/2025\/07\/COFB_TRACTE_URINARI_14072025_02-300x169.jpg 300w, https:\/\/www.cofb.org\/wp-content\/uploads\/2025\/07\/COFB_TRACTE_URINARI_14072025_02-768x432.jpg 768w, https:\/\/www.cofb.org\/wp-content\/uploads\/2025\/07\/COFB_TRACTE_URINARI_14072025_02-1536x864.jpg 1536w, https:\/\/www.cofb.org\/wp-content\/uploads\/2025\/07\/COFB_TRACTE_URINARI_14072025_02-2048x1152.jpg 2048w, https:\/\/www.cofb.org\/wp-content\/uploads\/2025\/07\/COFB_TRACTE_URINARI_14072025_02-18x10.jpg 18w\" sizes=\"(max-width: 1024px) 100vw, 1024px\" \/><\/a><figcaption class=\"wp-element-caption\">Rodrigo Orozco, en un momento de su presentaci\u00f3n.<\/figcaption><\/figure>\n\n\n\n<p>En este sentido, defendi\u00f3 que los <strong>medicamentos basados en plantas<\/strong> son una <strong>soluci\u00f3n <\/strong>que \u201cse puede<strong> recomendar y aconsejar con un fuerte soporte<\/strong>, que es<strong> la evidencia cient\u00edfica<\/strong>, demostrando que <strong>lo que se est\u00e1 recomendando funciona<\/strong>, es eficaz, seguro y tiene muy buena tolerabilidad.\u201d Adem\u00e1s, asegur\u00f3 que hoy en d\u00eda <strong>se presentan productos sanitarios<\/strong> \u201cbasados en <strong>calidad de vida o percepciones<\/strong>, por lo que \u00bfhasta qu\u00e9 punto existe la confianza para recomendar estos productos?\u201d.<\/p>\n\n\n\n<h2 class=\"wp-block-heading\">Novedades en el manejo de las infecciones del trato urinario<\/h2>\n\n\n\n<p>Orozco destac\u00f3 los enormes cambios ligados al trato urinario: \u201cHasta hace poco el <strong>manejo de esta infecci\u00f3n <\/strong>por parte de los m\u00e9dicos<strong> era r\u00e1pido <\/strong>y normalmente lo mismo. Ahora, con los nuevos conocimientos, ha cambiado el paradigma&quot;. Adem\u00e1s, afirm\u00f3 que la infecci\u00f3n de orina &quot;es una <strong>patolog\u00eda en la vida de la mujer muy frecuente<\/strong>, ya que un 60% llega a sufrirlo en alg\u00fan momento de su vida\u201d.<\/p>\n\n\n\n<figure class=\"wp-block-image size-large\"><a href=\"https:\/\/www.cofb.org\/wp-content\/uploads\/2025\/07\/COFB_TRACTE_URINARI_14072025_00-1-scaled.jpg\" target=\"_blank\" rel=\" noreferrer noopener\"><img decoding=\"async\" width=\"1024\" height=\"576\" src=\"https:\/\/www.cofb.org\/wp-content\/uploads\/2025\/07\/COFB_TRACTE_URINARI_14072025_00-1-1024x576.jpg\" alt=\"\" class=\"wp-image-81948\" srcset=\"https:\/\/www.cofb.org\/wp-content\/uploads\/2025\/07\/COFB_TRACTE_URINARI_14072025_00-1-1024x576.jpg 1024w, https:\/\/www.cofb.org\/wp-content\/uploads\/2025\/07\/COFB_TRACTE_URINARI_14072025_00-1-300x169.jpg 300w, https:\/\/www.cofb.org\/wp-content\/uploads\/2025\/07\/COFB_TRACTE_URINARI_14072025_00-1-768x432.jpg 768w, https:\/\/www.cofb.org\/wp-content\/uploads\/2025\/07\/COFB_TRACTE_URINARI_14072025_00-1-1536x864.jpg 1536w, https:\/\/www.cofb.org\/wp-content\/uploads\/2025\/07\/COFB_TRACTE_URINARI_14072025_00-1-2048x1152.jpg 2048w, https:\/\/www.cofb.org\/wp-content\/uploads\/2025\/07\/COFB_TRACTE_URINARI_14072025_00-1-18x10.jpg 18w\" sizes=\"(max-width: 1024px) 100vw, 1024px\" \/><\/a><\/figure>\n\n\n\n<p>Dentro del campo de las <strong>plantas medicinales<\/strong>, explic\u00f3 que diferentes<strong> tipos de hierbas, ra\u00edces y hojas<\/strong> \u201cllegan a ser una <strong>alternativa real y de alta tolerabilidad por el tratamiento <\/strong>de ITU no complicadas, incluso convirti\u00e9ndose en un <strong>tratamiento de primera l\u00ednea<\/strong> en algunos casos donde no hay tiempo en usar un urocultivo.\u201d El uso de la <strong>fitoterapia <\/strong>por <strong>hacer frente a este tipo de infecciones <\/strong>\u201ces apoyada por diferentes <strong>gu\u00edas<\/strong>, que llegan a defender la<strong> reducci\u00f3n de la terapia antibi\u00f3tica de primera l\u00ednea<\/strong> en infecciones agudas de la vejiga sin compilaciones\u201d, afirm\u00f3.<\/p>\n\n\n\n<p class=\"has-text-align-right\"><strong>Con el patrocinio de:<\/strong><\/p>\n\n\n\n<figure class=\"wp-block-image alignright size-large is-resized\"><a href=\"https:\/\/www.bionorica.es\/\" target=\"_blank\" rel=\" noreferrer noopener\"><img loading=\"lazy\" decoding=\"async\" width=\"1024\" height=\"271\" src=\"https:\/\/www.cofb.org\/wp-content\/uploads\/2025\/07\/BIONORICA_2025_transparent-1024x271.png\" alt=\"\" class=\"wp-image-81874\" style=\"width:268px;height:auto\" srcset=\"https:\/\/www.cofb.org\/wp-content\/uploads\/2025\/07\/BIONORICA_2025_transparent-1024x271.png 1024w, https:\/\/www.cofb.org\/wp-content\/uploads\/2025\/07\/BIONORICA_2025_transparent-300x79.png 300w, https:\/\/www.cofb.org\/wp-content\/uploads\/2025\/07\/BIONORICA_2025_transparent-768x204.png 768w, https:\/\/www.cofb.org\/wp-content\/uploads\/2025\/07\/BIONORICA_2025_transparent-1536x407.png 1536w, https:\/\/www.cofb.org\/wp-content\/uploads\/2025\/07\/BIONORICA_2025_transparent-2048x543.png 2048w, https:\/\/www.cofb.org\/wp-content\/uploads\/2025\/07\/BIONORICA_2025_transparent-18x5.png 18w\" sizes=\"(max-width: 1024px) 100vw, 1024px\" \/><\/a><\/figure>\n\n\n\n<p><\/p>","protected":false},"excerpt":{"rendered":"<p>El Colegio de Farmac\u00e9uticos de Barcelona (COFB) celebr\u00f3 el 29 de mayo la conferencia &quot;Actualizaci\u00f3n en el abordaje de las infecciones del trato urinario en la oficina de farmacia&quot;, con el patrocinio de Bionorica. La sesi\u00f3n fue impartida por Rodrigo Orozco, jefe del servicio de Obstetricia y ginecolog\u00eda en el Hospital Quir\u00f3n [\u2026]<\/p>","protected":false},"author":10,"featured_media":81931,"comment_status":"closed","ping_status":"closed","sticky":false,"template":"","format":"standard","meta":{"_uag_custom_page_level_css":"","site-sidebar-layout":"default","site-content-layout":"","ast-site-content-layout":"default","site-content-style":"default","site-sidebar-style":"default","ast-global-header-display":"","ast-banner-title-visibility":"","ast-main-header-display":"","ast-hfb-above-header-display":"","ast-hfb-below-header-display":"","ast-hfb-mobile-header-display":"","site-post-title":"","ast-breadcrumbs-content":"","ast-featured-img":"disabled","footer-sml-layout":"","theme-transparent-header-meta":"","adv-header-id-meta":"","stick-header-meta":"","header-above-stick-meta":"","header-main-stick-meta":"","header-below-stick-meta":"","astra-migrate-meta-layouts":"set","ast-page-background-enabled":"default","ast-page-background-meta":{"desktop":{"background-color":"var(--ast-global-color-4)","background-image":"","background-repeat":"repeat","background-position":"center center","background-size":"auto","background-attachment":"scroll","background-type":"","background-media":"","overlay-type":"","overlay-color":"","overlay-opacity":"","overlay-gradient":""},"tablet":{"background-color":"","background-image":"","background-repeat":"repeat","background-position":"center center","background-size":"auto","background-attachment":"scroll","background-type":"","background-media":"","overlay-type":"","overlay-color":"","overlay-opacity":"","overlay-gradient":""},"mobile":{"background-color":"","background-image":"","background-repeat":"repeat","background-position":"center center","background-size":"auto","background-attachment":"scroll","background-type":"","background-media":"","overlay-type":"","overlay-color":"","overlay-opacity":"","overlay-gradient":""}},"ast-content-background-meta":{"desktop":{"background-color":"var(--ast-global-color-5)","background-image":"","background-repeat":"repeat","background-position":"center center","background-size":"auto","background-attachment":"scroll","background-type":"","background-media":"","overlay-type":"","overlay-color":"","overlay-opacity":"","overlay-gradient":""},"tablet":{"background-color":"var(--ast-global-color-5)","background-image":"","background-repeat":"repeat","background-position":"center center","background-size":"auto","background-attachment":"scroll","background-type":"","background-media":"","overlay-type":"","overlay-color":"","overlay-opacity":"","overlay-gradient":""},"mobile":{"background-color":"var(--ast-global-color-5)","background-image":"","background-repeat":"repeat","background-position":"center center","background-size":"auto","background-attachment":"scroll","background-type":"","background-media":"","overlay-type":"","overlay-color":"","overlay-opacity":"","overlay-gradient":""}},"footnotes":""},"categories":[23,57],"tags":[18,19,5034,53,349,4967,5165,290,94],"class_list":["post-81869","post","type-post","status-publish","format-standard","has-post-thumbnail","hentry","category-destacats","category-mon-collegial","tag-cofb","tag-collegi-de-farmaceutics-de-barcelona","tag-evidencia-cientifica","tag-farmaceutics","tag-fitoterapia","tag-guies-terapeutiques","tag-infeccio-tracte-urinari","tag-pacient","tag-plantes-medicinals"],"yoast_head":"<!-- This site is optimized with the Yoast SEO plugin v22.4 - https:\/\/yoast.com\/wordpress\/plugins\/seo\/ -->\n<title>Actualitzaci\u00f3 al COFB sobre l\u2019abordatge de les infeccions del tracte urinari a l&#039;oficina de farm\u00e0cia - Col\u00b7legi de Farmac\u00e8utics de Barcelona<\/title>\n<meta name=\"description\" content=\"El COFB va organitzar la confer\u00e8ncia \u201cNou abordatge de les infeccions del tracte urinari des de la Farm\u00e0cia\u201d amb el patrocini de Bionorica.\" \/>\n<meta name=\"robots\" content=\"index, follow, max-snippet:-1, max-image-preview:large, max-video-preview:-1\" \/>\n<link rel=\"canonical\" href=\"https:\/\/www.cofb.org\/es\/2025\/07\/10\/actualitzacio-al-cofb-sobre-labordatge-de-les-infeccions-del-tracte-urinari-a-loficina-de-farmacia\/\" \/>\n<meta property=\"og:locale\" content=\"es_ES\" \/>\n<meta property=\"og:type\" content=\"article\" \/>\n<meta property=\"og:title\" content=\"Actualitzaci\u00f3 al COFB sobre l\u2019abordatge de les infeccions del tracte urinari a l&#039;oficina de farm\u00e0cia - Col\u00b7legi de Farmac\u00e8utics de Barcelona\" \/>\n<meta property=\"og:description\" content=\"El COFB va organitzar la confer\u00e8ncia \u201cNou abordatge de les infeccions del tracte urinari des de la Farm\u00e0cia\u201d amb el patrocini de Bionorica.\" \/>\n<meta property=\"og:url\" content=\"https:\/\/www.cofb.org\/es\/2025\/07\/10\/actualitzacio-al-cofb-sobre-labordatge-de-les-infeccions-del-tracte-urinari-a-loficina-de-farmacia\/\" \/>\n<meta property=\"og:site_name\" content=\"Col\u00b7legi de Farmac\u00e8utics de Barcelona\" \/>\n<meta property=\"article:publisher\" content=\"https:\/\/www.facebook.com\/farmaceuticsbcn\/\" \/>\n<meta property=\"article:published_time\" content=\"2025-07-10T15:26:24+00:00\" \/>\n<meta property=\"article:modified_time\" content=\"2025-07-17T09:26:18+00:00\" \/>\n<meta property=\"og:image\" content=\"https:\/\/www.cofb.org\/wp-content\/uploads\/2025\/07\/COFB_TRACTE_URINARI_14072025_02-scaled.jpg\" \/>\n\t<meta property=\"og:image:width\" content=\"2560\" \/>\n\t<meta property=\"og:image:height\" content=\"1440\" \/>\n\t<meta property=\"og:image:type\" content=\"image\/jpeg\" \/>\n<meta name=\"author\" content=\"Xavier Magraner\" \/>\n<meta name=\"twitter:card\" content=\"summary_large_image\" \/>\n<meta name=\"twitter:creator\" content=\"@farmaceuticsbcn\" \/>\n<meta name=\"twitter:site\" content=\"@farmaceuticsbcn\" \/>\n<meta name=\"twitter:label1\" content=\"Escrito por\" \/>\n\t<meta name=\"twitter:data1\" content=\"Xavier Magraner\" \/>\n\t<meta name=\"twitter:label2\" content=\"Tiempo de lectura\" \/>\n\t<meta name=\"twitter:data2\" content=\"5 minutos\" \/>\n<script type=\"application\/ld+json\" class=\"yoast-schema-graph\">{\"@context\":\"https:\/\/schema.org\",\"@graph\":[{\"@type\":\"Article\",\"@id\":\"https:\/\/www.cofb.org\/2025\/07\/10\/actualitzacio-al-cofb-sobre-labordatge-de-les-infeccions-del-tracte-urinari-a-loficina-de-farmacia\/#article\",\"isPartOf\":{\"@id\":\"https:\/\/www.cofb.org\/2025\/07\/10\/actualitzacio-al-cofb-sobre-labordatge-de-les-infeccions-del-tracte-urinari-a-loficina-de-farmacia\/\"},\"author\":{\"name\":\"Xavier Magraner\",\"@id\":\"https:\/\/www.cofb.org\/#\/schema\/person\/e46d741cfb92c985a083d163d8270ae4\"},\"headline\":\"Actualitzaci\u00f3 al COFB sobre l\u2019abordatge de les infeccions del tracte urinari a l&#8217;oficina de farm\u00e0cia\",\"datePublished\":\"2025-07-10T15:26:24+00:00\",\"dateModified\":\"2025-07-17T09:26:18+00:00\",\"mainEntityOfPage\":{\"@id\":\"https:\/\/www.cofb.org\/2025\/07\/10\/actualitzacio-al-cofb-sobre-labordatge-de-les-infeccions-del-tracte-urinari-a-loficina-de-farmacia\/\"},\"wordCount\":690,\"publisher\":{\"@id\":\"https:\/\/www.cofb.org\/#organization\"},\"image\":{\"@id\":\"https:\/\/www.cofb.org\/2025\/07\/10\/actualitzacio-al-cofb-sobre-labordatge-de-les-infeccions-del-tracte-urinari-a-loficina-de-farmacia\/#primaryimage\"},\"thumbnailUrl\":\"https:\/\/www.cofb.org\/wp-content\/uploads\/2025\/07\/COFB_TRACTE_URINARI_14072025_02-scaled.jpg\",\"keywords\":[\"COFB\",\"Col\u00b7legi de Farmac\u00e8utics de Barcelona\",\"evid\u00e8ncia cient\u00edfica\",\"farmac\u00e8utics\",\"Fitoter\u00e0pia\",\"guies terap\u00e8utiques\",\"infecci\u00f3 tracte urinari\",\"pacient\",\"Plantes Medicinals\"],\"articleSection\":[\"Destacats\",\"M\u00f3n col\u00b7legial\"],\"inLanguage\":\"es\"},{\"@type\":\"WebPage\",\"@id\":\"https:\/\/www.cofb.org\/2025\/07\/10\/actualitzacio-al-cofb-sobre-labordatge-de-les-infeccions-del-tracte-urinari-a-loficina-de-farmacia\/\",\"url\":\"https:\/\/www.cofb.org\/2025\/07\/10\/actualitzacio-al-cofb-sobre-labordatge-de-les-infeccions-del-tracte-urinari-a-loficina-de-farmacia\/\",\"name\":\"Actualitzaci\u00f3 al COFB sobre l\u2019abordatge de les infeccions del tracte urinari a l'oficina de farm\u00e0cia - Col\u00b7legi de Farmac\u00e8utics de Barcelona\",\"isPartOf\":{\"@id\":\"https:\/\/www.cofb.org\/#website\"},\"primaryImageOfPage\":{\"@id\":\"https:\/\/www.cofb.org\/2025\/07\/10\/actualitzacio-al-cofb-sobre-labordatge-de-les-infeccions-del-tracte-urinari-a-loficina-de-farmacia\/#primaryimage\"},\"image\":{\"@id\":\"https:\/\/www.cofb.org\/2025\/07\/10\/actualitzacio-al-cofb-sobre-labordatge-de-les-infeccions-del-tracte-urinari-a-loficina-de-farmacia\/#primaryimage\"},\"thumbnailUrl\":\"https:\/\/www.cofb.org\/wp-content\/uploads\/2025\/07\/COFB_TRACTE_URINARI_14072025_02-scaled.jpg\",\"datePublished\":\"2025-07-10T15:26:24+00:00\",\"dateModified\":\"2025-07-17T09:26:18+00:00\",\"description\":\"El COFB va organitzar la confer\u00e8ncia \u201cNou abordatge de les infeccions del tracte urinari des de la Farm\u00e0cia\u201d amb el patrocini de Bionorica.\",\"breadcrumb\":{\"@id\":\"https:\/\/www.cofb.org\/2025\/07\/10\/actualitzacio-al-cofb-sobre-labordatge-de-les-infeccions-del-tracte-urinari-a-loficina-de-farmacia\/#breadcrumb\"},\"inLanguage\":\"es\",\"potentialAction\":[{\"@type\":\"ReadAction\",\"target\":[\"https:\/\/www.cofb.org\/2025\/07\/10\/actualitzacio-al-cofb-sobre-labordatge-de-les-infeccions-del-tracte-urinari-a-loficina-de-farmacia\/\"]}]},{\"@type\":\"ImageObject\",\"inLanguage\":\"es\",\"@id\":\"https:\/\/www.cofb.org\/2025\/07\/10\/actualitzacio-al-cofb-sobre-labordatge-de-les-infeccions-del-tracte-urinari-a-loficina-de-farmacia\/#primaryimage\",\"url\":\"https:\/\/www.cofb.org\/wp-content\/uploads\/2025\/07\/COFB_TRACTE_URINARI_14072025_02-scaled.jpg\",\"contentUrl\":\"https:\/\/www.cofb.org\/wp-content\/uploads\/2025\/07\/COFB_TRACTE_URINARI_14072025_02-scaled.jpg\",\"width\":2560,\"height\":1440},{\"@type\":\"BreadcrumbList\",\"@id\":\"https:\/\/www.cofb.org\/2025\/07\/10\/actualitzacio-al-cofb-sobre-labordatge-de-les-infeccions-del-tracte-urinari-a-loficina-de-farmacia\/#breadcrumb\",\"itemListElement\":[{\"@type\":\"ListItem\",\"position\":1,\"name\":\"Inici\",\"item\":\"https:\/\/novaorg.cofb.net\/\"},{\"@type\":\"ListItem\",\"position\":2,\"name\":\"Actualitzaci\u00f3 al COFB sobre l\u2019abordatge de les infeccions del tracte urinari a l&#8217;oficina de farm\u00e0cia\"}]},{\"@type\":\"WebSite\",\"@id\":\"https:\/\/www.cofb.org\/#website\",\"url\":\"https:\/\/www.cofb.org\/\",\"name\":\"Col\u00b7legi de Farmac\u00e8utics de Barcelona\",\"description\":\"\",\"publisher\":{\"@id\":\"https:\/\/www.cofb.org\/#organization\"},\"potentialAction\":[{\"@type\":\"SearchAction\",\"target\":{\"@type\":\"EntryPoint\",\"urlTemplate\":\"https:\/\/www.cofb.org\/?s={search_term_string}\"},\"query-input\":\"required name=search_term_string\"}],\"inLanguage\":\"es\"},{\"@type\":\"Organization\",\"@id\":\"https:\/\/www.cofb.org\/#organization\",\"name\":\"Col\u00b7legi de Farmac\u00e8utics de Barcelona\",\"url\":\"https:\/\/www.cofb.org\/\",\"logo\":{\"@type\":\"ImageObject\",\"inLanguage\":\"es\",\"@id\":\"https:\/\/www.cofb.org\/#\/schema\/logo\/image\/\",\"url\":\"https:\/\/www.cofb.org\/wp-content\/uploads\/2023\/11\/cropped-Logotip-COFB.png\",\"contentUrl\":\"https:\/\/www.cofb.org\/wp-content\/uploads\/2023\/11\/cropped-Logotip-COFB.png\",\"width\":500,\"height\":105,\"caption\":\"Col\u00b7legi de Farmac\u00e8utics de Barcelona\"},\"image\":{\"@id\":\"https:\/\/www.cofb.org\/#\/schema\/logo\/image\/\"},\"sameAs\":[\"https:\/\/www.facebook.com\/farmaceuticsbcn\/\",\"https:\/\/twitter.com\/farmaceuticsbcn\",\"https:\/\/www.instagram.com\/farmaceuticsbcn\/\",\"https:\/\/www.linkedin.com\/company\/farmaceuticsbcn\/\"]},{\"@type\":\"Person\",\"@id\":\"https:\/\/www.cofb.org\/#\/schema\/person\/e46d741cfb92c985a083d163d8270ae4\",\"name\":\"Xavier Magraner\",\"image\":{\"@type\":\"ImageObject\",\"inLanguage\":\"es\",\"@id\":\"https:\/\/www.cofb.org\/#\/schema\/person\/image\/\",\"url\":\"https:\/\/secure.gravatar.com\/avatar\/aa0d1d4df59f71f88eebd5796c5388ff41c58d83c5301eb6e1d65646a289c37d?s=96&d=mm&r=g\",\"contentUrl\":\"https:\/\/secure.gravatar.com\/avatar\/aa0d1d4df59f71f88eebd5796c5388ff41c58d83c5301eb6e1d65646a289c37d?s=96&d=mm&r=g\",\"caption\":\"Xavier Magraner\"},\"url\":\"https:\/\/www.cofb.org\/es\/author\/xmagraner\/\"}]}<\/script>\n<!-- \/ Yoast SEO plugin. -->","yoast_head_json":{"title":"Actualitzaci\u00f3 al COFB sobre l\u2019abordatge de les infeccions del tracte urinari a l'oficina de farm\u00e0cia - Col\u00b7legi de Farmac\u00e8utics de Barcelona","description":"El COFB va organitzar la confer\u00e8ncia \u201cNou abordatge de les infeccions del tracte urinari des de la Farm\u00e0cia\u201d amb el patrocini de Bionorica.","robots":{"index":"index","follow":"follow","max-snippet":"max-snippet:-1","max-image-preview":"max-image-preview:large","max-video-preview":"max-video-preview:-1"},"canonical":"https:\/\/www.cofb.org\/es\/2025\/07\/10\/actualitzacio-al-cofb-sobre-labordatge-de-les-infeccions-del-tracte-urinari-a-loficina-de-farmacia\/","og_locale":"es_ES","og_type":"article","og_title":"Actualitzaci\u00f3 al COFB sobre l\u2019abordatge de les infeccions del tracte urinari a l'oficina de farm\u00e0cia - Col\u00b7legi de Farmac\u00e8utics de Barcelona","og_description":"El COFB va organitzar la confer\u00e8ncia \u201cNou abordatge de les infeccions del tracte urinari des de la Farm\u00e0cia\u201d amb el patrocini de Bionorica.","og_url":"https:\/\/www.cofb.org\/es\/2025\/07\/10\/actualitzacio-al-cofb-sobre-labordatge-de-les-infeccions-del-tracte-urinari-a-loficina-de-farmacia\/","og_site_name":"Col\u00b7legi de Farmac\u00e8utics de Barcelona","article_publisher":"https:\/\/www.facebook.com\/farmaceuticsbcn\/","article_published_time":"2025-07-10T15:26:24+00:00","article_modified_time":"2025-07-17T09:26:18+00:00","og_image":[{"width":2560,"height":1440,"url":"https:\/\/www.cofb.org\/wp-content\/uploads\/2025\/07\/COFB_TRACTE_URINARI_14072025_02-scaled.jpg","type":"image\/jpeg"}],"author":"Xavier Magraner","twitter_card":"summary_large_image","twitter_creator":"@farmaceuticsbcn","twitter_site":"@farmaceuticsbcn","twitter_misc":{"Escrito por":"Xavier Magraner","Tiempo de lectura":"5 minutos"},"schema":{"@context":"https:\/\/schema.org","@graph":[{"@type":"Article","@id":"https:\/\/www.cofb.org\/2025\/07\/10\/actualitzacio-al-cofb-sobre-labordatge-de-les-infeccions-del-tracte-urinari-a-loficina-de-farmacia\/#article","isPartOf":{"@id":"https:\/\/www.cofb.org\/2025\/07\/10\/actualitzacio-al-cofb-sobre-labordatge-de-les-infeccions-del-tracte-urinari-a-loficina-de-farmacia\/"},"author":{"name":"Xavier Magraner","@id":"https:\/\/www.cofb.org\/#\/schema\/person\/e46d741cfb92c985a083d163d8270ae4"},"headline":"Actualitzaci\u00f3 al COFB sobre l\u2019abordatge de les infeccions del tracte urinari a l&#8217;oficina de farm\u00e0cia","datePublished":"2025-07-10T15:26:24+00:00","dateModified":"2025-07-17T09:26:18+00:00","mainEntityOfPage":{"@id":"https:\/\/www.cofb.org\/2025\/07\/10\/actualitzacio-al-cofb-sobre-labordatge-de-les-infeccions-del-tracte-urinari-a-loficina-de-farmacia\/"},"wordCount":690,"publisher":{"@id":"https:\/\/www.cofb.org\/#organization"},"image":{"@id":"https:\/\/www.cofb.org\/2025\/07\/10\/actualitzacio-al-cofb-sobre-labordatge-de-les-infeccions-del-tracte-urinari-a-loficina-de-farmacia\/#primaryimage"},"thumbnailUrl":"https:\/\/www.cofb.org\/wp-content\/uploads\/2025\/07\/COFB_TRACTE_URINARI_14072025_02-scaled.jpg","keywords":["COFB","Col\u00b7legi de Farmac\u00e8utics de Barcelona","evid\u00e8ncia cient\u00edfica","farmac\u00e8utics","Fitoter\u00e0pia","guies terap\u00e8utiques","infecci\u00f3 tracte urinari","pacient","Plantes Medicinals"],"articleSection":["Destacats","M\u00f3n col\u00b7legial"],"inLanguage":"es"},{"@type":"WebPage","@id":"https:\/\/www.cofb.org\/2025\/07\/10\/actualitzacio-al-cofb-sobre-labordatge-de-les-infeccions-del-tracte-urinari-a-loficina-de-farmacia\/","url":"https:\/\/www.cofb.org\/2025\/07\/10\/actualitzacio-al-cofb-sobre-labordatge-de-les-infeccions-del-tracte-urinari-a-loficina-de-farmacia\/","name":"Actualitzaci\u00f3 al COFB sobre l\u2019abordatge de les infeccions del tracte urinari a l'oficina de farm\u00e0cia - Col\u00b7legi de Farmac\u00e8utics de Barcelona","isPartOf":{"@id":"https:\/\/www.cofb.org\/#website"},"primaryImageOfPage":{"@id":"https:\/\/www.cofb.org\/2025\/07\/10\/actualitzacio-al-cofb-sobre-labordatge-de-les-infeccions-del-tracte-urinari-a-loficina-de-farmacia\/#primaryimage"},"image":{"@id":"https:\/\/www.cofb.org\/2025\/07\/10\/actualitzacio-al-cofb-sobre-labordatge-de-les-infeccions-del-tracte-urinari-a-loficina-de-farmacia\/#primaryimage"},"thumbnailUrl":"https:\/\/www.cofb.org\/wp-content\/uploads\/2025\/07\/COFB_TRACTE_URINARI_14072025_02-scaled.jpg","datePublished":"2025-07-10T15:26:24+00:00","dateModified":"2025-07-17T09:26:18+00:00","description":"El COFB va organitzar la confer\u00e8ncia \u201cNou abordatge de les infeccions del tracte urinari des de la Farm\u00e0cia\u201d amb el patrocini de Bionorica.","breadcrumb":{"@id":"https:\/\/www.cofb.org\/2025\/07\/10\/actualitzacio-al-cofb-sobre-labordatge-de-les-infeccions-del-tracte-urinari-a-loficina-de-farmacia\/#breadcrumb"},"inLanguage":"es","potentialAction":[{"@type":"ReadAction","target":["https:\/\/www.cofb.org\/2025\/07\/10\/actualitzacio-al-cofb-sobre-labordatge-de-les-infeccions-del-tracte-urinari-a-loficina-de-farmacia\/"]}]},{"@type":"ImageObject","inLanguage":"es","@id":"https:\/\/www.cofb.org\/2025\/07\/10\/actualitzacio-al-cofb-sobre-labordatge-de-les-infeccions-del-tracte-urinari-a-loficina-de-farmacia\/#primaryimage","url":"https:\/\/www.cofb.org\/wp-content\/uploads\/2025\/07\/COFB_TRACTE_URINARI_14072025_02-scaled.jpg","contentUrl":"https:\/\/www.cofb.org\/wp-content\/uploads\/2025\/07\/COFB_TRACTE_URINARI_14072025_02-scaled.jpg","width":2560,"height":1440},{"@type":"BreadcrumbList","@id":"https:\/\/www.cofb.org\/2025\/07\/10\/actualitzacio-al-cofb-sobre-labordatge-de-les-infeccions-del-tracte-urinari-a-loficina-de-farmacia\/#breadcrumb","itemListElement":[{"@type":"ListItem","position":1,"name":"Inici","item":"https:\/\/novaorg.cofb.net\/"},{"@type":"ListItem","position":2,"name":"Actualitzaci\u00f3 al COFB sobre l\u2019abordatge de les infeccions del tracte urinari a l&#8217;oficina de farm\u00e0cia"}]},{"@type":"WebSite","@id":"https:\/\/www.cofb.org\/#website","url":"https:\/\/www.cofb.org\/","name":"Col\u00b7legi de Farmac\u00e8utics de Barcelona","description":"","publisher":{"@id":"https:\/\/www.cofb.org\/#organization"},"potentialAction":[{"@type":"SearchAction","target":{"@type":"EntryPoint","urlTemplate":"https:\/\/www.cofb.org\/?s={search_term_string}"},"query-input":"required name=search_term_string"}],"inLanguage":"es"},{"@type":"Organization","@id":"https:\/\/www.cofb.org\/#organization","name":"Col\u00b7legi de Farmac\u00e8utics de Barcelona","url":"https:\/\/www.cofb.org\/","logo":{"@type":"ImageObject","inLanguage":"es","@id":"https:\/\/www.cofb.org\/#\/schema\/logo\/image\/","url":"https:\/\/www.cofb.org\/wp-content\/uploads\/2023\/11\/cropped-Logotip-COFB.png","contentUrl":"https:\/\/www.cofb.org\/wp-content\/uploads\/2023\/11\/cropped-Logotip-COFB.png","width":500,"height":105,"caption":"Col\u00b7legi de Farmac\u00e8utics de Barcelona"},"image":{"@id":"https:\/\/www.cofb.org\/#\/schema\/logo\/image\/"},"sameAs":["https:\/\/www.facebook.com\/farmaceuticsbcn\/","https:\/\/twitter.com\/farmaceuticsbcn","https:\/\/www.instagram.com\/farmaceuticsbcn\/","https:\/\/www.linkedin.com\/company\/farmaceuticsbcn\/"]},{"@type":"Person","@id":"https:\/\/www.cofb.org\/#\/schema\/person\/e46d741cfb92c985a083d163d8270ae4","name":"Xavier Magraner","image":{"@type":"ImageObject","inLanguage":"es","@id":"https:\/\/www.cofb.org\/#\/schema\/person\/image\/","url":"https:\/\/secure.gravatar.com\/avatar\/aa0d1d4df59f71f88eebd5796c5388ff41c58d83c5301eb6e1d65646a289c37d?s=96&d=mm&r=g","contentUrl":"https:\/\/secure.gravatar.com\/avatar\/aa0d1d4df59f71f88eebd5796c5388ff41c58d83c5301eb6e1d65646a289c37d?s=96&d=mm&r=g","caption":"Xavier Magraner"},"url":"https:\/\/www.cofb.org\/es\/author\/xmagraner\/"}]}},"uagb_featured_image_src":{"full":["https:\/\/www.cofb.org\/wp-content\/uploads\/2025\/07\/COFB_TRACTE_URINARI_14072025_02-scaled.jpg",2560,1440,false],"thumbnail":["https:\/\/www.cofb.org\/wp-content\/uploads\/2025\/07\/COFB_TRACTE_URINARI_14072025_02-150x150.jpg",150,150,true],"medium":["https:\/\/www.cofb.org\/wp-content\/uploads\/2025\/07\/COFB_TRACTE_URINARI_14072025_02-300x169.jpg",300,169,true],"medium_large":["https:\/\/www.cofb.org\/wp-content\/uploads\/2025\/07\/COFB_TRACTE_URINARI_14072025_02-768x432.jpg",768,432,true],"large":["https:\/\/www.cofb.org\/wp-content\/uploads\/2025\/07\/COFB_TRACTE_URINARI_14072025_02-1024x576.jpg",1024,576,true],"1536x1536":["https:\/\/www.cofb.org\/wp-content\/uploads\/2025\/07\/COFB_TRACTE_URINARI_14072025_02-1536x864.jpg",1536,864,true],"2048x2048":["https:\/\/www.cofb.org\/wp-content\/uploads\/2025\/07\/COFB_TRACTE_URINARI_14072025_02-2048x1152.jpg",2048,1152,true],"trp-custom-language-flag":["https:\/\/www.cofb.org\/wp-content\/uploads\/2025\/07\/COFB_TRACTE_URINARI_14072025_02-18x10.jpg",18,10,true]},"uagb_author_info":{"display_name":"Xavier Magraner","author_link":"https:\/\/www.cofb.org\/es\/author\/xmagraner\/"},"uagb_comment_info":0,"uagb_excerpt":"El Col\u00b7legi de Farmac\u00e8utics de Barcelona (COFB) va celebrar el 29 de maig la confer\u00e8ncia \u201cActualitzaci\u00f3 en l\u2019abordatge de les infeccions del tracte urinari a l\u2019oficina de farm\u00e0cia\u201d, amb el patrocini de Bionorica. La sessi\u00f3 va ser impartida per Rodrigo Orozco, cap del servei d\u2019Obstetr\u00edcia i ginecologia a l\u2019Hospital Quir\u00f3n [&hellip;]","_links":{"self":[{"href":"https:\/\/www.cofb.org\/es\/wp-json\/wp\/v2\/posts\/81869","targetHints":{"allow":["GET"]}}],"collection":[{"href":"https:\/\/www.cofb.org\/es\/wp-json\/wp\/v2\/posts"}],"about":[{"href":"https:\/\/www.cofb.org\/es\/wp-json\/wp\/v2\/types\/post"}],"author":[{"embeddable":true,"href":"https:\/\/www.cofb.org\/es\/wp-json\/wp\/v2\/users\/10"}],"replies":[{"embeddable":true,"href":"https:\/\/www.cofb.org\/es\/wp-json\/wp\/v2\/comments?post=81869"}],"version-history":[{"count":27,"href":"https:\/\/www.cofb.org\/es\/wp-json\/wp\/v2\/posts\/81869\/revisions"}],"predecessor-version":[{"id":81978,"href":"https:\/\/www.cofb.org\/es\/wp-json\/wp\/v2\/posts\/81869\/revisions\/81978"}],"wp:featuredmedia":[{"embeddable":true,"href":"https:\/\/www.cofb.org\/es\/wp-json\/wp\/v2\/media\/81931"}],"wp:attachment":[{"href":"https:\/\/www.cofb.org\/es\/wp-json\/wp\/v2\/media?parent=81869"}],"wp:term":[{"taxonomy":"category","embeddable":true,"href":"https:\/\/www.cofb.org\/es\/wp-json\/wp\/v2\/categories?post=81869"},{"taxonomy":"post_tag","embeddable":true,"href":"https:\/\/www.cofb.org\/es\/wp-json\/wp\/v2\/tags?post=81869"}],"curies":[{"name":"wp","href":"https:\/\/api.w.org\/{rel}","templated":true}]}}