{"id":81820,"date":"2025-07-04T12:21:59","date_gmt":"2025-07-04T12:21:59","guid":{"rendered":"https:\/\/www.cofb.org\/?p=81820"},"modified":"2025-07-14T14:43:24","modified_gmt":"2025-07-14T14:43:24","slug":"actualitzacio-en-dermatitis-atopica-abordatge-des-de-les-farmacies-datencio-primaria-i-hospitals","status":"publish","type":"post","link":"https:\/\/www.cofb.org\/es\/2025\/07\/04\/actualitzacio-en-dermatitis-atopica-abordatge-des-de-les-farmacies-datencio-primaria-i-hospitals\/","title":{"rendered":"&quot;Actualizaci\u00f3n en dermatitis at\u00f3pica&quot;. Abordaje desde las farmacias de Atenci\u00f3n Primaria y Hospitales"},"content":{"rendered":"<p class=\"translation-block\">El passat 27 de maig, el <strong>Col\u00b7legi de Farmac\u00e8utics de Barcelona (COFB)\u00a0<\/strong>va organitzar la formaci\u00f3 \u201c<strong>Actualitzaci\u00f3 en dermatitis at\u00f2pica<\/strong>\u201d, amb la col\u00b7laboraci\u00f3 de la <a href=\"https:\/\/www.scfarmclin.org\/\" target=\"_blank\" rel=\"noreferrer noopener\">Sociedad Catalana de Farm\u00e0cia Cl\u00ednica<\/a> i el patrocini de<a href=\"https:\/\/www.almirall.es\/\" target=\"_blank\" rel=\"noreferrer noopener\">Almirall<\/a>. La sessi\u00f3 va comptar amb <strong>Jos\u00e9 Manuel Carrascosa<\/strong>, cap del Servei de Dermatologia de l\u2019Hospital Universitari Germans Trias i Pujol de Badalona, <strong>N\u00faria Rudi<\/strong>, cap de Servei de Farm\u00e0cia, adjunta a la Direcci\u00f3 M\u00e8dica a l\u2019Hospital General de Granollers, <strong>Sandra Ros, <\/strong>psic\u00f2loga adjunta del Servei de Dermatologia de l\u2019Hospital de la Santa Creu i Sant Pau de Barcelona i <strong>Marta Alcalde<\/strong>, farmac\u00e8utica, vocal de Dermof\u00e0rmacia i Productes Sanitaris del COFB.<\/p>\n\n\n\n<figure class=\"wp-block-image size-large\"><img fetchpriority=\"high\" decoding=\"async\" width=\"1024\" height=\"576\" src=\"https:\/\/www.cofb.org\/wp-content\/uploads\/2025\/07\/COFB_DERMATITIS_09072025_01-1024x576.jpg\" alt=\"Cristina Morales ha moderat la formaci\u00f3.\" class=\"wp-image-81881\" srcset=\"https:\/\/www.cofb.org\/wp-content\/uploads\/2025\/07\/COFB_DERMATITIS_09072025_01-1024x576.jpg 1024w, https:\/\/www.cofb.org\/wp-content\/uploads\/2025\/07\/COFB_DERMATITIS_09072025_01-300x169.jpg 300w, https:\/\/www.cofb.org\/wp-content\/uploads\/2025\/07\/COFB_DERMATITIS_09072025_01-768x432.jpg 768w, https:\/\/www.cofb.org\/wp-content\/uploads\/2025\/07\/COFB_DERMATITIS_09072025_01-1536x864.jpg 1536w, https:\/\/www.cofb.org\/wp-content\/uploads\/2025\/07\/COFB_DERMATITIS_09072025_01-2048x1152.jpg 2048w, https:\/\/www.cofb.org\/wp-content\/uploads\/2025\/07\/COFB_DERMATITIS_09072025_01-18x10.jpg 18w\" sizes=\"(max-width: 1024px) 100vw, 1024px\" \/><figcaption class=\"wp-element-caption\">Cristina Morales ha moderado su formaci\u00f3n.<\/figcaption><\/figure>\n\n\n\n<p>Dirigida a farmac\u00e9uticos y farmac\u00e9uticas de hospital y de atenci\u00f3n primaria, la vocal de Atenci\u00f3n Primaria del COFB, <strong>Cristina Morales<\/strong>, record\u00f3 que \u201ces necesario <strong>actualizarse<\/strong> de todo lo<strong>arsenal terap\u00e9utico <\/strong>que implica<strong> esta patolog\u00eda<\/strong>. En poco tiempo han surgido muchos <strong>tratamientos farmacol\u00f3gicos y no farmacol\u00f3gicos<\/strong> que consisten en el <strong>control de la dermatitis<\/strong>. Los farmac\u00e9uticos no s\u00f3lo tienen la funci\u00f3n de acompa\u00f1ar al paciente, sino que tambi\u00e9n debe actualizarlos\u201d.<\/p>\n\n\n\n<p>Los <strong>objetivos <\/strong>de la formaci\u00f3n fueron revisar la <strong>fisiopatolog\u00eda <\/strong>y las <strong>dianas terap\u00e9uticas <\/strong>de la dermatitis at\u00f3pica, actualizar la<strong> gesti\u00f3n y el tratamiento <\/strong>de la enfermedad, conocer aspectos de atenci\u00f3n farmac\u00e9utica relacionados con la dispensaci\u00f3n y el <strong>seguimiento y exponer el abordaje psicol\u00f3gico<\/strong> <strong>de los pacientes<\/strong> con dermatitis at\u00f3pica y sus familias.<\/p>\n\n\n\n<h2 class=\"wp-block-heading\">Evoluci\u00f3n de la dermatitis y los efectos del picor<\/h2>\n\n\n\n<p>Jos\u00e9 Manuel Carrascosa analiz\u00f3 <strong>la evoluci\u00f3n que ha sufrido esta enfermedad<\/strong> a lo largo de los a\u00f1os: \u201cSe trata de la<strong> dermatitis m\u00e1s prevalente<\/strong>. Hasta el<strong> 20% de los ni\u00f1os llegan a sufrirlo<\/strong> y una <strong>gran cantidad de adultos <\/strong>conservan <strong>formas de dermatitis at\u00f3pica<\/strong>. Se trata de una <strong>enfermedad cr\u00f3nica, persistente y recurrente<\/strong>\u201d.<\/p>\n\n\n\n<figure class=\"wp-block-image size-large\"><img decoding=\"async\" width=\"1024\" height=\"576\" src=\"https:\/\/www.cofb.org\/wp-content\/uploads\/2025\/07\/COFB_DERMATITIS_09072025_02-1024x576.jpg\" alt=\"Jose Manuel Carrascosa, impartint la seva pon\u00e8ncia lligada a l'evoluci\u00f3 de la dermatitis at\u00f2pica.\" class=\"wp-image-81882\" srcset=\"https:\/\/www.cofb.org\/wp-content\/uploads\/2025\/07\/COFB_DERMATITIS_09072025_02-1024x576.jpg 1024w, https:\/\/www.cofb.org\/wp-content\/uploads\/2025\/07\/COFB_DERMATITIS_09072025_02-300x169.jpg 300w, https:\/\/www.cofb.org\/wp-content\/uploads\/2025\/07\/COFB_DERMATITIS_09072025_02-768x432.jpg 768w, https:\/\/www.cofb.org\/wp-content\/uploads\/2025\/07\/COFB_DERMATITIS_09072025_02-1536x864.jpg 1536w, https:\/\/www.cofb.org\/wp-content\/uploads\/2025\/07\/COFB_DERMATITIS_09072025_02-2048x1152.jpg 2048w, https:\/\/www.cofb.org\/wp-content\/uploads\/2025\/07\/COFB_DERMATITIS_09072025_02-18x10.jpg 18w\" sizes=\"(max-width: 1024px) 100vw, 1024px\" \/><figcaption class=\"wp-element-caption\">Jose Manuel Carrascosa, impartiendo su ponencia ligada a la evoluci\u00f3n de la dermatitis at\u00f3pica.<\/figcaption><\/figure>\n\n\n\n<p>La <strong>caracter\u00edstica sintomatol\u00f3gica<\/strong> m\u00e1s importante en la enfermedad es la <strong>picor<\/strong>: \u201cEste escenario afecta mucho<strong> la calidad de vida del paciente<\/strong>, produciendo que no pueda dormir, adem\u00e1s de generar un <strong>impacto en los estudios, relaciones personales y laborales<\/strong>&quot;. En este sentido, el especialista remarc\u00f3 que, desde el punto de vista fisiopatol\u00f3gico, es una enfermedad compleja porque &quot;incluye pacientes muy diferentes que sufren <strong>eczemas <\/strong>y que no se asocian a un contacto al\u00e9rgico\u201d.<\/p>\n\n\n\n<h2 class=\"wp-block-heading\">La gesti\u00f3n del paciente en el servicio de Farmacia Hospitalaria<\/h2>\n\n\n\n<p>En cuanto a la <strong>visi\u00f3n de la Farmacia Hospitalaria<\/strong> del paciente, N\u00faria Rudi explic\u00f3 que su funci\u00f3n es \u201cbuscar herramientas y compartir con los dermat\u00f3logos <strong>objetivos terap\u00e9uticos<\/strong> de los tratamientos que <strong>han ido evolucionando<\/strong>. Los pacientes que llegan a las consultas para recibir<strong> tratamientos innovadores<\/strong> presentaban un perfil moderado-grave y <strong>muchos a\u00f1os de convivencia con la enfermedad<\/strong>&quot;. Esta realidad acaba generando &quot;<strong>incertidumbres <\/strong>y <strong>escepticismo <\/strong>entre <strong>los pacientes y sus familiares<\/strong>, que sufren un gran impacto en la calidad de vida\u201d.<\/p>\n\n\n\n<figure class=\"wp-block-image size-large\"><img decoding=\"async\" width=\"1024\" height=\"576\" src=\"https:\/\/www.cofb.org\/wp-content\/uploads\/2025\/07\/COFB_DERMATITIS_09072025_03-1024x576.jpg\" alt=\"Nuria Rudi, durant el transcurs de la seva pon\u00e8ncia.\" class=\"wp-image-81883\" srcset=\"https:\/\/www.cofb.org\/wp-content\/uploads\/2025\/07\/COFB_DERMATITIS_09072025_03-1024x576.jpg 1024w, https:\/\/www.cofb.org\/wp-content\/uploads\/2025\/07\/COFB_DERMATITIS_09072025_03-300x169.jpg 300w, https:\/\/www.cofb.org\/wp-content\/uploads\/2025\/07\/COFB_DERMATITIS_09072025_03-768x432.jpg 768w, https:\/\/www.cofb.org\/wp-content\/uploads\/2025\/07\/COFB_DERMATITIS_09072025_03-1536x864.jpg 1536w, https:\/\/www.cofb.org\/wp-content\/uploads\/2025\/07\/COFB_DERMATITIS_09072025_03-2048x1152.jpg 2048w, https:\/\/www.cofb.org\/wp-content\/uploads\/2025\/07\/COFB_DERMATITIS_09072025_03-18x10.jpg 18w\" sizes=\"(max-width: 1024px) 100vw, 1024px\" \/><figcaption class=\"wp-element-caption\">Nuria Rudi, durante el transcurso de su ponencia.<\/figcaption><\/figure>\n\n\n\n<p>La <strong>gesti\u00f3n del paciente con dermatitis at\u00f3pica <\/strong>en los servicios de Farmacia Hospitalaria consta de <strong>tres pilares<\/strong>: \u201cPrimero se<strong> selecciona el tratamiento<\/strong>, despu\u00e9s<strong> se inicia la atenci\u00f3n farmac\u00e9utica<\/strong> y, finalmente, se comienza la <strong>coordinaci\u00f3n con el resto del equipo asistencial<\/strong>, realizando la <strong>validaci\u00f3n de los tratamientos<\/strong> con este servicio, buscando el desempe\u00f1o de los <strong>criterios de financiaci\u00f3n del tratamiento<\/strong>\u201d, detall\u00f3, Rudi.<\/p>\n\n\n\n<h2 class=\"wp-block-heading\">Tratamiento multidisciplinar y programa educacional<\/h2>\n\n\n\n<p><strong>El aspecto psicol\u00f3gico<\/strong> de estos pacientes fue analizado por Sandra Ros, describiendo que \u201c<strong>las enfermedades dermatol\u00f3gicas<\/strong> pueden llegar a ser mucho <strong>banalizadas<\/strong>. La <strong>dermatitis at\u00f3pica es compleja<\/strong>, por lo que necesita un <strong>tratamiento multidisciplinar integral<\/strong> llevado a cabo por atenci\u00f3n primaria, pediatr\u00eda, enfermer\u00eda, psicolog\u00eda y farmacia comunitaria y hospitalaria\u201d.<\/p>\n\n\n\n<p>La dermatitis moderada y grave afecta enormemente el d\u00eda a d\u00eda del paciente: \u201cSe llega a sufrir un <strong>choque psicol\u00f3gico y psicosocial grande<\/strong>, que tambi\u00e9n puede llegar a <strong>afectar al descanso de la familia<\/strong>. Por otra parte, llegan a aparecer diferentes variables en juego que afectan a la personalidad del paciente marcando incluso <strong>la evoluci\u00f3n de la enfermedad<\/strong>\u201d.<\/p>\n\n\n\n<div class=\"wp-block-columns is-layout-flex wp-container-core-columns-is-layout-28f84493 wp-block-columns-is-layout-flex\">\n<div class=\"wp-block-column is-layout-flow wp-block-column-is-layout-flow\">\n<figure class=\"wp-block-image size-large\"><img loading=\"lazy\" decoding=\"async\" width=\"1024\" height=\"576\" src=\"https:\/\/www.cofb.org\/wp-content\/uploads\/2025\/07\/COFB_DERMATITIS_10072025_04-1024x576.jpg\" alt=\"Sandra Ros va abordar l'aspecte psicol\u00f2gic dels pacients amb dermatitis at\u00f2pica.\" class=\"wp-image-81892\" srcset=\"https:\/\/www.cofb.org\/wp-content\/uploads\/2025\/07\/COFB_DERMATITIS_10072025_04-1024x576.jpg 1024w, https:\/\/www.cofb.org\/wp-content\/uploads\/2025\/07\/COFB_DERMATITIS_10072025_04-300x169.jpg 300w, https:\/\/www.cofb.org\/wp-content\/uploads\/2025\/07\/COFB_DERMATITIS_10072025_04-768x432.jpg 768w, https:\/\/www.cofb.org\/wp-content\/uploads\/2025\/07\/COFB_DERMATITIS_10072025_04-1536x864.jpg 1536w, https:\/\/www.cofb.org\/wp-content\/uploads\/2025\/07\/COFB_DERMATITIS_10072025_04-2048x1152.jpg 2048w, https:\/\/www.cofb.org\/wp-content\/uploads\/2025\/07\/COFB_DERMATITIS_10072025_04-18x10.jpg 18w\" sizes=\"(max-width: 1024px) 100vw, 1024px\" \/><figcaption class=\"wp-element-caption\">Sandra Ros abord\u00f3 el aspecto psicol\u00f3gico de los pacientes con dermatitis at\u00f3pica.<\/figcaption><\/figure>\n<\/div>\n\n\n\n<div class=\"wp-block-column is-layout-flow wp-block-column-is-layout-flow\">\n<figure class=\"wp-block-image size-large\"><img loading=\"lazy\" decoding=\"async\" width=\"1024\" height=\"576\" src=\"https:\/\/www.cofb.org\/wp-content\/uploads\/2025\/07\/1751630846828-ALCALDE-1024x576.jpg\" alt=\"Marta Alcalde durant al seva exposici\u00f3 sobre la bona higiene de la pell.\" class=\"wp-image-81893\" srcset=\"https:\/\/www.cofb.org\/wp-content\/uploads\/2025\/07\/1751630846828-ALCALDE-1024x576.jpg 1024w, https:\/\/www.cofb.org\/wp-content\/uploads\/2025\/07\/1751630846828-ALCALDE-300x169.jpg 300w, https:\/\/www.cofb.org\/wp-content\/uploads\/2025\/07\/1751630846828-ALCALDE-768x432.jpg 768w, https:\/\/www.cofb.org\/wp-content\/uploads\/2025\/07\/1751630846828-ALCALDE-1536x864.jpg 1536w, https:\/\/www.cofb.org\/wp-content\/uploads\/2025\/07\/1751630846828-ALCALDE-2048x1152.jpg 2048w, https:\/\/www.cofb.org\/wp-content\/uploads\/2025\/07\/1751630846828-ALCALDE-18x10.jpg 18w\" sizes=\"(max-width: 1024px) 100vw, 1024px\" \/><figcaption class=\"wp-element-caption\">Marta Alcalde durante su exposici\u00f3n sobre la buena higiene de la piel.<\/figcaption><\/figure>\n<\/div>\n<\/div>\n\n\n\n<p>En la \u00faltima parte, Marta Alcalde, vocal de Dermofarmacia y Productos Sanitarios del Colegio, hizo hincapi\u00e9 en <strong>acompa\u00f1ar los tratamientos<\/strong> con \u201cuna<strong> buena higiene de la piel<\/strong>, evitando sustancias que puedan <strong>desencadenar m\u00e1s brotes<\/strong>. Adem\u00e1s, se debe hacer uso de programas educacionales para el paciente para que conozca qu\u00e9 cosas pueden afectar a su piel, independientemente del <strong>grado de gravedad de la enfermedad<\/strong>\u201d recomendando el uso de <strong>medicamentos<\/strong> <strong>libres de efectos secundarios a largo plazo<\/strong>, \u201cevitando que la barrera cut\u00e1nea alterada sufra m\u00e1s procesos inflamatorios\u201d.<\/p>\n\n\n\n<p class=\"has-text-align-right\"><\/p>\n\n\n\n<div class=\"wp-block-columns is-layout-flex wp-container-core-columns-is-layout-28f84493 wp-block-columns-is-layout-flex\">\n<div class=\"wp-block-column is-layout-flow wp-block-column-is-layout-flow\" style=\"flex-basis:66.66%\"><\/div>\n\n\n\n<div class=\"wp-block-column is-layout-flow wp-block-column-is-layout-flow\" style=\"flex-basis:33.33%\"><\/div>\n\n\n\n<div class=\"wp-block-column is-layout-flow wp-block-column-is-layout-flow\" style=\"flex-basis:33.33%\"><\/div>\n\n\n\n<div class=\"wp-block-column is-layout-flow wp-block-column-is-layout-flow\" style=\"flex-basis:33.33%\">\n<p class=\"has-text-align-right\"><strong><strong>Con la colaboraci\u00f3n de:<\/strong><\/strong><\/p>\n\n\n\n<figure class=\"wp-block-image alignright size-full is-resized\"><a href=\"https:\/\/www.scfarmclin.org\/\" target=\"_blank\" rel=\" noreferrer noopener\"><img loading=\"lazy\" decoding=\"async\" width=\"512\" height=\"332\" src=\"https:\/\/www.cofb.org\/wp-content\/uploads\/2025\/07\/Societat-Catalana-de-Farmacia-Clinica-SCFC_logo_transparent.png\" alt=\"\" class=\"wp-image-81831\" style=\"width:165px;height:auto\" srcset=\"https:\/\/www.cofb.org\/wp-content\/uploads\/2025\/07\/Societat-Catalana-de-Farmacia-Clinica-SCFC_logo_transparent.png 512w, https:\/\/www.cofb.org\/wp-content\/uploads\/2025\/07\/Societat-Catalana-de-Farmacia-Clinica-SCFC_logo_transparent-300x195.png 300w, https:\/\/www.cofb.org\/wp-content\/uploads\/2025\/07\/Societat-Catalana-de-Farmacia-Clinica-SCFC_logo_transparent-18x12.png 18w\" sizes=\"(max-width: 512px) 100vw, 512px\" \/><\/a><\/figure>\n<\/div>\n<\/div>\n\n\n\n<p class=\"has-text-align-right\"><\/p>\n\n\n\n<p class=\"has-text-align-right\"><\/p>\n\n\n\n<div class=\"wp-block-columns is-layout-flex wp-container-core-columns-is-layout-28f84493 wp-block-columns-is-layout-flex\">\n<div class=\"wp-block-column is-layout-flow wp-block-column-is-layout-flow\" style=\"flex-basis:66.66%\"><\/div>\n\n\n\n<div class=\"wp-block-column is-layout-flow wp-block-column-is-layout-flow\" style=\"flex-basis:33.33%\"><\/div>\n\n\n\n<div class=\"wp-block-column is-layout-flow wp-block-column-is-layout-flow\" style=\"flex-basis:33.33%\"><\/div>\n\n\n\n<div class=\"wp-block-column is-layout-flow wp-block-column-is-layout-flow\" style=\"flex-basis:33.33%\">\n<p class=\"has-text-align-right\"><strong>Con el patrocinio de:<\/strong><\/p>\n\n\n\n<figure class=\"wp-block-image alignright size-large is-resized\"><a href=\"https:\/\/www.almirall.es\/\" target=\"_blank\" rel=\" noreferrer noopener\"><img loading=\"lazy\" decoding=\"async\" width=\"1024\" height=\"341\" src=\"https:\/\/www.cofb.org\/wp-content\/uploads\/2025\/07\/ALMIRALL_2023_fons-transparent-1024x341.png\" alt=\"\" class=\"wp-image-81832\" style=\"width:221px;height:auto\" srcset=\"https:\/\/www.cofb.org\/wp-content\/uploads\/2025\/07\/ALMIRALL_2023_fons-transparent-1024x341.png 1024w, https:\/\/www.cofb.org\/wp-content\/uploads\/2025\/07\/ALMIRALL_2023_fons-transparent-300x100.png 300w, https:\/\/www.cofb.org\/wp-content\/uploads\/2025\/07\/ALMIRALL_2023_fons-transparent-768x256.png 768w, https:\/\/www.cofb.org\/wp-content\/uploads\/2025\/07\/ALMIRALL_2023_fons-transparent-1536x512.png 1536w, https:\/\/www.cofb.org\/wp-content\/uploads\/2025\/07\/ALMIRALL_2023_fons-transparent-18x6.png 18w, https:\/\/www.cofb.org\/wp-content\/uploads\/2025\/07\/ALMIRALL_2023_fons-transparent.png 1650w\" sizes=\"(max-width: 1024px) 100vw, 1024px\" \/><\/a><\/figure>\n<\/div>\n<\/div>\n\n\n\n<p><\/p>","protected":false},"excerpt":{"rendered":"<p>El pasado 27 de mayo, el Colegio de Farmac\u00e9uticos de Barcelona (COFB) organiz\u00f3 la formaci\u00f3n \u201cActualizaci\u00f3n en dermatitis at\u00f3pica\u201d, con la colaboraci\u00f3n de la Sociedad Catalana de Farmacia Cl\u00ednica y el patrocinio de Almirall.<\/p>","protected":false},"author":10,"featured_media":81895,"comment_status":"closed","ping_status":"closed","sticky":false,"template":"","format":"standard","meta":{"_uag_custom_page_level_css":"","site-sidebar-layout":"default","site-content-layout":"","ast-site-content-layout":"default","site-content-style":"default","site-sidebar-style":"default","ast-global-header-display":"","ast-banner-title-visibility":"","ast-main-header-display":"","ast-hfb-above-header-display":"","ast-hfb-below-header-display":"","ast-hfb-mobile-header-display":"","site-post-title":"","ast-breadcrumbs-content":"","ast-featured-img":"disabled","footer-sml-layout":"","theme-transparent-header-meta":"","adv-header-id-meta":"","stick-header-meta":"","header-above-stick-meta":"","header-main-stick-meta":"","header-below-stick-meta":"","astra-migrate-meta-layouts":"set","ast-page-background-enabled":"default","ast-page-background-meta":{"desktop":{"background-color":"var(--ast-global-color-4)","background-image":"","background-repeat":"repeat","background-position":"center center","background-size":"auto","background-attachment":"scroll","background-type":"","background-media":"","overlay-type":"","overlay-color":"","overlay-opacity":"","overlay-gradient":""},"tablet":{"background-color":"","background-image":"","background-repeat":"repeat","background-position":"center center","background-size":"auto","background-attachment":"scroll","background-type":"","background-media":"","overlay-type":"","overlay-color":"","overlay-opacity":"","overlay-gradient":""},"mobile":{"background-color":"","background-image":"","background-repeat":"repeat","background-position":"center center","background-size":"auto","background-attachment":"scroll","background-type":"","background-media":"","overlay-type":"","overlay-color":"","overlay-opacity":"","overlay-gradient":""}},"ast-content-background-meta":{"desktop":{"background-color":"var(--ast-global-color-5)","background-image":"","background-repeat":"repeat","background-position":"center center","background-size":"auto","background-attachment":"scroll","background-type":"","background-media":"","overlay-type":"","overlay-color":"","overlay-opacity":"","overlay-gradient":""},"tablet":{"background-color":"var(--ast-global-color-5)","background-image":"","background-repeat":"repeat","background-position":"center center","background-size":"auto","background-attachment":"scroll","background-type":"","background-media":"","overlay-type":"","overlay-color":"","overlay-opacity":"","overlay-gradient":""},"mobile":{"background-color":"var(--ast-global-color-5)","background-image":"","background-repeat":"repeat","background-position":"center center","background-size":"auto","background-attachment":"scroll","background-type":"","background-media":"","overlay-type":"","overlay-color":"","overlay-opacity":"","overlay-gradient":""}},"footnotes":""},"categories":[23,57],"tags":[938,18,19,213,4652,69,70,575,59,3303,524,63],"class_list":["post-81820","post","type-post","status-publish","format-standard","has-post-thumbnail","hentry","category-destacats","category-mon-collegial","tag-atencio-primaria","tag-cofb","tag-collegi-de-farmaceutics-de-barcelona","tag-dermatitis-atopica","tag-dermatoleg","tag-farmacia-comunitaria","tag-formacio","tag-innovacio","tag-pacients","tag-picor","tag-qualitat-de-vida","tag-tractament"],"yoast_head":"<!-- This site is optimized with the Yoast SEO plugin v22.4 - https:\/\/yoast.com\/wordpress\/plugins\/seo\/ -->\n<title>&quot;Actualitzaci\u00f3 en dermatitis at\u00f2pica&quot;. Abordatge des de les farm\u00e0cies d&#039;Atenci\u00f3 Prim\u00e0ria i Hospitals - Col\u00b7legi de Farmac\u00e8utics de Barcelona<\/title>\n<meta name=\"description\" content=\"El passat 27 de maig, el COFB va organitzar la formaci\u00f3 \u201cActualitzaci\u00f3 en dermatitis at\u00f2pica\u201d amb el patrocini de Almirall.\" \/>\n<meta name=\"robots\" content=\"index, follow, max-snippet:-1, max-image-preview:large, max-video-preview:-1\" \/>\n<link rel=\"canonical\" href=\"https:\/\/www.cofb.org\/es\/2025\/07\/04\/actualitzacio-en-dermatitis-atopica-abordatge-des-de-les-farmacies-datencio-primaria-i-hospitals\/\" \/>\n<meta property=\"og:locale\" content=\"es_ES\" \/>\n<meta property=\"og:type\" content=\"article\" \/>\n<meta property=\"og:title\" content=\"&quot;Actualitzaci\u00f3 en dermatitis at\u00f2pica&quot;. Abordatge des de les farm\u00e0cies d&#039;Atenci\u00f3 Prim\u00e0ria i Hospitals - Col\u00b7legi de Farmac\u00e8utics de Barcelona\" \/>\n<meta property=\"og:description\" content=\"El passat 27 de maig, el COFB va organitzar la formaci\u00f3 \u201cActualitzaci\u00f3 en dermatitis at\u00f2pica\u201d amb el patrocini de Almirall.\" \/>\n<meta property=\"og:url\" content=\"https:\/\/www.cofb.org\/es\/2025\/07\/04\/actualitzacio-en-dermatitis-atopica-abordatge-des-de-les-farmacies-datencio-primaria-i-hospitals\/\" \/>\n<meta property=\"og:site_name\" content=\"Col\u00b7legi de Farmac\u00e8utics de Barcelona\" \/>\n<meta property=\"article:publisher\" content=\"https:\/\/www.facebook.com\/farmaceuticsbcn\/\" \/>\n<meta property=\"article:published_time\" content=\"2025-07-04T12:21:59+00:00\" \/>\n<meta property=\"article:modified_time\" content=\"2025-07-14T14:43:24+00:00\" \/>\n<meta property=\"og:image\" content=\"https:\/\/www.cofb.org\/wp-content\/uploads\/2025\/07\/COFB_DERMATITIS_10072025_2025_00-scaled.jpg\" \/>\n\t<meta property=\"og:image:width\" content=\"2560\" \/>\n\t<meta property=\"og:image:height\" content=\"1440\" \/>\n\t<meta property=\"og:image:type\" content=\"image\/jpeg\" \/>\n<meta name=\"author\" content=\"Xavier Magraner\" \/>\n<meta name=\"twitter:card\" content=\"summary_large_image\" \/>\n<meta name=\"twitter:creator\" content=\"@farmaceuticsbcn\" \/>\n<meta name=\"twitter:site\" content=\"@farmaceuticsbcn\" \/>\n<meta name=\"twitter:label1\" content=\"Escrito por\" \/>\n\t<meta name=\"twitter:data1\" content=\"Xavier Magraner\" \/>\n\t<meta name=\"twitter:label2\" content=\"Tiempo de lectura\" \/>\n\t<meta name=\"twitter:data2\" content=\"6 minutos\" \/>\n<script type=\"application\/ld+json\" class=\"yoast-schema-graph\">{\"@context\":\"https:\/\/schema.org\",\"@graph\":[{\"@type\":\"Article\",\"@id\":\"https:\/\/www.cofb.org\/2025\/07\/04\/actualitzacio-en-dermatitis-atopica-abordatge-des-de-les-farmacies-datencio-primaria-i-hospitals\/#article\",\"isPartOf\":{\"@id\":\"https:\/\/www.cofb.org\/2025\/07\/04\/actualitzacio-en-dermatitis-atopica-abordatge-des-de-les-farmacies-datencio-primaria-i-hospitals\/\"},\"author\":{\"name\":\"Xavier Magraner\",\"@id\":\"https:\/\/www.cofb.org\/#\/schema\/person\/e46d741cfb92c985a083d163d8270ae4\"},\"headline\":\"&#8220;Actualitzaci\u00f3 en dermatitis at\u00f2pica&#8221;. Abordatge des de les farm\u00e0cies d&#8217;Atenci\u00f3 Prim\u00e0ria i Hospitals\",\"datePublished\":\"2025-07-04T12:21:59+00:00\",\"dateModified\":\"2025-07-14T14:43:24+00:00\",\"mainEntityOfPage\":{\"@id\":\"https:\/\/www.cofb.org\/2025\/07\/04\/actualitzacio-en-dermatitis-atopica-abordatge-des-de-les-farmacies-datencio-primaria-i-hospitals\/\"},\"wordCount\":883,\"publisher\":{\"@id\":\"https:\/\/www.cofb.org\/#organization\"},\"image\":{\"@id\":\"https:\/\/www.cofb.org\/2025\/07\/04\/actualitzacio-en-dermatitis-atopica-abordatge-des-de-les-farmacies-datencio-primaria-i-hospitals\/#primaryimage\"},\"thumbnailUrl\":\"https:\/\/www.cofb.org\/wp-content\/uploads\/2025\/07\/COFB_DERMATITIS_10072025_2025_00-scaled.jpg\",\"keywords\":[\"Atenci\u00f3 prim\u00e0ria\",\"COFB\",\"Col\u00b7legi de Farmac\u00e8utics de Barcelona\",\"dermatitis at\u00f2pica\",\"dermat\u00f2leg\",\"farm\u00e0cia comunit\u00e0ria\",\"Formaci\u00f3\",\"innovaci\u00f3\",\"pacients\",\"picor\",\"qualitat de vida\",\"tractament\"],\"articleSection\":[\"Destacats\",\"M\u00f3n col\u00b7legial\"],\"inLanguage\":\"es\"},{\"@type\":\"WebPage\",\"@id\":\"https:\/\/www.cofb.org\/2025\/07\/04\/actualitzacio-en-dermatitis-atopica-abordatge-des-de-les-farmacies-datencio-primaria-i-hospitals\/\",\"url\":\"https:\/\/www.cofb.org\/2025\/07\/04\/actualitzacio-en-dermatitis-atopica-abordatge-des-de-les-farmacies-datencio-primaria-i-hospitals\/\",\"name\":\"\\\"Actualitzaci\u00f3 en dermatitis at\u00f2pica\\\". Abordatge des de les farm\u00e0cies d'Atenci\u00f3 Prim\u00e0ria i Hospitals - Col\u00b7legi de Farmac\u00e8utics de Barcelona\",\"isPartOf\":{\"@id\":\"https:\/\/www.cofb.org\/#website\"},\"primaryImageOfPage\":{\"@id\":\"https:\/\/www.cofb.org\/2025\/07\/04\/actualitzacio-en-dermatitis-atopica-abordatge-des-de-les-farmacies-datencio-primaria-i-hospitals\/#primaryimage\"},\"image\":{\"@id\":\"https:\/\/www.cofb.org\/2025\/07\/04\/actualitzacio-en-dermatitis-atopica-abordatge-des-de-les-farmacies-datencio-primaria-i-hospitals\/#primaryimage\"},\"thumbnailUrl\":\"https:\/\/www.cofb.org\/wp-content\/uploads\/2025\/07\/COFB_DERMATITIS_10072025_2025_00-scaled.jpg\",\"datePublished\":\"2025-07-04T12:21:59+00:00\",\"dateModified\":\"2025-07-14T14:43:24+00:00\",\"description\":\"El passat 27 de maig, el COFB va organitzar la formaci\u00f3 \u201cActualitzaci\u00f3 en dermatitis at\u00f2pica\u201d amb el patrocini de Almirall.\",\"breadcrumb\":{\"@id\":\"https:\/\/www.cofb.org\/2025\/07\/04\/actualitzacio-en-dermatitis-atopica-abordatge-des-de-les-farmacies-datencio-primaria-i-hospitals\/#breadcrumb\"},\"inLanguage\":\"es\",\"potentialAction\":[{\"@type\":\"ReadAction\",\"target\":[\"https:\/\/www.cofb.org\/2025\/07\/04\/actualitzacio-en-dermatitis-atopica-abordatge-des-de-les-farmacies-datencio-primaria-i-hospitals\/\"]}]},{\"@type\":\"ImageObject\",\"inLanguage\":\"es\",\"@id\":\"https:\/\/www.cofb.org\/2025\/07\/04\/actualitzacio-en-dermatitis-atopica-abordatge-des-de-les-farmacies-datencio-primaria-i-hospitals\/#primaryimage\",\"url\":\"https:\/\/www.cofb.org\/wp-content\/uploads\/2025\/07\/COFB_DERMATITIS_10072025_2025_00-scaled.jpg\",\"contentUrl\":\"https:\/\/www.cofb.org\/wp-content\/uploads\/2025\/07\/COFB_DERMATITIS_10072025_2025_00-scaled.jpg\",\"width\":2560,\"height\":1440},{\"@type\":\"BreadcrumbList\",\"@id\":\"https:\/\/www.cofb.org\/2025\/07\/04\/actualitzacio-en-dermatitis-atopica-abordatge-des-de-les-farmacies-datencio-primaria-i-hospitals\/#breadcrumb\",\"itemListElement\":[{\"@type\":\"ListItem\",\"position\":1,\"name\":\"Inici\",\"item\":\"https:\/\/novaorg.cofb.net\/\"},{\"@type\":\"ListItem\",\"position\":2,\"name\":\"&#8220;Actualitzaci\u00f3 en dermatitis at\u00f2pica&#8221;. Abordatge des de les farm\u00e0cies d&#8217;Atenci\u00f3 Prim\u00e0ria i Hospitals\"}]},{\"@type\":\"WebSite\",\"@id\":\"https:\/\/www.cofb.org\/#website\",\"url\":\"https:\/\/www.cofb.org\/\",\"name\":\"Col\u00b7legi de Farmac\u00e8utics de Barcelona\",\"description\":\"\",\"publisher\":{\"@id\":\"https:\/\/www.cofb.org\/#organization\"},\"potentialAction\":[{\"@type\":\"SearchAction\",\"target\":{\"@type\":\"EntryPoint\",\"urlTemplate\":\"https:\/\/www.cofb.org\/?s={search_term_string}\"},\"query-input\":\"required name=search_term_string\"}],\"inLanguage\":\"es\"},{\"@type\":\"Organization\",\"@id\":\"https:\/\/www.cofb.org\/#organization\",\"name\":\"Col\u00b7legi de Farmac\u00e8utics de Barcelona\",\"url\":\"https:\/\/www.cofb.org\/\",\"logo\":{\"@type\":\"ImageObject\",\"inLanguage\":\"es\",\"@id\":\"https:\/\/www.cofb.org\/#\/schema\/logo\/image\/\",\"url\":\"https:\/\/www.cofb.org\/wp-content\/uploads\/2023\/11\/cropped-Logotip-COFB.png\",\"contentUrl\":\"https:\/\/www.cofb.org\/wp-content\/uploads\/2023\/11\/cropped-Logotip-COFB.png\",\"width\":500,\"height\":105,\"caption\":\"Col\u00b7legi de Farmac\u00e8utics de Barcelona\"},\"image\":{\"@id\":\"https:\/\/www.cofb.org\/#\/schema\/logo\/image\/\"},\"sameAs\":[\"https:\/\/www.facebook.com\/farmaceuticsbcn\/\",\"https:\/\/twitter.com\/farmaceuticsbcn\",\"https:\/\/www.instagram.com\/farmaceuticsbcn\/\",\"https:\/\/www.linkedin.com\/company\/farmaceuticsbcn\/\"]},{\"@type\":\"Person\",\"@id\":\"https:\/\/www.cofb.org\/#\/schema\/person\/e46d741cfb92c985a083d163d8270ae4\",\"name\":\"Xavier Magraner\",\"image\":{\"@type\":\"ImageObject\",\"inLanguage\":\"es\",\"@id\":\"https:\/\/www.cofb.org\/#\/schema\/person\/image\/\",\"url\":\"https:\/\/secure.gravatar.com\/avatar\/aa0d1d4df59f71f88eebd5796c5388ff41c58d83c5301eb6e1d65646a289c37d?s=96&d=mm&r=g\",\"contentUrl\":\"https:\/\/secure.gravatar.com\/avatar\/aa0d1d4df59f71f88eebd5796c5388ff41c58d83c5301eb6e1d65646a289c37d?s=96&d=mm&r=g\",\"caption\":\"Xavier Magraner\"},\"url\":\"https:\/\/www.cofb.org\/es\/author\/xmagraner\/\"}]}<\/script>\n<!-- \/ Yoast SEO plugin. -->","yoast_head_json":{"title":"\"Actualitzaci\u00f3 en dermatitis at\u00f2pica\". Abordatge des de les farm\u00e0cies d'Atenci\u00f3 Prim\u00e0ria i Hospitals - Col\u00b7legi de Farmac\u00e8utics de Barcelona","description":"El passat 27 de maig, el COFB va organitzar la formaci\u00f3 \u201cActualitzaci\u00f3 en dermatitis at\u00f2pica\u201d amb el patrocini de Almirall.","robots":{"index":"index","follow":"follow","max-snippet":"max-snippet:-1","max-image-preview":"max-image-preview:large","max-video-preview":"max-video-preview:-1"},"canonical":"https:\/\/www.cofb.org\/es\/2025\/07\/04\/actualitzacio-en-dermatitis-atopica-abordatge-des-de-les-farmacies-datencio-primaria-i-hospitals\/","og_locale":"es_ES","og_type":"article","og_title":"\"Actualitzaci\u00f3 en dermatitis at\u00f2pica\". Abordatge des de les farm\u00e0cies d'Atenci\u00f3 Prim\u00e0ria i Hospitals - Col\u00b7legi de Farmac\u00e8utics de Barcelona","og_description":"El passat 27 de maig, el COFB va organitzar la formaci\u00f3 \u201cActualitzaci\u00f3 en dermatitis at\u00f2pica\u201d amb el patrocini de Almirall.","og_url":"https:\/\/www.cofb.org\/es\/2025\/07\/04\/actualitzacio-en-dermatitis-atopica-abordatge-des-de-les-farmacies-datencio-primaria-i-hospitals\/","og_site_name":"Col\u00b7legi de Farmac\u00e8utics de Barcelona","article_publisher":"https:\/\/www.facebook.com\/farmaceuticsbcn\/","article_published_time":"2025-07-04T12:21:59+00:00","article_modified_time":"2025-07-14T14:43:24+00:00","og_image":[{"width":2560,"height":1440,"url":"https:\/\/www.cofb.org\/wp-content\/uploads\/2025\/07\/COFB_DERMATITIS_10072025_2025_00-scaled.jpg","type":"image\/jpeg"}],"author":"Xavier Magraner","twitter_card":"summary_large_image","twitter_creator":"@farmaceuticsbcn","twitter_site":"@farmaceuticsbcn","twitter_misc":{"Escrito por":"Xavier Magraner","Tiempo de lectura":"6 minutos"},"schema":{"@context":"https:\/\/schema.org","@graph":[{"@type":"Article","@id":"https:\/\/www.cofb.org\/2025\/07\/04\/actualitzacio-en-dermatitis-atopica-abordatge-des-de-les-farmacies-datencio-primaria-i-hospitals\/#article","isPartOf":{"@id":"https:\/\/www.cofb.org\/2025\/07\/04\/actualitzacio-en-dermatitis-atopica-abordatge-des-de-les-farmacies-datencio-primaria-i-hospitals\/"},"author":{"name":"Xavier Magraner","@id":"https:\/\/www.cofb.org\/#\/schema\/person\/e46d741cfb92c985a083d163d8270ae4"},"headline":"&#8220;Actualitzaci\u00f3 en dermatitis at\u00f2pica&#8221;. Abordatge des de les farm\u00e0cies d&#8217;Atenci\u00f3 Prim\u00e0ria i Hospitals","datePublished":"2025-07-04T12:21:59+00:00","dateModified":"2025-07-14T14:43:24+00:00","mainEntityOfPage":{"@id":"https:\/\/www.cofb.org\/2025\/07\/04\/actualitzacio-en-dermatitis-atopica-abordatge-des-de-les-farmacies-datencio-primaria-i-hospitals\/"},"wordCount":883,"publisher":{"@id":"https:\/\/www.cofb.org\/#organization"},"image":{"@id":"https:\/\/www.cofb.org\/2025\/07\/04\/actualitzacio-en-dermatitis-atopica-abordatge-des-de-les-farmacies-datencio-primaria-i-hospitals\/#primaryimage"},"thumbnailUrl":"https:\/\/www.cofb.org\/wp-content\/uploads\/2025\/07\/COFB_DERMATITIS_10072025_2025_00-scaled.jpg","keywords":["Atenci\u00f3 prim\u00e0ria","COFB","Col\u00b7legi de Farmac\u00e8utics de Barcelona","dermatitis at\u00f2pica","dermat\u00f2leg","farm\u00e0cia comunit\u00e0ria","Formaci\u00f3","innovaci\u00f3","pacients","picor","qualitat de vida","tractament"],"articleSection":["Destacats","M\u00f3n col\u00b7legial"],"inLanguage":"es"},{"@type":"WebPage","@id":"https:\/\/www.cofb.org\/2025\/07\/04\/actualitzacio-en-dermatitis-atopica-abordatge-des-de-les-farmacies-datencio-primaria-i-hospitals\/","url":"https:\/\/www.cofb.org\/2025\/07\/04\/actualitzacio-en-dermatitis-atopica-abordatge-des-de-les-farmacies-datencio-primaria-i-hospitals\/","name":"\"Actualitzaci\u00f3 en dermatitis at\u00f2pica\". Abordatge des de les farm\u00e0cies d'Atenci\u00f3 Prim\u00e0ria i Hospitals - Col\u00b7legi de Farmac\u00e8utics de Barcelona","isPartOf":{"@id":"https:\/\/www.cofb.org\/#website"},"primaryImageOfPage":{"@id":"https:\/\/www.cofb.org\/2025\/07\/04\/actualitzacio-en-dermatitis-atopica-abordatge-des-de-les-farmacies-datencio-primaria-i-hospitals\/#primaryimage"},"image":{"@id":"https:\/\/www.cofb.org\/2025\/07\/04\/actualitzacio-en-dermatitis-atopica-abordatge-des-de-les-farmacies-datencio-primaria-i-hospitals\/#primaryimage"},"thumbnailUrl":"https:\/\/www.cofb.org\/wp-content\/uploads\/2025\/07\/COFB_DERMATITIS_10072025_2025_00-scaled.jpg","datePublished":"2025-07-04T12:21:59+00:00","dateModified":"2025-07-14T14:43:24+00:00","description":"El passat 27 de maig, el COFB va organitzar la formaci\u00f3 \u201cActualitzaci\u00f3 en dermatitis at\u00f2pica\u201d amb el patrocini de Almirall.","breadcrumb":{"@id":"https:\/\/www.cofb.org\/2025\/07\/04\/actualitzacio-en-dermatitis-atopica-abordatge-des-de-les-farmacies-datencio-primaria-i-hospitals\/#breadcrumb"},"inLanguage":"es","potentialAction":[{"@type":"ReadAction","target":["https:\/\/www.cofb.org\/2025\/07\/04\/actualitzacio-en-dermatitis-atopica-abordatge-des-de-les-farmacies-datencio-primaria-i-hospitals\/"]}]},{"@type":"ImageObject","inLanguage":"es","@id":"https:\/\/www.cofb.org\/2025\/07\/04\/actualitzacio-en-dermatitis-atopica-abordatge-des-de-les-farmacies-datencio-primaria-i-hospitals\/#primaryimage","url":"https:\/\/www.cofb.org\/wp-content\/uploads\/2025\/07\/COFB_DERMATITIS_10072025_2025_00-scaled.jpg","contentUrl":"https:\/\/www.cofb.org\/wp-content\/uploads\/2025\/07\/COFB_DERMATITIS_10072025_2025_00-scaled.jpg","width":2560,"height":1440},{"@type":"BreadcrumbList","@id":"https:\/\/www.cofb.org\/2025\/07\/04\/actualitzacio-en-dermatitis-atopica-abordatge-des-de-les-farmacies-datencio-primaria-i-hospitals\/#breadcrumb","itemListElement":[{"@type":"ListItem","position":1,"name":"Inici","item":"https:\/\/novaorg.cofb.net\/"},{"@type":"ListItem","position":2,"name":"&#8220;Actualitzaci\u00f3 en dermatitis at\u00f2pica&#8221;. Abordatge des de les farm\u00e0cies d&#8217;Atenci\u00f3 Prim\u00e0ria i Hospitals"}]},{"@type":"WebSite","@id":"https:\/\/www.cofb.org\/#website","url":"https:\/\/www.cofb.org\/","name":"Col\u00b7legi de Farmac\u00e8utics de Barcelona","description":"","publisher":{"@id":"https:\/\/www.cofb.org\/#organization"},"potentialAction":[{"@type":"SearchAction","target":{"@type":"EntryPoint","urlTemplate":"https:\/\/www.cofb.org\/?s={search_term_string}"},"query-input":"required name=search_term_string"}],"inLanguage":"es"},{"@type":"Organization","@id":"https:\/\/www.cofb.org\/#organization","name":"Col\u00b7legi de Farmac\u00e8utics de Barcelona","url":"https:\/\/www.cofb.org\/","logo":{"@type":"ImageObject","inLanguage":"es","@id":"https:\/\/www.cofb.org\/#\/schema\/logo\/image\/","url":"https:\/\/www.cofb.org\/wp-content\/uploads\/2023\/11\/cropped-Logotip-COFB.png","contentUrl":"https:\/\/www.cofb.org\/wp-content\/uploads\/2023\/11\/cropped-Logotip-COFB.png","width":500,"height":105,"caption":"Col\u00b7legi de Farmac\u00e8utics de Barcelona"},"image":{"@id":"https:\/\/www.cofb.org\/#\/schema\/logo\/image\/"},"sameAs":["https:\/\/www.facebook.com\/farmaceuticsbcn\/","https:\/\/twitter.com\/farmaceuticsbcn","https:\/\/www.instagram.com\/farmaceuticsbcn\/","https:\/\/www.linkedin.com\/company\/farmaceuticsbcn\/"]},{"@type":"Person","@id":"https:\/\/www.cofb.org\/#\/schema\/person\/e46d741cfb92c985a083d163d8270ae4","name":"Xavier Magraner","image":{"@type":"ImageObject","inLanguage":"es","@id":"https:\/\/www.cofb.org\/#\/schema\/person\/image\/","url":"https:\/\/secure.gravatar.com\/avatar\/aa0d1d4df59f71f88eebd5796c5388ff41c58d83c5301eb6e1d65646a289c37d?s=96&d=mm&r=g","contentUrl":"https:\/\/secure.gravatar.com\/avatar\/aa0d1d4df59f71f88eebd5796c5388ff41c58d83c5301eb6e1d65646a289c37d?s=96&d=mm&r=g","caption":"Xavier Magraner"},"url":"https:\/\/www.cofb.org\/es\/author\/xmagraner\/"}]}},"uagb_featured_image_src":{"full":["https:\/\/www.cofb.org\/wp-content\/uploads\/2025\/07\/COFB_DERMATITIS_10072025_2025_00-scaled.jpg",2560,1440,false],"thumbnail":["https:\/\/www.cofb.org\/wp-content\/uploads\/2025\/07\/COFB_DERMATITIS_10072025_2025_00-150x150.jpg",150,150,true],"medium":["https:\/\/www.cofb.org\/wp-content\/uploads\/2025\/07\/COFB_DERMATITIS_10072025_2025_00-300x169.jpg",300,169,true],"medium_large":["https:\/\/www.cofb.org\/wp-content\/uploads\/2025\/07\/COFB_DERMATITIS_10072025_2025_00-768x432.jpg",768,432,true],"large":["https:\/\/www.cofb.org\/wp-content\/uploads\/2025\/07\/COFB_DERMATITIS_10072025_2025_00-1024x576.jpg",1024,576,true],"1536x1536":["https:\/\/www.cofb.org\/wp-content\/uploads\/2025\/07\/COFB_DERMATITIS_10072025_2025_00-1536x864.jpg",1536,864,true],"2048x2048":["https:\/\/www.cofb.org\/wp-content\/uploads\/2025\/07\/COFB_DERMATITIS_10072025_2025_00-2048x1152.jpg",2048,1152,true],"trp-custom-language-flag":["https:\/\/www.cofb.org\/wp-content\/uploads\/2025\/07\/COFB_DERMATITIS_10072025_2025_00-18x10.jpg",18,10,true]},"uagb_author_info":{"display_name":"Xavier Magraner","author_link":"https:\/\/www.cofb.org\/es\/author\/xmagraner\/"},"uagb_comment_info":0,"uagb_excerpt":"El passat 27 de maig, el Col\u00b7legi de Farmac\u00e8utics de Barcelona (COFB)\u00a0va organitzar la formaci\u00f3 \u201cActualitzaci\u00f3 en dermatitis at\u00f2pica\u201d, amb la col\u00b7laboraci\u00f3 de la Sociedad Catalana de Farm\u00e0cia Cl\u00ednica i el patrocini d&#8217;Almirall. La sessi\u00f3 va comptar amb Jos\u00e9 Manuel Carrascosa, cap del Servei de Dermatologia de l\u2019Hospital Universitari Germans [&hellip;]","_links":{"self":[{"href":"https:\/\/www.cofb.org\/es\/wp-json\/wp\/v2\/posts\/81820","targetHints":{"allow":["GET"]}}],"collection":[{"href":"https:\/\/www.cofb.org\/es\/wp-json\/wp\/v2\/posts"}],"about":[{"href":"https:\/\/www.cofb.org\/es\/wp-json\/wp\/v2\/types\/post"}],"author":[{"embeddable":true,"href":"https:\/\/www.cofb.org\/es\/wp-json\/wp\/v2\/users\/10"}],"replies":[{"embeddable":true,"href":"https:\/\/www.cofb.org\/es\/wp-json\/wp\/v2\/comments?post=81820"}],"version-history":[{"count":27,"href":"https:\/\/www.cofb.org\/es\/wp-json\/wp\/v2\/posts\/81820\/revisions"}],"predecessor-version":[{"id":81924,"href":"https:\/\/www.cofb.org\/es\/wp-json\/wp\/v2\/posts\/81820\/revisions\/81924"}],"wp:featuredmedia":[{"embeddable":true,"href":"https:\/\/www.cofb.org\/es\/wp-json\/wp\/v2\/media\/81895"}],"wp:attachment":[{"href":"https:\/\/www.cofb.org\/es\/wp-json\/wp\/v2\/media?parent=81820"}],"wp:term":[{"taxonomy":"category","embeddable":true,"href":"https:\/\/www.cofb.org\/es\/wp-json\/wp\/v2\/categories?post=81820"},{"taxonomy":"post_tag","embeddable":true,"href":"https:\/\/www.cofb.org\/es\/wp-json\/wp\/v2\/tags?post=81820"}],"curies":[{"name":"wp","href":"https:\/\/api.w.org\/{rel}","templated":true}]}}