{"id":81654,"date":"2025-06-12T12:05:00","date_gmt":"2025-06-12T12:05:00","guid":{"rendered":"https:\/\/www.cofb.org\/?p=81654"},"modified":"2025-09-15T10:26:23","modified_gmt":"2025-09-15T10:26:23","slug":"circular-farmaceutica-ja-disponible-ledicio-del-tercer-quadrimestre-de-2024","status":"publish","type":"post","link":"https:\/\/www.cofb.org\/es\/2025\/06\/12\/circular-farmaceutica-ja-disponible-ledicio-del-tercer-quadrimestre-de-2024\/","title":{"rendered":"Circular farmac\u00e9utica: Ya disponible la edici\u00f3n del tercer cuatrimestre de 2024"},"content":{"rendered":"<p>Ya se puede acceder a un\u00a0<a href=\"https:\/\/www.cofb.org\/wp-content\/uploads\/2025\/07\/Circular82-3.pdf\" target=\"_blank\" rel=\"noreferrer noopener\"><strong>nuevo n\u00famero<\/strong>\u00a0<\/a>de la<strong>\u00a0<a href=\"https:\/\/www.cofb.org\/es\/colegi\/publicacions\/circular-farmaceutica\/\" target=\"_blank\" rel=\"noreferrer noopener\">Circular Farmac\u00e9utica<\/a><\/strong>, la publicaci\u00f3n cient\u00edfica que edita el<strong>\u00a0Col\u00b7legi de Farmac\u00e8utics de Barcelona<\/strong>\u00a0y que recoge art\u00edculos elaborados por profesionales sanitarios de reconocido prestigio para dar a conocer las\u00a0<strong>novedades terap\u00e9uticas<\/strong>, as\u00ed como contenidos relacionados con la atenci\u00f3n\u00a0<strong>farmac\u00e9utica y la salud p\u00fablica.\u00a0<\/strong><\/p>\n\n\n\n<p>En esta nueva edici\u00f3n&nbsp;<strong>destacamos<\/strong>&nbsp;los siguientes temas:<\/p>\n\n\n\n<ul class=\"wp-block-list\">\n<li><strong>An\u00e1lisis cl\u00ednicos: <\/strong>Individualizaci\u00f3n del manejo de f\u00e1rmacos mediante la implantaci\u00f3n de herramientas farmacogen\u00f3micas: presente y futuro<\/li>\n\n\n\n<li><strong>Casos Cl\u00ednicos: <\/strong>Epilepsia farmacoresistente en lactante de 5 meses<\/li>\n\n\n\n<li><strong>B\u00fasqueda: <\/strong>Fuentes de informaci\u00f3n valiosas para profesionales de la salud<\/li>\n<\/ul>\n\n\n<div class=\"destacat-blog\">\n<p>\u00c9ste es el contenido del <a href=\"https:\/\/www.cofb.org\/wp-content\/uploads\/2025\/07\/Circular82-3.pdf\" target=\"_blank\" rel=\"noopener\">Vuelo. 82 \/ N\u00ba. 3 Tercer Cuatrimestre 2024<\/a>:<\/p>\n<p><a href=\"https:\/\/www.cofb.org\/wp-content\/uploads\/2025\/07\/Circular82-3.pdf\" target=\"_blank\" rel=\"noopener\"><img fetchpriority=\"high\" decoding=\"async\" class=\"aligncenter wp-image-81691\" src=\"https:\/\/www.cofb.org\/wp-content\/uploads\/2025\/07\/Circular82-3-1.png\" alt=\"\" width=\"466\" height=\"659\" \/><\/a><\/p>\n<p><!-- \/wp:post-content --><\/p>\n<p><!-- wp:image {\"align\":\"center\",\"id\":67661,\"sizeSlug\":\"full\",\"linkDestination\":\"custom\",\"UAGDay\":[]} --><\/p>\n<p><!-- \/wp:image --><\/p>\n<p><!-- wp:group {\"UAGDay\":[]} --><\/p>\n<p><!-- \/wp:group --><\/p>\n<p><!-- wp:list --><\/p>\n<ul>\n<li style=\"list-style-type: none;\">\n<ul>\n<li style=\"list-style-type: none;\">\n<ul><!-- wp:list-item -->\n<li><strong>Editorial:\u00a0<\/strong>M. Rosa Ballester<\/li>\n<li><strong>An\u00e1lisis Cl\u00ednicos: <\/strong>Individualizaci\u00f3n del manejo de f\u00e1rmacos mediante la implantaci\u00f3n de herramientas farmacogen\u00f3micas: presente y futuro<\/li>\n<li><strong>Casos Cl\u00ednicos:<\/strong> Epilepsia farmacoresistente en lactante de 5 meses<\/li>\n<li><strong>Dermofarmacia y productos sanitarios<\/strong>: Ecto\u00edna, citroprotector del estr\u00e9s microbiano por el cuidado de la piel<\/li>\n<li><strong>Investigaci\u00f3n e investigaci\u00f3n:<\/strong> Fuentes de informaci\u00f3n valiosas para profesionales de la salud<\/li>\n<li><strong>Plantas Medicinales:<\/strong> Reishi, un hongo de tradici\u00f3n medicinal milenaria<\/li>\n<li><strong>Salud P\u00fablica:<\/strong> La farmacia en Catalu\u00f1a a principios del siglo XXI: 2000-2023<\/li>\n<li><strong>Farmac\u00e9uticos innovadores<\/strong><\/li>\n<\/ul>\n<\/li>\n<\/ul>\n<p><!-- wp:image {\"lightbox\":{\"enabled\":false},\"id\":81711,\"width\":\"513px\",\"height\":\"auto\",\"sizeSlug\":\"full\",\"linkDestination\":\"custom\",\"align\":\"center\"} --><\/p>\n<ul>\n<li style=\"list-style-type: none;\">\n<ul>\n<li style=\"list-style-type: none;\">\u00a0<\/li>\n<\/ul>\n<\/li>\n<\/ul>\n<p><!-- \/wp:image --><\/p>\n<p><!-- \/wp:list-item --><\/p>\n<p><!-- wp:paragraph --><\/p>\n<\/li>\n<\/ul>\n<\/div>\n<p><!-- \/wp:paragraph --><\/p>\n<p><!-- wp:image {\"id\":81744,\"width\":\"628px\",\"height\":\"auto\",\"sizeSlug\":\"full\",\"linkDestination\":\"none\"} --><\/p>\n<figure class=\"wp-block-image size-full is-resized\"><img decoding=\"async\" width=\"1024\" height=\"682\" class=\"wp-image-81744\" style=\"width: 628px; height: auto;\" src=\"https:\/\/www.cofb.org\/wp-content\/uploads\/2025\/07\/BLOG-CIRCULAR_publica_680x453_V2-1024x682-1.jpg\" alt=\"\" srcset=\"https:\/\/www.cofb.org\/wp-content\/uploads\/2025\/07\/BLOG-CIRCULAR_publica_680x453_V2-1024x682-1.jpg 1024w, https:\/\/www.cofb.org\/wp-content\/uploads\/2025\/07\/BLOG-CIRCULAR_publica_680x453_V2-1024x682-1-300x200.jpg 300w, https:\/\/www.cofb.org\/wp-content\/uploads\/2025\/07\/BLOG-CIRCULAR_publica_680x453_V2-1024x682-1-768x512.jpg 768w, https:\/\/www.cofb.org\/wp-content\/uploads\/2025\/07\/BLOG-CIRCULAR_publica_680x453_V2-1024x682-1-18x12.jpg 18w\" sizes=\"(max-width: 1024px) 100vw, 1024px\" \/><\/figure>\n<p><!-- \/wp:image --><\/p>\n<p><!-- wp:paragraph --><\/p>\n<div class=\"destacat-blog\"><!-- \/wp:paragraph -->\n<p><!-- wp:paragraph --><\/p>\n<p><a href=\"https:\/\/www.cofb.org\/es\/colegi\/publicacions\/circular-farmaceutica\/\" target=\"_blank\" rel=\"noreferrer noopener\"><strong>Ver n\u00fameros anteriores de Circular Farmac\u00e9utica<\/strong><\/a>\u00a0(v\u00eda cofb.org \u2013 en formato PDF)<\/p>\n<p><!-- \/wp:paragraph --><\/p>\n<p><!-- wp:paragraph --><\/p>\n<p><!-- \/wp:paragraph --><\/p>\n<p><!-- wp:paragraph --><\/p>\n<\/div>\n<p><!-- \/wp:paragraph --><\/p>\n\n<!-- wp:paragraph -->\n<p><\/p>\n<!-- \/wp:paragraph -->","protected":false},"excerpt":{"rendered":"<p>Ya se puede acceder a un nuevo n\u00famero de la Circular Farmac\u00e9utica, la publicaci\u00f3n cient\u00edfica que edita el Colegio de Farmac\u00e9uticos de Barcelona y recoge art\u00edculos elaborados por profesionales sanitarios de reconocido prestigio para dar a conocer las novedades terap\u00e9uticas, as\u00ed como contenidos relacionados con la atenci\u00f3n farmac\u00e9utica y la salud p\u00fablica. En esta nueva edici\u00f3n destacamos los siguientes [\u2026]<\/p>","protected":false},"author":10,"featured_media":81656,"comment_status":"closed","ping_status":"closed","sticky":false,"template":"","format":"standard","meta":{"_uag_custom_page_level_css":"","site-sidebar-layout":"default","site-content-layout":"","ast-site-content-layout":"default","site-content-style":"default","site-sidebar-style":"default","ast-global-header-display":"","ast-banner-title-visibility":"","ast-main-header-display":"","ast-hfb-above-header-display":"","ast-hfb-below-header-display":"","ast-hfb-mobile-header-display":"","site-post-title":"","ast-breadcrumbs-content":"","ast-featured-img":"disabled","footer-sml-layout":"","theme-transparent-header-meta":"","adv-header-id-meta":"","stick-header-meta":"","header-above-stick-meta":"","header-main-stick-meta":"","header-below-stick-meta":"","astra-migrate-meta-layouts":"set","ast-page-background-enabled":"default","ast-page-background-meta":{"desktop":{"background-color":"var(--ast-global-color-4)","background-image":"","background-repeat":"repeat","background-position":"center center","background-size":"auto","background-attachment":"scroll","background-type":"","background-media":"","overlay-type":"","overlay-color":"","overlay-opacity":"","overlay-gradient":""},"tablet":{"background-color":"","background-image":"","background-repeat":"repeat","background-position":"center center","background-size":"auto","background-attachment":"scroll","background-type":"","background-media":"","overlay-type":"","overlay-color":"","overlay-opacity":"","overlay-gradient":""},"mobile":{"background-color":"","background-image":"","background-repeat":"repeat","background-position":"center center","background-size":"auto","background-attachment":"scroll","background-type":"","background-media":"","overlay-type":"","overlay-color":"","overlay-opacity":"","overlay-gradient":""}},"ast-content-background-meta":{"desktop":{"background-color":"var(--ast-global-color-5)","background-image":"","background-repeat":"repeat","background-position":"center center","background-size":"auto","background-attachment":"scroll","background-type":"","background-media":"","overlay-type":"","overlay-color":"","overlay-opacity":"","overlay-gradient":""},"tablet":{"background-color":"var(--ast-global-color-5)","background-image":"","background-repeat":"repeat","background-position":"center center","background-size":"auto","background-attachment":"scroll","background-type":"","background-media":"","overlay-type":"","overlay-color":"","overlay-opacity":"","overlay-gradient":""},"mobile":{"background-color":"var(--ast-global-color-5)","background-image":"","background-repeat":"repeat","background-position":"center center","background-size":"auto","background-attachment":"scroll","background-type":"","background-media":"","overlay-type":"","overlay-color":"","overlay-opacity":"","overlay-gradient":""}},"footnotes":""},"categories":[23,57],"tags":[5394,448,89,18,68,94,5395,96],"class_list":["post-81654","post","type-post","status-publish","format-standard","has-post-thumbnail","hentry","category-destacats","category-mon-collegial","tag-casos-clinics-2","tag-circular","tag-circular-farmaceutica","tag-cofb","tag-farmacia","tag-plantes-medicinals","tag-reishi","tag-salut-publica"],"yoast_head":"<!-- This site is optimized with the Yoast SEO plugin v22.4 - https:\/\/yoast.com\/wordpress\/plugins\/seo\/ -->\n<title>Circular farmac\u00e8utica: Ja disponible l&#039;edici\u00f3 del tercer quadrimestre de 2024 - Col\u00b7legi de Farmac\u00e8utics de Barcelona<\/title>\n<meta name=\"description\" content=\"Ja es pot accedir a un\u00a0nou n\u00famero\u00a0de la\u00a0Circular Farmac\u00e8utica, la publicaci\u00f3 cient\u00edfica\u00a0que edita el\u00a0Col\u00b7legi de Farmac\u00e8utics de Barcelona\u00a0\" \/>\n<meta name=\"robots\" content=\"index, follow, max-snippet:-1, max-image-preview:large, max-video-preview:-1\" \/>\n<link rel=\"canonical\" href=\"https:\/\/www.cofb.org\/es\/2025\/06\/12\/circular-farmaceutica-ja-disponible-ledicio-del-tercer-quadrimestre-de-2024\/\" \/>\n<meta property=\"og:locale\" content=\"es_ES\" \/>\n<meta property=\"og:type\" content=\"article\" \/>\n<meta property=\"og:title\" content=\"Circular farmac\u00e8utica: Ja disponible l&#039;edici\u00f3 del tercer quadrimestre de 2024 - Col\u00b7legi de Farmac\u00e8utics de Barcelona\" \/>\n<meta property=\"og:description\" content=\"Ja es pot accedir a un\u00a0nou n\u00famero\u00a0de la\u00a0Circular Farmac\u00e8utica, la publicaci\u00f3 cient\u00edfica\u00a0que edita el\u00a0Col\u00b7legi de Farmac\u00e8utics de Barcelona\u00a0\" \/>\n<meta property=\"og:url\" content=\"https:\/\/www.cofb.org\/es\/2025\/06\/12\/circular-farmaceutica-ja-disponible-ledicio-del-tercer-quadrimestre-de-2024\/\" \/>\n<meta property=\"og:site_name\" content=\"Col\u00b7legi de Farmac\u00e8utics de Barcelona\" \/>\n<meta property=\"article:publisher\" content=\"https:\/\/www.facebook.com\/farmaceuticsbcn\/\" \/>\n<meta property=\"article:published_time\" content=\"2025-06-12T12:05:00+00:00\" \/>\n<meta property=\"article:modified_time\" content=\"2025-09-15T10:26:23+00:00\" \/>\n<meta property=\"og:image\" content=\"https:\/\/www.cofb.org\/wp-content\/uploads\/2025\/06\/Circular-2_2024.png\" \/>\n\t<meta property=\"og:image:width\" content=\"768\" \/>\n\t<meta property=\"og:image:height\" content=\"1012\" \/>\n\t<meta property=\"og:image:type\" content=\"image\/png\" \/>\n<meta name=\"author\" content=\"Xavier Magraner\" \/>\n<meta name=\"twitter:card\" content=\"summary_large_image\" \/>\n<meta name=\"twitter:creator\" content=\"@farmaceuticsbcn\" \/>\n<meta name=\"twitter:site\" content=\"@farmaceuticsbcn\" \/>\n<meta name=\"twitter:label1\" content=\"Escrito por\" \/>\n\t<meta name=\"twitter:data1\" content=\"Xavier Magraner\" \/>\n\t<meta name=\"twitter:label2\" content=\"Tiempo de lectura\" \/>\n\t<meta name=\"twitter:data2\" content=\"2 minutos\" \/>\n<script type=\"application\/ld+json\" class=\"yoast-schema-graph\">{\"@context\":\"https:\/\/schema.org\",\"@graph\":[{\"@type\":\"Article\",\"@id\":\"https:\/\/www.cofb.org\/2025\/06\/12\/circular-farmaceutica-ja-disponible-ledicio-del-tercer-quadrimestre-de-2024\/#article\",\"isPartOf\":{\"@id\":\"https:\/\/www.cofb.org\/2025\/06\/12\/circular-farmaceutica-ja-disponible-ledicio-del-tercer-quadrimestre-de-2024\/\"},\"author\":{\"name\":\"Xavier Magraner\",\"@id\":\"https:\/\/www.cofb.org\/#\/schema\/person\/e46d741cfb92c985a083d163d8270ae4\"},\"headline\":\"Circular farmac\u00e8utica: Ja disponible l&#8217;edici\u00f3 del tercer quadrimestre de 2024\",\"datePublished\":\"2025-06-12T12:05:00+00:00\",\"dateModified\":\"2025-09-15T10:26:23+00:00\",\"mainEntityOfPage\":{\"@id\":\"https:\/\/www.cofb.org\/2025\/06\/12\/circular-farmaceutica-ja-disponible-ledicio-del-tercer-quadrimestre-de-2024\/\"},\"wordCount\":247,\"publisher\":{\"@id\":\"https:\/\/www.cofb.org\/#organization\"},\"image\":{\"@id\":\"https:\/\/www.cofb.org\/2025\/06\/12\/circular-farmaceutica-ja-disponible-ledicio-del-tercer-quadrimestre-de-2024\/#primaryimage\"},\"thumbnailUrl\":\"https:\/\/www.cofb.org\/wp-content\/uploads\/2025\/06\/Circular-2_2024.png\",\"keywords\":[\"casos clinics\",\"circular\",\"Circular Farmac\u00e8utica\",\"COFB\",\"Farm\u00e0cia\",\"Plantes Medicinals\",\"reishi\",\"Salut p\u00fablica\"],\"articleSection\":[\"Destacats\",\"M\u00f3n col\u00b7legial\"],\"inLanguage\":\"es\"},{\"@type\":\"WebPage\",\"@id\":\"https:\/\/www.cofb.org\/2025\/06\/12\/circular-farmaceutica-ja-disponible-ledicio-del-tercer-quadrimestre-de-2024\/\",\"url\":\"https:\/\/www.cofb.org\/2025\/06\/12\/circular-farmaceutica-ja-disponible-ledicio-del-tercer-quadrimestre-de-2024\/\",\"name\":\"Circular farmac\u00e8utica: Ja disponible l'edici\u00f3 del tercer quadrimestre de 2024 - Col\u00b7legi de Farmac\u00e8utics de Barcelona\",\"isPartOf\":{\"@id\":\"https:\/\/www.cofb.org\/#website\"},\"primaryImageOfPage\":{\"@id\":\"https:\/\/www.cofb.org\/2025\/06\/12\/circular-farmaceutica-ja-disponible-ledicio-del-tercer-quadrimestre-de-2024\/#primaryimage\"},\"image\":{\"@id\":\"https:\/\/www.cofb.org\/2025\/06\/12\/circular-farmaceutica-ja-disponible-ledicio-del-tercer-quadrimestre-de-2024\/#primaryimage\"},\"thumbnailUrl\":\"https:\/\/www.cofb.org\/wp-content\/uploads\/2025\/06\/Circular-2_2024.png\",\"datePublished\":\"2025-06-12T12:05:00+00:00\",\"dateModified\":\"2025-09-15T10:26:23+00:00\",\"description\":\"Ja es pot accedir a un\u00a0nou n\u00famero\u00a0de la\u00a0Circular Farmac\u00e8utica, la publicaci\u00f3 cient\u00edfica\u00a0que edita el\u00a0Col\u00b7legi de Farmac\u00e8utics de Barcelona\u00a0\",\"breadcrumb\":{\"@id\":\"https:\/\/www.cofb.org\/2025\/06\/12\/circular-farmaceutica-ja-disponible-ledicio-del-tercer-quadrimestre-de-2024\/#breadcrumb\"},\"inLanguage\":\"es\",\"potentialAction\":[{\"@type\":\"ReadAction\",\"target\":[\"https:\/\/www.cofb.org\/2025\/06\/12\/circular-farmaceutica-ja-disponible-ledicio-del-tercer-quadrimestre-de-2024\/\"]}]},{\"@type\":\"ImageObject\",\"inLanguage\":\"es\",\"@id\":\"https:\/\/www.cofb.org\/2025\/06\/12\/circular-farmaceutica-ja-disponible-ledicio-del-tercer-quadrimestre-de-2024\/#primaryimage\",\"url\":\"https:\/\/www.cofb.org\/wp-content\/uploads\/2025\/06\/Circular-2_2024.png\",\"contentUrl\":\"https:\/\/www.cofb.org\/wp-content\/uploads\/2025\/06\/Circular-2_2024.png\",\"width\":768,\"height\":1012},{\"@type\":\"BreadcrumbList\",\"@id\":\"https:\/\/www.cofb.org\/2025\/06\/12\/circular-farmaceutica-ja-disponible-ledicio-del-tercer-quadrimestre-de-2024\/#breadcrumb\",\"itemListElement\":[{\"@type\":\"ListItem\",\"position\":1,\"name\":\"Inici\",\"item\":\"https:\/\/novaorg.cofb.net\/\"},{\"@type\":\"ListItem\",\"position\":2,\"name\":\"Circular farmac\u00e8utica: Ja disponible l&#8217;edici\u00f3 del tercer quadrimestre de 2024\"}]},{\"@type\":\"WebSite\",\"@id\":\"https:\/\/www.cofb.org\/#website\",\"url\":\"https:\/\/www.cofb.org\/\",\"name\":\"Col\u00b7legi de Farmac\u00e8utics de Barcelona\",\"description\":\"\",\"publisher\":{\"@id\":\"https:\/\/www.cofb.org\/#organization\"},\"potentialAction\":[{\"@type\":\"SearchAction\",\"target\":{\"@type\":\"EntryPoint\",\"urlTemplate\":\"https:\/\/www.cofb.org\/?s={search_term_string}\"},\"query-input\":\"required name=search_term_string\"}],\"inLanguage\":\"es\"},{\"@type\":\"Organization\",\"@id\":\"https:\/\/www.cofb.org\/#organization\",\"name\":\"Col\u00b7legi de Farmac\u00e8utics de Barcelona\",\"url\":\"https:\/\/www.cofb.org\/\",\"logo\":{\"@type\":\"ImageObject\",\"inLanguage\":\"es\",\"@id\":\"https:\/\/www.cofb.org\/#\/schema\/logo\/image\/\",\"url\":\"https:\/\/www.cofb.org\/wp-content\/uploads\/2023\/11\/cropped-Logotip-COFB.png\",\"contentUrl\":\"https:\/\/www.cofb.org\/wp-content\/uploads\/2023\/11\/cropped-Logotip-COFB.png\",\"width\":500,\"height\":105,\"caption\":\"Col\u00b7legi de Farmac\u00e8utics de Barcelona\"},\"image\":{\"@id\":\"https:\/\/www.cofb.org\/#\/schema\/logo\/image\/\"},\"sameAs\":[\"https:\/\/www.facebook.com\/farmaceuticsbcn\/\",\"https:\/\/twitter.com\/farmaceuticsbcn\",\"https:\/\/www.instagram.com\/farmaceuticsbcn\/\",\"https:\/\/www.linkedin.com\/company\/farmaceuticsbcn\/\"]},{\"@type\":\"Person\",\"@id\":\"https:\/\/www.cofb.org\/#\/schema\/person\/e46d741cfb92c985a083d163d8270ae4\",\"name\":\"Xavier Magraner\",\"image\":{\"@type\":\"ImageObject\",\"inLanguage\":\"es\",\"@id\":\"https:\/\/www.cofb.org\/#\/schema\/person\/image\/\",\"url\":\"https:\/\/secure.gravatar.com\/avatar\/aa0d1d4df59f71f88eebd5796c5388ff41c58d83c5301eb6e1d65646a289c37d?s=96&d=mm&r=g\",\"contentUrl\":\"https:\/\/secure.gravatar.com\/avatar\/aa0d1d4df59f71f88eebd5796c5388ff41c58d83c5301eb6e1d65646a289c37d?s=96&d=mm&r=g\",\"caption\":\"Xavier Magraner\"},\"url\":\"https:\/\/www.cofb.org\/es\/author\/xmagraner\/\"}]}<\/script>\n<!-- \/ Yoast SEO plugin. -->","yoast_head_json":{"title":"Circular farmac\u00e8utica: Ja disponible l'edici\u00f3 del tercer quadrimestre de 2024 - Col\u00b7legi de Farmac\u00e8utics de Barcelona","description":"Ja es pot accedir a un\u00a0nou n\u00famero\u00a0de la\u00a0Circular Farmac\u00e8utica, la publicaci\u00f3 cient\u00edfica\u00a0que edita el\u00a0Col\u00b7legi de Farmac\u00e8utics de Barcelona\u00a0","robots":{"index":"index","follow":"follow","max-snippet":"max-snippet:-1","max-image-preview":"max-image-preview:large","max-video-preview":"max-video-preview:-1"},"canonical":"https:\/\/www.cofb.org\/es\/2025\/06\/12\/circular-farmaceutica-ja-disponible-ledicio-del-tercer-quadrimestre-de-2024\/","og_locale":"es_ES","og_type":"article","og_title":"Circular farmac\u00e8utica: Ja disponible l'edici\u00f3 del tercer quadrimestre de 2024 - Col\u00b7legi de Farmac\u00e8utics de Barcelona","og_description":"Ja es pot accedir a un\u00a0nou n\u00famero\u00a0de la\u00a0Circular Farmac\u00e8utica, la publicaci\u00f3 cient\u00edfica\u00a0que edita el\u00a0Col\u00b7legi de Farmac\u00e8utics de Barcelona\u00a0","og_url":"https:\/\/www.cofb.org\/es\/2025\/06\/12\/circular-farmaceutica-ja-disponible-ledicio-del-tercer-quadrimestre-de-2024\/","og_site_name":"Col\u00b7legi de Farmac\u00e8utics de Barcelona","article_publisher":"https:\/\/www.facebook.com\/farmaceuticsbcn\/","article_published_time":"2025-06-12T12:05:00+00:00","article_modified_time":"2025-09-15T10:26:23+00:00","og_image":[{"width":768,"height":1012,"url":"https:\/\/www.cofb.org\/wp-content\/uploads\/2025\/06\/Circular-2_2024.png","type":"image\/png"}],"author":"Xavier Magraner","twitter_card":"summary_large_image","twitter_creator":"@farmaceuticsbcn","twitter_site":"@farmaceuticsbcn","twitter_misc":{"Escrito por":"Xavier Magraner","Tiempo de lectura":"2 minutos"},"schema":{"@context":"https:\/\/schema.org","@graph":[{"@type":"Article","@id":"https:\/\/www.cofb.org\/2025\/06\/12\/circular-farmaceutica-ja-disponible-ledicio-del-tercer-quadrimestre-de-2024\/#article","isPartOf":{"@id":"https:\/\/www.cofb.org\/2025\/06\/12\/circular-farmaceutica-ja-disponible-ledicio-del-tercer-quadrimestre-de-2024\/"},"author":{"name":"Xavier Magraner","@id":"https:\/\/www.cofb.org\/#\/schema\/person\/e46d741cfb92c985a083d163d8270ae4"},"headline":"Circular farmac\u00e8utica: Ja disponible l&#8217;edici\u00f3 del tercer quadrimestre de 2024","datePublished":"2025-06-12T12:05:00+00:00","dateModified":"2025-09-15T10:26:23+00:00","mainEntityOfPage":{"@id":"https:\/\/www.cofb.org\/2025\/06\/12\/circular-farmaceutica-ja-disponible-ledicio-del-tercer-quadrimestre-de-2024\/"},"wordCount":247,"publisher":{"@id":"https:\/\/www.cofb.org\/#organization"},"image":{"@id":"https:\/\/www.cofb.org\/2025\/06\/12\/circular-farmaceutica-ja-disponible-ledicio-del-tercer-quadrimestre-de-2024\/#primaryimage"},"thumbnailUrl":"https:\/\/www.cofb.org\/wp-content\/uploads\/2025\/06\/Circular-2_2024.png","keywords":["casos clinics","circular","Circular Farmac\u00e8utica","COFB","Farm\u00e0cia","Plantes Medicinals","reishi","Salut p\u00fablica"],"articleSection":["Destacats","M\u00f3n col\u00b7legial"],"inLanguage":"es"},{"@type":"WebPage","@id":"https:\/\/www.cofb.org\/2025\/06\/12\/circular-farmaceutica-ja-disponible-ledicio-del-tercer-quadrimestre-de-2024\/","url":"https:\/\/www.cofb.org\/2025\/06\/12\/circular-farmaceutica-ja-disponible-ledicio-del-tercer-quadrimestre-de-2024\/","name":"Circular farmac\u00e8utica: Ja disponible l'edici\u00f3 del tercer quadrimestre de 2024 - Col\u00b7legi de Farmac\u00e8utics de Barcelona","isPartOf":{"@id":"https:\/\/www.cofb.org\/#website"},"primaryImageOfPage":{"@id":"https:\/\/www.cofb.org\/2025\/06\/12\/circular-farmaceutica-ja-disponible-ledicio-del-tercer-quadrimestre-de-2024\/#primaryimage"},"image":{"@id":"https:\/\/www.cofb.org\/2025\/06\/12\/circular-farmaceutica-ja-disponible-ledicio-del-tercer-quadrimestre-de-2024\/#primaryimage"},"thumbnailUrl":"https:\/\/www.cofb.org\/wp-content\/uploads\/2025\/06\/Circular-2_2024.png","datePublished":"2025-06-12T12:05:00+00:00","dateModified":"2025-09-15T10:26:23+00:00","description":"Ja es pot accedir a un\u00a0nou n\u00famero\u00a0de la\u00a0Circular Farmac\u00e8utica, la publicaci\u00f3 cient\u00edfica\u00a0que edita el\u00a0Col\u00b7legi de Farmac\u00e8utics de Barcelona\u00a0","breadcrumb":{"@id":"https:\/\/www.cofb.org\/2025\/06\/12\/circular-farmaceutica-ja-disponible-ledicio-del-tercer-quadrimestre-de-2024\/#breadcrumb"},"inLanguage":"es","potentialAction":[{"@type":"ReadAction","target":["https:\/\/www.cofb.org\/2025\/06\/12\/circular-farmaceutica-ja-disponible-ledicio-del-tercer-quadrimestre-de-2024\/"]}]},{"@type":"ImageObject","inLanguage":"es","@id":"https:\/\/www.cofb.org\/2025\/06\/12\/circular-farmaceutica-ja-disponible-ledicio-del-tercer-quadrimestre-de-2024\/#primaryimage","url":"https:\/\/www.cofb.org\/wp-content\/uploads\/2025\/06\/Circular-2_2024.png","contentUrl":"https:\/\/www.cofb.org\/wp-content\/uploads\/2025\/06\/Circular-2_2024.png","width":768,"height":1012},{"@type":"BreadcrumbList","@id":"https:\/\/www.cofb.org\/2025\/06\/12\/circular-farmaceutica-ja-disponible-ledicio-del-tercer-quadrimestre-de-2024\/#breadcrumb","itemListElement":[{"@type":"ListItem","position":1,"name":"Inici","item":"https:\/\/novaorg.cofb.net\/"},{"@type":"ListItem","position":2,"name":"Circular farmac\u00e8utica: Ja disponible l&#8217;edici\u00f3 del tercer quadrimestre de 2024"}]},{"@type":"WebSite","@id":"https:\/\/www.cofb.org\/#website","url":"https:\/\/www.cofb.org\/","name":"Col\u00b7legi de Farmac\u00e8utics de Barcelona","description":"","publisher":{"@id":"https:\/\/www.cofb.org\/#organization"},"potentialAction":[{"@type":"SearchAction","target":{"@type":"EntryPoint","urlTemplate":"https:\/\/www.cofb.org\/?s={search_term_string}"},"query-input":"required name=search_term_string"}],"inLanguage":"es"},{"@type":"Organization","@id":"https:\/\/www.cofb.org\/#organization","name":"Col\u00b7legi de Farmac\u00e8utics de Barcelona","url":"https:\/\/www.cofb.org\/","logo":{"@type":"ImageObject","inLanguage":"es","@id":"https:\/\/www.cofb.org\/#\/schema\/logo\/image\/","url":"https:\/\/www.cofb.org\/wp-content\/uploads\/2023\/11\/cropped-Logotip-COFB.png","contentUrl":"https:\/\/www.cofb.org\/wp-content\/uploads\/2023\/11\/cropped-Logotip-COFB.png","width":500,"height":105,"caption":"Col\u00b7legi de Farmac\u00e8utics de Barcelona"},"image":{"@id":"https:\/\/www.cofb.org\/#\/schema\/logo\/image\/"},"sameAs":["https:\/\/www.facebook.com\/farmaceuticsbcn\/","https:\/\/twitter.com\/farmaceuticsbcn","https:\/\/www.instagram.com\/farmaceuticsbcn\/","https:\/\/www.linkedin.com\/company\/farmaceuticsbcn\/"]},{"@type":"Person","@id":"https:\/\/www.cofb.org\/#\/schema\/person\/e46d741cfb92c985a083d163d8270ae4","name":"Xavier Magraner","image":{"@type":"ImageObject","inLanguage":"es","@id":"https:\/\/www.cofb.org\/#\/schema\/person\/image\/","url":"https:\/\/secure.gravatar.com\/avatar\/aa0d1d4df59f71f88eebd5796c5388ff41c58d83c5301eb6e1d65646a289c37d?s=96&d=mm&r=g","contentUrl":"https:\/\/secure.gravatar.com\/avatar\/aa0d1d4df59f71f88eebd5796c5388ff41c58d83c5301eb6e1d65646a289c37d?s=96&d=mm&r=g","caption":"Xavier Magraner"},"url":"https:\/\/www.cofb.org\/es\/author\/xmagraner\/"}]}},"uagb_featured_image_src":{"full":["https:\/\/www.cofb.org\/wp-content\/uploads\/2025\/06\/Circular-2_2024.png",768,1012,false],"thumbnail":["https:\/\/www.cofb.org\/wp-content\/uploads\/2025\/06\/Circular-2_2024-150x150.png",150,150,true],"medium":["https:\/\/www.cofb.org\/wp-content\/uploads\/2025\/06\/Circular-2_2024-228x300.png",228,300,true],"medium_large":["https:\/\/www.cofb.org\/wp-content\/uploads\/2025\/06\/Circular-2_2024.png",768,1012,false],"large":["https:\/\/www.cofb.org\/wp-content\/uploads\/2025\/06\/Circular-2_2024.png",768,1012,false],"1536x1536":["https:\/\/www.cofb.org\/wp-content\/uploads\/2025\/06\/Circular-2_2024.png",768,1012,false],"2048x2048":["https:\/\/www.cofb.org\/wp-content\/uploads\/2025\/06\/Circular-2_2024.png",768,1012,false],"trp-custom-language-flag":["https:\/\/www.cofb.org\/wp-content\/uploads\/2025\/06\/Circular-2_2024-9x12.png",9,12,true]},"uagb_author_info":{"display_name":"Xavier Magraner","author_link":"https:\/\/www.cofb.org\/es\/author\/xmagraner\/"},"uagb_comment_info":0,"uagb_excerpt":"Ja es pot accedir a un\u00a0nou n\u00famero\u00a0de la\u00a0Circular Farmac\u00e8utica, la publicaci\u00f3 cient\u00edfica\u00a0que edita el\u00a0Col\u00b7legi de Farmac\u00e8utics de Barcelona\u00a0i que recull articles elaborats per professionals sanitaris de reconegut prestigi per a donar a con\u00e8ixer les\u00a0novetats terap\u00e8utiques, aix\u00ed com continguts relacionats amb l\u2019atenci\u00f3\u00a0farmac\u00e8utica i la salut p\u00fablica.\u00a0 En aquesta nova edici\u00f3&nbsp;destaquem&nbsp;els seg\u00fcents [&hellip;]","_links":{"self":[{"href":"https:\/\/www.cofb.org\/es\/wp-json\/wp\/v2\/posts\/81654","targetHints":{"allow":["GET"]}}],"collection":[{"href":"https:\/\/www.cofb.org\/es\/wp-json\/wp\/v2\/posts"}],"about":[{"href":"https:\/\/www.cofb.org\/es\/wp-json\/wp\/v2\/types\/post"}],"author":[{"embeddable":true,"href":"https:\/\/www.cofb.org\/es\/wp-json\/wp\/v2\/users\/10"}],"replies":[{"embeddable":true,"href":"https:\/\/www.cofb.org\/es\/wp-json\/wp\/v2\/comments?post=81654"}],"version-history":[{"count":5,"href":"https:\/\/www.cofb.org\/es\/wp-json\/wp\/v2\/posts\/81654\/revisions"}],"predecessor-version":[{"id":81757,"href":"https:\/\/www.cofb.org\/es\/wp-json\/wp\/v2\/posts\/81654\/revisions\/81757"}],"wp:featuredmedia":[{"embeddable":true,"href":"https:\/\/www.cofb.org\/es\/wp-json\/wp\/v2\/media\/81656"}],"wp:attachment":[{"href":"https:\/\/www.cofb.org\/es\/wp-json\/wp\/v2\/media?parent=81654"}],"wp:term":[{"taxonomy":"category","embeddable":true,"href":"https:\/\/www.cofb.org\/es\/wp-json\/wp\/v2\/categories?post=81654"},{"taxonomy":"post_tag","embeddable":true,"href":"https:\/\/www.cofb.org\/es\/wp-json\/wp\/v2\/tags?post=81654"}],"curies":[{"name":"wp","href":"https:\/\/api.w.org\/{rel}","templated":true}]}}