{"id":81517,"date":"2025-06-25T12:21:03","date_gmt":"2025-06-25T12:21:03","guid":{"rendered":"https:\/\/www.cofb.org\/?p=81517"},"modified":"2025-07-15T06:31:28","modified_gmt":"2025-07-15T06:31:28","slug":"arriba-la-x-edicio-del-concurs-de-fotografia-del-cofb","status":"publish","type":"post","link":"https:\/\/www.cofb.org\/es\/2025\/06\/25\/arriba-la-x-edicio-del-concurs-de-fotografia-del-cofb\/","title":{"rendered":"Llega la X edici\u00f3n del concurso de fotograf\u00eda del COFB"},"content":{"rendered":"<p>L<strong>a Secci\u00f3n de Fotograf\u00eda del Colegio de Farmac\u00e9uticos de Barcelona<\/strong>&nbsp;(FotoCofb), convoca el&nbsp;<strong>X Concurso de Fotograf\u00eda<\/strong>&nbsp;para todos los&nbsp;<strong>farmac\u00e9uticos colegiados y sus familiares, mayores de edad, de primer grado<\/strong>.<\/p>\n\n\n\n<figure class=\"wp-block-image size-large\"><img fetchpriority=\"high\" decoding=\"async\" width=\"1024\" height=\"682\" src=\"https:\/\/www.cofb.org\/wp-content\/uploads\/2025\/06\/COFB_CONCURS_FOTO_25062025_01-1024x682.png\" alt=\"El COFB presenta la nova edici\u00f3 del concurs de fotografia del COFB.\" class=\"wp-image-81524\" srcset=\"https:\/\/www.cofb.org\/wp-content\/uploads\/2025\/06\/COFB_CONCURS_FOTO_25062025_01-1024x682.png 1024w, https:\/\/www.cofb.org\/wp-content\/uploads\/2025\/06\/COFB_CONCURS_FOTO_25062025_01-300x200.png 300w, https:\/\/www.cofb.org\/wp-content\/uploads\/2025\/06\/COFB_CONCURS_FOTO_25062025_01-768x511.png 768w, https:\/\/www.cofb.org\/wp-content\/uploads\/2025\/06\/COFB_CONCURS_FOTO_25062025_01-1536x1023.png 1536w, https:\/\/www.cofb.org\/wp-content\/uploads\/2025\/06\/COFB_CONCURS_FOTO_25062025_01-2048x1364.png 2048w, https:\/\/www.cofb.org\/wp-content\/uploads\/2025\/06\/COFB_CONCURS_FOTO_25062025_01-18x12.png 18w\" sizes=\"(max-width: 1024px) 100vw, 1024px\" \/><\/figure>\n\n\n\n<h2 class=\"wp-block-heading\"><strong>Tem\u00e1tica y categor\u00edas<\/strong><\/h2>\n\n\n\n<p>La tem\u00e1tica escogida para esta edici\u00f3n es \u201c<strong>Puertas, ventanas<\/strong>\u201d y cuenta con dos categor\u00edas premiadas:<\/p>\n\n\n\n<ol class=\"wp-block-list\">\n<li>Fotograf\u00edas en&nbsp;<strong>color<\/strong>.<\/li>\n\n\n\n<li>Fotograf\u00edas en&nbsp;<strong>monocolor o blanco y negro<\/strong>.<\/li>\n<\/ol>\n\n\n\n<p>Cada participante puede presentar un m\u00e1ximo de&nbsp;<strong>dos<\/strong>&nbsp;fotograf\u00edas en color y&nbsp;<strong>dos&nbsp;<\/strong>en monocolor o blanco y negro. Las fotograf\u00edas deben ser&nbsp;<strong>originales, exclusivas de los autores y no haber sido premiadas ni publicadas.<\/strong><\/p>\n\n\n\n<h2 class=\"wp-block-heading\"><strong>Formatos de las fotograf\u00edas<\/strong><\/h2>\n\n\n\n<ul class=\"wp-block-list\">\n<li><strong>F<\/strong><strong>otograf\u00edas hechas con c\u00e1mara<\/strong>: deben tener una resoluci\u00f3n m\u00ednima de&nbsp;<strong>200ppi<\/strong>&nbsp;o la m\u00e1xima posible.<\/li>\n\n\n\n<li><strong>Fotograf\u00edas hechas con m\u00f3vil<\/strong>&nbsp;(smartphone): deben presentarse con la&nbsp;<strong>m\u00e1xima resoluci\u00f3n posible<\/strong>.<\/li>\n\n\n\n<li>Los participantes deben presentar las fotograf\u00edas en&nbsp;<strong>soporte digital<\/strong>, en&nbsp;<strong>archivo JPEG<\/strong><strong>&nbsp;o JPG<\/strong>&nbsp;(una por archivo).<\/li>\n<\/ul>\n\n\n\n<h2 class=\"wp-block-heading\"><strong>Premios<\/strong><\/h2>\n\n\n\n<p>Los premios consistir\u00e1n en<strong>&nbsp;libros de tem\u00e1tica fotogr\u00e1fica<\/strong>. Habr\u00e1 un premio para la&nbsp;<strong>mejor fotograf\u00eda en la categor\u00eda color<\/strong>&nbsp;y un premio para la&nbsp;<strong>mejor fotograf\u00eda en la categor\u00eda blanco y negro o monocolor<\/strong>.<\/p>\n\n\n\n<div class=\"destacat-blog\">\n\n\n\n<p><\/p>\n\n\n\n<p><\/p>\n\n\n<ul>\n<li>La inscripci\u00f3n es <strong>gratuita<\/strong> y se puede realizar a trav\u00e9s de \u00e9ste <a href=\"https:\/\/tramits.cofb.net\/Ciutadania\/DetallTramit.aspx?Cercador=True&amp;IdTramit=105&amp;TextCerca=viii\" target=\"_blank\" rel=\"noopener\">enlace<\/a>.<\/li>\n<li>Pueden participar los <strong>colegiados o familiares mayores de edad<\/strong>, de primer grado, que <strong>deben formalizar la inscripci\u00f3n antes del 31 de octubre de 2025<\/strong>.<\/li>\n<\/ul>\n<p><strong>Bases consultables <a href=\"https:\/\/comercial.cofb.net\/uploads\/Bases%20X%20Concurs%20de%20Fotografia.pdf\" target=\"_blank\" rel=\"noopener\">aqu\u00ed<\/a><\/strong>.<\/p>\n\n\n<p><\/p>\n\n\n\n<\/div>","protected":false},"excerpt":{"rendered":"<p>La Secci\u00f3n de Fotograf\u00eda del Colegio de Farmac\u00e9uticos de Barcelona (FotoCofb) convoca el X Concurso de Fotograf\u00eda para todos los farmac\u00e9uticos colegiados y sus familiares, mayores de edad, de primer grado. Tem\u00e1tica y categor\u00edas La tem\u00e1tica escogida para esta edici\u00f3n es \u201cPuertas, ventanas\u201d y cuenta con dos categor\u00edas premiadas: Cada participante puede presentar [\u2026]<\/p>","protected":false},"author":10,"featured_media":81524,"comment_status":"closed","ping_status":"closed","sticky":false,"template":"","format":"standard","meta":{"_uag_custom_page_level_css":"","site-sidebar-layout":"default","site-content-layout":"","ast-site-content-layout":"default","site-content-style":"default","site-sidebar-style":"default","ast-global-header-display":"","ast-banner-title-visibility":"","ast-main-header-display":"","ast-hfb-above-header-display":"","ast-hfb-below-header-display":"","ast-hfb-mobile-header-display":"","site-post-title":"","ast-breadcrumbs-content":"","ast-featured-img":"disabled","footer-sml-layout":"","theme-transparent-header-meta":"","adv-header-id-meta":"","stick-header-meta":"","header-above-stick-meta":"","header-main-stick-meta":"","header-below-stick-meta":"","astra-migrate-meta-layouts":"set","ast-page-background-enabled":"default","ast-page-background-meta":{"desktop":{"background-color":"var(--ast-global-color-4)","background-image":"","background-repeat":"repeat","background-position":"center center","background-size":"auto","background-attachment":"scroll","background-type":"","background-media":"","overlay-type":"","overlay-color":"","overlay-opacity":"","overlay-gradient":""},"tablet":{"background-color":"","background-image":"","background-repeat":"repeat","background-position":"center center","background-size":"auto","background-attachment":"scroll","background-type":"","background-media":"","overlay-type":"","overlay-color":"","overlay-opacity":"","overlay-gradient":""},"mobile":{"background-color":"","background-image":"","background-repeat":"repeat","background-position":"center center","background-size":"auto","background-attachment":"scroll","background-type":"","background-media":"","overlay-type":"","overlay-color":"","overlay-opacity":"","overlay-gradient":""}},"ast-content-background-meta":{"desktop":{"background-color":"var(--ast-global-color-5)","background-image":"","background-repeat":"repeat","background-position":"center center","background-size":"auto","background-attachment":"scroll","background-type":"","background-media":"","overlay-type":"","overlay-color":"","overlay-opacity":"","overlay-gradient":""},"tablet":{"background-color":"var(--ast-global-color-5)","background-image":"","background-repeat":"repeat","background-position":"center center","background-size":"auto","background-attachment":"scroll","background-type":"","background-media":"","overlay-type":"","overlay-color":"","overlay-opacity":"","overlay-gradient":""},"mobile":{"background-color":"var(--ast-global-color-5)","background-image":"","background-repeat":"repeat","background-position":"center center","background-size":"auto","background-attachment":"scroll","background-type":"","background-media":"","overlay-type":"","overlay-color":"","overlay-opacity":"","overlay-gradient":""}},"footnotes":""},"categories":[23,535],"tags":[18,894,5391,530,5390],"class_list":["post-81517","post","type-post","status-publish","format-standard","has-post-thumbnail","hentry","category-destacats","category-seccio-de-fotografia-del-cofb","tag-cofb","tag-concurs","tag-finestres","tag-fotografia","tag-portes"],"yoast_head":"<!-- This site is optimized with the Yoast SEO plugin v22.4 - https:\/\/yoast.com\/wordpress\/plugins\/seo\/ -->\n<title>Arriba la X edici\u00f3 del concurs de fotografia del COFB - Col\u00b7legi de Farmac\u00e8utics de Barcelona<\/title>\n<meta name=\"description\" content=\"El COFB presenta una nova edici\u00f3 del concurs de fotografia per a tots els\u00a0farmac\u00e8utics col\u00b7legiats i familiars\" \/>\n<meta name=\"robots\" content=\"index, follow, max-snippet:-1, max-image-preview:large, max-video-preview:-1\" \/>\n<link rel=\"canonical\" href=\"https:\/\/www.cofb.org\/es\/2025\/06\/25\/arriba-la-x-edicio-del-concurs-de-fotografia-del-cofb\/\" \/>\n<meta property=\"og:locale\" content=\"es_ES\" \/>\n<meta property=\"og:type\" content=\"article\" \/>\n<meta property=\"og:title\" content=\"Arriba la X edici\u00f3 del concurs de fotografia del COFB - Col\u00b7legi de Farmac\u00e8utics de Barcelona\" \/>\n<meta property=\"og:description\" content=\"El COFB presenta una nova edici\u00f3 del concurs de fotografia per a tots els\u00a0farmac\u00e8utics col\u00b7legiats i familiars\" \/>\n<meta property=\"og:url\" content=\"https:\/\/www.cofb.org\/es\/2025\/06\/25\/arriba-la-x-edicio-del-concurs-de-fotografia-del-cofb\/\" \/>\n<meta property=\"og:site_name\" content=\"Col\u00b7legi de Farmac\u00e8utics de Barcelona\" \/>\n<meta property=\"article:publisher\" content=\"https:\/\/www.facebook.com\/farmaceuticsbcn\/\" \/>\n<meta property=\"article:published_time\" content=\"2025-06-25T12:21:03+00:00\" \/>\n<meta property=\"article:modified_time\" content=\"2025-07-15T06:31:28+00:00\" \/>\n<meta property=\"og:image\" content=\"https:\/\/www.cofb.org\/wp-content\/uploads\/2025\/06\/COFB_CONCURS_FOTO_25062025_01-1024x682.png\" \/>\n\t<meta property=\"og:image:width\" content=\"1024\" \/>\n\t<meta property=\"og:image:height\" content=\"682\" \/>\n\t<meta property=\"og:image:type\" content=\"image\/png\" \/>\n<meta name=\"author\" content=\"Xavier Magraner\" \/>\n<meta name=\"twitter:card\" content=\"summary_large_image\" \/>\n<meta name=\"twitter:creator\" content=\"@farmaceuticsbcn\" \/>\n<meta name=\"twitter:site\" content=\"@farmaceuticsbcn\" \/>\n<meta name=\"twitter:label1\" content=\"Escrito por\" \/>\n\t<meta name=\"twitter:data1\" content=\"Xavier Magraner\" \/>\n\t<meta name=\"twitter:label2\" content=\"Tiempo de lectura\" \/>\n\t<meta name=\"twitter:data2\" content=\"2 minutos\" \/>\n<script type=\"application\/ld+json\" class=\"yoast-schema-graph\">{\"@context\":\"https:\/\/schema.org\",\"@graph\":[{\"@type\":\"Article\",\"@id\":\"https:\/\/www.cofb.org\/2025\/06\/25\/arriba-la-x-edicio-del-concurs-de-fotografia-del-cofb\/#article\",\"isPartOf\":{\"@id\":\"https:\/\/www.cofb.org\/2025\/06\/25\/arriba-la-x-edicio-del-concurs-de-fotografia-del-cofb\/\"},\"author\":{\"name\":\"Xavier Magraner\",\"@id\":\"https:\/\/www.cofb.org\/#\/schema\/person\/e46d741cfb92c985a083d163d8270ae4\"},\"headline\":\"Arriba la X edici\u00f3 del concurs de fotografia del COFB\",\"datePublished\":\"2025-06-25T12:21:03+00:00\",\"dateModified\":\"2025-07-15T06:31:28+00:00\",\"mainEntityOfPage\":{\"@id\":\"https:\/\/www.cofb.org\/2025\/06\/25\/arriba-la-x-edicio-del-concurs-de-fotografia-del-cofb\/\"},\"wordCount\":277,\"publisher\":{\"@id\":\"https:\/\/www.cofb.org\/#organization\"},\"image\":{\"@id\":\"https:\/\/www.cofb.org\/2025\/06\/25\/arriba-la-x-edicio-del-concurs-de-fotografia-del-cofb\/#primaryimage\"},\"thumbnailUrl\":\"https:\/\/www.cofb.org\/wp-content\/uploads\/2025\/06\/COFB_CONCURS_FOTO_25062025_01.png\",\"keywords\":[\"COFB\",\"concurs\",\"finestres\",\"fotografia\",\"Portes\"],\"articleSection\":[\"Destacats\",\"Secci\u00f3 de fotografia del COFB\"],\"inLanguage\":\"es\"},{\"@type\":\"WebPage\",\"@id\":\"https:\/\/www.cofb.org\/2025\/06\/25\/arriba-la-x-edicio-del-concurs-de-fotografia-del-cofb\/\",\"url\":\"https:\/\/www.cofb.org\/2025\/06\/25\/arriba-la-x-edicio-del-concurs-de-fotografia-del-cofb\/\",\"name\":\"Arriba la X edici\u00f3 del concurs de fotografia del COFB - Col\u00b7legi de Farmac\u00e8utics de Barcelona\",\"isPartOf\":{\"@id\":\"https:\/\/www.cofb.org\/#website\"},\"primaryImageOfPage\":{\"@id\":\"https:\/\/www.cofb.org\/2025\/06\/25\/arriba-la-x-edicio-del-concurs-de-fotografia-del-cofb\/#primaryimage\"},\"image\":{\"@id\":\"https:\/\/www.cofb.org\/2025\/06\/25\/arriba-la-x-edicio-del-concurs-de-fotografia-del-cofb\/#primaryimage\"},\"thumbnailUrl\":\"https:\/\/www.cofb.org\/wp-content\/uploads\/2025\/06\/COFB_CONCURS_FOTO_25062025_01.png\",\"datePublished\":\"2025-06-25T12:21:03+00:00\",\"dateModified\":\"2025-07-15T06:31:28+00:00\",\"description\":\"El COFB presenta una nova edici\u00f3 del concurs de fotografia per a tots els\u00a0farmac\u00e8utics col\u00b7legiats i familiars\",\"breadcrumb\":{\"@id\":\"https:\/\/www.cofb.org\/2025\/06\/25\/arriba-la-x-edicio-del-concurs-de-fotografia-del-cofb\/#breadcrumb\"},\"inLanguage\":\"es\",\"potentialAction\":[{\"@type\":\"ReadAction\",\"target\":[\"https:\/\/www.cofb.org\/2025\/06\/25\/arriba-la-x-edicio-del-concurs-de-fotografia-del-cofb\/\"]}]},{\"@type\":\"ImageObject\",\"inLanguage\":\"es\",\"@id\":\"https:\/\/www.cofb.org\/2025\/06\/25\/arriba-la-x-edicio-del-concurs-de-fotografia-del-cofb\/#primaryimage\",\"url\":\"https:\/\/www.cofb.org\/wp-content\/uploads\/2025\/06\/COFB_CONCURS_FOTO_25062025_01.png\",\"contentUrl\":\"https:\/\/www.cofb.org\/wp-content\/uploads\/2025\/06\/COFB_CONCURS_FOTO_25062025_01.png\",\"width\":2500,\"height\":1665},{\"@type\":\"BreadcrumbList\",\"@id\":\"https:\/\/www.cofb.org\/2025\/06\/25\/arriba-la-x-edicio-del-concurs-de-fotografia-del-cofb\/#breadcrumb\",\"itemListElement\":[{\"@type\":\"ListItem\",\"position\":1,\"name\":\"Inici\",\"item\":\"https:\/\/novaorg.cofb.net\/\"},{\"@type\":\"ListItem\",\"position\":2,\"name\":\"Arriba la X edici\u00f3 del concurs de fotografia del COFB\"}]},{\"@type\":\"WebSite\",\"@id\":\"https:\/\/www.cofb.org\/#website\",\"url\":\"https:\/\/www.cofb.org\/\",\"name\":\"Col\u00b7legi de Farmac\u00e8utics de Barcelona\",\"description\":\"\",\"publisher\":{\"@id\":\"https:\/\/www.cofb.org\/#organization\"},\"potentialAction\":[{\"@type\":\"SearchAction\",\"target\":{\"@type\":\"EntryPoint\",\"urlTemplate\":\"https:\/\/www.cofb.org\/?s={search_term_string}\"},\"query-input\":\"required name=search_term_string\"}],\"inLanguage\":\"es\"},{\"@type\":\"Organization\",\"@id\":\"https:\/\/www.cofb.org\/#organization\",\"name\":\"Col\u00b7legi de Farmac\u00e8utics de Barcelona\",\"url\":\"https:\/\/www.cofb.org\/\",\"logo\":{\"@type\":\"ImageObject\",\"inLanguage\":\"es\",\"@id\":\"https:\/\/www.cofb.org\/#\/schema\/logo\/image\/\",\"url\":\"https:\/\/www.cofb.org\/wp-content\/uploads\/2023\/11\/cropped-Logotip-COFB.png\",\"contentUrl\":\"https:\/\/www.cofb.org\/wp-content\/uploads\/2023\/11\/cropped-Logotip-COFB.png\",\"width\":500,\"height\":105,\"caption\":\"Col\u00b7legi de Farmac\u00e8utics de Barcelona\"},\"image\":{\"@id\":\"https:\/\/www.cofb.org\/#\/schema\/logo\/image\/\"},\"sameAs\":[\"https:\/\/www.facebook.com\/farmaceuticsbcn\/\",\"https:\/\/twitter.com\/farmaceuticsbcn\",\"https:\/\/www.instagram.com\/farmaceuticsbcn\/\",\"https:\/\/www.linkedin.com\/company\/farmaceuticsbcn\/\"]},{\"@type\":\"Person\",\"@id\":\"https:\/\/www.cofb.org\/#\/schema\/person\/e46d741cfb92c985a083d163d8270ae4\",\"name\":\"Xavier Magraner\",\"image\":{\"@type\":\"ImageObject\",\"inLanguage\":\"es\",\"@id\":\"https:\/\/www.cofb.org\/#\/schema\/person\/image\/\",\"url\":\"https:\/\/secure.gravatar.com\/avatar\/aa0d1d4df59f71f88eebd5796c5388ff41c58d83c5301eb6e1d65646a289c37d?s=96&d=mm&r=g\",\"contentUrl\":\"https:\/\/secure.gravatar.com\/avatar\/aa0d1d4df59f71f88eebd5796c5388ff41c58d83c5301eb6e1d65646a289c37d?s=96&d=mm&r=g\",\"caption\":\"Xavier Magraner\"},\"url\":\"https:\/\/www.cofb.org\/es\/author\/xmagraner\/\"}]}<\/script>\n<!-- \/ Yoast SEO plugin. -->","yoast_head_json":{"title":"Arriba la X edici\u00f3 del concurs de fotografia del COFB - Col\u00b7legi de Farmac\u00e8utics de Barcelona","description":"El COFB presenta una nova edici\u00f3 del concurs de fotografia per a tots els\u00a0farmac\u00e8utics col\u00b7legiats i familiars","robots":{"index":"index","follow":"follow","max-snippet":"max-snippet:-1","max-image-preview":"max-image-preview:large","max-video-preview":"max-video-preview:-1"},"canonical":"https:\/\/www.cofb.org\/es\/2025\/06\/25\/arriba-la-x-edicio-del-concurs-de-fotografia-del-cofb\/","og_locale":"es_ES","og_type":"article","og_title":"Arriba la X edici\u00f3 del concurs de fotografia del COFB - Col\u00b7legi de Farmac\u00e8utics de Barcelona","og_description":"El COFB presenta una nova edici\u00f3 del concurs de fotografia per a tots els\u00a0farmac\u00e8utics col\u00b7legiats i familiars","og_url":"https:\/\/www.cofb.org\/es\/2025\/06\/25\/arriba-la-x-edicio-del-concurs-de-fotografia-del-cofb\/","og_site_name":"Col\u00b7legi de Farmac\u00e8utics de Barcelona","article_publisher":"https:\/\/www.facebook.com\/farmaceuticsbcn\/","article_published_time":"2025-06-25T12:21:03+00:00","article_modified_time":"2025-07-15T06:31:28+00:00","og_image":[{"width":1024,"height":682,"url":"https:\/\/www.cofb.org\/wp-content\/uploads\/2025\/06\/COFB_CONCURS_FOTO_25062025_01-1024x682.png","type":"image\/png"}],"author":"Xavier Magraner","twitter_card":"summary_large_image","twitter_creator":"@farmaceuticsbcn","twitter_site":"@farmaceuticsbcn","twitter_misc":{"Escrito por":"Xavier Magraner","Tiempo de lectura":"2 minutos"},"schema":{"@context":"https:\/\/schema.org","@graph":[{"@type":"Article","@id":"https:\/\/www.cofb.org\/2025\/06\/25\/arriba-la-x-edicio-del-concurs-de-fotografia-del-cofb\/#article","isPartOf":{"@id":"https:\/\/www.cofb.org\/2025\/06\/25\/arriba-la-x-edicio-del-concurs-de-fotografia-del-cofb\/"},"author":{"name":"Xavier Magraner","@id":"https:\/\/www.cofb.org\/#\/schema\/person\/e46d741cfb92c985a083d163d8270ae4"},"headline":"Arriba la X edici\u00f3 del concurs de fotografia del COFB","datePublished":"2025-06-25T12:21:03+00:00","dateModified":"2025-07-15T06:31:28+00:00","mainEntityOfPage":{"@id":"https:\/\/www.cofb.org\/2025\/06\/25\/arriba-la-x-edicio-del-concurs-de-fotografia-del-cofb\/"},"wordCount":277,"publisher":{"@id":"https:\/\/www.cofb.org\/#organization"},"image":{"@id":"https:\/\/www.cofb.org\/2025\/06\/25\/arriba-la-x-edicio-del-concurs-de-fotografia-del-cofb\/#primaryimage"},"thumbnailUrl":"https:\/\/www.cofb.org\/wp-content\/uploads\/2025\/06\/COFB_CONCURS_FOTO_25062025_01.png","keywords":["COFB","concurs","finestres","fotografia","Portes"],"articleSection":["Destacats","Secci\u00f3 de fotografia del COFB"],"inLanguage":"es"},{"@type":"WebPage","@id":"https:\/\/www.cofb.org\/2025\/06\/25\/arriba-la-x-edicio-del-concurs-de-fotografia-del-cofb\/","url":"https:\/\/www.cofb.org\/2025\/06\/25\/arriba-la-x-edicio-del-concurs-de-fotografia-del-cofb\/","name":"Arriba la X edici\u00f3 del concurs de fotografia del COFB - Col\u00b7legi de Farmac\u00e8utics de Barcelona","isPartOf":{"@id":"https:\/\/www.cofb.org\/#website"},"primaryImageOfPage":{"@id":"https:\/\/www.cofb.org\/2025\/06\/25\/arriba-la-x-edicio-del-concurs-de-fotografia-del-cofb\/#primaryimage"},"image":{"@id":"https:\/\/www.cofb.org\/2025\/06\/25\/arriba-la-x-edicio-del-concurs-de-fotografia-del-cofb\/#primaryimage"},"thumbnailUrl":"https:\/\/www.cofb.org\/wp-content\/uploads\/2025\/06\/COFB_CONCURS_FOTO_25062025_01.png","datePublished":"2025-06-25T12:21:03+00:00","dateModified":"2025-07-15T06:31:28+00:00","description":"El COFB presenta una nova edici\u00f3 del concurs de fotografia per a tots els\u00a0farmac\u00e8utics col\u00b7legiats i familiars","breadcrumb":{"@id":"https:\/\/www.cofb.org\/2025\/06\/25\/arriba-la-x-edicio-del-concurs-de-fotografia-del-cofb\/#breadcrumb"},"inLanguage":"es","potentialAction":[{"@type":"ReadAction","target":["https:\/\/www.cofb.org\/2025\/06\/25\/arriba-la-x-edicio-del-concurs-de-fotografia-del-cofb\/"]}]},{"@type":"ImageObject","inLanguage":"es","@id":"https:\/\/www.cofb.org\/2025\/06\/25\/arriba-la-x-edicio-del-concurs-de-fotografia-del-cofb\/#primaryimage","url":"https:\/\/www.cofb.org\/wp-content\/uploads\/2025\/06\/COFB_CONCURS_FOTO_25062025_01.png","contentUrl":"https:\/\/www.cofb.org\/wp-content\/uploads\/2025\/06\/COFB_CONCURS_FOTO_25062025_01.png","width":2500,"height":1665},{"@type":"BreadcrumbList","@id":"https:\/\/www.cofb.org\/2025\/06\/25\/arriba-la-x-edicio-del-concurs-de-fotografia-del-cofb\/#breadcrumb","itemListElement":[{"@type":"ListItem","position":1,"name":"Inici","item":"https:\/\/novaorg.cofb.net\/"},{"@type":"ListItem","position":2,"name":"Arriba la X edici\u00f3 del concurs de fotografia del COFB"}]},{"@type":"WebSite","@id":"https:\/\/www.cofb.org\/#website","url":"https:\/\/www.cofb.org\/","name":"Col\u00b7legi de Farmac\u00e8utics de Barcelona","description":"","publisher":{"@id":"https:\/\/www.cofb.org\/#organization"},"potentialAction":[{"@type":"SearchAction","target":{"@type":"EntryPoint","urlTemplate":"https:\/\/www.cofb.org\/?s={search_term_string}"},"query-input":"required name=search_term_string"}],"inLanguage":"es"},{"@type":"Organization","@id":"https:\/\/www.cofb.org\/#organization","name":"Col\u00b7legi de Farmac\u00e8utics de Barcelona","url":"https:\/\/www.cofb.org\/","logo":{"@type":"ImageObject","inLanguage":"es","@id":"https:\/\/www.cofb.org\/#\/schema\/logo\/image\/","url":"https:\/\/www.cofb.org\/wp-content\/uploads\/2023\/11\/cropped-Logotip-COFB.png","contentUrl":"https:\/\/www.cofb.org\/wp-content\/uploads\/2023\/11\/cropped-Logotip-COFB.png","width":500,"height":105,"caption":"Col\u00b7legi de Farmac\u00e8utics de Barcelona"},"image":{"@id":"https:\/\/www.cofb.org\/#\/schema\/logo\/image\/"},"sameAs":["https:\/\/www.facebook.com\/farmaceuticsbcn\/","https:\/\/twitter.com\/farmaceuticsbcn","https:\/\/www.instagram.com\/farmaceuticsbcn\/","https:\/\/www.linkedin.com\/company\/farmaceuticsbcn\/"]},{"@type":"Person","@id":"https:\/\/www.cofb.org\/#\/schema\/person\/e46d741cfb92c985a083d163d8270ae4","name":"Xavier Magraner","image":{"@type":"ImageObject","inLanguage":"es","@id":"https:\/\/www.cofb.org\/#\/schema\/person\/image\/","url":"https:\/\/secure.gravatar.com\/avatar\/aa0d1d4df59f71f88eebd5796c5388ff41c58d83c5301eb6e1d65646a289c37d?s=96&d=mm&r=g","contentUrl":"https:\/\/secure.gravatar.com\/avatar\/aa0d1d4df59f71f88eebd5796c5388ff41c58d83c5301eb6e1d65646a289c37d?s=96&d=mm&r=g","caption":"Xavier Magraner"},"url":"https:\/\/www.cofb.org\/es\/author\/xmagraner\/"}]}},"uagb_featured_image_src":{"full":["https:\/\/www.cofb.org\/wp-content\/uploads\/2025\/06\/COFB_CONCURS_FOTO_25062025_01.png",2500,1665,false],"thumbnail":["https:\/\/www.cofb.org\/wp-content\/uploads\/2025\/06\/COFB_CONCURS_FOTO_25062025_01-150x150.png",150,150,true],"medium":["https:\/\/www.cofb.org\/wp-content\/uploads\/2025\/06\/COFB_CONCURS_FOTO_25062025_01-300x200.png",300,200,true],"medium_large":["https:\/\/www.cofb.org\/wp-content\/uploads\/2025\/06\/COFB_CONCURS_FOTO_25062025_01-768x511.png",768,511,true],"large":["https:\/\/www.cofb.org\/wp-content\/uploads\/2025\/06\/COFB_CONCURS_FOTO_25062025_01-1024x682.png",1024,682,true],"1536x1536":["https:\/\/www.cofb.org\/wp-content\/uploads\/2025\/06\/COFB_CONCURS_FOTO_25062025_01-1536x1023.png",1536,1023,true],"2048x2048":["https:\/\/www.cofb.org\/wp-content\/uploads\/2025\/06\/COFB_CONCURS_FOTO_25062025_01-2048x1364.png",2048,1364,true],"trp-custom-language-flag":["https:\/\/www.cofb.org\/wp-content\/uploads\/2025\/06\/COFB_CONCURS_FOTO_25062025_01-18x12.png",18,12,true]},"uagb_author_info":{"display_name":"Xavier Magraner","author_link":"https:\/\/www.cofb.org\/es\/author\/xmagraner\/"},"uagb_comment_info":0,"uagb_excerpt":"La Secci\u00f3 de Fotografia del Col\u00b7legi de Farmac\u00e8utics de Barcelona&nbsp;(FotoCofb), convoca el&nbsp;X Concurs de Fotografia&nbsp;per a tots els&nbsp;farmac\u00e8utics col\u00b7legiats i els seus familiars, majors d\u2019edat, de primer grau. Tem\u00e0tica i categories La tem\u00e0tica escollida per aquesta edici\u00f3 \u00e9s \u201cPortes, finestres\u201d i compta amb dues categories premiades: Cada participant pot presentar [&hellip;]","_links":{"self":[{"href":"https:\/\/www.cofb.org\/es\/wp-json\/wp\/v2\/posts\/81517","targetHints":{"allow":["GET"]}}],"collection":[{"href":"https:\/\/www.cofb.org\/es\/wp-json\/wp\/v2\/posts"}],"about":[{"href":"https:\/\/www.cofb.org\/es\/wp-json\/wp\/v2\/types\/post"}],"author":[{"embeddable":true,"href":"https:\/\/www.cofb.org\/es\/wp-json\/wp\/v2\/users\/10"}],"replies":[{"embeddable":true,"href":"https:\/\/www.cofb.org\/es\/wp-json\/wp\/v2\/comments?post=81517"}],"version-history":[{"count":9,"href":"https:\/\/www.cofb.org\/es\/wp-json\/wp\/v2\/posts\/81517\/revisions"}],"predecessor-version":[{"id":81528,"href":"https:\/\/www.cofb.org\/es\/wp-json\/wp\/v2\/posts\/81517\/revisions\/81528"}],"wp:featuredmedia":[{"embeddable":true,"href":"https:\/\/www.cofb.org\/es\/wp-json\/wp\/v2\/media\/81524"}],"wp:attachment":[{"href":"https:\/\/www.cofb.org\/es\/wp-json\/wp\/v2\/media?parent=81517"}],"wp:term":[{"taxonomy":"category","embeddable":true,"href":"https:\/\/www.cofb.org\/es\/wp-json\/wp\/v2\/categories?post=81517"},{"taxonomy":"post_tag","embeddable":true,"href":"https:\/\/www.cofb.org\/es\/wp-json\/wp\/v2\/tags?post=81517"}],"curies":[{"name":"wp","href":"https:\/\/api.w.org\/{rel}","templated":true}]}}