{"id":81489,"date":"2025-06-19T11:37:57","date_gmt":"2025-06-19T11:37:57","guid":{"rendered":"https:\/\/www.cofb.org\/?p=81489"},"modified":"2025-07-15T06:31:48","modified_gmt":"2025-07-15T06:31:48","slug":"la-campanya-jo-tajudo-a-respirar-tu-majudes-a-reciclar-guardonada-als-iv-premis-a-la-innovacio-social-del-cgcof","status":"publish","type":"post","link":"https:\/\/www.cofb.org\/es\/2025\/06\/19\/la-campanya-jo-tajudo-a-respirar-tu-majudes-a-reciclar-guardonada-als-iv-premis-a-la-innovacio-social-del-cgcof\/","title":{"rendered":"La campa\u00f1a \u201cYo te ayudo a respirar, t\u00fa me ayudas a reciclar\u201d, galardonada en los IV Premios a la Innovaci\u00f3n Social del CGCOF"},"content":{"rendered":"<p>La campa\u00f1a impulsada por el<strong> Col\u00b7legi de Farmac\u00e8utics de Barcelona<\/strong> &#8220;<strong>Yo te ayudo a respirar, t\u00fa me ayudas a reciclar<\/strong>\u201d ha sido galardonada en los IV Premios a la Innovaci\u00f3n Social: \u201cFarmac\u00e9uticos y ODS\u201d en la categor\u00eda medioambiental, en el marco de la gala organizada por el Consejo General de Colegios Farmac\u00e9uticos (<strong>CGCOF<\/strong>) el pasado 17 de junio.<\/p>\n\n\n\n<figure class=\"wp-block-image size-large\"><img fetchpriority=\"high\" decoding=\"async\" width=\"1024\" height=\"633\" src=\"https:\/\/www.cofb.org\/wp-content\/uploads\/2025\/06\/COFB_PREMIS-ODS_23062025_0-1-1024x633.jpeg\" alt=\"Els IV Premis a la Innovaci\u00f3 Social van guardonar al Col\u00b7legi de Farmac\u00e8utics de Barcelona.\" class=\"wp-image-81503\" srcset=\"https:\/\/www.cofb.org\/wp-content\/uploads\/2025\/06\/COFB_PREMIS-ODS_23062025_0-1-1024x633.jpeg 1024w, https:\/\/www.cofb.org\/wp-content\/uploads\/2025\/06\/COFB_PREMIS-ODS_23062025_0-1-300x185.jpeg 300w, https:\/\/www.cofb.org\/wp-content\/uploads\/2025\/06\/COFB_PREMIS-ODS_23062025_0-1-768x475.jpeg 768w, https:\/\/www.cofb.org\/wp-content\/uploads\/2025\/06\/COFB_PREMIS-ODS_23062025_0-1-1536x950.jpeg 1536w, https:\/\/www.cofb.org\/wp-content\/uploads\/2025\/06\/COFB_PREMIS-ODS_23062025_0-1-2048x1266.jpeg 2048w, https:\/\/www.cofb.org\/wp-content\/uploads\/2025\/06\/COFB_PREMIS-ODS_23062025_0-1-18x12.jpeg 18w\" sizes=\"(max-width: 1024px) 100vw, 1024px\" \/><figcaption class=\"wp-element-caption\">Los galardonados y galardonadas de los IV Premios a la Innovaci\u00f3n Social. <\/figcaption><\/figure>\n\n\n\n<p>El COFB estuvo representado por su presidente, <strong>Jordi Casas<\/strong>, la vocal de Oficina de Farmacia, <strong>Merc\u00e8 Barau<\/strong>, y la responsable de Relaciones Institucionales, <strong>Anna Heredia<\/strong>. El reconocimiento a la iniciativa fue recogido por la propia Heredia, que record\u00f3 la necesidad de participar en estas iniciativas, ya que &quot;como profesionales sanitarios debemos persistir en este tipo de acciones para vivir en un planeta m\u00e1s saludable&quot;.<\/p>\n\n\n\n<div class=\"destacat-blog\">\n\n\n\n<p><\/p>\n\n\n\n<h2 class=\"wp-block-heading\">\u00bfCu\u00e1l es el objetivo de la campa\u00f1a?<\/h2>\n\n\n\n<p><strong>S\u00f3lo en la provincia de Barcelona,<\/strong> cada a\u00f1o se lanzan m\u00e1s de 3,5 millones de inhaladores. Y seg\u00fan el estudio AIRE, m\u00e1s de la mitad de los pacientes<strong> no los reciclan correctamente<\/strong>&nbsp;despu\u00e9s de su uso, y m\u00e1s de dos terceras partes indican no haber sido nunca informados sobre el lugar adecuado para realizarlo.<\/p>\n\n\n\n<figure class=\"wp-block-image size-large\"><img decoding=\"async\" width=\"1024\" height=\"682\" src=\"https:\/\/www.cofb.org\/wp-content\/uploads\/2025\/06\/COFB_PREMIS-ODS_23062025_1-1024x682.jpeg\" alt=\"Anna Heredia explicant la campanya &quot;Jo t'ajudo a respirar, tu m'ajudes a reciclar&quot;.\" class=\"wp-image-81494\" srcset=\"https:\/\/www.cofb.org\/wp-content\/uploads\/2025\/06\/COFB_PREMIS-ODS_23062025_1-1024x682.jpeg 1024w, https:\/\/www.cofb.org\/wp-content\/uploads\/2025\/06\/COFB_PREMIS-ODS_23062025_1-300x200.jpeg 300w, https:\/\/www.cofb.org\/wp-content\/uploads\/2025\/06\/COFB_PREMIS-ODS_23062025_1-768x512.jpeg 768w, https:\/\/www.cofb.org\/wp-content\/uploads\/2025\/06\/COFB_PREMIS-ODS_23062025_1-1536x1023.jpeg 1536w, https:\/\/www.cofb.org\/wp-content\/uploads\/2025\/06\/COFB_PREMIS-ODS_23062025_1-18x12.jpeg 18w, https:\/\/www.cofb.org\/wp-content\/uploads\/2025\/06\/COFB_PREMIS-ODS_23062025_1.jpeg 1600w\" sizes=\"(max-width: 1024px) 100vw, 1024px\" \/><figcaption class=\"wp-element-caption\">Anna Heredia, responsable de Relaciones Institucionales del COFB, resumi\u00f3 la campa\u00f1a &quot;Yo te ayudo a respirar, t\u00fa me ayudas a reciclar&quot;.<\/figcaption><\/figure>\n\n\n\n<p>Para dar respuesta a esta problem\u00e1tica, que afecta al medio ambiente y su sostenibilidad, el&nbsp;<strong>Colegio de Farmac\u00e9uticos de Barcelona (COFB) y <\/strong><a href=\"https:\/\/www.astrazeneca.es\/\" target=\"_blank\" rel=\"noreferrer noopener\"><strong>AstraZeneca<\/strong> <strong>Espa\u00f1a<\/strong><\/a><strong>&nbsp;<\/strong>puso en marcha en mayo de 2024 <a href=\"https:\/\/fenaer.es\/\" target=\"_blank\" rel=\"noreferrer noopener\"><strong>la campa\u00f1a \u201cYo te ayudo a respirar, t\u00fa me ayudas a reciclar\u201d<\/strong><\/a>. La iniciativa, a su vez, cuenta con la colaboraci\u00f3n de&nbsp;<strong><a href=\"https:\/\/sigre.es\/\" target=\"_blank\" rel=\"noreferrer noopener\">SIGRE<\/a>, la Federaci\u00f3n Espa\u00f1ola de Asociaciones de Pacientes Al\u00e9rgicos y con Enfermedades Respiratorias (<a href=\"https:\/\/fenaer.es\/\">FENAER<\/a>) y la Asociaci\u00f3n de Afectados Cr\u00f3nicos de las V\u00edas Respiratorias, \u201c<a href=\"https:\/\/fenaer.es\/project\/a-tot-pulmo\/\" target=\"_blank\" rel=\"noreferrer noopener\">En Tot Pulm\u00f3<\/a>\u201d<\/strong>.<\/p>\n\n\n\n<p><\/p>\n\n\n\n<\/div>\n\n\n\n<p>En el transcurso del mismo acto, dentro de la categor\u00eda social, fue premiada <a href=\"https:\/\/www.cofb.org\/es\/2024\/03\/04\/comenca-la-dispensacio-universal-i-gratuita-de-productes-menstruals-reutilitzables-a-les-farmacies-de-catalunya\/\" target=\"_blank\" rel=\"noreferrer noopener\"><strong>la campa\u00f1a \u201cMi regla, mis reglas\u201d<\/strong><\/a>, proyecto impulsado por el Consejo de Colegios Farmac\u00e9uticos de Catalu\u00f1a y por la Consejer\u00eda de Igualdad y Feminismo de la Generalidad de Catalu\u00f1a y en el que ha participado activamente el COFB. Esta iniciativa convirti\u00f3 a Catalu\u00f1a en el primer pa\u00eds del mundo que va<strong> repartir gratuitamente productos menstruales <\/strong>reutilizables entre la poblaci\u00f3n.<\/p>\n\n\n\n<p><\/p>\n\n\n\n<p><\/p>","protected":false},"excerpt":{"rendered":"<p>La campa\u00f1a impulsada por el Colegio de Farmac\u00e9uticos de Barcelona \u201cYo te ayudo a respirar, t\u00fa me ayudas a reciclar\u201d ha sido galardonada en los IV Premios a la Innovaci\u00f3n Social: \u201cFarmac\u00e9uticos y ODS\u201d en la categor\u00eda medioambiental, en el marco de la gala organizada por el Consejo General de Colegios Farmac\u00e9uticos [CGC<\/p>","protected":false},"author":10,"featured_media":81496,"comment_status":"closed","ping_status":"closed","sticky":false,"template":"","format":"standard","meta":{"_uag_custom_page_level_css":"","site-sidebar-layout":"default","site-content-layout":"","ast-site-content-layout":"default","site-content-style":"default","site-sidebar-style":"default","ast-global-header-display":"","ast-banner-title-visibility":"","ast-main-header-display":"","ast-hfb-above-header-display":"","ast-hfb-below-header-display":"","ast-hfb-mobile-header-display":"","site-post-title":"","ast-breadcrumbs-content":"","ast-featured-img":"disabled","footer-sml-layout":"","theme-transparent-header-meta":"","adv-header-id-meta":"","stick-header-meta":"","header-above-stick-meta":"","header-main-stick-meta":"","header-below-stick-meta":"","astra-migrate-meta-layouts":"set","ast-page-background-enabled":"default","ast-page-background-meta":{"desktop":{"background-color":"var(--ast-global-color-4)","background-image":"","background-repeat":"repeat","background-position":"center center","background-size":"auto","background-attachment":"scroll","background-type":"","background-media":"","overlay-type":"","overlay-color":"","overlay-opacity":"","overlay-gradient":""},"tablet":{"background-color":"","background-image":"","background-repeat":"repeat","background-position":"center center","background-size":"auto","background-attachment":"scroll","background-type":"","background-media":"","overlay-type":"","overlay-color":"","overlay-opacity":"","overlay-gradient":""},"mobile":{"background-color":"","background-image":"","background-repeat":"repeat","background-position":"center center","background-size":"auto","background-attachment":"scroll","background-type":"","background-media":"","overlay-type":"","overlay-color":"","overlay-opacity":"","overlay-gradient":""}},"ast-content-background-meta":{"desktop":{"background-color":"var(--ast-global-color-5)","background-image":"","background-repeat":"repeat","background-position":"center center","background-size":"auto","background-attachment":"scroll","background-type":"","background-media":"","overlay-type":"","overlay-color":"","overlay-opacity":"","overlay-gradient":""},"tablet":{"background-color":"var(--ast-global-color-5)","background-image":"","background-repeat":"repeat","background-position":"center center","background-size":"auto","background-attachment":"scroll","background-type":"","background-media":"","overlay-type":"","overlay-color":"","overlay-opacity":"","overlay-gradient":""},"mobile":{"background-color":"var(--ast-global-color-5)","background-image":"","background-repeat":"repeat","background-position":"center center","background-size":"auto","background-attachment":"scroll","background-type":"","background-media":"","overlay-type":"","overlay-color":"","overlay-opacity":"","overlay-gradient":""}},"footnotes":""},"categories":[23,57],"tags":[884,240,18,261,359,5389],"class_list":["post-81489","post","type-post","status-publish","format-standard","has-post-thumbnail","hentry","category-destacats","category-mon-collegial","tag-campanya","tag-cgcof","tag-cofb","tag-ods","tag-premis","tag-reciclar"],"yoast_head":"<!-- This site is optimized with the Yoast SEO plugin v22.4 - https:\/\/yoast.com\/wordpress\/plugins\/seo\/ -->\n<title>La campanya &quot;Jo t\u2019ajudo a respirar, tu m\u2019ajudes a reciclar&quot;, guardonada als IV Premis a la Innovaci\u00f3 Social del CGCOF - Col\u00b7legi de Farmac\u00e8utics de Barcelona<\/title>\n<meta name=\"description\" content=\"La campanya Jo t\u2019ajudo a respirar, tu m\u2019ajudes a reciclar del COFB, premiada als IV Premis a la Innovaci\u00f3 Social\" \/>\n<meta name=\"robots\" content=\"index, follow, max-snippet:-1, max-image-preview:large, max-video-preview:-1\" \/>\n<link rel=\"canonical\" href=\"https:\/\/www.cofb.org\/es\/2025\/06\/19\/la-campanya-jo-tajudo-a-respirar-tu-majudes-a-reciclar-guardonada-als-iv-premis-a-la-innovacio-social-del-cgcof\/\" \/>\n<meta property=\"og:locale\" content=\"es_ES\" \/>\n<meta property=\"og:type\" content=\"article\" \/>\n<meta property=\"og:title\" content=\"La campanya &quot;Jo t\u2019ajudo a respirar, tu m\u2019ajudes a reciclar&quot;, guardonada als IV Premis a la Innovaci\u00f3 Social del CGCOF - Col\u00b7legi de Farmac\u00e8utics de Barcelona\" \/>\n<meta property=\"og:description\" content=\"La campanya Jo t\u2019ajudo a respirar, tu m\u2019ajudes a reciclar del COFB, premiada als IV Premis a la Innovaci\u00f3 Social\" \/>\n<meta property=\"og:url\" content=\"https:\/\/www.cofb.org\/es\/2025\/06\/19\/la-campanya-jo-tajudo-a-respirar-tu-majudes-a-reciclar-guardonada-als-iv-premis-a-la-innovacio-social-del-cgcof\/\" \/>\n<meta property=\"og:site_name\" content=\"Col\u00b7legi de Farmac\u00e8utics de Barcelona\" \/>\n<meta property=\"article:publisher\" content=\"https:\/\/www.facebook.com\/farmaceuticsbcn\/\" \/>\n<meta property=\"article:published_time\" content=\"2025-06-19T11:37:57+00:00\" \/>\n<meta property=\"article:modified_time\" content=\"2025-07-15T06:31:48+00:00\" \/>\n<meta property=\"og:image\" content=\"https:\/\/www.cofb.org\/wp-content\/uploads\/2025\/06\/COFB_PREMIS-ODS_23062025_0-scaled.jpeg\" \/>\n\t<meta property=\"og:image:width\" content=\"2560\" \/>\n\t<meta property=\"og:image:height\" content=\"1583\" \/>\n\t<meta property=\"og:image:type\" content=\"image\/jpeg\" \/>\n<meta name=\"author\" content=\"Xavier Magraner\" \/>\n<meta name=\"twitter:card\" content=\"summary_large_image\" \/>\n<meta name=\"twitter:creator\" content=\"@farmaceuticsbcn\" \/>\n<meta name=\"twitter:site\" content=\"@farmaceuticsbcn\" \/>\n<meta name=\"twitter:label1\" content=\"Escrito por\" \/>\n\t<meta name=\"twitter:data1\" content=\"Xavier Magraner\" \/>\n\t<meta name=\"twitter:label2\" content=\"Tiempo de lectura\" \/>\n\t<meta name=\"twitter:data2\" content=\"3 minutos\" \/>\n<script type=\"application\/ld+json\" class=\"yoast-schema-graph\">{\"@context\":\"https:\/\/schema.org\",\"@graph\":[{\"@type\":\"Article\",\"@id\":\"https:\/\/www.cofb.org\/2025\/06\/19\/la-campanya-jo-tajudo-a-respirar-tu-majudes-a-reciclar-guardonada-als-iv-premis-a-la-innovacio-social-del-cgcof\/#article\",\"isPartOf\":{\"@id\":\"https:\/\/www.cofb.org\/2025\/06\/19\/la-campanya-jo-tajudo-a-respirar-tu-majudes-a-reciclar-guardonada-als-iv-premis-a-la-innovacio-social-del-cgcof\/\"},\"author\":{\"name\":\"Xavier Magraner\",\"@id\":\"https:\/\/www.cofb.org\/#\/schema\/person\/e46d741cfb92c985a083d163d8270ae4\"},\"headline\":\"La campanya &#8220;Jo t\u2019ajudo a respirar, tu m\u2019ajudes a reciclar&#8221;, guardonada als IV Premis a la Innovaci\u00f3 Social del CGCOF\",\"datePublished\":\"2025-06-19T11:37:57+00:00\",\"dateModified\":\"2025-07-15T06:31:48+00:00\",\"mainEntityOfPage\":{\"@id\":\"https:\/\/www.cofb.org\/2025\/06\/19\/la-campanya-jo-tajudo-a-respirar-tu-majudes-a-reciclar-guardonada-als-iv-premis-a-la-innovacio-social-del-cgcof\/\"},\"wordCount\":428,\"publisher\":{\"@id\":\"https:\/\/www.cofb.org\/#organization\"},\"image\":{\"@id\":\"https:\/\/www.cofb.org\/2025\/06\/19\/la-campanya-jo-tajudo-a-respirar-tu-majudes-a-reciclar-guardonada-als-iv-premis-a-la-innovacio-social-del-cgcof\/#primaryimage\"},\"thumbnailUrl\":\"https:\/\/www.cofb.org\/wp-content\/uploads\/2025\/06\/COFB_PREMIS-ODS_23062025_0-scaled.jpeg\",\"keywords\":[\"campanya\",\"CGCOF\",\"COFB\",\"ODS\",\"Premis\",\"reciclar\"],\"articleSection\":[\"Destacats\",\"M\u00f3n col\u00b7legial\"],\"inLanguage\":\"es\"},{\"@type\":\"WebPage\",\"@id\":\"https:\/\/www.cofb.org\/2025\/06\/19\/la-campanya-jo-tajudo-a-respirar-tu-majudes-a-reciclar-guardonada-als-iv-premis-a-la-innovacio-social-del-cgcof\/\",\"url\":\"https:\/\/www.cofb.org\/2025\/06\/19\/la-campanya-jo-tajudo-a-respirar-tu-majudes-a-reciclar-guardonada-als-iv-premis-a-la-innovacio-social-del-cgcof\/\",\"name\":\"La campanya \\\"Jo t\u2019ajudo a respirar, tu m\u2019ajudes a reciclar\\\", guardonada als IV Premis a la Innovaci\u00f3 Social del CGCOF - Col\u00b7legi de Farmac\u00e8utics de Barcelona\",\"isPartOf\":{\"@id\":\"https:\/\/www.cofb.org\/#website\"},\"primaryImageOfPage\":{\"@id\":\"https:\/\/www.cofb.org\/2025\/06\/19\/la-campanya-jo-tajudo-a-respirar-tu-majudes-a-reciclar-guardonada-als-iv-premis-a-la-innovacio-social-del-cgcof\/#primaryimage\"},\"image\":{\"@id\":\"https:\/\/www.cofb.org\/2025\/06\/19\/la-campanya-jo-tajudo-a-respirar-tu-majudes-a-reciclar-guardonada-als-iv-premis-a-la-innovacio-social-del-cgcof\/#primaryimage\"},\"thumbnailUrl\":\"https:\/\/www.cofb.org\/wp-content\/uploads\/2025\/06\/COFB_PREMIS-ODS_23062025_0-scaled.jpeg\",\"datePublished\":\"2025-06-19T11:37:57+00:00\",\"dateModified\":\"2025-07-15T06:31:48+00:00\",\"description\":\"La campanya Jo t\u2019ajudo a respirar, tu m\u2019ajudes a reciclar del COFB, premiada als IV Premis a la Innovaci\u00f3 Social\",\"breadcrumb\":{\"@id\":\"https:\/\/www.cofb.org\/2025\/06\/19\/la-campanya-jo-tajudo-a-respirar-tu-majudes-a-reciclar-guardonada-als-iv-premis-a-la-innovacio-social-del-cgcof\/#breadcrumb\"},\"inLanguage\":\"es\",\"potentialAction\":[{\"@type\":\"ReadAction\",\"target\":[\"https:\/\/www.cofb.org\/2025\/06\/19\/la-campanya-jo-tajudo-a-respirar-tu-majudes-a-reciclar-guardonada-als-iv-premis-a-la-innovacio-social-del-cgcof\/\"]}]},{\"@type\":\"ImageObject\",\"inLanguage\":\"es\",\"@id\":\"https:\/\/www.cofb.org\/2025\/06\/19\/la-campanya-jo-tajudo-a-respirar-tu-majudes-a-reciclar-guardonada-als-iv-premis-a-la-innovacio-social-del-cgcof\/#primaryimage\",\"url\":\"https:\/\/www.cofb.org\/wp-content\/uploads\/2025\/06\/COFB_PREMIS-ODS_23062025_0-scaled.jpeg\",\"contentUrl\":\"https:\/\/www.cofb.org\/wp-content\/uploads\/2025\/06\/COFB_PREMIS-ODS_23062025_0-scaled.jpeg\",\"width\":2560,\"height\":1583,\"caption\":\"El Col\u00b7legi de Farmac\u00e8utics de Barcelona, protagonista als IV Premis a la Innovaci\u00f3 Social\"},{\"@type\":\"BreadcrumbList\",\"@id\":\"https:\/\/www.cofb.org\/2025\/06\/19\/la-campanya-jo-tajudo-a-respirar-tu-majudes-a-reciclar-guardonada-als-iv-premis-a-la-innovacio-social-del-cgcof\/#breadcrumb\",\"itemListElement\":[{\"@type\":\"ListItem\",\"position\":1,\"name\":\"Inici\",\"item\":\"https:\/\/novaorg.cofb.net\/\"},{\"@type\":\"ListItem\",\"position\":2,\"name\":\"La campanya &#8220;Jo t\u2019ajudo a respirar, tu m\u2019ajudes a reciclar&#8221;, guardonada als IV Premis a la Innovaci\u00f3 Social del CGCOF\"}]},{\"@type\":\"WebSite\",\"@id\":\"https:\/\/www.cofb.org\/#website\",\"url\":\"https:\/\/www.cofb.org\/\",\"name\":\"Col\u00b7legi de Farmac\u00e8utics de Barcelona\",\"description\":\"\",\"publisher\":{\"@id\":\"https:\/\/www.cofb.org\/#organization\"},\"potentialAction\":[{\"@type\":\"SearchAction\",\"target\":{\"@type\":\"EntryPoint\",\"urlTemplate\":\"https:\/\/www.cofb.org\/?s={search_term_string}\"},\"query-input\":\"required name=search_term_string\"}],\"inLanguage\":\"es\"},{\"@type\":\"Organization\",\"@id\":\"https:\/\/www.cofb.org\/#organization\",\"name\":\"Col\u00b7legi de Farmac\u00e8utics de Barcelona\",\"url\":\"https:\/\/www.cofb.org\/\",\"logo\":{\"@type\":\"ImageObject\",\"inLanguage\":\"es\",\"@id\":\"https:\/\/www.cofb.org\/#\/schema\/logo\/image\/\",\"url\":\"https:\/\/www.cofb.org\/wp-content\/uploads\/2023\/11\/cropped-Logotip-COFB.png\",\"contentUrl\":\"https:\/\/www.cofb.org\/wp-content\/uploads\/2023\/11\/cropped-Logotip-COFB.png\",\"width\":500,\"height\":105,\"caption\":\"Col\u00b7legi de Farmac\u00e8utics de Barcelona\"},\"image\":{\"@id\":\"https:\/\/www.cofb.org\/#\/schema\/logo\/image\/\"},\"sameAs\":[\"https:\/\/www.facebook.com\/farmaceuticsbcn\/\",\"https:\/\/twitter.com\/farmaceuticsbcn\",\"https:\/\/www.instagram.com\/farmaceuticsbcn\/\",\"https:\/\/www.linkedin.com\/company\/farmaceuticsbcn\/\"]},{\"@type\":\"Person\",\"@id\":\"https:\/\/www.cofb.org\/#\/schema\/person\/e46d741cfb92c985a083d163d8270ae4\",\"name\":\"Xavier Magraner\",\"image\":{\"@type\":\"ImageObject\",\"inLanguage\":\"es\",\"@id\":\"https:\/\/www.cofb.org\/#\/schema\/person\/image\/\",\"url\":\"https:\/\/secure.gravatar.com\/avatar\/aa0d1d4df59f71f88eebd5796c5388ff41c58d83c5301eb6e1d65646a289c37d?s=96&d=mm&r=g\",\"contentUrl\":\"https:\/\/secure.gravatar.com\/avatar\/aa0d1d4df59f71f88eebd5796c5388ff41c58d83c5301eb6e1d65646a289c37d?s=96&d=mm&r=g\",\"caption\":\"Xavier Magraner\"},\"url\":\"https:\/\/www.cofb.org\/es\/author\/xmagraner\/\"}]}<\/script>\n<!-- \/ Yoast SEO plugin. -->","yoast_head_json":{"title":"La campanya \"Jo t\u2019ajudo a respirar, tu m\u2019ajudes a reciclar\", guardonada als IV Premis a la Innovaci\u00f3 Social del CGCOF - Col\u00b7legi de Farmac\u00e8utics de Barcelona","description":"La campanya Jo t\u2019ajudo a respirar, tu m\u2019ajudes a reciclar del COFB, premiada als IV Premis a la Innovaci\u00f3 Social","robots":{"index":"index","follow":"follow","max-snippet":"max-snippet:-1","max-image-preview":"max-image-preview:large","max-video-preview":"max-video-preview:-1"},"canonical":"https:\/\/www.cofb.org\/es\/2025\/06\/19\/la-campanya-jo-tajudo-a-respirar-tu-majudes-a-reciclar-guardonada-als-iv-premis-a-la-innovacio-social-del-cgcof\/","og_locale":"es_ES","og_type":"article","og_title":"La campanya \"Jo t\u2019ajudo a respirar, tu m\u2019ajudes a reciclar\", guardonada als IV Premis a la Innovaci\u00f3 Social del CGCOF - Col\u00b7legi de Farmac\u00e8utics de Barcelona","og_description":"La campanya Jo t\u2019ajudo a respirar, tu m\u2019ajudes a reciclar del COFB, premiada als IV Premis a la Innovaci\u00f3 Social","og_url":"https:\/\/www.cofb.org\/es\/2025\/06\/19\/la-campanya-jo-tajudo-a-respirar-tu-majudes-a-reciclar-guardonada-als-iv-premis-a-la-innovacio-social-del-cgcof\/","og_site_name":"Col\u00b7legi de Farmac\u00e8utics de Barcelona","article_publisher":"https:\/\/www.facebook.com\/farmaceuticsbcn\/","article_published_time":"2025-06-19T11:37:57+00:00","article_modified_time":"2025-07-15T06:31:48+00:00","og_image":[{"width":2560,"height":1583,"url":"https:\/\/www.cofb.org\/wp-content\/uploads\/2025\/06\/COFB_PREMIS-ODS_23062025_0-scaled.jpeg","type":"image\/jpeg"}],"author":"Xavier Magraner","twitter_card":"summary_large_image","twitter_creator":"@farmaceuticsbcn","twitter_site":"@farmaceuticsbcn","twitter_misc":{"Escrito por":"Xavier Magraner","Tiempo de lectura":"3 minutos"},"schema":{"@context":"https:\/\/schema.org","@graph":[{"@type":"Article","@id":"https:\/\/www.cofb.org\/2025\/06\/19\/la-campanya-jo-tajudo-a-respirar-tu-majudes-a-reciclar-guardonada-als-iv-premis-a-la-innovacio-social-del-cgcof\/#article","isPartOf":{"@id":"https:\/\/www.cofb.org\/2025\/06\/19\/la-campanya-jo-tajudo-a-respirar-tu-majudes-a-reciclar-guardonada-als-iv-premis-a-la-innovacio-social-del-cgcof\/"},"author":{"name":"Xavier Magraner","@id":"https:\/\/www.cofb.org\/#\/schema\/person\/e46d741cfb92c985a083d163d8270ae4"},"headline":"La campanya &#8220;Jo t\u2019ajudo a respirar, tu m\u2019ajudes a reciclar&#8221;, guardonada als IV Premis a la Innovaci\u00f3 Social del CGCOF","datePublished":"2025-06-19T11:37:57+00:00","dateModified":"2025-07-15T06:31:48+00:00","mainEntityOfPage":{"@id":"https:\/\/www.cofb.org\/2025\/06\/19\/la-campanya-jo-tajudo-a-respirar-tu-majudes-a-reciclar-guardonada-als-iv-premis-a-la-innovacio-social-del-cgcof\/"},"wordCount":428,"publisher":{"@id":"https:\/\/www.cofb.org\/#organization"},"image":{"@id":"https:\/\/www.cofb.org\/2025\/06\/19\/la-campanya-jo-tajudo-a-respirar-tu-majudes-a-reciclar-guardonada-als-iv-premis-a-la-innovacio-social-del-cgcof\/#primaryimage"},"thumbnailUrl":"https:\/\/www.cofb.org\/wp-content\/uploads\/2025\/06\/COFB_PREMIS-ODS_23062025_0-scaled.jpeg","keywords":["campanya","CGCOF","COFB","ODS","Premis","reciclar"],"articleSection":["Destacats","M\u00f3n col\u00b7legial"],"inLanguage":"es"},{"@type":"WebPage","@id":"https:\/\/www.cofb.org\/2025\/06\/19\/la-campanya-jo-tajudo-a-respirar-tu-majudes-a-reciclar-guardonada-als-iv-premis-a-la-innovacio-social-del-cgcof\/","url":"https:\/\/www.cofb.org\/2025\/06\/19\/la-campanya-jo-tajudo-a-respirar-tu-majudes-a-reciclar-guardonada-als-iv-premis-a-la-innovacio-social-del-cgcof\/","name":"La campanya \"Jo t\u2019ajudo a respirar, tu m\u2019ajudes a reciclar\", guardonada als IV Premis a la Innovaci\u00f3 Social del CGCOF - Col\u00b7legi de Farmac\u00e8utics de Barcelona","isPartOf":{"@id":"https:\/\/www.cofb.org\/#website"},"primaryImageOfPage":{"@id":"https:\/\/www.cofb.org\/2025\/06\/19\/la-campanya-jo-tajudo-a-respirar-tu-majudes-a-reciclar-guardonada-als-iv-premis-a-la-innovacio-social-del-cgcof\/#primaryimage"},"image":{"@id":"https:\/\/www.cofb.org\/2025\/06\/19\/la-campanya-jo-tajudo-a-respirar-tu-majudes-a-reciclar-guardonada-als-iv-premis-a-la-innovacio-social-del-cgcof\/#primaryimage"},"thumbnailUrl":"https:\/\/www.cofb.org\/wp-content\/uploads\/2025\/06\/COFB_PREMIS-ODS_23062025_0-scaled.jpeg","datePublished":"2025-06-19T11:37:57+00:00","dateModified":"2025-07-15T06:31:48+00:00","description":"La campanya Jo t\u2019ajudo a respirar, tu m\u2019ajudes a reciclar del COFB, premiada als IV Premis a la Innovaci\u00f3 Social","breadcrumb":{"@id":"https:\/\/www.cofb.org\/2025\/06\/19\/la-campanya-jo-tajudo-a-respirar-tu-majudes-a-reciclar-guardonada-als-iv-premis-a-la-innovacio-social-del-cgcof\/#breadcrumb"},"inLanguage":"es","potentialAction":[{"@type":"ReadAction","target":["https:\/\/www.cofb.org\/2025\/06\/19\/la-campanya-jo-tajudo-a-respirar-tu-majudes-a-reciclar-guardonada-als-iv-premis-a-la-innovacio-social-del-cgcof\/"]}]},{"@type":"ImageObject","inLanguage":"es","@id":"https:\/\/www.cofb.org\/2025\/06\/19\/la-campanya-jo-tajudo-a-respirar-tu-majudes-a-reciclar-guardonada-als-iv-premis-a-la-innovacio-social-del-cgcof\/#primaryimage","url":"https:\/\/www.cofb.org\/wp-content\/uploads\/2025\/06\/COFB_PREMIS-ODS_23062025_0-scaled.jpeg","contentUrl":"https:\/\/www.cofb.org\/wp-content\/uploads\/2025\/06\/COFB_PREMIS-ODS_23062025_0-scaled.jpeg","width":2560,"height":1583,"caption":"El Col\u00b7legi de Farmac\u00e8utics de Barcelona, protagonista als IV Premis a la Innovaci\u00f3 Social"},{"@type":"BreadcrumbList","@id":"https:\/\/www.cofb.org\/2025\/06\/19\/la-campanya-jo-tajudo-a-respirar-tu-majudes-a-reciclar-guardonada-als-iv-premis-a-la-innovacio-social-del-cgcof\/#breadcrumb","itemListElement":[{"@type":"ListItem","position":1,"name":"Inici","item":"https:\/\/novaorg.cofb.net\/"},{"@type":"ListItem","position":2,"name":"La campanya &#8220;Jo t\u2019ajudo a respirar, tu m\u2019ajudes a reciclar&#8221;, guardonada als IV Premis a la Innovaci\u00f3 Social del CGCOF"}]},{"@type":"WebSite","@id":"https:\/\/www.cofb.org\/#website","url":"https:\/\/www.cofb.org\/","name":"Col\u00b7legi de Farmac\u00e8utics de Barcelona","description":"","publisher":{"@id":"https:\/\/www.cofb.org\/#organization"},"potentialAction":[{"@type":"SearchAction","target":{"@type":"EntryPoint","urlTemplate":"https:\/\/www.cofb.org\/?s={search_term_string}"},"query-input":"required name=search_term_string"}],"inLanguage":"es"},{"@type":"Organization","@id":"https:\/\/www.cofb.org\/#organization","name":"Col\u00b7legi de Farmac\u00e8utics de Barcelona","url":"https:\/\/www.cofb.org\/","logo":{"@type":"ImageObject","inLanguage":"es","@id":"https:\/\/www.cofb.org\/#\/schema\/logo\/image\/","url":"https:\/\/www.cofb.org\/wp-content\/uploads\/2023\/11\/cropped-Logotip-COFB.png","contentUrl":"https:\/\/www.cofb.org\/wp-content\/uploads\/2023\/11\/cropped-Logotip-COFB.png","width":500,"height":105,"caption":"Col\u00b7legi de Farmac\u00e8utics de Barcelona"},"image":{"@id":"https:\/\/www.cofb.org\/#\/schema\/logo\/image\/"},"sameAs":["https:\/\/www.facebook.com\/farmaceuticsbcn\/","https:\/\/twitter.com\/farmaceuticsbcn","https:\/\/www.instagram.com\/farmaceuticsbcn\/","https:\/\/www.linkedin.com\/company\/farmaceuticsbcn\/"]},{"@type":"Person","@id":"https:\/\/www.cofb.org\/#\/schema\/person\/e46d741cfb92c985a083d163d8270ae4","name":"Xavier Magraner","image":{"@type":"ImageObject","inLanguage":"es","@id":"https:\/\/www.cofb.org\/#\/schema\/person\/image\/","url":"https:\/\/secure.gravatar.com\/avatar\/aa0d1d4df59f71f88eebd5796c5388ff41c58d83c5301eb6e1d65646a289c37d?s=96&d=mm&r=g","contentUrl":"https:\/\/secure.gravatar.com\/avatar\/aa0d1d4df59f71f88eebd5796c5388ff41c58d83c5301eb6e1d65646a289c37d?s=96&d=mm&r=g","caption":"Xavier Magraner"},"url":"https:\/\/www.cofb.org\/es\/author\/xmagraner\/"}]}},"uagb_featured_image_src":{"full":["https:\/\/www.cofb.org\/wp-content\/uploads\/2025\/06\/COFB_PREMIS-ODS_23062025_0-scaled.jpeg",2560,1583,false],"thumbnail":["https:\/\/www.cofb.org\/wp-content\/uploads\/2025\/06\/COFB_PREMIS-ODS_23062025_0-150x150.jpeg",150,150,true],"medium":["https:\/\/www.cofb.org\/wp-content\/uploads\/2025\/06\/COFB_PREMIS-ODS_23062025_0-300x185.jpeg",300,185,true],"medium_large":["https:\/\/www.cofb.org\/wp-content\/uploads\/2025\/06\/COFB_PREMIS-ODS_23062025_0-768x475.jpeg",768,475,true],"large":["https:\/\/www.cofb.org\/wp-content\/uploads\/2025\/06\/COFB_PREMIS-ODS_23062025_0-1024x633.jpeg",1024,633,true],"1536x1536":["https:\/\/www.cofb.org\/wp-content\/uploads\/2025\/06\/COFB_PREMIS-ODS_23062025_0-1536x950.jpeg",1536,950,true],"2048x2048":["https:\/\/www.cofb.org\/wp-content\/uploads\/2025\/06\/COFB_PREMIS-ODS_23062025_0-2048x1266.jpeg",2048,1266,true],"trp-custom-language-flag":["https:\/\/www.cofb.org\/wp-content\/uploads\/2025\/06\/COFB_PREMIS-ODS_23062025_0-18x12.jpeg",18,12,true]},"uagb_author_info":{"display_name":"Xavier Magraner","author_link":"https:\/\/www.cofb.org\/es\/author\/xmagraner\/"},"uagb_comment_info":0,"uagb_excerpt":"La campanya impulsada pel Col\u00b7legi de Farmac\u00e8utics de Barcelona &#8220;Jo t\u2019ajudo a respirar, tu m\u2019ajudes a reciclar&#8221; ha estat guardonada als IV Premis a la Innovaci\u00f3 Social: &#8220;Farmac\u00e9uticos y ODS&#8221; en al categoria mediambiental, en el marc de la gala organitzada pel Consejo General de Colegios Farmac\u00e9uticos (CGCOF) el passat [&hellip;]","_links":{"self":[{"href":"https:\/\/www.cofb.org\/es\/wp-json\/wp\/v2\/posts\/81489","targetHints":{"allow":["GET"]}}],"collection":[{"href":"https:\/\/www.cofb.org\/es\/wp-json\/wp\/v2\/posts"}],"about":[{"href":"https:\/\/www.cofb.org\/es\/wp-json\/wp\/v2\/types\/post"}],"author":[{"embeddable":true,"href":"https:\/\/www.cofb.org\/es\/wp-json\/wp\/v2\/users\/10"}],"replies":[{"embeddable":true,"href":"https:\/\/www.cofb.org\/es\/wp-json\/wp\/v2\/comments?post=81489"}],"version-history":[{"count":8,"href":"https:\/\/www.cofb.org\/es\/wp-json\/wp\/v2\/posts\/81489\/revisions"}],"predecessor-version":[{"id":81505,"href":"https:\/\/www.cofb.org\/es\/wp-json\/wp\/v2\/posts\/81489\/revisions\/81505"}],"wp:featuredmedia":[{"embeddable":true,"href":"https:\/\/www.cofb.org\/es\/wp-json\/wp\/v2\/media\/81496"}],"wp:attachment":[{"href":"https:\/\/www.cofb.org\/es\/wp-json\/wp\/v2\/media?parent=81489"}],"wp:term":[{"taxonomy":"category","embeddable":true,"href":"https:\/\/www.cofb.org\/es\/wp-json\/wp\/v2\/categories?post=81489"},{"taxonomy":"post_tag","embeddable":true,"href":"https:\/\/www.cofb.org\/es\/wp-json\/wp\/v2\/tags?post=81489"}],"curies":[{"name":"wp","href":"https:\/\/api.w.org\/{rel}","templated":true}]}}