{"id":81455,"date":"2025-06-16T08:11:10","date_gmt":"2025-06-16T08:11:10","guid":{"rendered":"https:\/\/www.cofb.org\/?p=81455"},"modified":"2025-07-15T06:32:22","modified_gmt":"2025-07-15T06:32:22","slug":"la-formacio-ajudes-tecniques-arriba-a-vic","status":"publish","type":"post","link":"https:\/\/www.cofb.org\/es\/2025\/06\/16\/la-formacio-ajudes-tecniques-arriba-a-vic\/","title":{"rendered":"La formaci\u00f3n \u201cAyudas t\u00e9cnicas\u201d llega a Vic"},"content":{"rendered":"<p>El pasado 22 de mayo, el <strong>Col\u00b7legi de Farmac\u00e8utics de Barcelona (COFB) <\/strong>organiz\u00f3 en la ciudad de <strong>Vic <\/strong>el taller \u201c<strong>Ayudas t\u00e9cnicas<\/strong>\u201d, con el patrocinio de <a href=\"https:\/\/www.prim.es\/\" target=\"_blank\" rel=\"noreferrer noopener\">DELGADO<\/a>. La sesi\u00f3n corri\u00f3 a cargo de la terapeuta ocupacional y especialista en productos de movilidad Prim-Teyder,<strong> Ana Bonilla<\/strong>. <\/p>\n\n\n\n<figure class=\"wp-block-image size-large is-resized\"><a href=\"https:\/\/www.cofb.org\/wp-content\/uploads\/2025\/06\/COFB_AJUDES-TECNIQUES_23062025_01-1-scaled.jpg\" target=\"_blank\" rel=\"noreferrer noopener\"><img fetchpriority=\"high\" decoding=\"async\" width=\"1024\" height=\"584\" src=\"https:\/\/www.cofb.org\/wp-content\/uploads\/2025\/06\/COFB_AJUDES-TECNIQUES_23062025_01-1-1024x584.jpg\" alt=\"\" class=\"wp-image-81511\" style=\"width:1022px;height:auto\" srcset=\"https:\/\/www.cofb.org\/wp-content\/uploads\/2025\/06\/COFB_AJUDES-TECNIQUES_23062025_01-1-1024x584.jpg 1024w, https:\/\/www.cofb.org\/wp-content\/uploads\/2025\/06\/COFB_AJUDES-TECNIQUES_23062025_01-1-300x171.jpg 300w, https:\/\/www.cofb.org\/wp-content\/uploads\/2025\/06\/COFB_AJUDES-TECNIQUES_23062025_01-1-768x438.jpg 768w, https:\/\/www.cofb.org\/wp-content\/uploads\/2025\/06\/COFB_AJUDES-TECNIQUES_23062025_01-1-1536x877.jpg 1536w, https:\/\/www.cofb.org\/wp-content\/uploads\/2025\/06\/COFB_AJUDES-TECNIQUES_23062025_01-1-2048x1169.jpg 2048w, https:\/\/www.cofb.org\/wp-content\/uploads\/2025\/06\/COFB_AJUDES-TECNIQUES_23062025_01-1-18x10.jpg 18w\" sizes=\"(max-width: 1024px) 100vw, 1024px\" \/><\/a><figcaption class=\"wp-element-caption\">Vic acogi\u00f3 una nueva edici\u00f3n de la formaci\u00f3n &#039;Ayudas t\u00e9cnicas&#039;.<\/figcaption><\/figure>\n\n\n\n<p>Los principales objetivos de la <strong>sesi\u00f3n formativa<\/strong> fueron que el farmac\u00e9utico\/a pueda saber diferenciar, clasificar y hacer una correcta elecci\u00f3n y recomendaci\u00f3n de los <strong>productos de ortopedia<\/strong>, adem\u00e1s de conocer el amplio abanico de productos que existen en el mercado. Con este camino se busca intervenir en la promoci\u00f3n de la salud y escoger las ayudas t\u00e9cnicas adecuadas a las<strong> necesidades del paciente\/usuario<\/strong>. Durante la formaci\u00f3n se recomendaron productos de apoyo con el objetivo de facilitar el desarrollo de las actividades de la vida diaria y conseguir una mayor autonom\u00eda, independencia y participaci\u00f3n social.<\/p>\n\n\n\n<h2 class=\"wp-block-heading\">Autocuidados y vida diaria<\/h2>\n\n\n\n<p>Para empezar, una vez definidas las diferencias entre <strong>discapacidad <\/strong>y <strong>dependencia<\/strong>, Bonilla valor\u00f3 los diferentes grados de discapacidad existentes: &quot;Existe la nula, la leve, moderada, grave y total. Esta \u00faltima llega a suponer la imposibilidad en la realizaci\u00f3n de casi todas las actividades de la vida diaria, incluyendo los autocuidados&quot;. Dependiendo del grado que el paciente sufra, se especificaron los diferentes<strong> productos de apoyo <\/strong>que se pueden usar en acciones diarias como es <strong>caminar<\/strong>: \u201cHay los <strong>bastones<\/strong>, <strong>caminadores<\/strong>, la <strong>silla de ruedas<\/strong>, la silla de ruedas el\u00e9ctrica o incluso <em><strong>scooters<\/strong><\/em>&quot;. En cuanto al uso correcto y seguro del <strong>WC <\/strong>) <strong>ba\u00f1era<\/strong>, hizo referencia a las <strong>barras <\/strong>a los lados para apoyarse, <strong>banquillos <\/strong>por un buen control del tronco y <strong>asientos giratorios<\/strong>.<\/p>\n\n\n\n<figure class=\"wp-block-image size-large\"><a href=\"https:\/\/www.cofb.org\/wp-content\/uploads\/2025\/06\/caminadors-sessio-cofb-scaled.jpg\" target=\"_blank\" rel=\"noreferrer noopener\"><img decoding=\"async\" width=\"1024\" height=\"567\" src=\"https:\/\/www.cofb.org\/wp-content\/uploads\/2025\/06\/caminadors-sessio-cofb-1024x567.jpg\" alt=\"Ana Bonilla mostrant de manera pr\u00e0ctica els diferents dispositius.\" class=\"wp-image-81463\" style=\"object-fit:cover\" srcset=\"https:\/\/www.cofb.org\/wp-content\/uploads\/2025\/06\/caminadors-sessio-cofb-1024x567.jpg 1024w, https:\/\/www.cofb.org\/wp-content\/uploads\/2025\/06\/caminadors-sessio-cofb-300x166.jpg 300w, https:\/\/www.cofb.org\/wp-content\/uploads\/2025\/06\/caminadors-sessio-cofb-768x425.jpg 768w, https:\/\/www.cofb.org\/wp-content\/uploads\/2025\/06\/caminadors-sessio-cofb-1536x851.jpg 1536w, https:\/\/www.cofb.org\/wp-content\/uploads\/2025\/06\/caminadors-sessio-cofb-2048x1134.jpg 2048w, https:\/\/www.cofb.org\/wp-content\/uploads\/2025\/06\/caminadors-sessio-cofb-18x10.jpg 18w\" sizes=\"(max-width: 1024px) 100vw, 1024px\" \/><\/a><figcaption class=\"wp-element-caption\">Ana Bonilla mostrando de forma pr\u00e1ctica los diferentes dispositivos.<\/figcaption><\/figure>\n\n\n\n<p>Con el objetivo de conseguir un mejor mantenimiento de la salud durante la vida diaria a trav\u00e9s del <strong>consumo<\/strong>, la <strong>dosificaci\u00f3n <\/strong>y <strong>la administraci\u00f3n <\/strong>adecuada de <strong>medicaci\u00f3n<\/strong>, se enumeraron productos de soporte como son los <strong>trituradores <\/strong>o <strong>dispensadores<\/strong>, los <strong>organizadores semanales <\/strong>o diarios e, incluso, <strong>dosificadores <\/strong>con alarma o con luz.<\/p>\n\n\n\n<h2 class=\"wp-block-heading\">Ayudas y subvenciones en el SNS<\/h2>\n\n\n\n<p>Por \u00faltimo, abord\u00f3 las diferentes ayudas y subvenciones que pueden pedir las personas afectadas: \u201cTodos los usuarios del Sistema Nacional de Salud (SNS) tendr\u00e1n acceso al cat\u00e1logo com\u00fan, siempre que exista una <strong>indicaci\u00f3n cl\u00ednica y sanitaria <\/strong>para ello, con independencia del \u00e1mbito geogr\u00e1fico en el que se encuentren. Esta prestaci\u00f3n se facilitar\u00e1 por los servicios de salud o dar\u00e1 lugar a ayudas econ\u00f3micas\u201d.<\/p>\n\n\n\n<p>En esta \u00faltima parte de la sesi\u00f3n, Bonilla comparti\u00f3 que \u201clas comunidades aut\u00f3nomas presentan anualmente convocatorias para <strong>la adquisici\u00f3n y cesi\u00f3n de productos de soporte<\/strong>, que incluyen subvenciones individuales con el fin de facilitar y promover la autonom\u00eda de personas con problemas motores o sensoriales\u201d.<\/p>\n\n\n\n<p class=\"has-text-align-right\"><strong>Con el patrocinio de:<\/strong><\/p>\n\n\n\n<figure class=\"wp-block-image alignright size-full\"><a href=\"https:\/\/www.prim.es\/\" target=\"_blank\" rel=\"noreferrer noopener\"><img decoding=\"async\" width=\"150\" height=\"71\" src=\"https:\/\/www.cofb.org\/wp-content\/uploads\/2025\/06\/logo-prim.png\" alt=\"\" class=\"wp-image-81456\" srcset=\"https:\/\/www.cofb.org\/wp-content\/uploads\/2025\/06\/logo-prim.png 150w, https:\/\/www.cofb.org\/wp-content\/uploads\/2025\/06\/logo-prim-18x9.png 18w\" sizes=\"(max-width: 150px) 100vw, 150px\" \/><\/a><\/figure>","protected":false},"excerpt":{"rendered":"<p>El pasado 22 de mayo, el Colegio de Farmac\u00e9uticos de Barcelona (COFB) organiz\u00f3 en la ciudad de Vic el taller &quot;Ayudas t\u00e9cnicas&quot;, con el patrocinio de PRIM. La sesi\u00f3n corri\u00f3 a cargo de la terapeuta ocupacional y especialista en productos de movilidad Prim-Teyder, Ana Bonilla. Los principales objetivos [\u2026]<\/p>","protected":false},"author":10,"featured_media":81511,"comment_status":"closed","ping_status":"closed","sticky":false,"template":"","format":"standard","meta":{"_uag_custom_page_level_css":"","site-sidebar-layout":"default","site-content-layout":"","ast-site-content-layout":"default","site-content-style":"default","site-sidebar-style":"default","ast-global-header-display":"","ast-banner-title-visibility":"","ast-main-header-display":"","ast-hfb-above-header-display":"","ast-hfb-below-header-display":"","ast-hfb-mobile-header-display":"","site-post-title":"","ast-breadcrumbs-content":"","ast-featured-img":"disabled","footer-sml-layout":"","theme-transparent-header-meta":"","adv-header-id-meta":"","stick-header-meta":"","header-above-stick-meta":"","header-main-stick-meta":"","header-below-stick-meta":"","astra-migrate-meta-layouts":"set","ast-page-background-enabled":"default","ast-page-background-meta":{"desktop":{"background-color":"var(--ast-global-color-4)","background-image":"","background-repeat":"repeat","background-position":"center center","background-size":"auto","background-attachment":"scroll","background-type":"","background-media":"","overlay-type":"","overlay-color":"","overlay-opacity":"","overlay-gradient":""},"tablet":{"background-color":"","background-image":"","background-repeat":"repeat","background-position":"center center","background-size":"auto","background-attachment":"scroll","background-type":"","background-media":"","overlay-type":"","overlay-color":"","overlay-opacity":"","overlay-gradient":""},"mobile":{"background-color":"","background-image":"","background-repeat":"repeat","background-position":"center center","background-size":"auto","background-attachment":"scroll","background-type":"","background-media":"","overlay-type":"","overlay-color":"","overlay-opacity":"","overlay-gradient":""}},"ast-content-background-meta":{"desktop":{"background-color":"var(--ast-global-color-5)","background-image":"","background-repeat":"repeat","background-position":"center center","background-size":"auto","background-attachment":"scroll","background-type":"","background-media":"","overlay-type":"","overlay-color":"","overlay-opacity":"","overlay-gradient":""},"tablet":{"background-color":"var(--ast-global-color-5)","background-image":"","background-repeat":"repeat","background-position":"center center","background-size":"auto","background-attachment":"scroll","background-type":"","background-media":"","overlay-type":"","overlay-color":"","overlay-opacity":"","overlay-gradient":""},"mobile":{"background-color":"var(--ast-global-color-5)","background-image":"","background-repeat":"repeat","background-position":"center center","background-size":"auto","background-attachment":"scroll","background-type":"","background-media":"","overlay-type":"","overlay-color":"","overlay-opacity":"","overlay-gradient":""}},"footnotes":""},"categories":[23,57],"tags":[292,18,130,5388,68,70,103,5385,5386,206,5387],"class_list":["post-81455","post","type-post","status-publish","format-standard","has-post-thumbnail","hentry","category-destacats","category-mon-collegial","tag-ajudes-tecniques","tag-cofb","tag-dependencia","tag-discapacitat","tag-farmacia","tag-formacio","tag-ortopedia","tag-productes-de-suport","tag-promocio-salut","tag-taller","tag-vic"],"yoast_head":"<!-- This site is optimized with the Yoast SEO plugin v22.4 - https:\/\/yoast.com\/wordpress\/plugins\/seo\/ -->\n<title>La formaci\u00f3 &quot;Ajudes t\u00e8cniques&quot; arriba a Vic<\/title>\n<meta name=\"description\" content=\"El COFB organitza a Vic el taller \u201cAjudes t\u00e8cniques\u201d per mostrar productes de suport i promoci\u00f3 de la salut\" \/>\n<meta name=\"robots\" content=\"index, follow, max-snippet:-1, max-image-preview:large, max-video-preview:-1\" \/>\n<link rel=\"canonical\" href=\"https:\/\/www.cofb.org\/es\/2025\/06\/16\/la-formacio-ajudes-tecniques-arriba-a-vic\/\" \/>\n<meta property=\"og:locale\" content=\"es_ES\" \/>\n<meta property=\"og:type\" content=\"article\" \/>\n<meta property=\"og:title\" content=\"La formaci\u00f3 &quot;Ajudes t\u00e8cniques&quot; arriba a Vic\" \/>\n<meta property=\"og:description\" content=\"El COFB organitza a Vic el taller \u201cAjudes t\u00e8cniques\u201d per mostrar productes de suport i promoci\u00f3 de la salut\" \/>\n<meta property=\"og:url\" content=\"https:\/\/www.cofb.org\/es\/2025\/06\/16\/la-formacio-ajudes-tecniques-arriba-a-vic\/\" \/>\n<meta property=\"og:site_name\" content=\"Col\u00b7legi de Farmac\u00e8utics de Barcelona\" \/>\n<meta property=\"article:publisher\" content=\"https:\/\/www.facebook.com\/farmaceuticsbcn\/\" \/>\n<meta property=\"article:published_time\" content=\"2025-06-16T08:11:10+00:00\" \/>\n<meta property=\"article:modified_time\" content=\"2025-07-15T06:32:22+00:00\" \/>\n<meta property=\"og:image\" content=\"https:\/\/www.cofb.org\/wp-content\/uploads\/2025\/06\/COFB_AJUDES-TECNIQUES_23062025_01-1-scaled.jpg\" \/>\n\t<meta property=\"og:image:width\" content=\"2560\" \/>\n\t<meta property=\"og:image:height\" content=\"1461\" \/>\n\t<meta property=\"og:image:type\" content=\"image\/jpeg\" \/>\n<meta name=\"author\" content=\"Xavier Magraner\" \/>\n<meta name=\"twitter:card\" content=\"summary_large_image\" \/>\n<meta name=\"twitter:creator\" content=\"@farmaceuticsbcn\" \/>\n<meta name=\"twitter:site\" content=\"@farmaceuticsbcn\" \/>\n<meta name=\"twitter:label1\" content=\"Escrito por\" \/>\n\t<meta name=\"twitter:data1\" content=\"Xavier Magraner\" \/>\n\t<meta name=\"twitter:label2\" content=\"Tiempo de lectura\" \/>\n\t<meta name=\"twitter:data2\" content=\"4 minutos\" \/>\n<script type=\"application\/ld+json\" class=\"yoast-schema-graph\">{\"@context\":\"https:\/\/schema.org\",\"@graph\":[{\"@type\":\"Article\",\"@id\":\"https:\/\/www.cofb.org\/2025\/06\/16\/la-formacio-ajudes-tecniques-arriba-a-vic\/#article\",\"isPartOf\":{\"@id\":\"https:\/\/www.cofb.org\/2025\/06\/16\/la-formacio-ajudes-tecniques-arriba-a-vic\/\"},\"author\":{\"name\":\"Xavier Magraner\",\"@id\":\"https:\/\/www.cofb.org\/#\/schema\/person\/e46d741cfb92c985a083d163d8270ae4\"},\"headline\":\"La formaci\u00f3 &#8220;Ajudes t\u00e8cniques&#8221; arriba a Vic\",\"datePublished\":\"2025-06-16T08:11:10+00:00\",\"dateModified\":\"2025-07-15T06:32:22+00:00\",\"mainEntityOfPage\":{\"@id\":\"https:\/\/www.cofb.org\/2025\/06\/16\/la-formacio-ajudes-tecniques-arriba-a-vic\/\"},\"wordCount\":518,\"publisher\":{\"@id\":\"https:\/\/www.cofb.org\/#organization\"},\"image\":{\"@id\":\"https:\/\/www.cofb.org\/2025\/06\/16\/la-formacio-ajudes-tecniques-arriba-a-vic\/#primaryimage\"},\"thumbnailUrl\":\"https:\/\/www.cofb.org\/wp-content\/uploads\/2025\/06\/COFB_AJUDES-TECNIQUES_23062025_01-1-scaled.jpg\",\"keywords\":[\"ajudes t\u00e8cniques\",\"COFB\",\"depend\u00e8ncia\",\"discapacitat\",\"Farm\u00e0cia\",\"Formaci\u00f3\",\"Ortop\u00e8dia\",\"productes de suport\",\"promoci\u00f3 salut\",\"taller\",\"Vic\"],\"articleSection\":[\"Destacats\",\"M\u00f3n col\u00b7legial\"],\"inLanguage\":\"es\"},{\"@type\":\"WebPage\",\"@id\":\"https:\/\/www.cofb.org\/2025\/06\/16\/la-formacio-ajudes-tecniques-arriba-a-vic\/\",\"url\":\"https:\/\/www.cofb.org\/2025\/06\/16\/la-formacio-ajudes-tecniques-arriba-a-vic\/\",\"name\":\"La formaci\u00f3 \\\"Ajudes t\u00e8cniques\\\" arriba a Vic\",\"isPartOf\":{\"@id\":\"https:\/\/www.cofb.org\/#website\"},\"primaryImageOfPage\":{\"@id\":\"https:\/\/www.cofb.org\/2025\/06\/16\/la-formacio-ajudes-tecniques-arriba-a-vic\/#primaryimage\"},\"image\":{\"@id\":\"https:\/\/www.cofb.org\/2025\/06\/16\/la-formacio-ajudes-tecniques-arriba-a-vic\/#primaryimage\"},\"thumbnailUrl\":\"https:\/\/www.cofb.org\/wp-content\/uploads\/2025\/06\/COFB_AJUDES-TECNIQUES_23062025_01-1-scaled.jpg\",\"datePublished\":\"2025-06-16T08:11:10+00:00\",\"dateModified\":\"2025-07-15T06:32:22+00:00\",\"description\":\"El COFB organitza a Vic el taller \u201cAjudes t\u00e8cniques\u201d per mostrar productes de suport i promoci\u00f3 de la salut\",\"breadcrumb\":{\"@id\":\"https:\/\/www.cofb.org\/2025\/06\/16\/la-formacio-ajudes-tecniques-arriba-a-vic\/#breadcrumb\"},\"inLanguage\":\"es\",\"potentialAction\":[{\"@type\":\"ReadAction\",\"target\":[\"https:\/\/www.cofb.org\/2025\/06\/16\/la-formacio-ajudes-tecniques-arriba-a-vic\/\"]}]},{\"@type\":\"ImageObject\",\"inLanguage\":\"es\",\"@id\":\"https:\/\/www.cofb.org\/2025\/06\/16\/la-formacio-ajudes-tecniques-arriba-a-vic\/#primaryimage\",\"url\":\"https:\/\/www.cofb.org\/wp-content\/uploads\/2025\/06\/COFB_AJUDES-TECNIQUES_23062025_01-1-scaled.jpg\",\"contentUrl\":\"https:\/\/www.cofb.org\/wp-content\/uploads\/2025\/06\/COFB_AJUDES-TECNIQUES_23062025_01-1-scaled.jpg\",\"width\":2560,\"height\":1461},{\"@type\":\"BreadcrumbList\",\"@id\":\"https:\/\/www.cofb.org\/2025\/06\/16\/la-formacio-ajudes-tecniques-arriba-a-vic\/#breadcrumb\",\"itemListElement\":[{\"@type\":\"ListItem\",\"position\":1,\"name\":\"Inici\",\"item\":\"https:\/\/novaorg.cofb.net\/\"},{\"@type\":\"ListItem\",\"position\":2,\"name\":\"La formaci\u00f3 &#8220;Ajudes t\u00e8cniques&#8221; arriba a Vic\"}]},{\"@type\":\"WebSite\",\"@id\":\"https:\/\/www.cofb.org\/#website\",\"url\":\"https:\/\/www.cofb.org\/\",\"name\":\"Col\u00b7legi de Farmac\u00e8utics de Barcelona\",\"description\":\"\",\"publisher\":{\"@id\":\"https:\/\/www.cofb.org\/#organization\"},\"potentialAction\":[{\"@type\":\"SearchAction\",\"target\":{\"@type\":\"EntryPoint\",\"urlTemplate\":\"https:\/\/www.cofb.org\/?s={search_term_string}\"},\"query-input\":\"required name=search_term_string\"}],\"inLanguage\":\"es\"},{\"@type\":\"Organization\",\"@id\":\"https:\/\/www.cofb.org\/#organization\",\"name\":\"Col\u00b7legi de Farmac\u00e8utics de Barcelona\",\"url\":\"https:\/\/www.cofb.org\/\",\"logo\":{\"@type\":\"ImageObject\",\"inLanguage\":\"es\",\"@id\":\"https:\/\/www.cofb.org\/#\/schema\/logo\/image\/\",\"url\":\"https:\/\/www.cofb.org\/wp-content\/uploads\/2023\/11\/cropped-Logotip-COFB.png\",\"contentUrl\":\"https:\/\/www.cofb.org\/wp-content\/uploads\/2023\/11\/cropped-Logotip-COFB.png\",\"width\":500,\"height\":105,\"caption\":\"Col\u00b7legi de Farmac\u00e8utics de Barcelona\"},\"image\":{\"@id\":\"https:\/\/www.cofb.org\/#\/schema\/logo\/image\/\"},\"sameAs\":[\"https:\/\/www.facebook.com\/farmaceuticsbcn\/\",\"https:\/\/twitter.com\/farmaceuticsbcn\",\"https:\/\/www.instagram.com\/farmaceuticsbcn\/\",\"https:\/\/www.linkedin.com\/company\/farmaceuticsbcn\/\"]},{\"@type\":\"Person\",\"@id\":\"https:\/\/www.cofb.org\/#\/schema\/person\/e46d741cfb92c985a083d163d8270ae4\",\"name\":\"Xavier Magraner\",\"image\":{\"@type\":\"ImageObject\",\"inLanguage\":\"es\",\"@id\":\"https:\/\/www.cofb.org\/#\/schema\/person\/image\/\",\"url\":\"https:\/\/secure.gravatar.com\/avatar\/aa0d1d4df59f71f88eebd5796c5388ff41c58d83c5301eb6e1d65646a289c37d?s=96&d=mm&r=g\",\"contentUrl\":\"https:\/\/secure.gravatar.com\/avatar\/aa0d1d4df59f71f88eebd5796c5388ff41c58d83c5301eb6e1d65646a289c37d?s=96&d=mm&r=g\",\"caption\":\"Xavier Magraner\"},\"url\":\"https:\/\/www.cofb.org\/es\/author\/xmagraner\/\"}]}<\/script>\n<!-- \/ Yoast SEO plugin. -->","yoast_head_json":{"title":"La formaci\u00f3 \"Ajudes t\u00e8cniques\" arriba a Vic","description":"El COFB organitza a Vic el taller \u201cAjudes t\u00e8cniques\u201d per mostrar productes de suport i promoci\u00f3 de la salut","robots":{"index":"index","follow":"follow","max-snippet":"max-snippet:-1","max-image-preview":"max-image-preview:large","max-video-preview":"max-video-preview:-1"},"canonical":"https:\/\/www.cofb.org\/es\/2025\/06\/16\/la-formacio-ajudes-tecniques-arriba-a-vic\/","og_locale":"es_ES","og_type":"article","og_title":"La formaci\u00f3 \"Ajudes t\u00e8cniques\" arriba a Vic","og_description":"El COFB organitza a Vic el taller \u201cAjudes t\u00e8cniques\u201d per mostrar productes de suport i promoci\u00f3 de la salut","og_url":"https:\/\/www.cofb.org\/es\/2025\/06\/16\/la-formacio-ajudes-tecniques-arriba-a-vic\/","og_site_name":"Col\u00b7legi de Farmac\u00e8utics de Barcelona","article_publisher":"https:\/\/www.facebook.com\/farmaceuticsbcn\/","article_published_time":"2025-06-16T08:11:10+00:00","article_modified_time":"2025-07-15T06:32:22+00:00","og_image":[{"width":2560,"height":1461,"url":"https:\/\/www.cofb.org\/wp-content\/uploads\/2025\/06\/COFB_AJUDES-TECNIQUES_23062025_01-1-scaled.jpg","type":"image\/jpeg"}],"author":"Xavier Magraner","twitter_card":"summary_large_image","twitter_creator":"@farmaceuticsbcn","twitter_site":"@farmaceuticsbcn","twitter_misc":{"Escrito por":"Xavier Magraner","Tiempo de lectura":"4 minutos"},"schema":{"@context":"https:\/\/schema.org","@graph":[{"@type":"Article","@id":"https:\/\/www.cofb.org\/2025\/06\/16\/la-formacio-ajudes-tecniques-arriba-a-vic\/#article","isPartOf":{"@id":"https:\/\/www.cofb.org\/2025\/06\/16\/la-formacio-ajudes-tecniques-arriba-a-vic\/"},"author":{"name":"Xavier Magraner","@id":"https:\/\/www.cofb.org\/#\/schema\/person\/e46d741cfb92c985a083d163d8270ae4"},"headline":"La formaci\u00f3 &#8220;Ajudes t\u00e8cniques&#8221; arriba a Vic","datePublished":"2025-06-16T08:11:10+00:00","dateModified":"2025-07-15T06:32:22+00:00","mainEntityOfPage":{"@id":"https:\/\/www.cofb.org\/2025\/06\/16\/la-formacio-ajudes-tecniques-arriba-a-vic\/"},"wordCount":518,"publisher":{"@id":"https:\/\/www.cofb.org\/#organization"},"image":{"@id":"https:\/\/www.cofb.org\/2025\/06\/16\/la-formacio-ajudes-tecniques-arriba-a-vic\/#primaryimage"},"thumbnailUrl":"https:\/\/www.cofb.org\/wp-content\/uploads\/2025\/06\/COFB_AJUDES-TECNIQUES_23062025_01-1-scaled.jpg","keywords":["ajudes t\u00e8cniques","COFB","depend\u00e8ncia","discapacitat","Farm\u00e0cia","Formaci\u00f3","Ortop\u00e8dia","productes de suport","promoci\u00f3 salut","taller","Vic"],"articleSection":["Destacats","M\u00f3n col\u00b7legial"],"inLanguage":"es"},{"@type":"WebPage","@id":"https:\/\/www.cofb.org\/2025\/06\/16\/la-formacio-ajudes-tecniques-arriba-a-vic\/","url":"https:\/\/www.cofb.org\/2025\/06\/16\/la-formacio-ajudes-tecniques-arriba-a-vic\/","name":"La formaci\u00f3 \"Ajudes t\u00e8cniques\" arriba a Vic","isPartOf":{"@id":"https:\/\/www.cofb.org\/#website"},"primaryImageOfPage":{"@id":"https:\/\/www.cofb.org\/2025\/06\/16\/la-formacio-ajudes-tecniques-arriba-a-vic\/#primaryimage"},"image":{"@id":"https:\/\/www.cofb.org\/2025\/06\/16\/la-formacio-ajudes-tecniques-arriba-a-vic\/#primaryimage"},"thumbnailUrl":"https:\/\/www.cofb.org\/wp-content\/uploads\/2025\/06\/COFB_AJUDES-TECNIQUES_23062025_01-1-scaled.jpg","datePublished":"2025-06-16T08:11:10+00:00","dateModified":"2025-07-15T06:32:22+00:00","description":"El COFB organitza a Vic el taller \u201cAjudes t\u00e8cniques\u201d per mostrar productes de suport i promoci\u00f3 de la salut","breadcrumb":{"@id":"https:\/\/www.cofb.org\/2025\/06\/16\/la-formacio-ajudes-tecniques-arriba-a-vic\/#breadcrumb"},"inLanguage":"es","potentialAction":[{"@type":"ReadAction","target":["https:\/\/www.cofb.org\/2025\/06\/16\/la-formacio-ajudes-tecniques-arriba-a-vic\/"]}]},{"@type":"ImageObject","inLanguage":"es","@id":"https:\/\/www.cofb.org\/2025\/06\/16\/la-formacio-ajudes-tecniques-arriba-a-vic\/#primaryimage","url":"https:\/\/www.cofb.org\/wp-content\/uploads\/2025\/06\/COFB_AJUDES-TECNIQUES_23062025_01-1-scaled.jpg","contentUrl":"https:\/\/www.cofb.org\/wp-content\/uploads\/2025\/06\/COFB_AJUDES-TECNIQUES_23062025_01-1-scaled.jpg","width":2560,"height":1461},{"@type":"BreadcrumbList","@id":"https:\/\/www.cofb.org\/2025\/06\/16\/la-formacio-ajudes-tecniques-arriba-a-vic\/#breadcrumb","itemListElement":[{"@type":"ListItem","position":1,"name":"Inici","item":"https:\/\/novaorg.cofb.net\/"},{"@type":"ListItem","position":2,"name":"La formaci\u00f3 &#8220;Ajudes t\u00e8cniques&#8221; arriba a Vic"}]},{"@type":"WebSite","@id":"https:\/\/www.cofb.org\/#website","url":"https:\/\/www.cofb.org\/","name":"Col\u00b7legi de Farmac\u00e8utics de Barcelona","description":"","publisher":{"@id":"https:\/\/www.cofb.org\/#organization"},"potentialAction":[{"@type":"SearchAction","target":{"@type":"EntryPoint","urlTemplate":"https:\/\/www.cofb.org\/?s={search_term_string}"},"query-input":"required name=search_term_string"}],"inLanguage":"es"},{"@type":"Organization","@id":"https:\/\/www.cofb.org\/#organization","name":"Col\u00b7legi de Farmac\u00e8utics de Barcelona","url":"https:\/\/www.cofb.org\/","logo":{"@type":"ImageObject","inLanguage":"es","@id":"https:\/\/www.cofb.org\/#\/schema\/logo\/image\/","url":"https:\/\/www.cofb.org\/wp-content\/uploads\/2023\/11\/cropped-Logotip-COFB.png","contentUrl":"https:\/\/www.cofb.org\/wp-content\/uploads\/2023\/11\/cropped-Logotip-COFB.png","width":500,"height":105,"caption":"Col\u00b7legi de Farmac\u00e8utics de Barcelona"},"image":{"@id":"https:\/\/www.cofb.org\/#\/schema\/logo\/image\/"},"sameAs":["https:\/\/www.facebook.com\/farmaceuticsbcn\/","https:\/\/twitter.com\/farmaceuticsbcn","https:\/\/www.instagram.com\/farmaceuticsbcn\/","https:\/\/www.linkedin.com\/company\/farmaceuticsbcn\/"]},{"@type":"Person","@id":"https:\/\/www.cofb.org\/#\/schema\/person\/e46d741cfb92c985a083d163d8270ae4","name":"Xavier Magraner","image":{"@type":"ImageObject","inLanguage":"es","@id":"https:\/\/www.cofb.org\/#\/schema\/person\/image\/","url":"https:\/\/secure.gravatar.com\/avatar\/aa0d1d4df59f71f88eebd5796c5388ff41c58d83c5301eb6e1d65646a289c37d?s=96&d=mm&r=g","contentUrl":"https:\/\/secure.gravatar.com\/avatar\/aa0d1d4df59f71f88eebd5796c5388ff41c58d83c5301eb6e1d65646a289c37d?s=96&d=mm&r=g","caption":"Xavier Magraner"},"url":"https:\/\/www.cofb.org\/es\/author\/xmagraner\/"}]}},"uagb_featured_image_src":{"full":["https:\/\/www.cofb.org\/wp-content\/uploads\/2025\/06\/COFB_AJUDES-TECNIQUES_23062025_01-1-scaled.jpg",2560,1461,false],"thumbnail":["https:\/\/www.cofb.org\/wp-content\/uploads\/2025\/06\/COFB_AJUDES-TECNIQUES_23062025_01-1-150x150.jpg",150,150,true],"medium":["https:\/\/www.cofb.org\/wp-content\/uploads\/2025\/06\/COFB_AJUDES-TECNIQUES_23062025_01-1-300x171.jpg",300,171,true],"medium_large":["https:\/\/www.cofb.org\/wp-content\/uploads\/2025\/06\/COFB_AJUDES-TECNIQUES_23062025_01-1-768x438.jpg",768,438,true],"large":["https:\/\/www.cofb.org\/wp-content\/uploads\/2025\/06\/COFB_AJUDES-TECNIQUES_23062025_01-1-1024x584.jpg",1024,584,true],"1536x1536":["https:\/\/www.cofb.org\/wp-content\/uploads\/2025\/06\/COFB_AJUDES-TECNIQUES_23062025_01-1-1536x877.jpg",1536,877,true],"2048x2048":["https:\/\/www.cofb.org\/wp-content\/uploads\/2025\/06\/COFB_AJUDES-TECNIQUES_23062025_01-1-2048x1169.jpg",2048,1169,true],"trp-custom-language-flag":["https:\/\/www.cofb.org\/wp-content\/uploads\/2025\/06\/COFB_AJUDES-TECNIQUES_23062025_01-1-18x10.jpg",18,10,true]},"uagb_author_info":{"display_name":"Xavier Magraner","author_link":"https:\/\/www.cofb.org\/es\/author\/xmagraner\/"},"uagb_comment_info":0,"uagb_excerpt":"El passat 22 de maig, el Col\u00b7legi de Farmac\u00e8utics de Barcelona (COFB) va organitzar a la ciutat de Vic el taller \u201cAjudes t\u00e8cniques\u201d, amb el patrocini de PRIM. La sessi\u00f3 va anar a c\u00e0rrec de la terapeuta ocupacional i especialista en productes de mobilitat Prim-Teyder, Ana Bonilla. Els principals objectius [&hellip;]","_links":{"self":[{"href":"https:\/\/www.cofb.org\/es\/wp-json\/wp\/v2\/posts\/81455","targetHints":{"allow":["GET"]}}],"collection":[{"href":"https:\/\/www.cofb.org\/es\/wp-json\/wp\/v2\/posts"}],"about":[{"href":"https:\/\/www.cofb.org\/es\/wp-json\/wp\/v2\/types\/post"}],"author":[{"embeddable":true,"href":"https:\/\/www.cofb.org\/es\/wp-json\/wp\/v2\/users\/10"}],"replies":[{"embeddable":true,"href":"https:\/\/www.cofb.org\/es\/wp-json\/wp\/v2\/comments?post=81455"}],"version-history":[{"count":20,"href":"https:\/\/www.cofb.org\/es\/wp-json\/wp\/v2\/posts\/81455\/revisions"}],"predecessor-version":[{"id":81513,"href":"https:\/\/www.cofb.org\/es\/wp-json\/wp\/v2\/posts\/81455\/revisions\/81513"}],"wp:featuredmedia":[{"embeddable":true,"href":"https:\/\/www.cofb.org\/es\/wp-json\/wp\/v2\/media\/81511"}],"wp:attachment":[{"href":"https:\/\/www.cofb.org\/es\/wp-json\/wp\/v2\/media?parent=81455"}],"wp:term":[{"taxonomy":"category","embeddable":true,"href":"https:\/\/www.cofb.org\/es\/wp-json\/wp\/v2\/categories?post=81455"},{"taxonomy":"post_tag","embeddable":true,"href":"https:\/\/www.cofb.org\/es\/wp-json\/wp\/v2\/tags?post=81455"}],"curies":[{"name":"wp","href":"https:\/\/api.w.org\/{rel}","templated":true}]}}