{"id":81439,"date":"2025-06-27T11:12:15","date_gmt":"2025-06-27T11:12:15","guid":{"rendered":"https:\/\/www.cofb.org\/?p=81439"},"modified":"2025-07-14T16:03:19","modified_gmt":"2025-07-14T16:03:19","slug":"actualitzacio-sobre-nomines-jubilacio-activa-i-compravenda-de-farmacies-dins-del-cicle-de-conferencies-forum-cofbserveis","status":"publish","type":"post","link":"https:\/\/www.cofb.org\/es\/2025\/06\/27\/actualitzacio-sobre-nomines-jubilacio-activa-i-compravenda-de-farmacies-dins-del-cicle-de-conferencies-forum-cofbserveis\/","title":{"rendered":"Actualizaci\u00f3n sobre n\u00f3minas, jubilaci\u00f3n activa y compraventa de farmacias, dentro del ciclo de conferencias Forum COFBServeis"},"content":{"rendered":"<p>El <strong>Col\u00b7legi de Farmac\u00e8utics de Barcelona (COFB) <\/strong>organiz\u00f3 a lo largo de los meses de abril, mayo y junio tres formaciones relacionadas con \u201c<strong>Las n\u00f3minas y los honorarios: todo lo que debes saber<\/strong>\u201d, \u201c<strong>Jubilaci\u00f3n activa<\/strong>\u201d y \u201c<strong>Los puntos clave a valorar a la hora de comprar o vender una farmacia<\/strong>\u201d, con el patrocinio de <a href=\"https:\/\/www.cofbserveis.net\/\" target=\"_blank\" rel=\"noreferrer noopener\">COFBServicios<\/a>. Entre los aspectos m\u00e1s relevantes tratados durante las tres jornadas del Foro COFBServeis, se hizo hincapi\u00e9 en los derechos y obligaciones de la<strong> relaci\u00f3n laboral en los diferentes sectores<\/strong> de trabajo farmac\u00e9utico ligados a la <strong>n\u00f3mina<\/strong>, c\u00f3mo encarar los diferentes escenarios de <strong>jubilaci\u00f3n <\/strong>por parte de los farmac\u00e9uticos y farmac\u00e9uticas y las distintas regulaciones laborales que tienen las diferentes salidas que un farmac\u00e9utico puede optar. En este sentido, se abordaron en profundidad los escenarios de la n\u00f3mina, jubilaci\u00f3n y compraventa de farmacias.<\/p>\n\n\n\n<figure class=\"wp-block-image size-large\"><img fetchpriority=\"high\" decoding=\"async\" width=\"1024\" height=\"618\" src=\"https:\/\/www.cofb.org\/wp-content\/uploads\/2025\/06\/cofb.250617-042_edited-1024x618.jpg\" alt=\"Francesc Parera en la darrera sessi\u00f3 dedicada a la compravenda de farm\u00e0cies.\" class=\"wp-image-81595\" srcset=\"https:\/\/www.cofb.org\/wp-content\/uploads\/2025\/06\/cofb.250617-042_edited-1024x618.jpg 1024w, https:\/\/www.cofb.org\/wp-content\/uploads\/2025\/06\/cofb.250617-042_edited-300x181.jpg 300w, https:\/\/www.cofb.org\/wp-content\/uploads\/2025\/06\/cofb.250617-042_edited-768x464.jpg 768w, https:\/\/www.cofb.org\/wp-content\/uploads\/2025\/06\/cofb.250617-042_edited-1536x927.jpg 1536w, https:\/\/www.cofb.org\/wp-content\/uploads\/2025\/06\/cofb.250617-042_edited-2048x1236.jpg 2048w, https:\/\/www.cofb.org\/wp-content\/uploads\/2025\/06\/cofb.250617-042_edited-18x12.jpg 18w\" sizes=\"(max-width: 1024px) 100vw, 1024px\" \/><figcaption class=\"wp-element-caption\">Francesc Parera en la \u00faltima sesi\u00f3n dedicada a la compraventa de farmacias.<\/figcaption><\/figure>\n\n\n\n<p>Las tres sesiones fueron moderadas entre <strong>Elena Palau<\/strong>, vicetesorera del COFB y consejera delegada de COFBServeis, y <strong>Agust\u00ed Ortega<\/strong>, gerente de COFBServeis, que al inicio de las formaciones recordaron los<strong> nuevos servicios <\/strong>que se ofrecen desde la empresa de servicios en las oficinas de farmacia y en los colegiados del COFB. La consejera delegada y el gerente de COFBServeis destacaron el servicio de <strong>suministro el\u00e9ctrico <\/strong>(450 farmacias, hogares y locales han hecho el cambio una vez realizado estudio comparativo), los <strong>servicios jur\u00eddicos<\/strong> (herencias, transmisi\u00f3n de oficinas de farmacia, compraventa, alquileres, \u00e1rea laboral, etc.) y el <strong>servicio de control de plagas<\/strong>. Tambi\u00e9n recordaron la importancia de realizar estas formaciones, ya que permiten que los profesionales est\u00e9n actualizados de los diferentes servicios que se ofrecen. <\/p>\n\n\n\n<h2 class=\"wp-block-heading\"><strong>\u00bfQu\u00e9 debemos saber sobre honorarios y n\u00f3minas?<\/strong><\/h2>\n\n\n\n<p>La conferencia \u201c<strong>Las n\u00f3minas y los honorarios: todo lo que debes saber<\/strong>\u201d, realizada durante el mes de abril, fue realizada por <strong>Francesc Perera<\/strong>, consultor, experto en todos los procesos laborales y con amplia experiencia en el sector farmac\u00e9utico. El experto analiz\u00f3 en el sector farmac\u00e9utico los derechos, obligaciones y fuentes de la relaci\u00f3n laboral en los diferentes \u00e1mbitos de trabajo.<\/p>\n\n\n\n<figure class=\"wp-block-image size-large is-resized\"><a href=\"https:\/\/www.cofb.org\/wp-content\/uploads\/2025\/06\/COFB-FRANCESC-PARERA-scaled.jpg\" target=\"_blank\" rel=\"noreferrer noopener\"><img decoding=\"async\" width=\"1024\" height=\"576\" src=\"https:\/\/www.cofb.org\/wp-content\/uploads\/2025\/06\/COFB-FRANCESC-PARERA-1024x576.jpg\" alt=\"Francesc Parera analitza les novetats relacionades amb les n\u00f2mines dels farmac\u00e8utics.\" class=\"wp-image-81446\" style=\"width:1036px;height:auto\" srcset=\"https:\/\/www.cofb.org\/wp-content\/uploads\/2025\/06\/COFB-FRANCESC-PARERA-1024x576.jpg 1024w, https:\/\/www.cofb.org\/wp-content\/uploads\/2025\/06\/COFB-FRANCESC-PARERA-300x169.jpg 300w, https:\/\/www.cofb.org\/wp-content\/uploads\/2025\/06\/COFB-FRANCESC-PARERA-768x432.jpg 768w, https:\/\/www.cofb.org\/wp-content\/uploads\/2025\/06\/COFB-FRANCESC-PARERA-1536x864.jpg 1536w, https:\/\/www.cofb.org\/wp-content\/uploads\/2025\/06\/COFB-FRANCESC-PARERA-2048x1152.jpg 2048w, https:\/\/www.cofb.org\/wp-content\/uploads\/2025\/06\/COFB-FRANCESC-PARERA-18x10.jpg 18w\" sizes=\"(max-width: 1024px) 100vw, 1024px\" \/><\/a><figcaption class=\"wp-element-caption\">Francesc Perera analiz\u00f3 las novedades ligadas a las n\u00f3minas.<\/figcaption><\/figure>\n\n\n\n<p>En este sentido, Perera remarc\u00f3 que \u201clos <strong>poderes p\u00fablicos <\/strong>promueven que todo el mundo tenga trabajo\u201d y se compartieron unos art\u00edculos sobre los derechos de los trabajadores, con el objetivo de garantizar que se proteja la dignidad del trabajador y asegurar un entorno laboral seguro y respetuoso.<\/p>\n\n\n\n<p>El consultor tambi\u00e9n destac\u00f3 <strong>el escenario legislativo europeo<\/strong>, recordando que &quot;ser\u00e1n de obligado cumplimiento aquellos tratados internacionales que el estado incorpore dentro de cada pa\u00eds&quot;. Finalmente, en lo que se refiere a los contratos de trabajo, tambi\u00e9n se analizaron las diferentes tipolog\u00edas formadas por los temporales, indefinidos, a tiempo parcial o completo.<\/p>\n\n\n\n<h2 class=\"wp-block-heading\"><strong>El farmac\u00e9utico y su jubilaci\u00f3n<\/strong><\/h2>\n\n\n\n<p>La sesi\u00f3n, celebrada el pasado mes de mayo, con el t\u00edtulo de<a href=\"https:\/\/www.cofb.org\/es\/2025\/01\/02\/forums-cofbserveis-tot-el-que-cal-saber-sobre-els-plans-de-pensio-i-la-transmissio-duna-farmacia\/\" target=\"_blank\" rel=\"noreferrer noopener\"> <\/a>&#8220;<a href=\"https:\/\/www.cofb.org\/es\/2025\/01\/02\/forums-cofbserveis-tot-el-que-cal-saber-sobre-els-plans-de-pensio-i-la-transmissio-duna-farmacia\/\" target=\"_blank\" rel=\"noreferrer noopener\"><strong>Jubilaci\u00f3n activa<\/strong><\/a>&quot;, fue realizada por Francesc Perera, consultor, experto en procesos laborales, con amplia experiencia en el sector farmac\u00e9utico. El experto especific\u00f3, ante todo, que Espa\u00f1a funciona con un sistema de jubilaci\u00f3n del tipo de reparto: &quot;Las personas que cotizan no pagan por su jubilaci\u00f3n, sino que pagan por aquellas personas que ya est\u00e1n jubiladas. <strong>jubilaci\u00f3n no es un derecho absoluto<\/strong>, ya que lo que se tiene ahora ma\u00f1ana la ley puede cambiarlo\u201d.<\/p>\n\n\n\n<figure class=\"wp-block-image size-large\"><a href=\"https:\/\/www.cofb.org\/wp-content\/uploads\/2025\/06\/COFB_AJUDES_TECNIQUES_26062025_01-1-1024x576.jpg\" target=\"_blank\" rel=\" noreferrer noopener\"><img decoding=\"async\" width=\"1024\" height=\"576\" src=\"https:\/\/www.cofb.org\/wp-content\/uploads\/2025\/06\/COFB_AJUDES_TECNIQUES_26062025_01-1-1024x576.jpg\" alt=\"\" class=\"wp-image-81555\" srcset=\"https:\/\/www.cofb.org\/wp-content\/uploads\/2025\/06\/COFB_AJUDES_TECNIQUES_26062025_01-1-1024x576.jpg 1024w, https:\/\/www.cofb.org\/wp-content\/uploads\/2025\/06\/COFB_AJUDES_TECNIQUES_26062025_01-1-300x169.jpg 300w, https:\/\/www.cofb.org\/wp-content\/uploads\/2025\/06\/COFB_AJUDES_TECNIQUES_26062025_01-1-768x432.jpg 768w, https:\/\/www.cofb.org\/wp-content\/uploads\/2025\/06\/COFB_AJUDES_TECNIQUES_26062025_01-1-1536x864.jpg 1536w, https:\/\/www.cofb.org\/wp-content\/uploads\/2025\/06\/COFB_AJUDES_TECNIQUES_26062025_01-1-2048x1152.jpg 2048w, https:\/\/www.cofb.org\/wp-content\/uploads\/2025\/06\/COFB_AJUDES_TECNIQUES_26062025_01-1-18x10.jpg 18w\" sizes=\"(max-width: 1024px) 100vw, 1024px\" \/><\/a><figcaption class=\"wp-element-caption\">Elena Palau, vicetesorera del COFB y moderadora de la formaci\u00f3n, introdujo la sesi\u00f3n.<\/figcaption><\/figure>\n\n\n\n<p>A continuaci\u00f3n se habl\u00f3 de la jubilaci\u00f3n activa, el experto record\u00f3 que aquellas personas que quieran seguir trabajando una vez han alcanzado la edad de jubilaci\u00f3n, &quot;pueden hacerlo y adem\u00e1s, recibir\u00e1n una parte de su jubilaci\u00f3n&quot;. En este sentido, y en cuanto a la edad de jubilaci\u00f3n, aquellas personas que tengan<strong> 38 a\u00f1os cotizados y seis meses<\/strong>, &quot;tendr\u00e1n el derecho de jubilarse a los 65 a\u00f1os. Si no se llega a esta cifra, la edad m\u00ednima de jubilaci\u00f3n ser\u00e1 a los 66 a\u00f1os y 6 meses&quot;.La formaci\u00f3n finaliz\u00f3 dando respuesta a una recopilaci\u00f3n de <strong>preguntas frecuentes<\/strong>, lo que permite resolver aquellas dudas que pudieran surgir a lo largo de la jornada.<\/p>\n\n\n\n<h2 class=\"wp-block-heading\"><strong>Aspectos claves en la compraventa de farmacias <\/strong><\/h2>\n\n\n\n<p>La \u00faltima sesi\u00f3n, que tuvo lugar el mes de junio bajo el t\u00edtulo \u201c<strong>Puntos clave a valorar a la hora de comprar o vender una farmacia<\/strong>\u201c, fue impartida por <strong>Alejandro Ebrat<\/strong>, abogado dedicado al asesoramiento jur\u00eddico y tributario, asesor fiscal de COFBServeis y experto en la transmisi\u00f3n de farmacias, enumer\u00f3 los puntos clave de compraventa de una farmacia, destacando c\u00f3mo actuar ante escenarios \u201ccon intermediarios vendedores y compradores, la posible firma de contratos de exclusividad, el contrato de arras\u201d y el contrato de arres y el contrato de arras.<\/p>\n\n\n\n<p><strong>Pedro Salom<\/strong>, abogado especializado en temas de arrendamientos, profesor en la Universidad Aut\u00f3noma de Barcelona, y asociado al despacho ML ASSOCIATS, expuso c\u00f3mo debe llevarse a cabo de forma correcta la compra y el alquiler de la titularidad de la farmacia.<\/p>\n\n\n\n<p>El \u00faltimo aspecto descrito por el profesional fue el nuevo contrato de arrendamiento, condiciones a tener en cuenta, plazo, actividad y vencimiento anticipado.<\/p>\n\n\n\n<div class=\"wp-block-columns is-layout-flex wp-container-core-columns-is-layout-28f84493 wp-block-columns-is-layout-flex\">\n<div class=\"wp-block-column is-layout-flow wp-block-column-is-layout-flow\">\n<figure class=\"wp-block-image size-large\"><a href=\"https:\/\/www.cofb.org\/wp-content\/uploads\/2025\/06\/COFB_COMPRAVENDA_27062025_01-1.jpg\" target=\"_blank\" rel=\" noreferrer noopener\"><img loading=\"lazy\" decoding=\"async\" width=\"1024\" height=\"582\" src=\"https:\/\/www.cofb.org\/wp-content\/uploads\/2025\/06\/COFB_COMPRAVENDA_27062025_01-1-1024x582.jpg\" alt=\"\" class=\"wp-image-81598\" srcset=\"https:\/\/www.cofb.org\/wp-content\/uploads\/2025\/06\/COFB_COMPRAVENDA_27062025_01-1-1024x582.jpg 1024w, https:\/\/www.cofb.org\/wp-content\/uploads\/2025\/06\/COFB_COMPRAVENDA_27062025_01-1-300x171.jpg 300w, https:\/\/www.cofb.org\/wp-content\/uploads\/2025\/06\/COFB_COMPRAVENDA_27062025_01-1-768x437.jpg 768w, https:\/\/www.cofb.org\/wp-content\/uploads\/2025\/06\/COFB_COMPRAVENDA_27062025_01-1-1536x874.jpg 1536w, https:\/\/www.cofb.org\/wp-content\/uploads\/2025\/06\/COFB_COMPRAVENDA_27062025_01-1-2048x1165.jpg 2048w, https:\/\/www.cofb.org\/wp-content\/uploads\/2025\/06\/COFB_COMPRAVENDA_27062025_01-1-18x10.jpg 18w\" sizes=\"(max-width: 1024px) 100vw, 1024px\" \/><\/a><figcaption class=\"wp-element-caption\">Pedro Salom explic\u00f3 c\u00f3mo llevar a cabo la compra y alquiler de la titularidad de la farmacia.<\/figcaption><\/figure>\n<\/div>\n\n\n\n<div class=\"wp-block-column is-layout-flow wp-block-column-is-layout-flow\">\n<figure class=\"wp-block-image size-large\"><a href=\"https:\/\/www.cofb.org\/wp-content\/uploads\/2025\/06\/COFB_COMPRAVENDA_27062025_02-1.jpg\" target=\"_blank\" rel=\" noreferrer noopener\"><img loading=\"lazy\" decoding=\"async\" width=\"1024\" height=\"582\" src=\"https:\/\/www.cofb.org\/wp-content\/uploads\/2025\/06\/COFB_COMPRAVENDA_27062025_02-1-1024x582.jpg\" alt=\"\" class=\"wp-image-81599\" srcset=\"https:\/\/www.cofb.org\/wp-content\/uploads\/2025\/06\/COFB_COMPRAVENDA_27062025_02-1-1024x582.jpg 1024w, https:\/\/www.cofb.org\/wp-content\/uploads\/2025\/06\/COFB_COMPRAVENDA_27062025_02-1-300x171.jpg 300w, https:\/\/www.cofb.org\/wp-content\/uploads\/2025\/06\/COFB_COMPRAVENDA_27062025_02-1-768x437.jpg 768w, https:\/\/www.cofb.org\/wp-content\/uploads\/2025\/06\/COFB_COMPRAVENDA_27062025_02-1-1536x874.jpg 1536w, https:\/\/www.cofb.org\/wp-content\/uploads\/2025\/06\/COFB_COMPRAVENDA_27062025_02-1-2048x1165.jpg 2048w, https:\/\/www.cofb.org\/wp-content\/uploads\/2025\/06\/COFB_COMPRAVENDA_27062025_02-1-18x10.jpg 18w\" sizes=\"(max-width: 1024px) 100vw, 1024px\" \/><\/a><figcaption class=\"wp-element-caption\">Alejandro Ebrat enumer\u00f3 los puntos clave de compraventa de una farmacia.<\/figcaption><\/figure>\n<\/div>\n<\/div>\n\n\n\n<p>El \u00faltimo ponente de la jornada fue <strong>Francesc Perera<\/strong>, consultor y experto en todos los procesos laborales, con amplia experiencia en el sector farmac\u00e9utico. Perera se centr\u00f3 en el campo del \u00e1rea laboral, y analiz\u00f3 las consideraciones previas y novedades laborales ligadas a \u201ccualquier tipo de jubilaci\u00f3n, sea activa, parcial, anticipada y demorada\u201d.<\/p>\n\n\n\n<p>Por \u00faltimo, el consultor profundiz\u00f3 en las diferentes formas por<strong> mantener a los trabajadores<\/strong>, recordando &quot;el calendario de vacaciones, el reglamento interno del trabajo y la responsabilidad solidaria de tres a\u00f1os del vendedor y comprador de las obligaciones laborales nacidas con anterioridad a la transmisi\u00f3n&quot;.<\/p>\n\n\n\n<p class=\"has-text-align-right\"><strong>Con el patrocinio de:<\/strong><\/p>\n\n\n\n<figure class=\"wp-block-image alignright size-full is-resized\"><a href=\"https:\/\/www.cofbserveis.net\/es\/\" target=\"_blank\" rel=\"noreferrer noopener\"><img loading=\"lazy\" decoding=\"async\" width=\"411\" height=\"77\" src=\"https:\/\/www.cofb.org\/wp-content\/uploads\/2025\/01\/COFBServeis.png\" alt=\"\" class=\"wp-image-80302\" style=\"width:251px;height:auto\" srcset=\"https:\/\/www.cofb.org\/wp-content\/uploads\/2025\/01\/COFBServeis.png 411w, https:\/\/www.cofb.org\/wp-content\/uploads\/2025\/01\/COFBServeis-300x56.png 300w, https:\/\/www.cofb.org\/wp-content\/uploads\/2025\/01\/COFBServeis-18x3.png 18w\" sizes=\"(max-width: 411px) 100vw, 411px\" \/><\/a><\/figure>\n\n\n\n<p><\/p>","protected":false},"excerpt":{"rendered":"<p>El Colegio de Farmac\u00e9uticos de Barcelona (COFB) organiz\u00f3 a lo largo de los meses de abril, mayo y junio tres formaciones relacionadas con \u201cLas n\u00f3minas y los honorarios: todo lo que debes saber\u201d, \u201cJubilaci\u00f3n activa\u201d y \u201cLos puntos clave a valorar a la hora de comprar o vender una farmacia\u201d, con [...]<\/p>","protected":false},"author":10,"featured_media":81595,"comment_status":"closed","ping_status":"closed","sticky":false,"template":"","format":"standard","meta":{"_uag_custom_page_level_css":"","site-sidebar-layout":"default","site-content-layout":"","ast-site-content-layout":"default","site-content-style":"default","site-sidebar-style":"default","ast-global-header-display":"","ast-banner-title-visibility":"","ast-main-header-display":"","ast-hfb-above-header-display":"","ast-hfb-below-header-display":"","ast-hfb-mobile-header-display":"","site-post-title":"","ast-breadcrumbs-content":"","ast-featured-img":"disabled","footer-sml-layout":"","theme-transparent-header-meta":"","adv-header-id-meta":"","stick-header-meta":"","header-above-stick-meta":"","header-main-stick-meta":"","header-below-stick-meta":"","astra-migrate-meta-layouts":"set","ast-page-background-enabled":"default","ast-page-background-meta":{"desktop":{"background-color":"var(--ast-global-color-4)","background-image":"","background-repeat":"repeat","background-position":"center center","background-size":"auto","background-attachment":"scroll","background-type":"","background-media":"","overlay-type":"","overlay-color":"","overlay-opacity":"","overlay-gradient":""},"tablet":{"background-color":"","background-image":"","background-repeat":"repeat","background-position":"center center","background-size":"auto","background-attachment":"scroll","background-type":"","background-media":"","overlay-type":"","overlay-color":"","overlay-opacity":"","overlay-gradient":""},"mobile":{"background-color":"","background-image":"","background-repeat":"repeat","background-position":"center center","background-size":"auto","background-attachment":"scroll","background-type":"","background-media":"","overlay-type":"","overlay-color":"","overlay-opacity":"","overlay-gradient":""}},"ast-content-background-meta":{"desktop":{"background-color":"var(--ast-global-color-5)","background-image":"","background-repeat":"repeat","background-position":"center center","background-size":"auto","background-attachment":"scroll","background-type":"","background-media":"","overlay-type":"","overlay-color":"","overlay-opacity":"","overlay-gradient":""},"tablet":{"background-color":"var(--ast-global-color-5)","background-image":"","background-repeat":"repeat","background-position":"center center","background-size":"auto","background-attachment":"scroll","background-type":"","background-media":"","overlay-type":"","overlay-color":"","overlay-opacity":"","overlay-gradient":""},"mobile":{"background-color":"var(--ast-global-color-5)","background-image":"","background-repeat":"repeat","background-position":"center center","background-size":"auto","background-attachment":"scroll","background-type":"","background-media":"","overlay-type":"","overlay-color":"","overlay-opacity":"","overlay-gradient":""}},"footnotes":""},"categories":[23,57],"tags":[18,434,435,25,5213,5384],"class_list":["post-81439","post","type-post","status-publish","format-standard","has-post-thumbnail","hentry","category-destacats","category-mon-collegial","tag-cofb","tag-cofbserveis","tag-compravenda","tag-farmacies","tag-jubilacio","tag-nomina"],"yoast_head":"<!-- This site is optimized with the Yoast SEO plugin v22.4 - https:\/\/yoast.com\/wordpress\/plugins\/seo\/ -->\n<title>N\u00f2mina, jubilaci\u00f3 i compravenda de farm\u00e0cies: Noves sessions al COFB<\/title>\n<meta name=\"description\" content=\"N\u00f2mina jubilaci\u00f3 i compravenda de farm\u00e0cies, protagonistes de les sessions del COFB i amb el patrocini de COFB Serveis\" \/>\n<meta name=\"robots\" content=\"index, follow, max-snippet:-1, max-image-preview:large, max-video-preview:-1\" \/>\n<link rel=\"canonical\" href=\"https:\/\/www.cofb.org\/es\/2025\/06\/27\/actualitzacio-sobre-nomines-jubilacio-activa-i-compravenda-de-farmacies-dins-del-cicle-de-conferencies-forum-cofbserveis\/\" \/>\n<meta property=\"og:locale\" content=\"es_ES\" \/>\n<meta property=\"og:type\" content=\"article\" \/>\n<meta property=\"og:title\" content=\"N\u00f2mina, jubilaci\u00f3 i compravenda de farm\u00e0cies: Noves sessions al COFB\" \/>\n<meta property=\"og:description\" content=\"N\u00f2mina jubilaci\u00f3 i compravenda de farm\u00e0cies, protagonistes de les sessions del COFB i amb el patrocini de COFB Serveis\" \/>\n<meta property=\"og:url\" content=\"https:\/\/www.cofb.org\/es\/2025\/06\/27\/actualitzacio-sobre-nomines-jubilacio-activa-i-compravenda-de-farmacies-dins-del-cicle-de-conferencies-forum-cofbserveis\/\" \/>\n<meta property=\"og:site_name\" content=\"Col\u00b7legi de Farmac\u00e8utics de Barcelona\" \/>\n<meta property=\"article:publisher\" content=\"https:\/\/www.facebook.com\/farmaceuticsbcn\/\" \/>\n<meta property=\"article:published_time\" content=\"2025-06-27T11:12:15+00:00\" \/>\n<meta property=\"article:modified_time\" content=\"2025-07-14T16:03:19+00:00\" \/>\n<meta property=\"og:image\" content=\"https:\/\/www.cofb.org\/wp-content\/uploads\/2025\/06\/cofb.250617-042_edited.jpg\" \/>\n\t<meta property=\"og:image:width\" content=\"2359\" \/>\n\t<meta property=\"og:image:height\" content=\"1424\" \/>\n\t<meta property=\"og:image:type\" content=\"image\/jpeg\" \/>\n<meta name=\"author\" content=\"Xavier Magraner\" \/>\n<meta name=\"twitter:card\" content=\"summary_large_image\" \/>\n<meta name=\"twitter:creator\" content=\"@farmaceuticsbcn\" \/>\n<meta name=\"twitter:site\" content=\"@farmaceuticsbcn\" \/>\n<meta name=\"twitter:label1\" content=\"Escrito por\" \/>\n\t<meta name=\"twitter:data1\" content=\"Xavier Magraner\" \/>\n\t<meta name=\"twitter:label2\" content=\"Tiempo de lectura\" \/>\n\t<meta name=\"twitter:data2\" content=\"7 minutos\" \/>\n<script type=\"application\/ld+json\" class=\"yoast-schema-graph\">{\"@context\":\"https:\/\/schema.org\",\"@graph\":[{\"@type\":\"Article\",\"@id\":\"https:\/\/www.cofb.org\/2025\/06\/27\/actualitzacio-sobre-nomines-jubilacio-activa-i-compravenda-de-farmacies-dins-del-cicle-de-conferencies-forum-cofbserveis\/#article\",\"isPartOf\":{\"@id\":\"https:\/\/www.cofb.org\/2025\/06\/27\/actualitzacio-sobre-nomines-jubilacio-activa-i-compravenda-de-farmacies-dins-del-cicle-de-conferencies-forum-cofbserveis\/\"},\"author\":{\"name\":\"Xavier Magraner\",\"@id\":\"https:\/\/www.cofb.org\/#\/schema\/person\/e46d741cfb92c985a083d163d8270ae4\"},\"headline\":\"Actualitzaci\u00f3 sobre n\u00f2mines, jubilaci\u00f3 activa i compravenda de farm\u00e0cies, dins del cicle de confer\u00e8ncies F\u00f2rum COFBServeis\",\"datePublished\":\"2025-06-27T11:12:15+00:00\",\"dateModified\":\"2025-07-14T16:03:19+00:00\",\"mainEntityOfPage\":{\"@id\":\"https:\/\/www.cofb.org\/2025\/06\/27\/actualitzacio-sobre-nomines-jubilacio-activa-i-compravenda-de-farmacies-dins-del-cicle-de-conferencies-forum-cofbserveis\/\"},\"wordCount\":1072,\"publisher\":{\"@id\":\"https:\/\/www.cofb.org\/#organization\"},\"image\":{\"@id\":\"https:\/\/www.cofb.org\/2025\/06\/27\/actualitzacio-sobre-nomines-jubilacio-activa-i-compravenda-de-farmacies-dins-del-cicle-de-conferencies-forum-cofbserveis\/#primaryimage\"},\"thumbnailUrl\":\"https:\/\/www.cofb.org\/wp-content\/uploads\/2025\/06\/cofb.250617-042_edited.jpg\",\"keywords\":[\"COFB\",\"COFBServeis\",\"compravenda\",\"farm\u00e0cies\",\"jubilaci\u00f3\",\"n\u00f2mina\"],\"articleSection\":[\"Destacats\",\"M\u00f3n col\u00b7legial\"],\"inLanguage\":\"es\"},{\"@type\":\"WebPage\",\"@id\":\"https:\/\/www.cofb.org\/2025\/06\/27\/actualitzacio-sobre-nomines-jubilacio-activa-i-compravenda-de-farmacies-dins-del-cicle-de-conferencies-forum-cofbserveis\/\",\"url\":\"https:\/\/www.cofb.org\/2025\/06\/27\/actualitzacio-sobre-nomines-jubilacio-activa-i-compravenda-de-farmacies-dins-del-cicle-de-conferencies-forum-cofbserveis\/\",\"name\":\"N\u00f2mina, jubilaci\u00f3 i compravenda de farm\u00e0cies: Noves sessions al COFB\",\"isPartOf\":{\"@id\":\"https:\/\/www.cofb.org\/#website\"},\"primaryImageOfPage\":{\"@id\":\"https:\/\/www.cofb.org\/2025\/06\/27\/actualitzacio-sobre-nomines-jubilacio-activa-i-compravenda-de-farmacies-dins-del-cicle-de-conferencies-forum-cofbserveis\/#primaryimage\"},\"image\":{\"@id\":\"https:\/\/www.cofb.org\/2025\/06\/27\/actualitzacio-sobre-nomines-jubilacio-activa-i-compravenda-de-farmacies-dins-del-cicle-de-conferencies-forum-cofbserveis\/#primaryimage\"},\"thumbnailUrl\":\"https:\/\/www.cofb.org\/wp-content\/uploads\/2025\/06\/cofb.250617-042_edited.jpg\",\"datePublished\":\"2025-06-27T11:12:15+00:00\",\"dateModified\":\"2025-07-14T16:03:19+00:00\",\"description\":\"N\u00f2mina jubilaci\u00f3 i compravenda de farm\u00e0cies, protagonistes de les sessions del COFB i amb el patrocini de COFB Serveis\",\"breadcrumb\":{\"@id\":\"https:\/\/www.cofb.org\/2025\/06\/27\/actualitzacio-sobre-nomines-jubilacio-activa-i-compravenda-de-farmacies-dins-del-cicle-de-conferencies-forum-cofbserveis\/#breadcrumb\"},\"inLanguage\":\"es\",\"potentialAction\":[{\"@type\":\"ReadAction\",\"target\":[\"https:\/\/www.cofb.org\/2025\/06\/27\/actualitzacio-sobre-nomines-jubilacio-activa-i-compravenda-de-farmacies-dins-del-cicle-de-conferencies-forum-cofbserveis\/\"]}]},{\"@type\":\"ImageObject\",\"inLanguage\":\"es\",\"@id\":\"https:\/\/www.cofb.org\/2025\/06\/27\/actualitzacio-sobre-nomines-jubilacio-activa-i-compravenda-de-farmacies-dins-del-cicle-de-conferencies-forum-cofbserveis\/#primaryimage\",\"url\":\"https:\/\/www.cofb.org\/wp-content\/uploads\/2025\/06\/cofb.250617-042_edited.jpg\",\"contentUrl\":\"https:\/\/www.cofb.org\/wp-content\/uploads\/2025\/06\/cofb.250617-042_edited.jpg\",\"width\":2359,\"height\":1424},{\"@type\":\"BreadcrumbList\",\"@id\":\"https:\/\/www.cofb.org\/2025\/06\/27\/actualitzacio-sobre-nomines-jubilacio-activa-i-compravenda-de-farmacies-dins-del-cicle-de-conferencies-forum-cofbserveis\/#breadcrumb\",\"itemListElement\":[{\"@type\":\"ListItem\",\"position\":1,\"name\":\"Inici\",\"item\":\"https:\/\/novaorg.cofb.net\/\"},{\"@type\":\"ListItem\",\"position\":2,\"name\":\"Actualitzaci\u00f3 sobre n\u00f2mines, jubilaci\u00f3 activa i compravenda de farm\u00e0cies, dins del cicle de confer\u00e8ncies F\u00f2rum COFBServeis\"}]},{\"@type\":\"WebSite\",\"@id\":\"https:\/\/www.cofb.org\/#website\",\"url\":\"https:\/\/www.cofb.org\/\",\"name\":\"Col\u00b7legi de Farmac\u00e8utics de Barcelona\",\"description\":\"\",\"publisher\":{\"@id\":\"https:\/\/www.cofb.org\/#organization\"},\"potentialAction\":[{\"@type\":\"SearchAction\",\"target\":{\"@type\":\"EntryPoint\",\"urlTemplate\":\"https:\/\/www.cofb.org\/?s={search_term_string}\"},\"query-input\":\"required name=search_term_string\"}],\"inLanguage\":\"es\"},{\"@type\":\"Organization\",\"@id\":\"https:\/\/www.cofb.org\/#organization\",\"name\":\"Col\u00b7legi de Farmac\u00e8utics de Barcelona\",\"url\":\"https:\/\/www.cofb.org\/\",\"logo\":{\"@type\":\"ImageObject\",\"inLanguage\":\"es\",\"@id\":\"https:\/\/www.cofb.org\/#\/schema\/logo\/image\/\",\"url\":\"https:\/\/www.cofb.org\/wp-content\/uploads\/2023\/11\/cropped-Logotip-COFB.png\",\"contentUrl\":\"https:\/\/www.cofb.org\/wp-content\/uploads\/2023\/11\/cropped-Logotip-COFB.png\",\"width\":500,\"height\":105,\"caption\":\"Col\u00b7legi de Farmac\u00e8utics de Barcelona\"},\"image\":{\"@id\":\"https:\/\/www.cofb.org\/#\/schema\/logo\/image\/\"},\"sameAs\":[\"https:\/\/www.facebook.com\/farmaceuticsbcn\/\",\"https:\/\/twitter.com\/farmaceuticsbcn\",\"https:\/\/www.instagram.com\/farmaceuticsbcn\/\",\"https:\/\/www.linkedin.com\/company\/farmaceuticsbcn\/\"]},{\"@type\":\"Person\",\"@id\":\"https:\/\/www.cofb.org\/#\/schema\/person\/e46d741cfb92c985a083d163d8270ae4\",\"name\":\"Xavier Magraner\",\"image\":{\"@type\":\"ImageObject\",\"inLanguage\":\"es\",\"@id\":\"https:\/\/www.cofb.org\/#\/schema\/person\/image\/\",\"url\":\"https:\/\/secure.gravatar.com\/avatar\/aa0d1d4df59f71f88eebd5796c5388ff41c58d83c5301eb6e1d65646a289c37d?s=96&d=mm&r=g\",\"contentUrl\":\"https:\/\/secure.gravatar.com\/avatar\/aa0d1d4df59f71f88eebd5796c5388ff41c58d83c5301eb6e1d65646a289c37d?s=96&d=mm&r=g\",\"caption\":\"Xavier Magraner\"},\"url\":\"https:\/\/www.cofb.org\/es\/author\/xmagraner\/\"}]}<\/script>\n<!-- \/ Yoast SEO plugin. -->","yoast_head_json":{"title":"N\u00f2mina, jubilaci\u00f3 i compravenda de farm\u00e0cies: Noves sessions al COFB","description":"N\u00f2mina jubilaci\u00f3 i compravenda de farm\u00e0cies, protagonistes de les sessions del COFB i amb el patrocini de COFB Serveis","robots":{"index":"index","follow":"follow","max-snippet":"max-snippet:-1","max-image-preview":"max-image-preview:large","max-video-preview":"max-video-preview:-1"},"canonical":"https:\/\/www.cofb.org\/es\/2025\/06\/27\/actualitzacio-sobre-nomines-jubilacio-activa-i-compravenda-de-farmacies-dins-del-cicle-de-conferencies-forum-cofbserveis\/","og_locale":"es_ES","og_type":"article","og_title":"N\u00f2mina, jubilaci\u00f3 i compravenda de farm\u00e0cies: Noves sessions al COFB","og_description":"N\u00f2mina jubilaci\u00f3 i compravenda de farm\u00e0cies, protagonistes de les sessions del COFB i amb el patrocini de COFB Serveis","og_url":"https:\/\/www.cofb.org\/es\/2025\/06\/27\/actualitzacio-sobre-nomines-jubilacio-activa-i-compravenda-de-farmacies-dins-del-cicle-de-conferencies-forum-cofbserveis\/","og_site_name":"Col\u00b7legi de Farmac\u00e8utics de Barcelona","article_publisher":"https:\/\/www.facebook.com\/farmaceuticsbcn\/","article_published_time":"2025-06-27T11:12:15+00:00","article_modified_time":"2025-07-14T16:03:19+00:00","og_image":[{"width":2359,"height":1424,"url":"https:\/\/www.cofb.org\/wp-content\/uploads\/2025\/06\/cofb.250617-042_edited.jpg","type":"image\/jpeg"}],"author":"Xavier Magraner","twitter_card":"summary_large_image","twitter_creator":"@farmaceuticsbcn","twitter_site":"@farmaceuticsbcn","twitter_misc":{"Escrito por":"Xavier Magraner","Tiempo de lectura":"7 minutos"},"schema":{"@context":"https:\/\/schema.org","@graph":[{"@type":"Article","@id":"https:\/\/www.cofb.org\/2025\/06\/27\/actualitzacio-sobre-nomines-jubilacio-activa-i-compravenda-de-farmacies-dins-del-cicle-de-conferencies-forum-cofbserveis\/#article","isPartOf":{"@id":"https:\/\/www.cofb.org\/2025\/06\/27\/actualitzacio-sobre-nomines-jubilacio-activa-i-compravenda-de-farmacies-dins-del-cicle-de-conferencies-forum-cofbserveis\/"},"author":{"name":"Xavier Magraner","@id":"https:\/\/www.cofb.org\/#\/schema\/person\/e46d741cfb92c985a083d163d8270ae4"},"headline":"Actualitzaci\u00f3 sobre n\u00f2mines, jubilaci\u00f3 activa i compravenda de farm\u00e0cies, dins del cicle de confer\u00e8ncies F\u00f2rum COFBServeis","datePublished":"2025-06-27T11:12:15+00:00","dateModified":"2025-07-14T16:03:19+00:00","mainEntityOfPage":{"@id":"https:\/\/www.cofb.org\/2025\/06\/27\/actualitzacio-sobre-nomines-jubilacio-activa-i-compravenda-de-farmacies-dins-del-cicle-de-conferencies-forum-cofbserveis\/"},"wordCount":1072,"publisher":{"@id":"https:\/\/www.cofb.org\/#organization"},"image":{"@id":"https:\/\/www.cofb.org\/2025\/06\/27\/actualitzacio-sobre-nomines-jubilacio-activa-i-compravenda-de-farmacies-dins-del-cicle-de-conferencies-forum-cofbserveis\/#primaryimage"},"thumbnailUrl":"https:\/\/www.cofb.org\/wp-content\/uploads\/2025\/06\/cofb.250617-042_edited.jpg","keywords":["COFB","COFBServeis","compravenda","farm\u00e0cies","jubilaci\u00f3","n\u00f2mina"],"articleSection":["Destacats","M\u00f3n col\u00b7legial"],"inLanguage":"es"},{"@type":"WebPage","@id":"https:\/\/www.cofb.org\/2025\/06\/27\/actualitzacio-sobre-nomines-jubilacio-activa-i-compravenda-de-farmacies-dins-del-cicle-de-conferencies-forum-cofbserveis\/","url":"https:\/\/www.cofb.org\/2025\/06\/27\/actualitzacio-sobre-nomines-jubilacio-activa-i-compravenda-de-farmacies-dins-del-cicle-de-conferencies-forum-cofbserveis\/","name":"N\u00f2mina, jubilaci\u00f3 i compravenda de farm\u00e0cies: Noves sessions al COFB","isPartOf":{"@id":"https:\/\/www.cofb.org\/#website"},"primaryImageOfPage":{"@id":"https:\/\/www.cofb.org\/2025\/06\/27\/actualitzacio-sobre-nomines-jubilacio-activa-i-compravenda-de-farmacies-dins-del-cicle-de-conferencies-forum-cofbserveis\/#primaryimage"},"image":{"@id":"https:\/\/www.cofb.org\/2025\/06\/27\/actualitzacio-sobre-nomines-jubilacio-activa-i-compravenda-de-farmacies-dins-del-cicle-de-conferencies-forum-cofbserveis\/#primaryimage"},"thumbnailUrl":"https:\/\/www.cofb.org\/wp-content\/uploads\/2025\/06\/cofb.250617-042_edited.jpg","datePublished":"2025-06-27T11:12:15+00:00","dateModified":"2025-07-14T16:03:19+00:00","description":"N\u00f2mina jubilaci\u00f3 i compravenda de farm\u00e0cies, protagonistes de les sessions del COFB i amb el patrocini de COFB Serveis","breadcrumb":{"@id":"https:\/\/www.cofb.org\/2025\/06\/27\/actualitzacio-sobre-nomines-jubilacio-activa-i-compravenda-de-farmacies-dins-del-cicle-de-conferencies-forum-cofbserveis\/#breadcrumb"},"inLanguage":"es","potentialAction":[{"@type":"ReadAction","target":["https:\/\/www.cofb.org\/2025\/06\/27\/actualitzacio-sobre-nomines-jubilacio-activa-i-compravenda-de-farmacies-dins-del-cicle-de-conferencies-forum-cofbserveis\/"]}]},{"@type":"ImageObject","inLanguage":"es","@id":"https:\/\/www.cofb.org\/2025\/06\/27\/actualitzacio-sobre-nomines-jubilacio-activa-i-compravenda-de-farmacies-dins-del-cicle-de-conferencies-forum-cofbserveis\/#primaryimage","url":"https:\/\/www.cofb.org\/wp-content\/uploads\/2025\/06\/cofb.250617-042_edited.jpg","contentUrl":"https:\/\/www.cofb.org\/wp-content\/uploads\/2025\/06\/cofb.250617-042_edited.jpg","width":2359,"height":1424},{"@type":"BreadcrumbList","@id":"https:\/\/www.cofb.org\/2025\/06\/27\/actualitzacio-sobre-nomines-jubilacio-activa-i-compravenda-de-farmacies-dins-del-cicle-de-conferencies-forum-cofbserveis\/#breadcrumb","itemListElement":[{"@type":"ListItem","position":1,"name":"Inici","item":"https:\/\/novaorg.cofb.net\/"},{"@type":"ListItem","position":2,"name":"Actualitzaci\u00f3 sobre n\u00f2mines, jubilaci\u00f3 activa i compravenda de farm\u00e0cies, dins del cicle de confer\u00e8ncies F\u00f2rum COFBServeis"}]},{"@type":"WebSite","@id":"https:\/\/www.cofb.org\/#website","url":"https:\/\/www.cofb.org\/","name":"Col\u00b7legi de Farmac\u00e8utics de Barcelona","description":"","publisher":{"@id":"https:\/\/www.cofb.org\/#organization"},"potentialAction":[{"@type":"SearchAction","target":{"@type":"EntryPoint","urlTemplate":"https:\/\/www.cofb.org\/?s={search_term_string}"},"query-input":"required name=search_term_string"}],"inLanguage":"es"},{"@type":"Organization","@id":"https:\/\/www.cofb.org\/#organization","name":"Col\u00b7legi de Farmac\u00e8utics de Barcelona","url":"https:\/\/www.cofb.org\/","logo":{"@type":"ImageObject","inLanguage":"es","@id":"https:\/\/www.cofb.org\/#\/schema\/logo\/image\/","url":"https:\/\/www.cofb.org\/wp-content\/uploads\/2023\/11\/cropped-Logotip-COFB.png","contentUrl":"https:\/\/www.cofb.org\/wp-content\/uploads\/2023\/11\/cropped-Logotip-COFB.png","width":500,"height":105,"caption":"Col\u00b7legi de Farmac\u00e8utics de Barcelona"},"image":{"@id":"https:\/\/www.cofb.org\/#\/schema\/logo\/image\/"},"sameAs":["https:\/\/www.facebook.com\/farmaceuticsbcn\/","https:\/\/twitter.com\/farmaceuticsbcn","https:\/\/www.instagram.com\/farmaceuticsbcn\/","https:\/\/www.linkedin.com\/company\/farmaceuticsbcn\/"]},{"@type":"Person","@id":"https:\/\/www.cofb.org\/#\/schema\/person\/e46d741cfb92c985a083d163d8270ae4","name":"Xavier Magraner","image":{"@type":"ImageObject","inLanguage":"es","@id":"https:\/\/www.cofb.org\/#\/schema\/person\/image\/","url":"https:\/\/secure.gravatar.com\/avatar\/aa0d1d4df59f71f88eebd5796c5388ff41c58d83c5301eb6e1d65646a289c37d?s=96&d=mm&r=g","contentUrl":"https:\/\/secure.gravatar.com\/avatar\/aa0d1d4df59f71f88eebd5796c5388ff41c58d83c5301eb6e1d65646a289c37d?s=96&d=mm&r=g","caption":"Xavier Magraner"},"url":"https:\/\/www.cofb.org\/es\/author\/xmagraner\/"}]}},"uagb_featured_image_src":{"full":["https:\/\/www.cofb.org\/wp-content\/uploads\/2025\/06\/cofb.250617-042_edited.jpg",2359,1424,false],"thumbnail":["https:\/\/www.cofb.org\/wp-content\/uploads\/2025\/06\/cofb.250617-042_edited-150x150.jpg",150,150,true],"medium":["https:\/\/www.cofb.org\/wp-content\/uploads\/2025\/06\/cofb.250617-042_edited-300x181.jpg",300,181,true],"medium_large":["https:\/\/www.cofb.org\/wp-content\/uploads\/2025\/06\/cofb.250617-042_edited-768x464.jpg",768,464,true],"large":["https:\/\/www.cofb.org\/wp-content\/uploads\/2025\/06\/cofb.250617-042_edited-1024x618.jpg",1024,618,true],"1536x1536":["https:\/\/www.cofb.org\/wp-content\/uploads\/2025\/06\/cofb.250617-042_edited-1536x927.jpg",1536,927,true],"2048x2048":["https:\/\/www.cofb.org\/wp-content\/uploads\/2025\/06\/cofb.250617-042_edited-2048x1236.jpg",2048,1236,true],"trp-custom-language-flag":["https:\/\/www.cofb.org\/wp-content\/uploads\/2025\/06\/cofb.250617-042_edited-18x12.jpg",18,12,true]},"uagb_author_info":{"display_name":"Xavier Magraner","author_link":"https:\/\/www.cofb.org\/es\/author\/xmagraner\/"},"uagb_comment_info":0,"uagb_excerpt":"El Col\u00b7legi de Farmac\u00e8utics de Barcelona (COFB) va organitzar al llarg dels mesos d\u2019abril, maig i juny tres formacions relacionades amb \u201cLes n\u00f2mines i els honoraris: tot el que has de saber\u201d, \u201cJubilaci\u00f3 activa\u201d i \u201cEls punts clau a valorar a l\u2019hora de comprar o vendre una farm\u00e0cia\u201d, amb el [&hellip;]","_links":{"self":[{"href":"https:\/\/www.cofb.org\/es\/wp-json\/wp\/v2\/posts\/81439","targetHints":{"allow":["GET"]}}],"collection":[{"href":"https:\/\/www.cofb.org\/es\/wp-json\/wp\/v2\/posts"}],"about":[{"href":"https:\/\/www.cofb.org\/es\/wp-json\/wp\/v2\/types\/post"}],"author":[{"embeddable":true,"href":"https:\/\/www.cofb.org\/es\/wp-json\/wp\/v2\/users\/10"}],"replies":[{"embeddable":true,"href":"https:\/\/www.cofb.org\/es\/wp-json\/wp\/v2\/comments?post=81439"}],"version-history":[{"count":61,"href":"https:\/\/www.cofb.org\/es\/wp-json\/wp\/v2\/posts\/81439\/revisions"}],"predecessor-version":[{"id":81967,"href":"https:\/\/www.cofb.org\/es\/wp-json\/wp\/v2\/posts\/81439\/revisions\/81967"}],"wp:featuredmedia":[{"embeddable":true,"href":"https:\/\/www.cofb.org\/es\/wp-json\/wp\/v2\/media\/81595"}],"wp:attachment":[{"href":"https:\/\/www.cofb.org\/es\/wp-json\/wp\/v2\/media?parent=81439"}],"wp:term":[{"taxonomy":"category","embeddable":true,"href":"https:\/\/www.cofb.org\/es\/wp-json\/wp\/v2\/categories?post=81439"},{"taxonomy":"post_tag","embeddable":true,"href":"https:\/\/www.cofb.org\/es\/wp-json\/wp\/v2\/tags?post=81439"}],"curies":[{"name":"wp","href":"https:\/\/api.w.org\/{rel}","templated":true}]}}