{"id":81352,"date":"2025-05-22T15:05:00","date_gmt":"2025-05-22T15:05:00","guid":{"rendered":"https:\/\/www.cofb.org\/?p=81352"},"modified":"2025-07-15T06:35:50","modified_gmt":"2025-07-15T06:35:50","slug":"com-fer-una-correcta-perforacio-del-lobul-de-lorella-des-de-la-farmacia-nova-edicio-daquesta-formacio-al-cofb","status":"publish","type":"post","link":"https:\/\/www.cofb.org\/es\/2025\/05\/22\/com-fer-una-correcta-perforacio-del-lobul-de-lorella-des-de-la-farmacia-nova-edicio-daquesta-formacio-al-cofb\/","title":{"rendered":"\u00bfC\u00f3mo realizar una correcta perforaci\u00f3n del l\u00f3bulo de la oreja desde la farmacia? Nueva edici\u00f3n de esta formaci\u00f3n en el COFB"},"content":{"rendered":"<p>El pasado 10 de abril, el <strong>Col\u00b7legi de Farmac\u00e8utics de Barcelona (COFB) <\/strong>organiz\u00f3 una nueva edici\u00f3n de la formaci\u00f3n <strong>&quot;La perforaci\u00f3n del l\u00f3bulo de la oreja&quot;<\/strong> con el patrocinio de <a href=\"https:\/\/www.prim.es\/\" target=\"_blank\" rel=\"noreferrer noopener\">DELGADO<\/a>. La sesi\u00f3n fue impartida por <strong>Gema Garrig\u00f3s<\/strong>, farmac\u00e9utica y bioqu\u00edmica y responsable de negocio de PRIM. La vocal de Dermofarmacia y Productos Sanitarios del COFB, <strong>Marta Alcade<\/strong>, coordin\u00f3 la formaci\u00f3n <strong>dirigida a farmac\u00e9uticos y farmac\u00e9uticas de farmacia comunitaria y t\u00e9cnicos y t\u00e9cnicas y auxiliares en farmacia y parafarmacia.<\/strong><\/p>\n\n\n\n<figure class=\"wp-block-image size-large\"><a href=\"https:\/\/www.cofb.org\/wp-content\/uploads\/2025\/06\/COFB_PERFORACIO-LOBUL_06062025_4-scaled.jpg\" target=\"_blank\" rel=\"noreferrer noopener\"><img fetchpriority=\"high\" decoding=\"async\" width=\"1024\" height=\"576\" src=\"https:\/\/www.cofb.org\/wp-content\/uploads\/2025\/06\/COFB_PERFORACIO-LOBUL_06062025_4-1024x576.jpg\" alt=\"Gema Garrig\u00f3s (esquerra) i Marta Alcalde (dreta) en un moment de la presentaci\u00f3. \" class=\"wp-image-81363\" srcset=\"https:\/\/www.cofb.org\/wp-content\/uploads\/2025\/06\/COFB_PERFORACIO-LOBUL_06062025_4-1024x576.jpg 1024w, https:\/\/www.cofb.org\/wp-content\/uploads\/2025\/06\/COFB_PERFORACIO-LOBUL_06062025_4-300x169.jpg 300w, https:\/\/www.cofb.org\/wp-content\/uploads\/2025\/06\/COFB_PERFORACIO-LOBUL_06062025_4-768x432.jpg 768w, https:\/\/www.cofb.org\/wp-content\/uploads\/2025\/06\/COFB_PERFORACIO-LOBUL_06062025_4-1536x864.jpg 1536w, https:\/\/www.cofb.org\/wp-content\/uploads\/2025\/06\/COFB_PERFORACIO-LOBUL_06062025_4-2048x1152.jpg 2048w, https:\/\/www.cofb.org\/wp-content\/uploads\/2025\/06\/COFB_PERFORACIO-LOBUL_06062025_4-18x10.jpg 18w\" sizes=\"(max-width: 1024px) 100vw, 1024px\" \/><\/a><figcaption class=\"wp-element-caption\">Gema Garrig\u00f3s (izquierda) y Marta Alcalde (derecha) en un momento de la presentaci\u00f3n. <\/figcaption><\/figure>\n\n\n\n<p>Los <strong>objetivos <\/strong>de la formaci\u00f3n fueron <strong>saber c\u00f3mo hacer una perforaci\u00f3n del l\u00f3bulo de la oreja<\/strong> y c\u00f3mo <strong>aplicar las medidas higi\u00e9nicas y sanitarias<\/strong> posteriores para prevenir riesgos tanto del paciente como del personal que la realiza, entender las <strong>cuidados posteriores a hacer para prevenir reacciones adversas<\/strong> y <strong>identificar los posibles riesgos asociados<\/strong> que tiene el paciente.<\/p>\n\n\n\n<p><strong>Gema Garrig\u00f3s<\/strong>, farmac\u00e9utica y bioqu\u00edmica y responsable de negocio de PRIM, inici\u00f3 la sesi\u00f3n explicando que <strong>&quot;la perforaci\u00f3n del l\u00f3bulo de la oreja es una pr\u00e1ctica cada vez m\u00e1s habitual y socialmente aceptada&quot;<\/strong>, puntualizando que queda circunscrita a la farmacia \u00fanicamente la perforaci\u00f3n del l\u00f3bulo de la oreja, nunca en el cart\u00edlago.<\/p>\n\n\n\n<figure class=\"wp-block-image size-large\"><a href=\"https:\/\/www.cofb.org\/wp-content\/uploads\/2025\/06\/COFB_PERFORACIO-LOBUL_06062025_3-scaled.jpg\" target=\"_blank\" rel=\"noreferrer noopener\"><img decoding=\"async\" width=\"1024\" height=\"576\" src=\"https:\/\/www.cofb.org\/wp-content\/uploads\/2025\/06\/COFB_PERFORACIO-LOBUL_06062025_3-1024x576.jpg\" alt=\"Gema Garrig\u00f3s en un moment de la seva exposici\u00f3. \" class=\"wp-image-81362\" srcset=\"https:\/\/www.cofb.org\/wp-content\/uploads\/2025\/06\/COFB_PERFORACIO-LOBUL_06062025_3-1024x576.jpg 1024w, https:\/\/www.cofb.org\/wp-content\/uploads\/2025\/06\/COFB_PERFORACIO-LOBUL_06062025_3-300x169.jpg 300w, https:\/\/www.cofb.org\/wp-content\/uploads\/2025\/06\/COFB_PERFORACIO-LOBUL_06062025_3-768x432.jpg 768w, https:\/\/www.cofb.org\/wp-content\/uploads\/2025\/06\/COFB_PERFORACIO-LOBUL_06062025_3-1536x864.jpg 1536w, https:\/\/www.cofb.org\/wp-content\/uploads\/2025\/06\/COFB_PERFORACIO-LOBUL_06062025_3-2048x1152.jpg 2048w, https:\/\/www.cofb.org\/wp-content\/uploads\/2025\/06\/COFB_PERFORACIO-LOBUL_06062025_3-18x10.jpg 18w\" sizes=\"(max-width: 1024px) 100vw, 1024px\" \/><\/a><figcaption class=\"wp-element-caption\">Gema Garrig\u00f3s en un momento de su exposici\u00f3n. <\/figcaption><\/figure>\n\n\n\n<p>Sobre la demanda de este servicio, el <em>target<\/em>, indic\u00f3 que es una pr\u00e1ctica especialmente pedida por familias con beb\u00e9s o ni\u00f1os peque\u00f1os, adolescentes y j\u00f3venes y personas adules de todas las edades.<\/p>\n\n\n\n<div class=\"destacat-blog\">\n\n\n\n<p><\/p>\n\n\n\n<p><\/p>\n\n\n\n<h2 class=\"wp-block-heading\"><strong>Aspectos legales en la farmacia comunitaria<\/strong><\/h2>\n\n\n\n<p>Seg\u00fan el Decreto 90\/2008, la perforaci\u00f3n del l\u00f3bulo de la oreja con t\u00e9cnica autom\u00e1tica no se considera un piercing y, por tanto, puede ser realizada en la farmacia sin necesidad de autorizaci\u00f3n sanitaria espec\u00edfica. Aunque no se requiere una titulaci\u00f3n concreta, es recomendable que el personal farmac\u00e9utico o t\u00e9cnico conozca bien la t\u00e9cnica y haya recibido formaci\u00f3n pr\u00e1ctica.<\/p>\n\n\n\n<p><\/p>\n\n\n\n<\/div>\n\n\n\n<h2 class=\"wp-block-heading\"><strong>Materiales y procedimientos para la perforaci\u00f3n del l\u00f3bulo de la oreja<\/strong><\/h2>\n\n\n\n<p>A continuaci\u00f3n, la farmac\u00e9utica repas\u00f3 <strong>la anatom\u00eda y la fisiolog\u00eda de la oreja <\/strong>y las diferentes <strong>tipolog\u00edas de piercings m\u00e1s comunes en la oreja <\/strong>(l\u00f3bulo, tragus, antitragus, c\u00f3clea,<em> snug, daith, rook, <\/em>industrial,<em> <\/em>h\u00e9lice).<\/p>\n\n\n\n<p>En relaci\u00f3n con los <strong>materiales necesarios para la perforaci\u00f3n del l\u00f3bulo de la oreja<\/strong>, especific\u00f3 que es necesario utilizar un instrumento perforador de uso manual, casetes est\u00e9riles de un solo uso con cierre herm\u00e9tico, marcadores de uso t\u00f3pico y pendientes de perforaci\u00f3n.<\/p>\n\n\n\n<figure class=\"wp-block-image size-large\"><a href=\"https:\/\/www.cofb.org\/wp-content\/uploads\/2025\/06\/COFB_PERFORACIO-LOBUL_06062025_1-scaled.jpg\" target=\"_blank\" rel=\"noreferrer noopener\"><img decoding=\"async\" width=\"1024\" height=\"576\" src=\"https:\/\/www.cofb.org\/wp-content\/uploads\/2025\/06\/COFB_PERFORACIO-LOBUL_06062025_1-1024x576.jpg\" alt=\"Gema Garrig\u00f3s en la part pr\u00e0ctica de la formaci\u00f3. \" class=\"wp-image-81360\" srcset=\"https:\/\/www.cofb.org\/wp-content\/uploads\/2025\/06\/COFB_PERFORACIO-LOBUL_06062025_1-1024x576.jpg 1024w, https:\/\/www.cofb.org\/wp-content\/uploads\/2025\/06\/COFB_PERFORACIO-LOBUL_06062025_1-300x169.jpg 300w, https:\/\/www.cofb.org\/wp-content\/uploads\/2025\/06\/COFB_PERFORACIO-LOBUL_06062025_1-768x432.jpg 768w, https:\/\/www.cofb.org\/wp-content\/uploads\/2025\/06\/COFB_PERFORACIO-LOBUL_06062025_1-1536x864.jpg 1536w, https:\/\/www.cofb.org\/wp-content\/uploads\/2025\/06\/COFB_PERFORACIO-LOBUL_06062025_1-2048x1152.jpg 2048w, https:\/\/www.cofb.org\/wp-content\/uploads\/2025\/06\/COFB_PERFORACIO-LOBUL_06062025_1-18x10.jpg 18w\" sizes=\"(max-width: 1024px) 100vw, 1024px\" \/><\/a><figcaption class=\"wp-element-caption\">Gema Garrig\u00f3s en la parte pr\u00e1ctica de la formaci\u00f3n. <\/figcaption><\/figure>\n\n\n\n<p>En el caso de la perforaci\u00f3n en beb\u00e9s, aconsej\u00f3 evitar que el beb\u00e9 se mueva con la ayuda de un compa\u00f1ero o de sus padres. Sin embargo, explic\u00f3 que cabe esperar que tenga entre 3 y 4 meses para que la oreja est\u00e9 bien formada antes de perforar y que sea lo m\u00e1s r\u00e1pido posible.<\/p>\n\n\n\n<h2 class=\"wp-block-heading\"><strong>Cuidados posteriores y prevenci\u00f3n de complicaciones<\/strong><\/h2>\n\n\n\n<p>En la \u00faltima parte, Garrig\u00f3s expuso cu\u00e1les <strong>cuidados posteriores<\/strong> son necesarias despu\u00e9s de la perforaci\u00f3n para garantizar una <strong>buena cicatrizaci\u00f3n<\/strong>: hay que mantener el pendiente en la oreja durante seis semanas; limpiar la zona tres veces al d\u00eda con jab\u00f3n neutro y suero; girar el pendiente en cada limpieza, entre otros. Sobre todo, record\u00f3, que ante cualquier complicaci\u00f3n con la perforaci\u00f3n, es necesario quitarse los pendientes e ir a la farmacia de confianza, donde le ofrecer\u00e1n una soluci\u00f3n y evitar\u00e1n mayores complicaciones. &nbsp;<\/p>\n\n\n\n<p class=\"has-text-align-right\"><strong>Con el patrocinio de:<\/strong><\/p>\n\n\n\n<figure class=\"wp-block-image alignright size-large is-resized\"><a href=\"https:\/\/www.prim.es\/\" target=\"_blank\" rel=\"noreferrer noopener\"><img loading=\"lazy\" decoding=\"async\" width=\"1024\" height=\"484\" src=\"https:\/\/www.cofb.org\/wp-content\/uploads\/2025\/06\/PRIM_logo_transparent-1024x484.png\" alt=\"\" class=\"wp-image-81358\" style=\"width:243px;height:auto\" srcset=\"https:\/\/www.cofb.org\/wp-content\/uploads\/2025\/06\/PRIM_logo_transparent-1024x484.png 1024w, https:\/\/www.cofb.org\/wp-content\/uploads\/2025\/06\/PRIM_logo_transparent-300x142.png 300w, https:\/\/www.cofb.org\/wp-content\/uploads\/2025\/06\/PRIM_logo_transparent-768x363.png 768w, https:\/\/www.cofb.org\/wp-content\/uploads\/2025\/06\/PRIM_logo_transparent-1536x725.png 1536w, https:\/\/www.cofb.org\/wp-content\/uploads\/2025\/06\/PRIM_logo_transparent-18x9.png 18w, https:\/\/www.cofb.org\/wp-content\/uploads\/2025\/06\/PRIM_logo_transparent.png 1800w\" sizes=\"(max-width: 1024px) 100vw, 1024px\" \/><\/a><\/figure>\n\n\n\n<p class=\"has-text-align-right\"><strong> <\/strong><\/p>\n\n\n\n<p><\/p>\n\n\n\n<p><\/p>\n\n\n\n<div class=\"wp-block-columns is-layout-flex wp-container-core-columns-is-layout-28f84493 wp-block-columns-is-layout-flex\"><\/div>","protected":false},"excerpt":{"rendered":"<p>El pasado 10 de abril, el Colegio de Farmac\u00e9uticos de Barcelona (COFB) organiz\u00f3 una nueva edici\u00f3n de la formaci\u00f3n &quot;La perforaci\u00f3n del l\u00f3bulo de la oreja&quot; con el patrocinio de PRIM. La sesi\u00f3n fue impartida por Gema Garrig\u00f3s, farmac\u00e9utica y bioqu\u00edmica y responsable de negocio de PRIM. La vocal de [\u2026]<\/p>","protected":false},"author":3,"featured_media":81361,"comment_status":"closed","ping_status":"closed","sticky":false,"template":"","format":"standard","meta":{"_uag_custom_page_level_css":"","site-sidebar-layout":"default","site-content-layout":"","ast-site-content-layout":"default","site-content-style":"default","site-sidebar-style":"default","ast-global-header-display":"","ast-banner-title-visibility":"","ast-main-header-display":"","ast-hfb-above-header-display":"","ast-hfb-below-header-display":"","ast-hfb-mobile-header-display":"","site-post-title":"","ast-breadcrumbs-content":"","ast-featured-img":"disabled","footer-sml-layout":"","theme-transparent-header-meta":"","adv-header-id-meta":"","stick-header-meta":"","header-above-stick-meta":"","header-main-stick-meta":"","header-below-stick-meta":"","astra-migrate-meta-layouts":"set","ast-page-background-enabled":"default","ast-page-background-meta":{"desktop":{"background-color":"var(--ast-global-color-4)","background-image":"","background-repeat":"repeat","background-position":"center center","background-size":"auto","background-attachment":"scroll","background-type":"","background-media":"","overlay-type":"","overlay-color":"","overlay-opacity":"","overlay-gradient":""},"tablet":{"background-color":"","background-image":"","background-repeat":"repeat","background-position":"center center","background-size":"auto","background-attachment":"scroll","background-type":"","background-media":"","overlay-type":"","overlay-color":"","overlay-opacity":"","overlay-gradient":""},"mobile":{"background-color":"","background-image":"","background-repeat":"repeat","background-position":"center center","background-size":"auto","background-attachment":"scroll","background-type":"","background-media":"","overlay-type":"","overlay-color":"","overlay-opacity":"","overlay-gradient":""}},"ast-content-background-meta":{"desktop":{"background-color":"var(--ast-global-color-5)","background-image":"","background-repeat":"repeat","background-position":"center center","background-size":"auto","background-attachment":"scroll","background-type":"","background-media":"","overlay-type":"","overlay-color":"","overlay-opacity":"","overlay-gradient":""},"tablet":{"background-color":"var(--ast-global-color-5)","background-image":"","background-repeat":"repeat","background-position":"center center","background-size":"auto","background-attachment":"scroll","background-type":"","background-media":"","overlay-type":"","overlay-color":"","overlay-opacity":"","overlay-gradient":""},"mobile":{"background-color":"var(--ast-global-color-5)","background-image":"","background-repeat":"repeat","background-position":"center center","background-size":"auto","background-attachment":"scroll","background-type":"","background-media":"","overlay-type":"","overlay-color":"","overlay-opacity":"","overlay-gradient":""}},"footnotes":""},"categories":[23,57],"tags":[4517,18,19,53,171,68,70,678,680,76,681,5378,341,237,4519,370],"class_list":["post-81352","post","type-post","status-publish","format-standard","has-post-thumbnail","hentry","category-destacats","category-mon-collegial","tag-auxiliars","tag-cofb","tag-collegi-de-farmaceutics-de-barcelona","tag-farmaceutics","tag-farmaceutiques","tag-farmacia","tag-formacio","tag-formacio-cofb-2","tag-lobul-orella","tag-oficina-de-farmacia","tag-orella","tag-peforacio","tag-perforacio-lobul-orella","tag-productes-sanitaris","tag-tecnics","tag-vocal-de-dermofarmacia-i-productes-sanitaris"],"yoast_head":"<!-- This site is optimized with the Yoast SEO plugin v22.4 - https:\/\/yoast.com\/wordpress\/plugins\/seo\/ -->\n<title>Com fer una correcta perforaci\u00f3 del l\u00f2bul de l&#039;orella des de la farm\u00e0cia? Nova edici\u00f3 d&#039;aquesta formaci\u00f3 al COFB - Col\u00b7legi de Farmac\u00e8utics de Barcelona<\/title>\n<meta name=\"description\" content=\"El passat 10 d\u2019abril, el COFB va organitzar la formaci\u00f3 \u201cLa perforaci\u00f3 del l\u00f2bul de l\u2019orella\u201d amb el patrocini de PRIM.\" \/>\n<meta name=\"robots\" content=\"index, follow, max-snippet:-1, max-image-preview:large, max-video-preview:-1\" \/>\n<link rel=\"canonical\" href=\"https:\/\/www.cofb.org\/es\/2025\/05\/22\/com-fer-una-correcta-perforacio-del-lobul-de-lorella-des-de-la-farmacia-nova-edicio-daquesta-formacio-al-cofb\/\" \/>\n<meta property=\"og:locale\" content=\"es_ES\" \/>\n<meta property=\"og:type\" content=\"article\" \/>\n<meta property=\"og:title\" content=\"Com fer una correcta perforaci\u00f3 del l\u00f2bul de l&#039;orella des de la farm\u00e0cia? Nova edici\u00f3 d&#039;aquesta formaci\u00f3 al COFB - Col\u00b7legi de Farmac\u00e8utics de Barcelona\" \/>\n<meta property=\"og:description\" content=\"El passat 10 d\u2019abril, el COFB va organitzar la formaci\u00f3 \u201cLa perforaci\u00f3 del l\u00f2bul de l\u2019orella\u201d amb el patrocini de PRIM.\" \/>\n<meta property=\"og:url\" content=\"https:\/\/www.cofb.org\/es\/2025\/05\/22\/com-fer-una-correcta-perforacio-del-lobul-de-lorella-des-de-la-farmacia-nova-edicio-daquesta-formacio-al-cofb\/\" \/>\n<meta property=\"og:site_name\" content=\"Col\u00b7legi de Farmac\u00e8utics de Barcelona\" \/>\n<meta property=\"article:publisher\" content=\"https:\/\/www.facebook.com\/farmaceuticsbcn\/\" \/>\n<meta property=\"article:published_time\" content=\"2025-05-22T15:05:00+00:00\" \/>\n<meta property=\"article:modified_time\" content=\"2025-07-15T06:35:50+00:00\" \/>\n<meta property=\"og:image\" content=\"https:\/\/www.cofb.org\/wp-content\/uploads\/2025\/06\/COFB_PERFORACIO-LOBUL_06062025_2-scaled.jpg\" \/>\n\t<meta property=\"og:image:width\" content=\"2560\" \/>\n\t<meta property=\"og:image:height\" content=\"1440\" \/>\n\t<meta property=\"og:image:type\" content=\"image\/jpeg\" \/>\n<meta name=\"author\" content=\"Berta Mart\u00ednez\" \/>\n<meta name=\"twitter:card\" content=\"summary_large_image\" \/>\n<meta name=\"twitter:creator\" content=\"@farmaceuticsbcn\" \/>\n<meta name=\"twitter:site\" content=\"@farmaceuticsbcn\" \/>\n<meta name=\"twitter:label1\" content=\"Escrito por\" \/>\n\t<meta name=\"twitter:data1\" content=\"Berta Mart\u00ednez\" \/>\n\t<meta name=\"twitter:label2\" content=\"Tiempo de lectura\" \/>\n\t<meta name=\"twitter:data2\" content=\"1 minuto\" \/>\n<script type=\"application\/ld+json\" class=\"yoast-schema-graph\">{\"@context\":\"https:\/\/schema.org\",\"@graph\":[{\"@type\":\"Article\",\"@id\":\"https:\/\/www.cofb.org\/2025\/05\/22\/com-fer-una-correcta-perforacio-del-lobul-de-lorella-des-de-la-farmacia-nova-edicio-daquesta-formacio-al-cofb\/#article\",\"isPartOf\":{\"@id\":\"https:\/\/www.cofb.org\/2025\/05\/22\/com-fer-una-correcta-perforacio-del-lobul-de-lorella-des-de-la-farmacia-nova-edicio-daquesta-formacio-al-cofb\/\"},\"author\":{\"name\":\"Berta Mart\u00ednez\",\"@id\":\"https:\/\/www.cofb.org\/#\/schema\/person\/f32de3b41b812c85ff923cb4cc849063\"},\"headline\":\"Com fer una correcta perforaci\u00f3 del l\u00f2bul de l&#8217;orella des de la farm\u00e0cia? Nova edici\u00f3 d&#8217;aquesta formaci\u00f3 al COFB\",\"datePublished\":\"2025-05-22T15:05:00+00:00\",\"dateModified\":\"2025-07-15T06:35:50+00:00\",\"mainEntityOfPage\":{\"@id\":\"https:\/\/www.cofb.org\/2025\/05\/22\/com-fer-una-correcta-perforacio-del-lobul-de-lorella-des-de-la-farmacia-nova-edicio-daquesta-formacio-al-cofb\/\"},\"wordCount\":667,\"publisher\":{\"@id\":\"https:\/\/www.cofb.org\/#organization\"},\"image\":{\"@id\":\"https:\/\/www.cofb.org\/2025\/05\/22\/com-fer-una-correcta-perforacio-del-lobul-de-lorella-des-de-la-farmacia-nova-edicio-daquesta-formacio-al-cofb\/#primaryimage\"},\"thumbnailUrl\":\"https:\/\/www.cofb.org\/wp-content\/uploads\/2025\/06\/COFB_PERFORACIO-LOBUL_06062025_2-scaled.jpg\",\"keywords\":[\"auxiliars\",\"COFB\",\"Col\u00b7legi de Farmac\u00e8utics de Barcelona\",\"farmac\u00e8utics\",\"farmac\u00e8utiques\",\"Farm\u00e0cia\",\"Formaci\u00f3\",\"formaci\u00f3 cofb\",\"l\u00f2bul orella\",\"Oficina de farm\u00e0cia\",\"orella\",\"peforaci\u00f3\",\"Perforaci\u00f3 l\u00f2bul orella\",\"productes sanitaris\",\"t\u00e8cnics\",\"Vocal de Dermofarm\u00e0cia i Productes Sanitaris\"],\"articleSection\":[\"Destacats\",\"M\u00f3n col\u00b7legial\"],\"inLanguage\":\"es\"},{\"@type\":\"WebPage\",\"@id\":\"https:\/\/www.cofb.org\/2025\/05\/22\/com-fer-una-correcta-perforacio-del-lobul-de-lorella-des-de-la-farmacia-nova-edicio-daquesta-formacio-al-cofb\/\",\"url\":\"https:\/\/www.cofb.org\/2025\/05\/22\/com-fer-una-correcta-perforacio-del-lobul-de-lorella-des-de-la-farmacia-nova-edicio-daquesta-formacio-al-cofb\/\",\"name\":\"Com fer una correcta perforaci\u00f3 del l\u00f2bul de l'orella des de la farm\u00e0cia? Nova edici\u00f3 d'aquesta formaci\u00f3 al COFB - Col\u00b7legi de Farmac\u00e8utics de Barcelona\",\"isPartOf\":{\"@id\":\"https:\/\/www.cofb.org\/#website\"},\"primaryImageOfPage\":{\"@id\":\"https:\/\/www.cofb.org\/2025\/05\/22\/com-fer-una-correcta-perforacio-del-lobul-de-lorella-des-de-la-farmacia-nova-edicio-daquesta-formacio-al-cofb\/#primaryimage\"},\"image\":{\"@id\":\"https:\/\/www.cofb.org\/2025\/05\/22\/com-fer-una-correcta-perforacio-del-lobul-de-lorella-des-de-la-farmacia-nova-edicio-daquesta-formacio-al-cofb\/#primaryimage\"},\"thumbnailUrl\":\"https:\/\/www.cofb.org\/wp-content\/uploads\/2025\/06\/COFB_PERFORACIO-LOBUL_06062025_2-scaled.jpg\",\"datePublished\":\"2025-05-22T15:05:00+00:00\",\"dateModified\":\"2025-07-15T06:35:50+00:00\",\"description\":\"El passat 10 d\u2019abril, el COFB va organitzar la formaci\u00f3 \u201cLa perforaci\u00f3 del l\u00f2bul de l\u2019orella\u201d amb el patrocini de PRIM.\",\"breadcrumb\":{\"@id\":\"https:\/\/www.cofb.org\/2025\/05\/22\/com-fer-una-correcta-perforacio-del-lobul-de-lorella-des-de-la-farmacia-nova-edicio-daquesta-formacio-al-cofb\/#breadcrumb\"},\"inLanguage\":\"es\",\"potentialAction\":[{\"@type\":\"ReadAction\",\"target\":[\"https:\/\/www.cofb.org\/2025\/05\/22\/com-fer-una-correcta-perforacio-del-lobul-de-lorella-des-de-la-farmacia-nova-edicio-daquesta-formacio-al-cofb\/\"]}]},{\"@type\":\"ImageObject\",\"inLanguage\":\"es\",\"@id\":\"https:\/\/www.cofb.org\/2025\/05\/22\/com-fer-una-correcta-perforacio-del-lobul-de-lorella-des-de-la-farmacia-nova-edicio-daquesta-formacio-al-cofb\/#primaryimage\",\"url\":\"https:\/\/www.cofb.org\/wp-content\/uploads\/2025\/06\/COFB_PERFORACIO-LOBUL_06062025_2-scaled.jpg\",\"contentUrl\":\"https:\/\/www.cofb.org\/wp-content\/uploads\/2025\/06\/COFB_PERFORACIO-LOBUL_06062025_2-scaled.jpg\",\"width\":2560,\"height\":1440},{\"@type\":\"BreadcrumbList\",\"@id\":\"https:\/\/www.cofb.org\/2025\/05\/22\/com-fer-una-correcta-perforacio-del-lobul-de-lorella-des-de-la-farmacia-nova-edicio-daquesta-formacio-al-cofb\/#breadcrumb\",\"itemListElement\":[{\"@type\":\"ListItem\",\"position\":1,\"name\":\"Inici\",\"item\":\"https:\/\/novaorg.cofb.net\/\"},{\"@type\":\"ListItem\",\"position\":2,\"name\":\"Com fer una correcta perforaci\u00f3 del l\u00f2bul de l&#8217;orella des de la farm\u00e0cia? Nova edici\u00f3 d&#8217;aquesta formaci\u00f3 al COFB\"}]},{\"@type\":\"WebSite\",\"@id\":\"https:\/\/www.cofb.org\/#website\",\"url\":\"https:\/\/www.cofb.org\/\",\"name\":\"Col\u00b7legi de Farmac\u00e8utics de Barcelona\",\"description\":\"\",\"publisher\":{\"@id\":\"https:\/\/www.cofb.org\/#organization\"},\"potentialAction\":[{\"@type\":\"SearchAction\",\"target\":{\"@type\":\"EntryPoint\",\"urlTemplate\":\"https:\/\/www.cofb.org\/?s={search_term_string}\"},\"query-input\":\"required name=search_term_string\"}],\"inLanguage\":\"es\"},{\"@type\":\"Organization\",\"@id\":\"https:\/\/www.cofb.org\/#organization\",\"name\":\"Col\u00b7legi de Farmac\u00e8utics de Barcelona\",\"url\":\"https:\/\/www.cofb.org\/\",\"logo\":{\"@type\":\"ImageObject\",\"inLanguage\":\"es\",\"@id\":\"https:\/\/www.cofb.org\/#\/schema\/logo\/image\/\",\"url\":\"https:\/\/www.cofb.org\/wp-content\/uploads\/2023\/11\/cropped-Logotip-COFB.png\",\"contentUrl\":\"https:\/\/www.cofb.org\/wp-content\/uploads\/2023\/11\/cropped-Logotip-COFB.png\",\"width\":500,\"height\":105,\"caption\":\"Col\u00b7legi de Farmac\u00e8utics de Barcelona\"},\"image\":{\"@id\":\"https:\/\/www.cofb.org\/#\/schema\/logo\/image\/\"},\"sameAs\":[\"https:\/\/www.facebook.com\/farmaceuticsbcn\/\",\"https:\/\/twitter.com\/farmaceuticsbcn\",\"https:\/\/www.instagram.com\/farmaceuticsbcn\/\",\"https:\/\/www.linkedin.com\/company\/farmaceuticsbcn\/\"]},{\"@type\":\"Person\",\"@id\":\"https:\/\/www.cofb.org\/#\/schema\/person\/f32de3b41b812c85ff923cb4cc849063\",\"name\":\"Berta Mart\u00ednez\",\"image\":{\"@type\":\"ImageObject\",\"inLanguage\":\"es\",\"@id\":\"https:\/\/www.cofb.org\/#\/schema\/person\/image\/\",\"url\":\"https:\/\/secure.gravatar.com\/avatar\/d4c584dab5da1ee9e3c3df161c0aabec7075cc8211cd46ffc79bfe177aa78b01?s=96&d=mm&r=g\",\"contentUrl\":\"https:\/\/secure.gravatar.com\/avatar\/d4c584dab5da1ee9e3c3df161c0aabec7075cc8211cd46ffc79bfe177aa78b01?s=96&d=mm&r=g\",\"caption\":\"Berta Mart\u00ednez\"},\"url\":\"https:\/\/www.cofb.org\/es\/author\/bmartinez\/\"}]}<\/script>\n<!-- \/ Yoast SEO plugin. -->","yoast_head_json":{"title":"Com fer una correcta perforaci\u00f3 del l\u00f2bul de l'orella des de la farm\u00e0cia? Nova edici\u00f3 d'aquesta formaci\u00f3 al COFB - Col\u00b7legi de Farmac\u00e8utics de Barcelona","description":"El passat 10 d\u2019abril, el COFB va organitzar la formaci\u00f3 \u201cLa perforaci\u00f3 del l\u00f2bul de l\u2019orella\u201d amb el patrocini de PRIM.","robots":{"index":"index","follow":"follow","max-snippet":"max-snippet:-1","max-image-preview":"max-image-preview:large","max-video-preview":"max-video-preview:-1"},"canonical":"https:\/\/www.cofb.org\/es\/2025\/05\/22\/com-fer-una-correcta-perforacio-del-lobul-de-lorella-des-de-la-farmacia-nova-edicio-daquesta-formacio-al-cofb\/","og_locale":"es_ES","og_type":"article","og_title":"Com fer una correcta perforaci\u00f3 del l\u00f2bul de l'orella des de la farm\u00e0cia? Nova edici\u00f3 d'aquesta formaci\u00f3 al COFB - Col\u00b7legi de Farmac\u00e8utics de Barcelona","og_description":"El passat 10 d\u2019abril, el COFB va organitzar la formaci\u00f3 \u201cLa perforaci\u00f3 del l\u00f2bul de l\u2019orella\u201d amb el patrocini de PRIM.","og_url":"https:\/\/www.cofb.org\/es\/2025\/05\/22\/com-fer-una-correcta-perforacio-del-lobul-de-lorella-des-de-la-farmacia-nova-edicio-daquesta-formacio-al-cofb\/","og_site_name":"Col\u00b7legi de Farmac\u00e8utics de Barcelona","article_publisher":"https:\/\/www.facebook.com\/farmaceuticsbcn\/","article_published_time":"2025-05-22T15:05:00+00:00","article_modified_time":"2025-07-15T06:35:50+00:00","og_image":[{"width":2560,"height":1440,"url":"https:\/\/www.cofb.org\/wp-content\/uploads\/2025\/06\/COFB_PERFORACIO-LOBUL_06062025_2-scaled.jpg","type":"image\/jpeg"}],"author":"Berta Mart\u00ednez","twitter_card":"summary_large_image","twitter_creator":"@farmaceuticsbcn","twitter_site":"@farmaceuticsbcn","twitter_misc":{"Escrito por":"Berta Mart\u00ednez","Tiempo de lectura":"1 minuto"},"schema":{"@context":"https:\/\/schema.org","@graph":[{"@type":"Article","@id":"https:\/\/www.cofb.org\/2025\/05\/22\/com-fer-una-correcta-perforacio-del-lobul-de-lorella-des-de-la-farmacia-nova-edicio-daquesta-formacio-al-cofb\/#article","isPartOf":{"@id":"https:\/\/www.cofb.org\/2025\/05\/22\/com-fer-una-correcta-perforacio-del-lobul-de-lorella-des-de-la-farmacia-nova-edicio-daquesta-formacio-al-cofb\/"},"author":{"name":"Berta Mart\u00ednez","@id":"https:\/\/www.cofb.org\/#\/schema\/person\/f32de3b41b812c85ff923cb4cc849063"},"headline":"Com fer una correcta perforaci\u00f3 del l\u00f2bul de l&#8217;orella des de la farm\u00e0cia? Nova edici\u00f3 d&#8217;aquesta formaci\u00f3 al COFB","datePublished":"2025-05-22T15:05:00+00:00","dateModified":"2025-07-15T06:35:50+00:00","mainEntityOfPage":{"@id":"https:\/\/www.cofb.org\/2025\/05\/22\/com-fer-una-correcta-perforacio-del-lobul-de-lorella-des-de-la-farmacia-nova-edicio-daquesta-formacio-al-cofb\/"},"wordCount":667,"publisher":{"@id":"https:\/\/www.cofb.org\/#organization"},"image":{"@id":"https:\/\/www.cofb.org\/2025\/05\/22\/com-fer-una-correcta-perforacio-del-lobul-de-lorella-des-de-la-farmacia-nova-edicio-daquesta-formacio-al-cofb\/#primaryimage"},"thumbnailUrl":"https:\/\/www.cofb.org\/wp-content\/uploads\/2025\/06\/COFB_PERFORACIO-LOBUL_06062025_2-scaled.jpg","keywords":["auxiliars","COFB","Col\u00b7legi de Farmac\u00e8utics de Barcelona","farmac\u00e8utics","farmac\u00e8utiques","Farm\u00e0cia","Formaci\u00f3","formaci\u00f3 cofb","l\u00f2bul orella","Oficina de farm\u00e0cia","orella","peforaci\u00f3","Perforaci\u00f3 l\u00f2bul orella","productes sanitaris","t\u00e8cnics","Vocal de Dermofarm\u00e0cia i Productes Sanitaris"],"articleSection":["Destacats","M\u00f3n col\u00b7legial"],"inLanguage":"es"},{"@type":"WebPage","@id":"https:\/\/www.cofb.org\/2025\/05\/22\/com-fer-una-correcta-perforacio-del-lobul-de-lorella-des-de-la-farmacia-nova-edicio-daquesta-formacio-al-cofb\/","url":"https:\/\/www.cofb.org\/2025\/05\/22\/com-fer-una-correcta-perforacio-del-lobul-de-lorella-des-de-la-farmacia-nova-edicio-daquesta-formacio-al-cofb\/","name":"Com fer una correcta perforaci\u00f3 del l\u00f2bul de l'orella des de la farm\u00e0cia? Nova edici\u00f3 d'aquesta formaci\u00f3 al COFB - Col\u00b7legi de Farmac\u00e8utics de Barcelona","isPartOf":{"@id":"https:\/\/www.cofb.org\/#website"},"primaryImageOfPage":{"@id":"https:\/\/www.cofb.org\/2025\/05\/22\/com-fer-una-correcta-perforacio-del-lobul-de-lorella-des-de-la-farmacia-nova-edicio-daquesta-formacio-al-cofb\/#primaryimage"},"image":{"@id":"https:\/\/www.cofb.org\/2025\/05\/22\/com-fer-una-correcta-perforacio-del-lobul-de-lorella-des-de-la-farmacia-nova-edicio-daquesta-formacio-al-cofb\/#primaryimage"},"thumbnailUrl":"https:\/\/www.cofb.org\/wp-content\/uploads\/2025\/06\/COFB_PERFORACIO-LOBUL_06062025_2-scaled.jpg","datePublished":"2025-05-22T15:05:00+00:00","dateModified":"2025-07-15T06:35:50+00:00","description":"El passat 10 d\u2019abril, el COFB va organitzar la formaci\u00f3 \u201cLa perforaci\u00f3 del l\u00f2bul de l\u2019orella\u201d amb el patrocini de PRIM.","breadcrumb":{"@id":"https:\/\/www.cofb.org\/2025\/05\/22\/com-fer-una-correcta-perforacio-del-lobul-de-lorella-des-de-la-farmacia-nova-edicio-daquesta-formacio-al-cofb\/#breadcrumb"},"inLanguage":"es","potentialAction":[{"@type":"ReadAction","target":["https:\/\/www.cofb.org\/2025\/05\/22\/com-fer-una-correcta-perforacio-del-lobul-de-lorella-des-de-la-farmacia-nova-edicio-daquesta-formacio-al-cofb\/"]}]},{"@type":"ImageObject","inLanguage":"es","@id":"https:\/\/www.cofb.org\/2025\/05\/22\/com-fer-una-correcta-perforacio-del-lobul-de-lorella-des-de-la-farmacia-nova-edicio-daquesta-formacio-al-cofb\/#primaryimage","url":"https:\/\/www.cofb.org\/wp-content\/uploads\/2025\/06\/COFB_PERFORACIO-LOBUL_06062025_2-scaled.jpg","contentUrl":"https:\/\/www.cofb.org\/wp-content\/uploads\/2025\/06\/COFB_PERFORACIO-LOBUL_06062025_2-scaled.jpg","width":2560,"height":1440},{"@type":"BreadcrumbList","@id":"https:\/\/www.cofb.org\/2025\/05\/22\/com-fer-una-correcta-perforacio-del-lobul-de-lorella-des-de-la-farmacia-nova-edicio-daquesta-formacio-al-cofb\/#breadcrumb","itemListElement":[{"@type":"ListItem","position":1,"name":"Inici","item":"https:\/\/novaorg.cofb.net\/"},{"@type":"ListItem","position":2,"name":"Com fer una correcta perforaci\u00f3 del l\u00f2bul de l&#8217;orella des de la farm\u00e0cia? Nova edici\u00f3 d&#8217;aquesta formaci\u00f3 al COFB"}]},{"@type":"WebSite","@id":"https:\/\/www.cofb.org\/#website","url":"https:\/\/www.cofb.org\/","name":"Col\u00b7legi de Farmac\u00e8utics de Barcelona","description":"","publisher":{"@id":"https:\/\/www.cofb.org\/#organization"},"potentialAction":[{"@type":"SearchAction","target":{"@type":"EntryPoint","urlTemplate":"https:\/\/www.cofb.org\/?s={search_term_string}"},"query-input":"required name=search_term_string"}],"inLanguage":"es"},{"@type":"Organization","@id":"https:\/\/www.cofb.org\/#organization","name":"Col\u00b7legi de Farmac\u00e8utics de Barcelona","url":"https:\/\/www.cofb.org\/","logo":{"@type":"ImageObject","inLanguage":"es","@id":"https:\/\/www.cofb.org\/#\/schema\/logo\/image\/","url":"https:\/\/www.cofb.org\/wp-content\/uploads\/2023\/11\/cropped-Logotip-COFB.png","contentUrl":"https:\/\/www.cofb.org\/wp-content\/uploads\/2023\/11\/cropped-Logotip-COFB.png","width":500,"height":105,"caption":"Col\u00b7legi de Farmac\u00e8utics de Barcelona"},"image":{"@id":"https:\/\/www.cofb.org\/#\/schema\/logo\/image\/"},"sameAs":["https:\/\/www.facebook.com\/farmaceuticsbcn\/","https:\/\/twitter.com\/farmaceuticsbcn","https:\/\/www.instagram.com\/farmaceuticsbcn\/","https:\/\/www.linkedin.com\/company\/farmaceuticsbcn\/"]},{"@type":"Person","@id":"https:\/\/www.cofb.org\/#\/schema\/person\/f32de3b41b812c85ff923cb4cc849063","name":"Berta Mart\u00ednez","image":{"@type":"ImageObject","inLanguage":"es","@id":"https:\/\/www.cofb.org\/#\/schema\/person\/image\/","url":"https:\/\/secure.gravatar.com\/avatar\/d4c584dab5da1ee9e3c3df161c0aabec7075cc8211cd46ffc79bfe177aa78b01?s=96&d=mm&r=g","contentUrl":"https:\/\/secure.gravatar.com\/avatar\/d4c584dab5da1ee9e3c3df161c0aabec7075cc8211cd46ffc79bfe177aa78b01?s=96&d=mm&r=g","caption":"Berta Mart\u00ednez"},"url":"https:\/\/www.cofb.org\/es\/author\/bmartinez\/"}]}},"uagb_featured_image_src":{"full":["https:\/\/www.cofb.org\/wp-content\/uploads\/2025\/06\/COFB_PERFORACIO-LOBUL_06062025_2-scaled.jpg",2560,1440,false],"thumbnail":["https:\/\/www.cofb.org\/wp-content\/uploads\/2025\/06\/COFB_PERFORACIO-LOBUL_06062025_2-150x150.jpg",150,150,true],"medium":["https:\/\/www.cofb.org\/wp-content\/uploads\/2025\/06\/COFB_PERFORACIO-LOBUL_06062025_2-300x169.jpg",300,169,true],"medium_large":["https:\/\/www.cofb.org\/wp-content\/uploads\/2025\/06\/COFB_PERFORACIO-LOBUL_06062025_2-768x432.jpg",768,432,true],"large":["https:\/\/www.cofb.org\/wp-content\/uploads\/2025\/06\/COFB_PERFORACIO-LOBUL_06062025_2-1024x576.jpg",1024,576,true],"1536x1536":["https:\/\/www.cofb.org\/wp-content\/uploads\/2025\/06\/COFB_PERFORACIO-LOBUL_06062025_2-1536x864.jpg",1536,864,true],"2048x2048":["https:\/\/www.cofb.org\/wp-content\/uploads\/2025\/06\/COFB_PERFORACIO-LOBUL_06062025_2-2048x1152.jpg",2048,1152,true],"trp-custom-language-flag":["https:\/\/www.cofb.org\/wp-content\/uploads\/2025\/06\/COFB_PERFORACIO-LOBUL_06062025_2-18x10.jpg",18,10,true]},"uagb_author_info":{"display_name":"Berta Mart\u00ednez","author_link":"https:\/\/www.cofb.org\/es\/author\/bmartinez\/"},"uagb_comment_info":0,"uagb_excerpt":"El passat 10 d\u2019abril, el Col\u00b7legi de Farmac\u00e8utics de Barcelona (COFB) va organitzar una nova edici\u00f3 de la formaci\u00f3 \u201cLa perforaci\u00f3 del l\u00f2bul de l\u2019orella\u201d amb el patrocini de PRIM. La sessi\u00f3 va ser impartida per Gema Garrig\u00f3s, farmac\u00e8utica i bioqu\u00edmica i responsable de negoci de PRIM. La vocal de [&hellip;]","_links":{"self":[{"href":"https:\/\/www.cofb.org\/es\/wp-json\/wp\/v2\/posts\/81352","targetHints":{"allow":["GET"]}}],"collection":[{"href":"https:\/\/www.cofb.org\/es\/wp-json\/wp\/v2\/posts"}],"about":[{"href":"https:\/\/www.cofb.org\/es\/wp-json\/wp\/v2\/types\/post"}],"author":[{"embeddable":true,"href":"https:\/\/www.cofb.org\/es\/wp-json\/wp\/v2\/users\/3"}],"replies":[{"embeddable":true,"href":"https:\/\/www.cofb.org\/es\/wp-json\/wp\/v2\/comments?post=81352"}],"version-history":[{"count":12,"href":"https:\/\/www.cofb.org\/es\/wp-json\/wp\/v2\/posts\/81352\/revisions"}],"predecessor-version":[{"id":81375,"href":"https:\/\/www.cofb.org\/es\/wp-json\/wp\/v2\/posts\/81352\/revisions\/81375"}],"wp:featuredmedia":[{"embeddable":true,"href":"https:\/\/www.cofb.org\/es\/wp-json\/wp\/v2\/media\/81361"}],"wp:attachment":[{"href":"https:\/\/www.cofb.org\/es\/wp-json\/wp\/v2\/media?parent=81352"}],"wp:term":[{"taxonomy":"category","embeddable":true,"href":"https:\/\/www.cofb.org\/es\/wp-json\/wp\/v2\/categories?post=81352"},{"taxonomy":"post_tag","embeddable":true,"href":"https:\/\/www.cofb.org\/es\/wp-json\/wp\/v2\/tags?post=81352"}],"curies":[{"name":"wp","href":"https:\/\/api.w.org\/{rel}","templated":true}]}}