{"id":81342,"date":"2025-05-19T11:05:56","date_gmt":"2025-05-19T11:05:56","guid":{"rendered":"https:\/\/www.cofb.org\/?p=81342"},"modified":"2025-07-15T06:36:08","modified_gmt":"2025-07-15T06:36:08","slug":"farmaceutiques-i-farmaceutics-sactualitzen-en-bones-practiques-en-la-recomanacio-dolis-essencials","status":"publish","type":"post","link":"https:\/\/www.cofb.org\/es\/2025\/05\/19\/farmaceutiques-i-farmaceutics-sactualitzen-en-bones-practiques-en-la-recomanacio-dolis-essencials\/","title":{"rendered":"Farmac\u00e9uticas y farmac\u00e9uticos se actualizan en buenas pr\u00e1cticas en la recomendaci\u00f3n de aceites esenciales"},"content":{"rendered":"<p>El pasado 3 de abril, el <strong>Col\u00b7legi de Farmac\u00e8utics de Barcelona (COFB) <\/strong>organiz\u00f3 la formaci\u00f3n <strong>&quot;Taller de buenas pr\u00e1cticas en la recomendaci\u00f3n de aceites esenciales&quot;<\/strong>, con el patrocinio de <a href=\"https:\/\/www.terpenic.com\/\" target=\"_blank\" rel=\"noreferrer noopener\">Terp\u00e9nico<\/a>. La conferencia corri\u00f3 a cargo de <strong>Paula Hern\u00e1ndez<\/strong>, farmac\u00e9utica especializada en aceites esenciales<a> <\/a>y responsable de formaci\u00f3n t\u00e9cnica de Terpenic, y fue coordinada por el vocal de Plantas Medicinales del COFB, <strong>Josep Allu\u00e9.<\/strong><\/p>\n\n\n\n<figure class=\"wp-block-image size-large\"><a href=\"https:\/\/www.cofb.org\/wp-content\/uploads\/2025\/06\/COFB_OLIS-ESSENCIALS_05062025_2_edited-scaled.jpg\" target=\"_blank\" rel=\"noreferrer noopener\"><img fetchpriority=\"high\" decoding=\"async\" width=\"1024\" height=\"771\" src=\"https:\/\/www.cofb.org\/wp-content\/uploads\/2025\/06\/COFB_OLIS-ESSENCIALS_05062025_2_edited-1024x771.jpg\" alt=\"\" class=\"wp-image-81372\" srcset=\"https:\/\/www.cofb.org\/wp-content\/uploads\/2025\/06\/COFB_OLIS-ESSENCIALS_05062025_2_edited-1024x771.jpg 1024w, https:\/\/www.cofb.org\/wp-content\/uploads\/2025\/06\/COFB_OLIS-ESSENCIALS_05062025_2_edited-300x226.jpg 300w, https:\/\/www.cofb.org\/wp-content\/uploads\/2025\/06\/COFB_OLIS-ESSENCIALS_05062025_2_edited-768x578.jpg 768w, https:\/\/www.cofb.org\/wp-content\/uploads\/2025\/06\/COFB_OLIS-ESSENCIALS_05062025_2_edited-1536x1157.jpg 1536w, https:\/\/www.cofb.org\/wp-content\/uploads\/2025\/06\/COFB_OLIS-ESSENCIALS_05062025_2_edited-2048x1542.jpg 2048w, https:\/\/www.cofb.org\/wp-content\/uploads\/2025\/06\/COFB_OLIS-ESSENCIALS_05062025_2_edited-16x12.jpg 16w\" sizes=\"(max-width: 1024px) 100vw, 1024px\" \/><\/a><\/figure>\n\n\n\n<p>Los <strong>objetivos <\/strong>de la sesi\u00f3n fueron aprender <strong>definiciones y aspectos pr\u00e1cticos del uso de los aceites esenciales<\/strong>, saber <strong>recomendar<\/strong> de forma f\u00e1cil <strong>cinco aceites esenciales<\/strong> y <strong>tres bases vegetales<\/strong>, conocer c\u00f3mo <strong>aconsejar porcentajes y metodolog\u00edas seguras<\/strong> para la elaboraci\u00f3n de sinergias y <strong>practicar la elaboraci\u00f3n de preparados sencillos<\/strong> para dar la informaci\u00f3n a los usuarios\/as para su buen uso.<\/p>\n\n\n\n<p><strong>Paula Hern\u00e1ndez<\/strong>, farmac\u00e9utica especializada en aceites esenciales, inici\u00f3 la sesi\u00f3n definiendo <strong>la aromaterapia cient\u00edfica como una \u201cuna rama de la fitoterapia que es terap\u00e9utica y utiliza las plantas medicinales para prevenir o tratar enfermedades\u201d<\/strong>. Sin embargo, diferenci\u00f3 el concepto <strong>de esencia<\/strong>, que es <strong>&quot;la secreci\u00f3n natural de las plantas o \u00e1rboles arom\u00e1ticos, obtenida de los diferentes \u00f3rganos secretores&quot;<\/strong>; del <strong>de aceite esencial<\/strong>, que es <strong>&quot;una sustancia arom\u00e1tica pura y natural resultado generalmente de una destilaci\u00f3n por corriente de vapor de la parte de la planta arom\u00e1tica con gl\u00e1ndulas secretoras de esencia&quot;<\/strong>.<\/p>\n\n\n\n<p>A continuaci\u00f3n, la farmac\u00e9utica tambi\u00e9n explic\u00f3 cu\u00e1l es el <strong>proceso de obtenci\u00f3n de los aceites esenciales<\/strong> y las <strong>diferencias entre un aceite esencial de un aceite vegetal<\/strong> y los diferentes <strong>m\u00e9todos de extracci\u00f3n<\/strong>. En cuanto a los <strong>aceites esenciales<\/strong>, \u201csu origen proviene de plantas o \u00e1rboles arom\u00e1ticos, se obtienen por destilaci\u00f3n por corriente de vapor, est\u00e1n formados de componentes vol\u00e1tiles (terpenos, cetonas, \u00e9steres, no l\u00edpidos, prote\u00ednas y vitaminas) y son hidr\u00f3fobos, lip\u00f3filos, no lip\u00eddicos y no grapos\u201d. En cambio, los <strong>aceites vegetales<\/strong> son \u201cplantas oleaginosas, que se obtienen por presi\u00f3n de \u00e9stas, y est\u00e1n compuestas de reserva de nutrientes l\u00edpidos, prote\u00ednas, vitaminas y principalmente son lip\u00eddicas y grasas.<\/p>\n\n\n\n<h2 class=\"wp-block-heading\"><strong>Aceites esenciales y bases vegetales<\/strong><\/h2>\n\n\n\n<p>Durante la sesi\u00f3n, Hern\u00e1ndez analiz\u00f3 las especificaciones de <strong>cinco aceites esencial<\/strong>s: el de <strong>ravintsara<\/strong>, que se utiliza para <strong>&quot;facilitar la respiraci\u00f3n e incrementar las defensas&quot;<\/strong>; <strong>la esencia de lim\u00f3n<\/strong>, usada para las <strong>afecciones respiratorias, v\u00f3mitos, n\u00e1useas y cinetosis<\/strong>; <strong>el aceite esencial de menta de campo<\/strong>, indicado por <strong>calmar el dolor causado por cefaleas y neuralgias, aliviar los dolores superficiales de la piel<\/strong> (picor, urticaria, dermatitis) y tambi\u00e9n como <strong>digestivo para las n\u00e1useas<\/strong>; y, finalmente, el<strong>aceite esencial de manzanilla romana<\/strong>, recomendado para <strong>trastornos digestivos<\/strong> (c\u00f3licos, acidez de est\u00f3mago, gases), <strong>reacciones cut\u00e1neas<\/strong>, <strong>eczema<\/strong>, <strong>picor<\/strong>, <strong>piel sensible o inflamada y para ataques de p\u00e1nico o estr\u00e9s<\/strong>.<\/p>\n\n\n\n<figure class=\"wp-block-image size-large\"><a href=\"https:\/\/www.cofb.org\/wp-content\/uploads\/2025\/06\/COFB_OLIS-ESSENCIALS_05062025_1_edited-scaled.jpg\" target=\"_blank\" rel=\"noreferrer noopener\"><img decoding=\"async\" width=\"1024\" height=\"771\" src=\"https:\/\/www.cofb.org\/wp-content\/uploads\/2025\/06\/COFB_OLIS-ESSENCIALS_05062025_1_edited-1024x771.jpg\" alt=\"Paula Hern\u00e1ndez en un moment de la seva presentaci\u00f3. \" class=\"wp-image-81371\" srcset=\"https:\/\/www.cofb.org\/wp-content\/uploads\/2025\/06\/COFB_OLIS-ESSENCIALS_05062025_1_edited-1024x771.jpg 1024w, https:\/\/www.cofb.org\/wp-content\/uploads\/2025\/06\/COFB_OLIS-ESSENCIALS_05062025_1_edited-300x226.jpg 300w, https:\/\/www.cofb.org\/wp-content\/uploads\/2025\/06\/COFB_OLIS-ESSENCIALS_05062025_1_edited-768x578.jpg 768w, https:\/\/www.cofb.org\/wp-content\/uploads\/2025\/06\/COFB_OLIS-ESSENCIALS_05062025_1_edited-1536x1157.jpg 1536w, https:\/\/www.cofb.org\/wp-content\/uploads\/2025\/06\/COFB_OLIS-ESSENCIALS_05062025_1_edited-2048x1542.jpg 2048w, https:\/\/www.cofb.org\/wp-content\/uploads\/2025\/06\/COFB_OLIS-ESSENCIALS_05062025_1_edited-16x12.jpg 16w\" sizes=\"(max-width: 1024px) 100vw, 1024px\" \/><\/a><figcaption class=\"wp-element-caption\">Paula Hern\u00e1ndez en un momento de su presentaci\u00f3n. <\/figcaption><\/figure>\n\n\n\n<p>Por otra parte, comparti\u00f3 las especificaciones de <strong>tres bases vegetales<\/strong>. En primer lugar, de<strong>aceite vegetal de albaricoque<\/strong>, que tiene propiedades tonificantes, nutritivas, revitalizante.<strong>oleado de \u00e1rnica <\/strong>con propiedades antiinflamatorias, de activaci\u00f3n de la circulaci\u00f3n sangu\u00ednea y antioxidante. Y, en tercer lugar, el<strong>oleado de cal\u00e9ndula <\/strong>que es antiinflamatorio, antibacteriano, regenerador, cicatrizante y calmante.<\/p>\n\n\n\n<p>En la \u00faltima parte de la sesi\u00f3n, la farmac\u00e9utica abord\u00f3 diferentes <strong>aspectos pr\u00e1cticos <\/strong>sobre la <strong>formulaci\u00f3n con aceites esenciales y vegetales<\/strong> y concluy\u00f3 con una parte pr\u00e1ctica en la que se elaboraron <strong>preparados recomendados para diversos trastornos a petici\u00f3n del consejo habitual en la farmacia<\/strong>.<\/p>\n\n\n\n<p class=\"has-text-align-right\"><strong>Con el patrocinio de:<\/strong><\/p>\n\n\n\n<figure class=\"wp-block-image alignright size-large is-resized\"><a href=\"https:\/\/www.terpenic.com\/\" target=\"_blank\" rel=\"noreferrer noopener\"><img decoding=\"async\" width=\"1024\" height=\"131\" src=\"https:\/\/www.cofb.org\/wp-content\/uploads\/2025\/06\/TERPENIC_2025_transparent-1024x131.png\" alt=\"\" class=\"wp-image-81346\" style=\"width:297px;height:auto\" srcset=\"https:\/\/www.cofb.org\/wp-content\/uploads\/2025\/06\/TERPENIC_2025_transparent-1024x131.png 1024w, https:\/\/www.cofb.org\/wp-content\/uploads\/2025\/06\/TERPENIC_2025_transparent-300x38.png 300w, https:\/\/www.cofb.org\/wp-content\/uploads\/2025\/06\/TERPENIC_2025_transparent-768x98.png 768w, https:\/\/www.cofb.org\/wp-content\/uploads\/2025\/06\/TERPENIC_2025_transparent-1536x196.png 1536w, https:\/\/www.cofb.org\/wp-content\/uploads\/2025\/06\/TERPENIC_2025_transparent-2048x261.png 2048w, https:\/\/www.cofb.org\/wp-content\/uploads\/2025\/06\/TERPENIC_2025_transparent-18x2.png 18w\" sizes=\"(max-width: 1024px) 100vw, 1024px\" \/><\/a><\/figure>","protected":false},"excerpt":{"rendered":"<p>El pasado 3 de abril, el Colegio de Farmac\u00e9uticos de Barcelona (COFB) organiz\u00f3 la formaci\u00f3n &quot;Taller de buenas pr\u00e1cticas en la recomendaci\u00f3n de aceites esenciales&quot;, con el patrocinio de Terpenic. La conferencia corri\u00f3 a cargo de Paula Hern\u00e1ndez, farmac\u00e9utica especializada en aceites esenciales y responsable de formaci\u00f3n t\u00e9cnica de Terpenic, [\u2026]<\/p>","protected":false},"author":3,"featured_media":81371,"comment_status":"closed","ping_status":"closed","sticky":false,"template":"","format":"standard","meta":{"_uag_custom_page_level_css":"","site-sidebar-layout":"default","site-content-layout":"","ast-site-content-layout":"default","site-content-style":"default","site-sidebar-style":"default","ast-global-header-display":"","ast-banner-title-visibility":"","ast-main-header-display":"","ast-hfb-above-header-display":"","ast-hfb-below-header-display":"","ast-hfb-mobile-header-display":"","site-post-title":"","ast-breadcrumbs-content":"","ast-featured-img":"disabled","footer-sml-layout":"","theme-transparent-header-meta":"","adv-header-id-meta":"","stick-header-meta":"","header-above-stick-meta":"","header-main-stick-meta":"","header-below-stick-meta":"","astra-migrate-meta-layouts":"set","ast-page-background-enabled":"default","ast-page-background-meta":{"desktop":{"background-color":"var(--ast-global-color-4)","background-image":"","background-repeat":"repeat","background-position":"center center","background-size":"auto","background-attachment":"scroll","background-type":"","background-media":"","overlay-type":"","overlay-color":"","overlay-opacity":"","overlay-gradient":""},"tablet":{"background-color":"","background-image":"","background-repeat":"repeat","background-position":"center center","background-size":"auto","background-attachment":"scroll","background-type":"","background-media":"","overlay-type":"","overlay-color":"","overlay-opacity":"","overlay-gradient":""},"mobile":{"background-color":"","background-image":"","background-repeat":"repeat","background-position":"center center","background-size":"auto","background-attachment":"scroll","background-type":"","background-media":"","overlay-type":"","overlay-color":"","overlay-opacity":"","overlay-gradient":""}},"ast-content-background-meta":{"desktop":{"background-color":"var(--ast-global-color-5)","background-image":"","background-repeat":"repeat","background-position":"center center","background-size":"auto","background-attachment":"scroll","background-type":"","background-media":"","overlay-type":"","overlay-color":"","overlay-opacity":"","overlay-gradient":""},"tablet":{"background-color":"var(--ast-global-color-5)","background-image":"","background-repeat":"repeat","background-position":"center center","background-size":"auto","background-attachment":"scroll","background-type":"","background-media":"","overlay-type":"","overlay-color":"","overlay-opacity":"","overlay-gradient":""},"mobile":{"background-color":"var(--ast-global-color-5)","background-image":"","background-repeat":"repeat","background-position":"center center","background-size":"auto","background-attachment":"scroll","background-type":"","background-media":"","overlay-type":"","overlay-color":"","overlay-opacity":"","overlay-gradient":""}},"footnotes":""},"categories":[23,57],"tags":[64,5371,5367,5368,5375,18,19,170,53,171,68,69,70,154,5377,5374,5376,76,5372,5370,177,5373,5369],"class_list":["post-81342","post","type-post","status-publish","format-standard","has-post-thumbnail","hentry","category-destacats","category-mon-collegial","tag-atencio-farmaceutica","tag-bases-vegetals","tag-bones-practiques","tag-bones-practiques-en-olis-essencials","tag-camamilla","tag-cofb","tag-collegi-de-farmaceutics-de-barcelona","tag-essencia","tag-farmaceutics","tag-farmaceutiques","tag-farmacia","tag-farmacia-comunitaria","tag-formacio","tag-formulacio","tag-formulacio-amb-olis-essencials-i-vegetals","tag-llimona","tag-menta","tag-oficina-de-farmacia","tag-oli-vegetal","tag-olis","tag-olis-essencials","tag-ravintsara","tag-recomanacio"],"yoast_head":"<!-- This site is optimized with the Yoast SEO plugin v22.4 - https:\/\/yoast.com\/wordpress\/plugins\/seo\/ -->\n<title>Farmac\u00e8utiques i farmac\u00e8utics s\u2019actualitzen en bones pr\u00e0ctiques en la recomanaci\u00f3 d\u2019olis essencials - Col\u00b7legi de Farmac\u00e8utics de Barcelona<\/title>\n<meta name=\"description\" content=\"El passat 3 d\u2019abril, el COFB va organitzar la formaci\u00f3 \u201cTaller de bones pr\u00e0ctiques en la recomanaci\u00f3 d\u2019olis essencials\u201d\" \/>\n<meta name=\"robots\" content=\"index, follow, max-snippet:-1, max-image-preview:large, max-video-preview:-1\" \/>\n<link rel=\"canonical\" href=\"https:\/\/www.cofb.org\/es\/2025\/05\/19\/farmaceutiques-i-farmaceutics-sactualitzen-en-bones-practiques-en-la-recomanacio-dolis-essencials\/\" \/>\n<meta property=\"og:locale\" content=\"es_ES\" \/>\n<meta property=\"og:type\" content=\"article\" \/>\n<meta property=\"og:title\" content=\"Farmac\u00e8utiques i farmac\u00e8utics s\u2019actualitzen en bones pr\u00e0ctiques en la recomanaci\u00f3 d\u2019olis essencials - Col\u00b7legi de Farmac\u00e8utics de Barcelona\" \/>\n<meta property=\"og:description\" content=\"El passat 3 d\u2019abril, el COFB va organitzar la formaci\u00f3 \u201cTaller de bones pr\u00e0ctiques en la recomanaci\u00f3 d\u2019olis essencials\u201d\" \/>\n<meta property=\"og:url\" content=\"https:\/\/www.cofb.org\/es\/2025\/05\/19\/farmaceutiques-i-farmaceutics-sactualitzen-en-bones-practiques-en-la-recomanacio-dolis-essencials\/\" \/>\n<meta property=\"og:site_name\" content=\"Col\u00b7legi de Farmac\u00e8utics de Barcelona\" \/>\n<meta property=\"article:publisher\" content=\"https:\/\/www.facebook.com\/farmaceuticsbcn\/\" \/>\n<meta property=\"article:published_time\" content=\"2025-05-19T11:05:56+00:00\" \/>\n<meta property=\"article:modified_time\" content=\"2025-07-15T06:36:08+00:00\" \/>\n<meta property=\"og:image\" content=\"https:\/\/www.cofb.org\/wp-content\/uploads\/2025\/06\/COFB_OLIS-ESSENCIALS_05062025_1_edited-scaled.jpg\" \/>\n\t<meta property=\"og:image:width\" content=\"2560\" \/>\n\t<meta property=\"og:image:height\" content=\"1928\" \/>\n\t<meta property=\"og:image:type\" content=\"image\/jpeg\" \/>\n<meta name=\"author\" content=\"Berta Mart\u00ednez\" \/>\n<meta name=\"twitter:card\" content=\"summary_large_image\" \/>\n<meta name=\"twitter:creator\" content=\"@farmaceuticsbcn\" \/>\n<meta name=\"twitter:site\" content=\"@farmaceuticsbcn\" \/>\n<meta name=\"twitter:label1\" content=\"Escrito por\" \/>\n\t<meta name=\"twitter:data1\" content=\"Berta Mart\u00ednez\" \/>\n\t<meta name=\"twitter:label2\" content=\"Tiempo de lectura\" \/>\n\t<meta name=\"twitter:data2\" content=\"4 minutos\" \/>\n<script type=\"application\/ld+json\" class=\"yoast-schema-graph\">{\"@context\":\"https:\/\/schema.org\",\"@graph\":[{\"@type\":\"Article\",\"@id\":\"https:\/\/www.cofb.org\/2025\/05\/19\/farmaceutiques-i-farmaceutics-sactualitzen-en-bones-practiques-en-la-recomanacio-dolis-essencials\/#article\",\"isPartOf\":{\"@id\":\"https:\/\/www.cofb.org\/2025\/05\/19\/farmaceutiques-i-farmaceutics-sactualitzen-en-bones-practiques-en-la-recomanacio-dolis-essencials\/\"},\"author\":{\"name\":\"Berta Mart\u00ednez\",\"@id\":\"https:\/\/www.cofb.org\/#\/schema\/person\/f32de3b41b812c85ff923cb4cc849063\"},\"headline\":\"Farmac\u00e8utiques i farmac\u00e8utics s\u2019actualitzen en bones pr\u00e0ctiques en la recomanaci\u00f3 d\u2019olis essencials\",\"datePublished\":\"2025-05-19T11:05:56+00:00\",\"dateModified\":\"2025-07-15T06:36:08+00:00\",\"mainEntityOfPage\":{\"@id\":\"https:\/\/www.cofb.org\/2025\/05\/19\/farmaceutiques-i-farmaceutics-sactualitzen-en-bones-practiques-en-la-recomanacio-dolis-essencials\/\"},\"wordCount\":643,\"publisher\":{\"@id\":\"https:\/\/www.cofb.org\/#organization\"},\"image\":{\"@id\":\"https:\/\/www.cofb.org\/2025\/05\/19\/farmaceutiques-i-farmaceutics-sactualitzen-en-bones-practiques-en-la-recomanacio-dolis-essencials\/#primaryimage\"},\"thumbnailUrl\":\"https:\/\/www.cofb.org\/wp-content\/uploads\/2025\/06\/COFB_OLIS-ESSENCIALS_05062025_1_edited-scaled.jpg\",\"keywords\":[\"Atenci\u00f3 farmac\u00e8utica\",\"bases vegetals\",\"bones pr\u00e0ctiques\",\"bones pr\u00e0ctiques en olis essencials\",\"camamilla\",\"COFB\",\"Col\u00b7legi de Farmac\u00e8utics de Barcelona\",\"ess\u00e8ncia\",\"farmac\u00e8utics\",\"farmac\u00e8utiques\",\"Farm\u00e0cia\",\"farm\u00e0cia comunit\u00e0ria\",\"Formaci\u00f3\",\"formulaci\u00f3\",\"formulaci\u00f3 amb olis essencials i vegetals\",\"llimona\",\"menta\",\"Oficina de farm\u00e0cia\",\"oli vegetal\",\"olis\",\"olis essencials\",\"ravintsara\",\"recomanaci\u00f3\"],\"articleSection\":[\"Destacats\",\"M\u00f3n col\u00b7legial\"],\"inLanguage\":\"es\"},{\"@type\":\"WebPage\",\"@id\":\"https:\/\/www.cofb.org\/2025\/05\/19\/farmaceutiques-i-farmaceutics-sactualitzen-en-bones-practiques-en-la-recomanacio-dolis-essencials\/\",\"url\":\"https:\/\/www.cofb.org\/2025\/05\/19\/farmaceutiques-i-farmaceutics-sactualitzen-en-bones-practiques-en-la-recomanacio-dolis-essencials\/\",\"name\":\"Farmac\u00e8utiques i farmac\u00e8utics s\u2019actualitzen en bones pr\u00e0ctiques en la recomanaci\u00f3 d\u2019olis essencials - Col\u00b7legi de Farmac\u00e8utics de Barcelona\",\"isPartOf\":{\"@id\":\"https:\/\/www.cofb.org\/#website\"},\"primaryImageOfPage\":{\"@id\":\"https:\/\/www.cofb.org\/2025\/05\/19\/farmaceutiques-i-farmaceutics-sactualitzen-en-bones-practiques-en-la-recomanacio-dolis-essencials\/#primaryimage\"},\"image\":{\"@id\":\"https:\/\/www.cofb.org\/2025\/05\/19\/farmaceutiques-i-farmaceutics-sactualitzen-en-bones-practiques-en-la-recomanacio-dolis-essencials\/#primaryimage\"},\"thumbnailUrl\":\"https:\/\/www.cofb.org\/wp-content\/uploads\/2025\/06\/COFB_OLIS-ESSENCIALS_05062025_1_edited-scaled.jpg\",\"datePublished\":\"2025-05-19T11:05:56+00:00\",\"dateModified\":\"2025-07-15T06:36:08+00:00\",\"description\":\"El passat 3 d\u2019abril, el COFB va organitzar la formaci\u00f3 \u201cTaller de bones pr\u00e0ctiques en la recomanaci\u00f3 d\u2019olis essencials\u201d\",\"breadcrumb\":{\"@id\":\"https:\/\/www.cofb.org\/2025\/05\/19\/farmaceutiques-i-farmaceutics-sactualitzen-en-bones-practiques-en-la-recomanacio-dolis-essencials\/#breadcrumb\"},\"inLanguage\":\"es\",\"potentialAction\":[{\"@type\":\"ReadAction\",\"target\":[\"https:\/\/www.cofb.org\/2025\/05\/19\/farmaceutiques-i-farmaceutics-sactualitzen-en-bones-practiques-en-la-recomanacio-dolis-essencials\/\"]}]},{\"@type\":\"ImageObject\",\"inLanguage\":\"es\",\"@id\":\"https:\/\/www.cofb.org\/2025\/05\/19\/farmaceutiques-i-farmaceutics-sactualitzen-en-bones-practiques-en-la-recomanacio-dolis-essencials\/#primaryimage\",\"url\":\"https:\/\/www.cofb.org\/wp-content\/uploads\/2025\/06\/COFB_OLIS-ESSENCIALS_05062025_1_edited-scaled.jpg\",\"contentUrl\":\"https:\/\/www.cofb.org\/wp-content\/uploads\/2025\/06\/COFB_OLIS-ESSENCIALS_05062025_1_edited-scaled.jpg\",\"width\":2560,\"height\":1928,\"caption\":\"Paula Hern\u00e1ndez en un moment de la seva presentaci\u00f3.\"},{\"@type\":\"BreadcrumbList\",\"@id\":\"https:\/\/www.cofb.org\/2025\/05\/19\/farmaceutiques-i-farmaceutics-sactualitzen-en-bones-practiques-en-la-recomanacio-dolis-essencials\/#breadcrumb\",\"itemListElement\":[{\"@type\":\"ListItem\",\"position\":1,\"name\":\"Inici\",\"item\":\"https:\/\/novaorg.cofb.net\/\"},{\"@type\":\"ListItem\",\"position\":2,\"name\":\"Farmac\u00e8utiques i farmac\u00e8utics s\u2019actualitzen en bones pr\u00e0ctiques en la recomanaci\u00f3 d\u2019olis essencials\"}]},{\"@type\":\"WebSite\",\"@id\":\"https:\/\/www.cofb.org\/#website\",\"url\":\"https:\/\/www.cofb.org\/\",\"name\":\"Col\u00b7legi de Farmac\u00e8utics de Barcelona\",\"description\":\"\",\"publisher\":{\"@id\":\"https:\/\/www.cofb.org\/#organization\"},\"potentialAction\":[{\"@type\":\"SearchAction\",\"target\":{\"@type\":\"EntryPoint\",\"urlTemplate\":\"https:\/\/www.cofb.org\/?s={search_term_string}\"},\"query-input\":\"required name=search_term_string\"}],\"inLanguage\":\"es\"},{\"@type\":\"Organization\",\"@id\":\"https:\/\/www.cofb.org\/#organization\",\"name\":\"Col\u00b7legi de Farmac\u00e8utics de Barcelona\",\"url\":\"https:\/\/www.cofb.org\/\",\"logo\":{\"@type\":\"ImageObject\",\"inLanguage\":\"es\",\"@id\":\"https:\/\/www.cofb.org\/#\/schema\/logo\/image\/\",\"url\":\"https:\/\/www.cofb.org\/wp-content\/uploads\/2023\/11\/cropped-Logotip-COFB.png\",\"contentUrl\":\"https:\/\/www.cofb.org\/wp-content\/uploads\/2023\/11\/cropped-Logotip-COFB.png\",\"width\":500,\"height\":105,\"caption\":\"Col\u00b7legi de Farmac\u00e8utics de Barcelona\"},\"image\":{\"@id\":\"https:\/\/www.cofb.org\/#\/schema\/logo\/image\/\"},\"sameAs\":[\"https:\/\/www.facebook.com\/farmaceuticsbcn\/\",\"https:\/\/twitter.com\/farmaceuticsbcn\",\"https:\/\/www.instagram.com\/farmaceuticsbcn\/\",\"https:\/\/www.linkedin.com\/company\/farmaceuticsbcn\/\"]},{\"@type\":\"Person\",\"@id\":\"https:\/\/www.cofb.org\/#\/schema\/person\/f32de3b41b812c85ff923cb4cc849063\",\"name\":\"Berta Mart\u00ednez\",\"image\":{\"@type\":\"ImageObject\",\"inLanguage\":\"es\",\"@id\":\"https:\/\/www.cofb.org\/#\/schema\/person\/image\/\",\"url\":\"https:\/\/secure.gravatar.com\/avatar\/d4c584dab5da1ee9e3c3df161c0aabec7075cc8211cd46ffc79bfe177aa78b01?s=96&d=mm&r=g\",\"contentUrl\":\"https:\/\/secure.gravatar.com\/avatar\/d4c584dab5da1ee9e3c3df161c0aabec7075cc8211cd46ffc79bfe177aa78b01?s=96&d=mm&r=g\",\"caption\":\"Berta Mart\u00ednez\"},\"url\":\"https:\/\/www.cofb.org\/es\/author\/bmartinez\/\"}]}<\/script>\n<!-- \/ Yoast SEO plugin. -->","yoast_head_json":{"title":"Farmac\u00e8utiques i farmac\u00e8utics s\u2019actualitzen en bones pr\u00e0ctiques en la recomanaci\u00f3 d\u2019olis essencials - Col\u00b7legi de Farmac\u00e8utics de Barcelona","description":"El passat 3 d\u2019abril, el COFB va organitzar la formaci\u00f3 \u201cTaller de bones pr\u00e0ctiques en la recomanaci\u00f3 d\u2019olis essencials\u201d","robots":{"index":"index","follow":"follow","max-snippet":"max-snippet:-1","max-image-preview":"max-image-preview:large","max-video-preview":"max-video-preview:-1"},"canonical":"https:\/\/www.cofb.org\/es\/2025\/05\/19\/farmaceutiques-i-farmaceutics-sactualitzen-en-bones-practiques-en-la-recomanacio-dolis-essencials\/","og_locale":"es_ES","og_type":"article","og_title":"Farmac\u00e8utiques i farmac\u00e8utics s\u2019actualitzen en bones pr\u00e0ctiques en la recomanaci\u00f3 d\u2019olis essencials - Col\u00b7legi de Farmac\u00e8utics de Barcelona","og_description":"El passat 3 d\u2019abril, el COFB va organitzar la formaci\u00f3 \u201cTaller de bones pr\u00e0ctiques en la recomanaci\u00f3 d\u2019olis essencials\u201d","og_url":"https:\/\/www.cofb.org\/es\/2025\/05\/19\/farmaceutiques-i-farmaceutics-sactualitzen-en-bones-practiques-en-la-recomanacio-dolis-essencials\/","og_site_name":"Col\u00b7legi de Farmac\u00e8utics de Barcelona","article_publisher":"https:\/\/www.facebook.com\/farmaceuticsbcn\/","article_published_time":"2025-05-19T11:05:56+00:00","article_modified_time":"2025-07-15T06:36:08+00:00","og_image":[{"width":2560,"height":1928,"url":"https:\/\/www.cofb.org\/wp-content\/uploads\/2025\/06\/COFB_OLIS-ESSENCIALS_05062025_1_edited-scaled.jpg","type":"image\/jpeg"}],"author":"Berta Mart\u00ednez","twitter_card":"summary_large_image","twitter_creator":"@farmaceuticsbcn","twitter_site":"@farmaceuticsbcn","twitter_misc":{"Escrito por":"Berta Mart\u00ednez","Tiempo de lectura":"4 minutos"},"schema":{"@context":"https:\/\/schema.org","@graph":[{"@type":"Article","@id":"https:\/\/www.cofb.org\/2025\/05\/19\/farmaceutiques-i-farmaceutics-sactualitzen-en-bones-practiques-en-la-recomanacio-dolis-essencials\/#article","isPartOf":{"@id":"https:\/\/www.cofb.org\/2025\/05\/19\/farmaceutiques-i-farmaceutics-sactualitzen-en-bones-practiques-en-la-recomanacio-dolis-essencials\/"},"author":{"name":"Berta Mart\u00ednez","@id":"https:\/\/www.cofb.org\/#\/schema\/person\/f32de3b41b812c85ff923cb4cc849063"},"headline":"Farmac\u00e8utiques i farmac\u00e8utics s\u2019actualitzen en bones pr\u00e0ctiques en la recomanaci\u00f3 d\u2019olis essencials","datePublished":"2025-05-19T11:05:56+00:00","dateModified":"2025-07-15T06:36:08+00:00","mainEntityOfPage":{"@id":"https:\/\/www.cofb.org\/2025\/05\/19\/farmaceutiques-i-farmaceutics-sactualitzen-en-bones-practiques-en-la-recomanacio-dolis-essencials\/"},"wordCount":643,"publisher":{"@id":"https:\/\/www.cofb.org\/#organization"},"image":{"@id":"https:\/\/www.cofb.org\/2025\/05\/19\/farmaceutiques-i-farmaceutics-sactualitzen-en-bones-practiques-en-la-recomanacio-dolis-essencials\/#primaryimage"},"thumbnailUrl":"https:\/\/www.cofb.org\/wp-content\/uploads\/2025\/06\/COFB_OLIS-ESSENCIALS_05062025_1_edited-scaled.jpg","keywords":["Atenci\u00f3 farmac\u00e8utica","bases vegetals","bones pr\u00e0ctiques","bones pr\u00e0ctiques en olis essencials","camamilla","COFB","Col\u00b7legi de Farmac\u00e8utics de Barcelona","ess\u00e8ncia","farmac\u00e8utics","farmac\u00e8utiques","Farm\u00e0cia","farm\u00e0cia comunit\u00e0ria","Formaci\u00f3","formulaci\u00f3","formulaci\u00f3 amb olis essencials i vegetals","llimona","menta","Oficina de farm\u00e0cia","oli vegetal","olis","olis essencials","ravintsara","recomanaci\u00f3"],"articleSection":["Destacats","M\u00f3n col\u00b7legial"],"inLanguage":"es"},{"@type":"WebPage","@id":"https:\/\/www.cofb.org\/2025\/05\/19\/farmaceutiques-i-farmaceutics-sactualitzen-en-bones-practiques-en-la-recomanacio-dolis-essencials\/","url":"https:\/\/www.cofb.org\/2025\/05\/19\/farmaceutiques-i-farmaceutics-sactualitzen-en-bones-practiques-en-la-recomanacio-dolis-essencials\/","name":"Farmac\u00e8utiques i farmac\u00e8utics s\u2019actualitzen en bones pr\u00e0ctiques en la recomanaci\u00f3 d\u2019olis essencials - Col\u00b7legi de Farmac\u00e8utics de Barcelona","isPartOf":{"@id":"https:\/\/www.cofb.org\/#website"},"primaryImageOfPage":{"@id":"https:\/\/www.cofb.org\/2025\/05\/19\/farmaceutiques-i-farmaceutics-sactualitzen-en-bones-practiques-en-la-recomanacio-dolis-essencials\/#primaryimage"},"image":{"@id":"https:\/\/www.cofb.org\/2025\/05\/19\/farmaceutiques-i-farmaceutics-sactualitzen-en-bones-practiques-en-la-recomanacio-dolis-essencials\/#primaryimage"},"thumbnailUrl":"https:\/\/www.cofb.org\/wp-content\/uploads\/2025\/06\/COFB_OLIS-ESSENCIALS_05062025_1_edited-scaled.jpg","datePublished":"2025-05-19T11:05:56+00:00","dateModified":"2025-07-15T06:36:08+00:00","description":"El passat 3 d\u2019abril, el COFB va organitzar la formaci\u00f3 \u201cTaller de bones pr\u00e0ctiques en la recomanaci\u00f3 d\u2019olis essencials\u201d","breadcrumb":{"@id":"https:\/\/www.cofb.org\/2025\/05\/19\/farmaceutiques-i-farmaceutics-sactualitzen-en-bones-practiques-en-la-recomanacio-dolis-essencials\/#breadcrumb"},"inLanguage":"es","potentialAction":[{"@type":"ReadAction","target":["https:\/\/www.cofb.org\/2025\/05\/19\/farmaceutiques-i-farmaceutics-sactualitzen-en-bones-practiques-en-la-recomanacio-dolis-essencials\/"]}]},{"@type":"ImageObject","inLanguage":"es","@id":"https:\/\/www.cofb.org\/2025\/05\/19\/farmaceutiques-i-farmaceutics-sactualitzen-en-bones-practiques-en-la-recomanacio-dolis-essencials\/#primaryimage","url":"https:\/\/www.cofb.org\/wp-content\/uploads\/2025\/06\/COFB_OLIS-ESSENCIALS_05062025_1_edited-scaled.jpg","contentUrl":"https:\/\/www.cofb.org\/wp-content\/uploads\/2025\/06\/COFB_OLIS-ESSENCIALS_05062025_1_edited-scaled.jpg","width":2560,"height":1928,"caption":"Paula Hern\u00e1ndez en un moment de la seva presentaci\u00f3."},{"@type":"BreadcrumbList","@id":"https:\/\/www.cofb.org\/2025\/05\/19\/farmaceutiques-i-farmaceutics-sactualitzen-en-bones-practiques-en-la-recomanacio-dolis-essencials\/#breadcrumb","itemListElement":[{"@type":"ListItem","position":1,"name":"Inici","item":"https:\/\/novaorg.cofb.net\/"},{"@type":"ListItem","position":2,"name":"Farmac\u00e8utiques i farmac\u00e8utics s\u2019actualitzen en bones pr\u00e0ctiques en la recomanaci\u00f3 d\u2019olis essencials"}]},{"@type":"WebSite","@id":"https:\/\/www.cofb.org\/#website","url":"https:\/\/www.cofb.org\/","name":"Col\u00b7legi de Farmac\u00e8utics de Barcelona","description":"","publisher":{"@id":"https:\/\/www.cofb.org\/#organization"},"potentialAction":[{"@type":"SearchAction","target":{"@type":"EntryPoint","urlTemplate":"https:\/\/www.cofb.org\/?s={search_term_string}"},"query-input":"required name=search_term_string"}],"inLanguage":"es"},{"@type":"Organization","@id":"https:\/\/www.cofb.org\/#organization","name":"Col\u00b7legi de Farmac\u00e8utics de Barcelona","url":"https:\/\/www.cofb.org\/","logo":{"@type":"ImageObject","inLanguage":"es","@id":"https:\/\/www.cofb.org\/#\/schema\/logo\/image\/","url":"https:\/\/www.cofb.org\/wp-content\/uploads\/2023\/11\/cropped-Logotip-COFB.png","contentUrl":"https:\/\/www.cofb.org\/wp-content\/uploads\/2023\/11\/cropped-Logotip-COFB.png","width":500,"height":105,"caption":"Col\u00b7legi de Farmac\u00e8utics de Barcelona"},"image":{"@id":"https:\/\/www.cofb.org\/#\/schema\/logo\/image\/"},"sameAs":["https:\/\/www.facebook.com\/farmaceuticsbcn\/","https:\/\/twitter.com\/farmaceuticsbcn","https:\/\/www.instagram.com\/farmaceuticsbcn\/","https:\/\/www.linkedin.com\/company\/farmaceuticsbcn\/"]},{"@type":"Person","@id":"https:\/\/www.cofb.org\/#\/schema\/person\/f32de3b41b812c85ff923cb4cc849063","name":"Berta Mart\u00ednez","image":{"@type":"ImageObject","inLanguage":"es","@id":"https:\/\/www.cofb.org\/#\/schema\/person\/image\/","url":"https:\/\/secure.gravatar.com\/avatar\/d4c584dab5da1ee9e3c3df161c0aabec7075cc8211cd46ffc79bfe177aa78b01?s=96&d=mm&r=g","contentUrl":"https:\/\/secure.gravatar.com\/avatar\/d4c584dab5da1ee9e3c3df161c0aabec7075cc8211cd46ffc79bfe177aa78b01?s=96&d=mm&r=g","caption":"Berta Mart\u00ednez"},"url":"https:\/\/www.cofb.org\/es\/author\/bmartinez\/"}]}},"uagb_featured_image_src":{"full":["https:\/\/www.cofb.org\/wp-content\/uploads\/2025\/06\/COFB_OLIS-ESSENCIALS_05062025_1_edited-scaled.jpg",2560,1928,false],"thumbnail":["https:\/\/www.cofb.org\/wp-content\/uploads\/2025\/06\/COFB_OLIS-ESSENCIALS_05062025_1_edited-150x150.jpg",150,150,true],"medium":["https:\/\/www.cofb.org\/wp-content\/uploads\/2025\/06\/COFB_OLIS-ESSENCIALS_05062025_1_edited-300x226.jpg",300,226,true],"medium_large":["https:\/\/www.cofb.org\/wp-content\/uploads\/2025\/06\/COFB_OLIS-ESSENCIALS_05062025_1_edited-768x578.jpg",768,578,true],"large":["https:\/\/www.cofb.org\/wp-content\/uploads\/2025\/06\/COFB_OLIS-ESSENCIALS_05062025_1_edited-1024x771.jpg",1024,771,true],"1536x1536":["https:\/\/www.cofb.org\/wp-content\/uploads\/2025\/06\/COFB_OLIS-ESSENCIALS_05062025_1_edited-1536x1157.jpg",1536,1157,true],"2048x2048":["https:\/\/www.cofb.org\/wp-content\/uploads\/2025\/06\/COFB_OLIS-ESSENCIALS_05062025_1_edited-2048x1542.jpg",2048,1542,true],"trp-custom-language-flag":["https:\/\/www.cofb.org\/wp-content\/uploads\/2025\/06\/COFB_OLIS-ESSENCIALS_05062025_1_edited-16x12.jpg",16,12,true]},"uagb_author_info":{"display_name":"Berta Mart\u00ednez","author_link":"https:\/\/www.cofb.org\/es\/author\/bmartinez\/"},"uagb_comment_info":0,"uagb_excerpt":"El passat 3 d\u2019abril, el Col\u00b7legi de Farmac\u00e8utics de Barcelona (COFB) va organitzar la formaci\u00f3 \u201cTaller de bones pr\u00e0ctiques en la recomanaci\u00f3 d\u2019olis essencials\u201d, amb el patrocini de Terpenic. La confer\u00e8ncia va anar a c\u00e0rrec de Paula Hern\u00e1ndez, farmac\u00e8utica especialitzada en olis essencials i responsable de formaci\u00f3 t\u00e8cnica de Terpenic, [&hellip;]","_links":{"self":[{"href":"https:\/\/www.cofb.org\/es\/wp-json\/wp\/v2\/posts\/81342","targetHints":{"allow":["GET"]}}],"collection":[{"href":"https:\/\/www.cofb.org\/es\/wp-json\/wp\/v2\/posts"}],"about":[{"href":"https:\/\/www.cofb.org\/es\/wp-json\/wp\/v2\/types\/post"}],"author":[{"embeddable":true,"href":"https:\/\/www.cofb.org\/es\/wp-json\/wp\/v2\/users\/3"}],"replies":[{"embeddable":true,"href":"https:\/\/www.cofb.org\/es\/wp-json\/wp\/v2\/comments?post=81342"}],"version-history":[{"count":7,"href":"https:\/\/www.cofb.org\/es\/wp-json\/wp\/v2\/posts\/81342\/revisions"}],"predecessor-version":[{"id":81373,"href":"https:\/\/www.cofb.org\/es\/wp-json\/wp\/v2\/posts\/81342\/revisions\/81373"}],"wp:featuredmedia":[{"embeddable":true,"href":"https:\/\/www.cofb.org\/es\/wp-json\/wp\/v2\/media\/81371"}],"wp:attachment":[{"href":"https:\/\/www.cofb.org\/es\/wp-json\/wp\/v2\/media?parent=81342"}],"wp:term":[{"taxonomy":"category","embeddable":true,"href":"https:\/\/www.cofb.org\/es\/wp-json\/wp\/v2\/categories?post=81342"},{"taxonomy":"post_tag","embeddable":true,"href":"https:\/\/www.cofb.org\/es\/wp-json\/wp\/v2\/tags?post=81342"}],"curies":[{"name":"wp","href":"https:\/\/api.w.org\/{rel}","templated":true}]}}