{"id":81311,"date":"2025-06-05T11:05:45","date_gmt":"2025-06-05T11:05:45","guid":{"rendered":"https:\/\/www.cofb.org\/?p=81311"},"modified":"2025-07-15T06:34:08","modified_gmt":"2025-07-15T06:34:08","slug":"junta-general-ordinaria-aprovada-per-unanimitat-la-liquidacio-del-pressupost-de-2024","status":"publish","type":"post","link":"https:\/\/www.cofb.org\/es\/2025\/06\/05\/junta-general-ordinaria-aprovada-per-unanimitat-la-liquidacio-del-pressupost-de-2024\/","title":{"rendered":"Junta General Ordinaria: Aprobada por unanimidad la liquidaci\u00f3n del presupuesto de 2024"},"content":{"rendered":"<p>El pasado mi\u00e9rcoles 4 de junio se celebr\u00f3 la <strong>Junta General Ordinaria (JGO)<\/strong> en el <strong>Col\u00b7legi de Farmac\u00e8utics de Barcelona (COFB)<\/strong>, donde se aprob\u00f3 por unanimidad la <strong>liquidaci\u00f3n del presupuesto correspondiente al a\u00f1o 2024 y la aplicaci\u00f3n del resultado<\/strong>. La sesi\u00f3n corri\u00f3 a cargo del presidente del COFB, <strong>Jordi Casas<\/strong>; la secretaria del Colegio<strong>, Marta Gento<\/strong>; el tesorero, <strong>Miquel Recasens<\/strong>; y la vicepresidenta, <strong>N\u00faria Bosch<\/strong>.<\/p>\n\n\n\n<figure class=\"wp-block-image size-large\"><a href=\"https:\/\/www.cofb.org\/wp-content\/uploads\/2025\/06\/COFB_JGO_05062025_1-scaled.jpg\" target=\"_blank\" rel=\"noreferrer noopener\"><img fetchpriority=\"high\" decoding=\"async\" width=\"1024\" height=\"576\" src=\"https:\/\/www.cofb.org\/wp-content\/uploads\/2025\/06\/COFB_JGO_05062025_1-1024x576.jpg\" alt=\"D\u2019esquerra a dreta: Marta Gento, Jordi Casas i Miquel Recasens.\" class=\"wp-image-81314\" srcset=\"https:\/\/www.cofb.org\/wp-content\/uploads\/2025\/06\/COFB_JGO_05062025_1-1024x576.jpg 1024w, https:\/\/www.cofb.org\/wp-content\/uploads\/2025\/06\/COFB_JGO_05062025_1-300x169.jpg 300w, https:\/\/www.cofb.org\/wp-content\/uploads\/2025\/06\/COFB_JGO_05062025_1-768x432.jpg 768w, https:\/\/www.cofb.org\/wp-content\/uploads\/2025\/06\/COFB_JGO_05062025_1-1536x864.jpg 1536w, https:\/\/www.cofb.org\/wp-content\/uploads\/2025\/06\/COFB_JGO_05062025_1-2048x1152.jpg 2048w, https:\/\/www.cofb.org\/wp-content\/uploads\/2025\/06\/COFB_JGO_05062025_1-18x10.jpg 18w\" sizes=\"(max-width: 1024px) 100vw, 1024px\" \/><\/a><figcaption class=\"wp-element-caption\">De izquierda a derecha: Marta Gento, Jordi Casas y Miquel Recasens.<\/figcaption><\/figure>\n\n\n\n<h2 class=\"wp-block-heading\"><strong>Informe de Secretar\u00eda<\/strong><\/h2>\n\n\n\n<p>En primer lugar, intervino la secretaria del COFB, <strong>Marta Gento<\/strong>, para presentar el<strong>Informe de Secretar\u00eda <\/strong>del a\u00f1o <strong>2024 referente a la Memoria de Gesti\u00f3n de la Junta de Gobierno de 2024<\/strong>, que <strong>&quot;es un reflejo vivo de un a\u00f1o intenso, comprometido y sobre todo compartido. Un a\u00f1o, por tanto, de impulso colectivo&quot;<\/strong>.<\/p>\n\n\n\n<p>A lo largo del a\u00f1o, el Colegio \u201cha impulsado <strong>iniciativas para fomentar la escucha activa y la participaci\u00f3n colegial<\/strong>, se han establecido <strong>nuevas alianzas con otros agentes de salud<\/strong>, se han <strong>revisado y actualizado numerosos servicios colegiales<\/strong> y se ha <strong>reforzado el compromiso con la sostenibilidad y la innovaci\u00f3n<\/strong>&quot;, explic\u00f3 la secretaria del COFB. En 2024, el Colegio ha contado con un total de <strong>9.344 colegiados\/das en la provincia de Barcelona<\/strong>, de los cuales uno <strong>74% farmac\u00e9uticas<\/strong>, y con presencia de <strong>todos los \u00e1mbitos de la profesi\u00f3n<\/strong>. \u201cNos une un denominador com\u00fan\u201d, afirm\u00f3: <strong>&quot;Somos profesionales con rigor, clave en la salud p\u00fablica, con capacidad de respuesta y adaptaci\u00f3n, con compromiso \u00e9tico y deontol\u00f3gico, y con implicaci\u00f3n con la sostenibilidad y la responsabilidad social&quot;.<\/strong><\/p>\n\n\n\n<p>En esta l\u00ednea, Gento puso en valor la apuesta de Colegio por ofrecer una <strong>atenci\u00f3n personalizada y un soporte constante <\/strong>desde todos los departamentos, con el objetivo de garantizar <strong>experiencia colegial cercana y eficiente. <\/strong>En ese sentido, indic\u00f3 que se ha trabajado para ser m\u00e1s accesibles y resolutivos. As\u00ed, durante el a\u00f1o, se han atendido m\u00e1s de <strong>214.000 consultas telef\u00f3nicas<\/strong>, el <strong>30% resueltas por el Centro de Informaci\u00f3n del Medicamento (CIM)<\/strong>, y desde el <strong>Centro de Documentaci\u00f3n<\/strong> se han gestionado <strong>700 solicitudes de informaci\u00f3n<\/strong> de todos los \u00e1mbitos de la profesi\u00f3n. Sin embargo, recalc\u00f3 la \u201crigurosa labor de <strong>la Comisi\u00f3n de Deontolog\u00eda<\/strong>, ya que cada vez <strong>m\u00e1s farmac\u00e9uticos y farmac\u00e9uticas conf\u00edan y recorren\u201d<\/strong>. As\u00ed pues, se ha acompa\u00f1ado a los farmac\u00e9uticos\/cas en casi <strong>150 procesos de cambio de titularidad<\/strong>, donante <strong>respuesta a la preocupaci\u00f3n creciente de recetas falsas<\/strong>, que han incrementado un 70%. Por otra parte, la secretar\u00eda subray\u00f3 que a lo largo de 2024, se ha \u201capostado por la <strong>transformaci\u00f3n y la digitalizaci\u00f3n<\/strong>\u201d, creando herramientas \u2013 gu\u00eda de autoinspecci\u00f3n, portal de tr\u00e1mites, app COFB, certificado digital \u2013 que mejoran la autonom\u00eda de los colegiados.<\/p>\n\n\n\n<figure class=\"wp-block-image size-large\"><a href=\"https:\/\/www.cofb.org\/wp-content\/uploads\/2025\/06\/COFB_JGO_05062025_2-scaled.jpg\" target=\"_blank\" rel=\"noreferrer noopener\"><img decoding=\"async\" width=\"1024\" height=\"567\" src=\"https:\/\/www.cofb.org\/wp-content\/uploads\/2025\/06\/COFB_JGO_05062025_2-1024x567.jpg\" alt=\"\" class=\"wp-image-81315\" srcset=\"https:\/\/www.cofb.org\/wp-content\/uploads\/2025\/06\/COFB_JGO_05062025_2-1024x567.jpg 1024w, https:\/\/www.cofb.org\/wp-content\/uploads\/2025\/06\/COFB_JGO_05062025_2-300x166.jpg 300w, https:\/\/www.cofb.org\/wp-content\/uploads\/2025\/06\/COFB_JGO_05062025_2-768x426.jpg 768w, https:\/\/www.cofb.org\/wp-content\/uploads\/2025\/06\/COFB_JGO_05062025_2-1536x851.jpg 1536w, https:\/\/www.cofb.org\/wp-content\/uploads\/2025\/06\/COFB_JGO_05062025_2-2048x1135.jpg 2048w, https:\/\/www.cofb.org\/wp-content\/uploads\/2025\/06\/COFB_JGO_05062025_2-18x10.jpg 18w\" sizes=\"(max-width: 1024px) 100vw, 1024px\" \/><\/a><figcaption class=\"wp-element-caption\">La secretar\u00eda del COFB, Marta Gento, durante su presentaci\u00f3n del Informe de Secretar\u00eda.\n<\/figcaption><\/figure>\n\n\n\n<p>En cuanto a la <strong>formaci\u00f3n<\/strong>, se\u00f1al\u00f3 que <strong>\u201ces<\/strong> <strong>otra prioridad indiscutible\u201d<\/strong>, destacando que <strong>se ha aumentado un 30% los inscritos<\/strong> respecto al a\u00f1o anterior; <strong>se han realizado 230 actividades<\/strong> con m\u00e1s de <strong>30.000 inscripciones<\/strong>, de las que casi <strong>la mitad han sido gratuitas<\/strong>; y se ha apostado por <strong>nuevos formatos<\/strong>, como el podcast y acercando las <strong>formaciones en el territorio<\/strong>.<\/p>\n\n\n\n<p>En relaci\u00f3n con los <strong>servicios para la poblaci\u00f3n<\/strong>, la secretar\u00eda del COFB puso de relieve que desde el Colegio <strong>&quot;trabajamos d\u00eda a d\u00eda para ofrecer nuevos servicios de salud desde todos los niveles asistenciales, contribuyendo activamente a la salud p\u00fablica y reforzando la raz\u00f3n de ser de nuestra profesi\u00f3n&quot;<\/strong>. De esta forma, resalt\u00f3 diferentes proyectos que durante el a\u00f1o 2024 han tenido un \u201cimpacto real y profundo para la mejora de la calidad de vida\u201d como la <strong>iniciativa \u201cMi regla, mis reglas\u201d<\/strong>, la participaci\u00f3n de los farmac\u00e9uticos\/as en la <strong>campa\u00f1a de vacunaci\u00f3n de la gripe y la COVID-19<\/strong> y el servicio de <strong>Medicaci\u00f3n Hospitalaria de Dispensaci\u00f3n Ambulatoria (MHDA)<\/strong>. Adem\u00e1s, durante el a\u00f1o, \u201chemos continuado potenciando los <strong>cribados poblacionales<\/strong>, consolidando el de c\u00e1ncer de c\u00e9rvix; tambi\u00e9n <strong>hemos aumentado un 14% los registros de la presi\u00f3n arterial en Farmaserveis<\/strong>, gracias a la <a href=\"https:\/\/www.cofb.org\/es\/2024\/05\/17\/manigues-amunt-per-fomentar-el-registre-assistencial-de-la-tensio-arterial-a-la-farmacia-comunitaria-a-traves-de-farmaserveis\/\" target=\"_blank\" rel=\"noreferrer noopener\">campa\u00f1a Mangas Arriba<\/a>; y hemos continuado trabajando en <strong>servicios para la reducci\u00f3n de da\u00f1os, la detecci\u00f3n de enfermedades y el buen uso de los medicamentos<\/strong>\u201d, traslad\u00f3 a los colegiados y colegiadas.<\/p>\n\n\n\n<p>En el \u00e1mbito <strong>institucional<\/strong>, Gento expuso que durante el a\u00f1o <strong>&quot;hemos trabajado con toda la energ\u00eda y compromiso para tejer complicidades, ganar presencia institucional y de sector y sumar fuerzas con otras claves del sistema sanitario&quot;<\/strong>.<\/p>\n\n\n\n<p>En<strong> compromiso social<\/strong>, repas\u00f3 diferentes <strong>acciones que &quot;dejan huella, conectan con nuestra vocaci\u00f3n humana y que nos recuerdan que como profesionales farmac\u00e9uticos tambi\u00e9n podemos cambiar algo&quot;. <\/strong>Entre estas iniciativas, mencion\u00f3 la <a href=\"https:\/\/www.cofb.org\/es\/2024\/05\/02\/farmacies-de-barcelona-conscienciaran-sobre-la-importancia-del-bon-us-dels-inhaladors-i-el-seu-reciclatge-en-el-punt-sigre-per-reduir-la-petjada-de-carboni\/\" target=\"_blank\" rel=\"noreferrer noopener\">campa\u00f1a \u201c<strong>Yo te ayudo a respirar, t\u00fa me ayudas a reciclar\u201d<\/strong><\/a>, la colaboraci\u00f3n con <strong>La Marat\u00f3n de 3Cat<\/strong> dedicada a las enfermedades respiratorias, y la campa\u00f1a con el <strong>Banco de Sangre y Tejidos<\/strong>.<\/p>\n\n\n\n<p>Haciendo referencia al \u00e1mbito de la <strong>comunicaci\u00f3n<\/strong>, \u201ceste a\u00f1o hemos hecho m\u00e1s visible que nunca el trabajo del profesional farmac\u00e9utico <strong>duplicando las apariciones en los medios<\/strong>, <strong>innovando en redes<\/strong>, con creatividades propias y contenidos colegiales y <strong>superando las 24.000 interacciones<\/strong> y con <strong>m\u00e1s de 1.000 comunicados<\/strong> con una <strong>apertura superior al 40%<\/strong>&quot;, detall\u00f3. Asimismo, remarc\u00f3 que se ha creado el <strong>plan de bienvenida por el nuevo colegiado<\/strong>, a trav\u00e9s del cual se han acompa\u00f1ado adem\u00e1s de <strong>100 nuevos farmac\u00e9uticos<\/strong>.<\/p>\n\n\n\n<p>En la parte final de su intervenci\u00f3n, la secretaria coment\u00f3 que en 2024 desde el Colegio se ha dado <strong>apoyo a los talentos que marcan la diferencia en el \u00e1mbito cient\u00edfico y profesional<\/strong>, a trav\u00e9s de las <strong>becas y premios<\/strong>. Y, por \u00faltimo, que<a href=\"https:\/\/www.cofbserveis.net\/\" target=\"_blank\" rel=\"noreferrer noopener\"> <strong>COFBServicios<\/strong> <\/a>ha seguido creciendo dando respuesta a las necesidades reales de los farmac\u00e9uticos y farmac\u00e9uticas. As\u00ed pues, ha habido <strong>una elevada participaci\u00f3n en los foros informativos<\/strong> y de acompa\u00f1amiento, se ha ampliado el asesoramiento de muchos profesionales farmac\u00e9uticos de todos los \u00e1mbitos y ya son <strong>2.000 farmacias que conf\u00edan en ella<\/strong>. Por \u00faltimo, especific\u00f3 que gracias a la buena gesti\u00f3n de COFBserveis, en 2024 <strong>la aportaci\u00f3n al COFB ha incrementado un 45%<\/strong>.<\/p>\n\n\n\n<figure class=\"wp-block-embed is-type-video is-provider-vimeo wp-block-embed-vimeo wp-embed-aspect-16-9 wp-has-aspect-ratio\"><div class=\"wp-block-embed__wrapper\">\n<div class=\"ast-oembed-container\" style=\"height: 100%;\"><iframe src=\"https:\/\/player.vimeo.com\/video\/1089783770?h=4872125ed9&amp;dnt=1&amp;app_id=122963\" width=\"500\" height=\"281\" frameborder=\"0\" allow=\"autoplay; fullscreen; picture-in-picture; clipboard-write; encrypted-media\"><\/iframe><\/div>\n<\/div><\/figure>\n\n\n\n<h2 class=\"wp-block-heading\"><strong>Informe de Tesorer\u00eda<\/strong><\/h2>\n\n\n\n<p>El tesorero del Colegio, <strong>Miquel Recasens<\/strong>, present\u00f3 el<strong>Informe de Tesorer\u00eda<\/strong> correspondiente a <strong>el ejercicio de 2024<\/strong>. Inici\u00f3 su exposici\u00f3n compartiendo la <strong>liquidaci\u00f3n del presupuesto del a\u00f1o 2024<\/strong>, que se ha cerrado con un <strong>resultado positivo<\/strong> de <strong>191,85 \u20ac<\/strong>.<\/p>\n\n\n\n<p>A continuaci\u00f3n, desglos\u00f3 los ingresos y gastos en <strong>tres bloques del presupuesto del COFB<\/strong>: <strong>institucional, facturaci\u00f3n y liquidaci\u00f3n de recetas y partidas compensadas<\/strong>.<\/p>\n\n\n\n<p>En el <strong>presupuesto institucional<\/strong> destac\u00f3 <strong>que &quot;los ingresos por cuotas se ajustan al presupuesto&quot;<\/strong>. Tambi\u00e9n remarc\u00f3 que los <strong>ingresos de Infarma 2024 han sido m\u00e1s elevados de lo previsto<\/strong>. En cuanto a las partidas de <strong>formaci\u00f3n<\/strong>, Recasens se\u00f1al\u00f3 que &quot;se est\u00e1 consolidando un incremento de actividad muy notable, con nuevos contenidos y unos niveles de gratuidad muy elevados, en parte gracias a la gesti\u00f3n de las subvenciones de CONFORCAT&quot;. En relaci\u00f3n con los ingresos de los <strong>proyectos profesionales<\/strong>, concret\u00f3 los correspondientes a la iniciativa de Equidad Menstrual, la campa\u00f1a para fomentar el reciclaje y el buen uso de los inhaladores<a href=\"https:\/\/www.cofb.org\/es\/2024\/05\/02\/farmacies-de-barcelona-conscienciaran-sobre-la-importancia-del-bon-us-dels-inhaladors-i-el-seu-reciclatge-en-el-punt-sigre-per-reduir-la-petjada-de-carboni\/\" target=\"_blank\" rel=\"noreferrer noopener\"> <\/a>y el Derma-Riesgo.<\/p>\n\n\n\n<figure class=\"wp-block-image size-large\"><a href=\"https:\/\/www.cofb.org\/wp-content\/uploads\/2025\/06\/COFB_JGO_05062025_3-scaled.jpg\" target=\"_blank\" rel=\"noreferrer noopener\"><img decoding=\"async\" width=\"1024\" height=\"564\" src=\"https:\/\/www.cofb.org\/wp-content\/uploads\/2025\/06\/COFB_JGO_05062025_3-1024x564.jpg\" alt=\"\" class=\"wp-image-81316\" srcset=\"https:\/\/www.cofb.org\/wp-content\/uploads\/2025\/06\/COFB_JGO_05062025_3-1024x564.jpg 1024w, https:\/\/www.cofb.org\/wp-content\/uploads\/2025\/06\/COFB_JGO_05062025_3-300x165.jpg 300w, https:\/\/www.cofb.org\/wp-content\/uploads\/2025\/06\/COFB_JGO_05062025_3-768x423.jpg 768w, https:\/\/www.cofb.org\/wp-content\/uploads\/2025\/06\/COFB_JGO_05062025_3-1536x847.jpg 1536w, https:\/\/www.cofb.org\/wp-content\/uploads\/2025\/06\/COFB_JGO_05062025_3-2048x1129.jpg 2048w, https:\/\/www.cofb.org\/wp-content\/uploads\/2025\/06\/COFB_JGO_05062025_3-18x10.jpg 18w\" sizes=\"(max-width: 1024px) 100vw, 1024px\" \/><\/a><figcaption class=\"wp-element-caption\">El tesorero del Colegio, Miquel Recasens, en un momento de su intervenci\u00f3n.<\/figcaption><\/figure>\n\n\n\n<p>Por otra parte, respecto a las <strong>gastos del presupuesto institucional<\/strong>, indic\u00f3 que el impacto del certificado digital es relevante porque se ofrece gratuitamente, y que ha habido intervenciones no previstas en la sede colegial. Asimismo, justific\u00f3 el incremento en los gastos administrativos, debido al mantenimiento del equipamiento tecnol\u00f3gico; en comunicaci\u00f3n, en campa\u00f1as no presupuestadas; e institucionales, por una mayor actividad de los miembros de la Junta y el equipo del COFB. Y, sin embargo, repas\u00f3 los gastos en personal, refuerzos y sustituciones, de Junta de Govern y los correspondientes a formaci\u00f3n presencial y cursos de \u00c1gora, proyectos profesionales y cartera de servicios.<\/p>\n\n\n\n<p>En relaci\u00f3n con el segundo bloque del <strong>presupuesto de facturaci\u00f3n y liquidaci\u00f3n de recetas<\/strong>, el tesorero del Colegio apunt\u00f3 que <strong>&quot;la parte m\u00e1s importante de crecimiento de ingresos procede del 3% de incremento de la gesti\u00f3n de facturaci\u00f3n, que incluye incrementos de volumen de recetas, del precio medio de la receta y del crecimiento natural del n\u00famero de farmacias&quot;<\/strong>. Del mismo modo, en cuanto al incremento de la <strong>gasto<\/strong>, asegur\u00f3 que <strong>&quot;responde al 3% de incremento de las recetas gestionadas&quot; <\/strong>y record\u00f3 que en 2024 no se increment\u00f3 el precio por receta del servicio de facturaci\u00f3n de recetas que se cobra a los titulares.<\/p>\n\n\n\n<p>En el \u00faltimo bloque de <strong>partidas compensadas<\/strong>, el tesorero coment\u00f3 que \u201cse mantiene en la misma l\u00ednea que en ejercicios anteriores\u201d.<\/p>\n\n\n\n<p>Por \u00faltimo, Recasens expuso que buena parte de las <strong>inversiones de 2024<\/strong> se han destinado a la reforma de los espacios de marketing y comunicaci\u00f3n y argument\u00f3 que parte de la inversi\u00f3n prevista en cursos de \u00c1gora Sanitaria se ha financiado con fondos del CONFORCAT y se ha aplicado como gasto del ejercicio.<\/p>\n\n\n\n<h2 class=\"wp-block-heading\"><strong>Informe de Presidencia<\/strong><\/h2>\n\n\n\n<p>Seguidamente, el presidente del Colegio, <strong>Jordi Casas<\/strong>, present\u00f3 el<strong>Informe de Presidencia<\/strong>, dividido en siete grandes bloques. En el primer bloque, Casas hizo un repaso de toda la<strong>actualidad del COFB y la profesi\u00f3n del primer semestre de 2025. <\/strong>Comenz\u00f3 destacando la <a href=\"https:\/\/www.cofb.org\/es\/2025\/06\/02\/el-cofb-i-comb-impulsen-la-campanya-un-tractament-correcte-comenca-amb-una-recepta-completa\/\" target=\"_blank\" rel=\"noreferrer noopener\"><strong>campa\u00f1a \u201cUn TRATAMIENTO CORRECTO comienza con una RECETA COMPLETA\u201d<\/strong><\/a>, impulsada el pasado <strong>2 de junio<\/strong> junto con el <strong>COMB<\/strong>, por insistir en las ventajas de la receta electr\u00f3nica privada, como garant\u00eda de una prescripci\u00f3n y una dispensaci\u00f3n de calidad. En relaci\u00f3n con la <strong>receta electr\u00f3nica<\/strong>, el presidente explic\u00f3 que a mediados de mayo hubo una intervenci\u00f3n del Departamento de Salud para poner en marcha una <strong>nueva plataforma tecnol\u00f3gica,<\/strong> que ha supuesto un <strong>25% de mejora en el tiempo de respuesta del servicio de receta electr\u00f3nica.<\/strong><\/p>\n\n\n\n<p>Por otra parte, puso de relieve la continuidad de las <strong>encuentros territoriales \u201c+Cerca\u201d<\/strong>, en las que durante el primer semestre han reunido <strong>m\u00e1s de 160 asistentes<\/strong> en siete localidades: <strong>Vic, Gav\u00e0, Sant Celoni, Montcada i Reixac, Martorell, Barcelona y Piera<\/strong>. Casas aprovech\u00f3 para recordar que el pr\u00f3ximo encuentro tendr\u00e1 lugar el <strong>10 de junio<\/strong> a <strong>Gironella<\/strong>. En cuanto al<strong>actividad institucional<\/strong>, remarc\u00f3 que el sector se encuentra en un momento de cambios, especialmente normativos, y que <strong>es fundamental que el Colegio mantenga una voz propia<\/strong>. En este sentido, detall\u00f3 algunos eventos en los que se ha participado como el <strong>50 aniversario de ISDIN<\/strong>; el acto \u201c<strong>Vivencias y lecciones aprendidas\u201d, con motivo del quinto aniversario de la COVID-19<\/strong>, con el 131 presidente de la Generalidad de Catalu\u00f1a, Quim Torra, y la periodista M\u00f2nica Terribas; o la <strong>Jornada SEFAC 2025<\/strong>, entre otros. Asimismo, el presidente del COFB hizo menci\u00f3n de su comparecencia, como presidente del Consejo de Colegios Farmac\u00e9uticos de Catalunya (CCFC), ante la <strong>Comisi\u00f3n de Salud del Parlament de Catalunya,<\/strong> donde present\u00f3 <a href=\"https:\/\/www.cofb.org\/es\/2025\/05\/29\/els-farmaceutics-catalans-defensen-una-nova-llei-dordenacio-i-atencio-farmaceutica-que-integri-la-farmacia-al-sistema-de-salut\/\" target=\"_blank\" rel=\"noreferrer noopener\">el<strong>informe \u201cIntervenci\u00f3n farmac\u00e9utica comunitaria en el sistema de salud y las perspectivas de futuro\u201d<\/strong><\/a><strong>.<\/strong><\/p>\n\n\n\n<figure class=\"wp-block-image size-large\"><a href=\"https:\/\/www.cofb.org\/wp-content\/uploads\/2025\/06\/COFB_JGO_05062025_4-1.jpg\" target=\"_blank\" rel=\"noreferrer noopener\"><img loading=\"lazy\" decoding=\"async\" width=\"1024\" height=\"576\" src=\"https:\/\/www.cofb.org\/wp-content\/uploads\/2025\/06\/COFB_JGO_05062025_4-1-1024x576.jpg\" alt=\"El president del COFB, Jordi Casas, presentant l\u2019Informe de Presid\u00e8ncia a la Junta General Ordin\u00e0ria.\" class=\"wp-image-81319\" srcset=\"https:\/\/www.cofb.org\/wp-content\/uploads\/2025\/06\/COFB_JGO_05062025_4-1-1024x576.jpg 1024w, https:\/\/www.cofb.org\/wp-content\/uploads\/2025\/06\/COFB_JGO_05062025_4-1-300x169.jpg 300w, https:\/\/www.cofb.org\/wp-content\/uploads\/2025\/06\/COFB_JGO_05062025_4-1-768x432.jpg 768w, https:\/\/www.cofb.org\/wp-content\/uploads\/2025\/06\/COFB_JGO_05062025_4-1-1536x864.jpg 1536w, https:\/\/www.cofb.org\/wp-content\/uploads\/2025\/06\/COFB_JGO_05062025_4-1-18x10.jpg 18w, https:\/\/www.cofb.org\/wp-content\/uploads\/2025\/06\/COFB_JGO_05062025_4-1.jpg 1600w\" sizes=\"(max-width: 1024px) 100vw, 1024px\" \/><\/a><figcaption class=\"wp-element-caption\">El presidente del COFB, Jordi Casas, presentando el Informe de Presidencia en la Junta General Ordinaria.<\/figcaption><\/figure>\n\n\n\n<p>En relaci\u00f3n con los <strong>medicamentos veterinarios<\/strong>, el presidente inform\u00f3 que el Colegio sigue trabajando ante el aumento de consultas y que se ha creado un grupo de trabajo, el <strong>FarmaVet<\/strong>, uno <strong>espacio de veterinaria en la BBS<\/strong> y se han organizado varias <strong>conferencias<\/strong> para resolver dudas. Tambi\u00e9n record\u00f3 que este primer semestre del a\u00f1o, se ha difundido la <strong>3a temporada de \u201cConversaciones de farmacia\u201d<\/strong>, donde se ha dado voz a profesionales de diferentes \u00e1mbitos de actuaci\u00f3n en <strong>dos conversaciones<\/strong> entre <strong><a href=\"https:\/\/vimeo.com\/1056055252\" target=\"_blank\" rel=\"noreferrer noopener\">farmacia hospitalaria e industria farmac\u00e9utica<\/a><\/strong> y <strong><a href=\"https:\/\/vimeo.com\/1063119857\" target=\"_blank\" rel=\"noreferrer noopener\">distribuci\u00f3n y an\u00e1lisis<\/a>.<\/strong><\/p>\n\n\n\n<p>Durante su intervenci\u00f3n, el presidente del COFB avanz\u00f3 que el 22 de septiembre se iniciar\u00e1 una <strong>campa\u00f1a en el territorio<\/strong>, concretamente en 13 localidades de la provincia de Barcelona, <strong>&quot;para dar a conocer todos los servicios que se ofrecen desde las farmacias a trav\u00e9s de la plataforma Farmaserveis&quot;, as\u00ed como la app &quot;Mi Farmacia&quot;.<\/strong><\/p>\n\n\n\n<p>Casas concluy\u00f3 el blog de actualidad se\u00f1alando que se est\u00e1 trabajando en <strong>protocolos de contingencia<\/strong> para la dispensaci\u00f3n de medicamentos en situaciones extremas, una demanda compartida por las administraciones europeas, espa\u00f1olas y catalanas.<\/p>\n\n\n\n<p>En el segundo bloque, dedicado al<strong>actualidad normativa<\/strong>, el presidente del COFB hizo referencia a la publicaci\u00f3n en el Diario Oficial de la Generalidad de Catalu\u00f1a (DOGC) el Decreto 15\/2025 de 28 de enero, por el que se regulan las condiciones y los requisitos que deben cumplir las oficinas de farmacia de Catalu\u00f1a para la prestaci\u00f3n del servicio de seguimiento farmacoterap\u00e9utico con <strong>sistemas personalizados y dosificaci\u00f3n de medicamentos (SPD)<\/strong>. Referente al Decreto, recalc\u00f3 que el pasado 18 de febrero se celebr\u00f3 una sesi\u00f3n informativa para explicar la afectaci\u00f3n del Decreto en las oficinas de farmacia, y que el 19 de agosto finalizar\u00e1 el plazo de adaptaci\u00f3n del Decreto. Asimismo, tambi\u00e9n hizo menci\u00f3n la actualizaci\u00f3n de la <strong>Ley de los medicamentos y productos sanitarios y en la Ley de Ordenaci\u00f3n y Atenci\u00f3n Farmac\u00e9utica de Catalu\u00f1a<\/strong>.<\/p>\n\n\n\n<p>La vicepresidenta del COFB, <strong>N\u00faria Bosch<\/strong>, intervino a continuaci\u00f3n para abordar el tercer bloque, centrado en los <strong>proyectos digitales<\/strong>. Para ello, resalt\u00f3 que el pasado 27 de marzo, en el marco de Infarma Barcelona 2025, se present\u00f3 <strong>el<a href=\"https:\/\/www.cofb.org\/es\/2025\/03\/27\/es-presenta-a-infarma-la-meva-farmacia-la-nova-app-per-connectar-als-pacients-amb-la-farmacia\/\" target=\"_blank\" rel=\"noreferrer noopener\">app \u201cMi Farmacia\u201d<\/a><\/strong>, una aplicaci\u00f3n universal <strong>&quot;para todas las farmacias y accesible para toda la poblaci\u00f3n&quot; <\/strong>y que ya cuenta con <strong>2.127 descargas. <\/strong>Por otra parte, mencion\u00f3 que se ha puesto en marcha un <strong>servicio de control de temperatura para neveras de farmacia.<\/strong><\/p>\n\n\n\n<p>En el cuarto bloque, dedicado a los <strong>proyectos asistenciales<\/strong>, Bosch se centr\u00f3 en explicar la evoluci\u00f3n del <strong>Programa Detecci\u00f3n Precoz C\u00e1ncer de Coll Uter\u00ed<\/strong>, que el pasado mes de enero se despleg\u00f3 en <strong>Hospitalet de Llobregat<\/strong> y el programa ya cuenta con un total de <strong>143 farmacias participantes<\/strong>. Sobre la <strong>iniciativa de equidad menstrual \u201cMi regla, mis reglas\u201d<\/strong>, destac\u00f3 que a lo largo del a\u00f1o 2025 se organizar\u00e1n cinco sesiones formativas en derechos sexuales y la pr\u00f3rroga del convenio.<a href=\"https:\/\/www.cofb.org\/es\/2025\/05\/05\/les-farmacies-catalanes-impulsen-una-campanya-per-detectar-la-hipertensio-en-la-poblacio-principal-factor-de-risc-cardiovascular\/\" target=\"_blank\" rel=\"noreferrer noopener\"> <strong>campa\u00f1a \u201cMangas arriba\u201d<\/strong><\/a>, que se ha llevado a cabo del 1 de mayo al 31 de mayo para \u201cvisibilizar el registro digital del seguimiento de la tensi\u00f3n arterial\u201d, con cerca de <strong>3.800 medidas<\/strong> <strong>de tensi\u00f3n arterial<\/strong> adem\u00e1s de <strong>1.500 pacientes de Catalu\u00f1a<\/strong>. Por \u00faltimo, remarc\u00f3 la participaci\u00f3n de <strong>2.291 farmacias catalanas<\/strong>, que han hecho un total de<strong>1.277.765 actuaciones completas<\/strong>, en el marco de la <strong><a href=\"https:\/\/www.cofb.org\/es\/2024\/10\/28\/les-farmacies-catalanes-inicien-la-seva-collaboracio-amb-salut-per-fomentar-la-vacunacio-de-la-grip-i-la-covid-19-entre-els-majors-de-60-anys\/\" target=\"_blank\" rel=\"noreferrer noopener\">campa\u00f1a de vacunaci\u00f3n de la gripe y la COVID-19<\/a><\/strong>. &nbsp;&nbsp;<\/p>\n\n\n\n<figure class=\"wp-block-image size-large\"><a href=\"https:\/\/www.cofb.org\/wp-content\/uploads\/2025\/06\/COFB_JGO_05062025_5-scaled.jpg\" target=\"_blank\" rel=\"noreferrer noopener\"><img loading=\"lazy\" decoding=\"async\" width=\"1024\" height=\"539\" src=\"https:\/\/www.cofb.org\/wp-content\/uploads\/2025\/06\/COFB_JGO_05062025_5-1024x539.jpg\" alt=\"La vicepresidenta del COFB, N\u00faria Bosch, en un moment de la seva exposici\u00f3. \" class=\"wp-image-81318\" srcset=\"https:\/\/www.cofb.org\/wp-content\/uploads\/2025\/06\/COFB_JGO_05062025_5-1024x539.jpg 1024w, https:\/\/www.cofb.org\/wp-content\/uploads\/2025\/06\/COFB_JGO_05062025_5-300x158.jpg 300w, https:\/\/www.cofb.org\/wp-content\/uploads\/2025\/06\/COFB_JGO_05062025_5-768x404.jpg 768w, https:\/\/www.cofb.org\/wp-content\/uploads\/2025\/06\/COFB_JGO_05062025_5-1536x809.jpg 1536w, https:\/\/www.cofb.org\/wp-content\/uploads\/2025\/06\/COFB_JGO_05062025_5-2048x1078.jpg 2048w, https:\/\/www.cofb.org\/wp-content\/uploads\/2025\/06\/COFB_JGO_05062025_5-18x9.jpg 18w\" sizes=\"(max-width: 1024px) 100vw, 1024px\" \/><\/a><figcaption class=\"wp-element-caption\">La vicepresidenta del COFB, Nuria Bosch, en un momento de su exposici\u00f3n. <\/figcaption><\/figure>\n\n\n\n<p>En relaci\u00f3n con la <strong>prestaci\u00f3n farmac\u00e9utica<\/strong>, correspondiente al quinto bloque, asegur\u00f3 que \u201csiguen los <strong>problemas de suministro<\/strong>, que afectan en el d\u00eda a d\u00eda de la farmacia\u201d y cit\u00f3 algunas plataformas, como el CISMED, que permite comunicar estas faltas de medicamentos. <strong>sustituciones excepcionales vigentes<\/strong> que se acuerdan con CatSalut, indic\u00f3 que son muy inferiores a las solicitadas.<\/p>\n\n\n\n<p>Por \u00faltimo, en el sexto blog, inform\u00f3 del<a href=\"https:\/\/www.cofb.org\/es\/2025\/03\/27\/es-clausura-infarma-barcelona-2025-en-una-edicio-record-en-la-qual-shan-duplicat-el-nombre-de-congressistes\/\" target=\"_blank\" rel=\"noreferrer noopener\">\u00e9xito de participaci\u00f3n <\/a>de la <strong><a href=\"https:\/\/www.infarma.es\/\" target=\"_blank\" rel=\"noreferrer noopener\">35a edici\u00f3n de Infarma Barcelona 2025<\/a><\/strong>&nbsp;y, en el s\u00e9ptimo blog, dedicado de la <strong>comunicaci\u00f3n<\/strong>, hizo menci\u00f3n a las <strong>repercusiones m\u00e1s destacadas en los medios<\/strong> y la continuidad en la creaci\u00f3n de materiales para las <strong>redes sociales<\/strong>, en relaci\u00f3n con los <strong>D\u00edas Mundial y los consejos de salud<\/strong>.<\/p>\n\n\n\n<p><em>Cada a\u00f1o, el Colegio lleva a cabo dos Juntas Generales relacionadas con el presupuesto del COFB en las que se presenta a los colegiados la liquidaci\u00f3n del a\u00f1o anterior (Junta de junio) y la propuesta de presupuesto para el a\u00f1o siguiente (Junta de diciembre). La aprobaci\u00f3n de los presupuestos se somete a la votaci\u00f3n de los colegiados que asisten.<\/em><\/p>","protected":false},"excerpt":{"rendered":"<p>El pasado mi\u00e9rcoles 4 de junio se celebr\u00f3 la Junta General Ordinaria (JGO) en el Colegio de Farmac\u00e9uticos de Barcelona (COFB), donde se aprob\u00f3 por unanimidad la liquidaci\u00f3n del presupuesto correspondiente al a\u00f1o 2024 y la aplicaci\u00f3n del resultado. La sesi\u00f3n corri\u00f3 a cargo del presidente del COFB, Jordi [\u2026]<\/p>","protected":false},"author":3,"featured_media":81314,"comment_status":"closed","ping_status":"closed","sticky":false,"template":"","format":"standard","meta":{"_uag_custom_page_level_css":"","site-sidebar-layout":"default","site-content-layout":"","ast-site-content-layout":"default","site-content-style":"default","site-sidebar-style":"default","ast-global-header-display":"","ast-banner-title-visibility":"","ast-main-header-display":"","ast-hfb-above-header-display":"","ast-hfb-below-header-display":"","ast-hfb-mobile-header-display":"","site-post-title":"","ast-breadcrumbs-content":"","ast-featured-img":"disabled","footer-sml-layout":"","theme-transparent-header-meta":"","adv-header-id-meta":"","stick-header-meta":"","header-above-stick-meta":"","header-main-stick-meta":"","header-below-stick-meta":"","astra-migrate-meta-layouts":"set","ast-page-background-enabled":"default","ast-page-background-meta":{"desktop":{"background-color":"var(--ast-global-color-4)","background-image":"","background-repeat":"repeat","background-position":"center center","background-size":"auto","background-attachment":"scroll","background-type":"","background-media":"","overlay-type":"","overlay-color":"","overlay-opacity":"","overlay-gradient":""},"tablet":{"background-color":"","background-image":"","background-repeat":"repeat","background-position":"center center","background-size":"auto","background-attachment":"scroll","background-type":"","background-media":"","overlay-type":"","overlay-color":"","overlay-opacity":"","overlay-gradient":""},"mobile":{"background-color":"","background-image":"","background-repeat":"repeat","background-position":"center center","background-size":"auto","background-attachment":"scroll","background-type":"","background-media":"","overlay-type":"","overlay-color":"","overlay-opacity":"","overlay-gradient":""}},"ast-content-background-meta":{"desktop":{"background-color":"var(--ast-global-color-5)","background-image":"","background-repeat":"repeat","background-position":"center center","background-size":"auto","background-attachment":"scroll","background-type":"","background-media":"","overlay-type":"","overlay-color":"","overlay-opacity":"","overlay-gradient":""},"tablet":{"background-color":"var(--ast-global-color-5)","background-image":"","background-repeat":"repeat","background-position":"center center","background-size":"auto","background-attachment":"scroll","background-type":"","background-media":"","overlay-type":"","overlay-color":"","overlay-opacity":"","overlay-gradient":""},"mobile":{"background-color":"var(--ast-global-color-5)","background-image":"","background-repeat":"repeat","background-position":"center center","background-size":"auto","background-attachment":"scroll","background-type":"","background-media":"","overlay-type":"","overlay-color":"","overlay-opacity":"","overlay-gradient":""}},"footnotes":""},"categories":[23,57],"tags":[5365,18,19,416,420,776,5366,421],"class_list":["post-81311","post","type-post","status-publish","format-standard","has-post-thumbnail","hentry","category-destacats","category-mon-collegial","tag-aprovacio-liquidacio-del-pressupost-de-2024","tag-cofb","tag-collegi-de-farmaceutics-de-barcelona","tag-jgo","tag-junta-general-ordinaria","tag-liquidacio-pressupost","tag-liquidacio-pressupost-2024","tag-pressupostos"],"yoast_head":"<!-- This site is optimized with the Yoast SEO plugin v22.4 - https:\/\/yoast.com\/wordpress\/plugins\/seo\/ -->\n<title>Junta General Ordin\u00e0ria: Aprovada per unanimitat la liquidaci\u00f3 del pressupost de 2024 - Col\u00b7legi de Farmac\u00e8utics de Barcelona<\/title>\n<meta name=\"description\" content=\"El passat dimecres 4 de juny es va celebrar la JGO al COFB, on es va aprovar per unanimitat la liquidaci\u00f3 del pressupost de l&#039;any 2024\" \/>\n<meta name=\"robots\" content=\"index, follow, max-snippet:-1, max-image-preview:large, max-video-preview:-1\" \/>\n<link rel=\"canonical\" href=\"https:\/\/www.cofb.org\/es\/2025\/06\/05\/junta-general-ordinaria-aprovada-per-unanimitat-la-liquidacio-del-pressupost-de-2024\/\" \/>\n<meta property=\"og:locale\" content=\"es_ES\" \/>\n<meta property=\"og:type\" content=\"article\" \/>\n<meta property=\"og:title\" content=\"Junta General Ordin\u00e0ria: Aprovada per unanimitat la liquidaci\u00f3 del pressupost de 2024 - Col\u00b7legi de Farmac\u00e8utics de Barcelona\" \/>\n<meta property=\"og:description\" content=\"El passat dimecres 4 de juny es va celebrar la JGO al COFB, on es va aprovar per unanimitat la liquidaci\u00f3 del pressupost de l&#039;any 2024\" \/>\n<meta property=\"og:url\" content=\"https:\/\/www.cofb.org\/es\/2025\/06\/05\/junta-general-ordinaria-aprovada-per-unanimitat-la-liquidacio-del-pressupost-de-2024\/\" \/>\n<meta property=\"og:site_name\" content=\"Col\u00b7legi de Farmac\u00e8utics de Barcelona\" \/>\n<meta property=\"article:publisher\" content=\"https:\/\/www.facebook.com\/farmaceuticsbcn\/\" \/>\n<meta property=\"article:published_time\" content=\"2025-06-05T11:05:45+00:00\" \/>\n<meta property=\"article:modified_time\" content=\"2025-07-15T06:34:08+00:00\" \/>\n<meta property=\"og:image\" content=\"https:\/\/www.cofb.org\/wp-content\/uploads\/2025\/06\/COFB_JGO_05062025_1-scaled.jpg\" \/>\n\t<meta property=\"og:image:width\" content=\"2560\" \/>\n\t<meta property=\"og:image:height\" content=\"1440\" \/>\n\t<meta property=\"og:image:type\" content=\"image\/jpeg\" \/>\n<meta name=\"author\" content=\"Berta Mart\u00ednez\" \/>\n<meta name=\"twitter:card\" content=\"summary_large_image\" \/>\n<meta name=\"twitter:creator\" content=\"@farmaceuticsbcn\" \/>\n<meta name=\"twitter:site\" content=\"@farmaceuticsbcn\" \/>\n<meta name=\"twitter:label1\" content=\"Escrito por\" \/>\n\t<meta name=\"twitter:data1\" content=\"Berta Mart\u00ednez\" \/>\n\t<meta name=\"twitter:label2\" content=\"Tiempo de lectura\" \/>\n\t<meta name=\"twitter:data2\" content=\"15 minutos\" \/>\n<script type=\"application\/ld+json\" class=\"yoast-schema-graph\">{\"@context\":\"https:\/\/schema.org\",\"@graph\":[{\"@type\":\"Article\",\"@id\":\"https:\/\/www.cofb.org\/2025\/06\/05\/junta-general-ordinaria-aprovada-per-unanimitat-la-liquidacio-del-pressupost-de-2024\/#article\",\"isPartOf\":{\"@id\":\"https:\/\/www.cofb.org\/2025\/06\/05\/junta-general-ordinaria-aprovada-per-unanimitat-la-liquidacio-del-pressupost-de-2024\/\"},\"author\":{\"name\":\"Berta Mart\u00ednez\",\"@id\":\"https:\/\/www.cofb.org\/#\/schema\/person\/f32de3b41b812c85ff923cb4cc849063\"},\"headline\":\"Junta General Ordin\u00e0ria: Aprovada per unanimitat la liquidaci\u00f3 del pressupost de 2024\",\"datePublished\":\"2025-06-05T11:05:45+00:00\",\"dateModified\":\"2025-07-15T06:34:08+00:00\",\"mainEntityOfPage\":{\"@id\":\"https:\/\/www.cofb.org\/2025\/06\/05\/junta-general-ordinaria-aprovada-per-unanimitat-la-liquidacio-del-pressupost-de-2024\/\"},\"wordCount\":2755,\"publisher\":{\"@id\":\"https:\/\/www.cofb.org\/#organization\"},\"image\":{\"@id\":\"https:\/\/www.cofb.org\/2025\/06\/05\/junta-general-ordinaria-aprovada-per-unanimitat-la-liquidacio-del-pressupost-de-2024\/#primaryimage\"},\"thumbnailUrl\":\"https:\/\/www.cofb.org\/wp-content\/uploads\/2025\/06\/COFB_JGO_05062025_1-scaled.jpg\",\"keywords\":[\"aprovaci\u00f3 liquidaci\u00f3 del pressupost de 2024\",\"COFB\",\"Col\u00b7legi de Farmac\u00e8utics de Barcelona\",\"JGO\",\"Junta General Ordin\u00e0ria\",\"liquidaci\u00f3 pressupost\",\"liquidaci\u00f3 pressupost 2024\",\"pressupostos\"],\"articleSection\":[\"Destacats\",\"M\u00f3n col\u00b7legial\"],\"inLanguage\":\"es\"},{\"@type\":\"WebPage\",\"@id\":\"https:\/\/www.cofb.org\/2025\/06\/05\/junta-general-ordinaria-aprovada-per-unanimitat-la-liquidacio-del-pressupost-de-2024\/\",\"url\":\"https:\/\/www.cofb.org\/2025\/06\/05\/junta-general-ordinaria-aprovada-per-unanimitat-la-liquidacio-del-pressupost-de-2024\/\",\"name\":\"Junta General Ordin\u00e0ria: Aprovada per unanimitat la liquidaci\u00f3 del pressupost de 2024 - Col\u00b7legi de Farmac\u00e8utics de Barcelona\",\"isPartOf\":{\"@id\":\"https:\/\/www.cofb.org\/#website\"},\"primaryImageOfPage\":{\"@id\":\"https:\/\/www.cofb.org\/2025\/06\/05\/junta-general-ordinaria-aprovada-per-unanimitat-la-liquidacio-del-pressupost-de-2024\/#primaryimage\"},\"image\":{\"@id\":\"https:\/\/www.cofb.org\/2025\/06\/05\/junta-general-ordinaria-aprovada-per-unanimitat-la-liquidacio-del-pressupost-de-2024\/#primaryimage\"},\"thumbnailUrl\":\"https:\/\/www.cofb.org\/wp-content\/uploads\/2025\/06\/COFB_JGO_05062025_1-scaled.jpg\",\"datePublished\":\"2025-06-05T11:05:45+00:00\",\"dateModified\":\"2025-07-15T06:34:08+00:00\",\"description\":\"El passat dimecres 4 de juny es va celebrar la JGO al COFB, on es va aprovar per unanimitat la liquidaci\u00f3 del pressupost de l'any 2024\",\"breadcrumb\":{\"@id\":\"https:\/\/www.cofb.org\/2025\/06\/05\/junta-general-ordinaria-aprovada-per-unanimitat-la-liquidacio-del-pressupost-de-2024\/#breadcrumb\"},\"inLanguage\":\"es\",\"potentialAction\":[{\"@type\":\"ReadAction\",\"target\":[\"https:\/\/www.cofb.org\/2025\/06\/05\/junta-general-ordinaria-aprovada-per-unanimitat-la-liquidacio-del-pressupost-de-2024\/\"]}]},{\"@type\":\"ImageObject\",\"inLanguage\":\"es\",\"@id\":\"https:\/\/www.cofb.org\/2025\/06\/05\/junta-general-ordinaria-aprovada-per-unanimitat-la-liquidacio-del-pressupost-de-2024\/#primaryimage\",\"url\":\"https:\/\/www.cofb.org\/wp-content\/uploads\/2025\/06\/COFB_JGO_05062025_1-scaled.jpg\",\"contentUrl\":\"https:\/\/www.cofb.org\/wp-content\/uploads\/2025\/06\/COFB_JGO_05062025_1-scaled.jpg\",\"width\":2560,\"height\":1440,\"caption\":\"D\u2019esquerra a dreta: Marta Gento, Jordi Casas i Miquel Recasens.\"},{\"@type\":\"BreadcrumbList\",\"@id\":\"https:\/\/www.cofb.org\/2025\/06\/05\/junta-general-ordinaria-aprovada-per-unanimitat-la-liquidacio-del-pressupost-de-2024\/#breadcrumb\",\"itemListElement\":[{\"@type\":\"ListItem\",\"position\":1,\"name\":\"Inici\",\"item\":\"https:\/\/novaorg.cofb.net\/\"},{\"@type\":\"ListItem\",\"position\":2,\"name\":\"Junta General Ordin\u00e0ria: Aprovada per unanimitat la liquidaci\u00f3 del pressupost de 2024\"}]},{\"@type\":\"WebSite\",\"@id\":\"https:\/\/www.cofb.org\/#website\",\"url\":\"https:\/\/www.cofb.org\/\",\"name\":\"Col\u00b7legi de Farmac\u00e8utics de Barcelona\",\"description\":\"\",\"publisher\":{\"@id\":\"https:\/\/www.cofb.org\/#organization\"},\"potentialAction\":[{\"@type\":\"SearchAction\",\"target\":{\"@type\":\"EntryPoint\",\"urlTemplate\":\"https:\/\/www.cofb.org\/?s={search_term_string}\"},\"query-input\":\"required name=search_term_string\"}],\"inLanguage\":\"es\"},{\"@type\":\"Organization\",\"@id\":\"https:\/\/www.cofb.org\/#organization\",\"name\":\"Col\u00b7legi de Farmac\u00e8utics de Barcelona\",\"url\":\"https:\/\/www.cofb.org\/\",\"logo\":{\"@type\":\"ImageObject\",\"inLanguage\":\"es\",\"@id\":\"https:\/\/www.cofb.org\/#\/schema\/logo\/image\/\",\"url\":\"https:\/\/www.cofb.org\/wp-content\/uploads\/2023\/11\/cropped-Logotip-COFB.png\",\"contentUrl\":\"https:\/\/www.cofb.org\/wp-content\/uploads\/2023\/11\/cropped-Logotip-COFB.png\",\"width\":500,\"height\":105,\"caption\":\"Col\u00b7legi de Farmac\u00e8utics de Barcelona\"},\"image\":{\"@id\":\"https:\/\/www.cofb.org\/#\/schema\/logo\/image\/\"},\"sameAs\":[\"https:\/\/www.facebook.com\/farmaceuticsbcn\/\",\"https:\/\/twitter.com\/farmaceuticsbcn\",\"https:\/\/www.instagram.com\/farmaceuticsbcn\/\",\"https:\/\/www.linkedin.com\/company\/farmaceuticsbcn\/\"]},{\"@type\":\"Person\",\"@id\":\"https:\/\/www.cofb.org\/#\/schema\/person\/f32de3b41b812c85ff923cb4cc849063\",\"name\":\"Berta Mart\u00ednez\",\"image\":{\"@type\":\"ImageObject\",\"inLanguage\":\"es\",\"@id\":\"https:\/\/www.cofb.org\/#\/schema\/person\/image\/\",\"url\":\"https:\/\/secure.gravatar.com\/avatar\/d4c584dab5da1ee9e3c3df161c0aabec7075cc8211cd46ffc79bfe177aa78b01?s=96&d=mm&r=g\",\"contentUrl\":\"https:\/\/secure.gravatar.com\/avatar\/d4c584dab5da1ee9e3c3df161c0aabec7075cc8211cd46ffc79bfe177aa78b01?s=96&d=mm&r=g\",\"caption\":\"Berta Mart\u00ednez\"},\"url\":\"https:\/\/www.cofb.org\/es\/author\/bmartinez\/\"}]}<\/script>\n<!-- \/ Yoast SEO plugin. -->","yoast_head_json":{"title":"Junta General Ordin\u00e0ria: Aprovada per unanimitat la liquidaci\u00f3 del pressupost de 2024 - Col\u00b7legi de Farmac\u00e8utics de Barcelona","description":"El passat dimecres 4 de juny es va celebrar la JGO al COFB, on es va aprovar per unanimitat la liquidaci\u00f3 del pressupost de l'any 2024","robots":{"index":"index","follow":"follow","max-snippet":"max-snippet:-1","max-image-preview":"max-image-preview:large","max-video-preview":"max-video-preview:-1"},"canonical":"https:\/\/www.cofb.org\/es\/2025\/06\/05\/junta-general-ordinaria-aprovada-per-unanimitat-la-liquidacio-del-pressupost-de-2024\/","og_locale":"es_ES","og_type":"article","og_title":"Junta General Ordin\u00e0ria: Aprovada per unanimitat la liquidaci\u00f3 del pressupost de 2024 - Col\u00b7legi de Farmac\u00e8utics de Barcelona","og_description":"El passat dimecres 4 de juny es va celebrar la JGO al COFB, on es va aprovar per unanimitat la liquidaci\u00f3 del pressupost de l'any 2024","og_url":"https:\/\/www.cofb.org\/es\/2025\/06\/05\/junta-general-ordinaria-aprovada-per-unanimitat-la-liquidacio-del-pressupost-de-2024\/","og_site_name":"Col\u00b7legi de Farmac\u00e8utics de Barcelona","article_publisher":"https:\/\/www.facebook.com\/farmaceuticsbcn\/","article_published_time":"2025-06-05T11:05:45+00:00","article_modified_time":"2025-07-15T06:34:08+00:00","og_image":[{"width":2560,"height":1440,"url":"https:\/\/www.cofb.org\/wp-content\/uploads\/2025\/06\/COFB_JGO_05062025_1-scaled.jpg","type":"image\/jpeg"}],"author":"Berta Mart\u00ednez","twitter_card":"summary_large_image","twitter_creator":"@farmaceuticsbcn","twitter_site":"@farmaceuticsbcn","twitter_misc":{"Escrito por":"Berta Mart\u00ednez","Tiempo de lectura":"15 minutos"},"schema":{"@context":"https:\/\/schema.org","@graph":[{"@type":"Article","@id":"https:\/\/www.cofb.org\/2025\/06\/05\/junta-general-ordinaria-aprovada-per-unanimitat-la-liquidacio-del-pressupost-de-2024\/#article","isPartOf":{"@id":"https:\/\/www.cofb.org\/2025\/06\/05\/junta-general-ordinaria-aprovada-per-unanimitat-la-liquidacio-del-pressupost-de-2024\/"},"author":{"name":"Berta Mart\u00ednez","@id":"https:\/\/www.cofb.org\/#\/schema\/person\/f32de3b41b812c85ff923cb4cc849063"},"headline":"Junta General Ordin\u00e0ria: Aprovada per unanimitat la liquidaci\u00f3 del pressupost de 2024","datePublished":"2025-06-05T11:05:45+00:00","dateModified":"2025-07-15T06:34:08+00:00","mainEntityOfPage":{"@id":"https:\/\/www.cofb.org\/2025\/06\/05\/junta-general-ordinaria-aprovada-per-unanimitat-la-liquidacio-del-pressupost-de-2024\/"},"wordCount":2755,"publisher":{"@id":"https:\/\/www.cofb.org\/#organization"},"image":{"@id":"https:\/\/www.cofb.org\/2025\/06\/05\/junta-general-ordinaria-aprovada-per-unanimitat-la-liquidacio-del-pressupost-de-2024\/#primaryimage"},"thumbnailUrl":"https:\/\/www.cofb.org\/wp-content\/uploads\/2025\/06\/COFB_JGO_05062025_1-scaled.jpg","keywords":["aprovaci\u00f3 liquidaci\u00f3 del pressupost de 2024","COFB","Col\u00b7legi de Farmac\u00e8utics de Barcelona","JGO","Junta General Ordin\u00e0ria","liquidaci\u00f3 pressupost","liquidaci\u00f3 pressupost 2024","pressupostos"],"articleSection":["Destacats","M\u00f3n col\u00b7legial"],"inLanguage":"es"},{"@type":"WebPage","@id":"https:\/\/www.cofb.org\/2025\/06\/05\/junta-general-ordinaria-aprovada-per-unanimitat-la-liquidacio-del-pressupost-de-2024\/","url":"https:\/\/www.cofb.org\/2025\/06\/05\/junta-general-ordinaria-aprovada-per-unanimitat-la-liquidacio-del-pressupost-de-2024\/","name":"Junta General Ordin\u00e0ria: Aprovada per unanimitat la liquidaci\u00f3 del pressupost de 2024 - Col\u00b7legi de Farmac\u00e8utics de Barcelona","isPartOf":{"@id":"https:\/\/www.cofb.org\/#website"},"primaryImageOfPage":{"@id":"https:\/\/www.cofb.org\/2025\/06\/05\/junta-general-ordinaria-aprovada-per-unanimitat-la-liquidacio-del-pressupost-de-2024\/#primaryimage"},"image":{"@id":"https:\/\/www.cofb.org\/2025\/06\/05\/junta-general-ordinaria-aprovada-per-unanimitat-la-liquidacio-del-pressupost-de-2024\/#primaryimage"},"thumbnailUrl":"https:\/\/www.cofb.org\/wp-content\/uploads\/2025\/06\/COFB_JGO_05062025_1-scaled.jpg","datePublished":"2025-06-05T11:05:45+00:00","dateModified":"2025-07-15T06:34:08+00:00","description":"El passat dimecres 4 de juny es va celebrar la JGO al COFB, on es va aprovar per unanimitat la liquidaci\u00f3 del pressupost de l'any 2024","breadcrumb":{"@id":"https:\/\/www.cofb.org\/2025\/06\/05\/junta-general-ordinaria-aprovada-per-unanimitat-la-liquidacio-del-pressupost-de-2024\/#breadcrumb"},"inLanguage":"es","potentialAction":[{"@type":"ReadAction","target":["https:\/\/www.cofb.org\/2025\/06\/05\/junta-general-ordinaria-aprovada-per-unanimitat-la-liquidacio-del-pressupost-de-2024\/"]}]},{"@type":"ImageObject","inLanguage":"es","@id":"https:\/\/www.cofb.org\/2025\/06\/05\/junta-general-ordinaria-aprovada-per-unanimitat-la-liquidacio-del-pressupost-de-2024\/#primaryimage","url":"https:\/\/www.cofb.org\/wp-content\/uploads\/2025\/06\/COFB_JGO_05062025_1-scaled.jpg","contentUrl":"https:\/\/www.cofb.org\/wp-content\/uploads\/2025\/06\/COFB_JGO_05062025_1-scaled.jpg","width":2560,"height":1440,"caption":"D\u2019esquerra a dreta: Marta Gento, Jordi Casas i Miquel Recasens."},{"@type":"BreadcrumbList","@id":"https:\/\/www.cofb.org\/2025\/06\/05\/junta-general-ordinaria-aprovada-per-unanimitat-la-liquidacio-del-pressupost-de-2024\/#breadcrumb","itemListElement":[{"@type":"ListItem","position":1,"name":"Inici","item":"https:\/\/novaorg.cofb.net\/"},{"@type":"ListItem","position":2,"name":"Junta General Ordin\u00e0ria: Aprovada per unanimitat la liquidaci\u00f3 del pressupost de 2024"}]},{"@type":"WebSite","@id":"https:\/\/www.cofb.org\/#website","url":"https:\/\/www.cofb.org\/","name":"Col\u00b7legi de Farmac\u00e8utics de Barcelona","description":"","publisher":{"@id":"https:\/\/www.cofb.org\/#organization"},"potentialAction":[{"@type":"SearchAction","target":{"@type":"EntryPoint","urlTemplate":"https:\/\/www.cofb.org\/?s={search_term_string}"},"query-input":"required name=search_term_string"}],"inLanguage":"es"},{"@type":"Organization","@id":"https:\/\/www.cofb.org\/#organization","name":"Col\u00b7legi de Farmac\u00e8utics de Barcelona","url":"https:\/\/www.cofb.org\/","logo":{"@type":"ImageObject","inLanguage":"es","@id":"https:\/\/www.cofb.org\/#\/schema\/logo\/image\/","url":"https:\/\/www.cofb.org\/wp-content\/uploads\/2023\/11\/cropped-Logotip-COFB.png","contentUrl":"https:\/\/www.cofb.org\/wp-content\/uploads\/2023\/11\/cropped-Logotip-COFB.png","width":500,"height":105,"caption":"Col\u00b7legi de Farmac\u00e8utics de Barcelona"},"image":{"@id":"https:\/\/www.cofb.org\/#\/schema\/logo\/image\/"},"sameAs":["https:\/\/www.facebook.com\/farmaceuticsbcn\/","https:\/\/twitter.com\/farmaceuticsbcn","https:\/\/www.instagram.com\/farmaceuticsbcn\/","https:\/\/www.linkedin.com\/company\/farmaceuticsbcn\/"]},{"@type":"Person","@id":"https:\/\/www.cofb.org\/#\/schema\/person\/f32de3b41b812c85ff923cb4cc849063","name":"Berta Mart\u00ednez","image":{"@type":"ImageObject","inLanguage":"es","@id":"https:\/\/www.cofb.org\/#\/schema\/person\/image\/","url":"https:\/\/secure.gravatar.com\/avatar\/d4c584dab5da1ee9e3c3df161c0aabec7075cc8211cd46ffc79bfe177aa78b01?s=96&d=mm&r=g","contentUrl":"https:\/\/secure.gravatar.com\/avatar\/d4c584dab5da1ee9e3c3df161c0aabec7075cc8211cd46ffc79bfe177aa78b01?s=96&d=mm&r=g","caption":"Berta Mart\u00ednez"},"url":"https:\/\/www.cofb.org\/es\/author\/bmartinez\/"}]}},"uagb_featured_image_src":{"full":["https:\/\/www.cofb.org\/wp-content\/uploads\/2025\/06\/COFB_JGO_05062025_1-scaled.jpg",2560,1440,false],"thumbnail":["https:\/\/www.cofb.org\/wp-content\/uploads\/2025\/06\/COFB_JGO_05062025_1-150x150.jpg",150,150,true],"medium":["https:\/\/www.cofb.org\/wp-content\/uploads\/2025\/06\/COFB_JGO_05062025_1-300x169.jpg",300,169,true],"medium_large":["https:\/\/www.cofb.org\/wp-content\/uploads\/2025\/06\/COFB_JGO_05062025_1-768x432.jpg",768,432,true],"large":["https:\/\/www.cofb.org\/wp-content\/uploads\/2025\/06\/COFB_JGO_05062025_1-1024x576.jpg",1024,576,true],"1536x1536":["https:\/\/www.cofb.org\/wp-content\/uploads\/2025\/06\/COFB_JGO_05062025_1-1536x864.jpg",1536,864,true],"2048x2048":["https:\/\/www.cofb.org\/wp-content\/uploads\/2025\/06\/COFB_JGO_05062025_1-2048x1152.jpg",2048,1152,true],"trp-custom-language-flag":["https:\/\/www.cofb.org\/wp-content\/uploads\/2025\/06\/COFB_JGO_05062025_1-18x10.jpg",18,10,true]},"uagb_author_info":{"display_name":"Berta Mart\u00ednez","author_link":"https:\/\/www.cofb.org\/es\/author\/bmartinez\/"},"uagb_comment_info":0,"uagb_excerpt":"El passat dimecres 4 de juny es va celebrar la Junta General Ordin\u00e0ria (JGO) al Col\u00b7legi de Farmac\u00e8utics de Barcelona (COFB), on es va aprovar per unanimitat la liquidaci\u00f3 del pressupost corresponent a l&#8217;any 2024 i l\u2019aplicaci\u00f3 del resultat. La sessi\u00f3 va anar a c\u00e0rrec del president del COFB, Jordi [&hellip;]","_links":{"self":[{"href":"https:\/\/www.cofb.org\/es\/wp-json\/wp\/v2\/posts\/81311","targetHints":{"allow":["GET"]}}],"collection":[{"href":"https:\/\/www.cofb.org\/es\/wp-json\/wp\/v2\/posts"}],"about":[{"href":"https:\/\/www.cofb.org\/es\/wp-json\/wp\/v2\/types\/post"}],"author":[{"embeddable":true,"href":"https:\/\/www.cofb.org\/es\/wp-json\/wp\/v2\/users\/3"}],"replies":[{"embeddable":true,"href":"https:\/\/www.cofb.org\/es\/wp-json\/wp\/v2\/comments?post=81311"}],"version-history":[{"count":18,"href":"https:\/\/www.cofb.org\/es\/wp-json\/wp\/v2\/posts\/81311\/revisions"}],"predecessor-version":[{"id":81341,"href":"https:\/\/www.cofb.org\/es\/wp-json\/wp\/v2\/posts\/81311\/revisions\/81341"}],"wp:featuredmedia":[{"embeddable":true,"href":"https:\/\/www.cofb.org\/es\/wp-json\/wp\/v2\/media\/81314"}],"wp:attachment":[{"href":"https:\/\/www.cofb.org\/es\/wp-json\/wp\/v2\/media?parent=81311"}],"wp:term":[{"taxonomy":"category","embeddable":true,"href":"https:\/\/www.cofb.org\/es\/wp-json\/wp\/v2\/categories?post=81311"},{"taxonomy":"post_tag","embeddable":true,"href":"https:\/\/www.cofb.org\/es\/wp-json\/wp\/v2\/tags?post=81311"}],"curies":[{"name":"wp","href":"https:\/\/api.w.org\/{rel}","templated":true}]}}