{"id":81270,"date":"2025-05-14T09:02:22","date_gmt":"2025-05-14T09:02:22","guid":{"rendered":"https:\/\/www.cofb.org\/?p=81270"},"modified":"2025-07-15T06:36:49","modified_gmt":"2025-07-15T06:36:49","slug":"tendencies-en-manicura-i-cura-de-les-ungles-nova-sessio-del-forum-dermoexpert","status":"publish","type":"post","link":"https:\/\/www.cofb.org\/es\/2025\/05\/14\/tendencies-en-manicura-i-cura-de-les-ungles-nova-sessio-del-forum-dermoexpert\/","title":{"rendered":"\u201cTendencias en manicura y cuidado de las u\u00f1as\u201d, nueva sesi\u00f3n del Forum Dermoexpert"},"content":{"rendered":"<p>El pasado&nbsp;<strong>29 de abril<\/strong>, el <strong>Col\u00b7legi de Farmac\u00e8utics de Barcelona (COFB)<\/strong> acogi\u00f3 una nueva sesi\u00f3n del&nbsp;<strong>Foro Dermoexpert<\/strong>, centrada en las&nbsp;<strong>tendencias actuales en manicura y cuidado de las u\u00f1as<\/strong>, y patrocinada por&nbsp;<a href=\"https:\/\/mundomavala.es\/\" target=\"_blank\" rel=\"noreferrer noopener\"><strong>MAVALA<\/strong><\/a>. La conferencia fue impartida por&nbsp;<strong>Noelia Donaire<\/strong>, <em>Beauty Training Coach<\/em> de Bella Aurora Labs y coordinada por&nbsp;<strong>Marta Alcalde<\/strong>, vocal de Dermofarmacia y Productos Sanitarios del COFB.<\/p>\n\n\n\n<figure class=\"wp-block-image size-large\"><a href=\"https:\/\/www.cofb.org\/wp-content\/uploads\/2025\/06\/COFB_MANICURA-UNGLES_02062025_4-scaled.jpg\" target=\"_blank\" rel=\"noreferrer noopener\"><img fetchpriority=\"high\" decoding=\"async\" width=\"1024\" height=\"576\" src=\"https:\/\/www.cofb.org\/wp-content\/uploads\/2025\/06\/COFB_MANICURA-UNGLES_02062025_4-1024x576.jpg\" alt=\"\" class=\"wp-image-81278\" srcset=\"https:\/\/www.cofb.org\/wp-content\/uploads\/2025\/06\/COFB_MANICURA-UNGLES_02062025_4-1024x576.jpg 1024w, https:\/\/www.cofb.org\/wp-content\/uploads\/2025\/06\/COFB_MANICURA-UNGLES_02062025_4-300x169.jpg 300w, https:\/\/www.cofb.org\/wp-content\/uploads\/2025\/06\/COFB_MANICURA-UNGLES_02062025_4-768x432.jpg 768w, https:\/\/www.cofb.org\/wp-content\/uploads\/2025\/06\/COFB_MANICURA-UNGLES_02062025_4-1536x864.jpg 1536w, https:\/\/www.cofb.org\/wp-content\/uploads\/2025\/06\/COFB_MANICURA-UNGLES_02062025_4-2048x1152.jpg 2048w, https:\/\/www.cofb.org\/wp-content\/uploads\/2025\/06\/COFB_MANICURA-UNGLES_02062025_4-18x10.jpg 18w\" sizes=\"(max-width: 1024px) 100vw, 1024px\" \/><\/a><\/figure>\n\n\n\n<p>Los <strong>objetivos <\/strong>de la formaci\u00f3n fueron revisar las caracter\u00edsticas de las u\u00f1as y su funcionalidad, conocer los distintos tipos de manicuras y pedicuras, promover el cuidado y mantenimiento de unas u\u00f1as sanas y profundizar en el conocimiento de los productos para las u\u00f1as.<\/p>\n\n\n\n<p>La vocal de Dermofarmacia y Productos Sanitarios, <strong>Marta Alcalde<\/strong>, introdujo la sesi\u00f3n recordando la importancia de la u\u00f1a como anexo de nuestro cuerpo y su funci\u00f3n esencial. Por este motivo, <strong>&quot;hay que mantenerla sana. Aunque la podemos pintar, es fundamental hacerlo en condiciones adecuadas para preservar su salud&quot;<\/strong>, indic\u00f3.<\/p>\n\n\n\n<figure class=\"wp-block-image size-large\"><a href=\"https:\/\/www.cofb.org\/wp-content\/uploads\/2025\/06\/COFB_MANICURA-UNGLES_02062025_3-scaled.jpg\" target=\"_blank\" rel=\"noreferrer noopener\"><img decoding=\"async\" width=\"1024\" height=\"576\" src=\"https:\/\/www.cofb.org\/wp-content\/uploads\/2025\/06\/COFB_MANICURA-UNGLES_02062025_3-1024x576.jpg\" alt=\"A l'esquerra Marta Alcalde presentant el F\u00f2rum Dermoexpert juntament amb Noelia Donaire. \" class=\"wp-image-81277\" srcset=\"https:\/\/www.cofb.org\/wp-content\/uploads\/2025\/06\/COFB_MANICURA-UNGLES_02062025_3-1024x576.jpg 1024w, https:\/\/www.cofb.org\/wp-content\/uploads\/2025\/06\/COFB_MANICURA-UNGLES_02062025_3-300x169.jpg 300w, https:\/\/www.cofb.org\/wp-content\/uploads\/2025\/06\/COFB_MANICURA-UNGLES_02062025_3-768x432.jpg 768w, https:\/\/www.cofb.org\/wp-content\/uploads\/2025\/06\/COFB_MANICURA-UNGLES_02062025_3-1536x864.jpg 1536w, https:\/\/www.cofb.org\/wp-content\/uploads\/2025\/06\/COFB_MANICURA-UNGLES_02062025_3-2048x1152.jpg 2048w, https:\/\/www.cofb.org\/wp-content\/uploads\/2025\/06\/COFB_MANICURA-UNGLES_02062025_3-18x10.jpg 18w\" sizes=\"(max-width: 1024px) 100vw, 1024px\" \/><\/a><figcaption class=\"wp-element-caption\">A la izquierda Marta Alcalde presentando el Foro Dermoexpert junto a Noelia Donaire. <\/figcaption><\/figure>\n\n\n\n<h2 class=\"wp-block-heading\"><strong>Fisiolog\u00eda, funciones y principales patolog\u00edas de las u\u00f1as<\/strong><\/h2>\n\n\n\n<p>Durante la sesi\u00f3n, <strong>Noelia Donaire<\/strong> hizo un recorrido completo por la&nbsp;<strong>fisiolog\u00eda y funciones de las u\u00f1as<\/strong>, que son \u201cestructuras convexas situadas en la punta de los dedos de las manos y de los pies\u201d. Entre sus funciones principales, especific\u00f3 que son importantes por su funci\u00f3n protectora, sensorial y detectora, instrumental y como indicador de salud general.<\/p>\n\n\n\n<p><strong>&quot;El 76% de los espa\u00f1oles acude a la farmacia por patolog\u00edas unguiales&quot;<\/strong>, afirm\u00f3 Donaire. En cuanto a las&nbsp;<strong>principales patolog\u00edas unguiales<\/strong>&nbsp;<strong>de manos y pies<\/strong> que se pueden detectar en la oficina de farmacia, especific\u00f3 que principalmente son: infecci\u00f3n f\u00fangica, mala praxis en la aplicaci\u00f3n de los esmaltes semipermanentes, u\u00f1a encarnada, psoriasis, deshidrataci\u00f3n, leuconiquia, estr\u00edas longitudinales o transversales, onicofagia, detergentes, aplicaci\u00f3n de esmaltes sin base de esmaltes sin base.<\/p>\n\n\n\n<h2 class=\"wp-block-heading\"><strong>Ingredientes cosm\u00e9ticos m\u00e1s relevantes para su tratamiento y cuidado de las u\u00f1as<\/strong><\/h2>\n\n\n\n<p>A continuaci\u00f3n, repas\u00f3 los ingredientes que son recomendables para el cuidado de las u\u00f1as y aquellos que deben evitarse. Donaire aconsej\u00f3 hacer uso de cosm\u00e9ticos con dimetil urea, queratina hidrolizada, silicio, l\u00e1grimas de resina de pistachos, \u00e1rbol de t\u00e9, col\u00e1geno soluble, \u00e1cidos grasos y vitaminas queratoreguladoras y fortificantes.<\/p>\n\n\n\n<figure class=\"wp-block-image size-large\"><a href=\"https:\/\/www.cofb.org\/wp-content\/uploads\/2025\/06\/COFB_MANICURA-UNGLES_02062025_2.jpg\" target=\"_blank\" rel=\"noreferrer noopener\"><img decoding=\"async\" width=\"1024\" height=\"588\" src=\"https:\/\/www.cofb.org\/wp-content\/uploads\/2025\/06\/COFB_MANICURA-UNGLES_02062025_2-1024x588.jpg\" alt=\"Noelia Donaire en un moment de la seva intervenci\u00f3 sobre tend\u00e8ncies en manicura i cura de les ungles. \" class=\"wp-image-81276\" srcset=\"https:\/\/www.cofb.org\/wp-content\/uploads\/2025\/06\/COFB_MANICURA-UNGLES_02062025_2-1024x588.jpg 1024w, https:\/\/www.cofb.org\/wp-content\/uploads\/2025\/06\/COFB_MANICURA-UNGLES_02062025_2-300x172.jpg 300w, https:\/\/www.cofb.org\/wp-content\/uploads\/2025\/06\/COFB_MANICURA-UNGLES_02062025_2-768x441.jpg 768w, https:\/\/www.cofb.org\/wp-content\/uploads\/2025\/06\/COFB_MANICURA-UNGLES_02062025_2-1536x882.jpg 1536w, https:\/\/www.cofb.org\/wp-content\/uploads\/2025\/06\/COFB_MANICURA-UNGLES_02062025_2-2048x1176.jpg 2048w, https:\/\/www.cofb.org\/wp-content\/uploads\/2025\/06\/COFB_MANICURA-UNGLES_02062025_2-18x10.jpg 18w\" sizes=\"(max-width: 1024px) 100vw, 1024px\" \/><\/a><figcaption class=\"wp-element-caption\">Noelia Donaire en un momento de su intervenci\u00f3n sobre tendencias en manicura y cuidado de las u\u00f1as. <\/figcaption><\/figure>\n\n\n\n<p>Por otra parte, present\u00f3 una parrilla con la regulaci\u00f3n de aquellos ingredientes que tienen prohibida su venta en Europa, como el formaldeh\u00eddo, el tolueno o el DBP (ftalato de dibutilo); aquellos que pueden venderse de forma restringida como la resina de formaldeh\u00eddo o algunos parabenos; los que est\u00e1n permitidos con vigilancia como TPHP (trifenilo fosfato), benzofenonas; y los que est\u00e1n permitidos pero con limitaciones como el alcanfor sint\u00e9tico o el chileno.<\/p>\n\n\n\n<h2 class=\"wp-block-heading\"><strong>Cuidado de las u\u00f1as y recomendaci\u00f3n farmac\u00e9utica<\/strong><\/h2>\n\n\n\n<p><strong>&quot;El 80% de las espa\u00f1olas tienen la manicura como principal gasto de cuidado personal&quot;<\/strong>, apunt\u00f3 Donaire. Seguidamente, analiz\u00f3 los diferentes <strong>tipos de manicura<\/strong> (cl\u00e1sica, semipermanente y permanente), <strong>sus t\u00e9cnicas de aplicaci\u00f3n y retirada<\/strong>, as\u00ed como los <strong>riesgos asociados a una mala praxis<\/strong>.<\/p>\n\n\n\n<p>Por \u00faltimo, Donaire puso especial \u00e9nfasis en el&nbsp;<strong>papel del farmac\u00e9utico como profesional clave en la detecci\u00f3n, consejo y prevenci\u00f3n de problemas unguiales<\/strong>, destacando la importancia de personalizar las recomendaciones seg\u00fan el estado de las u\u00f1as del paciente. En este sentido, comparti\u00f3&nbsp;<strong>buenas pr\u00e1cticas para el cuidado diario de las u\u00f1as y cut\u00edculas<\/strong> y ofreci\u00f3 herramientas para reforzar el consejo farmac\u00e9utico con productos espec\u00edficos como sueros, cremas multivitam\u00ednicas, bases protectoras y esmaltes fortificantes.<\/p>\n\n\n\n<p class=\"has-text-align-right\"><strong>Con el patrocinio de:<\/strong><\/p>\n\n\n\n<figure class=\"wp-block-image alignright size-large is-resized\"><a href=\"https:\/\/mundomavala.es\/\" target=\"_blank\" rel=\"noreferrer noopener\"><img loading=\"lazy\" decoding=\"async\" width=\"1024\" height=\"223\" src=\"https:\/\/www.cofb.org\/wp-content\/uploads\/2025\/06\/MAVALA_Switzerland_logotype-Digital-1024x223.png\" alt=\"\" class=\"wp-image-81272\" style=\"width:225px;height:auto\" srcset=\"https:\/\/www.cofb.org\/wp-content\/uploads\/2025\/06\/MAVALA_Switzerland_logotype-Digital-1024x223.png 1024w, https:\/\/www.cofb.org\/wp-content\/uploads\/2025\/06\/MAVALA_Switzerland_logotype-Digital-300x65.png 300w, https:\/\/www.cofb.org\/wp-content\/uploads\/2025\/06\/MAVALA_Switzerland_logotype-Digital-768x167.png 768w, https:\/\/www.cofb.org\/wp-content\/uploads\/2025\/06\/MAVALA_Switzerland_logotype-Digital-1536x335.png 1536w, https:\/\/www.cofb.org\/wp-content\/uploads\/2025\/06\/MAVALA_Switzerland_logotype-Digital-2048x446.png 2048w, https:\/\/www.cofb.org\/wp-content\/uploads\/2025\/06\/MAVALA_Switzerland_logotype-Digital-18x4.png 18w\" sizes=\"(max-width: 1024px) 100vw, 1024px\" \/><\/a><\/figure>","protected":false},"excerpt":{"rendered":"<p>El pasado 29 de abril, el Colegio de Farmac\u00e9uticos de Barcelona (COFB) acogi\u00f3 una nueva sesi\u00f3n del F\u00f3rum Dermoexpert, centrada en las tendencias actuales en manicura y cuidado de las u\u00f1as, y patrocinada por MAVALA. La conferencia fue impartida por Noelia Donaire, Beauty Training Coach de Bella Aurora Labs y coordinada por Marta Alcalde, vocal [\u2026] ]<\/p>","protected":false},"author":3,"featured_media":81277,"comment_status":"closed","ping_status":"closed","sticky":false,"template":"","format":"standard","meta":{"_uag_custom_page_level_css":"","site-sidebar-layout":"default","site-content-layout":"","ast-site-content-layout":"default","site-content-style":"default","site-sidebar-style":"default","ast-global-header-display":"","ast-banner-title-visibility":"","ast-main-header-display":"","ast-hfb-above-header-display":"","ast-hfb-below-header-display":"","ast-hfb-mobile-header-display":"","site-post-title":"","ast-breadcrumbs-content":"","ast-featured-img":"disabled","footer-sml-layout":"","theme-transparent-header-meta":"","adv-header-id-meta":"","stick-header-meta":"","header-above-stick-meta":"","header-main-stick-meta":"","header-below-stick-meta":"","astra-migrate-meta-layouts":"set","ast-page-background-enabled":"default","ast-page-background-meta":{"desktop":{"background-color":"var(--ast-global-color-4)","background-image":"","background-repeat":"repeat","background-position":"center center","background-size":"auto","background-attachment":"scroll","background-type":"","background-media":"","overlay-type":"","overlay-color":"","overlay-opacity":"","overlay-gradient":""},"tablet":{"background-color":"","background-image":"","background-repeat":"repeat","background-position":"center center","background-size":"auto","background-attachment":"scroll","background-type":"","background-media":"","overlay-type":"","overlay-color":"","overlay-opacity":"","overlay-gradient":""},"mobile":{"background-color":"","background-image":"","background-repeat":"repeat","background-position":"center center","background-size":"auto","background-attachment":"scroll","background-type":"","background-media":"","overlay-type":"","overlay-color":"","overlay-opacity":"","overlay-gradient":""}},"ast-content-background-meta":{"desktop":{"background-color":"var(--ast-global-color-5)","background-image":"","background-repeat":"repeat","background-position":"center center","background-size":"auto","background-attachment":"scroll","background-type":"","background-media":"","overlay-type":"","overlay-color":"","overlay-opacity":"","overlay-gradient":""},"tablet":{"background-color":"var(--ast-global-color-5)","background-image":"","background-repeat":"repeat","background-position":"center center","background-size":"auto","background-attachment":"scroll","background-type":"","background-media":"","overlay-type":"","overlay-color":"","overlay-opacity":"","overlay-gradient":""},"mobile":{"background-color":"var(--ast-global-color-5)","background-image":"","background-repeat":"repeat","background-position":"center center","background-size":"auto","background-attachment":"scroll","background-type":"","background-media":"","overlay-type":"","overlay-color":"","overlay-opacity":"","overlay-gradient":""}},"footnotes":""},"categories":[23,57],"tags":[64,18,19,5356,53,68,69,70,155,5355,76,104,3517],"class_list":["post-81270","post","type-post","status-publish","format-standard","has-post-thumbnail","hentry","category-destacats","category-mon-collegial","tag-atencio-farmaceutica","tag-cofb","tag-collegi-de-farmaceutics-de-barcelona","tag-cura-de-les-ungles","tag-farmaceutics","tag-farmacia","tag-farmacia-comunitaria","tag-formacio","tag-forum-dermoexpert","tag-manicura","tag-oficina-de-farmacia","tag-patologies","tag-ungles"],"yoast_head":"<!-- This site is optimized with the Yoast SEO plugin v22.4 - https:\/\/yoast.com\/wordpress\/plugins\/seo\/ -->\n<title>\u201cTend\u00e8ncies en manicura i cura de les ungles\u201d, nova sessi\u00f3 del F\u00f2rum Dermoexpert - Col\u00b7legi de Farmac\u00e8utics de Barcelona<\/title>\n<meta name=\"description\" content=\"El passat\u00a029 d\u2019abril, el COFB va acollir una nova sessi\u00f3 del\u00a0F\u00f2rum Dermoexpert sobre les\u00a0tend\u00e8ncies actuals en manicura i cura de les ungles\" \/>\n<meta name=\"robots\" content=\"index, follow, max-snippet:-1, max-image-preview:large, max-video-preview:-1\" \/>\n<link rel=\"canonical\" href=\"https:\/\/www.cofb.org\/es\/2025\/05\/14\/tendencies-en-manicura-i-cura-de-les-ungles-nova-sessio-del-forum-dermoexpert\/\" \/>\n<meta property=\"og:locale\" content=\"es_ES\" \/>\n<meta property=\"og:type\" content=\"article\" \/>\n<meta property=\"og:title\" content=\"\u201cTend\u00e8ncies en manicura i cura de les ungles\u201d, nova sessi\u00f3 del F\u00f2rum Dermoexpert - Col\u00b7legi de Farmac\u00e8utics de Barcelona\" \/>\n<meta property=\"og:description\" content=\"El passat\u00a029 d\u2019abril, el COFB va acollir una nova sessi\u00f3 del\u00a0F\u00f2rum Dermoexpert sobre les\u00a0tend\u00e8ncies actuals en manicura i cura de les ungles\" \/>\n<meta property=\"og:url\" content=\"https:\/\/www.cofb.org\/es\/2025\/05\/14\/tendencies-en-manicura-i-cura-de-les-ungles-nova-sessio-del-forum-dermoexpert\/\" \/>\n<meta property=\"og:site_name\" content=\"Col\u00b7legi de Farmac\u00e8utics de Barcelona\" \/>\n<meta property=\"article:publisher\" content=\"https:\/\/www.facebook.com\/farmaceuticsbcn\/\" \/>\n<meta property=\"article:published_time\" content=\"2025-05-14T09:02:22+00:00\" \/>\n<meta property=\"article:modified_time\" content=\"2025-07-15T06:36:49+00:00\" \/>\n<meta property=\"og:image\" content=\"https:\/\/www.cofb.org\/wp-content\/uploads\/2025\/06\/COFB_MANICURA-UNGLES_02062025_3-scaled.jpg\" \/>\n\t<meta property=\"og:image:width\" content=\"2560\" \/>\n\t<meta property=\"og:image:height\" content=\"1440\" \/>\n\t<meta property=\"og:image:type\" content=\"image\/jpeg\" \/>\n<meta name=\"author\" content=\"Berta Mart\u00ednez\" \/>\n<meta name=\"twitter:card\" content=\"summary_large_image\" \/>\n<meta name=\"twitter:creator\" content=\"@farmaceuticsbcn\" \/>\n<meta name=\"twitter:site\" content=\"@farmaceuticsbcn\" \/>\n<meta name=\"twitter:label1\" content=\"Escrito por\" \/>\n\t<meta name=\"twitter:data1\" content=\"Berta Mart\u00ednez\" \/>\n\t<meta name=\"twitter:label2\" content=\"Tiempo de lectura\" \/>\n\t<meta name=\"twitter:data2\" content=\"5 minutos\" \/>\n<script type=\"application\/ld+json\" class=\"yoast-schema-graph\">{\"@context\":\"https:\/\/schema.org\",\"@graph\":[{\"@type\":\"Article\",\"@id\":\"https:\/\/www.cofb.org\/2025\/05\/14\/tendencies-en-manicura-i-cura-de-les-ungles-nova-sessio-del-forum-dermoexpert\/#article\",\"isPartOf\":{\"@id\":\"https:\/\/www.cofb.org\/2025\/05\/14\/tendencies-en-manicura-i-cura-de-les-ungles-nova-sessio-del-forum-dermoexpert\/\"},\"author\":{\"name\":\"Berta Mart\u00ednez\",\"@id\":\"https:\/\/www.cofb.org\/#\/schema\/person\/f32de3b41b812c85ff923cb4cc849063\"},\"headline\":\"\u201cTend\u00e8ncies en manicura i cura de les ungles\u201d, nova sessi\u00f3 del F\u00f2rum Dermoexpert\",\"datePublished\":\"2025-05-14T09:02:22+00:00\",\"dateModified\":\"2025-07-15T06:36:49+00:00\",\"mainEntityOfPage\":{\"@id\":\"https:\/\/www.cofb.org\/2025\/05\/14\/tendencies-en-manicura-i-cura-de-les-ungles-nova-sessio-del-forum-dermoexpert\/\"},\"wordCount\":677,\"publisher\":{\"@id\":\"https:\/\/www.cofb.org\/#organization\"},\"image\":{\"@id\":\"https:\/\/www.cofb.org\/2025\/05\/14\/tendencies-en-manicura-i-cura-de-les-ungles-nova-sessio-del-forum-dermoexpert\/#primaryimage\"},\"thumbnailUrl\":\"https:\/\/www.cofb.org\/wp-content\/uploads\/2025\/06\/COFB_MANICURA-UNGLES_02062025_3-scaled.jpg\",\"keywords\":[\"Atenci\u00f3 farmac\u00e8utica\",\"COFB\",\"Col\u00b7legi de Farmac\u00e8utics de Barcelona\",\"cura de les ungles\",\"farmac\u00e8utics\",\"Farm\u00e0cia\",\"farm\u00e0cia comunit\u00e0ria\",\"Formaci\u00f3\",\"f\u00f2rum dermoexpert\",\"manicura\",\"Oficina de farm\u00e0cia\",\"patologies\",\"ungles\"],\"articleSection\":[\"Destacats\",\"M\u00f3n col\u00b7legial\"],\"inLanguage\":\"es\"},{\"@type\":\"WebPage\",\"@id\":\"https:\/\/www.cofb.org\/2025\/05\/14\/tendencies-en-manicura-i-cura-de-les-ungles-nova-sessio-del-forum-dermoexpert\/\",\"url\":\"https:\/\/www.cofb.org\/2025\/05\/14\/tendencies-en-manicura-i-cura-de-les-ungles-nova-sessio-del-forum-dermoexpert\/\",\"name\":\"\u201cTend\u00e8ncies en manicura i cura de les ungles\u201d, nova sessi\u00f3 del F\u00f2rum Dermoexpert - Col\u00b7legi de Farmac\u00e8utics de Barcelona\",\"isPartOf\":{\"@id\":\"https:\/\/www.cofb.org\/#website\"},\"primaryImageOfPage\":{\"@id\":\"https:\/\/www.cofb.org\/2025\/05\/14\/tendencies-en-manicura-i-cura-de-les-ungles-nova-sessio-del-forum-dermoexpert\/#primaryimage\"},\"image\":{\"@id\":\"https:\/\/www.cofb.org\/2025\/05\/14\/tendencies-en-manicura-i-cura-de-les-ungles-nova-sessio-del-forum-dermoexpert\/#primaryimage\"},\"thumbnailUrl\":\"https:\/\/www.cofb.org\/wp-content\/uploads\/2025\/06\/COFB_MANICURA-UNGLES_02062025_3-scaled.jpg\",\"datePublished\":\"2025-05-14T09:02:22+00:00\",\"dateModified\":\"2025-07-15T06:36:49+00:00\",\"description\":\"El passat\u00a029 d\u2019abril, el COFB va acollir una nova sessi\u00f3 del\u00a0F\u00f2rum Dermoexpert sobre les\u00a0tend\u00e8ncies actuals en manicura i cura de les ungles\",\"breadcrumb\":{\"@id\":\"https:\/\/www.cofb.org\/2025\/05\/14\/tendencies-en-manicura-i-cura-de-les-ungles-nova-sessio-del-forum-dermoexpert\/#breadcrumb\"},\"inLanguage\":\"es\",\"potentialAction\":[{\"@type\":\"ReadAction\",\"target\":[\"https:\/\/www.cofb.org\/2025\/05\/14\/tendencies-en-manicura-i-cura-de-les-ungles-nova-sessio-del-forum-dermoexpert\/\"]}]},{\"@type\":\"ImageObject\",\"inLanguage\":\"es\",\"@id\":\"https:\/\/www.cofb.org\/2025\/05\/14\/tendencies-en-manicura-i-cura-de-les-ungles-nova-sessio-del-forum-dermoexpert\/#primaryimage\",\"url\":\"https:\/\/www.cofb.org\/wp-content\/uploads\/2025\/06\/COFB_MANICURA-UNGLES_02062025_3-scaled.jpg\",\"contentUrl\":\"https:\/\/www.cofb.org\/wp-content\/uploads\/2025\/06\/COFB_MANICURA-UNGLES_02062025_3-scaled.jpg\",\"width\":2560,\"height\":1440,\"caption\":\"A l'esquerra Marta Alcalde presentant el F\u00f2rum Dermoexpert juntament amb Noelia Donaire.\"},{\"@type\":\"BreadcrumbList\",\"@id\":\"https:\/\/www.cofb.org\/2025\/05\/14\/tendencies-en-manicura-i-cura-de-les-ungles-nova-sessio-del-forum-dermoexpert\/#breadcrumb\",\"itemListElement\":[{\"@type\":\"ListItem\",\"position\":1,\"name\":\"Inici\",\"item\":\"https:\/\/novaorg.cofb.net\/\"},{\"@type\":\"ListItem\",\"position\":2,\"name\":\"\u201cTend\u00e8ncies en manicura i cura de les ungles\u201d, nova sessi\u00f3 del F\u00f2rum Dermoexpert\"}]},{\"@type\":\"WebSite\",\"@id\":\"https:\/\/www.cofb.org\/#website\",\"url\":\"https:\/\/www.cofb.org\/\",\"name\":\"Col\u00b7legi de Farmac\u00e8utics de Barcelona\",\"description\":\"\",\"publisher\":{\"@id\":\"https:\/\/www.cofb.org\/#organization\"},\"potentialAction\":[{\"@type\":\"SearchAction\",\"target\":{\"@type\":\"EntryPoint\",\"urlTemplate\":\"https:\/\/www.cofb.org\/?s={search_term_string}\"},\"query-input\":\"required name=search_term_string\"}],\"inLanguage\":\"es\"},{\"@type\":\"Organization\",\"@id\":\"https:\/\/www.cofb.org\/#organization\",\"name\":\"Col\u00b7legi de Farmac\u00e8utics de Barcelona\",\"url\":\"https:\/\/www.cofb.org\/\",\"logo\":{\"@type\":\"ImageObject\",\"inLanguage\":\"es\",\"@id\":\"https:\/\/www.cofb.org\/#\/schema\/logo\/image\/\",\"url\":\"https:\/\/www.cofb.org\/wp-content\/uploads\/2023\/11\/cropped-Logotip-COFB.png\",\"contentUrl\":\"https:\/\/www.cofb.org\/wp-content\/uploads\/2023\/11\/cropped-Logotip-COFB.png\",\"width\":500,\"height\":105,\"caption\":\"Col\u00b7legi de Farmac\u00e8utics de Barcelona\"},\"image\":{\"@id\":\"https:\/\/www.cofb.org\/#\/schema\/logo\/image\/\"},\"sameAs\":[\"https:\/\/www.facebook.com\/farmaceuticsbcn\/\",\"https:\/\/twitter.com\/farmaceuticsbcn\",\"https:\/\/www.instagram.com\/farmaceuticsbcn\/\",\"https:\/\/www.linkedin.com\/company\/farmaceuticsbcn\/\"]},{\"@type\":\"Person\",\"@id\":\"https:\/\/www.cofb.org\/#\/schema\/person\/f32de3b41b812c85ff923cb4cc849063\",\"name\":\"Berta Mart\u00ednez\",\"image\":{\"@type\":\"ImageObject\",\"inLanguage\":\"es\",\"@id\":\"https:\/\/www.cofb.org\/#\/schema\/person\/image\/\",\"url\":\"https:\/\/secure.gravatar.com\/avatar\/d4c584dab5da1ee9e3c3df161c0aabec7075cc8211cd46ffc79bfe177aa78b01?s=96&d=mm&r=g\",\"contentUrl\":\"https:\/\/secure.gravatar.com\/avatar\/d4c584dab5da1ee9e3c3df161c0aabec7075cc8211cd46ffc79bfe177aa78b01?s=96&d=mm&r=g\",\"caption\":\"Berta Mart\u00ednez\"},\"url\":\"https:\/\/www.cofb.org\/es\/author\/bmartinez\/\"}]}<\/script>\n<!-- \/ Yoast SEO plugin. -->","yoast_head_json":{"title":"\u201cTend\u00e8ncies en manicura i cura de les ungles\u201d, nova sessi\u00f3 del F\u00f2rum Dermoexpert - Col\u00b7legi de Farmac\u00e8utics de Barcelona","description":"El passat\u00a029 d\u2019abril, el COFB va acollir una nova sessi\u00f3 del\u00a0F\u00f2rum Dermoexpert sobre les\u00a0tend\u00e8ncies actuals en manicura i cura de les ungles","robots":{"index":"index","follow":"follow","max-snippet":"max-snippet:-1","max-image-preview":"max-image-preview:large","max-video-preview":"max-video-preview:-1"},"canonical":"https:\/\/www.cofb.org\/es\/2025\/05\/14\/tendencies-en-manicura-i-cura-de-les-ungles-nova-sessio-del-forum-dermoexpert\/","og_locale":"es_ES","og_type":"article","og_title":"\u201cTend\u00e8ncies en manicura i cura de les ungles\u201d, nova sessi\u00f3 del F\u00f2rum Dermoexpert - Col\u00b7legi de Farmac\u00e8utics de Barcelona","og_description":"El passat\u00a029 d\u2019abril, el COFB va acollir una nova sessi\u00f3 del\u00a0F\u00f2rum Dermoexpert sobre les\u00a0tend\u00e8ncies actuals en manicura i cura de les ungles","og_url":"https:\/\/www.cofb.org\/es\/2025\/05\/14\/tendencies-en-manicura-i-cura-de-les-ungles-nova-sessio-del-forum-dermoexpert\/","og_site_name":"Col\u00b7legi de Farmac\u00e8utics de Barcelona","article_publisher":"https:\/\/www.facebook.com\/farmaceuticsbcn\/","article_published_time":"2025-05-14T09:02:22+00:00","article_modified_time":"2025-07-15T06:36:49+00:00","og_image":[{"width":2560,"height":1440,"url":"https:\/\/www.cofb.org\/wp-content\/uploads\/2025\/06\/COFB_MANICURA-UNGLES_02062025_3-scaled.jpg","type":"image\/jpeg"}],"author":"Berta Mart\u00ednez","twitter_card":"summary_large_image","twitter_creator":"@farmaceuticsbcn","twitter_site":"@farmaceuticsbcn","twitter_misc":{"Escrito por":"Berta Mart\u00ednez","Tiempo de lectura":"5 minutos"},"schema":{"@context":"https:\/\/schema.org","@graph":[{"@type":"Article","@id":"https:\/\/www.cofb.org\/2025\/05\/14\/tendencies-en-manicura-i-cura-de-les-ungles-nova-sessio-del-forum-dermoexpert\/#article","isPartOf":{"@id":"https:\/\/www.cofb.org\/2025\/05\/14\/tendencies-en-manicura-i-cura-de-les-ungles-nova-sessio-del-forum-dermoexpert\/"},"author":{"name":"Berta Mart\u00ednez","@id":"https:\/\/www.cofb.org\/#\/schema\/person\/f32de3b41b812c85ff923cb4cc849063"},"headline":"\u201cTend\u00e8ncies en manicura i cura de les ungles\u201d, nova sessi\u00f3 del F\u00f2rum Dermoexpert","datePublished":"2025-05-14T09:02:22+00:00","dateModified":"2025-07-15T06:36:49+00:00","mainEntityOfPage":{"@id":"https:\/\/www.cofb.org\/2025\/05\/14\/tendencies-en-manicura-i-cura-de-les-ungles-nova-sessio-del-forum-dermoexpert\/"},"wordCount":677,"publisher":{"@id":"https:\/\/www.cofb.org\/#organization"},"image":{"@id":"https:\/\/www.cofb.org\/2025\/05\/14\/tendencies-en-manicura-i-cura-de-les-ungles-nova-sessio-del-forum-dermoexpert\/#primaryimage"},"thumbnailUrl":"https:\/\/www.cofb.org\/wp-content\/uploads\/2025\/06\/COFB_MANICURA-UNGLES_02062025_3-scaled.jpg","keywords":["Atenci\u00f3 farmac\u00e8utica","COFB","Col\u00b7legi de Farmac\u00e8utics de Barcelona","cura de les ungles","farmac\u00e8utics","Farm\u00e0cia","farm\u00e0cia comunit\u00e0ria","Formaci\u00f3","f\u00f2rum dermoexpert","manicura","Oficina de farm\u00e0cia","patologies","ungles"],"articleSection":["Destacats","M\u00f3n col\u00b7legial"],"inLanguage":"es"},{"@type":"WebPage","@id":"https:\/\/www.cofb.org\/2025\/05\/14\/tendencies-en-manicura-i-cura-de-les-ungles-nova-sessio-del-forum-dermoexpert\/","url":"https:\/\/www.cofb.org\/2025\/05\/14\/tendencies-en-manicura-i-cura-de-les-ungles-nova-sessio-del-forum-dermoexpert\/","name":"\u201cTend\u00e8ncies en manicura i cura de les ungles\u201d, nova sessi\u00f3 del F\u00f2rum Dermoexpert - Col\u00b7legi de Farmac\u00e8utics de Barcelona","isPartOf":{"@id":"https:\/\/www.cofb.org\/#website"},"primaryImageOfPage":{"@id":"https:\/\/www.cofb.org\/2025\/05\/14\/tendencies-en-manicura-i-cura-de-les-ungles-nova-sessio-del-forum-dermoexpert\/#primaryimage"},"image":{"@id":"https:\/\/www.cofb.org\/2025\/05\/14\/tendencies-en-manicura-i-cura-de-les-ungles-nova-sessio-del-forum-dermoexpert\/#primaryimage"},"thumbnailUrl":"https:\/\/www.cofb.org\/wp-content\/uploads\/2025\/06\/COFB_MANICURA-UNGLES_02062025_3-scaled.jpg","datePublished":"2025-05-14T09:02:22+00:00","dateModified":"2025-07-15T06:36:49+00:00","description":"El passat\u00a029 d\u2019abril, el COFB va acollir una nova sessi\u00f3 del\u00a0F\u00f2rum Dermoexpert sobre les\u00a0tend\u00e8ncies actuals en manicura i cura de les ungles","breadcrumb":{"@id":"https:\/\/www.cofb.org\/2025\/05\/14\/tendencies-en-manicura-i-cura-de-les-ungles-nova-sessio-del-forum-dermoexpert\/#breadcrumb"},"inLanguage":"es","potentialAction":[{"@type":"ReadAction","target":["https:\/\/www.cofb.org\/2025\/05\/14\/tendencies-en-manicura-i-cura-de-les-ungles-nova-sessio-del-forum-dermoexpert\/"]}]},{"@type":"ImageObject","inLanguage":"es","@id":"https:\/\/www.cofb.org\/2025\/05\/14\/tendencies-en-manicura-i-cura-de-les-ungles-nova-sessio-del-forum-dermoexpert\/#primaryimage","url":"https:\/\/www.cofb.org\/wp-content\/uploads\/2025\/06\/COFB_MANICURA-UNGLES_02062025_3-scaled.jpg","contentUrl":"https:\/\/www.cofb.org\/wp-content\/uploads\/2025\/06\/COFB_MANICURA-UNGLES_02062025_3-scaled.jpg","width":2560,"height":1440,"caption":"A l'esquerra Marta Alcalde presentant el F\u00f2rum Dermoexpert juntament amb Noelia Donaire."},{"@type":"BreadcrumbList","@id":"https:\/\/www.cofb.org\/2025\/05\/14\/tendencies-en-manicura-i-cura-de-les-ungles-nova-sessio-del-forum-dermoexpert\/#breadcrumb","itemListElement":[{"@type":"ListItem","position":1,"name":"Inici","item":"https:\/\/novaorg.cofb.net\/"},{"@type":"ListItem","position":2,"name":"\u201cTend\u00e8ncies en manicura i cura de les ungles\u201d, nova sessi\u00f3 del F\u00f2rum Dermoexpert"}]},{"@type":"WebSite","@id":"https:\/\/www.cofb.org\/#website","url":"https:\/\/www.cofb.org\/","name":"Col\u00b7legi de Farmac\u00e8utics de Barcelona","description":"","publisher":{"@id":"https:\/\/www.cofb.org\/#organization"},"potentialAction":[{"@type":"SearchAction","target":{"@type":"EntryPoint","urlTemplate":"https:\/\/www.cofb.org\/?s={search_term_string}"},"query-input":"required name=search_term_string"}],"inLanguage":"es"},{"@type":"Organization","@id":"https:\/\/www.cofb.org\/#organization","name":"Col\u00b7legi de Farmac\u00e8utics de Barcelona","url":"https:\/\/www.cofb.org\/","logo":{"@type":"ImageObject","inLanguage":"es","@id":"https:\/\/www.cofb.org\/#\/schema\/logo\/image\/","url":"https:\/\/www.cofb.org\/wp-content\/uploads\/2023\/11\/cropped-Logotip-COFB.png","contentUrl":"https:\/\/www.cofb.org\/wp-content\/uploads\/2023\/11\/cropped-Logotip-COFB.png","width":500,"height":105,"caption":"Col\u00b7legi de Farmac\u00e8utics de Barcelona"},"image":{"@id":"https:\/\/www.cofb.org\/#\/schema\/logo\/image\/"},"sameAs":["https:\/\/www.facebook.com\/farmaceuticsbcn\/","https:\/\/twitter.com\/farmaceuticsbcn","https:\/\/www.instagram.com\/farmaceuticsbcn\/","https:\/\/www.linkedin.com\/company\/farmaceuticsbcn\/"]},{"@type":"Person","@id":"https:\/\/www.cofb.org\/#\/schema\/person\/f32de3b41b812c85ff923cb4cc849063","name":"Berta Mart\u00ednez","image":{"@type":"ImageObject","inLanguage":"es","@id":"https:\/\/www.cofb.org\/#\/schema\/person\/image\/","url":"https:\/\/secure.gravatar.com\/avatar\/d4c584dab5da1ee9e3c3df161c0aabec7075cc8211cd46ffc79bfe177aa78b01?s=96&d=mm&r=g","contentUrl":"https:\/\/secure.gravatar.com\/avatar\/d4c584dab5da1ee9e3c3df161c0aabec7075cc8211cd46ffc79bfe177aa78b01?s=96&d=mm&r=g","caption":"Berta Mart\u00ednez"},"url":"https:\/\/www.cofb.org\/es\/author\/bmartinez\/"}]}},"uagb_featured_image_src":{"full":["https:\/\/www.cofb.org\/wp-content\/uploads\/2025\/06\/COFB_MANICURA-UNGLES_02062025_3-scaled.jpg",2560,1440,false],"thumbnail":["https:\/\/www.cofb.org\/wp-content\/uploads\/2025\/06\/COFB_MANICURA-UNGLES_02062025_3-150x150.jpg",150,150,true],"medium":["https:\/\/www.cofb.org\/wp-content\/uploads\/2025\/06\/COFB_MANICURA-UNGLES_02062025_3-300x169.jpg",300,169,true],"medium_large":["https:\/\/www.cofb.org\/wp-content\/uploads\/2025\/06\/COFB_MANICURA-UNGLES_02062025_3-768x432.jpg",768,432,true],"large":["https:\/\/www.cofb.org\/wp-content\/uploads\/2025\/06\/COFB_MANICURA-UNGLES_02062025_3-1024x576.jpg",1024,576,true],"1536x1536":["https:\/\/www.cofb.org\/wp-content\/uploads\/2025\/06\/COFB_MANICURA-UNGLES_02062025_3-1536x864.jpg",1536,864,true],"2048x2048":["https:\/\/www.cofb.org\/wp-content\/uploads\/2025\/06\/COFB_MANICURA-UNGLES_02062025_3-2048x1152.jpg",2048,1152,true],"trp-custom-language-flag":["https:\/\/www.cofb.org\/wp-content\/uploads\/2025\/06\/COFB_MANICURA-UNGLES_02062025_3-18x10.jpg",18,10,true]},"uagb_author_info":{"display_name":"Berta Mart\u00ednez","author_link":"https:\/\/www.cofb.org\/es\/author\/bmartinez\/"},"uagb_comment_info":0,"uagb_excerpt":"El passat&nbsp;29 d\u2019abril, el Col\u00b7legi de Farmac\u00e8utics de Barcelona (COFB) va acollir una nova sessi\u00f3 del&nbsp;F\u00f2rum Dermoexpert, centrada en les&nbsp;tend\u00e8ncies actuals en manicura i cura de les ungles, i patrocinada per&nbsp;MAVALA. La confer\u00e8ncia va ser impartida per&nbsp;Noelia Donaire, Beauty Training Coach de Bella Aurora Labs i coordinada per&nbsp;Marta Alcalde, vocal [&hellip;]","_links":{"self":[{"href":"https:\/\/www.cofb.org\/es\/wp-json\/wp\/v2\/posts\/81270","targetHints":{"allow":["GET"]}}],"collection":[{"href":"https:\/\/www.cofb.org\/es\/wp-json\/wp\/v2\/posts"}],"about":[{"href":"https:\/\/www.cofb.org\/es\/wp-json\/wp\/v2\/types\/post"}],"author":[{"embeddable":true,"href":"https:\/\/www.cofb.org\/es\/wp-json\/wp\/v2\/users\/3"}],"replies":[{"embeddable":true,"href":"https:\/\/www.cofb.org\/es\/wp-json\/wp\/v2\/comments?post=81270"}],"version-history":[{"count":18,"href":"https:\/\/www.cofb.org\/es\/wp-json\/wp\/v2\/posts\/81270\/revisions"}],"predecessor-version":[{"id":81295,"href":"https:\/\/www.cofb.org\/es\/wp-json\/wp\/v2\/posts\/81270\/revisions\/81295"}],"wp:featuredmedia":[{"embeddable":true,"href":"https:\/\/www.cofb.org\/es\/wp-json\/wp\/v2\/media\/81277"}],"wp:attachment":[{"href":"https:\/\/www.cofb.org\/es\/wp-json\/wp\/v2\/media?parent=81270"}],"wp:term":[{"taxonomy":"category","embeddable":true,"href":"https:\/\/www.cofb.org\/es\/wp-json\/wp\/v2\/categories?post=81270"},{"taxonomy":"post_tag","embeddable":true,"href":"https:\/\/www.cofb.org\/es\/wp-json\/wp\/v2\/tags?post=81270"}],"curies":[{"name":"wp","href":"https:\/\/api.w.org\/{rel}","templated":true}]}}