{"id":81235,"date":"2025-04-16T09:29:00","date_gmt":"2025-04-16T09:29:00","guid":{"rendered":"https:\/\/www.cofb.org\/?p=81235"},"modified":"2025-05-14T09:29:52","modified_gmt":"2025-05-14T09:29:52","slug":"novetats-en-la-lactancia-materna-i-les-formules-infantils-nova-sessio-del-cicle-trending-topics-en-nutricio","status":"publish","type":"post","link":"https:\/\/www.cofb.org\/es\/2025\/04\/16\/novetats-en-la-lactancia-materna-i-les-formules-infantils-nova-sessio-del-cicle-trending-topics-en-nutricio\/","title":{"rendered":"Novedades en la lactancia materna y en las f\u00f3rmulas infantiles. Nueva sesi\u00f3n del ciclo \u201cTrending Topics en nutrici\u00f3n\u201d"},"content":{"rendered":"<p>El pasado 27 de febrero, el <strong>Col\u00b7legi de Farmac\u00e8utics de Barcelona (COFB)<\/strong> organiz\u00f3 el <strong><em>Trending topics<\/em> en nutrici\u00f3n \u201cLactancia materna y f\u00f3rmulas infantiles, \u00bfqu\u00e9 hay de nuevo?\u201d<\/strong>, con el patrocinio de <a href=\"https:\/\/www.danone.es\/\" target=\"_blank\" rel=\"noreferrer noopener\">Danone<\/a> y <a href=\"https:\/\/www.nutricia.es\/\" target=\"_blank\" rel=\"noreferrer noopener\">Nutricia<\/a>. La conferencia corri\u00f3 a cargo de <strong>Juan Miguel Rodr\u00edguez<\/strong>, catedr\u00e1tico del Departamento de Nutrici\u00f3n y Ciencia de los Alimentos de la Facultad de Veterinaria de la Universidad Complutense de Madrid y director del grupo de investigaci\u00f3n \u201cLa microbiota perinatal y su aplicaci\u00f3n en alimentaci\u00f3n materno-infantil\u201d, y de <strong>Carmen Rodr\u00edguez<\/strong>, farmac\u00e9utica y <em>medical manager<\/em> en Danone Nutricia. <strong>\u00d3scar Llans\u00f3<\/strong>, vocal de Alimentaci\u00f3n y Nutrici\u00f3n del COFB, present\u00f3 y coordin\u00f3 la sesi\u00f3n dirigida a farmac\u00e9uticos\/as comunitarios.<\/p>\n\n\n\n<figure class=\"wp-block-image size-large\"><a href=\"https:\/\/www.cofb.org\/wp-content\/uploads\/2025\/05\/COFB_LACTANCIA_09052025_1-scaled.jpg\" target=\"_blank\" rel=\"noreferrer noopener\"><img fetchpriority=\"high\" decoding=\"async\" width=\"1024\" height=\"576\" src=\"https:\/\/www.cofb.org\/wp-content\/uploads\/2025\/05\/COFB_LACTANCIA_09052025_1-1024x576.jpg\" alt=\"\" class=\"wp-image-81240\" srcset=\"https:\/\/www.cofb.org\/wp-content\/uploads\/2025\/05\/COFB_LACTANCIA_09052025_1-1024x576.jpg 1024w, https:\/\/www.cofb.org\/wp-content\/uploads\/2025\/05\/COFB_LACTANCIA_09052025_1-300x169.jpg 300w, https:\/\/www.cofb.org\/wp-content\/uploads\/2025\/05\/COFB_LACTANCIA_09052025_1-768x432.jpg 768w, https:\/\/www.cofb.org\/wp-content\/uploads\/2025\/05\/COFB_LACTANCIA_09052025_1-1536x864.jpg 1536w, https:\/\/www.cofb.org\/wp-content\/uploads\/2025\/05\/COFB_LACTANCIA_09052025_1-2048x1152.jpg 2048w, https:\/\/www.cofb.org\/wp-content\/uploads\/2025\/05\/COFB_LACTANCIA_09052025_1-18x10.jpg 18w\" sizes=\"(max-width: 1024px) 100vw, 1024px\" \/><\/a><\/figure>\n\n\n\n<p>Los <strong>objetivos<\/strong> de la conferencia fueron actualizar los conocimientos sobre el papel de la <strong>microbiota en la leche materna<\/strong> y su impacto en relaci\u00f3n con la mastitis, conocer los <strong>\u00faltimos avances en investigaci\u00f3n e innovaci\u00f3n en el \u00e1mbito de la lactancia materna y las f\u00f3rmulas infantiles<\/strong> y <strong>mejorar las capacidades de asesoramiento a las madres lactantes<\/strong>.<\/p>\n\n\n\n<p>En primer lugar, intervino <strong>Juan Miguel Rodr\u00edguez<\/strong>, catedr\u00e1tico del Departamento de Nutrici\u00f3n y Ciencia de los Alimentos de la Facultad de Veterinaria de la Universidad Complutense de Madrid, para hablar sobre la <strong>relaci\u00f3n que existe entre la microbiota y la mastitis<\/strong>. <strong>&quot;El conocimiento cient\u00edfico que se ha dedicado a investigar la leche humana es bastante m\u00e1s bajo que para otras tipolog\u00edas de alimentos&quot;<\/strong>, indic\u00f3. El catedr\u00e1tico explic\u00f3 que hace m\u00e1s de veinte a\u00f1os se publicaron los primeros trabajos, en los que se evidenciaba que <strong>la leche humana proporciona microorganismos, que conforman una microbiota propia de c\u00e9lulas con estructura definida y microorganismos caracter\u00edsticos.<\/strong><\/p>\n\n\n\n<figure class=\"wp-block-image size-full is-resized\"><a href=\"https:\/\/www.cofb.org\/wp-content\/uploads\/2025\/05\/COFB_LACTANCIA_09052025_2.jpg\" target=\"_blank\" rel=\"noreferrer noopener\"><img decoding=\"async\" width=\"567\" height=\"322\" src=\"https:\/\/www.cofb.org\/wp-content\/uploads\/2025\/05\/COFB_LACTANCIA_09052025_2.jpg\" alt=\"Juan Miguel Rodr\u00edguez en un moment de la seva exposici\u00f3. \" class=\"wp-image-81241\" style=\"width:1018px;height:auto\" srcset=\"https:\/\/www.cofb.org\/wp-content\/uploads\/2025\/05\/COFB_LACTANCIA_09052025_2.jpg 567w, https:\/\/www.cofb.org\/wp-content\/uploads\/2025\/05\/COFB_LACTANCIA_09052025_2-300x170.jpg 300w, https:\/\/www.cofb.org\/wp-content\/uploads\/2025\/05\/COFB_LACTANCIA_09052025_2-18x10.jpg 18w\" sizes=\"(max-width: 567px) 100vw, 567px\" \/><\/a><figcaption class=\"wp-element-caption\">Juan Miguel Rodr\u00edguez en un momento de su exposici\u00f3n. <\/figcaption><\/figure>\n\n\n\n<p>Sin embargo, Rodr\u00edguez asegur\u00f3 que <strong>&quot;la microbiota de la leche humana se caracteriza por una variabilidad interindividual realmente grande, es decir, que pr\u00e1cticamente es como una huella dactilar&quot;<\/strong>. En este sentido, mostr\u00f3 un gr\u00e1fico para evidenciar la variabilidad de la leche de la mujer a lo largo del tiempo, a pesar de coincidir en el mismo per\u00edodo de tiempo. Tambi\u00e9n coment\u00f3 que se est\u00e1n empezando a estudiar determinados <strong>factores<\/strong> -hu\u00e9sped, microbianos, ambientales, socioecon\u00f3micos o m\u00e9dicos- <strong>que pueden modular la microbiota de la leche.<\/strong><\/p>\n\n\n\n<p>En cuanto a la <strong>mastitis<\/strong>, una enfermedad que limita mucho la continuidad de la lactancia materna, el catedr\u00e1tico detall\u00f3 qu\u00e9 es y diferenci\u00f3 los grados de afectaci\u00f3n. Para su <strong>prevenci\u00f3n<\/strong> profundiz\u00f3 en el papel de la microbiota y en los principales tratamientos para esa afecci\u00f3n.<\/p>\n\n\n\n<h2 class=\"wp-block-heading\"><strong>Lactancia materna y f\u00f3rmulas infantiles<\/strong><\/h2>\n\n\n\n<p>A continuaci\u00f3n, <strong>Carmen Rodr\u00edguez<\/strong>, farmac\u00e9utica y <em>medical manager<\/em> en Danone Nutricia expuso cu\u00e1les son las <strong>\u00faltimas tendencias en la formulaci\u00f3n de leches<\/strong>. Para ello, puso de relieve los estudios que demuestran que, seg\u00fan se formulen los l\u00edpidos, aumentan los beneficios de la leche de f\u00f3rmula. La farmac\u00e9utica explic\u00f3 que <strong>&quot;la lactancia materna es la referencia que tenemos los laboratorios para intentar que las f\u00f3rmulas infantiles tengan el m\u00e1ximo parecido&quot;<\/strong>.<\/p>\n\n\n\n<figure class=\"wp-block-image size-large\"><a href=\"https:\/\/www.cofb.org\/wp-content\/uploads\/2025\/05\/COFB_LACTANCIA_09052025_3-scaled.jpg\" target=\"_blank\" rel=\"noreferrer noopener\"><img decoding=\"async\" width=\"1024\" height=\"771\" src=\"https:\/\/www.cofb.org\/wp-content\/uploads\/2025\/05\/COFB_LACTANCIA_09052025_3-1024x771.jpg\" alt=\"Carmen Rodr\u00edguez durant la seva presentaci\u00f3 sobre lact\u00e0ncia i f\u00f3rmules infantils. \" class=\"wp-image-81242\" srcset=\"https:\/\/www.cofb.org\/wp-content\/uploads\/2025\/05\/COFB_LACTANCIA_09052025_3-1024x771.jpg 1024w, https:\/\/www.cofb.org\/wp-content\/uploads\/2025\/05\/COFB_LACTANCIA_09052025_3-300x226.jpg 300w, https:\/\/www.cofb.org\/wp-content\/uploads\/2025\/05\/COFB_LACTANCIA_09052025_3-768x578.jpg 768w, https:\/\/www.cofb.org\/wp-content\/uploads\/2025\/05\/COFB_LACTANCIA_09052025_3-1536x1157.jpg 1536w, https:\/\/www.cofb.org\/wp-content\/uploads\/2025\/05\/COFB_LACTANCIA_09052025_3-2048x1542.jpg 2048w, https:\/\/www.cofb.org\/wp-content\/uploads\/2025\/05\/COFB_LACTANCIA_09052025_3-16x12.jpg 16w\" sizes=\"(max-width: 1024px) 100vw, 1024px\" \/><\/a><figcaption class=\"wp-element-caption\">Carmen Rodr\u00edguez durante su presentaci\u00f3n sobre lactancia y f\u00f3rmulas infantiles. <\/figcaption><\/figure>\n\n\n\n<p><strong>&quot;Los primeros 1.000 d\u00edas, desde la concepci\u00f3n hasta los 2 o 3 a\u00f1os del beb\u00e9, son muy importantes porque cualquier cosa que ingerimos durante esta franja de tiempo repercute en la salud presente y futura del beb\u00e9&quot;<\/strong>, asegur\u00f3. As\u00ed pues, &quot;todos los factores externos a los que est\u00e1 expuesto el beb\u00e9 impactan de alguna forma&quot;. Esto incluye una correcta nutrici\u00f3n, que <strong>&quot;influye en el buen funcionamiento del intestino, el desarrollo y el establecimiento de una microbiota saludable&quot;<\/strong>, adem\u00e1s que <strong>&quot;influye positivamente en el entrenamiento del sistema inmunitario&quot;<\/strong>. &nbsp;<\/p>\n\n\n\n<p>La farmac\u00e9utica especific\u00f3 que la lactancia materna es el mejor alimento que una madre puede ofrecer a su beb\u00e9 en los primeros meses de vida. Ahora bien, cuando esta opci\u00f3n no es posible, indic\u00f3 que <strong>existen leches de f\u00f3rmula innovadoras, desarrolladas mediante procesos de investigaci\u00f3n que buscan mimetizar el contenido, la diversidad y la funcionalidad de la leche materna.<\/strong><\/p>\n\n\n\n<p>Por \u00faltimo, Rodr\u00edguez comparti\u00f3 c\u00f3mo se est\u00e1 aplicando la <strong>inteligencia artificial en la investigaci\u00f3n y la innovaci\u00f3n en el mundo de la nutrici\u00f3n infantil <\/strong>para el <strong>monitorizaci\u00f3n de la salud digestiva de los beb\u00e9s y la pr\u00e1ctica cl\u00ednica del profesional sanitario<\/strong>.<\/p>\n\n\n\n<p>Para cerrar la conferencia, <strong>Oscar Llans\u00f3<\/strong>, vocal de Alimentaci\u00f3n y Nutrici\u00f3n del COFB, actualiz\u00f3 cu\u00e1les, seg\u00fan su experiencia, deben ser los <strong>elementos claves que debe tener una leche de f\u00f3rmula <\/strong>para poder utilizarla como <strong>dietoterapia<\/strong> por diferentes situaciones de salud como baja talla o problemas gastrointestinales como los c\u00f3licos o el estre\u00f1imiento<strong>.<\/strong><\/p>\n\n\n\n<figure class=\"wp-block-image size-large\"><a href=\"https:\/\/www.cofb.org\/wp-content\/uploads\/2025\/05\/COFB_LACTANCIA_09052025_4-scaled.jpg\" target=\"_blank\" rel=\"noreferrer noopener\"><img loading=\"lazy\" decoding=\"async\" width=\"1024\" height=\"771\" src=\"https:\/\/www.cofb.org\/wp-content\/uploads\/2025\/05\/COFB_LACTANCIA_09052025_4-1024x771.jpg\" alt=\"Oscar Llans\u00f3 en un moment de la seva intervenci\u00f3. \" class=\"wp-image-81243\" srcset=\"https:\/\/www.cofb.org\/wp-content\/uploads\/2025\/05\/COFB_LACTANCIA_09052025_4-1024x771.jpg 1024w, https:\/\/www.cofb.org\/wp-content\/uploads\/2025\/05\/COFB_LACTANCIA_09052025_4-300x226.jpg 300w, https:\/\/www.cofb.org\/wp-content\/uploads\/2025\/05\/COFB_LACTANCIA_09052025_4-768x578.jpg 768w, https:\/\/www.cofb.org\/wp-content\/uploads\/2025\/05\/COFB_LACTANCIA_09052025_4-1536x1157.jpg 1536w, https:\/\/www.cofb.org\/wp-content\/uploads\/2025\/05\/COFB_LACTANCIA_09052025_4-2048x1542.jpg 2048w, https:\/\/www.cofb.org\/wp-content\/uploads\/2025\/05\/COFB_LACTANCIA_09052025_4-16x12.jpg 16w\" sizes=\"(max-width: 1024px) 100vw, 1024px\" \/><\/a><figcaption class=\"wp-element-caption\">Oscar Llans\u00f3 en un momento de su intervenci\u00f3n. <\/figcaption><\/figure>\n\n\n\n<p>Sin embargo, el vocal record\u00f3 que las farmacias catalanas ofrecen <strong>Alletafarma<\/strong>, uno <strong>servicio de consejo profesional en lactancia materna<\/strong> para \u201cresolver dudas sobre la lactancia mediante: <strong>la creaci\u00f3n de la red de farmacias Alletafarma, fichas de apoyo a la lactancia materna, el registro de las actuaciones realizadas y encuestas de satisfacci\u00f3n a las usuarias<\/strong>\u201d.<\/p>\n\n\n\n<p class=\"has-text-align-right\"><strong>Con el patrocinio:<\/strong><\/p>\n\n\n\n<figure class=\"wp-block-image alignright size-large is-resized\"><a href=\"https:\/\/www.nutricia.es\/\" target=\"_blank\" rel=\"noreferrer noopener\"><img loading=\"lazy\" decoding=\"async\" width=\"1024\" height=\"208\" src=\"https:\/\/www.cofb.org\/wp-content\/uploads\/2025\/05\/DanoneNutricia_transparent-1024x208.png\" alt=\"\" class=\"wp-image-81237\" style=\"width:335px;height:auto\" srcset=\"https:\/\/www.cofb.org\/wp-content\/uploads\/2025\/05\/DanoneNutricia_transparent-1024x208.png 1024w, https:\/\/www.cofb.org\/wp-content\/uploads\/2025\/05\/DanoneNutricia_transparent-300x61.png 300w, https:\/\/www.cofb.org\/wp-content\/uploads\/2025\/05\/DanoneNutricia_transparent-768x156.png 768w, https:\/\/www.cofb.org\/wp-content\/uploads\/2025\/05\/DanoneNutricia_transparent-1536x313.png 1536w, https:\/\/www.cofb.org\/wp-content\/uploads\/2025\/05\/DanoneNutricia_transparent-2048x417.png 2048w, https:\/\/www.cofb.org\/wp-content\/uploads\/2025\/05\/DanoneNutricia_transparent-18x4.png 18w\" sizes=\"(max-width: 1024px) 100vw, 1024px\" \/><\/a><\/figure>\n\n\n\n<p><\/p>","protected":false},"excerpt":{"rendered":"<p>El pasado 27 de febrero, el Colegio de Farmac\u00e9uticos de Barcelona (COFB) organiz\u00f3 el Trending topics en nutrici\u00f3n \u201cLactancia materna y f\u00f3rmulas infantiles, \u00bfqu\u00e9 hay de nuevo?\u201d, con el patrocinio de Danone y Nutricia. La conferencia corri\u00f3 a cargo de Juan Miguel Rodr\u00edguez, catedr\u00e1tico del Departamento de [\u2026]<\/p>","protected":false},"author":3,"featured_media":81243,"comment_status":"closed","ping_status":"closed","sticky":false,"template":"","format":"standard","meta":{"_uag_custom_page_level_css":"","site-sidebar-layout":"default","site-content-layout":"","ast-site-content-layout":"default","site-content-style":"default","site-sidebar-style":"default","ast-global-header-display":"","ast-banner-title-visibility":"","ast-main-header-display":"","ast-hfb-above-header-display":"","ast-hfb-below-header-display":"","ast-hfb-mobile-header-display":"","site-post-title":"","ast-breadcrumbs-content":"","ast-featured-img":"disabled","footer-sml-layout":"","theme-transparent-header-meta":"","adv-header-id-meta":"","stick-header-meta":"","header-above-stick-meta":"","header-main-stick-meta":"","header-below-stick-meta":"","astra-migrate-meta-layouts":"set","ast-page-background-enabled":"default","ast-page-background-meta":{"desktop":{"background-color":"var(--ast-global-color-4)","background-image":"","background-repeat":"repeat","background-position":"center center","background-size":"auto","background-attachment":"scroll","background-type":"","background-media":"","overlay-type":"","overlay-color":"","overlay-opacity":"","overlay-gradient":""},"tablet":{"background-color":"","background-image":"","background-repeat":"repeat","background-position":"center center","background-size":"auto","background-attachment":"scroll","background-type":"","background-media":"","overlay-type":"","overlay-color":"","overlay-opacity":"","overlay-gradient":""},"mobile":{"background-color":"","background-image":"","background-repeat":"repeat","background-position":"center center","background-size":"auto","background-attachment":"scroll","background-type":"","background-media":"","overlay-type":"","overlay-color":"","overlay-opacity":"","overlay-gradient":""}},"ast-content-background-meta":{"desktop":{"background-color":"var(--ast-global-color-5)","background-image":"","background-repeat":"repeat","background-position":"center center","background-size":"auto","background-attachment":"scroll","background-type":"","background-media":"","overlay-type":"","overlay-color":"","overlay-opacity":"","overlay-gradient":""},"tablet":{"background-color":"var(--ast-global-color-5)","background-image":"","background-repeat":"repeat","background-position":"center center","background-size":"auto","background-attachment":"scroll","background-type":"","background-media":"","overlay-type":"","overlay-color":"","overlay-opacity":"","overlay-gradient":""},"mobile":{"background-color":"var(--ast-global-color-5)","background-image":"","background-repeat":"repeat","background-position":"center center","background-size":"auto","background-attachment":"scroll","background-type":"","background-media":"","overlay-type":"","overlay-color":"","overlay-opacity":"","overlay-gradient":""}},"footnotes":""},"categories":[23,57],"tags":[16,4715,64,69,3771,351,3930,2969,46,76,572,937],"class_list":["post-81235","post","type-post","status-publish","format-standard","has-post-thumbnail","hentry","category-destacats","category-mon-collegial","tag-alimentacio-i-nutricio","tag-alletafarma","tag-atencio-farmaceutica","tag-farmacia-comunitaria","tag-formules-infantils","tag-lactancia","tag-lactancia-materna","tag-llet-materna","tag-nutricio","tag-oficina-de-farmacia","tag-trending-topics","tag-trending-topics-en-nutricio"],"yoast_head":"<!-- This site is optimized with the Yoast SEO plugin v22.4 - https:\/\/yoast.com\/wordpress\/plugins\/seo\/ -->\n<title>Novetats en la lact\u00e0ncia materna i les f\u00f3rmules infantils. Nova sessi\u00f3 del cicle &quot;Trending Topics en nutrici\u00f3&quot; - Col\u00b7legi de Farmac\u00e8utics de Barcelona<\/title>\n<meta name=\"description\" content=\"El passat 27 de febrer, el COFB va organitzar el Trending topics en nutrici\u00f3 \u201cLact\u00e0ncia materna i f\u00f3rmules infantils, qu\u00e8 hi ha de nou?\u201d\" \/>\n<meta name=\"robots\" content=\"index, follow, max-snippet:-1, max-image-preview:large, max-video-preview:-1\" \/>\n<link rel=\"canonical\" href=\"https:\/\/www.cofb.org\/es\/2025\/04\/16\/novetats-en-la-lactancia-materna-i-les-formules-infantils-nova-sessio-del-cicle-trending-topics-en-nutricio\/\" \/>\n<meta property=\"og:locale\" content=\"es_ES\" \/>\n<meta property=\"og:type\" content=\"article\" \/>\n<meta property=\"og:title\" content=\"Novetats en la lact\u00e0ncia materna i les f\u00f3rmules infantils. Nova sessi\u00f3 del cicle &quot;Trending Topics en nutrici\u00f3&quot; - Col\u00b7legi de Farmac\u00e8utics de Barcelona\" \/>\n<meta property=\"og:description\" content=\"El passat 27 de febrer, el COFB va organitzar el Trending topics en nutrici\u00f3 \u201cLact\u00e0ncia materna i f\u00f3rmules infantils, qu\u00e8 hi ha de nou?\u201d\" \/>\n<meta property=\"og:url\" content=\"https:\/\/www.cofb.org\/es\/2025\/04\/16\/novetats-en-la-lactancia-materna-i-les-formules-infantils-nova-sessio-del-cicle-trending-topics-en-nutricio\/\" \/>\n<meta property=\"og:site_name\" content=\"Col\u00b7legi de Farmac\u00e8utics de Barcelona\" \/>\n<meta property=\"article:publisher\" content=\"https:\/\/www.facebook.com\/farmaceuticsbcn\/\" \/>\n<meta property=\"article:published_time\" content=\"2025-04-16T09:29:00+00:00\" \/>\n<meta property=\"article:modified_time\" content=\"2025-05-14T09:29:52+00:00\" \/>\n<meta property=\"og:image\" content=\"https:\/\/www.cofb.org\/wp-content\/uploads\/2025\/05\/COFB_LACTANCIA_09052025_4-scaled.jpg\" \/>\n\t<meta property=\"og:image:width\" content=\"2560\" \/>\n\t<meta property=\"og:image:height\" content=\"1928\" \/>\n\t<meta property=\"og:image:type\" content=\"image\/jpeg\" \/>\n<meta name=\"author\" content=\"Berta Mart\u00ednez\" \/>\n<meta name=\"twitter:card\" content=\"summary_large_image\" \/>\n<meta name=\"twitter:creator\" content=\"@farmaceuticsbcn\" \/>\n<meta name=\"twitter:site\" content=\"@farmaceuticsbcn\" \/>\n<meta name=\"twitter:label1\" content=\"Escrito por\" \/>\n\t<meta name=\"twitter:data1\" content=\"Berta Mart\u00ednez\" \/>\n\t<meta name=\"twitter:label2\" content=\"Tiempo de lectura\" \/>\n\t<meta name=\"twitter:data2\" content=\"6 minutos\" \/>\n<script type=\"application\/ld+json\" class=\"yoast-schema-graph\">{\"@context\":\"https:\/\/schema.org\",\"@graph\":[{\"@type\":\"Article\",\"@id\":\"https:\/\/www.cofb.org\/2025\/04\/16\/novetats-en-la-lactancia-materna-i-les-formules-infantils-nova-sessio-del-cicle-trending-topics-en-nutricio\/#article\",\"isPartOf\":{\"@id\":\"https:\/\/www.cofb.org\/2025\/04\/16\/novetats-en-la-lactancia-materna-i-les-formules-infantils-nova-sessio-del-cicle-trending-topics-en-nutricio\/\"},\"author\":{\"name\":\"Berta Mart\u00ednez\",\"@id\":\"https:\/\/www.cofb.org\/#\/schema\/person\/f32de3b41b812c85ff923cb4cc849063\"},\"headline\":\"Novetats en la lact\u00e0ncia materna i les f\u00f3rmules infantils. Nova sessi\u00f3 del cicle &#8220;Trending Topics en nutrici\u00f3&#8221;\",\"datePublished\":\"2025-04-16T09:29:00+00:00\",\"dateModified\":\"2025-05-14T09:29:52+00:00\",\"mainEntityOfPage\":{\"@id\":\"https:\/\/www.cofb.org\/2025\/04\/16\/novetats-en-la-lactancia-materna-i-les-formules-infantils-nova-sessio-del-cicle-trending-topics-en-nutricio\/\"},\"wordCount\":927,\"publisher\":{\"@id\":\"https:\/\/www.cofb.org\/#organization\"},\"image\":{\"@id\":\"https:\/\/www.cofb.org\/2025\/04\/16\/novetats-en-la-lactancia-materna-i-les-formules-infantils-nova-sessio-del-cicle-trending-topics-en-nutricio\/#primaryimage\"},\"thumbnailUrl\":\"https:\/\/www.cofb.org\/wp-content\/uploads\/2025\/05\/COFB_LACTANCIA_09052025_4-scaled.jpg\",\"keywords\":[\"Alimentaci\u00f3 i nutrici\u00f3\",\"Alletafarma\",\"Atenci\u00f3 farmac\u00e8utica\",\"farm\u00e0cia comunit\u00e0ria\",\"f\u00f3rmules infantils\",\"lact\u00e0ncia\",\"lact\u00e0ncia materna\",\"llet materna\",\"Nutrici\u00f3\",\"Oficina de farm\u00e0cia\",\"trending topics\",\"Trending topics en nutrici\u00f3\"],\"articleSection\":[\"Destacats\",\"M\u00f3n col\u00b7legial\"],\"inLanguage\":\"es\"},{\"@type\":\"WebPage\",\"@id\":\"https:\/\/www.cofb.org\/2025\/04\/16\/novetats-en-la-lactancia-materna-i-les-formules-infantils-nova-sessio-del-cicle-trending-topics-en-nutricio\/\",\"url\":\"https:\/\/www.cofb.org\/2025\/04\/16\/novetats-en-la-lactancia-materna-i-les-formules-infantils-nova-sessio-del-cicle-trending-topics-en-nutricio\/\",\"name\":\"Novetats en la lact\u00e0ncia materna i les f\u00f3rmules infantils. Nova sessi\u00f3 del cicle \\\"Trending Topics en nutrici\u00f3\\\" - Col\u00b7legi de Farmac\u00e8utics de Barcelona\",\"isPartOf\":{\"@id\":\"https:\/\/www.cofb.org\/#website\"},\"primaryImageOfPage\":{\"@id\":\"https:\/\/www.cofb.org\/2025\/04\/16\/novetats-en-la-lactancia-materna-i-les-formules-infantils-nova-sessio-del-cicle-trending-topics-en-nutricio\/#primaryimage\"},\"image\":{\"@id\":\"https:\/\/www.cofb.org\/2025\/04\/16\/novetats-en-la-lactancia-materna-i-les-formules-infantils-nova-sessio-del-cicle-trending-topics-en-nutricio\/#primaryimage\"},\"thumbnailUrl\":\"https:\/\/www.cofb.org\/wp-content\/uploads\/2025\/05\/COFB_LACTANCIA_09052025_4-scaled.jpg\",\"datePublished\":\"2025-04-16T09:29:00+00:00\",\"dateModified\":\"2025-05-14T09:29:52+00:00\",\"description\":\"El passat 27 de febrer, el COFB va organitzar el Trending topics en nutrici\u00f3 \u201cLact\u00e0ncia materna i f\u00f3rmules infantils, qu\u00e8 hi ha de nou?\u201d\",\"breadcrumb\":{\"@id\":\"https:\/\/www.cofb.org\/2025\/04\/16\/novetats-en-la-lactancia-materna-i-les-formules-infantils-nova-sessio-del-cicle-trending-topics-en-nutricio\/#breadcrumb\"},\"inLanguage\":\"es\",\"potentialAction\":[{\"@type\":\"ReadAction\",\"target\":[\"https:\/\/www.cofb.org\/2025\/04\/16\/novetats-en-la-lactancia-materna-i-les-formules-infantils-nova-sessio-del-cicle-trending-topics-en-nutricio\/\"]}]},{\"@type\":\"ImageObject\",\"inLanguage\":\"es\",\"@id\":\"https:\/\/www.cofb.org\/2025\/04\/16\/novetats-en-la-lactancia-materna-i-les-formules-infantils-nova-sessio-del-cicle-trending-topics-en-nutricio\/#primaryimage\",\"url\":\"https:\/\/www.cofb.org\/wp-content\/uploads\/2025\/05\/COFB_LACTANCIA_09052025_4-scaled.jpg\",\"contentUrl\":\"https:\/\/www.cofb.org\/wp-content\/uploads\/2025\/05\/COFB_LACTANCIA_09052025_4-scaled.jpg\",\"width\":2560,\"height\":1928,\"caption\":\"Oscar Llans\u00f3 en un moment de la seva intervenci\u00f3.\"},{\"@type\":\"BreadcrumbList\",\"@id\":\"https:\/\/www.cofb.org\/2025\/04\/16\/novetats-en-la-lactancia-materna-i-les-formules-infantils-nova-sessio-del-cicle-trending-topics-en-nutricio\/#breadcrumb\",\"itemListElement\":[{\"@type\":\"ListItem\",\"position\":1,\"name\":\"Inici\",\"item\":\"https:\/\/novaorg.cofb.net\/\"},{\"@type\":\"ListItem\",\"position\":2,\"name\":\"Novetats en la lact\u00e0ncia materna i les f\u00f3rmules infantils. Nova sessi\u00f3 del cicle &#8220;Trending Topics en nutrici\u00f3&#8221;\"}]},{\"@type\":\"WebSite\",\"@id\":\"https:\/\/www.cofb.org\/#website\",\"url\":\"https:\/\/www.cofb.org\/\",\"name\":\"Col\u00b7legi de Farmac\u00e8utics de Barcelona\",\"description\":\"\",\"publisher\":{\"@id\":\"https:\/\/www.cofb.org\/#organization\"},\"potentialAction\":[{\"@type\":\"SearchAction\",\"target\":{\"@type\":\"EntryPoint\",\"urlTemplate\":\"https:\/\/www.cofb.org\/?s={search_term_string}\"},\"query-input\":\"required name=search_term_string\"}],\"inLanguage\":\"es\"},{\"@type\":\"Organization\",\"@id\":\"https:\/\/www.cofb.org\/#organization\",\"name\":\"Col\u00b7legi de Farmac\u00e8utics de Barcelona\",\"url\":\"https:\/\/www.cofb.org\/\",\"logo\":{\"@type\":\"ImageObject\",\"inLanguage\":\"es\",\"@id\":\"https:\/\/www.cofb.org\/#\/schema\/logo\/image\/\",\"url\":\"https:\/\/www.cofb.org\/wp-content\/uploads\/2023\/11\/cropped-Logotip-COFB.png\",\"contentUrl\":\"https:\/\/www.cofb.org\/wp-content\/uploads\/2023\/11\/cropped-Logotip-COFB.png\",\"width\":500,\"height\":105,\"caption\":\"Col\u00b7legi de Farmac\u00e8utics de Barcelona\"},\"image\":{\"@id\":\"https:\/\/www.cofb.org\/#\/schema\/logo\/image\/\"},\"sameAs\":[\"https:\/\/www.facebook.com\/farmaceuticsbcn\/\",\"https:\/\/twitter.com\/farmaceuticsbcn\",\"https:\/\/www.instagram.com\/farmaceuticsbcn\/\",\"https:\/\/www.linkedin.com\/company\/farmaceuticsbcn\/\"]},{\"@type\":\"Person\",\"@id\":\"https:\/\/www.cofb.org\/#\/schema\/person\/f32de3b41b812c85ff923cb4cc849063\",\"name\":\"Berta Mart\u00ednez\",\"image\":{\"@type\":\"ImageObject\",\"inLanguage\":\"es\",\"@id\":\"https:\/\/www.cofb.org\/#\/schema\/person\/image\/\",\"url\":\"https:\/\/secure.gravatar.com\/avatar\/d4c584dab5da1ee9e3c3df161c0aabec7075cc8211cd46ffc79bfe177aa78b01?s=96&d=mm&r=g\",\"contentUrl\":\"https:\/\/secure.gravatar.com\/avatar\/d4c584dab5da1ee9e3c3df161c0aabec7075cc8211cd46ffc79bfe177aa78b01?s=96&d=mm&r=g\",\"caption\":\"Berta Mart\u00ednez\"},\"url\":\"https:\/\/www.cofb.org\/es\/author\/bmartinez\/\"}]}<\/script>\n<!-- \/ Yoast SEO plugin. -->","yoast_head_json":{"title":"Novetats en la lact\u00e0ncia materna i les f\u00f3rmules infantils. Nova sessi\u00f3 del cicle \"Trending Topics en nutrici\u00f3\" - Col\u00b7legi de Farmac\u00e8utics de Barcelona","description":"El passat 27 de febrer, el COFB va organitzar el Trending topics en nutrici\u00f3 \u201cLact\u00e0ncia materna i f\u00f3rmules infantils, qu\u00e8 hi ha de nou?\u201d","robots":{"index":"index","follow":"follow","max-snippet":"max-snippet:-1","max-image-preview":"max-image-preview:large","max-video-preview":"max-video-preview:-1"},"canonical":"https:\/\/www.cofb.org\/es\/2025\/04\/16\/novetats-en-la-lactancia-materna-i-les-formules-infantils-nova-sessio-del-cicle-trending-topics-en-nutricio\/","og_locale":"es_ES","og_type":"article","og_title":"Novetats en la lact\u00e0ncia materna i les f\u00f3rmules infantils. Nova sessi\u00f3 del cicle \"Trending Topics en nutrici\u00f3\" - Col\u00b7legi de Farmac\u00e8utics de Barcelona","og_description":"El passat 27 de febrer, el COFB va organitzar el Trending topics en nutrici\u00f3 \u201cLact\u00e0ncia materna i f\u00f3rmules infantils, qu\u00e8 hi ha de nou?\u201d","og_url":"https:\/\/www.cofb.org\/es\/2025\/04\/16\/novetats-en-la-lactancia-materna-i-les-formules-infantils-nova-sessio-del-cicle-trending-topics-en-nutricio\/","og_site_name":"Col\u00b7legi de Farmac\u00e8utics de Barcelona","article_publisher":"https:\/\/www.facebook.com\/farmaceuticsbcn\/","article_published_time":"2025-04-16T09:29:00+00:00","article_modified_time":"2025-05-14T09:29:52+00:00","og_image":[{"width":2560,"height":1928,"url":"https:\/\/www.cofb.org\/wp-content\/uploads\/2025\/05\/COFB_LACTANCIA_09052025_4-scaled.jpg","type":"image\/jpeg"}],"author":"Berta Mart\u00ednez","twitter_card":"summary_large_image","twitter_creator":"@farmaceuticsbcn","twitter_site":"@farmaceuticsbcn","twitter_misc":{"Escrito por":"Berta Mart\u00ednez","Tiempo de lectura":"6 minutos"},"schema":{"@context":"https:\/\/schema.org","@graph":[{"@type":"Article","@id":"https:\/\/www.cofb.org\/2025\/04\/16\/novetats-en-la-lactancia-materna-i-les-formules-infantils-nova-sessio-del-cicle-trending-topics-en-nutricio\/#article","isPartOf":{"@id":"https:\/\/www.cofb.org\/2025\/04\/16\/novetats-en-la-lactancia-materna-i-les-formules-infantils-nova-sessio-del-cicle-trending-topics-en-nutricio\/"},"author":{"name":"Berta Mart\u00ednez","@id":"https:\/\/www.cofb.org\/#\/schema\/person\/f32de3b41b812c85ff923cb4cc849063"},"headline":"Novetats en la lact\u00e0ncia materna i les f\u00f3rmules infantils. Nova sessi\u00f3 del cicle &#8220;Trending Topics en nutrici\u00f3&#8221;","datePublished":"2025-04-16T09:29:00+00:00","dateModified":"2025-05-14T09:29:52+00:00","mainEntityOfPage":{"@id":"https:\/\/www.cofb.org\/2025\/04\/16\/novetats-en-la-lactancia-materna-i-les-formules-infantils-nova-sessio-del-cicle-trending-topics-en-nutricio\/"},"wordCount":927,"publisher":{"@id":"https:\/\/www.cofb.org\/#organization"},"image":{"@id":"https:\/\/www.cofb.org\/2025\/04\/16\/novetats-en-la-lactancia-materna-i-les-formules-infantils-nova-sessio-del-cicle-trending-topics-en-nutricio\/#primaryimage"},"thumbnailUrl":"https:\/\/www.cofb.org\/wp-content\/uploads\/2025\/05\/COFB_LACTANCIA_09052025_4-scaled.jpg","keywords":["Alimentaci\u00f3 i nutrici\u00f3","Alletafarma","Atenci\u00f3 farmac\u00e8utica","farm\u00e0cia comunit\u00e0ria","f\u00f3rmules infantils","lact\u00e0ncia","lact\u00e0ncia materna","llet materna","Nutrici\u00f3","Oficina de farm\u00e0cia","trending topics","Trending topics en nutrici\u00f3"],"articleSection":["Destacats","M\u00f3n col\u00b7legial"],"inLanguage":"es"},{"@type":"WebPage","@id":"https:\/\/www.cofb.org\/2025\/04\/16\/novetats-en-la-lactancia-materna-i-les-formules-infantils-nova-sessio-del-cicle-trending-topics-en-nutricio\/","url":"https:\/\/www.cofb.org\/2025\/04\/16\/novetats-en-la-lactancia-materna-i-les-formules-infantils-nova-sessio-del-cicle-trending-topics-en-nutricio\/","name":"Novetats en la lact\u00e0ncia materna i les f\u00f3rmules infantils. Nova sessi\u00f3 del cicle \"Trending Topics en nutrici\u00f3\" - Col\u00b7legi de Farmac\u00e8utics de Barcelona","isPartOf":{"@id":"https:\/\/www.cofb.org\/#website"},"primaryImageOfPage":{"@id":"https:\/\/www.cofb.org\/2025\/04\/16\/novetats-en-la-lactancia-materna-i-les-formules-infantils-nova-sessio-del-cicle-trending-topics-en-nutricio\/#primaryimage"},"image":{"@id":"https:\/\/www.cofb.org\/2025\/04\/16\/novetats-en-la-lactancia-materna-i-les-formules-infantils-nova-sessio-del-cicle-trending-topics-en-nutricio\/#primaryimage"},"thumbnailUrl":"https:\/\/www.cofb.org\/wp-content\/uploads\/2025\/05\/COFB_LACTANCIA_09052025_4-scaled.jpg","datePublished":"2025-04-16T09:29:00+00:00","dateModified":"2025-05-14T09:29:52+00:00","description":"El passat 27 de febrer, el COFB va organitzar el Trending topics en nutrici\u00f3 \u201cLact\u00e0ncia materna i f\u00f3rmules infantils, qu\u00e8 hi ha de nou?\u201d","breadcrumb":{"@id":"https:\/\/www.cofb.org\/2025\/04\/16\/novetats-en-la-lactancia-materna-i-les-formules-infantils-nova-sessio-del-cicle-trending-topics-en-nutricio\/#breadcrumb"},"inLanguage":"es","potentialAction":[{"@type":"ReadAction","target":["https:\/\/www.cofb.org\/2025\/04\/16\/novetats-en-la-lactancia-materna-i-les-formules-infantils-nova-sessio-del-cicle-trending-topics-en-nutricio\/"]}]},{"@type":"ImageObject","inLanguage":"es","@id":"https:\/\/www.cofb.org\/2025\/04\/16\/novetats-en-la-lactancia-materna-i-les-formules-infantils-nova-sessio-del-cicle-trending-topics-en-nutricio\/#primaryimage","url":"https:\/\/www.cofb.org\/wp-content\/uploads\/2025\/05\/COFB_LACTANCIA_09052025_4-scaled.jpg","contentUrl":"https:\/\/www.cofb.org\/wp-content\/uploads\/2025\/05\/COFB_LACTANCIA_09052025_4-scaled.jpg","width":2560,"height":1928,"caption":"Oscar Llans\u00f3 en un moment de la seva intervenci\u00f3."},{"@type":"BreadcrumbList","@id":"https:\/\/www.cofb.org\/2025\/04\/16\/novetats-en-la-lactancia-materna-i-les-formules-infantils-nova-sessio-del-cicle-trending-topics-en-nutricio\/#breadcrumb","itemListElement":[{"@type":"ListItem","position":1,"name":"Inici","item":"https:\/\/novaorg.cofb.net\/"},{"@type":"ListItem","position":2,"name":"Novetats en la lact\u00e0ncia materna i les f\u00f3rmules infantils. Nova sessi\u00f3 del cicle &#8220;Trending Topics en nutrici\u00f3&#8221;"}]},{"@type":"WebSite","@id":"https:\/\/www.cofb.org\/#website","url":"https:\/\/www.cofb.org\/","name":"Col\u00b7legi de Farmac\u00e8utics de Barcelona","description":"","publisher":{"@id":"https:\/\/www.cofb.org\/#organization"},"potentialAction":[{"@type":"SearchAction","target":{"@type":"EntryPoint","urlTemplate":"https:\/\/www.cofb.org\/?s={search_term_string}"},"query-input":"required name=search_term_string"}],"inLanguage":"es"},{"@type":"Organization","@id":"https:\/\/www.cofb.org\/#organization","name":"Col\u00b7legi de Farmac\u00e8utics de Barcelona","url":"https:\/\/www.cofb.org\/","logo":{"@type":"ImageObject","inLanguage":"es","@id":"https:\/\/www.cofb.org\/#\/schema\/logo\/image\/","url":"https:\/\/www.cofb.org\/wp-content\/uploads\/2023\/11\/cropped-Logotip-COFB.png","contentUrl":"https:\/\/www.cofb.org\/wp-content\/uploads\/2023\/11\/cropped-Logotip-COFB.png","width":500,"height":105,"caption":"Col\u00b7legi de Farmac\u00e8utics de Barcelona"},"image":{"@id":"https:\/\/www.cofb.org\/#\/schema\/logo\/image\/"},"sameAs":["https:\/\/www.facebook.com\/farmaceuticsbcn\/","https:\/\/twitter.com\/farmaceuticsbcn","https:\/\/www.instagram.com\/farmaceuticsbcn\/","https:\/\/www.linkedin.com\/company\/farmaceuticsbcn\/"]},{"@type":"Person","@id":"https:\/\/www.cofb.org\/#\/schema\/person\/f32de3b41b812c85ff923cb4cc849063","name":"Berta Mart\u00ednez","image":{"@type":"ImageObject","inLanguage":"es","@id":"https:\/\/www.cofb.org\/#\/schema\/person\/image\/","url":"https:\/\/secure.gravatar.com\/avatar\/d4c584dab5da1ee9e3c3df161c0aabec7075cc8211cd46ffc79bfe177aa78b01?s=96&d=mm&r=g","contentUrl":"https:\/\/secure.gravatar.com\/avatar\/d4c584dab5da1ee9e3c3df161c0aabec7075cc8211cd46ffc79bfe177aa78b01?s=96&d=mm&r=g","caption":"Berta Mart\u00ednez"},"url":"https:\/\/www.cofb.org\/es\/author\/bmartinez\/"}]}},"uagb_featured_image_src":{"full":["https:\/\/www.cofb.org\/wp-content\/uploads\/2025\/05\/COFB_LACTANCIA_09052025_4-scaled.jpg",2560,1928,false],"thumbnail":["https:\/\/www.cofb.org\/wp-content\/uploads\/2025\/05\/COFB_LACTANCIA_09052025_4-150x150.jpg",150,150,true],"medium":["https:\/\/www.cofb.org\/wp-content\/uploads\/2025\/05\/COFB_LACTANCIA_09052025_4-300x226.jpg",300,226,true],"medium_large":["https:\/\/www.cofb.org\/wp-content\/uploads\/2025\/05\/COFB_LACTANCIA_09052025_4-768x578.jpg",768,578,true],"large":["https:\/\/www.cofb.org\/wp-content\/uploads\/2025\/05\/COFB_LACTANCIA_09052025_4-1024x771.jpg",1024,771,true],"1536x1536":["https:\/\/www.cofb.org\/wp-content\/uploads\/2025\/05\/COFB_LACTANCIA_09052025_4-1536x1157.jpg",1536,1157,true],"2048x2048":["https:\/\/www.cofb.org\/wp-content\/uploads\/2025\/05\/COFB_LACTANCIA_09052025_4-2048x1542.jpg",2048,1542,true],"trp-custom-language-flag":["https:\/\/www.cofb.org\/wp-content\/uploads\/2025\/05\/COFB_LACTANCIA_09052025_4-16x12.jpg",16,12,true]},"uagb_author_info":{"display_name":"Berta Mart\u00ednez","author_link":"https:\/\/www.cofb.org\/es\/author\/bmartinez\/"},"uagb_comment_info":0,"uagb_excerpt":"El passat 27 de febrer, el Col\u00b7legi de Farmac\u00e8utics de Barcelona (COFB) va organitzar el Trending topics en nutrici\u00f3 \u201cLact\u00e0ncia materna i f\u00f3rmules infantils, qu\u00e8 hi ha de nou?\u201d, amb el patrocini de Danone i Nutricia. La confer\u00e8ncia va anar a c\u00e0rrec de Juan Miguel Rodr\u00edguez, catedr\u00e0tic del Departament de [&hellip;]","_links":{"self":[{"href":"https:\/\/www.cofb.org\/es\/wp-json\/wp\/v2\/posts\/81235","targetHints":{"allow":["GET"]}}],"collection":[{"href":"https:\/\/www.cofb.org\/es\/wp-json\/wp\/v2\/posts"}],"about":[{"href":"https:\/\/www.cofb.org\/es\/wp-json\/wp\/v2\/types\/post"}],"author":[{"embeddable":true,"href":"https:\/\/www.cofb.org\/es\/wp-json\/wp\/v2\/users\/3"}],"replies":[{"embeddable":true,"href":"https:\/\/www.cofb.org\/es\/wp-json\/wp\/v2\/comments?post=81235"}],"version-history":[{"count":11,"href":"https:\/\/www.cofb.org\/es\/wp-json\/wp\/v2\/posts\/81235\/revisions"}],"predecessor-version":[{"id":81253,"href":"https:\/\/www.cofb.org\/es\/wp-json\/wp\/v2\/posts\/81235\/revisions\/81253"}],"wp:featuredmedia":[{"embeddable":true,"href":"https:\/\/www.cofb.org\/es\/wp-json\/wp\/v2\/media\/81243"}],"wp:attachment":[{"href":"https:\/\/www.cofb.org\/es\/wp-json\/wp\/v2\/media?parent=81235"}],"wp:term":[{"taxonomy":"category","embeddable":true,"href":"https:\/\/www.cofb.org\/es\/wp-json\/wp\/v2\/categories?post=81235"},{"taxonomy":"post_tag","embeddable":true,"href":"https:\/\/www.cofb.org\/es\/wp-json\/wp\/v2\/tags?post=81235"}],"curies":[{"name":"wp","href":"https:\/\/api.w.org\/{rel}","templated":true}]}}