{"id":81130,"date":"2025-04-09T15:19:19","date_gmt":"2025-04-09T15:19:19","guid":{"rendered":"https:\/\/www.cofb.org\/?p=81130"},"modified":"2025-04-09T15:19:19","modified_gmt":"2025-04-09T15:19:19","slug":"mes-farmacia-i-mes-salut-a-infarma-barcelona-2025","status":"publish","type":"post","link":"https:\/\/www.cofb.org\/es\/2025\/04\/09\/mes-farmacia-i-mes-salut-a-infarma-barcelona-2025\/","title":{"rendered":"M\u00e1s farmacia y m\u00e1s salud en Infarma Barcelona 2025"},"content":{"rendered":"<h4 class=\"wp-block-heading\"><strong>Art\u00edculo de N\u00faria Bosch, directora del Congreso de Infarma Barcelona 2025 y vicepresidenta del Colegio de Farmac\u00e9uticos de Barcelona (COFB)<\/strong><\/h4>\n\n\n\n<div class=\"destacat-blog\">\n\n\n\n<blockquote class=\"wp-block-quote is-layout-flow wp-block-quote-is-layout-flow\">\n<p><strong>\u201cBajo el lema \u201cM\u00e1s Farmacia. M\u00e1s Salud\u201d, Infarma Barcelona 2025 pasar\u00e1 a la historia como una de las ediciones con mayor interacci\u00f3n, innovaci\u00f3n y sostenibilidad, centrada en mejorar la salud de las personas\u201d.<\/strong><\/p>\n<\/blockquote>\n\n\n\n<\/div>\n\n\n\n<p><\/p>\n\n\n\n<p><a href=\"https:\/\/www.infarma.es\/\" target=\"_blank\" rel=\"noreferrer noopener\"><strong>Infarma Barcelona 2025<\/strong><\/a>, el Congreso Europeo de Oficina de Farmacia, ha cerrado su<strong> 35a edici\u00f3n<\/strong> consolid\u00e1ndose como el<strong>evento de referencia para los profesionales del sector farmac\u00e9utico<\/strong>. Con m\u00e1s de <strong>21.500 asistentes \u00fanicos por d\u00eda, <\/strong>de los que m\u00e1s de <strong>6.000 han sido congresistas<\/strong> -el doble que en la edici\u00f3n de 2023 en Barcelona-, este a\u00f1o ha superado todas las expectativas de participaci\u00f3n.<\/p>\n\n\n\n<p>Bajo el <strong>lema &quot;M\u00e1s Farmacia. M\u00e1s Salud&quot;<\/strong>, pasar\u00e1 a la historia como una de las <strong>ediciones con mayor interacci\u00f3n, innovaci\u00f3n y sostenibilidad<\/strong>, centrada en mejorar la salud de las personas. Y en el marco Infarma,<strong> se ha puesto en valor el potencial asistencial de los farmac\u00e9uticos y farmac\u00e9uticas y la red de farmacias distribuidas por todo el territorio<\/strong>.<\/p>\n\n\n\n<figure class=\"wp-block-image size-large\"><a href=\"https:\/\/www.cofb.org\/wp-content\/uploads\/2025\/04\/COFB_INFARMA_CLAUSURA_09042025.jpg\" target=\"_blank\" rel=\"noreferrer noopener\"><img fetchpriority=\"high\" decoding=\"async\" width=\"1024\" height=\"642\" src=\"https:\/\/www.cofb.org\/wp-content\/uploads\/2025\/04\/COFB_INFARMA_CLAUSURA_09042025-1024x642.jpg\" alt=\"N\u00faria Bosch en un moment de la inauguraci\u00f3 d'Infarma Barcelona 2025.\" class=\"wp-image-81133\" srcset=\"https:\/\/www.cofb.org\/wp-content\/uploads\/2025\/04\/COFB_INFARMA_CLAUSURA_09042025-1024x642.jpg 1024w, https:\/\/www.cofb.org\/wp-content\/uploads\/2025\/04\/COFB_INFARMA_CLAUSURA_09042025-300x188.jpg 300w, https:\/\/www.cofb.org\/wp-content\/uploads\/2025\/04\/COFB_INFARMA_CLAUSURA_09042025-768x482.jpg 768w, https:\/\/www.cofb.org\/wp-content\/uploads\/2025\/04\/COFB_INFARMA_CLAUSURA_09042025-1536x963.jpg 1536w, https:\/\/www.cofb.org\/wp-content\/uploads\/2025\/04\/COFB_INFARMA_CLAUSURA_09042025-2048x1284.jpg 2048w, https:\/\/www.cofb.org\/wp-content\/uploads\/2025\/04\/COFB_INFARMA_CLAUSURA_09042025-18x12.jpg 18w\" sizes=\"(max-width: 1024px) 100vw, 1024px\" \/><\/a><figcaption class=\"wp-element-caption\">N\u00faria Bosch en un momento de la inauguraci\u00f3n de Infarma Barcelona 2025.<\/figcaption><\/figure>\n\n\n\n<p>En este sentido, se ha presentado en primicia <strong>la app \u201cMi Farmacia\u201d<\/strong>, del Consejo de Colegios de Farmac\u00e9uticos de Catalu\u00f1a. Se trata de una herramienta innovadora de las farmacias catalanas que permite la conexi\u00f3n y comunicaci\u00f3n digital entre farmac\u00e9uticos y pacientes. Concretamente, facilita el acceso al historial farmacoterap\u00e9utico; la consulta de los datos de salud de los usuarios registrados en la farmacia, como es el caso de la tensi\u00f3n arterial; y posibilita la interconexi\u00f3n de datos sanitarios con el Sistema de Salud.<\/p>\n\n\n\n<p>Adem\u00e1s, durante la inauguraci\u00f3n, la consejera de Salud de la Generalitat de Catalunya, <strong>Olga Pan\u00e9<\/strong>, va<strong> destacar que las farmacias y sus profesionales, por su accesibilidad, proximidad y distribuci\u00f3n, son un bien muy preciado y un instrumento sanitario de gran utilidad<\/strong>. Asimismo, remarc\u00f3 la importancia de la coordinaci\u00f3n entre los distintos agentes sanitarios para poder hacer frente a los retos de salud.<\/p>\n\n\n\n<p>Han sido tres d\u00edas intensos, del 25 al 27 de marzo, donde se han llevado a cabo m\u00e1s de <strong>50 conferencias con m\u00e1s de 100 ponentes de primer nivel<\/strong>, que han abordado <strong>temas clave para el presente y futuro de la profesi\u00f3n<\/strong>. Algunos de estos temas han sido el papel de la farmacia en la salud animal, la revoluci\u00f3n de los medicamentos para p\u00e9rdida de peso, los nuevos desaf\u00edos en salud mental relacionados con la imagen corporal, as\u00ed como el impacto de la cronobiolog\u00eda y la gen\u00e9tica en los tratamientos.<\/p>\n\n\n\n<p>Se han analizado estrategias para liderar y retener el talento profesional, la importancia de la comunicaci\u00f3n de impacto y la gesti\u00f3n de las emociones en el trabajo en equipo. Y destacar, tambi\u00e9n, que se ha profundizado en c\u00f3mo la tecnolog\u00eda y la inteligencia artificial modificar\u00e1 el sector de salud en los pr\u00f3ximos a\u00f1os, una gran oportunidad y un gran reto que nos ayudar\u00e1, sin duda, a fortalecer el Sistema de Salud.<\/p>\n\n\n\n<p>Con todo ello, el \u00e9xito de este a\u00f1o sienta las bases para continuar evolucionando la pr\u00f3xima edici\u00f3n que se celebrar\u00e1 en <strong>Madrid en 2026<\/strong>. Y evidencia, una vez m\u00e1s, la implicaci\u00f3n del sector farmac\u00e9utico y la oficina de farmacia en la innovaci\u00f3n y promoci\u00f3n de la salud de las personas.<\/p>\n\n\n\n<p>Art\u00edculo originalmente\u00a0<strong>publicado en el blog del\u00a0<a href=\"https:\/\/cercledesalut.cat\/bloc\/mes-farmacia-i-mes-salut-a-infarma-barcelona-2025\/\" target=\"_blank\" rel=\"noreferrer noopener\">C\u00edrculo de Salud<\/a>,\u00a0<\/strong>el 9 de abril de 2025.<a href=\"https:\/\/www.facebook.com\/sharer.php?u=https%3A%2F%2Fwww.cofb.org%2Fca%2F2025%2F02%2F04%2Fel-compromis-de-la-professio-farmaceutica-amb-la-salut-de-les-persones-i-el-futur-del-sistema-sanitari%2F\" target=\"_blank\" rel=\"noreferrer noopener\"><\/a><a href=\"https:\/\/www.facebook.com\/sharer.php?u=https%3A%2F%2Fwww.cofb.org%2Fca%2F2025%2F02%2F04%2Fel-compromis-de-la-professio-farmaceutica-amb-la-salut-de-les-persones-i-el-futur-del-sistema-sanitari%2F\" target=\"_blank\" rel=\"noreferrer noopener\"><\/a><\/p>","protected":false},"excerpt":{"rendered":"<p>Art\u00edculo de N\u00faria Bosch, directora del Congreso de Infarma Barcelona 2025 y vicepresidenta del Colegio de Farmac\u00e9uticos de Barcelona (COFB) \u201cBajo el lema \u201cM\u00e1s Farmacia. M\u00e1s Salud\u201d, Infarma Barcelona 2025 pasar\u00e1 a la historia como una de las ediciones con mayor interacci\u00f3n, innovaci\u00f3n y sostenibilidad, centrada en mejorar la salud de [\u2026]<\/p>","protected":false},"author":3,"featured_media":81133,"comment_status":"closed","ping_status":"closed","sticky":false,"template":"","format":"standard","meta":{"_uag_custom_page_level_css":"","site-sidebar-layout":"default","site-content-layout":"","ast-site-content-layout":"default","site-content-style":"default","site-sidebar-style":"default","ast-global-header-display":"","ast-banner-title-visibility":"","ast-main-header-display":"","ast-hfb-above-header-display":"","ast-hfb-below-header-display":"","ast-hfb-mobile-header-display":"","site-post-title":"","ast-breadcrumbs-content":"","ast-featured-img":"disabled","footer-sml-layout":"","theme-transparent-header-meta":"","adv-header-id-meta":"","stick-header-meta":"","header-above-stick-meta":"","header-main-stick-meta":"","header-below-stick-meta":"","astra-migrate-meta-layouts":"set","ast-page-background-enabled":"default","ast-page-background-meta":{"desktop":{"background-color":"var(--ast-global-color-4)","background-image":"","background-repeat":"repeat","background-position":"center center","background-size":"auto","background-attachment":"scroll","background-type":"","background-media":"","overlay-type":"","overlay-color":"","overlay-opacity":"","overlay-gradient":""},"tablet":{"background-color":"","background-image":"","background-repeat":"repeat","background-position":"center center","background-size":"auto","background-attachment":"scroll","background-type":"","background-media":"","overlay-type":"","overlay-color":"","overlay-opacity":"","overlay-gradient":""},"mobile":{"background-color":"","background-image":"","background-repeat":"repeat","background-position":"center center","background-size":"auto","background-attachment":"scroll","background-type":"","background-media":"","overlay-type":"","overlay-color":"","overlay-opacity":"","overlay-gradient":""}},"ast-content-background-meta":{"desktop":{"background-color":"var(--ast-global-color-5)","background-image":"","background-repeat":"repeat","background-position":"center center","background-size":"auto","background-attachment":"scroll","background-type":"","background-media":"","overlay-type":"","overlay-color":"","overlay-opacity":"","overlay-gradient":""},"tablet":{"background-color":"var(--ast-global-color-5)","background-image":"","background-repeat":"repeat","background-position":"center center","background-size":"auto","background-attachment":"scroll","background-type":"","background-media":"","overlay-type":"","overlay-color":"","overlay-opacity":"","overlay-gradient":""},"mobile":{"background-color":"var(--ast-global-color-5)","background-image":"","background-repeat":"repeat","background-position":"center center","background-size":"auto","background-attachment":"scroll","background-type":"","background-media":"","overlay-type":"","overlay-color":"","overlay-opacity":"","overlay-gradient":""}},"footnotes":""},"categories":[23,489],"tags":[5046,18,3015,4924,3989,28,5116,5047,575,5329,4718,5327,5328,5330,4106,117,97],"class_list":["post-81130","post","type-post","status-publish","format-standard","has-post-thumbnail","hentry","category-destacats","category-opinions-del-collegi","tag-35a-edicio","tag-cofb","tag-collegi-de-farmaceutics","tag-collegi-de-farmaceutics-de-barcelona-cofb","tag-congres-europeu-doficina-de-farmacia","tag-infarma","tag-infarma-2025","tag-infarma-barcelona-2025","tag-innovacio","tag-interaccio","tag-la-meva-farmacia","tag-mes-farmacia","tag-mes-salut","tag-persones","tag-salo-i-congres-europeu-de-farmacia","tag-salut","tag-sostenibilitat"],"yoast_head":"<!-- This site is optimized with the Yoast SEO plugin v22.4 - https:\/\/yoast.com\/wordpress\/plugins\/seo\/ -->\n<title>M\u00e9s farm\u00e0cia i m\u00e9s salut a Infarma Barcelona 2025 - Col\u00b7legi de Farmac\u00e8utics de Barcelona<\/title>\n<meta name=\"description\" content=\"Infarma Barcelona 2025 ha tancat la seva 35a edici\u00f3 consolidant-se com l\u2019esdeveniment de refer\u00e8ncia per als professionals del sector farmac\u00e8utic.\" \/>\n<meta name=\"robots\" content=\"index, follow, max-snippet:-1, max-image-preview:large, max-video-preview:-1\" \/>\n<link rel=\"canonical\" href=\"https:\/\/www.cofb.org\/es\/2025\/04\/09\/mes-farmacia-i-mes-salut-a-infarma-barcelona-2025\/\" \/>\n<meta property=\"og:locale\" content=\"es_ES\" \/>\n<meta property=\"og:type\" content=\"article\" \/>\n<meta property=\"og:title\" content=\"M\u00e9s farm\u00e0cia i m\u00e9s salut a Infarma Barcelona 2025 - Col\u00b7legi de Farmac\u00e8utics de Barcelona\" \/>\n<meta property=\"og:description\" content=\"Infarma Barcelona 2025 ha tancat la seva 35a edici\u00f3 consolidant-se com l\u2019esdeveniment de refer\u00e8ncia per als professionals del sector farmac\u00e8utic.\" \/>\n<meta property=\"og:url\" content=\"https:\/\/www.cofb.org\/es\/2025\/04\/09\/mes-farmacia-i-mes-salut-a-infarma-barcelona-2025\/\" \/>\n<meta property=\"og:site_name\" content=\"Col\u00b7legi de Farmac\u00e8utics de Barcelona\" \/>\n<meta property=\"article:publisher\" content=\"https:\/\/www.facebook.com\/farmaceuticsbcn\/\" \/>\n<meta property=\"article:published_time\" content=\"2025-04-09T15:19:19+00:00\" \/>\n<meta property=\"og:image\" content=\"https:\/\/www.cofb.org\/wp-content\/uploads\/2025\/04\/COFB_INFARMA_CLAUSURA_09042025.jpg\" \/>\n\t<meta property=\"og:image:width\" content=\"2065\" \/>\n\t<meta property=\"og:image:height\" content=\"1295\" \/>\n\t<meta property=\"og:image:type\" content=\"image\/jpeg\" \/>\n<meta name=\"author\" content=\"Berta Mart\u00ednez\" \/>\n<meta name=\"twitter:card\" content=\"summary_large_image\" \/>\n<meta name=\"twitter:creator\" content=\"@farmaceuticsbcn\" \/>\n<meta name=\"twitter:site\" content=\"@farmaceuticsbcn\" \/>\n<meta name=\"twitter:label1\" content=\"Escrito por\" \/>\n\t<meta name=\"twitter:data1\" content=\"Berta Mart\u00ednez\" \/>\n\t<meta name=\"twitter:label2\" content=\"Tiempo de lectura\" \/>\n\t<meta name=\"twitter:data2\" content=\"4 minutos\" \/>\n<script type=\"application\/ld+json\" class=\"yoast-schema-graph\">{\"@context\":\"https:\/\/schema.org\",\"@graph\":[{\"@type\":\"Article\",\"@id\":\"https:\/\/www.cofb.org\/2025\/04\/09\/mes-farmacia-i-mes-salut-a-infarma-barcelona-2025\/#article\",\"isPartOf\":{\"@id\":\"https:\/\/www.cofb.org\/2025\/04\/09\/mes-farmacia-i-mes-salut-a-infarma-barcelona-2025\/\"},\"author\":{\"name\":\"Berta Mart\u00ednez\",\"@id\":\"https:\/\/www.cofb.org\/#\/schema\/person\/f32de3b41b812c85ff923cb4cc849063\"},\"headline\":\"M\u00e9s farm\u00e0cia i m\u00e9s salut a Infarma Barcelona 2025\",\"datePublished\":\"2025-04-09T15:19:19+00:00\",\"dateModified\":\"2025-04-09T15:19:19+00:00\",\"mainEntityOfPage\":{\"@id\":\"https:\/\/www.cofb.org\/2025\/04\/09\/mes-farmacia-i-mes-salut-a-infarma-barcelona-2025\/\"},\"wordCount\":614,\"publisher\":{\"@id\":\"https:\/\/www.cofb.org\/#organization\"},\"image\":{\"@id\":\"https:\/\/www.cofb.org\/2025\/04\/09\/mes-farmacia-i-mes-salut-a-infarma-barcelona-2025\/#primaryimage\"},\"thumbnailUrl\":\"https:\/\/www.cofb.org\/wp-content\/uploads\/2025\/04\/COFB_INFARMA_CLAUSURA_09042025.jpg\",\"keywords\":[\"35a edici\u00f3\",\"COFB\",\"Col\u00b7legi de Farmac\u00e8utics\",\"Col\u00b7legi de Farmac\u00e8utics de Barcelona (COFB)\",\"Congr\u00e9s europeu d'oficina de farm\u00e0cia\",\"Infarma\",\"Infarma 2025\",\"Infarma Barcelona 2025\",\"innovaci\u00f3\",\"interacci\u00f3\",\"La Meva Farm\u00e0cia\",\"M\u00e9s farm\u00e0cia\",\"M\u00e9s Salut\",\"persones\",\"Sal\u00f3 i Congr\u00e9s Europeu de Farm\u00e0cia\",\"salut\",\"sostenibilitat\"],\"articleSection\":[\"Destacats\",\"Opinions del Col\u00b7legi\"],\"inLanguage\":\"es\"},{\"@type\":\"WebPage\",\"@id\":\"https:\/\/www.cofb.org\/2025\/04\/09\/mes-farmacia-i-mes-salut-a-infarma-barcelona-2025\/\",\"url\":\"https:\/\/www.cofb.org\/2025\/04\/09\/mes-farmacia-i-mes-salut-a-infarma-barcelona-2025\/\",\"name\":\"M\u00e9s farm\u00e0cia i m\u00e9s salut a Infarma Barcelona 2025 - Col\u00b7legi de Farmac\u00e8utics de Barcelona\",\"isPartOf\":{\"@id\":\"https:\/\/www.cofb.org\/#website\"},\"primaryImageOfPage\":{\"@id\":\"https:\/\/www.cofb.org\/2025\/04\/09\/mes-farmacia-i-mes-salut-a-infarma-barcelona-2025\/#primaryimage\"},\"image\":{\"@id\":\"https:\/\/www.cofb.org\/2025\/04\/09\/mes-farmacia-i-mes-salut-a-infarma-barcelona-2025\/#primaryimage\"},\"thumbnailUrl\":\"https:\/\/www.cofb.org\/wp-content\/uploads\/2025\/04\/COFB_INFARMA_CLAUSURA_09042025.jpg\",\"datePublished\":\"2025-04-09T15:19:19+00:00\",\"dateModified\":\"2025-04-09T15:19:19+00:00\",\"description\":\"Infarma Barcelona 2025 ha tancat la seva 35a edici\u00f3 consolidant-se com l\u2019esdeveniment de refer\u00e8ncia per als professionals del sector farmac\u00e8utic.\",\"breadcrumb\":{\"@id\":\"https:\/\/www.cofb.org\/2025\/04\/09\/mes-farmacia-i-mes-salut-a-infarma-barcelona-2025\/#breadcrumb\"},\"inLanguage\":\"es\",\"potentialAction\":[{\"@type\":\"ReadAction\",\"target\":[\"https:\/\/www.cofb.org\/2025\/04\/09\/mes-farmacia-i-mes-salut-a-infarma-barcelona-2025\/\"]}]},{\"@type\":\"ImageObject\",\"inLanguage\":\"es\",\"@id\":\"https:\/\/www.cofb.org\/2025\/04\/09\/mes-farmacia-i-mes-salut-a-infarma-barcelona-2025\/#primaryimage\",\"url\":\"https:\/\/www.cofb.org\/wp-content\/uploads\/2025\/04\/COFB_INFARMA_CLAUSURA_09042025.jpg\",\"contentUrl\":\"https:\/\/www.cofb.org\/wp-content\/uploads\/2025\/04\/COFB_INFARMA_CLAUSURA_09042025.jpg\",\"width\":2065,\"height\":1295,\"caption\":\"N\u00faria Bosch en un moment de la inauguraci\u00f3 d'Infarma Barcelona 2025.\"},{\"@type\":\"BreadcrumbList\",\"@id\":\"https:\/\/www.cofb.org\/2025\/04\/09\/mes-farmacia-i-mes-salut-a-infarma-barcelona-2025\/#breadcrumb\",\"itemListElement\":[{\"@type\":\"ListItem\",\"position\":1,\"name\":\"Inici\",\"item\":\"https:\/\/novaorg.cofb.net\/\"},{\"@type\":\"ListItem\",\"position\":2,\"name\":\"M\u00e9s farm\u00e0cia i m\u00e9s salut a Infarma Barcelona 2025\"}]},{\"@type\":\"WebSite\",\"@id\":\"https:\/\/www.cofb.org\/#website\",\"url\":\"https:\/\/www.cofb.org\/\",\"name\":\"Col\u00b7legi de Farmac\u00e8utics de Barcelona\",\"description\":\"\",\"publisher\":{\"@id\":\"https:\/\/www.cofb.org\/#organization\"},\"potentialAction\":[{\"@type\":\"SearchAction\",\"target\":{\"@type\":\"EntryPoint\",\"urlTemplate\":\"https:\/\/www.cofb.org\/?s={search_term_string}\"},\"query-input\":\"required name=search_term_string\"}],\"inLanguage\":\"es\"},{\"@type\":\"Organization\",\"@id\":\"https:\/\/www.cofb.org\/#organization\",\"name\":\"Col\u00b7legi de Farmac\u00e8utics de Barcelona\",\"url\":\"https:\/\/www.cofb.org\/\",\"logo\":{\"@type\":\"ImageObject\",\"inLanguage\":\"es\",\"@id\":\"https:\/\/www.cofb.org\/#\/schema\/logo\/image\/\",\"url\":\"https:\/\/www.cofb.org\/wp-content\/uploads\/2023\/11\/cropped-Logotip-COFB.png\",\"contentUrl\":\"https:\/\/www.cofb.org\/wp-content\/uploads\/2023\/11\/cropped-Logotip-COFB.png\",\"width\":500,\"height\":105,\"caption\":\"Col\u00b7legi de Farmac\u00e8utics de Barcelona\"},\"image\":{\"@id\":\"https:\/\/www.cofb.org\/#\/schema\/logo\/image\/\"},\"sameAs\":[\"https:\/\/www.facebook.com\/farmaceuticsbcn\/\",\"https:\/\/twitter.com\/farmaceuticsbcn\",\"https:\/\/www.instagram.com\/farmaceuticsbcn\/\",\"https:\/\/www.linkedin.com\/company\/farmaceuticsbcn\/\"]},{\"@type\":\"Person\",\"@id\":\"https:\/\/www.cofb.org\/#\/schema\/person\/f32de3b41b812c85ff923cb4cc849063\",\"name\":\"Berta Mart\u00ednez\",\"image\":{\"@type\":\"ImageObject\",\"inLanguage\":\"es\",\"@id\":\"https:\/\/www.cofb.org\/#\/schema\/person\/image\/\",\"url\":\"https:\/\/secure.gravatar.com\/avatar\/d4c584dab5da1ee9e3c3df161c0aabec7075cc8211cd46ffc79bfe177aa78b01?s=96&d=mm&r=g\",\"contentUrl\":\"https:\/\/secure.gravatar.com\/avatar\/d4c584dab5da1ee9e3c3df161c0aabec7075cc8211cd46ffc79bfe177aa78b01?s=96&d=mm&r=g\",\"caption\":\"Berta Mart\u00ednez\"},\"url\":\"https:\/\/www.cofb.org\/es\/author\/bmartinez\/\"}]}<\/script>\n<!-- \/ Yoast SEO plugin. -->","yoast_head_json":{"title":"M\u00e9s farm\u00e0cia i m\u00e9s salut a Infarma Barcelona 2025 - Col\u00b7legi de Farmac\u00e8utics de Barcelona","description":"Infarma Barcelona 2025 ha tancat la seva 35a edici\u00f3 consolidant-se com l\u2019esdeveniment de refer\u00e8ncia per als professionals del sector farmac\u00e8utic.","robots":{"index":"index","follow":"follow","max-snippet":"max-snippet:-1","max-image-preview":"max-image-preview:large","max-video-preview":"max-video-preview:-1"},"canonical":"https:\/\/www.cofb.org\/es\/2025\/04\/09\/mes-farmacia-i-mes-salut-a-infarma-barcelona-2025\/","og_locale":"es_ES","og_type":"article","og_title":"M\u00e9s farm\u00e0cia i m\u00e9s salut a Infarma Barcelona 2025 - Col\u00b7legi de Farmac\u00e8utics de Barcelona","og_description":"Infarma Barcelona 2025 ha tancat la seva 35a edici\u00f3 consolidant-se com l\u2019esdeveniment de refer\u00e8ncia per als professionals del sector farmac\u00e8utic.","og_url":"https:\/\/www.cofb.org\/es\/2025\/04\/09\/mes-farmacia-i-mes-salut-a-infarma-barcelona-2025\/","og_site_name":"Col\u00b7legi de Farmac\u00e8utics de Barcelona","article_publisher":"https:\/\/www.facebook.com\/farmaceuticsbcn\/","article_published_time":"2025-04-09T15:19:19+00:00","og_image":[{"width":2065,"height":1295,"url":"https:\/\/www.cofb.org\/wp-content\/uploads\/2025\/04\/COFB_INFARMA_CLAUSURA_09042025.jpg","type":"image\/jpeg"}],"author":"Berta Mart\u00ednez","twitter_card":"summary_large_image","twitter_creator":"@farmaceuticsbcn","twitter_site":"@farmaceuticsbcn","twitter_misc":{"Escrito por":"Berta Mart\u00ednez","Tiempo de lectura":"4 minutos"},"schema":{"@context":"https:\/\/schema.org","@graph":[{"@type":"Article","@id":"https:\/\/www.cofb.org\/2025\/04\/09\/mes-farmacia-i-mes-salut-a-infarma-barcelona-2025\/#article","isPartOf":{"@id":"https:\/\/www.cofb.org\/2025\/04\/09\/mes-farmacia-i-mes-salut-a-infarma-barcelona-2025\/"},"author":{"name":"Berta Mart\u00ednez","@id":"https:\/\/www.cofb.org\/#\/schema\/person\/f32de3b41b812c85ff923cb4cc849063"},"headline":"M\u00e9s farm\u00e0cia i m\u00e9s salut a Infarma Barcelona 2025","datePublished":"2025-04-09T15:19:19+00:00","dateModified":"2025-04-09T15:19:19+00:00","mainEntityOfPage":{"@id":"https:\/\/www.cofb.org\/2025\/04\/09\/mes-farmacia-i-mes-salut-a-infarma-barcelona-2025\/"},"wordCount":614,"publisher":{"@id":"https:\/\/www.cofb.org\/#organization"},"image":{"@id":"https:\/\/www.cofb.org\/2025\/04\/09\/mes-farmacia-i-mes-salut-a-infarma-barcelona-2025\/#primaryimage"},"thumbnailUrl":"https:\/\/www.cofb.org\/wp-content\/uploads\/2025\/04\/COFB_INFARMA_CLAUSURA_09042025.jpg","keywords":["35a edici\u00f3","COFB","Col\u00b7legi de Farmac\u00e8utics","Col\u00b7legi de Farmac\u00e8utics de Barcelona (COFB)","Congr\u00e9s europeu d'oficina de farm\u00e0cia","Infarma","Infarma 2025","Infarma Barcelona 2025","innovaci\u00f3","interacci\u00f3","La Meva Farm\u00e0cia","M\u00e9s farm\u00e0cia","M\u00e9s Salut","persones","Sal\u00f3 i Congr\u00e9s Europeu de Farm\u00e0cia","salut","sostenibilitat"],"articleSection":["Destacats","Opinions del Col\u00b7legi"],"inLanguage":"es"},{"@type":"WebPage","@id":"https:\/\/www.cofb.org\/2025\/04\/09\/mes-farmacia-i-mes-salut-a-infarma-barcelona-2025\/","url":"https:\/\/www.cofb.org\/2025\/04\/09\/mes-farmacia-i-mes-salut-a-infarma-barcelona-2025\/","name":"M\u00e9s farm\u00e0cia i m\u00e9s salut a Infarma Barcelona 2025 - Col\u00b7legi de Farmac\u00e8utics de Barcelona","isPartOf":{"@id":"https:\/\/www.cofb.org\/#website"},"primaryImageOfPage":{"@id":"https:\/\/www.cofb.org\/2025\/04\/09\/mes-farmacia-i-mes-salut-a-infarma-barcelona-2025\/#primaryimage"},"image":{"@id":"https:\/\/www.cofb.org\/2025\/04\/09\/mes-farmacia-i-mes-salut-a-infarma-barcelona-2025\/#primaryimage"},"thumbnailUrl":"https:\/\/www.cofb.org\/wp-content\/uploads\/2025\/04\/COFB_INFARMA_CLAUSURA_09042025.jpg","datePublished":"2025-04-09T15:19:19+00:00","dateModified":"2025-04-09T15:19:19+00:00","description":"Infarma Barcelona 2025 ha tancat la seva 35a edici\u00f3 consolidant-se com l\u2019esdeveniment de refer\u00e8ncia per als professionals del sector farmac\u00e8utic.","breadcrumb":{"@id":"https:\/\/www.cofb.org\/2025\/04\/09\/mes-farmacia-i-mes-salut-a-infarma-barcelona-2025\/#breadcrumb"},"inLanguage":"es","potentialAction":[{"@type":"ReadAction","target":["https:\/\/www.cofb.org\/2025\/04\/09\/mes-farmacia-i-mes-salut-a-infarma-barcelona-2025\/"]}]},{"@type":"ImageObject","inLanguage":"es","@id":"https:\/\/www.cofb.org\/2025\/04\/09\/mes-farmacia-i-mes-salut-a-infarma-barcelona-2025\/#primaryimage","url":"https:\/\/www.cofb.org\/wp-content\/uploads\/2025\/04\/COFB_INFARMA_CLAUSURA_09042025.jpg","contentUrl":"https:\/\/www.cofb.org\/wp-content\/uploads\/2025\/04\/COFB_INFARMA_CLAUSURA_09042025.jpg","width":2065,"height":1295,"caption":"N\u00faria Bosch en un moment de la inauguraci\u00f3 d'Infarma Barcelona 2025."},{"@type":"BreadcrumbList","@id":"https:\/\/www.cofb.org\/2025\/04\/09\/mes-farmacia-i-mes-salut-a-infarma-barcelona-2025\/#breadcrumb","itemListElement":[{"@type":"ListItem","position":1,"name":"Inici","item":"https:\/\/novaorg.cofb.net\/"},{"@type":"ListItem","position":2,"name":"M\u00e9s farm\u00e0cia i m\u00e9s salut a Infarma Barcelona 2025"}]},{"@type":"WebSite","@id":"https:\/\/www.cofb.org\/#website","url":"https:\/\/www.cofb.org\/","name":"Col\u00b7legi de Farmac\u00e8utics de Barcelona","description":"","publisher":{"@id":"https:\/\/www.cofb.org\/#organization"},"potentialAction":[{"@type":"SearchAction","target":{"@type":"EntryPoint","urlTemplate":"https:\/\/www.cofb.org\/?s={search_term_string}"},"query-input":"required name=search_term_string"}],"inLanguage":"es"},{"@type":"Organization","@id":"https:\/\/www.cofb.org\/#organization","name":"Col\u00b7legi de Farmac\u00e8utics de Barcelona","url":"https:\/\/www.cofb.org\/","logo":{"@type":"ImageObject","inLanguage":"es","@id":"https:\/\/www.cofb.org\/#\/schema\/logo\/image\/","url":"https:\/\/www.cofb.org\/wp-content\/uploads\/2023\/11\/cropped-Logotip-COFB.png","contentUrl":"https:\/\/www.cofb.org\/wp-content\/uploads\/2023\/11\/cropped-Logotip-COFB.png","width":500,"height":105,"caption":"Col\u00b7legi de Farmac\u00e8utics de Barcelona"},"image":{"@id":"https:\/\/www.cofb.org\/#\/schema\/logo\/image\/"},"sameAs":["https:\/\/www.facebook.com\/farmaceuticsbcn\/","https:\/\/twitter.com\/farmaceuticsbcn","https:\/\/www.instagram.com\/farmaceuticsbcn\/","https:\/\/www.linkedin.com\/company\/farmaceuticsbcn\/"]},{"@type":"Person","@id":"https:\/\/www.cofb.org\/#\/schema\/person\/f32de3b41b812c85ff923cb4cc849063","name":"Berta Mart\u00ednez","image":{"@type":"ImageObject","inLanguage":"es","@id":"https:\/\/www.cofb.org\/#\/schema\/person\/image\/","url":"https:\/\/secure.gravatar.com\/avatar\/d4c584dab5da1ee9e3c3df161c0aabec7075cc8211cd46ffc79bfe177aa78b01?s=96&d=mm&r=g","contentUrl":"https:\/\/secure.gravatar.com\/avatar\/d4c584dab5da1ee9e3c3df161c0aabec7075cc8211cd46ffc79bfe177aa78b01?s=96&d=mm&r=g","caption":"Berta Mart\u00ednez"},"url":"https:\/\/www.cofb.org\/es\/author\/bmartinez\/"}]}},"uagb_featured_image_src":{"full":["https:\/\/www.cofb.org\/wp-content\/uploads\/2025\/04\/COFB_INFARMA_CLAUSURA_09042025.jpg",2065,1295,false],"thumbnail":["https:\/\/www.cofb.org\/wp-content\/uploads\/2025\/04\/COFB_INFARMA_CLAUSURA_09042025-150x150.jpg",150,150,true],"medium":["https:\/\/www.cofb.org\/wp-content\/uploads\/2025\/04\/COFB_INFARMA_CLAUSURA_09042025-300x188.jpg",300,188,true],"medium_large":["https:\/\/www.cofb.org\/wp-content\/uploads\/2025\/04\/COFB_INFARMA_CLAUSURA_09042025-768x482.jpg",768,482,true],"large":["https:\/\/www.cofb.org\/wp-content\/uploads\/2025\/04\/COFB_INFARMA_CLAUSURA_09042025-1024x642.jpg",1024,642,true],"1536x1536":["https:\/\/www.cofb.org\/wp-content\/uploads\/2025\/04\/COFB_INFARMA_CLAUSURA_09042025-1536x963.jpg",1536,963,true],"2048x2048":["https:\/\/www.cofb.org\/wp-content\/uploads\/2025\/04\/COFB_INFARMA_CLAUSURA_09042025-2048x1284.jpg",2048,1284,true],"trp-custom-language-flag":["https:\/\/www.cofb.org\/wp-content\/uploads\/2025\/04\/COFB_INFARMA_CLAUSURA_09042025-18x12.jpg",18,12,true]},"uagb_author_info":{"display_name":"Berta Mart\u00ednez","author_link":"https:\/\/www.cofb.org\/es\/author\/bmartinez\/"},"uagb_comment_info":0,"uagb_excerpt":"Article de N\u00faria Bosch, directora del Congr\u00e9s d&#8217;Infarma Barcelona 2025 i vicepresidenta del Col\u00b7legi de Farmac\u00e8utics de Barcelona (COFB) &#8220;Sota el lema \u201cM\u00e9s Farm\u00e0cia. M\u00e9s Salut\u201d, Infarma Barcelona 2025 passar\u00e0 a la hist\u00f2ria com una de les edicions amb m\u00e9s interacci\u00f3, innovaci\u00f3 i sostenibilitat, centrada a millorar la salut de [&hellip;]","_links":{"self":[{"href":"https:\/\/www.cofb.org\/es\/wp-json\/wp\/v2\/posts\/81130","targetHints":{"allow":["GET"]}}],"collection":[{"href":"https:\/\/www.cofb.org\/es\/wp-json\/wp\/v2\/posts"}],"about":[{"href":"https:\/\/www.cofb.org\/es\/wp-json\/wp\/v2\/types\/post"}],"author":[{"embeddable":true,"href":"https:\/\/www.cofb.org\/es\/wp-json\/wp\/v2\/users\/3"}],"replies":[{"embeddable":true,"href":"https:\/\/www.cofb.org\/es\/wp-json\/wp\/v2\/comments?post=81130"}],"version-history":[{"count":8,"href":"https:\/\/www.cofb.org\/es\/wp-json\/wp\/v2\/posts\/81130\/revisions"}],"predecessor-version":[{"id":81139,"href":"https:\/\/www.cofb.org\/es\/wp-json\/wp\/v2\/posts\/81130\/revisions\/81139"}],"wp:featuredmedia":[{"embeddable":true,"href":"https:\/\/www.cofb.org\/es\/wp-json\/wp\/v2\/media\/81133"}],"wp:attachment":[{"href":"https:\/\/www.cofb.org\/es\/wp-json\/wp\/v2\/media?parent=81130"}],"wp:term":[{"taxonomy":"category","embeddable":true,"href":"https:\/\/www.cofb.org\/es\/wp-json\/wp\/v2\/categories?post=81130"},{"taxonomy":"post_tag","embeddable":true,"href":"https:\/\/www.cofb.org\/es\/wp-json\/wp\/v2\/tags?post=81130"}],"curies":[{"name":"wp","href":"https:\/\/api.w.org\/{rel}","templated":true}]}}