{"id":81108,"date":"2025-04-01T15:39:02","date_gmt":"2025-04-01T15:39:02","guid":{"rendered":"https:\/\/www.cofb.org\/?p=81108"},"modified":"2025-04-01T15:40:52","modified_gmt":"2025-04-01T15:40:52","slug":"infarma-barcelona-2025-rescata-la-historia-de-la-farmacia-a-traves-dobjectes-unics-i-curiositats","status":"publish","type":"post","link":"https:\/\/www.cofb.org\/es\/2025\/04\/01\/infarma-barcelona-2025-rescata-la-historia-de-la-farmacia-a-traves-dobjectes-unics-i-curiositats\/","title":{"rendered":"Infarma Barcelona 2025 rescata la historia de la farmacia a trav\u00e9s de objetos \u00fanicos y curiosidades"},"content":{"rendered":"<ul class=\"wp-block-list\">\n<li>Expertos destacan la importancia de preservar y difundir el patrimonio farmac\u00e9utico a trav\u00e9s de la conferencia &quot;1.000 historias que contar. Biograf\u00edas de objetos farmac\u00e9uticos curiosos, divertidos y personales&quot;<\/li>\n\n\n\n<li>El Congreso Europeo de Oficina de Farmacia pone en valor la historia de la farmacia a trav\u00e9s de objetos curiosos, documentos hist\u00f3ricos y rutas culturales<\/li>\n\n\n\n<li>En este sentido, la Fundaci\u00f3n Concordia Farmac\u00e9utica se dedica a proteger y difundir el patrimonio hist\u00f3rico farmac\u00e9utico de Catalu\u00f1a<\/li>\n<\/ul>\n\n\n\n<figure class=\"wp-block-image size-large\"><a href=\"https:\/\/www.cofb.org\/wp-content\/uploads\/2025\/04\/COFB_INFARMA_BIOGRAFIAS-OBJETOS-FARMACEUTICOS_01042025.jpg\" target=\"_blank\" rel=\"noreferrer noopener\"><img fetchpriority=\"high\" decoding=\"async\" width=\"1024\" height=\"683\" src=\"https:\/\/www.cofb.org\/wp-content\/uploads\/2025\/04\/COFB_INFARMA_BIOGRAFIAS-OBJETOS-FARMACEUTICOS_01042025-1024x683.jpg\" alt=\"\" class=\"wp-image-81109\" srcset=\"https:\/\/www.cofb.org\/wp-content\/uploads\/2025\/04\/COFB_INFARMA_BIOGRAFIAS-OBJETOS-FARMACEUTICOS_01042025-1024x683.jpg 1024w, https:\/\/www.cofb.org\/wp-content\/uploads\/2025\/04\/COFB_INFARMA_BIOGRAFIAS-OBJETOS-FARMACEUTICOS_01042025-300x200.jpg 300w, https:\/\/www.cofb.org\/wp-content\/uploads\/2025\/04\/COFB_INFARMA_BIOGRAFIAS-OBJETOS-FARMACEUTICOS_01042025-768x512.jpg 768w, https:\/\/www.cofb.org\/wp-content\/uploads\/2025\/04\/COFB_INFARMA_BIOGRAFIAS-OBJETOS-FARMACEUTICOS_01042025-1536x1024.jpg 1536w, https:\/\/www.cofb.org\/wp-content\/uploads\/2025\/04\/COFB_INFARMA_BIOGRAFIAS-OBJETOS-FARMACEUTICOS_01042025-2048x1366.jpg 2048w, https:\/\/www.cofb.org\/wp-content\/uploads\/2025\/04\/COFB_INFARMA_BIOGRAFIAS-OBJETOS-FARMACEUTICOS_01042025-18x12.jpg 18w\" sizes=\"(max-width: 1024px) 100vw, 1024px\" \/><\/a><figcaption class=\"wp-element-caption\">De izquierda a derecha: Marisa V\u00e1zquez de \u00c1gredos, Cecilio Venegas y Alejandra G\u00f3mez.<\/figcaption><\/figure>\n\n\n\n<p><em>Barcelona, 1 de abril de 2025. \u2013\u00a0<\/em><a href=\"https:\/\/www.infarma.es\/\" target=\"_blank\" rel=\"noreferrer noopener\">Infarma Barcelona 2025<\/a> no s\u00f3lo ha sido el punto de encuentro para debatir sobre el futuro de la farmacia, sino tambi\u00e9n un espacio para rescatar y revivir su pasado. A trav\u00e9s de la <strong>conferencia &quot;1.000 historias que contar. Biograf\u00edas de objetos farmac\u00e9uticos curiosos, divertidos y personales&quot;<\/strong>, el Congreso Europeo de Oficina Farmacia reuni\u00f3 a expertos del sector que resaltaron el enorme <strong>valor del patrimonio farmac\u00e9utico y su impacto en la sociedad<\/strong>. La conferencia, moderada por <strong>Xavier Robust\u00e9<\/strong>, farmac\u00e9utico y patr\u00f3n de la\u00a0<strong>Fundaci\u00f3n Concordia Farmac\u00e9utica<\/strong>, patrocinadora de la conferencia, ofreci\u00f3 un recorrido por la historia de la profesi\u00f3n a trav\u00e9s de objetos \u00fanicos y curiosidades.<\/p>\n\n\n\n<p>Robust\u00e9 subray\u00f3, en su presentaci\u00f3n, que <strong>&quot;los congresos suelen mirar al futuro, que necesitamos saber para avanzar, pero realmente no podemos avanzar sin saber de d\u00f3nde venimos&quot;<\/strong>. De este modo, el farmac\u00e9utico se\u00f1al\u00f3 la <strong>importancia que tiene &quot;recordar, conocer y promocionar de d\u00f3nde viene nuestra fant\u00e1stica profesi\u00f3n&quot;.<\/strong><\/p>\n\n\n\n<h2 class=\"wp-block-heading\"><strong>Noticiarios hist\u00f3ricos que reflejan la evoluci\u00f3n del sector<\/strong><\/h2>\n\n\n\n<p><strong>Cecilio Venegas<\/strong>, presidente del Colegio Oficial de Farmac\u00e9uticos de Badajoz, transport\u00f3 a los asistentes al pasado con la <strong>proyecci\u00f3n de un NO-DO<\/strong> \u2013un noticiario que se proyectaba en los cines antes de las pel\u00edculas\u2013 <strong>dedicado de la historia de la farmacia<\/strong>. El farmac\u00e9utico record\u00f3 que a trav\u00e9s de los NO-DO se puede conocer \u201cc\u00f3mo nos han visto en las farmacias durante un per\u00edodo de tiempo hist\u00f3rico\u201d y recuperar sucesos como la visita a Espa\u00f1a del inventor de la penicilina, el dr. Alexander Fleming. Adem\u00e1s, el farmac\u00e9utico indic\u00f3 que ha recogido de la Filmoteca Espa\u00f1ola a todos los NO-DO y los pone a disposici\u00f3n de quien los solicite.<\/p>\n\n\n\n<p>&quot;Vivimos en un tiempo en el que en la historia de la farmacia est\u00e1 empezando a hacer eclosi\u00f3n, se ha puesto de pie y va caminando&quot;, afirm\u00f3 el presidente del COF Badajoz destacando el creciente inter\u00e9s por la conservaci\u00f3n del patrimonio farmac\u00e9utico.<\/p>\n\n\n\n<h2 class=\"wp-block-heading\"><strong>Objetos hist\u00f3ricos conservados en el Museo de la Farmacia Hispana<\/strong><\/h2>\n\n\n\n<p>Como parte del recorrido por la historia de la farmacia, <strong>Alejandra G\u00f3mez<\/strong>, conservadora del Museo de la Farmacia Hispana de la Universidad Complutense de Madrid, present\u00f3 algunas de las <strong>piezas m\u00e1s singulares de la colecci\u00f3n del museo<\/strong>, que cuenta con m\u00e1s de 12.000 objetos inventariados. Este espacio de 1.000 m\u00b2 abierto al p\u00fablico naci\u00f3 gracias a la labor del primer catedr\u00e1tico de Historia de la Farmacia, <strong>Rafael Folch<\/strong>, quien apost\u00f3 por la ense\u00f1anza a trav\u00e9s de piezas visuales y pr\u00e1cticas y as\u00ed empez\u00f3 a coleccionarlas.<\/p>\n\n\n\n<p><strong>\u201cCada pieza es un misterio y contiene much\u00edsima informaci\u00f3n, no s\u00f3lo de farmacia sino tambi\u00e9n vinculada a historia del arte ya otras muchas materias\u201d<\/strong>, indic\u00f3. La conservadora mostr\u00f3 una selecci\u00f3n de las piezas m\u00e1s curiosas del museo, que forman parte de la historia de la farmacia, como dos <strong>farmacias de viaje del s. XVII<\/strong>, una <strong>pezu\u00f1a de alcio<\/strong>, unas <strong>piedras betzoar<\/strong>, una <strong>cuerno de unicornio<\/strong>, una <strong>colecci\u00f3n de cajas<\/strong>, la <strong>recreaci\u00f3n de un laboratorio alquimista<\/strong> y la\u00a0<strong>botica original del Hospital Catedralicio de San Juan Bautista de Astorga.<\/strong><\/p>\n\n\n\n<h2 class=\"wp-block-heading\"><strong>Rutas e itinerarios para descubrir la historia farmac\u00e9utica<\/strong><\/h2>\n\n\n\n<p>Por su parte, <strong>Marisa V\u00e1zquez de \u00c1gredos<\/strong>, profesora titular de la Universidad de Valencia y directora de la asociaci\u00f3n Aromes Itinerarium Salutis (AIS), referenci\u00f3 algunos lugares importantes para la historia de la farmacia, que forman parte de la ruta europea de las farmacias hist\u00f3ricas y los jardines medicinales. <strong>&quot;La b\u00fasqueda de farmacias hist\u00f3ricas y jardines medicinales en materia m\u00e9dica, implica investigaci\u00f3n, y una investigaci\u00f3n aplicada genera rutas e itinerarios culturales&quot;<\/strong>, expuso la profesora.<\/p>\n\n\n\n<p>Concretamente, V\u00e1zquez de \u00c1gredos destac\u00f3 algunas <strong>paradas en lugares emblem\u00e1ticos situados en Roma como la Spezieria di Santa Maria della Scala<\/strong>, el <strong>Museo Nazionale Di Farmacia<\/strong> y <strong>Santa Maria dell Orto<\/strong>, una antigua farmacia que conserva una costilla de ballena. Tambi\u00e9n remarc\u00f3 el inter\u00e9s que generan otros lugares cercanos a la capital italiana como\u00a0<strong>Certosa di Trisulti<\/strong>, \u201cuna abad\u00eda antigua en las monta\u00f1as que conserva una bell\u00edsima farmacia\u201d; y\u00a0<strong>Colleparto<\/strong>, que \u201cse conoce como el pa\u00eds de las hierbas y la tierra del Centauro Quir\u00f3n\u201d.<\/p>\n\n\n\n<h2 class=\"wp-block-heading\"><strong>Un legado que merece ser preservado y difundido<\/strong><\/h2>\n\n\n\n<p>La\u00a0<strong><a href=\"https:\/\/www.concordiafarmaceutica.cat\/\" target=\"_blank\" rel=\"noreferrer noopener\">Fundaci\u00f3n Concordia Farmac\u00e9utica<\/a><\/strong>, del <strong>Consejo de Colegios Farmac\u00e9uticos de Catalu\u00f1a (CCFC)<\/strong>, se dedica a proteger y difundir el patrimonio hist\u00f3rico farmac\u00e9utico de Catalunya, destac\u00f3 Xavier Robust\u00e9. Como objetivo futuro, la Fundaci\u00f3n quiere crear un espacio expositivo de calidad o un museo para la preservaci\u00f3n, estudio y exposici\u00f3n del patrimonio hist\u00f3rico de la farmacia catalana.<\/p>","protected":false},"excerpt":{"rendered":"<p>Barcelona, 1 de abril de 2025. \u2013 Infarma Barcelona 2025 no s\u00f3lo ha sido el punto de encuentro para debatir sobre el futuro de la farmacia, sino tambi\u00e9n un espacio para rescatar y revivir su pasado. A trav\u00e9s de la conferencia &quot;1.000 historias que contar. Biograf\u00edas de objetos farmac\u00e9uticos curiosos, divertidos y [\u2026]<\/p>","protected":false},"author":3,"featured_media":81109,"comment_status":"closed","ping_status":"closed","sticky":false,"template":"","format":"aside","meta":{"_uag_custom_page_level_css":"","site-sidebar-layout":"default","site-content-layout":"","ast-site-content-layout":"default","site-content-style":"default","site-sidebar-style":"default","ast-global-header-display":"","ast-banner-title-visibility":"","ast-main-header-display":"","ast-hfb-above-header-display":"","ast-hfb-below-header-display":"","ast-hfb-mobile-header-display":"","site-post-title":"","ast-breadcrumbs-content":"","ast-featured-img":"disabled","footer-sml-layout":"","theme-transparent-header-meta":"","adv-header-id-meta":"","stick-header-meta":"","header-above-stick-meta":"","header-main-stick-meta":"","header-below-stick-meta":"","astra-migrate-meta-layouts":"set","ast-page-background-enabled":"default","ast-page-background-meta":{"desktop":{"background-color":"var(--ast-global-color-4)","background-image":"","background-repeat":"repeat","background-position":"center center","background-size":"auto","background-attachment":"scroll","background-type":"","background-media":"","overlay-type":"","overlay-color":"","overlay-opacity":"","overlay-gradient":""},"tablet":{"background-color":"","background-image":"","background-repeat":"repeat","background-position":"center center","background-size":"auto","background-attachment":"scroll","background-type":"","background-media":"","overlay-type":"","overlay-color":"","overlay-opacity":"","overlay-gradient":""},"mobile":{"background-color":"","background-image":"","background-repeat":"repeat","background-position":"center center","background-size":"auto","background-attachment":"scroll","background-type":"","background-media":"","overlay-type":"","overlay-color":"","overlay-opacity":"","overlay-gradient":""}},"ast-content-background-meta":{"desktop":{"background-color":"var(--ast-global-color-5)","background-image":"","background-repeat":"repeat","background-position":"center center","background-size":"auto","background-attachment":"scroll","background-type":"","background-media":"","overlay-type":"","overlay-color":"","overlay-opacity":"","overlay-gradient":""},"tablet":{"background-color":"var(--ast-global-color-5)","background-image":"","background-repeat":"repeat","background-position":"center center","background-size":"auto","background-attachment":"scroll","background-type":"","background-media":"","overlay-type":"","overlay-color":"","overlay-opacity":"","overlay-gradient":""},"mobile":{"background-color":"var(--ast-global-color-5)","background-image":"","background-repeat":"repeat","background-position":"center center","background-size":"auto","background-attachment":"scroll","background-type":"","background-media":"","overlay-type":"","overlay-color":"","overlay-opacity":"","overlay-gradient":""}},"footnotes":""},"categories":[23,2165,1060],"tags":[18,19,520,53,68,5321,5317,5318,28,5116,29,5047,76,5319,5320,5322],"class_list":["post-81108","post","type-post","status-publish","format-aside","has-post-thumbnail","hentry","category-destacats","category-infarma","category-notes-premsa","tag-cofb","tag-collegi-de-farmaceutics-de-barcelona","tag-conferencia","tag-farmaceutics","tag-farmacia","tag-fundacio-concoridia-farmaceutica","tag-historia","tag-historia-de-la-farmacia","tag-infarma","tag-infarma-2025","tag-infarma-barcelona","tag-infarma-barcelona-2025","tag-oficina-de-farmacia","tag-patrimoni","tag-patrimoni-farmaceutic","tag-patrimoni-historic","post_format-post-format-aside"],"yoast_head":"<!-- This site is optimized with the Yoast SEO plugin v22.4 - https:\/\/yoast.com\/wordpress\/plugins\/seo\/ -->\n<title>Infarma\u00a0Barcelona 2025 rescata la hist\u00f2ria de la farm\u00e0cia a trav\u00e9s d&#039;objectes \u00fanics i curiositats - Col\u00b7legi de Farmac\u00e8utics de Barcelona<\/title>\n<meta name=\"description\" content=\"A trav\u00e9s de la confer\u00e8ncia \u201c1.000 hist\u00f2ries per explicar. Biografies d&#039;objectes farmac\u00e8utics curiosos, divertits i personals\u201d, el Congr\u00e9s Europeu d&#039;Oficina Farm\u00e0cia va reunir experts del sector que van ressaltar l&#039;enorme valor del patrimoni farmac\u00e8utic i el seu impacte en la societat\" \/>\n<meta name=\"robots\" content=\"index, follow, max-snippet:-1, max-image-preview:large, max-video-preview:-1\" \/>\n<link rel=\"canonical\" href=\"https:\/\/www.cofb.org\/es\/2025\/04\/01\/infarma-barcelona-2025-rescata-la-historia-de-la-farmacia-a-traves-dobjectes-unics-i-curiositats\/\" \/>\n<meta property=\"og:locale\" content=\"es_ES\" \/>\n<meta property=\"og:type\" content=\"article\" \/>\n<meta property=\"og:title\" content=\"Infarma\u00a0Barcelona 2025 rescata la hist\u00f2ria de la farm\u00e0cia a trav\u00e9s d&#039;objectes \u00fanics i curiositats - Col\u00b7legi de Farmac\u00e8utics de Barcelona\" \/>\n<meta property=\"og:description\" content=\"A trav\u00e9s de la confer\u00e8ncia \u201c1.000 hist\u00f2ries per explicar. Biografies d&#039;objectes farmac\u00e8utics curiosos, divertits i personals\u201d, el Congr\u00e9s Europeu d&#039;Oficina Farm\u00e0cia va reunir experts del sector que van ressaltar l&#039;enorme valor del patrimoni farmac\u00e8utic i el seu impacte en la societat\" \/>\n<meta property=\"og:url\" content=\"https:\/\/www.cofb.org\/es\/2025\/04\/01\/infarma-barcelona-2025-rescata-la-historia-de-la-farmacia-a-traves-dobjectes-unics-i-curiositats\/\" \/>\n<meta property=\"og:site_name\" content=\"Col\u00b7legi de Farmac\u00e8utics de Barcelona\" \/>\n<meta property=\"article:publisher\" content=\"https:\/\/www.facebook.com\/farmaceuticsbcn\/\" \/>\n<meta property=\"article:published_time\" content=\"2025-04-01T15:39:02+00:00\" \/>\n<meta property=\"article:modified_time\" content=\"2025-04-01T15:40:52+00:00\" \/>\n<meta property=\"og:image\" content=\"https:\/\/www.cofb.org\/wp-content\/uploads\/2025\/04\/COFB_INFARMA_BIOGRAFIAS-OBJETOS-FARMACEUTICOS_01042025.jpg\" \/>\n\t<meta property=\"og:image:width\" content=\"2362\" \/>\n\t<meta property=\"og:image:height\" content=\"1575\" \/>\n\t<meta property=\"og:image:type\" content=\"image\/jpeg\" \/>\n<meta name=\"author\" content=\"Berta Mart\u00ednez\" \/>\n<meta name=\"twitter:card\" content=\"summary_large_image\" \/>\n<meta name=\"twitter:creator\" content=\"@farmaceuticsbcn\" \/>\n<meta name=\"twitter:site\" content=\"@farmaceuticsbcn\" \/>\n<meta name=\"twitter:label1\" content=\"Escrito por\" \/>\n\t<meta name=\"twitter:data1\" content=\"Berta Mart\u00ednez\" \/>\n\t<meta name=\"twitter:label2\" content=\"Tiempo de lectura\" \/>\n\t<meta name=\"twitter:data2\" content=\"5 minutos\" \/>\n<script type=\"application\/ld+json\" class=\"yoast-schema-graph\">{\"@context\":\"https:\/\/schema.org\",\"@graph\":[{\"@type\":\"Article\",\"@id\":\"https:\/\/www.cofb.org\/2025\/04\/01\/infarma-barcelona-2025-rescata-la-historia-de-la-farmacia-a-traves-dobjectes-unics-i-curiositats\/#article\",\"isPartOf\":{\"@id\":\"https:\/\/www.cofb.org\/2025\/04\/01\/infarma-barcelona-2025-rescata-la-historia-de-la-farmacia-a-traves-dobjectes-unics-i-curiositats\/\"},\"author\":{\"name\":\"Berta Mart\u00ednez\",\"@id\":\"https:\/\/www.cofb.org\/#\/schema\/person\/f32de3b41b812c85ff923cb4cc849063\"},\"headline\":\"Infarma\u00a0Barcelona 2025 rescata la hist\u00f2ria de la farm\u00e0cia a trav\u00e9s d&#8217;objectes \u00fanics i curiositats\",\"datePublished\":\"2025-04-01T15:39:02+00:00\",\"dateModified\":\"2025-04-01T15:40:52+00:00\",\"mainEntityOfPage\":{\"@id\":\"https:\/\/www.cofb.org\/2025\/04\/01\/infarma-barcelona-2025-rescata-la-historia-de-la-farmacia-a-traves-dobjectes-unics-i-curiositats\/\"},\"wordCount\":972,\"publisher\":{\"@id\":\"https:\/\/www.cofb.org\/#organization\"},\"image\":{\"@id\":\"https:\/\/www.cofb.org\/2025\/04\/01\/infarma-barcelona-2025-rescata-la-historia-de-la-farmacia-a-traves-dobjectes-unics-i-curiositats\/#primaryimage\"},\"thumbnailUrl\":\"https:\/\/www.cofb.org\/wp-content\/uploads\/2025\/04\/COFB_INFARMA_BIOGRAFIAS-OBJETOS-FARMACEUTICOS_01042025.jpg\",\"keywords\":[\"COFB\",\"Col\u00b7legi de Farmac\u00e8utics de Barcelona\",\"confer\u00e8ncia\",\"farmac\u00e8utics\",\"Farm\u00e0cia\",\"Fundaci\u00f3 Conc\u00f2ridia Farmac\u00e8utica\",\"hist\u00f2ria\",\"hist\u00f2ria de la farm\u00e0cia\",\"Infarma\",\"Infarma 2025\",\"Infarma Barcelona\",\"Infarma Barcelona 2025\",\"Oficina de farm\u00e0cia\",\"patrimoni\",\"patrimoni farmac\u00e8utic\",\"patrimoni hist\u00f2ric\"],\"articleSection\":[\"Destacats\",\"Infarma\",\"Notes de premsa\"],\"inLanguage\":\"es\"},{\"@type\":\"WebPage\",\"@id\":\"https:\/\/www.cofb.org\/2025\/04\/01\/infarma-barcelona-2025-rescata-la-historia-de-la-farmacia-a-traves-dobjectes-unics-i-curiositats\/\",\"url\":\"https:\/\/www.cofb.org\/2025\/04\/01\/infarma-barcelona-2025-rescata-la-historia-de-la-farmacia-a-traves-dobjectes-unics-i-curiositats\/\",\"name\":\"Infarma\u00a0Barcelona 2025 rescata la hist\u00f2ria de la farm\u00e0cia a trav\u00e9s d'objectes \u00fanics i curiositats - Col\u00b7legi de Farmac\u00e8utics de Barcelona\",\"isPartOf\":{\"@id\":\"https:\/\/www.cofb.org\/#website\"},\"primaryImageOfPage\":{\"@id\":\"https:\/\/www.cofb.org\/2025\/04\/01\/infarma-barcelona-2025-rescata-la-historia-de-la-farmacia-a-traves-dobjectes-unics-i-curiositats\/#primaryimage\"},\"image\":{\"@id\":\"https:\/\/www.cofb.org\/2025\/04\/01\/infarma-barcelona-2025-rescata-la-historia-de-la-farmacia-a-traves-dobjectes-unics-i-curiositats\/#primaryimage\"},\"thumbnailUrl\":\"https:\/\/www.cofb.org\/wp-content\/uploads\/2025\/04\/COFB_INFARMA_BIOGRAFIAS-OBJETOS-FARMACEUTICOS_01042025.jpg\",\"datePublished\":\"2025-04-01T15:39:02+00:00\",\"dateModified\":\"2025-04-01T15:40:52+00:00\",\"description\":\"A trav\u00e9s de la confer\u00e8ncia \u201c1.000 hist\u00f2ries per explicar. Biografies d'objectes farmac\u00e8utics curiosos, divertits i personals\u201d, el Congr\u00e9s Europeu d'Oficina Farm\u00e0cia va reunir experts del sector que van ressaltar l'enorme valor del patrimoni farmac\u00e8utic i el seu impacte en la societat\",\"breadcrumb\":{\"@id\":\"https:\/\/www.cofb.org\/2025\/04\/01\/infarma-barcelona-2025-rescata-la-historia-de-la-farmacia-a-traves-dobjectes-unics-i-curiositats\/#breadcrumb\"},\"inLanguage\":\"es\",\"potentialAction\":[{\"@type\":\"ReadAction\",\"target\":[\"https:\/\/www.cofb.org\/2025\/04\/01\/infarma-barcelona-2025-rescata-la-historia-de-la-farmacia-a-traves-dobjectes-unics-i-curiositats\/\"]}]},{\"@type\":\"ImageObject\",\"inLanguage\":\"es\",\"@id\":\"https:\/\/www.cofb.org\/2025\/04\/01\/infarma-barcelona-2025-rescata-la-historia-de-la-farmacia-a-traves-dobjectes-unics-i-curiositats\/#primaryimage\",\"url\":\"https:\/\/www.cofb.org\/wp-content\/uploads\/2025\/04\/COFB_INFARMA_BIOGRAFIAS-OBJETOS-FARMACEUTICOS_01042025.jpg\",\"contentUrl\":\"https:\/\/www.cofb.org\/wp-content\/uploads\/2025\/04\/COFB_INFARMA_BIOGRAFIAS-OBJETOS-FARMACEUTICOS_01042025.jpg\",\"width\":2362,\"height\":1575,\"caption\":\"D'esquerra a dreta: Marisa V\u00e1zquez de \u00c1gredos, Cecilio Venegas i Alejandra G\u00f3mez.\"},{\"@type\":\"BreadcrumbList\",\"@id\":\"https:\/\/www.cofb.org\/2025\/04\/01\/infarma-barcelona-2025-rescata-la-historia-de-la-farmacia-a-traves-dobjectes-unics-i-curiositats\/#breadcrumb\",\"itemListElement\":[{\"@type\":\"ListItem\",\"position\":1,\"name\":\"Inici\",\"item\":\"https:\/\/novaorg.cofb.net\/\"},{\"@type\":\"ListItem\",\"position\":2,\"name\":\"Infarma\u00a0Barcelona 2025 rescata la hist\u00f2ria de la farm\u00e0cia a trav\u00e9s d&#8217;objectes \u00fanics i curiositats\"}]},{\"@type\":\"WebSite\",\"@id\":\"https:\/\/www.cofb.org\/#website\",\"url\":\"https:\/\/www.cofb.org\/\",\"name\":\"Col\u00b7legi de Farmac\u00e8utics de Barcelona\",\"description\":\"\",\"publisher\":{\"@id\":\"https:\/\/www.cofb.org\/#organization\"},\"potentialAction\":[{\"@type\":\"SearchAction\",\"target\":{\"@type\":\"EntryPoint\",\"urlTemplate\":\"https:\/\/www.cofb.org\/?s={search_term_string}\"},\"query-input\":\"required name=search_term_string\"}],\"inLanguage\":\"es\"},{\"@type\":\"Organization\",\"@id\":\"https:\/\/www.cofb.org\/#organization\",\"name\":\"Col\u00b7legi de Farmac\u00e8utics de Barcelona\",\"url\":\"https:\/\/www.cofb.org\/\",\"logo\":{\"@type\":\"ImageObject\",\"inLanguage\":\"es\",\"@id\":\"https:\/\/www.cofb.org\/#\/schema\/logo\/image\/\",\"url\":\"https:\/\/www.cofb.org\/wp-content\/uploads\/2023\/11\/cropped-Logotip-COFB.png\",\"contentUrl\":\"https:\/\/www.cofb.org\/wp-content\/uploads\/2023\/11\/cropped-Logotip-COFB.png\",\"width\":500,\"height\":105,\"caption\":\"Col\u00b7legi de Farmac\u00e8utics de Barcelona\"},\"image\":{\"@id\":\"https:\/\/www.cofb.org\/#\/schema\/logo\/image\/\"},\"sameAs\":[\"https:\/\/www.facebook.com\/farmaceuticsbcn\/\",\"https:\/\/twitter.com\/farmaceuticsbcn\",\"https:\/\/www.instagram.com\/farmaceuticsbcn\/\",\"https:\/\/www.linkedin.com\/company\/farmaceuticsbcn\/\"]},{\"@type\":\"Person\",\"@id\":\"https:\/\/www.cofb.org\/#\/schema\/person\/f32de3b41b812c85ff923cb4cc849063\",\"name\":\"Berta Mart\u00ednez\",\"image\":{\"@type\":\"ImageObject\",\"inLanguage\":\"es\",\"@id\":\"https:\/\/www.cofb.org\/#\/schema\/person\/image\/\",\"url\":\"https:\/\/secure.gravatar.com\/avatar\/d4c584dab5da1ee9e3c3df161c0aabec7075cc8211cd46ffc79bfe177aa78b01?s=96&d=mm&r=g\",\"contentUrl\":\"https:\/\/secure.gravatar.com\/avatar\/d4c584dab5da1ee9e3c3df161c0aabec7075cc8211cd46ffc79bfe177aa78b01?s=96&d=mm&r=g\",\"caption\":\"Berta Mart\u00ednez\"},\"url\":\"https:\/\/www.cofb.org\/es\/author\/bmartinez\/\"}]}<\/script>\n<!-- \/ Yoast SEO plugin. -->","yoast_head_json":{"title":"Infarma\u00a0Barcelona 2025 rescata la hist\u00f2ria de la farm\u00e0cia a trav\u00e9s d'objectes \u00fanics i curiositats - Col\u00b7legi de Farmac\u00e8utics de Barcelona","description":"A trav\u00e9s de la confer\u00e8ncia \u201c1.000 hist\u00f2ries per explicar. Biografies d'objectes farmac\u00e8utics curiosos, divertits i personals\u201d, el Congr\u00e9s Europeu d'Oficina Farm\u00e0cia va reunir experts del sector que van ressaltar l'enorme valor del patrimoni farmac\u00e8utic i el seu impacte en la societat","robots":{"index":"index","follow":"follow","max-snippet":"max-snippet:-1","max-image-preview":"max-image-preview:large","max-video-preview":"max-video-preview:-1"},"canonical":"https:\/\/www.cofb.org\/es\/2025\/04\/01\/infarma-barcelona-2025-rescata-la-historia-de-la-farmacia-a-traves-dobjectes-unics-i-curiositats\/","og_locale":"es_ES","og_type":"article","og_title":"Infarma\u00a0Barcelona 2025 rescata la hist\u00f2ria de la farm\u00e0cia a trav\u00e9s d'objectes \u00fanics i curiositats - Col\u00b7legi de Farmac\u00e8utics de Barcelona","og_description":"A trav\u00e9s de la confer\u00e8ncia \u201c1.000 hist\u00f2ries per explicar. Biografies d'objectes farmac\u00e8utics curiosos, divertits i personals\u201d, el Congr\u00e9s Europeu d'Oficina Farm\u00e0cia va reunir experts del sector que van ressaltar l'enorme valor del patrimoni farmac\u00e8utic i el seu impacte en la societat","og_url":"https:\/\/www.cofb.org\/es\/2025\/04\/01\/infarma-barcelona-2025-rescata-la-historia-de-la-farmacia-a-traves-dobjectes-unics-i-curiositats\/","og_site_name":"Col\u00b7legi de Farmac\u00e8utics de Barcelona","article_publisher":"https:\/\/www.facebook.com\/farmaceuticsbcn\/","article_published_time":"2025-04-01T15:39:02+00:00","article_modified_time":"2025-04-01T15:40:52+00:00","og_image":[{"width":2362,"height":1575,"url":"https:\/\/www.cofb.org\/wp-content\/uploads\/2025\/04\/COFB_INFARMA_BIOGRAFIAS-OBJETOS-FARMACEUTICOS_01042025.jpg","type":"image\/jpeg"}],"author":"Berta Mart\u00ednez","twitter_card":"summary_large_image","twitter_creator":"@farmaceuticsbcn","twitter_site":"@farmaceuticsbcn","twitter_misc":{"Escrito por":"Berta Mart\u00ednez","Tiempo de lectura":"5 minutos"},"schema":{"@context":"https:\/\/schema.org","@graph":[{"@type":"Article","@id":"https:\/\/www.cofb.org\/2025\/04\/01\/infarma-barcelona-2025-rescata-la-historia-de-la-farmacia-a-traves-dobjectes-unics-i-curiositats\/#article","isPartOf":{"@id":"https:\/\/www.cofb.org\/2025\/04\/01\/infarma-barcelona-2025-rescata-la-historia-de-la-farmacia-a-traves-dobjectes-unics-i-curiositats\/"},"author":{"name":"Berta Mart\u00ednez","@id":"https:\/\/www.cofb.org\/#\/schema\/person\/f32de3b41b812c85ff923cb4cc849063"},"headline":"Infarma\u00a0Barcelona 2025 rescata la hist\u00f2ria de la farm\u00e0cia a trav\u00e9s d&#8217;objectes \u00fanics i curiositats","datePublished":"2025-04-01T15:39:02+00:00","dateModified":"2025-04-01T15:40:52+00:00","mainEntityOfPage":{"@id":"https:\/\/www.cofb.org\/2025\/04\/01\/infarma-barcelona-2025-rescata-la-historia-de-la-farmacia-a-traves-dobjectes-unics-i-curiositats\/"},"wordCount":972,"publisher":{"@id":"https:\/\/www.cofb.org\/#organization"},"image":{"@id":"https:\/\/www.cofb.org\/2025\/04\/01\/infarma-barcelona-2025-rescata-la-historia-de-la-farmacia-a-traves-dobjectes-unics-i-curiositats\/#primaryimage"},"thumbnailUrl":"https:\/\/www.cofb.org\/wp-content\/uploads\/2025\/04\/COFB_INFARMA_BIOGRAFIAS-OBJETOS-FARMACEUTICOS_01042025.jpg","keywords":["COFB","Col\u00b7legi de Farmac\u00e8utics de Barcelona","confer\u00e8ncia","farmac\u00e8utics","Farm\u00e0cia","Fundaci\u00f3 Conc\u00f2ridia Farmac\u00e8utica","hist\u00f2ria","hist\u00f2ria de la farm\u00e0cia","Infarma","Infarma 2025","Infarma Barcelona","Infarma Barcelona 2025","Oficina de farm\u00e0cia","patrimoni","patrimoni farmac\u00e8utic","patrimoni hist\u00f2ric"],"articleSection":["Destacats","Infarma","Notes de premsa"],"inLanguage":"es"},{"@type":"WebPage","@id":"https:\/\/www.cofb.org\/2025\/04\/01\/infarma-barcelona-2025-rescata-la-historia-de-la-farmacia-a-traves-dobjectes-unics-i-curiositats\/","url":"https:\/\/www.cofb.org\/2025\/04\/01\/infarma-barcelona-2025-rescata-la-historia-de-la-farmacia-a-traves-dobjectes-unics-i-curiositats\/","name":"Infarma\u00a0Barcelona 2025 rescata la hist\u00f2ria de la farm\u00e0cia a trav\u00e9s d'objectes \u00fanics i curiositats - Col\u00b7legi de Farmac\u00e8utics de Barcelona","isPartOf":{"@id":"https:\/\/www.cofb.org\/#website"},"primaryImageOfPage":{"@id":"https:\/\/www.cofb.org\/2025\/04\/01\/infarma-barcelona-2025-rescata-la-historia-de-la-farmacia-a-traves-dobjectes-unics-i-curiositats\/#primaryimage"},"image":{"@id":"https:\/\/www.cofb.org\/2025\/04\/01\/infarma-barcelona-2025-rescata-la-historia-de-la-farmacia-a-traves-dobjectes-unics-i-curiositats\/#primaryimage"},"thumbnailUrl":"https:\/\/www.cofb.org\/wp-content\/uploads\/2025\/04\/COFB_INFARMA_BIOGRAFIAS-OBJETOS-FARMACEUTICOS_01042025.jpg","datePublished":"2025-04-01T15:39:02+00:00","dateModified":"2025-04-01T15:40:52+00:00","description":"A trav\u00e9s de la confer\u00e8ncia \u201c1.000 hist\u00f2ries per explicar. Biografies d'objectes farmac\u00e8utics curiosos, divertits i personals\u201d, el Congr\u00e9s Europeu d'Oficina Farm\u00e0cia va reunir experts del sector que van ressaltar l'enorme valor del patrimoni farmac\u00e8utic i el seu impacte en la societat","breadcrumb":{"@id":"https:\/\/www.cofb.org\/2025\/04\/01\/infarma-barcelona-2025-rescata-la-historia-de-la-farmacia-a-traves-dobjectes-unics-i-curiositats\/#breadcrumb"},"inLanguage":"es","potentialAction":[{"@type":"ReadAction","target":["https:\/\/www.cofb.org\/2025\/04\/01\/infarma-barcelona-2025-rescata-la-historia-de-la-farmacia-a-traves-dobjectes-unics-i-curiositats\/"]}]},{"@type":"ImageObject","inLanguage":"es","@id":"https:\/\/www.cofb.org\/2025\/04\/01\/infarma-barcelona-2025-rescata-la-historia-de-la-farmacia-a-traves-dobjectes-unics-i-curiositats\/#primaryimage","url":"https:\/\/www.cofb.org\/wp-content\/uploads\/2025\/04\/COFB_INFARMA_BIOGRAFIAS-OBJETOS-FARMACEUTICOS_01042025.jpg","contentUrl":"https:\/\/www.cofb.org\/wp-content\/uploads\/2025\/04\/COFB_INFARMA_BIOGRAFIAS-OBJETOS-FARMACEUTICOS_01042025.jpg","width":2362,"height":1575,"caption":"D'esquerra a dreta: Marisa V\u00e1zquez de \u00c1gredos, Cecilio Venegas i Alejandra G\u00f3mez."},{"@type":"BreadcrumbList","@id":"https:\/\/www.cofb.org\/2025\/04\/01\/infarma-barcelona-2025-rescata-la-historia-de-la-farmacia-a-traves-dobjectes-unics-i-curiositats\/#breadcrumb","itemListElement":[{"@type":"ListItem","position":1,"name":"Inici","item":"https:\/\/novaorg.cofb.net\/"},{"@type":"ListItem","position":2,"name":"Infarma\u00a0Barcelona 2025 rescata la hist\u00f2ria de la farm\u00e0cia a trav\u00e9s d&#8217;objectes \u00fanics i curiositats"}]},{"@type":"WebSite","@id":"https:\/\/www.cofb.org\/#website","url":"https:\/\/www.cofb.org\/","name":"Col\u00b7legi de Farmac\u00e8utics de Barcelona","description":"","publisher":{"@id":"https:\/\/www.cofb.org\/#organization"},"potentialAction":[{"@type":"SearchAction","target":{"@type":"EntryPoint","urlTemplate":"https:\/\/www.cofb.org\/?s={search_term_string}"},"query-input":"required name=search_term_string"}],"inLanguage":"es"},{"@type":"Organization","@id":"https:\/\/www.cofb.org\/#organization","name":"Col\u00b7legi de Farmac\u00e8utics de Barcelona","url":"https:\/\/www.cofb.org\/","logo":{"@type":"ImageObject","inLanguage":"es","@id":"https:\/\/www.cofb.org\/#\/schema\/logo\/image\/","url":"https:\/\/www.cofb.org\/wp-content\/uploads\/2023\/11\/cropped-Logotip-COFB.png","contentUrl":"https:\/\/www.cofb.org\/wp-content\/uploads\/2023\/11\/cropped-Logotip-COFB.png","width":500,"height":105,"caption":"Col\u00b7legi de Farmac\u00e8utics de Barcelona"},"image":{"@id":"https:\/\/www.cofb.org\/#\/schema\/logo\/image\/"},"sameAs":["https:\/\/www.facebook.com\/farmaceuticsbcn\/","https:\/\/twitter.com\/farmaceuticsbcn","https:\/\/www.instagram.com\/farmaceuticsbcn\/","https:\/\/www.linkedin.com\/company\/farmaceuticsbcn\/"]},{"@type":"Person","@id":"https:\/\/www.cofb.org\/#\/schema\/person\/f32de3b41b812c85ff923cb4cc849063","name":"Berta Mart\u00ednez","image":{"@type":"ImageObject","inLanguage":"es","@id":"https:\/\/www.cofb.org\/#\/schema\/person\/image\/","url":"https:\/\/secure.gravatar.com\/avatar\/d4c584dab5da1ee9e3c3df161c0aabec7075cc8211cd46ffc79bfe177aa78b01?s=96&d=mm&r=g","contentUrl":"https:\/\/secure.gravatar.com\/avatar\/d4c584dab5da1ee9e3c3df161c0aabec7075cc8211cd46ffc79bfe177aa78b01?s=96&d=mm&r=g","caption":"Berta Mart\u00ednez"},"url":"https:\/\/www.cofb.org\/es\/author\/bmartinez\/"}]}},"uagb_featured_image_src":{"full":["https:\/\/www.cofb.org\/wp-content\/uploads\/2025\/04\/COFB_INFARMA_BIOGRAFIAS-OBJETOS-FARMACEUTICOS_01042025.jpg",2362,1575,false],"thumbnail":["https:\/\/www.cofb.org\/wp-content\/uploads\/2025\/04\/COFB_INFARMA_BIOGRAFIAS-OBJETOS-FARMACEUTICOS_01042025-150x150.jpg",150,150,true],"medium":["https:\/\/www.cofb.org\/wp-content\/uploads\/2025\/04\/COFB_INFARMA_BIOGRAFIAS-OBJETOS-FARMACEUTICOS_01042025-300x200.jpg",300,200,true],"medium_large":["https:\/\/www.cofb.org\/wp-content\/uploads\/2025\/04\/COFB_INFARMA_BIOGRAFIAS-OBJETOS-FARMACEUTICOS_01042025-768x512.jpg",768,512,true],"large":["https:\/\/www.cofb.org\/wp-content\/uploads\/2025\/04\/COFB_INFARMA_BIOGRAFIAS-OBJETOS-FARMACEUTICOS_01042025-1024x683.jpg",1024,683,true],"1536x1536":["https:\/\/www.cofb.org\/wp-content\/uploads\/2025\/04\/COFB_INFARMA_BIOGRAFIAS-OBJETOS-FARMACEUTICOS_01042025-1536x1024.jpg",1536,1024,true],"2048x2048":["https:\/\/www.cofb.org\/wp-content\/uploads\/2025\/04\/COFB_INFARMA_BIOGRAFIAS-OBJETOS-FARMACEUTICOS_01042025-2048x1366.jpg",2048,1366,true],"trp-custom-language-flag":["https:\/\/www.cofb.org\/wp-content\/uploads\/2025\/04\/COFB_INFARMA_BIOGRAFIAS-OBJETOS-FARMACEUTICOS_01042025-18x12.jpg",18,12,true]},"uagb_author_info":{"display_name":"Berta Mart\u00ednez","author_link":"https:\/\/www.cofb.org\/es\/author\/bmartinez\/"},"uagb_comment_info":0,"uagb_excerpt":"Barcelona, 1 d&#8217;abril de 2025. \u2013\u00a0Infarma\u00a0Barcelona 2025 no sols ha estat el punt de trobada per a debatre sobre el futur de la farm\u00e0cia, sin\u00f3 tamb\u00e9 un espai per rescatar i reviure el seu passat. A trav\u00e9s de la confer\u00e8ncia \u201c1.000 hist\u00f2ries per explicar. Biografies d&#8217;objectes farmac\u00e8utics curiosos, divertits i [&hellip;]","_links":{"self":[{"href":"https:\/\/www.cofb.org\/es\/wp-json\/wp\/v2\/posts\/81108","targetHints":{"allow":["GET"]}}],"collection":[{"href":"https:\/\/www.cofb.org\/es\/wp-json\/wp\/v2\/posts"}],"about":[{"href":"https:\/\/www.cofb.org\/es\/wp-json\/wp\/v2\/types\/post"}],"author":[{"embeddable":true,"href":"https:\/\/www.cofb.org\/es\/wp-json\/wp\/v2\/users\/3"}],"replies":[{"embeddable":true,"href":"https:\/\/www.cofb.org\/es\/wp-json\/wp\/v2\/comments?post=81108"}],"version-history":[{"count":4,"href":"https:\/\/www.cofb.org\/es\/wp-json\/wp\/v2\/posts\/81108\/revisions"}],"predecessor-version":[{"id":81113,"href":"https:\/\/www.cofb.org\/es\/wp-json\/wp\/v2\/posts\/81108\/revisions\/81113"}],"wp:featuredmedia":[{"embeddable":true,"href":"https:\/\/www.cofb.org\/es\/wp-json\/wp\/v2\/media\/81109"}],"wp:attachment":[{"href":"https:\/\/www.cofb.org\/es\/wp-json\/wp\/v2\/media?parent=81108"}],"wp:term":[{"taxonomy":"category","embeddable":true,"href":"https:\/\/www.cofb.org\/es\/wp-json\/wp\/v2\/categories?post=81108"},{"taxonomy":"post_tag","embeddable":true,"href":"https:\/\/www.cofb.org\/es\/wp-json\/wp\/v2\/tags?post=81108"}],"curies":[{"name":"wp","href":"https:\/\/api.w.org\/{rel}","templated":true}]}}