{"id":81089,"date":"2025-03-31T14:35:29","date_gmt":"2025-03-31T14:35:29","guid":{"rendered":"https:\/\/www.cofb.org\/?p=81089"},"modified":"2025-03-31T14:54:28","modified_gmt":"2025-03-31T14:54:28","slug":"formular-i-dispensar-cannabis-medicinal-ala-farmacia-comunitaria-clau-per-a-un-millor-seguiment-farmacoterapeutic-del-pacient","status":"publish","type":"post","link":"https:\/\/www.cofb.org\/es\/2025\/03\/31\/formular-i-dispensar-cannabis-medicinal-ala-farmacia-comunitaria-clau-per-a-un-millor-seguiment-farmacoterapeutic-del-pacient\/","title":{"rendered":"Formular y dispensar cannabis medicinal en la farmacia comunitaria, clave para un mejor seguimiento farmacoterap\u00e9utico del paciente"},"content":{"rendered":"<ul class=\"wp-block-list\">\n<li>El Real decreto para regular el cannabis medicinal en Espa\u00f1a est\u00e1 actualmente en proceso de revisi\u00f3n por la UE, y se prev\u00e9 su publicaci\u00f3n en junio o julio de 2025<\/li>\n\n\n\n<li>Se calcula que 4,5 millones de espa\u00f1oles viven con dolor cr\u00f3nico neurop\u00e1tico, lo que supone un total del 9,21 TP3T de la poblaci\u00f3n<\/li>\n\n\n\n<li>El farmac\u00e9utico es un punto diferencial en la dosificaci\u00f3n, seguimiento y orientaci\u00f3n del cannabis medicinal para los pacientes<\/li>\n<\/ul>\n\n\n\n<figure class=\"wp-block-image size-large\"><a href=\"https:\/\/www.cofb.org\/wp-content\/uploads\/2025\/03\/COFB_INFARMA_CANNABIS-MEDICINAL_31032025.jpg\" target=\"_blank\" rel=\"noreferrer noopener\"><img fetchpriority=\"high\" decoding=\"async\" width=\"1024\" height=\"683\" src=\"https:\/\/www.cofb.org\/wp-content\/uploads\/2025\/03\/COFB_INFARMA_CANNABIS-MEDICINAL_31032025-1024x683.jpg\" alt=\"\" class=\"wp-image-81090\" srcset=\"https:\/\/www.cofb.org\/wp-content\/uploads\/2025\/03\/COFB_INFARMA_CANNABIS-MEDICINAL_31032025-1024x683.jpg 1024w, https:\/\/www.cofb.org\/wp-content\/uploads\/2025\/03\/COFB_INFARMA_CANNABIS-MEDICINAL_31032025-300x200.jpg 300w, https:\/\/www.cofb.org\/wp-content\/uploads\/2025\/03\/COFB_INFARMA_CANNABIS-MEDICINAL_31032025-768x512.jpg 768w, https:\/\/www.cofb.org\/wp-content\/uploads\/2025\/03\/COFB_INFARMA_CANNABIS-MEDICINAL_31032025-1536x1024.jpg 1536w, https:\/\/www.cofb.org\/wp-content\/uploads\/2025\/03\/COFB_INFARMA_CANNABIS-MEDICINAL_31032025-2048x1366.jpg 2048w, https:\/\/www.cofb.org\/wp-content\/uploads\/2025\/03\/COFB_INFARMA_CANNABIS-MEDICINAL_31032025-18x12.jpg 18w\" sizes=\"(max-width: 1024px) 100vw, 1024px\" \/><\/a><figcaption class=\"wp-element-caption\">De izquierda a derecha: Eduardo L\u00f3pez, Javier Miravete, Jos\u00e9 Allu\u00e9, Jes\u00fas de Santiago y Elena Manso.<\/figcaption><\/figure>\n\n\n\n<p><em>Barcelona, 31 de marzo de 2025. <\/em>Informarse, consultar y regular es clave para entender el estado de opini\u00f3n de los distintos espacios que ocupa cualquier medicamento. La conferencia <strong>&#039;Propuesta de regulaci\u00f3n del cannabis: \u00bfqu\u00e9 hay que saber?&#039;<\/strong> celebrada en el marco de<a href=\"https:\/\/www.infarma.es\/\" target=\"_blank\" rel=\"noreferrer noopener\">Infarma Barcelona 2025<\/a>, ha abordado estas cuestiones en relaci\u00f3n con la <strong>regulaci\u00f3n de esta planta con fines terap\u00e9uticos.<\/strong><\/p>\n\n\n\n<p>El moderador <strong>Josep Allu\u00e9<\/strong>, vocal de plantas medicinales del Colegio de Farmac\u00e9uticos de Barcelona (COFB), ha explicado que <strong>la regulaci\u00f3n del cannabis medicinal tiene una larga historia:<\/strong> en octubre de 2021 se solicit\u00f3 al Congreso de los Diputados la creaci\u00f3n de la subcomisi\u00f3n para su uso. Esta subcomisi\u00f3n elabor\u00f3 un documento en junio de 2022, que ha sido sometido dos veces a consulta. Actualmente, el documento se encuentra en proceso de revisi\u00f3n por parte de la Uni\u00f3n Europea (UE) y se prev\u00e9 que se apruebe en junio o julio de este a\u00f1o en forma de Real Decreto.<\/p>\n\n\n\n<h2 class=\"wp-block-heading\"><strong>Indicaciones del cannabis medicinal para el tratamiento del dolor<\/strong><\/h2>\n\n\n\n<p><strong>Jes\u00fas de Santiago<\/strong>, director Unidades de Dolor MIVI Canarias, especialista en anestesiolog\u00eda, reanimaci\u00f3n y tratamiento del dolor, coordinador del GTSED Cannabinoides, ha comentado en su intervenci\u00f3n que, seg\u00fan el posicionamiento de la Sociedad Espa\u00f1ola del Dolor (SET), los <strong>medicamentos hechos a base de cannabinoides (MdC) <\/strong>se pueden utilizar en <strong>tercera l\u00ednea de tratamiento para el dolor neurop\u00e1tico cr\u00f3nico<\/strong>. Para el resto de los tipos de dolor cr\u00f3nicos que sean refractarios a otros tratamientos con m\u00e1s evidencias, se recomienda realizar un <strong>ensayo terap\u00e9utico personalizado<\/strong>, ha a\u00f1adido.<\/p>\n\n\n\n<p>De Santiago ha mencionado tambi\u00e9n las indicaciones que m\u00e1s han demostrado evidencia de los cannabinoides en el tratamiento del dolor: <strong>el dolor cr\u00f3nico neurop\u00e1tico, el dolor oncol\u00f3gico, la endometriosis y el dolor nocipl\u00e1stico <\/strong>(dolor cr\u00f3nico primario, fibromialgia, entre otros).<\/p>\n\n\n\n<p>Por otra parte, detall\u00f3 <strong>c\u00f3mo afecta el dolor cr\u00f3nico neurop\u00e1tico<\/strong> y cu\u00e1l <strong>cantidad de pacientes lo sufren<\/strong>: <strong>&quot;El 9,2% de la poblaci\u00f3n espa\u00f1ola presenta dolor neurop\u00e1tico, estamos hablando de 4 millones y medio, que sufren un dolor dif\u00edcil de tratar, adem\u00e1s, casi el 50% de los pacientes terminan en unidades de dolor cr\u00f3nico&quot;<\/strong>.<\/p>\n\n\n\n<p>En el caso del <strong>cannabis medicinal<\/strong>, puede prescribirse con fines terap\u00e9uticos por parte de m\u00e9dicos especialistas en dolor, neurolog\u00eda o Neuro RHB, entre otros. Tal y como comenta De Santiago, los pacientes pueden recoger su medicaci\u00f3n en las farmacias hospitalarias, donde se les proporciona una f\u00f3rmula magistral con preparados estandarizados de cannabis.<\/p>\n\n\n\n<p>De hecho, el cannabis es una planta muy compleja que presenta cerca de 500 principios activos como el cannabinoides: &quot;Probablemente, es una de las primeras plantas que el ser humano cultiv\u00f3&quot;, como bien ha explicado <strong>Eduardo L\u00f3pez<\/strong>, jefe de secci\u00f3n en el servicio de farmacia del Hospital Universitario y Polit\u00e9cnico La Fe de Valencia Valencia.<\/p>\n\n\n\n<p>Seg\u00fan L\u00f3pez, el Real decreto ha venido a cubrir una necesidad real: <strong>estandarizar el tipo de producto y la concentraci\u00f3n de principios activos<\/strong>. En este sentido, este real decreto <strong>es necesario por tres cuestiones: resolver conocimiento cl\u00ednico, normalizar los preparados y educar a los pacientes y profesionales sobre el cannabis medicinal.<\/strong><\/p>\n\n\n\n<h2 class=\"wp-block-heading\"><strong>Pacientes que consumen cannabis medicinal<\/strong><\/h2>\n\n\n\n<p>Desde su experiencia, <strong>Javier Miravete<\/strong>, presidente de la Uni\u00f3n de Pacientes por la Regulaci\u00f3n del Cannabis Medicinal, ha afirmado que es necesario compartir la pr\u00e1ctica de un paciente que consume este principio activo: <strong>&quot;Estamos hablando de un medicamento que hay que saber pautar y dosificar para que lo sepamos prescribir de la forma adecuada con los pacientes&quot;.<\/strong><\/p>\n\n\n\n<p>Miravete ha puntualizado una opini\u00f3n clave de los pacientes que consumen cannabis medicinal: <strong>&quot;Muchos pacientes conf\u00edan en el farmac\u00e9utico, ya que puede dedicar tiempo a proporcionarles toda la informaci\u00f3n sobre el medicamento, gener\u00e1ndoles mayor seguridad&quot;<\/strong>.<\/p>\n\n\n\n<h2 class=\"wp-block-heading\"><strong>El papel de la oficina de Farmacia en la dispensaci\u00f3n de estupefacientes<\/strong><\/h2>\n\n\n\n<p><strong>Elena Manso<\/strong>, vocal de Formulaci\u00f3n Magistral del Colegio Oficial de Farmac\u00e9uticos de Madrid, ha mencionado que <strong>formular y dispensar en farmacia comunitaria es prioritario por la capilaridad, la experiencia en la dispensaci\u00f3n de estupefacientes y su formulaci\u00f3n, la calidad y trazabilidad del laboratorio formulista y el seguimiento farmacoterap\u00e9utico pero, sobre todo, por el paciente.<\/strong><\/p>\n\n\n\n<p>Manso ha recalcado que los farmac\u00e9uticos elaboran f\u00f3rmulas magistrales estupefacientes como la morfina, metadona, fentanilo, coca\u00edna, ketamina, que se dispensan en la farmacia comunitaria, pero tambi\u00e9n en farmacia hospitalaria: <strong>\u201cM\u00e1s de 300 referencias distintas de estupefacientes pueden dispensarse en la farmacia comunitaria\u201d.<\/strong><\/p>\n\n\n\n<p>Las farmacias est\u00e1n dotadas de farmac\u00e9uticos totalmente cualificados, quienes pueden realizar un seguimiento farmacoterap\u00e9utico que se puede realizar en una oficina de farmacia sin ning\u00fan problema, haciendo un protocolo perfecto con cada paciente: \u201cPor el paciente, por su comodidad, porque es igual de seguro y ya es una actuaci\u00f3n que hacemos desde las farmacias\u201d.<\/p>","protected":false},"excerpt":{"rendered":"<p>Barcelona, 31 de marzo de 2025. \u2013 Informarse, consultar y regular es clave para entender el estado de opini\u00f3n de los distintos espacios que ocupa cualquier medicamento. La conferencia &#039;Propuesta de regulaci\u00f3n del cannabis: \u00bfqu\u00e9 se debe saber?&#039; celebrada en el marco de Infarma Barcelona 2025, ha abordado estas cuestiones en relaci\u00f3n con la [\u2026]<\/p>","protected":false},"author":3,"featured_media":81090,"comment_status":"closed","ping_status":"closed","sticky":false,"template":"","format":"aside","meta":{"_uag_custom_page_level_css":"","site-sidebar-layout":"default","site-content-layout":"","ast-site-content-layout":"default","site-content-style":"default","site-sidebar-style":"default","ast-global-header-display":"","ast-banner-title-visibility":"","ast-main-header-display":"","ast-hfb-above-header-display":"","ast-hfb-below-header-display":"","ast-hfb-mobile-header-display":"","site-post-title":"","ast-breadcrumbs-content":"","ast-featured-img":"disabled","footer-sml-layout":"","theme-transparent-header-meta":"","adv-header-id-meta":"","stick-header-meta":"","header-above-stick-meta":"","header-main-stick-meta":"","header-below-stick-meta":"","astra-migrate-meta-layouts":"set","ast-page-background-enabled":"default","ast-page-background-meta":{"desktop":{"background-color":"var(--ast-global-color-4)","background-image":"","background-repeat":"repeat","background-position":"center center","background-size":"auto","background-attachment":"scroll","background-type":"","background-media":"","overlay-type":"","overlay-color":"","overlay-opacity":"","overlay-gradient":""},"tablet":{"background-color":"","background-image":"","background-repeat":"repeat","background-position":"center center","background-size":"auto","background-attachment":"scroll","background-type":"","background-media":"","overlay-type":"","overlay-color":"","overlay-opacity":"","overlay-gradient":""},"mobile":{"background-color":"","background-image":"","background-repeat":"repeat","background-position":"center center","background-size":"auto","background-attachment":"scroll","background-type":"","background-media":"","overlay-type":"","overlay-color":"","overlay-opacity":"","overlay-gradient":""}},"ast-content-background-meta":{"desktop":{"background-color":"var(--ast-global-color-5)","background-image":"","background-repeat":"repeat","background-position":"center center","background-size":"auto","background-attachment":"scroll","background-type":"","background-media":"","overlay-type":"","overlay-color":"","overlay-opacity":"","overlay-gradient":""},"tablet":{"background-color":"var(--ast-global-color-5)","background-image":"","background-repeat":"repeat","background-position":"center center","background-size":"auto","background-attachment":"scroll","background-type":"","background-media":"","overlay-type":"","overlay-color":"","overlay-opacity":"","overlay-gradient":""},"mobile":{"background-color":"var(--ast-global-color-5)","background-image":"","background-repeat":"repeat","background-position":"center center","background-size":"auto","background-attachment":"scroll","background-type":"","background-media":"","overlay-type":"","overlay-color":"","overlay-opacity":"","overlay-gradient":""}},"footnotes":""},"categories":[23,2165,1060],"tags":[393,649,18,19,520,5304,3989,5308,53,68,69,480,28,5047,76,823,5309,4106,267],"class_list":["post-81089","post","type-post","status-publish","format-aside","has-post-thumbnail","hentry","category-destacats","category-infarma","category-notes-premsa","tag-cannabis","tag-cannabis-medicinal","tag-cofb","tag-collegi-de-farmaceutics-de-barcelona","tag-conferencia","tag-conferencia-actualitat","tag-congres-europeu-doficina-de-farmacia","tag-decret","tag-farmaceutics","tag-farmacia","tag-farmacia-comunitaria","tag-farmacia-hospitalaria","tag-infarma","tag-infarma-barcelona-2025","tag-oficina-de-farmacia","tag-regulacio","tag-reial-decret","tag-salo-i-congres-europeu-de-farmacia","tag-seguiment-farmacoterapeutic","post_format-post-format-aside"],"yoast_head":"<!-- This site is optimized with the Yoast SEO plugin v22.4 - https:\/\/yoast.com\/wordpress\/plugins\/seo\/ -->\n<title>Formular i dispensar c\u00e0nnabis medicinal a la farm\u00e0cia comunit\u00e0ria, clau per a un millor seguiment farmacoterap\u00e8utic del pacient - Col\u00b7legi de Farmac\u00e8utics de Barcelona<\/title>\n<meta name=\"description\" content=\"La confer\u00e8ncia \u2018Proposada de regulaci\u00f3 del c\u00e0nnabis: qu\u00e8 cal saber?\u2019 celebrada en el marc d&#039;Infarma Barcelona 2025, ha abordat diferents q\u00fcestions en relaci\u00f3 amb la regulaci\u00f3 d&#039;aquesta planta amb finalitats terap\u00e8utiques.\" \/>\n<meta name=\"robots\" content=\"index, follow, max-snippet:-1, max-image-preview:large, max-video-preview:-1\" \/>\n<link rel=\"canonical\" href=\"https:\/\/www.cofb.org\/es\/2025\/03\/31\/formular-i-dispensar-cannabis-medicinal-ala-farmacia-comunitaria-clau-per-a-un-millor-seguiment-farmacoterapeutic-del-pacient\/\" \/>\n<meta property=\"og:locale\" content=\"es_ES\" \/>\n<meta property=\"og:type\" content=\"article\" \/>\n<meta property=\"og:title\" content=\"Formular i dispensar c\u00e0nnabis medicinal a la farm\u00e0cia comunit\u00e0ria, clau per a un millor seguiment farmacoterap\u00e8utic del pacient - Col\u00b7legi de Farmac\u00e8utics de Barcelona\" \/>\n<meta property=\"og:description\" content=\"La confer\u00e8ncia \u2018Proposada de regulaci\u00f3 del c\u00e0nnabis: qu\u00e8 cal saber?\u2019 celebrada en el marc d&#039;Infarma Barcelona 2025, ha abordat diferents q\u00fcestions en relaci\u00f3 amb la regulaci\u00f3 d&#039;aquesta planta amb finalitats terap\u00e8utiques.\" \/>\n<meta property=\"og:url\" content=\"https:\/\/www.cofb.org\/es\/2025\/03\/31\/formular-i-dispensar-cannabis-medicinal-ala-farmacia-comunitaria-clau-per-a-un-millor-seguiment-farmacoterapeutic-del-pacient\/\" \/>\n<meta property=\"og:site_name\" content=\"Col\u00b7legi de Farmac\u00e8utics de Barcelona\" \/>\n<meta property=\"article:publisher\" content=\"https:\/\/www.facebook.com\/farmaceuticsbcn\/\" \/>\n<meta property=\"article:published_time\" content=\"2025-03-31T14:35:29+00:00\" \/>\n<meta property=\"article:modified_time\" content=\"2025-03-31T14:54:28+00:00\" \/>\n<meta property=\"og:image\" content=\"https:\/\/www.cofb.org\/wp-content\/uploads\/2025\/03\/COFB_INFARMA_CANNABIS-MEDICINAL_31032025.jpg\" \/>\n\t<meta property=\"og:image:width\" content=\"2362\" \/>\n\t<meta property=\"og:image:height\" content=\"1575\" \/>\n\t<meta property=\"og:image:type\" content=\"image\/jpeg\" \/>\n<meta name=\"author\" content=\"Berta Mart\u00ednez\" \/>\n<meta name=\"twitter:card\" content=\"summary_large_image\" \/>\n<meta name=\"twitter:creator\" content=\"@farmaceuticsbcn\" \/>\n<meta name=\"twitter:site\" content=\"@farmaceuticsbcn\" \/>\n<meta name=\"twitter:label1\" content=\"Escrito por\" \/>\n\t<meta name=\"twitter:data1\" content=\"Berta Mart\u00ednez\" \/>\n\t<meta name=\"twitter:label2\" content=\"Tiempo de lectura\" \/>\n\t<meta name=\"twitter:data2\" content=\"5 minutos\" \/>\n<script type=\"application\/ld+json\" class=\"yoast-schema-graph\">{\"@context\":\"https:\/\/schema.org\",\"@graph\":[{\"@type\":\"Article\",\"@id\":\"https:\/\/www.cofb.org\/2025\/03\/31\/formular-i-dispensar-cannabis-medicinal-ala-farmacia-comunitaria-clau-per-a-un-millor-seguiment-farmacoterapeutic-del-pacient\/#article\",\"isPartOf\":{\"@id\":\"https:\/\/www.cofb.org\/2025\/03\/31\/formular-i-dispensar-cannabis-medicinal-ala-farmacia-comunitaria-clau-per-a-un-millor-seguiment-farmacoterapeutic-del-pacient\/\"},\"author\":{\"name\":\"Berta Mart\u00ednez\",\"@id\":\"https:\/\/www.cofb.org\/#\/schema\/person\/f32de3b41b812c85ff923cb4cc849063\"},\"headline\":\"Formular i dispensar c\u00e0nnabis medicinal a la farm\u00e0cia comunit\u00e0ria, clau per a un millor seguiment farmacoterap\u00e8utic del pacient\",\"datePublished\":\"2025-03-31T14:35:29+00:00\",\"dateModified\":\"2025-03-31T14:54:28+00:00\",\"mainEntityOfPage\":{\"@id\":\"https:\/\/www.cofb.org\/2025\/03\/31\/formular-i-dispensar-cannabis-medicinal-ala-farmacia-comunitaria-clau-per-a-un-millor-seguiment-farmacoterapeutic-del-pacient\/\"},\"wordCount\":956,\"publisher\":{\"@id\":\"https:\/\/www.cofb.org\/#organization\"},\"image\":{\"@id\":\"https:\/\/www.cofb.org\/2025\/03\/31\/formular-i-dispensar-cannabis-medicinal-ala-farmacia-comunitaria-clau-per-a-un-millor-seguiment-farmacoterapeutic-del-pacient\/#primaryimage\"},\"thumbnailUrl\":\"https:\/\/www.cofb.org\/wp-content\/uploads\/2025\/03\/COFB_INFARMA_CANNABIS-MEDICINAL_31032025.jpg\",\"keywords\":[\"c\u00e0nnabis\",\"cannabis medicinal\",\"COFB\",\"Col\u00b7legi de Farmac\u00e8utics de Barcelona\",\"confer\u00e8ncia\",\"confer\u00e8ncia actualitat\",\"Congr\u00e9s europeu d'oficina de farm\u00e0cia\",\"Decret\",\"farmac\u00e8utics\",\"Farm\u00e0cia\",\"farm\u00e0cia comunit\u00e0ria\",\"farm\u00e0cia hospital\u00e0ria\",\"Infarma\",\"Infarma Barcelona 2025\",\"Oficina de farm\u00e0cia\",\"regulaci\u00f3\",\"Reial decret\",\"Sal\u00f3 i Congr\u00e9s Europeu de Farm\u00e0cia\",\"seguiment farmacoterap\u00e8utic\"],\"articleSection\":[\"Destacats\",\"Infarma\",\"Notes de premsa\"],\"inLanguage\":\"es\"},{\"@type\":\"WebPage\",\"@id\":\"https:\/\/www.cofb.org\/2025\/03\/31\/formular-i-dispensar-cannabis-medicinal-ala-farmacia-comunitaria-clau-per-a-un-millor-seguiment-farmacoterapeutic-del-pacient\/\",\"url\":\"https:\/\/www.cofb.org\/2025\/03\/31\/formular-i-dispensar-cannabis-medicinal-ala-farmacia-comunitaria-clau-per-a-un-millor-seguiment-farmacoterapeutic-del-pacient\/\",\"name\":\"Formular i dispensar c\u00e0nnabis medicinal a la farm\u00e0cia comunit\u00e0ria, clau per a un millor seguiment farmacoterap\u00e8utic del pacient - Col\u00b7legi de Farmac\u00e8utics de Barcelona\",\"isPartOf\":{\"@id\":\"https:\/\/www.cofb.org\/#website\"},\"primaryImageOfPage\":{\"@id\":\"https:\/\/www.cofb.org\/2025\/03\/31\/formular-i-dispensar-cannabis-medicinal-ala-farmacia-comunitaria-clau-per-a-un-millor-seguiment-farmacoterapeutic-del-pacient\/#primaryimage\"},\"image\":{\"@id\":\"https:\/\/www.cofb.org\/2025\/03\/31\/formular-i-dispensar-cannabis-medicinal-ala-farmacia-comunitaria-clau-per-a-un-millor-seguiment-farmacoterapeutic-del-pacient\/#primaryimage\"},\"thumbnailUrl\":\"https:\/\/www.cofb.org\/wp-content\/uploads\/2025\/03\/COFB_INFARMA_CANNABIS-MEDICINAL_31032025.jpg\",\"datePublished\":\"2025-03-31T14:35:29+00:00\",\"dateModified\":\"2025-03-31T14:54:28+00:00\",\"description\":\"La confer\u00e8ncia \u2018Proposada de regulaci\u00f3 del c\u00e0nnabis: qu\u00e8 cal saber?\u2019 celebrada en el marc d'Infarma Barcelona 2025, ha abordat diferents q\u00fcestions en relaci\u00f3 amb la regulaci\u00f3 d'aquesta planta amb finalitats terap\u00e8utiques.\",\"breadcrumb\":{\"@id\":\"https:\/\/www.cofb.org\/2025\/03\/31\/formular-i-dispensar-cannabis-medicinal-ala-farmacia-comunitaria-clau-per-a-un-millor-seguiment-farmacoterapeutic-del-pacient\/#breadcrumb\"},\"inLanguage\":\"es\",\"potentialAction\":[{\"@type\":\"ReadAction\",\"target\":[\"https:\/\/www.cofb.org\/2025\/03\/31\/formular-i-dispensar-cannabis-medicinal-ala-farmacia-comunitaria-clau-per-a-un-millor-seguiment-farmacoterapeutic-del-pacient\/\"]}]},{\"@type\":\"ImageObject\",\"inLanguage\":\"es\",\"@id\":\"https:\/\/www.cofb.org\/2025\/03\/31\/formular-i-dispensar-cannabis-medicinal-ala-farmacia-comunitaria-clau-per-a-un-millor-seguiment-farmacoterapeutic-del-pacient\/#primaryimage\",\"url\":\"https:\/\/www.cofb.org\/wp-content\/uploads\/2025\/03\/COFB_INFARMA_CANNABIS-MEDICINAL_31032025.jpg\",\"contentUrl\":\"https:\/\/www.cofb.org\/wp-content\/uploads\/2025\/03\/COFB_INFARMA_CANNABIS-MEDICINAL_31032025.jpg\",\"width\":2362,\"height\":1575,\"caption\":\"D'esquerra a dreta: Eduardo L\u00f3pez, Javier Miravete, Josep Allu\u00e9, Jes\u00fas de Santiago i Elena Manso.\"},{\"@type\":\"BreadcrumbList\",\"@id\":\"https:\/\/www.cofb.org\/2025\/03\/31\/formular-i-dispensar-cannabis-medicinal-ala-farmacia-comunitaria-clau-per-a-un-millor-seguiment-farmacoterapeutic-del-pacient\/#breadcrumb\",\"itemListElement\":[{\"@type\":\"ListItem\",\"position\":1,\"name\":\"Inici\",\"item\":\"https:\/\/novaorg.cofb.net\/\"},{\"@type\":\"ListItem\",\"position\":2,\"name\":\"Formular i dispensar c\u00e0nnabis medicinal a la farm\u00e0cia comunit\u00e0ria, clau per a un millor seguiment farmacoterap\u00e8utic del pacient\"}]},{\"@type\":\"WebSite\",\"@id\":\"https:\/\/www.cofb.org\/#website\",\"url\":\"https:\/\/www.cofb.org\/\",\"name\":\"Col\u00b7legi de Farmac\u00e8utics de Barcelona\",\"description\":\"\",\"publisher\":{\"@id\":\"https:\/\/www.cofb.org\/#organization\"},\"potentialAction\":[{\"@type\":\"SearchAction\",\"target\":{\"@type\":\"EntryPoint\",\"urlTemplate\":\"https:\/\/www.cofb.org\/?s={search_term_string}\"},\"query-input\":\"required name=search_term_string\"}],\"inLanguage\":\"es\"},{\"@type\":\"Organization\",\"@id\":\"https:\/\/www.cofb.org\/#organization\",\"name\":\"Col\u00b7legi de Farmac\u00e8utics de Barcelona\",\"url\":\"https:\/\/www.cofb.org\/\",\"logo\":{\"@type\":\"ImageObject\",\"inLanguage\":\"es\",\"@id\":\"https:\/\/www.cofb.org\/#\/schema\/logo\/image\/\",\"url\":\"https:\/\/www.cofb.org\/wp-content\/uploads\/2023\/11\/cropped-Logotip-COFB.png\",\"contentUrl\":\"https:\/\/www.cofb.org\/wp-content\/uploads\/2023\/11\/cropped-Logotip-COFB.png\",\"width\":500,\"height\":105,\"caption\":\"Col\u00b7legi de Farmac\u00e8utics de Barcelona\"},\"image\":{\"@id\":\"https:\/\/www.cofb.org\/#\/schema\/logo\/image\/\"},\"sameAs\":[\"https:\/\/www.facebook.com\/farmaceuticsbcn\/\",\"https:\/\/twitter.com\/farmaceuticsbcn\",\"https:\/\/www.instagram.com\/farmaceuticsbcn\/\",\"https:\/\/www.linkedin.com\/company\/farmaceuticsbcn\/\"]},{\"@type\":\"Person\",\"@id\":\"https:\/\/www.cofb.org\/#\/schema\/person\/f32de3b41b812c85ff923cb4cc849063\",\"name\":\"Berta Mart\u00ednez\",\"image\":{\"@type\":\"ImageObject\",\"inLanguage\":\"es\",\"@id\":\"https:\/\/www.cofb.org\/#\/schema\/person\/image\/\",\"url\":\"https:\/\/secure.gravatar.com\/avatar\/d4c584dab5da1ee9e3c3df161c0aabec7075cc8211cd46ffc79bfe177aa78b01?s=96&d=mm&r=g\",\"contentUrl\":\"https:\/\/secure.gravatar.com\/avatar\/d4c584dab5da1ee9e3c3df161c0aabec7075cc8211cd46ffc79bfe177aa78b01?s=96&d=mm&r=g\",\"caption\":\"Berta Mart\u00ednez\"},\"url\":\"https:\/\/www.cofb.org\/es\/author\/bmartinez\/\"}]}<\/script>\n<!-- \/ Yoast SEO plugin. -->","yoast_head_json":{"title":"Formular i dispensar c\u00e0nnabis medicinal a la farm\u00e0cia comunit\u00e0ria, clau per a un millor seguiment farmacoterap\u00e8utic del pacient - Col\u00b7legi de Farmac\u00e8utics de Barcelona","description":"La confer\u00e8ncia \u2018Proposada de regulaci\u00f3 del c\u00e0nnabis: qu\u00e8 cal saber?\u2019 celebrada en el marc d'Infarma Barcelona 2025, ha abordat diferents q\u00fcestions en relaci\u00f3 amb la regulaci\u00f3 d'aquesta planta amb finalitats terap\u00e8utiques.","robots":{"index":"index","follow":"follow","max-snippet":"max-snippet:-1","max-image-preview":"max-image-preview:large","max-video-preview":"max-video-preview:-1"},"canonical":"https:\/\/www.cofb.org\/es\/2025\/03\/31\/formular-i-dispensar-cannabis-medicinal-ala-farmacia-comunitaria-clau-per-a-un-millor-seguiment-farmacoterapeutic-del-pacient\/","og_locale":"es_ES","og_type":"article","og_title":"Formular i dispensar c\u00e0nnabis medicinal a la farm\u00e0cia comunit\u00e0ria, clau per a un millor seguiment farmacoterap\u00e8utic del pacient - Col\u00b7legi de Farmac\u00e8utics de Barcelona","og_description":"La confer\u00e8ncia \u2018Proposada de regulaci\u00f3 del c\u00e0nnabis: qu\u00e8 cal saber?\u2019 celebrada en el marc d'Infarma Barcelona 2025, ha abordat diferents q\u00fcestions en relaci\u00f3 amb la regulaci\u00f3 d'aquesta planta amb finalitats terap\u00e8utiques.","og_url":"https:\/\/www.cofb.org\/es\/2025\/03\/31\/formular-i-dispensar-cannabis-medicinal-ala-farmacia-comunitaria-clau-per-a-un-millor-seguiment-farmacoterapeutic-del-pacient\/","og_site_name":"Col\u00b7legi de Farmac\u00e8utics de Barcelona","article_publisher":"https:\/\/www.facebook.com\/farmaceuticsbcn\/","article_published_time":"2025-03-31T14:35:29+00:00","article_modified_time":"2025-03-31T14:54:28+00:00","og_image":[{"width":2362,"height":1575,"url":"https:\/\/www.cofb.org\/wp-content\/uploads\/2025\/03\/COFB_INFARMA_CANNABIS-MEDICINAL_31032025.jpg","type":"image\/jpeg"}],"author":"Berta Mart\u00ednez","twitter_card":"summary_large_image","twitter_creator":"@farmaceuticsbcn","twitter_site":"@farmaceuticsbcn","twitter_misc":{"Escrito por":"Berta Mart\u00ednez","Tiempo de lectura":"5 minutos"},"schema":{"@context":"https:\/\/schema.org","@graph":[{"@type":"Article","@id":"https:\/\/www.cofb.org\/2025\/03\/31\/formular-i-dispensar-cannabis-medicinal-ala-farmacia-comunitaria-clau-per-a-un-millor-seguiment-farmacoterapeutic-del-pacient\/#article","isPartOf":{"@id":"https:\/\/www.cofb.org\/2025\/03\/31\/formular-i-dispensar-cannabis-medicinal-ala-farmacia-comunitaria-clau-per-a-un-millor-seguiment-farmacoterapeutic-del-pacient\/"},"author":{"name":"Berta Mart\u00ednez","@id":"https:\/\/www.cofb.org\/#\/schema\/person\/f32de3b41b812c85ff923cb4cc849063"},"headline":"Formular i dispensar c\u00e0nnabis medicinal a la farm\u00e0cia comunit\u00e0ria, clau per a un millor seguiment farmacoterap\u00e8utic del pacient","datePublished":"2025-03-31T14:35:29+00:00","dateModified":"2025-03-31T14:54:28+00:00","mainEntityOfPage":{"@id":"https:\/\/www.cofb.org\/2025\/03\/31\/formular-i-dispensar-cannabis-medicinal-ala-farmacia-comunitaria-clau-per-a-un-millor-seguiment-farmacoterapeutic-del-pacient\/"},"wordCount":956,"publisher":{"@id":"https:\/\/www.cofb.org\/#organization"},"image":{"@id":"https:\/\/www.cofb.org\/2025\/03\/31\/formular-i-dispensar-cannabis-medicinal-ala-farmacia-comunitaria-clau-per-a-un-millor-seguiment-farmacoterapeutic-del-pacient\/#primaryimage"},"thumbnailUrl":"https:\/\/www.cofb.org\/wp-content\/uploads\/2025\/03\/COFB_INFARMA_CANNABIS-MEDICINAL_31032025.jpg","keywords":["c\u00e0nnabis","cannabis medicinal","COFB","Col\u00b7legi de Farmac\u00e8utics de Barcelona","confer\u00e8ncia","confer\u00e8ncia actualitat","Congr\u00e9s europeu d'oficina de farm\u00e0cia","Decret","farmac\u00e8utics","Farm\u00e0cia","farm\u00e0cia comunit\u00e0ria","farm\u00e0cia hospital\u00e0ria","Infarma","Infarma Barcelona 2025","Oficina de farm\u00e0cia","regulaci\u00f3","Reial decret","Sal\u00f3 i Congr\u00e9s Europeu de Farm\u00e0cia","seguiment farmacoterap\u00e8utic"],"articleSection":["Destacats","Infarma","Notes de premsa"],"inLanguage":"es"},{"@type":"WebPage","@id":"https:\/\/www.cofb.org\/2025\/03\/31\/formular-i-dispensar-cannabis-medicinal-ala-farmacia-comunitaria-clau-per-a-un-millor-seguiment-farmacoterapeutic-del-pacient\/","url":"https:\/\/www.cofb.org\/2025\/03\/31\/formular-i-dispensar-cannabis-medicinal-ala-farmacia-comunitaria-clau-per-a-un-millor-seguiment-farmacoterapeutic-del-pacient\/","name":"Formular i dispensar c\u00e0nnabis medicinal a la farm\u00e0cia comunit\u00e0ria, clau per a un millor seguiment farmacoterap\u00e8utic del pacient - Col\u00b7legi de Farmac\u00e8utics de Barcelona","isPartOf":{"@id":"https:\/\/www.cofb.org\/#website"},"primaryImageOfPage":{"@id":"https:\/\/www.cofb.org\/2025\/03\/31\/formular-i-dispensar-cannabis-medicinal-ala-farmacia-comunitaria-clau-per-a-un-millor-seguiment-farmacoterapeutic-del-pacient\/#primaryimage"},"image":{"@id":"https:\/\/www.cofb.org\/2025\/03\/31\/formular-i-dispensar-cannabis-medicinal-ala-farmacia-comunitaria-clau-per-a-un-millor-seguiment-farmacoterapeutic-del-pacient\/#primaryimage"},"thumbnailUrl":"https:\/\/www.cofb.org\/wp-content\/uploads\/2025\/03\/COFB_INFARMA_CANNABIS-MEDICINAL_31032025.jpg","datePublished":"2025-03-31T14:35:29+00:00","dateModified":"2025-03-31T14:54:28+00:00","description":"La confer\u00e8ncia \u2018Proposada de regulaci\u00f3 del c\u00e0nnabis: qu\u00e8 cal saber?\u2019 celebrada en el marc d'Infarma Barcelona 2025, ha abordat diferents q\u00fcestions en relaci\u00f3 amb la regulaci\u00f3 d'aquesta planta amb finalitats terap\u00e8utiques.","breadcrumb":{"@id":"https:\/\/www.cofb.org\/2025\/03\/31\/formular-i-dispensar-cannabis-medicinal-ala-farmacia-comunitaria-clau-per-a-un-millor-seguiment-farmacoterapeutic-del-pacient\/#breadcrumb"},"inLanguage":"es","potentialAction":[{"@type":"ReadAction","target":["https:\/\/www.cofb.org\/2025\/03\/31\/formular-i-dispensar-cannabis-medicinal-ala-farmacia-comunitaria-clau-per-a-un-millor-seguiment-farmacoterapeutic-del-pacient\/"]}]},{"@type":"ImageObject","inLanguage":"es","@id":"https:\/\/www.cofb.org\/2025\/03\/31\/formular-i-dispensar-cannabis-medicinal-ala-farmacia-comunitaria-clau-per-a-un-millor-seguiment-farmacoterapeutic-del-pacient\/#primaryimage","url":"https:\/\/www.cofb.org\/wp-content\/uploads\/2025\/03\/COFB_INFARMA_CANNABIS-MEDICINAL_31032025.jpg","contentUrl":"https:\/\/www.cofb.org\/wp-content\/uploads\/2025\/03\/COFB_INFARMA_CANNABIS-MEDICINAL_31032025.jpg","width":2362,"height":1575,"caption":"D'esquerra a dreta: Eduardo L\u00f3pez, Javier Miravete, Josep Allu\u00e9, Jes\u00fas de Santiago i Elena Manso."},{"@type":"BreadcrumbList","@id":"https:\/\/www.cofb.org\/2025\/03\/31\/formular-i-dispensar-cannabis-medicinal-ala-farmacia-comunitaria-clau-per-a-un-millor-seguiment-farmacoterapeutic-del-pacient\/#breadcrumb","itemListElement":[{"@type":"ListItem","position":1,"name":"Inici","item":"https:\/\/novaorg.cofb.net\/"},{"@type":"ListItem","position":2,"name":"Formular i dispensar c\u00e0nnabis medicinal a la farm\u00e0cia comunit\u00e0ria, clau per a un millor seguiment farmacoterap\u00e8utic del pacient"}]},{"@type":"WebSite","@id":"https:\/\/www.cofb.org\/#website","url":"https:\/\/www.cofb.org\/","name":"Col\u00b7legi de Farmac\u00e8utics de Barcelona","description":"","publisher":{"@id":"https:\/\/www.cofb.org\/#organization"},"potentialAction":[{"@type":"SearchAction","target":{"@type":"EntryPoint","urlTemplate":"https:\/\/www.cofb.org\/?s={search_term_string}"},"query-input":"required name=search_term_string"}],"inLanguage":"es"},{"@type":"Organization","@id":"https:\/\/www.cofb.org\/#organization","name":"Col\u00b7legi de Farmac\u00e8utics de Barcelona","url":"https:\/\/www.cofb.org\/","logo":{"@type":"ImageObject","inLanguage":"es","@id":"https:\/\/www.cofb.org\/#\/schema\/logo\/image\/","url":"https:\/\/www.cofb.org\/wp-content\/uploads\/2023\/11\/cropped-Logotip-COFB.png","contentUrl":"https:\/\/www.cofb.org\/wp-content\/uploads\/2023\/11\/cropped-Logotip-COFB.png","width":500,"height":105,"caption":"Col\u00b7legi de Farmac\u00e8utics de Barcelona"},"image":{"@id":"https:\/\/www.cofb.org\/#\/schema\/logo\/image\/"},"sameAs":["https:\/\/www.facebook.com\/farmaceuticsbcn\/","https:\/\/twitter.com\/farmaceuticsbcn","https:\/\/www.instagram.com\/farmaceuticsbcn\/","https:\/\/www.linkedin.com\/company\/farmaceuticsbcn\/"]},{"@type":"Person","@id":"https:\/\/www.cofb.org\/#\/schema\/person\/f32de3b41b812c85ff923cb4cc849063","name":"Berta Mart\u00ednez","image":{"@type":"ImageObject","inLanguage":"es","@id":"https:\/\/www.cofb.org\/#\/schema\/person\/image\/","url":"https:\/\/secure.gravatar.com\/avatar\/d4c584dab5da1ee9e3c3df161c0aabec7075cc8211cd46ffc79bfe177aa78b01?s=96&d=mm&r=g","contentUrl":"https:\/\/secure.gravatar.com\/avatar\/d4c584dab5da1ee9e3c3df161c0aabec7075cc8211cd46ffc79bfe177aa78b01?s=96&d=mm&r=g","caption":"Berta Mart\u00ednez"},"url":"https:\/\/www.cofb.org\/es\/author\/bmartinez\/"}]}},"uagb_featured_image_src":{"full":["https:\/\/www.cofb.org\/wp-content\/uploads\/2025\/03\/COFB_INFARMA_CANNABIS-MEDICINAL_31032025.jpg",2362,1575,false],"thumbnail":["https:\/\/www.cofb.org\/wp-content\/uploads\/2025\/03\/COFB_INFARMA_CANNABIS-MEDICINAL_31032025-150x150.jpg",150,150,true],"medium":["https:\/\/www.cofb.org\/wp-content\/uploads\/2025\/03\/COFB_INFARMA_CANNABIS-MEDICINAL_31032025-300x200.jpg",300,200,true],"medium_large":["https:\/\/www.cofb.org\/wp-content\/uploads\/2025\/03\/COFB_INFARMA_CANNABIS-MEDICINAL_31032025-768x512.jpg",768,512,true],"large":["https:\/\/www.cofb.org\/wp-content\/uploads\/2025\/03\/COFB_INFARMA_CANNABIS-MEDICINAL_31032025-1024x683.jpg",1024,683,true],"1536x1536":["https:\/\/www.cofb.org\/wp-content\/uploads\/2025\/03\/COFB_INFARMA_CANNABIS-MEDICINAL_31032025-1536x1024.jpg",1536,1024,true],"2048x2048":["https:\/\/www.cofb.org\/wp-content\/uploads\/2025\/03\/COFB_INFARMA_CANNABIS-MEDICINAL_31032025-2048x1366.jpg",2048,1366,true],"trp-custom-language-flag":["https:\/\/www.cofb.org\/wp-content\/uploads\/2025\/03\/COFB_INFARMA_CANNABIS-MEDICINAL_31032025-18x12.jpg",18,12,true]},"uagb_author_info":{"display_name":"Berta Mart\u00ednez","author_link":"https:\/\/www.cofb.org\/es\/author\/bmartinez\/"},"uagb_comment_info":0,"uagb_excerpt":"Barcelona, 31 de mar\u00e7 de 2025. \u2013 Informar-se, consultar i regular \u00e9s clau per a entendre l&#8217;estat d&#8217;opini\u00f3 dels diferents espais que ocupa qualsevol medicament. La confer\u00e8ncia \u2018Proposada de regulaci\u00f3 del c\u00e0nnabis: qu\u00e8 cal saber?\u2019 celebrada en el marc d&#8217;Infarma Barcelona 2025, ha abordat aquestes q\u00fcestions en relaci\u00f3 amb la [&hellip;]","_links":{"self":[{"href":"https:\/\/www.cofb.org\/es\/wp-json\/wp\/v2\/posts\/81089","targetHints":{"allow":["GET"]}}],"collection":[{"href":"https:\/\/www.cofb.org\/es\/wp-json\/wp\/v2\/posts"}],"about":[{"href":"https:\/\/www.cofb.org\/es\/wp-json\/wp\/v2\/types\/post"}],"author":[{"embeddable":true,"href":"https:\/\/www.cofb.org\/es\/wp-json\/wp\/v2\/users\/3"}],"replies":[{"embeddable":true,"href":"https:\/\/www.cofb.org\/es\/wp-json\/wp\/v2\/comments?post=81089"}],"version-history":[{"count":6,"href":"https:\/\/www.cofb.org\/es\/wp-json\/wp\/v2\/posts\/81089\/revisions"}],"predecessor-version":[{"id":81096,"href":"https:\/\/www.cofb.org\/es\/wp-json\/wp\/v2\/posts\/81089\/revisions\/81096"}],"wp:featuredmedia":[{"embeddable":true,"href":"https:\/\/www.cofb.org\/es\/wp-json\/wp\/v2\/media\/81090"}],"wp:attachment":[{"href":"https:\/\/www.cofb.org\/es\/wp-json\/wp\/v2\/media?parent=81089"}],"wp:term":[{"taxonomy":"category","embeddable":true,"href":"https:\/\/www.cofb.org\/es\/wp-json\/wp\/v2\/categories?post=81089"},{"taxonomy":"post_tag","embeddable":true,"href":"https:\/\/www.cofb.org\/es\/wp-json\/wp\/v2\/tags?post=81089"}],"curies":[{"name":"wp","href":"https:\/\/api.w.org\/{rel}","templated":true}]}}