{"id":81014,"date":"2025-03-26T16:11:53","date_gmt":"2025-03-26T16:11:53","guid":{"rendered":"https:\/\/www.cofb.org\/?p=81014"},"modified":"2025-03-26T16:15:47","modified_gmt":"2025-03-26T16:15:47","slug":"les-xarxes-socials-influeixen-en-la-distorsio-de-la-imatge-corporal-generant-afeccions-com-la-vigorexia-i-la-cosmeticorexia","status":"publish","type":"post","link":"https:\/\/www.cofb.org\/es\/2025\/03\/26\/les-xarxes-socials-influeixen-en-la-distorsio-de-la-imatge-corporal-generant-afeccions-com-la-vigorexia-i-la-cosmeticorexia\/","title":{"rendered":"Las redes sociales influyen en la distorsi\u00f3n de la imagen corporal, generando afecciones como la vigorexia y la cosm\u00e9ticorexia"},"content":{"rendered":"<ul class=\"wp-block-list\">\n<li>La demanda de productos de nutrici\u00f3n deportiva aument\u00f3 un 15% el pasado a\u00f1o con un elevado auge en suplementos de prote\u00ednas<\/li>\n\n\n\n<li>Infarma Barcelona 2025 reflexiona sobre el papel de la oficina de farmacia ante el aumento de consultas sobre salud e imagen corporal, y los trastornos asociados a consecuencia de una alta presi\u00f3n social por la imagen<\/li>\n<\/ul>\n\n\n\n<figure class=\"wp-block-image size-large\"><a href=\"https:\/\/www.cofb.org\/wp-content\/uploads\/2025\/03\/COFB_REPTES-DE-SALUT-MENTAL_26032025_3.jpg\" target=\"_blank\" rel=\"noreferrer noopener\"><img fetchpriority=\"high\" decoding=\"async\" width=\"1024\" height=\"683\" src=\"https:\/\/www.cofb.org\/wp-content\/uploads\/2025\/03\/COFB_REPTES-DE-SALUT-MENTAL_26032025_3-1024x683.jpg\" alt=\"D'esquerra a dreta: Virtudes Roig, Rosa Molina i \u00d3scar L\u00f3pez. \" class=\"wp-image-81019\" srcset=\"https:\/\/www.cofb.org\/wp-content\/uploads\/2025\/03\/COFB_REPTES-DE-SALUT-MENTAL_26032025_3-1024x683.jpg 1024w, https:\/\/www.cofb.org\/wp-content\/uploads\/2025\/03\/COFB_REPTES-DE-SALUT-MENTAL_26032025_3-300x200.jpg 300w, https:\/\/www.cofb.org\/wp-content\/uploads\/2025\/03\/COFB_REPTES-DE-SALUT-MENTAL_26032025_3-768x512.jpg 768w, https:\/\/www.cofb.org\/wp-content\/uploads\/2025\/03\/COFB_REPTES-DE-SALUT-MENTAL_26032025_3-1536x1024.jpg 1536w, https:\/\/www.cofb.org\/wp-content\/uploads\/2025\/03\/COFB_REPTES-DE-SALUT-MENTAL_26032025_3-2048x1366.jpg 2048w, https:\/\/www.cofb.org\/wp-content\/uploads\/2025\/03\/COFB_REPTES-DE-SALUT-MENTAL_26032025_3-18x12.jpg 18w\" sizes=\"(max-width: 1024px) 100vw, 1024px\" \/><\/a><figcaption class=\"wp-element-caption\">De izquierda a derecha: Virtudes Roig, Rosa Molina y \u00d3scar L\u00f3pez. <\/figcaption><\/figure>\n\n\n\n<p><em>Barcelona, 26 de marzo de 2025. <\/em>Con frecuencia, muchos<strong> pacientes consultan en su oficina de farmacia por cuestiones diversas: c\u00f3mo aumentar la masa muscular, perder peso, cuidar la imagen corporal\u2026<\/strong> Y, a veces, estas preocupaciones pueden llegar a generar un <strong>problema de salud mental respecto a la propia concepci\u00f3n de la imagen corporal.<\/strong><\/p>\n\n\n\n<p>Esta tem\u00e1tica ha sido la protagonista de una de las<strong> conferencias de actualidad de<a href=\"https:\/\/www.infarma.es\/\" target=\"_blank\" rel=\"noreferrer noopener\">Infarma Barcelona 2025<\/a><\/strong>: <strong>&quot;De la vigorexia a la cosm\u00e9ticorexia: nuevos retos en salud mental e imagen corporal&quot; <\/strong>que reuni\u00f3 <strong>Virtudes Rojo<\/strong>, farmac\u00e9utica comunitaria en Valencia, y la <strong>Dra. Rosa Molina<\/strong>, psiquiatra en el Hospital Cl\u00ednico San Carlos de Madrid, docente universitaria y divulgadora, para reflexionar sobre el incremento de estas situaciones y cu\u00e1l es el papel del farmac\u00e9utico para manejar de forma correcta este tipo de consultas y orientar a los usuarios.<\/p>\n\n\n\n<h2 class=\"wp-block-heading\">La distorsi\u00f3n de la identidad: cosm\u00e9ticorexia, ortorexia, vigorexia y tanorexia<\/h2>\n\n\n\n<p><strong>&quot;Constantemente nos proyectan desde las redes sociales y los medios de comunicaci\u00f3n cuerpos preciosos y maravillosos, lo que nos genera inseguridad. Y esto nos llega a nuestras farmacias con las consultas de estas personas que intentan revocar esta insatisfacci\u00f3n&quot; <\/strong>ha explicado Virtudes Roig, farmac\u00e9utica comunitaria en Valencia, quien ha se\u00f1alado que &quot;vivimos en una sociedad en la que la imagen corporal tiene un peso muy importante&quot;.<\/p>\n\n\n\n<figure class=\"wp-block-image size-large\"><a href=\"https:\/\/www.cofb.org\/wp-content\/uploads\/2025\/03\/COFB_REPTES-DE-SALUT-MENTAL_26032025_2.jpg\" target=\"_blank\" rel=\"noreferrer noopener\"><img decoding=\"async\" width=\"1024\" height=\"683\" src=\"https:\/\/www.cofb.org\/wp-content\/uploads\/2025\/03\/COFB_REPTES-DE-SALUT-MENTAL_26032025_2-1024x683.jpg\" alt=\"Virtudes Roig (esquerra) impartint la seva exposici\u00f3. \" class=\"wp-image-81018\" srcset=\"https:\/\/www.cofb.org\/wp-content\/uploads\/2025\/03\/COFB_REPTES-DE-SALUT-MENTAL_26032025_2-1024x683.jpg 1024w, https:\/\/www.cofb.org\/wp-content\/uploads\/2025\/03\/COFB_REPTES-DE-SALUT-MENTAL_26032025_2-300x200.jpg 300w, https:\/\/www.cofb.org\/wp-content\/uploads\/2025\/03\/COFB_REPTES-DE-SALUT-MENTAL_26032025_2-768x512.jpg 768w, https:\/\/www.cofb.org\/wp-content\/uploads\/2025\/03\/COFB_REPTES-DE-SALUT-MENTAL_26032025_2-1536x1024.jpg 1536w, https:\/\/www.cofb.org\/wp-content\/uploads\/2025\/03\/COFB_REPTES-DE-SALUT-MENTAL_26032025_2-2048x1366.jpg 2048w, https:\/\/www.cofb.org\/wp-content\/uploads\/2025\/03\/COFB_REPTES-DE-SALUT-MENTAL_26032025_2-18x12.jpg 18w\" sizes=\"(max-width: 1024px) 100vw, 1024px\" \/><\/a><figcaption class=\"wp-element-caption\">Virtudes Roig (izquierda) impartiendo su exposici\u00f3n. <\/figcaption><\/figure>\n\n\n\n<p>Seg\u00fan Roig, <strong>esta influencia puede derivar en problemas como la ortorexia, la vigorexia, la cosmeticorexia, la tanorexia o incluso a un nivel mucho m\u00e1s elevado, problemas de salud mental como la ansiedad o la depresi\u00f3n<\/strong>. Y ha mostrado datos de la Organizaci\u00f3n para la Cooperaci\u00f3n y el Desarrollo Econ\u00f3mico (OCDE) que reflejan c\u00f3mo <strong>Espa\u00f1a es el tercer pa\u00eds detr\u00e1s de Portugal y Suecia en el consumo de antidepresivos en 2024<\/strong>. Adem\u00e1s, seg\u00fan datos del Observatorio Cofares la categor\u00eda de los productos de nutrici\u00f3n deportiva<strong> aument\u00f3 el a\u00f1o pasado un 15% con un elevado auge de 175% de las ventas en suplementos prote\u00ednicos, a consecuencia de una creciente preocupaci\u00f3n por ganar demasiado muscular.<\/strong><\/p>\n\n\n\n<p>Por su parte, desde la visi\u00f3n de salud mental, la Dra. Rosa Molina, psiquiatra en el Hospital Cl\u00ednico San Carlos de Madrid, docente universitaria y divulgadora, tambi\u00e9n ha remarcado el gran problema de la irrupci\u00f3n de las redes sociales \u201cque han venido a distorsionar todo esto.<strong> Los j\u00f3venes tienen un mont\u00f3n de referencias que no son representativas de la realidad, lo que genera una desviaci\u00f3n de c\u00f3mo percibimos nuestra imagen\u201d.<\/strong><\/p>\n\n\n\n<p>Molina ha explicado el t\u00e9rmino \u201c<strong>ortorexia<\/strong>&quot;, una obsesi\u00f3n de un sujeto que mantiene una nutrici\u00f3n adecuada mediante una dieta restrictiva. Se trata de una preocupaci\u00f3n excesiva por las cualidades de los alimentos. Con m\u00e1s detalle, tambi\u00e9n se ha mencionado el t\u00e9rmino &quot;<strong>cosm\u00e9ticorexia<\/strong>\u201d como una obsesi\u00f3n por los cosm\u00e9ticos y el cuidado de la piel, adem\u00e1s del t\u00e9rmino \u201c<strong>vigorexia<\/strong>&quot;como un conjunto de pensamientos obsesivos sobre la imagen corporal sobre todo relacionados con la necesidad de aumentar la masa muscular. Para Molina:<strong> &quot;al final la vigorexia es una consecuencia de las presiones sociales a las que estamos expuestos. No surge de un vac\u00edo sino de un contexto social determinado&quot;.<\/strong><\/p>\n\n\n\n<p>El t\u00e9rmino \u201c<strong>tanorexia<\/strong>&quot;tambi\u00e9n ha surgido durante la conferencia. Muchas personas quieren mantener su bronceado durante todo el a\u00f1o, es a lo que se refiere este t\u00e9rmino, a la obsesi\u00f3n por un aspecto saludable de estar &quot;siempre bronceados&quot;.<\/p>\n\n\n\n<figure class=\"wp-block-image size-large\"><img decoding=\"async\" width=\"1024\" height=\"683\" src=\"https:\/\/www.cofb.org\/wp-content\/uploads\/2025\/03\/COFB_REPTES-DE-SALUT-MENTAL_26032025_1-1024x683.jpg\" alt=\"Rosa Molina en un moment de la seva intervenci\u00f3. \" class=\"wp-image-81017\" srcset=\"https:\/\/www.cofb.org\/wp-content\/uploads\/2025\/03\/COFB_REPTES-DE-SALUT-MENTAL_26032025_1-1024x683.jpg 1024w, https:\/\/www.cofb.org\/wp-content\/uploads\/2025\/03\/COFB_REPTES-DE-SALUT-MENTAL_26032025_1-300x200.jpg 300w, https:\/\/www.cofb.org\/wp-content\/uploads\/2025\/03\/COFB_REPTES-DE-SALUT-MENTAL_26032025_1-768x512.jpg 768w, https:\/\/www.cofb.org\/wp-content\/uploads\/2025\/03\/COFB_REPTES-DE-SALUT-MENTAL_26032025_1-1536x1024.jpg 1536w, https:\/\/www.cofb.org\/wp-content\/uploads\/2025\/03\/COFB_REPTES-DE-SALUT-MENTAL_26032025_1-2048x1366.jpg 2048w, https:\/\/www.cofb.org\/wp-content\/uploads\/2025\/03\/COFB_REPTES-DE-SALUT-MENTAL_26032025_1-18x12.jpg 18w\" sizes=\"(max-width: 1024px) 100vw, 1024px\" \/><figcaption class=\"wp-element-caption\">Rosa Molina en un momento de su intervenci\u00f3n. <\/figcaption><\/figure>\n\n\n\n<p>Como apunta la Dra. Rosa Molina, estos t\u00e9rminos comparten distintas caracter\u00edsticas comunes como el malestar psicol\u00f3gico, rigidez, culpa, infelicidad, patrones restrictivos, controles extremos, aislamiento, adem\u00e1s de un impacto en la salud f\u00edsica y emocional.<\/p>\n\n\n\n<h2 class=\"wp-block-heading\"><strong>El papel clave del farmac\u00e9utico<\/strong><\/h2>\n\n\n\n<p>&quot;La farmacia es un reflejo de lo que ocurre en la sociedad, de las preocupaciones y los problemas que afectan a las personas. Una vez m\u00e1s nos convertimos en este primer punto de contacto&quot; ha recordado Roig, quien se\u00f1al\u00f3 el papel necesario del farmac\u00e9utico: <strong>&quot;somos algo m\u00e1s que dispensadores de recetas, somos promotores de salud, prescriptores de h\u00e1bitos saludables&quot;<\/strong>. Por su parte, Rosa Molina ha matizado el objetivo necesario sobre estas afecciones en la sociedad actual: <strong>&quot;Tenemos un gran reto como sociedad m\u00e1s all\u00e1 de las farmacias y m\u00e1s all\u00e1 de las consultas sanitarias&quot;<\/strong>.<\/p>\n\n\n\n<p>La conferencia ha sido moderada por<strong> \u00d3scar L\u00f3pez<\/strong>, vicepresidente 1\u00ba del COF de Madrid, quien ha puesto en valor la responsabilidad del farmac\u00e9utico y ha cerrado la conferencia remarcando que los profesionales de oficina de farmacia deben seguir form\u00e1ndose en este tema, conocer la problem\u00e1tica para afrontarla y fortalecer la farmacia d\u00eda a d\u00eda.<\/p>","protected":false},"excerpt":{"rendered":"<p>Barcelona, 26 de marzo de 2025. \u2013 Con frecuencia, muchos pacientes consultan en su oficina de farmacia por cuestiones diversas: c\u00f3mo aumentar la masa muscular, perder peso, cuidar la imagen corporal\u2026 Y, a veces, estas preocupaciones pueden llegar a generar un problema de salud mental respecto a la misma [\u2026]<\/p>","protected":false},"author":3,"featured_media":81018,"comment_status":"closed","ping_status":"closed","sticky":false,"template":"","format":"aside","meta":{"_uag_custom_page_level_css":"","site-sidebar-layout":"default","site-content-layout":"","ast-site-content-layout":"default","site-content-style":"default","site-sidebar-style":"default","ast-global-header-display":"","ast-banner-title-visibility":"","ast-main-header-display":"","ast-hfb-above-header-display":"","ast-hfb-below-header-display":"","ast-hfb-mobile-header-display":"","site-post-title":"","ast-breadcrumbs-content":"","ast-featured-img":"disabled","footer-sml-layout":"","theme-transparent-header-meta":"","adv-header-id-meta":"","stick-header-meta":"","header-above-stick-meta":"","header-main-stick-meta":"","header-below-stick-meta":"","astra-migrate-meta-layouts":"set","ast-page-background-enabled":"default","ast-page-background-meta":{"desktop":{"background-color":"var(--ast-global-color-4)","background-image":"","background-repeat":"repeat","background-position":"center center","background-size":"auto","background-attachment":"scroll","background-type":"","background-media":"","overlay-type":"","overlay-color":"","overlay-opacity":"","overlay-gradient":""},"tablet":{"background-color":"","background-image":"","background-repeat":"repeat","background-position":"center center","background-size":"auto","background-attachment":"scroll","background-type":"","background-media":"","overlay-type":"","overlay-color":"","overlay-opacity":"","overlay-gradient":""},"mobile":{"background-color":"","background-image":"","background-repeat":"repeat","background-position":"center center","background-size":"auto","background-attachment":"scroll","background-type":"","background-media":"","overlay-type":"","overlay-color":"","overlay-opacity":"","overlay-gradient":""}},"ast-content-background-meta":{"desktop":{"background-color":"var(--ast-global-color-5)","background-image":"","background-repeat":"repeat","background-position":"center center","background-size":"auto","background-attachment":"scroll","background-type":"","background-media":"","overlay-type":"","overlay-color":"","overlay-opacity":"","overlay-gradient":""},"tablet":{"background-color":"var(--ast-global-color-5)","background-image":"","background-repeat":"repeat","background-position":"center center","background-size":"auto","background-attachment":"scroll","background-type":"","background-media":"","overlay-type":"","overlay-color":"","overlay-opacity":"","overlay-gradient":""},"mobile":{"background-color":"var(--ast-global-color-5)","background-image":"","background-repeat":"repeat","background-position":"center center","background-size":"auto","background-attachment":"scroll","background-type":"","background-media":"","overlay-type":"","overlay-color":"","overlay-opacity":"","overlay-gradient":""}},"footnotes":""},"categories":[23,2165,1060],"tags":[468,18,19,520,5291,5295,470,28,29,5047,5292,472,5294,474,5293,881],"class_list":["post-81014","post","type-post","status-publish","format-aside","has-post-thumbnail","hentry","category-destacats","category-infarma","category-notes-premsa","tag-ansietat","tag-cofb","tag-collegi-de-farmaceutics-de-barcelona","tag-conferencia","tag-conferencia-dactualitat","tag-cosmeticorexia","tag-depressio","tag-infarma","tag-infarma-barcelona","tag-infarma-barcelona-2025","tag-ortorexia","tag-salut-mental","tag-tanorexia","tag-trastorns-de-salut-mental","tag-vigorexia","tag-xarxes-socials","post_format-post-format-aside"],"yoast_head":"<!-- This site is optimized with the Yoast SEO plugin v22.4 - https:\/\/yoast.com\/wordpress\/plugins\/seo\/ -->\n<title>Les xarxes socials influeixen en la distorsi\u00f3 de la imatge corporal, generant afeccions com la\u00a0vigor\u00e8xia\u00a0i la\u00a0cosmeticor\u00e8xia - Col\u00b7legi de Farmac\u00e8utics de Barcelona<\/title>\n<meta name=\"description\" content=\"Aquesta tem\u00e0tica ha estat la protagonista d&#039;una de les confer\u00e8ncies d&#039;actualitat d&#039;Infarma\u00a0Barcelona 2025 sobre els nous reptes de salud mental, de la\u00a0vigor\u00e8xia\u00a0a la\u00a0cosmeticor\u00e8xia\" \/>\n<meta name=\"robots\" content=\"index, follow, max-snippet:-1, max-image-preview:large, max-video-preview:-1\" \/>\n<link rel=\"canonical\" href=\"https:\/\/www.cofb.org\/es\/2025\/03\/26\/les-xarxes-socials-influeixen-en-la-distorsio-de-la-imatge-corporal-generant-afeccions-com-la-vigorexia-i-la-cosmeticorexia\/\" \/>\n<meta property=\"og:locale\" content=\"es_ES\" \/>\n<meta property=\"og:type\" content=\"article\" \/>\n<meta property=\"og:title\" content=\"Les xarxes socials influeixen en la distorsi\u00f3 de la imatge corporal, generant afeccions com la\u00a0vigor\u00e8xia\u00a0i la\u00a0cosmeticor\u00e8xia - Col\u00b7legi de Farmac\u00e8utics de Barcelona\" \/>\n<meta property=\"og:description\" content=\"Aquesta tem\u00e0tica ha estat la protagonista d&#039;una de les confer\u00e8ncies d&#039;actualitat d&#039;Infarma\u00a0Barcelona 2025 sobre els nous reptes de salud mental, de la\u00a0vigor\u00e8xia\u00a0a la\u00a0cosmeticor\u00e8xia\" \/>\n<meta property=\"og:url\" content=\"https:\/\/www.cofb.org\/es\/2025\/03\/26\/les-xarxes-socials-influeixen-en-la-distorsio-de-la-imatge-corporal-generant-afeccions-com-la-vigorexia-i-la-cosmeticorexia\/\" \/>\n<meta property=\"og:site_name\" content=\"Col\u00b7legi de Farmac\u00e8utics de Barcelona\" \/>\n<meta property=\"article:publisher\" content=\"https:\/\/www.facebook.com\/farmaceuticsbcn\/\" \/>\n<meta property=\"article:published_time\" content=\"2025-03-26T16:11:53+00:00\" \/>\n<meta property=\"article:modified_time\" content=\"2025-03-26T16:15:47+00:00\" \/>\n<meta property=\"og:image\" content=\"https:\/\/www.cofb.org\/wp-content\/uploads\/2025\/03\/COFB_REPTES-DE-SALUT-MENTAL_26032025_2.jpg\" \/>\n\t<meta property=\"og:image:width\" content=\"2362\" \/>\n\t<meta property=\"og:image:height\" content=\"1575\" \/>\n\t<meta property=\"og:image:type\" content=\"image\/jpeg\" \/>\n<meta name=\"author\" content=\"Berta Mart\u00ednez\" \/>\n<meta name=\"twitter:card\" content=\"summary_large_image\" \/>\n<meta name=\"twitter:creator\" content=\"@farmaceuticsbcn\" \/>\n<meta name=\"twitter:site\" content=\"@farmaceuticsbcn\" \/>\n<meta name=\"twitter:label1\" content=\"Escrito por\" \/>\n\t<meta name=\"twitter:data1\" content=\"Berta Mart\u00ednez\" \/>\n\t<meta name=\"twitter:label2\" content=\"Tiempo de lectura\" \/>\n\t<meta name=\"twitter:data2\" content=\"6 minutos\" \/>\n<script type=\"application\/ld+json\" class=\"yoast-schema-graph\">{\"@context\":\"https:\/\/schema.org\",\"@graph\":[{\"@type\":\"Article\",\"@id\":\"https:\/\/www.cofb.org\/2025\/03\/26\/les-xarxes-socials-influeixen-en-la-distorsio-de-la-imatge-corporal-generant-afeccions-com-la-vigorexia-i-la-cosmeticorexia\/#article\",\"isPartOf\":{\"@id\":\"https:\/\/www.cofb.org\/2025\/03\/26\/les-xarxes-socials-influeixen-en-la-distorsio-de-la-imatge-corporal-generant-afeccions-com-la-vigorexia-i-la-cosmeticorexia\/\"},\"author\":{\"name\":\"Berta Mart\u00ednez\",\"@id\":\"https:\/\/www.cofb.org\/#\/schema\/person\/f32de3b41b812c85ff923cb4cc849063\"},\"headline\":\"Les xarxes socials influeixen en la distorsi\u00f3 de la imatge corporal, generant afeccions com la\u00a0vigor\u00e8xia\u00a0i la\u00a0cosmeticor\u00e8xia\",\"datePublished\":\"2025-03-26T16:11:53+00:00\",\"dateModified\":\"2025-03-26T16:15:47+00:00\",\"mainEntityOfPage\":{\"@id\":\"https:\/\/www.cofb.org\/2025\/03\/26\/les-xarxes-socials-influeixen-en-la-distorsio-de-la-imatge-corporal-generant-afeccions-com-la-vigorexia-i-la-cosmeticorexia\/\"},\"wordCount\":927,\"publisher\":{\"@id\":\"https:\/\/www.cofb.org\/#organization\"},\"image\":{\"@id\":\"https:\/\/www.cofb.org\/2025\/03\/26\/les-xarxes-socials-influeixen-en-la-distorsio-de-la-imatge-corporal-generant-afeccions-com-la-vigorexia-i-la-cosmeticorexia\/#primaryimage\"},\"thumbnailUrl\":\"https:\/\/www.cofb.org\/wp-content\/uploads\/2025\/03\/COFB_REPTES-DE-SALUT-MENTAL_26032025_2.jpg\",\"keywords\":[\"ansietat\",\"COFB\",\"Col\u00b7legi de Farmac\u00e8utics de Barcelona\",\"confer\u00e8ncia\",\"confer\u00e8ncia d'actualitat\",\"cosmeticor\u00e8xia\",\"depressi\u00f3\",\"Infarma\",\"Infarma Barcelona\",\"Infarma Barcelona 2025\",\"ortor\u00e8xia\",\"salut mental\",\"tanor\u00e8xia\",\"trastorns de salut mental\",\"vigor\u00e8xia\",\"xarxes socials\"],\"articleSection\":[\"Destacats\",\"Infarma\",\"Notes de premsa\"],\"inLanguage\":\"es\"},{\"@type\":\"WebPage\",\"@id\":\"https:\/\/www.cofb.org\/2025\/03\/26\/les-xarxes-socials-influeixen-en-la-distorsio-de-la-imatge-corporal-generant-afeccions-com-la-vigorexia-i-la-cosmeticorexia\/\",\"url\":\"https:\/\/www.cofb.org\/2025\/03\/26\/les-xarxes-socials-influeixen-en-la-distorsio-de-la-imatge-corporal-generant-afeccions-com-la-vigorexia-i-la-cosmeticorexia\/\",\"name\":\"Les xarxes socials influeixen en la distorsi\u00f3 de la imatge corporal, generant afeccions com la\u00a0vigor\u00e8xia\u00a0i la\u00a0cosmeticor\u00e8xia - Col\u00b7legi de Farmac\u00e8utics de Barcelona\",\"isPartOf\":{\"@id\":\"https:\/\/www.cofb.org\/#website\"},\"primaryImageOfPage\":{\"@id\":\"https:\/\/www.cofb.org\/2025\/03\/26\/les-xarxes-socials-influeixen-en-la-distorsio-de-la-imatge-corporal-generant-afeccions-com-la-vigorexia-i-la-cosmeticorexia\/#primaryimage\"},\"image\":{\"@id\":\"https:\/\/www.cofb.org\/2025\/03\/26\/les-xarxes-socials-influeixen-en-la-distorsio-de-la-imatge-corporal-generant-afeccions-com-la-vigorexia-i-la-cosmeticorexia\/#primaryimage\"},\"thumbnailUrl\":\"https:\/\/www.cofb.org\/wp-content\/uploads\/2025\/03\/COFB_REPTES-DE-SALUT-MENTAL_26032025_2.jpg\",\"datePublished\":\"2025-03-26T16:11:53+00:00\",\"dateModified\":\"2025-03-26T16:15:47+00:00\",\"description\":\"Aquesta tem\u00e0tica ha estat la protagonista d'una de les confer\u00e8ncies d'actualitat d'Infarma\u00a0Barcelona 2025 sobre els nous reptes de salud mental, de la\u00a0vigor\u00e8xia\u00a0a la\u00a0cosmeticor\u00e8xia\",\"breadcrumb\":{\"@id\":\"https:\/\/www.cofb.org\/2025\/03\/26\/les-xarxes-socials-influeixen-en-la-distorsio-de-la-imatge-corporal-generant-afeccions-com-la-vigorexia-i-la-cosmeticorexia\/#breadcrumb\"},\"inLanguage\":\"es\",\"potentialAction\":[{\"@type\":\"ReadAction\",\"target\":[\"https:\/\/www.cofb.org\/2025\/03\/26\/les-xarxes-socials-influeixen-en-la-distorsio-de-la-imatge-corporal-generant-afeccions-com-la-vigorexia-i-la-cosmeticorexia\/\"]}]},{\"@type\":\"ImageObject\",\"inLanguage\":\"es\",\"@id\":\"https:\/\/www.cofb.org\/2025\/03\/26\/les-xarxes-socials-influeixen-en-la-distorsio-de-la-imatge-corporal-generant-afeccions-com-la-vigorexia-i-la-cosmeticorexia\/#primaryimage\",\"url\":\"https:\/\/www.cofb.org\/wp-content\/uploads\/2025\/03\/COFB_REPTES-DE-SALUT-MENTAL_26032025_2.jpg\",\"contentUrl\":\"https:\/\/www.cofb.org\/wp-content\/uploads\/2025\/03\/COFB_REPTES-DE-SALUT-MENTAL_26032025_2.jpg\",\"width\":2362,\"height\":1575,\"caption\":\"Virtudes Roig (esquerra) impartint la seva exposici\u00f3.\"},{\"@type\":\"BreadcrumbList\",\"@id\":\"https:\/\/www.cofb.org\/2025\/03\/26\/les-xarxes-socials-influeixen-en-la-distorsio-de-la-imatge-corporal-generant-afeccions-com-la-vigorexia-i-la-cosmeticorexia\/#breadcrumb\",\"itemListElement\":[{\"@type\":\"ListItem\",\"position\":1,\"name\":\"Inici\",\"item\":\"https:\/\/novaorg.cofb.net\/\"},{\"@type\":\"ListItem\",\"position\":2,\"name\":\"Les xarxes socials influeixen en la distorsi\u00f3 de la imatge corporal, generant afeccions com la\u00a0vigor\u00e8xia\u00a0i la\u00a0cosmeticor\u00e8xia\"}]},{\"@type\":\"WebSite\",\"@id\":\"https:\/\/www.cofb.org\/#website\",\"url\":\"https:\/\/www.cofb.org\/\",\"name\":\"Col\u00b7legi de Farmac\u00e8utics de Barcelona\",\"description\":\"\",\"publisher\":{\"@id\":\"https:\/\/www.cofb.org\/#organization\"},\"potentialAction\":[{\"@type\":\"SearchAction\",\"target\":{\"@type\":\"EntryPoint\",\"urlTemplate\":\"https:\/\/www.cofb.org\/?s={search_term_string}\"},\"query-input\":\"required name=search_term_string\"}],\"inLanguage\":\"es\"},{\"@type\":\"Organization\",\"@id\":\"https:\/\/www.cofb.org\/#organization\",\"name\":\"Col\u00b7legi de Farmac\u00e8utics de Barcelona\",\"url\":\"https:\/\/www.cofb.org\/\",\"logo\":{\"@type\":\"ImageObject\",\"inLanguage\":\"es\",\"@id\":\"https:\/\/www.cofb.org\/#\/schema\/logo\/image\/\",\"url\":\"https:\/\/www.cofb.org\/wp-content\/uploads\/2023\/11\/cropped-Logotip-COFB.png\",\"contentUrl\":\"https:\/\/www.cofb.org\/wp-content\/uploads\/2023\/11\/cropped-Logotip-COFB.png\",\"width\":500,\"height\":105,\"caption\":\"Col\u00b7legi de Farmac\u00e8utics de Barcelona\"},\"image\":{\"@id\":\"https:\/\/www.cofb.org\/#\/schema\/logo\/image\/\"},\"sameAs\":[\"https:\/\/www.facebook.com\/farmaceuticsbcn\/\",\"https:\/\/twitter.com\/farmaceuticsbcn\",\"https:\/\/www.instagram.com\/farmaceuticsbcn\/\",\"https:\/\/www.linkedin.com\/company\/farmaceuticsbcn\/\"]},{\"@type\":\"Person\",\"@id\":\"https:\/\/www.cofb.org\/#\/schema\/person\/f32de3b41b812c85ff923cb4cc849063\",\"name\":\"Berta Mart\u00ednez\",\"image\":{\"@type\":\"ImageObject\",\"inLanguage\":\"es\",\"@id\":\"https:\/\/www.cofb.org\/#\/schema\/person\/image\/\",\"url\":\"https:\/\/secure.gravatar.com\/avatar\/d4c584dab5da1ee9e3c3df161c0aabec7075cc8211cd46ffc79bfe177aa78b01?s=96&d=mm&r=g\",\"contentUrl\":\"https:\/\/secure.gravatar.com\/avatar\/d4c584dab5da1ee9e3c3df161c0aabec7075cc8211cd46ffc79bfe177aa78b01?s=96&d=mm&r=g\",\"caption\":\"Berta Mart\u00ednez\"},\"url\":\"https:\/\/www.cofb.org\/es\/author\/bmartinez\/\"}]}<\/script>\n<!-- \/ Yoast SEO plugin. -->","yoast_head_json":{"title":"Les xarxes socials influeixen en la distorsi\u00f3 de la imatge corporal, generant afeccions com la\u00a0vigor\u00e8xia\u00a0i la\u00a0cosmeticor\u00e8xia - Col\u00b7legi de Farmac\u00e8utics de Barcelona","description":"Aquesta tem\u00e0tica ha estat la protagonista d'una de les confer\u00e8ncies d'actualitat d'Infarma\u00a0Barcelona 2025 sobre els nous reptes de salud mental, de la\u00a0vigor\u00e8xia\u00a0a la\u00a0cosmeticor\u00e8xia","robots":{"index":"index","follow":"follow","max-snippet":"max-snippet:-1","max-image-preview":"max-image-preview:large","max-video-preview":"max-video-preview:-1"},"canonical":"https:\/\/www.cofb.org\/es\/2025\/03\/26\/les-xarxes-socials-influeixen-en-la-distorsio-de-la-imatge-corporal-generant-afeccions-com-la-vigorexia-i-la-cosmeticorexia\/","og_locale":"es_ES","og_type":"article","og_title":"Les xarxes socials influeixen en la distorsi\u00f3 de la imatge corporal, generant afeccions com la\u00a0vigor\u00e8xia\u00a0i la\u00a0cosmeticor\u00e8xia - Col\u00b7legi de Farmac\u00e8utics de Barcelona","og_description":"Aquesta tem\u00e0tica ha estat la protagonista d'una de les confer\u00e8ncies d'actualitat d'Infarma\u00a0Barcelona 2025 sobre els nous reptes de salud mental, de la\u00a0vigor\u00e8xia\u00a0a la\u00a0cosmeticor\u00e8xia","og_url":"https:\/\/www.cofb.org\/es\/2025\/03\/26\/les-xarxes-socials-influeixen-en-la-distorsio-de-la-imatge-corporal-generant-afeccions-com-la-vigorexia-i-la-cosmeticorexia\/","og_site_name":"Col\u00b7legi de Farmac\u00e8utics de Barcelona","article_publisher":"https:\/\/www.facebook.com\/farmaceuticsbcn\/","article_published_time":"2025-03-26T16:11:53+00:00","article_modified_time":"2025-03-26T16:15:47+00:00","og_image":[{"width":2362,"height":1575,"url":"https:\/\/www.cofb.org\/wp-content\/uploads\/2025\/03\/COFB_REPTES-DE-SALUT-MENTAL_26032025_2.jpg","type":"image\/jpeg"}],"author":"Berta Mart\u00ednez","twitter_card":"summary_large_image","twitter_creator":"@farmaceuticsbcn","twitter_site":"@farmaceuticsbcn","twitter_misc":{"Escrito por":"Berta Mart\u00ednez","Tiempo de lectura":"6 minutos"},"schema":{"@context":"https:\/\/schema.org","@graph":[{"@type":"Article","@id":"https:\/\/www.cofb.org\/2025\/03\/26\/les-xarxes-socials-influeixen-en-la-distorsio-de-la-imatge-corporal-generant-afeccions-com-la-vigorexia-i-la-cosmeticorexia\/#article","isPartOf":{"@id":"https:\/\/www.cofb.org\/2025\/03\/26\/les-xarxes-socials-influeixen-en-la-distorsio-de-la-imatge-corporal-generant-afeccions-com-la-vigorexia-i-la-cosmeticorexia\/"},"author":{"name":"Berta Mart\u00ednez","@id":"https:\/\/www.cofb.org\/#\/schema\/person\/f32de3b41b812c85ff923cb4cc849063"},"headline":"Les xarxes socials influeixen en la distorsi\u00f3 de la imatge corporal, generant afeccions com la\u00a0vigor\u00e8xia\u00a0i la\u00a0cosmeticor\u00e8xia","datePublished":"2025-03-26T16:11:53+00:00","dateModified":"2025-03-26T16:15:47+00:00","mainEntityOfPage":{"@id":"https:\/\/www.cofb.org\/2025\/03\/26\/les-xarxes-socials-influeixen-en-la-distorsio-de-la-imatge-corporal-generant-afeccions-com-la-vigorexia-i-la-cosmeticorexia\/"},"wordCount":927,"publisher":{"@id":"https:\/\/www.cofb.org\/#organization"},"image":{"@id":"https:\/\/www.cofb.org\/2025\/03\/26\/les-xarxes-socials-influeixen-en-la-distorsio-de-la-imatge-corporal-generant-afeccions-com-la-vigorexia-i-la-cosmeticorexia\/#primaryimage"},"thumbnailUrl":"https:\/\/www.cofb.org\/wp-content\/uploads\/2025\/03\/COFB_REPTES-DE-SALUT-MENTAL_26032025_2.jpg","keywords":["ansietat","COFB","Col\u00b7legi de Farmac\u00e8utics de Barcelona","confer\u00e8ncia","confer\u00e8ncia d'actualitat","cosmeticor\u00e8xia","depressi\u00f3","Infarma","Infarma Barcelona","Infarma Barcelona 2025","ortor\u00e8xia","salut mental","tanor\u00e8xia","trastorns de salut mental","vigor\u00e8xia","xarxes socials"],"articleSection":["Destacats","Infarma","Notes de premsa"],"inLanguage":"es"},{"@type":"WebPage","@id":"https:\/\/www.cofb.org\/2025\/03\/26\/les-xarxes-socials-influeixen-en-la-distorsio-de-la-imatge-corporal-generant-afeccions-com-la-vigorexia-i-la-cosmeticorexia\/","url":"https:\/\/www.cofb.org\/2025\/03\/26\/les-xarxes-socials-influeixen-en-la-distorsio-de-la-imatge-corporal-generant-afeccions-com-la-vigorexia-i-la-cosmeticorexia\/","name":"Les xarxes socials influeixen en la distorsi\u00f3 de la imatge corporal, generant afeccions com la\u00a0vigor\u00e8xia\u00a0i la\u00a0cosmeticor\u00e8xia - Col\u00b7legi de Farmac\u00e8utics de Barcelona","isPartOf":{"@id":"https:\/\/www.cofb.org\/#website"},"primaryImageOfPage":{"@id":"https:\/\/www.cofb.org\/2025\/03\/26\/les-xarxes-socials-influeixen-en-la-distorsio-de-la-imatge-corporal-generant-afeccions-com-la-vigorexia-i-la-cosmeticorexia\/#primaryimage"},"image":{"@id":"https:\/\/www.cofb.org\/2025\/03\/26\/les-xarxes-socials-influeixen-en-la-distorsio-de-la-imatge-corporal-generant-afeccions-com-la-vigorexia-i-la-cosmeticorexia\/#primaryimage"},"thumbnailUrl":"https:\/\/www.cofb.org\/wp-content\/uploads\/2025\/03\/COFB_REPTES-DE-SALUT-MENTAL_26032025_2.jpg","datePublished":"2025-03-26T16:11:53+00:00","dateModified":"2025-03-26T16:15:47+00:00","description":"Aquesta tem\u00e0tica ha estat la protagonista d'una de les confer\u00e8ncies d'actualitat d'Infarma\u00a0Barcelona 2025 sobre els nous reptes de salud mental, de la\u00a0vigor\u00e8xia\u00a0a la\u00a0cosmeticor\u00e8xia","breadcrumb":{"@id":"https:\/\/www.cofb.org\/2025\/03\/26\/les-xarxes-socials-influeixen-en-la-distorsio-de-la-imatge-corporal-generant-afeccions-com-la-vigorexia-i-la-cosmeticorexia\/#breadcrumb"},"inLanguage":"es","potentialAction":[{"@type":"ReadAction","target":["https:\/\/www.cofb.org\/2025\/03\/26\/les-xarxes-socials-influeixen-en-la-distorsio-de-la-imatge-corporal-generant-afeccions-com-la-vigorexia-i-la-cosmeticorexia\/"]}]},{"@type":"ImageObject","inLanguage":"es","@id":"https:\/\/www.cofb.org\/2025\/03\/26\/les-xarxes-socials-influeixen-en-la-distorsio-de-la-imatge-corporal-generant-afeccions-com-la-vigorexia-i-la-cosmeticorexia\/#primaryimage","url":"https:\/\/www.cofb.org\/wp-content\/uploads\/2025\/03\/COFB_REPTES-DE-SALUT-MENTAL_26032025_2.jpg","contentUrl":"https:\/\/www.cofb.org\/wp-content\/uploads\/2025\/03\/COFB_REPTES-DE-SALUT-MENTAL_26032025_2.jpg","width":2362,"height":1575,"caption":"Virtudes Roig (esquerra) impartint la seva exposici\u00f3."},{"@type":"BreadcrumbList","@id":"https:\/\/www.cofb.org\/2025\/03\/26\/les-xarxes-socials-influeixen-en-la-distorsio-de-la-imatge-corporal-generant-afeccions-com-la-vigorexia-i-la-cosmeticorexia\/#breadcrumb","itemListElement":[{"@type":"ListItem","position":1,"name":"Inici","item":"https:\/\/novaorg.cofb.net\/"},{"@type":"ListItem","position":2,"name":"Les xarxes socials influeixen en la distorsi\u00f3 de la imatge corporal, generant afeccions com la\u00a0vigor\u00e8xia\u00a0i la\u00a0cosmeticor\u00e8xia"}]},{"@type":"WebSite","@id":"https:\/\/www.cofb.org\/#website","url":"https:\/\/www.cofb.org\/","name":"Col\u00b7legi de Farmac\u00e8utics de Barcelona","description":"","publisher":{"@id":"https:\/\/www.cofb.org\/#organization"},"potentialAction":[{"@type":"SearchAction","target":{"@type":"EntryPoint","urlTemplate":"https:\/\/www.cofb.org\/?s={search_term_string}"},"query-input":"required name=search_term_string"}],"inLanguage":"es"},{"@type":"Organization","@id":"https:\/\/www.cofb.org\/#organization","name":"Col\u00b7legi de Farmac\u00e8utics de Barcelona","url":"https:\/\/www.cofb.org\/","logo":{"@type":"ImageObject","inLanguage":"es","@id":"https:\/\/www.cofb.org\/#\/schema\/logo\/image\/","url":"https:\/\/www.cofb.org\/wp-content\/uploads\/2023\/11\/cropped-Logotip-COFB.png","contentUrl":"https:\/\/www.cofb.org\/wp-content\/uploads\/2023\/11\/cropped-Logotip-COFB.png","width":500,"height":105,"caption":"Col\u00b7legi de Farmac\u00e8utics de Barcelona"},"image":{"@id":"https:\/\/www.cofb.org\/#\/schema\/logo\/image\/"},"sameAs":["https:\/\/www.facebook.com\/farmaceuticsbcn\/","https:\/\/twitter.com\/farmaceuticsbcn","https:\/\/www.instagram.com\/farmaceuticsbcn\/","https:\/\/www.linkedin.com\/company\/farmaceuticsbcn\/"]},{"@type":"Person","@id":"https:\/\/www.cofb.org\/#\/schema\/person\/f32de3b41b812c85ff923cb4cc849063","name":"Berta Mart\u00ednez","image":{"@type":"ImageObject","inLanguage":"es","@id":"https:\/\/www.cofb.org\/#\/schema\/person\/image\/","url":"https:\/\/secure.gravatar.com\/avatar\/d4c584dab5da1ee9e3c3df161c0aabec7075cc8211cd46ffc79bfe177aa78b01?s=96&d=mm&r=g","contentUrl":"https:\/\/secure.gravatar.com\/avatar\/d4c584dab5da1ee9e3c3df161c0aabec7075cc8211cd46ffc79bfe177aa78b01?s=96&d=mm&r=g","caption":"Berta Mart\u00ednez"},"url":"https:\/\/www.cofb.org\/es\/author\/bmartinez\/"}]}},"uagb_featured_image_src":{"full":["https:\/\/www.cofb.org\/wp-content\/uploads\/2025\/03\/COFB_REPTES-DE-SALUT-MENTAL_26032025_2.jpg",2362,1575,false],"thumbnail":["https:\/\/www.cofb.org\/wp-content\/uploads\/2025\/03\/COFB_REPTES-DE-SALUT-MENTAL_26032025_2-150x150.jpg",150,150,true],"medium":["https:\/\/www.cofb.org\/wp-content\/uploads\/2025\/03\/COFB_REPTES-DE-SALUT-MENTAL_26032025_2-300x200.jpg",300,200,true],"medium_large":["https:\/\/www.cofb.org\/wp-content\/uploads\/2025\/03\/COFB_REPTES-DE-SALUT-MENTAL_26032025_2-768x512.jpg",768,512,true],"large":["https:\/\/www.cofb.org\/wp-content\/uploads\/2025\/03\/COFB_REPTES-DE-SALUT-MENTAL_26032025_2-1024x683.jpg",1024,683,true],"1536x1536":["https:\/\/www.cofb.org\/wp-content\/uploads\/2025\/03\/COFB_REPTES-DE-SALUT-MENTAL_26032025_2-1536x1024.jpg",1536,1024,true],"2048x2048":["https:\/\/www.cofb.org\/wp-content\/uploads\/2025\/03\/COFB_REPTES-DE-SALUT-MENTAL_26032025_2-2048x1366.jpg",2048,1366,true],"trp-custom-language-flag":["https:\/\/www.cofb.org\/wp-content\/uploads\/2025\/03\/COFB_REPTES-DE-SALUT-MENTAL_26032025_2-18x12.jpg",18,12,true]},"uagb_author_info":{"display_name":"Berta Mart\u00ednez","author_link":"https:\/\/www.cofb.org\/es\/author\/bmartinez\/"},"uagb_comment_info":0,"uagb_excerpt":"Barcelona, 26 de mar\u00e7 de 2025. \u2013 Amb freq\u00fc\u00e8ncia, molts pacients consulten a la seva oficina de farm\u00e0cia per q\u00fcestions diverses: com augmentar la massa muscular, perdre pes, cuidar la imatge corporal\u2026 I, a vegades, aquestes preocupacions poden arribar a generar un problema de salut mental respecte a la mateixa [&hellip;]","_links":{"self":[{"href":"https:\/\/www.cofb.org\/es\/wp-json\/wp\/v2\/posts\/81014","targetHints":{"allow":["GET"]}}],"collection":[{"href":"https:\/\/www.cofb.org\/es\/wp-json\/wp\/v2\/posts"}],"about":[{"href":"https:\/\/www.cofb.org\/es\/wp-json\/wp\/v2\/types\/post"}],"author":[{"embeddable":true,"href":"https:\/\/www.cofb.org\/es\/wp-json\/wp\/v2\/users\/3"}],"replies":[{"embeddable":true,"href":"https:\/\/www.cofb.org\/es\/wp-json\/wp\/v2\/comments?post=81014"}],"version-history":[{"count":11,"href":"https:\/\/www.cofb.org\/es\/wp-json\/wp\/v2\/posts\/81014\/revisions"}],"predecessor-version":[{"id":81032,"href":"https:\/\/www.cofb.org\/es\/wp-json\/wp\/v2\/posts\/81014\/revisions\/81032"}],"wp:featuredmedia":[{"embeddable":true,"href":"https:\/\/www.cofb.org\/es\/wp-json\/wp\/v2\/media\/81018"}],"wp:attachment":[{"href":"https:\/\/www.cofb.org\/es\/wp-json\/wp\/v2\/media?parent=81014"}],"wp:term":[{"taxonomy":"category","embeddable":true,"href":"https:\/\/www.cofb.org\/es\/wp-json\/wp\/v2\/categories?post=81014"},{"taxonomy":"post_tag","embeddable":true,"href":"https:\/\/www.cofb.org\/es\/wp-json\/wp\/v2\/tags?post=81014"}],"curies":[{"name":"wp","href":"https:\/\/api.w.org\/{rel}","templated":true}]}}