{"id":80996,"date":"2025-03-25T18:49:07","date_gmt":"2025-03-25T18:49:07","guid":{"rendered":"https:\/\/www.cofb.org\/?p=80996"},"modified":"2025-03-26T11:38:00","modified_gmt":"2025-03-26T11:38:00","slug":"olga-pane-consellera-de-salut-de-la-generalitat-de-catalunya-les-farmacies-i-els-seus-professionals-son-un-be-molt-preuat-i-un-instrument-sanitari-de-gran-utilitat","status":"publish","type":"post","link":"https:\/\/www.cofb.org\/es\/2025\/03\/25\/olga-pane-consellera-de-salut-de-la-generalitat-de-catalunya-les-farmacies-i-els-seus-professionals-son-un-be-molt-preuat-i-un-instrument-sanitari-de-gran-utilitat\/","title":{"rendered":"Olga Pan\u00e9, consejera de Salud de la Generalidad de Catalu\u00f1a: &quot;Las farmacias y sus profesionales son un bien muy preciado y un instrumento sanitario de gran utilidad&quot;"},"content":{"rendered":"<ul class=\"wp-block-list\">\n<li>Durante la inauguraci\u00f3n de Infarma 2025, la consellera ha apostado por el trabajo conjunto entre el sistema sanitario catal\u00e1n y los Colegios Oficiales de Farmac\u00e9uticos mediante &quot;acciones coordinadas de gran impacto en la salud de los ciudadanos&quot;<\/li>\n\n\n\n<li>Bajo el lema \u201cM\u00e1s farmacia, m\u00e1s salud\u201d se ha inaugurado hoy Infarma 2025 que en esta edici\u00f3n quiere poner en valor la importancia de la farmacia en la salud de las personas<\/li>\n\n\n\n<li>La psic\u00f3loga Inma Puig ha impartido la conferencia inaugural &quot;Gesti\u00f3n de las emociones en el trabajo en equipo&quot; destacando la importancia de entender, cuidar e innovar desde la oficina de farmacia<\/li>\n<\/ul>\n\n\n\n<figure class=\"wp-block-image size-large\"><a href=\"https:\/\/www.cofb.org\/wp-content\/uploads\/2025\/03\/COFB_INAUGURACIO-INFARMA_25032025_2.jpg\" target=\"_blank\" rel=\"noreferrer noopener\"><img fetchpriority=\"high\" decoding=\"async\" width=\"1024\" height=\"683\" src=\"https:\/\/www.cofb.org\/wp-content\/uploads\/2025\/03\/COFB_INAUGURACIO-INFARMA_25032025_2-1024x683.jpg\" alt=\"N\u00faria Bosch presentant la confer\u00e8ncia inaugural d'Infarma.\" class=\"wp-image-81001\" srcset=\"https:\/\/www.cofb.org\/wp-content\/uploads\/2025\/03\/COFB_INAUGURACIO-INFARMA_25032025_2-1024x683.jpg 1024w, https:\/\/www.cofb.org\/wp-content\/uploads\/2025\/03\/COFB_INAUGURACIO-INFARMA_25032025_2-300x200.jpg 300w, https:\/\/www.cofb.org\/wp-content\/uploads\/2025\/03\/COFB_INAUGURACIO-INFARMA_25032025_2-768x512.jpg 768w, https:\/\/www.cofb.org\/wp-content\/uploads\/2025\/03\/COFB_INAUGURACIO-INFARMA_25032025_2-1536x1024.jpg 1536w, https:\/\/www.cofb.org\/wp-content\/uploads\/2025\/03\/COFB_INAUGURACIO-INFARMA_25032025_2-2048x1366.jpg 2048w, https:\/\/www.cofb.org\/wp-content\/uploads\/2025\/03\/COFB_INAUGURACIO-INFARMA_25032025_2-18x12.jpg 18w\" sizes=\"(max-width: 1024px) 100vw, 1024px\" \/><\/a><figcaption class=\"wp-element-caption\">N\u00faria Bosch presentando la conferencia inaugural de Infarma. <\/figcaption><\/figure>\n\n\n\n<p><em>Barcelona, 25 de marzo de 2025.<\/em> La <strong>consejera de Salud de la Generalidad de Catalu\u00f1a<\/strong>, <strong>Olga Pan\u00e9<\/strong>, ha inaugurado esta ma\u00f1ana la 35 edici\u00f3n de<strong><a href=\"https:\/\/www.infarma.es\/\" target=\"_blank\" rel=\"noreferrer noopener\">Infarma Barcelona<\/a><\/strong>, el <strong>Congreso Europeo de Oficina de Farmacia y el Sal\u00f3n de Medicamentos y Parafarmacia<\/strong>. Se trata de un evento organizado conjuntamente por el <strong>Colegio de Farmac\u00e9uticos de Barcelona, el Colegio Oficial de Farmac\u00e9uticos de Madrid y CloserStill Media<\/strong>, que se celebra los <strong>d\u00edas 25, 26 y 27 de marzo en el recinto Gran V\u00eda de Fira de Barcelona<\/strong>.<\/p>\n\n\n\n<p>La consejera de Salud ha apostado en su intervenci\u00f3n por el <strong>trabajo conjunto entre el sistema sanitario catal\u00e1n y los Colegios Oficiales de Farmac\u00e9uticos mediante &quot;acciones coordinadas de gran impacto en la salud de los ciudadanos&quot;.<\/strong> En este sentido, ha puesto ejemplos como el programa de detecci\u00f3n precoz del c\u00e1ncer de colon y recto, que ha se\u00f1alado Pan\u00e9 &quot;ser\u00eda imposible sin la participaci\u00f3n de las oficinas de farmacia&quot;, y otras iniciativas piloto como el cribado de c\u00e1ncer de cuello uterino o las campa\u00f1as de vacunaci\u00f3n de gripe o COVID. <strong>&quot;Las farmacias y sus profesionales, por su accesibilidad, proximidad y distribuci\u00f3n, son un bien muy preciado y un instrumento sanitario de gran utilidad&quot;<\/strong>, ha a\u00f1adido.<\/p>\n\n\n\n<h2 class=\"wp-block-heading\"><strong>La coordinaci\u00f3n entre agentes sanitarios para hacer frente a los retos de salud<\/strong><\/h2>\n\n\n\n<p>Asimismo, la consellera ha mostrado la apuesta del Departamento de Salud y el Servicio Catal\u00e1n de la Salud por impulsar la participaci\u00f3n de las oficinas de farmacia en acciones como el seguimiento terap\u00e9utico o la promoci\u00f3n de la adherencia a los tratamientos. Para Pan\u00e9, todos los agentes sanitarios deben trabajar juntos para hacer frente a los retos del futuro, &quot;si no ser\u00e1 imposible abordarlos&quot;.<\/p>\n\n\n\n<figure class=\"wp-block-image size-large\"><a href=\"https:\/\/www.cofb.org\/wp-content\/uploads\/2025\/03\/COFB_INAUGURACIO-INFARMA_25032025_6.jpg\" target=\"_blank\" rel=\"noreferrer noopener\"><img decoding=\"async\" width=\"1024\" height=\"683\" src=\"https:\/\/www.cofb.org\/wp-content\/uploads\/2025\/03\/COFB_INAUGURACIO-INFARMA_25032025_6-1024x683.jpg\" alt=\"\" class=\"wp-image-81005\" srcset=\"https:\/\/www.cofb.org\/wp-content\/uploads\/2025\/03\/COFB_INAUGURACIO-INFARMA_25032025_6-1024x683.jpg 1024w, https:\/\/www.cofb.org\/wp-content\/uploads\/2025\/03\/COFB_INAUGURACIO-INFARMA_25032025_6-300x200.jpg 300w, https:\/\/www.cofb.org\/wp-content\/uploads\/2025\/03\/COFB_INAUGURACIO-INFARMA_25032025_6-768x512.jpg 768w, https:\/\/www.cofb.org\/wp-content\/uploads\/2025\/03\/COFB_INAUGURACIO-INFARMA_25032025_6-1536x1024.jpg 1536w, https:\/\/www.cofb.org\/wp-content\/uploads\/2025\/03\/COFB_INAUGURACIO-INFARMA_25032025_6-2048x1366.jpg 2048w, https:\/\/www.cofb.org\/wp-content\/uploads\/2025\/03\/COFB_INAUGURACIO-INFARMA_25032025_6-18x12.jpg 18w\" sizes=\"(max-width: 1024px) 100vw, 1024px\" \/><\/a><figcaption class=\"wp-element-caption\">La consejera de Salud de la Generalidad de Catalu\u00f1a, Olga Pan\u00e9, en un momento de su parlamento. <\/figcaption><\/figure>\n\n\n\n<p>Entre los proyectos comunes m\u00e1s inmediatos, la consejera de Salud ha apuntado la actualizaci\u00f3n de la Ley de Ordenaci\u00f3n Farmac\u00e9utica y la revisi\u00f3n del concierto entre el CatSalut y el Consejo de Colegios Farmac\u00e9uticos de Catalunya, adem\u00e1s del desarrollo de la Estrategia Digital del Departamento de Salud. Tambi\u00e9n ha destacado la necesidad de que <strong>la app Mi Farmacia -que se presentar\u00e1 en primicia en Infarma este jueves y conectar\u00e1 a farmac\u00e9uticos y pacientes- y Mi Salud \u201cse encuentren\u201d.<\/strong><\/p>\n\n\n\n<p>Por su parte, <strong>Jordi Casas, presidente del Colegio de Farmac\u00e9uticos de Barcelona<\/strong> y presidente de Infarma 2025, ha hecho referencia a los grandes cambios que afronta el sector. &quot;La farmacia vive una transformaci\u00f3n clave impulsada por el auge de las tecnolog\u00edas emergentes, la adopci\u00f3n de la innovaci\u00f3n farmacol\u00f3gica en un contexto de recursos limitados, la regulaci\u00f3n de nuevos servicios asistenciales y la integraci\u00f3n en un papel m\u00e1s activo como agentes de salud&quot;.<\/p>\n\n\n\n<h2 class=\"wp-block-heading\"><strong>&quot;No hay duda del enorme valor sanitario que podemos aportar&quot;<\/strong><\/h2>\n\n\n\n<p>Adem\u00e1s, Casas haciendo alusi\u00f3n al lema de esta edici\u00f3n <strong>\u201cM\u00e1s farmacia, m\u00e1s salud\u201d <\/strong>tambi\u00e9n ha puesto en valor el papel de los farmac\u00e9uticos &quot;como agentes sanitarios m\u00e1s cercanos al ciudadano para contribuir a hacer un sistema m\u00e1s eficiente&quot; y ha reivindicado que <strong>para dotar a los profesionales de las competencias y recursos necesarios &quot;es imprescindible contar con el apoyo de las administraciones&quot;<\/strong>. <\/p>\n\n\n\n<figure class=\"wp-block-image size-large\"><a href=\"https:\/\/www.cofb.org\/wp-content\/uploads\/2025\/03\/COFB_INAUGURACIO-INFARMA_25032025_4.jpg\" target=\"_blank\" rel=\"noreferrer noopener\"><img decoding=\"async\" width=\"1024\" height=\"683\" src=\"https:\/\/www.cofb.org\/wp-content\/uploads\/2025\/03\/COFB_INAUGURACIO-INFARMA_25032025_4-1024x683.jpg\" alt=\"\" class=\"wp-image-81003\" srcset=\"https:\/\/www.cofb.org\/wp-content\/uploads\/2025\/03\/COFB_INAUGURACIO-INFARMA_25032025_4-1024x683.jpg 1024w, https:\/\/www.cofb.org\/wp-content\/uploads\/2025\/03\/COFB_INAUGURACIO-INFARMA_25032025_4-300x200.jpg 300w, https:\/\/www.cofb.org\/wp-content\/uploads\/2025\/03\/COFB_INAUGURACIO-INFARMA_25032025_4-768x512.jpg 768w, https:\/\/www.cofb.org\/wp-content\/uploads\/2025\/03\/COFB_INAUGURACIO-INFARMA_25032025_4-1536x1024.jpg 1536w, https:\/\/www.cofb.org\/wp-content\/uploads\/2025\/03\/COFB_INAUGURACIO-INFARMA_25032025_4-2048x1366.jpg 2048w, https:\/\/www.cofb.org\/wp-content\/uploads\/2025\/03\/COFB_INAUGURACIO-INFARMA_25032025_4-18x12.jpg 18w\" sizes=\"(max-width: 1024px) 100vw, 1024px\" \/><\/a><figcaption class=\"wp-element-caption\">El presidente del COFB, del CCFC y de Infarma Barcelona 2025, Jordi Casas, impartiendo su discurso. <\/figcaption><\/figure>\n\n\n\n<p>&quot;Recientes encuestas han demostrado la buena percepci\u00f3n de los ciudadanos sobre la red de farmacias comunitarias como servicio sanitario de referencia. Teniendo esto en cuenta, no cabe duda del enorme valor que podemos aportar&quot;, ha a\u00f1adido.<\/p>\n\n\n\n<p><strong>Nuria Bosch<\/strong>, <strong>directora del Congreso<\/strong>, ha remarcado que esta edici\u00f3n de Infarma aportar\u00e1 m\u00e1s debate sobre los principales temas de actualidad que afectan a la profesi\u00f3n, m\u00e1s innovaci\u00f3n, m\u00e1s interacci\u00f3n social y m\u00e1s sostenibilidad, gracias a las medidas adoptadas para reducir la huella medioambiental del evento tanto por parte de la organizaci\u00f3n como promoviendo pr\u00e1cticas responsables entre las empresas expositoras.<\/p>\n\n\n\n<figure class=\"wp-block-image size-large\"><a href=\"https:\/\/www.cofb.org\/wp-content\/uploads\/2025\/03\/COFB_INAUGURACIO-INFARMA_25032025_5.jpg\" target=\"_blank\" rel=\"noreferrer noopener\"><img loading=\"lazy\" decoding=\"async\" width=\"1024\" height=\"683\" src=\"https:\/\/www.cofb.org\/wp-content\/uploads\/2025\/03\/COFB_INAUGURACIO-INFARMA_25032025_5-1024x683.jpg\" alt=\"\" class=\"wp-image-81004\" srcset=\"https:\/\/www.cofb.org\/wp-content\/uploads\/2025\/03\/COFB_INAUGURACIO-INFARMA_25032025_5-1024x683.jpg 1024w, https:\/\/www.cofb.org\/wp-content\/uploads\/2025\/03\/COFB_INAUGURACIO-INFARMA_25032025_5-300x200.jpg 300w, https:\/\/www.cofb.org\/wp-content\/uploads\/2025\/03\/COFB_INAUGURACIO-INFARMA_25032025_5-768x512.jpg 768w, https:\/\/www.cofb.org\/wp-content\/uploads\/2025\/03\/COFB_INAUGURACIO-INFARMA_25032025_5-1536x1024.jpg 1536w, https:\/\/www.cofb.org\/wp-content\/uploads\/2025\/03\/COFB_INAUGURACIO-INFARMA_25032025_5-2048x1366.jpg 2048w, https:\/\/www.cofb.org\/wp-content\/uploads\/2025\/03\/COFB_INAUGURACIO-INFARMA_25032025_5-18x12.jpg 18w\" sizes=\"(max-width: 1024px) 100vw, 1024px\" \/><\/a><figcaption class=\"wp-element-caption\">La vicepresidenta del COFB y directora de Infarma Barcelona 2025, N\u00faria Bosch, en un momento de su exposici\u00f3n. <\/figcaption><\/figure>\n\n\n\n<p>&quot;No hay duda de que los farmac\u00e9uticos somos parte de la soluci\u00f3n a los grandes desaf\u00edos que la sanidad tiene por delante, como el envejecimiento, la cronicidad, la polimedicaci\u00f3n o la fragilidad&quot; tambi\u00e9n ha expresado <strong>Manuel Mart\u00ednez del Peral<\/strong>, presidente del Colegio Oficial de Farmac\u00e9uticos de Madrid y vicepresidente de Infarma Barcelona 2025, quien ha subrayado el importante papel de los farmac\u00e9uticos para liderar la promoci\u00f3n de la salud. A su vez, el presidente del Consejo General de Colegios Oficiales de Farmac\u00e9uticos, <strong>Jes\u00fas Aguilar<\/strong>, ha destacado que Infarma es &quot;un evento que es clave en el calendario de la profesi\u00f3n farmac\u00e9utica. Un punto de encuentro que se consolida como el mejor escaparate para mostrar los \u00faltimos avances&quot;.<\/p>\n\n\n\n<p><strong>Agust\u00edn Torres<\/strong>, presidente de CloserStill Media, ha animado a los participantes a inspirarse, compartir, ampliar conocimiento y fortalecer la profesi\u00f3n durante estos tres d\u00edas que re\u00fanen a los principales actores del sector.<\/p>\n\n\n\n<figure class=\"wp-block-image size-large\"><a href=\"https:\/\/www.cofb.org\/wp-content\/uploads\/2025\/03\/COFB_INAUGURACIO-INFARMA_25032025_1.jpg\" target=\"_blank\" rel=\"noreferrer noopener\"><img loading=\"lazy\" decoding=\"async\" width=\"1024\" height=\"683\" src=\"https:\/\/www.cofb.org\/wp-content\/uploads\/2025\/03\/COFB_INAUGURACIO-INFARMA_25032025_1-1024x683.jpg\" alt=\"\" class=\"wp-image-81000\" srcset=\"https:\/\/www.cofb.org\/wp-content\/uploads\/2025\/03\/COFB_INAUGURACIO-INFARMA_25032025_1-1024x683.jpg 1024w, https:\/\/www.cofb.org\/wp-content\/uploads\/2025\/03\/COFB_INAUGURACIO-INFARMA_25032025_1-300x200.jpg 300w, https:\/\/www.cofb.org\/wp-content\/uploads\/2025\/03\/COFB_INAUGURACIO-INFARMA_25032025_1-768x512.jpg 768w, https:\/\/www.cofb.org\/wp-content\/uploads\/2025\/03\/COFB_INAUGURACIO-INFARMA_25032025_1-1536x1024.jpg 1536w, https:\/\/www.cofb.org\/wp-content\/uploads\/2025\/03\/COFB_INAUGURACIO-INFARMA_25032025_1-2048x1366.jpg 2048w, https:\/\/www.cofb.org\/wp-content\/uploads\/2025\/03\/COFB_INAUGURACIO-INFARMA_25032025_1-18x12.jpg 18w\" sizes=\"(max-width: 1024px) 100vw, 1024px\" \/><\/a><figcaption class=\"wp-element-caption\">Autoridades y miembros del comit\u00e9 organizador en la inauguraci\u00f3n de Infarma Barcelona 2025.<\/figcaption><\/figure>\n\n\n\n<h2 class=\"wp-block-heading\"><strong>Gesti\u00f3n de las emociones en el d\u00eda a d\u00eda<\/strong><\/h2>\n\n\n\n<p>En las farmacias, donde la atenci\u00f3n al p\u00fablico, la presi\u00f3n asistencial, la colaboraci\u00f3n entre profesionales y la toma de decisiones r\u00e1pidas son constantes, saber reconocer y manejar las emociones propias y ajenas resulta fundamental. Este aspecto, que condiciona el funcionamiento del d\u00eda a d\u00eda en cada farmacia, ha sido el protagonista de la <strong>conferencia inaugural &#039;Gesti\u00f3n de las emociones en el trabajo en equipo&#039;<\/strong> a cargo de Inma Puig Santos, psic\u00f3loga cl\u00ednica, experta en creaci\u00f3n, formaci\u00f3n y desarrollo de equipos de alto rendimiento.<\/p>\n\n\n\n<figure class=\"wp-block-image size-large\"><a href=\"https:\/\/www.cofb.org\/wp-content\/uploads\/2025\/03\/COFB_INAUGURACIO-INFARMA_25032025_3.jpg\" target=\"_blank\" rel=\"noreferrer noopener\"><img loading=\"lazy\" decoding=\"async\" width=\"1024\" height=\"683\" src=\"https:\/\/www.cofb.org\/wp-content\/uploads\/2025\/03\/COFB_INAUGURACIO-INFARMA_25032025_3-1024x683.jpg\" alt=\"\" class=\"wp-image-81002\" srcset=\"https:\/\/www.cofb.org\/wp-content\/uploads\/2025\/03\/COFB_INAUGURACIO-INFARMA_25032025_3-1024x683.jpg 1024w, https:\/\/www.cofb.org\/wp-content\/uploads\/2025\/03\/COFB_INAUGURACIO-INFARMA_25032025_3-300x200.jpg 300w, https:\/\/www.cofb.org\/wp-content\/uploads\/2025\/03\/COFB_INAUGURACIO-INFARMA_25032025_3-768x512.jpg 768w, https:\/\/www.cofb.org\/wp-content\/uploads\/2025\/03\/COFB_INAUGURACIO-INFARMA_25032025_3-1536x1024.jpg 1536w, https:\/\/www.cofb.org\/wp-content\/uploads\/2025\/03\/COFB_INAUGURACIO-INFARMA_25032025_3-2048x1366.jpg 2048w, https:\/\/www.cofb.org\/wp-content\/uploads\/2025\/03\/COFB_INAUGURACIO-INFARMA_25032025_3-18x12.jpg 18w\" sizes=\"(max-width: 1024px) 100vw, 1024px\" \/><\/a><figcaption class=\"wp-element-caption\">Inma Puig impartiendo la conferencia &#039;Gesti\u00f3n de las emociones en el trabajo en equipo&#039;.<\/figcaption><\/figure>\n\n\n\n<p>Durante la conferencia, Inma Puig ha centrado su reflexi\u00f3n en entender y cuidar, dos verbos intr\u00ednsecos de la profesi\u00f3n farmac\u00e9utica en la atenci\u00f3n diaria a los pacientes y en la gesti\u00f3n de los equipos. &quot;Para poder ver lo que les sucede a las personas, es necesario poder comprenderlas. Entender personas no se trata s\u00f3lo de escucharlas, aunque es un gran primer paso, sino que hay que prestar atenci\u00f3n tambi\u00e9n a lo que no se dice y ponerse en el lugar del otro.&quot;<\/p>\n\n\n\n<p>Respecto a la palabra cuidar, con un claro foco en el cuidado de los trabajadores de las farmacias, enfatiz\u00f3 que <strong>&quot;cuidar implica escuchar, poner l\u00edmites y reconocer&quot;<\/strong>, tres pr\u00e1cticas que, si se ponen en marcha, contribuir\u00e1n a mejorar el funcionamiento del equipo, concluyendo que el ser humano, una vez tiene las necesidades b\u00e1sicas cubiertas \u201cprefiere sentirse querido que pagado\u201d.<\/p>\n\n\n\n<p>Puig ha cerrado su intervenci\u00f3n animando a <strong>innovar a los profesionales farmac\u00e9uticos<\/strong>, &quot;pero no s\u00f3lo en referencia a la tecnolog\u00eda, sino haciendo lo que ya hacemos con intenci\u00f3n de mejorar&quot;.<\/p>","protected":false},"excerpt":{"rendered":"<p>Barcelona, 25 de marzo de 2025.\u2013 La consejera de Salud de la Generalidad de Catalu\u00f1a, Olga Pan\u00e9, ha inaugurado esta ma\u00f1ana la 35\u00aa edici\u00f3n de Infarma Barcelona, el Congreso Europeo de Oficina de Farmacia y el Sal\u00f3n de Medicamentos y Parafarmacia. Se trata de un evento organizado conjuntamente por el Colegio de Farmac\u00e9uticos de [\u2026]<\/p>","protected":false},"author":3,"featured_media":81000,"comment_status":"closed","ping_status":"closed","sticky":false,"template":"","format":"aside","meta":{"_uag_custom_page_level_css":"","site-sidebar-layout":"default","site-content-layout":"","ast-site-content-layout":"default","site-content-style":"default","site-sidebar-style":"default","ast-global-header-display":"","ast-banner-title-visibility":"","ast-main-header-display":"","ast-hfb-above-header-display":"","ast-hfb-below-header-display":"","ast-hfb-mobile-header-display":"","site-post-title":"","ast-breadcrumbs-content":"","ast-featured-img":"disabled","footer-sml-layout":"","theme-transparent-header-meta":"","adv-header-id-meta":"","stick-header-meta":"","header-above-stick-meta":"","header-main-stick-meta":"","header-below-stick-meta":"","astra-migrate-meta-layouts":"set","ast-page-background-enabled":"default","ast-page-background-meta":{"desktop":{"background-color":"var(--ast-global-color-4)","background-image":"","background-repeat":"repeat","background-position":"center center","background-size":"auto","background-attachment":"scroll","background-type":"","background-media":"","overlay-type":"","overlay-color":"","overlay-opacity":"","overlay-gradient":""},"tablet":{"background-color":"","background-image":"","background-repeat":"repeat","background-position":"center center","background-size":"auto","background-attachment":"scroll","background-type":"","background-media":"","overlay-type":"","overlay-color":"","overlay-opacity":"","overlay-gradient":""},"mobile":{"background-color":"","background-image":"","background-repeat":"repeat","background-position":"center center","background-size":"auto","background-attachment":"scroll","background-type":"","background-media":"","overlay-type":"","overlay-color":"","overlay-opacity":"","overlay-gradient":""}},"ast-content-background-meta":{"desktop":{"background-color":"var(--ast-global-color-5)","background-image":"","background-repeat":"repeat","background-position":"center center","background-size":"auto","background-attachment":"scroll","background-type":"","background-media":"","overlay-type":"","overlay-color":"","overlay-opacity":"","overlay-gradient":""},"tablet":{"background-color":"var(--ast-global-color-5)","background-image":"","background-repeat":"repeat","background-position":"center center","background-size":"auto","background-attachment":"scroll","background-type":"","background-media":"","overlay-type":"","overlay-color":"","overlay-opacity":"","overlay-gradient":""},"mobile":{"background-color":"var(--ast-global-color-5)","background-image":"","background-repeat":"repeat","background-position":"center center","background-size":"auto","background-attachment":"scroll","background-type":"","background-media":"","overlay-type":"","overlay-color":"","overlay-opacity":"","overlay-gradient":""}},"footnotes":""},"categories":[23,2165,1060],"tags":[5290,5223,18,19,4186,546,28,5047,5289,4249,247,250,2951,5103,4899,4106,5288],"class_list":["post-80996","post","type-post","status-publish","format-aside","has-post-thumbnail","hentry","category-destacats","category-infarma","category-notes-premsa","tag-agustin-torres","tag-closerstill-media","tag-cofb","tag-collegi-de-farmaceutics-de-barcelona","tag-congres-europeu-doficina-de-farmacia-i-salo-de-medicaments","tag-inauguracio","tag-infarma","tag-infarma-barcelona-2025","tag-inma-puig","tag-jesus-aguilar","tag-jordi-casas","tag-manuel-martinez-del-peral","tag-nuria-bosch","tag-olga-pane","tag-salo-de-medicaments-i-parafarmacia","tag-salo-i-congres-europeu-de-farmacia","tag-salon-y-congreso","post_format-post-format-aside"],"yoast_head":"<!-- This site is optimized with the Yoast SEO plugin v22.4 - https:\/\/yoast.com\/wordpress\/plugins\/seo\/ -->\n<title>Olga Pan\u00e9, consellera de Salut de la Generalitat de Catalunya: \u201cLes farm\u00e0cies i els seus professionals s\u00f3n un b\u00e9 molt preuat i un instrument sanitari de gran utilitat\u201d - Col\u00b7legi de Farmac\u00e8utics de Barcelona<\/title>\n<meta name=\"description\" content=\"La consellera de Salut de la Generalitat de Catalunya, Olga Pan\u00e9, ha inaugurat aquest mat\u00ed la 35a edici\u00f3 d&#039;Infarma Barcelona 2025\" \/>\n<meta name=\"robots\" content=\"index, follow, max-snippet:-1, max-image-preview:large, max-video-preview:-1\" \/>\n<link rel=\"canonical\" href=\"https:\/\/www.cofb.org\/es\/2025\/03\/25\/olga-pane-consellera-de-salut-de-la-generalitat-de-catalunya-les-farmacies-i-els-seus-professionals-son-un-be-molt-preuat-i-un-instrument-sanitari-de-gran-utilitat\/\" \/>\n<meta property=\"og:locale\" content=\"es_ES\" \/>\n<meta property=\"og:type\" content=\"article\" \/>\n<meta property=\"og:title\" content=\"Olga Pan\u00e9, consellera de Salut de la Generalitat de Catalunya: \u201cLes farm\u00e0cies i els seus professionals s\u00f3n un b\u00e9 molt preuat i un instrument sanitari de gran utilitat\u201d - Col\u00b7legi de Farmac\u00e8utics de Barcelona\" \/>\n<meta property=\"og:description\" content=\"La consellera de Salut de la Generalitat de Catalunya, Olga Pan\u00e9, ha inaugurat aquest mat\u00ed la 35a edici\u00f3 d&#039;Infarma Barcelona 2025\" \/>\n<meta property=\"og:url\" content=\"https:\/\/www.cofb.org\/es\/2025\/03\/25\/olga-pane-consellera-de-salut-de-la-generalitat-de-catalunya-les-farmacies-i-els-seus-professionals-son-un-be-molt-preuat-i-un-instrument-sanitari-de-gran-utilitat\/\" \/>\n<meta property=\"og:site_name\" content=\"Col\u00b7legi de Farmac\u00e8utics de Barcelona\" \/>\n<meta property=\"article:publisher\" content=\"https:\/\/www.facebook.com\/farmaceuticsbcn\/\" \/>\n<meta property=\"article:published_time\" content=\"2025-03-25T18:49:07+00:00\" \/>\n<meta property=\"article:modified_time\" content=\"2025-03-26T11:38:00+00:00\" \/>\n<meta property=\"og:image\" content=\"https:\/\/www.cofb.org\/wp-content\/uploads\/2025\/03\/COFB_INAUGURACIO-INFARMA_25032025_1.jpg\" \/>\n\t<meta property=\"og:image:width\" content=\"2362\" \/>\n\t<meta property=\"og:image:height\" content=\"1575\" \/>\n\t<meta property=\"og:image:type\" content=\"image\/jpeg\" \/>\n<meta name=\"author\" content=\"Berta Mart\u00ednez\" \/>\n<meta name=\"twitter:card\" content=\"summary_large_image\" \/>\n<meta name=\"twitter:creator\" content=\"@farmaceuticsbcn\" \/>\n<meta name=\"twitter:site\" content=\"@farmaceuticsbcn\" \/>\n<meta name=\"twitter:label1\" content=\"Escrito por\" \/>\n\t<meta name=\"twitter:data1\" content=\"Berta Mart\u00ednez\" \/>\n\t<meta name=\"twitter:label2\" content=\"Tiempo de lectura\" \/>\n\t<meta name=\"twitter:data2\" content=\"8 minutos\" \/>\n<script type=\"application\/ld+json\" class=\"yoast-schema-graph\">{\"@context\":\"https:\/\/schema.org\",\"@graph\":[{\"@type\":\"Article\",\"@id\":\"https:\/\/www.cofb.org\/2025\/03\/25\/olga-pane-consellera-de-salut-de-la-generalitat-de-catalunya-les-farmacies-i-els-seus-professionals-son-un-be-molt-preuat-i-un-instrument-sanitari-de-gran-utilitat\/#article\",\"isPartOf\":{\"@id\":\"https:\/\/www.cofb.org\/2025\/03\/25\/olga-pane-consellera-de-salut-de-la-generalitat-de-catalunya-les-farmacies-i-els-seus-professionals-son-un-be-molt-preuat-i-un-instrument-sanitari-de-gran-utilitat\/\"},\"author\":{\"name\":\"Berta Mart\u00ednez\",\"@id\":\"https:\/\/www.cofb.org\/#\/schema\/person\/f32de3b41b812c85ff923cb4cc849063\"},\"headline\":\"Olga Pan\u00e9, consellera de Salut de la Generalitat de Catalunya: \u201cLes farm\u00e0cies i els seus professionals s\u00f3n un b\u00e9 molt preuat i un instrument sanitari de gran utilitat\u201d\",\"datePublished\":\"2025-03-25T18:49:07+00:00\",\"dateModified\":\"2025-03-26T11:38:00+00:00\",\"mainEntityOfPage\":{\"@id\":\"https:\/\/www.cofb.org\/2025\/03\/25\/olga-pane-consellera-de-salut-de-la-generalitat-de-catalunya-les-farmacies-i-els-seus-professionals-son-un-be-molt-preuat-i-un-instrument-sanitari-de-gran-utilitat\/\"},\"wordCount\":1323,\"publisher\":{\"@id\":\"https:\/\/www.cofb.org\/#organization\"},\"image\":{\"@id\":\"https:\/\/www.cofb.org\/2025\/03\/25\/olga-pane-consellera-de-salut-de-la-generalitat-de-catalunya-les-farmacies-i-els-seus-professionals-son-un-be-molt-preuat-i-un-instrument-sanitari-de-gran-utilitat\/#primaryimage\"},\"thumbnailUrl\":\"https:\/\/www.cofb.org\/wp-content\/uploads\/2025\/03\/COFB_INAUGURACIO-INFARMA_25032025_1.jpg\",\"keywords\":[\"Agust\u00edn Torres\",\"CloserStill Media\",\"COFB\",\"Col\u00b7legi de Farmac\u00e8utics de Barcelona\",\"Congr\u00e9s Europeu d'Oficina de Farm\u00e0cia i Sal\u00f3 de Medicaments\",\"inauguraci\u00f3\",\"Infarma\",\"Infarma Barcelona 2025\",\"Inma Puig\",\"Jes\u00fas Aguilar\",\"Jordi Casas\",\"Manuel Mart\u00ednez del Peral\",\"N\u00faria Bosch\",\"Olga Pan\u00e9\",\"Sal\u00f3 de Medicaments i Parafarm\u00e0cia\",\"Sal\u00f3 i Congr\u00e9s Europeu de Farm\u00e0cia\",\"Sal\u00f3n y Congreso\"],\"articleSection\":[\"Destacats\",\"Infarma\",\"Notes de premsa\"],\"inLanguage\":\"es\"},{\"@type\":\"WebPage\",\"@id\":\"https:\/\/www.cofb.org\/2025\/03\/25\/olga-pane-consellera-de-salut-de-la-generalitat-de-catalunya-les-farmacies-i-els-seus-professionals-son-un-be-molt-preuat-i-un-instrument-sanitari-de-gran-utilitat\/\",\"url\":\"https:\/\/www.cofb.org\/2025\/03\/25\/olga-pane-consellera-de-salut-de-la-generalitat-de-catalunya-les-farmacies-i-els-seus-professionals-son-un-be-molt-preuat-i-un-instrument-sanitari-de-gran-utilitat\/\",\"name\":\"Olga Pan\u00e9, consellera de Salut de la Generalitat de Catalunya: \u201cLes farm\u00e0cies i els seus professionals s\u00f3n un b\u00e9 molt preuat i un instrument sanitari de gran utilitat\u201d - Col\u00b7legi de Farmac\u00e8utics de Barcelona\",\"isPartOf\":{\"@id\":\"https:\/\/www.cofb.org\/#website\"},\"primaryImageOfPage\":{\"@id\":\"https:\/\/www.cofb.org\/2025\/03\/25\/olga-pane-consellera-de-salut-de-la-generalitat-de-catalunya-les-farmacies-i-els-seus-professionals-son-un-be-molt-preuat-i-un-instrument-sanitari-de-gran-utilitat\/#primaryimage\"},\"image\":{\"@id\":\"https:\/\/www.cofb.org\/2025\/03\/25\/olga-pane-consellera-de-salut-de-la-generalitat-de-catalunya-les-farmacies-i-els-seus-professionals-son-un-be-molt-preuat-i-un-instrument-sanitari-de-gran-utilitat\/#primaryimage\"},\"thumbnailUrl\":\"https:\/\/www.cofb.org\/wp-content\/uploads\/2025\/03\/COFB_INAUGURACIO-INFARMA_25032025_1.jpg\",\"datePublished\":\"2025-03-25T18:49:07+00:00\",\"dateModified\":\"2025-03-26T11:38:00+00:00\",\"description\":\"La consellera de Salut de la Generalitat de Catalunya, Olga Pan\u00e9, ha inaugurat aquest mat\u00ed la 35a edici\u00f3 d'Infarma Barcelona 2025\",\"breadcrumb\":{\"@id\":\"https:\/\/www.cofb.org\/2025\/03\/25\/olga-pane-consellera-de-salut-de-la-generalitat-de-catalunya-les-farmacies-i-els-seus-professionals-son-un-be-molt-preuat-i-un-instrument-sanitari-de-gran-utilitat\/#breadcrumb\"},\"inLanguage\":\"es\",\"potentialAction\":[{\"@type\":\"ReadAction\",\"target\":[\"https:\/\/www.cofb.org\/2025\/03\/25\/olga-pane-consellera-de-salut-de-la-generalitat-de-catalunya-les-farmacies-i-els-seus-professionals-son-un-be-molt-preuat-i-un-instrument-sanitari-de-gran-utilitat\/\"]}]},{\"@type\":\"ImageObject\",\"inLanguage\":\"es\",\"@id\":\"https:\/\/www.cofb.org\/2025\/03\/25\/olga-pane-consellera-de-salut-de-la-generalitat-de-catalunya-les-farmacies-i-els-seus-professionals-son-un-be-molt-preuat-i-un-instrument-sanitari-de-gran-utilitat\/#primaryimage\",\"url\":\"https:\/\/www.cofb.org\/wp-content\/uploads\/2025\/03\/COFB_INAUGURACIO-INFARMA_25032025_1.jpg\",\"contentUrl\":\"https:\/\/www.cofb.org\/wp-content\/uploads\/2025\/03\/COFB_INAUGURACIO-INFARMA_25032025_1.jpg\",\"width\":2362,\"height\":1575,\"caption\":\"Autoritats i membres del comit\u00e8 organitzador en la inauguraci\u00f3 d'Infarma Barcelona 2025.\"},{\"@type\":\"BreadcrumbList\",\"@id\":\"https:\/\/www.cofb.org\/2025\/03\/25\/olga-pane-consellera-de-salut-de-la-generalitat-de-catalunya-les-farmacies-i-els-seus-professionals-son-un-be-molt-preuat-i-un-instrument-sanitari-de-gran-utilitat\/#breadcrumb\",\"itemListElement\":[{\"@type\":\"ListItem\",\"position\":1,\"name\":\"Inici\",\"item\":\"https:\/\/novaorg.cofb.net\/\"},{\"@type\":\"ListItem\",\"position\":2,\"name\":\"Olga Pan\u00e9, consellera de Salut de la Generalitat de Catalunya: \u201cLes farm\u00e0cies i els seus professionals s\u00f3n un b\u00e9 molt preuat i un instrument sanitari de gran utilitat\u201d\"}]},{\"@type\":\"WebSite\",\"@id\":\"https:\/\/www.cofb.org\/#website\",\"url\":\"https:\/\/www.cofb.org\/\",\"name\":\"Col\u00b7legi de Farmac\u00e8utics de Barcelona\",\"description\":\"\",\"publisher\":{\"@id\":\"https:\/\/www.cofb.org\/#organization\"},\"potentialAction\":[{\"@type\":\"SearchAction\",\"target\":{\"@type\":\"EntryPoint\",\"urlTemplate\":\"https:\/\/www.cofb.org\/?s={search_term_string}\"},\"query-input\":\"required name=search_term_string\"}],\"inLanguage\":\"es\"},{\"@type\":\"Organization\",\"@id\":\"https:\/\/www.cofb.org\/#organization\",\"name\":\"Col\u00b7legi de Farmac\u00e8utics de Barcelona\",\"url\":\"https:\/\/www.cofb.org\/\",\"logo\":{\"@type\":\"ImageObject\",\"inLanguage\":\"es\",\"@id\":\"https:\/\/www.cofb.org\/#\/schema\/logo\/image\/\",\"url\":\"https:\/\/www.cofb.org\/wp-content\/uploads\/2023\/11\/cropped-Logotip-COFB.png\",\"contentUrl\":\"https:\/\/www.cofb.org\/wp-content\/uploads\/2023\/11\/cropped-Logotip-COFB.png\",\"width\":500,\"height\":105,\"caption\":\"Col\u00b7legi de Farmac\u00e8utics de Barcelona\"},\"image\":{\"@id\":\"https:\/\/www.cofb.org\/#\/schema\/logo\/image\/\"},\"sameAs\":[\"https:\/\/www.facebook.com\/farmaceuticsbcn\/\",\"https:\/\/twitter.com\/farmaceuticsbcn\",\"https:\/\/www.instagram.com\/farmaceuticsbcn\/\",\"https:\/\/www.linkedin.com\/company\/farmaceuticsbcn\/\"]},{\"@type\":\"Person\",\"@id\":\"https:\/\/www.cofb.org\/#\/schema\/person\/f32de3b41b812c85ff923cb4cc849063\",\"name\":\"Berta Mart\u00ednez\",\"image\":{\"@type\":\"ImageObject\",\"inLanguage\":\"es\",\"@id\":\"https:\/\/www.cofb.org\/#\/schema\/person\/image\/\",\"url\":\"https:\/\/secure.gravatar.com\/avatar\/d4c584dab5da1ee9e3c3df161c0aabec7075cc8211cd46ffc79bfe177aa78b01?s=96&d=mm&r=g\",\"contentUrl\":\"https:\/\/secure.gravatar.com\/avatar\/d4c584dab5da1ee9e3c3df161c0aabec7075cc8211cd46ffc79bfe177aa78b01?s=96&d=mm&r=g\",\"caption\":\"Berta Mart\u00ednez\"},\"url\":\"https:\/\/www.cofb.org\/es\/author\/bmartinez\/\"}]}<\/script>\n<!-- \/ Yoast SEO plugin. -->","yoast_head_json":{"title":"Olga Pan\u00e9, consellera de Salut de la Generalitat de Catalunya: \u201cLes farm\u00e0cies i els seus professionals s\u00f3n un b\u00e9 molt preuat i un instrument sanitari de gran utilitat\u201d - Col\u00b7legi de Farmac\u00e8utics de Barcelona","description":"La consellera de Salut de la Generalitat de Catalunya, Olga Pan\u00e9, ha inaugurat aquest mat\u00ed la 35a edici\u00f3 d'Infarma Barcelona 2025","robots":{"index":"index","follow":"follow","max-snippet":"max-snippet:-1","max-image-preview":"max-image-preview:large","max-video-preview":"max-video-preview:-1"},"canonical":"https:\/\/www.cofb.org\/es\/2025\/03\/25\/olga-pane-consellera-de-salut-de-la-generalitat-de-catalunya-les-farmacies-i-els-seus-professionals-son-un-be-molt-preuat-i-un-instrument-sanitari-de-gran-utilitat\/","og_locale":"es_ES","og_type":"article","og_title":"Olga Pan\u00e9, consellera de Salut de la Generalitat de Catalunya: \u201cLes farm\u00e0cies i els seus professionals s\u00f3n un b\u00e9 molt preuat i un instrument sanitari de gran utilitat\u201d - Col\u00b7legi de Farmac\u00e8utics de Barcelona","og_description":"La consellera de Salut de la Generalitat de Catalunya, Olga Pan\u00e9, ha inaugurat aquest mat\u00ed la 35a edici\u00f3 d'Infarma Barcelona 2025","og_url":"https:\/\/www.cofb.org\/es\/2025\/03\/25\/olga-pane-consellera-de-salut-de-la-generalitat-de-catalunya-les-farmacies-i-els-seus-professionals-son-un-be-molt-preuat-i-un-instrument-sanitari-de-gran-utilitat\/","og_site_name":"Col\u00b7legi de Farmac\u00e8utics de Barcelona","article_publisher":"https:\/\/www.facebook.com\/farmaceuticsbcn\/","article_published_time":"2025-03-25T18:49:07+00:00","article_modified_time":"2025-03-26T11:38:00+00:00","og_image":[{"width":2362,"height":1575,"url":"https:\/\/www.cofb.org\/wp-content\/uploads\/2025\/03\/COFB_INAUGURACIO-INFARMA_25032025_1.jpg","type":"image\/jpeg"}],"author":"Berta Mart\u00ednez","twitter_card":"summary_large_image","twitter_creator":"@farmaceuticsbcn","twitter_site":"@farmaceuticsbcn","twitter_misc":{"Escrito por":"Berta Mart\u00ednez","Tiempo de lectura":"8 minutos"},"schema":{"@context":"https:\/\/schema.org","@graph":[{"@type":"Article","@id":"https:\/\/www.cofb.org\/2025\/03\/25\/olga-pane-consellera-de-salut-de-la-generalitat-de-catalunya-les-farmacies-i-els-seus-professionals-son-un-be-molt-preuat-i-un-instrument-sanitari-de-gran-utilitat\/#article","isPartOf":{"@id":"https:\/\/www.cofb.org\/2025\/03\/25\/olga-pane-consellera-de-salut-de-la-generalitat-de-catalunya-les-farmacies-i-els-seus-professionals-son-un-be-molt-preuat-i-un-instrument-sanitari-de-gran-utilitat\/"},"author":{"name":"Berta Mart\u00ednez","@id":"https:\/\/www.cofb.org\/#\/schema\/person\/f32de3b41b812c85ff923cb4cc849063"},"headline":"Olga Pan\u00e9, consellera de Salut de la Generalitat de Catalunya: \u201cLes farm\u00e0cies i els seus professionals s\u00f3n un b\u00e9 molt preuat i un instrument sanitari de gran utilitat\u201d","datePublished":"2025-03-25T18:49:07+00:00","dateModified":"2025-03-26T11:38:00+00:00","mainEntityOfPage":{"@id":"https:\/\/www.cofb.org\/2025\/03\/25\/olga-pane-consellera-de-salut-de-la-generalitat-de-catalunya-les-farmacies-i-els-seus-professionals-son-un-be-molt-preuat-i-un-instrument-sanitari-de-gran-utilitat\/"},"wordCount":1323,"publisher":{"@id":"https:\/\/www.cofb.org\/#organization"},"image":{"@id":"https:\/\/www.cofb.org\/2025\/03\/25\/olga-pane-consellera-de-salut-de-la-generalitat-de-catalunya-les-farmacies-i-els-seus-professionals-son-un-be-molt-preuat-i-un-instrument-sanitari-de-gran-utilitat\/#primaryimage"},"thumbnailUrl":"https:\/\/www.cofb.org\/wp-content\/uploads\/2025\/03\/COFB_INAUGURACIO-INFARMA_25032025_1.jpg","keywords":["Agust\u00edn Torres","CloserStill Media","COFB","Col\u00b7legi de Farmac\u00e8utics de Barcelona","Congr\u00e9s Europeu d'Oficina de Farm\u00e0cia i Sal\u00f3 de Medicaments","inauguraci\u00f3","Infarma","Infarma Barcelona 2025","Inma Puig","Jes\u00fas Aguilar","Jordi Casas","Manuel Mart\u00ednez del Peral","N\u00faria Bosch","Olga Pan\u00e9","Sal\u00f3 de Medicaments i Parafarm\u00e0cia","Sal\u00f3 i Congr\u00e9s Europeu de Farm\u00e0cia","Sal\u00f3n y Congreso"],"articleSection":["Destacats","Infarma","Notes de premsa"],"inLanguage":"es"},{"@type":"WebPage","@id":"https:\/\/www.cofb.org\/2025\/03\/25\/olga-pane-consellera-de-salut-de-la-generalitat-de-catalunya-les-farmacies-i-els-seus-professionals-son-un-be-molt-preuat-i-un-instrument-sanitari-de-gran-utilitat\/","url":"https:\/\/www.cofb.org\/2025\/03\/25\/olga-pane-consellera-de-salut-de-la-generalitat-de-catalunya-les-farmacies-i-els-seus-professionals-son-un-be-molt-preuat-i-un-instrument-sanitari-de-gran-utilitat\/","name":"Olga Pan\u00e9, consellera de Salut de la Generalitat de Catalunya: \u201cLes farm\u00e0cies i els seus professionals s\u00f3n un b\u00e9 molt preuat i un instrument sanitari de gran utilitat\u201d - Col\u00b7legi de Farmac\u00e8utics de Barcelona","isPartOf":{"@id":"https:\/\/www.cofb.org\/#website"},"primaryImageOfPage":{"@id":"https:\/\/www.cofb.org\/2025\/03\/25\/olga-pane-consellera-de-salut-de-la-generalitat-de-catalunya-les-farmacies-i-els-seus-professionals-son-un-be-molt-preuat-i-un-instrument-sanitari-de-gran-utilitat\/#primaryimage"},"image":{"@id":"https:\/\/www.cofb.org\/2025\/03\/25\/olga-pane-consellera-de-salut-de-la-generalitat-de-catalunya-les-farmacies-i-els-seus-professionals-son-un-be-molt-preuat-i-un-instrument-sanitari-de-gran-utilitat\/#primaryimage"},"thumbnailUrl":"https:\/\/www.cofb.org\/wp-content\/uploads\/2025\/03\/COFB_INAUGURACIO-INFARMA_25032025_1.jpg","datePublished":"2025-03-25T18:49:07+00:00","dateModified":"2025-03-26T11:38:00+00:00","description":"La consellera de Salut de la Generalitat de Catalunya, Olga Pan\u00e9, ha inaugurat aquest mat\u00ed la 35a edici\u00f3 d'Infarma Barcelona 2025","breadcrumb":{"@id":"https:\/\/www.cofb.org\/2025\/03\/25\/olga-pane-consellera-de-salut-de-la-generalitat-de-catalunya-les-farmacies-i-els-seus-professionals-son-un-be-molt-preuat-i-un-instrument-sanitari-de-gran-utilitat\/#breadcrumb"},"inLanguage":"es","potentialAction":[{"@type":"ReadAction","target":["https:\/\/www.cofb.org\/2025\/03\/25\/olga-pane-consellera-de-salut-de-la-generalitat-de-catalunya-les-farmacies-i-els-seus-professionals-son-un-be-molt-preuat-i-un-instrument-sanitari-de-gran-utilitat\/"]}]},{"@type":"ImageObject","inLanguage":"es","@id":"https:\/\/www.cofb.org\/2025\/03\/25\/olga-pane-consellera-de-salut-de-la-generalitat-de-catalunya-les-farmacies-i-els-seus-professionals-son-un-be-molt-preuat-i-un-instrument-sanitari-de-gran-utilitat\/#primaryimage","url":"https:\/\/www.cofb.org\/wp-content\/uploads\/2025\/03\/COFB_INAUGURACIO-INFARMA_25032025_1.jpg","contentUrl":"https:\/\/www.cofb.org\/wp-content\/uploads\/2025\/03\/COFB_INAUGURACIO-INFARMA_25032025_1.jpg","width":2362,"height":1575,"caption":"Autoritats i membres del comit\u00e8 organitzador en la inauguraci\u00f3 d'Infarma Barcelona 2025."},{"@type":"BreadcrumbList","@id":"https:\/\/www.cofb.org\/2025\/03\/25\/olga-pane-consellera-de-salut-de-la-generalitat-de-catalunya-les-farmacies-i-els-seus-professionals-son-un-be-molt-preuat-i-un-instrument-sanitari-de-gran-utilitat\/#breadcrumb","itemListElement":[{"@type":"ListItem","position":1,"name":"Inici","item":"https:\/\/novaorg.cofb.net\/"},{"@type":"ListItem","position":2,"name":"Olga Pan\u00e9, consellera de Salut de la Generalitat de Catalunya: \u201cLes farm\u00e0cies i els seus professionals s\u00f3n un b\u00e9 molt preuat i un instrument sanitari de gran utilitat\u201d"}]},{"@type":"WebSite","@id":"https:\/\/www.cofb.org\/#website","url":"https:\/\/www.cofb.org\/","name":"Col\u00b7legi de Farmac\u00e8utics de Barcelona","description":"","publisher":{"@id":"https:\/\/www.cofb.org\/#organization"},"potentialAction":[{"@type":"SearchAction","target":{"@type":"EntryPoint","urlTemplate":"https:\/\/www.cofb.org\/?s={search_term_string}"},"query-input":"required name=search_term_string"}],"inLanguage":"es"},{"@type":"Organization","@id":"https:\/\/www.cofb.org\/#organization","name":"Col\u00b7legi de Farmac\u00e8utics de Barcelona","url":"https:\/\/www.cofb.org\/","logo":{"@type":"ImageObject","inLanguage":"es","@id":"https:\/\/www.cofb.org\/#\/schema\/logo\/image\/","url":"https:\/\/www.cofb.org\/wp-content\/uploads\/2023\/11\/cropped-Logotip-COFB.png","contentUrl":"https:\/\/www.cofb.org\/wp-content\/uploads\/2023\/11\/cropped-Logotip-COFB.png","width":500,"height":105,"caption":"Col\u00b7legi de Farmac\u00e8utics de Barcelona"},"image":{"@id":"https:\/\/www.cofb.org\/#\/schema\/logo\/image\/"},"sameAs":["https:\/\/www.facebook.com\/farmaceuticsbcn\/","https:\/\/twitter.com\/farmaceuticsbcn","https:\/\/www.instagram.com\/farmaceuticsbcn\/","https:\/\/www.linkedin.com\/company\/farmaceuticsbcn\/"]},{"@type":"Person","@id":"https:\/\/www.cofb.org\/#\/schema\/person\/f32de3b41b812c85ff923cb4cc849063","name":"Berta Mart\u00ednez","image":{"@type":"ImageObject","inLanguage":"es","@id":"https:\/\/www.cofb.org\/#\/schema\/person\/image\/","url":"https:\/\/secure.gravatar.com\/avatar\/d4c584dab5da1ee9e3c3df161c0aabec7075cc8211cd46ffc79bfe177aa78b01?s=96&d=mm&r=g","contentUrl":"https:\/\/secure.gravatar.com\/avatar\/d4c584dab5da1ee9e3c3df161c0aabec7075cc8211cd46ffc79bfe177aa78b01?s=96&d=mm&r=g","caption":"Berta Mart\u00ednez"},"url":"https:\/\/www.cofb.org\/es\/author\/bmartinez\/"}]}},"uagb_featured_image_src":{"full":["https:\/\/www.cofb.org\/wp-content\/uploads\/2025\/03\/COFB_INAUGURACIO-INFARMA_25032025_1.jpg",2362,1575,false],"thumbnail":["https:\/\/www.cofb.org\/wp-content\/uploads\/2025\/03\/COFB_INAUGURACIO-INFARMA_25032025_1-150x150.jpg",150,150,true],"medium":["https:\/\/www.cofb.org\/wp-content\/uploads\/2025\/03\/COFB_INAUGURACIO-INFARMA_25032025_1-300x200.jpg",300,200,true],"medium_large":["https:\/\/www.cofb.org\/wp-content\/uploads\/2025\/03\/COFB_INAUGURACIO-INFARMA_25032025_1-768x512.jpg",768,512,true],"large":["https:\/\/www.cofb.org\/wp-content\/uploads\/2025\/03\/COFB_INAUGURACIO-INFARMA_25032025_1-1024x683.jpg",1024,683,true],"1536x1536":["https:\/\/www.cofb.org\/wp-content\/uploads\/2025\/03\/COFB_INAUGURACIO-INFARMA_25032025_1-1536x1024.jpg",1536,1024,true],"2048x2048":["https:\/\/www.cofb.org\/wp-content\/uploads\/2025\/03\/COFB_INAUGURACIO-INFARMA_25032025_1-2048x1366.jpg",2048,1366,true],"trp-custom-language-flag":["https:\/\/www.cofb.org\/wp-content\/uploads\/2025\/03\/COFB_INAUGURACIO-INFARMA_25032025_1-18x12.jpg",18,12,true]},"uagb_author_info":{"display_name":"Berta Mart\u00ednez","author_link":"https:\/\/www.cofb.org\/es\/author\/bmartinez\/"},"uagb_comment_info":0,"uagb_excerpt":"Barcelona, 25 de mar\u00e7 de 2025.\u2013 La consellera de Salut de la Generalitat de Catalunya, Olga Pan\u00e9, ha inaugurat aquest mat\u00ed la 35a edici\u00f3 d&#8217;Infarma Barcelona, el Congr\u00e9s Europeu d&#8217;Oficina de Farm\u00e0cia i el Sal\u00f3 de Medicaments i Parafarm\u00e0cia. Es tracta d&#8217;un esdeveniment organitzat conjuntament pel Col\u00b7legi de Farmac\u00e8utics de [&hellip;]","_links":{"self":[{"href":"https:\/\/www.cofb.org\/es\/wp-json\/wp\/v2\/posts\/80996","targetHints":{"allow":["GET"]}}],"collection":[{"href":"https:\/\/www.cofb.org\/es\/wp-json\/wp\/v2\/posts"}],"about":[{"href":"https:\/\/www.cofb.org\/es\/wp-json\/wp\/v2\/types\/post"}],"author":[{"embeddable":true,"href":"https:\/\/www.cofb.org\/es\/wp-json\/wp\/v2\/users\/3"}],"replies":[{"embeddable":true,"href":"https:\/\/www.cofb.org\/es\/wp-json\/wp\/v2\/comments?post=80996"}],"version-history":[{"count":11,"href":"https:\/\/www.cofb.org\/es\/wp-json\/wp\/v2\/posts\/80996\/revisions"}],"predecessor-version":[{"id":81015,"href":"https:\/\/www.cofb.org\/es\/wp-json\/wp\/v2\/posts\/80996\/revisions\/81015"}],"wp:featuredmedia":[{"embeddable":true,"href":"https:\/\/www.cofb.org\/es\/wp-json\/wp\/v2\/media\/81000"}],"wp:attachment":[{"href":"https:\/\/www.cofb.org\/es\/wp-json\/wp\/v2\/media?parent=80996"}],"wp:term":[{"taxonomy":"category","embeddable":true,"href":"https:\/\/www.cofb.org\/es\/wp-json\/wp\/v2\/categories?post=80996"},{"taxonomy":"post_tag","embeddable":true,"href":"https:\/\/www.cofb.org\/es\/wp-json\/wp\/v2\/tags?post=80996"}],"curies":[{"name":"wp","href":"https:\/\/api.w.org\/{rel}","templated":true}]}}