{"id":8086,"date":"2014-08-14T14:36:33","date_gmt":"2014-08-14T13:36:33","guid":{"rendered":"http:\/\/blog.cofb.cat\/?p=8086"},"modified":"2014-08-14T14:36:33","modified_gmt":"2014-08-14T13:36:33","slug":"consells-per-a-una-bona-alimentacio-en-els-primers-anys-de-vida","status":"publish","type":"post","link":"https:\/\/www.cofb.org\/es\/2014\/08\/14\/consells-per-a-una-bona-alimentacio-en-els-primers-anys-de-vida\/","title":{"rendered":"Consejos para una buena alimentaci\u00f3n en los primeros a\u00f1os de vida"},"content":{"rendered":"<p><strong>M\u00e1s del 90% de los ni\u00f1os de entre 0 y 3 a\u00f1os consumen el doble de las prote\u00ednas necesarias<\/strong>. \u00c9ste es uno de los errores de la alimentaci\u00f3n de los m\u00e1s peque\u00f1os, de la que se habl\u00f3 en la conferencia<span style=\"text-decoration: underline;\"><a href=\"http:\/\/blog.cofb.cat\/sabem-que-mengen-els-nostres-fills-en-parlarem-el-3-de-juliol\/\" target=\"_blank\" rel=\"noopener\"> \u201c\u00bfQu\u00e9 comen nuestros hijos? Consejos y recomendaciones para una buena alimentaci\u00f3n en los primeros a\u00f1os de vida\u201d<\/a><\/span>, que acogi\u00f3 al COFB el pasado 3 de julio. La charla estuvo moderada por la vocal de Alimentaci\u00f3n y Nutrici\u00f3n del Colegio, Anna Bach, quien explic\u00f3 la importancia de la proximidad de la farmacia comunitaria en las familias y, sobre todo, en las madres.<\/p>\n<p>El estudio <span style=\"text-decoration: underline;\"><a href=\"http:\/\/www.estudioalsalma.es\/v_portal\/apartados\/apartado.asp\" target=\"_blank\" rel=\"noopener\">Alsalma 2.0 <\/a><\/span>ha permitido saber que la dieta de los m\u00e1s peque\u00f1os tiene un exceso de prote\u00ednas, sobre todo de las de origen animal (carne y l\u00e1cteos), en el 96% de los ni\u00f1os de 7 a 12 meses, el 88% de los ni\u00f1os de 13 a 24 meses y el 97% de los ni\u00f1os de 25 a 36 meses. El proyecto tambi\u00e9n muestra que existe un consumo deficitario de hierro, vitamina D y yodo, as\u00ed como un exceso de sodio.<\/p>\n<div class=\"box shadow\">Anna Bach: \u201cLa alimentaci\u00f3n infantil es una consulta habitual en la farmacia, de ah\u00ed que los farmac\u00e9uticos se interesen por formarse, actualizar sus conocimientos en este campo y as\u00ed poder aconsejar adecuadamente al usuario\u201d.<\/div>\n<p>El objetivo de Alsalma 2.0, realizado a partir de una muestra de 1.500 ni\u00f1os, es establecer cu\u00e1l es la alimentaci\u00f3n de los ni\u00f1os de entre 0 y 3 a\u00f1os de nuestra poblaci\u00f3n, analizar y determinar sus d\u00e9ficits, e intentar proporcionar recomendaciones para corregirlos. Un desequilibrio de la alimentaci\u00f3n a largo plazo puede conducir a la obesidad, muy prevalente en la infancia. Los factores que la condicionan, aparte de los m\u00e1s evidentes como el peso al nacer, la actividad f\u00edsica y los factores gen\u00e9ticos, son los h\u00e1bitos alimenticios no saludables.<\/p>\n<p>As\u00ed pues,\u00a0<strong>lo primero que debemos saber para combatir la obesidad es por qu\u00e9 nuestros ni\u00f1os son obesos<\/strong>, puesto que la intervenci\u00f3n precoz es lo que nos puede ayudar a mejorar la salud de nuestros futuros adultos.<\/p>\n\n<p style=\"text-align: left;\"><strong>\u00bfCu\u00e1les son las preguntas m\u00e1s frecuentes en los farmac\u00e9uticos?<\/strong><\/p>\n<p style=\"text-align: left;\">Las preguntas m\u00e1s frecuentes, en relaci\u00f3n con la alimentaci\u00f3n de nuestros ni\u00f1os, son la introducci\u00f3n de los alimentos y la adaptaci\u00f3n de la alimentaci\u00f3n a requerimientos especiales (por ejemplo, dietas sin lactosa). De esto habl\u00f3 el encargado de la conferencia, Sergio Pinillos, secci\u00f3n de Gastroenterolog\u00eda, Hepatolog\u00eda y Nutrici\u00f3n del Hospital de San Juan de Dios de Barcelona, que remarc\u00f3 que un d\u00e9ficit o exceso de alimentaci\u00f3n en la alimentaci\u00f3n de los m\u00e1s peque\u00f1os inciden evidentemente en su salud en la etapa adulta. Por eso es necesario saber qu\u00e9 comen y c\u00f3mo comen nuestros hijos.<\/p>\n<p style=\"text-align: right;\"><strong><span style=\"color: #888888;\">Con el patrocinio de:<\/span><\/strong><\/p>\n<p><a href=\"https:\/\/www.almiclub.es\/\" target=\"_blank\" rel=\"noopener\"><img decoding=\"async\" class=\"size-full wp-image-8091 alignright\" alt=\"Almiron\" src=\"http:\/\/blog.cofb.cat\/wp-content\/uploads\/2014\/08\/Almiron.jpg\" width=\"150\" height=\"83\" \/><\/a><\/p>\n<p>&nbsp;<\/p>\n<p>&nbsp;<\/p>\n<p>&nbsp;<\/p>","protected":false},"excerpt":{"rendered":"<p>M\u00e1s del 90% de los ni\u00f1os de entre 0 y 3 a\u00f1os consumen el doble de las prote\u00ednas necesarias. \u00c9ste es uno de los errores de la alimentaci\u00f3n de los m\u00e1s peque\u00f1os, de la que se habl\u00f3 en la conferencia \u201c\u00bfQu\u00e9 comen nuestros hijos? Consejos y recomendaciones para una buena alimentaci\u00f3n en los [\u2026]<\/p>","protected":false},"author":1,"featured_media":7396,"comment_status":"open","ping_status":"open","sticky":false,"template":"","format":"standard","meta":{"_uag_custom_page_level_css":"","site-sidebar-layout":"default","site-content-layout":"","ast-site-content-layout":"default","site-content-style":"default","site-sidebar-style":"default","ast-global-header-display":"","ast-banner-title-visibility":"","ast-main-header-display":"","ast-hfb-above-header-display":"","ast-hfb-below-header-display":"","ast-hfb-mobile-header-display":"","site-post-title":"","ast-breadcrumbs-content":"","ast-featured-img":"disabled","footer-sml-layout":"","theme-transparent-header-meta":"","adv-header-id-meta":"","stick-header-meta":"","header-above-stick-meta":"","header-main-stick-meta":"","header-below-stick-meta":"","astra-migrate-meta-layouts":"default","ast-page-background-enabled":"default","ast-page-background-meta":{"desktop":{"background-color":"var(--ast-global-color-4)","background-image":"","background-repeat":"repeat","background-position":"center center","background-size":"auto","background-attachment":"scroll","background-type":"","background-media":"","overlay-type":"","overlay-color":"","overlay-opacity":"","overlay-gradient":""},"tablet":{"background-color":"","background-image":"","background-repeat":"repeat","background-position":"center center","background-size":"auto","background-attachment":"scroll","background-type":"","background-media":"","overlay-type":"","overlay-color":"","overlay-opacity":"","overlay-gradient":""},"mobile":{"background-color":"","background-image":"","background-repeat":"repeat","background-position":"center center","background-size":"auto","background-attachment":"scroll","background-type":"","background-media":"","overlay-type":"","overlay-color":"","overlay-opacity":"","overlay-gradient":""}},"ast-content-background-meta":{"desktop":{"background-color":"var(--ast-global-color-5)","background-image":"","background-repeat":"repeat","background-position":"center center","background-size":"auto","background-attachment":"scroll","background-type":"","background-media":"","overlay-type":"","overlay-color":"","overlay-opacity":"","overlay-gradient":""},"tablet":{"background-color":"var(--ast-global-color-5)","background-image":"","background-repeat":"repeat","background-position":"center center","background-size":"auto","background-attachment":"scroll","background-type":"","background-media":"","overlay-type":"","overlay-color":"","overlay-opacity":"","overlay-gradient":""},"mobile":{"background-color":"var(--ast-global-color-5)","background-image":"","background-repeat":"repeat","background-position":"center center","background-size":"auto","background-attachment":"scroll","background-type":"","background-media":"","overlay-type":"","overlay-color":"","overlay-opacity":"","overlay-gradient":""}},"footnotes":""},"categories":[57],"tags":[16,70],"class_list":["post-8086","post","type-post","status-publish","format-standard","has-post-thumbnail","hentry","category-mon-collegial","tag-alimentacio-i-nutricio","tag-formacio"],"yoast_head":"<!-- This site is optimized with the Yoast SEO plugin v22.4 - https:\/\/yoast.com\/wordpress\/plugins\/seo\/ -->\n<title>Consells per a una bona alimentaci\u00f3 en els primers anys de vida - Col\u00b7legi de Farmac\u00e8utics de Barcelona<\/title>\n<meta name=\"robots\" content=\"index, follow, max-snippet:-1, max-image-preview:large, max-video-preview:-1\" \/>\n<link rel=\"canonical\" href=\"https:\/\/novaorg.cofb.net\/2014\/08\/14\/consells-per-a-una-bona-alimentacio-en-els-primers-anys-de-vida\/\" \/>\n<meta property=\"og:locale\" content=\"es_ES\" \/>\n<meta property=\"og:type\" content=\"article\" \/>\n<meta property=\"og:title\" content=\"Consells per a una bona alimentaci\u00f3 en els primers anys de vida - Col\u00b7legi de Farmac\u00e8utics de Barcelona\" \/>\n<meta property=\"og:description\" content=\"M\u00e9s del 90% dels infants d\u2019entre 0 i 3 anys consumeixen el doble de les prote\u00efnes necess\u00e0ries. Aquest \u00e9s un dels errors de l\u2019alimentaci\u00f3 dels m\u00e9s petits, de la que se\u2019n va parlar en la confer\u00e8ncia \u201cQu\u00e8 mengen els nostres fills? Consells i recomanacions per una bona alimentaci\u00f3 en els [&hellip;]\" \/>\n<meta property=\"og:url\" content=\"https:\/\/novaorg.cofb.net\/2014\/08\/14\/consells-per-a-una-bona-alimentacio-en-els-primers-anys-de-vida\/\" \/>\n<meta property=\"og:site_name\" content=\"Col\u00b7legi de Farmac\u00e8utics de Barcelona\" \/>\n<meta property=\"article:publisher\" content=\"https:\/\/www.facebook.com\/farmaceuticsbcn\/\" \/>\n<meta property=\"article:published_time\" content=\"2014-08-14T13:36:33+00:00\" \/>\n<meta name=\"author\" content=\"wpAdminCofbOrg\" \/>\n<meta name=\"twitter:card\" content=\"summary_large_image\" \/>\n<meta name=\"twitter:creator\" content=\"@farmaceuticsbcn\" \/>\n<meta name=\"twitter:site\" content=\"@farmaceuticsbcn\" \/>\n<meta name=\"twitter:label1\" content=\"Escrito por\" \/>\n\t<meta name=\"twitter:data1\" content=\"wpAdminCofbOrg\" \/>\n\t<meta name=\"twitter:label2\" content=\"Tiempo de lectura\" \/>\n\t<meta name=\"twitter:data2\" content=\"2 minutos\" \/>\n<script type=\"application\/ld+json\" class=\"yoast-schema-graph\">{\"@context\":\"https:\/\/schema.org\",\"@graph\":[{\"@type\":\"Article\",\"@id\":\"https:\/\/novaorg.cofb.net\/2014\/08\/14\/consells-per-a-una-bona-alimentacio-en-els-primers-anys-de-vida\/#article\",\"isPartOf\":{\"@id\":\"https:\/\/novaorg.cofb.net\/2014\/08\/14\/consells-per-a-una-bona-alimentacio-en-els-primers-anys-de-vida\/\"},\"author\":{\"name\":\"wpAdminCofbOrg\",\"@id\":\"https:\/\/www.cofb.org\/#\/schema\/person\/22ed7eea88da74b0fa4d3154ad87ffcb\"},\"headline\":\"Consells per a una bona alimentaci\u00f3 en els primers anys de vida\",\"datePublished\":\"2014-08-14T13:36:33+00:00\",\"dateModified\":\"2014-08-14T13:36:33+00:00\",\"mainEntityOfPage\":{\"@id\":\"https:\/\/novaorg.cofb.net\/2014\/08\/14\/consells-per-a-una-bona-alimentacio-en-els-primers-anys-de-vida\/\"},\"wordCount\":503,\"commentCount\":0,\"publisher\":{\"@id\":\"https:\/\/www.cofb.org\/#organization\"},\"image\":{\"@id\":\"https:\/\/novaorg.cofb.net\/2014\/08\/14\/consells-per-a-una-bona-alimentacio-en-els-primers-anys-de-vida\/#primaryimage\"},\"thumbnailUrl\":\"\",\"keywords\":[\"Alimentaci\u00f3 i nutrici\u00f3\",\"Formaci\u00f3\"],\"articleSection\":[\"M\u00f3n col\u00b7legial\"],\"inLanguage\":\"es\",\"potentialAction\":[{\"@type\":\"CommentAction\",\"name\":\"Comment\",\"target\":[\"https:\/\/novaorg.cofb.net\/2014\/08\/14\/consells-per-a-una-bona-alimentacio-en-els-primers-anys-de-vida\/#respond\"]}]},{\"@type\":\"WebPage\",\"@id\":\"https:\/\/novaorg.cofb.net\/2014\/08\/14\/consells-per-a-una-bona-alimentacio-en-els-primers-anys-de-vida\/\",\"url\":\"https:\/\/novaorg.cofb.net\/2014\/08\/14\/consells-per-a-una-bona-alimentacio-en-els-primers-anys-de-vida\/\",\"name\":\"Consells per a una bona alimentaci\u00f3 en els primers anys de vida - Col\u00b7legi de Farmac\u00e8utics de Barcelona\",\"isPartOf\":{\"@id\":\"https:\/\/www.cofb.org\/#website\"},\"primaryImageOfPage\":{\"@id\":\"https:\/\/novaorg.cofb.net\/2014\/08\/14\/consells-per-a-una-bona-alimentacio-en-els-primers-anys-de-vida\/#primaryimage\"},\"image\":{\"@id\":\"https:\/\/novaorg.cofb.net\/2014\/08\/14\/consells-per-a-una-bona-alimentacio-en-els-primers-anys-de-vida\/#primaryimage\"},\"thumbnailUrl\":\"\",\"datePublished\":\"2014-08-14T13:36:33+00:00\",\"dateModified\":\"2014-08-14T13:36:33+00:00\",\"breadcrumb\":{\"@id\":\"https:\/\/novaorg.cofb.net\/2014\/08\/14\/consells-per-a-una-bona-alimentacio-en-els-primers-anys-de-vida\/#breadcrumb\"},\"inLanguage\":\"es\",\"potentialAction\":[{\"@type\":\"ReadAction\",\"target\":[\"https:\/\/novaorg.cofb.net\/2014\/08\/14\/consells-per-a-una-bona-alimentacio-en-els-primers-anys-de-vida\/\"]}]},{\"@type\":\"ImageObject\",\"inLanguage\":\"es\",\"@id\":\"https:\/\/novaorg.cofb.net\/2014\/08\/14\/consells-per-a-una-bona-alimentacio-en-els-primers-anys-de-vida\/#primaryimage\",\"url\":\"\",\"contentUrl\":\"\"},{\"@type\":\"BreadcrumbList\",\"@id\":\"https:\/\/novaorg.cofb.net\/2014\/08\/14\/consells-per-a-una-bona-alimentacio-en-els-primers-anys-de-vida\/#breadcrumb\",\"itemListElement\":[{\"@type\":\"ListItem\",\"position\":1,\"name\":\"Inici\",\"item\":\"https:\/\/novaorg.cofb.net\/\"},{\"@type\":\"ListItem\",\"position\":2,\"name\":\"Consells per a una bona alimentaci\u00f3 en els primers anys de vida\"}]},{\"@type\":\"WebSite\",\"@id\":\"https:\/\/www.cofb.org\/#website\",\"url\":\"https:\/\/www.cofb.org\/\",\"name\":\"Col\u00b7legi de Farmac\u00e8utics de Barcelona\",\"description\":\"\",\"publisher\":{\"@id\":\"https:\/\/www.cofb.org\/#organization\"},\"potentialAction\":[{\"@type\":\"SearchAction\",\"target\":{\"@type\":\"EntryPoint\",\"urlTemplate\":\"https:\/\/www.cofb.org\/?s={search_term_string}\"},\"query-input\":\"required name=search_term_string\"}],\"inLanguage\":\"es\"},{\"@type\":\"Organization\",\"@id\":\"https:\/\/www.cofb.org\/#organization\",\"name\":\"Col\u00b7legi de Farmac\u00e8utics de Barcelona\",\"url\":\"https:\/\/www.cofb.org\/\",\"logo\":{\"@type\":\"ImageObject\",\"inLanguage\":\"es\",\"@id\":\"https:\/\/www.cofb.org\/#\/schema\/logo\/image\/\",\"url\":\"https:\/\/www.cofb.org\/wp-content\/uploads\/2023\/11\/cropped-Logotip-COFB.png\",\"contentUrl\":\"https:\/\/www.cofb.org\/wp-content\/uploads\/2023\/11\/cropped-Logotip-COFB.png\",\"width\":500,\"height\":105,\"caption\":\"Col\u00b7legi de Farmac\u00e8utics de Barcelona\"},\"image\":{\"@id\":\"https:\/\/www.cofb.org\/#\/schema\/logo\/image\/\"},\"sameAs\":[\"https:\/\/www.facebook.com\/farmaceuticsbcn\/\",\"https:\/\/twitter.com\/farmaceuticsbcn\",\"https:\/\/www.instagram.com\/farmaceuticsbcn\/\",\"https:\/\/www.linkedin.com\/company\/farmaceuticsbcn\/\"]},{\"@type\":\"Person\",\"@id\":\"https:\/\/www.cofb.org\/#\/schema\/person\/22ed7eea88da74b0fa4d3154ad87ffcb\",\"name\":\"wpAdminCofbOrg\",\"image\":{\"@type\":\"ImageObject\",\"inLanguage\":\"es\",\"@id\":\"https:\/\/www.cofb.org\/#\/schema\/person\/image\/\",\"url\":\"https:\/\/secure.gravatar.com\/avatar\/1721b20b3b8ca882c3b56ec6c978c594fff670e40c0718e9190eaeeb76aae7d8?s=96&d=mm&r=g\",\"contentUrl\":\"https:\/\/secure.gravatar.com\/avatar\/1721b20b3b8ca882c3b56ec6c978c594fff670e40c0718e9190eaeeb76aae7d8?s=96&d=mm&r=g\",\"caption\":\"wpAdminCofbOrg\"},\"sameAs\":[\"http:\/\/192.168.64.122\/wordpress\"],\"url\":\"https:\/\/www.cofb.org\/es\/author\/wpadmincofborg\/\"}]}<\/script>\n<!-- \/ Yoast SEO plugin. -->","yoast_head_json":{"title":"Consells per a una bona alimentaci\u00f3 en els primers anys de vida - Col\u00b7legi de Farmac\u00e8utics de Barcelona","robots":{"index":"index","follow":"follow","max-snippet":"max-snippet:-1","max-image-preview":"max-image-preview:large","max-video-preview":"max-video-preview:-1"},"canonical":"https:\/\/novaorg.cofb.net\/2014\/08\/14\/consells-per-a-una-bona-alimentacio-en-els-primers-anys-de-vida\/","og_locale":"es_ES","og_type":"article","og_title":"Consells per a una bona alimentaci\u00f3 en els primers anys de vida - Col\u00b7legi de Farmac\u00e8utics de Barcelona","og_description":"M\u00e9s del 90% dels infants d\u2019entre 0 i 3 anys consumeixen el doble de les prote\u00efnes necess\u00e0ries. Aquest \u00e9s un dels errors de l\u2019alimentaci\u00f3 dels m\u00e9s petits, de la que se\u2019n va parlar en la confer\u00e8ncia \u201cQu\u00e8 mengen els nostres fills? Consells i recomanacions per una bona alimentaci\u00f3 en els [&hellip;]","og_url":"https:\/\/novaorg.cofb.net\/2014\/08\/14\/consells-per-a-una-bona-alimentacio-en-els-primers-anys-de-vida\/","og_site_name":"Col\u00b7legi de Farmac\u00e8utics de Barcelona","article_publisher":"https:\/\/www.facebook.com\/farmaceuticsbcn\/","article_published_time":"2014-08-14T13:36:33+00:00","author":"wpAdminCofbOrg","twitter_card":"summary_large_image","twitter_creator":"@farmaceuticsbcn","twitter_site":"@farmaceuticsbcn","twitter_misc":{"Escrito por":"wpAdminCofbOrg","Tiempo de lectura":"2 minutos"},"schema":{"@context":"https:\/\/schema.org","@graph":[{"@type":"Article","@id":"https:\/\/novaorg.cofb.net\/2014\/08\/14\/consells-per-a-una-bona-alimentacio-en-els-primers-anys-de-vida\/#article","isPartOf":{"@id":"https:\/\/novaorg.cofb.net\/2014\/08\/14\/consells-per-a-una-bona-alimentacio-en-els-primers-anys-de-vida\/"},"author":{"name":"wpAdminCofbOrg","@id":"https:\/\/www.cofb.org\/#\/schema\/person\/22ed7eea88da74b0fa4d3154ad87ffcb"},"headline":"Consells per a una bona alimentaci\u00f3 en els primers anys de vida","datePublished":"2014-08-14T13:36:33+00:00","dateModified":"2014-08-14T13:36:33+00:00","mainEntityOfPage":{"@id":"https:\/\/novaorg.cofb.net\/2014\/08\/14\/consells-per-a-una-bona-alimentacio-en-els-primers-anys-de-vida\/"},"wordCount":503,"commentCount":0,"publisher":{"@id":"https:\/\/www.cofb.org\/#organization"},"image":{"@id":"https:\/\/novaorg.cofb.net\/2014\/08\/14\/consells-per-a-una-bona-alimentacio-en-els-primers-anys-de-vida\/#primaryimage"},"thumbnailUrl":"","keywords":["Alimentaci\u00f3 i nutrici\u00f3","Formaci\u00f3"],"articleSection":["M\u00f3n col\u00b7legial"],"inLanguage":"es","potentialAction":[{"@type":"CommentAction","name":"Comment","target":["https:\/\/novaorg.cofb.net\/2014\/08\/14\/consells-per-a-una-bona-alimentacio-en-els-primers-anys-de-vida\/#respond"]}]},{"@type":"WebPage","@id":"https:\/\/novaorg.cofb.net\/2014\/08\/14\/consells-per-a-una-bona-alimentacio-en-els-primers-anys-de-vida\/","url":"https:\/\/novaorg.cofb.net\/2014\/08\/14\/consells-per-a-una-bona-alimentacio-en-els-primers-anys-de-vida\/","name":"Consells per a una bona alimentaci\u00f3 en els primers anys de vida - Col\u00b7legi de Farmac\u00e8utics de Barcelona","isPartOf":{"@id":"https:\/\/www.cofb.org\/#website"},"primaryImageOfPage":{"@id":"https:\/\/novaorg.cofb.net\/2014\/08\/14\/consells-per-a-una-bona-alimentacio-en-els-primers-anys-de-vida\/#primaryimage"},"image":{"@id":"https:\/\/novaorg.cofb.net\/2014\/08\/14\/consells-per-a-una-bona-alimentacio-en-els-primers-anys-de-vida\/#primaryimage"},"thumbnailUrl":"","datePublished":"2014-08-14T13:36:33+00:00","dateModified":"2014-08-14T13:36:33+00:00","breadcrumb":{"@id":"https:\/\/novaorg.cofb.net\/2014\/08\/14\/consells-per-a-una-bona-alimentacio-en-els-primers-anys-de-vida\/#breadcrumb"},"inLanguage":"es","potentialAction":[{"@type":"ReadAction","target":["https:\/\/novaorg.cofb.net\/2014\/08\/14\/consells-per-a-una-bona-alimentacio-en-els-primers-anys-de-vida\/"]}]},{"@type":"ImageObject","inLanguage":"es","@id":"https:\/\/novaorg.cofb.net\/2014\/08\/14\/consells-per-a-una-bona-alimentacio-en-els-primers-anys-de-vida\/#primaryimage","url":"","contentUrl":""},{"@type":"BreadcrumbList","@id":"https:\/\/novaorg.cofb.net\/2014\/08\/14\/consells-per-a-una-bona-alimentacio-en-els-primers-anys-de-vida\/#breadcrumb","itemListElement":[{"@type":"ListItem","position":1,"name":"Inici","item":"https:\/\/novaorg.cofb.net\/"},{"@type":"ListItem","position":2,"name":"Consells per a una bona alimentaci\u00f3 en els primers anys de vida"}]},{"@type":"WebSite","@id":"https:\/\/www.cofb.org\/#website","url":"https:\/\/www.cofb.org\/","name":"Col\u00b7legi de Farmac\u00e8utics de Barcelona","description":"","publisher":{"@id":"https:\/\/www.cofb.org\/#organization"},"potentialAction":[{"@type":"SearchAction","target":{"@type":"EntryPoint","urlTemplate":"https:\/\/www.cofb.org\/?s={search_term_string}"},"query-input":"required name=search_term_string"}],"inLanguage":"es"},{"@type":"Organization","@id":"https:\/\/www.cofb.org\/#organization","name":"Col\u00b7legi de Farmac\u00e8utics de Barcelona","url":"https:\/\/www.cofb.org\/","logo":{"@type":"ImageObject","inLanguage":"es","@id":"https:\/\/www.cofb.org\/#\/schema\/logo\/image\/","url":"https:\/\/www.cofb.org\/wp-content\/uploads\/2023\/11\/cropped-Logotip-COFB.png","contentUrl":"https:\/\/www.cofb.org\/wp-content\/uploads\/2023\/11\/cropped-Logotip-COFB.png","width":500,"height":105,"caption":"Col\u00b7legi de Farmac\u00e8utics de Barcelona"},"image":{"@id":"https:\/\/www.cofb.org\/#\/schema\/logo\/image\/"},"sameAs":["https:\/\/www.facebook.com\/farmaceuticsbcn\/","https:\/\/twitter.com\/farmaceuticsbcn","https:\/\/www.instagram.com\/farmaceuticsbcn\/","https:\/\/www.linkedin.com\/company\/farmaceuticsbcn\/"]},{"@type":"Person","@id":"https:\/\/www.cofb.org\/#\/schema\/person\/22ed7eea88da74b0fa4d3154ad87ffcb","name":"wpAdminCofbOrg","image":{"@type":"ImageObject","inLanguage":"es","@id":"https:\/\/www.cofb.org\/#\/schema\/person\/image\/","url":"https:\/\/secure.gravatar.com\/avatar\/1721b20b3b8ca882c3b56ec6c978c594fff670e40c0718e9190eaeeb76aae7d8?s=96&d=mm&r=g","contentUrl":"https:\/\/secure.gravatar.com\/avatar\/1721b20b3b8ca882c3b56ec6c978c594fff670e40c0718e9190eaeeb76aae7d8?s=96&d=mm&r=g","caption":"wpAdminCofbOrg"},"sameAs":["http:\/\/192.168.64.122\/wordpress"],"url":"https:\/\/www.cofb.org\/es\/author\/wpadmincofborg\/"}]}},"uagb_featured_image_src":{"full":false,"thumbnail":false,"medium":false,"medium_large":false,"large":false,"1536x1536":false,"2048x2048":false,"trp-custom-language-flag":false},"uagb_author_info":{"display_name":"wpAdminCofbOrg","author_link":"https:\/\/www.cofb.org\/es\/author\/wpadmincofborg\/"},"uagb_comment_info":0,"uagb_excerpt":"M\u00e9s del 90% dels infants d\u2019entre 0 i 3 anys consumeixen el doble de les prote\u00efnes necess\u00e0ries. Aquest \u00e9s un dels errors de l\u2019alimentaci\u00f3 dels m\u00e9s petits, de la que se\u2019n va parlar en la confer\u00e8ncia \u201cQu\u00e8 mengen els nostres fills? Consells i recomanacions per una bona alimentaci\u00f3 en els [&hellip;]","_links":{"self":[{"href":"https:\/\/www.cofb.org\/es\/wp-json\/wp\/v2\/posts\/8086","targetHints":{"allow":["GET"]}}],"collection":[{"href":"https:\/\/www.cofb.org\/es\/wp-json\/wp\/v2\/posts"}],"about":[{"href":"https:\/\/www.cofb.org\/es\/wp-json\/wp\/v2\/types\/post"}],"author":[{"embeddable":true,"href":"https:\/\/www.cofb.org\/es\/wp-json\/wp\/v2\/users\/1"}],"replies":[{"embeddable":true,"href":"https:\/\/www.cofb.org\/es\/wp-json\/wp\/v2\/comments?post=8086"}],"version-history":[{"count":0,"href":"https:\/\/www.cofb.org\/es\/wp-json\/wp\/v2\/posts\/8086\/revisions"}],"wp:featuredmedia":[{"embeddable":true,"href":"https:\/\/www.cofb.org\/es\/wp-json\/"}],"wp:attachment":[{"href":"https:\/\/www.cofb.org\/es\/wp-json\/wp\/v2\/media?parent=8086"}],"wp:term":[{"taxonomy":"category","embeddable":true,"href":"https:\/\/www.cofb.org\/es\/wp-json\/wp\/v2\/categories?post=8086"},{"taxonomy":"post_tag","embeddable":true,"href":"https:\/\/www.cofb.org\/es\/wp-json\/wp\/v2\/tags?post=8086"}],"curies":[{"name":"wp","href":"https:\/\/api.w.org\/{rel}","templated":true}]}}