{"id":80845,"date":"2025-02-18T12:44:00","date_gmt":"2025-02-18T12:44:00","guid":{"rendered":"https:\/\/www.cofb.org\/?p=80845"},"modified":"2025-02-26T13:03:27","modified_gmt":"2025-02-26T13:03:27","slug":"mites-i-realitats-dels-antioxidants-nova-sessio-del-cicle-trending-topics-en-nutricio","status":"publish","type":"post","link":"https:\/\/www.cofb.org\/es\/2025\/02\/18\/mites-i-realitats-dels-antioxidants-nova-sessio-del-cicle-trending-topics-en-nutricio\/","title":{"rendered":"Mitos y realidades de los antioxidantes. Nueva sesi\u00f3n del ciclo Trending Topics en nutrici\u00f3n"},"content":{"rendered":"<p>El pasado 30 de enero, el <strong>Col\u00b7legi de Farmac\u00e8utics de Barcelona (COFB)<\/strong> organiz\u00f3 la conferencia <strong>&quot;Mitos y realidades de los antioxidantes&quot;<\/strong>, con el patrocinio de <a href=\"https:\/\/nuabiological.com\/es\/\" target=\"_blank\" rel=\"noreferrer noopener\">Desnuda Biological<\/a>, en el marco del ciclo de conferencias <strong><em>Trending topics <\/em>en nutrici\u00f3n 2025-2025<\/strong>. La sesi\u00f3n, <strong>dirigida a farmac\u00e9uticos y farmac\u00e9uticas comunitarias<\/strong>, corri\u00f3 a cargo de <strong>Mercedes Aguirre<\/strong>, doctora en biolog\u00eda y responsable de I+D de los Laboratorios Nua Biological, y fue moderada por el vocal de Alimentaci\u00f3n y Nutrici\u00f3n del COFB, <strong>Oscar Llans\u00f3<\/strong>.<\/p>\n\n\n\n<figure class=\"wp-block-image size-large\"><a href=\"https:\/\/www.cofb.org\/wp-content\/uploads\/2025\/02\/COFB_Antioxidants_25022025_1-scaled.jpg\" target=\"_blank\" rel=\"noreferrer noopener\"><img fetchpriority=\"high\" decoding=\"async\" width=\"1024\" height=\"576\" src=\"https:\/\/www.cofb.org\/wp-content\/uploads\/2025\/02\/COFB_Antioxidants_25022025_1-1024x576.jpg\" alt=\"\" class=\"wp-image-80848\" srcset=\"https:\/\/www.cofb.org\/wp-content\/uploads\/2025\/02\/COFB_Antioxidants_25022025_1-1024x576.jpg 1024w, https:\/\/www.cofb.org\/wp-content\/uploads\/2025\/02\/COFB_Antioxidants_25022025_1-300x169.jpg 300w, https:\/\/www.cofb.org\/wp-content\/uploads\/2025\/02\/COFB_Antioxidants_25022025_1-768x432.jpg 768w, https:\/\/www.cofb.org\/wp-content\/uploads\/2025\/02\/COFB_Antioxidants_25022025_1-1536x864.jpg 1536w, https:\/\/www.cofb.org\/wp-content\/uploads\/2025\/02\/COFB_Antioxidants_25022025_1-2048x1152.jpg 2048w, https:\/\/www.cofb.org\/wp-content\/uploads\/2025\/02\/COFB_Antioxidants_25022025_1-18x10.jpg 18w\" sizes=\"(max-width: 1024px) 100vw, 1024px\" \/><\/a><\/figure>\n\n\n\n<p>Los <strong>objetivos <\/strong>de la conferencia fueron <strong>conocer los distintos tipos de antioxidantes y sus caracter\u00edsticas<\/strong> <strong>para combatir a los radicales libres<\/strong>, revisar las <strong>propiedades y funciones de los antioxidantes en el organismo<\/strong>, entender las diferentes <strong>tipolog\u00edas y sus funciones<\/strong>, presentar las \u00faltimas <strong>b\u00fasquedas<\/strong> realizadas y aportar las <strong>recomendaciones necesarias <\/strong>para un buen consejo farmac\u00e9utico.<\/p>\n\n\n\n<p>Mercedes Aguirre inici\u00f3 la conferencia aclarando <strong>qu\u00e9 son los complementos alimenticios y c\u00f3mo sacarle el m\u00e1ximo provecho<\/strong>: <strong>&quot;son una tipolog\u00eda de alimento que complementa la dieta diaria, fuentes concentradas de nutrientes (vitaminas o minerales) u otras sustancias, se presentan en formas gal\u00e9nicas diversas (c\u00e1psulas, comprimidos, perlas, jarabes, etc.) y tienen un efecto nutricional o fisiol\u00f3gico&quot;<\/strong>. Sin embargo, matiz\u00f3 que &quot;no son f\u00e1rmacos, no requieren receta m\u00e9dica y son de venta libre&quot;.<\/p>\n\n\n\n<figure class=\"wp-block-image size-large\"><a href=\"https:\/\/www.cofb.org\/wp-content\/uploads\/2025\/02\/COFB_Antioxidants_25022025_2-scaled.jpg\" target=\"_blank\" rel=\"noreferrer noopener\"><img decoding=\"async\" width=\"1024\" height=\"576\" src=\"https:\/\/www.cofb.org\/wp-content\/uploads\/2025\/02\/COFB_Antioxidants_25022025_2-1024x576.jpg\" alt=\"\" class=\"wp-image-80849\" srcset=\"https:\/\/www.cofb.org\/wp-content\/uploads\/2025\/02\/COFB_Antioxidants_25022025_2-1024x576.jpg 1024w, https:\/\/www.cofb.org\/wp-content\/uploads\/2025\/02\/COFB_Antioxidants_25022025_2-300x169.jpg 300w, https:\/\/www.cofb.org\/wp-content\/uploads\/2025\/02\/COFB_Antioxidants_25022025_2-768x432.jpg 768w, https:\/\/www.cofb.org\/wp-content\/uploads\/2025\/02\/COFB_Antioxidants_25022025_2-1536x864.jpg 1536w, https:\/\/www.cofb.org\/wp-content\/uploads\/2025\/02\/COFB_Antioxidants_25022025_2-2048x1152.jpg 2048w, https:\/\/www.cofb.org\/wp-content\/uploads\/2025\/02\/COFB_Antioxidants_25022025_2-18x10.jpg 18w\" sizes=\"(max-width: 1024px) 100vw, 1024px\" \/><\/a><figcaption class=\"wp-element-caption\">Mercedes Aguirre impartiendo la conferencia sobre mitos y realidades de los antioxidantes. <\/figcaption><\/figure>\n\n\n\n<p>A lo largo de la conferencia, Aguirre explic\u00f3 el <strong>papel de los radicales libres en el estr\u00e9s oxidativo<\/strong> y c\u00f3mo \u00e9ste est\u00e1 implicado en numerosas alteraciones de salud, desde enfermedades cardiovasculares hasta problemas neurodegenerativos. Tambi\u00e9n destac\u00f3 la importancia de una <strong>dieta equilibrada<\/strong> y rica en alimentos con propiedades antioxidantes como frutas, verduras, semillas y pescado azul.<\/p>\n\n\n\n<p>Al finalizar la conferencia, el vocal de Alimentaci\u00f3n y Nutrici\u00f3n del COFB, Oscar Llans\u00f3, destac\u00f3 el inter\u00e9s que despert\u00f3 la sesi\u00f3n y que uno de los temas que m\u00e1s capt\u00f3 la atenci\u00f3n de los asistentes fue <strong>el uso de los antioxidantes en tratamientos preventivos y su combinaci\u00f3n \u00f3ptima para maximizar sus beneficios<\/strong>.<\/p>\n\n\n\n<p class=\"has-text-align-right\"><strong>Con el patrocinio:<\/strong><\/p>\n\n\n\n<figure class=\"wp-block-image alignright size-large is-resized\"><a href=\"https:\/\/nuabiological.com\/es\/\" target=\"_blank\" rel=\"noreferrer noopener\"><img decoding=\"async\" width=\"1024\" height=\"184\" src=\"https:\/\/www.cofb.org\/wp-content\/uploads\/2025\/02\/NUA_BIOLOGICAL_transparent_H_2025-1024x184.png\" alt=\"\" class=\"wp-image-80846\" style=\"width:223px;height:auto\" srcset=\"https:\/\/www.cofb.org\/wp-content\/uploads\/2025\/02\/NUA_BIOLOGICAL_transparent_H_2025-1024x184.png 1024w, https:\/\/www.cofb.org\/wp-content\/uploads\/2025\/02\/NUA_BIOLOGICAL_transparent_H_2025-300x54.png 300w, https:\/\/www.cofb.org\/wp-content\/uploads\/2025\/02\/NUA_BIOLOGICAL_transparent_H_2025-768x138.png 768w, https:\/\/www.cofb.org\/wp-content\/uploads\/2025\/02\/NUA_BIOLOGICAL_transparent_H_2025-1536x276.png 1536w, https:\/\/www.cofb.org\/wp-content\/uploads\/2025\/02\/NUA_BIOLOGICAL_transparent_H_2025-2048x368.png 2048w, https:\/\/www.cofb.org\/wp-content\/uploads\/2025\/02\/NUA_BIOLOGICAL_transparent_H_2025-18x3.png 18w\" sizes=\"(max-width: 1024px) 100vw, 1024px\" \/><\/a><\/figure>","protected":false},"excerpt":{"rendered":"<p>El pasado 30 de enero, el Colegio de Farmac\u00e9uticos de Barcelona (COFB) organiz\u00f3 la conferencia &quot;Mitos y realidades de los antioxidantes&quot;, con el patrocinio de Nua Biological, en el marco del ciclo de conferencias Trending topics en nutrici\u00f3n 2025-2025. La sesi\u00f3n, dirigida a farmac\u00e9uticos y farmac\u00e9uticas comunitarias, fue a [\u2026]<\/p>","protected":false},"author":3,"featured_media":80848,"comment_status":"closed","ping_status":"closed","sticky":false,"template":"","format":"standard","meta":{"_uag_custom_page_level_css":"","site-sidebar-layout":"default","site-content-layout":"","ast-site-content-layout":"default","site-content-style":"default","site-sidebar-style":"default","ast-global-header-display":"","ast-banner-title-visibility":"","ast-main-header-display":"","ast-hfb-above-header-display":"","ast-hfb-below-header-display":"","ast-hfb-mobile-header-display":"","site-post-title":"","ast-breadcrumbs-content":"","ast-featured-img":"disabled","footer-sml-layout":"","theme-transparent-header-meta":"","adv-header-id-meta":"","stick-header-meta":"","header-above-stick-meta":"","header-main-stick-meta":"","header-below-stick-meta":"","astra-migrate-meta-layouts":"set","ast-page-background-enabled":"default","ast-page-background-meta":{"desktop":{"background-color":"var(--ast-global-color-4)","background-image":"","background-repeat":"repeat","background-position":"center center","background-size":"auto","background-attachment":"scroll","background-type":"","background-media":"","overlay-type":"","overlay-color":"","overlay-opacity":"","overlay-gradient":""},"tablet":{"background-color":"","background-image":"","background-repeat":"repeat","background-position":"center center","background-size":"auto","background-attachment":"scroll","background-type":"","background-media":"","overlay-type":"","overlay-color":"","overlay-opacity":"","overlay-gradient":""},"mobile":{"background-color":"","background-image":"","background-repeat":"repeat","background-position":"center center","background-size":"auto","background-attachment":"scroll","background-type":"","background-media":"","overlay-type":"","overlay-color":"","overlay-opacity":"","overlay-gradient":""}},"ast-content-background-meta":{"desktop":{"background-color":"var(--ast-global-color-5)","background-image":"","background-repeat":"repeat","background-position":"center center","background-size":"auto","background-attachment":"scroll","background-type":"","background-media":"","overlay-type":"","overlay-color":"","overlay-opacity":"","overlay-gradient":""},"tablet":{"background-color":"var(--ast-global-color-5)","background-image":"","background-repeat":"repeat","background-position":"center center","background-size":"auto","background-attachment":"scroll","background-type":"","background-media":"","overlay-type":"","overlay-color":"","overlay-opacity":"","overlay-gradient":""},"mobile":{"background-color":"var(--ast-global-color-5)","background-image":"","background-repeat":"repeat","background-position":"center center","background-size":"auto","background-attachment":"scroll","background-type":"","background-media":"","overlay-type":"","overlay-color":"","overlay-opacity":"","overlay-gradient":""}},"footnotes":""},"categories":[23,57],"tags":[5255,18,19,796,3194,37,53,68,69,54,70,5259,5258,5256,76,5257,572,937,801,3364],"class_list":["post-80845","post","type-post","status-publish","format-standard","has-post-thumbnail","hentry","category-destacats","category-mon-collegial","tag-antioxidants","tag-cofb","tag-collegi-de-farmaceutics-de-barcelona","tag-complements","tag-complements-alimentaris","tag-consell-farmaceutic","tag-farmaceutics","tag-farmacia","tag-farmacia-comunitaria","tag-farmacs","tag-formacio","tag-formes-galeniques","tag-minerals","tag-mites-i-realitats","tag-oficina-de-farmacia","tag-radicals-lliures","tag-trending-topics","tag-trending-topics-en-nutricio","tag-vitamines","tag-vocal-dalimentacio-i-nutricio-del-cofb"],"yoast_head":"<!-- This site is optimized with the Yoast SEO plugin v22.4 - https:\/\/yoast.com\/wordpress\/plugins\/seo\/ -->\n<title>Mites i realitats dels antioxidants. Nova sessi\u00f3 del cicle Trending Topics en nutrici\u00f3 - Col\u00b7legi de Farmac\u00e8utics de Barcelona<\/title>\n<meta name=\"description\" content=\"El passat 30 de gener, el COFB va organitzar la confer\u00e8ncia \u201cMites i realitats dels antioxidants\u201d, amb el patrocini de Nua Biological\" \/>\n<meta name=\"robots\" content=\"index, follow, max-snippet:-1, max-image-preview:large, max-video-preview:-1\" \/>\n<link rel=\"canonical\" href=\"https:\/\/www.cofb.org\/es\/2025\/02\/18\/mites-i-realitats-dels-antioxidants-nova-sessio-del-cicle-trending-topics-en-nutricio\/\" \/>\n<meta property=\"og:locale\" content=\"es_ES\" \/>\n<meta property=\"og:type\" content=\"article\" \/>\n<meta property=\"og:title\" content=\"Mites i realitats dels antioxidants. Nova sessi\u00f3 del cicle Trending Topics en nutrici\u00f3 - Col\u00b7legi de Farmac\u00e8utics de Barcelona\" \/>\n<meta property=\"og:description\" content=\"El passat 30 de gener, el COFB va organitzar la confer\u00e8ncia \u201cMites i realitats dels antioxidants\u201d, amb el patrocini de Nua Biological\" \/>\n<meta property=\"og:url\" content=\"https:\/\/www.cofb.org\/es\/2025\/02\/18\/mites-i-realitats-dels-antioxidants-nova-sessio-del-cicle-trending-topics-en-nutricio\/\" \/>\n<meta property=\"og:site_name\" content=\"Col\u00b7legi de Farmac\u00e8utics de Barcelona\" \/>\n<meta property=\"article:publisher\" content=\"https:\/\/www.facebook.com\/farmaceuticsbcn\/\" \/>\n<meta property=\"article:published_time\" content=\"2025-02-18T12:44:00+00:00\" \/>\n<meta property=\"article:modified_time\" content=\"2025-02-26T13:03:27+00:00\" \/>\n<meta property=\"og:image\" content=\"https:\/\/www.cofb.org\/wp-content\/uploads\/2025\/02\/COFB_Antioxidants_25022025_1-scaled.jpg\" \/>\n\t<meta property=\"og:image:width\" content=\"2560\" \/>\n\t<meta property=\"og:image:height\" content=\"1440\" \/>\n\t<meta property=\"og:image:type\" content=\"image\/jpeg\" \/>\n<meta name=\"author\" content=\"Berta Mart\u00ednez\" \/>\n<meta name=\"twitter:card\" content=\"summary_large_image\" \/>\n<meta name=\"twitter:creator\" content=\"@farmaceuticsbcn\" \/>\n<meta name=\"twitter:site\" content=\"@farmaceuticsbcn\" \/>\n<meta name=\"twitter:label1\" content=\"Escrito por\" \/>\n\t<meta name=\"twitter:data1\" content=\"Berta Mart\u00ednez\" \/>\n\t<meta name=\"twitter:label2\" content=\"Tiempo de lectura\" \/>\n\t<meta name=\"twitter:data2\" content=\"3 minutos\" \/>\n<script type=\"application\/ld+json\" class=\"yoast-schema-graph\">{\"@context\":\"https:\/\/schema.org\",\"@graph\":[{\"@type\":\"Article\",\"@id\":\"https:\/\/www.cofb.org\/2025\/02\/18\/mites-i-realitats-dels-antioxidants-nova-sessio-del-cicle-trending-topics-en-nutricio\/#article\",\"isPartOf\":{\"@id\":\"https:\/\/www.cofb.org\/2025\/02\/18\/mites-i-realitats-dels-antioxidants-nova-sessio-del-cicle-trending-topics-en-nutricio\/\"},\"author\":{\"name\":\"Berta Mart\u00ednez\",\"@id\":\"https:\/\/www.cofb.org\/#\/schema\/person\/f32de3b41b812c85ff923cb4cc849063\"},\"headline\":\"Mites i realitats dels antioxidants. Nova sessi\u00f3 del cicle Trending Topics en nutrici\u00f3\",\"datePublished\":\"2025-02-18T12:44:00+00:00\",\"dateModified\":\"2025-02-26T13:03:27+00:00\",\"mainEntityOfPage\":{\"@id\":\"https:\/\/www.cofb.org\/2025\/02\/18\/mites-i-realitats-dels-antioxidants-nova-sessio-del-cicle-trending-topics-en-nutricio\/\"},\"wordCount\":383,\"publisher\":{\"@id\":\"https:\/\/www.cofb.org\/#organization\"},\"image\":{\"@id\":\"https:\/\/www.cofb.org\/2025\/02\/18\/mites-i-realitats-dels-antioxidants-nova-sessio-del-cicle-trending-topics-en-nutricio\/#primaryimage\"},\"thumbnailUrl\":\"https:\/\/www.cofb.org\/wp-content\/uploads\/2025\/02\/COFB_Antioxidants_25022025_1-scaled.jpg\",\"keywords\":[\"antioxidants\",\"COFB\",\"Col\u00b7legi de Farmac\u00e8utics de Barcelona\",\"complements\",\"complements alimentaris\",\"consell farmac\u00e8utic\",\"farmac\u00e8utics\",\"Farm\u00e0cia\",\"farm\u00e0cia comunit\u00e0ria\",\"f\u00e0rmacs\",\"Formaci\u00f3\",\"formes gal\u00e8niques\",\"minerals\",\"mites i realitats\",\"Oficina de farm\u00e0cia\",\"radicals lliures\",\"trending topics\",\"Trending topics en nutrici\u00f3\",\"vitamines\",\"Vocal d'Alimentaci\u00f3 i Nutrici\u00f3 del COFB\"],\"articleSection\":[\"Destacats\",\"M\u00f3n col\u00b7legial\"],\"inLanguage\":\"es\"},{\"@type\":\"WebPage\",\"@id\":\"https:\/\/www.cofb.org\/2025\/02\/18\/mites-i-realitats-dels-antioxidants-nova-sessio-del-cicle-trending-topics-en-nutricio\/\",\"url\":\"https:\/\/www.cofb.org\/2025\/02\/18\/mites-i-realitats-dels-antioxidants-nova-sessio-del-cicle-trending-topics-en-nutricio\/\",\"name\":\"Mites i realitats dels antioxidants. Nova sessi\u00f3 del cicle Trending Topics en nutrici\u00f3 - Col\u00b7legi de Farmac\u00e8utics de Barcelona\",\"isPartOf\":{\"@id\":\"https:\/\/www.cofb.org\/#website\"},\"primaryImageOfPage\":{\"@id\":\"https:\/\/www.cofb.org\/2025\/02\/18\/mites-i-realitats-dels-antioxidants-nova-sessio-del-cicle-trending-topics-en-nutricio\/#primaryimage\"},\"image\":{\"@id\":\"https:\/\/www.cofb.org\/2025\/02\/18\/mites-i-realitats-dels-antioxidants-nova-sessio-del-cicle-trending-topics-en-nutricio\/#primaryimage\"},\"thumbnailUrl\":\"https:\/\/www.cofb.org\/wp-content\/uploads\/2025\/02\/COFB_Antioxidants_25022025_1-scaled.jpg\",\"datePublished\":\"2025-02-18T12:44:00+00:00\",\"dateModified\":\"2025-02-26T13:03:27+00:00\",\"description\":\"El passat 30 de gener, el COFB va organitzar la confer\u00e8ncia \u201cMites i realitats dels antioxidants\u201d, amb el patrocini de Nua Biological\",\"breadcrumb\":{\"@id\":\"https:\/\/www.cofb.org\/2025\/02\/18\/mites-i-realitats-dels-antioxidants-nova-sessio-del-cicle-trending-topics-en-nutricio\/#breadcrumb\"},\"inLanguage\":\"es\",\"potentialAction\":[{\"@type\":\"ReadAction\",\"target\":[\"https:\/\/www.cofb.org\/2025\/02\/18\/mites-i-realitats-dels-antioxidants-nova-sessio-del-cicle-trending-topics-en-nutricio\/\"]}]},{\"@type\":\"ImageObject\",\"inLanguage\":\"es\",\"@id\":\"https:\/\/www.cofb.org\/2025\/02\/18\/mites-i-realitats-dels-antioxidants-nova-sessio-del-cicle-trending-topics-en-nutricio\/#primaryimage\",\"url\":\"https:\/\/www.cofb.org\/wp-content\/uploads\/2025\/02\/COFB_Antioxidants_25022025_1-scaled.jpg\",\"contentUrl\":\"https:\/\/www.cofb.org\/wp-content\/uploads\/2025\/02\/COFB_Antioxidants_25022025_1-scaled.jpg\",\"width\":2560,\"height\":1440},{\"@type\":\"BreadcrumbList\",\"@id\":\"https:\/\/www.cofb.org\/2025\/02\/18\/mites-i-realitats-dels-antioxidants-nova-sessio-del-cicle-trending-topics-en-nutricio\/#breadcrumb\",\"itemListElement\":[{\"@type\":\"ListItem\",\"position\":1,\"name\":\"Inici\",\"item\":\"https:\/\/novaorg.cofb.net\/\"},{\"@type\":\"ListItem\",\"position\":2,\"name\":\"Mites i realitats dels antioxidants. Nova sessi\u00f3 del cicle Trending Topics en nutrici\u00f3\"}]},{\"@type\":\"WebSite\",\"@id\":\"https:\/\/www.cofb.org\/#website\",\"url\":\"https:\/\/www.cofb.org\/\",\"name\":\"Col\u00b7legi de Farmac\u00e8utics de Barcelona\",\"description\":\"\",\"publisher\":{\"@id\":\"https:\/\/www.cofb.org\/#organization\"},\"potentialAction\":[{\"@type\":\"SearchAction\",\"target\":{\"@type\":\"EntryPoint\",\"urlTemplate\":\"https:\/\/www.cofb.org\/?s={search_term_string}\"},\"query-input\":\"required name=search_term_string\"}],\"inLanguage\":\"es\"},{\"@type\":\"Organization\",\"@id\":\"https:\/\/www.cofb.org\/#organization\",\"name\":\"Col\u00b7legi de Farmac\u00e8utics de Barcelona\",\"url\":\"https:\/\/www.cofb.org\/\",\"logo\":{\"@type\":\"ImageObject\",\"inLanguage\":\"es\",\"@id\":\"https:\/\/www.cofb.org\/#\/schema\/logo\/image\/\",\"url\":\"https:\/\/www.cofb.org\/wp-content\/uploads\/2023\/11\/cropped-Logotip-COFB.png\",\"contentUrl\":\"https:\/\/www.cofb.org\/wp-content\/uploads\/2023\/11\/cropped-Logotip-COFB.png\",\"width\":500,\"height\":105,\"caption\":\"Col\u00b7legi de Farmac\u00e8utics de Barcelona\"},\"image\":{\"@id\":\"https:\/\/www.cofb.org\/#\/schema\/logo\/image\/\"},\"sameAs\":[\"https:\/\/www.facebook.com\/farmaceuticsbcn\/\",\"https:\/\/twitter.com\/farmaceuticsbcn\",\"https:\/\/www.instagram.com\/farmaceuticsbcn\/\",\"https:\/\/www.linkedin.com\/company\/farmaceuticsbcn\/\"]},{\"@type\":\"Person\",\"@id\":\"https:\/\/www.cofb.org\/#\/schema\/person\/f32de3b41b812c85ff923cb4cc849063\",\"name\":\"Berta Mart\u00ednez\",\"image\":{\"@type\":\"ImageObject\",\"inLanguage\":\"es\",\"@id\":\"https:\/\/www.cofb.org\/#\/schema\/person\/image\/\",\"url\":\"https:\/\/secure.gravatar.com\/avatar\/d4c584dab5da1ee9e3c3df161c0aabec7075cc8211cd46ffc79bfe177aa78b01?s=96&d=mm&r=g\",\"contentUrl\":\"https:\/\/secure.gravatar.com\/avatar\/d4c584dab5da1ee9e3c3df161c0aabec7075cc8211cd46ffc79bfe177aa78b01?s=96&d=mm&r=g\",\"caption\":\"Berta Mart\u00ednez\"},\"url\":\"https:\/\/www.cofb.org\/es\/author\/bmartinez\/\"}]}<\/script>\n<!-- \/ Yoast SEO plugin. -->","yoast_head_json":{"title":"Mites i realitats dels antioxidants. Nova sessi\u00f3 del cicle Trending Topics en nutrici\u00f3 - Col\u00b7legi de Farmac\u00e8utics de Barcelona","description":"El passat 30 de gener, el COFB va organitzar la confer\u00e8ncia \u201cMites i realitats dels antioxidants\u201d, amb el patrocini de Nua Biological","robots":{"index":"index","follow":"follow","max-snippet":"max-snippet:-1","max-image-preview":"max-image-preview:large","max-video-preview":"max-video-preview:-1"},"canonical":"https:\/\/www.cofb.org\/es\/2025\/02\/18\/mites-i-realitats-dels-antioxidants-nova-sessio-del-cicle-trending-topics-en-nutricio\/","og_locale":"es_ES","og_type":"article","og_title":"Mites i realitats dels antioxidants. Nova sessi\u00f3 del cicle Trending Topics en nutrici\u00f3 - Col\u00b7legi de Farmac\u00e8utics de Barcelona","og_description":"El passat 30 de gener, el COFB va organitzar la confer\u00e8ncia \u201cMites i realitats dels antioxidants\u201d, amb el patrocini de Nua Biological","og_url":"https:\/\/www.cofb.org\/es\/2025\/02\/18\/mites-i-realitats-dels-antioxidants-nova-sessio-del-cicle-trending-topics-en-nutricio\/","og_site_name":"Col\u00b7legi de Farmac\u00e8utics de Barcelona","article_publisher":"https:\/\/www.facebook.com\/farmaceuticsbcn\/","article_published_time":"2025-02-18T12:44:00+00:00","article_modified_time":"2025-02-26T13:03:27+00:00","og_image":[{"width":2560,"height":1440,"url":"https:\/\/www.cofb.org\/wp-content\/uploads\/2025\/02\/COFB_Antioxidants_25022025_1-scaled.jpg","type":"image\/jpeg"}],"author":"Berta Mart\u00ednez","twitter_card":"summary_large_image","twitter_creator":"@farmaceuticsbcn","twitter_site":"@farmaceuticsbcn","twitter_misc":{"Escrito por":"Berta Mart\u00ednez","Tiempo de lectura":"3 minutos"},"schema":{"@context":"https:\/\/schema.org","@graph":[{"@type":"Article","@id":"https:\/\/www.cofb.org\/2025\/02\/18\/mites-i-realitats-dels-antioxidants-nova-sessio-del-cicle-trending-topics-en-nutricio\/#article","isPartOf":{"@id":"https:\/\/www.cofb.org\/2025\/02\/18\/mites-i-realitats-dels-antioxidants-nova-sessio-del-cicle-trending-topics-en-nutricio\/"},"author":{"name":"Berta Mart\u00ednez","@id":"https:\/\/www.cofb.org\/#\/schema\/person\/f32de3b41b812c85ff923cb4cc849063"},"headline":"Mites i realitats dels antioxidants. Nova sessi\u00f3 del cicle Trending Topics en nutrici\u00f3","datePublished":"2025-02-18T12:44:00+00:00","dateModified":"2025-02-26T13:03:27+00:00","mainEntityOfPage":{"@id":"https:\/\/www.cofb.org\/2025\/02\/18\/mites-i-realitats-dels-antioxidants-nova-sessio-del-cicle-trending-topics-en-nutricio\/"},"wordCount":383,"publisher":{"@id":"https:\/\/www.cofb.org\/#organization"},"image":{"@id":"https:\/\/www.cofb.org\/2025\/02\/18\/mites-i-realitats-dels-antioxidants-nova-sessio-del-cicle-trending-topics-en-nutricio\/#primaryimage"},"thumbnailUrl":"https:\/\/www.cofb.org\/wp-content\/uploads\/2025\/02\/COFB_Antioxidants_25022025_1-scaled.jpg","keywords":["antioxidants","COFB","Col\u00b7legi de Farmac\u00e8utics de Barcelona","complements","complements alimentaris","consell farmac\u00e8utic","farmac\u00e8utics","Farm\u00e0cia","farm\u00e0cia comunit\u00e0ria","f\u00e0rmacs","Formaci\u00f3","formes gal\u00e8niques","minerals","mites i realitats","Oficina de farm\u00e0cia","radicals lliures","trending topics","Trending topics en nutrici\u00f3","vitamines","Vocal d'Alimentaci\u00f3 i Nutrici\u00f3 del COFB"],"articleSection":["Destacats","M\u00f3n col\u00b7legial"],"inLanguage":"es"},{"@type":"WebPage","@id":"https:\/\/www.cofb.org\/2025\/02\/18\/mites-i-realitats-dels-antioxidants-nova-sessio-del-cicle-trending-topics-en-nutricio\/","url":"https:\/\/www.cofb.org\/2025\/02\/18\/mites-i-realitats-dels-antioxidants-nova-sessio-del-cicle-trending-topics-en-nutricio\/","name":"Mites i realitats dels antioxidants. Nova sessi\u00f3 del cicle Trending Topics en nutrici\u00f3 - Col\u00b7legi de Farmac\u00e8utics de Barcelona","isPartOf":{"@id":"https:\/\/www.cofb.org\/#website"},"primaryImageOfPage":{"@id":"https:\/\/www.cofb.org\/2025\/02\/18\/mites-i-realitats-dels-antioxidants-nova-sessio-del-cicle-trending-topics-en-nutricio\/#primaryimage"},"image":{"@id":"https:\/\/www.cofb.org\/2025\/02\/18\/mites-i-realitats-dels-antioxidants-nova-sessio-del-cicle-trending-topics-en-nutricio\/#primaryimage"},"thumbnailUrl":"https:\/\/www.cofb.org\/wp-content\/uploads\/2025\/02\/COFB_Antioxidants_25022025_1-scaled.jpg","datePublished":"2025-02-18T12:44:00+00:00","dateModified":"2025-02-26T13:03:27+00:00","description":"El passat 30 de gener, el COFB va organitzar la confer\u00e8ncia \u201cMites i realitats dels antioxidants\u201d, amb el patrocini de Nua Biological","breadcrumb":{"@id":"https:\/\/www.cofb.org\/2025\/02\/18\/mites-i-realitats-dels-antioxidants-nova-sessio-del-cicle-trending-topics-en-nutricio\/#breadcrumb"},"inLanguage":"es","potentialAction":[{"@type":"ReadAction","target":["https:\/\/www.cofb.org\/2025\/02\/18\/mites-i-realitats-dels-antioxidants-nova-sessio-del-cicle-trending-topics-en-nutricio\/"]}]},{"@type":"ImageObject","inLanguage":"es","@id":"https:\/\/www.cofb.org\/2025\/02\/18\/mites-i-realitats-dels-antioxidants-nova-sessio-del-cicle-trending-topics-en-nutricio\/#primaryimage","url":"https:\/\/www.cofb.org\/wp-content\/uploads\/2025\/02\/COFB_Antioxidants_25022025_1-scaled.jpg","contentUrl":"https:\/\/www.cofb.org\/wp-content\/uploads\/2025\/02\/COFB_Antioxidants_25022025_1-scaled.jpg","width":2560,"height":1440},{"@type":"BreadcrumbList","@id":"https:\/\/www.cofb.org\/2025\/02\/18\/mites-i-realitats-dels-antioxidants-nova-sessio-del-cicle-trending-topics-en-nutricio\/#breadcrumb","itemListElement":[{"@type":"ListItem","position":1,"name":"Inici","item":"https:\/\/novaorg.cofb.net\/"},{"@type":"ListItem","position":2,"name":"Mites i realitats dels antioxidants. Nova sessi\u00f3 del cicle Trending Topics en nutrici\u00f3"}]},{"@type":"WebSite","@id":"https:\/\/www.cofb.org\/#website","url":"https:\/\/www.cofb.org\/","name":"Col\u00b7legi de Farmac\u00e8utics de Barcelona","description":"","publisher":{"@id":"https:\/\/www.cofb.org\/#organization"},"potentialAction":[{"@type":"SearchAction","target":{"@type":"EntryPoint","urlTemplate":"https:\/\/www.cofb.org\/?s={search_term_string}"},"query-input":"required name=search_term_string"}],"inLanguage":"es"},{"@type":"Organization","@id":"https:\/\/www.cofb.org\/#organization","name":"Col\u00b7legi de Farmac\u00e8utics de Barcelona","url":"https:\/\/www.cofb.org\/","logo":{"@type":"ImageObject","inLanguage":"es","@id":"https:\/\/www.cofb.org\/#\/schema\/logo\/image\/","url":"https:\/\/www.cofb.org\/wp-content\/uploads\/2023\/11\/cropped-Logotip-COFB.png","contentUrl":"https:\/\/www.cofb.org\/wp-content\/uploads\/2023\/11\/cropped-Logotip-COFB.png","width":500,"height":105,"caption":"Col\u00b7legi de Farmac\u00e8utics de Barcelona"},"image":{"@id":"https:\/\/www.cofb.org\/#\/schema\/logo\/image\/"},"sameAs":["https:\/\/www.facebook.com\/farmaceuticsbcn\/","https:\/\/twitter.com\/farmaceuticsbcn","https:\/\/www.instagram.com\/farmaceuticsbcn\/","https:\/\/www.linkedin.com\/company\/farmaceuticsbcn\/"]},{"@type":"Person","@id":"https:\/\/www.cofb.org\/#\/schema\/person\/f32de3b41b812c85ff923cb4cc849063","name":"Berta Mart\u00ednez","image":{"@type":"ImageObject","inLanguage":"es","@id":"https:\/\/www.cofb.org\/#\/schema\/person\/image\/","url":"https:\/\/secure.gravatar.com\/avatar\/d4c584dab5da1ee9e3c3df161c0aabec7075cc8211cd46ffc79bfe177aa78b01?s=96&d=mm&r=g","contentUrl":"https:\/\/secure.gravatar.com\/avatar\/d4c584dab5da1ee9e3c3df161c0aabec7075cc8211cd46ffc79bfe177aa78b01?s=96&d=mm&r=g","caption":"Berta Mart\u00ednez"},"url":"https:\/\/www.cofb.org\/es\/author\/bmartinez\/"}]}},"uagb_featured_image_src":{"full":["https:\/\/www.cofb.org\/wp-content\/uploads\/2025\/02\/COFB_Antioxidants_25022025_1-scaled.jpg",2560,1440,false],"thumbnail":["https:\/\/www.cofb.org\/wp-content\/uploads\/2025\/02\/COFB_Antioxidants_25022025_1-150x150.jpg",150,150,true],"medium":["https:\/\/www.cofb.org\/wp-content\/uploads\/2025\/02\/COFB_Antioxidants_25022025_1-300x169.jpg",300,169,true],"medium_large":["https:\/\/www.cofb.org\/wp-content\/uploads\/2025\/02\/COFB_Antioxidants_25022025_1-768x432.jpg",768,432,true],"large":["https:\/\/www.cofb.org\/wp-content\/uploads\/2025\/02\/COFB_Antioxidants_25022025_1-1024x576.jpg",1024,576,true],"1536x1536":["https:\/\/www.cofb.org\/wp-content\/uploads\/2025\/02\/COFB_Antioxidants_25022025_1-1536x864.jpg",1536,864,true],"2048x2048":["https:\/\/www.cofb.org\/wp-content\/uploads\/2025\/02\/COFB_Antioxidants_25022025_1-2048x1152.jpg",2048,1152,true],"trp-custom-language-flag":["https:\/\/www.cofb.org\/wp-content\/uploads\/2025\/02\/COFB_Antioxidants_25022025_1-18x10.jpg",18,10,true]},"uagb_author_info":{"display_name":"Berta Mart\u00ednez","author_link":"https:\/\/www.cofb.org\/es\/author\/bmartinez\/"},"uagb_comment_info":0,"uagb_excerpt":"El passat 30 de gener, el Col\u00b7legi de Farmac\u00e8utics de Barcelona (COFB) va organitzar la confer\u00e8ncia \u201cMites i realitats dels antioxidants\u201d, amb el patrocini de Nua Biological, en el marc del cicle de confer\u00e8ncies Trending topics en nutrici\u00f3 2025-2025. La sessi\u00f3, adre\u00e7ada a farmac\u00e8utics i farmac\u00e8utiques comunit\u00e0ries, va anar a [&hellip;]","_links":{"self":[{"href":"https:\/\/www.cofb.org\/es\/wp-json\/wp\/v2\/posts\/80845","targetHints":{"allow":["GET"]}}],"collection":[{"href":"https:\/\/www.cofb.org\/es\/wp-json\/wp\/v2\/posts"}],"about":[{"href":"https:\/\/www.cofb.org\/es\/wp-json\/wp\/v2\/types\/post"}],"author":[{"embeddable":true,"href":"https:\/\/www.cofb.org\/es\/wp-json\/wp\/v2\/users\/3"}],"replies":[{"embeddable":true,"href":"https:\/\/www.cofb.org\/es\/wp-json\/wp\/v2\/comments?post=80845"}],"version-history":[{"count":6,"href":"https:\/\/www.cofb.org\/es\/wp-json\/wp\/v2\/posts\/80845\/revisions"}],"predecessor-version":[{"id":80855,"href":"https:\/\/www.cofb.org\/es\/wp-json\/wp\/v2\/posts\/80845\/revisions\/80855"}],"wp:featuredmedia":[{"embeddable":true,"href":"https:\/\/www.cofb.org\/es\/wp-json\/wp\/v2\/media\/80848"}],"wp:attachment":[{"href":"https:\/\/www.cofb.org\/es\/wp-json\/wp\/v2\/media?parent=80845"}],"wp:term":[{"taxonomy":"category","embeddable":true,"href":"https:\/\/www.cofb.org\/es\/wp-json\/wp\/v2\/categories?post=80845"},{"taxonomy":"post_tag","embeddable":true,"href":"https:\/\/www.cofb.org\/es\/wp-json\/wp\/v2\/tags?post=80845"}],"curies":[{"name":"wp","href":"https:\/\/api.w.org\/{rel}","templated":true}]}}