{"id":80812,"date":"2025-02-24T09:03:16","date_gmt":"2025-02-24T09:03:16","guid":{"rendered":"https:\/\/www.cofb.org\/?p=80812"},"modified":"2025-02-27T10:19:29","modified_gmt":"2025-02-27T10:19:29","slug":"farmaceutics-i-farmaceutiques-de-diferents-ambits-sactualitzen-en-labordatge-de-lasma-greu","status":"publish","type":"post","link":"https:\/\/www.cofb.org\/es\/2025\/02\/24\/farmaceutics-i-farmaceutiques-de-diferents-ambits-sactualitzen-en-labordatge-de-lasma-greu\/","title":{"rendered":"Farmac\u00e9uticos y farmac\u00e9uticas de diferentes \u00e1mbitos se actualizan en el abordaje del asma grave"},"content":{"rendered":"<p>El pasado 5 de febrero, el <strong>Col\u00b7legi de Farmac\u00e8utics de Barcelona (COFB)<\/strong>, junto con la <a href=\"https:\/\/www.sefh.es\/\" target=\"_blank\" rel=\"noreferrer noopener\">Sociedad Espa\u00f1ola de Farmacia Hospitalaria (SEFH)<\/a>, organiz\u00f3 la formaci\u00f3n <strong>&quot;Actualizaci\u00f3n en asma grave&quot;<\/strong>, con la colaboraci\u00f3n de la <a href=\"https:\/\/www.scfarmclin.org\/\" target=\"_blank\" rel=\"noreferrer noopener\">Sociedad Catalana de Farmacia Cl\u00ednica (SCFC)<\/a> y el patrocinio de<a href=\"https:\/\/www.astrazeneca.es\/\" target=\"_blank\" rel=\"noreferrer noopener\">AstraZeneca<\/a>. La jornada, dirigida a <strong>farmac\u00e9uticos y farmac\u00e9uticas de hospital, de atenci\u00f3n primaria y comunitarias<\/strong>, fue coordinada por los vocales del COFB de Hospitales, de Atenci\u00f3n Primaria y Oficina de Farmacia, <strong>David Conde, Cristina Morales y Merc\u00e8 Barau<\/strong>; y la vocal del SEFH, <strong>Aurora Fern\u00e1ndez<\/strong>.<\/p>\n\n\n\n<p>Los <strong>objetivos <\/strong>de la jornada fueron conocer las <strong>caracter\u00edsticas del asma grave y su impacto<\/strong>, actualizar la <strong>gesti\u00f3n<\/strong> y el <strong>tratamiento<\/strong>, revisar aspectos <strong>de atenci\u00f3n farmac\u00e9utica<\/strong> relacionados con la dispensaci\u00f3n y el seguimiento y exponer <strong>el abordaje multidisciplinar del paciente con asma grave<\/strong>.<\/p>\n\n\n\n<p>La formaci\u00f3n fue presentada por <strong>Aurora Fern\u00e1ndez<\/strong>, delegada de la SEFH en Catalu\u00f1a, que explic\u00f3 que esta acci\u00f3n formativa se ha impulsado por&nbsp;<strong>abordar de forma transversal la atenci\u00f3n farmac\u00e9utica a los pacientes con asma y asma graves, entre todos los niveles asistenciales<\/strong>. \u201cEsta jornada quiere poner el foco en las estrategias para actualizar los tratamientos en el asma, los programas de atenci\u00f3n farmac\u00e9utica para la mejora de la adherencia a los tratamientos, y&nbsp;<strong>establecer sinergias entre la farmacia hospitalaria, farmacia de atenci\u00f3n primaria y farmacia comunitaria para impulsar iniciativas de atenci\u00f3n farmac\u00e9utica coordinadas<\/strong>\u201d, declar\u00f3. <\/p>\n\n\n\n<figure class=\"wp-block-image size-large\"><a href=\"https:\/\/www.cofb.org\/wp-content\/uploads\/2025\/02\/COFB_ASMA-GREU_24022025_1-scaled.jpg\" target=\"_blank\" rel=\"noreferrer noopener\"><img fetchpriority=\"high\" decoding=\"async\" width=\"1024\" height=\"576\" src=\"https:\/\/www.cofb.org\/wp-content\/uploads\/2025\/02\/COFB_ASMA-GREU_24022025_1-1024x576.jpg\" alt=\"\" class=\"wp-image-80817\" srcset=\"https:\/\/www.cofb.org\/wp-content\/uploads\/2025\/02\/COFB_ASMA-GREU_24022025_1-1024x576.jpg 1024w, https:\/\/www.cofb.org\/wp-content\/uploads\/2025\/02\/COFB_ASMA-GREU_24022025_1-300x169.jpg 300w, https:\/\/www.cofb.org\/wp-content\/uploads\/2025\/02\/COFB_ASMA-GREU_24022025_1-768x432.jpg 768w, https:\/\/www.cofb.org\/wp-content\/uploads\/2025\/02\/COFB_ASMA-GREU_24022025_1-1536x864.jpg 1536w, https:\/\/www.cofb.org\/wp-content\/uploads\/2025\/02\/COFB_ASMA-GREU_24022025_1-2048x1152.jpg 2048w, https:\/\/www.cofb.org\/wp-content\/uploads\/2025\/02\/COFB_ASMA-GREU_24022025_1-18x10.jpg 18w\" sizes=\"(max-width: 1024px) 100vw, 1024px\" \/><\/a><figcaption class=\"wp-element-caption\">Aurora Fern\u00e1ndez (izquierda) y Cristina Morales (derecha) en un momento de su presentaci\u00f3n. <\/figcaption><\/figure>\n\n\n\n<p>Por su parte,&nbsp;<strong>Cristina Morales<\/strong>, vocal de Atenci\u00f3n Primaria del COFB y coordinadora de la formaci\u00f3n, afirm\u00f3 que,&nbsp;<strong>la participaci\u00f3n de la vocal\u00eda de hospitales, farmacia comunitaria y de atenci\u00f3n primaria en la organizaci\u00f3n del curso, \u201cse ha considerado una oportunidad para dar visibilidad de lo fundamental que es el trabajo colaborativo entre los farmac\u00e9uticos de estos niveles asistenciales<\/strong>&nbsp;en el acompa\u00f1amiento al paciente en el abordaje del tratamiento farmacol\u00f3gico de su patolog\u00eda, en este caso, del asma\u201d.<\/p>\n\n\n\n<h2 class=\"wp-block-heading\"><strong>Definici\u00f3n de criterios para el asma grave y el asma grave no controlada y opciones terap\u00e9uticas e innovaci\u00f3n<\/strong><\/h2>\n\n\n\n<p>A continuaci\u00f3n, intervino el neum\u00f3logo, jefe del Servicio de Neumolog\u00eda, Hospital Universitari Vall d&#039;Hebron, <strong>Xavier Mu\u00f1oz, <\/strong>que defini\u00f3 <strong>el asma bronquial<\/strong> como \u201cenfermedad inflamatoria cr\u00f3nica de las v\u00edas respiratorias, en cuya patogenia intervienen varias c\u00e9lulas y mediadores de inflamaci\u00f3n, condicionada en parte por <strong>factores gen\u00e9ticos<\/strong> y que cursa con <strong>hiperrespuesta bronquial (HRB)<\/strong> y una <strong>obstrucci\u00f3n variable del flujo a\u00e9reo<\/strong>, total o parcialmente reversible, sea farmacol\u00f3gica o espont\u00e1neamente\u201d.<\/p>\n\n\n\n<figure class=\"wp-block-image size-large\"><a href=\"https:\/\/www.cofb.org\/wp-content\/uploads\/2025\/02\/COFB_ASMA-GREU_24022025_2-scaled.jpg\" target=\"_blank\" rel=\"noreferrer noopener\"><img decoding=\"async\" width=\"1024\" height=\"576\" src=\"https:\/\/www.cofb.org\/wp-content\/uploads\/2025\/02\/COFB_ASMA-GREU_24022025_2-1024x576.jpg\" alt=\"Xavier Mu\u00f1oz en un moment de la seva exposici\u00f3.\" class=\"wp-image-80818\" srcset=\"https:\/\/www.cofb.org\/wp-content\/uploads\/2025\/02\/COFB_ASMA-GREU_24022025_2-1024x576.jpg 1024w, https:\/\/www.cofb.org\/wp-content\/uploads\/2025\/02\/COFB_ASMA-GREU_24022025_2-300x169.jpg 300w, https:\/\/www.cofb.org\/wp-content\/uploads\/2025\/02\/COFB_ASMA-GREU_24022025_2-768x432.jpg 768w, https:\/\/www.cofb.org\/wp-content\/uploads\/2025\/02\/COFB_ASMA-GREU_24022025_2-1536x864.jpg 1536w, https:\/\/www.cofb.org\/wp-content\/uploads\/2025\/02\/COFB_ASMA-GREU_24022025_2-2048x1152.jpg 2048w, https:\/\/www.cofb.org\/wp-content\/uploads\/2025\/02\/COFB_ASMA-GREU_24022025_2-18x10.jpg 18w\" sizes=\"(max-width: 1024px) 100vw, 1024px\" \/><\/a><figcaption class=\"wp-element-caption\">Xavier Mu\u00f1oz en un momento de su exposici\u00f3n. <\/figcaption><\/figure>\n\n\n\n<p>Mu\u00f1oz indic\u00f3 cu\u00e1l es la <strong>prevalencia<\/strong> de esta patolog\u00eda, <strong>c\u00f3mo confirmar el diagn\u00f3stico<\/strong> y <strong>optimizar el tratamiento<\/strong>, as\u00ed como los <strong>factores del paciente<\/strong> seg\u00fan la adhesi\u00f3n, la t\u00e9cnica inhalatoria y las comorbilidades. Sin embargo, explic\u00f3 cu\u00e1les <strong>exposiciones ambientales<\/strong> pueden afectar (h\u00e1bito tab\u00e1quico, exposici\u00f3n de al\u00e9rgenos, contaminaci\u00f3n ambiental, agentes ocupacionales y f\u00e1rmacos) e hizo menci\u00f3n al fenotipo del paciente.<\/p>\n\n\n\n<p>Por su parte, <strong>Cristina D\u00edez<\/strong>, farmac\u00e9utica hospitalaria del \u00c1rea de Atenci\u00f3n Farmac\u00e9utica al Paciente Ambulatorio del Hospital Universitario Doctor Josep Trueta abord\u00f3 el&nbsp;<strong>manejo integral del paciente asm\u00e1tico, poniendo \u00e9nfasis en los fenotipos del paciente con diagn\u00f3stico de asma grave y las alternativas terap\u00e9uticas disponibles que se emplean en la pr\u00e1ctica cl\u00ednica dentro del \u00e1mbito hospitalario<\/strong>, destacando la importancia de una gesti\u00f3n adecuada y personalizada para optimizar los resultados en los pacientes m\u00e1s complejos.<\/p>\n\n\n\n<figure class=\"wp-block-image size-large\"><a href=\"https:\/\/www.cofb.org\/wp-content\/uploads\/2025\/02\/COFB_ASMA-GREU_24022025_3-scaled.jpg\" target=\"_blank\" rel=\"noreferrer noopener\"><img decoding=\"async\" width=\"1024\" height=\"576\" src=\"https:\/\/www.cofb.org\/wp-content\/uploads\/2025\/02\/COFB_ASMA-GREU_24022025_3-1024x576.jpg\" alt=\"Cristina D\u00edez impartint la seva presentaci\u00f3 sobre el\u00a0maneig integral del pacient asm\u00e0tic. \" class=\"wp-image-80819\" srcset=\"https:\/\/www.cofb.org\/wp-content\/uploads\/2025\/02\/COFB_ASMA-GREU_24022025_3-1024x576.jpg 1024w, https:\/\/www.cofb.org\/wp-content\/uploads\/2025\/02\/COFB_ASMA-GREU_24022025_3-300x169.jpg 300w, https:\/\/www.cofb.org\/wp-content\/uploads\/2025\/02\/COFB_ASMA-GREU_24022025_3-768x432.jpg 768w, https:\/\/www.cofb.org\/wp-content\/uploads\/2025\/02\/COFB_ASMA-GREU_24022025_3-1536x864.jpg 1536w, https:\/\/www.cofb.org\/wp-content\/uploads\/2025\/02\/COFB_ASMA-GREU_24022025_3-2048x1152.jpg 2048w, https:\/\/www.cofb.org\/wp-content\/uploads\/2025\/02\/COFB_ASMA-GREU_24022025_3-18x10.jpg 18w\" sizes=\"(max-width: 1024px) 100vw, 1024px\" \/><\/a><figcaption class=\"wp-element-caption\">Cristina D\u00edez impartiendo su presentaci\u00f3n sobre el manejo integral del paciente asm\u00e1tico. <\/figcaption><\/figure>\n\n\n\n<p>Adem\u00e1s, present\u00f3 las&nbsp;<strong>recomendaciones terap\u00e9uticas<\/strong>&nbsp;basadas en las gu\u00edas cl\u00ednicas actuales para el tratamiento del asma grave no controlado, orientando sobre c\u00f3mo seleccionar el tratamiento biol\u00f3gico m\u00e1s adecuado para cada paciente, en funci\u00f3n de los objetivos terap\u00e9uticos planteados.<\/p>\n\n\n\n<p>Seguidamente, intervino <strong>Asunta Ricart<\/strong>, gerente de Procesos Integrados de Salud del \u00c1rea Asistencial del CatSalut, que exponer cu\u00e1l es el <strong>viaje del paciente asm\u00e1tico en el sistema sanitario<\/strong>, en que es necesario <strong>conocer las necesidades, planificar, financiar y evaluar.<\/strong><\/p>\n\n\n\n<figure class=\"wp-block-image size-large is-resized\"><a href=\"https:\/\/www.cofb.org\/wp-content\/uploads\/2025\/02\/COFB_ASMA-GREU_24022025_4-scaled.jpg\" target=\"_blank\" rel=\"noreferrer noopener\"><img loading=\"lazy\" decoding=\"async\" width=\"1024\" height=\"577\" src=\"https:\/\/www.cofb.org\/wp-content\/uploads\/2025\/02\/COFB_ASMA-GREU_24022025_4-1024x577.jpg\" alt=\"\" class=\"wp-image-80821\" style=\"width:1028px;height:auto\" srcset=\"https:\/\/www.cofb.org\/wp-content\/uploads\/2025\/02\/COFB_ASMA-GREU_24022025_4-1024x577.jpg 1024w, https:\/\/www.cofb.org\/wp-content\/uploads\/2025\/02\/COFB_ASMA-GREU_24022025_4-300x169.jpg 300w, https:\/\/www.cofb.org\/wp-content\/uploads\/2025\/02\/COFB_ASMA-GREU_24022025_4-768x432.jpg 768w, https:\/\/www.cofb.org\/wp-content\/uploads\/2025\/02\/COFB_ASMA-GREU_24022025_4-1536x865.jpg 1536w, https:\/\/www.cofb.org\/wp-content\/uploads\/2025\/02\/COFB_ASMA-GREU_24022025_4-2048x1153.jpg 2048w, https:\/\/www.cofb.org\/wp-content\/uploads\/2025\/02\/COFB_ASMA-GREU_24022025_4-18x10.jpg 18w\" sizes=\"(max-width: 1024px) 100vw, 1024px\" \/><\/a><figcaption class=\"wp-element-caption\">Asunta a Ricart durante su exposici\u00f3n. <\/figcaption><\/figure>\n\n\n\n<h2 class=\"wp-block-heading\"><strong>Atenci\u00f3n farmac\u00e9utica y continuidad asistencial<\/strong><\/h2>\n\n\n\n<p>En relaci\u00f3n con la atenci\u00f3n farmac\u00e9utica y la continuidad asistencial, <strong>Merc\u00e8 Barau<\/strong>, vocal de Oficina de Farmacia del COFB y coordinadora de la formaci\u00f3n, explic\u00f3 que ante una dispensaci\u00f3n de un inhalador,&nbsp;<strong>\u201cel farmac\u00e9utico no s\u00f3lo debe velar por su correcta dispensaci\u00f3n, asegurando una administraci\u00f3n bien hecha por parte del paciente, tambi\u00e9n debe concienciar al usuario a devolver los inhaladores usados o caducados en las farmacias&nbsp;<\/strong>de la comunidad para una eliminaci\u00f3n adecuada, al tiempo que con toda probabilidad con esta acci\u00f3n se ayudar\u00e1 a reducir las dispensaciones innecesarias. De esta forma no s\u00f3lo se da un apoyo a los pacientes para mejorar su calidad pulmonar, sino que al mismo tiempo se reducen las emisiones provocadas por los inhaladores mejorando el aire que todos respiramos\u201d.<\/p>\n\n\n\n<figure class=\"wp-block-image size-large\"><a href=\"https:\/\/www.cofb.org\/wp-content\/uploads\/2025\/02\/COFB_ASMA-GREU_24022025_5-scaled.jpg\" target=\"_blank\" rel=\"noreferrer noopener\"><img loading=\"lazy\" decoding=\"async\" width=\"1024\" height=\"576\" src=\"https:\/\/www.cofb.org\/wp-content\/uploads\/2025\/02\/COFB_ASMA-GREU_24022025_5-1024x576.jpg\" alt=\"\" class=\"wp-image-80823\" srcset=\"https:\/\/www.cofb.org\/wp-content\/uploads\/2025\/02\/COFB_ASMA-GREU_24022025_5-1024x576.jpg 1024w, https:\/\/www.cofb.org\/wp-content\/uploads\/2025\/02\/COFB_ASMA-GREU_24022025_5-300x169.jpg 300w, https:\/\/www.cofb.org\/wp-content\/uploads\/2025\/02\/COFB_ASMA-GREU_24022025_5-768x432.jpg 768w, https:\/\/www.cofb.org\/wp-content\/uploads\/2025\/02\/COFB_ASMA-GREU_24022025_5-1536x864.jpg 1536w, https:\/\/www.cofb.org\/wp-content\/uploads\/2025\/02\/COFB_ASMA-GREU_24022025_5-2048x1152.jpg 2048w, https:\/\/www.cofb.org\/wp-content\/uploads\/2025\/02\/COFB_ASMA-GREU_24022025_5-18x10.jpg 18w\" sizes=\"(max-width: 1024px) 100vw, 1024px\" \/><\/a><figcaption class=\"wp-element-caption\">Merc\u00e8 Barau en un momento de su intervenci\u00f3n en formato <em>online<\/em>. <\/figcaption><\/figure>\n\n\n\n<p><br><br>Durante esta mesa sobre la atenci\u00f3n farmac\u00e9utica y la continuidad asistencial,&nbsp;<strong>Esther Pastor<\/strong>, farmac\u00e9utica de Atenci\u00f3n Primaria, destac\u00f3 la importancia de la <strong>continuidad asistencial<\/strong> por <strong>&quot;evitar duplicidades, mejorar la efectividad y la eficiencia de las actuaciones, disminuir los riesgos sanitarios y aumentar la satisfacci\u00f3n del paciente&quot;<\/strong>. &nbsp;<\/p>\n\n\n\n<figure class=\"wp-block-image size-large\"><a href=\"https:\/\/www.cofb.org\/wp-content\/uploads\/2025\/02\/COFB_ASMA-GREU_24022025_6.1.jpg\" target=\"_blank\" rel=\"noreferrer noopener\"><img loading=\"lazy\" decoding=\"async\" width=\"1024\" height=\"576\" src=\"https:\/\/www.cofb.org\/wp-content\/uploads\/2025\/02\/COFB_ASMA-GREU_24022025_6.1-1024x576.jpg\" alt=\"\" class=\"wp-image-80830\" srcset=\"https:\/\/www.cofb.org\/wp-content\/uploads\/2025\/02\/COFB_ASMA-GREU_24022025_6.1-1024x576.jpg 1024w, https:\/\/www.cofb.org\/wp-content\/uploads\/2025\/02\/COFB_ASMA-GREU_24022025_6.1-300x169.jpg 300w, https:\/\/www.cofb.org\/wp-content\/uploads\/2025\/02\/COFB_ASMA-GREU_24022025_6.1-768x432.jpg 768w, https:\/\/www.cofb.org\/wp-content\/uploads\/2025\/02\/COFB_ASMA-GREU_24022025_6.1-1536x865.jpg 1536w, https:\/\/www.cofb.org\/wp-content\/uploads\/2025\/02\/COFB_ASMA-GREU_24022025_6.1-2048x1153.jpg 2048w, https:\/\/www.cofb.org\/wp-content\/uploads\/2025\/02\/COFB_ASMA-GREU_24022025_6.1-18x10.jpg 18w\" sizes=\"(max-width: 1024px) 100vw, 1024px\" \/><\/a><figcaption class=\"wp-element-caption\">Esther Pastor durante su presentaci\u00f3n.<\/figcaption><\/figure>\n\n\n\n<p>As\u00ed pues, destac\u00f3 algunos <strong>elementos clave para la continuidad asistencial<\/strong>, record\u00f3 que la atenci\u00f3n primaria <strong>&quot;es clave para el diagn\u00f3stico precoz y el control y seguimiento de la enfermedad&quot;<\/strong> y expuso c\u00f3mo los farmac\u00e9uticos y farmac\u00e9uticas comunitarias, hospitalarias y de atenci\u00f3n primaria pueden colaborar en el abordaje del paciente con asma.<\/p>\n\n\n\n<p><strong>Marta Roig<\/strong>, farmac\u00e9utica comunitaria y titular de oficina de Farmacia en Sentmenat y profesora de pr\u00e1cticas tuteladas en la UB, detall\u00f3 la&nbsp;<strong>importancia que el paciente reciba la misma informaci\u00f3n desde todos los \u00e1mbitos profesionales<\/strong>&nbsp;(especialista, hospital, atenci\u00f3n primaria y farmacia comunitaria). <\/p>\n\n\n\n<figure class=\"wp-block-image size-large\"><a href=\"https:\/\/www.cofb.org\/wp-content\/uploads\/2025\/02\/COFB_ASMA-GREU_24022025_7.jpg\" target=\"_blank\" rel=\"noreferrer noopener\"><img loading=\"lazy\" decoding=\"async\" width=\"1024\" height=\"598\" src=\"https:\/\/www.cofb.org\/wp-content\/uploads\/2025\/02\/COFB_ASMA-GREU_24022025_7-1024x598.jpg\" alt=\"\" class=\"wp-image-80831\" srcset=\"https:\/\/www.cofb.org\/wp-content\/uploads\/2025\/02\/COFB_ASMA-GREU_24022025_7-1024x598.jpg 1024w, https:\/\/www.cofb.org\/wp-content\/uploads\/2025\/02\/COFB_ASMA-GREU_24022025_7-300x175.jpg 300w, https:\/\/www.cofb.org\/wp-content\/uploads\/2025\/02\/COFB_ASMA-GREU_24022025_7-768x448.jpg 768w, https:\/\/www.cofb.org\/wp-content\/uploads\/2025\/02\/COFB_ASMA-GREU_24022025_7-1536x897.jpg 1536w, https:\/\/www.cofb.org\/wp-content\/uploads\/2025\/02\/COFB_ASMA-GREU_24022025_7-18x12.jpg 18w, https:\/\/www.cofb.org\/wp-content\/uploads\/2025\/02\/COFB_ASMA-GREU_24022025_7.jpg 1923w\" sizes=\"(max-width: 1024px) 100vw, 1024px\" \/><\/a><figcaption class=\"wp-element-caption\">Marta Roig impartiendo su exposici\u00f3n.<\/figcaption><\/figure>\n\n\n\n<p>\u201cEl paciente debe percibir el asma grave como una enfermedad cr\u00f3nica con un tratamiento de mantenimiento y uno de rescate.&nbsp;<strong>En la farmacia comunitaria tambi\u00e9n intervenimos en la adherencia al tratamiento, explicando el uso y t\u00e9cnica de los inhaladores y registrando nuestra actuaci\u00f3n farmac\u00e9utica en el Consejo de Colegios de Farmac\u00e9uticos de Catalu\u00f1a<\/strong>\u201d, declar\u00f3.<\/p>\n\n\n\n<p>Por \u00faltimo,<strong> Jorge del Estal<\/strong>, record\u00f3 que, \u201c<strong>desde la farmacia hospitalaria podemos contribuir en el manejo del paciente asm\u00e1tico a trav\u00e9s de una intervenci\u00f3n farmacoterap\u00e9utica adecuada, centrada en la optimizaci\u00f3n de la medicaci\u00f3n y la monitorizaci\u00f3n constante de la adherencia y resultados en salud, contribuyendo directamente a mejorar el control de la enfermedad<\/strong>. La dispensaci\u00f3n personalizada y el acompa\u00f1amiento constante al paciente en su tratamiento farmacol\u00f3gico pueden reducir las exacerbaciones y hospitalizaciones\u201d. <\/p>\n\n\n\n<figure class=\"wp-block-image size-large\"><a href=\"https:\/\/www.cofb.org\/wp-content\/uploads\/2025\/02\/COFB_ASMA-GREU_24022025_8-scaled.jpg\" target=\"_blank\" rel=\"noreferrer noopener\"><img loading=\"lazy\" decoding=\"async\" width=\"1024\" height=\"576\" src=\"https:\/\/www.cofb.org\/wp-content\/uploads\/2025\/02\/COFB_ASMA-GREU_24022025_8-1024x576.jpg\" alt=\"\" class=\"wp-image-80832\" srcset=\"https:\/\/www.cofb.org\/wp-content\/uploads\/2025\/02\/COFB_ASMA-GREU_24022025_8-1024x576.jpg 1024w, https:\/\/www.cofb.org\/wp-content\/uploads\/2025\/02\/COFB_ASMA-GREU_24022025_8-300x169.jpg 300w, https:\/\/www.cofb.org\/wp-content\/uploads\/2025\/02\/COFB_ASMA-GREU_24022025_8-768x432.jpg 768w, https:\/\/www.cofb.org\/wp-content\/uploads\/2025\/02\/COFB_ASMA-GREU_24022025_8-1536x864.jpg 1536w, https:\/\/www.cofb.org\/wp-content\/uploads\/2025\/02\/COFB_ASMA-GREU_24022025_8-2048x1152.jpg 2048w, https:\/\/www.cofb.org\/wp-content\/uploads\/2025\/02\/COFB_ASMA-GREU_24022025_8-18x10.jpg 18w\" sizes=\"(max-width: 1024px) 100vw, 1024px\" \/><\/a><figcaption class=\"wp-element-caption\">Jorge del Estal en un momento de su presentaci\u00f3n. <\/figcaption><\/figure>\n\n\n\n<p>\u201cPor otra parte, la introducci\u00f3n de la visi\u00f3n del farmac\u00e9utico hospitalario en el equipo multidisciplinar puede ofrecer una visi\u00f3n que favorezca la atenci\u00f3n integral y que atienda a todas las necesidades del paciente asm\u00e1tico\u201d, asegur\u00f3.<\/p>\n\n\n\n<p class=\"has-text-align-right\"><strong>Coorganiza:<\/strong><\/p>\n\n\n\n<figure class=\"wp-block-image alignright size-large is-resized\"><a href=\"https:\/\/www.sefh.es\/\" target=\"_blank\" rel=\"noreferrer noopener\"><img loading=\"lazy\" decoding=\"async\" width=\"1024\" height=\"397\" src=\"https:\/\/www.cofb.org\/wp-content\/uploads\/2025\/02\/SEFH_transparent-1024x397.png\" alt=\"\" class=\"wp-image-80813\" style=\"width:188px;height:auto\" srcset=\"https:\/\/www.cofb.org\/wp-content\/uploads\/2025\/02\/SEFH_transparent-1024x397.png 1024w, https:\/\/www.cofb.org\/wp-content\/uploads\/2025\/02\/SEFH_transparent-300x116.png 300w, https:\/\/www.cofb.org\/wp-content\/uploads\/2025\/02\/SEFH_transparent-768x297.png 768w, https:\/\/www.cofb.org\/wp-content\/uploads\/2025\/02\/SEFH_transparent-1536x595.png 1536w, https:\/\/www.cofb.org\/wp-content\/uploads\/2025\/02\/SEFH_transparent-2048x793.png 2048w, https:\/\/www.cofb.org\/wp-content\/uploads\/2025\/02\/SEFH_transparent-18x7.png 18w\" sizes=\"(max-width: 1024px) 100vw, 1024px\" \/><\/a><\/figure>\n\n\n\n<p><\/p>\n\n\n\n<p><\/p>\n\n\n\n<div class=\"wp-block-group is-nowrap is-layout-flex wp-container-core-group-is-layout-6c531013 wp-block-group-is-layout-flex\"><\/div>\n\n\n\n<p class=\"has-text-align-right\"><strong>Colabora:<\/strong><\/p>\n\n\n\n<figure class=\"wp-block-image alignright size-full is-resized\"><a href=\"https:\/\/www.scfarmclin.org\/\" target=\"_blank\" rel=\"noreferrer noopener\"><img loading=\"lazy\" decoding=\"async\" width=\"512\" height=\"332\" src=\"https:\/\/www.cofb.org\/wp-content\/uploads\/2024\/07\/Societat-Catalana-de-Farmacia-Clinica-SCFC_logo_transparent.png\" alt=\"\" class=\"wp-image-78757\" style=\"width:184px;height:auto\" srcset=\"https:\/\/www.cofb.org\/wp-content\/uploads\/2024\/07\/Societat-Catalana-de-Farmacia-Clinica-SCFC_logo_transparent.png 512w, https:\/\/www.cofb.org\/wp-content\/uploads\/2024\/07\/Societat-Catalana-de-Farmacia-Clinica-SCFC_logo_transparent-300x195.png 300w, https:\/\/www.cofb.org\/wp-content\/uploads\/2024\/07\/Societat-Catalana-de-Farmacia-Clinica-SCFC_logo_transparent-18x12.png 18w\" sizes=\"(max-width: 512px) 100vw, 512px\" \/><\/a><\/figure>\n\n\n\n<p><\/p>\n\n\n\n<p><\/p>\n\n\n\n<p><\/p>\n\n\n\n<div class=\"wp-block-group is-nowrap is-layout-flex wp-container-core-group-is-layout-6c531013 wp-block-group-is-layout-flex\"><\/div>\n\n\n\n<div class=\"wp-block-group is-nowrap is-layout-flex wp-container-core-group-is-layout-6c531013 wp-block-group-is-layout-flex\"><\/div>\n\n\n\n<p class=\"has-text-align-right\"><strong>Patrocina:<\/strong><\/p>\n\n\n\n<figure class=\"wp-block-image alignright size-large is-resized\"><a href=\"https:\/\/www.astrazeneca.es\/\" target=\"_blank\" rel=\"noreferrer noopener\"><img loading=\"lazy\" decoding=\"async\" width=\"1024\" height=\"278\" src=\"https:\/\/www.cofb.org\/wp-content\/uploads\/2025\/02\/ASTRAZENECA_transparent_2025-1024x278.png\" alt=\"\" class=\"wp-image-80814\" style=\"width:221px;height:auto\" srcset=\"https:\/\/www.cofb.org\/wp-content\/uploads\/2025\/02\/ASTRAZENECA_transparent_2025-1024x278.png 1024w, https:\/\/www.cofb.org\/wp-content\/uploads\/2025\/02\/ASTRAZENECA_transparent_2025-300x81.png 300w, https:\/\/www.cofb.org\/wp-content\/uploads\/2025\/02\/ASTRAZENECA_transparent_2025-768x208.png 768w, https:\/\/www.cofb.org\/wp-content\/uploads\/2025\/02\/ASTRAZENECA_transparent_2025-1536x416.png 1536w, https:\/\/www.cofb.org\/wp-content\/uploads\/2025\/02\/ASTRAZENECA_transparent_2025-2048x555.png 2048w, https:\/\/www.cofb.org\/wp-content\/uploads\/2025\/02\/ASTRAZENECA_transparent_2025-18x5.png 18w\" sizes=\"(max-width: 1024px) 100vw, 1024px\" \/><\/a><\/figure>\n\n\n\n<p><a href=\"https:\/\/www.facebook.com\/sharer.php?u=https%3A%2F%2Fwww.cofb.org%2Fca%2F2025%2F02%2F11%2Fla-sefh-i-el-cofb-celebren-una-jornada-conjunta-per-abordar-de-manera-transversal-latencio-farmaceutica-a-pacients-amb-asma-i-asma-greu%2F\" target=\"_blank\" rel=\"noreferrer noopener\"><\/a><\/p>\n\n\n\n<p><\/p>","protected":false},"excerpt":{"rendered":"<p>El pasado 5 de febrero, el Colegio de Farmac\u00e9uticos de Barcelona (COFB), junto con la Sociedad Espa\u00f1ola de Farmacia Hospitalaria (SEFH), organiz\u00f3 la formaci\u00f3n &quot;Actualizaci\u00f3n en asma grave&quot;, con la colaboraci\u00f3n de la Sociedad Catalana de Farmacia Cl\u00ednica (SCFC) y el patrocinio de AstraZeneca. La jornada, dirigida a farmac\u00e9uticos y [\u2026]<\/p>","protected":false},"author":3,"featured_media":80816,"comment_status":"closed","ping_status":"closed","sticky":false,"template":"","format":"standard","meta":{"_uag_custom_page_level_css":"","site-sidebar-layout":"default","site-content-layout":"","ast-site-content-layout":"default","site-content-style":"default","site-sidebar-style":"default","ast-global-header-display":"","ast-banner-title-visibility":"","ast-main-header-display":"","ast-hfb-above-header-display":"","ast-hfb-below-header-display":"","ast-hfb-mobile-header-display":"","site-post-title":"","ast-breadcrumbs-content":"","ast-featured-img":"disabled","footer-sml-layout":"","theme-transparent-header-meta":"","adv-header-id-meta":"","stick-header-meta":"","header-above-stick-meta":"","header-main-stick-meta":"","header-below-stick-meta":"","astra-migrate-meta-layouts":"set","ast-page-background-enabled":"default","ast-page-background-meta":{"desktop":{"background-color":"var(--ast-global-color-4)","background-image":"","background-repeat":"repeat","background-position":"center center","background-size":"auto","background-attachment":"scroll","background-type":"","background-media":"","overlay-type":"","overlay-color":"","overlay-opacity":"","overlay-gradient":""},"tablet":{"background-color":"","background-image":"","background-repeat":"repeat","background-position":"center center","background-size":"auto","background-attachment":"scroll","background-type":"","background-media":"","overlay-type":"","overlay-color":"","overlay-opacity":"","overlay-gradient":""},"mobile":{"background-color":"","background-image":"","background-repeat":"repeat","background-position":"center center","background-size":"auto","background-attachment":"scroll","background-type":"","background-media":"","overlay-type":"","overlay-color":"","overlay-opacity":"","overlay-gradient":""}},"ast-content-background-meta":{"desktop":{"background-color":"var(--ast-global-color-5)","background-image":"","background-repeat":"repeat","background-position":"center center","background-size":"auto","background-attachment":"scroll","background-type":"","background-media":"","overlay-type":"","overlay-color":"","overlay-opacity":"","overlay-gradient":""},"tablet":{"background-color":"var(--ast-global-color-5)","background-image":"","background-repeat":"repeat","background-position":"center center","background-size":"auto","background-attachment":"scroll","background-type":"","background-media":"","overlay-type":"","overlay-color":"","overlay-opacity":"","overlay-gradient":""},"mobile":{"background-color":"var(--ast-global-color-5)","background-image":"","background-repeat":"repeat","background-position":"center center","background-size":"auto","background-attachment":"scroll","background-type":"","background-media":"","overlay-type":"","overlay-color":"","overlay-opacity":"","overlay-gradient":""}},"footnotes":""},"categories":[23,57],"tags":[211,487,64,938,18,19,53,69,480,70,76],"class_list":["post-80812","post","type-post","status-publish","format-standard","has-post-thumbnail","hentry","category-destacats","category-mon-collegial","tag-asma","tag-asma-greu","tag-atencio-farmaceutica","tag-atencio-primaria","tag-cofb","tag-collegi-de-farmaceutics-de-barcelona","tag-farmaceutics","tag-farmacia-comunitaria","tag-farmacia-hospitalaria","tag-formacio","tag-oficina-de-farmacia"],"yoast_head":"<!-- This site is optimized with the Yoast SEO plugin v22.4 - https:\/\/yoast.com\/wordpress\/plugins\/seo\/ -->\n<title>Farmac\u00e8utics i farmac\u00e8utiques de diferents \u00e0mbits s\u2019actualitzen en l&#039;abordatge de l&#039;asma greu - Col\u00b7legi de Farmac\u00e8utics de Barcelona<\/title>\n<meta name=\"description\" content=\"El passat 5 de febrer, el COFB, juntament amb la Sociedad Espa\u00f1ola de Farmacia Hospitalaria (SEFH), la formaci\u00f3 \u201cActualitzaci\u00f3 en asma greu.\" \/>\n<meta name=\"robots\" content=\"index, follow, max-snippet:-1, max-image-preview:large, max-video-preview:-1\" \/>\n<link rel=\"canonical\" href=\"https:\/\/www.cofb.org\/es\/2025\/02\/24\/farmaceutics-i-farmaceutiques-de-diferents-ambits-sactualitzen-en-labordatge-de-lasma-greu\/\" \/>\n<meta property=\"og:locale\" content=\"es_ES\" \/>\n<meta property=\"og:type\" content=\"article\" \/>\n<meta property=\"og:title\" content=\"Farmac\u00e8utics i farmac\u00e8utiques de diferents \u00e0mbits s\u2019actualitzen en l&#039;abordatge de l&#039;asma greu - Col\u00b7legi de Farmac\u00e8utics de Barcelona\" \/>\n<meta property=\"og:description\" content=\"El passat 5 de febrer, el COFB, juntament amb la Sociedad Espa\u00f1ola de Farmacia Hospitalaria (SEFH), la formaci\u00f3 \u201cActualitzaci\u00f3 en asma greu.\" \/>\n<meta property=\"og:url\" content=\"https:\/\/www.cofb.org\/es\/2025\/02\/24\/farmaceutics-i-farmaceutiques-de-diferents-ambits-sactualitzen-en-labordatge-de-lasma-greu\/\" \/>\n<meta property=\"og:site_name\" content=\"Col\u00b7legi de Farmac\u00e8utics de Barcelona\" \/>\n<meta property=\"article:publisher\" content=\"https:\/\/www.facebook.com\/farmaceuticsbcn\/\" \/>\n<meta property=\"article:published_time\" content=\"2025-02-24T09:03:16+00:00\" \/>\n<meta property=\"article:modified_time\" content=\"2025-02-27T10:19:29+00:00\" \/>\n<meta property=\"og:image\" content=\"https:\/\/www.cofb.org\/wp-content\/uploads\/2025\/02\/COFB_ASMA-GREU_24022025_0-scaled.jpg\" \/>\n\t<meta property=\"og:image:width\" content=\"2560\" \/>\n\t<meta property=\"og:image:height\" content=\"1440\" \/>\n\t<meta property=\"og:image:type\" content=\"image\/jpeg\" \/>\n<meta name=\"author\" content=\"Berta Mart\u00ednez\" \/>\n<meta name=\"twitter:card\" content=\"summary_large_image\" \/>\n<meta name=\"twitter:creator\" content=\"@farmaceuticsbcn\" \/>\n<meta name=\"twitter:site\" content=\"@farmaceuticsbcn\" \/>\n<meta name=\"twitter:label1\" content=\"Escrito por\" \/>\n\t<meta name=\"twitter:data1\" content=\"Berta Mart\u00ednez\" \/>\n\t<meta name=\"twitter:label2\" content=\"Tiempo de lectura\" \/>\n\t<meta name=\"twitter:data2\" content=\"9 minutos\" \/>\n<script type=\"application\/ld+json\" class=\"yoast-schema-graph\">{\"@context\":\"https:\/\/schema.org\",\"@graph\":[{\"@type\":\"Article\",\"@id\":\"https:\/\/www.cofb.org\/2025\/02\/24\/farmaceutics-i-farmaceutiques-de-diferents-ambits-sactualitzen-en-labordatge-de-lasma-greu\/#article\",\"isPartOf\":{\"@id\":\"https:\/\/www.cofb.org\/2025\/02\/24\/farmaceutics-i-farmaceutiques-de-diferents-ambits-sactualitzen-en-labordatge-de-lasma-greu\/\"},\"author\":{\"name\":\"Berta Mart\u00ednez\",\"@id\":\"https:\/\/www.cofb.org\/#\/schema\/person\/f32de3b41b812c85ff923cb4cc849063\"},\"headline\":\"Farmac\u00e8utics i farmac\u00e8utiques de diferents \u00e0mbits s\u2019actualitzen en l&#8217;abordatge de l&#8217;asma greu\",\"datePublished\":\"2025-02-24T09:03:16+00:00\",\"dateModified\":\"2025-02-27T10:19:29+00:00\",\"mainEntityOfPage\":{\"@id\":\"https:\/\/www.cofb.org\/2025\/02\/24\/farmaceutics-i-farmaceutiques-de-diferents-ambits-sactualitzen-en-labordatge-de-lasma-greu\/\"},\"wordCount\":1329,\"publisher\":{\"@id\":\"https:\/\/www.cofb.org\/#organization\"},\"image\":{\"@id\":\"https:\/\/www.cofb.org\/2025\/02\/24\/farmaceutics-i-farmaceutiques-de-diferents-ambits-sactualitzen-en-labordatge-de-lasma-greu\/#primaryimage\"},\"thumbnailUrl\":\"https:\/\/www.cofb.org\/wp-content\/uploads\/2025\/02\/COFB_ASMA-GREU_24022025_0-scaled.jpg\",\"keywords\":[\"asma\",\"asma greu\",\"Atenci\u00f3 farmac\u00e8utica\",\"Atenci\u00f3 prim\u00e0ria\",\"COFB\",\"Col\u00b7legi de Farmac\u00e8utics de Barcelona\",\"farmac\u00e8utics\",\"farm\u00e0cia comunit\u00e0ria\",\"farm\u00e0cia hospital\u00e0ria\",\"Formaci\u00f3\",\"Oficina de farm\u00e0cia\"],\"articleSection\":[\"Destacats\",\"M\u00f3n col\u00b7legial\"],\"inLanguage\":\"es\"},{\"@type\":\"WebPage\",\"@id\":\"https:\/\/www.cofb.org\/2025\/02\/24\/farmaceutics-i-farmaceutiques-de-diferents-ambits-sactualitzen-en-labordatge-de-lasma-greu\/\",\"url\":\"https:\/\/www.cofb.org\/2025\/02\/24\/farmaceutics-i-farmaceutiques-de-diferents-ambits-sactualitzen-en-labordatge-de-lasma-greu\/\",\"name\":\"Farmac\u00e8utics i farmac\u00e8utiques de diferents \u00e0mbits s\u2019actualitzen en l'abordatge de l'asma greu - Col\u00b7legi de Farmac\u00e8utics de Barcelona\",\"isPartOf\":{\"@id\":\"https:\/\/www.cofb.org\/#website\"},\"primaryImageOfPage\":{\"@id\":\"https:\/\/www.cofb.org\/2025\/02\/24\/farmaceutics-i-farmaceutiques-de-diferents-ambits-sactualitzen-en-labordatge-de-lasma-greu\/#primaryimage\"},\"image\":{\"@id\":\"https:\/\/www.cofb.org\/2025\/02\/24\/farmaceutics-i-farmaceutiques-de-diferents-ambits-sactualitzen-en-labordatge-de-lasma-greu\/#primaryimage\"},\"thumbnailUrl\":\"https:\/\/www.cofb.org\/wp-content\/uploads\/2025\/02\/COFB_ASMA-GREU_24022025_0-scaled.jpg\",\"datePublished\":\"2025-02-24T09:03:16+00:00\",\"dateModified\":\"2025-02-27T10:19:29+00:00\",\"description\":\"El passat 5 de febrer, el COFB, juntament amb la Sociedad Espa\u00f1ola de Farmacia Hospitalaria (SEFH), la formaci\u00f3 \u201cActualitzaci\u00f3 en asma greu.\",\"breadcrumb\":{\"@id\":\"https:\/\/www.cofb.org\/2025\/02\/24\/farmaceutics-i-farmaceutiques-de-diferents-ambits-sactualitzen-en-labordatge-de-lasma-greu\/#breadcrumb\"},\"inLanguage\":\"es\",\"potentialAction\":[{\"@type\":\"ReadAction\",\"target\":[\"https:\/\/www.cofb.org\/2025\/02\/24\/farmaceutics-i-farmaceutiques-de-diferents-ambits-sactualitzen-en-labordatge-de-lasma-greu\/\"]}]},{\"@type\":\"ImageObject\",\"inLanguage\":\"es\",\"@id\":\"https:\/\/www.cofb.org\/2025\/02\/24\/farmaceutics-i-farmaceutiques-de-diferents-ambits-sactualitzen-en-labordatge-de-lasma-greu\/#primaryimage\",\"url\":\"https:\/\/www.cofb.org\/wp-content\/uploads\/2025\/02\/COFB_ASMA-GREU_24022025_0-scaled.jpg\",\"contentUrl\":\"https:\/\/www.cofb.org\/wp-content\/uploads\/2025\/02\/COFB_ASMA-GREU_24022025_0-scaled.jpg\",\"width\":2560,\"height\":1440},{\"@type\":\"BreadcrumbList\",\"@id\":\"https:\/\/www.cofb.org\/2025\/02\/24\/farmaceutics-i-farmaceutiques-de-diferents-ambits-sactualitzen-en-labordatge-de-lasma-greu\/#breadcrumb\",\"itemListElement\":[{\"@type\":\"ListItem\",\"position\":1,\"name\":\"Inici\",\"item\":\"https:\/\/novaorg.cofb.net\/\"},{\"@type\":\"ListItem\",\"position\":2,\"name\":\"Farmac\u00e8utics i farmac\u00e8utiques de diferents \u00e0mbits s\u2019actualitzen en l&#8217;abordatge de l&#8217;asma greu\"}]},{\"@type\":\"WebSite\",\"@id\":\"https:\/\/www.cofb.org\/#website\",\"url\":\"https:\/\/www.cofb.org\/\",\"name\":\"Col\u00b7legi de Farmac\u00e8utics de Barcelona\",\"description\":\"\",\"publisher\":{\"@id\":\"https:\/\/www.cofb.org\/#organization\"},\"potentialAction\":[{\"@type\":\"SearchAction\",\"target\":{\"@type\":\"EntryPoint\",\"urlTemplate\":\"https:\/\/www.cofb.org\/?s={search_term_string}\"},\"query-input\":\"required name=search_term_string\"}],\"inLanguage\":\"es\"},{\"@type\":\"Organization\",\"@id\":\"https:\/\/www.cofb.org\/#organization\",\"name\":\"Col\u00b7legi de Farmac\u00e8utics de Barcelona\",\"url\":\"https:\/\/www.cofb.org\/\",\"logo\":{\"@type\":\"ImageObject\",\"inLanguage\":\"es\",\"@id\":\"https:\/\/www.cofb.org\/#\/schema\/logo\/image\/\",\"url\":\"https:\/\/www.cofb.org\/wp-content\/uploads\/2023\/11\/cropped-Logotip-COFB.png\",\"contentUrl\":\"https:\/\/www.cofb.org\/wp-content\/uploads\/2023\/11\/cropped-Logotip-COFB.png\",\"width\":500,\"height\":105,\"caption\":\"Col\u00b7legi de Farmac\u00e8utics de Barcelona\"},\"image\":{\"@id\":\"https:\/\/www.cofb.org\/#\/schema\/logo\/image\/\"},\"sameAs\":[\"https:\/\/www.facebook.com\/farmaceuticsbcn\/\",\"https:\/\/twitter.com\/farmaceuticsbcn\",\"https:\/\/www.instagram.com\/farmaceuticsbcn\/\",\"https:\/\/www.linkedin.com\/company\/farmaceuticsbcn\/\"]},{\"@type\":\"Person\",\"@id\":\"https:\/\/www.cofb.org\/#\/schema\/person\/f32de3b41b812c85ff923cb4cc849063\",\"name\":\"Berta Mart\u00ednez\",\"image\":{\"@type\":\"ImageObject\",\"inLanguage\":\"es\",\"@id\":\"https:\/\/www.cofb.org\/#\/schema\/person\/image\/\",\"url\":\"https:\/\/secure.gravatar.com\/avatar\/d4c584dab5da1ee9e3c3df161c0aabec7075cc8211cd46ffc79bfe177aa78b01?s=96&d=mm&r=g\",\"contentUrl\":\"https:\/\/secure.gravatar.com\/avatar\/d4c584dab5da1ee9e3c3df161c0aabec7075cc8211cd46ffc79bfe177aa78b01?s=96&d=mm&r=g\",\"caption\":\"Berta Mart\u00ednez\"},\"url\":\"https:\/\/www.cofb.org\/es\/author\/bmartinez\/\"}]}<\/script>\n<!-- \/ Yoast SEO plugin. -->","yoast_head_json":{"title":"Farmac\u00e8utics i farmac\u00e8utiques de diferents \u00e0mbits s\u2019actualitzen en l'abordatge de l'asma greu - Col\u00b7legi de Farmac\u00e8utics de Barcelona","description":"El passat 5 de febrer, el COFB, juntament amb la Sociedad Espa\u00f1ola de Farmacia Hospitalaria (SEFH), la formaci\u00f3 \u201cActualitzaci\u00f3 en asma greu.","robots":{"index":"index","follow":"follow","max-snippet":"max-snippet:-1","max-image-preview":"max-image-preview:large","max-video-preview":"max-video-preview:-1"},"canonical":"https:\/\/www.cofb.org\/es\/2025\/02\/24\/farmaceutics-i-farmaceutiques-de-diferents-ambits-sactualitzen-en-labordatge-de-lasma-greu\/","og_locale":"es_ES","og_type":"article","og_title":"Farmac\u00e8utics i farmac\u00e8utiques de diferents \u00e0mbits s\u2019actualitzen en l'abordatge de l'asma greu - Col\u00b7legi de Farmac\u00e8utics de Barcelona","og_description":"El passat 5 de febrer, el COFB, juntament amb la Sociedad Espa\u00f1ola de Farmacia Hospitalaria (SEFH), la formaci\u00f3 \u201cActualitzaci\u00f3 en asma greu.","og_url":"https:\/\/www.cofb.org\/es\/2025\/02\/24\/farmaceutics-i-farmaceutiques-de-diferents-ambits-sactualitzen-en-labordatge-de-lasma-greu\/","og_site_name":"Col\u00b7legi de Farmac\u00e8utics de Barcelona","article_publisher":"https:\/\/www.facebook.com\/farmaceuticsbcn\/","article_published_time":"2025-02-24T09:03:16+00:00","article_modified_time":"2025-02-27T10:19:29+00:00","og_image":[{"width":2560,"height":1440,"url":"https:\/\/www.cofb.org\/wp-content\/uploads\/2025\/02\/COFB_ASMA-GREU_24022025_0-scaled.jpg","type":"image\/jpeg"}],"author":"Berta Mart\u00ednez","twitter_card":"summary_large_image","twitter_creator":"@farmaceuticsbcn","twitter_site":"@farmaceuticsbcn","twitter_misc":{"Escrito por":"Berta Mart\u00ednez","Tiempo de lectura":"9 minutos"},"schema":{"@context":"https:\/\/schema.org","@graph":[{"@type":"Article","@id":"https:\/\/www.cofb.org\/2025\/02\/24\/farmaceutics-i-farmaceutiques-de-diferents-ambits-sactualitzen-en-labordatge-de-lasma-greu\/#article","isPartOf":{"@id":"https:\/\/www.cofb.org\/2025\/02\/24\/farmaceutics-i-farmaceutiques-de-diferents-ambits-sactualitzen-en-labordatge-de-lasma-greu\/"},"author":{"name":"Berta Mart\u00ednez","@id":"https:\/\/www.cofb.org\/#\/schema\/person\/f32de3b41b812c85ff923cb4cc849063"},"headline":"Farmac\u00e8utics i farmac\u00e8utiques de diferents \u00e0mbits s\u2019actualitzen en l&#8217;abordatge de l&#8217;asma greu","datePublished":"2025-02-24T09:03:16+00:00","dateModified":"2025-02-27T10:19:29+00:00","mainEntityOfPage":{"@id":"https:\/\/www.cofb.org\/2025\/02\/24\/farmaceutics-i-farmaceutiques-de-diferents-ambits-sactualitzen-en-labordatge-de-lasma-greu\/"},"wordCount":1329,"publisher":{"@id":"https:\/\/www.cofb.org\/#organization"},"image":{"@id":"https:\/\/www.cofb.org\/2025\/02\/24\/farmaceutics-i-farmaceutiques-de-diferents-ambits-sactualitzen-en-labordatge-de-lasma-greu\/#primaryimage"},"thumbnailUrl":"https:\/\/www.cofb.org\/wp-content\/uploads\/2025\/02\/COFB_ASMA-GREU_24022025_0-scaled.jpg","keywords":["asma","asma greu","Atenci\u00f3 farmac\u00e8utica","Atenci\u00f3 prim\u00e0ria","COFB","Col\u00b7legi de Farmac\u00e8utics de Barcelona","farmac\u00e8utics","farm\u00e0cia comunit\u00e0ria","farm\u00e0cia hospital\u00e0ria","Formaci\u00f3","Oficina de farm\u00e0cia"],"articleSection":["Destacats","M\u00f3n col\u00b7legial"],"inLanguage":"es"},{"@type":"WebPage","@id":"https:\/\/www.cofb.org\/2025\/02\/24\/farmaceutics-i-farmaceutiques-de-diferents-ambits-sactualitzen-en-labordatge-de-lasma-greu\/","url":"https:\/\/www.cofb.org\/2025\/02\/24\/farmaceutics-i-farmaceutiques-de-diferents-ambits-sactualitzen-en-labordatge-de-lasma-greu\/","name":"Farmac\u00e8utics i farmac\u00e8utiques de diferents \u00e0mbits s\u2019actualitzen en l'abordatge de l'asma greu - Col\u00b7legi de Farmac\u00e8utics de Barcelona","isPartOf":{"@id":"https:\/\/www.cofb.org\/#website"},"primaryImageOfPage":{"@id":"https:\/\/www.cofb.org\/2025\/02\/24\/farmaceutics-i-farmaceutiques-de-diferents-ambits-sactualitzen-en-labordatge-de-lasma-greu\/#primaryimage"},"image":{"@id":"https:\/\/www.cofb.org\/2025\/02\/24\/farmaceutics-i-farmaceutiques-de-diferents-ambits-sactualitzen-en-labordatge-de-lasma-greu\/#primaryimage"},"thumbnailUrl":"https:\/\/www.cofb.org\/wp-content\/uploads\/2025\/02\/COFB_ASMA-GREU_24022025_0-scaled.jpg","datePublished":"2025-02-24T09:03:16+00:00","dateModified":"2025-02-27T10:19:29+00:00","description":"El passat 5 de febrer, el COFB, juntament amb la Sociedad Espa\u00f1ola de Farmacia Hospitalaria (SEFH), la formaci\u00f3 \u201cActualitzaci\u00f3 en asma greu.","breadcrumb":{"@id":"https:\/\/www.cofb.org\/2025\/02\/24\/farmaceutics-i-farmaceutiques-de-diferents-ambits-sactualitzen-en-labordatge-de-lasma-greu\/#breadcrumb"},"inLanguage":"es","potentialAction":[{"@type":"ReadAction","target":["https:\/\/www.cofb.org\/2025\/02\/24\/farmaceutics-i-farmaceutiques-de-diferents-ambits-sactualitzen-en-labordatge-de-lasma-greu\/"]}]},{"@type":"ImageObject","inLanguage":"es","@id":"https:\/\/www.cofb.org\/2025\/02\/24\/farmaceutics-i-farmaceutiques-de-diferents-ambits-sactualitzen-en-labordatge-de-lasma-greu\/#primaryimage","url":"https:\/\/www.cofb.org\/wp-content\/uploads\/2025\/02\/COFB_ASMA-GREU_24022025_0-scaled.jpg","contentUrl":"https:\/\/www.cofb.org\/wp-content\/uploads\/2025\/02\/COFB_ASMA-GREU_24022025_0-scaled.jpg","width":2560,"height":1440},{"@type":"BreadcrumbList","@id":"https:\/\/www.cofb.org\/2025\/02\/24\/farmaceutics-i-farmaceutiques-de-diferents-ambits-sactualitzen-en-labordatge-de-lasma-greu\/#breadcrumb","itemListElement":[{"@type":"ListItem","position":1,"name":"Inici","item":"https:\/\/novaorg.cofb.net\/"},{"@type":"ListItem","position":2,"name":"Farmac\u00e8utics i farmac\u00e8utiques de diferents \u00e0mbits s\u2019actualitzen en l&#8217;abordatge de l&#8217;asma greu"}]},{"@type":"WebSite","@id":"https:\/\/www.cofb.org\/#website","url":"https:\/\/www.cofb.org\/","name":"Col\u00b7legi de Farmac\u00e8utics de Barcelona","description":"","publisher":{"@id":"https:\/\/www.cofb.org\/#organization"},"potentialAction":[{"@type":"SearchAction","target":{"@type":"EntryPoint","urlTemplate":"https:\/\/www.cofb.org\/?s={search_term_string}"},"query-input":"required name=search_term_string"}],"inLanguage":"es"},{"@type":"Organization","@id":"https:\/\/www.cofb.org\/#organization","name":"Col\u00b7legi de Farmac\u00e8utics de Barcelona","url":"https:\/\/www.cofb.org\/","logo":{"@type":"ImageObject","inLanguage":"es","@id":"https:\/\/www.cofb.org\/#\/schema\/logo\/image\/","url":"https:\/\/www.cofb.org\/wp-content\/uploads\/2023\/11\/cropped-Logotip-COFB.png","contentUrl":"https:\/\/www.cofb.org\/wp-content\/uploads\/2023\/11\/cropped-Logotip-COFB.png","width":500,"height":105,"caption":"Col\u00b7legi de Farmac\u00e8utics de Barcelona"},"image":{"@id":"https:\/\/www.cofb.org\/#\/schema\/logo\/image\/"},"sameAs":["https:\/\/www.facebook.com\/farmaceuticsbcn\/","https:\/\/twitter.com\/farmaceuticsbcn","https:\/\/www.instagram.com\/farmaceuticsbcn\/","https:\/\/www.linkedin.com\/company\/farmaceuticsbcn\/"]},{"@type":"Person","@id":"https:\/\/www.cofb.org\/#\/schema\/person\/f32de3b41b812c85ff923cb4cc849063","name":"Berta Mart\u00ednez","image":{"@type":"ImageObject","inLanguage":"es","@id":"https:\/\/www.cofb.org\/#\/schema\/person\/image\/","url":"https:\/\/secure.gravatar.com\/avatar\/d4c584dab5da1ee9e3c3df161c0aabec7075cc8211cd46ffc79bfe177aa78b01?s=96&d=mm&r=g","contentUrl":"https:\/\/secure.gravatar.com\/avatar\/d4c584dab5da1ee9e3c3df161c0aabec7075cc8211cd46ffc79bfe177aa78b01?s=96&d=mm&r=g","caption":"Berta Mart\u00ednez"},"url":"https:\/\/www.cofb.org\/es\/author\/bmartinez\/"}]}},"uagb_featured_image_src":{"full":["https:\/\/www.cofb.org\/wp-content\/uploads\/2025\/02\/COFB_ASMA-GREU_24022025_0-scaled.jpg",2560,1440,false],"thumbnail":["https:\/\/www.cofb.org\/wp-content\/uploads\/2025\/02\/COFB_ASMA-GREU_24022025_0-150x150.jpg",150,150,true],"medium":["https:\/\/www.cofb.org\/wp-content\/uploads\/2025\/02\/COFB_ASMA-GREU_24022025_0-300x169.jpg",300,169,true],"medium_large":["https:\/\/www.cofb.org\/wp-content\/uploads\/2025\/02\/COFB_ASMA-GREU_24022025_0-768x432.jpg",768,432,true],"large":["https:\/\/www.cofb.org\/wp-content\/uploads\/2025\/02\/COFB_ASMA-GREU_24022025_0-1024x576.jpg",1024,576,true],"1536x1536":["https:\/\/www.cofb.org\/wp-content\/uploads\/2025\/02\/COFB_ASMA-GREU_24022025_0-1536x864.jpg",1536,864,true],"2048x2048":["https:\/\/www.cofb.org\/wp-content\/uploads\/2025\/02\/COFB_ASMA-GREU_24022025_0-2048x1152.jpg",2048,1152,true],"trp-custom-language-flag":["https:\/\/www.cofb.org\/wp-content\/uploads\/2025\/02\/COFB_ASMA-GREU_24022025_0-18x10.jpg",18,10,true]},"uagb_author_info":{"display_name":"Berta Mart\u00ednez","author_link":"https:\/\/www.cofb.org\/es\/author\/bmartinez\/"},"uagb_comment_info":0,"uagb_excerpt":"El passat 5 de febrer, el Col\u00b7legi de Farmac\u00e8utics de Barcelona (COFB), juntament amb la Sociedad Espa\u00f1ola de Farmacia Hospitalaria (SEFH), va organitzar la formaci\u00f3 \u201cActualitzaci\u00f3 en asma greu\u201d, amb la col\u00b7laboraci\u00f3 de la Societat Catalana de Farm\u00e0cia Cl\u00ednica (SCFC) i el patrocini d\u2019AstraZeneca. La jornada, adre\u00e7ada a farmac\u00e8utics i [&hellip;]","_links":{"self":[{"href":"https:\/\/www.cofb.org\/es\/wp-json\/wp\/v2\/posts\/80812","targetHints":{"allow":["GET"]}}],"collection":[{"href":"https:\/\/www.cofb.org\/es\/wp-json\/wp\/v2\/posts"}],"about":[{"href":"https:\/\/www.cofb.org\/es\/wp-json\/wp\/v2\/types\/post"}],"author":[{"embeddable":true,"href":"https:\/\/www.cofb.org\/es\/wp-json\/wp\/v2\/users\/3"}],"replies":[{"embeddable":true,"href":"https:\/\/www.cofb.org\/es\/wp-json\/wp\/v2\/comments?post=80812"}],"version-history":[{"count":23,"href":"https:\/\/www.cofb.org\/es\/wp-json\/wp\/v2\/posts\/80812\/revisions"}],"predecessor-version":[{"id":80873,"href":"https:\/\/www.cofb.org\/es\/wp-json\/wp\/v2\/posts\/80812\/revisions\/80873"}],"wp:featuredmedia":[{"embeddable":true,"href":"https:\/\/www.cofb.org\/es\/wp-json\/wp\/v2\/media\/80816"}],"wp:attachment":[{"href":"https:\/\/www.cofb.org\/es\/wp-json\/wp\/v2\/media?parent=80812"}],"wp:term":[{"taxonomy":"category","embeddable":true,"href":"https:\/\/www.cofb.org\/es\/wp-json\/wp\/v2\/categories?post=80812"},{"taxonomy":"post_tag","embeddable":true,"href":"https:\/\/www.cofb.org\/es\/wp-json\/wp\/v2\/tags?post=80812"}],"curies":[{"name":"wp","href":"https:\/\/api.w.org\/{rel}","templated":true}]}}