{"id":80784,"date":"2025-02-13T16:20:57","date_gmt":"2025-02-13T16:20:57","guid":{"rendered":"https:\/\/www.cofb.org\/?p=80784"},"modified":"2025-03-13T15:20:14","modified_gmt":"2025-03-13T15:20:14","slug":"infarma-barcelona-2025-presenta-una-edicio-mes-interactiva-innovadora-i-sostenible","status":"publish","type":"post","link":"https:\/\/www.cofb.org\/es\/2025\/02\/13\/infarma-barcelona-2025-presenta-una-edicio-mes-interactiva-innovadora-i-sostenible\/","title":{"rendered":"Infarma Barcelona 2025 presenta una edici\u00f3n m\u00e1s interactiva, innovadora y sostenible"},"content":{"rendered":"<ul class=\"wp-block-list\">\n<li>Como principales novedades, esta 35\u00aa edici\u00f3n incorporar\u00e1 un espacio para el&nbsp;<strong><em>networking<\/em>, experiencias interactivas, adem\u00e1s de reforzar su compromiso con la sostenibilidad<\/strong><\/li>\n\n\n\n<li><strong>\u00daltimos d\u00edas para la presentaci\u00f3n de p\u00f3sters cient\u00edficos.<\/strong> Los interesados pueden enviar su resumen hasta el <strong>23 de febrero<\/strong><\/li>\n\n\n\n<li><strong>Hasta el 28 de febrero, todos los farmac\u00e9uticos\/as colegiados\/as de Espa\u00f1a pueden<\/strong> obtener la <strong>inscripci\u00f3n sin coste como congresista<\/strong> a trav\u00e9s de la web <a href=\"https:\/\/www.infarma.es\/posteres-convocatoria\/\" target=\"_blank\" rel=\"noreferrer noopener\">infarma.es<\/a><\/li>\n<\/ul>\n\n\n\n<figure class=\"wp-block-image size-large\"><a href=\"https:\/\/www.cofb.org\/wp-content\/uploads\/2025\/02\/INFARMA-2025-INSCRIPCIONES-1920x1080_Horitzontal.png\" target=\"_blank\" rel=\"noreferrer noopener\"><img fetchpriority=\"high\" decoding=\"async\" width=\"1024\" height=\"576\" src=\"https:\/\/www.cofb.org\/wp-content\/uploads\/2025\/02\/INFARMA-2025-INSCRIPCIONES-1920x1080_Horitzontal-1024x576.png\" alt=\"\" class=\"wp-image-80785\" srcset=\"https:\/\/www.cofb.org\/wp-content\/uploads\/2025\/02\/INFARMA-2025-INSCRIPCIONES-1920x1080_Horitzontal-1024x576.png 1024w, https:\/\/www.cofb.org\/wp-content\/uploads\/2025\/02\/INFARMA-2025-INSCRIPCIONES-1920x1080_Horitzontal-300x169.png 300w, https:\/\/www.cofb.org\/wp-content\/uploads\/2025\/02\/INFARMA-2025-INSCRIPCIONES-1920x1080_Horitzontal-768x432.png 768w, https:\/\/www.cofb.org\/wp-content\/uploads\/2025\/02\/INFARMA-2025-INSCRIPCIONES-1920x1080_Horitzontal-1536x864.png 1536w, https:\/\/www.cofb.org\/wp-content\/uploads\/2025\/02\/INFARMA-2025-INSCRIPCIONES-1920x1080_Horitzontal-18x10.png 18w, https:\/\/www.cofb.org\/wp-content\/uploads\/2025\/02\/INFARMA-2025-INSCRIPCIONES-1920x1080_Horitzontal.png 1920w\" sizes=\"(max-width: 1024px) 100vw, 1024px\" \/><\/a><\/figure>\n\n\n\n<p><em>Barcelona, 13 de febrero de 2025.<\/em>\u00a0<a href=\"https:\/\/www.infarma.es\/\" target=\"_blank\" rel=\"noreferrer noopener\"><strong>Infarma Barcelona 2025<\/strong> <\/a>anuncia las principales <strong>novedades<\/strong> que marcar\u00e1n esta <strong>35 edici\u00f3n<\/strong>, que se celebrar\u00e1 los <strong>d\u00edas 25, 26 y 27 de marzo en el recinto Gran V\u00eda de Fira Barcelona<\/strong>. Este a\u00f1o, el Congreso Europeo de Oficina de Farmacia y Sal\u00f3n de Medicamentos y Parafarmacia ser\u00e1 <strong>m\u00e1s interactivo, innovador y sostenible.<br><\/strong><br>Entre las <strong>novedades<\/strong>, destaca la creaci\u00f3n de un <strong>espacio de\u00a0<em>networking<\/em>\u00a0exclusivo para congresistas<\/strong>, fomentando as\u00ed la interacci\u00f3n y el intercambio profesional. Adem\u00e1s, esta 35 edici\u00f3n ser\u00e1 <strong>m\u00e1s innovadora<\/strong>, ya que incorporar\u00e1 una zona de experiencias interactivas. Durante las conferencias de actualidad, uno <em>visual thinker<\/em>\u00a0ilustrar\u00e1 los temas tratados de forma creativa y visual. Y, a lo largo de los tres d\u00edas de Congreso, tambi\u00e9n se potenciar\u00e1 la creaci\u00f3n colectiva mediante un mosaico interactivo con las fotos de los asistentes, que dar\u00e1n forma al lema de esta edici\u00f3n \u201cM\u00e9s farm\u00e0cia. M\u00e1s salud\u201d.<br><br>Por otro lado, con el objetivo de ser un referente en sostenibilidad, se habilitar\u00e1 un espacio dedicado a las <strong>iniciativas de responsabilidad social corporativa (RSC)<\/strong>\u00a0que se est\u00e1n llevando a cabo en el sector farmac\u00e9utico. Asimismo, como en ediciones anteriores, el <strong>Congreso ser\u00e1 neutro en emisiones de di\u00f3xido de carbono y se emplear\u00e1n materiales respetuosos con el medio ambiente<\/strong>.<\/p>\n\n\n\n<h2 class=\"wp-block-heading\"><strong>Inscripci\u00f3n sin coste como congresista antes del 28 de febrero<\/strong><\/h2>\n\n\n\n<p>Todo esto, se llevar\u00e1 a cabo en una edici\u00f3n donde una de las principales novedades <strong>es la inscripci\u00f3n sin coste como congresista<\/strong> para todos los <strong>farmac\u00e9uticos\/as colegiados\/desde Espa\u00f1a,<\/strong> hasta el <strong>28 de febrero<\/strong>. Las inscripciones se pueden realizar en la web de<a href=\"https:\/\/www.infarma.es\/registro\/\" target=\"_blank\" rel=\"noreferrer noopener\">infarma.es<\/a> d\u00e1ndoles as\u00ed la oportunidad de conocer las \u00faltimas tendencias, novedades y avances del sector.<\/p>\n\n\n\n<h2 class=\"wp-block-heading\"><strong>\u00daltimos d\u00edas para la presentaci\u00f3n de p\u00f3sters cient\u00edficos<\/strong><\/h2>\n\n\n\n<p><br>Infarma Barcelona 2025 invita a los profesionales del sector farmac\u00e9utico a <strong>presentar sus p\u00f3sters cient\u00edficos en formato digital<\/strong>, una oportunidad \u00fanica para compartir <strong>proyectos e investigaciones<\/strong> en un entorno profesional de primer nivel.<br><br>Los interesados pueden participar de forma individual o en grupo, y el plazo para enviar el <strong>resumen de su p\u00f3ster<\/strong> es hasta el <strong>23 de febrero a las 23.59 h<\/strong> a trav\u00e9s del siguiente enlace: <a href=\"https:\/\/www.infarma.es\/posteres-convocatoria\/\" target=\"_blank\" rel=\"noreferrer noopener\">Convocatoria de P\u00f3steres<\/a>.<br><br>El Comit\u00e9 Cient\u00edfico seleccionar\u00e1 aquellos res\u00famenes de los p\u00f3sters que ser\u00e1n expuestos de forma oral en Infarma, entre los cuales <strong>se premiar\u00e1n a los tres mejores<\/strong> con una dotaci\u00f3n econ\u00f3mica de <strong>2.000 euros (primer premio), 1.500 euros (segundo premio) y 1.000 euros (tercer premio).<\/strong><\/p>","protected":false},"excerpt":{"rendered":"<p>Barcelona, 13 de febrero de 2025. \u2013 Infarma Barcelona 2025 anuncia las principales novedades que marcar\u00e1n esta 35 edici\u00f3n, que se celebrar\u00e1 los d\u00edas 25, 26 y 27 de marzo en el recinto Gran V\u00eda de Fira Barcelona. Este a\u00f1o, el Congreso Europeo de Oficina de Farmacia y Sal\u00f3n de Medicamentos y Parafarmacia ser\u00e1 m\u00e1s interactivo, [\u2026]<\/p>","protected":false},"author":3,"featured_media":80785,"comment_status":"closed","ping_status":"closed","sticky":false,"template":"","format":"aside","meta":{"_uag_custom_page_level_css":"","site-sidebar-layout":"default","site-content-layout":"","ast-site-content-layout":"default","site-content-style":"default","site-sidebar-style":"default","ast-global-header-display":"","ast-banner-title-visibility":"","ast-main-header-display":"","ast-hfb-above-header-display":"","ast-hfb-below-header-display":"","ast-hfb-mobile-header-display":"","site-post-title":"","ast-breadcrumbs-content":"","ast-featured-img":"disabled","footer-sml-layout":"","theme-transparent-header-meta":"","adv-header-id-meta":"","stick-header-meta":"","header-above-stick-meta":"","header-main-stick-meta":"","header-below-stick-meta":"","astra-migrate-meta-layouts":"set","ast-page-background-enabled":"default","ast-page-background-meta":{"desktop":{"background-color":"var(--ast-global-color-4)","background-image":"","background-repeat":"repeat","background-position":"center center","background-size":"auto","background-attachment":"scroll","background-type":"","background-media":"","overlay-type":"","overlay-color":"","overlay-opacity":"","overlay-gradient":""},"tablet":{"background-color":"","background-image":"","background-repeat":"repeat","background-position":"center center","background-size":"auto","background-attachment":"scroll","background-type":"","background-media":"","overlay-type":"","overlay-color":"","overlay-opacity":"","overlay-gradient":""},"mobile":{"background-color":"","background-image":"","background-repeat":"repeat","background-position":"center center","background-size":"auto","background-attachment":"scroll","background-type":"","background-media":"","overlay-type":"","overlay-color":"","overlay-opacity":"","overlay-gradient":""}},"ast-content-background-meta":{"desktop":{"background-color":"var(--ast-global-color-5)","background-image":"","background-repeat":"repeat","background-position":"center center","background-size":"auto","background-attachment":"scroll","background-type":"","background-media":"","overlay-type":"","overlay-color":"","overlay-opacity":"","overlay-gradient":""},"tablet":{"background-color":"var(--ast-global-color-5)","background-image":"","background-repeat":"repeat","background-position":"center center","background-size":"auto","background-attachment":"scroll","background-type":"","background-media":"","overlay-type":"","overlay-color":"","overlay-opacity":"","overlay-gradient":""},"mobile":{"background-color":"var(--ast-global-color-5)","background-image":"","background-repeat":"repeat","background-position":"center center","background-size":"auto","background-attachment":"scroll","background-type":"","background-media":"","overlay-type":"","overlay-color":"","overlay-opacity":"","overlay-gradient":""}},"footnotes":""},"categories":[23,2165,1060],"tags":[18,19,3989,4186,53,68,69,28,29,5047,76,4899],"class_list":["post-80784","post","type-post","status-publish","format-aside","has-post-thumbnail","hentry","category-destacats","category-infarma","category-notes-premsa","tag-cofb","tag-collegi-de-farmaceutics-de-barcelona","tag-congres-europeu-doficina-de-farmacia","tag-congres-europeu-doficina-de-farmacia-i-salo-de-medicaments","tag-farmaceutics","tag-farmacia","tag-farmacia-comunitaria","tag-infarma","tag-infarma-barcelona","tag-infarma-barcelona-2025","tag-oficina-de-farmacia","tag-salo-de-medicaments-i-parafarmacia","post_format-post-format-aside"],"yoast_head":"<!-- This site is optimized with the Yoast SEO plugin v22.4 - https:\/\/yoast.com\/wordpress\/plugins\/seo\/ -->\n<title>Infarma\u00a0Barcelona 2025 presenta una edici\u00f3 m\u00e9s interactiva, innovadora i sostenible - Col\u00b7legi de Farmac\u00e8utics de Barcelona<\/title>\n<meta name=\"description\" content=\"Infarma anuncia les principals novetats que marcaran aquesta 35 edici\u00f3, que se celebrar\u00e0 els dies 25, 26 i 27 de mar\u00e7\" \/>\n<meta name=\"robots\" content=\"index, follow, max-snippet:-1, max-image-preview:large, max-video-preview:-1\" \/>\n<link rel=\"canonical\" href=\"https:\/\/www.cofb.org\/es\/2025\/02\/13\/infarma-barcelona-2025-presenta-una-edicio-mes-interactiva-innovadora-i-sostenible\/\" \/>\n<meta property=\"og:locale\" content=\"es_ES\" \/>\n<meta property=\"og:type\" content=\"article\" \/>\n<meta property=\"og:title\" content=\"Infarma\u00a0Barcelona 2025 presenta una edici\u00f3 m\u00e9s interactiva, innovadora i sostenible - Col\u00b7legi de Farmac\u00e8utics de Barcelona\" \/>\n<meta property=\"og:description\" content=\"Infarma anuncia les principals novetats que marcaran aquesta 35 edici\u00f3, que se celebrar\u00e0 els dies 25, 26 i 27 de mar\u00e7\" \/>\n<meta property=\"og:url\" content=\"https:\/\/www.cofb.org\/es\/2025\/02\/13\/infarma-barcelona-2025-presenta-una-edicio-mes-interactiva-innovadora-i-sostenible\/\" \/>\n<meta property=\"og:site_name\" content=\"Col\u00b7legi de Farmac\u00e8utics de Barcelona\" \/>\n<meta property=\"article:publisher\" content=\"https:\/\/www.facebook.com\/farmaceuticsbcn\/\" \/>\n<meta property=\"article:published_time\" content=\"2025-02-13T16:20:57+00:00\" \/>\n<meta property=\"article:modified_time\" content=\"2025-03-13T15:20:14+00:00\" \/>\n<meta property=\"og:image\" content=\"https:\/\/www.cofb.org\/wp-content\/uploads\/2025\/02\/INFARMA-2025-INSCRIPCIONES-1920x1080_Horitzontal.png\" \/>\n\t<meta property=\"og:image:width\" content=\"1920\" \/>\n\t<meta property=\"og:image:height\" content=\"1080\" \/>\n\t<meta property=\"og:image:type\" content=\"image\/png\" \/>\n<meta name=\"author\" content=\"Berta Mart\u00ednez\" \/>\n<meta name=\"twitter:card\" content=\"summary_large_image\" \/>\n<meta name=\"twitter:creator\" content=\"@farmaceuticsbcn\" \/>\n<meta name=\"twitter:site\" content=\"@farmaceuticsbcn\" \/>\n<meta name=\"twitter:label1\" content=\"Escrito por\" \/>\n\t<meta name=\"twitter:data1\" content=\"Berta Mart\u00ednez\" \/>\n\t<meta name=\"twitter:label2\" content=\"Tiempo de lectura\" \/>\n\t<meta name=\"twitter:data2\" content=\"3 minutos\" \/>\n<script type=\"application\/ld+json\" class=\"yoast-schema-graph\">{\"@context\":\"https:\/\/schema.org\",\"@graph\":[{\"@type\":\"Article\",\"@id\":\"https:\/\/www.cofb.org\/2025\/02\/13\/infarma-barcelona-2025-presenta-una-edicio-mes-interactiva-innovadora-i-sostenible\/#article\",\"isPartOf\":{\"@id\":\"https:\/\/www.cofb.org\/2025\/02\/13\/infarma-barcelona-2025-presenta-una-edicio-mes-interactiva-innovadora-i-sostenible\/\"},\"author\":{\"name\":\"Berta Mart\u00ednez\",\"@id\":\"https:\/\/www.cofb.org\/#\/schema\/person\/f32de3b41b812c85ff923cb4cc849063\"},\"headline\":\"Infarma\u00a0Barcelona 2025 presenta una edici\u00f3 m\u00e9s interactiva, innovadora i sostenible\",\"datePublished\":\"2025-02-13T16:20:57+00:00\",\"dateModified\":\"2025-03-13T15:20:14+00:00\",\"mainEntityOfPage\":{\"@id\":\"https:\/\/www.cofb.org\/2025\/02\/13\/infarma-barcelona-2025-presenta-una-edicio-mes-interactiva-innovadora-i-sostenible\/\"},\"wordCount\":522,\"publisher\":{\"@id\":\"https:\/\/www.cofb.org\/#organization\"},\"image\":{\"@id\":\"https:\/\/www.cofb.org\/2025\/02\/13\/infarma-barcelona-2025-presenta-una-edicio-mes-interactiva-innovadora-i-sostenible\/#primaryimage\"},\"thumbnailUrl\":\"https:\/\/www.cofb.org\/wp-content\/uploads\/2025\/02\/INFARMA-2025-INSCRIPCIONES-1920x1080_Horitzontal.png\",\"keywords\":[\"COFB\",\"Col\u00b7legi de Farmac\u00e8utics de Barcelona\",\"Congr\u00e9s europeu d'oficina de farm\u00e0cia\",\"Congr\u00e9s Europeu d'Oficina de Farm\u00e0cia i Sal\u00f3 de Medicaments\",\"farmac\u00e8utics\",\"Farm\u00e0cia\",\"farm\u00e0cia comunit\u00e0ria\",\"Infarma\",\"Infarma Barcelona\",\"Infarma Barcelona 2025\",\"Oficina de farm\u00e0cia\",\"Sal\u00f3 de Medicaments i Parafarm\u00e0cia\"],\"articleSection\":[\"Destacats\",\"Infarma\",\"Notes de premsa\"],\"inLanguage\":\"es\"},{\"@type\":\"WebPage\",\"@id\":\"https:\/\/www.cofb.org\/2025\/02\/13\/infarma-barcelona-2025-presenta-una-edicio-mes-interactiva-innovadora-i-sostenible\/\",\"url\":\"https:\/\/www.cofb.org\/2025\/02\/13\/infarma-barcelona-2025-presenta-una-edicio-mes-interactiva-innovadora-i-sostenible\/\",\"name\":\"Infarma\u00a0Barcelona 2025 presenta una edici\u00f3 m\u00e9s interactiva, innovadora i sostenible - Col\u00b7legi de Farmac\u00e8utics de Barcelona\",\"isPartOf\":{\"@id\":\"https:\/\/www.cofb.org\/#website\"},\"primaryImageOfPage\":{\"@id\":\"https:\/\/www.cofb.org\/2025\/02\/13\/infarma-barcelona-2025-presenta-una-edicio-mes-interactiva-innovadora-i-sostenible\/#primaryimage\"},\"image\":{\"@id\":\"https:\/\/www.cofb.org\/2025\/02\/13\/infarma-barcelona-2025-presenta-una-edicio-mes-interactiva-innovadora-i-sostenible\/#primaryimage\"},\"thumbnailUrl\":\"https:\/\/www.cofb.org\/wp-content\/uploads\/2025\/02\/INFARMA-2025-INSCRIPCIONES-1920x1080_Horitzontal.png\",\"datePublished\":\"2025-02-13T16:20:57+00:00\",\"dateModified\":\"2025-03-13T15:20:14+00:00\",\"description\":\"Infarma anuncia les principals novetats que marcaran aquesta 35 edici\u00f3, que se celebrar\u00e0 els dies 25, 26 i 27 de mar\u00e7\",\"breadcrumb\":{\"@id\":\"https:\/\/www.cofb.org\/2025\/02\/13\/infarma-barcelona-2025-presenta-una-edicio-mes-interactiva-innovadora-i-sostenible\/#breadcrumb\"},\"inLanguage\":\"es\",\"potentialAction\":[{\"@type\":\"ReadAction\",\"target\":[\"https:\/\/www.cofb.org\/2025\/02\/13\/infarma-barcelona-2025-presenta-una-edicio-mes-interactiva-innovadora-i-sostenible\/\"]}]},{\"@type\":\"ImageObject\",\"inLanguage\":\"es\",\"@id\":\"https:\/\/www.cofb.org\/2025\/02\/13\/infarma-barcelona-2025-presenta-una-edicio-mes-interactiva-innovadora-i-sostenible\/#primaryimage\",\"url\":\"https:\/\/www.cofb.org\/wp-content\/uploads\/2025\/02\/INFARMA-2025-INSCRIPCIONES-1920x1080_Horitzontal.png\",\"contentUrl\":\"https:\/\/www.cofb.org\/wp-content\/uploads\/2025\/02\/INFARMA-2025-INSCRIPCIONES-1920x1080_Horitzontal.png\",\"width\":1920,\"height\":1080},{\"@type\":\"BreadcrumbList\",\"@id\":\"https:\/\/www.cofb.org\/2025\/02\/13\/infarma-barcelona-2025-presenta-una-edicio-mes-interactiva-innovadora-i-sostenible\/#breadcrumb\",\"itemListElement\":[{\"@type\":\"ListItem\",\"position\":1,\"name\":\"Inici\",\"item\":\"https:\/\/novaorg.cofb.net\/\"},{\"@type\":\"ListItem\",\"position\":2,\"name\":\"Infarma\u00a0Barcelona 2025 presenta una edici\u00f3 m\u00e9s interactiva, innovadora i sostenible\"}]},{\"@type\":\"WebSite\",\"@id\":\"https:\/\/www.cofb.org\/#website\",\"url\":\"https:\/\/www.cofb.org\/\",\"name\":\"Col\u00b7legi de Farmac\u00e8utics de Barcelona\",\"description\":\"\",\"publisher\":{\"@id\":\"https:\/\/www.cofb.org\/#organization\"},\"potentialAction\":[{\"@type\":\"SearchAction\",\"target\":{\"@type\":\"EntryPoint\",\"urlTemplate\":\"https:\/\/www.cofb.org\/?s={search_term_string}\"},\"query-input\":\"required name=search_term_string\"}],\"inLanguage\":\"es\"},{\"@type\":\"Organization\",\"@id\":\"https:\/\/www.cofb.org\/#organization\",\"name\":\"Col\u00b7legi de Farmac\u00e8utics de Barcelona\",\"url\":\"https:\/\/www.cofb.org\/\",\"logo\":{\"@type\":\"ImageObject\",\"inLanguage\":\"es\",\"@id\":\"https:\/\/www.cofb.org\/#\/schema\/logo\/image\/\",\"url\":\"https:\/\/www.cofb.org\/wp-content\/uploads\/2023\/11\/cropped-Logotip-COFB.png\",\"contentUrl\":\"https:\/\/www.cofb.org\/wp-content\/uploads\/2023\/11\/cropped-Logotip-COFB.png\",\"width\":500,\"height\":105,\"caption\":\"Col\u00b7legi de Farmac\u00e8utics de Barcelona\"},\"image\":{\"@id\":\"https:\/\/www.cofb.org\/#\/schema\/logo\/image\/\"},\"sameAs\":[\"https:\/\/www.facebook.com\/farmaceuticsbcn\/\",\"https:\/\/twitter.com\/farmaceuticsbcn\",\"https:\/\/www.instagram.com\/farmaceuticsbcn\/\",\"https:\/\/www.linkedin.com\/company\/farmaceuticsbcn\/\"]},{\"@type\":\"Person\",\"@id\":\"https:\/\/www.cofb.org\/#\/schema\/person\/f32de3b41b812c85ff923cb4cc849063\",\"name\":\"Berta Mart\u00ednez\",\"image\":{\"@type\":\"ImageObject\",\"inLanguage\":\"es\",\"@id\":\"https:\/\/www.cofb.org\/#\/schema\/person\/image\/\",\"url\":\"https:\/\/secure.gravatar.com\/avatar\/d4c584dab5da1ee9e3c3df161c0aabec7075cc8211cd46ffc79bfe177aa78b01?s=96&d=mm&r=g\",\"contentUrl\":\"https:\/\/secure.gravatar.com\/avatar\/d4c584dab5da1ee9e3c3df161c0aabec7075cc8211cd46ffc79bfe177aa78b01?s=96&d=mm&r=g\",\"caption\":\"Berta Mart\u00ednez\"},\"url\":\"https:\/\/www.cofb.org\/es\/author\/bmartinez\/\"}]}<\/script>\n<!-- \/ Yoast SEO plugin. -->","yoast_head_json":{"title":"Infarma\u00a0Barcelona 2025 presenta una edici\u00f3 m\u00e9s interactiva, innovadora i sostenible - Col\u00b7legi de Farmac\u00e8utics de Barcelona","description":"Infarma anuncia les principals novetats que marcaran aquesta 35 edici\u00f3, que se celebrar\u00e0 els dies 25, 26 i 27 de mar\u00e7","robots":{"index":"index","follow":"follow","max-snippet":"max-snippet:-1","max-image-preview":"max-image-preview:large","max-video-preview":"max-video-preview:-1"},"canonical":"https:\/\/www.cofb.org\/es\/2025\/02\/13\/infarma-barcelona-2025-presenta-una-edicio-mes-interactiva-innovadora-i-sostenible\/","og_locale":"es_ES","og_type":"article","og_title":"Infarma\u00a0Barcelona 2025 presenta una edici\u00f3 m\u00e9s interactiva, innovadora i sostenible - Col\u00b7legi de Farmac\u00e8utics de Barcelona","og_description":"Infarma anuncia les principals novetats que marcaran aquesta 35 edici\u00f3, que se celebrar\u00e0 els dies 25, 26 i 27 de mar\u00e7","og_url":"https:\/\/www.cofb.org\/es\/2025\/02\/13\/infarma-barcelona-2025-presenta-una-edicio-mes-interactiva-innovadora-i-sostenible\/","og_site_name":"Col\u00b7legi de Farmac\u00e8utics de Barcelona","article_publisher":"https:\/\/www.facebook.com\/farmaceuticsbcn\/","article_published_time":"2025-02-13T16:20:57+00:00","article_modified_time":"2025-03-13T15:20:14+00:00","og_image":[{"width":1920,"height":1080,"url":"https:\/\/www.cofb.org\/wp-content\/uploads\/2025\/02\/INFARMA-2025-INSCRIPCIONES-1920x1080_Horitzontal.png","type":"image\/png"}],"author":"Berta Mart\u00ednez","twitter_card":"summary_large_image","twitter_creator":"@farmaceuticsbcn","twitter_site":"@farmaceuticsbcn","twitter_misc":{"Escrito por":"Berta Mart\u00ednez","Tiempo de lectura":"3 minutos"},"schema":{"@context":"https:\/\/schema.org","@graph":[{"@type":"Article","@id":"https:\/\/www.cofb.org\/2025\/02\/13\/infarma-barcelona-2025-presenta-una-edicio-mes-interactiva-innovadora-i-sostenible\/#article","isPartOf":{"@id":"https:\/\/www.cofb.org\/2025\/02\/13\/infarma-barcelona-2025-presenta-una-edicio-mes-interactiva-innovadora-i-sostenible\/"},"author":{"name":"Berta Mart\u00ednez","@id":"https:\/\/www.cofb.org\/#\/schema\/person\/f32de3b41b812c85ff923cb4cc849063"},"headline":"Infarma\u00a0Barcelona 2025 presenta una edici\u00f3 m\u00e9s interactiva, innovadora i sostenible","datePublished":"2025-02-13T16:20:57+00:00","dateModified":"2025-03-13T15:20:14+00:00","mainEntityOfPage":{"@id":"https:\/\/www.cofb.org\/2025\/02\/13\/infarma-barcelona-2025-presenta-una-edicio-mes-interactiva-innovadora-i-sostenible\/"},"wordCount":522,"publisher":{"@id":"https:\/\/www.cofb.org\/#organization"},"image":{"@id":"https:\/\/www.cofb.org\/2025\/02\/13\/infarma-barcelona-2025-presenta-una-edicio-mes-interactiva-innovadora-i-sostenible\/#primaryimage"},"thumbnailUrl":"https:\/\/www.cofb.org\/wp-content\/uploads\/2025\/02\/INFARMA-2025-INSCRIPCIONES-1920x1080_Horitzontal.png","keywords":["COFB","Col\u00b7legi de Farmac\u00e8utics de Barcelona","Congr\u00e9s europeu d'oficina de farm\u00e0cia","Congr\u00e9s Europeu d'Oficina de Farm\u00e0cia i Sal\u00f3 de Medicaments","farmac\u00e8utics","Farm\u00e0cia","farm\u00e0cia comunit\u00e0ria","Infarma","Infarma Barcelona","Infarma Barcelona 2025","Oficina de farm\u00e0cia","Sal\u00f3 de Medicaments i Parafarm\u00e0cia"],"articleSection":["Destacats","Infarma","Notes de premsa"],"inLanguage":"es"},{"@type":"WebPage","@id":"https:\/\/www.cofb.org\/2025\/02\/13\/infarma-barcelona-2025-presenta-una-edicio-mes-interactiva-innovadora-i-sostenible\/","url":"https:\/\/www.cofb.org\/2025\/02\/13\/infarma-barcelona-2025-presenta-una-edicio-mes-interactiva-innovadora-i-sostenible\/","name":"Infarma\u00a0Barcelona 2025 presenta una edici\u00f3 m\u00e9s interactiva, innovadora i sostenible - Col\u00b7legi de Farmac\u00e8utics de Barcelona","isPartOf":{"@id":"https:\/\/www.cofb.org\/#website"},"primaryImageOfPage":{"@id":"https:\/\/www.cofb.org\/2025\/02\/13\/infarma-barcelona-2025-presenta-una-edicio-mes-interactiva-innovadora-i-sostenible\/#primaryimage"},"image":{"@id":"https:\/\/www.cofb.org\/2025\/02\/13\/infarma-barcelona-2025-presenta-una-edicio-mes-interactiva-innovadora-i-sostenible\/#primaryimage"},"thumbnailUrl":"https:\/\/www.cofb.org\/wp-content\/uploads\/2025\/02\/INFARMA-2025-INSCRIPCIONES-1920x1080_Horitzontal.png","datePublished":"2025-02-13T16:20:57+00:00","dateModified":"2025-03-13T15:20:14+00:00","description":"Infarma anuncia les principals novetats que marcaran aquesta 35 edici\u00f3, que se celebrar\u00e0 els dies 25, 26 i 27 de mar\u00e7","breadcrumb":{"@id":"https:\/\/www.cofb.org\/2025\/02\/13\/infarma-barcelona-2025-presenta-una-edicio-mes-interactiva-innovadora-i-sostenible\/#breadcrumb"},"inLanguage":"es","potentialAction":[{"@type":"ReadAction","target":["https:\/\/www.cofb.org\/2025\/02\/13\/infarma-barcelona-2025-presenta-una-edicio-mes-interactiva-innovadora-i-sostenible\/"]}]},{"@type":"ImageObject","inLanguage":"es","@id":"https:\/\/www.cofb.org\/2025\/02\/13\/infarma-barcelona-2025-presenta-una-edicio-mes-interactiva-innovadora-i-sostenible\/#primaryimage","url":"https:\/\/www.cofb.org\/wp-content\/uploads\/2025\/02\/INFARMA-2025-INSCRIPCIONES-1920x1080_Horitzontal.png","contentUrl":"https:\/\/www.cofb.org\/wp-content\/uploads\/2025\/02\/INFARMA-2025-INSCRIPCIONES-1920x1080_Horitzontal.png","width":1920,"height":1080},{"@type":"BreadcrumbList","@id":"https:\/\/www.cofb.org\/2025\/02\/13\/infarma-barcelona-2025-presenta-una-edicio-mes-interactiva-innovadora-i-sostenible\/#breadcrumb","itemListElement":[{"@type":"ListItem","position":1,"name":"Inici","item":"https:\/\/novaorg.cofb.net\/"},{"@type":"ListItem","position":2,"name":"Infarma\u00a0Barcelona 2025 presenta una edici\u00f3 m\u00e9s interactiva, innovadora i sostenible"}]},{"@type":"WebSite","@id":"https:\/\/www.cofb.org\/#website","url":"https:\/\/www.cofb.org\/","name":"Col\u00b7legi de Farmac\u00e8utics de Barcelona","description":"","publisher":{"@id":"https:\/\/www.cofb.org\/#organization"},"potentialAction":[{"@type":"SearchAction","target":{"@type":"EntryPoint","urlTemplate":"https:\/\/www.cofb.org\/?s={search_term_string}"},"query-input":"required name=search_term_string"}],"inLanguage":"es"},{"@type":"Organization","@id":"https:\/\/www.cofb.org\/#organization","name":"Col\u00b7legi de Farmac\u00e8utics de Barcelona","url":"https:\/\/www.cofb.org\/","logo":{"@type":"ImageObject","inLanguage":"es","@id":"https:\/\/www.cofb.org\/#\/schema\/logo\/image\/","url":"https:\/\/www.cofb.org\/wp-content\/uploads\/2023\/11\/cropped-Logotip-COFB.png","contentUrl":"https:\/\/www.cofb.org\/wp-content\/uploads\/2023\/11\/cropped-Logotip-COFB.png","width":500,"height":105,"caption":"Col\u00b7legi de Farmac\u00e8utics de Barcelona"},"image":{"@id":"https:\/\/www.cofb.org\/#\/schema\/logo\/image\/"},"sameAs":["https:\/\/www.facebook.com\/farmaceuticsbcn\/","https:\/\/twitter.com\/farmaceuticsbcn","https:\/\/www.instagram.com\/farmaceuticsbcn\/","https:\/\/www.linkedin.com\/company\/farmaceuticsbcn\/"]},{"@type":"Person","@id":"https:\/\/www.cofb.org\/#\/schema\/person\/f32de3b41b812c85ff923cb4cc849063","name":"Berta Mart\u00ednez","image":{"@type":"ImageObject","inLanguage":"es","@id":"https:\/\/www.cofb.org\/#\/schema\/person\/image\/","url":"https:\/\/secure.gravatar.com\/avatar\/d4c584dab5da1ee9e3c3df161c0aabec7075cc8211cd46ffc79bfe177aa78b01?s=96&d=mm&r=g","contentUrl":"https:\/\/secure.gravatar.com\/avatar\/d4c584dab5da1ee9e3c3df161c0aabec7075cc8211cd46ffc79bfe177aa78b01?s=96&d=mm&r=g","caption":"Berta Mart\u00ednez"},"url":"https:\/\/www.cofb.org\/es\/author\/bmartinez\/"}]}},"uagb_featured_image_src":{"full":["https:\/\/www.cofb.org\/wp-content\/uploads\/2025\/02\/INFARMA-2025-INSCRIPCIONES-1920x1080_Horitzontal.png",1920,1080,false],"thumbnail":["https:\/\/www.cofb.org\/wp-content\/uploads\/2025\/02\/INFARMA-2025-INSCRIPCIONES-1920x1080_Horitzontal-150x150.png",150,150,true],"medium":["https:\/\/www.cofb.org\/wp-content\/uploads\/2025\/02\/INFARMA-2025-INSCRIPCIONES-1920x1080_Horitzontal-300x169.png",300,169,true],"medium_large":["https:\/\/www.cofb.org\/wp-content\/uploads\/2025\/02\/INFARMA-2025-INSCRIPCIONES-1920x1080_Horitzontal-768x432.png",768,432,true],"large":["https:\/\/www.cofb.org\/wp-content\/uploads\/2025\/02\/INFARMA-2025-INSCRIPCIONES-1920x1080_Horitzontal-1024x576.png",1024,576,true],"1536x1536":["https:\/\/www.cofb.org\/wp-content\/uploads\/2025\/02\/INFARMA-2025-INSCRIPCIONES-1920x1080_Horitzontal-1536x864.png",1536,864,true],"2048x2048":["https:\/\/www.cofb.org\/wp-content\/uploads\/2025\/02\/INFARMA-2025-INSCRIPCIONES-1920x1080_Horitzontal.png",1920,1080,false],"trp-custom-language-flag":["https:\/\/www.cofb.org\/wp-content\/uploads\/2025\/02\/INFARMA-2025-INSCRIPCIONES-1920x1080_Horitzontal-18x10.png",18,10,true]},"uagb_author_info":{"display_name":"Berta Mart\u00ednez","author_link":"https:\/\/www.cofb.org\/es\/author\/bmartinez\/"},"uagb_comment_info":0,"uagb_excerpt":"Barcelona, 13 de febrer de 2025. \u2013\u00a0Infarma\u00a0Barcelona 2025 anuncia les principals novetats que marcaran aquesta 35 edici\u00f3, que se celebrar\u00e0 els dies 25, 26 i 27 de mar\u00e7 en el recinte Gran Via de\u00a0Fira\u00a0Barcelona. Enguany, el Congr\u00e9s Europeu d&#8217;Oficina de Farm\u00e0cia i Sal\u00f3 de Medicaments i Parafarm\u00e0cia ser\u00e0 m\u00e9s interactiu, [&hellip;]","_links":{"self":[{"href":"https:\/\/www.cofb.org\/es\/wp-json\/wp\/v2\/posts\/80784","targetHints":{"allow":["GET"]}}],"collection":[{"href":"https:\/\/www.cofb.org\/es\/wp-json\/wp\/v2\/posts"}],"about":[{"href":"https:\/\/www.cofb.org\/es\/wp-json\/wp\/v2\/types\/post"}],"author":[{"embeddable":true,"href":"https:\/\/www.cofb.org\/es\/wp-json\/wp\/v2\/users\/3"}],"replies":[{"embeddable":true,"href":"https:\/\/www.cofb.org\/es\/wp-json\/wp\/v2\/comments?post=80784"}],"version-history":[{"count":7,"href":"https:\/\/www.cofb.org\/es\/wp-json\/wp\/v2\/posts\/80784\/revisions"}],"predecessor-version":[{"id":80798,"href":"https:\/\/www.cofb.org\/es\/wp-json\/wp\/v2\/posts\/80784\/revisions\/80798"}],"wp:featuredmedia":[{"embeddable":true,"href":"https:\/\/www.cofb.org\/es\/wp-json\/wp\/v2\/media\/80785"}],"wp:attachment":[{"href":"https:\/\/www.cofb.org\/es\/wp-json\/wp\/v2\/media?parent=80784"}],"wp:term":[{"taxonomy":"category","embeddable":true,"href":"https:\/\/www.cofb.org\/es\/wp-json\/wp\/v2\/categories?post=80784"},{"taxonomy":"post_tag","embeddable":true,"href":"https:\/\/www.cofb.org\/es\/wp-json\/wp\/v2\/tags?post=80784"}],"curies":[{"name":"wp","href":"https:\/\/api.w.org\/{rel}","templated":true}]}}