{"id":80727,"date":"2025-02-06T16:43:39","date_gmt":"2025-02-06T16:43:39","guid":{"rendered":"https:\/\/www.cofb.org\/?p=80727"},"modified":"2025-02-06T16:43:40","modified_gmt":"2025-02-06T16:43:40","slug":"es-presenten-els-resultats-finals-de-les-beques-atorgades-pel-cofb-en-la-convocatoria-2023-2024","status":"publish","type":"post","link":"https:\/\/www.cofb.org\/es\/2025\/02\/06\/es-presenten-els-resultats-finals-de-les-beques-atorgades-pel-cofb-en-la-convocatoria-2023-2024\/","title":{"rendered":"Se presentan los resultados finales de las becas otorgadas por el COFB en la convocatoria 2023-2024"},"content":{"rendered":"<p>El pasado 29 de enero, el\u00a0<strong>Col\u00b7legi de Farmac\u00e8utics de Barcelona (COFB)<\/strong>\u00a0organiz\u00f3 una sesi\u00f3n para exponer los\u00a0<strong>resultados finales de los trabajos becados por el COFB en la<a href=\"https:\/\/www.cofb.org\/es\/2023\/07\/31\/resolucio-de-la-convocatoria-2023-2024-de-beques-i-premis-del-cofb\/\" target=\"_blank\" rel=\"noreferrer noopener\"> convocatoria 2023-2024<\/a><\/strong>. El acto cont\u00f3 con la participaci\u00f3n del presidente de Colegio de Farmac\u00e9uticos de Barcelona,\u00a0<strong>Jordi Casas<\/strong>; el decano de la Facultad de Farmacia de la Universidad de Barcelona,\u00a0<strong>Jordi Camarasa<\/strong>; la responsable de la Comisi\u00f3n de Becas,\u00a0<strong>M\u00aa Rosa Ballester<\/strong>; y los miembros del Tribunal:\u00a0<strong>Anna Bach<\/strong>, <strong>Cristina Cardells<\/strong> y <strong>Josefina Tapias.<\/strong><\/p>\n\n\n\n<figure class=\"wp-block-image size-large\"><a href=\"https:\/\/www.cofb.org\/wp-content\/uploads\/2025\/02\/COFB_RESULTATS-BEQUES-I-PREMIS-2023-2024_06022025.jpg\" target=\"_blank\" rel=\"noreferrer noopener\"><img fetchpriority=\"high\" decoding=\"async\" width=\"1024\" height=\"683\" src=\"https:\/\/www.cofb.org\/wp-content\/uploads\/2025\/02\/COFB_RESULTATS-BEQUES-I-PREMIS-2023-2024_06022025-1024x683.jpg\" alt=\"Fotografia dels investigadors dels projectes, juntament amb membres de la Junta de Govern i el Tribunal del COFB, juntament amb el deg\u00e0 de la Facultat de Farm\u00e0cia de la UB, despr\u00e9s de la resoluci\u00f3 la convocat\u00f2ria 2023-2024 de beques i premis.\" class=\"wp-image-80734\" srcset=\"https:\/\/www.cofb.org\/wp-content\/uploads\/2025\/02\/COFB_RESULTATS-BEQUES-I-PREMIS-2023-2024_06022025-1024x683.jpg 1024w, https:\/\/www.cofb.org\/wp-content\/uploads\/2025\/02\/COFB_RESULTATS-BEQUES-I-PREMIS-2023-2024_06022025-300x200.jpg 300w, https:\/\/www.cofb.org\/wp-content\/uploads\/2025\/02\/COFB_RESULTATS-BEQUES-I-PREMIS-2023-2024_06022025-768x512.jpg 768w, https:\/\/www.cofb.org\/wp-content\/uploads\/2025\/02\/COFB_RESULTATS-BEQUES-I-PREMIS-2023-2024_06022025-1536x1024.jpg 1536w, https:\/\/www.cofb.org\/wp-content\/uploads\/2025\/02\/COFB_RESULTATS-BEQUES-I-PREMIS-2023-2024_06022025-2048x1366.jpg 2048w, https:\/\/www.cofb.org\/wp-content\/uploads\/2025\/02\/COFB_RESULTATS-BEQUES-I-PREMIS-2023-2024_06022025-18x12.jpg 18w\" sizes=\"(max-width: 1024px) 100vw, 1024px\" \/><\/a><figcaption class=\"wp-element-caption\">Fotograf\u00eda de los investigadores de los proyectos, junto a miembros de la Junta de Gobierno del COFB, el Tribunal y el decano de la Facultad de Farmacia de la UB, tras la resoluci\u00f3n la convocatoria 2023-2024 de becas y premios.<\/figcaption><\/figure>\n\n\n\n<h4 class=\"wp-block-heading\"><strong>Resultados del proyecto \u201cImpacto del perfil lip\u00eddico avanzado en la evaluaci\u00f3n del riesgo de enfermedad cardiovascular en pacientes con hiperalfalipoproteinemia\u201d<\/strong><\/h4>\n\n\n\n<p>La presentaci\u00f3n de los resultados del proyecto becado <strong>&quot;Impacto del perfil lip\u00eddico avanzado en la evaluaci\u00f3n del riesgo de enfermedad cardiovascular en pacientes con hiperalfalipoproteinemia&quot; <\/strong>corri\u00f3 a cargo de<strong> David Ceacero<\/strong>, uno de los investigadores, y cont\u00f3 con la asistencia de la investigadora principal, <strong>Mar\u00eda Jos\u00e9 Castro<\/strong>. El proyecto tambi\u00e9n ha contado con la participaci\u00f3n de<strong>Antoni Riera<\/strong>, <strong>Xavier Pint\u00f3<\/strong> y <strong>B\u00e1rbara Fern\u00e1ndez <\/strong>del Hospital Universitario de Bellvitge.<\/p>\n\n\n\n<p>Tradicionalmente, el <strong>colesterol HDL (HDL-C) se ha asociado con un menor riesgo de enfermedad cardiovascular ateroescler\u00f3tica (MCVA)<\/strong>, pero estudios recientes indican que <strong>concentraciones muy elevadas pueden aumentar este riesgo<\/strong>. Esta condici\u00f3n, conocida como <strong>hiperalfalipoproteinemia<\/strong>, puede provocar alteraciones en la composici\u00f3n de las part\u00edculas HDL, reduciendo sus propiedades protectoras y favoreciendo un efecto proaterog\u00e9nico. Actualmente, no existe un tratamiento espec\u00edfico ni un abordaje cl\u00ednico para estos pacientes, haciendo necesaria la identificaci\u00f3n de nuevos biomarcadores. El estudio de las sustracciones HDL2-C y HDL3-C puede aportar informaci\u00f3n relevante sobre la funcionalidad de las HDL.<\/p>\n\n\n\n<figure class=\"wp-block-image size-large\"><a href=\"https:\/\/www.cofb.org\/wp-content\/uploads\/2025\/02\/COFB_RESULTATS-BEQUES-I-PREMIS-2023-2024_06022025_2.jpg\" target=\"_blank\" rel=\"noreferrer noopener\"><img decoding=\"async\" width=\"1024\" height=\"683\" src=\"https:\/\/www.cofb.org\/wp-content\/uploads\/2025\/02\/COFB_RESULTATS-BEQUES-I-PREMIS-2023-2024_06022025_2-1024x683.jpg\" alt=\"David Ceacero en un moment de la seva presentaci\u00f3. \" class=\"wp-image-80735\" srcset=\"https:\/\/www.cofb.org\/wp-content\/uploads\/2025\/02\/COFB_RESULTATS-BEQUES-I-PREMIS-2023-2024_06022025_2-1024x683.jpg 1024w, https:\/\/www.cofb.org\/wp-content\/uploads\/2025\/02\/COFB_RESULTATS-BEQUES-I-PREMIS-2023-2024_06022025_2-300x200.jpg 300w, https:\/\/www.cofb.org\/wp-content\/uploads\/2025\/02\/COFB_RESULTATS-BEQUES-I-PREMIS-2023-2024_06022025_2-768x512.jpg 768w, https:\/\/www.cofb.org\/wp-content\/uploads\/2025\/02\/COFB_RESULTATS-BEQUES-I-PREMIS-2023-2024_06022025_2-1536x1024.jpg 1536w, https:\/\/www.cofb.org\/wp-content\/uploads\/2025\/02\/COFB_RESULTATS-BEQUES-I-PREMIS-2023-2024_06022025_2-2048x1366.jpg 2048w, https:\/\/www.cofb.org\/wp-content\/uploads\/2025\/02\/COFB_RESULTATS-BEQUES-I-PREMIS-2023-2024_06022025_2-18x12.jpg 18w\" sizes=\"(max-width: 1024px) 100vw, 1024px\" \/><\/a><figcaption class=\"wp-element-caption\">David Ceacero en un momento de su presentaci\u00f3n. <\/figcaption><\/figure>\n\n\n\n<p>Los<strong> resultados del proyecto<\/strong> sugieren la necesidad <strong>de anal\u00edticas complementarias para detectar disfuncionales HDL<\/strong> y <strong>evaluar el riesgo de MCVA<\/strong>. Adem\u00e1s, esta b\u00fasqueda abre la puerta a <strong>nuevos tratamientos<\/strong> dirigidos a corregir estas alteraciones. Se requieren estudios de prote\u00f3mica y lipid\u00f3mica para caracterizar mejor estas lipoprote\u00ednas.<\/p>\n\n\n\n<h4 class=\"wp-block-heading\"><strong>Resultados del proyecto \u201cExpansi\u00f3n de linfocitos T reguladores como terapia para frenar la neurodegeneraci\u00f3n en la diabetes\u201d<\/strong><\/h4>\n\n\n\n<p><strong>Mar\u00eda Llori\u00e1n<\/strong> present\u00f3 los resultados del proyecto <strong>\u201cExpansi\u00f3n de linfocitos T reguladores como terapia para frenar la neurodegeneraci\u00f3n en la diabetes\u201d<\/strong>. Estudio llevado a cabo con <strong>Rafael Sim\u00f3<\/strong> y <strong>Cristina Hern\u00e1ndez<\/strong> de la Universidad Aut\u00f3noma de Barcelona y Vall d&#039;Hebron Instituto de Investigaci\u00f3n que han formado parte del equipo investigador de este proyecto.<\/p>\n\n\n\n<figure class=\"wp-block-image size-large\"><a href=\"https:\/\/www.cofb.org\/wp-content\/uploads\/2025\/02\/COFB_RESULTATS-BEQUES-I-PREMIS-2023-2024_06022025_3.jpg\" target=\"_blank\" rel=\"noreferrer noopener\"><img decoding=\"async\" width=\"1024\" height=\"683\" src=\"https:\/\/www.cofb.org\/wp-content\/uploads\/2025\/02\/COFB_RESULTATS-BEQUES-I-PREMIS-2023-2024_06022025_3-1024x683.jpg\" alt=\"Maria Llori\u00e1n durant la seva exposici\u00f3. \" class=\"wp-image-80736\" srcset=\"https:\/\/www.cofb.org\/wp-content\/uploads\/2025\/02\/COFB_RESULTATS-BEQUES-I-PREMIS-2023-2024_06022025_3-1024x683.jpg 1024w, https:\/\/www.cofb.org\/wp-content\/uploads\/2025\/02\/COFB_RESULTATS-BEQUES-I-PREMIS-2023-2024_06022025_3-300x200.jpg 300w, https:\/\/www.cofb.org\/wp-content\/uploads\/2025\/02\/COFB_RESULTATS-BEQUES-I-PREMIS-2023-2024_06022025_3-768x512.jpg 768w, https:\/\/www.cofb.org\/wp-content\/uploads\/2025\/02\/COFB_RESULTATS-BEQUES-I-PREMIS-2023-2024_06022025_3-1536x1024.jpg 1536w, https:\/\/www.cofb.org\/wp-content\/uploads\/2025\/02\/COFB_RESULTATS-BEQUES-I-PREMIS-2023-2024_06022025_3-2048x1366.jpg 2048w, https:\/\/www.cofb.org\/wp-content\/uploads\/2025\/02\/COFB_RESULTATS-BEQUES-I-PREMIS-2023-2024_06022025_3-18x12.jpg 18w\" sizes=\"(max-width: 1024px) 100vw, 1024px\" \/><\/a><figcaption class=\"wp-element-caption\">Maria Llori\u00e1n durante la presentaci\u00f3n de su proyecto. <\/figcaption><\/figure>\n\n\n\n<p>La <strong>retinopat\u00eda diab\u00e9tica (RD)<\/strong> es la <strong>complicaci\u00f3n m\u00e1s com\u00fan de la diabetes tipo 2<\/strong> y una <strong>causa importante de ceguera prevenible<\/strong>. Los tratamientos actuales son costosos y con eficacia limitada, centr\u00e1ndose en etapas avanzadas. Las <strong>c\u00e9lulas T reguladoras (Treg)<\/strong> desempe\u00f1an un papel esencial en la tolerancia inmunitaria gracias a sus potentes propiedades inmunosupresoras. Aunque las Treg han demostrado beneficios en enfermedades, como el Alzheimer y la esclerosis m\u00faltiple, su papel en la RD es poco conocido.<\/p>\n\n\n\n<p>Los <strong>resultados del estudio<\/strong> muestran que <strong>la expansi\u00f3n de Tregs en ratones diab\u00e9ticos previno el da\u00f1o retiniano sin mejoras metab\u00f3licas sist\u00e9micas<\/strong>, destac\u00e1ndolas como una estrategia terap\u00e9utica prometedora para la RD.<\/p>","protected":false},"excerpt":{"rendered":"<p>El pasado 29 de enero, el Colegio de Farmac\u00e9uticos de Barcelona (COFB) organiz\u00f3 una sesi\u00f3n para exponer los resultados finales de los trabajos becados por el COFB en la convocatoria 2023-2024. El acto cont\u00f3 con la participaci\u00f3n del presidente de Colegio de Farmac\u00e9uticos de Barcelona, Jordi Casas; el decano de la Facultad de Farmacia de la Universidad [\u2026]<\/p>","protected":false},"author":3,"featured_media":80734,"comment_status":"closed","ping_status":"closed","sticky":false,"template":"","format":"standard","meta":{"_uag_custom_page_level_css":"","site-sidebar-layout":"default","site-content-layout":"","ast-site-content-layout":"default","site-content-style":"default","site-sidebar-style":"default","ast-global-header-display":"","ast-banner-title-visibility":"","ast-main-header-display":"","ast-hfb-above-header-display":"","ast-hfb-below-header-display":"","ast-hfb-mobile-header-display":"","site-post-title":"","ast-breadcrumbs-content":"","ast-featured-img":"disabled","footer-sml-layout":"","theme-transparent-header-meta":"","adv-header-id-meta":"","stick-header-meta":"","header-above-stick-meta":"","header-main-stick-meta":"","header-below-stick-meta":"","astra-migrate-meta-layouts":"set","ast-page-background-enabled":"default","ast-page-background-meta":{"desktop":{"background-color":"var(--ast-global-color-4)","background-image":"","background-repeat":"repeat","background-position":"center center","background-size":"auto","background-attachment":"scroll","background-type":"","background-media":"","overlay-type":"","overlay-color":"","overlay-opacity":"","overlay-gradient":""},"tablet":{"background-color":"","background-image":"","background-repeat":"repeat","background-position":"center center","background-size":"auto","background-attachment":"scroll","background-type":"","background-media":"","overlay-type":"","overlay-color":"","overlay-opacity":"","overlay-gradient":""},"mobile":{"background-color":"","background-image":"","background-repeat":"repeat","background-position":"center center","background-size":"auto","background-attachment":"scroll","background-type":"","background-media":"","overlay-type":"","overlay-color":"","overlay-opacity":"","overlay-gradient":""}},"ast-content-background-meta":{"desktop":{"background-color":"var(--ast-global-color-5)","background-image":"","background-repeat":"repeat","background-position":"center center","background-size":"auto","background-attachment":"scroll","background-type":"","background-media":"","overlay-type":"","overlay-color":"","overlay-opacity":"","overlay-gradient":""},"tablet":{"background-color":"var(--ast-global-color-5)","background-image":"","background-repeat":"repeat","background-position":"center center","background-size":"auto","background-attachment":"scroll","background-type":"","background-media":"","overlay-type":"","overlay-color":"","overlay-opacity":"","overlay-gradient":""},"mobile":{"background-color":"var(--ast-global-color-5)","background-image":"","background-repeat":"repeat","background-position":"center center","background-size":"auto","background-attachment":"scroll","background-type":"","background-media":"","overlay-type":"","overlay-color":"","overlay-opacity":"","overlay-gradient":""}},"footnotes":""},"categories":[23,57],"tags":[354,5099,513,18,19,4148,5244,197,5248,56,5247,5246,5245,63],"class_list":["post-80727","post","type-post","status-publish","format-standard","has-post-thumbnail","hentry","category-destacats","category-mon-collegial","tag-beques","tag-beques-cofb","tag-beques-collegials","tag-cofb","tag-collegi-de-farmaceutics-de-barcelona","tag-colesterol","tag-convocatoria-2023-2024","tag-diabetis","tag-hiperalfalipoproteinemia","tag-investigacio","tag-malaltia-cardiovascular","tag-perfil-lipidic","tag-projecte","tag-tractament"],"yoast_head":"<!-- This site is optimized with the Yoast SEO plugin v22.4 - https:\/\/yoast.com\/wordpress\/plugins\/seo\/ -->\n<title>Es presenten els resultats finals de les beques atorgades pel COFB en la convocat\u00f2ria 2023-2024 - Col\u00b7legi de Farmac\u00e8utics de Barcelona<\/title>\n<meta name=\"description\" content=\"El passat\u00a029 de gener,\u00a0el\u00a0COFB\u00a0va organitzar una sessi\u00f3 per exposar els\u00a0resultats finals dels treballs becats en la convocat\u00f2ria 2023-2024.\" \/>\n<meta name=\"robots\" content=\"index, follow, max-snippet:-1, max-image-preview:large, max-video-preview:-1\" \/>\n<link rel=\"canonical\" href=\"https:\/\/www.cofb.org\/es\/2025\/02\/06\/es-presenten-els-resultats-finals-de-les-beques-atorgades-pel-cofb-en-la-convocatoria-2023-2024\/\" \/>\n<meta property=\"og:locale\" content=\"es_ES\" \/>\n<meta property=\"og:type\" content=\"article\" \/>\n<meta property=\"og:title\" content=\"Es presenten els resultats finals de les beques atorgades pel COFB en la convocat\u00f2ria 2023-2024 - Col\u00b7legi de Farmac\u00e8utics de Barcelona\" \/>\n<meta property=\"og:description\" content=\"El passat\u00a029 de gener,\u00a0el\u00a0COFB\u00a0va organitzar una sessi\u00f3 per exposar els\u00a0resultats finals dels treballs becats en la convocat\u00f2ria 2023-2024.\" \/>\n<meta property=\"og:url\" content=\"https:\/\/www.cofb.org\/es\/2025\/02\/06\/es-presenten-els-resultats-finals-de-les-beques-atorgades-pel-cofb-en-la-convocatoria-2023-2024\/\" \/>\n<meta property=\"og:site_name\" content=\"Col\u00b7legi de Farmac\u00e8utics de Barcelona\" \/>\n<meta property=\"article:publisher\" content=\"https:\/\/www.facebook.com\/farmaceuticsbcn\/\" \/>\n<meta property=\"article:published_time\" content=\"2025-02-06T16:43:39+00:00\" \/>\n<meta property=\"article:modified_time\" content=\"2025-02-06T16:43:40+00:00\" \/>\n<meta property=\"og:image\" content=\"https:\/\/www.cofb.org\/wp-content\/uploads\/2025\/02\/COFB_RESULTATS-BEQUES-I-PREMIS-2023-2024_06022025.jpg\" \/>\n\t<meta property=\"og:image:width\" content=\"2362\" \/>\n\t<meta property=\"og:image:height\" content=\"1575\" \/>\n\t<meta property=\"og:image:type\" content=\"image\/jpeg\" \/>\n<meta name=\"author\" content=\"Berta Mart\u00ednez\" \/>\n<meta name=\"twitter:card\" content=\"summary_large_image\" \/>\n<meta name=\"twitter:creator\" content=\"@farmaceuticsbcn\" \/>\n<meta name=\"twitter:site\" content=\"@farmaceuticsbcn\" \/>\n<meta name=\"twitter:label1\" content=\"Escrito por\" \/>\n\t<meta name=\"twitter:data1\" content=\"Berta Mart\u00ednez\" \/>\n\t<meta name=\"twitter:label2\" content=\"Tiempo de lectura\" \/>\n\t<meta name=\"twitter:data2\" content=\"4 minutos\" \/>\n<script type=\"application\/ld+json\" class=\"yoast-schema-graph\">{\"@context\":\"https:\/\/schema.org\",\"@graph\":[{\"@type\":\"Article\",\"@id\":\"https:\/\/www.cofb.org\/2025\/02\/06\/es-presenten-els-resultats-finals-de-les-beques-atorgades-pel-cofb-en-la-convocatoria-2023-2024\/#article\",\"isPartOf\":{\"@id\":\"https:\/\/www.cofb.org\/2025\/02\/06\/es-presenten-els-resultats-finals-de-les-beques-atorgades-pel-cofb-en-la-convocatoria-2023-2024\/\"},\"author\":{\"name\":\"Berta Mart\u00ednez\",\"@id\":\"https:\/\/www.cofb.org\/#\/schema\/person\/f32de3b41b812c85ff923cb4cc849063\"},\"headline\":\"Es presenten els resultats finals de les beques atorgades pel COFB en la convocat\u00f2ria 2023-2024\",\"datePublished\":\"2025-02-06T16:43:39+00:00\",\"dateModified\":\"2025-02-06T16:43:40+00:00\",\"mainEntityOfPage\":{\"@id\":\"https:\/\/www.cofb.org\/2025\/02\/06\/es-presenten-els-resultats-finals-de-les-beques-atorgades-pel-cofb-en-la-convocatoria-2023-2024\/\"},\"wordCount\":633,\"publisher\":{\"@id\":\"https:\/\/www.cofb.org\/#organization\"},\"image\":{\"@id\":\"https:\/\/www.cofb.org\/2025\/02\/06\/es-presenten-els-resultats-finals-de-les-beques-atorgades-pel-cofb-en-la-convocatoria-2023-2024\/#primaryimage\"},\"thumbnailUrl\":\"https:\/\/www.cofb.org\/wp-content\/uploads\/2025\/02\/COFB_RESULTATS-BEQUES-I-PREMIS-2023-2024_06022025.jpg\",\"keywords\":[\"beques\",\"Beques COFB\",\"Beques col\u00b7legials\",\"COFB\",\"Col\u00b7legi de Farmac\u00e8utics de Barcelona\",\"colesterol\",\"convocat\u00f2ria 2023-2024\",\"diabetis\",\"hiperalfalipoprote\u00efn\u00e8mia\",\"Investigaci\u00f3\",\"malaltia cardiovascular\",\"perfil lip\u00eddic\",\"projecte\",\"tractament\"],\"articleSection\":[\"Destacats\",\"M\u00f3n col\u00b7legial\"],\"inLanguage\":\"es\"},{\"@type\":\"WebPage\",\"@id\":\"https:\/\/www.cofb.org\/2025\/02\/06\/es-presenten-els-resultats-finals-de-les-beques-atorgades-pel-cofb-en-la-convocatoria-2023-2024\/\",\"url\":\"https:\/\/www.cofb.org\/2025\/02\/06\/es-presenten-els-resultats-finals-de-les-beques-atorgades-pel-cofb-en-la-convocatoria-2023-2024\/\",\"name\":\"Es presenten els resultats finals de les beques atorgades pel COFB en la convocat\u00f2ria 2023-2024 - Col\u00b7legi de Farmac\u00e8utics de Barcelona\",\"isPartOf\":{\"@id\":\"https:\/\/www.cofb.org\/#website\"},\"primaryImageOfPage\":{\"@id\":\"https:\/\/www.cofb.org\/2025\/02\/06\/es-presenten-els-resultats-finals-de-les-beques-atorgades-pel-cofb-en-la-convocatoria-2023-2024\/#primaryimage\"},\"image\":{\"@id\":\"https:\/\/www.cofb.org\/2025\/02\/06\/es-presenten-els-resultats-finals-de-les-beques-atorgades-pel-cofb-en-la-convocatoria-2023-2024\/#primaryimage\"},\"thumbnailUrl\":\"https:\/\/www.cofb.org\/wp-content\/uploads\/2025\/02\/COFB_RESULTATS-BEQUES-I-PREMIS-2023-2024_06022025.jpg\",\"datePublished\":\"2025-02-06T16:43:39+00:00\",\"dateModified\":\"2025-02-06T16:43:40+00:00\",\"description\":\"El passat\u00a029 de gener,\u00a0el\u00a0COFB\u00a0va organitzar una sessi\u00f3 per exposar els\u00a0resultats finals dels treballs becats en la convocat\u00f2ria 2023-2024.\",\"breadcrumb\":{\"@id\":\"https:\/\/www.cofb.org\/2025\/02\/06\/es-presenten-els-resultats-finals-de-les-beques-atorgades-pel-cofb-en-la-convocatoria-2023-2024\/#breadcrumb\"},\"inLanguage\":\"es\",\"potentialAction\":[{\"@type\":\"ReadAction\",\"target\":[\"https:\/\/www.cofb.org\/2025\/02\/06\/es-presenten-els-resultats-finals-de-les-beques-atorgades-pel-cofb-en-la-convocatoria-2023-2024\/\"]}]},{\"@type\":\"ImageObject\",\"inLanguage\":\"es\",\"@id\":\"https:\/\/www.cofb.org\/2025\/02\/06\/es-presenten-els-resultats-finals-de-les-beques-atorgades-pel-cofb-en-la-convocatoria-2023-2024\/#primaryimage\",\"url\":\"https:\/\/www.cofb.org\/wp-content\/uploads\/2025\/02\/COFB_RESULTATS-BEQUES-I-PREMIS-2023-2024_06022025.jpg\",\"contentUrl\":\"https:\/\/www.cofb.org\/wp-content\/uploads\/2025\/02\/COFB_RESULTATS-BEQUES-I-PREMIS-2023-2024_06022025.jpg\",\"width\":2362,\"height\":1575,\"caption\":\"Fotografia dels investigadors dels projectes, juntament amb membres de la Junta de Govern i el Tribunal del COFB, juntament amb el deg\u00e0 de la Facultat de Farm\u00e0cia de la UB, despr\u00e9s de la resoluci\u00f3 la convocat\u00f2ria 2023-2024 de beques i premis.\"},{\"@type\":\"BreadcrumbList\",\"@id\":\"https:\/\/www.cofb.org\/2025\/02\/06\/es-presenten-els-resultats-finals-de-les-beques-atorgades-pel-cofb-en-la-convocatoria-2023-2024\/#breadcrumb\",\"itemListElement\":[{\"@type\":\"ListItem\",\"position\":1,\"name\":\"Inici\",\"item\":\"https:\/\/novaorg.cofb.net\/\"},{\"@type\":\"ListItem\",\"position\":2,\"name\":\"Es presenten els resultats finals de les beques atorgades pel COFB en la convocat\u00f2ria 2023-2024\"}]},{\"@type\":\"WebSite\",\"@id\":\"https:\/\/www.cofb.org\/#website\",\"url\":\"https:\/\/www.cofb.org\/\",\"name\":\"Col\u00b7legi de Farmac\u00e8utics de Barcelona\",\"description\":\"\",\"publisher\":{\"@id\":\"https:\/\/www.cofb.org\/#organization\"},\"potentialAction\":[{\"@type\":\"SearchAction\",\"target\":{\"@type\":\"EntryPoint\",\"urlTemplate\":\"https:\/\/www.cofb.org\/?s={search_term_string}\"},\"query-input\":\"required name=search_term_string\"}],\"inLanguage\":\"es\"},{\"@type\":\"Organization\",\"@id\":\"https:\/\/www.cofb.org\/#organization\",\"name\":\"Col\u00b7legi de Farmac\u00e8utics de Barcelona\",\"url\":\"https:\/\/www.cofb.org\/\",\"logo\":{\"@type\":\"ImageObject\",\"inLanguage\":\"es\",\"@id\":\"https:\/\/www.cofb.org\/#\/schema\/logo\/image\/\",\"url\":\"https:\/\/www.cofb.org\/wp-content\/uploads\/2023\/11\/cropped-Logotip-COFB.png\",\"contentUrl\":\"https:\/\/www.cofb.org\/wp-content\/uploads\/2023\/11\/cropped-Logotip-COFB.png\",\"width\":500,\"height\":105,\"caption\":\"Col\u00b7legi de Farmac\u00e8utics de Barcelona\"},\"image\":{\"@id\":\"https:\/\/www.cofb.org\/#\/schema\/logo\/image\/\"},\"sameAs\":[\"https:\/\/www.facebook.com\/farmaceuticsbcn\/\",\"https:\/\/twitter.com\/farmaceuticsbcn\",\"https:\/\/www.instagram.com\/farmaceuticsbcn\/\",\"https:\/\/www.linkedin.com\/company\/farmaceuticsbcn\/\"]},{\"@type\":\"Person\",\"@id\":\"https:\/\/www.cofb.org\/#\/schema\/person\/f32de3b41b812c85ff923cb4cc849063\",\"name\":\"Berta Mart\u00ednez\",\"image\":{\"@type\":\"ImageObject\",\"inLanguage\":\"es\",\"@id\":\"https:\/\/www.cofb.org\/#\/schema\/person\/image\/\",\"url\":\"https:\/\/secure.gravatar.com\/avatar\/d4c584dab5da1ee9e3c3df161c0aabec7075cc8211cd46ffc79bfe177aa78b01?s=96&d=mm&r=g\",\"contentUrl\":\"https:\/\/secure.gravatar.com\/avatar\/d4c584dab5da1ee9e3c3df161c0aabec7075cc8211cd46ffc79bfe177aa78b01?s=96&d=mm&r=g\",\"caption\":\"Berta Mart\u00ednez\"},\"url\":\"https:\/\/www.cofb.org\/es\/author\/bmartinez\/\"}]}<\/script>\n<!-- \/ Yoast SEO plugin. -->","yoast_head_json":{"title":"Es presenten els resultats finals de les beques atorgades pel COFB en la convocat\u00f2ria 2023-2024 - Col\u00b7legi de Farmac\u00e8utics de Barcelona","description":"El passat\u00a029 de gener,\u00a0el\u00a0COFB\u00a0va organitzar una sessi\u00f3 per exposar els\u00a0resultats finals dels treballs becats en la convocat\u00f2ria 2023-2024.","robots":{"index":"index","follow":"follow","max-snippet":"max-snippet:-1","max-image-preview":"max-image-preview:large","max-video-preview":"max-video-preview:-1"},"canonical":"https:\/\/www.cofb.org\/es\/2025\/02\/06\/es-presenten-els-resultats-finals-de-les-beques-atorgades-pel-cofb-en-la-convocatoria-2023-2024\/","og_locale":"es_ES","og_type":"article","og_title":"Es presenten els resultats finals de les beques atorgades pel COFB en la convocat\u00f2ria 2023-2024 - Col\u00b7legi de Farmac\u00e8utics de Barcelona","og_description":"El passat\u00a029 de gener,\u00a0el\u00a0COFB\u00a0va organitzar una sessi\u00f3 per exposar els\u00a0resultats finals dels treballs becats en la convocat\u00f2ria 2023-2024.","og_url":"https:\/\/www.cofb.org\/es\/2025\/02\/06\/es-presenten-els-resultats-finals-de-les-beques-atorgades-pel-cofb-en-la-convocatoria-2023-2024\/","og_site_name":"Col\u00b7legi de Farmac\u00e8utics de Barcelona","article_publisher":"https:\/\/www.facebook.com\/farmaceuticsbcn\/","article_published_time":"2025-02-06T16:43:39+00:00","article_modified_time":"2025-02-06T16:43:40+00:00","og_image":[{"width":2362,"height":1575,"url":"https:\/\/www.cofb.org\/wp-content\/uploads\/2025\/02\/COFB_RESULTATS-BEQUES-I-PREMIS-2023-2024_06022025.jpg","type":"image\/jpeg"}],"author":"Berta Mart\u00ednez","twitter_card":"summary_large_image","twitter_creator":"@farmaceuticsbcn","twitter_site":"@farmaceuticsbcn","twitter_misc":{"Escrito por":"Berta Mart\u00ednez","Tiempo de lectura":"4 minutos"},"schema":{"@context":"https:\/\/schema.org","@graph":[{"@type":"Article","@id":"https:\/\/www.cofb.org\/2025\/02\/06\/es-presenten-els-resultats-finals-de-les-beques-atorgades-pel-cofb-en-la-convocatoria-2023-2024\/#article","isPartOf":{"@id":"https:\/\/www.cofb.org\/2025\/02\/06\/es-presenten-els-resultats-finals-de-les-beques-atorgades-pel-cofb-en-la-convocatoria-2023-2024\/"},"author":{"name":"Berta Mart\u00ednez","@id":"https:\/\/www.cofb.org\/#\/schema\/person\/f32de3b41b812c85ff923cb4cc849063"},"headline":"Es presenten els resultats finals de les beques atorgades pel COFB en la convocat\u00f2ria 2023-2024","datePublished":"2025-02-06T16:43:39+00:00","dateModified":"2025-02-06T16:43:40+00:00","mainEntityOfPage":{"@id":"https:\/\/www.cofb.org\/2025\/02\/06\/es-presenten-els-resultats-finals-de-les-beques-atorgades-pel-cofb-en-la-convocatoria-2023-2024\/"},"wordCount":633,"publisher":{"@id":"https:\/\/www.cofb.org\/#organization"},"image":{"@id":"https:\/\/www.cofb.org\/2025\/02\/06\/es-presenten-els-resultats-finals-de-les-beques-atorgades-pel-cofb-en-la-convocatoria-2023-2024\/#primaryimage"},"thumbnailUrl":"https:\/\/www.cofb.org\/wp-content\/uploads\/2025\/02\/COFB_RESULTATS-BEQUES-I-PREMIS-2023-2024_06022025.jpg","keywords":["beques","Beques COFB","Beques col\u00b7legials","COFB","Col\u00b7legi de Farmac\u00e8utics de Barcelona","colesterol","convocat\u00f2ria 2023-2024","diabetis","hiperalfalipoprote\u00efn\u00e8mia","Investigaci\u00f3","malaltia cardiovascular","perfil lip\u00eddic","projecte","tractament"],"articleSection":["Destacats","M\u00f3n col\u00b7legial"],"inLanguage":"es"},{"@type":"WebPage","@id":"https:\/\/www.cofb.org\/2025\/02\/06\/es-presenten-els-resultats-finals-de-les-beques-atorgades-pel-cofb-en-la-convocatoria-2023-2024\/","url":"https:\/\/www.cofb.org\/2025\/02\/06\/es-presenten-els-resultats-finals-de-les-beques-atorgades-pel-cofb-en-la-convocatoria-2023-2024\/","name":"Es presenten els resultats finals de les beques atorgades pel COFB en la convocat\u00f2ria 2023-2024 - Col\u00b7legi de Farmac\u00e8utics de Barcelona","isPartOf":{"@id":"https:\/\/www.cofb.org\/#website"},"primaryImageOfPage":{"@id":"https:\/\/www.cofb.org\/2025\/02\/06\/es-presenten-els-resultats-finals-de-les-beques-atorgades-pel-cofb-en-la-convocatoria-2023-2024\/#primaryimage"},"image":{"@id":"https:\/\/www.cofb.org\/2025\/02\/06\/es-presenten-els-resultats-finals-de-les-beques-atorgades-pel-cofb-en-la-convocatoria-2023-2024\/#primaryimage"},"thumbnailUrl":"https:\/\/www.cofb.org\/wp-content\/uploads\/2025\/02\/COFB_RESULTATS-BEQUES-I-PREMIS-2023-2024_06022025.jpg","datePublished":"2025-02-06T16:43:39+00:00","dateModified":"2025-02-06T16:43:40+00:00","description":"El passat\u00a029 de gener,\u00a0el\u00a0COFB\u00a0va organitzar una sessi\u00f3 per exposar els\u00a0resultats finals dels treballs becats en la convocat\u00f2ria 2023-2024.","breadcrumb":{"@id":"https:\/\/www.cofb.org\/2025\/02\/06\/es-presenten-els-resultats-finals-de-les-beques-atorgades-pel-cofb-en-la-convocatoria-2023-2024\/#breadcrumb"},"inLanguage":"es","potentialAction":[{"@type":"ReadAction","target":["https:\/\/www.cofb.org\/2025\/02\/06\/es-presenten-els-resultats-finals-de-les-beques-atorgades-pel-cofb-en-la-convocatoria-2023-2024\/"]}]},{"@type":"ImageObject","inLanguage":"es","@id":"https:\/\/www.cofb.org\/2025\/02\/06\/es-presenten-els-resultats-finals-de-les-beques-atorgades-pel-cofb-en-la-convocatoria-2023-2024\/#primaryimage","url":"https:\/\/www.cofb.org\/wp-content\/uploads\/2025\/02\/COFB_RESULTATS-BEQUES-I-PREMIS-2023-2024_06022025.jpg","contentUrl":"https:\/\/www.cofb.org\/wp-content\/uploads\/2025\/02\/COFB_RESULTATS-BEQUES-I-PREMIS-2023-2024_06022025.jpg","width":2362,"height":1575,"caption":"Fotografia dels investigadors dels projectes, juntament amb membres de la Junta de Govern i el Tribunal del COFB, juntament amb el deg\u00e0 de la Facultat de Farm\u00e0cia de la UB, despr\u00e9s de la resoluci\u00f3 la convocat\u00f2ria 2023-2024 de beques i premis."},{"@type":"BreadcrumbList","@id":"https:\/\/www.cofb.org\/2025\/02\/06\/es-presenten-els-resultats-finals-de-les-beques-atorgades-pel-cofb-en-la-convocatoria-2023-2024\/#breadcrumb","itemListElement":[{"@type":"ListItem","position":1,"name":"Inici","item":"https:\/\/novaorg.cofb.net\/"},{"@type":"ListItem","position":2,"name":"Es presenten els resultats finals de les beques atorgades pel COFB en la convocat\u00f2ria 2023-2024"}]},{"@type":"WebSite","@id":"https:\/\/www.cofb.org\/#website","url":"https:\/\/www.cofb.org\/","name":"Col\u00b7legi de Farmac\u00e8utics de Barcelona","description":"","publisher":{"@id":"https:\/\/www.cofb.org\/#organization"},"potentialAction":[{"@type":"SearchAction","target":{"@type":"EntryPoint","urlTemplate":"https:\/\/www.cofb.org\/?s={search_term_string}"},"query-input":"required name=search_term_string"}],"inLanguage":"es"},{"@type":"Organization","@id":"https:\/\/www.cofb.org\/#organization","name":"Col\u00b7legi de Farmac\u00e8utics de Barcelona","url":"https:\/\/www.cofb.org\/","logo":{"@type":"ImageObject","inLanguage":"es","@id":"https:\/\/www.cofb.org\/#\/schema\/logo\/image\/","url":"https:\/\/www.cofb.org\/wp-content\/uploads\/2023\/11\/cropped-Logotip-COFB.png","contentUrl":"https:\/\/www.cofb.org\/wp-content\/uploads\/2023\/11\/cropped-Logotip-COFB.png","width":500,"height":105,"caption":"Col\u00b7legi de Farmac\u00e8utics de Barcelona"},"image":{"@id":"https:\/\/www.cofb.org\/#\/schema\/logo\/image\/"},"sameAs":["https:\/\/www.facebook.com\/farmaceuticsbcn\/","https:\/\/twitter.com\/farmaceuticsbcn","https:\/\/www.instagram.com\/farmaceuticsbcn\/","https:\/\/www.linkedin.com\/company\/farmaceuticsbcn\/"]},{"@type":"Person","@id":"https:\/\/www.cofb.org\/#\/schema\/person\/f32de3b41b812c85ff923cb4cc849063","name":"Berta Mart\u00ednez","image":{"@type":"ImageObject","inLanguage":"es","@id":"https:\/\/www.cofb.org\/#\/schema\/person\/image\/","url":"https:\/\/secure.gravatar.com\/avatar\/d4c584dab5da1ee9e3c3df161c0aabec7075cc8211cd46ffc79bfe177aa78b01?s=96&d=mm&r=g","contentUrl":"https:\/\/secure.gravatar.com\/avatar\/d4c584dab5da1ee9e3c3df161c0aabec7075cc8211cd46ffc79bfe177aa78b01?s=96&d=mm&r=g","caption":"Berta Mart\u00ednez"},"url":"https:\/\/www.cofb.org\/es\/author\/bmartinez\/"}]}},"uagb_featured_image_src":{"full":["https:\/\/www.cofb.org\/wp-content\/uploads\/2025\/02\/COFB_RESULTATS-BEQUES-I-PREMIS-2023-2024_06022025.jpg",2362,1575,false],"thumbnail":["https:\/\/www.cofb.org\/wp-content\/uploads\/2025\/02\/COFB_RESULTATS-BEQUES-I-PREMIS-2023-2024_06022025-150x150.jpg",150,150,true],"medium":["https:\/\/www.cofb.org\/wp-content\/uploads\/2025\/02\/COFB_RESULTATS-BEQUES-I-PREMIS-2023-2024_06022025-300x200.jpg",300,200,true],"medium_large":["https:\/\/www.cofb.org\/wp-content\/uploads\/2025\/02\/COFB_RESULTATS-BEQUES-I-PREMIS-2023-2024_06022025-768x512.jpg",768,512,true],"large":["https:\/\/www.cofb.org\/wp-content\/uploads\/2025\/02\/COFB_RESULTATS-BEQUES-I-PREMIS-2023-2024_06022025-1024x683.jpg",1024,683,true],"1536x1536":["https:\/\/www.cofb.org\/wp-content\/uploads\/2025\/02\/COFB_RESULTATS-BEQUES-I-PREMIS-2023-2024_06022025-1536x1024.jpg",1536,1024,true],"2048x2048":["https:\/\/www.cofb.org\/wp-content\/uploads\/2025\/02\/COFB_RESULTATS-BEQUES-I-PREMIS-2023-2024_06022025-2048x1366.jpg",2048,1366,true],"trp-custom-language-flag":["https:\/\/www.cofb.org\/wp-content\/uploads\/2025\/02\/COFB_RESULTATS-BEQUES-I-PREMIS-2023-2024_06022025-18x12.jpg",18,12,true]},"uagb_author_info":{"display_name":"Berta Mart\u00ednez","author_link":"https:\/\/www.cofb.org\/es\/author\/bmartinez\/"},"uagb_comment_info":0,"uagb_excerpt":"El passat\u00a029 de gener,\u00a0el\u00a0Col\u00b7legi de Farmac\u00e8utics de Barcelona (COFB)\u00a0va organitzar una sessi\u00f3 per exposar els\u00a0resultats finals dels treballs becats pel COFB en la convocat\u00f2ria 2023-2024. L\u2019acte va comptar amb la participaci\u00f3 del president de Col\u00b7legi de Farmac\u00e8utics de Barcelona,\u00a0Jordi Casas; el deg\u00e0 de la Facultat de Farm\u00e0cia de la Universitat [&hellip;]","_links":{"self":[{"href":"https:\/\/www.cofb.org\/es\/wp-json\/wp\/v2\/posts\/80727","targetHints":{"allow":["GET"]}}],"collection":[{"href":"https:\/\/www.cofb.org\/es\/wp-json\/wp\/v2\/posts"}],"about":[{"href":"https:\/\/www.cofb.org\/es\/wp-json\/wp\/v2\/types\/post"}],"author":[{"embeddable":true,"href":"https:\/\/www.cofb.org\/es\/wp-json\/wp\/v2\/users\/3"}],"replies":[{"embeddable":true,"href":"https:\/\/www.cofb.org\/es\/wp-json\/wp\/v2\/comments?post=80727"}],"version-history":[{"count":9,"href":"https:\/\/www.cofb.org\/es\/wp-json\/wp\/v2\/posts\/80727\/revisions"}],"predecessor-version":[{"id":80742,"href":"https:\/\/www.cofb.org\/es\/wp-json\/wp\/v2\/posts\/80727\/revisions\/80742"}],"wp:featuredmedia":[{"embeddable":true,"href":"https:\/\/www.cofb.org\/es\/wp-json\/wp\/v2\/media\/80734"}],"wp:attachment":[{"href":"https:\/\/www.cofb.org\/es\/wp-json\/wp\/v2\/media?parent=80727"}],"wp:term":[{"taxonomy":"category","embeddable":true,"href":"https:\/\/www.cofb.org\/es\/wp-json\/wp\/v2\/categories?post=80727"},{"taxonomy":"post_tag","embeddable":true,"href":"https:\/\/www.cofb.org\/es\/wp-json\/wp\/v2\/tags?post=80727"}],"curies":[{"name":"wp","href":"https:\/\/api.w.org\/{rel}","templated":true}]}}