{"id":80683,"date":"2025-02-04T12:30:24","date_gmt":"2025-02-04T12:30:24","guid":{"rendered":"https:\/\/www.cofb.org\/?p=80683"},"modified":"2025-02-04T12:35:04","modified_gmt":"2025-02-04T12:35:04","slug":"lavenc-imparable-cap-a-una-farmacia-digital-i-assistencial","status":"publish","type":"post","link":"https:\/\/www.cofb.org\/es\/2025\/02\/04\/lavenc-imparable-cap-a-una-farmacia-digital-i-assistencial\/","title":{"rendered":"El avance imparable hacia una farmacia digital y asistencial"},"content":{"rendered":"<p><\/p>\n\n\n\n<h4 class=\"wp-block-heading\"><strong>Art\u00edculo de Jordi Casas, presidente del Colegio de Farmac\u00e9uticos de Barcelona (COFB)<\/strong><\/h4>\n\n\n\n<div class=\"destacat-blog\">\n\n\n\n<blockquote class=\"wp-block-quote is-layout-flow wp-block-quote-is-layout-flow\">\n<p><strong>&quot;El a\u00f1o 2025 promete ser un a\u00f1o donde el avance hacia una farmacia plenamente digital y asistencial definir\u00e1 el futuro de los pr\u00f3ximos a\u00f1os, sin dejar de lado lo que siempre nos ha caracterizado: el compromiso con la salud de las personas&quot;.<\/strong><\/p>\n<\/blockquote>\n\n\n\n<\/div>\n\n\n\n<p>La profesi\u00f3n farmac\u00e9utica encara en 2025 con una fuerte determinaci\u00f3n hacia la completa digitalizaci\u00f3n del sector y la consolidaci\u00f3n de la atenci\u00f3n farmac\u00e9utica comunitaria en el sistema de salud, al tiempo que se han puesto de relieve problemas persistentes como <strong>la escasez de medicamentos y la necesidad de una mayor accesibilidad a los tratamientos<\/strong>, retos a los que ser\u00e1 imprescindible hacer frente durante el nuevo a\u00f1o.<\/p>\n\n\n\n<p><br>Los proyectos digitales que impulsamos supondr\u00e1n una <strong>mejora en la atenci\u00f3n farmac\u00e9utica comunitaria<\/strong>, mejorando la eficiencia y la experiencia tanto del farmac\u00e9utico\/a comunitario\/a como del usuario\/a. En este sentido, el proyecto de digitalizaci\u00f3n de los procesos de gesti\u00f3n y control del libro recetario oficial, el libro recetario de estupefacientes y los vales de estupefacientes, se implementar\u00e1 en la mayor\u00eda de farmacias a principios de a\u00f1o y en su totalidad para finales de a\u00f1o.<\/p>\n\n\n\n<figure class=\"wp-block-image size-full is-resized\"><a href=\"https:\/\/www.cofb.org\/wp-content\/uploads\/2025\/02\/COFB_RECURS-FARMACIA-GETTY-IMAGES_04022025.jpg\" target=\"_blank\" rel=\"noreferrer noopener\"><img fetchpriority=\"high\" decoding=\"async\" width=\"724\" height=\"483\" src=\"https:\/\/www.cofb.org\/wp-content\/uploads\/2025\/02\/COFB_RECURS-FARMACIA-GETTY-IMAGES_04022025.jpg\" alt=\"\" class=\"wp-image-80684\" style=\"width:1269px;height:auto\" srcset=\"https:\/\/www.cofb.org\/wp-content\/uploads\/2025\/02\/COFB_RECURS-FARMACIA-GETTY-IMAGES_04022025.jpg 724w, https:\/\/www.cofb.org\/wp-content\/uploads\/2025\/02\/COFB_RECURS-FARMACIA-GETTY-IMAGES_04022025-300x200.jpg 300w, https:\/\/www.cofb.org\/wp-content\/uploads\/2025\/02\/COFB_RECURS-FARMACIA-GETTY-IMAGES_04022025-18x12.jpg 18w\" sizes=\"(max-width: 724px) 100vw, 724px\" \/><\/a><\/figure>\n\n\n\n<p><br>Tambi\u00e9n tenemos previsto poner en marcha la app <strong>\u201cMi Farmacia\u201d<\/strong>, una aplicaci\u00f3n de alcance universal para toda la poblaci\u00f3n catalana, que permitir\u00e1 acceder a los datos cl\u00ednicos registrados en la farmacia. De esta forma, todos los par\u00e1metros de salud registrados en Farmaserveis aparecer\u00e1n tambi\u00e9n en esta app para que el propio usuario pueda tener acceso y compartirlos con otros profesionales sanitarios que intervengan en su control terap\u00e9utico.<\/p>\n\n\n\n<p><br>En esta l\u00ednea, hemos firmado un <strong>acuerdo con el CatSalut&nbsp;<\/strong>para mostrar las dispensaciones de los pacientes a trav\u00e9s de la citada app, convirti\u00e9ndola en la herramienta digital de referencia de la actividad profesional en las farmacias catalanas. Asimismo, despu\u00e9s de la finalizaci\u00f3n del per\u00edodo de estabilizaci\u00f3n del&nbsp;<strong>SEVEM&nbsp;<\/strong>durante este a\u00f1o, prevemos iniciar una prueba piloto para la facturaci\u00f3n sin la presentaci\u00f3n del <strong>cup\u00f3n precinto<\/strong>. Este proyecto estrat\u00e9gico supondr\u00e1 un gran avance tanto en digitalizaci\u00f3n como en eficiencia en el d\u00eda a d\u00eda de la farmacia comunitaria, mejorando as\u00ed la trazabilidad de los medicamentos, reduciendo el impacto medioambiental y simplificando procesos.<\/p>\n\n\n\n<p><br>Y, sin duda, uno de los proyectos m\u00e1s apasionantes en el \u00e1mbito digital ser\u00e1 la puesta en marcha <strong>de herramientas de inteligencia artificial (IA)<\/strong>, destinadas tanto para el uso externo en la farmacia como interno para la organizaci\u00f3n, que simplificar\u00e1n y agilizar\u00e1n los procesos de trabajo diarios.<\/p>\n\n\n\n<p><br>Por otro lado, en 2024 hemos consolidado el despliegue de la atenci\u00f3n farmac\u00e9utica comunitaria en el sistema p\u00fablico de salud. Cabe destacar especialmente la participaci\u00f3n de la farmacia comunitaria en la <strong>campa\u00f1a de vacunaci\u00f3n contra la gripe y la COVID-19 <\/strong>para promover e incentivar, mediante la intervenci\u00f3n farmac\u00e9utica, protocolizada y registrada, la vacunaci\u00f3n entre las personas mayores de 60 a\u00f1os.<\/p>\n\n\n\n<p><br>En el \u00e1mbito de la <strong>prevenci\u00f3n de la dolencia<\/strong>, este a\u00f1o hemos continuado avanzando en la puesta en marcha del <strong>Programa de Detecci\u00f3n Precoz de C\u00e1ncer de Cuello de \u00datero <\/strong>en el territorio, pasando de un cribado oportunista a uno de tipos poblacional. Durante el a\u00f1o 2025 se ampliar\u00e1 a nuevos municipios y, de este modo, mediante un despliegue progresivo, esperamos llegar a toda Catalu\u00f1a en 2029.<\/p>\n\n\n\n<p><br>Y otro de los proyectos m\u00e1s se\u00f1alados de este a\u00f1o ha sido la<strong> iniciativa \u201cMi regla, mis reglas\u201d<\/strong>, que ha tenido muy buena acogida entre la ciudadan\u00eda: cerca de medio mill\u00f3n de mujeres y personas menstruantes se han desplazado a las m\u00e1s de 3.200 farmacias comunitarias de Catalu\u00f1a para recibir asesoramiento especializado en salud sexual y reproductiva y obtener el producto menstrual reutilizable.<\/p>\n\n\n\n<p><br>En relaci\u00f3n con la dispensaci\u00f3n de <strong>Medicaci\u00f3n Hospitalaria de Dispensaci\u00f3n Ambulatoria (MHDA)<\/strong>, un proyecto en el que fuimos pioneros y que implica tanto farmacia hospitalaria, comunitaria como distribuci\u00f3n, hemos puesto en marcha un nuevo circuito que cuenta con la inclusi\u00f3n de nuevos hospitales. Cabe destacar que este proyecto ha sido objeto de un estudio, publicado en la revista cient\u00edfica&nbsp;<em>Frontiers en Public Health<\/em>, en el que se se\u00f1alaba la satisfacci\u00f3n de los usuarios con la recogida de la MHDA en las farmacias comunitarias.<br><br><\/p>\n\n\n\n<p>Fruto de estas iniciativas, no son sorprendentes los resultados de<strong> la encuesta realizada por el CIS<\/strong>, que reafirman la buena percepci\u00f3n de los ciudadanos sobre la red de farmacias comunitarias como el servicio sanitario m\u00e1s accesible y mejor valorado por la poblaci\u00f3n.<\/p>\n\n\n\n<p><br>Ahora bien, tampoco podemos obviar los desaf\u00edos significativos que requieren especial atenci\u00f3n. En este sentido, ser\u00e1 imprescindible dar respuesta a los <strong>problemas de suministro de medicamentos<\/strong>, gestionar la adopci\u00f3n de la <strong>innovaci\u00f3n farmacoterap\u00e9utica <\/strong>y el<strong> fomento de pr\u00e1cticas m\u00e1s sostenibles <\/strong>en el sector para reducir el impacto medioambiental. Cabe destacar la campa\u00f1a &quot;Yo te ayudo a respirar, t\u00fa me ayudas a reciclar&quot;, que potencia un buen uso y reciclaje de los inhaladores.<\/p>\n\n\n\n<p><br>Por \u00faltimo, el a\u00f1o entrante estar\u00e1 marcado por una cita clave:<strong>&nbsp;Infarma Barcelona 2025<\/strong>, que tendr\u00e1 lugar los d\u00edas 25, 26 y 27 de marzo. Esta 35 edici\u00f3n se presenta como la edici\u00f3n m\u00e1s innovadora, donde se compartir\u00e1n las \u00faltimas tendencias del sector y los avances m\u00e1s destacados que mejorar\u00e1n el d\u00eda a d\u00eda de la farmacia. En definitiva, el a\u00f1o 2025 promete ser un a\u00f1o en el que el avance hacia una farmacia plenamente digital y asistencial definir\u00e1 el futuro de los pr\u00f3ximos a\u00f1os, sin dejar de lado lo que siempre nos ha caracterizado: el compromiso con la salud de las personas.<\/p>\n\n\n\n<p>Art\u00edculo originalmente en <strong><a href=\"https:\/\/elglobalfarma.com\/mas\/jordi-casas-cofb-farmacia-anuario-medicamento\/\" target=\"_blank\" rel=\"noreferrer noopener\">&quot;Anuario de la Sanidad y el Medicamento 2025: los actores m\u00e1s destacados del sector marcan las tendencias del a\u00f1o&quot; <\/a>de El Globalfarma<\/strong>, el 4 de febrero de 2025.<\/p>","protected":false},"excerpt":{"rendered":"<p>Art\u00edculo de Jordi Casas, presidente del Colegio de Farmac\u00e9uticos de Barcelona (COFB) \u201cEn 2025 promete ser un a\u00f1o donde el avance hacia una farmacia plenamente digital y asistencial definir\u00e1 el futuro de los pr\u00f3ximos a\u00f1os, sin dejar de lado lo que siempre nos ha caracterizado: el compromiso con la salud de [\u2026]<\/p>","protected":false},"author":3,"featured_media":80684,"comment_status":"closed","ping_status":"closed","sticky":false,"template":"","format":"standard","meta":{"_uag_custom_page_level_css":"","site-sidebar-layout":"default","site-content-layout":"","ast-site-content-layout":"default","site-content-style":"default","site-sidebar-style":"default","ast-global-header-display":"","ast-banner-title-visibility":"","ast-main-header-display":"","ast-hfb-above-header-display":"","ast-hfb-below-header-display":"","ast-hfb-mobile-header-display":"","site-post-title":"","ast-breadcrumbs-content":"","ast-featured-img":"disabled","footer-sml-layout":"","theme-transparent-header-meta":"","adv-header-id-meta":"","stick-header-meta":"","header-above-stick-meta":"","header-main-stick-meta":"","header-below-stick-meta":"","astra-migrate-meta-layouts":"set","ast-page-background-enabled":"default","ast-page-background-meta":{"desktop":{"background-color":"var(--ast-global-color-4)","background-image":"","background-repeat":"repeat","background-position":"center center","background-size":"auto","background-attachment":"scroll","background-type":"","background-media":"","overlay-type":"","overlay-color":"","overlay-opacity":"","overlay-gradient":""},"tablet":{"background-color":"","background-image":"","background-repeat":"repeat","background-position":"center center","background-size":"auto","background-attachment":"scroll","background-type":"","background-media":"","overlay-type":"","overlay-color":"","overlay-opacity":"","overlay-gradient":""},"mobile":{"background-color":"","background-image":"","background-repeat":"repeat","background-position":"center center","background-size":"auto","background-attachment":"scroll","background-type":"","background-media":"","overlay-type":"","overlay-color":"","overlay-opacity":"","overlay-gradient":""}},"ast-content-background-meta":{"desktop":{"background-color":"var(--ast-global-color-5)","background-image":"","background-repeat":"repeat","background-position":"center center","background-size":"auto","background-attachment":"scroll","background-type":"","background-media":"","overlay-type":"","overlay-color":"","overlay-opacity":"","overlay-gradient":""},"tablet":{"background-color":"var(--ast-global-color-5)","background-image":"","background-repeat":"repeat","background-position":"center center","background-size":"auto","background-attachment":"scroll","background-type":"","background-media":"","overlay-type":"","overlay-color":"","overlay-opacity":"","overlay-gradient":""},"mobile":{"background-color":"var(--ast-global-color-5)","background-image":"","background-repeat":"repeat","background-position":"center center","background-size":"auto","background-attachment":"scroll","background-type":"","background-media":"","overlay-type":"","overlay-color":"","overlay-opacity":"","overlay-gradient":""}},"footnotes":""},"categories":[23,489],"tags":[64,399,5233,18,19,90,5239,53,68,69,964,4831,28,5047,4832,4718,406,229,76,5240,837],"class_list":["post-80683","post","type-post","status-publish","format-standard","has-post-thumbnail","hentry","category-destacats","category-opinions-del-collegi","tag-atencio-farmaceutica","tag-catsalut","tag-cis","tag-cofb","tag-collegi-de-farmaceutics-de-barcelona","tag-covid-19","tag-cupo-precinte","tag-farmaceutics","tag-farmacia","tag-farmacia-comunitaria","tag-grip","tag-ia","tag-infarma","tag-infarma-barcelona-2025","tag-intelligencia-artificial","tag-la-meva-farmacia","tag-medicacio-hospitalaria-de-dispensacio-ambulatoria","tag-mhda","tag-oficina-de-farmacia","tag-programa-de-deteccio-precoc-de-cancer-de-collu-duter","tag-sevem"],"yoast_head":"<!-- This site is optimized with the Yoast SEO plugin v22.4 - https:\/\/yoast.com\/wordpress\/plugins\/seo\/ -->\n<title>L&#039;aven\u00e7 imparable cap a una farm\u00e0cia digital i assistencial - Col\u00b7legi de Farmac\u00e8utics de Barcelona<\/title>\n<meta name=\"description\" content=\"La professi\u00f3 encara el 2025 amb una forta determinaci\u00f3 cap a la digitalitzaci\u00f3 del sector i la consolidaci\u00f3 de l&#039;atenci\u00f3 farmac\u00e8utica\" \/>\n<meta name=\"robots\" content=\"index, follow, max-snippet:-1, max-image-preview:large, max-video-preview:-1\" \/>\n<link rel=\"canonical\" href=\"https:\/\/www.cofb.org\/es\/2025\/02\/04\/lavenc-imparable-cap-a-una-farmacia-digital-i-assistencial\/\" \/>\n<meta property=\"og:locale\" content=\"es_ES\" \/>\n<meta property=\"og:type\" content=\"article\" \/>\n<meta property=\"og:title\" content=\"L&#039;aven\u00e7 imparable cap a una farm\u00e0cia digital i assistencial - Col\u00b7legi de Farmac\u00e8utics de Barcelona\" \/>\n<meta property=\"og:description\" content=\"La professi\u00f3 encara el 2025 amb una forta determinaci\u00f3 cap a la digitalitzaci\u00f3 del sector i la consolidaci\u00f3 de l&#039;atenci\u00f3 farmac\u00e8utica\" \/>\n<meta property=\"og:url\" content=\"https:\/\/www.cofb.org\/es\/2025\/02\/04\/lavenc-imparable-cap-a-una-farmacia-digital-i-assistencial\/\" \/>\n<meta property=\"og:site_name\" content=\"Col\u00b7legi de Farmac\u00e8utics de Barcelona\" \/>\n<meta property=\"article:publisher\" content=\"https:\/\/www.facebook.com\/farmaceuticsbcn\/\" \/>\n<meta property=\"article:published_time\" content=\"2025-02-04T12:30:24+00:00\" \/>\n<meta property=\"article:modified_time\" content=\"2025-02-04T12:35:04+00:00\" \/>\n<meta property=\"og:image\" content=\"https:\/\/www.cofb.org\/wp-content\/uploads\/2025\/02\/COFB_RECURS-FARMACIA-GETTY-IMAGES_04022025.jpg\" \/>\n\t<meta property=\"og:image:width\" content=\"724\" \/>\n\t<meta property=\"og:image:height\" content=\"483\" \/>\n\t<meta property=\"og:image:type\" content=\"image\/jpeg\" \/>\n<meta name=\"author\" content=\"Berta Mart\u00ednez\" \/>\n<meta name=\"twitter:card\" content=\"summary_large_image\" \/>\n<meta name=\"twitter:creator\" content=\"@farmaceuticsbcn\" \/>\n<meta name=\"twitter:site\" content=\"@farmaceuticsbcn\" \/>\n<meta name=\"twitter:label1\" content=\"Escrito por\" \/>\n\t<meta name=\"twitter:data1\" content=\"Berta Mart\u00ednez\" \/>\n\t<meta name=\"twitter:label2\" content=\"Tiempo de lectura\" \/>\n\t<meta name=\"twitter:data2\" content=\"5 minutos\" \/>\n<script type=\"application\/ld+json\" class=\"yoast-schema-graph\">{\"@context\":\"https:\/\/schema.org\",\"@graph\":[{\"@type\":\"Article\",\"@id\":\"https:\/\/www.cofb.org\/2025\/02\/04\/lavenc-imparable-cap-a-una-farmacia-digital-i-assistencial\/#article\",\"isPartOf\":{\"@id\":\"https:\/\/www.cofb.org\/2025\/02\/04\/lavenc-imparable-cap-a-una-farmacia-digital-i-assistencial\/\"},\"author\":{\"name\":\"Berta Mart\u00ednez\",\"@id\":\"https:\/\/www.cofb.org\/#\/schema\/person\/f32de3b41b812c85ff923cb4cc849063\"},\"headline\":\"L&#8217;aven\u00e7 imparable cap a una farm\u00e0cia digital i assistencial\",\"datePublished\":\"2025-02-04T12:30:24+00:00\",\"dateModified\":\"2025-02-04T12:35:04+00:00\",\"mainEntityOfPage\":{\"@id\":\"https:\/\/www.cofb.org\/2025\/02\/04\/lavenc-imparable-cap-a-una-farmacia-digital-i-assistencial\/\"},\"wordCount\":1031,\"publisher\":{\"@id\":\"https:\/\/www.cofb.org\/#organization\"},\"image\":{\"@id\":\"https:\/\/www.cofb.org\/2025\/02\/04\/lavenc-imparable-cap-a-una-farmacia-digital-i-assistencial\/#primaryimage\"},\"thumbnailUrl\":\"https:\/\/www.cofb.org\/wp-content\/uploads\/2025\/02\/COFB_RECURS-FARMACIA-GETTY-IMAGES_04022025.jpg\",\"keywords\":[\"Atenci\u00f3 farmac\u00e8utica\",\"catSalut\",\"CIS\",\"COFB\",\"Col\u00b7legi de Farmac\u00e8utics de Barcelona\",\"COVID-19\",\"cup\u00f3 precinte\",\"farmac\u00e8utics\",\"Farm\u00e0cia\",\"farm\u00e0cia comunit\u00e0ria\",\"Grip\",\"IA\",\"Infarma\",\"Infarma Barcelona 2025\",\"Intel\u00b7lig\u00e8ncia artificial\",\"La Meva Farm\u00e0cia\",\"medicaci\u00f3 hospital\u00e0ria de dispensaci\u00f3 ambulat\u00f2ria\",\"MHDA\",\"Oficina de farm\u00e0cia\",\"Programa de Detecci\u00f3 Preco\u00e7 de C\u00e0ncer de Collu d'\u00dater\",\"SEVeM\"],\"articleSection\":[\"Destacats\",\"Opinions del Col\u00b7legi\"],\"inLanguage\":\"es\"},{\"@type\":\"WebPage\",\"@id\":\"https:\/\/www.cofb.org\/2025\/02\/04\/lavenc-imparable-cap-a-una-farmacia-digital-i-assistencial\/\",\"url\":\"https:\/\/www.cofb.org\/2025\/02\/04\/lavenc-imparable-cap-a-una-farmacia-digital-i-assistencial\/\",\"name\":\"L'aven\u00e7 imparable cap a una farm\u00e0cia digital i assistencial - Col\u00b7legi de Farmac\u00e8utics de Barcelona\",\"isPartOf\":{\"@id\":\"https:\/\/www.cofb.org\/#website\"},\"primaryImageOfPage\":{\"@id\":\"https:\/\/www.cofb.org\/2025\/02\/04\/lavenc-imparable-cap-a-una-farmacia-digital-i-assistencial\/#primaryimage\"},\"image\":{\"@id\":\"https:\/\/www.cofb.org\/2025\/02\/04\/lavenc-imparable-cap-a-una-farmacia-digital-i-assistencial\/#primaryimage\"},\"thumbnailUrl\":\"https:\/\/www.cofb.org\/wp-content\/uploads\/2025\/02\/COFB_RECURS-FARMACIA-GETTY-IMAGES_04022025.jpg\",\"datePublished\":\"2025-02-04T12:30:24+00:00\",\"dateModified\":\"2025-02-04T12:35:04+00:00\",\"description\":\"La professi\u00f3 encara el 2025 amb una forta determinaci\u00f3 cap a la digitalitzaci\u00f3 del sector i la consolidaci\u00f3 de l'atenci\u00f3 farmac\u00e8utica\",\"breadcrumb\":{\"@id\":\"https:\/\/www.cofb.org\/2025\/02\/04\/lavenc-imparable-cap-a-una-farmacia-digital-i-assistencial\/#breadcrumb\"},\"inLanguage\":\"es\",\"potentialAction\":[{\"@type\":\"ReadAction\",\"target\":[\"https:\/\/www.cofb.org\/2025\/02\/04\/lavenc-imparable-cap-a-una-farmacia-digital-i-assistencial\/\"]}]},{\"@type\":\"ImageObject\",\"inLanguage\":\"es\",\"@id\":\"https:\/\/www.cofb.org\/2025\/02\/04\/lavenc-imparable-cap-a-una-farmacia-digital-i-assistencial\/#primaryimage\",\"url\":\"https:\/\/www.cofb.org\/wp-content\/uploads\/2025\/02\/COFB_RECURS-FARMACIA-GETTY-IMAGES_04022025.jpg\",\"contentUrl\":\"https:\/\/www.cofb.org\/wp-content\/uploads\/2025\/02\/COFB_RECURS-FARMACIA-GETTY-IMAGES_04022025.jpg\",\"width\":724,\"height\":483,\"caption\":\"Farm\u00e0cia digital i assitencial\"},{\"@type\":\"BreadcrumbList\",\"@id\":\"https:\/\/www.cofb.org\/2025\/02\/04\/lavenc-imparable-cap-a-una-farmacia-digital-i-assistencial\/#breadcrumb\",\"itemListElement\":[{\"@type\":\"ListItem\",\"position\":1,\"name\":\"Inici\",\"item\":\"https:\/\/novaorg.cofb.net\/\"},{\"@type\":\"ListItem\",\"position\":2,\"name\":\"L&#8217;aven\u00e7 imparable cap a una farm\u00e0cia digital i assistencial\"}]},{\"@type\":\"WebSite\",\"@id\":\"https:\/\/www.cofb.org\/#website\",\"url\":\"https:\/\/www.cofb.org\/\",\"name\":\"Col\u00b7legi de Farmac\u00e8utics de Barcelona\",\"description\":\"\",\"publisher\":{\"@id\":\"https:\/\/www.cofb.org\/#organization\"},\"potentialAction\":[{\"@type\":\"SearchAction\",\"target\":{\"@type\":\"EntryPoint\",\"urlTemplate\":\"https:\/\/www.cofb.org\/?s={search_term_string}\"},\"query-input\":\"required name=search_term_string\"}],\"inLanguage\":\"es\"},{\"@type\":\"Organization\",\"@id\":\"https:\/\/www.cofb.org\/#organization\",\"name\":\"Col\u00b7legi de Farmac\u00e8utics de Barcelona\",\"url\":\"https:\/\/www.cofb.org\/\",\"logo\":{\"@type\":\"ImageObject\",\"inLanguage\":\"es\",\"@id\":\"https:\/\/www.cofb.org\/#\/schema\/logo\/image\/\",\"url\":\"https:\/\/www.cofb.org\/wp-content\/uploads\/2023\/11\/cropped-Logotip-COFB.png\",\"contentUrl\":\"https:\/\/www.cofb.org\/wp-content\/uploads\/2023\/11\/cropped-Logotip-COFB.png\",\"width\":500,\"height\":105,\"caption\":\"Col\u00b7legi de Farmac\u00e8utics de Barcelona\"},\"image\":{\"@id\":\"https:\/\/www.cofb.org\/#\/schema\/logo\/image\/\"},\"sameAs\":[\"https:\/\/www.facebook.com\/farmaceuticsbcn\/\",\"https:\/\/twitter.com\/farmaceuticsbcn\",\"https:\/\/www.instagram.com\/farmaceuticsbcn\/\",\"https:\/\/www.linkedin.com\/company\/farmaceuticsbcn\/\"]},{\"@type\":\"Person\",\"@id\":\"https:\/\/www.cofb.org\/#\/schema\/person\/f32de3b41b812c85ff923cb4cc849063\",\"name\":\"Berta Mart\u00ednez\",\"image\":{\"@type\":\"ImageObject\",\"inLanguage\":\"es\",\"@id\":\"https:\/\/www.cofb.org\/#\/schema\/person\/image\/\",\"url\":\"https:\/\/secure.gravatar.com\/avatar\/d4c584dab5da1ee9e3c3df161c0aabec7075cc8211cd46ffc79bfe177aa78b01?s=96&d=mm&r=g\",\"contentUrl\":\"https:\/\/secure.gravatar.com\/avatar\/d4c584dab5da1ee9e3c3df161c0aabec7075cc8211cd46ffc79bfe177aa78b01?s=96&d=mm&r=g\",\"caption\":\"Berta Mart\u00ednez\"},\"url\":\"https:\/\/www.cofb.org\/es\/author\/bmartinez\/\"}]}<\/script>\n<!-- \/ Yoast SEO plugin. -->","yoast_head_json":{"title":"L'aven\u00e7 imparable cap a una farm\u00e0cia digital i assistencial - Col\u00b7legi de Farmac\u00e8utics de Barcelona","description":"La professi\u00f3 encara el 2025 amb una forta determinaci\u00f3 cap a la digitalitzaci\u00f3 del sector i la consolidaci\u00f3 de l'atenci\u00f3 farmac\u00e8utica","robots":{"index":"index","follow":"follow","max-snippet":"max-snippet:-1","max-image-preview":"max-image-preview:large","max-video-preview":"max-video-preview:-1"},"canonical":"https:\/\/www.cofb.org\/es\/2025\/02\/04\/lavenc-imparable-cap-a-una-farmacia-digital-i-assistencial\/","og_locale":"es_ES","og_type":"article","og_title":"L'aven\u00e7 imparable cap a una farm\u00e0cia digital i assistencial - Col\u00b7legi de Farmac\u00e8utics de Barcelona","og_description":"La professi\u00f3 encara el 2025 amb una forta determinaci\u00f3 cap a la digitalitzaci\u00f3 del sector i la consolidaci\u00f3 de l'atenci\u00f3 farmac\u00e8utica","og_url":"https:\/\/www.cofb.org\/es\/2025\/02\/04\/lavenc-imparable-cap-a-una-farmacia-digital-i-assistencial\/","og_site_name":"Col\u00b7legi de Farmac\u00e8utics de Barcelona","article_publisher":"https:\/\/www.facebook.com\/farmaceuticsbcn\/","article_published_time":"2025-02-04T12:30:24+00:00","article_modified_time":"2025-02-04T12:35:04+00:00","og_image":[{"width":724,"height":483,"url":"https:\/\/www.cofb.org\/wp-content\/uploads\/2025\/02\/COFB_RECURS-FARMACIA-GETTY-IMAGES_04022025.jpg","type":"image\/jpeg"}],"author":"Berta Mart\u00ednez","twitter_card":"summary_large_image","twitter_creator":"@farmaceuticsbcn","twitter_site":"@farmaceuticsbcn","twitter_misc":{"Escrito por":"Berta Mart\u00ednez","Tiempo de lectura":"5 minutos"},"schema":{"@context":"https:\/\/schema.org","@graph":[{"@type":"Article","@id":"https:\/\/www.cofb.org\/2025\/02\/04\/lavenc-imparable-cap-a-una-farmacia-digital-i-assistencial\/#article","isPartOf":{"@id":"https:\/\/www.cofb.org\/2025\/02\/04\/lavenc-imparable-cap-a-una-farmacia-digital-i-assistencial\/"},"author":{"name":"Berta Mart\u00ednez","@id":"https:\/\/www.cofb.org\/#\/schema\/person\/f32de3b41b812c85ff923cb4cc849063"},"headline":"L&#8217;aven\u00e7 imparable cap a una farm\u00e0cia digital i assistencial","datePublished":"2025-02-04T12:30:24+00:00","dateModified":"2025-02-04T12:35:04+00:00","mainEntityOfPage":{"@id":"https:\/\/www.cofb.org\/2025\/02\/04\/lavenc-imparable-cap-a-una-farmacia-digital-i-assistencial\/"},"wordCount":1031,"publisher":{"@id":"https:\/\/www.cofb.org\/#organization"},"image":{"@id":"https:\/\/www.cofb.org\/2025\/02\/04\/lavenc-imparable-cap-a-una-farmacia-digital-i-assistencial\/#primaryimage"},"thumbnailUrl":"https:\/\/www.cofb.org\/wp-content\/uploads\/2025\/02\/COFB_RECURS-FARMACIA-GETTY-IMAGES_04022025.jpg","keywords":["Atenci\u00f3 farmac\u00e8utica","catSalut","CIS","COFB","Col\u00b7legi de Farmac\u00e8utics de Barcelona","COVID-19","cup\u00f3 precinte","farmac\u00e8utics","Farm\u00e0cia","farm\u00e0cia comunit\u00e0ria","Grip","IA","Infarma","Infarma Barcelona 2025","Intel\u00b7lig\u00e8ncia artificial","La Meva Farm\u00e0cia","medicaci\u00f3 hospital\u00e0ria de dispensaci\u00f3 ambulat\u00f2ria","MHDA","Oficina de farm\u00e0cia","Programa de Detecci\u00f3 Preco\u00e7 de C\u00e0ncer de Collu d'\u00dater","SEVeM"],"articleSection":["Destacats","Opinions del Col\u00b7legi"],"inLanguage":"es"},{"@type":"WebPage","@id":"https:\/\/www.cofb.org\/2025\/02\/04\/lavenc-imparable-cap-a-una-farmacia-digital-i-assistencial\/","url":"https:\/\/www.cofb.org\/2025\/02\/04\/lavenc-imparable-cap-a-una-farmacia-digital-i-assistencial\/","name":"L'aven\u00e7 imparable cap a una farm\u00e0cia digital i assistencial - Col\u00b7legi de Farmac\u00e8utics de Barcelona","isPartOf":{"@id":"https:\/\/www.cofb.org\/#website"},"primaryImageOfPage":{"@id":"https:\/\/www.cofb.org\/2025\/02\/04\/lavenc-imparable-cap-a-una-farmacia-digital-i-assistencial\/#primaryimage"},"image":{"@id":"https:\/\/www.cofb.org\/2025\/02\/04\/lavenc-imparable-cap-a-una-farmacia-digital-i-assistencial\/#primaryimage"},"thumbnailUrl":"https:\/\/www.cofb.org\/wp-content\/uploads\/2025\/02\/COFB_RECURS-FARMACIA-GETTY-IMAGES_04022025.jpg","datePublished":"2025-02-04T12:30:24+00:00","dateModified":"2025-02-04T12:35:04+00:00","description":"La professi\u00f3 encara el 2025 amb una forta determinaci\u00f3 cap a la digitalitzaci\u00f3 del sector i la consolidaci\u00f3 de l'atenci\u00f3 farmac\u00e8utica","breadcrumb":{"@id":"https:\/\/www.cofb.org\/2025\/02\/04\/lavenc-imparable-cap-a-una-farmacia-digital-i-assistencial\/#breadcrumb"},"inLanguage":"es","potentialAction":[{"@type":"ReadAction","target":["https:\/\/www.cofb.org\/2025\/02\/04\/lavenc-imparable-cap-a-una-farmacia-digital-i-assistencial\/"]}]},{"@type":"ImageObject","inLanguage":"es","@id":"https:\/\/www.cofb.org\/2025\/02\/04\/lavenc-imparable-cap-a-una-farmacia-digital-i-assistencial\/#primaryimage","url":"https:\/\/www.cofb.org\/wp-content\/uploads\/2025\/02\/COFB_RECURS-FARMACIA-GETTY-IMAGES_04022025.jpg","contentUrl":"https:\/\/www.cofb.org\/wp-content\/uploads\/2025\/02\/COFB_RECURS-FARMACIA-GETTY-IMAGES_04022025.jpg","width":724,"height":483,"caption":"Farm\u00e0cia digital i assitencial"},{"@type":"BreadcrumbList","@id":"https:\/\/www.cofb.org\/2025\/02\/04\/lavenc-imparable-cap-a-una-farmacia-digital-i-assistencial\/#breadcrumb","itemListElement":[{"@type":"ListItem","position":1,"name":"Inici","item":"https:\/\/novaorg.cofb.net\/"},{"@type":"ListItem","position":2,"name":"L&#8217;aven\u00e7 imparable cap a una farm\u00e0cia digital i assistencial"}]},{"@type":"WebSite","@id":"https:\/\/www.cofb.org\/#website","url":"https:\/\/www.cofb.org\/","name":"Col\u00b7legi de Farmac\u00e8utics de Barcelona","description":"","publisher":{"@id":"https:\/\/www.cofb.org\/#organization"},"potentialAction":[{"@type":"SearchAction","target":{"@type":"EntryPoint","urlTemplate":"https:\/\/www.cofb.org\/?s={search_term_string}"},"query-input":"required name=search_term_string"}],"inLanguage":"es"},{"@type":"Organization","@id":"https:\/\/www.cofb.org\/#organization","name":"Col\u00b7legi de Farmac\u00e8utics de Barcelona","url":"https:\/\/www.cofb.org\/","logo":{"@type":"ImageObject","inLanguage":"es","@id":"https:\/\/www.cofb.org\/#\/schema\/logo\/image\/","url":"https:\/\/www.cofb.org\/wp-content\/uploads\/2023\/11\/cropped-Logotip-COFB.png","contentUrl":"https:\/\/www.cofb.org\/wp-content\/uploads\/2023\/11\/cropped-Logotip-COFB.png","width":500,"height":105,"caption":"Col\u00b7legi de Farmac\u00e8utics de Barcelona"},"image":{"@id":"https:\/\/www.cofb.org\/#\/schema\/logo\/image\/"},"sameAs":["https:\/\/www.facebook.com\/farmaceuticsbcn\/","https:\/\/twitter.com\/farmaceuticsbcn","https:\/\/www.instagram.com\/farmaceuticsbcn\/","https:\/\/www.linkedin.com\/company\/farmaceuticsbcn\/"]},{"@type":"Person","@id":"https:\/\/www.cofb.org\/#\/schema\/person\/f32de3b41b812c85ff923cb4cc849063","name":"Berta Mart\u00ednez","image":{"@type":"ImageObject","inLanguage":"es","@id":"https:\/\/www.cofb.org\/#\/schema\/person\/image\/","url":"https:\/\/secure.gravatar.com\/avatar\/d4c584dab5da1ee9e3c3df161c0aabec7075cc8211cd46ffc79bfe177aa78b01?s=96&d=mm&r=g","contentUrl":"https:\/\/secure.gravatar.com\/avatar\/d4c584dab5da1ee9e3c3df161c0aabec7075cc8211cd46ffc79bfe177aa78b01?s=96&d=mm&r=g","caption":"Berta Mart\u00ednez"},"url":"https:\/\/www.cofb.org\/es\/author\/bmartinez\/"}]}},"uagb_featured_image_src":{"full":["https:\/\/www.cofb.org\/wp-content\/uploads\/2025\/02\/COFB_RECURS-FARMACIA-GETTY-IMAGES_04022025.jpg",724,483,false],"thumbnail":["https:\/\/www.cofb.org\/wp-content\/uploads\/2025\/02\/COFB_RECURS-FARMACIA-GETTY-IMAGES_04022025-150x150.jpg",150,150,true],"medium":["https:\/\/www.cofb.org\/wp-content\/uploads\/2025\/02\/COFB_RECURS-FARMACIA-GETTY-IMAGES_04022025-300x200.jpg",300,200,true],"medium_large":["https:\/\/www.cofb.org\/wp-content\/uploads\/2025\/02\/COFB_RECURS-FARMACIA-GETTY-IMAGES_04022025.jpg",724,483,false],"large":["https:\/\/www.cofb.org\/wp-content\/uploads\/2025\/02\/COFB_RECURS-FARMACIA-GETTY-IMAGES_04022025.jpg",724,483,false],"1536x1536":["https:\/\/www.cofb.org\/wp-content\/uploads\/2025\/02\/COFB_RECURS-FARMACIA-GETTY-IMAGES_04022025.jpg",724,483,false],"2048x2048":["https:\/\/www.cofb.org\/wp-content\/uploads\/2025\/02\/COFB_RECURS-FARMACIA-GETTY-IMAGES_04022025.jpg",724,483,false],"trp-custom-language-flag":["https:\/\/www.cofb.org\/wp-content\/uploads\/2025\/02\/COFB_RECURS-FARMACIA-GETTY-IMAGES_04022025-18x12.jpg",18,12,true]},"uagb_author_info":{"display_name":"Berta Mart\u00ednez","author_link":"https:\/\/www.cofb.org\/es\/author\/bmartinez\/"},"uagb_comment_info":0,"uagb_excerpt":"Article de Jordi Casas, president del Col\u00b7legi de Farmac\u00e8utics de Barcelona (COFB) &#8220;L&#8217;any 2025 promet ser un any on l&#8217;aven\u00e7 cap a una farm\u00e0cia plenament digital i assistencial definir\u00e0 el futur dels pr\u00f2xims anys, sense deixar de costat el que sempre ens ha caracteritzat: el comprom\u00eds amb la salut de [&hellip;]","_links":{"self":[{"href":"https:\/\/www.cofb.org\/es\/wp-json\/wp\/v2\/posts\/80683","targetHints":{"allow":["GET"]}}],"collection":[{"href":"https:\/\/www.cofb.org\/es\/wp-json\/wp\/v2\/posts"}],"about":[{"href":"https:\/\/www.cofb.org\/es\/wp-json\/wp\/v2\/types\/post"}],"author":[{"embeddable":true,"href":"https:\/\/www.cofb.org\/es\/wp-json\/wp\/v2\/users\/3"}],"replies":[{"embeddable":true,"href":"https:\/\/www.cofb.org\/es\/wp-json\/wp\/v2\/comments?post=80683"}],"version-history":[{"count":16,"href":"https:\/\/www.cofb.org\/es\/wp-json\/wp\/v2\/posts\/80683\/revisions"}],"predecessor-version":[{"id":80701,"href":"https:\/\/www.cofb.org\/es\/wp-json\/wp\/v2\/posts\/80683\/revisions\/80701"}],"wp:featuredmedia":[{"embeddable":true,"href":"https:\/\/www.cofb.org\/es\/wp-json\/wp\/v2\/media\/80684"}],"wp:attachment":[{"href":"https:\/\/www.cofb.org\/es\/wp-json\/wp\/v2\/media?parent=80683"}],"wp:term":[{"taxonomy":"category","embeddable":true,"href":"https:\/\/www.cofb.org\/es\/wp-json\/wp\/v2\/categories?post=80683"},{"taxonomy":"post_tag","embeddable":true,"href":"https:\/\/www.cofb.org\/es\/wp-json\/wp\/v2\/tags?post=80683"}],"curies":[{"name":"wp","href":"https:\/\/api.w.org\/{rel}","templated":true}]}}