{"id":80301,"date":"2025-01-02T13:16:27","date_gmt":"2025-01-02T13:16:27","guid":{"rendered":"https:\/\/www.cofb.org\/?p=80301"},"modified":"2025-01-13T13:16:54","modified_gmt":"2025-01-13T13:16:54","slug":"forums-cofbserveis-tot-el-que-cal-saber-sobre-els-plans-de-pensio-i-la-transmissio-duna-farmacia","status":"publish","type":"post","link":"https:\/\/www.cofb.org\/es\/2025\/01\/02\/forums-cofbserveis-tot-el-que-cal-saber-sobre-els-plans-de-pensio-i-la-transmissio-duna-farmacia\/","title":{"rendered":"Foros COFBServicios: todo lo que hay que saber sobre los planes de pensi\u00f3n y la transmisi\u00f3n de una farmacia"},"content":{"rendered":"<p>En los meses de noviembre y diciembre se celebraron en el Colegio las conferencias <strong>&quot;Plan de pensiones, todo lo que necesitamos saber&quot;<\/strong> y <strong>&quot;Herencias, donaciones y compraventa&quot;<\/strong>, con el patrocinio de <a href=\"https:\/\/www.cofbserveis.net\/\" target=\"_blank\" rel=\"noreferrer noopener\">COFBServicios<\/a>. <\/p>\n\n\n\n<h2 class=\"wp-block-heading\"><strong>Planes de pensiones y sus caracter\u00edsticas<\/strong><\/h2>\n\n\n\n<p>El 20 de noviembre, se organiz\u00f3 la conferencia <strong>&quot;Plan de pensiones, todo lo que necesitamos saber&quot;<\/strong> a cargo de <strong>Rosa Sentandreu<\/strong>, European Financial Adviser del Grupo ERSM, y cont\u00f3 con la presentaci\u00f3n del gerente de COFBServeis, <strong>Agust\u00ed Ortega<\/strong>.<\/p>\n\n\n\n<figure class=\"wp-block-image size-large\"><a href=\"https:\/\/www.cofb.org\/wp-content\/uploads\/2025\/01\/COFB_PENSIONS_31122024_1-scaled.jpg\" target=\"_blank\" rel=\"noreferrer noopener\"><img fetchpriority=\"high\" decoding=\"async\" width=\"1024\" height=\"576\" src=\"https:\/\/www.cofb.org\/wp-content\/uploads\/2025\/01\/COFB_PENSIONS_31122024_1-1024x576.jpg\" alt=\"\" class=\"wp-image-80307\" srcset=\"https:\/\/www.cofb.org\/wp-content\/uploads\/2025\/01\/COFB_PENSIONS_31122024_1-1024x576.jpg 1024w, https:\/\/www.cofb.org\/wp-content\/uploads\/2025\/01\/COFB_PENSIONS_31122024_1-300x169.jpg 300w, https:\/\/www.cofb.org\/wp-content\/uploads\/2025\/01\/COFB_PENSIONS_31122024_1-768x432.jpg 768w, https:\/\/www.cofb.org\/wp-content\/uploads\/2025\/01\/COFB_PENSIONS_31122024_1-1536x864.jpg 1536w, https:\/\/www.cofb.org\/wp-content\/uploads\/2025\/01\/COFB_PENSIONS_31122024_1-2048x1152.jpg 2048w, https:\/\/www.cofb.org\/wp-content\/uploads\/2025\/01\/COFB_PENSIONS_31122024_1-18x10.jpg 18w\" sizes=\"(max-width: 1024px) 100vw, 1024px\" \/><\/a><\/figure>\n\n\n\n<p>Los <strong>objetivos<\/strong> de la conferencia fueron <strong>proporcionar conocimientos para comprender los pilares del ahorro y la tasa de reemplazo de las pensiones<\/strong>, conocer las opciones diferentes de <strong>diversificaci\u00f3n del riesgo<\/strong>, entender el funcionamiento del <strong>plan de pensiones<\/strong> y dominar la <strong>fiscalidad de las aportaciones<\/strong> y del <strong>rescate de los planes de pensiones.<\/strong> Antes de iniciar la conferencia, <strong>Agust\u00ed Ortega<\/strong>, gerente de COFBServeis, explic\u00f3 las \u00faltimas <strong>novedades<\/strong> puestas en marcha desde la empresa de servicios. En este sentido, Ortega destac\u00f3 el <strong>servicio de suministro el\u00e9ctrico<\/strong>, puesto en marcha en 2023 y que ya cuenta con <strong>450 farmacias adheridas<\/strong>, as\u00ed como los <strong>servicios jur\u00eddicos<\/strong> y las <strong>seguros personales<\/strong> (motor, hogar, vida, patinetes, salud) <strong>como profesionales<\/strong>.<\/p>\n\n\n\n<figure class=\"wp-block-image size-large\"><a href=\"https:\/\/www.cofb.org\/wp-content\/uploads\/2025\/01\/COFB_PENSIONS_31122024_2-scaled.jpg\" target=\"_blank\" rel=\"noreferrer noopener\"><img decoding=\"async\" width=\"1024\" height=\"576\" src=\"https:\/\/www.cofb.org\/wp-content\/uploads\/2025\/01\/COFB_PENSIONS_31122024_2-1024x576.jpg\" alt=\"Rosa Sentandreu i Agust\u00ed Ortega en un moment de la confer\u00e8ncia sobre pensions. \" class=\"wp-image-80308\" srcset=\"https:\/\/www.cofb.org\/wp-content\/uploads\/2025\/01\/COFB_PENSIONS_31122024_2-1024x576.jpg 1024w, https:\/\/www.cofb.org\/wp-content\/uploads\/2025\/01\/COFB_PENSIONS_31122024_2-300x169.jpg 300w, https:\/\/www.cofb.org\/wp-content\/uploads\/2025\/01\/COFB_PENSIONS_31122024_2-768x432.jpg 768w, https:\/\/www.cofb.org\/wp-content\/uploads\/2025\/01\/COFB_PENSIONS_31122024_2-1536x864.jpg 1536w, https:\/\/www.cofb.org\/wp-content\/uploads\/2025\/01\/COFB_PENSIONS_31122024_2-2048x1152.jpg 2048w, https:\/\/www.cofb.org\/wp-content\/uploads\/2025\/01\/COFB_PENSIONS_31122024_2-18x10.jpg 18w\" sizes=\"(max-width: 1024px) 100vw, 1024px\" \/><\/a><figcaption class=\"wp-element-caption\">Rosa Sentandreu y Agust\u00ed Ortega en un momento de la conferencia sobre pensiones. <\/figcaption><\/figure>\n\n\n\n<p>A continuaci\u00f3n, <strong>Rosa Sentandreu<\/strong>, European Financial Adviser del Grupo ERSM, a iniciar la conferencia haciendo referencia al <strong>ciclo de la vida en el \u00e1mbito financiero<\/strong>, que resumi\u00f3 con: la <strong>introducci\u00f3n en el mundo laboral<\/strong>, el inicio de <strong>ganar dinero<\/strong>, seguido de una fase de<strong>endeudamiento<\/strong>. Sentandeu indic\u00f3 que, despu\u00e9s de la fase de endeudamiento, suele haber una <strong>acumulaci\u00f3n de ahorro<\/strong>, seguida de la llegada de otra fase vital que es la <strong>venta de activos<\/strong> y la <strong>descapitalizaci\u00f3n<\/strong> por tener una <strong>\u201cbuena o confortable jubilaci\u00f3n\u201d<\/strong>.<\/p>\n\n\n\n<p>Si preguntamos, &quot;hay muchas cosas que nos preocupan y que no verbalizamos&quot;, asegur\u00f3 Sentandreu. As\u00ed pues, mencion\u00f3 <strong>el estudio &quot;Motivos de estr\u00e9s y bienestar a las personas&quot; <\/strong>de Employee Financial Wellness que especifica que <strong>preocupa mucho la econom\u00eda y las finanzas (46%)<\/strong>, seguido de los <strong>temas laborales (17%)<\/strong>, las <strong>relaciones sociales (15%)<\/strong>, la <strong>salud (14%) <\/strong>y <strong>otros (8%)<\/strong>. <strong>\u00bfQu\u00e9 ofrecen las entidades financieras en lo que se refiere a la econom\u00eda y las finanzas?<\/strong> Muchos productos como letras del Tesoro, hipoteca inversa, cartera gestionada, renta vitalicia, acciones, fondos de inversi\u00f3n renta fija, fondos de inversi\u00f3n renta variable, planes de pensiones, inmuebles, entre otros. Sentandreu coment\u00f3 que, para ella, \u201clas finanzas son como una c\u00f3moda\u201d y que, por eso, \u201c<strong>es recomendable realizar diferentes inversiones por diferentes necesidades\u201d<\/strong>. El European Financial Adviser del Grupo ERSM tambi\u00e9n comparti\u00f3 algunas cifras destacadas como la <strong>tasa de sustituci\u00f3n por pa\u00edses<\/strong>, que <strong>&quot;es el porcentaje de la pensi\u00f3n de jubilaci\u00f3n sobre el \u00faltimo sueldo recibido en la etapa laboral&quot;<\/strong>, la evoluci\u00f3n<strong>y<\/strong>\u00f3 general del fondo de reserva de la Seguridad Social y el n\u00famero de pensionistas y de trabajadores activos.<\/p>\n\n\n\n<figure class=\"wp-block-image size-large\"><a href=\"https:\/\/www.cofb.org\/wp-content\/uploads\/2025\/01\/COFB_PENSIONS_31122024_3.jpg\" target=\"_blank\" rel=\"noreferrer noopener\"><img decoding=\"async\" width=\"1024\" height=\"576\" src=\"https:\/\/www.cofb.org\/wp-content\/uploads\/2025\/01\/COFB_PENSIONS_31122024_3-1024x576.jpg\" alt=\"Rosa Sentandreu durant la seva exposici\u00f3.\" class=\"wp-image-80309\" srcset=\"https:\/\/www.cofb.org\/wp-content\/uploads\/2025\/01\/COFB_PENSIONS_31122024_3-1024x576.jpg 1024w, https:\/\/www.cofb.org\/wp-content\/uploads\/2025\/01\/COFB_PENSIONS_31122024_3-300x169.jpg 300w, https:\/\/www.cofb.org\/wp-content\/uploads\/2025\/01\/COFB_PENSIONS_31122024_3-768x432.jpg 768w, https:\/\/www.cofb.org\/wp-content\/uploads\/2025\/01\/COFB_PENSIONS_31122024_3-1536x864.jpg 1536w, https:\/\/www.cofb.org\/wp-content\/uploads\/2025\/01\/COFB_PENSIONS_31122024_3-2048x1152.jpg 2048w, https:\/\/www.cofb.org\/wp-content\/uploads\/2025\/01\/COFB_PENSIONS_31122024_3-18x10.jpg 18w\" sizes=\"(max-width: 1024px) 100vw, 1024px\" \/><\/a><figcaption class=\"wp-element-caption\">Rosa Sentandreu durante su exposici\u00f3n.<\/figcaption><\/figure>\n\n\n\n<p>Seguidamente, repas\u00f3 las distintas <strong>tipolog\u00edas de planes de pensiones<\/strong> y sus caracter\u00edsticas. Concretamente, profundiz\u00f3 en los <strong>planes de pensiones individuales, asegurados, de empleo de previsi\u00f3n social empresarial, de empleo simplificados<\/strong>. \u00bfSobre la pregunta que por qu\u00e9 hay que ahorrar en planes de pensiones? Rosa Sentandreu indic\u00f3 que por <strong>fiscalidad<\/strong>, <strong>&quot;las aportaciones que hagas a tu plan de pensiones durante el a\u00f1o se desgravar\u00e1n de tu base imponible del IRPF&quot;<\/strong>.<\/p>\n\n\n\n<p>Durante su conferencia tambi\u00e9n especific\u00f3 <strong>qu\u00e9 son los planes de pensiones de empleo simplificados para aut\u00f3nomos<\/strong>, los <strong>ventajas<\/strong> y las <strong>garant\u00edas<\/strong> de los planes de pensi\u00f3n. Por \u00faltimo, Sentandreu especific\u00f3 la situaci\u00f3n de los planes de pensiones en el momento de la jubilaci\u00f3n. Una vez jubilado, afirm\u00f3 que se puede seguir realizando aportaciones al pan de pensi\u00f3n y detall\u00f3 c\u00f3mo se puede rescatar en forma de capital, de renta, combinando renta y capital o en renta vitalicia.<\/p>\n\n\n\n<h2 class=\"wp-block-heading\"><strong>Herencias, donaciones y compraventa de la farmacia<\/strong><\/h2>\n\n\n\n<p>El pasado 4 de diciembre, se celebr\u00f3 la <strong>conferencia \u201cHerencias, donaciones y compraventa\u201d<\/strong>, a cargo de<strong>Alejandro Ebrat<\/strong>, abogado, dedicado al asesoramiento jur\u00eddico y tributario, asesor fiscal de COFBServeis y experto en la transmisi\u00f3n de farmacias, y fue coordinada por <strong>Agust\u00ed Ortega<\/strong>, gerente de COFBServeis. \u00a0<\/p>\n\n\n\n<figure class=\"wp-block-image size-large\"><a href=\"https:\/\/www.cofb.org\/wp-content\/uploads\/2025\/01\/COFB_HERENCIES_31122024_1-scaled.jpg\" target=\"_blank\" rel=\"noreferrer noopener\"><img loading=\"lazy\" decoding=\"async\" width=\"1024\" height=\"576\" src=\"https:\/\/www.cofb.org\/wp-content\/uploads\/2025\/01\/COFB_HERENCIES_31122024_1-1024x576.jpg\" alt=\"Agust\u00ed Ortega (esquerra) i Alejandro Ebrat (dreta) durant la confer\u00e8ncia &quot;Her\u00e8ncies, donacions i compravenda&quot;.\" class=\"wp-image-80314\" srcset=\"https:\/\/www.cofb.org\/wp-content\/uploads\/2025\/01\/COFB_HERENCIES_31122024_1-1024x576.jpg 1024w, https:\/\/www.cofb.org\/wp-content\/uploads\/2025\/01\/COFB_HERENCIES_31122024_1-300x169.jpg 300w, https:\/\/www.cofb.org\/wp-content\/uploads\/2025\/01\/COFB_HERENCIES_31122024_1-768x432.jpg 768w, https:\/\/www.cofb.org\/wp-content\/uploads\/2025\/01\/COFB_HERENCIES_31122024_1-1536x864.jpg 1536w, https:\/\/www.cofb.org\/wp-content\/uploads\/2025\/01\/COFB_HERENCIES_31122024_1-2048x1152.jpg 2048w, https:\/\/www.cofb.org\/wp-content\/uploads\/2025\/01\/COFB_HERENCIES_31122024_1-18x10.jpg 18w\" sizes=\"(max-width: 1024px) 100vw, 1024px\" \/><\/a><figcaption class=\"wp-element-caption\">Agust\u00ed Ortega (izquierda) y Alejandro Ebrat (derecha) durante la conferencia &quot;Herencias, donaciones y compraventa&quot;.<\/figcaption><\/figure>\n\n\n\n<p>Ebrat centr\u00f3 su conferencia en analizar las <strong>herencias, <\/strong>las<strong> donaciones <\/strong>y la<strong> compraventa de una farmacia<\/strong>, que <strong>\u201cson las tres formas de transmitir una farmacia\u201d<\/strong>.<\/p>\n\n\n\n<h4 class=\"wp-block-heading\"><strong>Compraventa<\/strong><\/h4>\n\n\n\n<p>En el momento de <strong>comprar y vender una farmacia<\/strong>, Ebrat remarc\u00f3 que hay que tener en cuenta los <strong>contratos de exclusividad<\/strong>, el documento de reserva, el contrato de arras y el contrato de compraventa de la oficina de farmacia. Sin embargo, recomend\u00f3 hacer varias <strong>verificaciones previas <\/strong>en relaci\u00f3n con la licencia en el ayuntamiento, la autorizaci\u00f3n del COFB, los derechos de adquisici\u00f3n, entre otros.<\/p>\n\n\n\n<p>Asimismo, el abogado tambi\u00e9n detall\u00f3 los <strong>requisitos<\/strong> que hay que tener presentes al comprar una parafarmacia y los <strong>puntos a valorar de una farmacia<\/strong> y los <strong>impuestos<\/strong> que comporta tanto por el comprador como por el vendedor.<\/p>\n\n\n\n<h4 class=\"wp-block-heading\"><strong>Herencia<\/strong><\/h4>\n\n\n\n<p>En cuanto a la transmisi\u00f3n de una farmacia por <strong>herencia<\/strong>, Ebrat apunt\u00f3 que es importante tener <strong>testamento<\/strong>, a trav\u00e9s del cual es relevante <strong>\u201cindividualizar\u201d<\/strong>, entre otros aspectos. Asimismo, el abogado tambi\u00e9n abord\u00f3 el escenario en el <strong>caso de no haber testamento<\/strong> y <strong>el orden de sucesi\u00f3n en esta casu\u00edstica<\/strong>.<\/p>\n\n\n\n<figure class=\"wp-block-image size-large\"><a href=\"https:\/\/www.cofb.org\/wp-content\/uploads\/2025\/01\/COFB_HERENCIES_31122024_2-scaled.jpg\" target=\"_blank\" rel=\"noreferrer noopener\"><img loading=\"lazy\" decoding=\"async\" width=\"1024\" height=\"576\" src=\"https:\/\/www.cofb.org\/wp-content\/uploads\/2025\/01\/COFB_HERENCIES_31122024_2-1024x576.jpg\" alt=\"Ortega i Ebrat en un moment de la seva intervenci\u00f3. \" class=\"wp-image-80315\" srcset=\"https:\/\/www.cofb.org\/wp-content\/uploads\/2025\/01\/COFB_HERENCIES_31122024_2-1024x576.jpg 1024w, https:\/\/www.cofb.org\/wp-content\/uploads\/2025\/01\/COFB_HERENCIES_31122024_2-300x169.jpg 300w, https:\/\/www.cofb.org\/wp-content\/uploads\/2025\/01\/COFB_HERENCIES_31122024_2-768x432.jpg 768w, https:\/\/www.cofb.org\/wp-content\/uploads\/2025\/01\/COFB_HERENCIES_31122024_2-1536x864.jpg 1536w, https:\/\/www.cofb.org\/wp-content\/uploads\/2025\/01\/COFB_HERENCIES_31122024_2-2048x1152.jpg 2048w, https:\/\/www.cofb.org\/wp-content\/uploads\/2025\/01\/COFB_HERENCIES_31122024_2-18x10.jpg 18w\" sizes=\"(max-width: 1024px) 100vw, 1024px\" \/><\/a><figcaption class=\"wp-element-caption\">Ortega y Ebrat en un momento de su intervenci\u00f3n. <\/figcaption><\/figure>\n\n\n\n<p>Por \u00faltimo, para cerrar el bloque de la herencia de una farmacia, hizo referencia a <strong>el impuesto de sucesiones<\/strong> y las diferentes opciones que se pueden dar y record\u00f3 los cambios de la reforma de abril de 2020 de la Ley 5\/2020.<\/p>\n\n\n\n<h4 class=\"wp-block-heading\"><strong>Donaci\u00f3n<\/strong><\/h4>\n\n\n\n<p>Por \u00faltimo, el abogado coment\u00f3 los <strong>ventajas y los inconvenientes de transmitir la farmacia por donaci\u00f3n<\/strong>. En relaci\u00f3n con los <strong>ventajas<\/strong>, expuso que <strong>&quot;la donaci\u00f3n de la farmacia es irrevocable, se reparte la herencia en vida evitando problemas hereditarios y se transmite la propiedad&quot;<\/strong>. En cambio, los principales <strong>inconvenientes<\/strong> son que existe un impuesto de donaciones, las ganancias patrimoniales (dar farmacias compradas a un coste elevado) y la importaci\u00f3n y computaci\u00f3n.<\/p>\n\n\n\n<p>Por \u00faltimo, el abogado cerr\u00f3 la conferencia recordando cu\u00e1les son los <strong>tr\u00e1mites obligatorios<\/strong> (en el COFB, Hacienda, Seguridad Social e inspecci\u00f3n de sanidad) que es necesario llevar a cabo para transmitir una farmacia y las <strong>estrategias de planificaci\u00f3n sucesoria<\/strong>.<\/p>\n\n\n\n<p><\/p>\n\n\n\n<p><\/p>\n\n\n\n<div class=\"wp-block-columns is-layout-flex wp-container-core-columns-is-layout-28f84493 wp-block-columns-is-layout-flex\">\n<div class=\"wp-block-column is-layout-flow wp-block-column-is-layout-flow\"><\/div>\n\n\n\n<div class=\"wp-block-column is-layout-flow wp-block-column-is-layout-flow\"><\/div>\n\n\n\n<div class=\"wp-block-column is-layout-flow wp-block-column-is-layout-flow\"><\/div>\n\n\n\n<div class=\"wp-block-column is-layout-flow wp-block-column-is-layout-flow\"><\/div>\n\n\n\n<div class=\"wp-block-column is-layout-flow wp-block-column-is-layout-flow\"><\/div>\n\n\n\n<div class=\"wp-block-column is-layout-flow wp-block-column-is-layout-flow\">\n<p class=\"has-text-align-right\"><strong>Con el patrocinio de:<\/strong><\/p>\n\n\n\n<figure class=\"wp-block-image alignright size-full is-resized\"><a href=\"https:\/\/www.cofbserveis.net\/es\/\" target=\"_blank\" rel=\"noreferrer noopener\"><img loading=\"lazy\" decoding=\"async\" width=\"411\" height=\"77\" src=\"https:\/\/www.cofb.org\/wp-content\/uploads\/2025\/01\/COFBServeis.png\" alt=\"\" class=\"wp-image-80302\" style=\"width:235px;height:auto\" srcset=\"https:\/\/www.cofb.org\/wp-content\/uploads\/2025\/01\/COFBServeis.png 411w, https:\/\/www.cofb.org\/wp-content\/uploads\/2025\/01\/COFBServeis-300x56.png 300w, https:\/\/www.cofb.org\/wp-content\/uploads\/2025\/01\/COFBServeis-18x3.png 18w\" sizes=\"(max-width: 411px) 100vw, 411px\" \/><\/a><\/figure>\n<\/div>\n<\/div>\n\n\n\n<p class=\"has-text-align-right\"><\/p>","protected":false},"excerpt":{"rendered":"<p>En los meses de noviembre y diciembre se celebraron en el Colegio las conferencias \u201cPlan de pensiones, todo lo que necesitamos saber\u201d y \u201cHerencias, donaciones y compraventa\u201d, con el patrocinio de COFBServeis. Planes de pensiones y sus caracter\u00edsticas El 20 de noviembre, se organiz\u00f3 la conferencia \u201cPlan de pensiones, [\u2026]<\/p>","protected":false},"author":3,"featured_media":80307,"comment_status":"closed","ping_status":"closed","sticky":false,"template":"","format":"standard","meta":{"_uag_custom_page_level_css":"","site-sidebar-layout":"default","site-content-layout":"","ast-site-content-layout":"default","site-content-style":"default","site-sidebar-style":"default","ast-global-header-display":"","ast-banner-title-visibility":"","ast-main-header-display":"","ast-hfb-above-header-display":"","ast-hfb-below-header-display":"","ast-hfb-mobile-header-display":"","site-post-title":"","ast-breadcrumbs-content":"","ast-featured-img":"disabled","footer-sml-layout":"","theme-transparent-header-meta":"","adv-header-id-meta":"","stick-header-meta":"","header-above-stick-meta":"","header-main-stick-meta":"","header-below-stick-meta":"","astra-migrate-meta-layouts":"set","ast-page-background-enabled":"default","ast-page-background-meta":{"desktop":{"background-color":"var(--ast-global-color-4)","background-image":"","background-repeat":"repeat","background-position":"center center","background-size":"auto","background-attachment":"scroll","background-type":"","background-media":"","overlay-type":"","overlay-color":"","overlay-opacity":"","overlay-gradient":""},"tablet":{"background-color":"","background-image":"","background-repeat":"repeat","background-position":"center center","background-size":"auto","background-attachment":"scroll","background-type":"","background-media":"","overlay-type":"","overlay-color":"","overlay-opacity":"","overlay-gradient":""},"mobile":{"background-color":"","background-image":"","background-repeat":"repeat","background-position":"center center","background-size":"auto","background-attachment":"scroll","background-type":"","background-media":"","overlay-type":"","overlay-color":"","overlay-opacity":"","overlay-gradient":""}},"ast-content-background-meta":{"desktop":{"background-color":"var(--ast-global-color-5)","background-image":"","background-repeat":"repeat","background-position":"center center","background-size":"auto","background-attachment":"scroll","background-type":"","background-media":"","overlay-type":"","overlay-color":"","overlay-opacity":"","overlay-gradient":""},"tablet":{"background-color":"var(--ast-global-color-5)","background-image":"","background-repeat":"repeat","background-position":"center center","background-size":"auto","background-attachment":"scroll","background-type":"","background-media":"","overlay-type":"","overlay-color":"","overlay-opacity":"","overlay-gradient":""},"mobile":{"background-color":"var(--ast-global-color-5)","background-image":"","background-repeat":"repeat","background-position":"center center","background-size":"auto","background-attachment":"scroll","background-type":"","background-media":"","overlay-type":"","overlay-color":"","overlay-opacity":"","overlay-gradient":""}},"footnotes":""},"categories":[23,57],"tags":[18,434,19,5215,435,520,5217,4861,2930,68,69,767,5214,4863,5218,5213,5211,5210,5212,4719,436,5219,437,5216],"class_list":["post-80301","post","type-post","status-publish","format-standard","has-post-thumbnail","hentry","category-destacats","category-mon-collegial","tag-cofb","tag-cofbserveis","tag-collegi-de-farmaceutics-de-barcelona","tag-comprar","tag-compravenda","tag-conferencia","tag-contractes-exclusivitat","tag-donacions","tag-economia","tag-farmacia","tag-farmacia-comunitaria","tag-finances","tag-forum-cofbserveis","tag-herencies","tag-impostos","tag-jubilacio","tag-pensions","tag-pla-de-pensions","tag-plans-de-pensions","tag-servei","tag-serveis","tag-testament","tag-transmissio-farmacia","tag-vendre"],"yoast_head":"<!-- This site is optimized with the Yoast SEO plugin v22.4 - https:\/\/yoast.com\/wordpress\/plugins\/seo\/ -->\n<title>F\u00f2rums COFBServeis: tot el que cal saber sobre els plans de pensi\u00f3 i la transmissi\u00f3 d&#039;una farm\u00e0cia - Col\u00b7legi de Farmac\u00e8utics de Barcelona<\/title>\n<meta name=\"description\" content=\"A finals d&#039;any, el COFB va organitzar les confer\u00e8ncies \u201cPla de pensions, tot el que necessitem saber\u201d i \u201cHer\u00e8ncies, donacions i compravenda\u201d\" \/>\n<meta name=\"robots\" content=\"index, follow, max-snippet:-1, max-image-preview:large, max-video-preview:-1\" \/>\n<link rel=\"canonical\" href=\"https:\/\/www.cofb.org\/es\/2025\/01\/02\/forums-cofbserveis-tot-el-que-cal-saber-sobre-els-plans-de-pensio-i-la-transmissio-duna-farmacia\/\" \/>\n<meta property=\"og:locale\" content=\"es_ES\" \/>\n<meta property=\"og:type\" content=\"article\" \/>\n<meta property=\"og:title\" content=\"F\u00f2rums COFBServeis: tot el que cal saber sobre els plans de pensi\u00f3 i la transmissi\u00f3 d&#039;una farm\u00e0cia - Col\u00b7legi de Farmac\u00e8utics de Barcelona\" \/>\n<meta property=\"og:description\" content=\"A finals d&#039;any, el COFB va organitzar les confer\u00e8ncies \u201cPla de pensions, tot el que necessitem saber\u201d i \u201cHer\u00e8ncies, donacions i compravenda\u201d\" \/>\n<meta property=\"og:url\" content=\"https:\/\/www.cofb.org\/es\/2025\/01\/02\/forums-cofbserveis-tot-el-que-cal-saber-sobre-els-plans-de-pensio-i-la-transmissio-duna-farmacia\/\" \/>\n<meta property=\"og:site_name\" content=\"Col\u00b7legi de Farmac\u00e8utics de Barcelona\" \/>\n<meta property=\"article:publisher\" content=\"https:\/\/www.facebook.com\/farmaceuticsbcn\/\" \/>\n<meta property=\"article:published_time\" content=\"2025-01-02T13:16:27+00:00\" \/>\n<meta property=\"article:modified_time\" content=\"2025-01-13T13:16:54+00:00\" \/>\n<meta property=\"og:image\" content=\"https:\/\/www.cofb.org\/wp-content\/uploads\/2025\/01\/COFB_PENSIONS_31122024_1-scaled.jpg\" \/>\n\t<meta property=\"og:image:width\" content=\"2560\" \/>\n\t<meta property=\"og:image:height\" content=\"1440\" \/>\n\t<meta property=\"og:image:type\" content=\"image\/jpeg\" \/>\n<meta name=\"author\" content=\"Berta Mart\u00ednez\" \/>\n<meta name=\"twitter:card\" content=\"summary_large_image\" \/>\n<meta name=\"twitter:creator\" content=\"@farmaceuticsbcn\" \/>\n<meta name=\"twitter:site\" content=\"@farmaceuticsbcn\" \/>\n<meta name=\"twitter:label1\" content=\"Escrito por\" \/>\n\t<meta name=\"twitter:data1\" content=\"Berta Mart\u00ednez\" \/>\n\t<meta name=\"twitter:label2\" content=\"Tiempo de lectura\" \/>\n\t<meta name=\"twitter:data2\" content=\"7 minutos\" \/>\n<script type=\"application\/ld+json\" class=\"yoast-schema-graph\">{\"@context\":\"https:\/\/schema.org\",\"@graph\":[{\"@type\":\"Article\",\"@id\":\"https:\/\/www.cofb.org\/2025\/01\/02\/forums-cofbserveis-tot-el-que-cal-saber-sobre-els-plans-de-pensio-i-la-transmissio-duna-farmacia\/#article\",\"isPartOf\":{\"@id\":\"https:\/\/www.cofb.org\/2025\/01\/02\/forums-cofbserveis-tot-el-que-cal-saber-sobre-els-plans-de-pensio-i-la-transmissio-duna-farmacia\/\"},\"author\":{\"name\":\"Berta Mart\u00ednez\",\"@id\":\"https:\/\/www.cofb.org\/#\/schema\/person\/f32de3b41b812c85ff923cb4cc849063\"},\"headline\":\"F\u00f2rums COFBServeis: tot el que cal saber sobre els plans de pensi\u00f3 i la transmissi\u00f3 d&#8217;una farm\u00e0cia\",\"datePublished\":\"2025-01-02T13:16:27+00:00\",\"dateModified\":\"2025-01-13T13:16:54+00:00\",\"mainEntityOfPage\":{\"@id\":\"https:\/\/www.cofb.org\/2025\/01\/02\/forums-cofbserveis-tot-el-que-cal-saber-sobre-els-plans-de-pensio-i-la-transmissio-duna-farmacia\/\"},\"wordCount\":1145,\"publisher\":{\"@id\":\"https:\/\/www.cofb.org\/#organization\"},\"image\":{\"@id\":\"https:\/\/www.cofb.org\/2025\/01\/02\/forums-cofbserveis-tot-el-que-cal-saber-sobre-els-plans-de-pensio-i-la-transmissio-duna-farmacia\/#primaryimage\"},\"thumbnailUrl\":\"https:\/\/www.cofb.org\/wp-content\/uploads\/2025\/01\/COFB_PENSIONS_31122024_1-scaled.jpg\",\"keywords\":[\"COFB\",\"COFBServeis\",\"Col\u00b7legi de Farmac\u00e8utics de Barcelona\",\"comprar\",\"compravenda\",\"confer\u00e8ncia\",\"contractes exclusivitat\",\"donacions\",\"economia\",\"Farm\u00e0cia\",\"farm\u00e0cia comunit\u00e0ria\",\"finances\",\"F\u00f2rum COFBServeis\",\"her\u00e8ncies\",\"impostos\",\"jubilaci\u00f3\",\"pensions\",\"Pla de pensions\",\"plans de pensions\",\"servei\",\"serveis\",\"testament\",\"transmissi\u00f3 farm\u00e0cia\",\"vendre\"],\"articleSection\":[\"Destacats\",\"M\u00f3n col\u00b7legial\"],\"inLanguage\":\"es\"},{\"@type\":\"WebPage\",\"@id\":\"https:\/\/www.cofb.org\/2025\/01\/02\/forums-cofbserveis-tot-el-que-cal-saber-sobre-els-plans-de-pensio-i-la-transmissio-duna-farmacia\/\",\"url\":\"https:\/\/www.cofb.org\/2025\/01\/02\/forums-cofbserveis-tot-el-que-cal-saber-sobre-els-plans-de-pensio-i-la-transmissio-duna-farmacia\/\",\"name\":\"F\u00f2rums COFBServeis: tot el que cal saber sobre els plans de pensi\u00f3 i la transmissi\u00f3 d'una farm\u00e0cia - Col\u00b7legi de Farmac\u00e8utics de Barcelona\",\"isPartOf\":{\"@id\":\"https:\/\/www.cofb.org\/#website\"},\"primaryImageOfPage\":{\"@id\":\"https:\/\/www.cofb.org\/2025\/01\/02\/forums-cofbserveis-tot-el-que-cal-saber-sobre-els-plans-de-pensio-i-la-transmissio-duna-farmacia\/#primaryimage\"},\"image\":{\"@id\":\"https:\/\/www.cofb.org\/2025\/01\/02\/forums-cofbserveis-tot-el-que-cal-saber-sobre-els-plans-de-pensio-i-la-transmissio-duna-farmacia\/#primaryimage\"},\"thumbnailUrl\":\"https:\/\/www.cofb.org\/wp-content\/uploads\/2025\/01\/COFB_PENSIONS_31122024_1-scaled.jpg\",\"datePublished\":\"2025-01-02T13:16:27+00:00\",\"dateModified\":\"2025-01-13T13:16:54+00:00\",\"description\":\"A finals d'any, el COFB va organitzar les confer\u00e8ncies \u201cPla de pensions, tot el que necessitem saber\u201d i \u201cHer\u00e8ncies, donacions i compravenda\u201d\",\"breadcrumb\":{\"@id\":\"https:\/\/www.cofb.org\/2025\/01\/02\/forums-cofbserveis-tot-el-que-cal-saber-sobre-els-plans-de-pensio-i-la-transmissio-duna-farmacia\/#breadcrumb\"},\"inLanguage\":\"es\",\"potentialAction\":[{\"@type\":\"ReadAction\",\"target\":[\"https:\/\/www.cofb.org\/2025\/01\/02\/forums-cofbserveis-tot-el-que-cal-saber-sobre-els-plans-de-pensio-i-la-transmissio-duna-farmacia\/\"]}]},{\"@type\":\"ImageObject\",\"inLanguage\":\"es\",\"@id\":\"https:\/\/www.cofb.org\/2025\/01\/02\/forums-cofbserveis-tot-el-que-cal-saber-sobre-els-plans-de-pensio-i-la-transmissio-duna-farmacia\/#primaryimage\",\"url\":\"https:\/\/www.cofb.org\/wp-content\/uploads\/2025\/01\/COFB_PENSIONS_31122024_1-scaled.jpg\",\"contentUrl\":\"https:\/\/www.cofb.org\/wp-content\/uploads\/2025\/01\/COFB_PENSIONS_31122024_1-scaled.jpg\",\"width\":2560,\"height\":1440},{\"@type\":\"BreadcrumbList\",\"@id\":\"https:\/\/www.cofb.org\/2025\/01\/02\/forums-cofbserveis-tot-el-que-cal-saber-sobre-els-plans-de-pensio-i-la-transmissio-duna-farmacia\/#breadcrumb\",\"itemListElement\":[{\"@type\":\"ListItem\",\"position\":1,\"name\":\"Inici\",\"item\":\"https:\/\/novaorg.cofb.net\/\"},{\"@type\":\"ListItem\",\"position\":2,\"name\":\"F\u00f2rums COFBServeis: tot el que cal saber sobre els plans de pensi\u00f3 i la transmissi\u00f3 d&#8217;una farm\u00e0cia\"}]},{\"@type\":\"WebSite\",\"@id\":\"https:\/\/www.cofb.org\/#website\",\"url\":\"https:\/\/www.cofb.org\/\",\"name\":\"Col\u00b7legi de Farmac\u00e8utics de Barcelona\",\"description\":\"\",\"publisher\":{\"@id\":\"https:\/\/www.cofb.org\/#organization\"},\"potentialAction\":[{\"@type\":\"SearchAction\",\"target\":{\"@type\":\"EntryPoint\",\"urlTemplate\":\"https:\/\/www.cofb.org\/?s={search_term_string}\"},\"query-input\":\"required name=search_term_string\"}],\"inLanguage\":\"es\"},{\"@type\":\"Organization\",\"@id\":\"https:\/\/www.cofb.org\/#organization\",\"name\":\"Col\u00b7legi de Farmac\u00e8utics de Barcelona\",\"url\":\"https:\/\/www.cofb.org\/\",\"logo\":{\"@type\":\"ImageObject\",\"inLanguage\":\"es\",\"@id\":\"https:\/\/www.cofb.org\/#\/schema\/logo\/image\/\",\"url\":\"https:\/\/www.cofb.org\/wp-content\/uploads\/2023\/11\/cropped-Logotip-COFB.png\",\"contentUrl\":\"https:\/\/www.cofb.org\/wp-content\/uploads\/2023\/11\/cropped-Logotip-COFB.png\",\"width\":500,\"height\":105,\"caption\":\"Col\u00b7legi de Farmac\u00e8utics de Barcelona\"},\"image\":{\"@id\":\"https:\/\/www.cofb.org\/#\/schema\/logo\/image\/\"},\"sameAs\":[\"https:\/\/www.facebook.com\/farmaceuticsbcn\/\",\"https:\/\/twitter.com\/farmaceuticsbcn\",\"https:\/\/www.instagram.com\/farmaceuticsbcn\/\",\"https:\/\/www.linkedin.com\/company\/farmaceuticsbcn\/\"]},{\"@type\":\"Person\",\"@id\":\"https:\/\/www.cofb.org\/#\/schema\/person\/f32de3b41b812c85ff923cb4cc849063\",\"name\":\"Berta Mart\u00ednez\",\"image\":{\"@type\":\"ImageObject\",\"inLanguage\":\"es\",\"@id\":\"https:\/\/www.cofb.org\/#\/schema\/person\/image\/\",\"url\":\"https:\/\/secure.gravatar.com\/avatar\/d4c584dab5da1ee9e3c3df161c0aabec7075cc8211cd46ffc79bfe177aa78b01?s=96&d=mm&r=g\",\"contentUrl\":\"https:\/\/secure.gravatar.com\/avatar\/d4c584dab5da1ee9e3c3df161c0aabec7075cc8211cd46ffc79bfe177aa78b01?s=96&d=mm&r=g\",\"caption\":\"Berta Mart\u00ednez\"},\"url\":\"https:\/\/www.cofb.org\/es\/author\/bmartinez\/\"}]}<\/script>\n<!-- \/ Yoast SEO plugin. -->","yoast_head_json":{"title":"F\u00f2rums COFBServeis: tot el que cal saber sobre els plans de pensi\u00f3 i la transmissi\u00f3 d'una farm\u00e0cia - Col\u00b7legi de Farmac\u00e8utics de Barcelona","description":"A finals d'any, el COFB va organitzar les confer\u00e8ncies \u201cPla de pensions, tot el que necessitem saber\u201d i \u201cHer\u00e8ncies, donacions i compravenda\u201d","robots":{"index":"index","follow":"follow","max-snippet":"max-snippet:-1","max-image-preview":"max-image-preview:large","max-video-preview":"max-video-preview:-1"},"canonical":"https:\/\/www.cofb.org\/es\/2025\/01\/02\/forums-cofbserveis-tot-el-que-cal-saber-sobre-els-plans-de-pensio-i-la-transmissio-duna-farmacia\/","og_locale":"es_ES","og_type":"article","og_title":"F\u00f2rums COFBServeis: tot el que cal saber sobre els plans de pensi\u00f3 i la transmissi\u00f3 d'una farm\u00e0cia - Col\u00b7legi de Farmac\u00e8utics de Barcelona","og_description":"A finals d'any, el COFB va organitzar les confer\u00e8ncies \u201cPla de pensions, tot el que necessitem saber\u201d i \u201cHer\u00e8ncies, donacions i compravenda\u201d","og_url":"https:\/\/www.cofb.org\/es\/2025\/01\/02\/forums-cofbserveis-tot-el-que-cal-saber-sobre-els-plans-de-pensio-i-la-transmissio-duna-farmacia\/","og_site_name":"Col\u00b7legi de Farmac\u00e8utics de Barcelona","article_publisher":"https:\/\/www.facebook.com\/farmaceuticsbcn\/","article_published_time":"2025-01-02T13:16:27+00:00","article_modified_time":"2025-01-13T13:16:54+00:00","og_image":[{"width":2560,"height":1440,"url":"https:\/\/www.cofb.org\/wp-content\/uploads\/2025\/01\/COFB_PENSIONS_31122024_1-scaled.jpg","type":"image\/jpeg"}],"author":"Berta Mart\u00ednez","twitter_card":"summary_large_image","twitter_creator":"@farmaceuticsbcn","twitter_site":"@farmaceuticsbcn","twitter_misc":{"Escrito por":"Berta Mart\u00ednez","Tiempo de lectura":"7 minutos"},"schema":{"@context":"https:\/\/schema.org","@graph":[{"@type":"Article","@id":"https:\/\/www.cofb.org\/2025\/01\/02\/forums-cofbserveis-tot-el-que-cal-saber-sobre-els-plans-de-pensio-i-la-transmissio-duna-farmacia\/#article","isPartOf":{"@id":"https:\/\/www.cofb.org\/2025\/01\/02\/forums-cofbserveis-tot-el-que-cal-saber-sobre-els-plans-de-pensio-i-la-transmissio-duna-farmacia\/"},"author":{"name":"Berta Mart\u00ednez","@id":"https:\/\/www.cofb.org\/#\/schema\/person\/f32de3b41b812c85ff923cb4cc849063"},"headline":"F\u00f2rums COFBServeis: tot el que cal saber sobre els plans de pensi\u00f3 i la transmissi\u00f3 d&#8217;una farm\u00e0cia","datePublished":"2025-01-02T13:16:27+00:00","dateModified":"2025-01-13T13:16:54+00:00","mainEntityOfPage":{"@id":"https:\/\/www.cofb.org\/2025\/01\/02\/forums-cofbserveis-tot-el-que-cal-saber-sobre-els-plans-de-pensio-i-la-transmissio-duna-farmacia\/"},"wordCount":1145,"publisher":{"@id":"https:\/\/www.cofb.org\/#organization"},"image":{"@id":"https:\/\/www.cofb.org\/2025\/01\/02\/forums-cofbserveis-tot-el-que-cal-saber-sobre-els-plans-de-pensio-i-la-transmissio-duna-farmacia\/#primaryimage"},"thumbnailUrl":"https:\/\/www.cofb.org\/wp-content\/uploads\/2025\/01\/COFB_PENSIONS_31122024_1-scaled.jpg","keywords":["COFB","COFBServeis","Col\u00b7legi de Farmac\u00e8utics de Barcelona","comprar","compravenda","confer\u00e8ncia","contractes exclusivitat","donacions","economia","Farm\u00e0cia","farm\u00e0cia comunit\u00e0ria","finances","F\u00f2rum COFBServeis","her\u00e8ncies","impostos","jubilaci\u00f3","pensions","Pla de pensions","plans de pensions","servei","serveis","testament","transmissi\u00f3 farm\u00e0cia","vendre"],"articleSection":["Destacats","M\u00f3n col\u00b7legial"],"inLanguage":"es"},{"@type":"WebPage","@id":"https:\/\/www.cofb.org\/2025\/01\/02\/forums-cofbserveis-tot-el-que-cal-saber-sobre-els-plans-de-pensio-i-la-transmissio-duna-farmacia\/","url":"https:\/\/www.cofb.org\/2025\/01\/02\/forums-cofbserveis-tot-el-que-cal-saber-sobre-els-plans-de-pensio-i-la-transmissio-duna-farmacia\/","name":"F\u00f2rums COFBServeis: tot el que cal saber sobre els plans de pensi\u00f3 i la transmissi\u00f3 d'una farm\u00e0cia - Col\u00b7legi de Farmac\u00e8utics de Barcelona","isPartOf":{"@id":"https:\/\/www.cofb.org\/#website"},"primaryImageOfPage":{"@id":"https:\/\/www.cofb.org\/2025\/01\/02\/forums-cofbserveis-tot-el-que-cal-saber-sobre-els-plans-de-pensio-i-la-transmissio-duna-farmacia\/#primaryimage"},"image":{"@id":"https:\/\/www.cofb.org\/2025\/01\/02\/forums-cofbserveis-tot-el-que-cal-saber-sobre-els-plans-de-pensio-i-la-transmissio-duna-farmacia\/#primaryimage"},"thumbnailUrl":"https:\/\/www.cofb.org\/wp-content\/uploads\/2025\/01\/COFB_PENSIONS_31122024_1-scaled.jpg","datePublished":"2025-01-02T13:16:27+00:00","dateModified":"2025-01-13T13:16:54+00:00","description":"A finals d'any, el COFB va organitzar les confer\u00e8ncies \u201cPla de pensions, tot el que necessitem saber\u201d i \u201cHer\u00e8ncies, donacions i compravenda\u201d","breadcrumb":{"@id":"https:\/\/www.cofb.org\/2025\/01\/02\/forums-cofbserveis-tot-el-que-cal-saber-sobre-els-plans-de-pensio-i-la-transmissio-duna-farmacia\/#breadcrumb"},"inLanguage":"es","potentialAction":[{"@type":"ReadAction","target":["https:\/\/www.cofb.org\/2025\/01\/02\/forums-cofbserveis-tot-el-que-cal-saber-sobre-els-plans-de-pensio-i-la-transmissio-duna-farmacia\/"]}]},{"@type":"ImageObject","inLanguage":"es","@id":"https:\/\/www.cofb.org\/2025\/01\/02\/forums-cofbserveis-tot-el-que-cal-saber-sobre-els-plans-de-pensio-i-la-transmissio-duna-farmacia\/#primaryimage","url":"https:\/\/www.cofb.org\/wp-content\/uploads\/2025\/01\/COFB_PENSIONS_31122024_1-scaled.jpg","contentUrl":"https:\/\/www.cofb.org\/wp-content\/uploads\/2025\/01\/COFB_PENSIONS_31122024_1-scaled.jpg","width":2560,"height":1440},{"@type":"BreadcrumbList","@id":"https:\/\/www.cofb.org\/2025\/01\/02\/forums-cofbserveis-tot-el-que-cal-saber-sobre-els-plans-de-pensio-i-la-transmissio-duna-farmacia\/#breadcrumb","itemListElement":[{"@type":"ListItem","position":1,"name":"Inici","item":"https:\/\/novaorg.cofb.net\/"},{"@type":"ListItem","position":2,"name":"F\u00f2rums COFBServeis: tot el que cal saber sobre els plans de pensi\u00f3 i la transmissi\u00f3 d&#8217;una farm\u00e0cia"}]},{"@type":"WebSite","@id":"https:\/\/www.cofb.org\/#website","url":"https:\/\/www.cofb.org\/","name":"Col\u00b7legi de Farmac\u00e8utics de Barcelona","description":"","publisher":{"@id":"https:\/\/www.cofb.org\/#organization"},"potentialAction":[{"@type":"SearchAction","target":{"@type":"EntryPoint","urlTemplate":"https:\/\/www.cofb.org\/?s={search_term_string}"},"query-input":"required name=search_term_string"}],"inLanguage":"es"},{"@type":"Organization","@id":"https:\/\/www.cofb.org\/#organization","name":"Col\u00b7legi de Farmac\u00e8utics de Barcelona","url":"https:\/\/www.cofb.org\/","logo":{"@type":"ImageObject","inLanguage":"es","@id":"https:\/\/www.cofb.org\/#\/schema\/logo\/image\/","url":"https:\/\/www.cofb.org\/wp-content\/uploads\/2023\/11\/cropped-Logotip-COFB.png","contentUrl":"https:\/\/www.cofb.org\/wp-content\/uploads\/2023\/11\/cropped-Logotip-COFB.png","width":500,"height":105,"caption":"Col\u00b7legi de Farmac\u00e8utics de Barcelona"},"image":{"@id":"https:\/\/www.cofb.org\/#\/schema\/logo\/image\/"},"sameAs":["https:\/\/www.facebook.com\/farmaceuticsbcn\/","https:\/\/twitter.com\/farmaceuticsbcn","https:\/\/www.instagram.com\/farmaceuticsbcn\/","https:\/\/www.linkedin.com\/company\/farmaceuticsbcn\/"]},{"@type":"Person","@id":"https:\/\/www.cofb.org\/#\/schema\/person\/f32de3b41b812c85ff923cb4cc849063","name":"Berta Mart\u00ednez","image":{"@type":"ImageObject","inLanguage":"es","@id":"https:\/\/www.cofb.org\/#\/schema\/person\/image\/","url":"https:\/\/secure.gravatar.com\/avatar\/d4c584dab5da1ee9e3c3df161c0aabec7075cc8211cd46ffc79bfe177aa78b01?s=96&d=mm&r=g","contentUrl":"https:\/\/secure.gravatar.com\/avatar\/d4c584dab5da1ee9e3c3df161c0aabec7075cc8211cd46ffc79bfe177aa78b01?s=96&d=mm&r=g","caption":"Berta Mart\u00ednez"},"url":"https:\/\/www.cofb.org\/es\/author\/bmartinez\/"}]}},"uagb_featured_image_src":{"full":["https:\/\/www.cofb.org\/wp-content\/uploads\/2025\/01\/COFB_PENSIONS_31122024_1-scaled.jpg",2560,1440,false],"thumbnail":["https:\/\/www.cofb.org\/wp-content\/uploads\/2025\/01\/COFB_PENSIONS_31122024_1-150x150.jpg",150,150,true],"medium":["https:\/\/www.cofb.org\/wp-content\/uploads\/2025\/01\/COFB_PENSIONS_31122024_1-300x169.jpg",300,169,true],"medium_large":["https:\/\/www.cofb.org\/wp-content\/uploads\/2025\/01\/COFB_PENSIONS_31122024_1-768x432.jpg",768,432,true],"large":["https:\/\/www.cofb.org\/wp-content\/uploads\/2025\/01\/COFB_PENSIONS_31122024_1-1024x576.jpg",1024,576,true],"1536x1536":["https:\/\/www.cofb.org\/wp-content\/uploads\/2025\/01\/COFB_PENSIONS_31122024_1-1536x864.jpg",1536,864,true],"2048x2048":["https:\/\/www.cofb.org\/wp-content\/uploads\/2025\/01\/COFB_PENSIONS_31122024_1-2048x1152.jpg",2048,1152,true],"trp-custom-language-flag":["https:\/\/www.cofb.org\/wp-content\/uploads\/2025\/01\/COFB_PENSIONS_31122024_1-18x10.jpg",18,10,true]},"uagb_author_info":{"display_name":"Berta Mart\u00ednez","author_link":"https:\/\/www.cofb.org\/es\/author\/bmartinez\/"},"uagb_comment_info":0,"uagb_excerpt":"Als mesos de novembre i desembre es van celebrar al Col\u00b7legi les confer\u00e8ncies \u201cPla de pensions, tot el que necessitem saber\u201d i \u201cHer\u00e8ncies, donacions i compravenda\u201d, amb el patrocini de COFBServeis. Plans de pensions i les seves caracter\u00edstiques El 20 de novembre, es va organitzar la confer\u00e8ncia \u201cPla de pensions, [&hellip;]","_links":{"self":[{"href":"https:\/\/www.cofb.org\/es\/wp-json\/wp\/v2\/posts\/80301","targetHints":{"allow":["GET"]}}],"collection":[{"href":"https:\/\/www.cofb.org\/es\/wp-json\/wp\/v2\/posts"}],"about":[{"href":"https:\/\/www.cofb.org\/es\/wp-json\/wp\/v2\/types\/post"}],"author":[{"embeddable":true,"href":"https:\/\/www.cofb.org\/es\/wp-json\/wp\/v2\/users\/3"}],"replies":[{"embeddable":true,"href":"https:\/\/www.cofb.org\/es\/wp-json\/wp\/v2\/comments?post=80301"}],"version-history":[{"count":22,"href":"https:\/\/www.cofb.org\/es\/wp-json\/wp\/v2\/posts\/80301\/revisions"}],"predecessor-version":[{"id":80401,"href":"https:\/\/www.cofb.org\/es\/wp-json\/wp\/v2\/posts\/80301\/revisions\/80401"}],"wp:featuredmedia":[{"embeddable":true,"href":"https:\/\/www.cofb.org\/es\/wp-json\/wp\/v2\/media\/80307"}],"wp:attachment":[{"href":"https:\/\/www.cofb.org\/es\/wp-json\/wp\/v2\/media?parent=80301"}],"wp:term":[{"taxonomy":"category","embeddable":true,"href":"https:\/\/www.cofb.org\/es\/wp-json\/wp\/v2\/categories?post=80301"},{"taxonomy":"post_tag","embeddable":true,"href":"https:\/\/www.cofb.org\/es\/wp-json\/wp\/v2\/tags?post=80301"}],"curies":[{"name":"wp","href":"https:\/\/api.w.org\/{rel}","templated":true}]}}