{"id":80070,"date":"2024-12-05T13:58:52","date_gmt":"2024-12-05T13:58:52","guid":{"rendered":"https:\/\/www.cofb.org\/?p=80070"},"modified":"2024-12-05T16:05:01","modified_gmt":"2024-12-05T16:05:01","slug":"el-seguiment-farmacoterapeutic-de-psicofarmacs-clau-per-prevenir-des-de-la-farmacia-comunitaria-el-risc-de-suicidi","status":"publish","type":"post","link":"https:\/\/www.cofb.org\/es\/2024\/12\/05\/el-seguiment-farmacoterapeutic-de-psicofarmacs-clau-per-prevenir-des-de-la-farmacia-comunitaria-el-risc-de-suicidi\/","title":{"rendered":"El seguimiento farmacoterap\u00e9utico de psicof\u00e1rmacos, clave para prevenir desde la farmacia comunitaria el riesgo de suicidio"},"content":{"rendered":"<ul class=\"wp-block-list\">\n<li>En el marco de la tertulia de actualidad \u201cPrevenci\u00f3n del suicidio. \u00bfQu\u00e9 podemos hacer desde la farmacia comunitaria?\u201d, que organiz\u00f3 el Colegio de Farmac\u00e9uticos de Barcelona, con el patrocinio de Lundbeck, se establecieron las l\u00edneas b\u00e1sicas de actuaci\u00f3n de esta problem\u00e1tica frente a personas con ideaciones o conductas suicidas<\/li>\n\n\n\n<li>Los farmac\u00e9uticos y farmac\u00e9uticas comunitarias, como agentes de salud, pueden intervenir en la prevenci\u00f3n del suicidio identificando, interviniendo y acompa\u00f1ando a los usuarios desde la oficina de farmacia<\/li>\n\n\n\n<li>El suicidio es la segunda causa de mortalidad entre j\u00f3venes de 15 a 29 a\u00f1os y es la tercera causa de a\u00f1os potenciales de vida perdidos. Para abordarlo, el Plan de Salud cuenta con el Plan de Prevenci\u00f3n del Suicidio de Catalu\u00f1a 2021-2025 (PLAPRESC)<\/li>\n<\/ul>\n\n\n\n<figure class=\"wp-block-image size-large\"><a href=\"https:\/\/www.cofb.org\/wp-content\/uploads\/2024\/12\/COFB_PREVENCIO-DEL-SUICIDI_05122024_1.jpg\" target=\"_blank\" rel=\"noreferrer noopener\"><img fetchpriority=\"high\" decoding=\"async\" width=\"1024\" height=\"645\" src=\"https:\/\/www.cofb.org\/wp-content\/uploads\/2024\/12\/COFB_PREVENCIO-DEL-SUICIDI_05122024_1-1024x645.jpg\" alt=\"D'esquerra a dreta: Diego Palao, Cecilia Borr\u00e0s, Clara Rubio i Llu\u00eds Garc\u00eda.\" class=\"wp-image-80073\" srcset=\"https:\/\/www.cofb.org\/wp-content\/uploads\/2024\/12\/COFB_PREVENCIO-DEL-SUICIDI_05122024_1-1024x645.jpg 1024w, https:\/\/www.cofb.org\/wp-content\/uploads\/2024\/12\/COFB_PREVENCIO-DEL-SUICIDI_05122024_1-300x189.jpg 300w, https:\/\/www.cofb.org\/wp-content\/uploads\/2024\/12\/COFB_PREVENCIO-DEL-SUICIDI_05122024_1-768x484.jpg 768w, https:\/\/www.cofb.org\/wp-content\/uploads\/2024\/12\/COFB_PREVENCIO-DEL-SUICIDI_05122024_1-1536x967.jpg 1536w, https:\/\/www.cofb.org\/wp-content\/uploads\/2024\/12\/COFB_PREVENCIO-DEL-SUICIDI_05122024_1-2048x1290.jpg 2048w, https:\/\/www.cofb.org\/wp-content\/uploads\/2024\/12\/COFB_PREVENCIO-DEL-SUICIDI_05122024_1-18x12.jpg 18w\" sizes=\"(max-width: 1024px) 100vw, 1024px\" \/><\/a><figcaption class=\"wp-element-caption\">De izquierda a derecha: Diego Palao, Cecilia Borr\u00e0s, Clara Rubio y Llu\u00eds Garc\u00eda.<\/figcaption><\/figure>\n\n\n\n<p><em>Barcelona, 5 de diciembre de 2024 <\/em><strong>\u201cLa adherencia terap\u00e9utica de tratamientos con psicof\u00e1rmacos es un factor clave para prevenir el suicidio u otras patolog\u00edas mediante el seguimiento farmacoterap\u00e9utico con Sistemas Personalizados de Dosificaci\u00f3n (SPD) y la revisi\u00f3n del botiqu\u00edn\u201d<\/strong>, asegur\u00f3 <strong>Luis Garc\u00eda<\/strong>, vocal de Ortopedia del Colegio de Farmac\u00e9uticos de Barcelona (COFB), en el marco de la tertulia de actualidad <strong>\u201cPrevenci\u00f3n del suicidio. \u00bfQu\u00e9 podemos hacer desde la farmacia comunitaria?\u201d,<\/strong> organizada por el COFB con el patrocinio de Lundbeck. Garc\u00eda posicion\u00f3 <strong>la farmacia comunitaria como un punto estrat\u00e9gico para la prevenci\u00f3n del suicidio <\/strong>y detall\u00f3 c\u00f3mo los farmac\u00e9uticos y farmac\u00e9uticas, por su proximidad y como agentes de salud, pueden <strong>intervenir en este sentido<\/strong>.<\/p>\n\n\n\n<h2 class=\"wp-block-heading\"><strong>\u00bfC\u00f3mo prevenir el suicidio desde la farmacia comunitaria?<\/strong><\/h2>\n\n\n\n<p><strong>&quot;Sabemos que el suicidio se puede prevenir y, por tanto, nuestro objetivo es reducir estas tasas&quot;<\/strong>, indic\u00f3 <strong>Diego Palao<\/strong>, psiquiatra, director de Salud Mental en el Consorcio Corporaci\u00f3n Sanitaria Parc Taul\u00ed de Sabadell, director del Departamento de Psiquiatr\u00eda y Medicina Legal de la UAB, y coordinador del Plan de Prevenci\u00f3n del Suicidio de Catalu\u00f1a (PLAPRESC).<\/p>\n\n\n\n<p>As\u00ed pues, en un contexto en el que el suicidio es una de las principales causas de muerte evitables en Espa\u00f1a, la colaboraci\u00f3n entre los distintos agentes de salud es clave en la prevenci\u00f3n del suicidio. Desde la farmacia comunitaria, como espacio accesible y de confianza, <strong>se puede intervenir en la prevenci\u00f3n de esta problem\u00e1tica<\/strong> <strong>identificando se\u00f1ales de alerta<\/strong>, c\u00f3mo <strong>&quot;el cambio brusco de rutinas habituales en cuanto a h\u00e1bitos de sue\u00f1o, alimentaci\u00f3n o higiene, o tambi\u00e9n si el paciente deja de retirar la medicaci\u00f3n&quot;<\/strong>, explic\u00f3 el vocal del COFB.<\/p>\n\n\n\n<figure class=\"wp-block-image size-large\"><a href=\"https:\/\/www.cofb.org\/wp-content\/uploads\/2024\/12\/COFB_PREVENCIO-DEL-SUICIDI_05122024_2.jpg\" target=\"_blank\" rel=\"noreferrer noopener\"><img decoding=\"async\" width=\"1024\" height=\"739\" src=\"https:\/\/www.cofb.org\/wp-content\/uploads\/2024\/12\/COFB_PREVENCIO-DEL-SUICIDI_05122024_2-1024x739.jpg\" alt=\"D'esquerra a dreta: Llu\u00eds Garc\u00eda, Cecilia Borr\u00e0s, Diego Palao i Clara Rubio.\" class=\"wp-image-80074\" srcset=\"https:\/\/www.cofb.org\/wp-content\/uploads\/2024\/12\/COFB_PREVENCIO-DEL-SUICIDI_05122024_2-1024x739.jpg 1024w, https:\/\/www.cofb.org\/wp-content\/uploads\/2024\/12\/COFB_PREVENCIO-DEL-SUICIDI_05122024_2-300x216.jpg 300w, https:\/\/www.cofb.org\/wp-content\/uploads\/2024\/12\/COFB_PREVENCIO-DEL-SUICIDI_05122024_2-768x554.jpg 768w, https:\/\/www.cofb.org\/wp-content\/uploads\/2024\/12\/COFB_PREVENCIO-DEL-SUICIDI_05122024_2-18x12.jpg 18w, https:\/\/www.cofb.org\/wp-content\/uploads\/2024\/12\/COFB_PREVENCIO-DEL-SUICIDI_05122024_2.jpg 1343w\" sizes=\"(max-width: 1024px) 100vw, 1024px\" \/><\/a><figcaption class=\"wp-element-caption\">De izquierda a derecha: Luis Garc\u00eda, Cecilia Borr\u00e0s, Diego Palao y Clara Rubio.<\/figcaption><\/figure>\n\n\n\n<p>En este sentido, recomend\u00f3 <strong>intervenir y &quot;acompa\u00f1ar a la persona a la zona de atenci\u00f3n personalizada para abordar esta problem\u00e1tica de forma asertiva&quot;. <\/strong>En la <strong>intervenci\u00f3n farmac\u00e9utica<\/strong>, resalt\u00f3 la importancia del seguimiento farmacoterap\u00e9utico para la promoci\u00f3n de la adherencia terap\u00e9utica, con sistemas personalizados de dosificaci\u00f3n (SPD) o la revisi\u00f3n y control del botiqu\u00edn.<\/p>\n\n\n\n<p>Por \u00faltimo, Garc\u00eda recomend\u00f3 <strong>acompa\u00f1ar &quot;ofreciendo ayuda concreta, utilizando los recursos comunitarios y sanitarios disponibles&quot;<\/strong>. Los farmac\u00e9uticos, como profesionales sanitarios, disponen del <strong>tel\u00e9fono 061<\/strong>, a trav\u00e9s de la Mesa de prevenci\u00f3n del riesgo de suicidio; y el <strong>tel\u00e9fono 112<\/strong>, correspondiente al servicio de emergencias, por si existe riesgo inminente en la farmacia y hay que actuar r\u00e1pidamente.<\/p>\n\n\n\n<h2 class=\"wp-block-heading\"><strong>El suicidio es la tercera causa de a\u00f1os de vida perdidos en Espa\u00f1a<\/strong><\/h2>\n\n\n\n<p>En Espa\u00f1a, seg\u00fan indic\u00f3 <strong>Diego Palao<\/strong>, <strong>el suicidio es la segunda causa de mortalidad entre j\u00f3venes de 15 a 29 a\u00f1os y es la tercera causa de a\u00f1os potenciales de vida perdidos<\/strong>. Estos indicadores epidemiol\u00f3gicos subrayan la necesidad de reforzar los esfuerzos en la prevenci\u00f3n y atenci\u00f3n del suicidio. Para abordarlo, el <strong>Plan de Salud<\/strong> cuenta con el <strong>Plan de Prevenci\u00f3n del Suicidio de Catalu\u00f1a 2021-2025 (PLAPRESC)<\/strong>, para hacer efectiva la <strong>prevenci\u00f3n y abordaje de conductas suicidas, mejorando as\u00ed la calidad de vida de la poblaci\u00f3n<\/strong>.<\/p>\n\n\n\n<p>A lo largo de la tertulia de actualidad, tambi\u00e9n intervinieron <strong>Cecilia Borr\u00e0s<\/strong>, psic\u00f3loga, presidenta y fundadora de Tras el Suicidio \u2013 Asociaci\u00f3n de Supervivientes (DSAS), y <strong>Clara Rubio<\/strong>, superviviente y presidenta de la Asociaci\u00f3n Catalana para la Prevenci\u00f3n Suicidio (ACPS). En sus intervenciones profundizaron los <strong>principales mitos, factores de riesgo individuales y familiares y\/o contextuales y factores protectores<\/strong>.<\/p>","protected":false},"excerpt":{"rendered":"<p>Barcelona, 5 de diciembre de 2024. \u201cLa adherencia terap\u00e9utica de tratamientos con psicof\u00e1rmacos es un factor clave para prevenir el suicidio u otras patolog\u00edas mediante el seguimiento farmacoterap\u00e9utico con Sistemas Personalizados de Dosificaci\u00f3n (SPD) y la revisi\u00f3n del botiqu\u00edn\u201d, asegur\u00f3 Luis Garc\u00eda, vocal de Ortopedia del Colegio de Farmac\u00e9uticos de [\u2026]<\/p>","protected":false},"author":3,"featured_media":80073,"comment_status":"closed","ping_status":"closed","sticky":false,"template":"","format":"aside","meta":{"_uag_custom_page_level_css":"","site-sidebar-layout":"default","site-content-layout":"","ast-site-content-layout":"default","site-content-style":"default","site-sidebar-style":"default","ast-global-header-display":"","ast-banner-title-visibility":"","ast-main-header-display":"","ast-hfb-above-header-display":"","ast-hfb-below-header-display":"","ast-hfb-mobile-header-display":"","site-post-title":"","ast-breadcrumbs-content":"","ast-featured-img":"disabled","footer-sml-layout":"","theme-transparent-header-meta":"","adv-header-id-meta":"","stick-header-meta":"","header-above-stick-meta":"","header-main-stick-meta":"","header-below-stick-meta":"","astra-migrate-meta-layouts":"set","ast-page-background-enabled":"default","ast-page-background-meta":{"desktop":{"background-color":"var(--ast-global-color-4)","background-image":"","background-repeat":"repeat","background-position":"center center","background-size":"auto","background-attachment":"scroll","background-type":"","background-media":"","overlay-type":"","overlay-color":"","overlay-opacity":"","overlay-gradient":""},"tablet":{"background-color":"","background-image":"","background-repeat":"repeat","background-position":"center center","background-size":"auto","background-attachment":"scroll","background-type":"","background-media":"","overlay-type":"","overlay-color":"","overlay-opacity":"","overlay-gradient":""},"mobile":{"background-color":"","background-image":"","background-repeat":"repeat","background-position":"center center","background-size":"auto","background-attachment":"scroll","background-type":"","background-media":"","overlay-type":"","overlay-color":"","overlay-opacity":"","overlay-gradient":""}},"ast-content-background-meta":{"desktop":{"background-color":"var(--ast-global-color-5)","background-image":"","background-repeat":"repeat","background-position":"center center","background-size":"auto","background-attachment":"scroll","background-type":"","background-media":"","overlay-type":"","overlay-color":"","overlay-opacity":"","overlay-gradient":""},"tablet":{"background-color":"var(--ast-global-color-5)","background-image":"","background-repeat":"repeat","background-position":"center center","background-size":"auto","background-attachment":"scroll","background-type":"","background-media":"","overlay-type":"","overlay-color":"","overlay-opacity":"","overlay-gradient":""},"mobile":{"background-color":"var(--ast-global-color-5)","background-image":"","background-repeat":"repeat","background-position":"center center","background-size":"auto","background-attachment":"scroll","background-type":"","background-media":"","overlay-type":"","overlay-color":"","overlay-opacity":"","overlay-gradient":""}},"footnotes":""},"categories":[23,1060],"tags":[64,18,19,53,68,69,70,264,5183,5184,305],"class_list":["post-80070","post","type-post","status-publish","format-aside","has-post-thumbnail","hentry","category-destacats","category-notes-premsa","tag-atencio-farmaceutica","tag-cofb","tag-collegi-de-farmaceutics-de-barcelona","tag-farmaceutics","tag-farmacia","tag-farmacia-comunitaria","tag-formacio","tag-prevencio","tag-prevencio-suicidi","tag-suicidi","tag-vocal-dortopedia","post_format-post-format-aside"],"yoast_head":"<!-- This site is optimized with the Yoast SEO plugin v22.4 - https:\/\/yoast.com\/wordpress\/plugins\/seo\/ -->\n<title>El seguiment farmacoterap\u00e8utic de psicof\u00e0rmacs, clau per prevenir des de la farm\u00e0cia comunit\u00e0ria el risc de su\u00efcidi - Col\u00b7legi de Farmac\u00e8utics de Barcelona<\/title>\n<meta name=\"description\" content=\"L\u2019adher\u00e8ncia terap\u00e8utica de tractaments amb psicof\u00e0rmacs \u00e9s un factor clau per prevenir el su\u00efcidi mitjan\u00e7ant el seguiment farmacoterap\u00e8utic\" \/>\n<meta name=\"robots\" content=\"index, follow, max-snippet:-1, max-image-preview:large, max-video-preview:-1\" \/>\n<link rel=\"canonical\" href=\"https:\/\/www.cofb.org\/es\/2024\/12\/05\/el-seguiment-farmacoterapeutic-de-psicofarmacs-clau-per-prevenir-des-de-la-farmacia-comunitaria-el-risc-de-suicidi\/\" \/>\n<meta property=\"og:locale\" content=\"es_ES\" \/>\n<meta property=\"og:type\" content=\"article\" \/>\n<meta property=\"og:title\" content=\"El seguiment farmacoterap\u00e8utic de psicof\u00e0rmacs, clau per prevenir des de la farm\u00e0cia comunit\u00e0ria el risc de su\u00efcidi - Col\u00b7legi de Farmac\u00e8utics de Barcelona\" \/>\n<meta property=\"og:description\" content=\"L\u2019adher\u00e8ncia terap\u00e8utica de tractaments amb psicof\u00e0rmacs \u00e9s un factor clau per prevenir el su\u00efcidi mitjan\u00e7ant el seguiment farmacoterap\u00e8utic\" \/>\n<meta property=\"og:url\" content=\"https:\/\/www.cofb.org\/es\/2024\/12\/05\/el-seguiment-farmacoterapeutic-de-psicofarmacs-clau-per-prevenir-des-de-la-farmacia-comunitaria-el-risc-de-suicidi\/\" \/>\n<meta property=\"og:site_name\" content=\"Col\u00b7legi de Farmac\u00e8utics de Barcelona\" \/>\n<meta property=\"article:publisher\" content=\"https:\/\/www.facebook.com\/farmaceuticsbcn\/\" \/>\n<meta property=\"article:published_time\" content=\"2024-12-05T13:58:52+00:00\" \/>\n<meta property=\"article:modified_time\" content=\"2024-12-05T16:05:01+00:00\" \/>\n<meta property=\"og:image\" content=\"https:\/\/www.cofb.org\/wp-content\/uploads\/2024\/12\/COFB_PREVENCIO-DEL-SUICIDI_05122024_1.jpg\" \/>\n\t<meta property=\"og:image:width\" content=\"2247\" \/>\n\t<meta property=\"og:image:height\" content=\"1415\" \/>\n\t<meta property=\"og:image:type\" content=\"image\/jpeg\" \/>\n<meta name=\"author\" content=\"Berta Mart\u00ednez\" \/>\n<meta name=\"twitter:card\" content=\"summary_large_image\" \/>\n<meta name=\"twitter:creator\" content=\"@farmaceuticsbcn\" \/>\n<meta name=\"twitter:site\" content=\"@farmaceuticsbcn\" \/>\n<meta name=\"twitter:label1\" content=\"Escrito por\" \/>\n\t<meta name=\"twitter:data1\" content=\"Berta Mart\u00ednez\" \/>\n\t<meta name=\"twitter:label2\" content=\"Tiempo de lectura\" \/>\n\t<meta name=\"twitter:data2\" content=\"5 minutos\" \/>\n<script type=\"application\/ld+json\" class=\"yoast-schema-graph\">{\"@context\":\"https:\/\/schema.org\",\"@graph\":[{\"@type\":\"Article\",\"@id\":\"https:\/\/www.cofb.org\/2024\/12\/05\/el-seguiment-farmacoterapeutic-de-psicofarmacs-clau-per-prevenir-des-de-la-farmacia-comunitaria-el-risc-de-suicidi\/#article\",\"isPartOf\":{\"@id\":\"https:\/\/www.cofb.org\/2024\/12\/05\/el-seguiment-farmacoterapeutic-de-psicofarmacs-clau-per-prevenir-des-de-la-farmacia-comunitaria-el-risc-de-suicidi\/\"},\"author\":{\"name\":\"Berta Mart\u00ednez\",\"@id\":\"https:\/\/www.cofb.org\/#\/schema\/person\/f32de3b41b812c85ff923cb4cc849063\"},\"headline\":\"El seguiment farmacoterap\u00e8utic de psicof\u00e0rmacs, clau per prevenir des de la farm\u00e0cia comunit\u00e0ria el risc de su\u00efcidi\",\"datePublished\":\"2024-12-05T13:58:52+00:00\",\"dateModified\":\"2024-12-05T16:05:01+00:00\",\"mainEntityOfPage\":{\"@id\":\"https:\/\/www.cofb.org\/2024\/12\/05\/el-seguiment-farmacoterapeutic-de-psicofarmacs-clau-per-prevenir-des-de-la-farmacia-comunitaria-el-risc-de-suicidi\/\"},\"wordCount\":815,\"publisher\":{\"@id\":\"https:\/\/www.cofb.org\/#organization\"},\"image\":{\"@id\":\"https:\/\/www.cofb.org\/2024\/12\/05\/el-seguiment-farmacoterapeutic-de-psicofarmacs-clau-per-prevenir-des-de-la-farmacia-comunitaria-el-risc-de-suicidi\/#primaryimage\"},\"thumbnailUrl\":\"https:\/\/www.cofb.org\/wp-content\/uploads\/2024\/12\/COFB_PREVENCIO-DEL-SUICIDI_05122024_1.jpg\",\"keywords\":[\"Atenci\u00f3 farmac\u00e8utica\",\"COFB\",\"Col\u00b7legi de Farmac\u00e8utics de Barcelona\",\"farmac\u00e8utics\",\"Farm\u00e0cia\",\"farm\u00e0cia comunit\u00e0ria\",\"Formaci\u00f3\",\"prevenci\u00f3\",\"prevenci\u00f3 su\u00efcidi\",\"su\u00efcidi\",\"Vocal d'Ortop\u00e8dia\"],\"articleSection\":[\"Destacats\",\"Notes de premsa\"],\"inLanguage\":\"es\"},{\"@type\":\"WebPage\",\"@id\":\"https:\/\/www.cofb.org\/2024\/12\/05\/el-seguiment-farmacoterapeutic-de-psicofarmacs-clau-per-prevenir-des-de-la-farmacia-comunitaria-el-risc-de-suicidi\/\",\"url\":\"https:\/\/www.cofb.org\/2024\/12\/05\/el-seguiment-farmacoterapeutic-de-psicofarmacs-clau-per-prevenir-des-de-la-farmacia-comunitaria-el-risc-de-suicidi\/\",\"name\":\"El seguiment farmacoterap\u00e8utic de psicof\u00e0rmacs, clau per prevenir des de la farm\u00e0cia comunit\u00e0ria el risc de su\u00efcidi - Col\u00b7legi de Farmac\u00e8utics de Barcelona\",\"isPartOf\":{\"@id\":\"https:\/\/www.cofb.org\/#website\"},\"primaryImageOfPage\":{\"@id\":\"https:\/\/www.cofb.org\/2024\/12\/05\/el-seguiment-farmacoterapeutic-de-psicofarmacs-clau-per-prevenir-des-de-la-farmacia-comunitaria-el-risc-de-suicidi\/#primaryimage\"},\"image\":{\"@id\":\"https:\/\/www.cofb.org\/2024\/12\/05\/el-seguiment-farmacoterapeutic-de-psicofarmacs-clau-per-prevenir-des-de-la-farmacia-comunitaria-el-risc-de-suicidi\/#primaryimage\"},\"thumbnailUrl\":\"https:\/\/www.cofb.org\/wp-content\/uploads\/2024\/12\/COFB_PREVENCIO-DEL-SUICIDI_05122024_1.jpg\",\"datePublished\":\"2024-12-05T13:58:52+00:00\",\"dateModified\":\"2024-12-05T16:05:01+00:00\",\"description\":\"L\u2019adher\u00e8ncia terap\u00e8utica de tractaments amb psicof\u00e0rmacs \u00e9s un factor clau per prevenir el su\u00efcidi mitjan\u00e7ant el seguiment farmacoterap\u00e8utic\",\"breadcrumb\":{\"@id\":\"https:\/\/www.cofb.org\/2024\/12\/05\/el-seguiment-farmacoterapeutic-de-psicofarmacs-clau-per-prevenir-des-de-la-farmacia-comunitaria-el-risc-de-suicidi\/#breadcrumb\"},\"inLanguage\":\"es\",\"potentialAction\":[{\"@type\":\"ReadAction\",\"target\":[\"https:\/\/www.cofb.org\/2024\/12\/05\/el-seguiment-farmacoterapeutic-de-psicofarmacs-clau-per-prevenir-des-de-la-farmacia-comunitaria-el-risc-de-suicidi\/\"]}]},{\"@type\":\"ImageObject\",\"inLanguage\":\"es\",\"@id\":\"https:\/\/www.cofb.org\/2024\/12\/05\/el-seguiment-farmacoterapeutic-de-psicofarmacs-clau-per-prevenir-des-de-la-farmacia-comunitaria-el-risc-de-suicidi\/#primaryimage\",\"url\":\"https:\/\/www.cofb.org\/wp-content\/uploads\/2024\/12\/COFB_PREVENCIO-DEL-SUICIDI_05122024_1.jpg\",\"contentUrl\":\"https:\/\/www.cofb.org\/wp-content\/uploads\/2024\/12\/COFB_PREVENCIO-DEL-SUICIDI_05122024_1.jpg\",\"width\":2247,\"height\":1415,\"caption\":\"D'esquerra a dreta: Diego Palao, Cecilia Borr\u00e0s, Clara Rubio i Llu\u00eds Garc\u00eda.\"},{\"@type\":\"BreadcrumbList\",\"@id\":\"https:\/\/www.cofb.org\/2024\/12\/05\/el-seguiment-farmacoterapeutic-de-psicofarmacs-clau-per-prevenir-des-de-la-farmacia-comunitaria-el-risc-de-suicidi\/#breadcrumb\",\"itemListElement\":[{\"@type\":\"ListItem\",\"position\":1,\"name\":\"Inici\",\"item\":\"https:\/\/novaorg.cofb.net\/\"},{\"@type\":\"ListItem\",\"position\":2,\"name\":\"El seguiment farmacoterap\u00e8utic de psicof\u00e0rmacs, clau per prevenir des de la farm\u00e0cia comunit\u00e0ria el risc de su\u00efcidi\"}]},{\"@type\":\"WebSite\",\"@id\":\"https:\/\/www.cofb.org\/#website\",\"url\":\"https:\/\/www.cofb.org\/\",\"name\":\"Col\u00b7legi de Farmac\u00e8utics de Barcelona\",\"description\":\"\",\"publisher\":{\"@id\":\"https:\/\/www.cofb.org\/#organization\"},\"potentialAction\":[{\"@type\":\"SearchAction\",\"target\":{\"@type\":\"EntryPoint\",\"urlTemplate\":\"https:\/\/www.cofb.org\/?s={search_term_string}\"},\"query-input\":\"required name=search_term_string\"}],\"inLanguage\":\"es\"},{\"@type\":\"Organization\",\"@id\":\"https:\/\/www.cofb.org\/#organization\",\"name\":\"Col\u00b7legi de Farmac\u00e8utics de Barcelona\",\"url\":\"https:\/\/www.cofb.org\/\",\"logo\":{\"@type\":\"ImageObject\",\"inLanguage\":\"es\",\"@id\":\"https:\/\/www.cofb.org\/#\/schema\/logo\/image\/\",\"url\":\"https:\/\/www.cofb.org\/wp-content\/uploads\/2023\/11\/cropped-Logotip-COFB.png\",\"contentUrl\":\"https:\/\/www.cofb.org\/wp-content\/uploads\/2023\/11\/cropped-Logotip-COFB.png\",\"width\":500,\"height\":105,\"caption\":\"Col\u00b7legi de Farmac\u00e8utics de Barcelona\"},\"image\":{\"@id\":\"https:\/\/www.cofb.org\/#\/schema\/logo\/image\/\"},\"sameAs\":[\"https:\/\/www.facebook.com\/farmaceuticsbcn\/\",\"https:\/\/twitter.com\/farmaceuticsbcn\",\"https:\/\/www.instagram.com\/farmaceuticsbcn\/\",\"https:\/\/www.linkedin.com\/company\/farmaceuticsbcn\/\"]},{\"@type\":\"Person\",\"@id\":\"https:\/\/www.cofb.org\/#\/schema\/person\/f32de3b41b812c85ff923cb4cc849063\",\"name\":\"Berta Mart\u00ednez\",\"image\":{\"@type\":\"ImageObject\",\"inLanguage\":\"es\",\"@id\":\"https:\/\/www.cofb.org\/#\/schema\/person\/image\/\",\"url\":\"https:\/\/secure.gravatar.com\/avatar\/d4c584dab5da1ee9e3c3df161c0aabec7075cc8211cd46ffc79bfe177aa78b01?s=96&d=mm&r=g\",\"contentUrl\":\"https:\/\/secure.gravatar.com\/avatar\/d4c584dab5da1ee9e3c3df161c0aabec7075cc8211cd46ffc79bfe177aa78b01?s=96&d=mm&r=g\",\"caption\":\"Berta Mart\u00ednez\"},\"url\":\"https:\/\/www.cofb.org\/es\/author\/bmartinez\/\"}]}<\/script>\n<!-- \/ Yoast SEO plugin. -->","yoast_head_json":{"title":"El seguiment farmacoterap\u00e8utic de psicof\u00e0rmacs, clau per prevenir des de la farm\u00e0cia comunit\u00e0ria el risc de su\u00efcidi - Col\u00b7legi de Farmac\u00e8utics de Barcelona","description":"L\u2019adher\u00e8ncia terap\u00e8utica de tractaments amb psicof\u00e0rmacs \u00e9s un factor clau per prevenir el su\u00efcidi mitjan\u00e7ant el seguiment farmacoterap\u00e8utic","robots":{"index":"index","follow":"follow","max-snippet":"max-snippet:-1","max-image-preview":"max-image-preview:large","max-video-preview":"max-video-preview:-1"},"canonical":"https:\/\/www.cofb.org\/es\/2024\/12\/05\/el-seguiment-farmacoterapeutic-de-psicofarmacs-clau-per-prevenir-des-de-la-farmacia-comunitaria-el-risc-de-suicidi\/","og_locale":"es_ES","og_type":"article","og_title":"El seguiment farmacoterap\u00e8utic de psicof\u00e0rmacs, clau per prevenir des de la farm\u00e0cia comunit\u00e0ria el risc de su\u00efcidi - Col\u00b7legi de Farmac\u00e8utics de Barcelona","og_description":"L\u2019adher\u00e8ncia terap\u00e8utica de tractaments amb psicof\u00e0rmacs \u00e9s un factor clau per prevenir el su\u00efcidi mitjan\u00e7ant el seguiment farmacoterap\u00e8utic","og_url":"https:\/\/www.cofb.org\/es\/2024\/12\/05\/el-seguiment-farmacoterapeutic-de-psicofarmacs-clau-per-prevenir-des-de-la-farmacia-comunitaria-el-risc-de-suicidi\/","og_site_name":"Col\u00b7legi de Farmac\u00e8utics de Barcelona","article_publisher":"https:\/\/www.facebook.com\/farmaceuticsbcn\/","article_published_time":"2024-12-05T13:58:52+00:00","article_modified_time":"2024-12-05T16:05:01+00:00","og_image":[{"width":2247,"height":1415,"url":"https:\/\/www.cofb.org\/wp-content\/uploads\/2024\/12\/COFB_PREVENCIO-DEL-SUICIDI_05122024_1.jpg","type":"image\/jpeg"}],"author":"Berta Mart\u00ednez","twitter_card":"summary_large_image","twitter_creator":"@farmaceuticsbcn","twitter_site":"@farmaceuticsbcn","twitter_misc":{"Escrito por":"Berta Mart\u00ednez","Tiempo de lectura":"5 minutos"},"schema":{"@context":"https:\/\/schema.org","@graph":[{"@type":"Article","@id":"https:\/\/www.cofb.org\/2024\/12\/05\/el-seguiment-farmacoterapeutic-de-psicofarmacs-clau-per-prevenir-des-de-la-farmacia-comunitaria-el-risc-de-suicidi\/#article","isPartOf":{"@id":"https:\/\/www.cofb.org\/2024\/12\/05\/el-seguiment-farmacoterapeutic-de-psicofarmacs-clau-per-prevenir-des-de-la-farmacia-comunitaria-el-risc-de-suicidi\/"},"author":{"name":"Berta Mart\u00ednez","@id":"https:\/\/www.cofb.org\/#\/schema\/person\/f32de3b41b812c85ff923cb4cc849063"},"headline":"El seguiment farmacoterap\u00e8utic de psicof\u00e0rmacs, clau per prevenir des de la farm\u00e0cia comunit\u00e0ria el risc de su\u00efcidi","datePublished":"2024-12-05T13:58:52+00:00","dateModified":"2024-12-05T16:05:01+00:00","mainEntityOfPage":{"@id":"https:\/\/www.cofb.org\/2024\/12\/05\/el-seguiment-farmacoterapeutic-de-psicofarmacs-clau-per-prevenir-des-de-la-farmacia-comunitaria-el-risc-de-suicidi\/"},"wordCount":815,"publisher":{"@id":"https:\/\/www.cofb.org\/#organization"},"image":{"@id":"https:\/\/www.cofb.org\/2024\/12\/05\/el-seguiment-farmacoterapeutic-de-psicofarmacs-clau-per-prevenir-des-de-la-farmacia-comunitaria-el-risc-de-suicidi\/#primaryimage"},"thumbnailUrl":"https:\/\/www.cofb.org\/wp-content\/uploads\/2024\/12\/COFB_PREVENCIO-DEL-SUICIDI_05122024_1.jpg","keywords":["Atenci\u00f3 farmac\u00e8utica","COFB","Col\u00b7legi de Farmac\u00e8utics de Barcelona","farmac\u00e8utics","Farm\u00e0cia","farm\u00e0cia comunit\u00e0ria","Formaci\u00f3","prevenci\u00f3","prevenci\u00f3 su\u00efcidi","su\u00efcidi","Vocal d'Ortop\u00e8dia"],"articleSection":["Destacats","Notes de premsa"],"inLanguage":"es"},{"@type":"WebPage","@id":"https:\/\/www.cofb.org\/2024\/12\/05\/el-seguiment-farmacoterapeutic-de-psicofarmacs-clau-per-prevenir-des-de-la-farmacia-comunitaria-el-risc-de-suicidi\/","url":"https:\/\/www.cofb.org\/2024\/12\/05\/el-seguiment-farmacoterapeutic-de-psicofarmacs-clau-per-prevenir-des-de-la-farmacia-comunitaria-el-risc-de-suicidi\/","name":"El seguiment farmacoterap\u00e8utic de psicof\u00e0rmacs, clau per prevenir des de la farm\u00e0cia comunit\u00e0ria el risc de su\u00efcidi - Col\u00b7legi de Farmac\u00e8utics de Barcelona","isPartOf":{"@id":"https:\/\/www.cofb.org\/#website"},"primaryImageOfPage":{"@id":"https:\/\/www.cofb.org\/2024\/12\/05\/el-seguiment-farmacoterapeutic-de-psicofarmacs-clau-per-prevenir-des-de-la-farmacia-comunitaria-el-risc-de-suicidi\/#primaryimage"},"image":{"@id":"https:\/\/www.cofb.org\/2024\/12\/05\/el-seguiment-farmacoterapeutic-de-psicofarmacs-clau-per-prevenir-des-de-la-farmacia-comunitaria-el-risc-de-suicidi\/#primaryimage"},"thumbnailUrl":"https:\/\/www.cofb.org\/wp-content\/uploads\/2024\/12\/COFB_PREVENCIO-DEL-SUICIDI_05122024_1.jpg","datePublished":"2024-12-05T13:58:52+00:00","dateModified":"2024-12-05T16:05:01+00:00","description":"L\u2019adher\u00e8ncia terap\u00e8utica de tractaments amb psicof\u00e0rmacs \u00e9s un factor clau per prevenir el su\u00efcidi mitjan\u00e7ant el seguiment farmacoterap\u00e8utic","breadcrumb":{"@id":"https:\/\/www.cofb.org\/2024\/12\/05\/el-seguiment-farmacoterapeutic-de-psicofarmacs-clau-per-prevenir-des-de-la-farmacia-comunitaria-el-risc-de-suicidi\/#breadcrumb"},"inLanguage":"es","potentialAction":[{"@type":"ReadAction","target":["https:\/\/www.cofb.org\/2024\/12\/05\/el-seguiment-farmacoterapeutic-de-psicofarmacs-clau-per-prevenir-des-de-la-farmacia-comunitaria-el-risc-de-suicidi\/"]}]},{"@type":"ImageObject","inLanguage":"es","@id":"https:\/\/www.cofb.org\/2024\/12\/05\/el-seguiment-farmacoterapeutic-de-psicofarmacs-clau-per-prevenir-des-de-la-farmacia-comunitaria-el-risc-de-suicidi\/#primaryimage","url":"https:\/\/www.cofb.org\/wp-content\/uploads\/2024\/12\/COFB_PREVENCIO-DEL-SUICIDI_05122024_1.jpg","contentUrl":"https:\/\/www.cofb.org\/wp-content\/uploads\/2024\/12\/COFB_PREVENCIO-DEL-SUICIDI_05122024_1.jpg","width":2247,"height":1415,"caption":"D'esquerra a dreta: Diego Palao, Cecilia Borr\u00e0s, Clara Rubio i Llu\u00eds Garc\u00eda."},{"@type":"BreadcrumbList","@id":"https:\/\/www.cofb.org\/2024\/12\/05\/el-seguiment-farmacoterapeutic-de-psicofarmacs-clau-per-prevenir-des-de-la-farmacia-comunitaria-el-risc-de-suicidi\/#breadcrumb","itemListElement":[{"@type":"ListItem","position":1,"name":"Inici","item":"https:\/\/novaorg.cofb.net\/"},{"@type":"ListItem","position":2,"name":"El seguiment farmacoterap\u00e8utic de psicof\u00e0rmacs, clau per prevenir des de la farm\u00e0cia comunit\u00e0ria el risc de su\u00efcidi"}]},{"@type":"WebSite","@id":"https:\/\/www.cofb.org\/#website","url":"https:\/\/www.cofb.org\/","name":"Col\u00b7legi de Farmac\u00e8utics de Barcelona","description":"","publisher":{"@id":"https:\/\/www.cofb.org\/#organization"},"potentialAction":[{"@type":"SearchAction","target":{"@type":"EntryPoint","urlTemplate":"https:\/\/www.cofb.org\/?s={search_term_string}"},"query-input":"required name=search_term_string"}],"inLanguage":"es"},{"@type":"Organization","@id":"https:\/\/www.cofb.org\/#organization","name":"Col\u00b7legi de Farmac\u00e8utics de Barcelona","url":"https:\/\/www.cofb.org\/","logo":{"@type":"ImageObject","inLanguage":"es","@id":"https:\/\/www.cofb.org\/#\/schema\/logo\/image\/","url":"https:\/\/www.cofb.org\/wp-content\/uploads\/2023\/11\/cropped-Logotip-COFB.png","contentUrl":"https:\/\/www.cofb.org\/wp-content\/uploads\/2023\/11\/cropped-Logotip-COFB.png","width":500,"height":105,"caption":"Col\u00b7legi de Farmac\u00e8utics de Barcelona"},"image":{"@id":"https:\/\/www.cofb.org\/#\/schema\/logo\/image\/"},"sameAs":["https:\/\/www.facebook.com\/farmaceuticsbcn\/","https:\/\/twitter.com\/farmaceuticsbcn","https:\/\/www.instagram.com\/farmaceuticsbcn\/","https:\/\/www.linkedin.com\/company\/farmaceuticsbcn\/"]},{"@type":"Person","@id":"https:\/\/www.cofb.org\/#\/schema\/person\/f32de3b41b812c85ff923cb4cc849063","name":"Berta Mart\u00ednez","image":{"@type":"ImageObject","inLanguage":"es","@id":"https:\/\/www.cofb.org\/#\/schema\/person\/image\/","url":"https:\/\/secure.gravatar.com\/avatar\/d4c584dab5da1ee9e3c3df161c0aabec7075cc8211cd46ffc79bfe177aa78b01?s=96&d=mm&r=g","contentUrl":"https:\/\/secure.gravatar.com\/avatar\/d4c584dab5da1ee9e3c3df161c0aabec7075cc8211cd46ffc79bfe177aa78b01?s=96&d=mm&r=g","caption":"Berta Mart\u00ednez"},"url":"https:\/\/www.cofb.org\/es\/author\/bmartinez\/"}]}},"uagb_featured_image_src":{"full":["https:\/\/www.cofb.org\/wp-content\/uploads\/2024\/12\/COFB_PREVENCIO-DEL-SUICIDI_05122024_1.jpg",2247,1415,false],"thumbnail":["https:\/\/www.cofb.org\/wp-content\/uploads\/2024\/12\/COFB_PREVENCIO-DEL-SUICIDI_05122024_1-150x150.jpg",150,150,true],"medium":["https:\/\/www.cofb.org\/wp-content\/uploads\/2024\/12\/COFB_PREVENCIO-DEL-SUICIDI_05122024_1-300x189.jpg",300,189,true],"medium_large":["https:\/\/www.cofb.org\/wp-content\/uploads\/2024\/12\/COFB_PREVENCIO-DEL-SUICIDI_05122024_1-768x484.jpg",768,484,true],"large":["https:\/\/www.cofb.org\/wp-content\/uploads\/2024\/12\/COFB_PREVENCIO-DEL-SUICIDI_05122024_1-1024x645.jpg",1024,645,true],"1536x1536":["https:\/\/www.cofb.org\/wp-content\/uploads\/2024\/12\/COFB_PREVENCIO-DEL-SUICIDI_05122024_1-1536x967.jpg",1536,967,true],"2048x2048":["https:\/\/www.cofb.org\/wp-content\/uploads\/2024\/12\/COFB_PREVENCIO-DEL-SUICIDI_05122024_1-2048x1290.jpg",2048,1290,true],"trp-custom-language-flag":["https:\/\/www.cofb.org\/wp-content\/uploads\/2024\/12\/COFB_PREVENCIO-DEL-SUICIDI_05122024_1-18x12.jpg",18,12,true]},"uagb_author_info":{"display_name":"Berta Mart\u00ednez","author_link":"https:\/\/www.cofb.org\/es\/author\/bmartinez\/"},"uagb_comment_info":0,"uagb_excerpt":"Barcelona, 5 de desembre de 2024. \u201cL\u2019adher\u00e8ncia terap\u00e8utica de tractaments amb psicof\u00e0rmacs \u00e9s un factor clau per prevenir el su\u00efcidi o altres patologies mitjan\u00e7ant el seguiment farmacoterap\u00e8utic amb Sistemes Personalitzats de Dosificaci\u00f3 (SPD) i la revisi\u00f3 de la farmaciola\u201d, va assegurar Llu\u00eds Garc\u00eda, vocal d\u2019Ortop\u00e8dia del Col\u00b7legi de Farmac\u00e8utics de [&hellip;]","_links":{"self":[{"href":"https:\/\/www.cofb.org\/es\/wp-json\/wp\/v2\/posts\/80070","targetHints":{"allow":["GET"]}}],"collection":[{"href":"https:\/\/www.cofb.org\/es\/wp-json\/wp\/v2\/posts"}],"about":[{"href":"https:\/\/www.cofb.org\/es\/wp-json\/wp\/v2\/types\/post"}],"author":[{"embeddable":true,"href":"https:\/\/www.cofb.org\/es\/wp-json\/wp\/v2\/users\/3"}],"replies":[{"embeddable":true,"href":"https:\/\/www.cofb.org\/es\/wp-json\/wp\/v2\/comments?post=80070"}],"version-history":[{"count":6,"href":"https:\/\/www.cofb.org\/es\/wp-json\/wp\/v2\/posts\/80070\/revisions"}],"predecessor-version":[{"id":80078,"href":"https:\/\/www.cofb.org\/es\/wp-json\/wp\/v2\/posts\/80070\/revisions\/80078"}],"wp:featuredmedia":[{"embeddable":true,"href":"https:\/\/www.cofb.org\/es\/wp-json\/wp\/v2\/media\/80073"}],"wp:attachment":[{"href":"https:\/\/www.cofb.org\/es\/wp-json\/wp\/v2\/media?parent=80070"}],"wp:term":[{"taxonomy":"category","embeddable":true,"href":"https:\/\/www.cofb.org\/es\/wp-json\/wp\/v2\/categories?post=80070"},{"taxonomy":"post_tag","embeddable":true,"href":"https:\/\/www.cofb.org\/es\/wp-json\/wp\/v2\/tags?post=80070"}],"curies":[{"name":"wp","href":"https:\/\/api.w.org\/{rel}","templated":true}]}}