{"id":79988,"date":"2024-12-02T15:05:19","date_gmt":"2024-12-02T15:05:19","guid":{"rendered":"https:\/\/www.cofb.org\/?p=79988"},"modified":"2024-12-02T15:05:20","modified_gmt":"2024-12-02T15:05:20","slug":"arriba-el-xvi-concurs-de-dibuix-infantil-pintem-el-nadal","status":"publish","type":"post","link":"https:\/\/www.cofb.org\/es\/2024\/12\/02\/arriba-el-xvi-concurs-de-dibuix-infantil-pintem-el-nadal\/","title":{"rendered":"Llega el XVI concurso de dibujo infantil: Pintamos la Navidad"},"content":{"rendered":"<p>Llega la XVI edici\u00f3n del&nbsp;<strong>Concurso de Dibujo Infantil<\/strong>&nbsp;organizado por el Colegio de Farmac\u00e9uticos de Barcelona (COFB). Esta nueva edici\u00f3n del concurso, dirigido a ni\u00f1os de&nbsp;<strong>4 a 11 a\u00f1os<\/strong>, busca que los m\u00e1s peque\u00f1os puedan expresar sus emociones y creatividad a trav\u00e9s de sus propuestas.<\/p>\n\n\n\n<figure class=\"wp-block-image size-large is-resized\"><a href=\"https:\/\/www.cofb.org\/wp-content\/uploads\/2024\/12\/COFB_CONCURS-DIBUIX-INFANTIL_02122024_2.png\" target=\"_blank\" rel=\"noreferrer noopener\"><img fetchpriority=\"high\" decoding=\"async\" width=\"1024\" height=\"576\" src=\"https:\/\/www.cofb.org\/wp-content\/uploads\/2024\/12\/COFB_CONCURS-DIBUIX-INFANTIL_02122024_2-1024x576.png\" alt=\"\" class=\"wp-image-80009\" style=\"width:940px;height:auto\" srcset=\"https:\/\/www.cofb.org\/wp-content\/uploads\/2024\/12\/COFB_CONCURS-DIBUIX-INFANTIL_02122024_2-1024x576.png 1024w, https:\/\/www.cofb.org\/wp-content\/uploads\/2024\/12\/COFB_CONCURS-DIBUIX-INFANTIL_02122024_2-300x169.png 300w, https:\/\/www.cofb.org\/wp-content\/uploads\/2024\/12\/COFB_CONCURS-DIBUIX-INFANTIL_02122024_2-768x432.png 768w, https:\/\/www.cofb.org\/wp-content\/uploads\/2024\/12\/COFB_CONCURS-DIBUIX-INFANTIL_02122024_2-1536x864.png 1536w, https:\/\/www.cofb.org\/wp-content\/uploads\/2024\/12\/COFB_CONCURS-DIBUIX-INFANTIL_02122024_2-18x10.png 18w, https:\/\/www.cofb.org\/wp-content\/uploads\/2024\/12\/COFB_CONCURS-DIBUIX-INFANTIL_02122024_2.png 1600w\" sizes=\"(max-width: 1024px) 100vw, 1024px\" \/><\/a><\/figure>\n\n\n\n<p><br>La tem\u00e1tica de esta XVI edici\u00f3n del Concurso de Dibujo Infantil es <strong>\u201cPintamos la Navidad\u201d<\/strong> y tiene tiempo de enviar los dibujos a <a href=\"mailto:concursdibuix@cofb.net\" target=\"_blank\" rel=\"noreferrer noopener\">concursdibuix@cofb.net&nbsp;<\/a>hasta el <strong>lunes 9 de diciembre de 2024<\/strong>, a las 18 h. Para saber c\u00f3mo participar, puede consultar&nbsp;<strong><a href=\"https:\/\/www.cofb.org\/wp-content\/uploads\/2024\/12\/BASES-2024-DEF.pdf\" target=\"_blank\" rel=\"noreferrer noopener\">aqu\u00ed&nbsp;<\/a><\/strong>las bases del concurso.<\/p>\n\n\n\n<p><\/p>\n\n\n\n<div class=\"destacat-blog\">\n\n\n\n<p><\/p>\n\n\n\n<p><\/p>\n\n\n<p>Los nombres de los ni\u00f1os ganadores se har\u00e1n p\u00fablicos a trav\u00e9s de los canales del COFB y los premios, uno para cada una de las categor\u00edas, consistir\u00e1n en un lote de material did\u00e1ctico.<\/p>\n\n\n<p><\/p>\n\n\n\n<\/div>","protected":false},"excerpt":{"rendered":"<p>Llega la XVI edici\u00f3n del Concurso de Dibujo Infantil organizado por el Colegio de Farmac\u00e9uticos de Barcelona (COFB). Esta nueva edici\u00f3n del concurso, dirigido a ni\u00f1os de 4 a 11 a\u00f1os, busca que los m\u00e1s peque\u00f1os puedan expresar sus emociones y creatividad a trav\u00e9s de sus propuestas. La tem\u00e1tica de esta XVI edici\u00f3n del Concurso [\u2026]<\/p>","protected":false},"author":3,"featured_media":80009,"comment_status":"closed","ping_status":"closed","sticky":false,"template":"","format":"standard","meta":{"_uag_custom_page_level_css":"","site-sidebar-layout":"default","site-content-layout":"","ast-site-content-layout":"default","site-content-style":"default","site-sidebar-style":"default","ast-global-header-display":"","ast-banner-title-visibility":"","ast-main-header-display":"","ast-hfb-above-header-display":"","ast-hfb-below-header-display":"","ast-hfb-mobile-header-display":"","site-post-title":"","ast-breadcrumbs-content":"","ast-featured-img":"disabled","footer-sml-layout":"","theme-transparent-header-meta":"","adv-header-id-meta":"","stick-header-meta":"","header-above-stick-meta":"","header-main-stick-meta":"","header-below-stick-meta":"","astra-migrate-meta-layouts":"set","ast-page-background-enabled":"default","ast-page-background-meta":{"desktop":{"background-color":"var(--ast-global-color-4)","background-image":"","background-repeat":"repeat","background-position":"center center","background-size":"auto","background-attachment":"scroll","background-type":"","background-media":"","overlay-type":"","overlay-color":"","overlay-opacity":"","overlay-gradient":""},"tablet":{"background-color":"","background-image":"","background-repeat":"repeat","background-position":"center center","background-size":"auto","background-attachment":"scroll","background-type":"","background-media":"","overlay-type":"","overlay-color":"","overlay-opacity":"","overlay-gradient":""},"mobile":{"background-color":"","background-image":"","background-repeat":"repeat","background-position":"center center","background-size":"auto","background-attachment":"scroll","background-type":"","background-media":"","overlay-type":"","overlay-color":"","overlay-opacity":"","overlay-gradient":""}},"ast-content-background-meta":{"desktop":{"background-color":"var(--ast-global-color-5)","background-image":"","background-repeat":"repeat","background-position":"center center","background-size":"auto","background-attachment":"scroll","background-type":"","background-media":"","overlay-type":"","overlay-color":"","overlay-opacity":"","overlay-gradient":""},"tablet":{"background-color":"var(--ast-global-color-5)","background-image":"","background-repeat":"repeat","background-position":"center center","background-size":"auto","background-attachment":"scroll","background-type":"","background-media":"","overlay-type":"","overlay-color":"","overlay-opacity":"","overlay-gradient":""},"mobile":{"background-color":"var(--ast-global-color-5)","background-image":"","background-repeat":"repeat","background-position":"center center","background-size":"auto","background-attachment":"scroll","background-type":"","background-media":"","overlay-type":"","overlay-color":"","overlay-opacity":"","overlay-gradient":""}},"footnotes":""},"categories":[23,57],"tags":[18,19,894,5177,5178,4455,68,3650,996,5180,5179],"class_list":["post-79988","post","type-post","status-publish","format-standard","has-post-thumbnail","hentry","category-destacats","category-mon-collegial","tag-cofb","tag-collegi-de-farmaceutics-de-barcelona","tag-concurs","tag-concurs-de-dibuix-infantil","tag-concurs-de-dibuix-infantil-del-collegi-de-farmaceutics-de-barcelona","tag-dibuix","tag-farmacia","tag-infantil","tag-nadal","tag-pintem","tag-pintem-el-nadal"],"yoast_head":"<!-- This site is optimized with the Yoast SEO plugin v22.4 - https:\/\/yoast.com\/wordpress\/plugins\/seo\/ -->\n<title>Arriba el XVI concurs de dibuix infantil: Pintem el Nadal - Col\u00b7legi de Farmac\u00e8utics de Barcelona<\/title>\n<meta name=\"description\" content=\"Arriba la XVI Concurs de Dibuix Infantil organitzat pel Col\u00b7legi de Farmac\u00e8utics de Barcelona (COFB), adre\u00e7at a infants de\u00a04 a 11 anys.\" \/>\n<meta name=\"robots\" content=\"index, follow, max-snippet:-1, max-image-preview:large, max-video-preview:-1\" \/>\n<link rel=\"canonical\" href=\"https:\/\/www.cofb.org\/es\/2024\/12\/02\/arriba-el-xvi-concurs-de-dibuix-infantil-pintem-el-nadal\/\" \/>\n<meta property=\"og:locale\" content=\"es_ES\" \/>\n<meta property=\"og:type\" content=\"article\" \/>\n<meta property=\"og:title\" content=\"Arriba el XVI concurs de dibuix infantil: Pintem el Nadal - Col\u00b7legi de Farmac\u00e8utics de Barcelona\" \/>\n<meta property=\"og:description\" content=\"Arriba la XVI Concurs de Dibuix Infantil organitzat pel Col\u00b7legi de Farmac\u00e8utics de Barcelona (COFB), adre\u00e7at a infants de\u00a04 a 11 anys.\" \/>\n<meta property=\"og:url\" content=\"https:\/\/www.cofb.org\/es\/2024\/12\/02\/arriba-el-xvi-concurs-de-dibuix-infantil-pintem-el-nadal\/\" \/>\n<meta property=\"og:site_name\" content=\"Col\u00b7legi de Farmac\u00e8utics de Barcelona\" \/>\n<meta property=\"article:publisher\" content=\"https:\/\/www.facebook.com\/farmaceuticsbcn\/\" \/>\n<meta property=\"article:published_time\" content=\"2024-12-02T15:05:19+00:00\" \/>\n<meta property=\"article:modified_time\" content=\"2024-12-02T15:05:20+00:00\" \/>\n<meta property=\"og:image\" content=\"https:\/\/www.cofb.org\/wp-content\/uploads\/2024\/12\/COFB_CONCURS-DIBUIX-INFANTIL_02122024_2.png\" \/>\n\t<meta property=\"og:image:width\" content=\"1600\" \/>\n\t<meta property=\"og:image:height\" content=\"900\" \/>\n\t<meta property=\"og:image:type\" content=\"image\/png\" \/>\n<meta name=\"author\" content=\"Berta Mart\u00ednez\" \/>\n<meta name=\"twitter:card\" content=\"summary_large_image\" \/>\n<meta name=\"twitter:creator\" content=\"@farmaceuticsbcn\" \/>\n<meta name=\"twitter:site\" content=\"@farmaceuticsbcn\" \/>\n<meta name=\"twitter:label1\" content=\"Escrito por\" \/>\n\t<meta name=\"twitter:data1\" content=\"Berta Mart\u00ednez\" \/>\n\t<meta name=\"twitter:label2\" content=\"Tiempo de lectura\" \/>\n\t<meta name=\"twitter:data2\" content=\"1 minuto\" \/>\n<script type=\"application\/ld+json\" class=\"yoast-schema-graph\">{\"@context\":\"https:\/\/schema.org\",\"@graph\":[{\"@type\":\"Article\",\"@id\":\"https:\/\/www.cofb.org\/2024\/12\/02\/arriba-el-xvi-concurs-de-dibuix-infantil-pintem-el-nadal\/#article\",\"isPartOf\":{\"@id\":\"https:\/\/www.cofb.org\/2024\/12\/02\/arriba-el-xvi-concurs-de-dibuix-infantil-pintem-el-nadal\/\"},\"author\":{\"name\":\"Berta Mart\u00ednez\",\"@id\":\"https:\/\/www.cofb.org\/#\/schema\/person\/f32de3b41b812c85ff923cb4cc849063\"},\"headline\":\"Arriba el XVI concurs de dibuix infantil: Pintem el Nadal\",\"datePublished\":\"2024-12-02T15:05:19+00:00\",\"dateModified\":\"2024-12-02T15:05:20+00:00\",\"mainEntityOfPage\":{\"@id\":\"https:\/\/www.cofb.org\/2024\/12\/02\/arriba-el-xvi-concurs-de-dibuix-infantil-pintem-el-nadal\/\"},\"wordCount\":147,\"publisher\":{\"@id\":\"https:\/\/www.cofb.org\/#organization\"},\"image\":{\"@id\":\"https:\/\/www.cofb.org\/2024\/12\/02\/arriba-el-xvi-concurs-de-dibuix-infantil-pintem-el-nadal\/#primaryimage\"},\"thumbnailUrl\":\"https:\/\/www.cofb.org\/wp-content\/uploads\/2024\/12\/COFB_CONCURS-DIBUIX-INFANTIL_02122024_2.png\",\"keywords\":[\"COFB\",\"Col\u00b7legi de Farmac\u00e8utics de Barcelona\",\"concurs\",\"concurs de dibuix infantil\",\"Concurs de dibuix infantil del Col\u00b7legi de Farmac\u00e8utics de Barcelona\",\"dibuix\",\"Farm\u00e0cia\",\"infantil\",\"Nadal\",\"pintem\",\"Pintem el Nadal\"],\"articleSection\":[\"Destacats\",\"M\u00f3n col\u00b7legial\"],\"inLanguage\":\"es\"},{\"@type\":\"WebPage\",\"@id\":\"https:\/\/www.cofb.org\/2024\/12\/02\/arriba-el-xvi-concurs-de-dibuix-infantil-pintem-el-nadal\/\",\"url\":\"https:\/\/www.cofb.org\/2024\/12\/02\/arriba-el-xvi-concurs-de-dibuix-infantil-pintem-el-nadal\/\",\"name\":\"Arriba el XVI concurs de dibuix infantil: Pintem el Nadal - Col\u00b7legi de Farmac\u00e8utics de Barcelona\",\"isPartOf\":{\"@id\":\"https:\/\/www.cofb.org\/#website\"},\"primaryImageOfPage\":{\"@id\":\"https:\/\/www.cofb.org\/2024\/12\/02\/arriba-el-xvi-concurs-de-dibuix-infantil-pintem-el-nadal\/#primaryimage\"},\"image\":{\"@id\":\"https:\/\/www.cofb.org\/2024\/12\/02\/arriba-el-xvi-concurs-de-dibuix-infantil-pintem-el-nadal\/#primaryimage\"},\"thumbnailUrl\":\"https:\/\/www.cofb.org\/wp-content\/uploads\/2024\/12\/COFB_CONCURS-DIBUIX-INFANTIL_02122024_2.png\",\"datePublished\":\"2024-12-02T15:05:19+00:00\",\"dateModified\":\"2024-12-02T15:05:20+00:00\",\"description\":\"Arriba la XVI Concurs de Dibuix Infantil organitzat pel Col\u00b7legi de Farmac\u00e8utics de Barcelona (COFB), adre\u00e7at a infants de\u00a04 a 11 anys.\",\"breadcrumb\":{\"@id\":\"https:\/\/www.cofb.org\/2024\/12\/02\/arriba-el-xvi-concurs-de-dibuix-infantil-pintem-el-nadal\/#breadcrumb\"},\"inLanguage\":\"es\",\"potentialAction\":[{\"@type\":\"ReadAction\",\"target\":[\"https:\/\/www.cofb.org\/2024\/12\/02\/arriba-el-xvi-concurs-de-dibuix-infantil-pintem-el-nadal\/\"]}]},{\"@type\":\"ImageObject\",\"inLanguage\":\"es\",\"@id\":\"https:\/\/www.cofb.org\/2024\/12\/02\/arriba-el-xvi-concurs-de-dibuix-infantil-pintem-el-nadal\/#primaryimage\",\"url\":\"https:\/\/www.cofb.org\/wp-content\/uploads\/2024\/12\/COFB_CONCURS-DIBUIX-INFANTIL_02122024_2.png\",\"contentUrl\":\"https:\/\/www.cofb.org\/wp-content\/uploads\/2024\/12\/COFB_CONCURS-DIBUIX-INFANTIL_02122024_2.png\",\"width\":1600,\"height\":900},{\"@type\":\"BreadcrumbList\",\"@id\":\"https:\/\/www.cofb.org\/2024\/12\/02\/arriba-el-xvi-concurs-de-dibuix-infantil-pintem-el-nadal\/#breadcrumb\",\"itemListElement\":[{\"@type\":\"ListItem\",\"position\":1,\"name\":\"Inici\",\"item\":\"https:\/\/novaorg.cofb.net\/\"},{\"@type\":\"ListItem\",\"position\":2,\"name\":\"Arriba el XVI concurs de dibuix infantil: Pintem el Nadal\"}]},{\"@type\":\"WebSite\",\"@id\":\"https:\/\/www.cofb.org\/#website\",\"url\":\"https:\/\/www.cofb.org\/\",\"name\":\"Col\u00b7legi de Farmac\u00e8utics de Barcelona\",\"description\":\"\",\"publisher\":{\"@id\":\"https:\/\/www.cofb.org\/#organization\"},\"potentialAction\":[{\"@type\":\"SearchAction\",\"target\":{\"@type\":\"EntryPoint\",\"urlTemplate\":\"https:\/\/www.cofb.org\/?s={search_term_string}\"},\"query-input\":\"required name=search_term_string\"}],\"inLanguage\":\"es\"},{\"@type\":\"Organization\",\"@id\":\"https:\/\/www.cofb.org\/#organization\",\"name\":\"Col\u00b7legi de Farmac\u00e8utics de Barcelona\",\"url\":\"https:\/\/www.cofb.org\/\",\"logo\":{\"@type\":\"ImageObject\",\"inLanguage\":\"es\",\"@id\":\"https:\/\/www.cofb.org\/#\/schema\/logo\/image\/\",\"url\":\"https:\/\/www.cofb.org\/wp-content\/uploads\/2023\/11\/cropped-Logotip-COFB.png\",\"contentUrl\":\"https:\/\/www.cofb.org\/wp-content\/uploads\/2023\/11\/cropped-Logotip-COFB.png\",\"width\":500,\"height\":105,\"caption\":\"Col\u00b7legi de Farmac\u00e8utics de Barcelona\"},\"image\":{\"@id\":\"https:\/\/www.cofb.org\/#\/schema\/logo\/image\/\"},\"sameAs\":[\"https:\/\/www.facebook.com\/farmaceuticsbcn\/\",\"https:\/\/twitter.com\/farmaceuticsbcn\",\"https:\/\/www.instagram.com\/farmaceuticsbcn\/\",\"https:\/\/www.linkedin.com\/company\/farmaceuticsbcn\/\"]},{\"@type\":\"Person\",\"@id\":\"https:\/\/www.cofb.org\/#\/schema\/person\/f32de3b41b812c85ff923cb4cc849063\",\"name\":\"Berta Mart\u00ednez\",\"image\":{\"@type\":\"ImageObject\",\"inLanguage\":\"es\",\"@id\":\"https:\/\/www.cofb.org\/#\/schema\/person\/image\/\",\"url\":\"https:\/\/secure.gravatar.com\/avatar\/d4c584dab5da1ee9e3c3df161c0aabec7075cc8211cd46ffc79bfe177aa78b01?s=96&d=mm&r=g\",\"contentUrl\":\"https:\/\/secure.gravatar.com\/avatar\/d4c584dab5da1ee9e3c3df161c0aabec7075cc8211cd46ffc79bfe177aa78b01?s=96&d=mm&r=g\",\"caption\":\"Berta Mart\u00ednez\"},\"url\":\"https:\/\/www.cofb.org\/es\/author\/bmartinez\/\"}]}<\/script>\n<!-- \/ Yoast SEO plugin. -->","yoast_head_json":{"title":"Arriba el XVI concurs de dibuix infantil: Pintem el Nadal - Col\u00b7legi de Farmac\u00e8utics de Barcelona","description":"Arriba la XVI Concurs de Dibuix Infantil organitzat pel Col\u00b7legi de Farmac\u00e8utics de Barcelona (COFB), adre\u00e7at a infants de\u00a04 a 11 anys.","robots":{"index":"index","follow":"follow","max-snippet":"max-snippet:-1","max-image-preview":"max-image-preview:large","max-video-preview":"max-video-preview:-1"},"canonical":"https:\/\/www.cofb.org\/es\/2024\/12\/02\/arriba-el-xvi-concurs-de-dibuix-infantil-pintem-el-nadal\/","og_locale":"es_ES","og_type":"article","og_title":"Arriba el XVI concurs de dibuix infantil: Pintem el Nadal - Col\u00b7legi de Farmac\u00e8utics de Barcelona","og_description":"Arriba la XVI Concurs de Dibuix Infantil organitzat pel Col\u00b7legi de Farmac\u00e8utics de Barcelona (COFB), adre\u00e7at a infants de\u00a04 a 11 anys.","og_url":"https:\/\/www.cofb.org\/es\/2024\/12\/02\/arriba-el-xvi-concurs-de-dibuix-infantil-pintem-el-nadal\/","og_site_name":"Col\u00b7legi de Farmac\u00e8utics de Barcelona","article_publisher":"https:\/\/www.facebook.com\/farmaceuticsbcn\/","article_published_time":"2024-12-02T15:05:19+00:00","article_modified_time":"2024-12-02T15:05:20+00:00","og_image":[{"width":1600,"height":900,"url":"https:\/\/www.cofb.org\/wp-content\/uploads\/2024\/12\/COFB_CONCURS-DIBUIX-INFANTIL_02122024_2.png","type":"image\/png"}],"author":"Berta Mart\u00ednez","twitter_card":"summary_large_image","twitter_creator":"@farmaceuticsbcn","twitter_site":"@farmaceuticsbcn","twitter_misc":{"Escrito por":"Berta Mart\u00ednez","Tiempo de lectura":"1 minuto"},"schema":{"@context":"https:\/\/schema.org","@graph":[{"@type":"Article","@id":"https:\/\/www.cofb.org\/2024\/12\/02\/arriba-el-xvi-concurs-de-dibuix-infantil-pintem-el-nadal\/#article","isPartOf":{"@id":"https:\/\/www.cofb.org\/2024\/12\/02\/arriba-el-xvi-concurs-de-dibuix-infantil-pintem-el-nadal\/"},"author":{"name":"Berta Mart\u00ednez","@id":"https:\/\/www.cofb.org\/#\/schema\/person\/f32de3b41b812c85ff923cb4cc849063"},"headline":"Arriba el XVI concurs de dibuix infantil: Pintem el Nadal","datePublished":"2024-12-02T15:05:19+00:00","dateModified":"2024-12-02T15:05:20+00:00","mainEntityOfPage":{"@id":"https:\/\/www.cofb.org\/2024\/12\/02\/arriba-el-xvi-concurs-de-dibuix-infantil-pintem-el-nadal\/"},"wordCount":147,"publisher":{"@id":"https:\/\/www.cofb.org\/#organization"},"image":{"@id":"https:\/\/www.cofb.org\/2024\/12\/02\/arriba-el-xvi-concurs-de-dibuix-infantil-pintem-el-nadal\/#primaryimage"},"thumbnailUrl":"https:\/\/www.cofb.org\/wp-content\/uploads\/2024\/12\/COFB_CONCURS-DIBUIX-INFANTIL_02122024_2.png","keywords":["COFB","Col\u00b7legi de Farmac\u00e8utics de Barcelona","concurs","concurs de dibuix infantil","Concurs de dibuix infantil del Col\u00b7legi de Farmac\u00e8utics de Barcelona","dibuix","Farm\u00e0cia","infantil","Nadal","pintem","Pintem el Nadal"],"articleSection":["Destacats","M\u00f3n col\u00b7legial"],"inLanguage":"es"},{"@type":"WebPage","@id":"https:\/\/www.cofb.org\/2024\/12\/02\/arriba-el-xvi-concurs-de-dibuix-infantil-pintem-el-nadal\/","url":"https:\/\/www.cofb.org\/2024\/12\/02\/arriba-el-xvi-concurs-de-dibuix-infantil-pintem-el-nadal\/","name":"Arriba el XVI concurs de dibuix infantil: Pintem el Nadal - Col\u00b7legi de Farmac\u00e8utics de Barcelona","isPartOf":{"@id":"https:\/\/www.cofb.org\/#website"},"primaryImageOfPage":{"@id":"https:\/\/www.cofb.org\/2024\/12\/02\/arriba-el-xvi-concurs-de-dibuix-infantil-pintem-el-nadal\/#primaryimage"},"image":{"@id":"https:\/\/www.cofb.org\/2024\/12\/02\/arriba-el-xvi-concurs-de-dibuix-infantil-pintem-el-nadal\/#primaryimage"},"thumbnailUrl":"https:\/\/www.cofb.org\/wp-content\/uploads\/2024\/12\/COFB_CONCURS-DIBUIX-INFANTIL_02122024_2.png","datePublished":"2024-12-02T15:05:19+00:00","dateModified":"2024-12-02T15:05:20+00:00","description":"Arriba la XVI Concurs de Dibuix Infantil organitzat pel Col\u00b7legi de Farmac\u00e8utics de Barcelona (COFB), adre\u00e7at a infants de\u00a04 a 11 anys.","breadcrumb":{"@id":"https:\/\/www.cofb.org\/2024\/12\/02\/arriba-el-xvi-concurs-de-dibuix-infantil-pintem-el-nadal\/#breadcrumb"},"inLanguage":"es","potentialAction":[{"@type":"ReadAction","target":["https:\/\/www.cofb.org\/2024\/12\/02\/arriba-el-xvi-concurs-de-dibuix-infantil-pintem-el-nadal\/"]}]},{"@type":"ImageObject","inLanguage":"es","@id":"https:\/\/www.cofb.org\/2024\/12\/02\/arriba-el-xvi-concurs-de-dibuix-infantil-pintem-el-nadal\/#primaryimage","url":"https:\/\/www.cofb.org\/wp-content\/uploads\/2024\/12\/COFB_CONCURS-DIBUIX-INFANTIL_02122024_2.png","contentUrl":"https:\/\/www.cofb.org\/wp-content\/uploads\/2024\/12\/COFB_CONCURS-DIBUIX-INFANTIL_02122024_2.png","width":1600,"height":900},{"@type":"BreadcrumbList","@id":"https:\/\/www.cofb.org\/2024\/12\/02\/arriba-el-xvi-concurs-de-dibuix-infantil-pintem-el-nadal\/#breadcrumb","itemListElement":[{"@type":"ListItem","position":1,"name":"Inici","item":"https:\/\/novaorg.cofb.net\/"},{"@type":"ListItem","position":2,"name":"Arriba el XVI concurs de dibuix infantil: Pintem el Nadal"}]},{"@type":"WebSite","@id":"https:\/\/www.cofb.org\/#website","url":"https:\/\/www.cofb.org\/","name":"Col\u00b7legi de Farmac\u00e8utics de Barcelona","description":"","publisher":{"@id":"https:\/\/www.cofb.org\/#organization"},"potentialAction":[{"@type":"SearchAction","target":{"@type":"EntryPoint","urlTemplate":"https:\/\/www.cofb.org\/?s={search_term_string}"},"query-input":"required name=search_term_string"}],"inLanguage":"es"},{"@type":"Organization","@id":"https:\/\/www.cofb.org\/#organization","name":"Col\u00b7legi de Farmac\u00e8utics de Barcelona","url":"https:\/\/www.cofb.org\/","logo":{"@type":"ImageObject","inLanguage":"es","@id":"https:\/\/www.cofb.org\/#\/schema\/logo\/image\/","url":"https:\/\/www.cofb.org\/wp-content\/uploads\/2023\/11\/cropped-Logotip-COFB.png","contentUrl":"https:\/\/www.cofb.org\/wp-content\/uploads\/2023\/11\/cropped-Logotip-COFB.png","width":500,"height":105,"caption":"Col\u00b7legi de Farmac\u00e8utics de Barcelona"},"image":{"@id":"https:\/\/www.cofb.org\/#\/schema\/logo\/image\/"},"sameAs":["https:\/\/www.facebook.com\/farmaceuticsbcn\/","https:\/\/twitter.com\/farmaceuticsbcn","https:\/\/www.instagram.com\/farmaceuticsbcn\/","https:\/\/www.linkedin.com\/company\/farmaceuticsbcn\/"]},{"@type":"Person","@id":"https:\/\/www.cofb.org\/#\/schema\/person\/f32de3b41b812c85ff923cb4cc849063","name":"Berta Mart\u00ednez","image":{"@type":"ImageObject","inLanguage":"es","@id":"https:\/\/www.cofb.org\/#\/schema\/person\/image\/","url":"https:\/\/secure.gravatar.com\/avatar\/d4c584dab5da1ee9e3c3df161c0aabec7075cc8211cd46ffc79bfe177aa78b01?s=96&d=mm&r=g","contentUrl":"https:\/\/secure.gravatar.com\/avatar\/d4c584dab5da1ee9e3c3df161c0aabec7075cc8211cd46ffc79bfe177aa78b01?s=96&d=mm&r=g","caption":"Berta Mart\u00ednez"},"url":"https:\/\/www.cofb.org\/es\/author\/bmartinez\/"}]}},"uagb_featured_image_src":{"full":["https:\/\/www.cofb.org\/wp-content\/uploads\/2024\/12\/COFB_CONCURS-DIBUIX-INFANTIL_02122024_2.png",1600,900,false],"thumbnail":["https:\/\/www.cofb.org\/wp-content\/uploads\/2024\/12\/COFB_CONCURS-DIBUIX-INFANTIL_02122024_2-150x150.png",150,150,true],"medium":["https:\/\/www.cofb.org\/wp-content\/uploads\/2024\/12\/COFB_CONCURS-DIBUIX-INFANTIL_02122024_2-300x169.png",300,169,true],"medium_large":["https:\/\/www.cofb.org\/wp-content\/uploads\/2024\/12\/COFB_CONCURS-DIBUIX-INFANTIL_02122024_2-768x432.png",768,432,true],"large":["https:\/\/www.cofb.org\/wp-content\/uploads\/2024\/12\/COFB_CONCURS-DIBUIX-INFANTIL_02122024_2-1024x576.png",1024,576,true],"1536x1536":["https:\/\/www.cofb.org\/wp-content\/uploads\/2024\/12\/COFB_CONCURS-DIBUIX-INFANTIL_02122024_2-1536x864.png",1536,864,true],"2048x2048":["https:\/\/www.cofb.org\/wp-content\/uploads\/2024\/12\/COFB_CONCURS-DIBUIX-INFANTIL_02122024_2.png",1600,900,false],"trp-custom-language-flag":["https:\/\/www.cofb.org\/wp-content\/uploads\/2024\/12\/COFB_CONCURS-DIBUIX-INFANTIL_02122024_2-18x10.png",18,10,true]},"uagb_author_info":{"display_name":"Berta Mart\u00ednez","author_link":"https:\/\/www.cofb.org\/es\/author\/bmartinez\/"},"uagb_comment_info":0,"uagb_excerpt":"Arriba la XVI edici\u00f3 del&nbsp;Concurs de Dibuix Infantil&nbsp;organitzat pel Col\u00b7legi de Farmac\u00e8utics de Barcelona (COFB). Aquesta nova edici\u00f3 del concurs, adre\u00e7at a infants de&nbsp;4 a 11 anys, cerca que els m\u00e9s petits puguin expressar les seves emocions i creativitat mitjan\u00e7ant les seves propostes. La tem\u00e0tica d&#8217;aquesta XVI edici\u00f3 del Concurs [&hellip;]","_links":{"self":[{"href":"https:\/\/www.cofb.org\/es\/wp-json\/wp\/v2\/posts\/79988","targetHints":{"allow":["GET"]}}],"collection":[{"href":"https:\/\/www.cofb.org\/es\/wp-json\/wp\/v2\/posts"}],"about":[{"href":"https:\/\/www.cofb.org\/es\/wp-json\/wp\/v2\/types\/post"}],"author":[{"embeddable":true,"href":"https:\/\/www.cofb.org\/es\/wp-json\/wp\/v2\/users\/3"}],"replies":[{"embeddable":true,"href":"https:\/\/www.cofb.org\/es\/wp-json\/wp\/v2\/comments?post=79988"}],"version-history":[{"count":21,"href":"https:\/\/www.cofb.org\/es\/wp-json\/wp\/v2\/posts\/79988\/revisions"}],"predecessor-version":[{"id":80013,"href":"https:\/\/www.cofb.org\/es\/wp-json\/wp\/v2\/posts\/79988\/revisions\/80013"}],"wp:featuredmedia":[{"embeddable":true,"href":"https:\/\/www.cofb.org\/es\/wp-json\/wp\/v2\/media\/80009"}],"wp:attachment":[{"href":"https:\/\/www.cofb.org\/es\/wp-json\/wp\/v2\/media?parent=79988"}],"wp:term":[{"taxonomy":"category","embeddable":true,"href":"https:\/\/www.cofb.org\/es\/wp-json\/wp\/v2\/categories?post=79988"},{"taxonomy":"post_tag","embeddable":true,"href":"https:\/\/www.cofb.org\/es\/wp-json\/wp\/v2\/tags?post=79988"}],"curies":[{"name":"wp","href":"https:\/\/api.w.org\/{rel}","templated":true}]}}