{"id":79908,"date":"2024-11-29T14:15:31","date_gmt":"2024-11-29T14:15:31","guid":{"rendered":"https:\/\/www.cofb.org\/?p=79908"},"modified":"2024-11-29T14:29:48","modified_gmt":"2024-11-29T14:29:48","slug":"setembre-i-octubre-la-participacio-de-les-farmacies-en-la-campanya-de-vacunacio-de-grip-i-covid-19-la-inauguracio-del-programa-de-formacio-continuada-i-de-la-18a-edicio-del-pgf-temes-mes-destacats","status":"publish","type":"post","link":"https:\/\/www.cofb.org\/es\/2024\/11\/29\/setembre-i-octubre-la-participacio-de-les-farmacies-en-la-campanya-de-vacunacio-de-grip-i-covid-19-la-inauguracio-del-programa-de-formacio-continuada-i-de-la-18a-edicio-del-pgf-temes-mes-destacats\/","title":{"rendered":"Septiembre y octubre: La participaci\u00f3n de las farmacias en la campa\u00f1a de vacunaci\u00f3n de gripe y COVID-19, la presentaci\u00f3n del Programa de Formaci\u00f3n Continuada y la inauguraci\u00f3n 18\u00aa edici\u00f3n del PGF, temas m\u00e1s destacados en los medios"},"content":{"rendered":"<h2 class=\"wp-block-heading\"><strong>Las farmacias catalanas participan en la campa\u00f1a de vacunaci\u00f3n de gripe y COVID-19<\/strong><\/h2>\n\n\n\n<p>El pasado 11 de octubre, se present\u00f3 en <strong>rueda de prensa<\/strong> la <strong>campa\u00f1a de vacunaci\u00f3n contra la gripe y la COVID-19 <\/strong>que, por primera vez, cuenta con la <strong><a href=\"https:\/\/www.cofb.org\/es\/2024\/10\/11\/per-primera-vegada-les-farmacies-catalanes-participen-en-la-campanya-de-vacunacio-contra-la-grip-i-la-covid-19\/\" target=\"_blank\" rel=\"noreferrer noopener\">participaci\u00f3n de las farmacias catalanas<\/a><\/strong>. El presidente del Consejo de Colegios Farmac\u00e9uticos de Catalu\u00f1a (CCFC), <strong>Jordi Casas<\/strong>, particip\u00f3 en la rueda de prensa de presentaci\u00f3n, que tuvo <strong>mucha repercusi\u00f3n en los medios de comunicaci\u00f3n<\/strong>, tanto la rueda de prensa como la nota de prensa posterior. Lo destac\u00f3 diferentes medios generalistas de prensa escrita como <a href=\"https:\/\/www.europapress.es\/catalunya\/noticia-farmaceuticos-catalanes-promoveran-vacunacion-gripe-covid-19-mayores-20241011153331.html\" target=\"_blank\" rel=\"noreferrer noopener\">Europa Press<\/a>, <a href=\"https:\/\/www.elnacional.cat\/ca\/salut\/mascaretes-podrien-tornar-si-complica-epidemia-grip-covid-19_1298470_102.html\" target=\"_blank\" rel=\"noreferrer noopener\">El Nacional.cat<\/a>, La Vanguardia, tanto en la versi\u00f3n en papel como <em><a href=\"https:\/\/www.lavanguardia.com\/encatala\/20241012\/10015814\/farmacies-i-whatsapp-per-impulsar-vacunacio-grip-i-covid.html\">online<\/a><\/em>, el <a href=\"https:\/\/www.ara.cat\/societat\/salut\/campanya-vacunacio-grip-covid-virus-hivern_1_5167339.html\" target=\"_blank\" rel=\"noreferrer noopener\">Diario AHORA<\/a>, <a href=\"https:\/\/www.elperiodico.com\/es\/sociedad\/20241011\/vacunacion-campana-covid-gripe-cataluna-personas-mayores-embarazadas-2024-109193095\" target=\"_blank\" rel=\"noreferrer noopener\">El Peri\u00f3dico<\/a>, La Raz\u00f3n en papel y <em><a href=\"https:\/\/www.larazon.es\/cataluna\/campana-vacunacion-cataluna-impulsa-prueba-piloto-citar-personas-vulnerables_20241011670924b7596dfb00012a87f4.html\" target=\"_blank\" rel=\"noreferrer noopener\">online<\/a><\/em>, <a href=\"http:\/\/mynmedia.mynews.es\/intelligence\/C1105004\/document\/13819\/INS202410154137\/?tipus=url&amp;fromEmail=True&amp;idEnviament=342392\" target=\"_blank\" rel=\"noreferrer noopener\">Vilaweb<\/a>, <a href=\"http:\/\/www.gentedigital.es\/catalunya\/noticia\/3917879\/farmaceuticos-catalanes-promoveran-la-vacunacion-de-gripe-y-covid-19-entre-los-mayores\/\" target=\"_blank\" rel=\"noreferrer noopener\">Gente en Catalu\u00f1a<\/a>. Asimismo, lo recogi\u00f3 <a href=\"https:\/\/www.3cat.cat\/3cat\/engega-la-campanya-de-vacunacio-de-grip-i-covid\/video\/6304498\/\" target=\"_blank\" rel=\"noreferrer noopener\">TV3<\/a>, <a href=\"https:\/\/www.3cat.cat\/324\/vacunacio-de-grip-i-covid-dilluns-comenca-per-als-mes-grans-de-60-anys-i-els-collectius-de-risc\/noticia\/3315771\/\" target=\"_blank\" rel=\"noreferrer noopener\">324<\/a>, <a href=\"https:\/\/www.3cat.cat\/3cat\/el-suplement-de-8-a-9-h-12102024\/audio\/1221065\/\" target=\"_blank\" rel=\"noreferrer noopener\">Catalu\u00f1a Radio<\/a>, <a href=\"https:\/\/www.rtve.es\/television\/20241011\/salut-75-vacunacio-contra-grip-covid-majors-60-anys\/16284066.shtml\" target=\"_blank\" rel=\"noreferrer noopener\">RTVE<\/a>, <a href=\"https:\/\/www.rtve.es\/radioplayer\/emisoras\/rne4\/?rpOdId=08e70497630c039f1cda97f326d82d1b00c172bd2809c3fd67492bc9781c593b&amp;rpSt=522&amp;rpSrp=index\" target=\"_blank\" rel=\"noreferrer noopener\">Radio 4<\/a>, Onda Cero (<a href=\"https:\/\/www.ondacero.es\/emisoras\/catalunya\/noticies\/salut-engega-campanya-vacunacio-grip-covid19_20241014670d0dccafcb530001e84d8b.html\" target=\"_blank\" rel=\"noreferrer noopener\">1<\/a> y <a href=\"https:\/\/www.ondacero.es\/emisoras\/catalunya\/noticies\/arrenca-campanya-vacunacio-grip-covid-catalunya-per-als-mes-grans-60-anys-els-collectius-risc_20241014670cc0cdafcb530001e7f6d4.html\" target=\"_blank\" rel=\"noreferrer noopener\">2<\/a>), <a href=\"https:\/\/www.laxarxa.cat\/programa\/noticies-en-xarxa-tv-cap-de-setmana\/capitol\/noticies-en-xarxa-cap-de-setmana-13-10-2024\" target=\"_blank\" rel=\"noreferrer noopener\">La Red<\/a> y <a href=\"https:\/\/www.rac1.cat\/salut\/20241011\/205256\/examen-farmacia-salut-passara-queestionari-majors-60-anys-conscienciar-sobre-vacunes.html\" target=\"_blank\" rel=\"noreferrer noopener\">RAC 1<\/a>. Varios medios locales tambi\u00e9n lo compartieron, fue el caso de<a href=\"https:\/\/elfar.cat\/art\/51065\/salut-engega-la-campanya-de-vacunacio-contra-la-grip-i-la-covid-19-a-la-ciutadania\" target=\"_blank\" rel=\"noreferrer noopener\">El Far.cat<\/a>, <a href=\"https:\/\/elsot.cat\/salut-engega-la-campanya-de-vacunacio-contra-la-grip-i-la-covid-19-a-la-ciutadania-valles-occidental\/\" target=\"_blank\" rel=\"noreferrer noopener\">elSot.cat<\/a>, <a href=\"https:\/\/www.llagosteraradio.cat\/noticies\/9378-salut-fixa-objectiu-assolir-75-per-cent-vacunacio-contra-grip-i-covid-en-majors-60-anys-i-vulnerables\" target=\"_blank\" rel=\"noreferrer noopener\">Diario de Terrassa<\/a>, <a href=\"https:\/\/www.llagosteraradio.cat\/noticies\/9378-salut-fixa-objectiu-assolir-75-per-cent-vacunacio-contra-grip-i-covid-en-majors-60-anys-i-vulnerables\">Llagostera Radio<\/a>, <a href=\"https:\/\/el3devuit.cat\/2024\/10\/14\/125259\/actualitat\/salut-engega-la-campanya-ciutadana-de-vacunacio-contra-la-grip-i-la-covid-19\/\" target=\"_blank\" rel=\"noreferrer noopener\">El 3 de ocho<\/a>, <a href=\"https:\/\/www.vilapress.cat\/articulo\/baix-llobregat\/2024-10-17\/5034154-campana-vacunacion-contra-gripe-covid-19-pone-marcha-baix-llobregat\" target=\"_blank\" rel=\"noreferrer noopener\">VilaPRESS<\/a>, <a href=\"https:\/\/www.tvmataro.cat\/story\/mataro-forma-part-dun-pla-pilot-de-la-generalitat-per-augmentar-la-vacunacio-de-la-grip-i-la-covid-entre-la-poblacio-de-risc\" target=\"_blank\" rel=\"noreferrer noopener\">tvmatar\u00f3<\/a> y <a href=\"https:\/\/www.elvallenc.cat\/noticia\/57718\/salut-es-fixa-lobjectiu-dassolir-el-75-de-vacunacio-contra-la-grip-i-la-covid-en-majors-de\" target=\"_blank\" rel=\"noreferrer noopener\">El Vallenc<\/a>. En cuanto a la prensa especializada, <a href=\"https:\/\/www.imfarmacias.es\/noticia\/36840\/las-farmacias-catalanas-participaran-activamente-en-la-campana-de-va.html\" target=\"_blank\" rel=\"noreferrer noopener\">IM Farmacias<\/a>, <a href=\"https:\/\/www.pmfarma.com\/app\/noticias\/57669-por-primera-vez-las-farmacias-catalanas-participan-en-la-campana-de-vacunacion-contra-la-gripe-y-la-covid-19\" target=\"_blank\" rel=\"noreferrer noopener\">PMFarma<\/a>, <a href=\"https:\/\/www.elfarmaceutico.es\/actualidad\/noticias-novedades\/farmacias-catalanas-campana-vacunacion-gripe-covid-19_152903_102.html\" target=\"_blank\" rel=\"noreferrer noopener\">El Farmac\u00e9utico<\/a>, <a href=\"https:\/\/diariofarma.com\/2024\/10\/11\/la-farmacia-catalana-colaborara-con-salut-en-la-cobertura-vacunal-de-los-mayores-de-60-anos\" target=\"_blank\" rel=\"noreferrer noopener\">Diariofarma<\/a>\u00b8 <a href=\"https:\/\/elglobalfarma.com\/farmacia\/las-farmacias-catalanas-se-sumaran-activamente-al-fomento-de-la-vacunacion-a-partir-del-28-de-octubre\/\" target=\"_blank\" rel=\"noreferrer noopener\">El Global<\/a>, <a href=\"https:\/\/revistafarmanatur.com\/noticias\/por-primera-vez-las-farmacias-catalanas-participan-en-la-campana-de-vacunacion-contra-la-gripe-y-la-covid-19\/\" target=\"_blank\" rel=\"noreferrer noopener\">Farmanaturo<\/a>, <a href=\"https:\/\/www.consejosdetufarmaceutico.com\/farmacia\/por-primera-vez-las-farmacias-catalanas-participan-en-la-campana-de-vacunacion-contra-la-gripe-y-la-covid-19\/\" target=\"_blank\" rel=\"noreferrer noopener\">Consejos de ti Farmac\u00e9utico<\/a>, <a href=\"https:\/\/www.farmaventas.es\/noticias-del-sector\/15701-presentacion-del-inicio-de-la-campana-de-vacunacion-contra-la-gripe-y-la-covid-19-a-la-ciudadania.html\" target=\"_blank\" rel=\"noreferrer noopener\">Farmaventas<\/a> y <a href=\"https:\/\/www.diariomedico.com\/farmacia\/comunitaria\/3200-farmacias-cataluna-ayudaran-incrementar-tasas-vacunacion-gripe.html\" target=\"_blank\" rel=\"noreferrer noopener\">Correo Farmac\u00e9utico<\/a> hicieron eco. Posteriormente, <a href=\"https:\/\/elglobalfarma.com\/farmacia\/los-farmaceuticos-tinerfenos-potenciaran-y-garantizaran-el-acceso-a-la-vacunacion-antigripal\/\" target=\"_blank\" rel=\"noreferrer noopener\">El Global<\/a> resalt\u00f3 en una pieza informativa que los farmac\u00e9uticos de Santa Cruz de Tenerife tambi\u00e9n facilitar\u00e1n el acceso a la vacunaci\u00f3n para la gripe con menci\u00f3n a la iniciativa emprendida en Catalu\u00f1a.<\/p>\n\n\n\n<figure class=\"wp-block-image size-large\"><a href=\"https:\/\/www.cofb.org\/wp-content\/uploads\/2024\/11\/COFB_Recull-setembre-i-octubre_29112024_1.png\" target=\"_blank\" rel=\"noreferrer noopener\"><img fetchpriority=\"high\" decoding=\"async\" width=\"1024\" height=\"475\" src=\"https:\/\/www.cofb.org\/wp-content\/uploads\/2024\/11\/COFB_Recull-setembre-i-octubre_29112024_1-1024x475.png\" alt=\"\" class=\"wp-image-79944\" srcset=\"https:\/\/www.cofb.org\/wp-content\/uploads\/2024\/11\/COFB_Recull-setembre-i-octubre_29112024_1-1024x475.png 1024w, https:\/\/www.cofb.org\/wp-content\/uploads\/2024\/11\/COFB_Recull-setembre-i-octubre_29112024_1-300x139.png 300w, https:\/\/www.cofb.org\/wp-content\/uploads\/2024\/11\/COFB_Recull-setembre-i-octubre_29112024_1-768x357.png 768w, https:\/\/www.cofb.org\/wp-content\/uploads\/2024\/11\/COFB_Recull-setembre-i-octubre_29112024_1-18x8.png 18w, https:\/\/www.cofb.org\/wp-content\/uploads\/2024\/11\/COFB_Recull-setembre-i-octubre_29112024_1.png 1372w\" sizes=\"(max-width: 1024px) 100vw, 1024px\" \/><\/a><\/figure>\n\n\n\n<p>El 28 de octubre, el CCFC envi\u00f3 otra nota de prensa informando de <a href=\"https:\/\/www.cofb.org\/es\/2024\/10\/28\/les-farmacies-catalanes-inicien-la-seva-collaboracio-amb-salut-per-fomentar-la-vacunacio-de-la-grip-i-la-covid-19-entre-els-majors-de-60-anys\/\" target=\"_blank\" rel=\"noreferrer noopener\">el inicio de la participaci\u00f3n de las farmacias en la campa\u00f1a de vacunaci\u00f3n de la gripe y la COVID-19<\/a> para sensibilizar sobre la importancia de la vacunaci\u00f3n y facilitar el acceso a la informaci\u00f3n y derivaci\u00f3n a los servicios de vacunaci\u00f3n. <a href=\"https:\/\/www.lavanguardia.com\/vida\/20241028\/10057373\/farmacias-catalanas-llaman-mayores-60-anos-vacunarse-gripe-covid-19-agenciaslv20241028.html\" target=\"_blank\" rel=\"noreferrer noopener\">La Vanguardia<\/a>, <a href=\"https:\/\/www.farmaventas.es\/noticias-del-sector\/15770-las-farmacias-catalanas-inician-su-colaboracion-con-salut-para-fomentar-la-vacunacion-de-la-gripe-y-la-covid-19-entre-los-mayores-de-60-anos.html\" target=\"_blank\" rel=\"noreferrer noopener\">Farmaventas<\/a>, <a href=\"https:\/\/diariofarma.com\/2024\/10\/28\/la-farmacia-catalana-inicia-su-colaboracion-con-salut-para-la-vacunacion-en-mayores-de-60-anos\" target=\"_blank\" rel=\"noreferrer noopener\">Diariofarma<\/a>, <a href=\"https:\/\/www.elfarmaceutico.es\/actualidad\/noticias-novedades\/farmacias-cataluna-informar-mayores-60-anos-importancia-vacunacion_152930_102.html\" target=\"_blank\" rel=\"noreferrer noopener\">El Farmac\u00e9utico<\/a>, <a href=\"https:\/\/www.pmfarma.com\/app\/noticias\/57792-el-cofb-presenta-el-nuevo-programa-de-formaciyin-continuada-2024-2025-myos-accesible-para-los-farmacyuticos-y-farmacyuticas\" target=\"_blank\" rel=\"noreferrer noopener\">PMFarma<\/a>, <a href=\"https:\/\/www.imfarmacias.es\/noticia\/36966\/comienza-la-colaboracion-entre-farmacias-catalanas-y-salut-para-impul.html\" target=\"_blank\" rel=\"noreferrer noopener\">IM Farmacias<\/a> y <a href=\"https:\/\/elglobalfarma.com\/farmacia\/farmacia-cataluna-vacunacion-gripe-covid\/\" target=\"_blank\" rel=\"noreferrer noopener\">El Global<\/a> lo recogieron.<\/p>\n\n\n\n<h2 class=\"wp-block-heading\"><strong>Presentaci\u00f3n del nuevo Programa de Formaci\u00f3n Continua<\/strong><\/h2>\n\n\n\n<p>En octubre, el Colegio de Farmac\u00e9uticos de Barcelona (COFB) present\u00f3 el nuevo <strong>Programa de Formaci\u00f3n Continua <\/strong>por el <strong>curso acad\u00e9mico 2024-2025<\/strong> con el objetivo de asegurar la<strong>adquisici\u00f3n continua de conocimientos en todos los \u00e1mbitos de ejercicio profesional<\/strong>. La presentaci\u00f3n corri\u00f3 a cargo del presidente del COFB, <strong>Jordi Casas<\/strong>, y del vocal de Alimentaci\u00f3n y Nutrici\u00f3n del COFB, <strong>Oscar Llans\u00f3<\/strong>. En el marco de la presentaci\u00f3n, la Dra. <strong>Andreea Ciudin<\/strong> imparti\u00f3 la <strong>conferencia inaugural<\/strong> <strong>&quot;La revoluci\u00f3n de los f\u00e1rmacos en obesidad&quot;.<\/strong><\/p>\n\n\n\n<p>El Global profundiz\u00f3 en las novedades del programa formativo con una entrevista en el vocal de Alimentaci\u00f3n y Nutrici\u00f3n del COFB, <strong>Oscar Llans\u00f3<\/strong>, que publicaron tanto en la versi\u00f3n <em><a href=\"https:\/\/elglobalfarma.com\/farmacia\/cofb-programa-formacion-continuada\/\" target=\"_blank\" rel=\"noreferrer noopener\">online<\/a><\/em> como en papel. Adem\u00e1s, otros medios de prensa especializada, como <a href=\"https:\/\/www.imfarmacias.es\/noticia\/36956\/cofb-lanza-un-programa-de-formacion-continua-20242025-mas-accesible.html\" target=\"_blank\" rel=\"noreferrer noopener\">IM Farmacias<\/a> y <a href=\"https:\/\/www.farmaventas.es\/noticias-del-sector\/15761-el-cofb-presenta-el-nuevo-programa-de-formacion-continuada-2024-2025-mas-accesible-para-los-farmaceuticos-y-farmaceuticas.html\" target=\"_blank\" rel=\"noreferrer noopener\">Farmaventas<\/a>, hicieron eco de la nota de prensa enviada con motivo de la presentaci\u00f3n.<\/p>\n\n\n\n<figure class=\"wp-block-image size-large\"><a href=\"https:\/\/www.cofb.org\/wp-content\/uploads\/2024\/11\/COFB_Recull-setembre-i-octubre_29112024_2.png\" target=\"_blank\" rel=\"noreferrer noopener\"><img decoding=\"async\" width=\"1024\" height=\"475\" src=\"https:\/\/www.cofb.org\/wp-content\/uploads\/2024\/11\/COFB_Recull-setembre-i-octubre_29112024_2-1024x475.png\" alt=\"\" class=\"wp-image-79945\" srcset=\"https:\/\/www.cofb.org\/wp-content\/uploads\/2024\/11\/COFB_Recull-setembre-i-octubre_29112024_2-1024x475.png 1024w, https:\/\/www.cofb.org\/wp-content\/uploads\/2024\/11\/COFB_Recull-setembre-i-octubre_29112024_2-300x139.png 300w, https:\/\/www.cofb.org\/wp-content\/uploads\/2024\/11\/COFB_Recull-setembre-i-octubre_29112024_2-768x357.png 768w, https:\/\/www.cofb.org\/wp-content\/uploads\/2024\/11\/COFB_Recull-setembre-i-octubre_29112024_2-18x8.png 18w, https:\/\/www.cofb.org\/wp-content\/uploads\/2024\/11\/COFB_Recull-setembre-i-octubre_29112024_2.png 1372w\" sizes=\"(max-width: 1024px) 100vw, 1024px\" \/><\/a><\/figure>\n\n\n\n<h2 class=\"wp-block-heading\"><strong>Inauguraci\u00f3n de la 18\u00aa edici\u00f3n del Programa en Gesti\u00f3n de Farmacia (PGF)<\/strong><\/h2>\n\n\n\n<p>En relaci\u00f3n con la formaci\u00f3n, el <strong>COFB inaugur\u00f3 la 18\u00aa edici\u00f3n del Programa de Formaci\u00f3n Continua (PGF) 2024-2025<\/strong>, en un acto que tuvo lugar el pasado 15 de octubre. La presentaci\u00f3n cont\u00f3 con el presidente del Colegio, <strong>Jordi Casas<\/strong>, el jefe de la Comisi\u00f3n de Formaci\u00f3n y vocal de Alimentaci\u00f3n y Nutrici\u00f3n del COFB, <strong>Oscar Llans\u00f3<\/strong>; la directora t\u00e9cnica del COFB, <strong>Cristina Rodr\u00edguez<\/strong>; la jefa del Departamento de Formaci\u00f3n Continuada del COFB, <strong>M\u00f3nica Gallach<\/strong>; y el director del PGF, <strong>Juan Carlos Serra<\/strong>.El Colegio envi\u00f3 una nota de prensa coincidiendo con el inicio del curso que recogi\u00f3 <a href=\"https:\/\/www.farmaventas.es\/noticias-del-sector\/15733-el-cof-de-barcelona-inaugura-la-18-edicion-del-programa-en-gestion-de-farmacia-que-se-imparte-en-formato-webinar-para-facilitar-la-accesibilidad.html\" target=\"_blank\" rel=\"noreferrer noopener\">El Farmac\u00e9utico<\/a>, <a href=\"https:\/\/www.farmaventas.es\/noticias-del-sector\/15733-el-cof-de-barcelona-inaugura-la-18-edicion-del-programa-en-gestion-de-farmacia-que-se-imparte-en-formato-webinar-para-facilitar-la-accesibilidad.html\">Farmaventas<\/a>, <a href=\"https:\/\/diariofarma.com\/2024\/10\/18\/el-programa-en-gestion-de-farmacia-del-cof-de-barcelona-llega-a-su-mayoria-de-edad\" target=\"_blank\" rel=\"noreferrer noopener\">Diariofarma<\/a>, <a href=\"https:\/\/www.imfarmacias.es\/noticia\/36891\/el-cofb-inaugura-la-18-edicion-del-pgf-poniendo-en-valor-la-formaci.html\" target=\"_blank\" rel=\"noreferrer noopener\">IMFarmacias<\/a>, <a href=\"https:\/\/www.pmfarma.com\/app\/noticias\/57720-el-cof-de-barcelona-inaugura-la-18-edicion-del-programa-en-gestion-de-farmacia-que-se-imparte-en-formato-webinar-para-facilitar-la-accesibilidad\" target=\"_blank\" rel=\"noreferrer noopener\">PMFarma<\/a> y <a href=\"https:\/\/elglobalfarma.com\/farmacia\/el-cof-de-barcelona-inaugura-la-18a-edicion-del-programa-en-gestion-de-farmacia\/\" target=\"_blank\" rel=\"noreferrer noopener\">El Global<\/a>.<\/p>\n\n\n\n<h2 class=\"wp-block-heading\"><strong>D\u00eda Mundial del Farmac\u00e9utico<\/strong><\/h2>\n\n\n\n<p>Con motivo del <strong>D\u00eda Mundial del Farmac\u00e9utico<\/strong>, el <strong>Col\u00b7legi de Farmac\u00e8utics de Barcelona<\/strong> envi\u00f3 una <a href=\"https:\/\/www.cofb.org\/es\/2024\/09\/25\/mes-de-9-300-farmaceutics-de-barcelona-potencien-el-seu-paper-com-a-agents-sanitaris-de-proximitat-en-el-seu-dia-mundial\/\" target=\"_blank\" rel=\"noreferrer noopener\">nota de prensa<\/a> destacando <strong>labor que llevan a cabo los m\u00e1s de 9.300 farmac\u00e9uticos y farmac\u00e9uticas de la provincia de Barcelona<\/strong> por <strong>fortalecer el sistema de salud y mejorar la salud de las personas<\/strong>. Por otra parte, para homenajear la profesi\u00f3n, diferentes <strong>edificios emblem\u00e1ticos de Barcelona se te\u00f1ieron de verde <\/strong>(la sede del COFB, el Giradabo y el estadio RCD Espanyol de Barcelona) para homenajear a la profesi\u00f3n. Y, adem\u00e1s, <strong>se anim\u00f3 a los m\u00e1s de 11.700 farmac\u00e9uticos\/cas de Catalu\u00f1a a salvar vidas a trav\u00e9s de la donaci\u00f3n de sangre<\/strong>.<\/p>\n\n\n\n<p>El programa <a href=\"https:\/\/www.3cat.cat\/3cat\/jordi-casas-creix-la-demanda-de-medicaments-sense-la-corresponent-recepta\/audio\/1219097\/\" target=\"_blank\" rel=\"noreferrer noopener\">&quot;La noche de los ignorantes 3.0&quot;<\/a> de Catalunya R\u00e0dio entrevist\u00f3 al presidente del COFB, <strong>Jordi Casas<\/strong>, que va <strong>poner en valor la profesi\u00f3n<\/strong> y repas\u00f3 diferentes <strong>temas de actualidad farmac\u00e9utica<\/strong>. Con motivo del D\u00eda Mundial del Farmac\u00e9utico, <a href=\"https:\/\/elglobalfarma.com\/farmacia\/dia-mundial-del-farmaceutico-una-profesion-que-cuida-acompana-y-cura\/\" target=\"_blank\" rel=\"noreferrer noopener\">El Global<\/a> prepar\u00f3 una pieza informativa, recogiendo declaraciones de los distintos colegios del Estado, que cont\u00f3 con declaraciones del presidente del COFB. Hicieron eco de la nota de prensa <a href=\"https:\/\/www.elfarmaceutico.es\/actualidad\/noticias-novedades\/profesion-celebra-dia-mundial-farmaceutico_152867_102.html\" target=\"_blank\" rel=\"noreferrer noopener\">El Farmac\u00e9utico<\/a> y <a href=\"https:\/\/www.farmaventas.es\/noticias-del-sector\/15621-mas-de-9-300-farmaceuticos-de-barcelona-potencian-su-papel-como-agentes-sanitarios-de-proximidad-en-su-dia-mundial.html\" target=\"_blank\" rel=\"noreferrer noopener\">Farmaventas<\/a>.<\/p>\n\n\n\n<figure class=\"wp-block-image size-large\"><a href=\"https:\/\/www.cofb.org\/wp-content\/uploads\/2024\/11\/COFB_Recull-setembre-i-octubre_29112024_3.png\" target=\"_blank\" rel=\"noreferrer noopener\"><img decoding=\"async\" width=\"1024\" height=\"475\" src=\"https:\/\/www.cofb.org\/wp-content\/uploads\/2024\/11\/COFB_Recull-setembre-i-octubre_29112024_3-1024x475.png\" alt=\"\" class=\"wp-image-79946\" srcset=\"https:\/\/www.cofb.org\/wp-content\/uploads\/2024\/11\/COFB_Recull-setembre-i-octubre_29112024_3-1024x475.png 1024w, https:\/\/www.cofb.org\/wp-content\/uploads\/2024\/11\/COFB_Recull-setembre-i-octubre_29112024_3-300x139.png 300w, https:\/\/www.cofb.org\/wp-content\/uploads\/2024\/11\/COFB_Recull-setembre-i-octubre_29112024_3-768x357.png 768w, https:\/\/www.cofb.org\/wp-content\/uploads\/2024\/11\/COFB_Recull-setembre-i-octubre_29112024_3-18x8.png 18w, https:\/\/www.cofb.org\/wp-content\/uploads\/2024\/11\/COFB_Recull-setembre-i-octubre_29112024_3.png 1372w\" sizes=\"(max-width: 1024px) 100vw, 1024px\" \/><\/a><\/figure>\n\n\n\n<h2 class=\"wp-block-heading\"><strong>Entrevista institucional al presidente del COFB, Jordi Casas<\/strong><\/h2>\n\n\n\n<p>A finales de septiembre, <a href=\"https:\/\/elglobalfarma.com\/farmacia\/las-autoridades-deben-definir-los-roles-profesionales-apostar-por-la-ampliacion-de-competencias-y-la-integracion\/\" target=\"_blank\" rel=\"noreferrer noopener\">El Global<\/a> hizo una <strong>entrevista institucional<\/strong> al presidente del COFB, Jordi Casas. A lo largo de la entrevista, el presidente repas\u00f3 los proyectos que se est\u00e1n trabajando actualmente, los objetivos a conseguir, los avances y retos de la profesi\u00f3n y las diferentes estrategias para abordarlos. &nbsp;<\/p>\n\n\n\n<h2 class=\"wp-block-heading\"><strong>Satisfacci\u00f3n de los pacientes con la recogida de la MHDA en la farmacia comunitaria<\/strong><\/h2>\n\n\n\n<p>A ra\u00edz del<strong>estudio <\/strong>realizado por el<strong>Hospital del Mar y el Colegio de Farmac\u00e9uticos de Barcelona, con la colaboraci\u00f3n&nbsp;<\/strong>del&nbsp;<strong>Servicio Catal\u00e1n de la Salud<\/strong>, en la que se recog\u00eda la experiencia de&nbsp;<strong>1.286 pacientes que recog\u00edan la Medicaci\u00f3n Hospitalaria de Dispensaci\u00f3n Ambulatoria (MHDA) a trav\u00e9s del Servicio de Farmacia Hospitalaria del Hospital del Mar&nbsp;<\/strong>oa&nbsp;<strong>farmacias comunitarias, <\/strong>se envi\u00f3 una <a href=\"https:\/\/www.cofb.org\/es\/2024\/09\/03\/la-collaboracio-entre-farmacia-hospitalaria-i-comunitaria-en-el-lliurament-de-la-medicacio-hospitalaria-de-dispensacio-ambulatoria-es-ben-rebuda-pel-pacient\/\" target=\"_blank\" rel=\"noreferrer noopener\">nota de prensa<\/a> informando de los <strong>resultados. <\/strong>En la nota tambi\u00e9n se puso en valor que el estudio fue<strong> <a href=\"https:\/\/www.frontiersin.org\/journals\/public-health\/articles\/10.3389\/fpubh.2024.1335265\/full\" target=\"_blank\" rel=\"noreferrer noopener\">publicado en<\/a><a href=\"https:\/\/www.farmaventas.es\/noticias-del-sector\/15535-la-colaboracion-entre-farmacia-hospitalaria-y-comunitaria-en-la-entrega-de-la-medicacion-hospitalaria-de-dispensacion-ambulatoria-es-bien-recibida-por-el-paciente.html\" target=\"_blank\" rel=\"noreferrer noopener\">a<\/a><a href=\"https:\/\/www.frontiersin.org\/journals\/public-health\/articles\/10.3389\/fpubh.2024.1335265\/full\" target=\"_blank\" rel=\"noreferrer noopener\"> revista cient\u00edfica de referencia&nbsp;<em>Frontiers en Public Health<\/em><\/a>. <\/strong><a href=\"https:\/\/www.imfarmacias.es\/noticia\/36511\/los-pacientes-valoran-positivamente-el-modelo-de-entrega-de-mhda-en-su.html\" target=\"_blank\" rel=\"noreferrer noopener\">IM Farmacias<\/a>, <a href=\"https:\/\/diariofarma.com\/2024\/09\/03\/la-dispensacion-colaborativa-gana-enteros-en-la-satisfaccion-de-los-pacientes\" target=\"_blank\" rel=\"noreferrer noopener\">Diariofarma<\/a>, <a href=\"https:\/\/www.diariomedico.com\/farmacia\/profesion\/dispensacion-colaborativa-satisfaccion-925-pacientes-barcelona-recogen-mhda-farmacia.html\" target=\"_blank\" rel=\"noreferrer noopener\">Correo Farmac\u00e9utico,<\/a> <a href=\"https:\/\/elglobalfarma.com\/farmacia\/los-pacientes-muestran-su-satisfaccion-con-la-entrega-de-mhda\/\" target=\"_blank\" rel=\"noreferrer noopener\">El Global<\/a>, <a href=\"https:\/\/www.consejosdetufarmaceutico.com\/farmacia\/el-paciente-satisfecho-con-la-colaboracion-entre-farmacia-hospitalaria-y-comunitaria\/\" target=\"_blank\" rel=\"noreferrer noopener\">Consejos de ti Farmac\u00e9utico<\/a> y <a href=\"https:\/\/www.farmaventas.es\/noticias-del-sector\/15535-la-colaboracion-entre-farmacia-hospitalaria-y-comunitaria-en-la-entrega-de-la-medicacion-hospitalaria-de-dispensacion-ambulatoria-es-bien-recibida-por-el-paciente.html\">Farmaventas<\/a> compartieron los resultados del estudio. Por otra parte, el presidente del COFB, <strong>Jordi Casas<\/strong>, fue entrevistado en el programa \u201cLa ma\u00f1ana del fin de semana\u201d de COPE Catalunya y Andorra; y <a href=\"https:\/\/www.laxarxa.cat\/programa\/noticies-en-xarxa-tv-mati\/capitol\/noticies-en-xarxa-edicio-mati-23-09-2024\" target=\"_blank\" rel=\"noreferrer noopener\">La Red<\/a> (a partir del minuto 7:27) abord\u00f3 el tema con mayor profundidad en una pieza informativa, que cont\u00f3 con el testimonio de una farmac\u00e9utica comunitaria y de una paciente.<\/p>\n\n\n\n<figure class=\"wp-block-image size-large\"><a href=\"https:\/\/www.cofb.org\/wp-content\/uploads\/2024\/11\/COFB_Recull-setembre-i-octubre_29112024_4.png\" target=\"_blank\" rel=\"noreferrer noopener\"><img loading=\"lazy\" decoding=\"async\" width=\"1024\" height=\"475\" src=\"https:\/\/www.cofb.org\/wp-content\/uploads\/2024\/11\/COFB_Recull-setembre-i-octubre_29112024_4-1024x475.png\" alt=\"\" class=\"wp-image-79947\" srcset=\"https:\/\/www.cofb.org\/wp-content\/uploads\/2024\/11\/COFB_Recull-setembre-i-octubre_29112024_4-1024x475.png 1024w, https:\/\/www.cofb.org\/wp-content\/uploads\/2024\/11\/COFB_Recull-setembre-i-octubre_29112024_4-300x139.png 300w, https:\/\/www.cofb.org\/wp-content\/uploads\/2024\/11\/COFB_Recull-setembre-i-octubre_29112024_4-768x357.png 768w, https:\/\/www.cofb.org\/wp-content\/uploads\/2024\/11\/COFB_Recull-setembre-i-octubre_29112024_4-18x8.png 18w, https:\/\/www.cofb.org\/wp-content\/uploads\/2024\/11\/COFB_Recull-setembre-i-octubre_29112024_4.png 1372w\" sizes=\"(max-width: 1024px) 100vw, 1024px\" \/><\/a><\/figure>\n\n\n\n<h2 class=\"wp-block-heading\"><strong>El COFB como fuente de informaci\u00f3n<\/strong><\/h2>\n\n\n\n<h3 class=\"wp-block-heading\"><strong>Publicaci\u00f3n del borrador del Real decreto ley que regula el cannabis medicinal<\/strong><\/h3>\n\n\n\n<p>A finales de septiembre, el Ministerio de Sanidad public\u00f3 el<strong>borrador del Real decreto ley que regula la elaboraci\u00f3n y dispensaci\u00f3n de f\u00f3rmulas magistrales tipificadas de preparados estandarizados de cannabis<\/strong>. Diferentes medios de comunicaci\u00f3n hicieron eco, fue el caso de: <a href=\"https:\/\/elglobalfarma.com\/farmacia\/la-farmacia-comunitaria-reclama-poder-dispensar-cannabis-medicinal\/\" target=\"_blank\" rel=\"noreferrer noopener\">El Global<\/a>, que recogi\u00f3 el posicionamiento del COFB en relaci\u00f3n al borrador; y <a href=\"https:\/\/www.elmundo.es\/ciencia-y-salud\/salud\/2024\/10\/02\/66fc31f5e4d4d861308b4598.html\" target=\"_blank\" rel=\"noreferrer noopener\">El Mundo<\/a>, <a href=\"https:\/\/www.diariomedico.com\/farmacia\/politica\/cannabis-medicinal-farmaceuticos-pacientes-entienden-excluya-farmacia-comunitaria-dispensacion.html\" target=\"_blank\" rel=\"noreferrer noopener\">Correo Farmac\u00e9utico<\/a> y <a href=\"https:\/\/www.publico.es\/sociedad\/farmacias-dispensan-metadona-fentanilo-no-podran-facilitar-cannabis-absurdo-marcha.html\" target=\"_blank\" rel=\"noreferrer noopener\">P\u00fablico<\/a>, que hablaron con el vocal de Plantas Medicinales del COFB, <strong>Josep Allu\u00e9<\/strong>.<\/p>\n\n\n\n<h3 class=\"wp-block-heading\"><strong>Problemas de suministro de los medicamentos para el TDAH<\/strong><\/h3>\n\n\n\n<p>Durante los meses de septiembre y octubre, continuaron los <strong>problemas de suministro de los medicamentos con metilfenidato para el tratamiento del TDAH<\/strong>. El programa <a href=\"https:\/\/www.3cat.cat\/3cat\/problemes-de-subministrament-de-medicaments-per-al-tedah\/video\/6305183\/\" target=\"_blank\" rel=\"noreferrer noopener\">\u201cTodo se mueve\u201d de TV3<\/a> abord\u00f3 esta problem\u00e1tica con la vocal del Colegio, <strong>Claudia Tresserra<\/strong>, y la presidenta de la Federaci\u00f3n Catalana de TDAH. Asimismo, la vocal de Oficina de Farmacia del COFB, <strong>Merc\u00e8 Barau<\/strong>, explic\u00f3 a <a href=\"https:\/\/www.rac1.cat\/a-la-carta\/detail\/337cf08e-4bcd-4f87-9417-72a5415b065c\" target=\"_blank\" rel=\"noreferrer noopener\">&quot;El mundo en RAC 1&quot;<\/a> (a partir del minuto 35:15), los motivos por los que existe desabastecimiento de los f\u00e1rmacos con metifenidad, como es el caso del Concerta. Barau tambi\u00e9n fue entrevistada en <a href=\"https:\/\/www.rtve.es\/play\/videos\/linformatiu\/manquen-medicaments-tdah\/16265567\/\" target=\"_blank\" rel=\"noreferrer noopener\">&quot;El Informativo&quot; de RTVE<\/a> y los <a href=\"https:\/\/www.rtve.es\/play\/audios\/serveis-informatius-radio-4\/avisen-falta-medicacio-pacients-tdah\/16305242\/\" target=\"_blank\" rel=\"noreferrer noopener\">servicios de informativos de Radio 4<\/a> tambi\u00e9n hizo difusi\u00f3n. Por su parte, la responsable del Centro de Informaci\u00f3n del Medicamento, <strong>Lorena Rivera<\/strong>, detall\u00f3 por qu\u00e9 hay escasez de este f\u00e1rmaco en El Peri\u00f3dico, en la publicaci\u00f3n <em><a href=\"https:\/\/www.elperiodico.com\/es\/sanidad\/20241009\/falta-concerta-farmacos-tdah-deficit-atencion-hiperactividad-farmacias-familias-108905175\" target=\"_blank\" rel=\"noreferrer noopener\">online<\/a><\/em> y en papel, y en El D\u00eda, en la publicaci\u00f3n en papel.<\/p>\n\n\n\n<figure class=\"wp-block-image size-large\"><a href=\"https:\/\/www.cofb.org\/wp-content\/uploads\/2024\/11\/COFB_Recull-setembre-i-octubre_29112024_5.png\" target=\"_blank\" rel=\"noreferrer noopener\"><img loading=\"lazy\" decoding=\"async\" width=\"1024\" height=\"475\" src=\"https:\/\/www.cofb.org\/wp-content\/uploads\/2024\/11\/COFB_Recull-setembre-i-octubre_29112024_5-1024x475.png\" alt=\"\" class=\"wp-image-79948\" srcset=\"https:\/\/www.cofb.org\/wp-content\/uploads\/2024\/11\/COFB_Recull-setembre-i-octubre_29112024_5-1024x475.png 1024w, https:\/\/www.cofb.org\/wp-content\/uploads\/2024\/11\/COFB_Recull-setembre-i-octubre_29112024_5-300x139.png 300w, https:\/\/www.cofb.org\/wp-content\/uploads\/2024\/11\/COFB_Recull-setembre-i-octubre_29112024_5-768x357.png 768w, https:\/\/www.cofb.org\/wp-content\/uploads\/2024\/11\/COFB_Recull-setembre-i-octubre_29112024_5-18x8.png 18w, https:\/\/www.cofb.org\/wp-content\/uploads\/2024\/11\/COFB_Recull-setembre-i-octubre_29112024_5.png 1372w\" sizes=\"(max-width: 1024px) 100vw, 1024px\" \/><\/a><\/figure>\n\n\n\n<h3 class=\"wp-block-heading\"><strong>Servicios para la poblaci\u00f3n<\/strong><\/h3>\n\n\n\n<p>Diferentes <strong>servicios para la poblaci\u00f3n<\/strong> que se ofrecen desde las farmacias comunitarias han generado inter\u00e9s en los medios de comunicaci\u00f3n en los \u00faltimos dos meses. Concretamente, El Mundo, en la versi\u00f3n en papel y <a href=\"https:\/\/www.elmundo.es\/ciencia-y-salud\/salud\/2024\/10\/10\/670610b9fc6c838b478b45a6.html\" target=\"_blank\" rel=\"noreferrer noopener\">digital<\/a>, public\u00f3 un reportaje sobre algunos cribados que se llevan a cabo en las diferentes comunidades aut\u00f3nomas; en lo que se refiere a Catalu\u00f1a, el vocal del COFB, <strong>Albert de Dalmases<\/strong>, destac\u00f3 y expuso en qu\u00e9 consiste el <strong>Programa de Detecci\u00f3n de C\u00e1ncer de Colon y Recto<\/strong>. Asimismo, Correo Farmac\u00e9utico, en su especial sobre autocuidado, en papel y <em>online<\/em>, profundiz\u00f3 en <strong>dos cribados<\/strong> que se llevan a cabo desde las farmacias comunitarias. Por un lado, en el <strong><a href=\"https:\/\/www.diariomedico.com\/farmacia\/autocuidado\/cribado-cancer-colon-experiencia-exito-catapultada-farmacia.html\" target=\"_blank\" rel=\"noreferrer noopener\">cribado de c\u00e1ncer de colon y recto<\/a><\/strong> con declaraciones de <strong>Merc\u00e8 Barau<\/strong>, vocal de Oficina de Farmacia del COFB; y, por otra parte, en el cribado de VIH, que cont\u00f3 con declaraciones de la farmac\u00e9utica comunitaria, <strong>Anna Sunyer<\/strong>.<\/p>\n\n\n\n<p>En relaci\u00f3n con la necesidad de remunerar a los <strong>servicios profesionales farmac\u00e9uticos (SPFA)<\/strong>, <a href=\"https:\/\/elglobalfarma.com\/farmacia\/el-si-de-la-profesion-a-la-remuneracion-de-los-servicios-farmaceuticos-es-lo-mas-justo\/\" target=\"_blank\" rel=\"noreferrer noopener\">El Global<\/a>, recogi\u00f3 diferentes opiniones para conocer el posicionamiento de algunos colegios sobre la remuneraci\u00f3n de los servicios profesionales como la del presidente del COFB, <strong>Jordi Casas<\/strong>.<\/p>\n\n\n\n<figure class=\"wp-block-image size-large\"><a href=\"https:\/\/www.cofb.org\/wp-content\/uploads\/2024\/11\/COFB_Recull-setembre-i-octubre_29112024_6.png\" target=\"_blank\" rel=\"noreferrer noopener\"><img loading=\"lazy\" decoding=\"async\" width=\"1024\" height=\"475\" src=\"https:\/\/www.cofb.org\/wp-content\/uploads\/2024\/11\/COFB_Recull-setembre-i-octubre_29112024_6-1024x475.png\" alt=\"\" class=\"wp-image-79949\" srcset=\"https:\/\/www.cofb.org\/wp-content\/uploads\/2024\/11\/COFB_Recull-setembre-i-octubre_29112024_6-1024x475.png 1024w, https:\/\/www.cofb.org\/wp-content\/uploads\/2024\/11\/COFB_Recull-setembre-i-octubre_29112024_6-300x139.png 300w, https:\/\/www.cofb.org\/wp-content\/uploads\/2024\/11\/COFB_Recull-setembre-i-octubre_29112024_6-768x357.png 768w, https:\/\/www.cofb.org\/wp-content\/uploads\/2024\/11\/COFB_Recull-setembre-i-octubre_29112024_6-18x8.png 18w, https:\/\/www.cofb.org\/wp-content\/uploads\/2024\/11\/COFB_Recull-setembre-i-octubre_29112024_6.png 1372w\" sizes=\"(max-width: 1024px) 100vw, 1024px\" \/><\/a><\/figure>\n\n\n\n<h3 class=\"wp-block-heading\"><strong>Consejo farmac\u00e9utico<\/strong><\/h3>\n\n\n\n<p>El <strong>consejo farmac\u00e9utico<\/strong> tambi\u00e9n ha tenido mucha repercusi\u00f3n en los medios en septiembre y octubre. Concretamente, <a href=\"https:\/\/www.rtve.es\/play\/videos\/linformatiu\/infeccions-orina-temporada-bany-platges-piscines\/16232209\/\" target=\"_blank\" rel=\"noreferrer noopener\">&quot;El Informativo&quot; de RTVE<\/a>&nbsp;prepar\u00f3 una pieza informativa sobre las <strong>infecciones de orina<\/strong>, que <strong>se disparan durante la temporada de ba\u00f1o<\/strong>.Para ello, entrevistaron a la farmac\u00e9utica comunitaria, <strong>Cinta Tom\u00e1s<\/strong>. Para cerrar la temporada de ba\u00f1o, <a href=\"https:\/\/caracol.com.co\/2024\/09\/15\/es-bueno-o-malo-ponerse-crema-en-la-cara-todos-los-dias-recomendaciones-de-dermatologos\/\" target=\"_blank\" rel=\"noreferrer noopener\">Caracol Radio<\/a> public\u00f3 una noticia sobre la recomendaci\u00f3n de hacer uso de crema solar a diario con menci\u00f3n a <strong>Marta Alcalde<\/strong>.<\/p>\n\n\n\n<p><strong>\u00bfC\u00f3mo y d\u00f3nde debemos guardar los medicamentos?<\/strong> Al respecto y otras recomendaciones en relaci\u00f3n con la <strong>botiqu\u00edn<\/strong> habl\u00f3 la vocal del COFB, <strong>Claudia Tresserra<\/strong>, en el programa <a href=\"https:\/\/www.3cat.cat\/3cat\/17092024\/video\/6300539\/\" target=\"_blank\" rel=\"noreferrer noopener\">&quot;La Selva&quot; de TV3<\/a>, a partir del minuto 16:36.<\/p>\n\n\n\n<figure class=\"wp-block-image size-large\"><a href=\"https:\/\/www.cofb.org\/wp-content\/uploads\/2024\/11\/COFB_Recull-setembre-i-octubre_29112024_7.png\" target=\"_blank\" rel=\"noreferrer noopener\"><img loading=\"lazy\" decoding=\"async\" width=\"1024\" height=\"475\" src=\"https:\/\/www.cofb.org\/wp-content\/uploads\/2024\/11\/COFB_Recull-setembre-i-octubre_29112024_7-1024x475.png\" alt=\"\" class=\"wp-image-79950\" srcset=\"https:\/\/www.cofb.org\/wp-content\/uploads\/2024\/11\/COFB_Recull-setembre-i-octubre_29112024_7-1024x475.png 1024w, https:\/\/www.cofb.org\/wp-content\/uploads\/2024\/11\/COFB_Recull-setembre-i-octubre_29112024_7-300x139.png 300w, https:\/\/www.cofb.org\/wp-content\/uploads\/2024\/11\/COFB_Recull-setembre-i-octubre_29112024_7-768x357.png 768w, https:\/\/www.cofb.org\/wp-content\/uploads\/2024\/11\/COFB_Recull-setembre-i-octubre_29112024_7-18x8.png 18w, https:\/\/www.cofb.org\/wp-content\/uploads\/2024\/11\/COFB_Recull-setembre-i-octubre_29112024_7.png 1372w\" sizes=\"(max-width: 1024px) 100vw, 1024px\" \/><\/a><\/figure>\n\n\n\n<p>Sobre consejo farmac\u00e9utico, la vicepresidenta del COFB, <strong>N\u00faria Bosch<\/strong>, hizo una conexi\u00f3n en directo a la edici\u00f3n de la ma\u00f1ana <a href=\"https:\/\/www.laxarxa.cat\/programa\/noticies-en-xarxa-tv-mati\/capitol\/noticies-en-xarxa-edicio-mati-19-09-2024\" target=\"_blank\" rel=\"noreferrer noopener\">&quot;Noticias en red&quot;<\/a> de La Red (a partir del minuto 1:46:07) sobre c\u00f3mo se hacen las <strong>pruebas de colesterol en la farmacia<\/strong>. &nbsp;<\/p>\n\n\n\n<h3 class=\"wp-block-heading\"><strong>Medicamentos para perder peso y anticoagulantes<\/strong><\/h3>\n\n\n\n<p><strong>Amelia Garc\u00eda-Miranda<\/strong>, vocal del Colegio de Farmac\u00e9uticos de Barcelona, particip\u00f3 en el <a href=\"https:\/\/www.3cat.cat\/3cat\/el-bomm-de-lozempic-i-altres-efectes-secundaris-exitosos\/audio\/1218478\/\" target=\"_blank\" rel=\"noreferrer noopener\">&quot;Catalunya nit&quot; de Catalunya R\u00e0dio<\/a> para hablar sobre el <strong>boom del Ozempic<\/strong>, concretamente sobre el origen de este medicamento, el principio activo y <strong>otros medicamentos que en un inicio estaban ideados para unos fines.<\/strong><\/p>\n\n\n\n<p>Otro medicamento que ha sido noticia estos dos meses ha sido el anticoagulante llamado <strong>Apixaban<\/strong> y el anticoagulante comercializado bajo la marca <strong>Eliquis<\/strong>. El Diario ARA, en la edici\u00f3n en papel y <em><a href=\"https:\/\/www.ara.cat\/societat\/justicia\/anticoagolant-apixaban-eliquis-audiencia-barcelona-generic-medicament-generic_1_5129268.html\">online<\/a>,<\/em> abord\u00f3 el <strong>litigio que tienen las dos farmac\u00e9uticas<\/strong> que comercializan estos anticoagulantes y recogi\u00f3 declaraciones del presidente del COFB al respecto.<\/p>\n\n\n\n<p>Por otra parte, a ra\u00edz de las <strong>multas que impuso Francia a 11 laboratorios<\/strong> por no disponer de suficientes reservas de medicamentos estrat\u00e9gicos, <a href=\"https:\/\/www.diariomedico.com\/farmacia\/industria\/asi-garantiza-espana-stock-medicamentos-estrategicos-multas-francia.html\" target=\"_blank\" rel=\"noreferrer noopener\">Correo Farmac\u00e9utico<\/a> entrevist\u00f3 a la vocal de Industria del COFB, <strong>Meritxell Cort\u00e9s<\/strong>. La vocal indic\u00f3, principalmente, c\u00f3mo se garantizan en Espa\u00f1a los <strong>medicamentos considerados de gran inter\u00e9s terap\u00e9utico<\/strong>.<\/p>\n\n\n\n<figure class=\"wp-block-image size-large\"><a href=\"https:\/\/www.cofb.org\/wp-content\/uploads\/2024\/11\/COFB_Recull-setembre-i-octubre_29112024_8.png\" target=\"_blank\" rel=\"noreferrer noopener\"><img loading=\"lazy\" decoding=\"async\" width=\"1024\" height=\"475\" src=\"https:\/\/www.cofb.org\/wp-content\/uploads\/2024\/11\/COFB_Recull-setembre-i-octubre_29112024_8-1024x475.png\" alt=\"\" class=\"wp-image-79951\" srcset=\"https:\/\/www.cofb.org\/wp-content\/uploads\/2024\/11\/COFB_Recull-setembre-i-octubre_29112024_8-1024x475.png 1024w, https:\/\/www.cofb.org\/wp-content\/uploads\/2024\/11\/COFB_Recull-setembre-i-octubre_29112024_8-300x139.png 300w, https:\/\/www.cofb.org\/wp-content\/uploads\/2024\/11\/COFB_Recull-setembre-i-octubre_29112024_8-768x357.png 768w, https:\/\/www.cofb.org\/wp-content\/uploads\/2024\/11\/COFB_Recull-setembre-i-octubre_29112024_8-18x8.png 18w, https:\/\/www.cofb.org\/wp-content\/uploads\/2024\/11\/COFB_Recull-setembre-i-octubre_29112024_8.png 1372w\" sizes=\"(max-width: 1024px) 100vw, 1024px\" \/><\/a><\/figure>\n\n\n\n<h2 class=\"wp-block-heading\"><strong>Con menci\u00f3n al COFB<\/strong><\/h2>\n\n\n\n<h3 class=\"wp-block-heading\"><strong>Gu\u00eda para la adquisici\u00f3n de estupefacientes para los centros veterinarios<\/strong><\/h3>\n\n\n\n<p><a href=\"https:\/\/www.diarioveterinario.com\/t\/5045354\/guia-adquisicion-estupefacientes-interno-centros-veterinarios-barcelona\">Diario Veterinario<\/a> y <a href=\"https:\/\/www.animalshealth.es\/profesionales\/publican-guia-adquisicion-estupefacientes-uso-interno-hospitalario-centros-veterinarios-espana\">Animales Health<\/a> elaboraron una pieza informativa con menci\u00f3n en el Colegio, en relaci\u00f3n con un <strong>documento explicativo para facilitar los tr\u00e1mites a los centros veterinarios que necesiten adquirir estupefacientes<\/strong>.<\/p>\n\n\n\n<h3 class=\"wp-block-heading\"><strong>Alimentaci\u00f3n y suplementos<\/strong><\/h3>\n\n\n\n<p>A lo largo de los meses de septiembre y octubre, varios medios de comunicaci\u00f3n hicieron menci\u00f3n al COFB en publicaciones sobre <strong>alimentaci\u00f3n y suplementos<\/strong>. Fue el caso de <a href=\"https:\/\/www.eltiempo.com\/cultura\/gente\/este-es-el-listado-de-las-vitaminas-que-ayudan-a-fortalecer-la-memoria-y-mantenerla-activa-durante-el-dia-3394477\">El Tiempo<\/a> y <a href=\"https:\/\/www.lanacion.com.ar\/lifestyle\/cuidado-cuerpo-belleza\/el-listado-de-todas-las-vitaminas-que-ayudan-a-fortalecer-la-memoria-nid24102024\/\">La Naci\u00f3n<\/a>, que compartieron un listado de las vitaminas para fortalecer la memoria; <a href=\"https:\/\/naciodigital.cat\/viure-be\/alimentacio\/aliments-ajuden-concentrarte_1978685_102.html\">El Naci\u00f3n Digital<\/a>, que especific\u00f3 los dos alimentos que ayudan a la concentraci\u00f3n; la <a href=\"https:\/\/www.lagaceta.com.ar\/nota\/1057592\/sociedad\/esta-alimentacion-para-prevenir-cancer-segun-especialistas.html\">Gaceta Tucum\u00e1n<\/a>, que public\u00f3 una noticia de la alimentaci\u00f3n para prevenir el c\u00e1ncer; y <a href=\"https:\/\/www.eluniverso.com\/larevista\/salud\/que-deben-comer-las-mujeres-despues-de-los-50-anos-nota\/\">El Universo<\/a>, que indic\u00f3 \u201cel nutriente por esencial para abordar la menopausia\u201d.<\/p>\n\n\n\n<h3 class=\"wp-block-heading\"><strong>17a edici\u00f3n de la Noche de la Profesi\u00f3n<\/strong><\/h3>\n\n\n\n<p>Finalmente, El enlace de los anoienses public\u00f3, en la edici\u00f3n en papel, una cr\u00f3nica de la <strong>17a edici\u00f3n de la Noche de la Profesi\u00f3n<\/strong> organizada por diferentes entidades, entre ellas el Colegio de Farmac\u00e9uticos de Barcelona.<\/p>","protected":false},"excerpt":{"rendered":"<p>Las farmacias catalanas participan en la campa\u00f1a de vacunaci\u00f3n de gripe y COVID-19 El pasado 11 de octubre, se present\u00f3 en rueda de prensa la campa\u00f1a de vacunaci\u00f3n contra la gripe y la COVID-19 que, por primera vez, cuenta con la participaci\u00f3n de las farmacias catalanas. El presidente del Consejo [\u2026]<\/p>","protected":false},"author":3,"featured_media":79955,"comment_status":"closed","ping_status":"closed","sticky":false,"template":"","format":"standard","meta":{"_uag_custom_page_level_css":"","site-sidebar-layout":"default","site-content-layout":"","ast-site-content-layout":"default","site-content-style":"default","site-sidebar-style":"default","ast-global-header-display":"","ast-banner-title-visibility":"","ast-main-header-display":"","ast-hfb-above-header-display":"","ast-hfb-below-header-display":"","ast-hfb-mobile-header-display":"","site-post-title":"","ast-breadcrumbs-content":"","ast-featured-img":"disabled","footer-sml-layout":"","theme-transparent-header-meta":"","adv-header-id-meta":"","stick-header-meta":"","header-above-stick-meta":"","header-main-stick-meta":"","header-below-stick-meta":"","astra-migrate-meta-layouts":"set","ast-page-background-enabled":"default","ast-page-background-meta":{"desktop":{"background-color":"var(--ast-global-color-4)","background-image":"","background-repeat":"repeat","background-position":"center center","background-size":"auto","background-attachment":"scroll","background-type":"","background-media":"","overlay-type":"","overlay-color":"","overlay-opacity":"","overlay-gradient":""},"tablet":{"background-color":"","background-image":"","background-repeat":"repeat","background-position":"center center","background-size":"auto","background-attachment":"scroll","background-type":"","background-media":"","overlay-type":"","overlay-color":"","overlay-opacity":"","overlay-gradient":""},"mobile":{"background-color":"","background-image":"","background-repeat":"repeat","background-position":"center center","background-size":"auto","background-attachment":"scroll","background-type":"","background-media":"","overlay-type":"","overlay-color":"","overlay-opacity":"","overlay-gradient":""}},"ast-content-background-meta":{"desktop":{"background-color":"var(--ast-global-color-5)","background-image":"","background-repeat":"repeat","background-position":"center center","background-size":"auto","background-attachment":"scroll","background-type":"","background-media":"","overlay-type":"","overlay-color":"","overlay-opacity":"","overlay-gradient":""},"tablet":{"background-color":"var(--ast-global-color-5)","background-image":"","background-repeat":"repeat","background-position":"center center","background-size":"auto","background-attachment":"scroll","background-type":"","background-media":"","overlay-type":"","overlay-color":"","overlay-opacity":"","overlay-gradient":""},"mobile":{"background-color":"var(--ast-global-color-5)","background-image":"","background-repeat":"repeat","background-position":"center center","background-size":"auto","background-attachment":"scroll","background-type":"","background-media":"","overlay-type":"","overlay-color":"","overlay-opacity":"","overlay-gradient":""}},"footnotes":""},"categories":[23,32],"tags":[5170,36,1008,5169,5172,18,19,37,90,916,53,171,964,229,5176,5168,5141,5171,5173,5174,2509,2210,5065],"class_list":["post-79908","post","type-post","status-publish","format-standard","has-post-thumbnail","hentry","category-destacats","category-noticies-farmacia","tag-18a-edicio-ppgf","tag-alimentacio","tag-anticoagulants","tag-campanya-vacunacio-grip-i-covid","tag-cannabis-medicinal-2","tag-cofb","tag-collegi-de-farmaceutics-de-barcelona","tag-consell-farmaceutic","tag-covid-19","tag-dia-mundial-del-farmaceutic","tag-farmaceutics","tag-farmaceutiques","tag-grip","tag-mhda","tag-nit-de-la-professio","tag-noticies-farmacia","tag-programa-de-formacio-continuada-2024-2025","tag-programa-de-gestio-de-farmacia","tag-reial-decret-llei-cannabis-medicinal","tag-serveis-per-a-la-poblacio","tag-suplements","tag-tdah","tag-veterinaris"],"yoast_head":"<!-- This site is optimized with the Yoast SEO plugin v22.4 - https:\/\/yoast.com\/wordpress\/plugins\/seo\/ -->\n<title>Setembre i octubre: La participaci\u00f3 de les farm\u00e0cies en la campanya de vacunaci\u00f3 de grip i COVID-19, la presentaci\u00f3 del Programa de Formaci\u00f3 Continuada i la inauguraci\u00f3 18a edici\u00f3 del PGF, temes m\u00e9s destacats als mitjans - Col\u00b7legi de Farmac\u00e8utics de Barcelona<\/title>\n<meta name=\"description\" content=\"La participaci\u00f3 de les farm\u00e0cies en la campanya de vacunaci\u00f3 de grip i COVID-19, la inauguraci\u00f3 del Programa de Formaci\u00f3 Continuada i de la 18a edici\u00f3 del PGF\" \/>\n<meta name=\"robots\" content=\"index, follow, max-snippet:-1, max-image-preview:large, max-video-preview:-1\" \/>\n<link rel=\"canonical\" href=\"https:\/\/www.cofb.org\/es\/2024\/11\/29\/setembre-i-octubre-la-participacio-de-les-farmacies-en-la-campanya-de-vacunacio-de-grip-i-covid-19-la-inauguracio-del-programa-de-formacio-continuada-i-de-la-18a-edicio-del-pgf-temes-mes-destacats\/\" \/>\n<meta property=\"og:locale\" content=\"es_ES\" \/>\n<meta property=\"og:type\" content=\"article\" \/>\n<meta property=\"og:title\" content=\"Setembre i octubre: La participaci\u00f3 de les farm\u00e0cies en la campanya de vacunaci\u00f3 de grip i COVID-19, la presentaci\u00f3 del Programa de Formaci\u00f3 Continuada i la inauguraci\u00f3 18a edici\u00f3 del PGF, temes m\u00e9s destacats als mitjans - Col\u00b7legi de Farmac\u00e8utics de Barcelona\" \/>\n<meta property=\"og:description\" content=\"La participaci\u00f3 de les farm\u00e0cies en la campanya de vacunaci\u00f3 de grip i COVID-19, la inauguraci\u00f3 del Programa de Formaci\u00f3 Continuada i de la 18a edici\u00f3 del PGF\" \/>\n<meta property=\"og:url\" content=\"https:\/\/www.cofb.org\/es\/2024\/11\/29\/setembre-i-octubre-la-participacio-de-les-farmacies-en-la-campanya-de-vacunacio-de-grip-i-covid-19-la-inauguracio-del-programa-de-formacio-continuada-i-de-la-18a-edicio-del-pgf-temes-mes-destacats\/\" \/>\n<meta property=\"og:site_name\" content=\"Col\u00b7legi de Farmac\u00e8utics de Barcelona\" \/>\n<meta property=\"article:publisher\" content=\"https:\/\/www.facebook.com\/farmaceuticsbcn\/\" \/>\n<meta property=\"article:published_time\" content=\"2024-11-29T14:15:31+00:00\" \/>\n<meta property=\"article:modified_time\" content=\"2024-11-29T14:29:48+00:00\" \/>\n<meta property=\"og:image\" content=\"https:\/\/www.cofb.org\/wp-content\/uploads\/2024\/11\/COFB_Recull-setembre-i-octubre_29112024_0_destacada.png\" \/>\n\t<meta property=\"og:image:width\" content=\"1170\" \/>\n\t<meta property=\"og:image:height\" content=\"580\" \/>\n\t<meta property=\"og:image:type\" content=\"image\/png\" \/>\n<meta name=\"author\" content=\"Berta Mart\u00ednez\" \/>\n<meta name=\"twitter:card\" content=\"summary_large_image\" \/>\n<meta name=\"twitter:creator\" content=\"@farmaceuticsbcn\" \/>\n<meta name=\"twitter:site\" content=\"@farmaceuticsbcn\" \/>\n<meta name=\"twitter:label1\" content=\"Escrito por\" \/>\n\t<meta name=\"twitter:data1\" content=\"Berta Mart\u00ednez\" \/>\n\t<meta name=\"twitter:label2\" content=\"Tiempo de lectura\" \/>\n\t<meta name=\"twitter:data2\" content=\"13 minutos\" \/>\n<script type=\"application\/ld+json\" class=\"yoast-schema-graph\">{\"@context\":\"https:\/\/schema.org\",\"@graph\":[{\"@type\":\"Article\",\"@id\":\"https:\/\/www.cofb.org\/2024\/11\/29\/setembre-i-octubre-la-participacio-de-les-farmacies-en-la-campanya-de-vacunacio-de-grip-i-covid-19-la-inauguracio-del-programa-de-formacio-continuada-i-de-la-18a-edicio-del-pgf-temes-mes-destacats\/#article\",\"isPartOf\":{\"@id\":\"https:\/\/www.cofb.org\/2024\/11\/29\/setembre-i-octubre-la-participacio-de-les-farmacies-en-la-campanya-de-vacunacio-de-grip-i-covid-19-la-inauguracio-del-programa-de-formacio-continuada-i-de-la-18a-edicio-del-pgf-temes-mes-destacats\/\"},\"author\":{\"name\":\"Berta Mart\u00ednez\",\"@id\":\"https:\/\/www.cofb.org\/#\/schema\/person\/f32de3b41b812c85ff923cb4cc849063\"},\"headline\":\"Setembre i octubre: La participaci\u00f3 de les farm\u00e0cies en la campanya de vacunaci\u00f3 de grip i COVID-19, la presentaci\u00f3 del Programa de Formaci\u00f3 Continuada i la inauguraci\u00f3 18a edici\u00f3 del PGF, temes m\u00e9s destacats als mitjans\",\"datePublished\":\"2024-11-29T14:15:31+00:00\",\"dateModified\":\"2024-11-29T14:29:48+00:00\",\"mainEntityOfPage\":{\"@id\":\"https:\/\/www.cofb.org\/2024\/11\/29\/setembre-i-octubre-la-participacio-de-les-farmacies-en-la-campanya-de-vacunacio-de-grip-i-covid-19-la-inauguracio-del-programa-de-formacio-continuada-i-de-la-18a-edicio-del-pgf-temes-mes-destacats\/\"},\"wordCount\":2177,\"publisher\":{\"@id\":\"https:\/\/www.cofb.org\/#organization\"},\"image\":{\"@id\":\"https:\/\/www.cofb.org\/2024\/11\/29\/setembre-i-octubre-la-participacio-de-les-farmacies-en-la-campanya-de-vacunacio-de-grip-i-covid-19-la-inauguracio-del-programa-de-formacio-continuada-i-de-la-18a-edicio-del-pgf-temes-mes-destacats\/#primaryimage\"},\"thumbnailUrl\":\"https:\/\/www.cofb.org\/wp-content\/uploads\/2024\/11\/COFB_Recull-setembre-i-octubre_29112024_0_destacada.png\",\"keywords\":[\"18a edici\u00f3 PPGF\",\"alimentaci\u00f3\",\"anticoagulants\",\"campanya vacunaci\u00f3 grip i covid\",\"c\u00e0nnabis medicinal\",\"COFB\",\"Col\u00b7legi de Farmac\u00e8utics de Barcelona\",\"consell farmac\u00e8utic\",\"COVID-19\",\"Dia Mundial del Farmac\u00e8utic\",\"farmac\u00e8utics\",\"farmac\u00e8utiques\",\"Grip\",\"MHDA\",\"Nit de la Professi\u00f3\",\"noticies farm\u00e0cia\",\"Programa de Formaci\u00f3 Continuada 2024-2025\",\"Programa de Gesti\u00f3 de Farm\u00e0cia\",\"Reial decret llei c\u00e0nnabis medicinal\",\"serveis per a la poblaci\u00f3\",\"suplements\",\"TDAH\",\"veterinaris\"],\"articleSection\":[\"Destacats\",\"Not\u00edcies farm\u00e0cia\"],\"inLanguage\":\"es\"},{\"@type\":\"WebPage\",\"@id\":\"https:\/\/www.cofb.org\/2024\/11\/29\/setembre-i-octubre-la-participacio-de-les-farmacies-en-la-campanya-de-vacunacio-de-grip-i-covid-19-la-inauguracio-del-programa-de-formacio-continuada-i-de-la-18a-edicio-del-pgf-temes-mes-destacats\/\",\"url\":\"https:\/\/www.cofb.org\/2024\/11\/29\/setembre-i-octubre-la-participacio-de-les-farmacies-en-la-campanya-de-vacunacio-de-grip-i-covid-19-la-inauguracio-del-programa-de-formacio-continuada-i-de-la-18a-edicio-del-pgf-temes-mes-destacats\/\",\"name\":\"Setembre i octubre: La participaci\u00f3 de les farm\u00e0cies en la campanya de vacunaci\u00f3 de grip i COVID-19, la presentaci\u00f3 del Programa de Formaci\u00f3 Continuada i la inauguraci\u00f3 18a edici\u00f3 del PGF, temes m\u00e9s destacats als mitjans - Col\u00b7legi de Farmac\u00e8utics de Barcelona\",\"isPartOf\":{\"@id\":\"https:\/\/www.cofb.org\/#website\"},\"primaryImageOfPage\":{\"@id\":\"https:\/\/www.cofb.org\/2024\/11\/29\/setembre-i-octubre-la-participacio-de-les-farmacies-en-la-campanya-de-vacunacio-de-grip-i-covid-19-la-inauguracio-del-programa-de-formacio-continuada-i-de-la-18a-edicio-del-pgf-temes-mes-destacats\/#primaryimage\"},\"image\":{\"@id\":\"https:\/\/www.cofb.org\/2024\/11\/29\/setembre-i-octubre-la-participacio-de-les-farmacies-en-la-campanya-de-vacunacio-de-grip-i-covid-19-la-inauguracio-del-programa-de-formacio-continuada-i-de-la-18a-edicio-del-pgf-temes-mes-destacats\/#primaryimage\"},\"thumbnailUrl\":\"https:\/\/www.cofb.org\/wp-content\/uploads\/2024\/11\/COFB_Recull-setembre-i-octubre_29112024_0_destacada.png\",\"datePublished\":\"2024-11-29T14:15:31+00:00\",\"dateModified\":\"2024-11-29T14:29:48+00:00\",\"description\":\"La participaci\u00f3 de les farm\u00e0cies en la campanya de vacunaci\u00f3 de grip i COVID-19, la inauguraci\u00f3 del Programa de Formaci\u00f3 Continuada i de la 18a edici\u00f3 del PGF\",\"breadcrumb\":{\"@id\":\"https:\/\/www.cofb.org\/2024\/11\/29\/setembre-i-octubre-la-participacio-de-les-farmacies-en-la-campanya-de-vacunacio-de-grip-i-covid-19-la-inauguracio-del-programa-de-formacio-continuada-i-de-la-18a-edicio-del-pgf-temes-mes-destacats\/#breadcrumb\"},\"inLanguage\":\"es\",\"potentialAction\":[{\"@type\":\"ReadAction\",\"target\":[\"https:\/\/www.cofb.org\/2024\/11\/29\/setembre-i-octubre-la-participacio-de-les-farmacies-en-la-campanya-de-vacunacio-de-grip-i-covid-19-la-inauguracio-del-programa-de-formacio-continuada-i-de-la-18a-edicio-del-pgf-temes-mes-destacats\/\"]}]},{\"@type\":\"ImageObject\",\"inLanguage\":\"es\",\"@id\":\"https:\/\/www.cofb.org\/2024\/11\/29\/setembre-i-octubre-la-participacio-de-les-farmacies-en-la-campanya-de-vacunacio-de-grip-i-covid-19-la-inauguracio-del-programa-de-formacio-continuada-i-de-la-18a-edicio-del-pgf-temes-mes-destacats\/#primaryimage\",\"url\":\"https:\/\/www.cofb.org\/wp-content\/uploads\/2024\/11\/COFB_Recull-setembre-i-octubre_29112024_0_destacada.png\",\"contentUrl\":\"https:\/\/www.cofb.org\/wp-content\/uploads\/2024\/11\/COFB_Recull-setembre-i-octubre_29112024_0_destacada.png\",\"width\":1170,\"height\":580,\"caption\":\"Recull de setembre i octubre 2024\"},{\"@type\":\"BreadcrumbList\",\"@id\":\"https:\/\/www.cofb.org\/2024\/11\/29\/setembre-i-octubre-la-participacio-de-les-farmacies-en-la-campanya-de-vacunacio-de-grip-i-covid-19-la-inauguracio-del-programa-de-formacio-continuada-i-de-la-18a-edicio-del-pgf-temes-mes-destacats\/#breadcrumb\",\"itemListElement\":[{\"@type\":\"ListItem\",\"position\":1,\"name\":\"Inici\",\"item\":\"https:\/\/novaorg.cofb.net\/\"},{\"@type\":\"ListItem\",\"position\":2,\"name\":\"Setembre i octubre: La participaci\u00f3 de les farm\u00e0cies en la campanya de vacunaci\u00f3 de grip i COVID-19, la presentaci\u00f3 del Programa de Formaci\u00f3 Continuada i la inauguraci\u00f3 18a edici\u00f3 del PGF, temes m\u00e9s destacats als mitjans\"}]},{\"@type\":\"WebSite\",\"@id\":\"https:\/\/www.cofb.org\/#website\",\"url\":\"https:\/\/www.cofb.org\/\",\"name\":\"Col\u00b7legi de Farmac\u00e8utics de Barcelona\",\"description\":\"\",\"publisher\":{\"@id\":\"https:\/\/www.cofb.org\/#organization\"},\"potentialAction\":[{\"@type\":\"SearchAction\",\"target\":{\"@type\":\"EntryPoint\",\"urlTemplate\":\"https:\/\/www.cofb.org\/?s={search_term_string}\"},\"query-input\":\"required name=search_term_string\"}],\"inLanguage\":\"es\"},{\"@type\":\"Organization\",\"@id\":\"https:\/\/www.cofb.org\/#organization\",\"name\":\"Col\u00b7legi de Farmac\u00e8utics de Barcelona\",\"url\":\"https:\/\/www.cofb.org\/\",\"logo\":{\"@type\":\"ImageObject\",\"inLanguage\":\"es\",\"@id\":\"https:\/\/www.cofb.org\/#\/schema\/logo\/image\/\",\"url\":\"https:\/\/www.cofb.org\/wp-content\/uploads\/2023\/11\/cropped-Logotip-COFB.png\",\"contentUrl\":\"https:\/\/www.cofb.org\/wp-content\/uploads\/2023\/11\/cropped-Logotip-COFB.png\",\"width\":500,\"height\":105,\"caption\":\"Col\u00b7legi de Farmac\u00e8utics de Barcelona\"},\"image\":{\"@id\":\"https:\/\/www.cofb.org\/#\/schema\/logo\/image\/\"},\"sameAs\":[\"https:\/\/www.facebook.com\/farmaceuticsbcn\/\",\"https:\/\/twitter.com\/farmaceuticsbcn\",\"https:\/\/www.instagram.com\/farmaceuticsbcn\/\",\"https:\/\/www.linkedin.com\/company\/farmaceuticsbcn\/\"]},{\"@type\":\"Person\",\"@id\":\"https:\/\/www.cofb.org\/#\/schema\/person\/f32de3b41b812c85ff923cb4cc849063\",\"name\":\"Berta Mart\u00ednez\",\"image\":{\"@type\":\"ImageObject\",\"inLanguage\":\"es\",\"@id\":\"https:\/\/www.cofb.org\/#\/schema\/person\/image\/\",\"url\":\"https:\/\/secure.gravatar.com\/avatar\/d4c584dab5da1ee9e3c3df161c0aabec7075cc8211cd46ffc79bfe177aa78b01?s=96&d=mm&r=g\",\"contentUrl\":\"https:\/\/secure.gravatar.com\/avatar\/d4c584dab5da1ee9e3c3df161c0aabec7075cc8211cd46ffc79bfe177aa78b01?s=96&d=mm&r=g\",\"caption\":\"Berta Mart\u00ednez\"},\"url\":\"https:\/\/www.cofb.org\/es\/author\/bmartinez\/\"}]}<\/script>\n<!-- \/ Yoast SEO plugin. -->","yoast_head_json":{"title":"Setembre i octubre: La participaci\u00f3 de les farm\u00e0cies en la campanya de vacunaci\u00f3 de grip i COVID-19, la presentaci\u00f3 del Programa de Formaci\u00f3 Continuada i la inauguraci\u00f3 18a edici\u00f3 del PGF, temes m\u00e9s destacats als mitjans - Col\u00b7legi de Farmac\u00e8utics de Barcelona","description":"La participaci\u00f3 de les farm\u00e0cies en la campanya de vacunaci\u00f3 de grip i COVID-19, la inauguraci\u00f3 del Programa de Formaci\u00f3 Continuada i de la 18a edici\u00f3 del PGF","robots":{"index":"index","follow":"follow","max-snippet":"max-snippet:-1","max-image-preview":"max-image-preview:large","max-video-preview":"max-video-preview:-1"},"canonical":"https:\/\/www.cofb.org\/es\/2024\/11\/29\/setembre-i-octubre-la-participacio-de-les-farmacies-en-la-campanya-de-vacunacio-de-grip-i-covid-19-la-inauguracio-del-programa-de-formacio-continuada-i-de-la-18a-edicio-del-pgf-temes-mes-destacats\/","og_locale":"es_ES","og_type":"article","og_title":"Setembre i octubre: La participaci\u00f3 de les farm\u00e0cies en la campanya de vacunaci\u00f3 de grip i COVID-19, la presentaci\u00f3 del Programa de Formaci\u00f3 Continuada i la inauguraci\u00f3 18a edici\u00f3 del PGF, temes m\u00e9s destacats als mitjans - Col\u00b7legi de Farmac\u00e8utics de Barcelona","og_description":"La participaci\u00f3 de les farm\u00e0cies en la campanya de vacunaci\u00f3 de grip i COVID-19, la inauguraci\u00f3 del Programa de Formaci\u00f3 Continuada i de la 18a edici\u00f3 del PGF","og_url":"https:\/\/www.cofb.org\/es\/2024\/11\/29\/setembre-i-octubre-la-participacio-de-les-farmacies-en-la-campanya-de-vacunacio-de-grip-i-covid-19-la-inauguracio-del-programa-de-formacio-continuada-i-de-la-18a-edicio-del-pgf-temes-mes-destacats\/","og_site_name":"Col\u00b7legi de Farmac\u00e8utics de Barcelona","article_publisher":"https:\/\/www.facebook.com\/farmaceuticsbcn\/","article_published_time":"2024-11-29T14:15:31+00:00","article_modified_time":"2024-11-29T14:29:48+00:00","og_image":[{"width":1170,"height":580,"url":"https:\/\/www.cofb.org\/wp-content\/uploads\/2024\/11\/COFB_Recull-setembre-i-octubre_29112024_0_destacada.png","type":"image\/png"}],"author":"Berta Mart\u00ednez","twitter_card":"summary_large_image","twitter_creator":"@farmaceuticsbcn","twitter_site":"@farmaceuticsbcn","twitter_misc":{"Escrito por":"Berta Mart\u00ednez","Tiempo de lectura":"13 minutos"},"schema":{"@context":"https:\/\/schema.org","@graph":[{"@type":"Article","@id":"https:\/\/www.cofb.org\/2024\/11\/29\/setembre-i-octubre-la-participacio-de-les-farmacies-en-la-campanya-de-vacunacio-de-grip-i-covid-19-la-inauguracio-del-programa-de-formacio-continuada-i-de-la-18a-edicio-del-pgf-temes-mes-destacats\/#article","isPartOf":{"@id":"https:\/\/www.cofb.org\/2024\/11\/29\/setembre-i-octubre-la-participacio-de-les-farmacies-en-la-campanya-de-vacunacio-de-grip-i-covid-19-la-inauguracio-del-programa-de-formacio-continuada-i-de-la-18a-edicio-del-pgf-temes-mes-destacats\/"},"author":{"name":"Berta Mart\u00ednez","@id":"https:\/\/www.cofb.org\/#\/schema\/person\/f32de3b41b812c85ff923cb4cc849063"},"headline":"Setembre i octubre: La participaci\u00f3 de les farm\u00e0cies en la campanya de vacunaci\u00f3 de grip i COVID-19, la presentaci\u00f3 del Programa de Formaci\u00f3 Continuada i la inauguraci\u00f3 18a edici\u00f3 del PGF, temes m\u00e9s destacats als mitjans","datePublished":"2024-11-29T14:15:31+00:00","dateModified":"2024-11-29T14:29:48+00:00","mainEntityOfPage":{"@id":"https:\/\/www.cofb.org\/2024\/11\/29\/setembre-i-octubre-la-participacio-de-les-farmacies-en-la-campanya-de-vacunacio-de-grip-i-covid-19-la-inauguracio-del-programa-de-formacio-continuada-i-de-la-18a-edicio-del-pgf-temes-mes-destacats\/"},"wordCount":2177,"publisher":{"@id":"https:\/\/www.cofb.org\/#organization"},"image":{"@id":"https:\/\/www.cofb.org\/2024\/11\/29\/setembre-i-octubre-la-participacio-de-les-farmacies-en-la-campanya-de-vacunacio-de-grip-i-covid-19-la-inauguracio-del-programa-de-formacio-continuada-i-de-la-18a-edicio-del-pgf-temes-mes-destacats\/#primaryimage"},"thumbnailUrl":"https:\/\/www.cofb.org\/wp-content\/uploads\/2024\/11\/COFB_Recull-setembre-i-octubre_29112024_0_destacada.png","keywords":["18a edici\u00f3 PPGF","alimentaci\u00f3","anticoagulants","campanya vacunaci\u00f3 grip i covid","c\u00e0nnabis medicinal","COFB","Col\u00b7legi de Farmac\u00e8utics de Barcelona","consell farmac\u00e8utic","COVID-19","Dia Mundial del Farmac\u00e8utic","farmac\u00e8utics","farmac\u00e8utiques","Grip","MHDA","Nit de la Professi\u00f3","noticies farm\u00e0cia","Programa de Formaci\u00f3 Continuada 2024-2025","Programa de Gesti\u00f3 de Farm\u00e0cia","Reial decret llei c\u00e0nnabis medicinal","serveis per a la poblaci\u00f3","suplements","TDAH","veterinaris"],"articleSection":["Destacats","Not\u00edcies farm\u00e0cia"],"inLanguage":"es"},{"@type":"WebPage","@id":"https:\/\/www.cofb.org\/2024\/11\/29\/setembre-i-octubre-la-participacio-de-les-farmacies-en-la-campanya-de-vacunacio-de-grip-i-covid-19-la-inauguracio-del-programa-de-formacio-continuada-i-de-la-18a-edicio-del-pgf-temes-mes-destacats\/","url":"https:\/\/www.cofb.org\/2024\/11\/29\/setembre-i-octubre-la-participacio-de-les-farmacies-en-la-campanya-de-vacunacio-de-grip-i-covid-19-la-inauguracio-del-programa-de-formacio-continuada-i-de-la-18a-edicio-del-pgf-temes-mes-destacats\/","name":"Setembre i octubre: La participaci\u00f3 de les farm\u00e0cies en la campanya de vacunaci\u00f3 de grip i COVID-19, la presentaci\u00f3 del Programa de Formaci\u00f3 Continuada i la inauguraci\u00f3 18a edici\u00f3 del PGF, temes m\u00e9s destacats als mitjans - Col\u00b7legi de Farmac\u00e8utics de Barcelona","isPartOf":{"@id":"https:\/\/www.cofb.org\/#website"},"primaryImageOfPage":{"@id":"https:\/\/www.cofb.org\/2024\/11\/29\/setembre-i-octubre-la-participacio-de-les-farmacies-en-la-campanya-de-vacunacio-de-grip-i-covid-19-la-inauguracio-del-programa-de-formacio-continuada-i-de-la-18a-edicio-del-pgf-temes-mes-destacats\/#primaryimage"},"image":{"@id":"https:\/\/www.cofb.org\/2024\/11\/29\/setembre-i-octubre-la-participacio-de-les-farmacies-en-la-campanya-de-vacunacio-de-grip-i-covid-19-la-inauguracio-del-programa-de-formacio-continuada-i-de-la-18a-edicio-del-pgf-temes-mes-destacats\/#primaryimage"},"thumbnailUrl":"https:\/\/www.cofb.org\/wp-content\/uploads\/2024\/11\/COFB_Recull-setembre-i-octubre_29112024_0_destacada.png","datePublished":"2024-11-29T14:15:31+00:00","dateModified":"2024-11-29T14:29:48+00:00","description":"La participaci\u00f3 de les farm\u00e0cies en la campanya de vacunaci\u00f3 de grip i COVID-19, la inauguraci\u00f3 del Programa de Formaci\u00f3 Continuada i de la 18a edici\u00f3 del PGF","breadcrumb":{"@id":"https:\/\/www.cofb.org\/2024\/11\/29\/setembre-i-octubre-la-participacio-de-les-farmacies-en-la-campanya-de-vacunacio-de-grip-i-covid-19-la-inauguracio-del-programa-de-formacio-continuada-i-de-la-18a-edicio-del-pgf-temes-mes-destacats\/#breadcrumb"},"inLanguage":"es","potentialAction":[{"@type":"ReadAction","target":["https:\/\/www.cofb.org\/2024\/11\/29\/setembre-i-octubre-la-participacio-de-les-farmacies-en-la-campanya-de-vacunacio-de-grip-i-covid-19-la-inauguracio-del-programa-de-formacio-continuada-i-de-la-18a-edicio-del-pgf-temes-mes-destacats\/"]}]},{"@type":"ImageObject","inLanguage":"es","@id":"https:\/\/www.cofb.org\/2024\/11\/29\/setembre-i-octubre-la-participacio-de-les-farmacies-en-la-campanya-de-vacunacio-de-grip-i-covid-19-la-inauguracio-del-programa-de-formacio-continuada-i-de-la-18a-edicio-del-pgf-temes-mes-destacats\/#primaryimage","url":"https:\/\/www.cofb.org\/wp-content\/uploads\/2024\/11\/COFB_Recull-setembre-i-octubre_29112024_0_destacada.png","contentUrl":"https:\/\/www.cofb.org\/wp-content\/uploads\/2024\/11\/COFB_Recull-setembre-i-octubre_29112024_0_destacada.png","width":1170,"height":580,"caption":"Recull de setembre i octubre 2024"},{"@type":"BreadcrumbList","@id":"https:\/\/www.cofb.org\/2024\/11\/29\/setembre-i-octubre-la-participacio-de-les-farmacies-en-la-campanya-de-vacunacio-de-grip-i-covid-19-la-inauguracio-del-programa-de-formacio-continuada-i-de-la-18a-edicio-del-pgf-temes-mes-destacats\/#breadcrumb","itemListElement":[{"@type":"ListItem","position":1,"name":"Inici","item":"https:\/\/novaorg.cofb.net\/"},{"@type":"ListItem","position":2,"name":"Setembre i octubre: La participaci\u00f3 de les farm\u00e0cies en la campanya de vacunaci\u00f3 de grip i COVID-19, la presentaci\u00f3 del Programa de Formaci\u00f3 Continuada i la inauguraci\u00f3 18a edici\u00f3 del PGF, temes m\u00e9s destacats als mitjans"}]},{"@type":"WebSite","@id":"https:\/\/www.cofb.org\/#website","url":"https:\/\/www.cofb.org\/","name":"Col\u00b7legi de Farmac\u00e8utics de Barcelona","description":"","publisher":{"@id":"https:\/\/www.cofb.org\/#organization"},"potentialAction":[{"@type":"SearchAction","target":{"@type":"EntryPoint","urlTemplate":"https:\/\/www.cofb.org\/?s={search_term_string}"},"query-input":"required name=search_term_string"}],"inLanguage":"es"},{"@type":"Organization","@id":"https:\/\/www.cofb.org\/#organization","name":"Col\u00b7legi de Farmac\u00e8utics de Barcelona","url":"https:\/\/www.cofb.org\/","logo":{"@type":"ImageObject","inLanguage":"es","@id":"https:\/\/www.cofb.org\/#\/schema\/logo\/image\/","url":"https:\/\/www.cofb.org\/wp-content\/uploads\/2023\/11\/cropped-Logotip-COFB.png","contentUrl":"https:\/\/www.cofb.org\/wp-content\/uploads\/2023\/11\/cropped-Logotip-COFB.png","width":500,"height":105,"caption":"Col\u00b7legi de Farmac\u00e8utics de Barcelona"},"image":{"@id":"https:\/\/www.cofb.org\/#\/schema\/logo\/image\/"},"sameAs":["https:\/\/www.facebook.com\/farmaceuticsbcn\/","https:\/\/twitter.com\/farmaceuticsbcn","https:\/\/www.instagram.com\/farmaceuticsbcn\/","https:\/\/www.linkedin.com\/company\/farmaceuticsbcn\/"]},{"@type":"Person","@id":"https:\/\/www.cofb.org\/#\/schema\/person\/f32de3b41b812c85ff923cb4cc849063","name":"Berta Mart\u00ednez","image":{"@type":"ImageObject","inLanguage":"es","@id":"https:\/\/www.cofb.org\/#\/schema\/person\/image\/","url":"https:\/\/secure.gravatar.com\/avatar\/d4c584dab5da1ee9e3c3df161c0aabec7075cc8211cd46ffc79bfe177aa78b01?s=96&d=mm&r=g","contentUrl":"https:\/\/secure.gravatar.com\/avatar\/d4c584dab5da1ee9e3c3df161c0aabec7075cc8211cd46ffc79bfe177aa78b01?s=96&d=mm&r=g","caption":"Berta Mart\u00ednez"},"url":"https:\/\/www.cofb.org\/es\/author\/bmartinez\/"}]}},"uagb_featured_image_src":{"full":["https:\/\/www.cofb.org\/wp-content\/uploads\/2024\/11\/COFB_Recull-setembre-i-octubre_29112024_0_destacada.png",1170,580,false],"thumbnail":["https:\/\/www.cofb.org\/wp-content\/uploads\/2024\/11\/COFB_Recull-setembre-i-octubre_29112024_0_destacada-150x150.png",150,150,true],"medium":["https:\/\/www.cofb.org\/wp-content\/uploads\/2024\/11\/COFB_Recull-setembre-i-octubre_29112024_0_destacada-300x149.png",300,149,true],"medium_large":["https:\/\/www.cofb.org\/wp-content\/uploads\/2024\/11\/COFB_Recull-setembre-i-octubre_29112024_0_destacada-768x381.png",768,381,true],"large":["https:\/\/www.cofb.org\/wp-content\/uploads\/2024\/11\/COFB_Recull-setembre-i-octubre_29112024_0_destacada-1024x508.png",1024,508,true],"1536x1536":["https:\/\/www.cofb.org\/wp-content\/uploads\/2024\/11\/COFB_Recull-setembre-i-octubre_29112024_0_destacada.png",1170,580,false],"2048x2048":["https:\/\/www.cofb.org\/wp-content\/uploads\/2024\/11\/COFB_Recull-setembre-i-octubre_29112024_0_destacada.png",1170,580,false],"trp-custom-language-flag":["https:\/\/www.cofb.org\/wp-content\/uploads\/2024\/11\/COFB_Recull-setembre-i-octubre_29112024_0_destacada-18x9.png",18,9,true]},"uagb_author_info":{"display_name":"Berta Mart\u00ednez","author_link":"https:\/\/www.cofb.org\/es\/author\/bmartinez\/"},"uagb_comment_info":0,"uagb_excerpt":"Les farm\u00e0cies catalanes participen en la campanya de vacunaci\u00f3 de grip i COVID-19 El passat 11 d\u2019octubre, es va presentar en roda de premsa la campanya de vacunaci\u00f3 contra la grip i la COVID-19 que, per primera vegada, compta amb la participaci\u00f3 de les farm\u00e0cies catalanes. El president del Consell [&hellip;]","_links":{"self":[{"href":"https:\/\/www.cofb.org\/es\/wp-json\/wp\/v2\/posts\/79908","targetHints":{"allow":["GET"]}}],"collection":[{"href":"https:\/\/www.cofb.org\/es\/wp-json\/wp\/v2\/posts"}],"about":[{"href":"https:\/\/www.cofb.org\/es\/wp-json\/wp\/v2\/types\/post"}],"author":[{"embeddable":true,"href":"https:\/\/www.cofb.org\/es\/wp-json\/wp\/v2\/users\/3"}],"replies":[{"embeddable":true,"href":"https:\/\/www.cofb.org\/es\/wp-json\/wp\/v2\/comments?post=79908"}],"version-history":[{"count":41,"href":"https:\/\/www.cofb.org\/es\/wp-json\/wp\/v2\/posts\/79908\/revisions"}],"predecessor-version":[{"id":79976,"href":"https:\/\/www.cofb.org\/es\/wp-json\/wp\/v2\/posts\/79908\/revisions\/79976"}],"wp:featuredmedia":[{"embeddable":true,"href":"https:\/\/www.cofb.org\/es\/wp-json\/wp\/v2\/media\/79955"}],"wp:attachment":[{"href":"https:\/\/www.cofb.org\/es\/wp-json\/wp\/v2\/media?parent=79908"}],"wp:term":[{"taxonomy":"category","embeddable":true,"href":"https:\/\/www.cofb.org\/es\/wp-json\/wp\/v2\/categories?post=79908"},{"taxonomy":"post_tag","embeddable":true,"href":"https:\/\/www.cofb.org\/es\/wp-json\/wp\/v2\/tags?post=79908"}],"curies":[{"name":"wp","href":"https:\/\/api.w.org\/{rel}","templated":true}]}}