{"id":79211,"date":"2024-09-20T09:16:50","date_gmt":"2024-09-20T09:16:50","guid":{"rendered":"https:\/\/www.cofb.org\/?p=79211"},"modified":"2024-09-20T10:59:28","modified_gmt":"2024-09-20T10:59:28","slug":"juliol-i-agost-la-posada-en-marxa-de-la-18a-edicio-del-pgf-la-valoracio-de-la-nova-conselleria-de-salut-i-la-primera-reunio-del-comite-organitzador-dinfarma-barcelona-2025-temes-mes-destac","status":"publish","type":"post","link":"https:\/\/www.cofb.org\/es\/2024\/09\/20\/juliol-i-agost-la-posada-en-marxa-de-la-18a-edicio-del-pgf-la-valoracio-de-la-nova-conselleria-de-salut-i-la-primera-reunio-del-comite-organitzador-dinfarma-barcelona-2025-temes-mes-destac\/","title":{"rendered":"Julio y agosto: La puesta en marcha de la 18\u00aa edici\u00f3n del PGF, la valoraci\u00f3n de la nueva consejera de Salud y la primera reuni\u00f3n del Comit\u00e9 Organizador de Infarma Barcelona 2025, temas m\u00e1s destacados en los medios"},"content":{"rendered":"<h2 class=\"wp-block-heading\"><strong>El COFB pone en marcha la 18\u00aa edici\u00f3n del PGF<\/strong><\/h2>\n\n\n\n<p>El pasado mes de julio, el <strong>Col\u00b7legi de Farmac\u00e8utics de Barcelona (COFB) <\/strong>envi\u00f3 una <strong><a href=\"https:\/\/www.cofb.org\/es\/2024\/07\/17\/el-cof-de-barcelona-renova-la-18a-edicio-del-programa-en-gestio-de-farmacia-amb-la-incorporacio-de-la-modalitat-webinar-i-tours-virtuals-a-farmacies-referents-despanya\/\" target=\"_blank\" rel=\"noreferrer noopener\">nota de prensa<\/a><\/strong> comunicando que renueva la <strong>18\u00aa edici\u00f3n del PGF-Programa en Gesti\u00f3n de Farmacia<\/strong> con la incorporaci\u00f3n de la modalidad <strong><em>webinar<\/em><\/strong> y <em>tours <\/em>virtuales en farmacias referentes de Espa\u00f1a. El programa, que ser\u00e1 impartido por m\u00e1s de <strong>40 profesionales de diferentes \u00e1mbitos<\/strong>, se llevar\u00e1 a cabo del <strong>15 de octubre de 2024 al 12 de junio de 2025<\/strong>. <a href=\"https:\/\/www.imfarmacias.es\/noticia\/36255\/el-cofb-pone-en-marcha-la-18-edicion-de-su-programa-formativo-sobre.html\" target=\"_blank\" rel=\"noreferrer noopener\">IM Farmacias<\/a>, <a href=\"https:\/\/diariofarma.com\/2024\/07\/18\/el-cof-de-barcelona-renueva-el-programa-en-gestion-de-farmacia\" target=\"_blank\" rel=\"noreferrer noopener\">Diariofarma<\/a> y <a href=\"https:\/\/www.pmfarma.com\/app\/noticias\/57163-el-cof-de-barcelona-renueva-la-18-edicion-del-programa-en-gestion-de-farmacia-con-la-incorporacion-de-la-modalidad-webinar-y-tours-virtuales-en-farmacias-referentes-de-espana\" target=\"_blank\" rel=\"noreferrer noopener\">PMFarma<\/a> hicieron eco de la nota de prensa. Por su parte, <a href=\"https:\/\/elglobal.es\/farmacia\/mejorar-la-gestion-de-la-farmacia-a-traves-de-la-formacion-la-apuesta-del-cofb\/\" target=\"_blank\" rel=\"noreferrer noopener\">El Global<\/a> public\u00f3 una noticia con declaraciones de <strong>M\u00f3nica Gallach<\/strong>, jefe del Departamento de Formaci\u00f3n Continuada del COFB, y de <strong>Juan Carlos Serra<\/strong>, Director del PGF.<\/p>\n\n\n\n<figure class=\"wp-block-image size-large\"><a href=\"https:\/\/www.cofb.org\/wp-content\/uploads\/2024\/08\/COFB_RECULL-JULIOL-I-AGOST_19082024_1.png\" target=\"_blank\" rel=\"noreferrer noopener\"><img fetchpriority=\"high\" decoding=\"async\" width=\"1024\" height=\"475\" src=\"https:\/\/www.cofb.org\/wp-content\/uploads\/2024\/08\/COFB_RECULL-JULIOL-I-AGOST_19082024_1-1024x475.png\" alt=\"\" class=\"wp-image-79220\" srcset=\"https:\/\/www.cofb.org\/wp-content\/uploads\/2024\/08\/COFB_RECULL-JULIOL-I-AGOST_19082024_1-1024x475.png 1024w, https:\/\/www.cofb.org\/wp-content\/uploads\/2024\/08\/COFB_RECULL-JULIOL-I-AGOST_19082024_1-300x139.png 300w, https:\/\/www.cofb.org\/wp-content\/uploads\/2024\/08\/COFB_RECULL-JULIOL-I-AGOST_19082024_1-768x357.png 768w, https:\/\/www.cofb.org\/wp-content\/uploads\/2024\/08\/COFB_RECULL-JULIOL-I-AGOST_19082024_1-18x8.png 18w, https:\/\/www.cofb.org\/wp-content\/uploads\/2024\/08\/COFB_RECULL-JULIOL-I-AGOST_19082024_1.png 1372w\" sizes=\"(max-width: 1024px) 100vw, 1024px\" \/><\/a><\/figure>\n\n\n\n<h2 class=\"wp-block-heading\"><strong>El presidente del COFB valora la llegada de Olga Pan\u00e9 al Departament de Salut<\/strong><\/h2>\n\n\n\n<p>Lunes 12 de agosto, la <strong>Dra. Olga Pan\u00e9<\/strong> asumi\u00f3 la <strong>Consejer\u00eda de Salud <\/strong>de la Generalidad de Catalu\u00f1a. Por esta raz\u00f3n, <a href=\"https:\/\/diariomedico.com\/farmacia\/profesion\/jordi-casas-pane-conoce-perfectamente-potencial-red-farmacias.html\" target=\"_blank\" rel=\"noreferrer noopener\">Correo Farmac\u00e9utico<\/a> entrevist\u00f3 a <strong>Jordi Casas<\/strong>, presidente del Colegio de Farmac\u00e9uticos de Barcelona (COFB) y del Consejo de Colegios Farmac\u00e9uticos de Catalu\u00f1a (CCFC). Casas valor\u00f3 la trayectoria de Pan\u00e9, que seg\u00fan indic\u00f3 <strong>&quot;conoce perfectamente el potencial de la red de las farmacias&quot;<\/strong>, as\u00ed como la llegada de la consejera al Departamento de Salud. Sin embargo, subray\u00f3 que Pan\u00e9 <strong>&quot;contar\u00e1 con la colaboraci\u00f3n que necesite por parte de la corporaci\u00f3n farmac\u00e9utica&quot;<\/strong> y espera que <strong>\u201ccuente con el farmac\u00e9utico, como profesional, y con la red de farmacias para ofrecer el mejor servicio al sistema sanitario\u201d<\/strong>.&nbsp;<\/p>\n\n\n\n<h2 class=\"wp-block-heading\"><strong>Consejo farmac\u00e9utico en el programa \u201cHecho a medida\u201d de La Red<\/strong><\/h2>\n\n\n\n<p>La farmac\u00e9utica comunitaria y vocal del COFB, <strong>Amelia Garc\u00eda-Miranda<\/strong>, intervino en la secci\u00f3n quincenal del programa<a href=\"https:\/\/www.laxarxa.cat\/programa\/fet-a-mida\/relacionat\/consells-per-combatre-la-calor\" target=\"_blank\" rel=\"noreferrer noopener\"> &quot;Hecho a medida&quot;<strong> <\/strong>de La Red<\/a> para ofrecer <strong>consejos sobre c\u00f3mo actuar ante las olas de calor<\/strong> y por <strong>repeler a los mosquitos y tratar sus picaduras<\/strong>. Esta intervenci\u00f3n en la secci\u00f3n de farmacia del programa, que se emiti\u00f3 el 17 de junio, fue la \u00faltima temporada.<\/p>\n\n\n\n<figure class=\"wp-block-image size-large\"><a href=\"https:\/\/www.cofb.org\/wp-content\/uploads\/2024\/08\/COFB_RECULL-JULIOL-I-AGOST_19082024_2.png\" target=\"_blank\" rel=\"noreferrer noopener\"><img decoding=\"async\" width=\"1024\" height=\"475\" src=\"https:\/\/www.cofb.org\/wp-content\/uploads\/2024\/08\/COFB_RECULL-JULIOL-I-AGOST_19082024_2-1024x475.png\" alt=\"\" class=\"wp-image-79221\" srcset=\"https:\/\/www.cofb.org\/wp-content\/uploads\/2024\/08\/COFB_RECULL-JULIOL-I-AGOST_19082024_2-1024x475.png 1024w, https:\/\/www.cofb.org\/wp-content\/uploads\/2024\/08\/COFB_RECULL-JULIOL-I-AGOST_19082024_2-300x139.png 300w, https:\/\/www.cofb.org\/wp-content\/uploads\/2024\/08\/COFB_RECULL-JULIOL-I-AGOST_19082024_2-768x357.png 768w, https:\/\/www.cofb.org\/wp-content\/uploads\/2024\/08\/COFB_RECULL-JULIOL-I-AGOST_19082024_2-18x8.png 18w, https:\/\/www.cofb.org\/wp-content\/uploads\/2024\/08\/COFB_RECULL-JULIOL-I-AGOST_19082024_2.png 1372w\" sizes=\"(max-width: 1024px) 100vw, 1024px\" \/><\/a><\/figure>\n\n\n\n<h2 class=\"wp-block-heading\"><strong>El COFB como fuente de informaci\u00f3n<\/strong><\/h2>\n\n\n\n<h3 class=\"wp-block-heading\"><strong>Australia limita la venta de vapeadores a las farmacias comunitarias<\/strong><\/h3>\n\n\n\n<p>A ra\u00edz de la <strong>limitaci\u00f3n en la comercializaci\u00f3n de los v\u00e1peros en las farmacias comunitarias de Australia<\/strong>, <a href=\"https:\/\/elglobal.es\/farmacia\/la-farmacia-en-contra-de-la-venta-de-vapers-en-autralia\/\" target=\"_blank\" rel=\"noreferrer noopener\">El Global<\/a> recogi\u00f3 en una pieza informativa el posicionamiento del Colegio de Farmac\u00e9uticos de Barcelona (COFB), as\u00ed como de otros colegios de toda Espa\u00f1a. El presidente del COFB, <strong>Jordi Casas<\/strong>, argument\u00f3 que <strong>&quot;en el mercado ya existen suficientes alternativas para la deshabituaci\u00f3n tab\u00e1quica con evidencia cient\u00edfica probada&quot;<\/strong>, remarcando que los vapeadores no son un producto para este fin.<\/p>\n\n\n\n<h3 class=\"wp-block-heading\"><strong>\u00bfC\u00f3mo medir la presi\u00f3n arterial?<\/strong><\/h3>\n\n\n\n<p>A principios de julio, el programa <a href=\"https:\/\/www.ccma.cat\/3cat\/miquel-camafort-la-pressio-arterial-alta-pot-provocar-atacs-de-cor-ictus-incapacitat-o-mort-prematura\/video\/6290442\/\" target=\"_blank\" rel=\"noreferrer noopener\">\u201cTodo se mueve\u201d de TV3<\/a> conect\u00f3 con una <strong>farmacia comunitaria<\/strong> para mostrar <strong>c\u00f3mo medir la<\/strong> <strong>presi\u00f3n arterial<\/strong> y entender las cifras resultantes. Para ello, la farmac\u00e9utica comunitaria, <strong>Alessandra Caputto<\/strong>, explic\u00f3 en qu\u00e9 consiste este servicio, record\u00f3 las recomendaciones previas a tener en cuenta antes de tomarse la medida e hizo menci\u00f3n de la <strong>campa\u00f1a \u201cMangas arriba\u201d<\/strong>, impulsada por el Consejo de Colegios Farmac\u00e9uticos de Catalu\u00f1a (CCFC) para dar visibilidad al registro de la tensi\u00f3n arterial en <strong>Farmaserveis<\/strong>.<\/p>\n\n\n\n<figure class=\"wp-block-image size-large\"><a href=\"https:\/\/www.cofb.org\/wp-content\/uploads\/2024\/09\/COFB_RECULL-JULIOL-I-AGOST_19082024_3.2.png\" target=\"_blank\" rel=\"noreferrer noopener\"><img decoding=\"async\" width=\"1024\" height=\"475\" src=\"https:\/\/www.cofb.org\/wp-content\/uploads\/2024\/09\/COFB_RECULL-JULIOL-I-AGOST_19082024_3.2-1024x475.png\" alt=\"\" class=\"wp-image-79545\" srcset=\"https:\/\/www.cofb.org\/wp-content\/uploads\/2024\/09\/COFB_RECULL-JULIOL-I-AGOST_19082024_3.2-1024x475.png 1024w, https:\/\/www.cofb.org\/wp-content\/uploads\/2024\/09\/COFB_RECULL-JULIOL-I-AGOST_19082024_3.2-300x139.png 300w, https:\/\/www.cofb.org\/wp-content\/uploads\/2024\/09\/COFB_RECULL-JULIOL-I-AGOST_19082024_3.2-768x357.png 768w, https:\/\/www.cofb.org\/wp-content\/uploads\/2024\/09\/COFB_RECULL-JULIOL-I-AGOST_19082024_3.2-18x8.png 18w, https:\/\/www.cofb.org\/wp-content\/uploads\/2024\/09\/COFB_RECULL-JULIOL-I-AGOST_19082024_3.2.png 1372w\" sizes=\"(max-width: 1024px) 100vw, 1024px\" \/><\/a><\/figure>\n\n\n\n<h3 class=\"wp-block-heading\"><strong>Mounjaro, Lecanemab, retirada de productos crema grasas, botiqu\u00edn del viajero y desabastecimiento de medicamentos<\/strong><\/h3>\n\n\n\n<p>En relaci\u00f3n con los medicamentos, en julio, la secretaria de COFB, <strong>Marta Gento<\/strong>, fue entrevistada en <a href=\"https:\/\/www.ccma.cat\/3cat\/nou-farmac-contra-lobesitat\/video\/6290941\/\" target=\"_blank\" rel=\"noreferrer noopener\">\u201cEls Matins\u201d de TV3<\/a> para hablar del <strong>Mounjaro<\/strong>. Se trata de un medicamento, que se empez\u00f3 a comercializar el 1 de julio para el tratamiento de <strong>la obesidad<\/strong> y la <strong>diabetes<\/strong>. Asimismo, durante la entrevista, tambi\u00e9n habl\u00f3 sobre las indicaciones del<strong>Ozempic<\/strong> y el <strong>Wegoby<\/strong>. Referente a la obesidad, la farmac\u00e9utica comunitaria, <strong>Ana Mera<\/strong>, elabor\u00f3 un <strong>art\u00edculo<\/strong> para la secci\u00f3n de salud del diario <a href=\"https:\/\/www.20minutos.es\/salud\/nutricion\/obesidad-infantil-va-aumento-espana-esencial-revisar-dieta-ninos-5533046\/\" target=\"_blank\" rel=\"noreferrer noopener\">20minutos<\/a> advirtiendo que <strong>la obesidad infantil va en aumento en Espa\u00f1a<\/strong> y que, por tanto, <strong>&quot;es esencial revisar la dieta de los ni\u00f1os&quot;<\/strong>.<\/p>\n\n\n\n<p>Por otra parte, la farmac\u00e9utica del Centro de Informaci\u00f3n del Medicamento (CIM) del Colegio, <strong>Judit Carrera<\/strong>, en una entrevista en el programa <a href=\"https:\/\/rtve-mediavod-lote3.rtve.es\/resources\/SHO_L-EMAG\/mp3\/3\/9\/1723191821393.mp3?idasset=16213750\" target=\"_blank\" rel=\"noreferrer noopener\">&quot;El verano en Radio 4&quot; de RNE<\/a> (a partir del minuto 41:33), expuso los motivos por los que el<strong>Agencia Europea de Medicamentos (EMA) no ha autorizado la comercializaci\u00f3n de Lecanemab<\/strong>. Este f\u00e1rmaco, que s\u00ed est\u00e1 aprobado en Estados Unidos por parte de la Administraci\u00f3n de Alimentos y F\u00e1rmacos (FDA), est\u00e1 indicado para el <strong>tratamiento del Alzheimer<\/strong>. &nbsp;<\/p>\n\n\n\n<p>El programa <a href=\"https:\/\/www.laxarxa.cat\/programa\/nex-estiu\/capitol\/nex-estiu-21-08-2024\" target=\"_blank\" rel=\"noreferrer noopener\">NEX Verano de La Red <\/a>(a partir del minuto 21:28) entrevist\u00f3 al vocal de Ortopedia del COFB, <strong>Luis Garc\u00eda<\/strong>, que detall\u00f3 las razones por las que Sanidad va <strong>retirar <\/strong>determinados<strong> productos crema grasas<\/strong> del mercado.<\/p>\n\n\n\n<p>Sobre f\u00e1rmacos, a mediados de agosto, en el programa informativo <a href=\"https:\/\/www.cope.es\/emisoras\/catalunya\/barcelona-provincia\/barcelona\/audios\/migdia-cope-catalunya-andorra-13-08-2024-1300h-20240813_2621470\" target=\"_blank\" rel=\"noreferrer noopener\">\u201cMediod\u00eda\u201d en COPE Catalu\u00f1a y Andorra<\/a> (a partir del minuto 28:49), quisieron saber <strong>qu\u00e9 no puede faltar en el botiqu\u00edn del viajero<\/strong>. Para ello, entrevistaron a la farmac\u00e9utica del CIM, <strong>Pilar Domingo<\/strong>, que especific\u00f3 los <strong>medicamentos y productos indispensables <\/strong>que es necesario llevarse de viaje. Por \u00faltimo,<a href=\"https:\/\/elglobal.es\/farmacia\/este-verano-los-problemas-de-suministro-mantienen-una-tendencia-constante\/\" target=\"_blank\" rel=\"noreferrer noopener\"> El Global<\/a> detall\u00f3 en una noticia los <strong>medicamentos con problemas de suministro m\u00e1s notificados por las farmacias<\/strong> a trav\u00e9s del Centro de Informaci\u00f3n del Medicamento (CISMED), a partir de informaci\u00f3n proporcionada por el CIM.<\/p>\n\n\n\n<figure class=\"wp-block-image size-large\"><a href=\"https:\/\/www.cofb.org\/wp-content\/uploads\/2024\/09\/COFB_RECULL-JULIOL-I-AGOST_19082024_4.2.png\" target=\"_blank\" rel=\"noreferrer noopener\"><img loading=\"lazy\" decoding=\"async\" width=\"1024\" height=\"475\" src=\"https:\/\/www.cofb.org\/wp-content\/uploads\/2024\/09\/COFB_RECULL-JULIOL-I-AGOST_19082024_4.2-1024x475.png\" alt=\"\" class=\"wp-image-79546\" srcset=\"https:\/\/www.cofb.org\/wp-content\/uploads\/2024\/09\/COFB_RECULL-JULIOL-I-AGOST_19082024_4.2-1024x475.png 1024w, https:\/\/www.cofb.org\/wp-content\/uploads\/2024\/09\/COFB_RECULL-JULIOL-I-AGOST_19082024_4.2-300x139.png 300w, https:\/\/www.cofb.org\/wp-content\/uploads\/2024\/09\/COFB_RECULL-JULIOL-I-AGOST_19082024_4.2-768x357.png 768w, https:\/\/www.cofb.org\/wp-content\/uploads\/2024\/09\/COFB_RECULL-JULIOL-I-AGOST_19082024_4.2-18x8.png 18w, https:\/\/www.cofb.org\/wp-content\/uploads\/2024\/09\/COFB_RECULL-JULIOL-I-AGOST_19082024_4.2.png 1372w\" sizes=\"(max-width: 1024px) 100vw, 1024px\" \/><\/a><\/figure>\n\n\n\n<h3 class=\"wp-block-heading\"><strong>Consejo farmac\u00e9utico para una correcta protecci\u00f3n solar<\/strong><\/h3>\n\n\n\n<p>Con la llegada del verano aumenta la <strong>intensidad de la radiaci\u00f3n ultravioleta<\/strong> y, por tanto, hay que extremar las <strong>medidas para protegerse de la exposici\u00f3n solar<\/strong>. En este sentido, la vocal de Oficina de Farmacia del COFB, <strong>Merc\u00e8 Barau<\/strong>, comparti\u00f3 <strong>consejos para una correcta protecci\u00f3n solar<\/strong> a los <a href=\"https:\/\/www.rtve.es\/play\/audios\/serveis-informatius-radio-4\/edicio-migdia-02-08-2024\/16206956\/\" target=\"_blank\" rel=\"noreferrer noopener\">&quot;Servicios Informativos&quot; de Radio 4<\/a> (a partir del minuto -13:06). &nbsp;<\/p>\n\n\n\n<p>Sin embargo, sobre <strong>la exposici\u00f3n solar<\/strong>, en una entrevista en <a href=\"https:\/\/www.cope.es\/emisoras\/catalunya\/audios\/migdia-cope-catalunya-andorra-02-07-2024-1420-20240702_2593956\" target=\"_blank\" rel=\"noreferrer noopener\">Mediod\u00eda de la COPE Catalu\u00f1a y Andorra<\/a> (a partir del minuto 29:08), la vocal de Dermofarmacia y Productos Sanitarios del Colegio, <strong>Marta Alcalde<\/strong>, va <strong>desmitificar la moda del callo solar<\/strong> y advirti\u00f3 de los <strong>riesgos <\/strong>a largo plazo de <strong>tomar el sol sin una correcta protecci\u00f3n solar<\/strong>. Asimismo, la vocal de Dermofarmacia y Productos Sanitarios ofreci\u00f3 <strong>consejos para protegerse del sol adecuadamente<\/strong>. &nbsp;<\/p>\n\n\n\n<h2 class=\"wp-block-heading\"><strong>Con menci\u00f3n al COFB<\/strong><\/h2>\n\n\n\n<h3 class=\"wp-block-heading\"><strong>Empiezan los preparativos de Infarma Barcelona 2025<\/strong><\/h3>\n\n\n\n<p><a href=\"https:\/\/www.imfarmacias.es\/noticia\/36179\/inician-los-preparativos-para-la-35a-edicion-de-infarma-barcelona-202.html\" target=\"_blank\" rel=\"noreferrer noopener\">IM Farmacias<\/a> hizo eco, en una publicaci\u00f3n con menci\u00f3n en el COFB, de la <strong>primera reuni\u00f3n del Comit\u00e9 Organizador de Infarma Barcelona 2025<\/strong>. En esta reuni\u00f3n, los organizadores empezaron a plantear los <strong>objetivos, el lema y las actividades congresuales y extracongresuales<\/strong> de la pr\u00f3xima edici\u00f3n de Infarma, que tendr\u00e1 lugar los d\u00edas<strong> 25, 26 y 27 de marzo de 2025<\/strong>.<\/p>\n\n\n\n<figure class=\"wp-block-image size-large\"><a href=\"https:\/\/www.cofb.org\/wp-content\/uploads\/2024\/08\/COFB_RECULL-JULIOL-I-AGOST_19082024_5.png\" target=\"_blank\" rel=\"noreferrer noopener\"><img loading=\"lazy\" decoding=\"async\" width=\"1024\" height=\"475\" src=\"https:\/\/www.cofb.org\/wp-content\/uploads\/2024\/08\/COFB_RECULL-JULIOL-I-AGOST_19082024_5-1024x475.png\" alt=\"\" class=\"wp-image-79225\" srcset=\"https:\/\/www.cofb.org\/wp-content\/uploads\/2024\/08\/COFB_RECULL-JULIOL-I-AGOST_19082024_5-1024x475.png 1024w, https:\/\/www.cofb.org\/wp-content\/uploads\/2024\/08\/COFB_RECULL-JULIOL-I-AGOST_19082024_5-300x139.png 300w, https:\/\/www.cofb.org\/wp-content\/uploads\/2024\/08\/COFB_RECULL-JULIOL-I-AGOST_19082024_5-768x357.png 768w, https:\/\/www.cofb.org\/wp-content\/uploads\/2024\/08\/COFB_RECULL-JULIOL-I-AGOST_19082024_5-18x8.png 18w, https:\/\/www.cofb.org\/wp-content\/uploads\/2024\/08\/COFB_RECULL-JULIOL-I-AGOST_19082024_5.png 1372w\" sizes=\"(max-width: 1024px) 100vw, 1024px\" \/><\/a><\/figure>\n\n\n\n<h3 class=\"wp-block-heading\"><strong>Radiograf\u00eda de la profesi\u00f3n farmac\u00e9utica en la provincia de Barcelona<\/strong><\/h3>\n\n\n\n<p>A mediados de agosto, <a href=\"https:\/\/www.imfarmacias.es\/noticia\/36398\/radiografia-de-la-profesion-farmaceutica-en-la-provincia-de-barcelo.html\" target=\"_blank\" rel=\"noreferrer noopener\">IM Farmacias<\/a> y <a href=\"https:\/\/www.pmfarma.com\/app\/noticias\/57283-cgcof-publica-la-radiografia-de-la-profesion-farmaceutica-en-la-provincia-de-barcelona-en-2023\" target=\"_blank\" rel=\"noreferrer noopener\">PMFarma<\/a> compartieron las<strong> cifras m\u00e1s destacadas de la profesi\u00f3n farmac\u00e9utica en la provincia de Barcelona<\/strong>, a partir de <strong>el informe<\/strong> que publica anualmente el Consejo General de Colegios Oficiales de Farmac\u00e9uticos (CGCOF): <strong>&quot;Estad\u00edsticas de Colegiados y Farmacias Comunitarias&quot;<\/strong>.<\/p>\n\n\n\n<h3 class=\"wp-block-heading\"><strong>Memoria del COFB 2023<\/strong><\/h3>\n\n\n\n<p>Por su parte, a finales de agosto, <a href=\"https:\/\/www.imfarmacias.es\/noticia\/36444\/publicada-la-memoria-del-collegi-de-farmaceutics-de-barcelona-lo-m.html#:~:text=Publicada%20la%20memoria%20del%20Col%C2%B7legi%20de%20Farmac%C3%A8utics%20de%20Barcelona%3A%20lo%20m%C3%A1s%20relevante%20del%20a%C3%B1o%202023\">IM Farmacias<\/a> recogi\u00f3 en una pieza informativa la <strong>Memoria del COFB 2023<\/strong> con menci\u00f3n en el Colegio. En este sentido, la publicaci\u00f3n recoge la actividad m\u00e1s relevante que el Colegio ha realizado durante el a\u00f1o 2023. <\/p>\n\n\n\n<figure class=\"wp-block-image size-large\"><a href=\"https:\/\/www.cofb.org\/wp-content\/uploads\/2024\/09\/COFB_RECULL-JULIOL-I-AGOST_19082024_6.png\" target=\"_blank\" rel=\"noreferrer noopener\"><img loading=\"lazy\" decoding=\"async\" width=\"1024\" height=\"475\" src=\"https:\/\/www.cofb.org\/wp-content\/uploads\/2024\/09\/COFB_RECULL-JULIOL-I-AGOST_19082024_6-1024x475.png\" alt=\"\" class=\"wp-image-79540\" srcset=\"https:\/\/www.cofb.org\/wp-content\/uploads\/2024\/09\/COFB_RECULL-JULIOL-I-AGOST_19082024_6-1024x475.png 1024w, https:\/\/www.cofb.org\/wp-content\/uploads\/2024\/09\/COFB_RECULL-JULIOL-I-AGOST_19082024_6-300x139.png 300w, https:\/\/www.cofb.org\/wp-content\/uploads\/2024\/09\/COFB_RECULL-JULIOL-I-AGOST_19082024_6-768x357.png 768w, https:\/\/www.cofb.org\/wp-content\/uploads\/2024\/09\/COFB_RECULL-JULIOL-I-AGOST_19082024_6-18x8.png 18w, https:\/\/www.cofb.org\/wp-content\/uploads\/2024\/09\/COFB_RECULL-JULIOL-I-AGOST_19082024_6.png 1372w\" sizes=\"(max-width: 1024px) 100vw, 1024px\" \/><\/a><\/figure>\n\n\n\n<h3 class=\"wp-block-heading\"><strong>Informe del sector farmac\u00e9utico<\/strong><\/h3>\n\n\n\n<p>A finales de julio y como cada a\u00f1o, IM Farmacias (<a href=\"https:\/\/www.imfarmacias.es\/revista\/147\/106\/#zoom=true\" target=\"_blank\" rel=\"noreferrer noopener\">1<\/a><a href=\"https:\/\/www.imfarmacias.es\/revista\/147\/106\/#zoom=true\"> <\/a>y <a href=\"https:\/\/www.imfarmacias.es\/noticia\/36458\/las-farmacias-catalanas-como-protagonistas-clave-del-cambio-social.html?utm_source=dlvr.it&amp;utm_medium=twitter\" target=\"_blank\" rel=\"noreferrer noopener\">2<\/a>) public\u00f3 el &#039;<a href=\"https:\/\/www.imfarmacias.es\/revista\/147\/106\/#zoom=true\" target=\"_blank\" rel=\"noreferrer noopener\">anuario 2023-2024<\/a>, un n\u00famero especial de su revista en la que se realiza un <strong>informe del sector farmac\u00e9utico<\/strong>, recogiendo los proyectos, la actividad y las cifras m\u00e1s destacadas del a\u00f1o. En las p\u00e1ginas 106 y 107 del informe pusieron el foco en las farmacias catalanas bajo el t\u00edtulo &quot;Las farmacias catalanas, protagonistas clave del cambio social&quot;.<\/p>\n\n\n\n<h3 class=\"wp-block-heading\"><strong>Toma de posesi\u00f3n de la Junta de Gobierno del COFT<\/strong><\/h3>\n\n\n\n<p>El <strong>Colegio Oficial de Farmac\u00e9uticos de Tarragona (COFT)<\/strong> celebr\u00f3 <strong>el acto de toma de posesi\u00f3n <\/strong>de la <strong>nueva Junta de Gobierno<\/strong> por el <strong>mandato 2024-2028<\/strong>. El acto, que tuvo lugar el pasado 3 de julio y lo recogi\u00f3 IM Farmacias (<a href=\"https:\/\/www.imfarmacias.es\/noticia\/36135\/el-coft-celebra-la-toma-de-posesion-de-la-nueva-junta-de-gobierno-20.html\" target=\"_blank\" rel=\"noreferrer noopener\">1<\/a> y <a href=\"https:\/\/www.imfarmacias.es\/noticia\/36400\/el-coft-nombra-nueva-junta-de-gobierno.html\" target=\"_blank\" rel=\"noreferrer noopener\">2<\/a>), cont\u00f3 con la participaci\u00f3n del presidente del Consejo de Colegios Farmac\u00e9uticos de Catalu\u00f1a (CCFC), <strong>Jordi Casas.<\/strong><\/p>\n\n\n\n<h3 class=\"wp-block-heading\"><strong>\u00bfPara qu\u00e9 sirve, cu\u00e1ndo y c\u00f3mo tomar jengibre<\/strong><\/h3>\n\n\n\n<p>A finales de julio, <a href=\"https:\/\/www.elperiodico.com\/es\/vida-y-estilo\/20240729\/tres-enfermedades-combaten-comiendo-jengibre-dv-104377932\" target=\"_blank\" rel=\"noreferrer noopener\">El Peri\u00f3dico<\/a> public\u00f3 una pieza sobre las<strong> enfermedades que se pueden prevenir con el consumo de jengibre<\/strong>, que cont\u00f3 con declaraciones del vocal de Plantas Medicinales del COFB, <strong>Josep Allu\u00e9<\/strong>. Las declaraciones fueron extra\u00eddas de un <a href=\"https:\/\/youtu.be\/xh2_EE6cQss?si=I5opU0i3c3aLlty6\" target=\"_blank\" rel=\"noreferrer noopener\">videoconsejo<\/a>, elaborado por el Consejo General de Colegios Oficiales de Farmac\u00e9uticos (CGCOF), en el que Allu\u00e9 especifica las <strong>propiedades<\/strong> y <strong>usos terap\u00e9uticos <\/strong>de esta planta medicinal.<\/p>\n\n\n\n<h3 class=\"wp-block-heading\"><strong>22\u00aa Jornada de Verano de la Profesi\u00f3n M\u00e9dica Puigcerd\u00e0 2024<\/strong><\/h3>\n\n\n\n<p>Por \u00faltimo, el medio <a href=\"https:\/\/www.viurealspirineus.cat\/articulo\/cerdanya\/universitat-d-estiu-ramon-llull-puigcerda-clou-26a-edicio-amb-1200-participants-i-conferencia-monica-usart\/20240720173252049851.html\" target=\"_blank\" rel=\"noreferrer noopener\">Vivir en los Pirineos<\/a> comparti\u00f3 una noticia, con menci\u00f3n al CCFC como organizador, sobre la <strong>clausura de la 22\u00aa edici\u00f3n de la Jornada de Verano de la Profesi\u00f3n M\u00e9dica Puigcerd\u00e0 2024<\/strong>. El acto cerr\u00f3 con una conferencia sobre el <strong>cambio clim\u00e1tico <\/strong>y la <strong>salud planetaria <\/strong>a cargo de la meteor\u00f3loga, <strong>M\u00f3nica Usart.<\/strong><\/p>","protected":false},"excerpt":{"rendered":"<p>El COFB pone en marcha la 18\u00aa edici\u00f3n del PGF El pasado mes de julio, el Colegio de Farmac\u00e9uticos de Barcelona (COFB) envi\u00f3 una nota de prensa comunicando que renueva la 18\u00aa edici\u00f3n del PGF-Programa en Gesti\u00f3n de Farmacia con la incorporaci\u00f3n de la modalidad webinar y tours virtuales [\u2026]<\/p>","protected":false},"author":3,"featured_media":79553,"comment_status":"closed","ping_status":"closed","sticky":false,"template":"","format":"standard","meta":{"_uag_custom_page_level_css":"","site-sidebar-layout":"default","site-content-layout":"","ast-site-content-layout":"default","site-content-style":"default","site-sidebar-style":"default","ast-global-header-display":"","ast-banner-title-visibility":"","ast-main-header-display":"","ast-hfb-above-header-display":"","ast-hfb-below-header-display":"","ast-hfb-mobile-header-display":"","site-post-title":"","ast-breadcrumbs-content":"","ast-featured-img":"disabled","footer-sml-layout":"","theme-transparent-header-meta":"","adv-header-id-meta":"","stick-header-meta":"","header-above-stick-meta":"","header-main-stick-meta":"","header-below-stick-meta":"","astra-migrate-meta-layouts":"set","ast-page-background-enabled":"default","ast-page-background-meta":{"desktop":{"background-color":"var(--ast-global-color-4)","background-image":"","background-repeat":"repeat","background-position":"center center","background-size":"auto","background-attachment":"scroll","background-type":"","background-media":"","overlay-type":"","overlay-color":"","overlay-opacity":"","overlay-gradient":""},"tablet":{"background-color":"","background-image":"","background-repeat":"repeat","background-position":"center center","background-size":"auto","background-attachment":"scroll","background-type":"","background-media":"","overlay-type":"","overlay-color":"","overlay-opacity":"","overlay-gradient":""},"mobile":{"background-color":"","background-image":"","background-repeat":"repeat","background-position":"center center","background-size":"auto","background-attachment":"scroll","background-type":"","background-media":"","overlay-type":"","overlay-color":"","overlay-opacity":"","overlay-gradient":""}},"ast-content-background-meta":{"desktop":{"background-color":"var(--ast-global-color-5)","background-image":"","background-repeat":"repeat","background-position":"center center","background-size":"auto","background-attachment":"scroll","background-type":"","background-media":"","overlay-type":"","overlay-color":"","overlay-opacity":"","overlay-gradient":""},"tablet":{"background-color":"var(--ast-global-color-5)","background-image":"","background-repeat":"repeat","background-position":"center center","background-size":"auto","background-attachment":"scroll","background-type":"","background-media":"","overlay-type":"","overlay-color":"","overlay-opacity":"","overlay-gradient":""},"mobile":{"background-color":"var(--ast-global-color-5)","background-image":"","background-repeat":"repeat","background-position":"center center","background-size":"auto","background-attachment":"scroll","background-type":"","background-media":"","overlay-type":"","overlay-color":"","overlay-opacity":"","overlay-gradient":""}},"footnotes":""},"categories":[23,32],"tags":[5089,5105,64,5115,5019,18,19,1015,37,5104,194,311,52,4726,53,68,69,25,26,5114,132,4763,5094,28,5116,29,5047,5102,3533,5113,5111,4404,2518,5107,5112,76,5103,5108,5090,2493,2305,907,3109,5093,5101,725,117,5106,253,5109,2144],"class_list":["post-79211","post","type-post","status-publish","format-standard","has-post-thumbnail","hentry","category-destacats","category-noticies-farmacia","tag-18a-edicio-pgf","tag-ambit-farmaceutic","tag-atencio-farmaceutica","tag-callo-solar","tag-campanya-manigues-amunt","tag-cofb","tag-collegi-de-farmaceutics-de-barcelona","tag-comite-organitzador","tag-consell-farmaceutic","tag-consellera-de-salut","tag-conselleria-de-salut","tag-departament-de-salut","tag-farmaceutic","tag-farmaceutica","tag-farmaceutics","tag-farmacia","tag-farmacia-comunitaria","tag-farmacies","tag-farmacies-comunitaries","tag-farmaciola-del-viatger","tag-farmaserveis","tag-fet-a-mida","tag-gestio-de-farmacia","tag-infarma","tag-infarma-2025","tag-infarma-barcelona","tag-infarma-barcelona-2025","tag-joan-carlos-serra","tag-la-xarxa","tag-lecanemab","tag-maniques-amunt","tag-marta-gento","tag-monica-gallach","tag-mosquits","tag-mounjaro","tag-oficina-de-farmacia","tag-olga-pane","tag-onades-de-calor","tag-pgf","tag-picades","tag-pressio-arterial","tag-professionals","tag-professionals-farmaceutics","tag-programa-en-gestio-de-farmacia","tag-programa-en-gestio-de-farmacia-pgf","tag-proteccio-solar","tag-salut","tag-seccio-farmacia","tag-sistema-sanitari","tag-vapejadors","tag-xarxa-de-farmacies"],"yoast_head":"<!-- This site is optimized with the Yoast SEO plugin v22.4 - https:\/\/yoast.com\/wordpress\/plugins\/seo\/ -->\n<title>Juliol i agost: La posada en marxa de la 18a edici\u00f3 del PGF, la valoraci\u00f3 de la nova consellera de Salut i la primera reuni\u00f3 del Comit\u00e8 Organitzador d\u2019Infarma Barcelona 2025, temes m\u00e9s destacats als mitjans - Col\u00b7legi de Farmac\u00e8utics de Barcelona<\/title>\n<meta name=\"description\" content=\"Juliol i agost: El COFB renova la 18a edici\u00f3 del PFG, nova conselleria de Salut i consell farmac\u00e8utic en el \u201cFet a mida\u201d.\" \/>\n<meta name=\"robots\" content=\"index, follow, max-snippet:-1, max-image-preview:large, max-video-preview:-1\" \/>\n<link rel=\"canonical\" href=\"https:\/\/www.cofb.org\/es\/2024\/09\/20\/juliol-i-agost-la-posada-en-marxa-de-la-18a-edicio-del-pgf-la-valoracio-de-la-nova-conselleria-de-salut-i-la-primera-reunio-del-comite-organitzador-dinfarma-barcelona-2025-temes-mes-destac\/\" \/>\n<meta property=\"og:locale\" content=\"es_ES\" \/>\n<meta property=\"og:type\" content=\"article\" \/>\n<meta property=\"og:title\" content=\"Juliol i agost: La posada en marxa de la 18a edici\u00f3 del PGF, la valoraci\u00f3 de la nova consellera de Salut i la primera reuni\u00f3 del Comit\u00e8 Organitzador d\u2019Infarma Barcelona 2025, temes m\u00e9s destacats als mitjans - Col\u00b7legi de Farmac\u00e8utics de Barcelona\" \/>\n<meta property=\"og:description\" content=\"Juliol i agost: El COFB renova la 18a edici\u00f3 del PFG, nova conselleria de Salut i consell farmac\u00e8utic en el \u201cFet a mida\u201d.\" \/>\n<meta property=\"og:url\" content=\"https:\/\/www.cofb.org\/es\/2024\/09\/20\/juliol-i-agost-la-posada-en-marxa-de-la-18a-edicio-del-pgf-la-valoracio-de-la-nova-conselleria-de-salut-i-la-primera-reunio-del-comite-organitzador-dinfarma-barcelona-2025-temes-mes-destac\/\" \/>\n<meta property=\"og:site_name\" content=\"Col\u00b7legi de Farmac\u00e8utics de Barcelona\" \/>\n<meta property=\"article:publisher\" content=\"https:\/\/www.facebook.com\/farmaceuticsbcn\/\" \/>\n<meta property=\"article:published_time\" content=\"2024-09-20T09:16:50+00:00\" \/>\n<meta property=\"article:modified_time\" content=\"2024-09-20T10:59:28+00:00\" \/>\n<meta property=\"og:image\" content=\"https:\/\/www.cofb.org\/wp-content\/uploads\/2024\/09\/COFB_RECULL-JULIOL-I-AGOST_19082024_0.png\" \/>\n\t<meta property=\"og:image:width\" content=\"1170\" \/>\n\t<meta property=\"og:image:height\" content=\"580\" \/>\n\t<meta property=\"og:image:type\" content=\"image\/png\" \/>\n<meta name=\"author\" content=\"Berta Mart\u00ednez\" \/>\n<meta name=\"twitter:card\" content=\"summary_large_image\" \/>\n<meta name=\"twitter:creator\" content=\"@farmaceuticsbcn\" \/>\n<meta name=\"twitter:site\" content=\"@farmaceuticsbcn\" \/>\n<meta name=\"twitter:label1\" content=\"Escrito por\" \/>\n\t<meta name=\"twitter:data1\" content=\"Berta Mart\u00ednez\" \/>\n\t<meta name=\"twitter:label2\" content=\"Tiempo de lectura\" \/>\n\t<meta name=\"twitter:data2\" content=\"10 minutos\" \/>\n<script type=\"application\/ld+json\" class=\"yoast-schema-graph\">{\"@context\":\"https:\/\/schema.org\",\"@graph\":[{\"@type\":\"Article\",\"@id\":\"https:\/\/www.cofb.org\/2024\/09\/20\/juliol-i-agost-la-posada-en-marxa-de-la-18a-edicio-del-pgf-la-valoracio-de-la-nova-conselleria-de-salut-i-la-primera-reunio-del-comite-organitzador-dinfarma-barcelona-2025-temes-mes-destac\/#article\",\"isPartOf\":{\"@id\":\"https:\/\/www.cofb.org\/2024\/09\/20\/juliol-i-agost-la-posada-en-marxa-de-la-18a-edicio-del-pgf-la-valoracio-de-la-nova-conselleria-de-salut-i-la-primera-reunio-del-comite-organitzador-dinfarma-barcelona-2025-temes-mes-destac\/\"},\"author\":{\"name\":\"Berta Mart\u00ednez\",\"@id\":\"https:\/\/www.cofb.org\/#\/schema\/person\/f32de3b41b812c85ff923cb4cc849063\"},\"headline\":\"Juliol i agost: La posada en marxa de la 18a edici\u00f3 del PGF, la valoraci\u00f3 de la nova consellera de Salut i la primera reuni\u00f3 del Comit\u00e8 Organitzador d\u2019Infarma Barcelona 2025, temes m\u00e9s destacats als mitjans\",\"datePublished\":\"2024-09-20T09:16:50+00:00\",\"dateModified\":\"2024-09-20T10:59:28+00:00\",\"mainEntityOfPage\":{\"@id\":\"https:\/\/www.cofb.org\/2024\/09\/20\/juliol-i-agost-la-posada-en-marxa-de-la-18a-edicio-del-pgf-la-valoracio-de-la-nova-conselleria-de-salut-i-la-primera-reunio-del-comite-organitzador-dinfarma-barcelona-2025-temes-mes-destac\/\"},\"wordCount\":1599,\"publisher\":{\"@id\":\"https:\/\/www.cofb.org\/#organization\"},\"image\":{\"@id\":\"https:\/\/www.cofb.org\/2024\/09\/20\/juliol-i-agost-la-posada-en-marxa-de-la-18a-edicio-del-pgf-la-valoracio-de-la-nova-conselleria-de-salut-i-la-primera-reunio-del-comite-organitzador-dinfarma-barcelona-2025-temes-mes-destac\/#primaryimage\"},\"thumbnailUrl\":\"https:\/\/www.cofb.org\/wp-content\/uploads\/2024\/09\/COFB_RECULL-JULIOL-I-AGOST_19082024_0.png\",\"keywords\":[\"18a edici\u00f3 PGF\",\"\u00e0mbit farmac\u00e8utic\",\"Atenci\u00f3 farmac\u00e8utica\",\"callo solar\",\"Campanya M\u00e0nigues Amunt\",\"COFB\",\"Col\u00b7legi de Farmac\u00e8utics de Barcelona\",\"comit\u00e8 organitzador\",\"consell farmac\u00e8utic\",\"consellera de Salut\",\"Conselleria de Salut\",\"Departament de Salut\",\"farmac\u00e8utic\",\"farmac\u00e8utica\",\"farmac\u00e8utics\",\"Farm\u00e0cia\",\"farm\u00e0cia comunit\u00e0ria\",\"farm\u00e0cies\",\"farm\u00e0cies comunit\u00e0ries\",\"farmaciola del viatger\",\"Farmaserveis\",\"Fet a mida\",\"Gesti\u00f3 de Farm\u00e0cia\",\"Infarma\",\"Infarma 2025\",\"Infarma Barcelona\",\"Infarma Barcelona 2025\",\"Joan Carlos Serra\",\"La Xarxa\",\"Lecanemab\",\"M\u00e0niques amunt\",\"Marta Gento\",\"M\u00f2nica Gallach\",\"mosquits\",\"Mounjaro\",\"Oficina de farm\u00e0cia\",\"Olga Pan\u00e9\",\"onades de calor\",\"PGF\",\"picades\",\"pressi\u00f3 arterial\",\"professionals\",\"professionals farmac\u00e8utics\",\"Programa en Gesti\u00f3 de Farm\u00e0cia\",\"Programa en Gesti\u00f3 de Farm\u00e0cia (PGF)\",\"protecci\u00f3 solar\",\"salut\",\"secci\u00f3 farm\u00e0cia\",\"sistema sanitari\",\"vapejadors\",\"xarxa de farm\u00e0cies\"],\"articleSection\":[\"Destacats\",\"Not\u00edcies farm\u00e0cia\"],\"inLanguage\":\"es\"},{\"@type\":\"WebPage\",\"@id\":\"https:\/\/www.cofb.org\/2024\/09\/20\/juliol-i-agost-la-posada-en-marxa-de-la-18a-edicio-del-pgf-la-valoracio-de-la-nova-conselleria-de-salut-i-la-primera-reunio-del-comite-organitzador-dinfarma-barcelona-2025-temes-mes-destac\/\",\"url\":\"https:\/\/www.cofb.org\/2024\/09\/20\/juliol-i-agost-la-posada-en-marxa-de-la-18a-edicio-del-pgf-la-valoracio-de-la-nova-conselleria-de-salut-i-la-primera-reunio-del-comite-organitzador-dinfarma-barcelona-2025-temes-mes-destac\/\",\"name\":\"Juliol i agost: La posada en marxa de la 18a edici\u00f3 del PGF, la valoraci\u00f3 de la nova consellera de Salut i la primera reuni\u00f3 del Comit\u00e8 Organitzador d\u2019Infarma Barcelona 2025, temes m\u00e9s destacats als mitjans - Col\u00b7legi de Farmac\u00e8utics de Barcelona\",\"isPartOf\":{\"@id\":\"https:\/\/www.cofb.org\/#website\"},\"primaryImageOfPage\":{\"@id\":\"https:\/\/www.cofb.org\/2024\/09\/20\/juliol-i-agost-la-posada-en-marxa-de-la-18a-edicio-del-pgf-la-valoracio-de-la-nova-conselleria-de-salut-i-la-primera-reunio-del-comite-organitzador-dinfarma-barcelona-2025-temes-mes-destac\/#primaryimage\"},\"image\":{\"@id\":\"https:\/\/www.cofb.org\/2024\/09\/20\/juliol-i-agost-la-posada-en-marxa-de-la-18a-edicio-del-pgf-la-valoracio-de-la-nova-conselleria-de-salut-i-la-primera-reunio-del-comite-organitzador-dinfarma-barcelona-2025-temes-mes-destac\/#primaryimage\"},\"thumbnailUrl\":\"https:\/\/www.cofb.org\/wp-content\/uploads\/2024\/09\/COFB_RECULL-JULIOL-I-AGOST_19082024_0.png\",\"datePublished\":\"2024-09-20T09:16:50+00:00\",\"dateModified\":\"2024-09-20T10:59:28+00:00\",\"description\":\"Juliol i agost: El COFB renova la 18a edici\u00f3 del PFG, nova conselleria de Salut i consell farmac\u00e8utic en el \u201cFet a mida\u201d.\",\"breadcrumb\":{\"@id\":\"https:\/\/www.cofb.org\/2024\/09\/20\/juliol-i-agost-la-posada-en-marxa-de-la-18a-edicio-del-pgf-la-valoracio-de-la-nova-conselleria-de-salut-i-la-primera-reunio-del-comite-organitzador-dinfarma-barcelona-2025-temes-mes-destac\/#breadcrumb\"},\"inLanguage\":\"es\",\"potentialAction\":[{\"@type\":\"ReadAction\",\"target\":[\"https:\/\/www.cofb.org\/2024\/09\/20\/juliol-i-agost-la-posada-en-marxa-de-la-18a-edicio-del-pgf-la-valoracio-de-la-nova-conselleria-de-salut-i-la-primera-reunio-del-comite-organitzador-dinfarma-barcelona-2025-temes-mes-destac\/\"]}]},{\"@type\":\"ImageObject\",\"inLanguage\":\"es\",\"@id\":\"https:\/\/www.cofb.org\/2024\/09\/20\/juliol-i-agost-la-posada-en-marxa-de-la-18a-edicio-del-pgf-la-valoracio-de-la-nova-conselleria-de-salut-i-la-primera-reunio-del-comite-organitzador-dinfarma-barcelona-2025-temes-mes-destac\/#primaryimage\",\"url\":\"https:\/\/www.cofb.org\/wp-content\/uploads\/2024\/09\/COFB_RECULL-JULIOL-I-AGOST_19082024_0.png\",\"contentUrl\":\"https:\/\/www.cofb.org\/wp-content\/uploads\/2024\/09\/COFB_RECULL-JULIOL-I-AGOST_19082024_0.png\",\"width\":1170,\"height\":580},{\"@type\":\"BreadcrumbList\",\"@id\":\"https:\/\/www.cofb.org\/2024\/09\/20\/juliol-i-agost-la-posada-en-marxa-de-la-18a-edicio-del-pgf-la-valoracio-de-la-nova-conselleria-de-salut-i-la-primera-reunio-del-comite-organitzador-dinfarma-barcelona-2025-temes-mes-destac\/#breadcrumb\",\"itemListElement\":[{\"@type\":\"ListItem\",\"position\":1,\"name\":\"Inici\",\"item\":\"https:\/\/novaorg.cofb.net\/\"},{\"@type\":\"ListItem\",\"position\":2,\"name\":\"Juliol i agost: La posada en marxa de la 18a edici\u00f3 del PGF, la valoraci\u00f3 de la nova consellera de Salut i la primera reuni\u00f3 del Comit\u00e8 Organitzador d\u2019Infarma Barcelona 2025, temes m\u00e9s destacats als mitjans\"}]},{\"@type\":\"WebSite\",\"@id\":\"https:\/\/www.cofb.org\/#website\",\"url\":\"https:\/\/www.cofb.org\/\",\"name\":\"Col\u00b7legi de Farmac\u00e8utics de Barcelona\",\"description\":\"\",\"publisher\":{\"@id\":\"https:\/\/www.cofb.org\/#organization\"},\"potentialAction\":[{\"@type\":\"SearchAction\",\"target\":{\"@type\":\"EntryPoint\",\"urlTemplate\":\"https:\/\/www.cofb.org\/?s={search_term_string}\"},\"query-input\":\"required name=search_term_string\"}],\"inLanguage\":\"es\"},{\"@type\":\"Organization\",\"@id\":\"https:\/\/www.cofb.org\/#organization\",\"name\":\"Col\u00b7legi de Farmac\u00e8utics de Barcelona\",\"url\":\"https:\/\/www.cofb.org\/\",\"logo\":{\"@type\":\"ImageObject\",\"inLanguage\":\"es\",\"@id\":\"https:\/\/www.cofb.org\/#\/schema\/logo\/image\/\",\"url\":\"https:\/\/www.cofb.org\/wp-content\/uploads\/2023\/11\/cropped-Logotip-COFB.png\",\"contentUrl\":\"https:\/\/www.cofb.org\/wp-content\/uploads\/2023\/11\/cropped-Logotip-COFB.png\",\"width\":500,\"height\":105,\"caption\":\"Col\u00b7legi de Farmac\u00e8utics de Barcelona\"},\"image\":{\"@id\":\"https:\/\/www.cofb.org\/#\/schema\/logo\/image\/\"},\"sameAs\":[\"https:\/\/www.facebook.com\/farmaceuticsbcn\/\",\"https:\/\/twitter.com\/farmaceuticsbcn\",\"https:\/\/www.instagram.com\/farmaceuticsbcn\/\",\"https:\/\/www.linkedin.com\/company\/farmaceuticsbcn\/\"]},{\"@type\":\"Person\",\"@id\":\"https:\/\/www.cofb.org\/#\/schema\/person\/f32de3b41b812c85ff923cb4cc849063\",\"name\":\"Berta Mart\u00ednez\",\"image\":{\"@type\":\"ImageObject\",\"inLanguage\":\"es\",\"@id\":\"https:\/\/www.cofb.org\/#\/schema\/person\/image\/\",\"url\":\"https:\/\/secure.gravatar.com\/avatar\/d4c584dab5da1ee9e3c3df161c0aabec7075cc8211cd46ffc79bfe177aa78b01?s=96&d=mm&r=g\",\"contentUrl\":\"https:\/\/secure.gravatar.com\/avatar\/d4c584dab5da1ee9e3c3df161c0aabec7075cc8211cd46ffc79bfe177aa78b01?s=96&d=mm&r=g\",\"caption\":\"Berta Mart\u00ednez\"},\"url\":\"https:\/\/www.cofb.org\/es\/author\/bmartinez\/\"}]}<\/script>\n<!-- \/ Yoast SEO plugin. -->","yoast_head_json":{"title":"Juliol i agost: La posada en marxa de la 18a edici\u00f3 del PGF, la valoraci\u00f3 de la nova consellera de Salut i la primera reuni\u00f3 del Comit\u00e8 Organitzador d\u2019Infarma Barcelona 2025, temes m\u00e9s destacats als mitjans - Col\u00b7legi de Farmac\u00e8utics de Barcelona","description":"Juliol i agost: El COFB renova la 18a edici\u00f3 del PFG, nova conselleria de Salut i consell farmac\u00e8utic en el \u201cFet a mida\u201d.","robots":{"index":"index","follow":"follow","max-snippet":"max-snippet:-1","max-image-preview":"max-image-preview:large","max-video-preview":"max-video-preview:-1"},"canonical":"https:\/\/www.cofb.org\/es\/2024\/09\/20\/juliol-i-agost-la-posada-en-marxa-de-la-18a-edicio-del-pgf-la-valoracio-de-la-nova-conselleria-de-salut-i-la-primera-reunio-del-comite-organitzador-dinfarma-barcelona-2025-temes-mes-destac\/","og_locale":"es_ES","og_type":"article","og_title":"Juliol i agost: La posada en marxa de la 18a edici\u00f3 del PGF, la valoraci\u00f3 de la nova consellera de Salut i la primera reuni\u00f3 del Comit\u00e8 Organitzador d\u2019Infarma Barcelona 2025, temes m\u00e9s destacats als mitjans - Col\u00b7legi de Farmac\u00e8utics de Barcelona","og_description":"Juliol i agost: El COFB renova la 18a edici\u00f3 del PFG, nova conselleria de Salut i consell farmac\u00e8utic en el \u201cFet a mida\u201d.","og_url":"https:\/\/www.cofb.org\/es\/2024\/09\/20\/juliol-i-agost-la-posada-en-marxa-de-la-18a-edicio-del-pgf-la-valoracio-de-la-nova-conselleria-de-salut-i-la-primera-reunio-del-comite-organitzador-dinfarma-barcelona-2025-temes-mes-destac\/","og_site_name":"Col\u00b7legi de Farmac\u00e8utics de Barcelona","article_publisher":"https:\/\/www.facebook.com\/farmaceuticsbcn\/","article_published_time":"2024-09-20T09:16:50+00:00","article_modified_time":"2024-09-20T10:59:28+00:00","og_image":[{"width":1170,"height":580,"url":"https:\/\/www.cofb.org\/wp-content\/uploads\/2024\/09\/COFB_RECULL-JULIOL-I-AGOST_19082024_0.png","type":"image\/png"}],"author":"Berta Mart\u00ednez","twitter_card":"summary_large_image","twitter_creator":"@farmaceuticsbcn","twitter_site":"@farmaceuticsbcn","twitter_misc":{"Escrito por":"Berta Mart\u00ednez","Tiempo de lectura":"10 minutos"},"schema":{"@context":"https:\/\/schema.org","@graph":[{"@type":"Article","@id":"https:\/\/www.cofb.org\/2024\/09\/20\/juliol-i-agost-la-posada-en-marxa-de-la-18a-edicio-del-pgf-la-valoracio-de-la-nova-conselleria-de-salut-i-la-primera-reunio-del-comite-organitzador-dinfarma-barcelona-2025-temes-mes-destac\/#article","isPartOf":{"@id":"https:\/\/www.cofb.org\/2024\/09\/20\/juliol-i-agost-la-posada-en-marxa-de-la-18a-edicio-del-pgf-la-valoracio-de-la-nova-conselleria-de-salut-i-la-primera-reunio-del-comite-organitzador-dinfarma-barcelona-2025-temes-mes-destac\/"},"author":{"name":"Berta Mart\u00ednez","@id":"https:\/\/www.cofb.org\/#\/schema\/person\/f32de3b41b812c85ff923cb4cc849063"},"headline":"Juliol i agost: La posada en marxa de la 18a edici\u00f3 del PGF, la valoraci\u00f3 de la nova consellera de Salut i la primera reuni\u00f3 del Comit\u00e8 Organitzador d\u2019Infarma Barcelona 2025, temes m\u00e9s destacats als mitjans","datePublished":"2024-09-20T09:16:50+00:00","dateModified":"2024-09-20T10:59:28+00:00","mainEntityOfPage":{"@id":"https:\/\/www.cofb.org\/2024\/09\/20\/juliol-i-agost-la-posada-en-marxa-de-la-18a-edicio-del-pgf-la-valoracio-de-la-nova-conselleria-de-salut-i-la-primera-reunio-del-comite-organitzador-dinfarma-barcelona-2025-temes-mes-destac\/"},"wordCount":1599,"publisher":{"@id":"https:\/\/www.cofb.org\/#organization"},"image":{"@id":"https:\/\/www.cofb.org\/2024\/09\/20\/juliol-i-agost-la-posada-en-marxa-de-la-18a-edicio-del-pgf-la-valoracio-de-la-nova-conselleria-de-salut-i-la-primera-reunio-del-comite-organitzador-dinfarma-barcelona-2025-temes-mes-destac\/#primaryimage"},"thumbnailUrl":"https:\/\/www.cofb.org\/wp-content\/uploads\/2024\/09\/COFB_RECULL-JULIOL-I-AGOST_19082024_0.png","keywords":["18a edici\u00f3 PGF","\u00e0mbit farmac\u00e8utic","Atenci\u00f3 farmac\u00e8utica","callo solar","Campanya M\u00e0nigues Amunt","COFB","Col\u00b7legi de Farmac\u00e8utics de Barcelona","comit\u00e8 organitzador","consell farmac\u00e8utic","consellera de Salut","Conselleria de Salut","Departament de Salut","farmac\u00e8utic","farmac\u00e8utica","farmac\u00e8utics","Farm\u00e0cia","farm\u00e0cia comunit\u00e0ria","farm\u00e0cies","farm\u00e0cies comunit\u00e0ries","farmaciola del viatger","Farmaserveis","Fet a mida","Gesti\u00f3 de Farm\u00e0cia","Infarma","Infarma 2025","Infarma Barcelona","Infarma Barcelona 2025","Joan Carlos Serra","La Xarxa","Lecanemab","M\u00e0niques amunt","Marta Gento","M\u00f2nica Gallach","mosquits","Mounjaro","Oficina de farm\u00e0cia","Olga Pan\u00e9","onades de calor","PGF","picades","pressi\u00f3 arterial","professionals","professionals farmac\u00e8utics","Programa en Gesti\u00f3 de Farm\u00e0cia","Programa en Gesti\u00f3 de Farm\u00e0cia (PGF)","protecci\u00f3 solar","salut","secci\u00f3 farm\u00e0cia","sistema sanitari","vapejadors","xarxa de farm\u00e0cies"],"articleSection":["Destacats","Not\u00edcies farm\u00e0cia"],"inLanguage":"es"},{"@type":"WebPage","@id":"https:\/\/www.cofb.org\/2024\/09\/20\/juliol-i-agost-la-posada-en-marxa-de-la-18a-edicio-del-pgf-la-valoracio-de-la-nova-conselleria-de-salut-i-la-primera-reunio-del-comite-organitzador-dinfarma-barcelona-2025-temes-mes-destac\/","url":"https:\/\/www.cofb.org\/2024\/09\/20\/juliol-i-agost-la-posada-en-marxa-de-la-18a-edicio-del-pgf-la-valoracio-de-la-nova-conselleria-de-salut-i-la-primera-reunio-del-comite-organitzador-dinfarma-barcelona-2025-temes-mes-destac\/","name":"Juliol i agost: La posada en marxa de la 18a edici\u00f3 del PGF, la valoraci\u00f3 de la nova consellera de Salut i la primera reuni\u00f3 del Comit\u00e8 Organitzador d\u2019Infarma Barcelona 2025, temes m\u00e9s destacats als mitjans - Col\u00b7legi de Farmac\u00e8utics de Barcelona","isPartOf":{"@id":"https:\/\/www.cofb.org\/#website"},"primaryImageOfPage":{"@id":"https:\/\/www.cofb.org\/2024\/09\/20\/juliol-i-agost-la-posada-en-marxa-de-la-18a-edicio-del-pgf-la-valoracio-de-la-nova-conselleria-de-salut-i-la-primera-reunio-del-comite-organitzador-dinfarma-barcelona-2025-temes-mes-destac\/#primaryimage"},"image":{"@id":"https:\/\/www.cofb.org\/2024\/09\/20\/juliol-i-agost-la-posada-en-marxa-de-la-18a-edicio-del-pgf-la-valoracio-de-la-nova-conselleria-de-salut-i-la-primera-reunio-del-comite-organitzador-dinfarma-barcelona-2025-temes-mes-destac\/#primaryimage"},"thumbnailUrl":"https:\/\/www.cofb.org\/wp-content\/uploads\/2024\/09\/COFB_RECULL-JULIOL-I-AGOST_19082024_0.png","datePublished":"2024-09-20T09:16:50+00:00","dateModified":"2024-09-20T10:59:28+00:00","description":"Juliol i agost: El COFB renova la 18a edici\u00f3 del PFG, nova conselleria de Salut i consell farmac\u00e8utic en el \u201cFet a mida\u201d.","breadcrumb":{"@id":"https:\/\/www.cofb.org\/2024\/09\/20\/juliol-i-agost-la-posada-en-marxa-de-la-18a-edicio-del-pgf-la-valoracio-de-la-nova-conselleria-de-salut-i-la-primera-reunio-del-comite-organitzador-dinfarma-barcelona-2025-temes-mes-destac\/#breadcrumb"},"inLanguage":"es","potentialAction":[{"@type":"ReadAction","target":["https:\/\/www.cofb.org\/2024\/09\/20\/juliol-i-agost-la-posada-en-marxa-de-la-18a-edicio-del-pgf-la-valoracio-de-la-nova-conselleria-de-salut-i-la-primera-reunio-del-comite-organitzador-dinfarma-barcelona-2025-temes-mes-destac\/"]}]},{"@type":"ImageObject","inLanguage":"es","@id":"https:\/\/www.cofb.org\/2024\/09\/20\/juliol-i-agost-la-posada-en-marxa-de-la-18a-edicio-del-pgf-la-valoracio-de-la-nova-conselleria-de-salut-i-la-primera-reunio-del-comite-organitzador-dinfarma-barcelona-2025-temes-mes-destac\/#primaryimage","url":"https:\/\/www.cofb.org\/wp-content\/uploads\/2024\/09\/COFB_RECULL-JULIOL-I-AGOST_19082024_0.png","contentUrl":"https:\/\/www.cofb.org\/wp-content\/uploads\/2024\/09\/COFB_RECULL-JULIOL-I-AGOST_19082024_0.png","width":1170,"height":580},{"@type":"BreadcrumbList","@id":"https:\/\/www.cofb.org\/2024\/09\/20\/juliol-i-agost-la-posada-en-marxa-de-la-18a-edicio-del-pgf-la-valoracio-de-la-nova-conselleria-de-salut-i-la-primera-reunio-del-comite-organitzador-dinfarma-barcelona-2025-temes-mes-destac\/#breadcrumb","itemListElement":[{"@type":"ListItem","position":1,"name":"Inici","item":"https:\/\/novaorg.cofb.net\/"},{"@type":"ListItem","position":2,"name":"Juliol i agost: La posada en marxa de la 18a edici\u00f3 del PGF, la valoraci\u00f3 de la nova consellera de Salut i la primera reuni\u00f3 del Comit\u00e8 Organitzador d\u2019Infarma Barcelona 2025, temes m\u00e9s destacats als mitjans"}]},{"@type":"WebSite","@id":"https:\/\/www.cofb.org\/#website","url":"https:\/\/www.cofb.org\/","name":"Col\u00b7legi de Farmac\u00e8utics de Barcelona","description":"","publisher":{"@id":"https:\/\/www.cofb.org\/#organization"},"potentialAction":[{"@type":"SearchAction","target":{"@type":"EntryPoint","urlTemplate":"https:\/\/www.cofb.org\/?s={search_term_string}"},"query-input":"required name=search_term_string"}],"inLanguage":"es"},{"@type":"Organization","@id":"https:\/\/www.cofb.org\/#organization","name":"Col\u00b7legi de Farmac\u00e8utics de Barcelona","url":"https:\/\/www.cofb.org\/","logo":{"@type":"ImageObject","inLanguage":"es","@id":"https:\/\/www.cofb.org\/#\/schema\/logo\/image\/","url":"https:\/\/www.cofb.org\/wp-content\/uploads\/2023\/11\/cropped-Logotip-COFB.png","contentUrl":"https:\/\/www.cofb.org\/wp-content\/uploads\/2023\/11\/cropped-Logotip-COFB.png","width":500,"height":105,"caption":"Col\u00b7legi de Farmac\u00e8utics de Barcelona"},"image":{"@id":"https:\/\/www.cofb.org\/#\/schema\/logo\/image\/"},"sameAs":["https:\/\/www.facebook.com\/farmaceuticsbcn\/","https:\/\/twitter.com\/farmaceuticsbcn","https:\/\/www.instagram.com\/farmaceuticsbcn\/","https:\/\/www.linkedin.com\/company\/farmaceuticsbcn\/"]},{"@type":"Person","@id":"https:\/\/www.cofb.org\/#\/schema\/person\/f32de3b41b812c85ff923cb4cc849063","name":"Berta Mart\u00ednez","image":{"@type":"ImageObject","inLanguage":"es","@id":"https:\/\/www.cofb.org\/#\/schema\/person\/image\/","url":"https:\/\/secure.gravatar.com\/avatar\/d4c584dab5da1ee9e3c3df161c0aabec7075cc8211cd46ffc79bfe177aa78b01?s=96&d=mm&r=g","contentUrl":"https:\/\/secure.gravatar.com\/avatar\/d4c584dab5da1ee9e3c3df161c0aabec7075cc8211cd46ffc79bfe177aa78b01?s=96&d=mm&r=g","caption":"Berta Mart\u00ednez"},"url":"https:\/\/www.cofb.org\/es\/author\/bmartinez\/"}]}},"uagb_featured_image_src":{"full":["https:\/\/www.cofb.org\/wp-content\/uploads\/2024\/09\/COFB_RECULL-JULIOL-I-AGOST_19082024_0.png",1170,580,false],"thumbnail":["https:\/\/www.cofb.org\/wp-content\/uploads\/2024\/09\/COFB_RECULL-JULIOL-I-AGOST_19082024_0-150x150.png",150,150,true],"medium":["https:\/\/www.cofb.org\/wp-content\/uploads\/2024\/09\/COFB_RECULL-JULIOL-I-AGOST_19082024_0-300x149.png",300,149,true],"medium_large":["https:\/\/www.cofb.org\/wp-content\/uploads\/2024\/09\/COFB_RECULL-JULIOL-I-AGOST_19082024_0-768x381.png",768,381,true],"large":["https:\/\/www.cofb.org\/wp-content\/uploads\/2024\/09\/COFB_RECULL-JULIOL-I-AGOST_19082024_0-1024x508.png",1024,508,true],"1536x1536":["https:\/\/www.cofb.org\/wp-content\/uploads\/2024\/09\/COFB_RECULL-JULIOL-I-AGOST_19082024_0.png",1170,580,false],"2048x2048":["https:\/\/www.cofb.org\/wp-content\/uploads\/2024\/09\/COFB_RECULL-JULIOL-I-AGOST_19082024_0.png",1170,580,false],"trp-custom-language-flag":["https:\/\/www.cofb.org\/wp-content\/uploads\/2024\/09\/COFB_RECULL-JULIOL-I-AGOST_19082024_0-18x9.png",18,9,true]},"uagb_author_info":{"display_name":"Berta Mart\u00ednez","author_link":"https:\/\/www.cofb.org\/es\/author\/bmartinez\/"},"uagb_comment_info":0,"uagb_excerpt":"El COFB posa en marxa la 18a edici\u00f3 del PGF El passat mes de juliol, el Col\u00b7legi de Farmac\u00e8utics de Barcelona (COFB) va enviar una nota de premsa comunicant que renova la 18a edici\u00f3 del PGF-Programa en Gesti\u00f3 de Farm\u00e0cia amb la incorporaci\u00f3 de la modalitat webinar i tours virtuals [&hellip;]","_links":{"self":[{"href":"https:\/\/www.cofb.org\/es\/wp-json\/wp\/v2\/posts\/79211","targetHints":{"allow":["GET"]}}],"collection":[{"href":"https:\/\/www.cofb.org\/es\/wp-json\/wp\/v2\/posts"}],"about":[{"href":"https:\/\/www.cofb.org\/es\/wp-json\/wp\/v2\/types\/post"}],"author":[{"embeddable":true,"href":"https:\/\/www.cofb.org\/es\/wp-json\/wp\/v2\/users\/3"}],"replies":[{"embeddable":true,"href":"https:\/\/www.cofb.org\/es\/wp-json\/wp\/v2\/comments?post=79211"}],"version-history":[{"count":35,"href":"https:\/\/www.cofb.org\/es\/wp-json\/wp\/v2\/posts\/79211\/revisions"}],"predecessor-version":[{"id":79557,"href":"https:\/\/www.cofb.org\/es\/wp-json\/wp\/v2\/posts\/79211\/revisions\/79557"}],"wp:featuredmedia":[{"embeddable":true,"href":"https:\/\/www.cofb.org\/es\/wp-json\/wp\/v2\/media\/79553"}],"wp:attachment":[{"href":"https:\/\/www.cofb.org\/es\/wp-json\/wp\/v2\/media?parent=79211"}],"wp:term":[{"taxonomy":"category","embeddable":true,"href":"https:\/\/www.cofb.org\/es\/wp-json\/wp\/v2\/categories?post=79211"},{"taxonomy":"post_tag","embeddable":true,"href":"https:\/\/www.cofb.org\/es\/wp-json\/wp\/v2\/tags?post=79211"}],"curies":[{"name":"wp","href":"https:\/\/api.w.org\/{rel}","templated":true}]}}