{"id":7904,"date":"2014-07-24T09:55:40","date_gmt":"2014-07-24T08:55:40","guid":{"rendered":"http:\/\/blog.cofb.cat\/?p=7904"},"modified":"2014-07-24T09:55:40","modified_gmt":"2014-07-24T08:55:40","slug":"la-gestio-del-laboratori-clinic-a-debat","status":"publish","type":"post","link":"https:\/\/www.cofb.org\/es\/2014\/07\/24\/la-gestio-del-laboratori-clinic-a-debat\/","title":{"rendered":"La gesti\u00f3n del laboratorio cl\u00ednico, a debate"},"content":{"rendered":"<p>Fomentar la comunicaci\u00f3n de experiencias con vistas a tomar decisiones a cualquier nivel de responsabilidad en el laboratorio cl\u00ednico es una de las mejores herramientas para contribuir al progreso de los profesionales y organizaciones. En las diferentes sesiones del <b>II curso de actualizaci\u00f3n en ciencias de laboratorio cl\u00ednico<\/b>, se profundiz\u00f3 en los conceptos de gesti\u00f3n y organizaci\u00f3n de los laboratorios cl\u00ednicos para alcanzar todas las tareas de direcci\u00f3n con la correcta utilizaci\u00f3n de los recursos humanos y t\u00e9cnicos al alcance. El curso tambi\u00e9n proporcion\u00f3 los conocimientos que permiten a los profesionales establecer una continua mejora de la calidad en los laboratorios cl\u00ednicos.<\/p>\n<p><b><a href=\"http:\/\/blog.cofb.cat\/wp-content\/uploads\/2014\/07\/Copia-de-cofb.080319-15.jpg\"><img fetchpriority=\"high\" decoding=\"async\" class=\"alignleft\" alt=\"Copia de cofb.080319-15\" src=\"http:\/\/blog.cofb.cat\/wp-content\/uploads\/2014\/07\/Copia-de-cofb.080319-15.jpg\" width=\"277\" height=\"335\" \/><\/a><\/b>Este curso estuvo organizado conjuntamente entre el COFB y la Secci\u00f3n de Gesti\u00f3n del<span style=\"text-decoration: underline;\"><a href=\"http:\/\/www.acclc.cat\/inici.php?m=i\">Asociaci\u00f3n Catalana de Ciencias del Laboratorio Cl\u00ednic<\/a><\/span>, gracias a una relaci\u00f3n establecida hace unos a\u00f1os que ha permitido establecer un <b>espacio de debate de los temas relacionados con la gesti\u00f3n del laboratorio cl\u00ednico<\/b>.<\/p>\n<p>En cada sesi\u00f3n, un ponente iniciaba el debate para dar paso a opiniones, preguntas y experiencias de los asistentes. Durante estos a\u00f1os, este formato ha fidelizado a la mayor\u00eda de asistentes y al final de cada curso se pide a los alumnos que hagan propuestas de los temas que les interesar\u00eda debatir el curso siguiente. En esta segunda edici\u00f3n, que finaliz\u00f3 el pasado mes de junio, se debatieron temas actuales que interesan a los profesionales del laboratorio cl\u00ednico:<\/p>\n<ul>\n<li><b>Evaluaci\u00f3n de la capacitaci\u00f3n del personal<\/b>.<\/li>\n<li><b>\u00bfEs necesario poner comentarios interpretativos en los informes?<\/b><\/li>\n<li><b>Garant\u00eda de la calidad en los laboratorios de Gen\u00e9tica<\/b>.\u00a0<b>\u00a0Aspectos legales en las determinaciones de drogas de abuso<\/b>.<\/li>\n<li><b>\u00bfC\u00f3mo influyen las pipetas en la calidad anal\u00edtica?<\/b><\/li>\n<li><b>\u00bfCu\u00e1l es la responsabilidad del laboratorio en los sistemas anal\u00edticos cerca del paciente (POCT).<\/b><\/li>\n<li><b>Control de la plausibilidad de las magnitudes hematol\u00f3gicas<\/b>.<\/li>\n<li><b>Laboratorio basado en la evidencia.<\/b><\/li>\n<\/ul>\n<p><b><div class=\"box shadow\"><\/b><span style=\"text-decoration: underline;\"><b>La opini\u00f3n de la coordinadora<\/b><\/span><\/p>\n<p><b>Luisa Juan, vocal de An\u00e1lisis del Colegio<\/b>, doctora en farmacia, responsable de Laboratorio de Urgencias de CatLab-Hospital de Martorell, especializada en bioqu\u00edmica cl\u00ednica y coordinadora del curso, considera que \u201cun espacio de debate de estas caracter\u00edsticas permite evidenciar determinados problemas y aspectos del laboratorio cl\u00ednico, y en estas sesiones puede aparecer un grupo de trabajo para analizar el tema del que se trate\u201d. Esto ha ocurrido en este curso: \u201ca partir de los temas planteados en la primera sesi\u00f3n (Evaluaci\u00f3n de la capacitaci\u00f3n del personal), se constituy\u00f3 un grupo de personas asistentes a la sesi\u00f3n para elaborar un documento sobre este tema, que ser\u00e1 publicado en la revista virtual de la ACCLC\u201d.<\/p>\n<p><span style=\"text-decoration: underline;\"><b>La opini\u00f3n de los alumnos<\/b><\/span><\/p>\n<p><b>Gloria Padr\u00f3s Soler<\/b><b>,\u00a0<\/b>farmac\u00e9utica facultativa especialista del laboratorio Cl\u00ednic L&#039;Hospitalet: &quot;lo que m\u00e1s valoro de este curso es el contacto con los compa\u00f1eros, la posibilidad de debate abierto que siempre ha habido y el contenido de las sesiones&quot;. Sin embargo, tambi\u00e9n a\u00f1ade aportaciones constructivas para la pr\u00f3xima edici\u00f3n: \u201ccomo nuevos temas a tratar propongo profundizar en la indicaci\u00f3n de las diferentes pruebas diagn\u00f3sticas actuales del Helicobacter pylori y c\u00f3mo adaptar las nuevas tecnolog\u00edas al laboratorio\u201d.<b><\/div><\/b><\/p>","protected":false},"excerpt":{"rendered":"<p>Fomentar la comunicaci\u00f3n de experiencias con vistas a tomar decisiones a cualquier nivel de responsabilidad en el laboratorio cl\u00ednico es una de las mejores herramientas para contribuir al progreso de los profesionales y organizaciones. En las diferentes sesiones del II curso de actualizaci\u00f3n en ciencias de laboratorio cl\u00ednico, se profundiz\u00f3 [\u2026]<\/p>","protected":false},"author":1,"featured_media":7909,"comment_status":"open","ping_status":"open","sticky":false,"template":"","format":"standard","meta":{"_uag_custom_page_level_css":"","site-sidebar-layout":"default","site-content-layout":"","ast-site-content-layout":"default","site-content-style":"default","site-sidebar-style":"default","ast-global-header-display":"","ast-banner-title-visibility":"","ast-main-header-display":"","ast-hfb-above-header-display":"","ast-hfb-below-header-display":"","ast-hfb-mobile-header-display":"","site-post-title":"","ast-breadcrumbs-content":"","ast-featured-img":"disabled","footer-sml-layout":"","theme-transparent-header-meta":"","adv-header-id-meta":"","stick-header-meta":"","header-above-stick-meta":"","header-main-stick-meta":"","header-below-stick-meta":"","astra-migrate-meta-layouts":"default","ast-page-background-enabled":"default","ast-page-background-meta":{"desktop":{"background-color":"var(--ast-global-color-4)","background-image":"","background-repeat":"repeat","background-position":"center center","background-size":"auto","background-attachment":"scroll","background-type":"","background-media":"","overlay-type":"","overlay-color":"","overlay-opacity":"","overlay-gradient":""},"tablet":{"background-color":"","background-image":"","background-repeat":"repeat","background-position":"center center","background-size":"auto","background-attachment":"scroll","background-type":"","background-media":"","overlay-type":"","overlay-color":"","overlay-opacity":"","overlay-gradient":""},"mobile":{"background-color":"","background-image":"","background-repeat":"repeat","background-position":"center center","background-size":"auto","background-attachment":"scroll","background-type":"","background-media":"","overlay-type":"","overlay-color":"","overlay-opacity":"","overlay-gradient":""}},"ast-content-background-meta":{"desktop":{"background-color":"var(--ast-global-color-5)","background-image":"","background-repeat":"repeat","background-position":"center center","background-size":"auto","background-attachment":"scroll","background-type":"","background-media":"","overlay-type":"","overlay-color":"","overlay-opacity":"","overlay-gradient":""},"tablet":{"background-color":"var(--ast-global-color-5)","background-image":"","background-repeat":"repeat","background-position":"center center","background-size":"auto","background-attachment":"scroll","background-type":"","background-media":"","overlay-type":"","overlay-color":"","overlay-opacity":"","overlay-gradient":""},"mobile":{"background-color":"var(--ast-global-color-5)","background-image":"","background-repeat":"repeat","background-position":"center center","background-size":"auto","background-attachment":"scroll","background-type":"","background-media":"","overlay-type":"","overlay-color":"","overlay-opacity":"","overlay-gradient":""}},"footnotes":""},"categories":[57],"tags":[70,2163],"class_list":["post-7904","post","type-post","status-publish","format-standard","has-post-thumbnail","hentry","category-mon-collegial","tag-formacio","tag-laboratori-clinic"],"yoast_head":"<!-- This site is optimized with the Yoast SEO plugin v22.4 - https:\/\/yoast.com\/wordpress\/plugins\/seo\/ -->\n<title>La gesti\u00f3 del laboratori cl\u00ednic, a debat - Col\u00b7legi de Farmac\u00e8utics de Barcelona<\/title>\n<meta name=\"robots\" content=\"index, follow, max-snippet:-1, max-image-preview:large, max-video-preview:-1\" \/>\n<link rel=\"canonical\" href=\"https:\/\/novaorg.cofb.net\/2014\/07\/24\/la-gestio-del-laboratori-clinic-a-debat\/\" \/>\n<meta property=\"og:locale\" content=\"es_ES\" \/>\n<meta property=\"og:type\" content=\"article\" \/>\n<meta property=\"og:title\" content=\"La gesti\u00f3 del laboratori cl\u00ednic, a debat - Col\u00b7legi de Farmac\u00e8utics de Barcelona\" \/>\n<meta property=\"og:description\" content=\"Fomentar la comunicaci\u00f3 d\u2019experi\u00e8ncies amb vistes a prendre decisions a qualsevol nivell de responsabilitat en el laboratori cl\u00ednic \u00e9s una de les millors eines per contribuir al progr\u00e9s dels professionals i de les organitzacions. En les diferents sessions del II curs d\u2019actualitzaci\u00f3 en ci\u00e8ncies de laboratori cl\u00ednic, es va aprofundir [&hellip;]\" \/>\n<meta property=\"og:url\" content=\"https:\/\/novaorg.cofb.net\/2014\/07\/24\/la-gestio-del-laboratori-clinic-a-debat\/\" \/>\n<meta property=\"og:site_name\" content=\"Col\u00b7legi de Farmac\u00e8utics de Barcelona\" \/>\n<meta property=\"article:publisher\" content=\"https:\/\/www.facebook.com\/farmaceuticsbcn\/\" \/>\n<meta property=\"article:published_time\" content=\"2014-07-24T08:55:40+00:00\" \/>\n<meta name=\"author\" content=\"wpAdminCofbOrg\" \/>\n<meta name=\"twitter:card\" content=\"summary_large_image\" \/>\n<meta name=\"twitter:creator\" content=\"@farmaceuticsbcn\" \/>\n<meta name=\"twitter:site\" content=\"@farmaceuticsbcn\" \/>\n<meta name=\"twitter:label1\" content=\"Escrito por\" \/>\n\t<meta name=\"twitter:data1\" content=\"wpAdminCofbOrg\" \/>\n\t<meta name=\"twitter:label2\" content=\"Tiempo de lectura\" \/>\n\t<meta name=\"twitter:data2\" content=\"3 minutos\" \/>\n<script type=\"application\/ld+json\" class=\"yoast-schema-graph\">{\"@context\":\"https:\/\/schema.org\",\"@graph\":[{\"@type\":\"Article\",\"@id\":\"https:\/\/novaorg.cofb.net\/2014\/07\/24\/la-gestio-del-laboratori-clinic-a-debat\/#article\",\"isPartOf\":{\"@id\":\"https:\/\/novaorg.cofb.net\/2014\/07\/24\/la-gestio-del-laboratori-clinic-a-debat\/\"},\"author\":{\"name\":\"wpAdminCofbOrg\",\"@id\":\"https:\/\/www.cofb.org\/#\/schema\/person\/22ed7eea88da74b0fa4d3154ad87ffcb\"},\"headline\":\"La gesti\u00f3 del laboratori cl\u00ednic, a debat\",\"datePublished\":\"2014-07-24T08:55:40+00:00\",\"dateModified\":\"2014-07-24T08:55:40+00:00\",\"mainEntityOfPage\":{\"@id\":\"https:\/\/novaorg.cofb.net\/2014\/07\/24\/la-gestio-del-laboratori-clinic-a-debat\/\"},\"wordCount\":546,\"commentCount\":0,\"publisher\":{\"@id\":\"https:\/\/www.cofb.org\/#organization\"},\"image\":{\"@id\":\"https:\/\/novaorg.cofb.net\/2014\/07\/24\/la-gestio-del-laboratori-clinic-a-debat\/#primaryimage\"},\"thumbnailUrl\":\"\",\"keywords\":[\"Formaci\u00f3\",\"Laboratori cl\u00ednic\"],\"articleSection\":[\"M\u00f3n col\u00b7legial\"],\"inLanguage\":\"es\",\"potentialAction\":[{\"@type\":\"CommentAction\",\"name\":\"Comment\",\"target\":[\"https:\/\/novaorg.cofb.net\/2014\/07\/24\/la-gestio-del-laboratori-clinic-a-debat\/#respond\"]}]},{\"@type\":\"WebPage\",\"@id\":\"https:\/\/novaorg.cofb.net\/2014\/07\/24\/la-gestio-del-laboratori-clinic-a-debat\/\",\"url\":\"https:\/\/novaorg.cofb.net\/2014\/07\/24\/la-gestio-del-laboratori-clinic-a-debat\/\",\"name\":\"La gesti\u00f3 del laboratori cl\u00ednic, a debat - Col\u00b7legi de Farmac\u00e8utics de Barcelona\",\"isPartOf\":{\"@id\":\"https:\/\/www.cofb.org\/#website\"},\"primaryImageOfPage\":{\"@id\":\"https:\/\/novaorg.cofb.net\/2014\/07\/24\/la-gestio-del-laboratori-clinic-a-debat\/#primaryimage\"},\"image\":{\"@id\":\"https:\/\/novaorg.cofb.net\/2014\/07\/24\/la-gestio-del-laboratori-clinic-a-debat\/#primaryimage\"},\"thumbnailUrl\":\"\",\"datePublished\":\"2014-07-24T08:55:40+00:00\",\"dateModified\":\"2014-07-24T08:55:40+00:00\",\"breadcrumb\":{\"@id\":\"https:\/\/novaorg.cofb.net\/2014\/07\/24\/la-gestio-del-laboratori-clinic-a-debat\/#breadcrumb\"},\"inLanguage\":\"es\",\"potentialAction\":[{\"@type\":\"ReadAction\",\"target\":[\"https:\/\/novaorg.cofb.net\/2014\/07\/24\/la-gestio-del-laboratori-clinic-a-debat\/\"]}]},{\"@type\":\"ImageObject\",\"inLanguage\":\"es\",\"@id\":\"https:\/\/novaorg.cofb.net\/2014\/07\/24\/la-gestio-del-laboratori-clinic-a-debat\/#primaryimage\",\"url\":\"\",\"contentUrl\":\"\"},{\"@type\":\"BreadcrumbList\",\"@id\":\"https:\/\/novaorg.cofb.net\/2014\/07\/24\/la-gestio-del-laboratori-clinic-a-debat\/#breadcrumb\",\"itemListElement\":[{\"@type\":\"ListItem\",\"position\":1,\"name\":\"Inici\",\"item\":\"https:\/\/novaorg.cofb.net\/\"},{\"@type\":\"ListItem\",\"position\":2,\"name\":\"La gesti\u00f3 del laboratori cl\u00ednic, a debat\"}]},{\"@type\":\"WebSite\",\"@id\":\"https:\/\/www.cofb.org\/#website\",\"url\":\"https:\/\/www.cofb.org\/\",\"name\":\"Col\u00b7legi de Farmac\u00e8utics de Barcelona\",\"description\":\"\",\"publisher\":{\"@id\":\"https:\/\/www.cofb.org\/#organization\"},\"potentialAction\":[{\"@type\":\"SearchAction\",\"target\":{\"@type\":\"EntryPoint\",\"urlTemplate\":\"https:\/\/www.cofb.org\/?s={search_term_string}\"},\"query-input\":\"required name=search_term_string\"}],\"inLanguage\":\"es\"},{\"@type\":\"Organization\",\"@id\":\"https:\/\/www.cofb.org\/#organization\",\"name\":\"Col\u00b7legi de Farmac\u00e8utics de Barcelona\",\"url\":\"https:\/\/www.cofb.org\/\",\"logo\":{\"@type\":\"ImageObject\",\"inLanguage\":\"es\",\"@id\":\"https:\/\/www.cofb.org\/#\/schema\/logo\/image\/\",\"url\":\"https:\/\/www.cofb.org\/wp-content\/uploads\/2023\/11\/cropped-Logotip-COFB.png\",\"contentUrl\":\"https:\/\/www.cofb.org\/wp-content\/uploads\/2023\/11\/cropped-Logotip-COFB.png\",\"width\":500,\"height\":105,\"caption\":\"Col\u00b7legi de Farmac\u00e8utics de Barcelona\"},\"image\":{\"@id\":\"https:\/\/www.cofb.org\/#\/schema\/logo\/image\/\"},\"sameAs\":[\"https:\/\/www.facebook.com\/farmaceuticsbcn\/\",\"https:\/\/twitter.com\/farmaceuticsbcn\",\"https:\/\/www.instagram.com\/farmaceuticsbcn\/\",\"https:\/\/www.linkedin.com\/company\/farmaceuticsbcn\/\"]},{\"@type\":\"Person\",\"@id\":\"https:\/\/www.cofb.org\/#\/schema\/person\/22ed7eea88da74b0fa4d3154ad87ffcb\",\"name\":\"wpAdminCofbOrg\",\"image\":{\"@type\":\"ImageObject\",\"inLanguage\":\"es\",\"@id\":\"https:\/\/www.cofb.org\/#\/schema\/person\/image\/\",\"url\":\"https:\/\/secure.gravatar.com\/avatar\/1721b20b3b8ca882c3b56ec6c978c594fff670e40c0718e9190eaeeb76aae7d8?s=96&d=mm&r=g\",\"contentUrl\":\"https:\/\/secure.gravatar.com\/avatar\/1721b20b3b8ca882c3b56ec6c978c594fff670e40c0718e9190eaeeb76aae7d8?s=96&d=mm&r=g\",\"caption\":\"wpAdminCofbOrg\"},\"sameAs\":[\"http:\/\/192.168.64.122\/wordpress\"],\"url\":\"https:\/\/www.cofb.org\/es\/author\/wpadmincofborg\/\"}]}<\/script>\n<!-- \/ Yoast SEO plugin. -->","yoast_head_json":{"title":"La gesti\u00f3 del laboratori cl\u00ednic, a debat - Col\u00b7legi de Farmac\u00e8utics de Barcelona","robots":{"index":"index","follow":"follow","max-snippet":"max-snippet:-1","max-image-preview":"max-image-preview:large","max-video-preview":"max-video-preview:-1"},"canonical":"https:\/\/novaorg.cofb.net\/2014\/07\/24\/la-gestio-del-laboratori-clinic-a-debat\/","og_locale":"es_ES","og_type":"article","og_title":"La gesti\u00f3 del laboratori cl\u00ednic, a debat - Col\u00b7legi de Farmac\u00e8utics de Barcelona","og_description":"Fomentar la comunicaci\u00f3 d\u2019experi\u00e8ncies amb vistes a prendre decisions a qualsevol nivell de responsabilitat en el laboratori cl\u00ednic \u00e9s una de les millors eines per contribuir al progr\u00e9s dels professionals i de les organitzacions. En les diferents sessions del II curs d\u2019actualitzaci\u00f3 en ci\u00e8ncies de laboratori cl\u00ednic, es va aprofundir [&hellip;]","og_url":"https:\/\/novaorg.cofb.net\/2014\/07\/24\/la-gestio-del-laboratori-clinic-a-debat\/","og_site_name":"Col\u00b7legi de Farmac\u00e8utics de Barcelona","article_publisher":"https:\/\/www.facebook.com\/farmaceuticsbcn\/","article_published_time":"2014-07-24T08:55:40+00:00","author":"wpAdminCofbOrg","twitter_card":"summary_large_image","twitter_creator":"@farmaceuticsbcn","twitter_site":"@farmaceuticsbcn","twitter_misc":{"Escrito por":"wpAdminCofbOrg","Tiempo de lectura":"3 minutos"},"schema":{"@context":"https:\/\/schema.org","@graph":[{"@type":"Article","@id":"https:\/\/novaorg.cofb.net\/2014\/07\/24\/la-gestio-del-laboratori-clinic-a-debat\/#article","isPartOf":{"@id":"https:\/\/novaorg.cofb.net\/2014\/07\/24\/la-gestio-del-laboratori-clinic-a-debat\/"},"author":{"name":"wpAdminCofbOrg","@id":"https:\/\/www.cofb.org\/#\/schema\/person\/22ed7eea88da74b0fa4d3154ad87ffcb"},"headline":"La gesti\u00f3 del laboratori cl\u00ednic, a debat","datePublished":"2014-07-24T08:55:40+00:00","dateModified":"2014-07-24T08:55:40+00:00","mainEntityOfPage":{"@id":"https:\/\/novaorg.cofb.net\/2014\/07\/24\/la-gestio-del-laboratori-clinic-a-debat\/"},"wordCount":546,"commentCount":0,"publisher":{"@id":"https:\/\/www.cofb.org\/#organization"},"image":{"@id":"https:\/\/novaorg.cofb.net\/2014\/07\/24\/la-gestio-del-laboratori-clinic-a-debat\/#primaryimage"},"thumbnailUrl":"","keywords":["Formaci\u00f3","Laboratori cl\u00ednic"],"articleSection":["M\u00f3n col\u00b7legial"],"inLanguage":"es","potentialAction":[{"@type":"CommentAction","name":"Comment","target":["https:\/\/novaorg.cofb.net\/2014\/07\/24\/la-gestio-del-laboratori-clinic-a-debat\/#respond"]}]},{"@type":"WebPage","@id":"https:\/\/novaorg.cofb.net\/2014\/07\/24\/la-gestio-del-laboratori-clinic-a-debat\/","url":"https:\/\/novaorg.cofb.net\/2014\/07\/24\/la-gestio-del-laboratori-clinic-a-debat\/","name":"La gesti\u00f3 del laboratori cl\u00ednic, a debat - Col\u00b7legi de Farmac\u00e8utics de Barcelona","isPartOf":{"@id":"https:\/\/www.cofb.org\/#website"},"primaryImageOfPage":{"@id":"https:\/\/novaorg.cofb.net\/2014\/07\/24\/la-gestio-del-laboratori-clinic-a-debat\/#primaryimage"},"image":{"@id":"https:\/\/novaorg.cofb.net\/2014\/07\/24\/la-gestio-del-laboratori-clinic-a-debat\/#primaryimage"},"thumbnailUrl":"","datePublished":"2014-07-24T08:55:40+00:00","dateModified":"2014-07-24T08:55:40+00:00","breadcrumb":{"@id":"https:\/\/novaorg.cofb.net\/2014\/07\/24\/la-gestio-del-laboratori-clinic-a-debat\/#breadcrumb"},"inLanguage":"es","potentialAction":[{"@type":"ReadAction","target":["https:\/\/novaorg.cofb.net\/2014\/07\/24\/la-gestio-del-laboratori-clinic-a-debat\/"]}]},{"@type":"ImageObject","inLanguage":"es","@id":"https:\/\/novaorg.cofb.net\/2014\/07\/24\/la-gestio-del-laboratori-clinic-a-debat\/#primaryimage","url":"","contentUrl":""},{"@type":"BreadcrumbList","@id":"https:\/\/novaorg.cofb.net\/2014\/07\/24\/la-gestio-del-laboratori-clinic-a-debat\/#breadcrumb","itemListElement":[{"@type":"ListItem","position":1,"name":"Inici","item":"https:\/\/novaorg.cofb.net\/"},{"@type":"ListItem","position":2,"name":"La gesti\u00f3 del laboratori cl\u00ednic, a debat"}]},{"@type":"WebSite","@id":"https:\/\/www.cofb.org\/#website","url":"https:\/\/www.cofb.org\/","name":"Col\u00b7legi de Farmac\u00e8utics de Barcelona","description":"","publisher":{"@id":"https:\/\/www.cofb.org\/#organization"},"potentialAction":[{"@type":"SearchAction","target":{"@type":"EntryPoint","urlTemplate":"https:\/\/www.cofb.org\/?s={search_term_string}"},"query-input":"required name=search_term_string"}],"inLanguage":"es"},{"@type":"Organization","@id":"https:\/\/www.cofb.org\/#organization","name":"Col\u00b7legi de Farmac\u00e8utics de Barcelona","url":"https:\/\/www.cofb.org\/","logo":{"@type":"ImageObject","inLanguage":"es","@id":"https:\/\/www.cofb.org\/#\/schema\/logo\/image\/","url":"https:\/\/www.cofb.org\/wp-content\/uploads\/2023\/11\/cropped-Logotip-COFB.png","contentUrl":"https:\/\/www.cofb.org\/wp-content\/uploads\/2023\/11\/cropped-Logotip-COFB.png","width":500,"height":105,"caption":"Col\u00b7legi de Farmac\u00e8utics de Barcelona"},"image":{"@id":"https:\/\/www.cofb.org\/#\/schema\/logo\/image\/"},"sameAs":["https:\/\/www.facebook.com\/farmaceuticsbcn\/","https:\/\/twitter.com\/farmaceuticsbcn","https:\/\/www.instagram.com\/farmaceuticsbcn\/","https:\/\/www.linkedin.com\/company\/farmaceuticsbcn\/"]},{"@type":"Person","@id":"https:\/\/www.cofb.org\/#\/schema\/person\/22ed7eea88da74b0fa4d3154ad87ffcb","name":"wpAdminCofbOrg","image":{"@type":"ImageObject","inLanguage":"es","@id":"https:\/\/www.cofb.org\/#\/schema\/person\/image\/","url":"https:\/\/secure.gravatar.com\/avatar\/1721b20b3b8ca882c3b56ec6c978c594fff670e40c0718e9190eaeeb76aae7d8?s=96&d=mm&r=g","contentUrl":"https:\/\/secure.gravatar.com\/avatar\/1721b20b3b8ca882c3b56ec6c978c594fff670e40c0718e9190eaeeb76aae7d8?s=96&d=mm&r=g","caption":"wpAdminCofbOrg"},"sameAs":["http:\/\/192.168.64.122\/wordpress"],"url":"https:\/\/www.cofb.org\/es\/author\/wpadmincofborg\/"}]}},"uagb_featured_image_src":{"full":false,"thumbnail":false,"medium":false,"medium_large":false,"large":false,"1536x1536":false,"2048x2048":false,"trp-custom-language-flag":false},"uagb_author_info":{"display_name":"wpAdminCofbOrg","author_link":"https:\/\/www.cofb.org\/es\/author\/wpadmincofborg\/"},"uagb_comment_info":0,"uagb_excerpt":"Fomentar la comunicaci\u00f3 d\u2019experi\u00e8ncies amb vistes a prendre decisions a qualsevol nivell de responsabilitat en el laboratori cl\u00ednic \u00e9s una de les millors eines per contribuir al progr\u00e9s dels professionals i de les organitzacions. En les diferents sessions del II curs d\u2019actualitzaci\u00f3 en ci\u00e8ncies de laboratori cl\u00ednic, es va aprofundir [&hellip;]","_links":{"self":[{"href":"https:\/\/www.cofb.org\/es\/wp-json\/wp\/v2\/posts\/7904","targetHints":{"allow":["GET"]}}],"collection":[{"href":"https:\/\/www.cofb.org\/es\/wp-json\/wp\/v2\/posts"}],"about":[{"href":"https:\/\/www.cofb.org\/es\/wp-json\/wp\/v2\/types\/post"}],"author":[{"embeddable":true,"href":"https:\/\/www.cofb.org\/es\/wp-json\/wp\/v2\/users\/1"}],"replies":[{"embeddable":true,"href":"https:\/\/www.cofb.org\/es\/wp-json\/wp\/v2\/comments?post=7904"}],"version-history":[{"count":0,"href":"https:\/\/www.cofb.org\/es\/wp-json\/wp\/v2\/posts\/7904\/revisions"}],"wp:featuredmedia":[{"embeddable":true,"href":"https:\/\/www.cofb.org\/es\/wp-json\/"}],"wp:attachment":[{"href":"https:\/\/www.cofb.org\/es\/wp-json\/wp\/v2\/media?parent=7904"}],"wp:term":[{"taxonomy":"category","embeddable":true,"href":"https:\/\/www.cofb.org\/es\/wp-json\/wp\/v2\/categories?post=7904"},{"taxonomy":"post_tag","embeddable":true,"href":"https:\/\/www.cofb.org\/es\/wp-json\/wp\/v2\/tags?post=7904"}],"curies":[{"name":"wp","href":"https:\/\/api.w.org\/{rel}","templated":true}]}}