{"id":78994,"date":"2024-07-17T12:06:39","date_gmt":"2024-07-17T12:06:39","guid":{"rendered":"https:\/\/www.cofb.org\/?p=78994"},"modified":"2024-07-19T07:13:00","modified_gmt":"2024-07-19T07:13:00","slug":"el-cof-de-barcelona-renova-la-18a-edicio-del-programa-en-gestio-de-farmacia-amb-la-incorporacio-de-la-modalitat-webinar-i-tours-virtuals-a-farmacies-referents-despanya","status":"publish","type":"post","link":"https:\/\/www.cofb.org\/es\/2024\/07\/17\/el-cof-de-barcelona-renova-la-18a-edicio-del-programa-en-gestio-de-farmacia-amb-la-incorporacio-de-la-modalitat-webinar-i-tours-virtuals-a-farmacies-referents-despanya\/","title":{"rendered":"El COF de Barcelona renueva la 18\u00aa edici\u00f3n del Programa en Gesti\u00f3n de Farmacia con la incorporaci\u00f3n de la modalidad webinar y tours virtuales en farmacias referentes de Espa\u00f1a"},"content":{"rendered":"<ul class=\"wp-block-list\">\n<li>M\u00e1s de <strong>40 profesionales<\/strong> de diferentes \u00e1mbitos de ejercicio compartir\u00e1n sus conocimientos y experiencias a lo largo de los <strong>tres m\u00f3dulos<\/strong> del Programa: <strong>gesti\u00f3n del equipo, finanzas y fiscalidad y marketing<\/strong><\/li>\n\n\n\n<li>El <strong>formato <em>webinar<\/em> <\/strong>har\u00e1 el Programa <strong>m\u00e1s accesible<\/strong> y, al mismo tiempo, facilitar\u00e1 que <strong>farmac\u00e9uticos\/cas de fuera de la provincia de Barcelona puedan cursarlo<\/strong><\/li>\n\n\n\n<li>Durante los <strong><em>tours<\/em> virtuales, los titulares mostrar\u00e1n la evoluci\u00f3n de su farmacia<\/strong>. Y tambi\u00e9n habr\u00e1 sesiones espec\u00edficas con <strong>casos de \u00e9xito,<\/strong> donde se expondr\u00e1 la historia, evoluci\u00f3n, retos y soluciones de diferentes modelos de farmacia<br><\/li>\n<\/ul>\n\n\n\n<figure class=\"wp-block-image size-large\"><a href=\"https:\/\/www.cofb.org\/wp-content\/uploads\/2024\/07\/COFB_PGF_17072024.png\" target=\"_blank\" rel=\"noreferrer noopener\"><img fetchpriority=\"high\" decoding=\"async\" width=\"1024\" height=\"723\" src=\"https:\/\/www.cofb.org\/wp-content\/uploads\/2024\/07\/COFB_PGF_17072024-1024x723.png\" alt=\"\" class=\"wp-image-79025\" srcset=\"https:\/\/www.cofb.org\/wp-content\/uploads\/2024\/07\/COFB_PGF_17072024-1024x723.png 1024w, https:\/\/www.cofb.org\/wp-content\/uploads\/2024\/07\/COFB_PGF_17072024-300x212.png 300w, https:\/\/www.cofb.org\/wp-content\/uploads\/2024\/07\/COFB_PGF_17072024-768x542.png 768w, https:\/\/www.cofb.org\/wp-content\/uploads\/2024\/07\/COFB_PGF_17072024-1536x1085.png 1536w, https:\/\/www.cofb.org\/wp-content\/uploads\/2024\/07\/COFB_PGF_17072024-2048x1447.png 2048w, https:\/\/www.cofb.org\/wp-content\/uploads\/2024\/07\/COFB_PGF_17072024-18x12.png 18w\" sizes=\"(max-width: 1024px) 100vw, 1024px\" \/><\/a><\/figure>\n\n\n\n<p><em>Barcelona, 17 de julio de 2024.-<\/em> <strong>El Col\u00b7legi de Farmac\u00e8utics de Barcelona (COFB)<\/strong> pone en marcha la <strong>18\u00aa edici\u00f3n del PGF-Programa en Gesti\u00f3n de Farmacia, <\/strong>antes MGOF<strong>. <\/strong>Se trata de un programa formativo <strong>renovado, <\/strong>dirigido a <strong>titulares <\/strong>y\/o <strong>graduados\/as en Farmacia <\/strong>que quieren adquirir conocimientos en la <strong>gesti\u00f3n de la farmacia comunitaria<\/strong> para convertirla<strong> en un establecimiento de \u00e9xito y referente en salud.<\/strong><\/p>\n\n\n\n<p>Concretamente, el programa se estructura en <strong>tres m\u00f3dulos<\/strong> &#8211;<strong>gesti\u00f3n del equipo<\/strong>, <strong>finanzas y fiscalidad y marketing-, <\/strong>donde se complementar\u00e1n, entre otros, con sesiones de habilidades directivas y seminarios, donde se abordar\u00e1n <strong>tem\u00e1ticas a la vanguardia del sector, como la aplicaci\u00f3n de la tecnolog\u00eda en la farmacia. <\/strong>Los contenidos ir\u00e1n a cargo de <strong>m\u00e1s de 40 expertos<\/strong> de diferentes \u00e1mbitos, buenos conocedores de las particularidades de la farmacia, que compartir\u00e1n sus <strong>conocimientos<\/strong> y <strong>experiencias <\/strong>para que los participantes alcancen las herramientas necesarias para el an\u00e1lisis de oportunidades, la toma de decisiones y la aplicaci\u00f3n de las habilidades clave en la direcci\u00f3n de la farmacia.<\/p>\n\n\n\n<p class=\"translation-block\">El PGF se impartir\u00e1 del 15 de octubre de 2024 hasta el 12 de junio de 2025, y <strong>todos los detalles del Programa, as\u00ed como el proceso de inscripci\u00f3n se pueden consultar en la web<\/strong> <strong><a href=\"http:\/\/www.programagestionfarmacia.es\/\" target=\"_blank\" rel=\"noreferrer noopener\">programagestiofarmacia.cat<\/a> .<\/strong><\/p>\n\n\n\n<h2 class=\"wp-block-heading\"><strong>El formato <em>webinar<\/em>, clave para hacer el PGF m\u00e1s accesible<\/strong><\/h2>\n\n\n\n<p>Como gran <strong>novedad<\/strong>, el <strong>PGF se impartir\u00e1<\/strong> <strong>en formato <em>webinar<\/em>. <\/strong>Las <strong>sesiones ser\u00e1n en remoto,<\/strong> hecho que ofrece al farmac\u00e9utico\/a mayor comodidad, ahorro de tiempo y poder estar al lado del equipo de la farmacia mientras participa en el PGF. Al mismo tiempo, <strong>facilita que farmac\u00e9uticos\/cas de fuera de la provincia de Barcelona puedan realizarlo.<\/strong><\/p>\n\n\n\n<p>En este sentido, gracias al sistema audiovisual del aula h\u00edbrida del COFB, dise\u00f1ado espec\u00edficamente para formaciones que combinan el formato presencial y virtual, se garantiza que el participante obtenga una experiencia real inmersiva, participativa y din\u00e1mica como si estuviera presencialmente en el Col\u00b7legi.<\/p>\n\n\n\n<h2 class=\"wp-block-heading\"><strong><em>Tours<\/em> virtuales para conocer farmacias referentes en toda Espa\u00f1a<\/strong><\/h2>\n\n\n\n<p>Por otra parte, el PGF cuenta con <strong><em>tours <\/em>virtuales,<\/strong> llamados <strong>&quot;La farmacia desde dentro&quot; que son sesiones <em>online <\/em>desde farmacias referentes en toda Espa\u00f1a, <\/strong>donde el titular muestra la evoluci\u00f3n de su farmacia. Y tambi\u00e9n habr\u00e1 sesiones espec\u00edficas con <strong>casos de \u00e9xito<\/strong>, donde se expone la historia, evoluci\u00f3n, retos y soluciones de distintos modelos de farmacia.<\/p>\n\n\n\n<h2 class=\"wp-block-heading\"><strong>17 ediciones ofreciendo una formaci\u00f3n en gesti\u00f3n de oficina de farmacia<\/strong><\/h2>\n\n\n\n<p>La <strong>18\u00aa edici\u00f3n 2024-2025 del PGF-Programa en Gesti\u00f3n de la Farmacia<\/strong>, llega a la mayor\u00eda de edad despu\u00e9s de un tiempo dedicado a <strong>la adecuaci\u00f3n y adaptaci\u00f3n<\/strong> de los <strong>contenidos<\/strong> y la modalidad <strong>de impartici\u00f3n<\/strong>. A lo largo de las 17 ediciones realizadas, los participantes destacaron el contenido 100% adaptado a la farmacia comunitaria, la aplicabilidad pr\u00e1ctica desde el primer d\u00eda y la posibilidad de ampliar la red de contactos con expertos y compa\u00f1eros.<\/p>","protected":false},"excerpt":{"rendered":"<p>Barcelona, 17 de julio de 2024.- El Colegio de Farmac\u00e9uticos de Barcelona (COFB) pone en marcha la 18\u00aa edici\u00f3n del PGF-Programa en Gesti\u00f3n de Farmacia, antes MGOF. Se trata de un programa formativo renovado, dirigido a titulares y\/o graduados\/das en Farmacia que quieren adquirir conocimientos en la gesti\u00f3n de la farmacia comunitaria [\u2026]<\/p>","protected":false},"author":3,"featured_media":79025,"comment_status":"closed","ping_status":"closed","sticky":false,"template":"","format":"aside","meta":{"_uag_custom_page_level_css":"","site-sidebar-layout":"default","site-content-layout":"","ast-site-content-layout":"default","site-content-style":"default","site-sidebar-style":"default","ast-global-header-display":"","ast-banner-title-visibility":"","ast-main-header-display":"","ast-hfb-above-header-display":"","ast-hfb-below-header-display":"","ast-hfb-mobile-header-display":"","site-post-title":"","ast-breadcrumbs-content":"","ast-featured-img":"disabled","footer-sml-layout":"","theme-transparent-header-meta":"","adv-header-id-meta":"","stick-header-meta":"","header-above-stick-meta":"","header-main-stick-meta":"","header-below-stick-meta":"","astra-migrate-meta-layouts":"set","ast-page-background-enabled":"default","ast-page-background-meta":{"desktop":{"background-color":"var(--ast-global-color-4)","background-image":"","background-repeat":"repeat","background-position":"center center","background-size":"auto","background-attachment":"scroll","background-type":"","background-media":"","overlay-type":"","overlay-color":"","overlay-opacity":"","overlay-gradient":""},"tablet":{"background-color":"","background-image":"","background-repeat":"repeat","background-position":"center center","background-size":"auto","background-attachment":"scroll","background-type":"","background-media":"","overlay-type":"","overlay-color":"","overlay-opacity":"","overlay-gradient":""},"mobile":{"background-color":"","background-image":"","background-repeat":"repeat","background-position":"center center","background-size":"auto","background-attachment":"scroll","background-type":"","background-media":"","overlay-type":"","overlay-color":"","overlay-opacity":"","overlay-gradient":""}},"ast-content-background-meta":{"desktop":{"background-color":"var(--ast-global-color-5)","background-image":"","background-repeat":"repeat","background-position":"center center","background-size":"auto","background-attachment":"scroll","background-type":"","background-media":"","overlay-type":"","overlay-color":"","overlay-opacity":"","overlay-gradient":""},"tablet":{"background-color":"var(--ast-global-color-5)","background-image":"","background-repeat":"repeat","background-position":"center center","background-size":"auto","background-attachment":"scroll","background-type":"","background-media":"","overlay-type":"","overlay-color":"","overlay-opacity":"","overlay-gradient":""},"mobile":{"background-color":"var(--ast-global-color-5)","background-image":"","background-repeat":"repeat","background-position":"center center","background-size":"auto","background-attachment":"scroll","background-type":"","background-media":"","overlay-type":"","overlay-color":"","overlay-opacity":"","overlay-gradient":""}},"footnotes":""},"categories":[1060],"tags":[5089,5088,18,19,53,68,69,70,5094,76,5090,5092,5093,5091],"class_list":["post-78994","post","type-post","status-publish","format-aside","has-post-thumbnail","hentry","category-notes-premsa","tag-18a-edicio-pgf","tag-cof-de-barcelona","tag-cofb","tag-collegi-de-farmaceutics-de-barcelona","tag-farmaceutics","tag-farmacia","tag-farmacia-comunitaria","tag-formacio","tag-gestio-de-farmacia","tag-oficina-de-farmacia","tag-pgf","tag-programa-de-gestio-en-farmacia","tag-programa-en-gestio-de-farmacia","tag-programa-gestio-farmacia","post_format-post-format-aside"],"yoast_head":"<!-- This site is optimized with the Yoast SEO plugin v22.4 - https:\/\/yoast.com\/wordpress\/plugins\/seo\/ -->\n<title>El COF de Barcelona renova la 18a edici\u00f3 del Programa en Gesti\u00f3 de Farm\u00e0cia amb la incorporaci\u00f3 de la modalitat webinar i tours virtuals a farm\u00e0cies referents d\u2019Espanya - Col\u00b7legi de Farmac\u00e8utics de Barcelona<\/title>\n<meta name=\"description\" content=\"El COFB posa en marxa la 18a edici\u00f3 del Programa en Gesti\u00f3 de Farm\u00e0cia, un programa formatiu renovat, adre\u00e7at a titulars i\/o graduats\/des en Farm\u00e0cia.\" \/>\n<meta name=\"robots\" content=\"index, follow, max-snippet:-1, max-image-preview:large, max-video-preview:-1\" \/>\n<link rel=\"canonical\" href=\"https:\/\/www.cofb.org\/es\/2024\/07\/17\/el-cof-de-barcelona-renova-la-18a-edicio-del-programa-en-gestio-de-farmacia-amb-la-incorporacio-de-la-modalitat-webinar-i-tours-virtuals-a-farmacies-referents-despanya\/\" \/>\n<meta property=\"og:locale\" content=\"es_ES\" \/>\n<meta property=\"og:type\" content=\"article\" \/>\n<meta property=\"og:title\" content=\"El COF de Barcelona renova la 18a edici\u00f3 del Programa en Gesti\u00f3 de Farm\u00e0cia amb la incorporaci\u00f3 de la modalitat webinar i tours virtuals a farm\u00e0cies referents d\u2019Espanya - Col\u00b7legi de Farmac\u00e8utics de Barcelona\" \/>\n<meta property=\"og:description\" content=\"El COFB posa en marxa la 18a edici\u00f3 del Programa en Gesti\u00f3 de Farm\u00e0cia, un programa formatiu renovat, adre\u00e7at a titulars i\/o graduats\/des en Farm\u00e0cia.\" \/>\n<meta property=\"og:url\" content=\"https:\/\/www.cofb.org\/es\/2024\/07\/17\/el-cof-de-barcelona-renova-la-18a-edicio-del-programa-en-gestio-de-farmacia-amb-la-incorporacio-de-la-modalitat-webinar-i-tours-virtuals-a-farmacies-referents-despanya\/\" \/>\n<meta property=\"og:site_name\" content=\"Col\u00b7legi de Farmac\u00e8utics de Barcelona\" \/>\n<meta property=\"article:publisher\" content=\"https:\/\/www.facebook.com\/farmaceuticsbcn\/\" \/>\n<meta property=\"article:published_time\" content=\"2024-07-17T12:06:39+00:00\" \/>\n<meta property=\"article:modified_time\" content=\"2024-07-19T07:13:00+00:00\" \/>\n<meta property=\"og:image\" content=\"https:\/\/www.cofb.org\/wp-content\/uploads\/2024\/07\/COFB_PGF_17072024.png\" \/>\n\t<meta property=\"og:image:width\" content=\"4961\" \/>\n\t<meta property=\"og:image:height\" content=\"3504\" \/>\n\t<meta property=\"og:image:type\" content=\"image\/png\" \/>\n<meta name=\"author\" content=\"Berta Mart\u00ednez\" \/>\n<meta name=\"twitter:card\" content=\"summary_large_image\" \/>\n<meta name=\"twitter:creator\" content=\"@farmaceuticsbcn\" \/>\n<meta name=\"twitter:site\" content=\"@farmaceuticsbcn\" \/>\n<meta name=\"twitter:label1\" content=\"Escrito por\" \/>\n\t<meta name=\"twitter:data1\" content=\"Berta Mart\u00ednez\" \/>\n\t<meta name=\"twitter:label2\" content=\"Tiempo de lectura\" \/>\n\t<meta name=\"twitter:data2\" content=\"4 minutos\" \/>\n<script type=\"application\/ld+json\" class=\"yoast-schema-graph\">{\"@context\":\"https:\/\/schema.org\",\"@graph\":[{\"@type\":\"Article\",\"@id\":\"https:\/\/www.cofb.org\/2024\/07\/17\/el-cof-de-barcelona-renova-la-18a-edicio-del-programa-en-gestio-de-farmacia-amb-la-incorporacio-de-la-modalitat-webinar-i-tours-virtuals-a-farmacies-referents-despanya\/#article\",\"isPartOf\":{\"@id\":\"https:\/\/www.cofb.org\/2024\/07\/17\/el-cof-de-barcelona-renova-la-18a-edicio-del-programa-en-gestio-de-farmacia-amb-la-incorporacio-de-la-modalitat-webinar-i-tours-virtuals-a-farmacies-referents-despanya\/\"},\"author\":{\"name\":\"Berta Mart\u00ednez\",\"@id\":\"https:\/\/www.cofb.org\/#\/schema\/person\/f32de3b41b812c85ff923cb4cc849063\"},\"headline\":\"El COF de Barcelona renova la 18a edici\u00f3 del Programa en Gesti\u00f3 de Farm\u00e0cia amb la incorporaci\u00f3 de la modalitat webinar i tours virtuals a farm\u00e0cies referents d\u2019Espanya\",\"datePublished\":\"2024-07-17T12:06:39+00:00\",\"dateModified\":\"2024-07-19T07:13:00+00:00\",\"mainEntityOfPage\":{\"@id\":\"https:\/\/www.cofb.org\/2024\/07\/17\/el-cof-de-barcelona-renova-la-18a-edicio-del-programa-en-gestio-de-farmacia-amb-la-incorporacio-de-la-modalitat-webinar-i-tours-virtuals-a-farmacies-referents-despanya\/\"},\"wordCount\":641,\"publisher\":{\"@id\":\"https:\/\/www.cofb.org\/#organization\"},\"image\":{\"@id\":\"https:\/\/www.cofb.org\/2024\/07\/17\/el-cof-de-barcelona-renova-la-18a-edicio-del-programa-en-gestio-de-farmacia-amb-la-incorporacio-de-la-modalitat-webinar-i-tours-virtuals-a-farmacies-referents-despanya\/#primaryimage\"},\"thumbnailUrl\":\"https:\/\/www.cofb.org\/wp-content\/uploads\/2024\/07\/COFB_PGF_17072024.png\",\"keywords\":[\"18a edici\u00f3 PGF\",\"COF de Barcelona\",\"COFB\",\"Col\u00b7legi de Farmac\u00e8utics de Barcelona\",\"farmac\u00e8utics\",\"Farm\u00e0cia\",\"farm\u00e0cia comunit\u00e0ria\",\"Formaci\u00f3\",\"Gesti\u00f3 de Farm\u00e0cia\",\"Oficina de farm\u00e0cia\",\"PGF\",\"Programa de Gesti\u00f3 en Farm\u00e0cia\",\"Programa en Gesti\u00f3 de Farm\u00e0cia\",\"Programa Gesti\u00f3 Farm\u00e0cia\"],\"articleSection\":[\"Notes de premsa\"],\"inLanguage\":\"es\"},{\"@type\":\"WebPage\",\"@id\":\"https:\/\/www.cofb.org\/2024\/07\/17\/el-cof-de-barcelona-renova-la-18a-edicio-del-programa-en-gestio-de-farmacia-amb-la-incorporacio-de-la-modalitat-webinar-i-tours-virtuals-a-farmacies-referents-despanya\/\",\"url\":\"https:\/\/www.cofb.org\/2024\/07\/17\/el-cof-de-barcelona-renova-la-18a-edicio-del-programa-en-gestio-de-farmacia-amb-la-incorporacio-de-la-modalitat-webinar-i-tours-virtuals-a-farmacies-referents-despanya\/\",\"name\":\"El COF de Barcelona renova la 18a edici\u00f3 del Programa en Gesti\u00f3 de Farm\u00e0cia amb la incorporaci\u00f3 de la modalitat webinar i tours virtuals a farm\u00e0cies referents d\u2019Espanya - Col\u00b7legi de Farmac\u00e8utics de Barcelona\",\"isPartOf\":{\"@id\":\"https:\/\/www.cofb.org\/#website\"},\"primaryImageOfPage\":{\"@id\":\"https:\/\/www.cofb.org\/2024\/07\/17\/el-cof-de-barcelona-renova-la-18a-edicio-del-programa-en-gestio-de-farmacia-amb-la-incorporacio-de-la-modalitat-webinar-i-tours-virtuals-a-farmacies-referents-despanya\/#primaryimage\"},\"image\":{\"@id\":\"https:\/\/www.cofb.org\/2024\/07\/17\/el-cof-de-barcelona-renova-la-18a-edicio-del-programa-en-gestio-de-farmacia-amb-la-incorporacio-de-la-modalitat-webinar-i-tours-virtuals-a-farmacies-referents-despanya\/#primaryimage\"},\"thumbnailUrl\":\"https:\/\/www.cofb.org\/wp-content\/uploads\/2024\/07\/COFB_PGF_17072024.png\",\"datePublished\":\"2024-07-17T12:06:39+00:00\",\"dateModified\":\"2024-07-19T07:13:00+00:00\",\"description\":\"El COFB posa en marxa la 18a edici\u00f3 del Programa en Gesti\u00f3 de Farm\u00e0cia, un programa formatiu renovat, adre\u00e7at a titulars i\/o graduats\/des en Farm\u00e0cia.\",\"breadcrumb\":{\"@id\":\"https:\/\/www.cofb.org\/2024\/07\/17\/el-cof-de-barcelona-renova-la-18a-edicio-del-programa-en-gestio-de-farmacia-amb-la-incorporacio-de-la-modalitat-webinar-i-tours-virtuals-a-farmacies-referents-despanya\/#breadcrumb\"},\"inLanguage\":\"es\",\"potentialAction\":[{\"@type\":\"ReadAction\",\"target\":[\"https:\/\/www.cofb.org\/2024\/07\/17\/el-cof-de-barcelona-renova-la-18a-edicio-del-programa-en-gestio-de-farmacia-amb-la-incorporacio-de-la-modalitat-webinar-i-tours-virtuals-a-farmacies-referents-despanya\/\"]}]},{\"@type\":\"ImageObject\",\"inLanguage\":\"es\",\"@id\":\"https:\/\/www.cofb.org\/2024\/07\/17\/el-cof-de-barcelona-renova-la-18a-edicio-del-programa-en-gestio-de-farmacia-amb-la-incorporacio-de-la-modalitat-webinar-i-tours-virtuals-a-farmacies-referents-despanya\/#primaryimage\",\"url\":\"https:\/\/www.cofb.org\/wp-content\/uploads\/2024\/07\/COFB_PGF_17072024.png\",\"contentUrl\":\"https:\/\/www.cofb.org\/wp-content\/uploads\/2024\/07\/COFB_PGF_17072024.png\",\"width\":4961,\"height\":3504},{\"@type\":\"BreadcrumbList\",\"@id\":\"https:\/\/www.cofb.org\/2024\/07\/17\/el-cof-de-barcelona-renova-la-18a-edicio-del-programa-en-gestio-de-farmacia-amb-la-incorporacio-de-la-modalitat-webinar-i-tours-virtuals-a-farmacies-referents-despanya\/#breadcrumb\",\"itemListElement\":[{\"@type\":\"ListItem\",\"position\":1,\"name\":\"Inici\",\"item\":\"https:\/\/novaorg.cofb.net\/\"},{\"@type\":\"ListItem\",\"position\":2,\"name\":\"El COF de Barcelona renova la 18a edici\u00f3 del Programa en Gesti\u00f3 de Farm\u00e0cia amb la incorporaci\u00f3 de la modalitat webinar i tours virtuals a farm\u00e0cies referents d\u2019Espanya\"}]},{\"@type\":\"WebSite\",\"@id\":\"https:\/\/www.cofb.org\/#website\",\"url\":\"https:\/\/www.cofb.org\/\",\"name\":\"Col\u00b7legi de Farmac\u00e8utics de Barcelona\",\"description\":\"\",\"publisher\":{\"@id\":\"https:\/\/www.cofb.org\/#organization\"},\"potentialAction\":[{\"@type\":\"SearchAction\",\"target\":{\"@type\":\"EntryPoint\",\"urlTemplate\":\"https:\/\/www.cofb.org\/?s={search_term_string}\"},\"query-input\":\"required name=search_term_string\"}],\"inLanguage\":\"es\"},{\"@type\":\"Organization\",\"@id\":\"https:\/\/www.cofb.org\/#organization\",\"name\":\"Col\u00b7legi de Farmac\u00e8utics de Barcelona\",\"url\":\"https:\/\/www.cofb.org\/\",\"logo\":{\"@type\":\"ImageObject\",\"inLanguage\":\"es\",\"@id\":\"https:\/\/www.cofb.org\/#\/schema\/logo\/image\/\",\"url\":\"https:\/\/www.cofb.org\/wp-content\/uploads\/2023\/11\/cropped-Logotip-COFB.png\",\"contentUrl\":\"https:\/\/www.cofb.org\/wp-content\/uploads\/2023\/11\/cropped-Logotip-COFB.png\",\"width\":500,\"height\":105,\"caption\":\"Col\u00b7legi de Farmac\u00e8utics de Barcelona\"},\"image\":{\"@id\":\"https:\/\/www.cofb.org\/#\/schema\/logo\/image\/\"},\"sameAs\":[\"https:\/\/www.facebook.com\/farmaceuticsbcn\/\",\"https:\/\/twitter.com\/farmaceuticsbcn\",\"https:\/\/www.instagram.com\/farmaceuticsbcn\/\",\"https:\/\/www.linkedin.com\/company\/farmaceuticsbcn\/\"]},{\"@type\":\"Person\",\"@id\":\"https:\/\/www.cofb.org\/#\/schema\/person\/f32de3b41b812c85ff923cb4cc849063\",\"name\":\"Berta Mart\u00ednez\",\"image\":{\"@type\":\"ImageObject\",\"inLanguage\":\"es\",\"@id\":\"https:\/\/www.cofb.org\/#\/schema\/person\/image\/\",\"url\":\"https:\/\/secure.gravatar.com\/avatar\/d4c584dab5da1ee9e3c3df161c0aabec7075cc8211cd46ffc79bfe177aa78b01?s=96&d=mm&r=g\",\"contentUrl\":\"https:\/\/secure.gravatar.com\/avatar\/d4c584dab5da1ee9e3c3df161c0aabec7075cc8211cd46ffc79bfe177aa78b01?s=96&d=mm&r=g\",\"caption\":\"Berta Mart\u00ednez\"},\"url\":\"https:\/\/www.cofb.org\/es\/author\/bmartinez\/\"}]}<\/script>\n<!-- \/ Yoast SEO plugin. -->","yoast_head_json":{"title":"El COF de Barcelona renova la 18a edici\u00f3 del Programa en Gesti\u00f3 de Farm\u00e0cia amb la incorporaci\u00f3 de la modalitat webinar i tours virtuals a farm\u00e0cies referents d\u2019Espanya - Col\u00b7legi de Farmac\u00e8utics de Barcelona","description":"El COFB posa en marxa la 18a edici\u00f3 del Programa en Gesti\u00f3 de Farm\u00e0cia, un programa formatiu renovat, adre\u00e7at a titulars i\/o graduats\/des en Farm\u00e0cia.","robots":{"index":"index","follow":"follow","max-snippet":"max-snippet:-1","max-image-preview":"max-image-preview:large","max-video-preview":"max-video-preview:-1"},"canonical":"https:\/\/www.cofb.org\/es\/2024\/07\/17\/el-cof-de-barcelona-renova-la-18a-edicio-del-programa-en-gestio-de-farmacia-amb-la-incorporacio-de-la-modalitat-webinar-i-tours-virtuals-a-farmacies-referents-despanya\/","og_locale":"es_ES","og_type":"article","og_title":"El COF de Barcelona renova la 18a edici\u00f3 del Programa en Gesti\u00f3 de Farm\u00e0cia amb la incorporaci\u00f3 de la modalitat webinar i tours virtuals a farm\u00e0cies referents d\u2019Espanya - Col\u00b7legi de Farmac\u00e8utics de Barcelona","og_description":"El COFB posa en marxa la 18a edici\u00f3 del Programa en Gesti\u00f3 de Farm\u00e0cia, un programa formatiu renovat, adre\u00e7at a titulars i\/o graduats\/des en Farm\u00e0cia.","og_url":"https:\/\/www.cofb.org\/es\/2024\/07\/17\/el-cof-de-barcelona-renova-la-18a-edicio-del-programa-en-gestio-de-farmacia-amb-la-incorporacio-de-la-modalitat-webinar-i-tours-virtuals-a-farmacies-referents-despanya\/","og_site_name":"Col\u00b7legi de Farmac\u00e8utics de Barcelona","article_publisher":"https:\/\/www.facebook.com\/farmaceuticsbcn\/","article_published_time":"2024-07-17T12:06:39+00:00","article_modified_time":"2024-07-19T07:13:00+00:00","og_image":[{"width":4961,"height":3504,"url":"https:\/\/www.cofb.org\/wp-content\/uploads\/2024\/07\/COFB_PGF_17072024.png","type":"image\/png"}],"author":"Berta Mart\u00ednez","twitter_card":"summary_large_image","twitter_creator":"@farmaceuticsbcn","twitter_site":"@farmaceuticsbcn","twitter_misc":{"Escrito por":"Berta Mart\u00ednez","Tiempo de lectura":"4 minutos"},"schema":{"@context":"https:\/\/schema.org","@graph":[{"@type":"Article","@id":"https:\/\/www.cofb.org\/2024\/07\/17\/el-cof-de-barcelona-renova-la-18a-edicio-del-programa-en-gestio-de-farmacia-amb-la-incorporacio-de-la-modalitat-webinar-i-tours-virtuals-a-farmacies-referents-despanya\/#article","isPartOf":{"@id":"https:\/\/www.cofb.org\/2024\/07\/17\/el-cof-de-barcelona-renova-la-18a-edicio-del-programa-en-gestio-de-farmacia-amb-la-incorporacio-de-la-modalitat-webinar-i-tours-virtuals-a-farmacies-referents-despanya\/"},"author":{"name":"Berta Mart\u00ednez","@id":"https:\/\/www.cofb.org\/#\/schema\/person\/f32de3b41b812c85ff923cb4cc849063"},"headline":"El COF de Barcelona renova la 18a edici\u00f3 del Programa en Gesti\u00f3 de Farm\u00e0cia amb la incorporaci\u00f3 de la modalitat webinar i tours virtuals a farm\u00e0cies referents d\u2019Espanya","datePublished":"2024-07-17T12:06:39+00:00","dateModified":"2024-07-19T07:13:00+00:00","mainEntityOfPage":{"@id":"https:\/\/www.cofb.org\/2024\/07\/17\/el-cof-de-barcelona-renova-la-18a-edicio-del-programa-en-gestio-de-farmacia-amb-la-incorporacio-de-la-modalitat-webinar-i-tours-virtuals-a-farmacies-referents-despanya\/"},"wordCount":641,"publisher":{"@id":"https:\/\/www.cofb.org\/#organization"},"image":{"@id":"https:\/\/www.cofb.org\/2024\/07\/17\/el-cof-de-barcelona-renova-la-18a-edicio-del-programa-en-gestio-de-farmacia-amb-la-incorporacio-de-la-modalitat-webinar-i-tours-virtuals-a-farmacies-referents-despanya\/#primaryimage"},"thumbnailUrl":"https:\/\/www.cofb.org\/wp-content\/uploads\/2024\/07\/COFB_PGF_17072024.png","keywords":["18a edici\u00f3 PGF","COF de Barcelona","COFB","Col\u00b7legi de Farmac\u00e8utics de Barcelona","farmac\u00e8utics","Farm\u00e0cia","farm\u00e0cia comunit\u00e0ria","Formaci\u00f3","Gesti\u00f3 de Farm\u00e0cia","Oficina de farm\u00e0cia","PGF","Programa de Gesti\u00f3 en Farm\u00e0cia","Programa en Gesti\u00f3 de Farm\u00e0cia","Programa Gesti\u00f3 Farm\u00e0cia"],"articleSection":["Notes de premsa"],"inLanguage":"es"},{"@type":"WebPage","@id":"https:\/\/www.cofb.org\/2024\/07\/17\/el-cof-de-barcelona-renova-la-18a-edicio-del-programa-en-gestio-de-farmacia-amb-la-incorporacio-de-la-modalitat-webinar-i-tours-virtuals-a-farmacies-referents-despanya\/","url":"https:\/\/www.cofb.org\/2024\/07\/17\/el-cof-de-barcelona-renova-la-18a-edicio-del-programa-en-gestio-de-farmacia-amb-la-incorporacio-de-la-modalitat-webinar-i-tours-virtuals-a-farmacies-referents-despanya\/","name":"El COF de Barcelona renova la 18a edici\u00f3 del Programa en Gesti\u00f3 de Farm\u00e0cia amb la incorporaci\u00f3 de la modalitat webinar i tours virtuals a farm\u00e0cies referents d\u2019Espanya - Col\u00b7legi de Farmac\u00e8utics de Barcelona","isPartOf":{"@id":"https:\/\/www.cofb.org\/#website"},"primaryImageOfPage":{"@id":"https:\/\/www.cofb.org\/2024\/07\/17\/el-cof-de-barcelona-renova-la-18a-edicio-del-programa-en-gestio-de-farmacia-amb-la-incorporacio-de-la-modalitat-webinar-i-tours-virtuals-a-farmacies-referents-despanya\/#primaryimage"},"image":{"@id":"https:\/\/www.cofb.org\/2024\/07\/17\/el-cof-de-barcelona-renova-la-18a-edicio-del-programa-en-gestio-de-farmacia-amb-la-incorporacio-de-la-modalitat-webinar-i-tours-virtuals-a-farmacies-referents-despanya\/#primaryimage"},"thumbnailUrl":"https:\/\/www.cofb.org\/wp-content\/uploads\/2024\/07\/COFB_PGF_17072024.png","datePublished":"2024-07-17T12:06:39+00:00","dateModified":"2024-07-19T07:13:00+00:00","description":"El COFB posa en marxa la 18a edici\u00f3 del Programa en Gesti\u00f3 de Farm\u00e0cia, un programa formatiu renovat, adre\u00e7at a titulars i\/o graduats\/des en Farm\u00e0cia.","breadcrumb":{"@id":"https:\/\/www.cofb.org\/2024\/07\/17\/el-cof-de-barcelona-renova-la-18a-edicio-del-programa-en-gestio-de-farmacia-amb-la-incorporacio-de-la-modalitat-webinar-i-tours-virtuals-a-farmacies-referents-despanya\/#breadcrumb"},"inLanguage":"es","potentialAction":[{"@type":"ReadAction","target":["https:\/\/www.cofb.org\/2024\/07\/17\/el-cof-de-barcelona-renova-la-18a-edicio-del-programa-en-gestio-de-farmacia-amb-la-incorporacio-de-la-modalitat-webinar-i-tours-virtuals-a-farmacies-referents-despanya\/"]}]},{"@type":"ImageObject","inLanguage":"es","@id":"https:\/\/www.cofb.org\/2024\/07\/17\/el-cof-de-barcelona-renova-la-18a-edicio-del-programa-en-gestio-de-farmacia-amb-la-incorporacio-de-la-modalitat-webinar-i-tours-virtuals-a-farmacies-referents-despanya\/#primaryimage","url":"https:\/\/www.cofb.org\/wp-content\/uploads\/2024\/07\/COFB_PGF_17072024.png","contentUrl":"https:\/\/www.cofb.org\/wp-content\/uploads\/2024\/07\/COFB_PGF_17072024.png","width":4961,"height":3504},{"@type":"BreadcrumbList","@id":"https:\/\/www.cofb.org\/2024\/07\/17\/el-cof-de-barcelona-renova-la-18a-edicio-del-programa-en-gestio-de-farmacia-amb-la-incorporacio-de-la-modalitat-webinar-i-tours-virtuals-a-farmacies-referents-despanya\/#breadcrumb","itemListElement":[{"@type":"ListItem","position":1,"name":"Inici","item":"https:\/\/novaorg.cofb.net\/"},{"@type":"ListItem","position":2,"name":"El COF de Barcelona renova la 18a edici\u00f3 del Programa en Gesti\u00f3 de Farm\u00e0cia amb la incorporaci\u00f3 de la modalitat webinar i tours virtuals a farm\u00e0cies referents d\u2019Espanya"}]},{"@type":"WebSite","@id":"https:\/\/www.cofb.org\/#website","url":"https:\/\/www.cofb.org\/","name":"Col\u00b7legi de Farmac\u00e8utics de Barcelona","description":"","publisher":{"@id":"https:\/\/www.cofb.org\/#organization"},"potentialAction":[{"@type":"SearchAction","target":{"@type":"EntryPoint","urlTemplate":"https:\/\/www.cofb.org\/?s={search_term_string}"},"query-input":"required name=search_term_string"}],"inLanguage":"es"},{"@type":"Organization","@id":"https:\/\/www.cofb.org\/#organization","name":"Col\u00b7legi de Farmac\u00e8utics de Barcelona","url":"https:\/\/www.cofb.org\/","logo":{"@type":"ImageObject","inLanguage":"es","@id":"https:\/\/www.cofb.org\/#\/schema\/logo\/image\/","url":"https:\/\/www.cofb.org\/wp-content\/uploads\/2023\/11\/cropped-Logotip-COFB.png","contentUrl":"https:\/\/www.cofb.org\/wp-content\/uploads\/2023\/11\/cropped-Logotip-COFB.png","width":500,"height":105,"caption":"Col\u00b7legi de Farmac\u00e8utics de Barcelona"},"image":{"@id":"https:\/\/www.cofb.org\/#\/schema\/logo\/image\/"},"sameAs":["https:\/\/www.facebook.com\/farmaceuticsbcn\/","https:\/\/twitter.com\/farmaceuticsbcn","https:\/\/www.instagram.com\/farmaceuticsbcn\/","https:\/\/www.linkedin.com\/company\/farmaceuticsbcn\/"]},{"@type":"Person","@id":"https:\/\/www.cofb.org\/#\/schema\/person\/f32de3b41b812c85ff923cb4cc849063","name":"Berta Mart\u00ednez","image":{"@type":"ImageObject","inLanguage":"es","@id":"https:\/\/www.cofb.org\/#\/schema\/person\/image\/","url":"https:\/\/secure.gravatar.com\/avatar\/d4c584dab5da1ee9e3c3df161c0aabec7075cc8211cd46ffc79bfe177aa78b01?s=96&d=mm&r=g","contentUrl":"https:\/\/secure.gravatar.com\/avatar\/d4c584dab5da1ee9e3c3df161c0aabec7075cc8211cd46ffc79bfe177aa78b01?s=96&d=mm&r=g","caption":"Berta Mart\u00ednez"},"url":"https:\/\/www.cofb.org\/es\/author\/bmartinez\/"}]}},"uagb_featured_image_src":{"full":["https:\/\/www.cofb.org\/wp-content\/uploads\/2024\/07\/COFB_PGF_17072024.png",4961,3504,false],"thumbnail":["https:\/\/www.cofb.org\/wp-content\/uploads\/2024\/07\/COFB_PGF_17072024-150x150.png",150,150,true],"medium":["https:\/\/www.cofb.org\/wp-content\/uploads\/2024\/07\/COFB_PGF_17072024-300x212.png",300,212,true],"medium_large":["https:\/\/www.cofb.org\/wp-content\/uploads\/2024\/07\/COFB_PGF_17072024-768x542.png",768,542,true],"large":["https:\/\/www.cofb.org\/wp-content\/uploads\/2024\/07\/COFB_PGF_17072024-1024x723.png",1024,723,true],"1536x1536":["https:\/\/www.cofb.org\/wp-content\/uploads\/2024\/07\/COFB_PGF_17072024-1536x1085.png",1536,1085,true],"2048x2048":["https:\/\/www.cofb.org\/wp-content\/uploads\/2024\/07\/COFB_PGF_17072024-2048x1447.png",2048,1447,true],"trp-custom-language-flag":["https:\/\/www.cofb.org\/wp-content\/uploads\/2024\/07\/COFB_PGF_17072024-18x12.png",18,12,true]},"uagb_author_info":{"display_name":"Berta Mart\u00ednez","author_link":"https:\/\/www.cofb.org\/es\/author\/bmartinez\/"},"uagb_comment_info":0,"uagb_excerpt":"Barcelona, 17 de juliol de 2024.- El Col\u00b7legi de Farmac\u00e8utics de Barcelona (COFB) posa en marxa la 18a edici\u00f3 del PGF-Programa en Gesti\u00f3 de Farm\u00e0cia, abans MGOF. Es tracta d\u2019un programa formatiu renovat, adre\u00e7at a titulars i\/o graduats\/des en Farm\u00e0cia quevolen adquirir coneixements en la gesti\u00f3 de la farm\u00e0cia comunit\u00e0ria [&hellip;]","_links":{"self":[{"href":"https:\/\/www.cofb.org\/es\/wp-json\/wp\/v2\/posts\/78994","targetHints":{"allow":["GET"]}}],"collection":[{"href":"https:\/\/www.cofb.org\/es\/wp-json\/wp\/v2\/posts"}],"about":[{"href":"https:\/\/www.cofb.org\/es\/wp-json\/wp\/v2\/types\/post"}],"author":[{"embeddable":true,"href":"https:\/\/www.cofb.org\/es\/wp-json\/wp\/v2\/users\/3"}],"replies":[{"embeddable":true,"href":"https:\/\/www.cofb.org\/es\/wp-json\/wp\/v2\/comments?post=78994"}],"version-history":[{"count":8,"href":"https:\/\/www.cofb.org\/es\/wp-json\/wp\/v2\/posts\/78994\/revisions"}],"predecessor-version":[{"id":79040,"href":"https:\/\/www.cofb.org\/es\/wp-json\/wp\/v2\/posts\/78994\/revisions\/79040"}],"wp:featuredmedia":[{"embeddable":true,"href":"https:\/\/www.cofb.org\/es\/wp-json\/wp\/v2\/media\/79025"}],"wp:attachment":[{"href":"https:\/\/www.cofb.org\/es\/wp-json\/wp\/v2\/media?parent=78994"}],"wp:term":[{"taxonomy":"category","embeddable":true,"href":"https:\/\/www.cofb.org\/es\/wp-json\/wp\/v2\/categories?post=78994"},{"taxonomy":"post_tag","embeddable":true,"href":"https:\/\/www.cofb.org\/es\/wp-json\/wp\/v2\/tags?post=78994"}],"curies":[{"name":"wp","href":"https:\/\/api.w.org\/{rel}","templated":true}]}}