{"id":78519,"date":"2024-07-03T15:05:36","date_gmt":"2024-07-03T15:05:36","guid":{"rendered":"https:\/\/www.cofb.org\/?p=78519"},"modified":"2024-07-03T15:06:20","modified_gmt":"2024-07-03T15:06:20","slug":"farmaceutics-i-farmaceutiques-comunitaries-sactualitzen-en-labordatge-de-la-psoriasi","status":"publish","type":"post","link":"https:\/\/www.cofb.org\/es\/2024\/07\/03\/farmaceutics-i-farmaceutiques-comunitaries-sactualitzen-en-labordatge-de-la-psoriasi\/","title":{"rendered":"Farmac\u00e9uticos y farmac\u00e9uticas comunitarias se actualizan en el abordaje de la psoriasis"},"content":{"rendered":"<p>El pasado 12 de junio, el <strong>Col\u00b7legi de Farmac\u00e8utics de Barcelona (COFB) <\/strong>organiz\u00f3 el <strong>Foro Dermoexpert \u201cPsoriasis, abordaje desde la oficina de farmacia\u201d<\/strong> con el patrocinio de <a href=\"https:\/\/es.svr.com\/\" target=\"_blank\" rel=\"noreferrer noopener\">SVR<\/a>. La formaci\u00f3n, que fue coordinada por la vocal de Dermofarmacia y Productos Sanitarios del COFB, <strong>Marta Alcalde<\/strong>, cont\u00f3 con las ponencias del <strong>Dr. Josep Riera<\/strong>, especialista en dermatolog\u00eda en el Hospital Cl\u00ednic de Barcelona y en Dermik, y <strong>Beatriz Garde<\/strong>, farmac\u00e9utica, diplomada en Nutrici\u00f3n Humana y Diet\u00e9tica y m\u00e1ster en Cosm\u00e9tica y Dermofarmacia.<\/p>\n\n\n\n<figure class=\"wp-block-image size-large is-resized\"><a href=\"https:\/\/www.cofb.org\/wp-content\/uploads\/2024\/06\/COFB_PSORIASI_26062025_3-scaled.jpg\" target=\"_blank\" rel=\"noreferrer noopener\"><img fetchpriority=\"high\" decoding=\"async\" width=\"1024\" height=\"576\" src=\"https:\/\/www.cofb.org\/wp-content\/uploads\/2024\/06\/COFB_PSORIASI_26062025_3-1024x576.jpg\" alt=\"Formaci\u00f3: \u201cPsoriasi, abordatge des de l\u2019oficina de farm\u00e0cia\u201d\" class=\"wp-image-78524\" style=\"object-fit:cover;width:1450px;height:auto\" srcset=\"https:\/\/www.cofb.org\/wp-content\/uploads\/2024\/06\/COFB_PSORIASI_26062025_3-1024x576.jpg 1024w, https:\/\/www.cofb.org\/wp-content\/uploads\/2024\/06\/COFB_PSORIASI_26062025_3-300x169.jpg 300w, https:\/\/www.cofb.org\/wp-content\/uploads\/2024\/06\/COFB_PSORIASI_26062025_3-768x432.jpg 768w, https:\/\/www.cofb.org\/wp-content\/uploads\/2024\/06\/COFB_PSORIASI_26062025_3-1536x864.jpg 1536w, https:\/\/www.cofb.org\/wp-content\/uploads\/2024\/06\/COFB_PSORIASI_26062025_3-2048x1152.jpg 2048w, https:\/\/www.cofb.org\/wp-content\/uploads\/2024\/06\/COFB_PSORIASI_26062025_3-18x10.jpg 18w\" sizes=\"(max-width: 1024px) 100vw, 1024px\" \/><\/a><\/figure>\n\n\n\n<p>Los <strong>objetivos <\/strong>de la formaci\u00f3n fueron conocer los <strong>mecanismos etiopatog\u00e9nicos de la psoriasis<\/strong> y los <strong>criterios de derivaci\u00f3n al m\u00e9dico<\/strong>, actualizar los conocimientos de los <strong>avances en farmacoterapia<\/strong>, mejorar la capacidad para <strong>asesorar y acompa\u00f1ar a los pacientes con a<\/strong>esta patolog\u00eda, disponer de <strong>recursos para mejorar la calidad de vida de estos pacientes<\/strong> y establecer una <strong>colaboraci\u00f3n m\u00e1s fluida y eficiente con otros profesionales de la salud<\/strong> y el manejo integral de la psoriasis.<\/p>\n\n\n\n<p>La vocal de Dermofarmacia y Productos Sanitarios del COFB, <strong>Marta Alcalde<\/strong>, present\u00f3 la sesi\u00f3n sobre la psoriasis por <strong>\u201csaber c\u00f3mo abordar esta patolog\u00eda, bastante frecuente, desde la oficina de farmacia\u201d<\/strong>. Alcalde indic\u00f3 que los farmac\u00e9uticos y farmac\u00e9uticas comunitarias pueden hacer mucho trabajo por el <strong>control <\/strong>de la psoriasis, las <strong>comorbilidades asociadas<\/strong> y en los <strong>aspectos psicol\u00f3gicos y emocionales<\/strong> que ocasiona, \u201cya que esta <strong>enfermedad es cr\u00f3nica y acompa\u00f1ar\u00e1 al paciente a lo largo de toda su vida<\/strong>\u201d.<\/p>\n\n\n\n<figure class=\"wp-block-image size-large is-resized\"><a href=\"https:\/\/www.cofb.org\/wp-content\/uploads\/2024\/06\/COFB_PSORIASI_26062025_0.jpg\" target=\"_blank\" rel=\"noreferrer noopener\"><img decoding=\"async\" width=\"1024\" height=\"576\" src=\"https:\/\/www.cofb.org\/wp-content\/uploads\/2024\/06\/COFB_PSORIASI_26062025_0-1024x576.jpg\" alt=\"D'esquerra a dreta: Beatriz Garde, Josep Riera i Marta Alcalde.\" class=\"wp-image-78521\" style=\"object-fit:cover;width:1450px;height:auto\" srcset=\"https:\/\/www.cofb.org\/wp-content\/uploads\/2024\/06\/COFB_PSORIASI_26062025_0-1024x576.jpg 1024w, https:\/\/www.cofb.org\/wp-content\/uploads\/2024\/06\/COFB_PSORIASI_26062025_0-300x169.jpg 300w, https:\/\/www.cofb.org\/wp-content\/uploads\/2024\/06\/COFB_PSORIASI_26062025_0-768x432.jpg 768w, https:\/\/www.cofb.org\/wp-content\/uploads\/2024\/06\/COFB_PSORIASI_26062025_0-1536x864.jpg 1536w, https:\/\/www.cofb.org\/wp-content\/uploads\/2024\/06\/COFB_PSORIASI_26062025_0-2048x1152.jpg 2048w, https:\/\/www.cofb.org\/wp-content\/uploads\/2024\/06\/COFB_PSORIASI_26062025_0-18x10.jpg 18w\" sizes=\"(max-width: 1024px) 100vw, 1024px\" \/><\/a><figcaption class=\"wp-element-caption\">De izquierda a derecha: Beatriz Garde, Josep Riera y Marta Alcalde. <\/figcaption><\/figure>\n\n\n\n<h2 class=\"wp-block-heading\"><strong>Psoriasis: fundamentos, etiolog\u00eda, factores desencadenantes y tratamiento<\/strong><\/h2>\n\n\n\n<p>El especialista en dermatolog\u00eda en el Hospital Cl\u00ednic de Barcelona y en Dermik, el <strong>Dr. Josep Riera<\/strong>, inici\u00f3 su presentaci\u00f3n explicando <strong>qu\u00e9 es la psoriasis<\/strong>: \u201cuna <strong>enfermedad inflamatoria inmunomediada (IMID) de predominio de afectaci\u00f3n cut\u00e1nea<\/strong>, que puede aparecer tanto a hombres como a mujeres; en uno <strong>75% de casos<\/strong>, los <strong>primeros s\u00edntomas aparecen antes de los 40 a\u00f1os;<\/strong> y se trata de una <strong>patolog\u00eda muy frecuente<\/strong>, la <strong>prevalencia en Espa\u00f1a es del 2,3%<\/strong>\u201d. Seg\u00fan comparti\u00f3 el dr. Riera, la psoriasis es una \u201c<strong>enfermedad cr\u00f3nica que evoluciona en forma de brotes y remisiones poco predecibles<\/strong>\u201d, que puede presentarse de diferentes <strong>formas cl\u00ednicas<\/strong> como la <strong>psoriasis en placas o vulgar, gutatta, pustulosa o eritrodermia psori\u00e1sica. <\/strong>Sin embargo, detall\u00f3 tanto las <strong>afectaciones visibles de la psoriasis<\/strong> (cuero cabelludo, unguial, invertida y palmoplantar) como las <strong>manifestaciones progresivas invisibles<\/strong> (enfermedad axial y artritis psori\u00e1sica) y las <strong>comorbilidades asociadas<\/strong> (hipertensi\u00f3n arterial, diabetes, enfermedad coronaria, obesidad y enfermedad inflamatoria intestinal).<\/p>\n\n\n\n<figure class=\"wp-block-image size-large is-resized\"><a href=\"https:\/\/www.cofb.org\/wp-content\/uploads\/2024\/06\/COFB_PSORIASI_26062025_1-scaled.jpg\" target=\"_blank\" rel=\"noreferrer noopener\"><img decoding=\"async\" width=\"1024\" height=\"576\" src=\"https:\/\/www.cofb.org\/wp-content\/uploads\/2024\/06\/COFB_PSORIASI_26062025_1-1024x576.jpg\" alt=\"El Dr. Josep Riera impartint la formaci\u00f3 sobre psoriasi. \" class=\"wp-image-78522\" style=\"object-fit:cover;width:1450px;height:auto\" srcset=\"https:\/\/www.cofb.org\/wp-content\/uploads\/2024\/06\/COFB_PSORIASI_26062025_1-1024x576.jpg 1024w, https:\/\/www.cofb.org\/wp-content\/uploads\/2024\/06\/COFB_PSORIASI_26062025_1-300x169.jpg 300w, https:\/\/www.cofb.org\/wp-content\/uploads\/2024\/06\/COFB_PSORIASI_26062025_1-768x432.jpg 768w, https:\/\/www.cofb.org\/wp-content\/uploads\/2024\/06\/COFB_PSORIASI_26062025_1-1536x864.jpg 1536w, https:\/\/www.cofb.org\/wp-content\/uploads\/2024\/06\/COFB_PSORIASI_26062025_1-2048x1152.jpg 2048w, https:\/\/www.cofb.org\/wp-content\/uploads\/2024\/06\/COFB_PSORIASI_26062025_1-18x10.jpg 18w\" sizes=\"(max-width: 1024px) 100vw, 1024px\" \/><\/a><figcaption class=\"wp-element-caption\">El dr. Josep Riera impartiendo la formaci\u00f3n sobre psoriasis. <\/figcaption><\/figure>\n\n\n\n<p>A continuaci\u00f3n, el dermat\u00f3logo explic\u00f3 que la psoriasis se trata de un <strong>proceso multifactorial<\/strong>, que puede darse por <strong>predisposici\u00f3n gen\u00e9tica<\/strong> o por <strong>agentes desencadenantes f\u00edsicos<\/strong>, <strong>qu\u00edmicos<\/strong> o <strong>farmacol\u00f3gicos<\/strong> (se han descrito m\u00e1s de 80 f\u00e1rmacos desencadenantes), <strong>biol\u00f3gicos<\/strong> o <strong>infecciones<\/strong> (estreptococo grupo A, infecciones v\u00edas respiratorias altas, infecciones odontog\u00e9nicas y VIH) y por <strong>tensi\u00f3n emocional<\/strong>.<\/p>\n\n\n\n<p>En cuanto al <strong>tratamiento <\/strong>de esta patolog\u00eda, el doctor diferenci\u00f3 los tratamientos seg\u00fan la <strong>psoriasis es leve, moderada o grave<\/strong>. Asimismo, indic\u00f3 el tratamiento m\u00e1s adecuado para tratar la psoriasis, seg\u00fan la <strong>patolog\u00eda de cada paciente<\/strong>, y comparti\u00f3 <strong>consejos para el cuidado de la piel con psoriasis <\/strong>en relaci\u00f3n con la higiene, tambi\u00e9n para la <strong>cuidado del cuero cabelludo<\/strong> y la <strong>cuidado de las u\u00f1as<\/strong>. En este sentido, recomend\u00f3 <strong>diferentes emolientes hidratantes, queratol\u00edticos y aceites naturales con propiedades antiinflamatorias<\/strong>.<strong> &quot;El cuidado disminuye la gravedad de la psoriasis, seg\u00fan se ha demostrado en varios ensayos cl\u00ednicos&quot;<\/strong>, asegur\u00f3. Por \u00faltimo, aconsej\u00f3 <strong>derivar a la persona al m\u00e9dico<\/strong> cuando la psoriasis afecte a m\u00e1s del 3% de la superficie corporal, zonas especiales (palmas, plantas, genitales, cara) e impacte en la calidad de vida del paciente.<\/p>\n\n\n\n<h2 class=\"wp-block-heading\"><strong>El rol del farmac\u00e9utico en el manejo de la psoriasis<\/strong><\/h2>\n\n\n\n<p>Seguidamente, intervino la farmac\u00e9utica comunitaria, <strong>Beatriz Garde<\/strong>, que profundiz\u00f3 en el<strong>asesoramiento dermofarmac\u00e9utico<\/strong>, el <strong>consejo cosm\u00e9tico<\/strong> y el <strong>apoyo emocional<\/strong> a los pacientes con psoriasis. Garde puso en valor a la farmacia comunitaria porque <strong>&quot;somos mucho m\u00e1s que un punto donde recoger la medicaci\u00f3n&quot;<\/strong>. Garde coment\u00f3 que para uno <strong>correcto manejo de la psoriasis<\/strong> es necesario que <strong>el paciente tenga conocimiento de la patolog\u00eda<\/strong>: en el caso de los pacientes diagnosticados, la farmac\u00e9utica apunt\u00f3 que <strong>&quot;s\u00f3lo el 40% de los pacientes siguen adecuadamente el tratamiento&quot;<\/strong> y, por tanto, <strong>&quot;el farmac\u00e9utico se convierte en una pieza clave con un papel important\u00edsimo como educador sanitario&quot;<\/strong>.<\/p>\n\n\n\n<figure class=\"wp-block-image size-large is-resized\"><a href=\"https:\/\/www.cofb.org\/wp-content\/uploads\/2024\/06\/COFB_PSORIASI_26062025_2-scaled.jpg\" target=\"_blank\" rel=\"noreferrer noopener\"><img loading=\"lazy\" decoding=\"async\" width=\"1024\" height=\"576\" src=\"https:\/\/www.cofb.org\/wp-content\/uploads\/2024\/06\/COFB_PSORIASI_26062025_2-1024x576.jpg\" alt=\"La farmac\u00e8utica Beatriz Garde en un moment de la seva intervenci\u00f3.\" class=\"wp-image-78523\" style=\"object-fit:cover;width:1450px;height:auto\" srcset=\"https:\/\/www.cofb.org\/wp-content\/uploads\/2024\/06\/COFB_PSORIASI_26062025_2-1024x576.jpg 1024w, https:\/\/www.cofb.org\/wp-content\/uploads\/2024\/06\/COFB_PSORIASI_26062025_2-300x169.jpg 300w, https:\/\/www.cofb.org\/wp-content\/uploads\/2024\/06\/COFB_PSORIASI_26062025_2-768x432.jpg 768w, https:\/\/www.cofb.org\/wp-content\/uploads\/2024\/06\/COFB_PSORIASI_26062025_2-1536x864.jpg 1536w, https:\/\/www.cofb.org\/wp-content\/uploads\/2024\/06\/COFB_PSORIASI_26062025_2-2048x1152.jpg 2048w, https:\/\/www.cofb.org\/wp-content\/uploads\/2024\/06\/COFB_PSORIASI_26062025_2-18x10.jpg 18w\" sizes=\"(max-width: 1024px) 100vw, 1024px\" \/><\/a><figcaption class=\"wp-element-caption\">La farmac\u00e9utica Beatriz Garde en un momento de su intervenci\u00f3n.<\/figcaption><\/figure>\n\n\n\n<p>Asimismo, la farmac\u00e9utica comunitaria detall\u00f3 los <strong>criterios<\/strong> que hay que tener en cuenta por <strong>derivar a un paciente al m\u00e9dico<\/strong>: en los casos de pacientes no diagnosticados, sin respuesta al tratamiento, de aparici\u00f3n de nuevos brotes, embarazo o lactancia, menores de 18 a\u00f1os, con reacciones adversas a medicamentos, si se sospecha de sobreinfecci\u00f3n o si existe dolor e inflamaci\u00f3n articular en pacientes con antecedentes. Asimismo, remarc\u00f3 que el farmac\u00e9utico y farmac\u00e9utica comunitaria \u201chan <strong>ayudar al paciente a aliviar los signos y s\u00edntomas de la psoriasis<\/strong>, mediante el<strong>adherencia al tratamiento farmacol\u00f3gico <\/strong>prescrito por el m\u00e9dico, y ayudar a <strong>espaciar los per\u00edodos de interbrote<\/strong> con medidas higi\u00e9nico-diet\u00e9ticas adecuadas\u201d.<\/p>\n\n\n\n<p>\u201c<strong>Muchos pacientes no reciben ning\u00fan tratamiento (27%)<\/strong>. \u00c9sta es la clave del papel del farmac\u00e9utico comunitario para una buena derivaci\u00f3n, con el objetivo de <strong>disminuir la sintomatolog\u00eda del brote y aumentar los per\u00edodos de remisi\u00f3n<\/strong>\u201d, concluy\u00f3 Garde.<\/p>\n\n\n\n<p class=\"has-text-align-right\"><strong>Con el patrocinio:<\/strong><\/p>\n\n\n\n<figure class=\"wp-block-image alignright size-medium is-resized\"><a href=\"https:\/\/es.svr.com\/\" target=\"_blank\" rel=\"noopener\"><img decoding=\"async\" src=\"https:\/\/blog.cofb.cat\/wp-content\/uploads\/2024\/06\/SVR_transparent-300x150.png\" alt=\"\" class=\"wp-image-69478\" style=\"width:190px;height:auto\"\/><\/a><\/figure>\n\n\n\n<p><\/p>\n\n\n\n<p><\/p>\n\n\n\n<p><\/p>\n\n\n\n<p><\/p>\n\n\n\n<p><strong>Otras publicaciones de inter\u00e9s:<\/strong><\/p>\n\n\n\n<ul class=\"wp-block-list\">\n<li><a href=\"https:\/\/blog.cofb.cat\/blog\/2022\/06\/27\/novetats-en-el-tractament-de-la-psoriasi-i-de-lartritis-psoriasica\/\" target=\"_blank\" rel=\"noreferrer noopener\">Novedades en el tratamiento de la psoriasis y de la artritis psori\u00e1sica (Junio 2022)<\/a><\/li>\n\n\n\n<li><a href=\"https:\/\/blog.cofb.cat\/blog\/2018\/10\/29\/actualitzacio-psoriasi-habits-vida-saludable-vivencies-primera-persona\/\" target=\"_blank\" rel=\"noreferrer noopener\">Actualizaci\u00f3n en Psoriasis: h\u00e1bitos de vida saludable y vivencias en primera persona (Octubre 2018)<\/a><\/li>\n\n\n\n<li><a href=\"https:\/\/blog.cofb.cat\/blog\/2018\/06\/18\/abordar-psoriasi-impacte-tractaments-relacionats\/\" target=\"_blank\" rel=\"noreferrer noopener\">C\u00f3mo abordar la psoriasis. Impacto y tratamientos relacionados (Junio 2018)<\/a><\/li>\n<\/ul>","protected":false},"excerpt":{"rendered":"<p>El pasado 12 de junio, el Colegio de Farmac\u00e9uticos de Barcelona (COFB) organiz\u00f3 el Foro Dermoexpert \u201cPsoriasis, abordaje desde la oficina de farmacia\u201d con el patrocinio de SVR. La formaci\u00f3n, que fue coordinada por la vocal de Dermofarmacia y Productos Sanitarios del COFB, Marta Alcalde, cont\u00f3 con [\u2026]<\/p>","protected":false},"author":3,"featured_media":78523,"comment_status":"closed","ping_status":"closed","sticky":false,"template":"","format":"standard","meta":{"_uag_custom_page_level_css":"","site-sidebar-layout":"default","site-content-layout":"","ast-site-content-layout":"default","site-content-style":"default","site-sidebar-style":"default","ast-global-header-display":"","ast-banner-title-visibility":"","ast-main-header-display":"","ast-hfb-above-header-display":"","ast-hfb-below-header-display":"","ast-hfb-mobile-header-display":"","site-post-title":"","ast-breadcrumbs-content":"","ast-featured-img":"disabled","footer-sml-layout":"","theme-transparent-header-meta":"","adv-header-id-meta":"","stick-header-meta":"","header-above-stick-meta":"","header-main-stick-meta":"","header-below-stick-meta":"","astra-migrate-meta-layouts":"set","ast-page-background-enabled":"default","ast-page-background-meta":{"desktop":{"background-color":"var(--ast-global-color-4)","background-image":"","background-repeat":"repeat","background-position":"center center","background-size":"auto","background-attachment":"scroll","background-type":"","background-media":"","overlay-type":"","overlay-color":"","overlay-opacity":"","overlay-gradient":""},"tablet":{"background-color":"","background-image":"","background-repeat":"repeat","background-position":"center center","background-size":"auto","background-attachment":"scroll","background-type":"","background-media":"","overlay-type":"","overlay-color":"","overlay-opacity":"","overlay-gradient":""},"mobile":{"background-color":"","background-image":"","background-repeat":"repeat","background-position":"center center","background-size":"auto","background-attachment":"scroll","background-type":"","background-media":"","overlay-type":"","overlay-color":"","overlay-opacity":"","overlay-gradient":""}},"ast-content-background-meta":{"desktop":{"background-color":"var(--ast-global-color-5)","background-image":"","background-repeat":"repeat","background-position":"center center","background-size":"auto","background-attachment":"scroll","background-type":"","background-media":"","overlay-type":"","overlay-color":"","overlay-opacity":"","overlay-gradient":""},"tablet":{"background-color":"var(--ast-global-color-5)","background-image":"","background-repeat":"repeat","background-position":"center center","background-size":"auto","background-attachment":"scroll","background-type":"","background-media":"","overlay-type":"","overlay-color":"","overlay-opacity":"","overlay-gradient":""},"mobile":{"background-color":"var(--ast-global-color-5)","background-image":"","background-repeat":"repeat","background-position":"center center","background-size":"auto","background-attachment":"scroll","background-type":"","background-media":"","overlay-type":"","overlay-color":"","overlay-opacity":"","overlay-gradient":""}},"footnotes":""},"categories":[23,57],"tags":[64,18,19,4949,79,81,52,4726,53,69,70,155,76,237,231,370,727],"class_list":["post-78519","post","type-post","status-publish","format-standard","has-post-thumbnail","hentry","category-destacats","category-mon-collegial","tag-atencio-farmaceutica","tag-cofb","tag-collegi-de-farmaceutics-de-barcelona","tag-consell-dermofarmaceutic","tag-dermatologia","tag-dermofarmacia","tag-farmaceutic","tag-farmaceutica","tag-farmaceutics","tag-farmacia-comunitaria","tag-formacio","tag-forum-dermoexpert","tag-oficina-de-farmacia","tag-productes-sanitaris","tag-psoriasi","tag-vocal-de-dermofarmacia-i-productes-sanitaris","tag-vocalia-de-dermofarmacia-i-productes-sanitaris"],"yoast_head":"<!-- This site is optimized with the Yoast SEO plugin v22.4 - https:\/\/yoast.com\/wordpress\/plugins\/seo\/ -->\n<title>Farmac\u00e8utics i farmac\u00e8utiques comunit\u00e0ries s&#039;actualitzen en l&#039;abordatge de la psoriasi - Col\u00b7legi de Farmac\u00e8utics de Barcelona<\/title>\n<meta name=\"description\" content=\"El passat 12 de juny, el COFB va organitzar el F\u00f2rum Dermoexpert \u201cPsoriasi, abordatge des de l\u2019oficina de farm\u00e0cia\u201d\" \/>\n<meta name=\"robots\" content=\"index, follow, max-snippet:-1, max-image-preview:large, max-video-preview:-1\" \/>\n<link rel=\"canonical\" href=\"https:\/\/www.cofb.org\/es\/2024\/07\/03\/farmaceutics-i-farmaceutiques-comunitaries-sactualitzen-en-labordatge-de-la-psoriasi\/\" \/>\n<meta property=\"og:locale\" content=\"es_ES\" \/>\n<meta property=\"og:type\" content=\"article\" \/>\n<meta property=\"og:title\" content=\"Farmac\u00e8utics i farmac\u00e8utiques comunit\u00e0ries s&#039;actualitzen en l&#039;abordatge de la psoriasi - Col\u00b7legi de Farmac\u00e8utics de Barcelona\" \/>\n<meta property=\"og:description\" content=\"El passat 12 de juny, el COFB va organitzar el F\u00f2rum Dermoexpert \u201cPsoriasi, abordatge des de l\u2019oficina de farm\u00e0cia\u201d\" \/>\n<meta property=\"og:url\" content=\"https:\/\/www.cofb.org\/es\/2024\/07\/03\/farmaceutics-i-farmaceutiques-comunitaries-sactualitzen-en-labordatge-de-la-psoriasi\/\" \/>\n<meta property=\"og:site_name\" content=\"Col\u00b7legi de Farmac\u00e8utics de Barcelona\" \/>\n<meta property=\"article:publisher\" content=\"https:\/\/www.facebook.com\/farmaceuticsbcn\/\" \/>\n<meta property=\"article:published_time\" content=\"2024-07-03T15:05:36+00:00\" \/>\n<meta property=\"article:modified_time\" content=\"2024-07-03T15:06:20+00:00\" \/>\n<meta property=\"og:image\" content=\"https:\/\/www.cofb.org\/wp-content\/uploads\/2024\/06\/COFB_PSORIASI_26062025_2-scaled.jpg\" \/>\n\t<meta property=\"og:image:width\" content=\"2560\" \/>\n\t<meta property=\"og:image:height\" content=\"1440\" \/>\n\t<meta property=\"og:image:type\" content=\"image\/jpeg\" \/>\n<meta name=\"author\" content=\"Berta Mart\u00ednez\" \/>\n<meta name=\"twitter:card\" content=\"summary_large_image\" \/>\n<meta name=\"twitter:creator\" content=\"@farmaceuticsbcn\" \/>\n<meta name=\"twitter:site\" content=\"@farmaceuticsbcn\" \/>\n<meta name=\"twitter:label1\" content=\"Escrito por\" \/>\n\t<meta name=\"twitter:data1\" content=\"Berta Mart\u00ednez\" \/>\n\t<meta name=\"twitter:label2\" content=\"Tiempo de lectura\" \/>\n\t<meta name=\"twitter:data2\" content=\"7 minutos\" \/>\n<script type=\"application\/ld+json\" class=\"yoast-schema-graph\">{\"@context\":\"https:\/\/schema.org\",\"@graph\":[{\"@type\":\"Article\",\"@id\":\"https:\/\/www.cofb.org\/2024\/07\/03\/farmaceutics-i-farmaceutiques-comunitaries-sactualitzen-en-labordatge-de-la-psoriasi\/#article\",\"isPartOf\":{\"@id\":\"https:\/\/www.cofb.org\/2024\/07\/03\/farmaceutics-i-farmaceutiques-comunitaries-sactualitzen-en-labordatge-de-la-psoriasi\/\"},\"author\":{\"name\":\"Berta Mart\u00ednez\",\"@id\":\"https:\/\/www.cofb.org\/#\/schema\/person\/f32de3b41b812c85ff923cb4cc849063\"},\"headline\":\"Farmac\u00e8utics i farmac\u00e8utiques comunit\u00e0ries s&#8217;actualitzen en l&#8217;abordatge de la psoriasi\",\"datePublished\":\"2024-07-03T15:05:36+00:00\",\"dateModified\":\"2024-07-03T15:06:20+00:00\",\"mainEntityOfPage\":{\"@id\":\"https:\/\/www.cofb.org\/2024\/07\/03\/farmaceutics-i-farmaceutiques-comunitaries-sactualitzen-en-labordatge-de-la-psoriasi\/\"},\"wordCount\":1034,\"publisher\":{\"@id\":\"https:\/\/www.cofb.org\/#organization\"},\"image\":{\"@id\":\"https:\/\/www.cofb.org\/2024\/07\/03\/farmaceutics-i-farmaceutiques-comunitaries-sactualitzen-en-labordatge-de-la-psoriasi\/#primaryimage\"},\"thumbnailUrl\":\"https:\/\/www.cofb.org\/wp-content\/uploads\/2024\/06\/COFB_PSORIASI_26062025_2-scaled.jpg\",\"keywords\":[\"Atenci\u00f3 farmac\u00e8utica\",\"COFB\",\"Col\u00b7legi de Farmac\u00e8utics de Barcelona\",\"consell dermofarmac\u00e8utic\",\"dermatologia\",\"Dermofarm\u00e0cia\",\"farmac\u00e8utic\",\"farmac\u00e8utica\",\"farmac\u00e8utics\",\"farm\u00e0cia comunit\u00e0ria\",\"Formaci\u00f3\",\"f\u00f2rum dermoexpert\",\"Oficina de farm\u00e0cia\",\"productes sanitaris\",\"psoriasi\",\"Vocal de Dermofarm\u00e0cia i Productes Sanitaris\",\"Vocalia de Dermofarm\u00e0cia i Productes Sanitaris\"],\"articleSection\":[\"Destacats\",\"M\u00f3n col\u00b7legial\"],\"inLanguage\":\"es\"},{\"@type\":\"WebPage\",\"@id\":\"https:\/\/www.cofb.org\/2024\/07\/03\/farmaceutics-i-farmaceutiques-comunitaries-sactualitzen-en-labordatge-de-la-psoriasi\/\",\"url\":\"https:\/\/www.cofb.org\/2024\/07\/03\/farmaceutics-i-farmaceutiques-comunitaries-sactualitzen-en-labordatge-de-la-psoriasi\/\",\"name\":\"Farmac\u00e8utics i farmac\u00e8utiques comunit\u00e0ries s'actualitzen en l'abordatge de la psoriasi - Col\u00b7legi de Farmac\u00e8utics de Barcelona\",\"isPartOf\":{\"@id\":\"https:\/\/www.cofb.org\/#website\"},\"primaryImageOfPage\":{\"@id\":\"https:\/\/www.cofb.org\/2024\/07\/03\/farmaceutics-i-farmaceutiques-comunitaries-sactualitzen-en-labordatge-de-la-psoriasi\/#primaryimage\"},\"image\":{\"@id\":\"https:\/\/www.cofb.org\/2024\/07\/03\/farmaceutics-i-farmaceutiques-comunitaries-sactualitzen-en-labordatge-de-la-psoriasi\/#primaryimage\"},\"thumbnailUrl\":\"https:\/\/www.cofb.org\/wp-content\/uploads\/2024\/06\/COFB_PSORIASI_26062025_2-scaled.jpg\",\"datePublished\":\"2024-07-03T15:05:36+00:00\",\"dateModified\":\"2024-07-03T15:06:20+00:00\",\"description\":\"El passat 12 de juny, el COFB va organitzar el F\u00f2rum Dermoexpert \u201cPsoriasi, abordatge des de l\u2019oficina de farm\u00e0cia\u201d\",\"breadcrumb\":{\"@id\":\"https:\/\/www.cofb.org\/2024\/07\/03\/farmaceutics-i-farmaceutiques-comunitaries-sactualitzen-en-labordatge-de-la-psoriasi\/#breadcrumb\"},\"inLanguage\":\"es\",\"potentialAction\":[{\"@type\":\"ReadAction\",\"target\":[\"https:\/\/www.cofb.org\/2024\/07\/03\/farmaceutics-i-farmaceutiques-comunitaries-sactualitzen-en-labordatge-de-la-psoriasi\/\"]}]},{\"@type\":\"ImageObject\",\"inLanguage\":\"es\",\"@id\":\"https:\/\/www.cofb.org\/2024\/07\/03\/farmaceutics-i-farmaceutiques-comunitaries-sactualitzen-en-labordatge-de-la-psoriasi\/#primaryimage\",\"url\":\"https:\/\/www.cofb.org\/wp-content\/uploads\/2024\/06\/COFB_PSORIASI_26062025_2-scaled.jpg\",\"contentUrl\":\"https:\/\/www.cofb.org\/wp-content\/uploads\/2024\/06\/COFB_PSORIASI_26062025_2-scaled.jpg\",\"width\":2560,\"height\":1440,\"caption\":\"La farmac\u00e8utica Beatriz Garde en un moment de la seva intervenci\u00f3.\"},{\"@type\":\"BreadcrumbList\",\"@id\":\"https:\/\/www.cofb.org\/2024\/07\/03\/farmaceutics-i-farmaceutiques-comunitaries-sactualitzen-en-labordatge-de-la-psoriasi\/#breadcrumb\",\"itemListElement\":[{\"@type\":\"ListItem\",\"position\":1,\"name\":\"Inici\",\"item\":\"https:\/\/novaorg.cofb.net\/\"},{\"@type\":\"ListItem\",\"position\":2,\"name\":\"Farmac\u00e8utics i farmac\u00e8utiques comunit\u00e0ries s&#8217;actualitzen en l&#8217;abordatge de la psoriasi\"}]},{\"@type\":\"WebSite\",\"@id\":\"https:\/\/www.cofb.org\/#website\",\"url\":\"https:\/\/www.cofb.org\/\",\"name\":\"Col\u00b7legi de Farmac\u00e8utics de Barcelona\",\"description\":\"\",\"publisher\":{\"@id\":\"https:\/\/www.cofb.org\/#organization\"},\"potentialAction\":[{\"@type\":\"SearchAction\",\"target\":{\"@type\":\"EntryPoint\",\"urlTemplate\":\"https:\/\/www.cofb.org\/?s={search_term_string}\"},\"query-input\":\"required name=search_term_string\"}],\"inLanguage\":\"es\"},{\"@type\":\"Organization\",\"@id\":\"https:\/\/www.cofb.org\/#organization\",\"name\":\"Col\u00b7legi de Farmac\u00e8utics de Barcelona\",\"url\":\"https:\/\/www.cofb.org\/\",\"logo\":{\"@type\":\"ImageObject\",\"inLanguage\":\"es\",\"@id\":\"https:\/\/www.cofb.org\/#\/schema\/logo\/image\/\",\"url\":\"https:\/\/www.cofb.org\/wp-content\/uploads\/2023\/11\/cropped-Logotip-COFB.png\",\"contentUrl\":\"https:\/\/www.cofb.org\/wp-content\/uploads\/2023\/11\/cropped-Logotip-COFB.png\",\"width\":500,\"height\":105,\"caption\":\"Col\u00b7legi de Farmac\u00e8utics de Barcelona\"},\"image\":{\"@id\":\"https:\/\/www.cofb.org\/#\/schema\/logo\/image\/\"},\"sameAs\":[\"https:\/\/www.facebook.com\/farmaceuticsbcn\/\",\"https:\/\/twitter.com\/farmaceuticsbcn\",\"https:\/\/www.instagram.com\/farmaceuticsbcn\/\",\"https:\/\/www.linkedin.com\/company\/farmaceuticsbcn\/\"]},{\"@type\":\"Person\",\"@id\":\"https:\/\/www.cofb.org\/#\/schema\/person\/f32de3b41b812c85ff923cb4cc849063\",\"name\":\"Berta Mart\u00ednez\",\"image\":{\"@type\":\"ImageObject\",\"inLanguage\":\"es\",\"@id\":\"https:\/\/www.cofb.org\/#\/schema\/person\/image\/\",\"url\":\"https:\/\/secure.gravatar.com\/avatar\/d4c584dab5da1ee9e3c3df161c0aabec7075cc8211cd46ffc79bfe177aa78b01?s=96&d=mm&r=g\",\"contentUrl\":\"https:\/\/secure.gravatar.com\/avatar\/d4c584dab5da1ee9e3c3df161c0aabec7075cc8211cd46ffc79bfe177aa78b01?s=96&d=mm&r=g\",\"caption\":\"Berta Mart\u00ednez\"},\"url\":\"https:\/\/www.cofb.org\/es\/author\/bmartinez\/\"}]}<\/script>\n<!-- \/ Yoast SEO plugin. -->","yoast_head_json":{"title":"Farmac\u00e8utics i farmac\u00e8utiques comunit\u00e0ries s'actualitzen en l'abordatge de la psoriasi - Col\u00b7legi de Farmac\u00e8utics de Barcelona","description":"El passat 12 de juny, el COFB va organitzar el F\u00f2rum Dermoexpert \u201cPsoriasi, abordatge des de l\u2019oficina de farm\u00e0cia\u201d","robots":{"index":"index","follow":"follow","max-snippet":"max-snippet:-1","max-image-preview":"max-image-preview:large","max-video-preview":"max-video-preview:-1"},"canonical":"https:\/\/www.cofb.org\/es\/2024\/07\/03\/farmaceutics-i-farmaceutiques-comunitaries-sactualitzen-en-labordatge-de-la-psoriasi\/","og_locale":"es_ES","og_type":"article","og_title":"Farmac\u00e8utics i farmac\u00e8utiques comunit\u00e0ries s'actualitzen en l'abordatge de la psoriasi - Col\u00b7legi de Farmac\u00e8utics de Barcelona","og_description":"El passat 12 de juny, el COFB va organitzar el F\u00f2rum Dermoexpert \u201cPsoriasi, abordatge des de l\u2019oficina de farm\u00e0cia\u201d","og_url":"https:\/\/www.cofb.org\/es\/2024\/07\/03\/farmaceutics-i-farmaceutiques-comunitaries-sactualitzen-en-labordatge-de-la-psoriasi\/","og_site_name":"Col\u00b7legi de Farmac\u00e8utics de Barcelona","article_publisher":"https:\/\/www.facebook.com\/farmaceuticsbcn\/","article_published_time":"2024-07-03T15:05:36+00:00","article_modified_time":"2024-07-03T15:06:20+00:00","og_image":[{"width":2560,"height":1440,"url":"https:\/\/www.cofb.org\/wp-content\/uploads\/2024\/06\/COFB_PSORIASI_26062025_2-scaled.jpg","type":"image\/jpeg"}],"author":"Berta Mart\u00ednez","twitter_card":"summary_large_image","twitter_creator":"@farmaceuticsbcn","twitter_site":"@farmaceuticsbcn","twitter_misc":{"Escrito por":"Berta Mart\u00ednez","Tiempo de lectura":"7 minutos"},"schema":{"@context":"https:\/\/schema.org","@graph":[{"@type":"Article","@id":"https:\/\/www.cofb.org\/2024\/07\/03\/farmaceutics-i-farmaceutiques-comunitaries-sactualitzen-en-labordatge-de-la-psoriasi\/#article","isPartOf":{"@id":"https:\/\/www.cofb.org\/2024\/07\/03\/farmaceutics-i-farmaceutiques-comunitaries-sactualitzen-en-labordatge-de-la-psoriasi\/"},"author":{"name":"Berta Mart\u00ednez","@id":"https:\/\/www.cofb.org\/#\/schema\/person\/f32de3b41b812c85ff923cb4cc849063"},"headline":"Farmac\u00e8utics i farmac\u00e8utiques comunit\u00e0ries s&#8217;actualitzen en l&#8217;abordatge de la psoriasi","datePublished":"2024-07-03T15:05:36+00:00","dateModified":"2024-07-03T15:06:20+00:00","mainEntityOfPage":{"@id":"https:\/\/www.cofb.org\/2024\/07\/03\/farmaceutics-i-farmaceutiques-comunitaries-sactualitzen-en-labordatge-de-la-psoriasi\/"},"wordCount":1034,"publisher":{"@id":"https:\/\/www.cofb.org\/#organization"},"image":{"@id":"https:\/\/www.cofb.org\/2024\/07\/03\/farmaceutics-i-farmaceutiques-comunitaries-sactualitzen-en-labordatge-de-la-psoriasi\/#primaryimage"},"thumbnailUrl":"https:\/\/www.cofb.org\/wp-content\/uploads\/2024\/06\/COFB_PSORIASI_26062025_2-scaled.jpg","keywords":["Atenci\u00f3 farmac\u00e8utica","COFB","Col\u00b7legi de Farmac\u00e8utics de Barcelona","consell dermofarmac\u00e8utic","dermatologia","Dermofarm\u00e0cia","farmac\u00e8utic","farmac\u00e8utica","farmac\u00e8utics","farm\u00e0cia comunit\u00e0ria","Formaci\u00f3","f\u00f2rum dermoexpert","Oficina de farm\u00e0cia","productes sanitaris","psoriasi","Vocal de Dermofarm\u00e0cia i Productes Sanitaris","Vocalia de Dermofarm\u00e0cia i Productes Sanitaris"],"articleSection":["Destacats","M\u00f3n col\u00b7legial"],"inLanguage":"es"},{"@type":"WebPage","@id":"https:\/\/www.cofb.org\/2024\/07\/03\/farmaceutics-i-farmaceutiques-comunitaries-sactualitzen-en-labordatge-de-la-psoriasi\/","url":"https:\/\/www.cofb.org\/2024\/07\/03\/farmaceutics-i-farmaceutiques-comunitaries-sactualitzen-en-labordatge-de-la-psoriasi\/","name":"Farmac\u00e8utics i farmac\u00e8utiques comunit\u00e0ries s'actualitzen en l'abordatge de la psoriasi - Col\u00b7legi de Farmac\u00e8utics de Barcelona","isPartOf":{"@id":"https:\/\/www.cofb.org\/#website"},"primaryImageOfPage":{"@id":"https:\/\/www.cofb.org\/2024\/07\/03\/farmaceutics-i-farmaceutiques-comunitaries-sactualitzen-en-labordatge-de-la-psoriasi\/#primaryimage"},"image":{"@id":"https:\/\/www.cofb.org\/2024\/07\/03\/farmaceutics-i-farmaceutiques-comunitaries-sactualitzen-en-labordatge-de-la-psoriasi\/#primaryimage"},"thumbnailUrl":"https:\/\/www.cofb.org\/wp-content\/uploads\/2024\/06\/COFB_PSORIASI_26062025_2-scaled.jpg","datePublished":"2024-07-03T15:05:36+00:00","dateModified":"2024-07-03T15:06:20+00:00","description":"El passat 12 de juny, el COFB va organitzar el F\u00f2rum Dermoexpert \u201cPsoriasi, abordatge des de l\u2019oficina de farm\u00e0cia\u201d","breadcrumb":{"@id":"https:\/\/www.cofb.org\/2024\/07\/03\/farmaceutics-i-farmaceutiques-comunitaries-sactualitzen-en-labordatge-de-la-psoriasi\/#breadcrumb"},"inLanguage":"es","potentialAction":[{"@type":"ReadAction","target":["https:\/\/www.cofb.org\/2024\/07\/03\/farmaceutics-i-farmaceutiques-comunitaries-sactualitzen-en-labordatge-de-la-psoriasi\/"]}]},{"@type":"ImageObject","inLanguage":"es","@id":"https:\/\/www.cofb.org\/2024\/07\/03\/farmaceutics-i-farmaceutiques-comunitaries-sactualitzen-en-labordatge-de-la-psoriasi\/#primaryimage","url":"https:\/\/www.cofb.org\/wp-content\/uploads\/2024\/06\/COFB_PSORIASI_26062025_2-scaled.jpg","contentUrl":"https:\/\/www.cofb.org\/wp-content\/uploads\/2024\/06\/COFB_PSORIASI_26062025_2-scaled.jpg","width":2560,"height":1440,"caption":"La farmac\u00e8utica Beatriz Garde en un moment de la seva intervenci\u00f3."},{"@type":"BreadcrumbList","@id":"https:\/\/www.cofb.org\/2024\/07\/03\/farmaceutics-i-farmaceutiques-comunitaries-sactualitzen-en-labordatge-de-la-psoriasi\/#breadcrumb","itemListElement":[{"@type":"ListItem","position":1,"name":"Inici","item":"https:\/\/novaorg.cofb.net\/"},{"@type":"ListItem","position":2,"name":"Farmac\u00e8utics i farmac\u00e8utiques comunit\u00e0ries s&#8217;actualitzen en l&#8217;abordatge de la psoriasi"}]},{"@type":"WebSite","@id":"https:\/\/www.cofb.org\/#website","url":"https:\/\/www.cofb.org\/","name":"Col\u00b7legi de Farmac\u00e8utics de Barcelona","description":"","publisher":{"@id":"https:\/\/www.cofb.org\/#organization"},"potentialAction":[{"@type":"SearchAction","target":{"@type":"EntryPoint","urlTemplate":"https:\/\/www.cofb.org\/?s={search_term_string}"},"query-input":"required name=search_term_string"}],"inLanguage":"es"},{"@type":"Organization","@id":"https:\/\/www.cofb.org\/#organization","name":"Col\u00b7legi de Farmac\u00e8utics de Barcelona","url":"https:\/\/www.cofb.org\/","logo":{"@type":"ImageObject","inLanguage":"es","@id":"https:\/\/www.cofb.org\/#\/schema\/logo\/image\/","url":"https:\/\/www.cofb.org\/wp-content\/uploads\/2023\/11\/cropped-Logotip-COFB.png","contentUrl":"https:\/\/www.cofb.org\/wp-content\/uploads\/2023\/11\/cropped-Logotip-COFB.png","width":500,"height":105,"caption":"Col\u00b7legi de Farmac\u00e8utics de Barcelona"},"image":{"@id":"https:\/\/www.cofb.org\/#\/schema\/logo\/image\/"},"sameAs":["https:\/\/www.facebook.com\/farmaceuticsbcn\/","https:\/\/twitter.com\/farmaceuticsbcn","https:\/\/www.instagram.com\/farmaceuticsbcn\/","https:\/\/www.linkedin.com\/company\/farmaceuticsbcn\/"]},{"@type":"Person","@id":"https:\/\/www.cofb.org\/#\/schema\/person\/f32de3b41b812c85ff923cb4cc849063","name":"Berta Mart\u00ednez","image":{"@type":"ImageObject","inLanguage":"es","@id":"https:\/\/www.cofb.org\/#\/schema\/person\/image\/","url":"https:\/\/secure.gravatar.com\/avatar\/d4c584dab5da1ee9e3c3df161c0aabec7075cc8211cd46ffc79bfe177aa78b01?s=96&d=mm&r=g","contentUrl":"https:\/\/secure.gravatar.com\/avatar\/d4c584dab5da1ee9e3c3df161c0aabec7075cc8211cd46ffc79bfe177aa78b01?s=96&d=mm&r=g","caption":"Berta Mart\u00ednez"},"url":"https:\/\/www.cofb.org\/es\/author\/bmartinez\/"}]}},"uagb_featured_image_src":{"full":["https:\/\/www.cofb.org\/wp-content\/uploads\/2024\/06\/COFB_PSORIASI_26062025_2-scaled.jpg",2560,1440,false],"thumbnail":["https:\/\/www.cofb.org\/wp-content\/uploads\/2024\/06\/COFB_PSORIASI_26062025_2-150x150.jpg",150,150,true],"medium":["https:\/\/www.cofb.org\/wp-content\/uploads\/2024\/06\/COFB_PSORIASI_26062025_2-300x169.jpg",300,169,true],"medium_large":["https:\/\/www.cofb.org\/wp-content\/uploads\/2024\/06\/COFB_PSORIASI_26062025_2-768x432.jpg",768,432,true],"large":["https:\/\/www.cofb.org\/wp-content\/uploads\/2024\/06\/COFB_PSORIASI_26062025_2-1024x576.jpg",1024,576,true],"1536x1536":["https:\/\/www.cofb.org\/wp-content\/uploads\/2024\/06\/COFB_PSORIASI_26062025_2-1536x864.jpg",1536,864,true],"2048x2048":["https:\/\/www.cofb.org\/wp-content\/uploads\/2024\/06\/COFB_PSORIASI_26062025_2-2048x1152.jpg",2048,1152,true],"trp-custom-language-flag":["https:\/\/www.cofb.org\/wp-content\/uploads\/2024\/06\/COFB_PSORIASI_26062025_2-18x10.jpg",18,10,true]},"uagb_author_info":{"display_name":"Berta Mart\u00ednez","author_link":"https:\/\/www.cofb.org\/es\/author\/bmartinez\/"},"uagb_comment_info":0,"uagb_excerpt":"El passat 12 de juny, el Col\u00b7legi de Farmac\u00e8utics de Barcelona (COFB) va organitzar el F\u00f2rum Dermoexpert \u201cPsoriasi, abordatge des de l\u2019oficina de farm\u00e0cia\u201d amb el patrocini de SVR. La formaci\u00f3, que va ser coordinada per la vocal de Dermofarm\u00e0cia i Productes Sanitaris del COFB, Marta Alcalde, va comptar amb [&hellip;]","_links":{"self":[{"href":"https:\/\/www.cofb.org\/es\/wp-json\/wp\/v2\/posts\/78519","targetHints":{"allow":["GET"]}}],"collection":[{"href":"https:\/\/www.cofb.org\/es\/wp-json\/wp\/v2\/posts"}],"about":[{"href":"https:\/\/www.cofb.org\/es\/wp-json\/wp\/v2\/types\/post"}],"author":[{"embeddable":true,"href":"https:\/\/www.cofb.org\/es\/wp-json\/wp\/v2\/users\/3"}],"replies":[{"embeddable":true,"href":"https:\/\/www.cofb.org\/es\/wp-json\/wp\/v2\/comments?post=78519"}],"version-history":[{"count":46,"href":"https:\/\/www.cofb.org\/es\/wp-json\/wp\/v2\/posts\/78519\/revisions"}],"predecessor-version":[{"id":78690,"href":"https:\/\/www.cofb.org\/es\/wp-json\/wp\/v2\/posts\/78519\/revisions\/78690"}],"wp:featuredmedia":[{"embeddable":true,"href":"https:\/\/www.cofb.org\/es\/wp-json\/wp\/v2\/media\/78523"}],"wp:attachment":[{"href":"https:\/\/www.cofb.org\/es\/wp-json\/wp\/v2\/media?parent=78519"}],"wp:term":[{"taxonomy":"category","embeddable":true,"href":"https:\/\/www.cofb.org\/es\/wp-json\/wp\/v2\/categories?post=78519"},{"taxonomy":"post_tag","embeddable":true,"href":"https:\/\/www.cofb.org\/es\/wp-json\/wp\/v2\/tags?post=78519"}],"curies":[{"name":"wp","href":"https:\/\/api.w.org\/{rel}","templated":true}]}}