{"id":78292,"date":"2024-04-26T11:26:00","date_gmt":"2024-04-26T11:26:00","guid":{"rendered":"https:\/\/novaorg.cofb.net\/2024\/04\/26\/la-nova-junta-de-govern-del-cof-de-barcelona-pren-possessio-per-al-mandat-2024-2028-2\/"},"modified":"2024-06-26T11:09:52","modified_gmt":"2024-06-26T11:09:52","slug":"la-nova-junta-de-govern-del-cof-de-barcelona-pren-possessio-per-al-mandat-2024-2028-2","status":"publish","type":"post","link":"https:\/\/www.cofb.org\/es\/2024\/04\/26\/la-nova-junta-de-govern-del-cof-de-barcelona-pren-possessio-per-al-mandat-2024-2028-2\/","title":{"rendered":"La nueva Junta de Gobierno del COF de Barcelona toma posesi\u00f3n para el mandato 2024-2028"},"content":{"rendered":"<p>\tLa nueva Junta cuenta con <strong>22 farmac\u00e9uticos y farmac\u00e9uticas de los diferentes \u00e1mbitos de la profesi\u00f3n, <\/strong>de los que <strong>10 miembros son nuevas incorporaciones a las vocal\u00edas de n\u00famero, Alimentaci\u00f3n y Nutrici\u00f3n, Atenci\u00f3n Primaria, Oficina de Farmacia, Ortopedia y Salud P\u00fablica<\/strong><br \/>\n\tEl presidente del Colegio de Farmac\u00e9uticos de Barcelona, Jordi Casas,<strong> ha puesto en valor los logros alcanzados, <\/strong>ha indicado que <strong>continuar\u00e1n fomentando el crecimiento profesional de todos los \u00e1mbitos de ejercicio y que acelerar\u00e1n el proceso de digitalizaci\u00f3n<\/strong><br \/>\n\t<strong>Ana Clop\u00e9s,<\/strong> directora del \u00e1rea del Medicamento del Servicio Catal\u00e1n de la Salud (CatSalut), <strong>ha reconocido la labor diaria de los farmac\u00e9uticos y farmac\u00e9uticas, <\/strong>con la que <strong>demuestran &quot;eficacia, eficiencia y colaboraci\u00f3n con otros profesionales del sector salud&quot;<\/strong><\/p>\n<p><em>Barcelona, 26 de abril de 2024.- <\/em><strong>Los miembros de la nueva Junta de Gobierno del Colegio de Farmac\u00e9uticos de Barcelona (COFB) han tomado posesi\u00f3n de sus cargos para el mandato comprendido entre 2024 y 2028, <\/strong>en un acto interno celebrado ayer, 25 de abril, en el Sal\u00f3n de Actos del Colegio.<\/p>\n<p>El presidente del COFB, <strong>Jordi Casas,<\/strong> durante su discurso, <strong>ha puesto en valor los logros alcanzados <\/strong>en el \u00faltimo mandato en el que <strong>\u201chemos puesto en marcha los servicios profesionales de alcance universal y \u00fatiles en el sistema sanitario, hemos fomentado la colaboraci\u00f3n y comunicaci\u00f3n entre niveles asistenciales y entre profesionales sanitarios, hemos desarrollado soluciones tecnol\u00f3gicas de gran complejidad y el Colegio ha alcanzado una relevancia institucional destacada\u201d.<\/strong><\/p>\n<p>Sin embargo, el presidente del COFB ha asegurado que<strong>continuar\u00e1n fomentando el crecimiento profesional de todos los \u00e1mbitos de ejercicio \u201cposicionando al farmac\u00e9utico como agente sanitario de referencia\u201d y \u201cbuscando la excelencia a trav\u00e9s de una oferta formativa actual,<\/strong> de calidad y adaptada a la realidad personal y laboral de los colegiados y colegiadas\u201d. Asimismo, indic\u00f3 que una de las l\u00edneas estrat\u00e9gicas de la nueva Junta ser\u00e1 <strong>&quot;seguir acelerando el proceso de digitalizaci\u00f3n&quot; <\/strong>y ha destacado el<strong> liderazgo de la profesi\u00f3n <\/strong>para fomentar y construir el futuro de esta \u201ca trav\u00e9s de la <strong>renovaci\u00f3n de la normativa farmac\u00e9utica<\/strong> para adaptarla a la realidad actual\u201d.<\/p>\n<p>Por \u00faltimo, Casas ha se\u00f1alado que desde el Colegio, como organizaci\u00f3n comprometida con la sociedad y con la salud de las personas, alinear\u00e1 los objetivos <strong>estrat\u00e9gicos con los Objetivos de Desarrollo Sostenible de la Agenda 2030.<\/strong><\/p>\n<p>El acto ha contado con <strong>Ana Clop\u00e9s,<\/strong> directora del \u00e1rea del Medicamento del Servicio Catal\u00e1n de la Salud (CatSalut), que h<strong>a reconocido la labor diaria de los farmac\u00e9uticos y farmac\u00e9uticas, <\/strong>con la que <strong>demuestran &quot;eficacia, eficiencia y colaboraci\u00f3n con otros profesionales del sector salud&quot;. <\/strong>Asimismo, hizo alusi\u00f3n a los diferentes <strong>retos de futuro <\/strong>que tiene el sistema sanitario, como \u201c<strong>el binomio innovaci\u00f3n y sostenibilidad, la fragilidad, cronicidad y complejidad que estamos viviendo debido al progresivo envejecimiento de la poblaci\u00f3n y la transformaci\u00f3n digital\u201d.<\/strong><\/p>\n<p><strong>Una nueva Junta de Gobierno representativa del colectivo farmac\u00e9utico<\/strong><\/p>\n<p>La Junta de Gobierno, proclamada electa el pasado 17 de abril, encara este mandato 2024-2028 <strong>&quot;con ilusi\u00f3n, con fundamentos s\u00f3lidos, con confianza, con cohesi\u00f3n y con un proyecto claro que permitir\u00e1 dar respuesta a los muchos retos que tenemos ante nosotros y que definir\u00e1n el futuro de la profesi\u00f3n&quot;, <\/strong>seg\u00fan describi\u00f3 Casas. La nueva Junta cuenta con <strong>22 farmac\u00e9uticos y farmac\u00e9uticas de los diferentes \u00e1mbitos de la profesi\u00f3n, <\/strong>un grupo que, en palabras del presidente, <strong>&quot;es muy representativo de nuestro colectivo, en cuanto a la diversidad de edad, g\u00e9nero, territorio y \u00e1mbitos del ejercicio profesional&quot;.<\/strong><\/p>\n<p>Las <strong>nuevas incorporaciones<\/strong> se han producido en las <strong>vocal\u00edas de n\u00famero, Alimentaci\u00f3n y Nutrici\u00f3n, Atenci\u00f3n Primaria, Oficina de Farmacia, Ortopedia y Salud P\u00fablica. <\/strong>La relaci\u00f3n completa de los cargos de los miembros de la nueva Junta es la siguiente:\u00a0<\/p>\n<p><strong><span>Presidente:<\/span><\/strong><\/p>\n<p><span>Jordi Casas S\u00e1nchez<\/span><\/p>\n<p><strong><span>Vicepresidenta:<\/span><\/strong><\/p>\n<p><span>Nuria Bosch Sagrera<\/span><\/p>\n<p><strong><span>Secretaria:<\/span><\/strong><\/p>\n<p><span>Marta Gento Senall\u00e9<\/span><\/p>\n<p><strong><span>Tesorero:<\/span><\/strong><\/p>\n<p><span>Miquel Recasens Isart<\/span><\/p>\n<p><strong><span>Vicetesorera:<\/span><\/strong><\/p>\n<p><span>Elena Palau Roig<\/span><\/p>\n<p><strong><span>Vocal Alimentaci\u00f3n y Nutrici\u00f3n:<\/span><\/strong><\/p>\n<p><span>Oscar Llans\u00f3 S\u00e1nchez<\/span><\/p>\n<p><strong><span>Vocal An\u00e1lisis:<\/span><\/strong><\/p>\n<p><span>Xavier Tejedor Gandux\u00e9<\/span><\/p>\n<p><strong><span>Vocal Atenci\u00f3n Primaria:<\/span><\/strong><\/p>\n<p><span>Cristina Morales Navajas<\/span><\/p>\n<p><strong><span>Vocal Dermofarmacia y Productos Sanitarios:<\/span><\/strong><\/p>\n<p><span>Marta Alcalde Matarranz<\/span><\/p>\n<p><strong><span>Vocal Distribuci\u00f3n:<\/span><\/strong><\/p>\n<p><span>Mi Victoria Mart\u00ednez Abad<\/span><\/p>\n<p><strong><span>Vocal Hospitales:<\/span><\/strong><\/p>\n<p><span>David Conde Est\u00e9vez<\/span><\/p>\n<p><strong><span>Vocal Industria:<\/span><\/strong><\/p>\n<p><span>Meritxell Cort\u00e9s L\u00f3pez<\/span><\/p>\n<p><strong><span>Vocal Investigaci\u00f3n y Docencia:<\/span><\/strong><\/p>\n<p><span>Mi Rosa Ballester Verneda<\/span><\/p>\n<p><strong><span>Vocal Oficina de Farmacia:<\/span><\/strong><\/p>\n<p><span>Merc\u00e8 Barau Hermes<\/span><\/p>\n<p><strong><span>Vocal Ortopedia:<\/span><\/strong><\/p>\n<p><span>Luis Garc\u00eda L\u00f3pez<\/span><\/p>\n<p><strong><span>Vocal Plantas Medicinales y Homeopat\u00eda:<\/span><\/strong><\/p>\n<p><span>Josep Allu\u00e9 Creus<\/span><\/p>\n<p><strong><span>Vocal Salud P\u00fablica:<\/span><\/strong><\/p>\n<p><span>Cristina Casajuana K\u00f6gel<\/span><\/p>\n<p><strong><span>Vocal n\u00ba. 1:<\/span><\/strong><\/p>\n<p><span>Am\u00e9lia Garc\u00eda-Miranda Rojas<\/span><\/p>\n<p><strong><span>Vocal n\u00ba. 2:<\/span><\/strong><\/p>\n<p><span>Jordi Magriny\u00e0 Rull<\/span><\/p>\n<p><strong><span>Vocal n\u00ba. 3:<\/span><\/strong><\/p>\n<p><span>Claudia Tresserra Adzet<\/span><\/p>\n<p><strong><span>Vocal n\u00ba. 4:<\/span><\/strong><\/p>\n<p><span>Albert de Dalmases Gener<\/span><\/p>\n<p><strong><span>Vocal n\u00ba. 5:<\/span><\/strong><\/p>\n<p><span>Davinia Comas Morales<\/span><\/p>","protected":false},"excerpt":{"rendered":"<p>La nueva Junta cuenta con 22 farmac\u00e9uticos y farmac\u00e9uticas de los diferentes \u00e1mbitos de la profesi\u00f3n, de los que 10 miembros son nuevas incorporaciones a las vocal\u00edas de n\u00famero, Alimentaci\u00f3n y Nutrici\u00f3n, Atenci\u00f3n Primaria, Oficina de Farmacia, Ortopedia y Salud P\u00fablica El presidente del Colegio de Farmac\u00e9uticos de Barcelona, Jordi Casas, [\u2026]<\/p>","protected":false},"author":1,"featured_media":78293,"comment_status":"closed","ping_status":"closed","sticky":false,"template":"","format":"aside","meta":{"_uag_custom_page_level_css":"","site-sidebar-layout":"default","site-content-layout":"","ast-site-content-layout":"default","site-content-style":"default","site-sidebar-style":"default","ast-global-header-display":"","ast-banner-title-visibility":"","ast-main-header-display":"","ast-hfb-above-header-display":"","ast-hfb-below-header-display":"","ast-hfb-mobile-header-display":"","site-post-title":"","ast-breadcrumbs-content":"","ast-featured-img":"disabled","footer-sml-layout":"","theme-transparent-header-meta":"","adv-header-id-meta":"","stick-header-meta":"","header-above-stick-meta":"","header-main-stick-meta":"","header-below-stick-meta":"","astra-migrate-meta-layouts":"set","ast-page-background-enabled":"default","ast-page-background-meta":{"desktop":{"background-color":"var(--ast-global-color-4)","background-image":"","background-repeat":"repeat","background-position":"center center","background-size":"auto","background-attachment":"scroll","background-type":"","background-media":"","overlay-type":"","overlay-color":"","overlay-opacity":"","overlay-gradient":""},"tablet":{"background-color":"","background-image":"","background-repeat":"repeat","background-position":"center center","background-size":"auto","background-attachment":"scroll","background-type":"","background-media":"","overlay-type":"","overlay-color":"","overlay-opacity":"","overlay-gradient":""},"mobile":{"background-color":"","background-image":"","background-repeat":"repeat","background-position":"center center","background-size":"auto","background-attachment":"scroll","background-type":"","background-media":"","overlay-type":"","overlay-color":"","overlay-opacity":"","overlay-gradient":""}},"ast-content-background-meta":{"desktop":{"background-color":"var(--ast-global-color-5)","background-image":"","background-repeat":"repeat","background-position":"center center","background-size":"auto","background-attachment":"scroll","background-type":"","background-media":"","overlay-type":"","overlay-color":"","overlay-opacity":"","overlay-gradient":""},"tablet":{"background-color":"var(--ast-global-color-5)","background-image":"","background-repeat":"repeat","background-position":"center center","background-size":"auto","background-attachment":"scroll","background-type":"","background-media":"","overlay-type":"","overlay-color":"","overlay-opacity":"","overlay-gradient":""},"mobile":{"background-color":"var(--ast-global-color-5)","background-image":"","background-repeat":"repeat","background-position":"center center","background-size":"auto","background-attachment":"scroll","background-type":"","background-media":"","overlay-type":"","overlay-color":"","overlay-opacity":"","overlay-gradient":""}},"footnotes":""},"categories":[1060],"tags":[],"class_list":["post-78292","post","type-post","status-publish","format-aside","has-post-thumbnail","hentry","category-notes-premsa","post_format-post-format-aside"],"yoast_head":"<!-- This site is optimized with the Yoast SEO plugin v22.4 - https:\/\/yoast.com\/wordpress\/plugins\/seo\/ -->\n<title>La nova Junta de Govern del COF de Barcelona pren possessi\u00f3 per al mandat 2024-2028 - Col\u00b7legi de Farmac\u00e8utics de Barcelona<\/title>\n<meta name=\"robots\" content=\"index, follow, max-snippet:-1, max-image-preview:large, max-video-preview:-1\" \/>\n<link rel=\"canonical\" href=\"https:\/\/novaorg.cofb.net\/2024\/04\/26\/la-nova-junta-de-govern-del-cof-de-barcelona-pren-possessio-per-al-mandat-2024-2028-2\/\" \/>\n<meta property=\"og:locale\" content=\"es_ES\" \/>\n<meta property=\"og:type\" content=\"article\" \/>\n<meta property=\"og:title\" content=\"La nova Junta de Govern del COF de Barcelona pren possessi\u00f3 per al mandat 2024-2028 - Col\u00b7legi de Farmac\u00e8utics de Barcelona\" \/>\n<meta property=\"og:description\" content=\"La nova Junta compta amb 22 farmac\u00e8utics i farmac\u00e8utiques dels diferents \u00e0mbits de la professi\u00f3, dels quals 10 membres s\u00f3n noves incorporacions a les vocalies de n\u00famero, Alimentaci\u00f3 i Nutrici\u00f3, Atenci\u00f3 Prim\u00e0ria, Oficina de Farm\u00e0cia, Ortop\u00e8dia i Salut P\u00fablica El president del Col\u00b7legi de Farmac\u00e8utics de Barcelona, Jordi Casas, ha [&hellip;]\" \/>\n<meta property=\"og:url\" content=\"https:\/\/novaorg.cofb.net\/2024\/04\/26\/la-nova-junta-de-govern-del-cof-de-barcelona-pren-possessio-per-al-mandat-2024-2028-2\/\" \/>\n<meta property=\"og:site_name\" content=\"Col\u00b7legi de Farmac\u00e8utics de Barcelona\" \/>\n<meta property=\"article:publisher\" content=\"https:\/\/www.facebook.com\/farmaceuticsbcn\/\" \/>\n<meta property=\"article:published_time\" content=\"2024-04-26T11:26:00+00:00\" \/>\n<meta property=\"article:modified_time\" content=\"2024-06-26T11:09:52+00:00\" \/>\n<meta property=\"og:image\" content=\"https:\/\/novaorg.cofb.net\/wp-content\/uploads\/2024\/04\/7e2b9b13-21f6-4692-b482-579b27ab81ad-TjJQIn.jpeg\" \/>\n\t<meta property=\"og:image:width\" content=\"2362\" \/>\n\t<meta property=\"og:image:height\" content=\"1575\" \/>\n\t<meta property=\"og:image:type\" content=\"image\/jpeg\" \/>\n<meta name=\"author\" content=\"wpAdminCofbOrg\" \/>\n<meta name=\"twitter:card\" content=\"summary_large_image\" \/>\n<meta name=\"twitter:creator\" content=\"@farmaceuticsbcn\" \/>\n<meta name=\"twitter:site\" content=\"@farmaceuticsbcn\" \/>\n<meta name=\"twitter:label1\" content=\"Escrito por\" \/>\n\t<meta name=\"twitter:data1\" content=\"wpAdminCofbOrg\" \/>\n\t<meta name=\"twitter:label2\" content=\"Tiempo de lectura\" \/>\n\t<meta name=\"twitter:data2\" content=\"5 minutos\" \/>\n<script type=\"application\/ld+json\" class=\"yoast-schema-graph\">{\"@context\":\"https:\/\/schema.org\",\"@graph\":[{\"@type\":\"Article\",\"@id\":\"https:\/\/novaorg.cofb.net\/2024\/04\/26\/la-nova-junta-de-govern-del-cof-de-barcelona-pren-possessio-per-al-mandat-2024-2028-2\/#article\",\"isPartOf\":{\"@id\":\"https:\/\/novaorg.cofb.net\/2024\/04\/26\/la-nova-junta-de-govern-del-cof-de-barcelona-pren-possessio-per-al-mandat-2024-2028-2\/\"},\"author\":{\"name\":\"wpAdminCofbOrg\",\"@id\":\"https:\/\/www.cofb.org\/#\/schema\/person\/22ed7eea88da74b0fa4d3154ad87ffcb\"},\"headline\":\"La nova Junta de Govern del COF de Barcelona pren possessi\u00f3 per al mandat 2024-2028\",\"datePublished\":\"2024-04-26T11:26:00+00:00\",\"dateModified\":\"2024-06-26T11:09:52+00:00\",\"mainEntityOfPage\":{\"@id\":\"https:\/\/novaorg.cofb.net\/2024\/04\/26\/la-nova-junta-de-govern-del-cof-de-barcelona-pren-possessio-per-al-mandat-2024-2028-2\/\"},\"wordCount\":825,\"publisher\":{\"@id\":\"https:\/\/www.cofb.org\/#organization\"},\"image\":{\"@id\":\"https:\/\/novaorg.cofb.net\/2024\/04\/26\/la-nova-junta-de-govern-del-cof-de-barcelona-pren-possessio-per-al-mandat-2024-2028-2\/#primaryimage\"},\"thumbnailUrl\":\"https:\/\/www.cofb.org\/wp-content\/uploads\/2024\/04\/7e2b9b13-21f6-4692-b482-579b27ab81ad-TjJQIn.jpeg\",\"articleSection\":[\"Notes de premsa\"],\"inLanguage\":\"es\"},{\"@type\":\"WebPage\",\"@id\":\"https:\/\/novaorg.cofb.net\/2024\/04\/26\/la-nova-junta-de-govern-del-cof-de-barcelona-pren-possessio-per-al-mandat-2024-2028-2\/\",\"url\":\"https:\/\/novaorg.cofb.net\/2024\/04\/26\/la-nova-junta-de-govern-del-cof-de-barcelona-pren-possessio-per-al-mandat-2024-2028-2\/\",\"name\":\"La nova Junta de Govern del COF de Barcelona pren possessi\u00f3 per al mandat 2024-2028 - Col\u00b7legi de Farmac\u00e8utics de Barcelona\",\"isPartOf\":{\"@id\":\"https:\/\/www.cofb.org\/#website\"},\"primaryImageOfPage\":{\"@id\":\"https:\/\/novaorg.cofb.net\/2024\/04\/26\/la-nova-junta-de-govern-del-cof-de-barcelona-pren-possessio-per-al-mandat-2024-2028-2\/#primaryimage\"},\"image\":{\"@id\":\"https:\/\/novaorg.cofb.net\/2024\/04\/26\/la-nova-junta-de-govern-del-cof-de-barcelona-pren-possessio-per-al-mandat-2024-2028-2\/#primaryimage\"},\"thumbnailUrl\":\"https:\/\/www.cofb.org\/wp-content\/uploads\/2024\/04\/7e2b9b13-21f6-4692-b482-579b27ab81ad-TjJQIn.jpeg\",\"datePublished\":\"2024-04-26T11:26:00+00:00\",\"dateModified\":\"2024-06-26T11:09:52+00:00\",\"breadcrumb\":{\"@id\":\"https:\/\/novaorg.cofb.net\/2024\/04\/26\/la-nova-junta-de-govern-del-cof-de-barcelona-pren-possessio-per-al-mandat-2024-2028-2\/#breadcrumb\"},\"inLanguage\":\"es\",\"potentialAction\":[{\"@type\":\"ReadAction\",\"target\":[\"https:\/\/novaorg.cofb.net\/2024\/04\/26\/la-nova-junta-de-govern-del-cof-de-barcelona-pren-possessio-per-al-mandat-2024-2028-2\/\"]}]},{\"@type\":\"ImageObject\",\"inLanguage\":\"es\",\"@id\":\"https:\/\/novaorg.cofb.net\/2024\/04\/26\/la-nova-junta-de-govern-del-cof-de-barcelona-pren-possessio-per-al-mandat-2024-2028-2\/#primaryimage\",\"url\":\"https:\/\/www.cofb.org\/wp-content\/uploads\/2024\/04\/7e2b9b13-21f6-4692-b482-579b27ab81ad-TjJQIn.jpeg\",\"contentUrl\":\"https:\/\/www.cofb.org\/wp-content\/uploads\/2024\/04\/7e2b9b13-21f6-4692-b482-579b27ab81ad-TjJQIn.jpeg\",\"width\":2362,\"height\":1575},{\"@type\":\"BreadcrumbList\",\"@id\":\"https:\/\/novaorg.cofb.net\/2024\/04\/26\/la-nova-junta-de-govern-del-cof-de-barcelona-pren-possessio-per-al-mandat-2024-2028-2\/#breadcrumb\",\"itemListElement\":[{\"@type\":\"ListItem\",\"position\":1,\"name\":\"Inici\",\"item\":\"https:\/\/novaorg.cofb.net\/\"},{\"@type\":\"ListItem\",\"position\":2,\"name\":\"La nova Junta de Govern del COF de Barcelona pren possessi\u00f3 per al mandat 2024-2028\"}]},{\"@type\":\"WebSite\",\"@id\":\"https:\/\/www.cofb.org\/#website\",\"url\":\"https:\/\/www.cofb.org\/\",\"name\":\"Col\u00b7legi de Farmac\u00e8utics de Barcelona\",\"description\":\"\",\"publisher\":{\"@id\":\"https:\/\/www.cofb.org\/#organization\"},\"potentialAction\":[{\"@type\":\"SearchAction\",\"target\":{\"@type\":\"EntryPoint\",\"urlTemplate\":\"https:\/\/www.cofb.org\/?s={search_term_string}\"},\"query-input\":\"required name=search_term_string\"}],\"inLanguage\":\"es\"},{\"@type\":\"Organization\",\"@id\":\"https:\/\/www.cofb.org\/#organization\",\"name\":\"Col\u00b7legi de Farmac\u00e8utics de Barcelona\",\"url\":\"https:\/\/www.cofb.org\/\",\"logo\":{\"@type\":\"ImageObject\",\"inLanguage\":\"es\",\"@id\":\"https:\/\/www.cofb.org\/#\/schema\/logo\/image\/\",\"url\":\"https:\/\/www.cofb.org\/wp-content\/uploads\/2023\/11\/cropped-Logotip-COFB.png\",\"contentUrl\":\"https:\/\/www.cofb.org\/wp-content\/uploads\/2023\/11\/cropped-Logotip-COFB.png\",\"width\":500,\"height\":105,\"caption\":\"Col\u00b7legi de Farmac\u00e8utics de Barcelona\"},\"image\":{\"@id\":\"https:\/\/www.cofb.org\/#\/schema\/logo\/image\/\"},\"sameAs\":[\"https:\/\/www.facebook.com\/farmaceuticsbcn\/\",\"https:\/\/twitter.com\/farmaceuticsbcn\",\"https:\/\/www.instagram.com\/farmaceuticsbcn\/\",\"https:\/\/www.linkedin.com\/company\/farmaceuticsbcn\/\"]},{\"@type\":\"Person\",\"@id\":\"https:\/\/www.cofb.org\/#\/schema\/person\/22ed7eea88da74b0fa4d3154ad87ffcb\",\"name\":\"wpAdminCofbOrg\",\"image\":{\"@type\":\"ImageObject\",\"inLanguage\":\"es\",\"@id\":\"https:\/\/www.cofb.org\/#\/schema\/person\/image\/\",\"url\":\"https:\/\/secure.gravatar.com\/avatar\/1721b20b3b8ca882c3b56ec6c978c594fff670e40c0718e9190eaeeb76aae7d8?s=96&d=mm&r=g\",\"contentUrl\":\"https:\/\/secure.gravatar.com\/avatar\/1721b20b3b8ca882c3b56ec6c978c594fff670e40c0718e9190eaeeb76aae7d8?s=96&d=mm&r=g\",\"caption\":\"wpAdminCofbOrg\"},\"sameAs\":[\"http:\/\/192.168.64.122\/wordpress\"],\"url\":\"https:\/\/www.cofb.org\/es\/author\/wpadmincofborg\/\"}]}<\/script>\n<!-- \/ Yoast SEO plugin. -->","yoast_head_json":{"title":"La nova Junta de Govern del COF de Barcelona pren possessi\u00f3 per al mandat 2024-2028 - Col\u00b7legi de Farmac\u00e8utics de Barcelona","robots":{"index":"index","follow":"follow","max-snippet":"max-snippet:-1","max-image-preview":"max-image-preview:large","max-video-preview":"max-video-preview:-1"},"canonical":"https:\/\/novaorg.cofb.net\/2024\/04\/26\/la-nova-junta-de-govern-del-cof-de-barcelona-pren-possessio-per-al-mandat-2024-2028-2\/","og_locale":"es_ES","og_type":"article","og_title":"La nova Junta de Govern del COF de Barcelona pren possessi\u00f3 per al mandat 2024-2028 - Col\u00b7legi de Farmac\u00e8utics de Barcelona","og_description":"La nova Junta compta amb 22 farmac\u00e8utics i farmac\u00e8utiques dels diferents \u00e0mbits de la professi\u00f3, dels quals 10 membres s\u00f3n noves incorporacions a les vocalies de n\u00famero, Alimentaci\u00f3 i Nutrici\u00f3, Atenci\u00f3 Prim\u00e0ria, Oficina de Farm\u00e0cia, Ortop\u00e8dia i Salut P\u00fablica El president del Col\u00b7legi de Farmac\u00e8utics de Barcelona, Jordi Casas, ha [&hellip;]","og_url":"https:\/\/novaorg.cofb.net\/2024\/04\/26\/la-nova-junta-de-govern-del-cof-de-barcelona-pren-possessio-per-al-mandat-2024-2028-2\/","og_site_name":"Col\u00b7legi de Farmac\u00e8utics de Barcelona","article_publisher":"https:\/\/www.facebook.com\/farmaceuticsbcn\/","article_published_time":"2024-04-26T11:26:00+00:00","article_modified_time":"2024-06-26T11:09:52+00:00","og_image":[{"width":2362,"height":1575,"url":"https:\/\/novaorg.cofb.net\/wp-content\/uploads\/2024\/04\/7e2b9b13-21f6-4692-b482-579b27ab81ad-TjJQIn.jpeg","type":"image\/jpeg"}],"author":"wpAdminCofbOrg","twitter_card":"summary_large_image","twitter_creator":"@farmaceuticsbcn","twitter_site":"@farmaceuticsbcn","twitter_misc":{"Escrito por":"wpAdminCofbOrg","Tiempo de lectura":"5 minutos"},"schema":{"@context":"https:\/\/schema.org","@graph":[{"@type":"Article","@id":"https:\/\/novaorg.cofb.net\/2024\/04\/26\/la-nova-junta-de-govern-del-cof-de-barcelona-pren-possessio-per-al-mandat-2024-2028-2\/#article","isPartOf":{"@id":"https:\/\/novaorg.cofb.net\/2024\/04\/26\/la-nova-junta-de-govern-del-cof-de-barcelona-pren-possessio-per-al-mandat-2024-2028-2\/"},"author":{"name":"wpAdminCofbOrg","@id":"https:\/\/www.cofb.org\/#\/schema\/person\/22ed7eea88da74b0fa4d3154ad87ffcb"},"headline":"La nova Junta de Govern del COF de Barcelona pren possessi\u00f3 per al mandat 2024-2028","datePublished":"2024-04-26T11:26:00+00:00","dateModified":"2024-06-26T11:09:52+00:00","mainEntityOfPage":{"@id":"https:\/\/novaorg.cofb.net\/2024\/04\/26\/la-nova-junta-de-govern-del-cof-de-barcelona-pren-possessio-per-al-mandat-2024-2028-2\/"},"wordCount":825,"publisher":{"@id":"https:\/\/www.cofb.org\/#organization"},"image":{"@id":"https:\/\/novaorg.cofb.net\/2024\/04\/26\/la-nova-junta-de-govern-del-cof-de-barcelona-pren-possessio-per-al-mandat-2024-2028-2\/#primaryimage"},"thumbnailUrl":"https:\/\/www.cofb.org\/wp-content\/uploads\/2024\/04\/7e2b9b13-21f6-4692-b482-579b27ab81ad-TjJQIn.jpeg","articleSection":["Notes de premsa"],"inLanguage":"es"},{"@type":"WebPage","@id":"https:\/\/novaorg.cofb.net\/2024\/04\/26\/la-nova-junta-de-govern-del-cof-de-barcelona-pren-possessio-per-al-mandat-2024-2028-2\/","url":"https:\/\/novaorg.cofb.net\/2024\/04\/26\/la-nova-junta-de-govern-del-cof-de-barcelona-pren-possessio-per-al-mandat-2024-2028-2\/","name":"La nova Junta de Govern del COF de Barcelona pren possessi\u00f3 per al mandat 2024-2028 - Col\u00b7legi de Farmac\u00e8utics de Barcelona","isPartOf":{"@id":"https:\/\/www.cofb.org\/#website"},"primaryImageOfPage":{"@id":"https:\/\/novaorg.cofb.net\/2024\/04\/26\/la-nova-junta-de-govern-del-cof-de-barcelona-pren-possessio-per-al-mandat-2024-2028-2\/#primaryimage"},"image":{"@id":"https:\/\/novaorg.cofb.net\/2024\/04\/26\/la-nova-junta-de-govern-del-cof-de-barcelona-pren-possessio-per-al-mandat-2024-2028-2\/#primaryimage"},"thumbnailUrl":"https:\/\/www.cofb.org\/wp-content\/uploads\/2024\/04\/7e2b9b13-21f6-4692-b482-579b27ab81ad-TjJQIn.jpeg","datePublished":"2024-04-26T11:26:00+00:00","dateModified":"2024-06-26T11:09:52+00:00","breadcrumb":{"@id":"https:\/\/novaorg.cofb.net\/2024\/04\/26\/la-nova-junta-de-govern-del-cof-de-barcelona-pren-possessio-per-al-mandat-2024-2028-2\/#breadcrumb"},"inLanguage":"es","potentialAction":[{"@type":"ReadAction","target":["https:\/\/novaorg.cofb.net\/2024\/04\/26\/la-nova-junta-de-govern-del-cof-de-barcelona-pren-possessio-per-al-mandat-2024-2028-2\/"]}]},{"@type":"ImageObject","inLanguage":"es","@id":"https:\/\/novaorg.cofb.net\/2024\/04\/26\/la-nova-junta-de-govern-del-cof-de-barcelona-pren-possessio-per-al-mandat-2024-2028-2\/#primaryimage","url":"https:\/\/www.cofb.org\/wp-content\/uploads\/2024\/04\/7e2b9b13-21f6-4692-b482-579b27ab81ad-TjJQIn.jpeg","contentUrl":"https:\/\/www.cofb.org\/wp-content\/uploads\/2024\/04\/7e2b9b13-21f6-4692-b482-579b27ab81ad-TjJQIn.jpeg","width":2362,"height":1575},{"@type":"BreadcrumbList","@id":"https:\/\/novaorg.cofb.net\/2024\/04\/26\/la-nova-junta-de-govern-del-cof-de-barcelona-pren-possessio-per-al-mandat-2024-2028-2\/#breadcrumb","itemListElement":[{"@type":"ListItem","position":1,"name":"Inici","item":"https:\/\/novaorg.cofb.net\/"},{"@type":"ListItem","position":2,"name":"La nova Junta de Govern del COF de Barcelona pren possessi\u00f3 per al mandat 2024-2028"}]},{"@type":"WebSite","@id":"https:\/\/www.cofb.org\/#website","url":"https:\/\/www.cofb.org\/","name":"Col\u00b7legi de Farmac\u00e8utics de Barcelona","description":"","publisher":{"@id":"https:\/\/www.cofb.org\/#organization"},"potentialAction":[{"@type":"SearchAction","target":{"@type":"EntryPoint","urlTemplate":"https:\/\/www.cofb.org\/?s={search_term_string}"},"query-input":"required name=search_term_string"}],"inLanguage":"es"},{"@type":"Organization","@id":"https:\/\/www.cofb.org\/#organization","name":"Col\u00b7legi de Farmac\u00e8utics de Barcelona","url":"https:\/\/www.cofb.org\/","logo":{"@type":"ImageObject","inLanguage":"es","@id":"https:\/\/www.cofb.org\/#\/schema\/logo\/image\/","url":"https:\/\/www.cofb.org\/wp-content\/uploads\/2023\/11\/cropped-Logotip-COFB.png","contentUrl":"https:\/\/www.cofb.org\/wp-content\/uploads\/2023\/11\/cropped-Logotip-COFB.png","width":500,"height":105,"caption":"Col\u00b7legi de Farmac\u00e8utics de Barcelona"},"image":{"@id":"https:\/\/www.cofb.org\/#\/schema\/logo\/image\/"},"sameAs":["https:\/\/www.facebook.com\/farmaceuticsbcn\/","https:\/\/twitter.com\/farmaceuticsbcn","https:\/\/www.instagram.com\/farmaceuticsbcn\/","https:\/\/www.linkedin.com\/company\/farmaceuticsbcn\/"]},{"@type":"Person","@id":"https:\/\/www.cofb.org\/#\/schema\/person\/22ed7eea88da74b0fa4d3154ad87ffcb","name":"wpAdminCofbOrg","image":{"@type":"ImageObject","inLanguage":"es","@id":"https:\/\/www.cofb.org\/#\/schema\/person\/image\/","url":"https:\/\/secure.gravatar.com\/avatar\/1721b20b3b8ca882c3b56ec6c978c594fff670e40c0718e9190eaeeb76aae7d8?s=96&d=mm&r=g","contentUrl":"https:\/\/secure.gravatar.com\/avatar\/1721b20b3b8ca882c3b56ec6c978c594fff670e40c0718e9190eaeeb76aae7d8?s=96&d=mm&r=g","caption":"wpAdminCofbOrg"},"sameAs":["http:\/\/192.168.64.122\/wordpress"],"url":"https:\/\/www.cofb.org\/es\/author\/wpadmincofborg\/"}]}},"uagb_featured_image_src":{"full":["https:\/\/www.cofb.org\/wp-content\/uploads\/2024\/04\/7e2b9b13-21f6-4692-b482-579b27ab81ad-TjJQIn.jpeg",2362,1575,false],"thumbnail":["https:\/\/www.cofb.org\/wp-content\/uploads\/2024\/04\/7e2b9b13-21f6-4692-b482-579b27ab81ad-TjJQIn-150x150.jpeg",150,150,true],"medium":["https:\/\/www.cofb.org\/wp-content\/uploads\/2024\/04\/7e2b9b13-21f6-4692-b482-579b27ab81ad-TjJQIn-300x200.jpeg",300,200,true],"medium_large":["https:\/\/www.cofb.org\/wp-content\/uploads\/2024\/04\/7e2b9b13-21f6-4692-b482-579b27ab81ad-TjJQIn-768x512.jpeg",768,512,true],"large":["https:\/\/www.cofb.org\/wp-content\/uploads\/2024\/04\/7e2b9b13-21f6-4692-b482-579b27ab81ad-TjJQIn-1024x683.jpeg",1024,683,true],"1536x1536":["https:\/\/www.cofb.org\/wp-content\/uploads\/2024\/04\/7e2b9b13-21f6-4692-b482-579b27ab81ad-TjJQIn-1536x1024.jpeg",1536,1024,true],"2048x2048":["https:\/\/www.cofb.org\/wp-content\/uploads\/2024\/04\/7e2b9b13-21f6-4692-b482-579b27ab81ad-TjJQIn-2048x1366.jpeg",2048,1366,true],"trp-custom-language-flag":["https:\/\/www.cofb.org\/wp-content\/uploads\/2024\/04\/7e2b9b13-21f6-4692-b482-579b27ab81ad-TjJQIn-18x12.jpeg",18,12,true]},"uagb_author_info":{"display_name":"wpAdminCofbOrg","author_link":"https:\/\/www.cofb.org\/es\/author\/wpadmincofborg\/"},"uagb_comment_info":0,"uagb_excerpt":"La nova Junta compta amb 22 farmac\u00e8utics i farmac\u00e8utiques dels diferents \u00e0mbits de la professi\u00f3, dels quals 10 membres s\u00f3n noves incorporacions a les vocalies de n\u00famero, Alimentaci\u00f3 i Nutrici\u00f3, Atenci\u00f3 Prim\u00e0ria, Oficina de Farm\u00e0cia, Ortop\u00e8dia i Salut P\u00fablica El president del Col\u00b7legi de Farmac\u00e8utics de Barcelona, Jordi Casas, ha [&hellip;]","_links":{"self":[{"href":"https:\/\/www.cofb.org\/es\/wp-json\/wp\/v2\/posts\/78292","targetHints":{"allow":["GET"]}}],"collection":[{"href":"https:\/\/www.cofb.org\/es\/wp-json\/wp\/v2\/posts"}],"about":[{"href":"https:\/\/www.cofb.org\/es\/wp-json\/wp\/v2\/types\/post"}],"author":[{"embeddable":true,"href":"https:\/\/www.cofb.org\/es\/wp-json\/wp\/v2\/users\/1"}],"replies":[{"embeddable":true,"href":"https:\/\/www.cofb.org\/es\/wp-json\/wp\/v2\/comments?post=78292"}],"version-history":[{"count":1,"href":"https:\/\/www.cofb.org\/es\/wp-json\/wp\/v2\/posts\/78292\/revisions"}],"predecessor-version":[{"id":78322,"href":"https:\/\/www.cofb.org\/es\/wp-json\/wp\/v2\/posts\/78292\/revisions\/78322"}],"wp:featuredmedia":[{"embeddable":true,"href":"https:\/\/www.cofb.org\/es\/wp-json\/wp\/v2\/media\/78293"}],"wp:attachment":[{"href":"https:\/\/www.cofb.org\/es\/wp-json\/wp\/v2\/media?parent=78292"}],"wp:term":[{"taxonomy":"category","embeddable":true,"href":"https:\/\/www.cofb.org\/es\/wp-json\/wp\/v2\/categories?post=78292"},{"taxonomy":"post_tag","embeddable":true,"href":"https:\/\/www.cofb.org\/es\/wp-json\/wp\/v2\/tags?post=78292"}],"curies":[{"name":"wp","href":"https:\/\/api.w.org\/{rel}","templated":true}]}}